{"id":9879,"date":"2022-12-07T13:03:41","date_gmt":"2022-12-07T13:03:41","guid":{"rendered":"http:\/\/spriv.vojvodina.gov.rs\/?p=9879"},"modified":"2022-12-08T13:11:39","modified_gmt":"2022-12-08T13:11:39","slug":"%d0%bf%d1%80%d0%b2%d0%b8-%d1%81%d0%b0%d1%98%d0%b0%d0%bc-%d0%b7%d0%b0%d0%bf%d0%be%d1%88%d1%99%d0%b0%d0%b2%d0%b0%d1%9a%d0%b0-%d0%b8%d0%b8%d0%bc%d0%bf%d1%80%d0%be%d0%b2%d0%b5%d0%bc%d0%b5%d0%bd%d1%82","status":"publish","type":"post","link":"https:\/\/spriv.vojvodina.gov.rs\/rs\/%d0%bf%d1%80%d0%b2%d0%b8-%d1%81%d0%b0%d1%98%d0%b0%d0%bc-%d0%b7%d0%b0%d0%bf%d0%be%d1%88%d1%99%d0%b0%d0%b2%d0%b0%d1%9a%d0%b0-%d0%b8%d0%b8%d0%bc%d0%bf%d1%80%d0%be%d0%b2%d0%b5%d0%bc%d0%b5%d0%bd%d1%82\/","title":{"rendered":"Prvi Sajam zapo\u0161ljavanja ,,IImprovement\u201d na Fakultetu tehni\u010dkih nauka \u2013 sinergija privrede, akademije i studentskog aktivizma"},"content":{"rendered":"<p>Hol Fakulteta tehni\u010dkih nauka Univerziteta u Novom Sadu, danas je u znaku povezivanja akademske zajednice i privrede, odnosno privatnih kompanija koje zapo\u0161ljavaju stru\u010dan kadar, prevashodno in\u017eenjerske struke, zainteresovanih studenata zavr\u0161nih godina osnovnih akademskih studija i postdiplomskih studija. Sajam zapo\u0161ljavanja, koji organizuju Departman za industrijsko in\u017eenjerstvo i menad\u017ement, Studentska unija FTN-a i konferencija ,,Iimprovement\u201c, pod istim nazivom se organizuje po prvi put i uz podr\u0161ku Pokrajinskog sekretarijata za privredu i turizam i kompanije ,,Loop\u201c.<\/p>\n<p><img loading=\"lazy\" decoding=\"async\" class=\"aligncenter wp-image-9887 size-large\" src=\"http:\/\/spriv.vojvodina.gov.rs\/wp-content\/uploads\/2022\/12\/DSC_0801-1024x683.jpg\" alt=\"\" width=\"747\" height=\"498\" srcset=\"https:\/\/spriv.vojvodina.gov.rs\/wp-content\/uploads\/2022\/12\/DSC_0801-1024x683.jpg 1024w, https:\/\/spriv.vojvodina.gov.rs\/wp-content\/uploads\/2022\/12\/DSC_0801-300x200.jpg 300w, https:\/\/spriv.vojvodina.gov.rs\/wp-content\/uploads\/2022\/12\/DSC_0801-768x512.jpg 768w, https:\/\/spriv.vojvodina.gov.rs\/wp-content\/uploads\/2022\/12\/DSC_0801-1536x1025.jpg 1536w, https:\/\/spriv.vojvodina.gov.rs\/wp-content\/uploads\/2022\/12\/DSC_0801-2048x1367.jpg 2048w\" sizes=\"auto, (max-width: 747px) 100vw, 747px\" \/><\/p>\n<p>Pokrajinski sekretar za privredu i turizam, dr Nenad Ivani\u0161evi\u0107, posetio je Sajam i razgovarao sa predstavnicima kompanija i sa studentima, a u\u010destvovao je i na panel diskusiji koja se realizuje u okviru drugog projekta studenata Departmana za industrijsko in\u017eenjerstvo i menad\u017ement u toku trajanja Sajma. U\u010desnici panela bili su predstavnici Fakulteta, kompanija ali i institucija koji su diskutovali na temu va\u017enosti ovakvih doga\u0111aja, daljih koraka u me\u0111usobnoj saradnji i o zajedni\u010dkim aktivnostima koje su preduslov za stvaranje boljih uslova za sve aktere u nauci i privredi.<\/p>\n<p><img loading=\"lazy\" decoding=\"async\" class=\"aligncenter wp-image-9882 size-large\" src=\"http:\/\/spriv.vojvodina.gov.rs\/wp-content\/uploads\/2022\/12\/DSC_0658-1024x683.jpg\" alt=\"\" width=\"747\" height=\"498\" srcset=\"https:\/\/spriv.vojvodina.gov.rs\/wp-content\/uploads\/2022\/12\/DSC_0658-1024x683.jpg 1024w, https:\/\/spriv.vojvodina.gov.rs\/wp-content\/uploads\/2022\/12\/DSC_0658-300x200.jpg 300w, https:\/\/spriv.vojvodina.gov.rs\/wp-content\/uploads\/2022\/12\/DSC_0658-768x512.jpg 768w, https:\/\/spriv.vojvodina.gov.rs\/wp-content\/uploads\/2022\/12\/DSC_0658-1536x1025.jpg 1536w, https:\/\/spriv.vojvodina.gov.rs\/wp-content\/uploads\/2022\/12\/DSC_0658-2048x1367.jpg 2048w\" sizes=\"auto, (max-width: 747px) 100vw, 747px\" \/><\/p>\n<blockquote><p>,,Ideja ovakvih manifestacija jeste da obezbedimo mladim ljudima koji su budu\u0107nost Srbije da ostanu u svojoj zemlji. Politika Republi\u010dke i Pokrajinske vlade, zajedno sa privrednim subjektima jeste takva da stvaramo okvir da mlad \u010dovek, kada zavr\u0161i fakultet, mo\u017ee da se zaposli u struci. Ovo je jedan od najboljih na\u010dina podr\u0161ke i pomo\u0107i mladima da se zaposle, zasnuju porodice i ostanu u svojoj zemlji\u201c, rekao je dr Ivani\u0161evi\u0107, naglasiv\u0161i da danas nije problem u nezaposlenosti, ve\u0107 u strukturi zaposlenosti i zaposlenih lica.<\/p>\n<p>,,Upravo zbog toga smo uzeli u\u010de\u0161\u0107e u ovom i drugim sli\u010dnim sajamskim manifestacijama, jer ho\u0107emo da zaposlenost bude bolje struktuirana, odnosno da imamo zaposlene u delatnostima u kojima bi imali i visoke plate, \u0161to pove\u0107ava i potro\u0161nju. U novom bud\u017eetu za 2023. godinu, Sekretarijat \u0107e izdvojiti preko 16 miliona dinara za prekvalifikacije i dokvalifikacije kadrova koji nedostaju na tr\u017ei\u0161tu rada. To su uglavnom radna mesta u sektoru usluga, ugostiteljstva, turizma i IT sektora. Ovaj sajam bi trebalo da poka\u017ee da mo\u017eemo da odgovorimo na izazove i najzahtevnijih kompanija\u201c, dodao je Ivani\u0161evi\u0107.<\/p><\/blockquote>\n<p><img loading=\"lazy\" decoding=\"async\" class=\"aligncenter wp-image-9880 size-large\" src=\"http:\/\/spriv.vojvodina.gov.rs\/wp-content\/uploads\/2022\/12\/DSC_0707-1024x683.jpg\" alt=\"\" width=\"747\" height=\"498\" srcset=\"https:\/\/spriv.vojvodina.gov.rs\/wp-content\/uploads\/2022\/12\/DSC_0707-1024x683.jpg 1024w, https:\/\/spriv.vojvodina.gov.rs\/wp-content\/uploads\/2022\/12\/DSC_0707-300x200.jpg 300w, https:\/\/spriv.vojvodina.gov.rs\/wp-content\/uploads\/2022\/12\/DSC_0707-768x512.jpg 768w, https:\/\/spriv.vojvodina.gov.rs\/wp-content\/uploads\/2022\/12\/DSC_0707-1536x1025.jpg 1536w, https:\/\/spriv.vojvodina.gov.rs\/wp-content\/uploads\/2022\/12\/DSC_0707-2048x1367.jpg 2048w\" sizes=\"auto, (max-width: 747px) 100vw, 747px\" \/><\/p>\n<p>Koordinator u organizaciji ove manifestacije, Damjan Vakanjac, je istakao da danas svoju ponudu studentima predstavlja 14 prijavljenih kompanija, te poru\u010duje da su one tu zbog njih, a da je sam odziv va\u017ean, kao i komunikacija, kako bi se ostvarili uspe\u0161ni kontakti i realizovala stru\u010dna praksa ili zaposlenje.<\/p>\n<p><img loading=\"lazy\" decoding=\"async\" class=\"aligncenter wp-image-9884 size-large\" src=\"http:\/\/spriv.vojvodina.gov.rs\/wp-content\/uploads\/2022\/12\/DSC_0731-1024x683.jpg\" alt=\"\" width=\"747\" height=\"498\" srcset=\"https:\/\/spriv.vojvodina.gov.rs\/wp-content\/uploads\/2022\/12\/DSC_0731-1024x683.jpg 1024w, https:\/\/spriv.vojvodina.gov.rs\/wp-content\/uploads\/2022\/12\/DSC_0731-300x200.jpg 300w, https:\/\/spriv.vojvodina.gov.rs\/wp-content\/uploads\/2022\/12\/DSC_0731-768x512.jpg 768w, https:\/\/spriv.vojvodina.gov.rs\/wp-content\/uploads\/2022\/12\/DSC_0731-1536x1025.jpg 1536w, https:\/\/spriv.vojvodina.gov.rs\/wp-content\/uploads\/2022\/12\/DSC_0731-2048x1367.jpg 2048w\" sizes=\"auto, (max-width: 747px) 100vw, 747px\" \/><\/p>\n<blockquote><p>,,Koncept dana\u0161njeg sajma je predstavljanje kompanija u holu koji jeste centralno mesto Fakulteta u kom najvi\u0161e studenata cirkuli\u0161e i mesto na kom \u0107e studenti imati priliku da vide najvi\u0161e kompanija, raspitaju se za njihove \u0161anse, prilike, i da li mogu da steknu prakti\u010dna znanja. Neke od kompanija koje su danas prisutne jesu ,,Montop Pro\u201c, ,,Toyo tires\u201c, ,,Loop\u201c, ,,Savacoop\u201c, ,,Hutchinson\u201c, i druge velike kompanije koje su prepoznale zna\u010daj Fakulteta tehni\u010dkih nauka koji broji preko 17 hiljada studenata sa 26 usmerenja na osnovnim akademskim i 36 na master akademskim studijama\u201c, istakao je Vakanjac, dodav\u0161i da je FTN riznica talenata i budu\u0107ih klju\u010dnih stru\u010dnjaka u privredi.<\/p><\/blockquote>\n<p>Dana\u0161nji Sajam je besplatan za sve zainteresovane studente i traje do 17 \u010dasova.<\/p>\n<p><img loading=\"lazy\" decoding=\"async\" class=\"aligncenter wp-image-9883 size-large\" src=\"http:\/\/spriv.vojvodina.gov.rs\/wp-content\/uploads\/2022\/12\/DSC_0709-1024x683.jpg\" alt=\"\" width=\"747\" height=\"498\" srcset=\"https:\/\/spriv.vojvodina.gov.rs\/wp-content\/uploads\/2022\/12\/DSC_0709-1024x683.jpg 1024w, https:\/\/spriv.vojvodina.gov.rs\/wp-content\/uploads\/2022\/12\/DSC_0709-300x200.jpg 300w, https:\/\/spriv.vojvodina.gov.rs\/wp-content\/uploads\/2022\/12\/DSC_0709-768x512.jpg 768w, https:\/\/spriv.vojvodina.gov.rs\/wp-content\/uploads\/2022\/12\/DSC_0709-1536x1025.jpg 1536w, https:\/\/spriv.vojvodina.gov.rs\/wp-content\/uploads\/2022\/12\/DSC_0709-2048x1367.jpg 2048w\" sizes=\"auto, (max-width: 747px) 100vw, 747px\" \/><\/p>\n<p><img loading=\"lazy\" decoding=\"async\" class=\"aligncenter wp-image-9881 size-large\" src=\"http:\/\/spriv.vojvodina.gov.rs\/wp-content\/uploads\/2022\/12\/DSC_0640-1024x683.jpg\" alt=\"\" width=\"747\" height=\"498\" srcset=\"https:\/\/spriv.vojvodina.gov.rs\/wp-content\/uploads\/2022\/12\/DSC_0640-1024x683.jpg 1024w, https:\/\/spriv.vojvodina.gov.rs\/wp-content\/uploads\/2022\/12\/DSC_0640-300x200.jpg 300w, https:\/\/spriv.vojvodina.gov.rs\/wp-content\/uploads\/2022\/12\/DSC_0640-768x512.jpg 768w, https:\/\/spriv.vojvodina.gov.rs\/wp-content\/uploads\/2022\/12\/DSC_0640-1536x1025.jpg 1536w, https:\/\/spriv.vojvodina.gov.rs\/wp-content\/uploads\/2022\/12\/DSC_0640-2048x1367.jpg 2048w\" sizes=\"auto, (max-width: 747px) 100vw, 747px\" \/><\/p>","protected":false},"excerpt":{"rendered":"Hol Fakulteta tehni\u010dkih nauka Univerziteta u Novom Sadu, danas je u znaku povezivanja akademske zajednice i privrede, odnosno privatnih kompanija koje zapo\u0161ljavaju stru\u010dan \n<a class=\"moretag\" href=\"https:\/\/spriv.vojvodina.gov.rs\/rs\/%d0%bf%d1%80%d0%b2%d0%b8-%d1%81%d0%b0%d1%98%d0%b0%d0%bc-%d0%b7%d0%b0%d0%bf%d0%be%d1%88%d1%99%d0%b0%d0%b2%d0%b0%d1%9a%d0%b0-%d0%b8%d0%b8%d0%bc%d0%bf%d1%80%d0%be%d0%b2%d0%b5%d0%bc%d0%b5%d0%bd%d1%82\/\"> [...]<\/a>","protected":false},"author":3,"featured_media":9880,"comment_status":"closed","ping_status":"closed","sticky":false,"template":"","format":"standard","meta":{"footnotes":""},"categories":[53],"tags":[],"class_list":["post-9879","post","type-post","status-publish","format-standard","has-post-thumbnail","hentry","category-vesti"],"yoast_head":"<!-- This site is optimized with the Yoast SEO plugin v27.4 - https:\/\/yoast.com\/product\/yoast-seo-wordpress\/ -->\n<title>Prvi Sajam zapo\u0161ljavanja ,,IImprovement\u201d na Fakultetu tehni\u010dkih nauka \u2013 sinergija privrede, akademije i studentskog aktivizma - \u041f\u043e\u043a\u0440\u0430\u0458\u0438\u043d\u0441\u043a\u0438 \u0441\u0435\u043a\u0440\u0435\u0442\u0430\u0440\u0438\u0458\u0430\u0442 \u0437\u0430 \u043f\u0440\u0438\u0432\u0440\u0435\u0434\u0443 \u0438 \u0442\u0443\u0440\u0438\u0437\u0430\u043c<\/title>\n<meta name=\"robots\" content=\"index, follow, max-snippet:-1, max-image-preview:large, max-video-preview:-1\" \/>\n<link rel=\"canonical\" href=\"https:\/\/spriv.vojvodina.gov.rs\/rs\/\u043f\u0440\u0432\u0438-\u0441\u0430\u0458\u0430\u043c-\u0437\u0430\u043f\u043e\u0448\u0459\u0430\u0432\u0430\u045a\u0430-\u0438\u0438\u043c\u043f\u0440\u043e\u0432\u0435\u043c\u0435\u043d\u0442\/\" \/>\n<meta property=\"og:locale\" content=\"sr_RS\" \/>\n<meta property=\"og:type\" content=\"article\" \/>\n<meta property=\"og:title\" content=\"Prvi Sajam zapo\u0161ljavanja ,,IImprovement\u201d na Fakultetu tehni\u010dkih nauka \u2013 sinergija privrede, akademije i studentskog aktivizma - \u041f\u043e\u043a\u0440\u0430\u0458\u0438\u043d\u0441\u043a\u0438 \u0441\u0435\u043a\u0440\u0435\u0442\u0430\u0440\u0438\u0458\u0430\u0442 \u0437\u0430 \u043f\u0440\u0438\u0432\u0440\u0435\u0434\u0443 \u0438 \u0442\u0443\u0440\u0438\u0437\u0430\u043c\" \/>\n<meta property=\"og:description\" content=\"Hol Fakulteta tehni\u010dkih nauka Univerziteta u Novom Sadu, danas je u znaku povezivanja akademske zajednice i privrede, odnosno privatnih kompanija koje zapo\u0161ljavaju stru\u010dan\" \/>\n<meta property=\"og:url\" content=\"https:\/\/spriv.vojvodina.gov.rs\/\u043f\u0440\u0432\u0438-\u0441\u0430\u0458\u0430\u043c-\u0437\u0430\u043f\u043e\u0448\u0459\u0430\u0432\u0430\u045a\u0430-\u0438\u0438\u043c\u043f\u0440\u043e\u0432\u0435\u043c\u0435\u043d\u0442\/\" \/>\n<meta property=\"og:site_name\" content=\"\u041f\u043e\u043a\u0440\u0430\u0458\u0438\u043d\u0441\u043a\u0438 \u0441\u0435\u043a\u0440\u0435\u0442\u0430\u0440\u0438\u0458\u0430\u0442 \u0437\u0430 \u043f\u0440\u0438\u0432\u0440\u0435\u0434\u0443 \u0438 \u0442\u0443\u0440\u0438\u0437\u0430\u043c\" \/>\n<meta property=\"article:published_time\" content=\"2022-12-07T13:03:41+00:00\" \/>\n<meta property=\"article:modified_time\" content=\"2022-12-08T13:11:39+00:00\" \/>\n<meta property=\"og:image\" content=\"https:\/\/spriv.vojvodina.gov.rs\/wp-content\/uploads\/2022\/12\/DSC_0707-scaled.jpg\" \/>\n\t<meta property=\"og:image:width\" content=\"2560\" \/>\n\t<meta property=\"og:image:height\" content=\"1708\" \/>\n\t<meta property=\"og:image:type\" content=\"image\/jpeg\" \/>\n<meta name=\"author\" content=\"Sonja Babi\u0107\" \/>\n<meta name=\"twitter:card\" content=\"summary_large_image\" \/>\n<meta name=\"twitter:label1\" content=\"\u041d\u0430\u043f\u0438\u0441\u0430\u043d\u043e \u043e\u0434\" \/>\n\t<meta name=\"twitter:data1\" content=\"Sonja Babi\u0107\" \/>\n\t<meta name=\"twitter:label2\" content=\"\u041f\u0440\u043e\u0446\u0435\u045a\u0435\u043d\u043e \u0432\u0440\u0435\u043c\u0435 \u0447\u0438\u0442\u0430\u045a\u0430\" \/>\n\t<meta name=\"twitter:data2\" content=\"3 \u043c\u0438\u043d\u0443\u0442\u0430\" \/>\n<script type=\"application\/ld+json\" class=\"yoast-schema-graph\">{\"@context\":\"https:\\\/\\\/schema.org\",\"@graph\":[{\"@type\":\"Article\",\"@id\":\"https:\\\/\\\/spriv.vojvodina.gov.rs\\\/%d0%bf%d1%80%d0%b2%d0%b8-%d1%81%d0%b0%d1%98%d0%b0%d0%bc-%d0%b7%d0%b0%d0%bf%d0%be%d1%88%d1%99%d0%b0%d0%b2%d0%b0%d1%9a%d0%b0-%d0%b8%d0%b8%d0%bc%d0%bf%d1%80%d0%be%d0%b2%d0%b5%d0%bc%d0%b5%d0%bd%d1%82\\\/#article\",\"isPartOf\":{\"@id\":\"https:\\\/\\\/spriv.vojvodina.gov.rs\\\/%d0%bf%d1%80%d0%b2%d0%b8-%d1%81%d0%b0%d1%98%d0%b0%d0%bc-%d0%b7%d0%b0%d0%bf%d0%be%d1%88%d1%99%d0%b0%d0%b2%d0%b0%d1%9a%d0%b0-%d0%b8%d0%b8%d0%bc%d0%bf%d1%80%d0%be%d0%b2%d0%b5%d0%bc%d0%b5%d0%bd%d1%82\\\/\"},\"author\":{\"name\":\"Sonja Babi\u0107\",\"@id\":\"https:\\\/\\\/spriv.vojvodina.gov.rs\\\/#\\\/schema\\\/person\\\/749ef4f57fbb458f1c759e7a4fa78485\"},\"headline\":\"Prvi Sajam zapo\u0161ljavanja ,,IImprovement\u201d na Fakultetu tehni\u010dkih nauka \u2013 sinergija privrede, akademije i studentskog aktivizma\",\"datePublished\":\"2022-12-07T13:03:41+00:00\",\"dateModified\":\"2022-12-08T13:11:39+00:00\",\"mainEntityOfPage\":{\"@id\":\"https:\\\/\\\/spriv.vojvodina.gov.rs\\\/%d0%bf%d1%80%d0%b2%d0%b8-%d1%81%d0%b0%d1%98%d0%b0%d0%bc-%d0%b7%d0%b0%d0%bf%d0%be%d1%88%d1%99%d0%b0%d0%b2%d0%b0%d1%9a%d0%b0-%d0%b8%d0%b8%d0%bc%d0%bf%d1%80%d0%be%d0%b2%d0%b5%d0%bc%d0%b5%d0%bd%d1%82\\\/\"},\"wordCount\":1067,\"image\":{\"@id\":\"https:\\\/\\\/spriv.vojvodina.gov.rs\\\/%d0%bf%d1%80%d0%b2%d0%b8-%d1%81%d0%b0%d1%98%d0%b0%d0%bc-%d0%b7%d0%b0%d0%bf%d0%be%d1%88%d1%99%d0%b0%d0%b2%d0%b0%d1%9a%d0%b0-%d0%b8%d0%b8%d0%bc%d0%bf%d1%80%d0%be%d0%b2%d0%b5%d0%bc%d0%b5%d0%bd%d1%82\\\/#primaryimage\"},\"thumbnailUrl\":\"https:\\\/\\\/spriv.vojvodina.gov.rs\\\/wp-content\\\/uploads\\\/2022\\\/12\\\/DSC_0707-scaled.jpg\",\"articleSection\":[\"Vesti\"],\"inLanguage\":\"sr-RS\"},{\"@type\":\"WebPage\",\"@id\":\"https:\\\/\\\/spriv.vojvodina.gov.rs\\\/%d0%bf%d1%80%d0%b2%d0%b8-%d1%81%d0%b0%d1%98%d0%b0%d0%bc-%d0%b7%d0%b0%d0%bf%d0%be%d1%88%d1%99%d0%b0%d0%b2%d0%b0%d1%9a%d0%b0-%d0%b8%d0%b8%d0%bc%d0%bf%d1%80%d0%be%d0%b2%d0%b5%d0%bc%d0%b5%d0%bd%d1%82\\\/\",\"url\":\"https:\\\/\\\/spriv.vojvodina.gov.rs\\\/%d0%bf%d1%80%d0%b2%d0%b8-%d1%81%d0%b0%d1%98%d0%b0%d0%bc-%d0%b7%d0%b0%d0%bf%d0%be%d1%88%d1%99%d0%b0%d0%b2%d0%b0%d1%9a%d0%b0-%d0%b8%d0%b8%d0%bc%d0%bf%d1%80%d0%be%d0%b2%d0%b5%d0%bc%d0%b5%d0%bd%d1%82\\\/\",\"name\":\"Prvi Sajam zapo\u0161ljavanja ,,IImprovement\u201d na Fakultetu tehni\u010dkih nauka \u2013 sinergija privrede, akademije i studentskog aktivizma - \u041f\u043e\u043a\u0440\u0430\u0458\u0438\u043d\u0441\u043a\u0438 \u0441\u0435\u043a\u0440\u0435\u0442\u0430\u0440\u0438\u0458\u0430\u0442 \u0437\u0430 \u043f\u0440\u0438\u0432\u0440\u0435\u0434\u0443 \u0438 \u0442\u0443\u0440\u0438\u0437\u0430\u043c\",\"isPartOf\":{\"@id\":\"https:\\\/\\\/spriv.vojvodina.gov.rs\\\/#website\"},\"primaryImageOfPage\":{\"@id\":\"https:\\\/\\\/spriv.vojvodina.gov.rs\\\/%d0%bf%d1%80%d0%b2%d0%b8-%d1%81%d0%b0%d1%98%d0%b0%d0%bc-%d0%b7%d0%b0%d0%bf%d0%be%d1%88%d1%99%d0%b0%d0%b2%d0%b0%d1%9a%d0%b0-%d0%b8%d0%b8%d0%bc%d0%bf%d1%80%d0%be%d0%b2%d0%b5%d0%bc%d0%b5%d0%bd%d1%82\\\/#primaryimage\"},\"image\":{\"@id\":\"https:\\\/\\\/spriv.vojvodina.gov.rs\\\/%d0%bf%d1%80%d0%b2%d0%b8-%d1%81%d0%b0%d1%98%d0%b0%d0%bc-%d0%b7%d0%b0%d0%bf%d0%be%d1%88%d1%99%d0%b0%d0%b2%d0%b0%d1%9a%d0%b0-%d0%b8%d0%b8%d0%bc%d0%bf%d1%80%d0%be%d0%b2%d0%b5%d0%bc%d0%b5%d0%bd%d1%82\\\/#primaryimage\"},\"thumbnailUrl\":\"https:\\\/\\\/spriv.vojvodina.gov.rs\\\/wp-content\\\/uploads\\\/2022\\\/12\\\/DSC_0707-scaled.jpg\",\"datePublished\":\"2022-12-07T13:03:41+00:00\",\"dateModified\":\"2022-12-08T13:11:39+00:00\",\"author\":{\"@id\":\"https:\\\/\\\/spriv.vojvodina.gov.rs\\\/#\\\/schema\\\/person\\\/749ef4f57fbb458f1c759e7a4fa78485\"},\"breadcrumb\":{\"@id\":\"https:\\\/\\\/spriv.vojvodina.gov.rs\\\/%d0%bf%d1%80%d0%b2%d0%b8-%d1%81%d0%b0%d1%98%d0%b0%d0%bc-%d0%b7%d0%b0%d0%bf%d0%be%d1%88%d1%99%d0%b0%d0%b2%d0%b0%d1%9a%d0%b0-%d0%b8%d0%b8%d0%bc%d0%bf%d1%80%d0%be%d0%b2%d0%b5%d0%bc%d0%b5%d0%bd%d1%82\\\/#breadcrumb\"},\"inLanguage\":\"sr-RS\",\"potentialAction\":[{\"@type\":\"ReadAction\",\"target\":[\"https:\\\/\\\/spriv.vojvodina.gov.rs\\\/%d0%bf%d1%80%d0%b2%d0%b8-%d1%81%d0%b0%d1%98%d0%b0%d0%bc-%d0%b7%d0%b0%d0%bf%d0%be%d1%88%d1%99%d0%b0%d0%b2%d0%b0%d1%9a%d0%b0-%d0%b8%d0%b8%d0%bc%d0%bf%d1%80%d0%be%d0%b2%d0%b5%d0%bc%d0%b5%d0%bd%d1%82\\\/\"]}]},{\"@type\":\"ImageObject\",\"inLanguage\":\"sr-RS\",\"@id\":\"https:\\\/\\\/spriv.vojvodina.gov.rs\\\/%d0%bf%d1%80%d0%b2%d0%b8-%d1%81%d0%b0%d1%98%d0%b0%d0%bc-%d0%b7%d0%b0%d0%bf%d0%be%d1%88%d1%99%d0%b0%d0%b2%d0%b0%d1%9a%d0%b0-%d0%b8%d0%b8%d0%bc%d0%bf%d1%80%d0%be%d0%b2%d0%b5%d0%bc%d0%b5%d0%bd%d1%82\\\/#primaryimage\",\"url\":\"https:\\\/\\\/spriv.vojvodina.gov.rs\\\/wp-content\\\/uploads\\\/2022\\\/12\\\/DSC_0707-scaled.jpg\",\"contentUrl\":\"https:\\\/\\\/spriv.vojvodina.gov.rs\\\/wp-content\\\/uploads\\\/2022\\\/12\\\/DSC_0707-scaled.jpg\",\"width\":2560,\"height\":1708},{\"@type\":\"BreadcrumbList\",\"@id\":\"https:\\\/\\\/spriv.vojvodina.gov.rs\\\/%d0%bf%d1%80%d0%b2%d0%b8-%d1%81%d0%b0%d1%98%d0%b0%d0%bc-%d0%b7%d0%b0%d0%bf%d0%be%d1%88%d1%99%d0%b0%d0%b2%d0%b0%d1%9a%d0%b0-%d0%b8%d0%b8%d0%bc%d0%bf%d1%80%d0%be%d0%b2%d0%b5%d0%bc%d0%b5%d0%bd%d1%82\\\/#breadcrumb\",\"itemListElement\":[{\"@type\":\"ListItem\",\"position\":1,\"name\":\"Home\",\"item\":\"https:\\\/\\\/spriv.vojvodina.gov.rs\\\/\"},{\"@type\":\"ListItem\",\"position\":2,\"name\":\"\u041f\u0440\u0432\u0438 \u0421\u0430\u0458\u0430\u043c \u0437\u0430\u043f\u043e\u0448\u0459\u0430\u0432\u0430\u045a\u0430 ,,IImprovement\u201d \u043d\u0430 \u0424\u0430\u043a\u0443\u043b\u0442\u0435\u0442\u0443 \u0442\u0435\u0445\u043d\u0438\u0447\u043a\u0438\u0445 \u043d\u0430\u0443\u043a\u0430 \u2013 \u0441\u0438\u043d\u0435\u0440\u0433\u0438\u0458\u0430 \u043f\u0440\u0438\u0432\u0440\u0435\u0434\u0435, \u0430\u043a\u0430\u0434\u0435\u043c\u0438\u0458\u0435 \u0438 \u0441\u0442\u0443\u0434\u0435\u043d\u0442\u0441\u043a\u043e\u0433 \u0430\u043a\u0442\u0438\u0432\u0438\u0437\u043c\u0430\"}]},{\"@type\":\"WebSite\",\"@id\":\"https:\\\/\\\/spriv.vojvodina.gov.rs\\\/#website\",\"url\":\"https:\\\/\\\/spriv.vojvodina.gov.rs\\\/\",\"name\":\"\u041f\u043e\u043a\u0440\u0430\u0458\u0438\u043d\u0441\u043a\u0438 \u0441\u0435\u043a\u0440\u0435\u0442\u0430\u0440\u0438\u0458\u0430\u0442 \u0437\u0430 \u043f\u0440\u0438\u0432\u0440\u0435\u0434\u0443 \u0438 \u0442\u0443\u0440\u0438\u0437\u0430\u043c\",\"description\":\"\u041f\u043e\u043a\u0440\u0430\u0458\u0438\u043d\u0441\u043a\u0438 \u0441\u0435\u043a\u0440\u0435\u0442\u0430\u0440\u0438\u0458\u0430\u0442 \u0437\u0430 \u043f\u0440\u0438\u0432\u0440\u0435\u0434\u0443 \u0438 \u0442\u0443\u0440\u0438\u0437\u0430\u043c\",\"potentialAction\":[{\"@type\":\"SearchAction\",\"target\":{\"@type\":\"EntryPoint\",\"urlTemplate\":\"https:\\\/\\\/spriv.vojvodina.gov.rs\\\/?s={search_term_string}\"},\"query-input\":{\"@type\":\"PropertyValueSpecification\",\"valueRequired\":true,\"valueName\":\"search_term_string\"}}],\"inLanguage\":\"sr-RS\"},{\"@type\":\"Person\",\"@id\":\"https:\\\/\\\/spriv.vojvodina.gov.rs\\\/#\\\/schema\\\/person\\\/749ef4f57fbb458f1c759e7a4fa78485\",\"name\":\"Sonja Babi\u0107\",\"image\":{\"@type\":\"ImageObject\",\"inLanguage\":\"sr-RS\",\"@id\":\"https:\\\/\\\/secure.gravatar.com\\\/avatar\\\/00a1d182a20a59067af1e7b1c31cbcc3be1a456ee4b27746580e120c2582e5bd?s=96&d=mm&r=g\",\"url\":\"https:\\\/\\\/secure.gravatar.com\\\/avatar\\\/00a1d182a20a59067af1e7b1c31cbcc3be1a456ee4b27746580e120c2582e5bd?s=96&d=mm&r=g\",\"contentUrl\":\"https:\\\/\\\/secure.gravatar.com\\\/avatar\\\/00a1d182a20a59067af1e7b1c31cbcc3be1a456ee4b27746580e120c2582e5bd?s=96&d=mm&r=g\",\"caption\":\"Sonja Babi\u0107\"},\"url\":\"https:\\\/\\\/spriv.vojvodina.gov.rs\\\/rs\\\/author\\\/sonja-babic\\\/\"}]}<\/script>\n<!-- \/ Yoast SEO plugin. -->","yoast_head_json":{"title":"Prvi Sajam zapo\u0161ljavanja ,,IImprovement\u201d na Fakultetu tehni\u010dkih nauka \u2013 sinergija privrede, akademije i studentskog aktivizma - \u041f\u043e\u043a\u0440\u0430\u0458\u0438\u043d\u0441\u043a\u0438 \u0441\u0435\u043a\u0440\u0435\u0442\u0430\u0440\u0438\u0458\u0430\u0442 \u0437\u0430 \u043f\u0440\u0438\u0432\u0440\u0435\u0434\u0443 \u0438 \u0442\u0443\u0440\u0438\u0437\u0430\u043c","robots":{"index":"index","follow":"follow","max-snippet":"max-snippet:-1","max-image-preview":"max-image-preview:large","max-video-preview":"max-video-preview:-1"},"canonical":"https:\/\/spriv.vojvodina.gov.rs\/rs\/\u043f\u0440\u0432\u0438-\u0441\u0430\u0458\u0430\u043c-\u0437\u0430\u043f\u043e\u0448\u0459\u0430\u0432\u0430\u045a\u0430-\u0438\u0438\u043c\u043f\u0440\u043e\u0432\u0435\u043c\u0435\u043d\u0442\/","og_locale":"sr_RS","og_type":"article","og_title":"Prvi Sajam zapo\u0161ljavanja ,,IImprovement\u201d na Fakultetu tehni\u010dkih nauka \u2013 sinergija privrede, akademije i studentskog aktivizma - \u041f\u043e\u043a\u0440\u0430\u0458\u0438\u043d\u0441\u043a\u0438 \u0441\u0435\u043a\u0440\u0435\u0442\u0430\u0440\u0438\u0458\u0430\u0442 \u0437\u0430 \u043f\u0440\u0438\u0432\u0440\u0435\u0434\u0443 \u0438 \u0442\u0443\u0440\u0438\u0437\u0430\u043c","og_description":"Hol Fakulteta tehni\u010dkih nauka Univerziteta u Novom Sadu, danas je u znaku povezivanja akademske zajednice i privrede, odnosno privatnih kompanija koje zapo\u0161ljavaju stru\u010dan","og_url":"https:\/\/spriv.vojvodina.gov.rs\/\u043f\u0440\u0432\u0438-\u0441\u0430\u0458\u0430\u043c-\u0437\u0430\u043f\u043e\u0448\u0459\u0430\u0432\u0430\u045a\u0430-\u0438\u0438\u043c\u043f\u0440\u043e\u0432\u0435\u043c\u0435\u043d\u0442\/","og_site_name":"\u041f\u043e\u043a\u0440\u0430\u0458\u0438\u043d\u0441\u043a\u0438 \u0441\u0435\u043a\u0440\u0435\u0442\u0430\u0440\u0438\u0458\u0430\u0442 \u0437\u0430 \u043f\u0440\u0438\u0432\u0440\u0435\u0434\u0443 \u0438 \u0442\u0443\u0440\u0438\u0437\u0430\u043c","article_published_time":"2022-12-07T13:03:41+00:00","article_modified_time":"2022-12-08T13:11:39+00:00","og_image":[{"width":2560,"height":1708,"url":"https:\/\/spriv.vojvodina.gov.rs\/wp-content\/uploads\/2022\/12\/DSC_0707-scaled.jpg","type":"image\/jpeg"}],"author":"Sonja Babi\u0107","twitter_card":"summary_large_image","twitter_misc":{"\u041d\u0430\u043f\u0438\u0441\u0430\u043d\u043e \u043e\u0434":"Sonja Babi\u0107","\u041f\u0440\u043e\u0446\u0435\u045a\u0435\u043d\u043e \u0432\u0440\u0435\u043c\u0435 \u0447\u0438\u0442\u0430\u045a\u0430":"3 \u043c\u0438\u043d\u0443\u0442\u0430"},"schema":{"@context":"https:\/\/schema.org","@graph":[{"@type":"Article","@id":"https:\/\/spriv.vojvodina.gov.rs\/%d0%bf%d1%80%d0%b2%d0%b8-%d1%81%d0%b0%d1%98%d0%b0%d0%bc-%d0%b7%d0%b0%d0%bf%d0%be%d1%88%d1%99%d0%b0%d0%b2%d0%b0%d1%9a%d0%b0-%d0%b8%d0%b8%d0%bc%d0%bf%d1%80%d0%be%d0%b2%d0%b5%d0%bc%d0%b5%d0%bd%d1%82\/#article","isPartOf":{"@id":"https:\/\/spriv.vojvodina.gov.rs\/%d0%bf%d1%80%d0%b2%d0%b8-%d1%81%d0%b0%d1%98%d0%b0%d0%bc-%d0%b7%d0%b0%d0%bf%d0%be%d1%88%d1%99%d0%b0%d0%b2%d0%b0%d1%9a%d0%b0-%d0%b8%d0%b8%d0%bc%d0%bf%d1%80%d0%be%d0%b2%d0%b5%d0%bc%d0%b5%d0%bd%d1%82\/"},"author":{"name":"Sonja Babi\u0107","@id":"https:\/\/spriv.vojvodina.gov.rs\/#\/schema\/person\/749ef4f57fbb458f1c759e7a4fa78485"},"headline":"Prvi Sajam zapo\u0161ljavanja ,,IImprovement\u201d na Fakultetu tehni\u010dkih nauka \u2013 sinergija privrede, akademije i studentskog aktivizma","datePublished":"2022-12-07T13:03:41+00:00","dateModified":"2022-12-08T13:11:39+00:00","mainEntityOfPage":{"@id":"https:\/\/spriv.vojvodina.gov.rs\/%d0%bf%d1%80%d0%b2%d0%b8-%d1%81%d0%b0%d1%98%d0%b0%d0%bc-%d0%b7%d0%b0%d0%bf%d0%be%d1%88%d1%99%d0%b0%d0%b2%d0%b0%d1%9a%d0%b0-%d0%b8%d0%b8%d0%bc%d0%bf%d1%80%d0%be%d0%b2%d0%b5%d0%bc%d0%b5%d0%bd%d1%82\/"},"wordCount":1067,"image":{"@id":"https:\/\/spriv.vojvodina.gov.rs\/%d0%bf%d1%80%d0%b2%d0%b8-%d1%81%d0%b0%d1%98%d0%b0%d0%bc-%d0%b7%d0%b0%d0%bf%d0%be%d1%88%d1%99%d0%b0%d0%b2%d0%b0%d1%9a%d0%b0-%d0%b8%d0%b8%d0%bc%d0%bf%d1%80%d0%be%d0%b2%d0%b5%d0%bc%d0%b5%d0%bd%d1%82\/#primaryimage"},"thumbnailUrl":"https:\/\/spriv.vojvodina.gov.rs\/wp-content\/uploads\/2022\/12\/DSC_0707-scaled.jpg","articleSection":["Vesti"],"inLanguage":"sr-RS"},{"@type":"WebPage","@id":"https:\/\/spriv.vojvodina.gov.rs\/%d0%bf%d1%80%d0%b2%d0%b8-%d1%81%d0%b0%d1%98%d0%b0%d0%bc-%d0%b7%d0%b0%d0%bf%d0%be%d1%88%d1%99%d0%b0%d0%b2%d0%b0%d1%9a%d0%b0-%d0%b8%d0%b8%d0%bc%d0%bf%d1%80%d0%be%d0%b2%d0%b5%d0%bc%d0%b5%d0%bd%d1%82\/","url":"https:\/\/spriv.vojvodina.gov.rs\/%d0%bf%d1%80%d0%b2%d0%b8-%d1%81%d0%b0%d1%98%d0%b0%d0%bc-%d0%b7%d0%b0%d0%bf%d0%be%d1%88%d1%99%d0%b0%d0%b2%d0%b0%d1%9a%d0%b0-%d0%b8%d0%b8%d0%bc%d0%bf%d1%80%d0%be%d0%b2%d0%b5%d0%bc%d0%b5%d0%bd%d1%82\/","name":"Prvi Sajam zapo\u0161ljavanja ,,IImprovement\u201d na Fakultetu tehni\u010dkih nauka \u2013 sinergija privrede, akademije i studentskog aktivizma - \u041f\u043e\u043a\u0440\u0430\u0458\u0438\u043d\u0441\u043a\u0438 \u0441\u0435\u043a\u0440\u0435\u0442\u0430\u0440\u0438\u0458\u0430\u0442 \u0437\u0430 \u043f\u0440\u0438\u0432\u0440\u0435\u0434\u0443 \u0438 \u0442\u0443\u0440\u0438\u0437\u0430\u043c","isPartOf":{"@id":"https:\/\/spriv.vojvodina.gov.rs\/#website"},"primaryImageOfPage":{"@id":"https:\/\/spriv.vojvodina.gov.rs\/%d0%bf%d1%80%d0%b2%d0%b8-%d1%81%d0%b0%d1%98%d0%b0%d0%bc-%d0%b7%d0%b0%d0%bf%d0%be%d1%88%d1%99%d0%b0%d0%b2%d0%b0%d1%9a%d0%b0-%d0%b8%d0%b8%d0%bc%d0%bf%d1%80%d0%be%d0%b2%d0%b5%d0%bc%d0%b5%d0%bd%d1%82\/#primaryimage"},"image":{"@id":"https:\/\/spriv.vojvodina.gov.rs\/%d0%bf%d1%80%d0%b2%d0%b8-%d1%81%d0%b0%d1%98%d0%b0%d0%bc-%d0%b7%d0%b0%d0%bf%d0%be%d1%88%d1%99%d0%b0%d0%b2%d0%b0%d1%9a%d0%b0-%d0%b8%d0%b8%d0%bc%d0%bf%d1%80%d0%be%d0%b2%d0%b5%d0%bc%d0%b5%d0%bd%d1%82\/#primaryimage"},"thumbnailUrl":"https:\/\/spriv.vojvodina.gov.rs\/wp-content\/uploads\/2022\/12\/DSC_0707-scaled.jpg","datePublished":"2022-12-07T13:03:41+00:00","dateModified":"2022-12-08T13:11:39+00:00","author":{"@id":"https:\/\/spriv.vojvodina.gov.rs\/#\/schema\/person\/749ef4f57fbb458f1c759e7a4fa78485"},"breadcrumb":{"@id":"https:\/\/spriv.vojvodina.gov.rs\/%d0%bf%d1%80%d0%b2%d0%b8-%d1%81%d0%b0%d1%98%d0%b0%d0%bc-%d0%b7%d0%b0%d0%bf%d0%be%d1%88%d1%99%d0%b0%d0%b2%d0%b0%d1%9a%d0%b0-%d0%b8%d0%b8%d0%bc%d0%bf%d1%80%d0%be%d0%b2%d0%b5%d0%bc%d0%b5%d0%bd%d1%82\/#breadcrumb"},"inLanguage":"sr-RS","potentialAction":[{"@type":"ReadAction","target":["https:\/\/spriv.vojvodina.gov.rs\/%d0%bf%d1%80%d0%b2%d0%b8-%d1%81%d0%b0%d1%98%d0%b0%d0%bc-%d0%b7%d0%b0%d0%bf%d0%be%d1%88%d1%99%d0%b0%d0%b2%d0%b0%d1%9a%d0%b0-%d0%b8%d0%b8%d0%bc%d0%bf%d1%80%d0%be%d0%b2%d0%b5%d0%bc%d0%b5%d0%bd%d1%82\/"]}]},{"@type":"ImageObject","inLanguage":"sr-RS","@id":"https:\/\/spriv.vojvodina.gov.rs\/%d0%bf%d1%80%d0%b2%d0%b8-%d1%81%d0%b0%d1%98%d0%b0%d0%bc-%d0%b7%d0%b0%d0%bf%d0%be%d1%88%d1%99%d0%b0%d0%b2%d0%b0%d1%9a%d0%b0-%d0%b8%d0%b8%d0%bc%d0%bf%d1%80%d0%be%d0%b2%d0%b5%d0%bc%d0%b5%d0%bd%d1%82\/#primaryimage","url":"https:\/\/spriv.vojvodina.gov.rs\/wp-content\/uploads\/2022\/12\/DSC_0707-scaled.jpg","contentUrl":"https:\/\/spriv.vojvodina.gov.rs\/wp-content\/uploads\/2022\/12\/DSC_0707-scaled.jpg","width":2560,"height":1708},{"@type":"BreadcrumbList","@id":"https:\/\/spriv.vojvodina.gov.rs\/%d0%bf%d1%80%d0%b2%d0%b8-%d1%81%d0%b0%d1%98%d0%b0%d0%bc-%d0%b7%d0%b0%d0%bf%d0%be%d1%88%d1%99%d0%b0%d0%b2%d0%b0%d1%9a%d0%b0-%d0%b8%d0%b8%d0%bc%d0%bf%d1%80%d0%be%d0%b2%d0%b5%d0%bc%d0%b5%d0%bd%d1%82\/#breadcrumb","itemListElement":[{"@type":"ListItem","position":1,"name":"Home","item":"https:\/\/spriv.vojvodina.gov.rs\/"},{"@type":"ListItem","position":2,"name":"\u041f\u0440\u0432\u0438 \u0421\u0430\u0458\u0430\u043c \u0437\u0430\u043f\u043e\u0448\u0459\u0430\u0432\u0430\u045a\u0430 ,,IImprovement\u201d \u043d\u0430 \u0424\u0430\u043a\u0443\u043b\u0442\u0435\u0442\u0443 \u0442\u0435\u0445\u043d\u0438\u0447\u043a\u0438\u0445 \u043d\u0430\u0443\u043a\u0430 \u2013 \u0441\u0438\u043d\u0435\u0440\u0433\u0438\u0458\u0430 \u043f\u0440\u0438\u0432\u0440\u0435\u0434\u0435, \u0430\u043a\u0430\u0434\u0435\u043c\u0438\u0458\u0435 \u0438 \u0441\u0442\u0443\u0434\u0435\u043d\u0442\u0441\u043a\u043e\u0433 \u0430\u043a\u0442\u0438\u0432\u0438\u0437\u043c\u0430"}]},{"@type":"WebSite","@id":"https:\/\/spriv.vojvodina.gov.rs\/#website","url":"https:\/\/spriv.vojvodina.gov.rs\/","name":"\u041f\u043e\u043a\u0440\u0430\u0458\u0438\u043d\u0441\u043a\u0438 \u0441\u0435\u043a\u0440\u0435\u0442\u0430\u0440\u0438\u0458\u0430\u0442 \u0437\u0430 \u043f\u0440\u0438\u0432\u0440\u0435\u0434\u0443 \u0438 \u0442\u0443\u0440\u0438\u0437\u0430\u043c","description":"\u041f\u043e\u043a\u0440\u0430\u0458\u0438\u043d\u0441\u043a\u0438 \u0441\u0435\u043a\u0440\u0435\u0442\u0430\u0440\u0438\u0458\u0430\u0442 \u0437\u0430 \u043f\u0440\u0438\u0432\u0440\u0435\u0434\u0443 \u0438 \u0442\u0443\u0440\u0438\u0437\u0430\u043c","potentialAction":[{"@type":"SearchAction","target":{"@type":"EntryPoint","urlTemplate":"https:\/\/spriv.vojvodina.gov.rs\/?s={search_term_string}"},"query-input":{"@type":"PropertyValueSpecification","valueRequired":true,"valueName":"search_term_string"}}],"inLanguage":"sr-RS"},{"@type":"Person","@id":"https:\/\/spriv.vojvodina.gov.rs\/#\/schema\/person\/749ef4f57fbb458f1c759e7a4fa78485","name":"Sonja Babi\u0107","image":{"@type":"ImageObject","inLanguage":"sr-RS","@id":"https:\/\/secure.gravatar.com\/avatar\/00a1d182a20a59067af1e7b1c31cbcc3be1a456ee4b27746580e120c2582e5bd?s=96&d=mm&r=g","url":"https:\/\/secure.gravatar.com\/avatar\/00a1d182a20a59067af1e7b1c31cbcc3be1a456ee4b27746580e120c2582e5bd?s=96&d=mm&r=g","contentUrl":"https:\/\/secure.gravatar.com\/avatar\/00a1d182a20a59067af1e7b1c31cbcc3be1a456ee4b27746580e120c2582e5bd?s=96&d=mm&r=g","caption":"Sonja Babi\u0107"},"url":"https:\/\/spriv.vojvodina.gov.rs\/rs\/author\/sonja-babic\/"}]}},"_links":{"self":[{"href":"https:\/\/spriv.vojvodina.gov.rs\/rs\/wp-json\/wp\/v2\/posts\/9879","targetHints":{"allow":["GET"]}}],"collection":[{"href":"https:\/\/spriv.vojvodina.gov.rs\/rs\/wp-json\/wp\/v2\/posts"}],"about":[{"href":"https:\/\/spriv.vojvodina.gov.rs\/rs\/wp-json\/wp\/v2\/types\/post"}],"author":[{"embeddable":true,"href":"https:\/\/spriv.vojvodina.gov.rs\/rs\/wp-json\/wp\/v2\/users\/3"}],"replies":[{"embeddable":true,"href":"https:\/\/spriv.vojvodina.gov.rs\/rs\/wp-json\/wp\/v2\/comments?post=9879"}],"version-history":[{"count":3,"href":"https:\/\/spriv.vojvodina.gov.rs\/rs\/wp-json\/wp\/v2\/posts\/9879\/revisions"}],"predecessor-version":[{"id":9890,"href":"https:\/\/spriv.vojvodina.gov.rs\/rs\/wp-json\/wp\/v2\/posts\/9879\/revisions\/9890"}],"wp:featuredmedia":[{"embeddable":true,"href":"https:\/\/spriv.vojvodina.gov.rs\/rs\/wp-json\/wp\/v2\/media\/9880"}],"wp:attachment":[{"href":"https:\/\/spriv.vojvodina.gov.rs\/rs\/wp-json\/wp\/v2\/media?parent=9879"}],"wp:term":[{"taxonomy":"category","embeddable":true,"href":"https:\/\/spriv.vojvodina.gov.rs\/rs\/wp-json\/wp\/v2\/categories?post=9879"},{"taxonomy":"post_tag","embeddable":true,"href":"https:\/\/spriv.vojvodina.gov.rs\/rs\/wp-json\/wp\/v2\/tags?post=9879"}],"curies":[{"name":"wp","href":"https:\/\/api.w.org\/{rel}","templated":true}]}}