{"id":957,"date":"2015-09-12T09:23:20","date_gmt":"2015-09-12T09:23:20","guid":{"rendered":"http:\/\/spriv.vojvodina.gov.rs\/2015\/09\/12\/miroslav-vasin-na-obelezavanju-dana-vojvodine-u-celju\/"},"modified":"2015-09-12T09:23:20","modified_gmt":"2015-09-12T09:23:20","slug":"miroslav-vasin-na-obelezavanju-dana-vojvodine-u-celju","status":"publish","type":"post","link":"https:\/\/spriv.vojvodina.gov.rs\/rs\/miroslav-vasin-na-obelezavanju-dana-vojvodine-u-celju\/","title":{"rendered":"Miroslav Vasin na obele\u017eavanju Dana Vojvodine u Celju"},"content":{"rendered":"<p style=\"text-align: justify;\"><strong><img loading=\"lazy\" decoding=\"async\" class=\" alignleft size-full wp-image-953\" src=\"http:\/\/spriv.vojvodina.gov.rs\/wp-content\/uploads\/2015\/09\/11092015_celje_mala.jpg\" border=\"0\" alt=\"\" align=\"left\" width=\"120\" height=\"80\" \/>Novi Sad, 11. septembar 2015.<\/strong> &#8211; U okviru Me\u0111unarodnog sajma privrede u Celju, na \u0161tandu Pokrajinskog sekretarijata za privredu, zapo\u0161ljavanje i ravnopravnost polova, danas je odr\u017ean tradicionalni Dan Vojvodine. Na konferenciji za \u0161tampu potpredsednika Pokrajinske vlade i pokrajinskog sekretara za privredu, zapo\u0161ljavanje i ravnopravnost polova Miroslava Vasina, u\u010de\u0161\u0107e su uzeli i ministar privrede u Vladi Republike Slovenije Zdravko Po\u010dival\u0161ek i predsednik Privredne komore Vojvodine Ratko Filipovi\u0107.<\/p>\n<p style=\"text-align: justify;\">Kao i prethodnih godina, zavr\u0161nica dana Vojvodine bi\u0107e uprili\u010dena u vidu Vojvo\u0111anske ve\u010deri, na kojoj \u0107e prisustvovati brojni privrednici i predstavnici institucija i organizacija iz Slovenije. U mestu La\u0161ko bi\u0107e predstavljena i turisti\u010dka ponuda Vojvodine, sa posebnim osvrtom na projekat \u201eBogatstvo razli\u010ditosti\u201c, koji Sekretarijat realizuje u saradnji sa turisti\u010dkim klasterom ,,Istar 021\u201c iz Novog Sada.<\/p>\n<p style=\"text-align: center;\"><img loading=\"lazy\" decoding=\"async\" class=\" size-full wp-image-954\" src=\"http:\/\/spriv.vojvodina.gov.rs\/wp-content\/uploads\/2015\/09\/11092015_celje_2.jpg\" border=\"0\" alt=\"\" width=\"580\" height=\"387\" srcset=\"https:\/\/spriv.vojvodina.gov.rs\/wp-content\/uploads\/2015\/09\/11092015_celje_2.jpg 580w, https:\/\/spriv.vojvodina.gov.rs\/wp-content\/uploads\/2015\/09\/11092015_celje_2-300x200.jpg 300w\" sizes=\"auto, (max-width: 580px) 100vw, 580px\" \/><\/p>\n<p style=\"text-align: justify;\">Prilikom predstavljanja projekta, akcenat je stavljen na muzi\u010dku, folklornu i gastronomsku razli\u010ditost Vojvodine, uz degustaciju najboljih vina sa na\u0161ih prostora. Ovaj projekat ima za cilj da kroz razvoj obilazaka i tura multikulturalnih oblasti i mesta, regiju Podunavlje predstavi kao jedinstven turisti\u010dki proizvod. Kulturno i prirodno bogatstvo kojim pokrajina raspola\u017ee je i dalje nepoznanica za svetske turiste a njegova promocija doprinosi formiranju brenda celog podru\u010dja. Projektom se obezbe\u0111uju i uslovi za otvaranje novih radnih mesta u selima, stimuli\u0161u se mladi, seoske \u017eene i ostali nezaposleni da ostanu u ruralnim podru\u010djima i doprinesu razvoju svojih op\u0161tina, te na taj na\u010din pospe\u0161e plasman lokalnih proizvoda i podignu svest o neophodnosti o\u010duvanja \u017eivotne sredine.<\/p>\n<p style=\"text-align: justify;\">Pored toga, svaka regionalna komora je ovom prilikom predstavila ponudu autohtonih kulinarskih specijaliteta svog regiona.<\/p>\n<p style=\"text-align: justify;\">U sklopu ovogodi\u0161njeg nastupa, po peti put je organizovan susret predsednika regionalnih privrednih komora sa podru\u010dja Srbije, Slovenije, Bosne i Hercegovine i Hrvatske. Inicijatori odr\u017eavanja ovog skupa su privredne komore Srbije i Vojvodine. Cilj susreta je pro\u0161irenje i unapre\u0111enje kako privredne saradnje Srbije i Slovenije, tako i celog regiona, \u0161to \u0107e svakako rezultirati kvalitetnijim pomakom u saradnji i ostvarenju jo\u0161 intenzivnije saradnje u oblasti privrede u narednom periodu.<\/p>\n<p style=\"text-align: center;\"><img loading=\"lazy\" decoding=\"async\" class=\" size-full wp-image-955\" src=\"http:\/\/spriv.vojvodina.gov.rs\/wp-content\/uploads\/2015\/09\/11092015_celje_1.jpg\" border=\"0\" alt=\"\" width=\"580\" height=\"387\" srcset=\"https:\/\/spriv.vojvodina.gov.rs\/wp-content\/uploads\/2015\/09\/11092015_celje_1.jpg 580w, https:\/\/spriv.vojvodina.gov.rs\/wp-content\/uploads\/2015\/09\/11092015_celje_1-300x200.jpg 300w\" sizes=\"auto, (max-width: 580px) 100vw, 580px\" \/><\/p>\n<p style=\"text-align: justify;\">Susret je otvorio potpredsednik Pokrajinske vlade i pokrajinski sekretar Miroslav Vasin, u prisustvu ambasadora Republike Srbije u Ljubljani Aleksandra Radovanovi\u0107a, poslanika Evropskog parlamenta Igora \u0160oltesa, predsednika Gospodarske zbornice Slovenije Marjana Ma\u010dko\u0161eka, izvr\u0161ne direktorice Celjskog sajma Brede Obrez Preskar, kao i predsednika regionalnih privrednih komora iz Srbije, Slovenije, Hrvatske i Republike Srpske.<\/p>\n","protected":false},"excerpt":{"rendered":"Novi Sad, 11. septembar 2015. &#8211; U okviru Me\u0111unarodnog sajma privrede u Celju, na \u0161tandu Pokrajinskog sekretarijata za privredu, zapo\u0161ljavanje i ravnopravnost polova, danas je odr\u017ean tradicionalni Dan Vojvodine. Na konferenciji za \u0161tampu potpredsednika Pokrajinske vlade i pokrajinskog sekretara za privredu, zapo\u0161ljavanje i ravnopravnost polova Miroslava Vasina, u\u010de\u0161\u0107e su uzeli i ministar privrede u Vladi Republike Slovenije Zdravko Po\u010dival\u0161ek i predsednik Privredne komore Vojvodine Ratko Filipovi\u0107.\n<a class=\"moretag\" href=\"https:\/\/spriv.vojvodina.gov.rs\/rs\/miroslav-vasin-na-obelezavanju-dana-vojvodine-u-celju\/\"> [...]<\/a>","protected":false},"author":3,"featured_media":953,"comment_status":"closed","ping_status":"closed","sticky":false,"template":"","format":"standard","meta":{"footnotes":""},"categories":[31],"tags":[],"class_list":["post-957","post","type-post","status-publish","format-standard","has-post-thumbnail","hentry","category-vesti-latinica1"],"yoast_head":"<!-- This site is optimized with the Yoast SEO plugin v27.4 - https:\/\/yoast.com\/product\/yoast-seo-wordpress\/ -->\n<title>Miroslav Vasin na obele\u017eavanju Dana Vojvodine u Celju - \u041f\u043e\u043a\u0440\u0430\u0458\u0438\u043d\u0441\u043a\u0438 \u0441\u0435\u043a\u0440\u0435\u0442\u0430\u0440\u0438\u0458\u0430\u0442 \u0437\u0430 \u043f\u0440\u0438\u0432\u0440\u0435\u0434\u0443 \u0438 \u0442\u0443\u0440\u0438\u0437\u0430\u043c<\/title>\n<meta name=\"robots\" content=\"index, follow, max-snippet:-1, max-image-preview:large, max-video-preview:-1\" \/>\n<link rel=\"canonical\" href=\"https:\/\/spriv.vojvodina.gov.rs\/rs\/miroslav-vasin-na-obelezavanju-dana-vojvodine-u-celju\/\" \/>\n<meta property=\"og:locale\" content=\"sr_RS\" \/>\n<meta property=\"og:type\" content=\"article\" \/>\n<meta property=\"og:title\" content=\"Miroslav Vasin na obele\u017eavanju Dana Vojvodine u Celju - \u041f\u043e\u043a\u0440\u0430\u0458\u0438\u043d\u0441\u043a\u0438 \u0441\u0435\u043a\u0440\u0435\u0442\u0430\u0440\u0438\u0458\u0430\u0442 \u0437\u0430 \u043f\u0440\u0438\u0432\u0440\u0435\u0434\u0443 \u0438 \u0442\u0443\u0440\u0438\u0437\u0430\u043c\" \/>\n<meta property=\"og:description\" content=\"Novi Sad, 11. septembar 2015. - U okviru Me\u0111unarodnog sajma privrede u Celju, na \u0161tandu Pokrajinskog sekretarijata za privredu, zapo\u0161ljavanje i ravnopravnost polova, danas je odr\u017ean tradicionalni Dan Vojvodine. Na konferenciji za \u0161tampu potpredsednika Pokrajinske vlade i pokrajinskog sekretara za privredu, zapo\u0161ljavanje i ravnopravnost polova Miroslava Vasina, u\u010de\u0161\u0107e su uzeli i ministar privrede u Vladi Republike Slovenije Zdravko Po\u010dival\u0161ek i predsednik Privredne komore Vojvodine Ratko Filipovi\u0107.\" \/>\n<meta property=\"og:url\" content=\"https:\/\/spriv.vojvodina.gov.rs\/miroslav-vasin-na-obelezavanju-dana-vojvodine-u-celju\/\" \/>\n<meta property=\"og:site_name\" content=\"\u041f\u043e\u043a\u0440\u0430\u0458\u0438\u043d\u0441\u043a\u0438 \u0441\u0435\u043a\u0440\u0435\u0442\u0430\u0440\u0438\u0458\u0430\u0442 \u0437\u0430 \u043f\u0440\u0438\u0432\u0440\u0435\u0434\u0443 \u0438 \u0442\u0443\u0440\u0438\u0437\u0430\u043c\" \/>\n<meta property=\"article:published_time\" content=\"2015-09-12T09:23:20+00:00\" \/>\n<meta property=\"og:image\" content=\"https:\/\/spriv.vojvodina.gov.rs\/wp-content\/uploads\/2015\/09\/11092015_celje_mala.jpg\" \/>\n\t<meta property=\"og:image:width\" content=\"120\" \/>\n\t<meta property=\"og:image:height\" content=\"80\" \/>\n\t<meta property=\"og:image:type\" content=\"image\/jpeg\" \/>\n<meta name=\"author\" content=\"Sonja Babi\u0107\" \/>\n<meta name=\"twitter:card\" content=\"summary_large_image\" \/>\n<meta name=\"twitter:label1\" content=\"\u041d\u0430\u043f\u0438\u0441\u0430\u043d\u043e \u043e\u0434\" \/>\n\t<meta name=\"twitter:data1\" content=\"Sonja Babi\u0107\" \/>\n\t<meta name=\"twitter:label2\" content=\"\u041f\u0440\u043e\u0446\u0435\u045a\u0435\u043d\u043e \u0432\u0440\u0435\u043c\u0435 \u0447\u0438\u0442\u0430\u045a\u0430\" \/>\n\t<meta name=\"twitter:data2\" content=\"2 \u043c\u0438\u043d\u0443\u0442\u0430\" \/>\n<script type=\"application\/ld+json\" class=\"yoast-schema-graph\">{\"@context\":\"https:\\\/\\\/schema.org\",\"@graph\":[{\"@type\":\"Article\",\"@id\":\"https:\\\/\\\/spriv.vojvodina.gov.rs\\\/miroslav-vasin-na-obelezavanju-dana-vojvodine-u-celju\\\/#article\",\"isPartOf\":{\"@id\":\"https:\\\/\\\/spriv.vojvodina.gov.rs\\\/miroslav-vasin-na-obelezavanju-dana-vojvodine-u-celju\\\/\"},\"author\":{\"name\":\"Sonja Babi\u0107\",\"@id\":\"https:\\\/\\\/spriv.vojvodina.gov.rs\\\/#\\\/schema\\\/person\\\/749ef4f57fbb458f1c759e7a4fa78485\"},\"headline\":\"Miroslav Vasin na obele\u017eavanju Dana Vojvodine u Celju\",\"datePublished\":\"2015-09-12T09:23:20+00:00\",\"mainEntityOfPage\":{\"@id\":\"https:\\\/\\\/spriv.vojvodina.gov.rs\\\/miroslav-vasin-na-obelezavanju-dana-vojvodine-u-celju\\\/\"},\"wordCount\":411,\"image\":{\"@id\":\"https:\\\/\\\/spriv.vojvodina.gov.rs\\\/miroslav-vasin-na-obelezavanju-dana-vojvodine-u-celju\\\/#primaryimage\"},\"thumbnailUrl\":\"https:\\\/\\\/spriv.vojvodina.gov.rs\\\/wp-content\\\/uploads\\\/2015\\\/09\\\/11092015_celje_mala.jpg\",\"articleSection\":[\"Vesti Latinica\"],\"inLanguage\":\"sr-RS\"},{\"@type\":\"WebPage\",\"@id\":\"https:\\\/\\\/spriv.vojvodina.gov.rs\\\/miroslav-vasin-na-obelezavanju-dana-vojvodine-u-celju\\\/\",\"url\":\"https:\\\/\\\/spriv.vojvodina.gov.rs\\\/miroslav-vasin-na-obelezavanju-dana-vojvodine-u-celju\\\/\",\"name\":\"Miroslav Vasin na obele\u017eavanju Dana Vojvodine u Celju - \u041f\u043e\u043a\u0440\u0430\u0458\u0438\u043d\u0441\u043a\u0438 \u0441\u0435\u043a\u0440\u0435\u0442\u0430\u0440\u0438\u0458\u0430\u0442 \u0437\u0430 \u043f\u0440\u0438\u0432\u0440\u0435\u0434\u0443 \u0438 \u0442\u0443\u0440\u0438\u0437\u0430\u043c\",\"isPartOf\":{\"@id\":\"https:\\\/\\\/spriv.vojvodina.gov.rs\\\/#website\"},\"primaryImageOfPage\":{\"@id\":\"https:\\\/\\\/spriv.vojvodina.gov.rs\\\/miroslav-vasin-na-obelezavanju-dana-vojvodine-u-celju\\\/#primaryimage\"},\"image\":{\"@id\":\"https:\\\/\\\/spriv.vojvodina.gov.rs\\\/miroslav-vasin-na-obelezavanju-dana-vojvodine-u-celju\\\/#primaryimage\"},\"thumbnailUrl\":\"https:\\\/\\\/spriv.vojvodina.gov.rs\\\/wp-content\\\/uploads\\\/2015\\\/09\\\/11092015_celje_mala.jpg\",\"datePublished\":\"2015-09-12T09:23:20+00:00\",\"author\":{\"@id\":\"https:\\\/\\\/spriv.vojvodina.gov.rs\\\/#\\\/schema\\\/person\\\/749ef4f57fbb458f1c759e7a4fa78485\"},\"breadcrumb\":{\"@id\":\"https:\\\/\\\/spriv.vojvodina.gov.rs\\\/miroslav-vasin-na-obelezavanju-dana-vojvodine-u-celju\\\/#breadcrumb\"},\"inLanguage\":\"sr-RS\",\"potentialAction\":[{\"@type\":\"ReadAction\",\"target\":[\"https:\\\/\\\/spriv.vojvodina.gov.rs\\\/miroslav-vasin-na-obelezavanju-dana-vojvodine-u-celju\\\/\"]}]},{\"@type\":\"ImageObject\",\"inLanguage\":\"sr-RS\",\"@id\":\"https:\\\/\\\/spriv.vojvodina.gov.rs\\\/miroslav-vasin-na-obelezavanju-dana-vojvodine-u-celju\\\/#primaryimage\",\"url\":\"https:\\\/\\\/spriv.vojvodina.gov.rs\\\/wp-content\\\/uploads\\\/2015\\\/09\\\/11092015_celje_mala.jpg\",\"contentUrl\":\"https:\\\/\\\/spriv.vojvodina.gov.rs\\\/wp-content\\\/uploads\\\/2015\\\/09\\\/11092015_celje_mala.jpg\",\"width\":120,\"height\":80},{\"@type\":\"BreadcrumbList\",\"@id\":\"https:\\\/\\\/spriv.vojvodina.gov.rs\\\/miroslav-vasin-na-obelezavanju-dana-vojvodine-u-celju\\\/#breadcrumb\",\"itemListElement\":[{\"@type\":\"ListItem\",\"position\":1,\"name\":\"Home\",\"item\":\"https:\\\/\\\/spriv.vojvodina.gov.rs\\\/\"},{\"@type\":\"ListItem\",\"position\":2,\"name\":\"Miroslav Vasin na obele\u017eavanju Dana Vojvodine u Celju\"}]},{\"@type\":\"WebSite\",\"@id\":\"https:\\\/\\\/spriv.vojvodina.gov.rs\\\/#website\",\"url\":\"https:\\\/\\\/spriv.vojvodina.gov.rs\\\/\",\"name\":\"\u041f\u043e\u043a\u0440\u0430\u0458\u0438\u043d\u0441\u043a\u0438 \u0441\u0435\u043a\u0440\u0435\u0442\u0430\u0440\u0438\u0458\u0430\u0442 \u0437\u0430 \u043f\u0440\u0438\u0432\u0440\u0435\u0434\u0443 \u0438 \u0442\u0443\u0440\u0438\u0437\u0430\u043c\",\"description\":\"\u041f\u043e\u043a\u0440\u0430\u0458\u0438\u043d\u0441\u043a\u0438 \u0441\u0435\u043a\u0440\u0435\u0442\u0430\u0440\u0438\u0458\u0430\u0442 \u0437\u0430 \u043f\u0440\u0438\u0432\u0440\u0435\u0434\u0443 \u0438 \u0442\u0443\u0440\u0438\u0437\u0430\u043c\",\"potentialAction\":[{\"@type\":\"SearchAction\",\"target\":{\"@type\":\"EntryPoint\",\"urlTemplate\":\"https:\\\/\\\/spriv.vojvodina.gov.rs\\\/?s={search_term_string}\"},\"query-input\":{\"@type\":\"PropertyValueSpecification\",\"valueRequired\":true,\"valueName\":\"search_term_string\"}}],\"inLanguage\":\"sr-RS\"},{\"@type\":\"Person\",\"@id\":\"https:\\\/\\\/spriv.vojvodina.gov.rs\\\/#\\\/schema\\\/person\\\/749ef4f57fbb458f1c759e7a4fa78485\",\"name\":\"Sonja Babi\u0107\",\"image\":{\"@type\":\"ImageObject\",\"inLanguage\":\"sr-RS\",\"@id\":\"https:\\\/\\\/secure.gravatar.com\\\/avatar\\\/00a1d182a20a59067af1e7b1c31cbcc3be1a456ee4b27746580e120c2582e5bd?s=96&d=mm&r=g\",\"url\":\"https:\\\/\\\/secure.gravatar.com\\\/avatar\\\/00a1d182a20a59067af1e7b1c31cbcc3be1a456ee4b27746580e120c2582e5bd?s=96&d=mm&r=g\",\"contentUrl\":\"https:\\\/\\\/secure.gravatar.com\\\/avatar\\\/00a1d182a20a59067af1e7b1c31cbcc3be1a456ee4b27746580e120c2582e5bd?s=96&d=mm&r=g\",\"caption\":\"Sonja Babi\u0107\"},\"url\":\"https:\\\/\\\/spriv.vojvodina.gov.rs\\\/rs\\\/author\\\/sonja-babic\\\/\"}]}<\/script>\n<!-- \/ Yoast SEO plugin. -->","yoast_head_json":{"title":"Miroslav Vasin na obele\u017eavanju Dana Vojvodine u Celju - \u041f\u043e\u043a\u0440\u0430\u0458\u0438\u043d\u0441\u043a\u0438 \u0441\u0435\u043a\u0440\u0435\u0442\u0430\u0440\u0438\u0458\u0430\u0442 \u0437\u0430 \u043f\u0440\u0438\u0432\u0440\u0435\u0434\u0443 \u0438 \u0442\u0443\u0440\u0438\u0437\u0430\u043c","robots":{"index":"index","follow":"follow","max-snippet":"max-snippet:-1","max-image-preview":"max-image-preview:large","max-video-preview":"max-video-preview:-1"},"canonical":"https:\/\/spriv.vojvodina.gov.rs\/rs\/miroslav-vasin-na-obelezavanju-dana-vojvodine-u-celju\/","og_locale":"sr_RS","og_type":"article","og_title":"Miroslav Vasin na obele\u017eavanju Dana Vojvodine u Celju - \u041f\u043e\u043a\u0440\u0430\u0458\u0438\u043d\u0441\u043a\u0438 \u0441\u0435\u043a\u0440\u0435\u0442\u0430\u0440\u0438\u0458\u0430\u0442 \u0437\u0430 \u043f\u0440\u0438\u0432\u0440\u0435\u0434\u0443 \u0438 \u0442\u0443\u0440\u0438\u0437\u0430\u043c","og_description":"Novi Sad, 11. septembar 2015. - U okviru Me\u0111unarodnog sajma privrede u Celju, na \u0161tandu Pokrajinskog sekretarijata za privredu, zapo\u0161ljavanje i ravnopravnost polova, danas je odr\u017ean tradicionalni Dan Vojvodine. Na konferenciji za \u0161tampu potpredsednika Pokrajinske vlade i pokrajinskog sekretara za privredu, zapo\u0161ljavanje i ravnopravnost polova Miroslava Vasina, u\u010de\u0161\u0107e su uzeli i ministar privrede u Vladi Republike Slovenije Zdravko Po\u010dival\u0161ek i predsednik Privredne komore Vojvodine Ratko Filipovi\u0107.","og_url":"https:\/\/spriv.vojvodina.gov.rs\/miroslav-vasin-na-obelezavanju-dana-vojvodine-u-celju\/","og_site_name":"\u041f\u043e\u043a\u0440\u0430\u0458\u0438\u043d\u0441\u043a\u0438 \u0441\u0435\u043a\u0440\u0435\u0442\u0430\u0440\u0438\u0458\u0430\u0442 \u0437\u0430 \u043f\u0440\u0438\u0432\u0440\u0435\u0434\u0443 \u0438 \u0442\u0443\u0440\u0438\u0437\u0430\u043c","article_published_time":"2015-09-12T09:23:20+00:00","og_image":[{"width":120,"height":80,"url":"https:\/\/spriv.vojvodina.gov.rs\/wp-content\/uploads\/2015\/09\/11092015_celje_mala.jpg","type":"image\/jpeg"}],"author":"Sonja Babi\u0107","twitter_card":"summary_large_image","twitter_misc":{"\u041d\u0430\u043f\u0438\u0441\u0430\u043d\u043e \u043e\u0434":"Sonja Babi\u0107","\u041f\u0440\u043e\u0446\u0435\u045a\u0435\u043d\u043e \u0432\u0440\u0435\u043c\u0435 \u0447\u0438\u0442\u0430\u045a\u0430":"2 \u043c\u0438\u043d\u0443\u0442\u0430"},"schema":{"@context":"https:\/\/schema.org","@graph":[{"@type":"Article","@id":"https:\/\/spriv.vojvodina.gov.rs\/miroslav-vasin-na-obelezavanju-dana-vojvodine-u-celju\/#article","isPartOf":{"@id":"https:\/\/spriv.vojvodina.gov.rs\/miroslav-vasin-na-obelezavanju-dana-vojvodine-u-celju\/"},"author":{"name":"Sonja Babi\u0107","@id":"https:\/\/spriv.vojvodina.gov.rs\/#\/schema\/person\/749ef4f57fbb458f1c759e7a4fa78485"},"headline":"Miroslav Vasin na obele\u017eavanju Dana Vojvodine u Celju","datePublished":"2015-09-12T09:23:20+00:00","mainEntityOfPage":{"@id":"https:\/\/spriv.vojvodina.gov.rs\/miroslav-vasin-na-obelezavanju-dana-vojvodine-u-celju\/"},"wordCount":411,"image":{"@id":"https:\/\/spriv.vojvodina.gov.rs\/miroslav-vasin-na-obelezavanju-dana-vojvodine-u-celju\/#primaryimage"},"thumbnailUrl":"https:\/\/spriv.vojvodina.gov.rs\/wp-content\/uploads\/2015\/09\/11092015_celje_mala.jpg","articleSection":["Vesti Latinica"],"inLanguage":"sr-RS"},{"@type":"WebPage","@id":"https:\/\/spriv.vojvodina.gov.rs\/miroslav-vasin-na-obelezavanju-dana-vojvodine-u-celju\/","url":"https:\/\/spriv.vojvodina.gov.rs\/miroslav-vasin-na-obelezavanju-dana-vojvodine-u-celju\/","name":"Miroslav Vasin na obele\u017eavanju Dana Vojvodine u Celju - \u041f\u043e\u043a\u0440\u0430\u0458\u0438\u043d\u0441\u043a\u0438 \u0441\u0435\u043a\u0440\u0435\u0442\u0430\u0440\u0438\u0458\u0430\u0442 \u0437\u0430 \u043f\u0440\u0438\u0432\u0440\u0435\u0434\u0443 \u0438 \u0442\u0443\u0440\u0438\u0437\u0430\u043c","isPartOf":{"@id":"https:\/\/spriv.vojvodina.gov.rs\/#website"},"primaryImageOfPage":{"@id":"https:\/\/spriv.vojvodina.gov.rs\/miroslav-vasin-na-obelezavanju-dana-vojvodine-u-celju\/#primaryimage"},"image":{"@id":"https:\/\/spriv.vojvodina.gov.rs\/miroslav-vasin-na-obelezavanju-dana-vojvodine-u-celju\/#primaryimage"},"thumbnailUrl":"https:\/\/spriv.vojvodina.gov.rs\/wp-content\/uploads\/2015\/09\/11092015_celje_mala.jpg","datePublished":"2015-09-12T09:23:20+00:00","author":{"@id":"https:\/\/spriv.vojvodina.gov.rs\/#\/schema\/person\/749ef4f57fbb458f1c759e7a4fa78485"},"breadcrumb":{"@id":"https:\/\/spriv.vojvodina.gov.rs\/miroslav-vasin-na-obelezavanju-dana-vojvodine-u-celju\/#breadcrumb"},"inLanguage":"sr-RS","potentialAction":[{"@type":"ReadAction","target":["https:\/\/spriv.vojvodina.gov.rs\/miroslav-vasin-na-obelezavanju-dana-vojvodine-u-celju\/"]}]},{"@type":"ImageObject","inLanguage":"sr-RS","@id":"https:\/\/spriv.vojvodina.gov.rs\/miroslav-vasin-na-obelezavanju-dana-vojvodine-u-celju\/#primaryimage","url":"https:\/\/spriv.vojvodina.gov.rs\/wp-content\/uploads\/2015\/09\/11092015_celje_mala.jpg","contentUrl":"https:\/\/spriv.vojvodina.gov.rs\/wp-content\/uploads\/2015\/09\/11092015_celje_mala.jpg","width":120,"height":80},{"@type":"BreadcrumbList","@id":"https:\/\/spriv.vojvodina.gov.rs\/miroslav-vasin-na-obelezavanju-dana-vojvodine-u-celju\/#breadcrumb","itemListElement":[{"@type":"ListItem","position":1,"name":"Home","item":"https:\/\/spriv.vojvodina.gov.rs\/"},{"@type":"ListItem","position":2,"name":"Miroslav Vasin na obele\u017eavanju Dana Vojvodine u Celju"}]},{"@type":"WebSite","@id":"https:\/\/spriv.vojvodina.gov.rs\/#website","url":"https:\/\/spriv.vojvodina.gov.rs\/","name":"\u041f\u043e\u043a\u0440\u0430\u0458\u0438\u043d\u0441\u043a\u0438 \u0441\u0435\u043a\u0440\u0435\u0442\u0430\u0440\u0438\u0458\u0430\u0442 \u0437\u0430 \u043f\u0440\u0438\u0432\u0440\u0435\u0434\u0443 \u0438 \u0442\u0443\u0440\u0438\u0437\u0430\u043c","description":"\u041f\u043e\u043a\u0440\u0430\u0458\u0438\u043d\u0441\u043a\u0438 \u0441\u0435\u043a\u0440\u0435\u0442\u0430\u0440\u0438\u0458\u0430\u0442 \u0437\u0430 \u043f\u0440\u0438\u0432\u0440\u0435\u0434\u0443 \u0438 \u0442\u0443\u0440\u0438\u0437\u0430\u043c","potentialAction":[{"@type":"SearchAction","target":{"@type":"EntryPoint","urlTemplate":"https:\/\/spriv.vojvodina.gov.rs\/?s={search_term_string}"},"query-input":{"@type":"PropertyValueSpecification","valueRequired":true,"valueName":"search_term_string"}}],"inLanguage":"sr-RS"},{"@type":"Person","@id":"https:\/\/spriv.vojvodina.gov.rs\/#\/schema\/person\/749ef4f57fbb458f1c759e7a4fa78485","name":"Sonja Babi\u0107","image":{"@type":"ImageObject","inLanguage":"sr-RS","@id":"https:\/\/secure.gravatar.com\/avatar\/00a1d182a20a59067af1e7b1c31cbcc3be1a456ee4b27746580e120c2582e5bd?s=96&d=mm&r=g","url":"https:\/\/secure.gravatar.com\/avatar\/00a1d182a20a59067af1e7b1c31cbcc3be1a456ee4b27746580e120c2582e5bd?s=96&d=mm&r=g","contentUrl":"https:\/\/secure.gravatar.com\/avatar\/00a1d182a20a59067af1e7b1c31cbcc3be1a456ee4b27746580e120c2582e5bd?s=96&d=mm&r=g","caption":"Sonja Babi\u0107"},"url":"https:\/\/spriv.vojvodina.gov.rs\/rs\/author\/sonja-babic\/"}]}},"_links":{"self":[{"href":"https:\/\/spriv.vojvodina.gov.rs\/rs\/wp-json\/wp\/v2\/posts\/957","targetHints":{"allow":["GET"]}}],"collection":[{"href":"https:\/\/spriv.vojvodina.gov.rs\/rs\/wp-json\/wp\/v2\/posts"}],"about":[{"href":"https:\/\/spriv.vojvodina.gov.rs\/rs\/wp-json\/wp\/v2\/types\/post"}],"author":[{"embeddable":true,"href":"https:\/\/spriv.vojvodina.gov.rs\/rs\/wp-json\/wp\/v2\/users\/3"}],"replies":[{"embeddable":true,"href":"https:\/\/spriv.vojvodina.gov.rs\/rs\/wp-json\/wp\/v2\/comments?post=957"}],"version-history":[{"count":0,"href":"https:\/\/spriv.vojvodina.gov.rs\/rs\/wp-json\/wp\/v2\/posts\/957\/revisions"}],"wp:featuredmedia":[{"embeddable":true,"href":"https:\/\/spriv.vojvodina.gov.rs\/rs\/wp-json\/wp\/v2\/media\/953"}],"wp:attachment":[{"href":"https:\/\/spriv.vojvodina.gov.rs\/rs\/wp-json\/wp\/v2\/media?parent=957"}],"wp:term":[{"taxonomy":"category","embeddable":true,"href":"https:\/\/spriv.vojvodina.gov.rs\/rs\/wp-json\/wp\/v2\/categories?post=957"},{"taxonomy":"post_tag","embeddable":true,"href":"https:\/\/spriv.vojvodina.gov.rs\/rs\/wp-json\/wp\/v2\/tags?post=957"}],"curies":[{"name":"wp","href":"https:\/\/api.w.org\/{rel}","templated":true}]}}