{"id":9541,"date":"2022-10-25T10:21:43","date_gmt":"2022-10-25T10:21:43","guid":{"rendered":"http:\/\/spriv.vojvodina.gov.rs\/?p=9541"},"modified":"2022-10-26T10:26:33","modified_gmt":"2022-10-26T10:26:33","slug":"%d1%81%d0%b5%d0%ba%d1%80%d0%b5%d1%82%d0%b0%d1%80-%d0%b8%d0%b2%d0%b0%d0%bd%d0%b8%d1%88%d0%b5%d0%b2%d0%b8%d1%9b-%d0%be%d1%82%d0%b2%d0%be%d1%80%d0%b8%d0%be-%d1%81%d1%82%d1%80%d1%83%d1%87%d0%bd%d0%b8","status":"publish","type":"post","link":"https:\/\/spriv.vojvodina.gov.rs\/rs\/%d1%81%d0%b5%d0%ba%d1%80%d0%b5%d1%82%d0%b0%d1%80-%d0%b8%d0%b2%d0%b0%d0%bd%d0%b8%d1%88%d0%b5%d0%b2%d0%b8%d1%9b-%d0%be%d1%82%d0%b2%d0%be%d1%80%d0%b8%d0%be-%d1%81%d1%82%d1%80%d1%83%d1%87%d0%bd%d0%b8\/","title":{"rendered":"Sekretar Ivani\u0161evi\u0107 otvorio stru\u010dni skup posve\u0107en strategiji pametne specijalizacije Republike Srbije: turizam u fokusu Regiona Vojvodine i predstavljanje privrede kao benefita"},"content":{"rendered":"<p>Novi Sad, 25. oktobar 2022. &#8211; Radna grupa Nacionalnog konventa o Evropskoj uniji koja prati Poglavlje 22 \u2013 Regionalni razvoj i koordinacija strukturnih instrumenata, organizator je dana\u0161njeg doga\u0111aja, odnosno stru\u010dnog skupa posve\u0107enog ulozi strategije pametne specijalizacije u razvoju Nomenklature statisti\u010dkih teritorijalnih jedinica (NSTJ 2) regiona u Republici Srbiji. Skup je odr\u017ean u prostorijama Privredne komore Vojvodine u Novom Sadu, a prisutni su imali priliku da se upoznaju sa elementima Strategije za period 2020-2027. godine i na\u010dinima na koje sprovo\u0111enje iste doprinosi stvaranju uslova za razvoj NSTJ 2 regiona u Srbiji, a to su Beogradski region, Region Vojvodne, \u0160umadije i Zapadne Srbije, Ju\u017ene i Isto\u010dne Srbije i Region Kosovo i Metohija. Sama nomenklatura NSTJ 2 je veoma va\u017ena, budu\u0107i da je re\u010d o osnovnom nivou za primenu politika regionalnog razvoja.<\/p>\n<p><img loading=\"lazy\" decoding=\"async\" class=\"aligncenter wp-image-9544 size-large\" src=\"http:\/\/spriv.vojvodina.gov.rs\/wp-content\/uploads\/2022\/10\/DSC_0194-1024x683.jpg\" alt=\"\" width=\"747\" height=\"498\" srcset=\"https:\/\/spriv.vojvodina.gov.rs\/wp-content\/uploads\/2022\/10\/DSC_0194-1024x683.jpg 1024w, https:\/\/spriv.vojvodina.gov.rs\/wp-content\/uploads\/2022\/10\/DSC_0194-300x200.jpg 300w, https:\/\/spriv.vojvodina.gov.rs\/wp-content\/uploads\/2022\/10\/DSC_0194-768x512.jpg 768w, https:\/\/spriv.vojvodina.gov.rs\/wp-content\/uploads\/2022\/10\/DSC_0194-1536x1025.jpg 1536w, https:\/\/spriv.vojvodina.gov.rs\/wp-content\/uploads\/2022\/10\/DSC_0194-2048x1367.jpg 2048w\" sizes=\"auto, (max-width: 747px) 100vw, 747px\" \/><\/p>\n<p>Pametna specijalizacija (S3 \u2013 eng. Smart Specialization Strategy) je osmi\u0161ljena u okviru reformisane kohezione politike Evropske komisije, kao lokalno utemeljen strate\u0161ki pristup koji karakteri\u0161e identifikaciju prioritetnih oblasti koje treba podr\u017eati. Razvoj Strategije je, zapravo, osnovni uslov kori\u0161\u0107enja evropskih strukturnih i kohezionih fondova i preduslov je kordinacije u programiranju i kori\u0161\u0107enju EU fondova, \u0161to predstavlja jedan od njenih najva\u017enijih elemenata.<\/p>\n<p>Dono\u0161enje Strategije pametne specijalizacije na NUTS 2 nivou je ujedno i preduslov da konkurisanje za sredstva iz strukturnih fondova.<\/p>\n<p>Dana\u0161nji konstruktivni dijalog izme\u0111u predstavnika organizacija civilnog dru\u0161tva, aktera regionalnog razvoja Srbije i akademske zajednice, u mnogome doprinosi sagledavanju glavne prepreke br\u017eem napretku Srbije na putu evropskih integracija, posebno kada je u pitanju unapre\u0111enje institucionalnog kapaciteta kako na lokalnom, tako i na regionalnom nivou za kreiranje tra\u017enje za otkrivanjem razvojnih potencijala i ja\u010danje apsorpcione mo\u0107i istih za kori\u0161\u0107enje sredstava iz fondova EU.<\/p>\n<p><img loading=\"lazy\" decoding=\"async\" class=\"aligncenter wp-image-9543 size-large\" src=\"http:\/\/spriv.vojvodina.gov.rs\/wp-content\/uploads\/2022\/10\/DSC_0170-1-1024x683.jpg\" alt=\"\" width=\"747\" height=\"498\" srcset=\"https:\/\/spriv.vojvodina.gov.rs\/wp-content\/uploads\/2022\/10\/DSC_0170-1-1024x683.jpg 1024w, https:\/\/spriv.vojvodina.gov.rs\/wp-content\/uploads\/2022\/10\/DSC_0170-1-300x200.jpg 300w, https:\/\/spriv.vojvodina.gov.rs\/wp-content\/uploads\/2022\/10\/DSC_0170-1-768x512.jpg 768w, https:\/\/spriv.vojvodina.gov.rs\/wp-content\/uploads\/2022\/10\/DSC_0170-1-1536x1025.jpg 1536w, https:\/\/spriv.vojvodina.gov.rs\/wp-content\/uploads\/2022\/10\/DSC_0170-1-2048x1367.jpg 2048w\" sizes=\"auto, (max-width: 747px) 100vw, 747px\" \/><\/p>\n<p>Pokrajinski sekretar za privredu i turizam, dr Nenad Ivani\u0161evi\u0107, uzeo je u\u010de\u0161\u0107e kako u uvodnom delu skupa, tako i kao prvi govornik u radnom delu, koji je dao osvrt na Pametnu specijalizaciju u funkciji razvoja turizma Vojvodine, uz primere dobre prakse koji potkrepnjljuju njenu ulogu u unapre\u0111enju ove privredne grane u Pokrajini.<\/p>\n<blockquote><p>,,Lepo je govoriti o temi koja je budu\u0107nost i zahvaljujem se Konventu i Privrednoj komori Vojvodine na organizaciji dana\u0161njeg skupa koji nam omogu\u0107ava da govorimo o stvarima koje \u0107e se desiti i da vrlo objektivno ka\u017eemo gde smo danas. Danas govorimo o rezultatima u turisti\u010dkoj privredi i \u0161aljemo poruku privredi da se o\u010dekuje ve\u0107a produktivnost, ali i bavljenje modernim tokovima privrede. Ne mo\u017eemo se zaustaviti i prekinuti obrazovanje, jer \u0107e se u tom slu\u010daju privreda pretvoriti u stari zanat. Potrebna nam je visoko sofisticirana proizvodnja i ponosan sam na to \u0161to je Vojvodina centar IT industrije u regionu&#8220;, rekao je Ivani\u0161evi\u0107, dodav\u0161i da cela privreda mora da shvati \u0161ta je tr\u017ei\u0161te, koje su okolnosti na tr\u017ei\u0161tu, \u0161ta se od nje o\u010dekuje i koji nivo produktivnosti je neophodan za isplativost onoga \u0161to se proizvodi.<\/p><\/blockquote>\n<p>Otvaraju\u0107i skup, pokrajinski sekretar Ivani\u0161evi\u0107 je naglasio da je sprovo\u0111enje svih zadataka u okviru strategije veoma va\u017eno, prevashodno zbog dostizanja odre\u0111enog visokog kvaliteta \u017eivota gra\u0111ana i povoljne privredne klime u AP Vojvodini i Republici Srbiji, kao i zbog neophodnosti sprovo\u0111enja digitalne transformacije privrede i poljoprivrede, ali i zbog promene percepcije o privredi i stremljenjima aktuelnih trendova.<\/p>\n<p><img loading=\"lazy\" decoding=\"async\" class=\"aligncenter wp-image-9548 size-large\" src=\"http:\/\/spriv.vojvodina.gov.rs\/wp-content\/uploads\/2022\/10\/DSC_0240-1024x683.jpg\" alt=\"\" width=\"747\" height=\"498\" srcset=\"https:\/\/spriv.vojvodina.gov.rs\/wp-content\/uploads\/2022\/10\/DSC_0240-1024x683.jpg 1024w, https:\/\/spriv.vojvodina.gov.rs\/wp-content\/uploads\/2022\/10\/DSC_0240-300x200.jpg 300w, https:\/\/spriv.vojvodina.gov.rs\/wp-content\/uploads\/2022\/10\/DSC_0240-768x512.jpg 768w, https:\/\/spriv.vojvodina.gov.rs\/wp-content\/uploads\/2022\/10\/DSC_0240-1536x1025.jpg 1536w, https:\/\/spriv.vojvodina.gov.rs\/wp-content\/uploads\/2022\/10\/DSC_0240-2048x1367.jpg 2048w\" sizes=\"auto, (max-width: 747px) 100vw, 747px\" \/><\/p>\n<p>Strategija pametne specijalizacije (S3) predstavlja sveobuhvatnu agendu za privrednu transformaciju koja uklju\u010duje usmeravanje podr\u0161ke i investicija na klju\u010dne nacionalne, odnosno regionalne prioritete, izazove i potrebe za razvojem zasnovanim na znanju, komparativnim prednostima i potencijalu za izvrsnost odre\u0111ene dr\u017eave ili regiona, potom uklju\u010duje podr\u0161ku tehnolo\u0161kim i prakti\u010dnim inovacijama sa ciljem da se ohrabre investicije privatnog sektora, a podsti\u010de inovacije i eksperimentisanje. Strategija je zasnovana na dokazima i postojanju sistema pra\u0107enja i evaluacije.<\/p>\n<p>Prema glavnom dokumentu za sprovo\u0111enje Strategije pametne specijaliacije (S3) koji je razvila Evropska komisija (eng. Guide to Research and Innovation Strategies for Smart Specialisations), Strategija se sprovodi kroz \u0161est osnovnih koraka, a zasnovana je na procesu preduzetni\u010dkog otkrivanja, pri \u010demu preduzetnici u \u0161irem smislu (privredna dru\u0161tva, visoko obrazovne institucije, individualni inventori i inovatori) su u najboljoj poziciji da otkriju oblasti istra\u017eivanja, razvoja i inovacija u kojima dr\u017eava ili region mo\u017ee napredovati sa postoje\u0107im mogu\u0107nostima i proizvodnim faktorima.<\/p>\n<p><img loading=\"lazy\" decoding=\"async\" class=\"aligncenter wp-image-9547 size-large\" src=\"http:\/\/spriv.vojvodina.gov.rs\/wp-content\/uploads\/2022\/10\/DSC_0231-1024x683.jpg\" alt=\"\" width=\"747\" height=\"498\" srcset=\"https:\/\/spriv.vojvodina.gov.rs\/wp-content\/uploads\/2022\/10\/DSC_0231-1024x683.jpg 1024w, https:\/\/spriv.vojvodina.gov.rs\/wp-content\/uploads\/2022\/10\/DSC_0231-300x200.jpg 300w, https:\/\/spriv.vojvodina.gov.rs\/wp-content\/uploads\/2022\/10\/DSC_0231-768x512.jpg 768w, https:\/\/spriv.vojvodina.gov.rs\/wp-content\/uploads\/2022\/10\/DSC_0231-1536x1025.jpg 1536w, https:\/\/spriv.vojvodina.gov.rs\/wp-content\/uploads\/2022\/10\/DSC_0231-2048x1367.jpg 2048w\" sizes=\"auto, (max-width: 747px) 100vw, 747px\" \/><\/p>\n<p>Proces preduzetni\u010dkog otkrivanja (eng. Entrepreneurial Discovery Process \u2013 EDP) predstavlja klju\u010dni proces u definisanju prioriteta Strategije, dok EDP kao bottom-up pristup, jeste klju\u010dna razlika izme\u0111u kreiranja RIS3 i ranijih inovacionih strategija. Neophodnost postojanja EDP-a govori da je potreban mehanizam kako bi saslu\u0161ali preduzetnike, istra\u017eiva\u010de i gra\u0111ane u cilju identifikacije potencijalnih prioriteta, uz preduzetni\u010dko u\u010denje koje je kao interaktivan proces, zasnovan na ciljanom dijalogu koji okuplja razli\u010dite subjekte u cilju otkrivanja prioritetnih oblasti pametne specijalizacije i razvoja politika za njihovu implementaciju.<\/p>\n<p>U\u010desnici dana\u0161njeg skupa su i Branislav Mami\u0107, Sekretar Udru\u017eenja usluga Privredne komore Vojvodine, Nata\u0161a Dragojlovi\u0107, Koordinatorka NKEU, dr Jelica Mini\u0107, Predsednica Evropskog pokreta u Srbiji (EPuS), prof. dr Viktor Nedovi\u0107, koordinator Strategije pametne specijalizacije Srbije (4S) i drugi relevantni stru\u010dnjaci.<\/p>\n<p><img loading=\"lazy\" decoding=\"async\" class=\"aligncenter wp-image-9545 size-large\" src=\"http:\/\/spriv.vojvodina.gov.rs\/wp-content\/uploads\/2022\/10\/DSC_0196-1-1024x683.jpg\" alt=\"\" width=\"747\" height=\"498\" srcset=\"https:\/\/spriv.vojvodina.gov.rs\/wp-content\/uploads\/2022\/10\/DSC_0196-1-1024x683.jpg 1024w, https:\/\/spriv.vojvodina.gov.rs\/wp-content\/uploads\/2022\/10\/DSC_0196-1-300x200.jpg 300w, https:\/\/spriv.vojvodina.gov.rs\/wp-content\/uploads\/2022\/10\/DSC_0196-1-768x512.jpg 768w, https:\/\/spriv.vojvodina.gov.rs\/wp-content\/uploads\/2022\/10\/DSC_0196-1-1536x1025.jpg 1536w, https:\/\/spriv.vojvodina.gov.rs\/wp-content\/uploads\/2022\/10\/DSC_0196-1-2048x1367.jpg 2048w\" sizes=\"auto, (max-width: 747px) 100vw, 747px\" \/><\/p>","protected":false},"excerpt":{"rendered":"Novi Sad, 25. oktobar 2022. &#8211; Radna grupa Nacionalnog konventa o Evropskoj uniji koja prati Poglavlje 22 \u2013 Regionalni razvoj i koordinacija strukturnih \n<a class=\"moretag\" href=\"https:\/\/spriv.vojvodina.gov.rs\/rs\/%d1%81%d0%b5%d0%ba%d1%80%d0%b5%d1%82%d0%b0%d1%80-%d0%b8%d0%b2%d0%b0%d0%bd%d0%b8%d1%88%d0%b5%d0%b2%d0%b8%d1%9b-%d0%be%d1%82%d0%b2%d0%be%d1%80%d0%b8%d0%be-%d1%81%d1%82%d1%80%d1%83%d1%87%d0%bd%d0%b8\/\"> [...]<\/a>","protected":false},"author":3,"featured_media":9547,"comment_status":"closed","ping_status":"closed","sticky":false,"template":"","format":"standard","meta":{"footnotes":""},"categories":[53],"tags":[],"class_list":["post-9541","post","type-post","status-publish","format-standard","has-post-thumbnail","hentry","category-vesti"],"yoast_head":"<!-- This site is optimized with the Yoast SEO plugin v27.5 - https:\/\/yoast.com\/product\/yoast-seo-wordpress\/ -->\n<title>Sekretar Ivani\u0161evi\u0107 otvorio stru\u010dni skup posve\u0107en strategiji pametne specijalizacije Republike Srbije: turizam u fokusu Regiona Vojvodine i predstavljanje privrede kao benefita - \u041f\u043e\u043a\u0440\u0430\u0458\u0438\u043d\u0441\u043a\u0438 \u0441\u0435\u043a\u0440\u0435\u0442\u0430\u0440\u0438\u0458\u0430\u0442 \u0437\u0430 \u043f\u0440\u0438\u0432\u0440\u0435\u0434\u0443 \u0438 \u0442\u0443\u0440\u0438\u0437\u0430\u043c<\/title>\n<meta name=\"robots\" content=\"index, follow, max-snippet:-1, max-image-preview:large, max-video-preview:-1\" \/>\n<link rel=\"canonical\" href=\"https:\/\/spriv.vojvodina.gov.rs\/rs\/\u0441\u0435\u043a\u0440\u0435\u0442\u0430\u0440-\u0438\u0432\u0430\u043d\u0438\u0448\u0435\u0432\u0438\u045b-\u043e\u0442\u0432\u043e\u0440\u0438\u043e-\u0441\u0442\u0440\u0443\u0447\u043d\u0438\/\" \/>\n<meta property=\"og:locale\" content=\"sr_RS\" \/>\n<meta property=\"og:type\" content=\"article\" \/>\n<meta property=\"og:title\" content=\"Sekretar Ivani\u0161evi\u0107 otvorio stru\u010dni skup posve\u0107en strategiji pametne specijalizacije Republike Srbije: turizam u fokusu Regiona Vojvodine i predstavljanje privrede kao benefita - \u041f\u043e\u043a\u0440\u0430\u0458\u0438\u043d\u0441\u043a\u0438 \u0441\u0435\u043a\u0440\u0435\u0442\u0430\u0440\u0438\u0458\u0430\u0442 \u0437\u0430 \u043f\u0440\u0438\u0432\u0440\u0435\u0434\u0443 \u0438 \u0442\u0443\u0440\u0438\u0437\u0430\u043c\" \/>\n<meta property=\"og:description\" content=\"Novi Sad, 25. oktobar 2022. &#8211; Radna grupa Nacionalnog konventa o Evropskoj uniji koja prati Poglavlje 22 \u2013 Regionalni razvoj i koordinacija strukturnih\" \/>\n<meta property=\"og:url\" content=\"https:\/\/spriv.vojvodina.gov.rs\/\u0441\u0435\u043a\u0440\u0435\u0442\u0430\u0440-\u0438\u0432\u0430\u043d\u0438\u0448\u0435\u0432\u0438\u045b-\u043e\u0442\u0432\u043e\u0440\u0438\u043e-\u0441\u0442\u0440\u0443\u0447\u043d\u0438\/\" \/>\n<meta property=\"og:site_name\" content=\"\u041f\u043e\u043a\u0440\u0430\u0458\u0438\u043d\u0441\u043a\u0438 \u0441\u0435\u043a\u0440\u0435\u0442\u0430\u0440\u0438\u0458\u0430\u0442 \u0437\u0430 \u043f\u0440\u0438\u0432\u0440\u0435\u0434\u0443 \u0438 \u0442\u0443\u0440\u0438\u0437\u0430\u043c\" \/>\n<meta property=\"article:published_time\" content=\"2022-10-25T10:21:43+00:00\" \/>\n<meta property=\"article:modified_time\" content=\"2022-10-26T10:26:33+00:00\" \/>\n<meta property=\"og:image\" content=\"https:\/\/spriv.vojvodina.gov.rs\/wp-content\/uploads\/2022\/10\/DSC_0231-scaled.jpg\" \/>\n\t<meta property=\"og:image:width\" content=\"2560\" \/>\n\t<meta property=\"og:image:height\" content=\"1708\" \/>\n\t<meta property=\"og:image:type\" content=\"image\/jpeg\" \/>\n<meta name=\"author\" content=\"Sonja Babi\u0107\" \/>\n<meta name=\"twitter:card\" content=\"summary_large_image\" \/>\n<meta name=\"twitter:label1\" content=\"\u041d\u0430\u043f\u0438\u0441\u0430\u043d\u043e \u043e\u0434\" \/>\n\t<meta name=\"twitter:data1\" content=\"Sonja Babi\u0107\" \/>\n\t<meta name=\"twitter:label2\" content=\"\u041f\u0440\u043e\u0446\u0435\u045a\u0435\u043d\u043e \u0432\u0440\u0435\u043c\u0435 \u0447\u0438\u0442\u0430\u045a\u0430\" \/>\n\t<meta name=\"twitter:data2\" content=\"4 \u043c\u0438\u043d\u0443\u0442\u0430\" \/>\n<script type=\"application\/ld+json\" class=\"yoast-schema-graph\">{\"@context\":\"https:\\\/\\\/schema.org\",\"@graph\":[{\"@type\":\"Article\",\"@id\":\"https:\\\/\\\/spriv.vojvodina.gov.rs\\\/%d1%81%d0%b5%d0%ba%d1%80%d0%b5%d1%82%d0%b0%d1%80-%d0%b8%d0%b2%d0%b0%d0%bd%d0%b8%d1%88%d0%b5%d0%b2%d0%b8%d1%9b-%d0%be%d1%82%d0%b2%d0%be%d1%80%d0%b8%d0%be-%d1%81%d1%82%d1%80%d1%83%d1%87%d0%bd%d0%b8\\\/#article\",\"isPartOf\":{\"@id\":\"https:\\\/\\\/spriv.vojvodina.gov.rs\\\/%d1%81%d0%b5%d0%ba%d1%80%d0%b5%d1%82%d0%b0%d1%80-%d0%b8%d0%b2%d0%b0%d0%bd%d0%b8%d1%88%d0%b5%d0%b2%d0%b8%d1%9b-%d0%be%d1%82%d0%b2%d0%be%d1%80%d0%b8%d0%be-%d1%81%d1%82%d1%80%d1%83%d1%87%d0%bd%d0%b8\\\/\"},\"author\":{\"name\":\"Sonja Babi\u0107\",\"@id\":\"https:\\\/\\\/spriv.vojvodina.gov.rs\\\/#\\\/schema\\\/person\\\/749ef4f57fbb458f1c759e7a4fa78485\"},\"headline\":\"Sekretar Ivani\u0161evi\u0107 otvorio stru\u010dni skup posve\u0107en strategiji pametne specijalizacije Republike Srbije: turizam u fokusu Regiona Vojvodine i predstavljanje privrede kao benefita\",\"datePublished\":\"2022-10-25T10:21:43+00:00\",\"dateModified\":\"2022-10-26T10:26:33+00:00\",\"mainEntityOfPage\":{\"@id\":\"https:\\\/\\\/spriv.vojvodina.gov.rs\\\/%d1%81%d0%b5%d0%ba%d1%80%d0%b5%d1%82%d0%b0%d1%80-%d0%b8%d0%b2%d0%b0%d0%bd%d0%b8%d1%88%d0%b5%d0%b2%d0%b8%d1%9b-%d0%be%d1%82%d0%b2%d0%be%d1%80%d0%b8%d0%be-%d1%81%d1%82%d1%80%d1%83%d1%87%d0%bd%d0%b8\\\/\"},\"wordCount\":1681,\"image\":{\"@id\":\"https:\\\/\\\/spriv.vojvodina.gov.rs\\\/%d1%81%d0%b5%d0%ba%d1%80%d0%b5%d1%82%d0%b0%d1%80-%d0%b8%d0%b2%d0%b0%d0%bd%d0%b8%d1%88%d0%b5%d0%b2%d0%b8%d1%9b-%d0%be%d1%82%d0%b2%d0%be%d1%80%d0%b8%d0%be-%d1%81%d1%82%d1%80%d1%83%d1%87%d0%bd%d0%b8\\\/#primaryimage\"},\"thumbnailUrl\":\"https:\\\/\\\/spriv.vojvodina.gov.rs\\\/wp-content\\\/uploads\\\/2022\\\/10\\\/DSC_0231-scaled.jpg\",\"articleSection\":[\"Vesti\"],\"inLanguage\":\"sr-RS\"},{\"@type\":\"WebPage\",\"@id\":\"https:\\\/\\\/spriv.vojvodina.gov.rs\\\/%d1%81%d0%b5%d0%ba%d1%80%d0%b5%d1%82%d0%b0%d1%80-%d0%b8%d0%b2%d0%b0%d0%bd%d0%b8%d1%88%d0%b5%d0%b2%d0%b8%d1%9b-%d0%be%d1%82%d0%b2%d0%be%d1%80%d0%b8%d0%be-%d1%81%d1%82%d1%80%d1%83%d1%87%d0%bd%d0%b8\\\/\",\"url\":\"https:\\\/\\\/spriv.vojvodina.gov.rs\\\/%d1%81%d0%b5%d0%ba%d1%80%d0%b5%d1%82%d0%b0%d1%80-%d0%b8%d0%b2%d0%b0%d0%bd%d0%b8%d1%88%d0%b5%d0%b2%d0%b8%d1%9b-%d0%be%d1%82%d0%b2%d0%be%d1%80%d0%b8%d0%be-%d1%81%d1%82%d1%80%d1%83%d1%87%d0%bd%d0%b8\\\/\",\"name\":\"Sekretar Ivani\u0161evi\u0107 otvorio stru\u010dni skup posve\u0107en strategiji pametne specijalizacije Republike Srbije: turizam u fokusu Regiona Vojvodine i predstavljanje privrede kao benefita - \u041f\u043e\u043a\u0440\u0430\u0458\u0438\u043d\u0441\u043a\u0438 \u0441\u0435\u043a\u0440\u0435\u0442\u0430\u0440\u0438\u0458\u0430\u0442 \u0437\u0430 \u043f\u0440\u0438\u0432\u0440\u0435\u0434\u0443 \u0438 \u0442\u0443\u0440\u0438\u0437\u0430\u043c\",\"isPartOf\":{\"@id\":\"https:\\\/\\\/spriv.vojvodina.gov.rs\\\/#website\"},\"primaryImageOfPage\":{\"@id\":\"https:\\\/\\\/spriv.vojvodina.gov.rs\\\/%d1%81%d0%b5%d0%ba%d1%80%d0%b5%d1%82%d0%b0%d1%80-%d0%b8%d0%b2%d0%b0%d0%bd%d0%b8%d1%88%d0%b5%d0%b2%d0%b8%d1%9b-%d0%be%d1%82%d0%b2%d0%be%d1%80%d0%b8%d0%be-%d1%81%d1%82%d1%80%d1%83%d1%87%d0%bd%d0%b8\\\/#primaryimage\"},\"image\":{\"@id\":\"https:\\\/\\\/spriv.vojvodina.gov.rs\\\/%d1%81%d0%b5%d0%ba%d1%80%d0%b5%d1%82%d0%b0%d1%80-%d0%b8%d0%b2%d0%b0%d0%bd%d0%b8%d1%88%d0%b5%d0%b2%d0%b8%d1%9b-%d0%be%d1%82%d0%b2%d0%be%d1%80%d0%b8%d0%be-%d1%81%d1%82%d1%80%d1%83%d1%87%d0%bd%d0%b8\\\/#primaryimage\"},\"thumbnailUrl\":\"https:\\\/\\\/spriv.vojvodina.gov.rs\\\/wp-content\\\/uploads\\\/2022\\\/10\\\/DSC_0231-scaled.jpg\",\"datePublished\":\"2022-10-25T10:21:43+00:00\",\"dateModified\":\"2022-10-26T10:26:33+00:00\",\"author\":{\"@id\":\"https:\\\/\\\/spriv.vojvodina.gov.rs\\\/#\\\/schema\\\/person\\\/749ef4f57fbb458f1c759e7a4fa78485\"},\"breadcrumb\":{\"@id\":\"https:\\\/\\\/spriv.vojvodina.gov.rs\\\/%d1%81%d0%b5%d0%ba%d1%80%d0%b5%d1%82%d0%b0%d1%80-%d0%b8%d0%b2%d0%b0%d0%bd%d0%b8%d1%88%d0%b5%d0%b2%d0%b8%d1%9b-%d0%be%d1%82%d0%b2%d0%be%d1%80%d0%b8%d0%be-%d1%81%d1%82%d1%80%d1%83%d1%87%d0%bd%d0%b8\\\/#breadcrumb\"},\"inLanguage\":\"sr-RS\",\"potentialAction\":[{\"@type\":\"ReadAction\",\"target\":[\"https:\\\/\\\/spriv.vojvodina.gov.rs\\\/%d1%81%d0%b5%d0%ba%d1%80%d0%b5%d1%82%d0%b0%d1%80-%d0%b8%d0%b2%d0%b0%d0%bd%d0%b8%d1%88%d0%b5%d0%b2%d0%b8%d1%9b-%d0%be%d1%82%d0%b2%d0%be%d1%80%d0%b8%d0%be-%d1%81%d1%82%d1%80%d1%83%d1%87%d0%bd%d0%b8\\\/\"]}]},{\"@type\":\"ImageObject\",\"inLanguage\":\"sr-RS\",\"@id\":\"https:\\\/\\\/spriv.vojvodina.gov.rs\\\/%d1%81%d0%b5%d0%ba%d1%80%d0%b5%d1%82%d0%b0%d1%80-%d0%b8%d0%b2%d0%b0%d0%bd%d0%b8%d1%88%d0%b5%d0%b2%d0%b8%d1%9b-%d0%be%d1%82%d0%b2%d0%be%d1%80%d0%b8%d0%be-%d1%81%d1%82%d1%80%d1%83%d1%87%d0%bd%d0%b8\\\/#primaryimage\",\"url\":\"https:\\\/\\\/spriv.vojvodina.gov.rs\\\/wp-content\\\/uploads\\\/2022\\\/10\\\/DSC_0231-scaled.jpg\",\"contentUrl\":\"https:\\\/\\\/spriv.vojvodina.gov.rs\\\/wp-content\\\/uploads\\\/2022\\\/10\\\/DSC_0231-scaled.jpg\",\"width\":2560,\"height\":1708},{\"@type\":\"BreadcrumbList\",\"@id\":\"https:\\\/\\\/spriv.vojvodina.gov.rs\\\/%d1%81%d0%b5%d0%ba%d1%80%d0%b5%d1%82%d0%b0%d1%80-%d0%b8%d0%b2%d0%b0%d0%bd%d0%b8%d1%88%d0%b5%d0%b2%d0%b8%d1%9b-%d0%be%d1%82%d0%b2%d0%be%d1%80%d0%b8%d0%be-%d1%81%d1%82%d1%80%d1%83%d1%87%d0%bd%d0%b8\\\/#breadcrumb\",\"itemListElement\":[{\"@type\":\"ListItem\",\"position\":1,\"name\":\"Home\",\"item\":\"https:\\\/\\\/spriv.vojvodina.gov.rs\\\/\"},{\"@type\":\"ListItem\",\"position\":2,\"name\":\"\u0421\u0435\u043a\u0440\u0435\u0442\u0430\u0440 \u0418\u0432\u0430\u043d\u0438\u0448\u0435\u0432\u0438\u045b \u043e\u0442\u0432\u043e\u0440\u0438\u043e \u0441\u0442\u0440\u0443\u0447\u043d\u0438 \u0441\u043a\u0443\u043f \u043f\u043e\u0441\u0432\u0435\u045b\u0435\u043d \u0441\u0442\u0440\u0430\u0442\u0435\u0433\u0438\u0458\u0438 \u043f\u0430\u043c\u0435\u0442\u043d\u0435 \u0441\u043f\u0435\u0446\u0438\u0458\u0430\u043b\u0438\u0437\u0430\u0446\u0438\u0458\u0435 \u0420\u0435\u043f\u0443\u0431\u043b\u0438\u043a\u0435 \u0421\u0440\u0431\u0438\u0458\u0435: \u0442\u0443\u0440\u0438\u0437\u0430\u043c \u0443 \u0444\u043e\u043a\u0443\u0441\u0443 \u0420\u0435\u0433\u0438\u043e\u043d\u0430 \u0412\u043e\u0458\u0432\u043e\u0434\u0438\u043d\u0435 \u0438 \u043f\u0440\u0435\u0434\u0441\u0442\u0430\u0432\u0459\u0430\u045a\u0435 \u043f\u0440\u0438\u0432\u0440\u0435\u0434\u0435 \u043a\u0430\u043e \u0431\u0435\u043d\u0435\u0444\u0438\u0442\u0430\"}]},{\"@type\":\"WebSite\",\"@id\":\"https:\\\/\\\/spriv.vojvodina.gov.rs\\\/#website\",\"url\":\"https:\\\/\\\/spriv.vojvodina.gov.rs\\\/\",\"name\":\"\u041f\u043e\u043a\u0440\u0430\u0458\u0438\u043d\u0441\u043a\u0438 \u0441\u0435\u043a\u0440\u0435\u0442\u0430\u0440\u0438\u0458\u0430\u0442 \u0437\u0430 \u043f\u0440\u0438\u0432\u0440\u0435\u0434\u0443 \u0438 \u0442\u0443\u0440\u0438\u0437\u0430\u043c\",\"description\":\"\u041f\u043e\u043a\u0440\u0430\u0458\u0438\u043d\u0441\u043a\u0438 \u0441\u0435\u043a\u0440\u0435\u0442\u0430\u0440\u0438\u0458\u0430\u0442 \u0437\u0430 \u043f\u0440\u0438\u0432\u0440\u0435\u0434\u0443 \u0438 \u0442\u0443\u0440\u0438\u0437\u0430\u043c\",\"potentialAction\":[{\"@type\":\"SearchAction\",\"target\":{\"@type\":\"EntryPoint\",\"urlTemplate\":\"https:\\\/\\\/spriv.vojvodina.gov.rs\\\/?s={search_term_string}\"},\"query-input\":{\"@type\":\"PropertyValueSpecification\",\"valueRequired\":true,\"valueName\":\"search_term_string\"}}],\"inLanguage\":\"sr-RS\"},{\"@type\":\"Person\",\"@id\":\"https:\\\/\\\/spriv.vojvodina.gov.rs\\\/#\\\/schema\\\/person\\\/749ef4f57fbb458f1c759e7a4fa78485\",\"name\":\"Sonja Babi\u0107\",\"image\":{\"@type\":\"ImageObject\",\"inLanguage\":\"sr-RS\",\"@id\":\"https:\\\/\\\/secure.gravatar.com\\\/avatar\\\/00a1d182a20a59067af1e7b1c31cbcc3be1a456ee4b27746580e120c2582e5bd?s=96&d=mm&r=g\",\"url\":\"https:\\\/\\\/secure.gravatar.com\\\/avatar\\\/00a1d182a20a59067af1e7b1c31cbcc3be1a456ee4b27746580e120c2582e5bd?s=96&d=mm&r=g\",\"contentUrl\":\"https:\\\/\\\/secure.gravatar.com\\\/avatar\\\/00a1d182a20a59067af1e7b1c31cbcc3be1a456ee4b27746580e120c2582e5bd?s=96&d=mm&r=g\",\"caption\":\"Sonja Babi\u0107\"},\"url\":\"https:\\\/\\\/spriv.vojvodina.gov.rs\\\/rs\\\/author\\\/sonja-babic\\\/\"}]}<\/script>\n<!-- \/ Yoast SEO plugin. -->","yoast_head_json":{"title":"Sekretar Ivani\u0161evi\u0107 otvorio stru\u010dni skup posve\u0107en strategiji pametne specijalizacije Republike Srbije: turizam u fokusu Regiona Vojvodine i predstavljanje privrede kao benefita - \u041f\u043e\u043a\u0440\u0430\u0458\u0438\u043d\u0441\u043a\u0438 \u0441\u0435\u043a\u0440\u0435\u0442\u0430\u0440\u0438\u0458\u0430\u0442 \u0437\u0430 \u043f\u0440\u0438\u0432\u0440\u0435\u0434\u0443 \u0438 \u0442\u0443\u0440\u0438\u0437\u0430\u043c","robots":{"index":"index","follow":"follow","max-snippet":"max-snippet:-1","max-image-preview":"max-image-preview:large","max-video-preview":"max-video-preview:-1"},"canonical":"https:\/\/spriv.vojvodina.gov.rs\/rs\/\u0441\u0435\u043a\u0440\u0435\u0442\u0430\u0440-\u0438\u0432\u0430\u043d\u0438\u0448\u0435\u0432\u0438\u045b-\u043e\u0442\u0432\u043e\u0440\u0438\u043e-\u0441\u0442\u0440\u0443\u0447\u043d\u0438\/","og_locale":"sr_RS","og_type":"article","og_title":"Sekretar Ivani\u0161evi\u0107 otvorio stru\u010dni skup posve\u0107en strategiji pametne specijalizacije Republike Srbije: turizam u fokusu Regiona Vojvodine i predstavljanje privrede kao benefita - \u041f\u043e\u043a\u0440\u0430\u0458\u0438\u043d\u0441\u043a\u0438 \u0441\u0435\u043a\u0440\u0435\u0442\u0430\u0440\u0438\u0458\u0430\u0442 \u0437\u0430 \u043f\u0440\u0438\u0432\u0440\u0435\u0434\u0443 \u0438 \u0442\u0443\u0440\u0438\u0437\u0430\u043c","og_description":"Novi Sad, 25. oktobar 2022. &#8211; Radna grupa Nacionalnog konventa o Evropskoj uniji koja prati Poglavlje 22 \u2013 Regionalni razvoj i koordinacija strukturnih","og_url":"https:\/\/spriv.vojvodina.gov.rs\/\u0441\u0435\u043a\u0440\u0435\u0442\u0430\u0440-\u0438\u0432\u0430\u043d\u0438\u0448\u0435\u0432\u0438\u045b-\u043e\u0442\u0432\u043e\u0440\u0438\u043e-\u0441\u0442\u0440\u0443\u0447\u043d\u0438\/","og_site_name":"\u041f\u043e\u043a\u0440\u0430\u0458\u0438\u043d\u0441\u043a\u0438 \u0441\u0435\u043a\u0440\u0435\u0442\u0430\u0440\u0438\u0458\u0430\u0442 \u0437\u0430 \u043f\u0440\u0438\u0432\u0440\u0435\u0434\u0443 \u0438 \u0442\u0443\u0440\u0438\u0437\u0430\u043c","article_published_time":"2022-10-25T10:21:43+00:00","article_modified_time":"2022-10-26T10:26:33+00:00","og_image":[{"width":2560,"height":1708,"url":"https:\/\/spriv.vojvodina.gov.rs\/wp-content\/uploads\/2022\/10\/DSC_0231-scaled.jpg","type":"image\/jpeg"}],"author":"Sonja Babi\u0107","twitter_card":"summary_large_image","twitter_misc":{"\u041d\u0430\u043f\u0438\u0441\u0430\u043d\u043e \u043e\u0434":"Sonja Babi\u0107","\u041f\u0440\u043e\u0446\u0435\u045a\u0435\u043d\u043e \u0432\u0440\u0435\u043c\u0435 \u0447\u0438\u0442\u0430\u045a\u0430":"4 \u043c\u0438\u043d\u0443\u0442\u0430"},"schema":{"@context":"https:\/\/schema.org","@graph":[{"@type":"Article","@id":"https:\/\/spriv.vojvodina.gov.rs\/%d1%81%d0%b5%d0%ba%d1%80%d0%b5%d1%82%d0%b0%d1%80-%d0%b8%d0%b2%d0%b0%d0%bd%d0%b8%d1%88%d0%b5%d0%b2%d0%b8%d1%9b-%d0%be%d1%82%d0%b2%d0%be%d1%80%d0%b8%d0%be-%d1%81%d1%82%d1%80%d1%83%d1%87%d0%bd%d0%b8\/#article","isPartOf":{"@id":"https:\/\/spriv.vojvodina.gov.rs\/%d1%81%d0%b5%d0%ba%d1%80%d0%b5%d1%82%d0%b0%d1%80-%d0%b8%d0%b2%d0%b0%d0%bd%d0%b8%d1%88%d0%b5%d0%b2%d0%b8%d1%9b-%d0%be%d1%82%d0%b2%d0%be%d1%80%d0%b8%d0%be-%d1%81%d1%82%d1%80%d1%83%d1%87%d0%bd%d0%b8\/"},"author":{"name":"Sonja Babi\u0107","@id":"https:\/\/spriv.vojvodina.gov.rs\/#\/schema\/person\/749ef4f57fbb458f1c759e7a4fa78485"},"headline":"Sekretar Ivani\u0161evi\u0107 otvorio stru\u010dni skup posve\u0107en strategiji pametne specijalizacije Republike Srbije: turizam u fokusu Regiona Vojvodine i predstavljanje privrede kao benefita","datePublished":"2022-10-25T10:21:43+00:00","dateModified":"2022-10-26T10:26:33+00:00","mainEntityOfPage":{"@id":"https:\/\/spriv.vojvodina.gov.rs\/%d1%81%d0%b5%d0%ba%d1%80%d0%b5%d1%82%d0%b0%d1%80-%d0%b8%d0%b2%d0%b0%d0%bd%d0%b8%d1%88%d0%b5%d0%b2%d0%b8%d1%9b-%d0%be%d1%82%d0%b2%d0%be%d1%80%d0%b8%d0%be-%d1%81%d1%82%d1%80%d1%83%d1%87%d0%bd%d0%b8\/"},"wordCount":1681,"image":{"@id":"https:\/\/spriv.vojvodina.gov.rs\/%d1%81%d0%b5%d0%ba%d1%80%d0%b5%d1%82%d0%b0%d1%80-%d0%b8%d0%b2%d0%b0%d0%bd%d0%b8%d1%88%d0%b5%d0%b2%d0%b8%d1%9b-%d0%be%d1%82%d0%b2%d0%be%d1%80%d0%b8%d0%be-%d1%81%d1%82%d1%80%d1%83%d1%87%d0%bd%d0%b8\/#primaryimage"},"thumbnailUrl":"https:\/\/spriv.vojvodina.gov.rs\/wp-content\/uploads\/2022\/10\/DSC_0231-scaled.jpg","articleSection":["Vesti"],"inLanguage":"sr-RS"},{"@type":"WebPage","@id":"https:\/\/spriv.vojvodina.gov.rs\/%d1%81%d0%b5%d0%ba%d1%80%d0%b5%d1%82%d0%b0%d1%80-%d0%b8%d0%b2%d0%b0%d0%bd%d0%b8%d1%88%d0%b5%d0%b2%d0%b8%d1%9b-%d0%be%d1%82%d0%b2%d0%be%d1%80%d0%b8%d0%be-%d1%81%d1%82%d1%80%d1%83%d1%87%d0%bd%d0%b8\/","url":"https:\/\/spriv.vojvodina.gov.rs\/%d1%81%d0%b5%d0%ba%d1%80%d0%b5%d1%82%d0%b0%d1%80-%d0%b8%d0%b2%d0%b0%d0%bd%d0%b8%d1%88%d0%b5%d0%b2%d0%b8%d1%9b-%d0%be%d1%82%d0%b2%d0%be%d1%80%d0%b8%d0%be-%d1%81%d1%82%d1%80%d1%83%d1%87%d0%bd%d0%b8\/","name":"Sekretar Ivani\u0161evi\u0107 otvorio stru\u010dni skup posve\u0107en strategiji pametne specijalizacije Republike Srbije: turizam u fokusu Regiona Vojvodine i predstavljanje privrede kao benefita - \u041f\u043e\u043a\u0440\u0430\u0458\u0438\u043d\u0441\u043a\u0438 \u0441\u0435\u043a\u0440\u0435\u0442\u0430\u0440\u0438\u0458\u0430\u0442 \u0437\u0430 \u043f\u0440\u0438\u0432\u0440\u0435\u0434\u0443 \u0438 \u0442\u0443\u0440\u0438\u0437\u0430\u043c","isPartOf":{"@id":"https:\/\/spriv.vojvodina.gov.rs\/#website"},"primaryImageOfPage":{"@id":"https:\/\/spriv.vojvodina.gov.rs\/%d1%81%d0%b5%d0%ba%d1%80%d0%b5%d1%82%d0%b0%d1%80-%d0%b8%d0%b2%d0%b0%d0%bd%d0%b8%d1%88%d0%b5%d0%b2%d0%b8%d1%9b-%d0%be%d1%82%d0%b2%d0%be%d1%80%d0%b8%d0%be-%d1%81%d1%82%d1%80%d1%83%d1%87%d0%bd%d0%b8\/#primaryimage"},"image":{"@id":"https:\/\/spriv.vojvodina.gov.rs\/%d1%81%d0%b5%d0%ba%d1%80%d0%b5%d1%82%d0%b0%d1%80-%d0%b8%d0%b2%d0%b0%d0%bd%d0%b8%d1%88%d0%b5%d0%b2%d0%b8%d1%9b-%d0%be%d1%82%d0%b2%d0%be%d1%80%d0%b8%d0%be-%d1%81%d1%82%d1%80%d1%83%d1%87%d0%bd%d0%b8\/#primaryimage"},"thumbnailUrl":"https:\/\/spriv.vojvodina.gov.rs\/wp-content\/uploads\/2022\/10\/DSC_0231-scaled.jpg","datePublished":"2022-10-25T10:21:43+00:00","dateModified":"2022-10-26T10:26:33+00:00","author":{"@id":"https:\/\/spriv.vojvodina.gov.rs\/#\/schema\/person\/749ef4f57fbb458f1c759e7a4fa78485"},"breadcrumb":{"@id":"https:\/\/spriv.vojvodina.gov.rs\/%d1%81%d0%b5%d0%ba%d1%80%d0%b5%d1%82%d0%b0%d1%80-%d0%b8%d0%b2%d0%b0%d0%bd%d0%b8%d1%88%d0%b5%d0%b2%d0%b8%d1%9b-%d0%be%d1%82%d0%b2%d0%be%d1%80%d0%b8%d0%be-%d1%81%d1%82%d1%80%d1%83%d1%87%d0%bd%d0%b8\/#breadcrumb"},"inLanguage":"sr-RS","potentialAction":[{"@type":"ReadAction","target":["https:\/\/spriv.vojvodina.gov.rs\/%d1%81%d0%b5%d0%ba%d1%80%d0%b5%d1%82%d0%b0%d1%80-%d0%b8%d0%b2%d0%b0%d0%bd%d0%b8%d1%88%d0%b5%d0%b2%d0%b8%d1%9b-%d0%be%d1%82%d0%b2%d0%be%d1%80%d0%b8%d0%be-%d1%81%d1%82%d1%80%d1%83%d1%87%d0%bd%d0%b8\/"]}]},{"@type":"ImageObject","inLanguage":"sr-RS","@id":"https:\/\/spriv.vojvodina.gov.rs\/%d1%81%d0%b5%d0%ba%d1%80%d0%b5%d1%82%d0%b0%d1%80-%d0%b8%d0%b2%d0%b0%d0%bd%d0%b8%d1%88%d0%b5%d0%b2%d0%b8%d1%9b-%d0%be%d1%82%d0%b2%d0%be%d1%80%d0%b8%d0%be-%d1%81%d1%82%d1%80%d1%83%d1%87%d0%bd%d0%b8\/#primaryimage","url":"https:\/\/spriv.vojvodina.gov.rs\/wp-content\/uploads\/2022\/10\/DSC_0231-scaled.jpg","contentUrl":"https:\/\/spriv.vojvodina.gov.rs\/wp-content\/uploads\/2022\/10\/DSC_0231-scaled.jpg","width":2560,"height":1708},{"@type":"BreadcrumbList","@id":"https:\/\/spriv.vojvodina.gov.rs\/%d1%81%d0%b5%d0%ba%d1%80%d0%b5%d1%82%d0%b0%d1%80-%d0%b8%d0%b2%d0%b0%d0%bd%d0%b8%d1%88%d0%b5%d0%b2%d0%b8%d1%9b-%d0%be%d1%82%d0%b2%d0%be%d1%80%d0%b8%d0%be-%d1%81%d1%82%d1%80%d1%83%d1%87%d0%bd%d0%b8\/#breadcrumb","itemListElement":[{"@type":"ListItem","position":1,"name":"Home","item":"https:\/\/spriv.vojvodina.gov.rs\/"},{"@type":"ListItem","position":2,"name":"\u0421\u0435\u043a\u0440\u0435\u0442\u0430\u0440 \u0418\u0432\u0430\u043d\u0438\u0448\u0435\u0432\u0438\u045b \u043e\u0442\u0432\u043e\u0440\u0438\u043e \u0441\u0442\u0440\u0443\u0447\u043d\u0438 \u0441\u043a\u0443\u043f \u043f\u043e\u0441\u0432\u0435\u045b\u0435\u043d \u0441\u0442\u0440\u0430\u0442\u0435\u0433\u0438\u0458\u0438 \u043f\u0430\u043c\u0435\u0442\u043d\u0435 \u0441\u043f\u0435\u0446\u0438\u0458\u0430\u043b\u0438\u0437\u0430\u0446\u0438\u0458\u0435 \u0420\u0435\u043f\u0443\u0431\u043b\u0438\u043a\u0435 \u0421\u0440\u0431\u0438\u0458\u0435: \u0442\u0443\u0440\u0438\u0437\u0430\u043c \u0443 \u0444\u043e\u043a\u0443\u0441\u0443 \u0420\u0435\u0433\u0438\u043e\u043d\u0430 \u0412\u043e\u0458\u0432\u043e\u0434\u0438\u043d\u0435 \u0438 \u043f\u0440\u0435\u0434\u0441\u0442\u0430\u0432\u0459\u0430\u045a\u0435 \u043f\u0440\u0438\u0432\u0440\u0435\u0434\u0435 \u043a\u0430\u043e \u0431\u0435\u043d\u0435\u0444\u0438\u0442\u0430"}]},{"@type":"WebSite","@id":"https:\/\/spriv.vojvodina.gov.rs\/#website","url":"https:\/\/spriv.vojvodina.gov.rs\/","name":"\u041f\u043e\u043a\u0440\u0430\u0458\u0438\u043d\u0441\u043a\u0438 \u0441\u0435\u043a\u0440\u0435\u0442\u0430\u0440\u0438\u0458\u0430\u0442 \u0437\u0430 \u043f\u0440\u0438\u0432\u0440\u0435\u0434\u0443 \u0438 \u0442\u0443\u0440\u0438\u0437\u0430\u043c","description":"\u041f\u043e\u043a\u0440\u0430\u0458\u0438\u043d\u0441\u043a\u0438 \u0441\u0435\u043a\u0440\u0435\u0442\u0430\u0440\u0438\u0458\u0430\u0442 \u0437\u0430 \u043f\u0440\u0438\u0432\u0440\u0435\u0434\u0443 \u0438 \u0442\u0443\u0440\u0438\u0437\u0430\u043c","potentialAction":[{"@type":"SearchAction","target":{"@type":"EntryPoint","urlTemplate":"https:\/\/spriv.vojvodina.gov.rs\/?s={search_term_string}"},"query-input":{"@type":"PropertyValueSpecification","valueRequired":true,"valueName":"search_term_string"}}],"inLanguage":"sr-RS"},{"@type":"Person","@id":"https:\/\/spriv.vojvodina.gov.rs\/#\/schema\/person\/749ef4f57fbb458f1c759e7a4fa78485","name":"Sonja Babi\u0107","image":{"@type":"ImageObject","inLanguage":"sr-RS","@id":"https:\/\/secure.gravatar.com\/avatar\/00a1d182a20a59067af1e7b1c31cbcc3be1a456ee4b27746580e120c2582e5bd?s=96&d=mm&r=g","url":"https:\/\/secure.gravatar.com\/avatar\/00a1d182a20a59067af1e7b1c31cbcc3be1a456ee4b27746580e120c2582e5bd?s=96&d=mm&r=g","contentUrl":"https:\/\/secure.gravatar.com\/avatar\/00a1d182a20a59067af1e7b1c31cbcc3be1a456ee4b27746580e120c2582e5bd?s=96&d=mm&r=g","caption":"Sonja Babi\u0107"},"url":"https:\/\/spriv.vojvodina.gov.rs\/rs\/author\/sonja-babic\/"}]}},"_links":{"self":[{"href":"https:\/\/spriv.vojvodina.gov.rs\/rs\/wp-json\/wp\/v2\/posts\/9541","targetHints":{"allow":["GET"]}}],"collection":[{"href":"https:\/\/spriv.vojvodina.gov.rs\/rs\/wp-json\/wp\/v2\/posts"}],"about":[{"href":"https:\/\/spriv.vojvodina.gov.rs\/rs\/wp-json\/wp\/v2\/types\/post"}],"author":[{"embeddable":true,"href":"https:\/\/spriv.vojvodina.gov.rs\/rs\/wp-json\/wp\/v2\/users\/3"}],"replies":[{"embeddable":true,"href":"https:\/\/spriv.vojvodina.gov.rs\/rs\/wp-json\/wp\/v2\/comments?post=9541"}],"version-history":[{"count":1,"href":"https:\/\/spriv.vojvodina.gov.rs\/rs\/wp-json\/wp\/v2\/posts\/9541\/revisions"}],"predecessor-version":[{"id":9549,"href":"https:\/\/spriv.vojvodina.gov.rs\/rs\/wp-json\/wp\/v2\/posts\/9541\/revisions\/9549"}],"wp:featuredmedia":[{"embeddable":true,"href":"https:\/\/spriv.vojvodina.gov.rs\/rs\/wp-json\/wp\/v2\/media\/9547"}],"wp:attachment":[{"href":"https:\/\/spriv.vojvodina.gov.rs\/rs\/wp-json\/wp\/v2\/media?parent=9541"}],"wp:term":[{"taxonomy":"category","embeddable":true,"href":"https:\/\/spriv.vojvodina.gov.rs\/rs\/wp-json\/wp\/v2\/categories?post=9541"},{"taxonomy":"post_tag","embeddable":true,"href":"https:\/\/spriv.vojvodina.gov.rs\/rs\/wp-json\/wp\/v2\/tags?post=9541"}],"curies":[{"name":"wp","href":"https:\/\/api.w.org\/{rel}","templated":true}]}}