{"id":947,"date":"2015-09-09T09:58:16","date_gmt":"2015-09-09T09:58:16","guid":{"rendered":"http:\/\/spriv.vojvodina.gov.rs\/2015\/09\/09\/kultura-umetnost-i-tradicija-sedam-vojvodanskih-gradova-na-filmu\/"},"modified":"2015-09-09T09:58:16","modified_gmt":"2015-09-09T09:58:16","slug":"kultura-umetnost-i-tradicija-sedam-vojvodanskih-gradova-na-filmu","status":"publish","type":"post","link":"https:\/\/spriv.vojvodina.gov.rs\/rs\/kultura-umetnost-i-tradicija-sedam-vojvodanskih-gradova-na-filmu\/","title":{"rendered":"Kultura, umetnost i tradicija sedam vojvo\u0111anskih gradova na filmu"},"content":{"rendered":"<p style=\"text-align: justify;\"><strong><img loading=\"lazy\" decoding=\"async\" class=\" alignleft size-full wp-image-942\" src=\"http:\/\/spriv.vojvodina.gov.rs\/wp-content\/uploads\/2015\/09\/08092015_prezentacija_mala.jpg\" border=\"0\" alt=\"\" align=\"left\" width=\"120\" height=\"80\" \/>Novi Sad, 8. septembar 2015.<\/strong> &#8211; Filmovi o vojvo\u0111anskim gradovima &#8211; Zrenjaninu, Sremskoj Mitrovici, Pan\u010devu, Subotici, Somboru, Vr\u0161cu i Novom Sadu &#8211; predstavljaju koloplet snimaka sa terena, na najbolji na\u010din prenose kulturno-umetni\u010dki sard\u017eaj i ba\u0161tinu svakog grada, re\u010di su potpredsednika Pokrajinske vlade i pokrajinskog sekretara za privredu, zapo\u0161ljavanje i ravnopravnost polova Miroslava Vasina na dana\u0161njoj projekciji projekta pod nazivom ,,Sedam gradova u Vojvodini\u201c. Video zapis koji objedinjuje inserte sedam jedno\u010dasovnih filmova o turisti\u010dko &#8211; kulturolo\u0161kim potencijalima ovih gradova, prikazan je u Pokrajinskoj vladi pred predstavnicima gradskih organizacija i institucija.<\/p>\n<p style=\"text-align: center;\"><img loading=\"lazy\" decoding=\"async\" class=\" size-full wp-image-943\" src=\"http:\/\/spriv.vojvodina.gov.rs\/wp-content\/uploads\/2015\/09\/08092015_prezentacija_0.jpg\" border=\"0\" alt=\"\" width=\"580\" height=\"387\" srcset=\"https:\/\/spriv.vojvodina.gov.rs\/wp-content\/uploads\/2015\/09\/08092015_prezentacija_0.jpg 580w, https:\/\/spriv.vojvodina.gov.rs\/wp-content\/uploads\/2015\/09\/08092015_prezentacija_0-300x200.jpg 300w\" sizes=\"auto, (max-width: 580px) 100vw, 580px\" \/><\/p>\n<p style=\"text-align: justify;\">\u010cinjenica da sve vi\u0161e turista pose\u0107uje Vojvodinu, u \u010demu prednja\u010de gradovi poput Novog Sada i Subotice, podsticaj je da se o\u017eive i drugi, ne manje va\u017eni gradovi pokrajine, istakao je Miroslav Vasin i dodao da je ovaj projekat motivacija i podstrek ove aktivnosti.<br \/>,,U nadle\u017enosti Sekretarijata za privredu je i oblast turizma, u koji se zna\u010dajno ula\u017ee i doprinosi, a posebno u protekle dve godine, te se o\u010dituju dobri rezultati u pogledu dolaska stranih turista i pove\u0107anje broja no\u0107enja u pokrajini. Tome su umnogome doprinele i turisti\u010dke organizacije gradova Vojvodine. U toku 2014. godine doneta je odluka da se finansira projekat da se o svakom vojvo\u0111anskom gradu, ta\u010dnije o sedam gradova, snimi promotivan dokumentarni film, koji bi slu\u017eio turisti\u010dkim organizacijama u svrhu predstavljanja znamenitosti i svih karakteristi\u010dnih lokaliteta i pojava po kojima je pojedini grad, manje ili vi\u0161e, prepoznatljiv. Nadamo se da \u0107e u narednom periodu ovi filmovi na\u0107i svoju primenu u okviru rada turisti\u010dkih organizacija \u0161irom Vojvodine, kako bi se pobolj\u0161ala vidljivost ovih gradova i njihovog bogatstva, kulture, istorije i tradicije\u201c, rekao je Vasin.<\/p>\n<p style=\"text-align: center;\"><img loading=\"lazy\" decoding=\"async\" class=\" size-full wp-image-944\" src=\"http:\/\/spriv.vojvodina.gov.rs\/wp-content\/uploads\/2015\/09\/08092015_prezentacija_2.jpg\" border=\"0\" alt=\"\" width=\"580\" height=\"387\" srcset=\"https:\/\/spriv.vojvodina.gov.rs\/wp-content\/uploads\/2015\/09\/08092015_prezentacija_2.jpg 580w, https:\/\/spriv.vojvodina.gov.rs\/wp-content\/uploads\/2015\/09\/08092015_prezentacija_2-300x200.jpg 300w\" sizes=\"auto, (max-width: 580px) 100vw, 580px\" \/><\/p>\n<p style=\"text-align: justify;\">U svakom filmu je akcenat stavljen i na igru svetlosti, a \u017eivahnost gradskih ulica isprepletana je sa pitomo\u0161\u0107u Carske bare i Zasavice, kao i sa uzavrelo\u0161\u0107u Dunava i Tami\u0161a. Ovaj do\u017eivljaj za sva \u010dula pru\u017eio je autorima svojevrstan u\u017eitak prilikom rada. Muzeji i ahivi, zaboravljeni dokumenati, galerije, arheolo\u0161ka nalazi\u0161ta i katakombe, te razgovori sa relevantnim li\u010dnostima iz svakog grada, gledaocu \u0107e pru\u017eiti jedinstven uvid u svet stila i ukusa ljudi koji su oblikovali stvarnost na druga\u010diji na\u010din, kroz koju se pro\u017eima bogatsvo istorije ovih prostora. Filmovi su namenjeni boljoj i kreativnijoj prezentaciji turisti\u010dkih organizacija, kao i pobolj\u0161anju vidljivosti ovih gradova na destinacijskim mapama.<\/p>\n<p style=\"text-align: justify;\">Autor filmova je produkcija ,,Pakis\u201c, a pokrovitelj je Pokrajinski sekretarijat za privredu, zapo\u0161ljavanje i ravnopravnost polova. Dana\u0161njoj premijeri prisustvovao je i pokrajinski sekretar za energetiku i mineralne sirovine Nenad Stankovi\u0107.<\/p>\n<p style=\"text-align: center;\"><img loading=\"lazy\" decoding=\"async\" class=\" size-full wp-image-945\" src=\"http:\/\/spriv.vojvodina.gov.rs\/wp-content\/uploads\/2015\/09\/08092015_prezentacija_1.jpg\" border=\"0\" alt=\"\" width=\"580\" height=\"387\" srcset=\"https:\/\/spriv.vojvodina.gov.rs\/wp-content\/uploads\/2015\/09\/08092015_prezentacija_1.jpg 580w, https:\/\/spriv.vojvodina.gov.rs\/wp-content\/uploads\/2015\/09\/08092015_prezentacija_1-300x200.jpg 300w\" sizes=\"auto, (max-width: 580px) 100vw, 580px\" \/><\/p>\n","protected":false},"excerpt":{"rendered":"Novi Sad, 8. septembar 2015. &#8211; Filmovi o vojvo\u0111anskim gradovima &#8211; Zrenjaninu, Sremskoj Mitrovici, Pan\u010devu, Subotici, Somboru, Vr\u0161cu i Novom Sadu &#8211; predstavljaju koloplet snimaka sa terena, na najbolji na\u010din prenose kulturno-umetni\u010dki sard\u017eaj i ba\u0161tinu svakog grada, re\u010di su potpredsednika Pokrajinske vlade i pokrajinskog sekretara za privredu, zapo\u0161ljavanje i ravnopravnost polova Miroslava Vasina na dana\u0161njoj projekciji projekta pod nazivom ,,Sedam gradova u Vojvodini\u201c. Video zapis koji objedinjuje inserte sedam jedno\u010dasovnih filmova o turisti\u010dko &#8211; kulturolo\u0161kim potencijalima ovih gradova, prikazan je u Pokrajinskoj vladi pred predstavnicima gradskih organizacija i institucija.\n<a class=\"moretag\" href=\"https:\/\/spriv.vojvodina.gov.rs\/rs\/kultura-umetnost-i-tradicija-sedam-vojvodanskih-gradova-na-filmu\/\"> [...]<\/a>","protected":false},"author":3,"featured_media":942,"comment_status":"closed","ping_status":"closed","sticky":false,"template":"","format":"standard","meta":{"footnotes":""},"categories":[31],"tags":[],"class_list":["post-947","post","type-post","status-publish","format-standard","has-post-thumbnail","hentry","category-vesti-latinica1"],"yoast_head":"<!-- This site is optimized with the Yoast SEO plugin v27.4 - https:\/\/yoast.com\/product\/yoast-seo-wordpress\/ -->\n<title>Kultura, umetnost i tradicija sedam vojvo\u0111anskih gradova na filmu - \u041f\u043e\u043a\u0440\u0430\u0458\u0438\u043d\u0441\u043a\u0438 \u0441\u0435\u043a\u0440\u0435\u0442\u0430\u0440\u0438\u0458\u0430\u0442 \u0437\u0430 \u043f\u0440\u0438\u0432\u0440\u0435\u0434\u0443 \u0438 \u0442\u0443\u0440\u0438\u0437\u0430\u043c<\/title>\n<meta name=\"robots\" content=\"index, follow, max-snippet:-1, max-image-preview:large, max-video-preview:-1\" \/>\n<link rel=\"canonical\" href=\"https:\/\/spriv.vojvodina.gov.rs\/rs\/kultura-umetnost-i-tradicija-sedam-vojvodanskih-gradova-na-filmu\/\" \/>\n<meta property=\"og:locale\" content=\"sr_RS\" \/>\n<meta property=\"og:type\" content=\"article\" \/>\n<meta property=\"og:title\" content=\"Kultura, umetnost i tradicija sedam vojvo\u0111anskih gradova na filmu - \u041f\u043e\u043a\u0440\u0430\u0458\u0438\u043d\u0441\u043a\u0438 \u0441\u0435\u043a\u0440\u0435\u0442\u0430\u0440\u0438\u0458\u0430\u0442 \u0437\u0430 \u043f\u0440\u0438\u0432\u0440\u0435\u0434\u0443 \u0438 \u0442\u0443\u0440\u0438\u0437\u0430\u043c\" \/>\n<meta property=\"og:description\" content=\"Novi Sad, 8. septembar 2015. - Filmovi o vojvo\u0111anskim gradovima - Zrenjaninu, Sremskoj Mitrovici, Pan\u010devu, Subotici, Somboru, Vr\u0161cu i Novom Sadu - predstavljaju koloplet snimaka sa terena, na najbolji na\u010din prenose kulturno-umetni\u010dki sard\u017eaj i ba\u0161tinu svakog grada, re\u010di su potpredsednika Pokrajinske vlade i pokrajinskog sekretara za privredu, zapo\u0161ljavanje i ravnopravnost polova Miroslava Vasina na dana\u0161njoj projekciji projekta pod nazivom ,,Sedam gradova u Vojvodini\u201c. Video zapis koji objedinjuje inserte sedam jedno\u010dasovnih filmova o turisti\u010dko - kulturolo\u0161kim potencijalima ovih gradova, prikazan je u Pokrajinskoj vladi pred predstavnicima gradskih organizacija i institucija.\" \/>\n<meta property=\"og:url\" content=\"https:\/\/spriv.vojvodina.gov.rs\/kultura-umetnost-i-tradicija-sedam-vojvodanskih-gradova-na-filmu\/\" \/>\n<meta property=\"og:site_name\" content=\"\u041f\u043e\u043a\u0440\u0430\u0458\u0438\u043d\u0441\u043a\u0438 \u0441\u0435\u043a\u0440\u0435\u0442\u0430\u0440\u0438\u0458\u0430\u0442 \u0437\u0430 \u043f\u0440\u0438\u0432\u0440\u0435\u0434\u0443 \u0438 \u0442\u0443\u0440\u0438\u0437\u0430\u043c\" \/>\n<meta property=\"article:published_time\" content=\"2015-09-09T09:58:16+00:00\" \/>\n<meta property=\"og:image\" content=\"https:\/\/spriv.vojvodina.gov.rs\/wp-content\/uploads\/2015\/09\/08092015_prezentacija_mala.jpg\" \/>\n\t<meta property=\"og:image:width\" content=\"120\" \/>\n\t<meta property=\"og:image:height\" content=\"80\" \/>\n\t<meta property=\"og:image:type\" content=\"image\/jpeg\" \/>\n<meta name=\"author\" content=\"Sonja Babi\u0107\" \/>\n<meta name=\"twitter:card\" content=\"summary_large_image\" \/>\n<meta name=\"twitter:label1\" content=\"\u041d\u0430\u043f\u0438\u0441\u0430\u043d\u043e \u043e\u0434\" \/>\n\t<meta name=\"twitter:data1\" content=\"Sonja Babi\u0107\" \/>\n\t<meta name=\"twitter:label2\" content=\"\u041f\u0440\u043e\u0446\u0435\u045a\u0435\u043d\u043e \u0432\u0440\u0435\u043c\u0435 \u0447\u0438\u0442\u0430\u045a\u0430\" \/>\n\t<meta name=\"twitter:data2\" content=\"2 \u043c\u0438\u043d\u0443\u0442\u0430\" \/>\n<script type=\"application\/ld+json\" class=\"yoast-schema-graph\">{\"@context\":\"https:\\\/\\\/schema.org\",\"@graph\":[{\"@type\":\"Article\",\"@id\":\"https:\\\/\\\/spriv.vojvodina.gov.rs\\\/kultura-umetnost-i-tradicija-sedam-vojvodanskih-gradova-na-filmu\\\/#article\",\"isPartOf\":{\"@id\":\"https:\\\/\\\/spriv.vojvodina.gov.rs\\\/kultura-umetnost-i-tradicija-sedam-vojvodanskih-gradova-na-filmu\\\/\"},\"author\":{\"name\":\"Sonja Babi\u0107\",\"@id\":\"https:\\\/\\\/spriv.vojvodina.gov.rs\\\/#\\\/schema\\\/person\\\/749ef4f57fbb458f1c759e7a4fa78485\"},\"headline\":\"Kultura, umetnost i tradicija sedam vojvo\u0111anskih gradova na filmu\",\"datePublished\":\"2015-09-09T09:58:16+00:00\",\"mainEntityOfPage\":{\"@id\":\"https:\\\/\\\/spriv.vojvodina.gov.rs\\\/kultura-umetnost-i-tradicija-sedam-vojvodanskih-gradova-na-filmu\\\/\"},\"wordCount\":455,\"image\":{\"@id\":\"https:\\\/\\\/spriv.vojvodina.gov.rs\\\/kultura-umetnost-i-tradicija-sedam-vojvodanskih-gradova-na-filmu\\\/#primaryimage\"},\"thumbnailUrl\":\"https:\\\/\\\/spriv.vojvodina.gov.rs\\\/wp-content\\\/uploads\\\/2015\\\/09\\\/08092015_prezentacija_mala.jpg\",\"articleSection\":[\"Vesti Latinica\"],\"inLanguage\":\"sr-RS\"},{\"@type\":\"WebPage\",\"@id\":\"https:\\\/\\\/spriv.vojvodina.gov.rs\\\/kultura-umetnost-i-tradicija-sedam-vojvodanskih-gradova-na-filmu\\\/\",\"url\":\"https:\\\/\\\/spriv.vojvodina.gov.rs\\\/kultura-umetnost-i-tradicija-sedam-vojvodanskih-gradova-na-filmu\\\/\",\"name\":\"Kultura, umetnost i tradicija sedam vojvo\u0111anskih gradova na filmu - \u041f\u043e\u043a\u0440\u0430\u0458\u0438\u043d\u0441\u043a\u0438 \u0441\u0435\u043a\u0440\u0435\u0442\u0430\u0440\u0438\u0458\u0430\u0442 \u0437\u0430 \u043f\u0440\u0438\u0432\u0440\u0435\u0434\u0443 \u0438 \u0442\u0443\u0440\u0438\u0437\u0430\u043c\",\"isPartOf\":{\"@id\":\"https:\\\/\\\/spriv.vojvodina.gov.rs\\\/#website\"},\"primaryImageOfPage\":{\"@id\":\"https:\\\/\\\/spriv.vojvodina.gov.rs\\\/kultura-umetnost-i-tradicija-sedam-vojvodanskih-gradova-na-filmu\\\/#primaryimage\"},\"image\":{\"@id\":\"https:\\\/\\\/spriv.vojvodina.gov.rs\\\/kultura-umetnost-i-tradicija-sedam-vojvodanskih-gradova-na-filmu\\\/#primaryimage\"},\"thumbnailUrl\":\"https:\\\/\\\/spriv.vojvodina.gov.rs\\\/wp-content\\\/uploads\\\/2015\\\/09\\\/08092015_prezentacija_mala.jpg\",\"datePublished\":\"2015-09-09T09:58:16+00:00\",\"author\":{\"@id\":\"https:\\\/\\\/spriv.vojvodina.gov.rs\\\/#\\\/schema\\\/person\\\/749ef4f57fbb458f1c759e7a4fa78485\"},\"breadcrumb\":{\"@id\":\"https:\\\/\\\/spriv.vojvodina.gov.rs\\\/kultura-umetnost-i-tradicija-sedam-vojvodanskih-gradova-na-filmu\\\/#breadcrumb\"},\"inLanguage\":\"sr-RS\",\"potentialAction\":[{\"@type\":\"ReadAction\",\"target\":[\"https:\\\/\\\/spriv.vojvodina.gov.rs\\\/kultura-umetnost-i-tradicija-sedam-vojvodanskih-gradova-na-filmu\\\/\"]}]},{\"@type\":\"ImageObject\",\"inLanguage\":\"sr-RS\",\"@id\":\"https:\\\/\\\/spriv.vojvodina.gov.rs\\\/kultura-umetnost-i-tradicija-sedam-vojvodanskih-gradova-na-filmu\\\/#primaryimage\",\"url\":\"https:\\\/\\\/spriv.vojvodina.gov.rs\\\/wp-content\\\/uploads\\\/2015\\\/09\\\/08092015_prezentacija_mala.jpg\",\"contentUrl\":\"https:\\\/\\\/spriv.vojvodina.gov.rs\\\/wp-content\\\/uploads\\\/2015\\\/09\\\/08092015_prezentacija_mala.jpg\",\"width\":120,\"height\":80},{\"@type\":\"BreadcrumbList\",\"@id\":\"https:\\\/\\\/spriv.vojvodina.gov.rs\\\/kultura-umetnost-i-tradicija-sedam-vojvodanskih-gradova-na-filmu\\\/#breadcrumb\",\"itemListElement\":[{\"@type\":\"ListItem\",\"position\":1,\"name\":\"Home\",\"item\":\"https:\\\/\\\/spriv.vojvodina.gov.rs\\\/\"},{\"@type\":\"ListItem\",\"position\":2,\"name\":\"Kultura, umetnost i tradicija sedam vojvo\u0111anskih gradova na filmu\"}]},{\"@type\":\"WebSite\",\"@id\":\"https:\\\/\\\/spriv.vojvodina.gov.rs\\\/#website\",\"url\":\"https:\\\/\\\/spriv.vojvodina.gov.rs\\\/\",\"name\":\"\u041f\u043e\u043a\u0440\u0430\u0458\u0438\u043d\u0441\u043a\u0438 \u0441\u0435\u043a\u0440\u0435\u0442\u0430\u0440\u0438\u0458\u0430\u0442 \u0437\u0430 \u043f\u0440\u0438\u0432\u0440\u0435\u0434\u0443 \u0438 \u0442\u0443\u0440\u0438\u0437\u0430\u043c\",\"description\":\"\u041f\u043e\u043a\u0440\u0430\u0458\u0438\u043d\u0441\u043a\u0438 \u0441\u0435\u043a\u0440\u0435\u0442\u0430\u0440\u0438\u0458\u0430\u0442 \u0437\u0430 \u043f\u0440\u0438\u0432\u0440\u0435\u0434\u0443 \u0438 \u0442\u0443\u0440\u0438\u0437\u0430\u043c\",\"potentialAction\":[{\"@type\":\"SearchAction\",\"target\":{\"@type\":\"EntryPoint\",\"urlTemplate\":\"https:\\\/\\\/spriv.vojvodina.gov.rs\\\/?s={search_term_string}\"},\"query-input\":{\"@type\":\"PropertyValueSpecification\",\"valueRequired\":true,\"valueName\":\"search_term_string\"}}],\"inLanguage\":\"sr-RS\"},{\"@type\":\"Person\",\"@id\":\"https:\\\/\\\/spriv.vojvodina.gov.rs\\\/#\\\/schema\\\/person\\\/749ef4f57fbb458f1c759e7a4fa78485\",\"name\":\"Sonja Babi\u0107\",\"image\":{\"@type\":\"ImageObject\",\"inLanguage\":\"sr-RS\",\"@id\":\"https:\\\/\\\/secure.gravatar.com\\\/avatar\\\/00a1d182a20a59067af1e7b1c31cbcc3be1a456ee4b27746580e120c2582e5bd?s=96&d=mm&r=g\",\"url\":\"https:\\\/\\\/secure.gravatar.com\\\/avatar\\\/00a1d182a20a59067af1e7b1c31cbcc3be1a456ee4b27746580e120c2582e5bd?s=96&d=mm&r=g\",\"contentUrl\":\"https:\\\/\\\/secure.gravatar.com\\\/avatar\\\/00a1d182a20a59067af1e7b1c31cbcc3be1a456ee4b27746580e120c2582e5bd?s=96&d=mm&r=g\",\"caption\":\"Sonja Babi\u0107\"},\"url\":\"https:\\\/\\\/spriv.vojvodina.gov.rs\\\/rs\\\/author\\\/sonja-babic\\\/\"}]}<\/script>\n<!-- \/ Yoast SEO plugin. -->","yoast_head_json":{"title":"Kultura, umetnost i tradicija sedam vojvo\u0111anskih gradova na filmu - \u041f\u043e\u043a\u0440\u0430\u0458\u0438\u043d\u0441\u043a\u0438 \u0441\u0435\u043a\u0440\u0435\u0442\u0430\u0440\u0438\u0458\u0430\u0442 \u0437\u0430 \u043f\u0440\u0438\u0432\u0440\u0435\u0434\u0443 \u0438 \u0442\u0443\u0440\u0438\u0437\u0430\u043c","robots":{"index":"index","follow":"follow","max-snippet":"max-snippet:-1","max-image-preview":"max-image-preview:large","max-video-preview":"max-video-preview:-1"},"canonical":"https:\/\/spriv.vojvodina.gov.rs\/rs\/kultura-umetnost-i-tradicija-sedam-vojvodanskih-gradova-na-filmu\/","og_locale":"sr_RS","og_type":"article","og_title":"Kultura, umetnost i tradicija sedam vojvo\u0111anskih gradova na filmu - \u041f\u043e\u043a\u0440\u0430\u0458\u0438\u043d\u0441\u043a\u0438 \u0441\u0435\u043a\u0440\u0435\u0442\u0430\u0440\u0438\u0458\u0430\u0442 \u0437\u0430 \u043f\u0440\u0438\u0432\u0440\u0435\u0434\u0443 \u0438 \u0442\u0443\u0440\u0438\u0437\u0430\u043c","og_description":"Novi Sad, 8. septembar 2015. - Filmovi o vojvo\u0111anskim gradovima - Zrenjaninu, Sremskoj Mitrovici, Pan\u010devu, Subotici, Somboru, Vr\u0161cu i Novom Sadu - predstavljaju koloplet snimaka sa terena, na najbolji na\u010din prenose kulturno-umetni\u010dki sard\u017eaj i ba\u0161tinu svakog grada, re\u010di su potpredsednika Pokrajinske vlade i pokrajinskog sekretara za privredu, zapo\u0161ljavanje i ravnopravnost polova Miroslava Vasina na dana\u0161njoj projekciji projekta pod nazivom ,,Sedam gradova u Vojvodini\u201c. Video zapis koji objedinjuje inserte sedam jedno\u010dasovnih filmova o turisti\u010dko - kulturolo\u0161kim potencijalima ovih gradova, prikazan je u Pokrajinskoj vladi pred predstavnicima gradskih organizacija i institucija.","og_url":"https:\/\/spriv.vojvodina.gov.rs\/kultura-umetnost-i-tradicija-sedam-vojvodanskih-gradova-na-filmu\/","og_site_name":"\u041f\u043e\u043a\u0440\u0430\u0458\u0438\u043d\u0441\u043a\u0438 \u0441\u0435\u043a\u0440\u0435\u0442\u0430\u0440\u0438\u0458\u0430\u0442 \u0437\u0430 \u043f\u0440\u0438\u0432\u0440\u0435\u0434\u0443 \u0438 \u0442\u0443\u0440\u0438\u0437\u0430\u043c","article_published_time":"2015-09-09T09:58:16+00:00","og_image":[{"width":120,"height":80,"url":"https:\/\/spriv.vojvodina.gov.rs\/wp-content\/uploads\/2015\/09\/08092015_prezentacija_mala.jpg","type":"image\/jpeg"}],"author":"Sonja Babi\u0107","twitter_card":"summary_large_image","twitter_misc":{"\u041d\u0430\u043f\u0438\u0441\u0430\u043d\u043e \u043e\u0434":"Sonja Babi\u0107","\u041f\u0440\u043e\u0446\u0435\u045a\u0435\u043d\u043e \u0432\u0440\u0435\u043c\u0435 \u0447\u0438\u0442\u0430\u045a\u0430":"2 \u043c\u0438\u043d\u0443\u0442\u0430"},"schema":{"@context":"https:\/\/schema.org","@graph":[{"@type":"Article","@id":"https:\/\/spriv.vojvodina.gov.rs\/kultura-umetnost-i-tradicija-sedam-vojvodanskih-gradova-na-filmu\/#article","isPartOf":{"@id":"https:\/\/spriv.vojvodina.gov.rs\/kultura-umetnost-i-tradicija-sedam-vojvodanskih-gradova-na-filmu\/"},"author":{"name":"Sonja Babi\u0107","@id":"https:\/\/spriv.vojvodina.gov.rs\/#\/schema\/person\/749ef4f57fbb458f1c759e7a4fa78485"},"headline":"Kultura, umetnost i tradicija sedam vojvo\u0111anskih gradova na filmu","datePublished":"2015-09-09T09:58:16+00:00","mainEntityOfPage":{"@id":"https:\/\/spriv.vojvodina.gov.rs\/kultura-umetnost-i-tradicija-sedam-vojvodanskih-gradova-na-filmu\/"},"wordCount":455,"image":{"@id":"https:\/\/spriv.vojvodina.gov.rs\/kultura-umetnost-i-tradicija-sedam-vojvodanskih-gradova-na-filmu\/#primaryimage"},"thumbnailUrl":"https:\/\/spriv.vojvodina.gov.rs\/wp-content\/uploads\/2015\/09\/08092015_prezentacija_mala.jpg","articleSection":["Vesti Latinica"],"inLanguage":"sr-RS"},{"@type":"WebPage","@id":"https:\/\/spriv.vojvodina.gov.rs\/kultura-umetnost-i-tradicija-sedam-vojvodanskih-gradova-na-filmu\/","url":"https:\/\/spriv.vojvodina.gov.rs\/kultura-umetnost-i-tradicija-sedam-vojvodanskih-gradova-na-filmu\/","name":"Kultura, umetnost i tradicija sedam vojvo\u0111anskih gradova na filmu - \u041f\u043e\u043a\u0440\u0430\u0458\u0438\u043d\u0441\u043a\u0438 \u0441\u0435\u043a\u0440\u0435\u0442\u0430\u0440\u0438\u0458\u0430\u0442 \u0437\u0430 \u043f\u0440\u0438\u0432\u0440\u0435\u0434\u0443 \u0438 \u0442\u0443\u0440\u0438\u0437\u0430\u043c","isPartOf":{"@id":"https:\/\/spriv.vojvodina.gov.rs\/#website"},"primaryImageOfPage":{"@id":"https:\/\/spriv.vojvodina.gov.rs\/kultura-umetnost-i-tradicija-sedam-vojvodanskih-gradova-na-filmu\/#primaryimage"},"image":{"@id":"https:\/\/spriv.vojvodina.gov.rs\/kultura-umetnost-i-tradicija-sedam-vojvodanskih-gradova-na-filmu\/#primaryimage"},"thumbnailUrl":"https:\/\/spriv.vojvodina.gov.rs\/wp-content\/uploads\/2015\/09\/08092015_prezentacija_mala.jpg","datePublished":"2015-09-09T09:58:16+00:00","author":{"@id":"https:\/\/spriv.vojvodina.gov.rs\/#\/schema\/person\/749ef4f57fbb458f1c759e7a4fa78485"},"breadcrumb":{"@id":"https:\/\/spriv.vojvodina.gov.rs\/kultura-umetnost-i-tradicija-sedam-vojvodanskih-gradova-na-filmu\/#breadcrumb"},"inLanguage":"sr-RS","potentialAction":[{"@type":"ReadAction","target":["https:\/\/spriv.vojvodina.gov.rs\/kultura-umetnost-i-tradicija-sedam-vojvodanskih-gradova-na-filmu\/"]}]},{"@type":"ImageObject","inLanguage":"sr-RS","@id":"https:\/\/spriv.vojvodina.gov.rs\/kultura-umetnost-i-tradicija-sedam-vojvodanskih-gradova-na-filmu\/#primaryimage","url":"https:\/\/spriv.vojvodina.gov.rs\/wp-content\/uploads\/2015\/09\/08092015_prezentacija_mala.jpg","contentUrl":"https:\/\/spriv.vojvodina.gov.rs\/wp-content\/uploads\/2015\/09\/08092015_prezentacija_mala.jpg","width":120,"height":80},{"@type":"BreadcrumbList","@id":"https:\/\/spriv.vojvodina.gov.rs\/kultura-umetnost-i-tradicija-sedam-vojvodanskih-gradova-na-filmu\/#breadcrumb","itemListElement":[{"@type":"ListItem","position":1,"name":"Home","item":"https:\/\/spriv.vojvodina.gov.rs\/"},{"@type":"ListItem","position":2,"name":"Kultura, umetnost i tradicija sedam vojvo\u0111anskih gradova na filmu"}]},{"@type":"WebSite","@id":"https:\/\/spriv.vojvodina.gov.rs\/#website","url":"https:\/\/spriv.vojvodina.gov.rs\/","name":"\u041f\u043e\u043a\u0440\u0430\u0458\u0438\u043d\u0441\u043a\u0438 \u0441\u0435\u043a\u0440\u0435\u0442\u0430\u0440\u0438\u0458\u0430\u0442 \u0437\u0430 \u043f\u0440\u0438\u0432\u0440\u0435\u0434\u0443 \u0438 \u0442\u0443\u0440\u0438\u0437\u0430\u043c","description":"\u041f\u043e\u043a\u0440\u0430\u0458\u0438\u043d\u0441\u043a\u0438 \u0441\u0435\u043a\u0440\u0435\u0442\u0430\u0440\u0438\u0458\u0430\u0442 \u0437\u0430 \u043f\u0440\u0438\u0432\u0440\u0435\u0434\u0443 \u0438 \u0442\u0443\u0440\u0438\u0437\u0430\u043c","potentialAction":[{"@type":"SearchAction","target":{"@type":"EntryPoint","urlTemplate":"https:\/\/spriv.vojvodina.gov.rs\/?s={search_term_string}"},"query-input":{"@type":"PropertyValueSpecification","valueRequired":true,"valueName":"search_term_string"}}],"inLanguage":"sr-RS"},{"@type":"Person","@id":"https:\/\/spriv.vojvodina.gov.rs\/#\/schema\/person\/749ef4f57fbb458f1c759e7a4fa78485","name":"Sonja Babi\u0107","image":{"@type":"ImageObject","inLanguage":"sr-RS","@id":"https:\/\/secure.gravatar.com\/avatar\/00a1d182a20a59067af1e7b1c31cbcc3be1a456ee4b27746580e120c2582e5bd?s=96&d=mm&r=g","url":"https:\/\/secure.gravatar.com\/avatar\/00a1d182a20a59067af1e7b1c31cbcc3be1a456ee4b27746580e120c2582e5bd?s=96&d=mm&r=g","contentUrl":"https:\/\/secure.gravatar.com\/avatar\/00a1d182a20a59067af1e7b1c31cbcc3be1a456ee4b27746580e120c2582e5bd?s=96&d=mm&r=g","caption":"Sonja Babi\u0107"},"url":"https:\/\/spriv.vojvodina.gov.rs\/rs\/author\/sonja-babic\/"}]}},"_links":{"self":[{"href":"https:\/\/spriv.vojvodina.gov.rs\/rs\/wp-json\/wp\/v2\/posts\/947","targetHints":{"allow":["GET"]}}],"collection":[{"href":"https:\/\/spriv.vojvodina.gov.rs\/rs\/wp-json\/wp\/v2\/posts"}],"about":[{"href":"https:\/\/spriv.vojvodina.gov.rs\/rs\/wp-json\/wp\/v2\/types\/post"}],"author":[{"embeddable":true,"href":"https:\/\/spriv.vojvodina.gov.rs\/rs\/wp-json\/wp\/v2\/users\/3"}],"replies":[{"embeddable":true,"href":"https:\/\/spriv.vojvodina.gov.rs\/rs\/wp-json\/wp\/v2\/comments?post=947"}],"version-history":[{"count":0,"href":"https:\/\/spriv.vojvodina.gov.rs\/rs\/wp-json\/wp\/v2\/posts\/947\/revisions"}],"wp:featuredmedia":[{"embeddable":true,"href":"https:\/\/spriv.vojvodina.gov.rs\/rs\/wp-json\/wp\/v2\/media\/942"}],"wp:attachment":[{"href":"https:\/\/spriv.vojvodina.gov.rs\/rs\/wp-json\/wp\/v2\/media?parent=947"}],"wp:term":[{"taxonomy":"category","embeddable":true,"href":"https:\/\/spriv.vojvodina.gov.rs\/rs\/wp-json\/wp\/v2\/categories?post=947"},{"taxonomy":"post_tag","embeddable":true,"href":"https:\/\/spriv.vojvodina.gov.rs\/rs\/wp-json\/wp\/v2\/tags?post=947"}],"curies":[{"name":"wp","href":"https:\/\/api.w.org\/{rel}","templated":true}]}}