{"id":8805,"date":"2022-04-26T07:43:03","date_gmt":"2022-04-26T07:43:03","guid":{"rendered":"http:\/\/spriv.vojvodina.gov.rs\/?p=8805"},"modified":"2022-04-27T07:48:21","modified_gmt":"2022-04-27T07:48:21","slug":"%d0%be%d1%82%d0%b2%d0%be%d1%80%d0%b5%d0%bd-19-%d0%bf%d0%be-%d1%80%d0%b5%d0%b4%d1%83-serbia-fashion-week","status":"publish","type":"post","link":"https:\/\/spriv.vojvodina.gov.rs\/rs\/%d0%be%d1%82%d0%b2%d0%be%d1%80%d0%b5%d0%bd-19-%d0%bf%d0%be-%d1%80%d0%b5%d0%b4%d1%83-serbia-fashion-week\/","title":{"rendered":"Otvoren 19. po redu ,,Serbia Fashion Week&#8220;"},"content":{"rendered":"<p>U auli Novosadskog sajma ve\u010deras je odr\u017eano sve\u010dano otvaranje proletnjeg izdanja srpske nedelje visoke mode \u201eSerbia Fashion Week\u201c, koji je ove godine deo projekta \u201eEvropska prestonica kulture 2022\u201c. \u201eSerbia Fashion Week\u201c se ove godine odr\u017eava od 26. do 30. aprila u Novom Sadu i realizuje se na vi\u0161e lokacija u Novom Sadu.<\/p>\n<p>Manifestaciju je sve\u010dano otvorila predsednica ,,Serbia Fashion Week&#8220; Svetlana Horvat, a prisutnima se obratio i pokrajinski sekretar za privredu i turizam dr Nenad Ivani\u0161evi\u0107.<\/p>\n<p><img loading=\"lazy\" decoding=\"async\" class=\"aligncenter wp-image-8812 size-large\" src=\"http:\/\/spriv.vojvodina.gov.rs\/wp-content\/uploads\/2022\/04\/1651044215094-1024x577.jpg\" alt=\"\" width=\"747\" height=\"421\" srcset=\"https:\/\/spriv.vojvodina.gov.rs\/wp-content\/uploads\/2022\/04\/1651044215094-1024x577.jpg 1024w, https:\/\/spriv.vojvodina.gov.rs\/wp-content\/uploads\/2022\/04\/1651044215094-300x169.jpg 300w, https:\/\/spriv.vojvodina.gov.rs\/wp-content\/uploads\/2022\/04\/1651044215094-768x432.jpg 768w, https:\/\/spriv.vojvodina.gov.rs\/wp-content\/uploads\/2022\/04\/1651044215094-1536x865.jpg 1536w, https:\/\/spriv.vojvodina.gov.rs\/wp-content\/uploads\/2022\/04\/1651044215094-2048x1153.jpg 2048w, https:\/\/spriv.vojvodina.gov.rs\/wp-content\/uploads\/2022\/04\/1651044215094-388x220.jpg 388w\" sizes=\"auto, (max-width: 747px) 100vw, 747px\" \/><\/p>\n<blockquote><p>,,Vojvodina, pored toga \u0161to je centar IT industrije, digitalne poljoprivrede, je i centar mode za \u0161ta je zaslu\u017ean Serbia Fashion Week. Nastavi\u0107emo da podr\u017eavamo ovakve manifestacije, jer niko ne mo\u017ee da ima dilemu da sve nas treba okupljati na ovaj na\u010din i u\u017eivati u lepoti&#8220;, rekao je Ivani\u0161evi\u0107.<\/p><\/blockquote>\n<p>Organizatori su se i ovoga puta potrudili da, pored doma\u0107ih dizajnera, predstave i nove kolekcije brojnih gostiju iz regiona, Evrope i sveta, \u010dime manifestacija jo\u0161 jednom potvr\u0111uje svoj me\u0111unarodni karakter.<\/p>\n<p><img loading=\"lazy\" decoding=\"async\" class=\"aligncenter wp-image-8808 size-large\" src=\"http:\/\/spriv.vojvodina.gov.rs\/wp-content\/uploads\/2022\/04\/1651044030920-1-1024x577.jpg\" alt=\"\" width=\"747\" height=\"421\" srcset=\"https:\/\/spriv.vojvodina.gov.rs\/wp-content\/uploads\/2022\/04\/1651044030920-1-1024x577.jpg 1024w, https:\/\/spriv.vojvodina.gov.rs\/wp-content\/uploads\/2022\/04\/1651044030920-1-300x169.jpg 300w, https:\/\/spriv.vojvodina.gov.rs\/wp-content\/uploads\/2022\/04\/1651044030920-1-768x432.jpg 768w, https:\/\/spriv.vojvodina.gov.rs\/wp-content\/uploads\/2022\/04\/1651044030920-1-1536x865.jpg 1536w, https:\/\/spriv.vojvodina.gov.rs\/wp-content\/uploads\/2022\/04\/1651044030920-1-2048x1153.jpg 2048w, https:\/\/spriv.vojvodina.gov.rs\/wp-content\/uploads\/2022\/04\/1651044030920-1-388x220.jpg 388w\" sizes=\"auto, (max-width: 747px) 100vw, 747px\" \/><\/p>\n<blockquote><p>Predsednica srpske nacionalne nedelje mode, Svetlana Horvat, obratila se eminentnim zvanicama i po\u0161tovaocima modne industrije, te je zvani\u010dno otvorila 19. po redu ,,Serbia Fashion Week\u201c, za koji se ka\u017ee da je svoje mesto na\u0161ao me\u0111u prvih pet najzna\u010dajnijih nedelja mode u Evropi, a svakako se ubraja u najzna\u010dajniju manifestaciju u okviru modne industrije u Jugoisto\u010dnoj Evropi.<\/p><\/blockquote>\n<p>Prvo ve\u010de je oboga\u0107eno sa tri bloka modnih revija, a svoje nove kolekcije su predstavili \u201eSPES line\u201c dizajnerke Jovane \u017divkovi\u0107, \u201eRA\u201c Teodore Radenkovi\u0107 i \u201eTMV Fashion\u201c Srbija, nakon \u010dega je usledila revija dizajnerke Sanje Veli\u010dkovi\u0107 iz Slovenija i Aleksander Brat\u0161era (Alexander Bratscher) iz Srbije. Poslednja u nizu ve\u010dera\u0161njih revija je bila revija Jadranke \u0160egote iz Hrvatske i srpske modne ku\u0107e ,,LASHER\u201c.<\/p>\n<p><img loading=\"lazy\" decoding=\"async\" class=\"aligncenter wp-image-8807 size-large\" src=\"http:\/\/spriv.vojvodina.gov.rs\/wp-content\/uploads\/2022\/04\/1651044030917-1024x575.webp\" alt=\"\" width=\"747\" height=\"419\" srcset=\"https:\/\/spriv.vojvodina.gov.rs\/wp-content\/uploads\/2022\/04\/1651044030917-1024x575.webp 1024w, https:\/\/spriv.vojvodina.gov.rs\/wp-content\/uploads\/2022\/04\/1651044030917-300x169.webp 300w, https:\/\/spriv.vojvodina.gov.rs\/wp-content\/uploads\/2022\/04\/1651044030917-768x431.webp 768w, https:\/\/spriv.vojvodina.gov.rs\/wp-content\/uploads\/2022\/04\/1651044030917.webp 1440w\" sizes=\"auto, (max-width: 747px) 100vw, 747px\" \/><\/p>\n<p>Novi Sad \u0107e u toku pet dana manifestacije ugostiti preko 60 modnih dizajnera, kako kroz modne revije, tako i u okviru stru\u010dnih predavanja i radionica koje \u0107e voditi neki od najeminentnijih stru\u010dnjaka iz Evrope, talentovani studenti i mladi dizajneri sa \u010dak preko 30 akademija.<\/p>\n<p>Pre samog otvaranja uprili\u010dena i prezentacija i degustacija proizvoda i usluga koji su pro\u0161le godine poneli oznaku kvaliteta ,,Najbolje iz Vojvodine\u201d koji dodeljuje Pokrajinski sekretarijat za privredu i turizam.<\/p>\n<p><img loading=\"lazy\" decoding=\"async\" class=\"aligncenter wp-image-8810 size-large\" src=\"http:\/\/spriv.vojvodina.gov.rs\/wp-content\/uploads\/2022\/04\/1651044030927-1024x577.jpg\" alt=\"\" width=\"747\" height=\"421\" srcset=\"https:\/\/spriv.vojvodina.gov.rs\/wp-content\/uploads\/2022\/04\/1651044030927-1024x577.jpg 1024w, https:\/\/spriv.vojvodina.gov.rs\/wp-content\/uploads\/2022\/04\/1651044030927-300x169.jpg 300w, https:\/\/spriv.vojvodina.gov.rs\/wp-content\/uploads\/2022\/04\/1651044030927-768x432.jpg 768w, https:\/\/spriv.vojvodina.gov.rs\/wp-content\/uploads\/2022\/04\/1651044030927-1536x865.jpg 1536w, https:\/\/spriv.vojvodina.gov.rs\/wp-content\/uploads\/2022\/04\/1651044030927-2048x1153.jpg 2048w, https:\/\/spriv.vojvodina.gov.rs\/wp-content\/uploads\/2022\/04\/1651044030927-388x220.jpg 388w\" sizes=\"auto, (max-width: 747px) 100vw, 747px\" \/><\/p>","protected":false},"excerpt":{"rendered":"U auli Novosadskog sajma ve\u010deras je odr\u017eano sve\u010dano otvaranje proletnjeg izdanja srpske nedelje visoke mode \u201eSerbia Fashion Week\u201c, koji je ove godine deo \n<a class=\"moretag\" href=\"https:\/\/spriv.vojvodina.gov.rs\/rs\/%d0%be%d1%82%d0%b2%d0%be%d1%80%d0%b5%d0%bd-19-%d0%bf%d0%be-%d1%80%d0%b5%d0%b4%d1%83-serbia-fashion-week\/\"> [...]<\/a>","protected":false},"author":3,"featured_media":8806,"comment_status":"closed","ping_status":"closed","sticky":false,"template":"","format":"standard","meta":{"footnotes":""},"categories":[53],"tags":[],"class_list":["post-8805","post","type-post","status-publish","format-standard","has-post-thumbnail","hentry","category-vesti"],"yoast_head":"<!-- This site is optimized with the Yoast SEO plugin v27.5 - https:\/\/yoast.com\/product\/yoast-seo-wordpress\/ -->\n<title>Otvoren 19. po redu ,,Serbia Fashion Week&quot; - \u041f\u043e\u043a\u0440\u0430\u0458\u0438\u043d\u0441\u043a\u0438 \u0441\u0435\u043a\u0440\u0435\u0442\u0430\u0440\u0438\u0458\u0430\u0442 \u0437\u0430 \u043f\u0440\u0438\u0432\u0440\u0435\u0434\u0443 \u0438 \u0442\u0443\u0440\u0438\u0437\u0430\u043c<\/title>\n<meta name=\"robots\" content=\"index, follow, max-snippet:-1, max-image-preview:large, max-video-preview:-1\" \/>\n<link rel=\"canonical\" href=\"https:\/\/spriv.vojvodina.gov.rs\/rs\/\u043e\u0442\u0432\u043e\u0440\u0435\u043d-19-\u043f\u043e-\u0440\u0435\u0434\u0443-serbia-fashion-week\/\" \/>\n<meta property=\"og:locale\" content=\"sr_RS\" \/>\n<meta property=\"og:type\" content=\"article\" \/>\n<meta property=\"og:title\" content=\"Otvoren 19. po redu ,,Serbia Fashion Week&quot; - \u041f\u043e\u043a\u0440\u0430\u0458\u0438\u043d\u0441\u043a\u0438 \u0441\u0435\u043a\u0440\u0435\u0442\u0430\u0440\u0438\u0458\u0430\u0442 \u0437\u0430 \u043f\u0440\u0438\u0432\u0440\u0435\u0434\u0443 \u0438 \u0442\u0443\u0440\u0438\u0437\u0430\u043c\" \/>\n<meta property=\"og:description\" content=\"U auli Novosadskog sajma ve\u010deras je odr\u017eano sve\u010dano otvaranje proletnjeg izdanja srpske nedelje visoke mode \u201eSerbia Fashion Week\u201c, koji je ove godine deo\" \/>\n<meta property=\"og:url\" content=\"https:\/\/spriv.vojvodina.gov.rs\/\u043e\u0442\u0432\u043e\u0440\u0435\u043d-19-\u043f\u043e-\u0440\u0435\u0434\u0443-serbia-fashion-week\/\" \/>\n<meta property=\"og:site_name\" content=\"\u041f\u043e\u043a\u0440\u0430\u0458\u0438\u043d\u0441\u043a\u0438 \u0441\u0435\u043a\u0440\u0435\u0442\u0430\u0440\u0438\u0458\u0430\u0442 \u0437\u0430 \u043f\u0440\u0438\u0432\u0440\u0435\u0434\u0443 \u0438 \u0442\u0443\u0440\u0438\u0437\u0430\u043c\" \/>\n<meta property=\"article:published_time\" content=\"2022-04-26T07:43:03+00:00\" \/>\n<meta property=\"article:modified_time\" content=\"2022-04-27T07:48:21+00:00\" \/>\n<meta property=\"og:image\" content=\"https:\/\/spriv.vojvodina.gov.rs\/wp-content\/uploads\/2022\/04\/1651044030920-scaled.jpg\" \/>\n\t<meta property=\"og:image:width\" content=\"2560\" \/>\n\t<meta property=\"og:image:height\" content=\"1441\" \/>\n\t<meta property=\"og:image:type\" content=\"image\/jpeg\" \/>\n<meta name=\"author\" content=\"Sonja Babi\u0107\" \/>\n<meta name=\"twitter:card\" content=\"summary_large_image\" \/>\n<meta name=\"twitter:label1\" content=\"\u041d\u0430\u043f\u0438\u0441\u0430\u043d\u043e \u043e\u0434\" \/>\n\t<meta name=\"twitter:data1\" content=\"Sonja Babi\u0107\" \/>\n\t<meta name=\"twitter:label2\" content=\"\u041f\u0440\u043e\u0446\u0435\u045a\u0435\u043d\u043e \u0432\u0440\u0435\u043c\u0435 \u0447\u0438\u0442\u0430\u045a\u0430\" \/>\n\t<meta name=\"twitter:data2\" content=\"2 \u043c\u0438\u043d\u0443\u0442\u0430\" \/>\n<script type=\"application\/ld+json\" class=\"yoast-schema-graph\">{\"@context\":\"https:\\\/\\\/schema.org\",\"@graph\":[{\"@type\":\"Article\",\"@id\":\"https:\\\/\\\/spriv.vojvodina.gov.rs\\\/%d0%be%d1%82%d0%b2%d0%be%d1%80%d0%b5%d0%bd-19-%d0%bf%d0%be-%d1%80%d0%b5%d0%b4%d1%83-serbia-fashion-week\\\/#article\",\"isPartOf\":{\"@id\":\"https:\\\/\\\/spriv.vojvodina.gov.rs\\\/%d0%be%d1%82%d0%b2%d0%be%d1%80%d0%b5%d0%bd-19-%d0%bf%d0%be-%d1%80%d0%b5%d0%b4%d1%83-serbia-fashion-week\\\/\"},\"author\":{\"name\":\"Sonja Babi\u0107\",\"@id\":\"https:\\\/\\\/spriv.vojvodina.gov.rs\\\/#\\\/schema\\\/person\\\/749ef4f57fbb458f1c759e7a4fa78485\"},\"headline\":\"Otvoren 19. po redu ,,Serbia Fashion Week&#8220;\",\"datePublished\":\"2022-04-26T07:43:03+00:00\",\"dateModified\":\"2022-04-27T07:48:21+00:00\",\"mainEntityOfPage\":{\"@id\":\"https:\\\/\\\/spriv.vojvodina.gov.rs\\\/%d0%be%d1%82%d0%b2%d0%be%d1%80%d0%b5%d0%bd-19-%d0%bf%d0%be-%d1%80%d0%b5%d0%b4%d1%83-serbia-fashion-week\\\/\"},\"wordCount\":733,\"image\":{\"@id\":\"https:\\\/\\\/spriv.vojvodina.gov.rs\\\/%d0%be%d1%82%d0%b2%d0%be%d1%80%d0%b5%d0%bd-19-%d0%bf%d0%be-%d1%80%d0%b5%d0%b4%d1%83-serbia-fashion-week\\\/#primaryimage\"},\"thumbnailUrl\":\"https:\\\/\\\/spriv.vojvodina.gov.rs\\\/wp-content\\\/uploads\\\/2022\\\/04\\\/1651044030920-scaled.jpg\",\"articleSection\":[\"Vesti\"],\"inLanguage\":\"sr-RS\"},{\"@type\":\"WebPage\",\"@id\":\"https:\\\/\\\/spriv.vojvodina.gov.rs\\\/%d0%be%d1%82%d0%b2%d0%be%d1%80%d0%b5%d0%bd-19-%d0%bf%d0%be-%d1%80%d0%b5%d0%b4%d1%83-serbia-fashion-week\\\/\",\"url\":\"https:\\\/\\\/spriv.vojvodina.gov.rs\\\/%d0%be%d1%82%d0%b2%d0%be%d1%80%d0%b5%d0%bd-19-%d0%bf%d0%be-%d1%80%d0%b5%d0%b4%d1%83-serbia-fashion-week\\\/\",\"name\":\"Otvoren 19. po redu ,,Serbia Fashion Week\\\" - \u041f\u043e\u043a\u0440\u0430\u0458\u0438\u043d\u0441\u043a\u0438 \u0441\u0435\u043a\u0440\u0435\u0442\u0430\u0440\u0438\u0458\u0430\u0442 \u0437\u0430 \u043f\u0440\u0438\u0432\u0440\u0435\u0434\u0443 \u0438 \u0442\u0443\u0440\u0438\u0437\u0430\u043c\",\"isPartOf\":{\"@id\":\"https:\\\/\\\/spriv.vojvodina.gov.rs\\\/#website\"},\"primaryImageOfPage\":{\"@id\":\"https:\\\/\\\/spriv.vojvodina.gov.rs\\\/%d0%be%d1%82%d0%b2%d0%be%d1%80%d0%b5%d0%bd-19-%d0%bf%d0%be-%d1%80%d0%b5%d0%b4%d1%83-serbia-fashion-week\\\/#primaryimage\"},\"image\":{\"@id\":\"https:\\\/\\\/spriv.vojvodina.gov.rs\\\/%d0%be%d1%82%d0%b2%d0%be%d1%80%d0%b5%d0%bd-19-%d0%bf%d0%be-%d1%80%d0%b5%d0%b4%d1%83-serbia-fashion-week\\\/#primaryimage\"},\"thumbnailUrl\":\"https:\\\/\\\/spriv.vojvodina.gov.rs\\\/wp-content\\\/uploads\\\/2022\\\/04\\\/1651044030920-scaled.jpg\",\"datePublished\":\"2022-04-26T07:43:03+00:00\",\"dateModified\":\"2022-04-27T07:48:21+00:00\",\"author\":{\"@id\":\"https:\\\/\\\/spriv.vojvodina.gov.rs\\\/#\\\/schema\\\/person\\\/749ef4f57fbb458f1c759e7a4fa78485\"},\"breadcrumb\":{\"@id\":\"https:\\\/\\\/spriv.vojvodina.gov.rs\\\/%d0%be%d1%82%d0%b2%d0%be%d1%80%d0%b5%d0%bd-19-%d0%bf%d0%be-%d1%80%d0%b5%d0%b4%d1%83-serbia-fashion-week\\\/#breadcrumb\"},\"inLanguage\":\"sr-RS\",\"potentialAction\":[{\"@type\":\"ReadAction\",\"target\":[\"https:\\\/\\\/spriv.vojvodina.gov.rs\\\/%d0%be%d1%82%d0%b2%d0%be%d1%80%d0%b5%d0%bd-19-%d0%bf%d0%be-%d1%80%d0%b5%d0%b4%d1%83-serbia-fashion-week\\\/\"]}]},{\"@type\":\"ImageObject\",\"inLanguage\":\"sr-RS\",\"@id\":\"https:\\\/\\\/spriv.vojvodina.gov.rs\\\/%d0%be%d1%82%d0%b2%d0%be%d1%80%d0%b5%d0%bd-19-%d0%bf%d0%be-%d1%80%d0%b5%d0%b4%d1%83-serbia-fashion-week\\\/#primaryimage\",\"url\":\"https:\\\/\\\/spriv.vojvodina.gov.rs\\\/wp-content\\\/uploads\\\/2022\\\/04\\\/1651044030920-scaled.jpg\",\"contentUrl\":\"https:\\\/\\\/spriv.vojvodina.gov.rs\\\/wp-content\\\/uploads\\\/2022\\\/04\\\/1651044030920-scaled.jpg\",\"width\":2560,\"height\":1441},{\"@type\":\"BreadcrumbList\",\"@id\":\"https:\\\/\\\/spriv.vojvodina.gov.rs\\\/%d0%be%d1%82%d0%b2%d0%be%d1%80%d0%b5%d0%bd-19-%d0%bf%d0%be-%d1%80%d0%b5%d0%b4%d1%83-serbia-fashion-week\\\/#breadcrumb\",\"itemListElement\":[{\"@type\":\"ListItem\",\"position\":1,\"name\":\"Home\",\"item\":\"https:\\\/\\\/spriv.vojvodina.gov.rs\\\/\"},{\"@type\":\"ListItem\",\"position\":2,\"name\":\"\u041e\u0442\u0432\u043e\u0440\u0435\u043d 19. \u043f\u043e \u0440\u0435\u0434\u0443 ,,Serbia Fashion Week&#8221;\"}]},{\"@type\":\"WebSite\",\"@id\":\"https:\\\/\\\/spriv.vojvodina.gov.rs\\\/#website\",\"url\":\"https:\\\/\\\/spriv.vojvodina.gov.rs\\\/\",\"name\":\"\u041f\u043e\u043a\u0440\u0430\u0458\u0438\u043d\u0441\u043a\u0438 \u0441\u0435\u043a\u0440\u0435\u0442\u0430\u0440\u0438\u0458\u0430\u0442 \u0437\u0430 \u043f\u0440\u0438\u0432\u0440\u0435\u0434\u0443 \u0438 \u0442\u0443\u0440\u0438\u0437\u0430\u043c\",\"description\":\"\u041f\u043e\u043a\u0440\u0430\u0458\u0438\u043d\u0441\u043a\u0438 \u0441\u0435\u043a\u0440\u0435\u0442\u0430\u0440\u0438\u0458\u0430\u0442 \u0437\u0430 \u043f\u0440\u0438\u0432\u0440\u0435\u0434\u0443 \u0438 \u0442\u0443\u0440\u0438\u0437\u0430\u043c\",\"potentialAction\":[{\"@type\":\"SearchAction\",\"target\":{\"@type\":\"EntryPoint\",\"urlTemplate\":\"https:\\\/\\\/spriv.vojvodina.gov.rs\\\/?s={search_term_string}\"},\"query-input\":{\"@type\":\"PropertyValueSpecification\",\"valueRequired\":true,\"valueName\":\"search_term_string\"}}],\"inLanguage\":\"sr-RS\"},{\"@type\":\"Person\",\"@id\":\"https:\\\/\\\/spriv.vojvodina.gov.rs\\\/#\\\/schema\\\/person\\\/749ef4f57fbb458f1c759e7a4fa78485\",\"name\":\"Sonja Babi\u0107\",\"image\":{\"@type\":\"ImageObject\",\"inLanguage\":\"sr-RS\",\"@id\":\"https:\\\/\\\/secure.gravatar.com\\\/avatar\\\/00a1d182a20a59067af1e7b1c31cbcc3be1a456ee4b27746580e120c2582e5bd?s=96&d=mm&r=g\",\"url\":\"https:\\\/\\\/secure.gravatar.com\\\/avatar\\\/00a1d182a20a59067af1e7b1c31cbcc3be1a456ee4b27746580e120c2582e5bd?s=96&d=mm&r=g\",\"contentUrl\":\"https:\\\/\\\/secure.gravatar.com\\\/avatar\\\/00a1d182a20a59067af1e7b1c31cbcc3be1a456ee4b27746580e120c2582e5bd?s=96&d=mm&r=g\",\"caption\":\"Sonja Babi\u0107\"},\"url\":\"https:\\\/\\\/spriv.vojvodina.gov.rs\\\/rs\\\/author\\\/sonja-babic\\\/\"}]}<\/script>\n<!-- \/ Yoast SEO plugin. -->","yoast_head_json":{"title":"Otvoren 19. po redu ,,Serbia Fashion Week\" - \u041f\u043e\u043a\u0440\u0430\u0458\u0438\u043d\u0441\u043a\u0438 \u0441\u0435\u043a\u0440\u0435\u0442\u0430\u0440\u0438\u0458\u0430\u0442 \u0437\u0430 \u043f\u0440\u0438\u0432\u0440\u0435\u0434\u0443 \u0438 \u0442\u0443\u0440\u0438\u0437\u0430\u043c","robots":{"index":"index","follow":"follow","max-snippet":"max-snippet:-1","max-image-preview":"max-image-preview:large","max-video-preview":"max-video-preview:-1"},"canonical":"https:\/\/spriv.vojvodina.gov.rs\/rs\/\u043e\u0442\u0432\u043e\u0440\u0435\u043d-19-\u043f\u043e-\u0440\u0435\u0434\u0443-serbia-fashion-week\/","og_locale":"sr_RS","og_type":"article","og_title":"Otvoren 19. po redu ,,Serbia Fashion Week\" - \u041f\u043e\u043a\u0440\u0430\u0458\u0438\u043d\u0441\u043a\u0438 \u0441\u0435\u043a\u0440\u0435\u0442\u0430\u0440\u0438\u0458\u0430\u0442 \u0437\u0430 \u043f\u0440\u0438\u0432\u0440\u0435\u0434\u0443 \u0438 \u0442\u0443\u0440\u0438\u0437\u0430\u043c","og_description":"U auli Novosadskog sajma ve\u010deras je odr\u017eano sve\u010dano otvaranje proletnjeg izdanja srpske nedelje visoke mode \u201eSerbia Fashion Week\u201c, koji je ove godine deo","og_url":"https:\/\/spriv.vojvodina.gov.rs\/\u043e\u0442\u0432\u043e\u0440\u0435\u043d-19-\u043f\u043e-\u0440\u0435\u0434\u0443-serbia-fashion-week\/","og_site_name":"\u041f\u043e\u043a\u0440\u0430\u0458\u0438\u043d\u0441\u043a\u0438 \u0441\u0435\u043a\u0440\u0435\u0442\u0430\u0440\u0438\u0458\u0430\u0442 \u0437\u0430 \u043f\u0440\u0438\u0432\u0440\u0435\u0434\u0443 \u0438 \u0442\u0443\u0440\u0438\u0437\u0430\u043c","article_published_time":"2022-04-26T07:43:03+00:00","article_modified_time":"2022-04-27T07:48:21+00:00","og_image":[{"width":2560,"height":1441,"url":"https:\/\/spriv.vojvodina.gov.rs\/wp-content\/uploads\/2022\/04\/1651044030920-scaled.jpg","type":"image\/jpeg"}],"author":"Sonja Babi\u0107","twitter_card":"summary_large_image","twitter_misc":{"\u041d\u0430\u043f\u0438\u0441\u0430\u043d\u043e \u043e\u0434":"Sonja Babi\u0107","\u041f\u0440\u043e\u0446\u0435\u045a\u0435\u043d\u043e \u0432\u0440\u0435\u043c\u0435 \u0447\u0438\u0442\u0430\u045a\u0430":"2 \u043c\u0438\u043d\u0443\u0442\u0430"},"schema":{"@context":"https:\/\/schema.org","@graph":[{"@type":"Article","@id":"https:\/\/spriv.vojvodina.gov.rs\/%d0%be%d1%82%d0%b2%d0%be%d1%80%d0%b5%d0%bd-19-%d0%bf%d0%be-%d1%80%d0%b5%d0%b4%d1%83-serbia-fashion-week\/#article","isPartOf":{"@id":"https:\/\/spriv.vojvodina.gov.rs\/%d0%be%d1%82%d0%b2%d0%be%d1%80%d0%b5%d0%bd-19-%d0%bf%d0%be-%d1%80%d0%b5%d0%b4%d1%83-serbia-fashion-week\/"},"author":{"name":"Sonja Babi\u0107","@id":"https:\/\/spriv.vojvodina.gov.rs\/#\/schema\/person\/749ef4f57fbb458f1c759e7a4fa78485"},"headline":"Otvoren 19. po redu ,,Serbia Fashion Week&#8220;","datePublished":"2022-04-26T07:43:03+00:00","dateModified":"2022-04-27T07:48:21+00:00","mainEntityOfPage":{"@id":"https:\/\/spriv.vojvodina.gov.rs\/%d0%be%d1%82%d0%b2%d0%be%d1%80%d0%b5%d0%bd-19-%d0%bf%d0%be-%d1%80%d0%b5%d0%b4%d1%83-serbia-fashion-week\/"},"wordCount":733,"image":{"@id":"https:\/\/spriv.vojvodina.gov.rs\/%d0%be%d1%82%d0%b2%d0%be%d1%80%d0%b5%d0%bd-19-%d0%bf%d0%be-%d1%80%d0%b5%d0%b4%d1%83-serbia-fashion-week\/#primaryimage"},"thumbnailUrl":"https:\/\/spriv.vojvodina.gov.rs\/wp-content\/uploads\/2022\/04\/1651044030920-scaled.jpg","articleSection":["Vesti"],"inLanguage":"sr-RS"},{"@type":"WebPage","@id":"https:\/\/spriv.vojvodina.gov.rs\/%d0%be%d1%82%d0%b2%d0%be%d1%80%d0%b5%d0%bd-19-%d0%bf%d0%be-%d1%80%d0%b5%d0%b4%d1%83-serbia-fashion-week\/","url":"https:\/\/spriv.vojvodina.gov.rs\/%d0%be%d1%82%d0%b2%d0%be%d1%80%d0%b5%d0%bd-19-%d0%bf%d0%be-%d1%80%d0%b5%d0%b4%d1%83-serbia-fashion-week\/","name":"Otvoren 19. po redu ,,Serbia Fashion Week\" - \u041f\u043e\u043a\u0440\u0430\u0458\u0438\u043d\u0441\u043a\u0438 \u0441\u0435\u043a\u0440\u0435\u0442\u0430\u0440\u0438\u0458\u0430\u0442 \u0437\u0430 \u043f\u0440\u0438\u0432\u0440\u0435\u0434\u0443 \u0438 \u0442\u0443\u0440\u0438\u0437\u0430\u043c","isPartOf":{"@id":"https:\/\/spriv.vojvodina.gov.rs\/#website"},"primaryImageOfPage":{"@id":"https:\/\/spriv.vojvodina.gov.rs\/%d0%be%d1%82%d0%b2%d0%be%d1%80%d0%b5%d0%bd-19-%d0%bf%d0%be-%d1%80%d0%b5%d0%b4%d1%83-serbia-fashion-week\/#primaryimage"},"image":{"@id":"https:\/\/spriv.vojvodina.gov.rs\/%d0%be%d1%82%d0%b2%d0%be%d1%80%d0%b5%d0%bd-19-%d0%bf%d0%be-%d1%80%d0%b5%d0%b4%d1%83-serbia-fashion-week\/#primaryimage"},"thumbnailUrl":"https:\/\/spriv.vojvodina.gov.rs\/wp-content\/uploads\/2022\/04\/1651044030920-scaled.jpg","datePublished":"2022-04-26T07:43:03+00:00","dateModified":"2022-04-27T07:48:21+00:00","author":{"@id":"https:\/\/spriv.vojvodina.gov.rs\/#\/schema\/person\/749ef4f57fbb458f1c759e7a4fa78485"},"breadcrumb":{"@id":"https:\/\/spriv.vojvodina.gov.rs\/%d0%be%d1%82%d0%b2%d0%be%d1%80%d0%b5%d0%bd-19-%d0%bf%d0%be-%d1%80%d0%b5%d0%b4%d1%83-serbia-fashion-week\/#breadcrumb"},"inLanguage":"sr-RS","potentialAction":[{"@type":"ReadAction","target":["https:\/\/spriv.vojvodina.gov.rs\/%d0%be%d1%82%d0%b2%d0%be%d1%80%d0%b5%d0%bd-19-%d0%bf%d0%be-%d1%80%d0%b5%d0%b4%d1%83-serbia-fashion-week\/"]}]},{"@type":"ImageObject","inLanguage":"sr-RS","@id":"https:\/\/spriv.vojvodina.gov.rs\/%d0%be%d1%82%d0%b2%d0%be%d1%80%d0%b5%d0%bd-19-%d0%bf%d0%be-%d1%80%d0%b5%d0%b4%d1%83-serbia-fashion-week\/#primaryimage","url":"https:\/\/spriv.vojvodina.gov.rs\/wp-content\/uploads\/2022\/04\/1651044030920-scaled.jpg","contentUrl":"https:\/\/spriv.vojvodina.gov.rs\/wp-content\/uploads\/2022\/04\/1651044030920-scaled.jpg","width":2560,"height":1441},{"@type":"BreadcrumbList","@id":"https:\/\/spriv.vojvodina.gov.rs\/%d0%be%d1%82%d0%b2%d0%be%d1%80%d0%b5%d0%bd-19-%d0%bf%d0%be-%d1%80%d0%b5%d0%b4%d1%83-serbia-fashion-week\/#breadcrumb","itemListElement":[{"@type":"ListItem","position":1,"name":"Home","item":"https:\/\/spriv.vojvodina.gov.rs\/"},{"@type":"ListItem","position":2,"name":"\u041e\u0442\u0432\u043e\u0440\u0435\u043d 19. \u043f\u043e \u0440\u0435\u0434\u0443 ,,Serbia Fashion Week&#8221;"}]},{"@type":"WebSite","@id":"https:\/\/spriv.vojvodina.gov.rs\/#website","url":"https:\/\/spriv.vojvodina.gov.rs\/","name":"\u041f\u043e\u043a\u0440\u0430\u0458\u0438\u043d\u0441\u043a\u0438 \u0441\u0435\u043a\u0440\u0435\u0442\u0430\u0440\u0438\u0458\u0430\u0442 \u0437\u0430 \u043f\u0440\u0438\u0432\u0440\u0435\u0434\u0443 \u0438 \u0442\u0443\u0440\u0438\u0437\u0430\u043c","description":"\u041f\u043e\u043a\u0440\u0430\u0458\u0438\u043d\u0441\u043a\u0438 \u0441\u0435\u043a\u0440\u0435\u0442\u0430\u0440\u0438\u0458\u0430\u0442 \u0437\u0430 \u043f\u0440\u0438\u0432\u0440\u0435\u0434\u0443 \u0438 \u0442\u0443\u0440\u0438\u0437\u0430\u043c","potentialAction":[{"@type":"SearchAction","target":{"@type":"EntryPoint","urlTemplate":"https:\/\/spriv.vojvodina.gov.rs\/?s={search_term_string}"},"query-input":{"@type":"PropertyValueSpecification","valueRequired":true,"valueName":"search_term_string"}}],"inLanguage":"sr-RS"},{"@type":"Person","@id":"https:\/\/spriv.vojvodina.gov.rs\/#\/schema\/person\/749ef4f57fbb458f1c759e7a4fa78485","name":"Sonja Babi\u0107","image":{"@type":"ImageObject","inLanguage":"sr-RS","@id":"https:\/\/secure.gravatar.com\/avatar\/00a1d182a20a59067af1e7b1c31cbcc3be1a456ee4b27746580e120c2582e5bd?s=96&d=mm&r=g","url":"https:\/\/secure.gravatar.com\/avatar\/00a1d182a20a59067af1e7b1c31cbcc3be1a456ee4b27746580e120c2582e5bd?s=96&d=mm&r=g","contentUrl":"https:\/\/secure.gravatar.com\/avatar\/00a1d182a20a59067af1e7b1c31cbcc3be1a456ee4b27746580e120c2582e5bd?s=96&d=mm&r=g","caption":"Sonja Babi\u0107"},"url":"https:\/\/spriv.vojvodina.gov.rs\/rs\/author\/sonja-babic\/"}]}},"_links":{"self":[{"href":"https:\/\/spriv.vojvodina.gov.rs\/rs\/wp-json\/wp\/v2\/posts\/8805","targetHints":{"allow":["GET"]}}],"collection":[{"href":"https:\/\/spriv.vojvodina.gov.rs\/rs\/wp-json\/wp\/v2\/posts"}],"about":[{"href":"https:\/\/spriv.vojvodina.gov.rs\/rs\/wp-json\/wp\/v2\/types\/post"}],"author":[{"embeddable":true,"href":"https:\/\/spriv.vojvodina.gov.rs\/rs\/wp-json\/wp\/v2\/users\/3"}],"replies":[{"embeddable":true,"href":"https:\/\/spriv.vojvodina.gov.rs\/rs\/wp-json\/wp\/v2\/comments?post=8805"}],"version-history":[{"count":1,"href":"https:\/\/spriv.vojvodina.gov.rs\/rs\/wp-json\/wp\/v2\/posts\/8805\/revisions"}],"predecessor-version":[{"id":8814,"href":"https:\/\/spriv.vojvodina.gov.rs\/rs\/wp-json\/wp\/v2\/posts\/8805\/revisions\/8814"}],"wp:featuredmedia":[{"embeddable":true,"href":"https:\/\/spriv.vojvodina.gov.rs\/rs\/wp-json\/wp\/v2\/media\/8806"}],"wp:attachment":[{"href":"https:\/\/spriv.vojvodina.gov.rs\/rs\/wp-json\/wp\/v2\/media?parent=8805"}],"wp:term":[{"taxonomy":"category","embeddable":true,"href":"https:\/\/spriv.vojvodina.gov.rs\/rs\/wp-json\/wp\/v2\/categories?post=8805"},{"taxonomy":"post_tag","embeddable":true,"href":"https:\/\/spriv.vojvodina.gov.rs\/rs\/wp-json\/wp\/v2\/tags?post=8805"}],"curies":[{"name":"wp","href":"https:\/\/api.w.org\/{rel}","templated":true}]}}