{"id":6171,"date":"2021-09-22T13:10:56","date_gmt":"2021-09-22T13:10:56","guid":{"rendered":"http:\/\/spriv.vojvodina.gov.rs\/2021\/09\/22\/sedma-tkacka-kolonija-u-staparu-omaz-umetnickim-i-starim-zanatima\/"},"modified":"2021-09-22T13:10:56","modified_gmt":"2021-09-22T13:10:56","slug":"sedma-tkacka-kolonija-u-staparu-omaz-umetnickim-i-starim-zanatima","status":"publish","type":"post","link":"https:\/\/spriv.vojvodina.gov.rs\/rs\/sedma-tkacka-kolonija-u-staparu-omaz-umetnickim-i-starim-zanatima\/","title":{"rendered":"Sedma tka\u010dka kolonija u Staparu &#8211; oma\u017e umetni\u010dkim i starim zanatima"},"content":{"rendered":"<p style=\"text-align: center;\">\u00a0\u00a0<img loading=\"lazy\" decoding=\"async\" class=\" size-full wp-image-6166\" src=\"http:\/\/spriv.vojvodina.gov.rs\/wp-content\/uploads\/2021\/09\/22-09-2021-Tkacka-kolonija-1.JPG\" border=\"0\" alt=\"\" width=\"600\" height=\"400\" srcset=\"https:\/\/spriv.vojvodina.gov.rs\/wp-content\/uploads\/2021\/09\/22-09-2021-Tkacka-kolonija-1.JPG 600w, https:\/\/spriv.vojvodina.gov.rs\/wp-content\/uploads\/2021\/09\/22-09-2021-Tkacka-kolonija-1-300x200.jpg 300w\" sizes=\"auto, (max-width: 600px) 100vw, 600px\" \/><\/p>\n<p style=\"text-align: justify;\">Sombor\/Stapar, 22. septembar 2021. &#8211; Otvorena sedma po redu tka\u010dka kolonija, kolonija umetni\u010dkih i starih zanata u Domu kulture u Staparu, u organizaciji Erno mre\u017ee, u saradnji sa NALED-om i Udru\u017eenjem \u017eena ,,Staparska ru\u017ea. Podr\u0161ku i pokroviteljstvo pru\u017eili su Grad Sombor, Pokrajinski sekretarijat za privredu i turizam i Ministarstvo trgovine, turizma i telekomunikacija, kao i Ambasada Sjedinjenih Ameri\u010dkih Dr\u017eava.<\/p>\n<p style=\"text-align: justify;\"><span style=\"font-size: 12.16px;\">Stapar je i ove godine doma\u0107in svim u\u010desnicima i eminentnim posetiocima, pri \u010demu doma\u0107ini i organizatori poru\u010duju da je \u0107ilimarstvo i ove kolonije postalo tradicija i u Vojvodini.<\/span><\/p>\n<p style=\"text-align: justify;\"><span style=\"font-size: 12.16px;\">Prema re\u010dima orgnaizatora, kolonije se organizuju u slavu staparskog \u0107ilima \u010dijoj lepoti nije odoleo ni princ \u010carls kada je pre nekoliko godina bio u poseti Srbiji.<\/span><\/p>\n<p style=\"text-align: justify;\"><span style=\"font-size: 12.16px;\">Ovi \u0107ilimi se izdvajaju po vencima cve\u0107a i ru\u017ea koje su ve\u0161te staparske tkalje podigle na nivo narodne umetnosti. Zlatno doba staparskog \u0107ilimarstva trajalo do prve polovine dvadesetog veka kad je Stapar va\u017eio za najpoznatiji centar \u0107ilimarstva u Ba\u010dkoj. Staparski \u0107ilim je 2016. godine kao ugro\u017eeno kulturno dobro, upisan na Nacionalnu listu nematerijalnog kulturnog nasle\u0111a.<\/span><\/p>\n<p style=\"text-align: justify;\"><span style=\"font-size: 12.16px;\">Udru\u017eenje Staparska ru\u017ea u partnerstvu s udru\u017eenjima iz Od\u017eaka i Sombora okupljenim u Etno mre\u017ei i uz podr\u0161ku grada Sombora posve\u0107eno rade na o\u010duvanju i o\u017eivljavanju ovog elementa kroz izradu komada sa prepoznatljivim motivom.\u00a0\u00a0<\/span><\/p>\n<p style=\"text-align: center;\"><span style=\"font-size: 12.16px;\"><img loading=\"lazy\" decoding=\"async\" class=\" size-full wp-image-6167\" src=\"http:\/\/spriv.vojvodina.gov.rs\/wp-content\/uploads\/2021\/09\/22-09-2021-Tkacka-kolonija-2.JPG\" border=\"0\" alt=\"\" width=\"600\" height=\"400\" srcset=\"https:\/\/spriv.vojvodina.gov.rs\/wp-content\/uploads\/2021\/09\/22-09-2021-Tkacka-kolonija-2.JPG 600w, https:\/\/spriv.vojvodina.gov.rs\/wp-content\/uploads\/2021\/09\/22-09-2021-Tkacka-kolonija-2-300x200.jpg 300w\" sizes=\"auto, (max-width: 600px) 100vw, 600px\" \/><\/span><\/p>\n<p style=\"text-align: justify;\">Pokrajinski sekretar za privredu i turizam, dr Nenad Ivani\u0161evi\u0107, u\u010destvovao je na otvaranju kolonije, govoriv\u0161i o podr\u0161ci, merama i brojnim aktivnostima Sekretarijata usmerenim ka umetni\u010dkim i starim zanatima, kao i ka \u017eenskom aktivitetu i \u017eenskom preduzetni\u0161tvu.<\/p>\n<p style=\"text-align: justify;\"><span style=\"font-size: 12.16px;\">Ivani\u0161evi\u0107 je pozvao sve u\u010desnike i one koji se prepoznaju u merama podr\u0161ke Sekretarijata da konkuri\u0161u na aktuelne konkurse u oblasti \u017eenskog preduzetni\u0161tva i drugih konkursa koji su nedavno raspisani.<\/span><\/p>\n<p style=\"text-align: justify;\"><span style=\"font-size: 12.16px;\">U\u010desnica dana\u0161nje manifestacije bila je i ministar trgovine, turizma i telekomunikacija, Tatjana Mati\u0107, koja je istakla da je tka\u010dka kolonija jo\u0161 jedna od manifestacija kojom se veli\u010da tradicija i na\u0161e nasle\u0111e, te ono \u0161to na\u0161u zemlju \u010dini jedinstvanom, dok se kroz o\u010duvanje kulturnog nasle\u0111a doprinosi promovisanju Srbije, a posebno sektora turizma.<\/span><\/p>\n<p style=\"text-align: center;\"><span style=\"font-size: 12.16px;\"><img loading=\"lazy\" decoding=\"async\" class=\" size-full wp-image-6168\" src=\"http:\/\/spriv.vojvodina.gov.rs\/wp-content\/uploads\/2021\/09\/22-09-2021-Tkacka-kolonija-3.JPG\" border=\"0\" alt=\"\" width=\"600\" height=\"400\" srcset=\"https:\/\/spriv.vojvodina.gov.rs\/wp-content\/uploads\/2021\/09\/22-09-2021-Tkacka-kolonija-3.JPG 600w, https:\/\/spriv.vojvodina.gov.rs\/wp-content\/uploads\/2021\/09\/22-09-2021-Tkacka-kolonija-3-300x200.jpg 300w\" sizes=\"auto, (max-width: 600px) 100vw, 600px\" \/><\/span><\/p>\n<p style=\"text-align: justify;\">Prema re\u010dima gradona\u010delnika Grada Sombora, Antonija Ratkovi\u0107a, revitalizacija staparskog \u0107ilima potekla je od ideje da se tradicija otrgne od zaborava i iznedrena je posebna, sada ve\u0107 tradicionalna manifestacija.<\/p>\n<p style=\"text-align: justify;\"><span style=\"font-size: 12.16px;\">,,Pri\u010da o o\u010duvanju ume\u0107a stvaranja jednog motiva povezala je dva grada, Sombor i Pirot, kao i ruralne zanatlije sa dr\u017eavnim zvani\u010dnicima. Lepota ovih ru\u010dnih radova okupila nas je u Staparu i dokazala svoju vrednost, a sami radovi su postali deo protokolarnih poklona kako Grada Sombora, tako i zvani\u010dnika \u0161irom Srbije&#8220;, istakao je gradona\u010delnik Ratkovi\u0107.<\/span><\/p>\n<p style=\"text-align: justify;\"><span style=\"font-size: 12.16px;\">U ovogodi\u0161njoj koloniji uvedena je novina, ta\u010dnije tradicionalna kolonija pustovanja oboga\u0107ena je dodatnim tehnikama poput zlatoveza, pustovanja, pletenja i izrade \u010dipke. Danas su se okupile najbolje tkalje, vezilje, pusterke i pletilje iz Stapara, Sombora, Od\u017eaka, In\u0111ije, Loznice, Pan\u010deva, Sremske Mitrovice, Velikog Gradi\u0161ta, i Bele Palanke, a me\u0111u njima je i jedan izuzetno talentovan momak iz Sokobanje, kao i mnogi osnovci iz Stapara koji u\u010destvuju i \u010duvaju nasle\u0111e svog mesta.<\/span><\/p>\n<p style=\"text-align: center;\"><span style=\"font-size: 12.16px;\"><img loading=\"lazy\" decoding=\"async\" class=\" size-full wp-image-6169\" src=\"http:\/\/spriv.vojvodina.gov.rs\/wp-content\/uploads\/2021\/09\/22-09-2021-Tkacka-kolonija-4.JPG\" border=\"0\" alt=\"\" width=\"600\" height=\"400\" srcset=\"https:\/\/spriv.vojvodina.gov.rs\/wp-content\/uploads\/2021\/09\/22-09-2021-Tkacka-kolonija-4.JPG 600w, https:\/\/spriv.vojvodina.gov.rs\/wp-content\/uploads\/2021\/09\/22-09-2021-Tkacka-kolonija-4-300x200.jpg 300w\" sizes=\"auto, (max-width: 600px) 100vw, 600px\" \/><\/span><\/p>\n","protected":false},"excerpt":{"rendered":"Sombor\/Stapar, 22. septembar 2021. &#8211; Otvorena sedma po redu tka\u010dka kolonija, kolonija umetni\u010dkih i starih zanata u Domu kulture u Staparu, u organizaciji Erno mre\u017ee, u saradnji sa NALED-om i Udru\u017eenjem \u017eena ,,Staparska ru\u017ea. Podr\u0161ku i pokroviteljstvo pru\u017eili su Grad Sombor, Pokrajinski sekretarijat za privredu i turizam i Ministarstvo trgovine, turizma i telekomunikacija, kao i Ambasada Sjedinjenih Ameri\u010dkih Dr\u017eava. Stapar je i ove godine doma\u0107in svim u\u010desnicima i eminentnim posetiocima, pri \u010demu doma\u0107ini i organizatori poru\u010duju da je \u0107ilimarstvo i ove kolonije postalo tradicija i u Vojvodini. Pokrajinski sekretar za privredu i turizam, dr Nenad Ivani\u0161evi\u0107, u\u010destvovao je na otvaranju kolonije, govoriv\u0161i o podr\u0161ci, merama i brojnim aktivnostima Sekretarijata usmerenim ka umetni\u010dkim i starim zanatima, kao i ka \u017eenskom aktivitetu i \u017eenskom preduzetni\u0161tvu. On je pozvao sve u\u010desnike i one koji se prepoznaju u merama podr\u0161ke Sekretarijata da konkuri\u0161u na aktuelne konkurse u oblasti \u017eenskog preduzetni\u0161tva i drugih konkursa koji su nedavno raspisani.\n<a class=\"moretag\" href=\"https:\/\/spriv.vojvodina.gov.rs\/rs\/sedma-tkacka-kolonija-u-staparu-omaz-umetnickim-i-starim-zanatima\/\"> [...]<\/a>","protected":false},"author":3,"featured_media":6165,"comment_status":"closed","ping_status":"closed","sticky":false,"template":"","format":"standard","meta":{"footnotes":""},"categories":[31],"tags":[],"class_list":["post-6171","post","type-post","status-publish","format-standard","has-post-thumbnail","hentry","category-vesti-latinica1"],"yoast_head":"<!-- This site is optimized with the Yoast SEO plugin v27.4 - https:\/\/yoast.com\/product\/yoast-seo-wordpress\/ -->\n<title>Sedma tka\u010dka kolonija u Staparu - oma\u017e umetni\u010dkim i starim zanatima - \u041f\u043e\u043a\u0440\u0430\u0458\u0438\u043d\u0441\u043a\u0438 \u0441\u0435\u043a\u0440\u0435\u0442\u0430\u0440\u0438\u0458\u0430\u0442 \u0437\u0430 \u043f\u0440\u0438\u0432\u0440\u0435\u0434\u0443 \u0438 \u0442\u0443\u0440\u0438\u0437\u0430\u043c<\/title>\n<meta name=\"robots\" content=\"index, follow, max-snippet:-1, max-image-preview:large, max-video-preview:-1\" \/>\n<link rel=\"canonical\" href=\"https:\/\/spriv.vojvodina.gov.rs\/rs\/sedma-tkacka-kolonija-u-staparu-omaz-umetnickim-i-starim-zanatima\/\" \/>\n<meta property=\"og:locale\" content=\"sr_RS\" \/>\n<meta property=\"og:type\" content=\"article\" \/>\n<meta property=\"og:title\" content=\"Sedma tka\u010dka kolonija u Staparu - oma\u017e umetni\u010dkim i starim zanatima - \u041f\u043e\u043a\u0440\u0430\u0458\u0438\u043d\u0441\u043a\u0438 \u0441\u0435\u043a\u0440\u0435\u0442\u0430\u0440\u0438\u0458\u0430\u0442 \u0437\u0430 \u043f\u0440\u0438\u0432\u0440\u0435\u0434\u0443 \u0438 \u0442\u0443\u0440\u0438\u0437\u0430\u043c\" \/>\n<meta property=\"og:description\" content=\"Sombor\/Stapar, 22. septembar 2021. - Otvorena sedma po redu tka\u010dka kolonija, kolonija umetni\u010dkih i starih zanata u Domu kulture u Staparu, u organizaciji Erno mre\u017ee, u saradnji sa NALED-om i Udru\u017eenjem \u017eena ,,Staparska ru\u017ea. Podr\u0161ku i pokroviteljstvo pru\u017eili su Grad Sombor, Pokrajinski sekretarijat za privredu i turizam i Ministarstvo trgovine, turizma i telekomunikacija, kao i Ambasada Sjedinjenih Ameri\u010dkih Dr\u017eava. Stapar je i ove godine doma\u0107in svim u\u010desnicima i eminentnim posetiocima, pri \u010demu doma\u0107ini i organizatori poru\u010duju da je \u0107ilimarstvo i ove kolonije postalo tradicija i u Vojvodini. Pokrajinski sekretar za privredu i turizam, dr Nenad Ivani\u0161evi\u0107, u\u010destvovao je na otvaranju kolonije, govoriv\u0161i o podr\u0161ci, merama i brojnim aktivnostima Sekretarijata usmerenim ka umetni\u010dkim i starim zanatima, kao i ka \u017eenskom aktivitetu i \u017eenskom preduzetni\u0161tvu. On je pozvao sve u\u010desnike i one koji se prepoznaju u merama podr\u0161ke Sekretarijata da konkuri\u0161u na aktuelne konkurse u oblasti \u017eenskog preduzetni\u0161tva i drugih konkursa koji su nedavno raspisani.\" \/>\n<meta property=\"og:url\" content=\"https:\/\/spriv.vojvodina.gov.rs\/sedma-tkacka-kolonija-u-staparu-omaz-umetnickim-i-starim-zanatima\/\" \/>\n<meta property=\"og:site_name\" content=\"\u041f\u043e\u043a\u0440\u0430\u0458\u0438\u043d\u0441\u043a\u0438 \u0441\u0435\u043a\u0440\u0435\u0442\u0430\u0440\u0438\u0458\u0430\u0442 \u0437\u0430 \u043f\u0440\u0438\u0432\u0440\u0435\u0434\u0443 \u0438 \u0442\u0443\u0440\u0438\u0437\u0430\u043c\" \/>\n<meta property=\"article:published_time\" content=\"2021-09-22T13:10:56+00:00\" \/>\n<meta property=\"og:image\" content=\"https:\/\/spriv.vojvodina.gov.rs\/wp-content\/uploads\/2021\/09\/22-09-2021-Tkacka-kolonija-mala.JPG\" \/>\n\t<meta property=\"og:image:width\" content=\"150\" \/>\n\t<meta property=\"og:image:height\" content=\"100\" \/>\n\t<meta property=\"og:image:type\" content=\"image\/jpeg\" \/>\n<meta name=\"author\" content=\"Sonja Babi\u0107\" \/>\n<meta name=\"twitter:card\" content=\"summary_large_image\" \/>\n<meta name=\"twitter:label1\" content=\"\u041d\u0430\u043f\u0438\u0441\u0430\u043d\u043e \u043e\u0434\" \/>\n\t<meta name=\"twitter:data1\" content=\"Sonja Babi\u0107\" \/>\n\t<meta name=\"twitter:label2\" content=\"\u041f\u0440\u043e\u0446\u0435\u045a\u0435\u043d\u043e \u0432\u0440\u0435\u043c\u0435 \u0447\u0438\u0442\u0430\u045a\u0430\" \/>\n\t<meta name=\"twitter:data2\" content=\"3 \u043c\u0438\u043d\u0443\u0442\u0430\" \/>\n<script type=\"application\/ld+json\" class=\"yoast-schema-graph\">{\"@context\":\"https:\\\/\\\/schema.org\",\"@graph\":[{\"@type\":\"Article\",\"@id\":\"https:\\\/\\\/spriv.vojvodina.gov.rs\\\/sedma-tkacka-kolonija-u-staparu-omaz-umetnickim-i-starim-zanatima\\\/#article\",\"isPartOf\":{\"@id\":\"https:\\\/\\\/spriv.vojvodina.gov.rs\\\/sedma-tkacka-kolonija-u-staparu-omaz-umetnickim-i-starim-zanatima\\\/\"},\"author\":{\"name\":\"Sonja Babi\u0107\",\"@id\":\"https:\\\/\\\/spriv.vojvodina.gov.rs\\\/#\\\/schema\\\/person\\\/749ef4f57fbb458f1c759e7a4fa78485\"},\"headline\":\"Sedma tka\u010dka kolonija u Staparu &#8211; oma\u017e umetni\u010dkim i starim zanatima\",\"datePublished\":\"2021-09-22T13:10:56+00:00\",\"mainEntityOfPage\":{\"@id\":\"https:\\\/\\\/spriv.vojvodina.gov.rs\\\/sedma-tkacka-kolonija-u-staparu-omaz-umetnickim-i-starim-zanatima\\\/\"},\"wordCount\":552,\"image\":{\"@id\":\"https:\\\/\\\/spriv.vojvodina.gov.rs\\\/sedma-tkacka-kolonija-u-staparu-omaz-umetnickim-i-starim-zanatima\\\/#primaryimage\"},\"thumbnailUrl\":\"https:\\\/\\\/spriv.vojvodina.gov.rs\\\/wp-content\\\/uploads\\\/2021\\\/09\\\/22-09-2021-Tkacka-kolonija-mala.JPG\",\"articleSection\":[\"Vesti Latinica\"],\"inLanguage\":\"sr-RS\"},{\"@type\":\"WebPage\",\"@id\":\"https:\\\/\\\/spriv.vojvodina.gov.rs\\\/sedma-tkacka-kolonija-u-staparu-omaz-umetnickim-i-starim-zanatima\\\/\",\"url\":\"https:\\\/\\\/spriv.vojvodina.gov.rs\\\/sedma-tkacka-kolonija-u-staparu-omaz-umetnickim-i-starim-zanatima\\\/\",\"name\":\"Sedma tka\u010dka kolonija u Staparu - oma\u017e umetni\u010dkim i starim zanatima - \u041f\u043e\u043a\u0440\u0430\u0458\u0438\u043d\u0441\u043a\u0438 \u0441\u0435\u043a\u0440\u0435\u0442\u0430\u0440\u0438\u0458\u0430\u0442 \u0437\u0430 \u043f\u0440\u0438\u0432\u0440\u0435\u0434\u0443 \u0438 \u0442\u0443\u0440\u0438\u0437\u0430\u043c\",\"isPartOf\":{\"@id\":\"https:\\\/\\\/spriv.vojvodina.gov.rs\\\/#website\"},\"primaryImageOfPage\":{\"@id\":\"https:\\\/\\\/spriv.vojvodina.gov.rs\\\/sedma-tkacka-kolonija-u-staparu-omaz-umetnickim-i-starim-zanatima\\\/#primaryimage\"},\"image\":{\"@id\":\"https:\\\/\\\/spriv.vojvodina.gov.rs\\\/sedma-tkacka-kolonija-u-staparu-omaz-umetnickim-i-starim-zanatima\\\/#primaryimage\"},\"thumbnailUrl\":\"https:\\\/\\\/spriv.vojvodina.gov.rs\\\/wp-content\\\/uploads\\\/2021\\\/09\\\/22-09-2021-Tkacka-kolonija-mala.JPG\",\"datePublished\":\"2021-09-22T13:10:56+00:00\",\"author\":{\"@id\":\"https:\\\/\\\/spriv.vojvodina.gov.rs\\\/#\\\/schema\\\/person\\\/749ef4f57fbb458f1c759e7a4fa78485\"},\"breadcrumb\":{\"@id\":\"https:\\\/\\\/spriv.vojvodina.gov.rs\\\/sedma-tkacka-kolonija-u-staparu-omaz-umetnickim-i-starim-zanatima\\\/#breadcrumb\"},\"inLanguage\":\"sr-RS\",\"potentialAction\":[{\"@type\":\"ReadAction\",\"target\":[\"https:\\\/\\\/spriv.vojvodina.gov.rs\\\/sedma-tkacka-kolonija-u-staparu-omaz-umetnickim-i-starim-zanatima\\\/\"]}]},{\"@type\":\"ImageObject\",\"inLanguage\":\"sr-RS\",\"@id\":\"https:\\\/\\\/spriv.vojvodina.gov.rs\\\/sedma-tkacka-kolonija-u-staparu-omaz-umetnickim-i-starim-zanatima\\\/#primaryimage\",\"url\":\"https:\\\/\\\/spriv.vojvodina.gov.rs\\\/wp-content\\\/uploads\\\/2021\\\/09\\\/22-09-2021-Tkacka-kolonija-mala.JPG\",\"contentUrl\":\"https:\\\/\\\/spriv.vojvodina.gov.rs\\\/wp-content\\\/uploads\\\/2021\\\/09\\\/22-09-2021-Tkacka-kolonija-mala.JPG\",\"width\":150,\"height\":100},{\"@type\":\"BreadcrumbList\",\"@id\":\"https:\\\/\\\/spriv.vojvodina.gov.rs\\\/sedma-tkacka-kolonija-u-staparu-omaz-umetnickim-i-starim-zanatima\\\/#breadcrumb\",\"itemListElement\":[{\"@type\":\"ListItem\",\"position\":1,\"name\":\"Home\",\"item\":\"https:\\\/\\\/spriv.vojvodina.gov.rs\\\/\"},{\"@type\":\"ListItem\",\"position\":2,\"name\":\"Sedma tka\u010dka kolonija u Staparu &#8211; oma\u017e umetni\u010dkim i starim zanatima\"}]},{\"@type\":\"WebSite\",\"@id\":\"https:\\\/\\\/spriv.vojvodina.gov.rs\\\/#website\",\"url\":\"https:\\\/\\\/spriv.vojvodina.gov.rs\\\/\",\"name\":\"\u041f\u043e\u043a\u0440\u0430\u0458\u0438\u043d\u0441\u043a\u0438 \u0441\u0435\u043a\u0440\u0435\u0442\u0430\u0440\u0438\u0458\u0430\u0442 \u0437\u0430 \u043f\u0440\u0438\u0432\u0440\u0435\u0434\u0443 \u0438 \u0442\u0443\u0440\u0438\u0437\u0430\u043c\",\"description\":\"\u041f\u043e\u043a\u0440\u0430\u0458\u0438\u043d\u0441\u043a\u0438 \u0441\u0435\u043a\u0440\u0435\u0442\u0430\u0440\u0438\u0458\u0430\u0442 \u0437\u0430 \u043f\u0440\u0438\u0432\u0440\u0435\u0434\u0443 \u0438 \u0442\u0443\u0440\u0438\u0437\u0430\u043c\",\"potentialAction\":[{\"@type\":\"SearchAction\",\"target\":{\"@type\":\"EntryPoint\",\"urlTemplate\":\"https:\\\/\\\/spriv.vojvodina.gov.rs\\\/?s={search_term_string}\"},\"query-input\":{\"@type\":\"PropertyValueSpecification\",\"valueRequired\":true,\"valueName\":\"search_term_string\"}}],\"inLanguage\":\"sr-RS\"},{\"@type\":\"Person\",\"@id\":\"https:\\\/\\\/spriv.vojvodina.gov.rs\\\/#\\\/schema\\\/person\\\/749ef4f57fbb458f1c759e7a4fa78485\",\"name\":\"Sonja Babi\u0107\",\"image\":{\"@type\":\"ImageObject\",\"inLanguage\":\"sr-RS\",\"@id\":\"https:\\\/\\\/secure.gravatar.com\\\/avatar\\\/00a1d182a20a59067af1e7b1c31cbcc3be1a456ee4b27746580e120c2582e5bd?s=96&d=mm&r=g\",\"url\":\"https:\\\/\\\/secure.gravatar.com\\\/avatar\\\/00a1d182a20a59067af1e7b1c31cbcc3be1a456ee4b27746580e120c2582e5bd?s=96&d=mm&r=g\",\"contentUrl\":\"https:\\\/\\\/secure.gravatar.com\\\/avatar\\\/00a1d182a20a59067af1e7b1c31cbcc3be1a456ee4b27746580e120c2582e5bd?s=96&d=mm&r=g\",\"caption\":\"Sonja Babi\u0107\"},\"url\":\"https:\\\/\\\/spriv.vojvodina.gov.rs\\\/rs\\\/author\\\/sonja-babic\\\/\"}]}<\/script>\n<!-- \/ Yoast SEO plugin. -->","yoast_head_json":{"title":"Sedma tka\u010dka kolonija u Staparu - oma\u017e umetni\u010dkim i starim zanatima - \u041f\u043e\u043a\u0440\u0430\u0458\u0438\u043d\u0441\u043a\u0438 \u0441\u0435\u043a\u0440\u0435\u0442\u0430\u0440\u0438\u0458\u0430\u0442 \u0437\u0430 \u043f\u0440\u0438\u0432\u0440\u0435\u0434\u0443 \u0438 \u0442\u0443\u0440\u0438\u0437\u0430\u043c","robots":{"index":"index","follow":"follow","max-snippet":"max-snippet:-1","max-image-preview":"max-image-preview:large","max-video-preview":"max-video-preview:-1"},"canonical":"https:\/\/spriv.vojvodina.gov.rs\/rs\/sedma-tkacka-kolonija-u-staparu-omaz-umetnickim-i-starim-zanatima\/","og_locale":"sr_RS","og_type":"article","og_title":"Sedma tka\u010dka kolonija u Staparu - oma\u017e umetni\u010dkim i starim zanatima - \u041f\u043e\u043a\u0440\u0430\u0458\u0438\u043d\u0441\u043a\u0438 \u0441\u0435\u043a\u0440\u0435\u0442\u0430\u0440\u0438\u0458\u0430\u0442 \u0437\u0430 \u043f\u0440\u0438\u0432\u0440\u0435\u0434\u0443 \u0438 \u0442\u0443\u0440\u0438\u0437\u0430\u043c","og_description":"Sombor\/Stapar, 22. septembar 2021. - Otvorena sedma po redu tka\u010dka kolonija, kolonija umetni\u010dkih i starih zanata u Domu kulture u Staparu, u organizaciji Erno mre\u017ee, u saradnji sa NALED-om i Udru\u017eenjem \u017eena ,,Staparska ru\u017ea. Podr\u0161ku i pokroviteljstvo pru\u017eili su Grad Sombor, Pokrajinski sekretarijat za privredu i turizam i Ministarstvo trgovine, turizma i telekomunikacija, kao i Ambasada Sjedinjenih Ameri\u010dkih Dr\u017eava. Stapar je i ove godine doma\u0107in svim u\u010desnicima i eminentnim posetiocima, pri \u010demu doma\u0107ini i organizatori poru\u010duju da je \u0107ilimarstvo i ove kolonije postalo tradicija i u Vojvodini. Pokrajinski sekretar za privredu i turizam, dr Nenad Ivani\u0161evi\u0107, u\u010destvovao je na otvaranju kolonije, govoriv\u0161i o podr\u0161ci, merama i brojnim aktivnostima Sekretarijata usmerenim ka umetni\u010dkim i starim zanatima, kao i ka \u017eenskom aktivitetu i \u017eenskom preduzetni\u0161tvu. On je pozvao sve u\u010desnike i one koji se prepoznaju u merama podr\u0161ke Sekretarijata da konkuri\u0161u na aktuelne konkurse u oblasti \u017eenskog preduzetni\u0161tva i drugih konkursa koji su nedavno raspisani.","og_url":"https:\/\/spriv.vojvodina.gov.rs\/sedma-tkacka-kolonija-u-staparu-omaz-umetnickim-i-starim-zanatima\/","og_site_name":"\u041f\u043e\u043a\u0440\u0430\u0458\u0438\u043d\u0441\u043a\u0438 \u0441\u0435\u043a\u0440\u0435\u0442\u0430\u0440\u0438\u0458\u0430\u0442 \u0437\u0430 \u043f\u0440\u0438\u0432\u0440\u0435\u0434\u0443 \u0438 \u0442\u0443\u0440\u0438\u0437\u0430\u043c","article_published_time":"2021-09-22T13:10:56+00:00","og_image":[{"url":"https:\/\/spriv.vojvodina.gov.rs\/wp-content\/uploads\/2021\/09\/22-09-2021-Tkacka-kolonija-mala.JPG","width":150,"height":100,"type":"image\/jpeg"}],"author":"Sonja Babi\u0107","twitter_card":"summary_large_image","twitter_misc":{"\u041d\u0430\u043f\u0438\u0441\u0430\u043d\u043e \u043e\u0434":"Sonja Babi\u0107","\u041f\u0440\u043e\u0446\u0435\u045a\u0435\u043d\u043e \u0432\u0440\u0435\u043c\u0435 \u0447\u0438\u0442\u0430\u045a\u0430":"3 \u043c\u0438\u043d\u0443\u0442\u0430"},"schema":{"@context":"https:\/\/schema.org","@graph":[{"@type":"Article","@id":"https:\/\/spriv.vojvodina.gov.rs\/sedma-tkacka-kolonija-u-staparu-omaz-umetnickim-i-starim-zanatima\/#article","isPartOf":{"@id":"https:\/\/spriv.vojvodina.gov.rs\/sedma-tkacka-kolonija-u-staparu-omaz-umetnickim-i-starim-zanatima\/"},"author":{"name":"Sonja Babi\u0107","@id":"https:\/\/spriv.vojvodina.gov.rs\/#\/schema\/person\/749ef4f57fbb458f1c759e7a4fa78485"},"headline":"Sedma tka\u010dka kolonija u Staparu &#8211; oma\u017e umetni\u010dkim i starim zanatima","datePublished":"2021-09-22T13:10:56+00:00","mainEntityOfPage":{"@id":"https:\/\/spriv.vojvodina.gov.rs\/sedma-tkacka-kolonija-u-staparu-omaz-umetnickim-i-starim-zanatima\/"},"wordCount":552,"image":{"@id":"https:\/\/spriv.vojvodina.gov.rs\/sedma-tkacka-kolonija-u-staparu-omaz-umetnickim-i-starim-zanatima\/#primaryimage"},"thumbnailUrl":"https:\/\/spriv.vojvodina.gov.rs\/wp-content\/uploads\/2021\/09\/22-09-2021-Tkacka-kolonija-mala.JPG","articleSection":["Vesti Latinica"],"inLanguage":"sr-RS"},{"@type":"WebPage","@id":"https:\/\/spriv.vojvodina.gov.rs\/sedma-tkacka-kolonija-u-staparu-omaz-umetnickim-i-starim-zanatima\/","url":"https:\/\/spriv.vojvodina.gov.rs\/sedma-tkacka-kolonija-u-staparu-omaz-umetnickim-i-starim-zanatima\/","name":"Sedma tka\u010dka kolonija u Staparu - oma\u017e umetni\u010dkim i starim zanatima - \u041f\u043e\u043a\u0440\u0430\u0458\u0438\u043d\u0441\u043a\u0438 \u0441\u0435\u043a\u0440\u0435\u0442\u0430\u0440\u0438\u0458\u0430\u0442 \u0437\u0430 \u043f\u0440\u0438\u0432\u0440\u0435\u0434\u0443 \u0438 \u0442\u0443\u0440\u0438\u0437\u0430\u043c","isPartOf":{"@id":"https:\/\/spriv.vojvodina.gov.rs\/#website"},"primaryImageOfPage":{"@id":"https:\/\/spriv.vojvodina.gov.rs\/sedma-tkacka-kolonija-u-staparu-omaz-umetnickim-i-starim-zanatima\/#primaryimage"},"image":{"@id":"https:\/\/spriv.vojvodina.gov.rs\/sedma-tkacka-kolonija-u-staparu-omaz-umetnickim-i-starim-zanatima\/#primaryimage"},"thumbnailUrl":"https:\/\/spriv.vojvodina.gov.rs\/wp-content\/uploads\/2021\/09\/22-09-2021-Tkacka-kolonija-mala.JPG","datePublished":"2021-09-22T13:10:56+00:00","author":{"@id":"https:\/\/spriv.vojvodina.gov.rs\/#\/schema\/person\/749ef4f57fbb458f1c759e7a4fa78485"},"breadcrumb":{"@id":"https:\/\/spriv.vojvodina.gov.rs\/sedma-tkacka-kolonija-u-staparu-omaz-umetnickim-i-starim-zanatima\/#breadcrumb"},"inLanguage":"sr-RS","potentialAction":[{"@type":"ReadAction","target":["https:\/\/spriv.vojvodina.gov.rs\/sedma-tkacka-kolonija-u-staparu-omaz-umetnickim-i-starim-zanatima\/"]}]},{"@type":"ImageObject","inLanguage":"sr-RS","@id":"https:\/\/spriv.vojvodina.gov.rs\/sedma-tkacka-kolonija-u-staparu-omaz-umetnickim-i-starim-zanatima\/#primaryimage","url":"https:\/\/spriv.vojvodina.gov.rs\/wp-content\/uploads\/2021\/09\/22-09-2021-Tkacka-kolonija-mala.JPG","contentUrl":"https:\/\/spriv.vojvodina.gov.rs\/wp-content\/uploads\/2021\/09\/22-09-2021-Tkacka-kolonija-mala.JPG","width":150,"height":100},{"@type":"BreadcrumbList","@id":"https:\/\/spriv.vojvodina.gov.rs\/sedma-tkacka-kolonija-u-staparu-omaz-umetnickim-i-starim-zanatima\/#breadcrumb","itemListElement":[{"@type":"ListItem","position":1,"name":"Home","item":"https:\/\/spriv.vojvodina.gov.rs\/"},{"@type":"ListItem","position":2,"name":"Sedma tka\u010dka kolonija u Staparu &#8211; oma\u017e umetni\u010dkim i starim zanatima"}]},{"@type":"WebSite","@id":"https:\/\/spriv.vojvodina.gov.rs\/#website","url":"https:\/\/spriv.vojvodina.gov.rs\/","name":"\u041f\u043e\u043a\u0440\u0430\u0458\u0438\u043d\u0441\u043a\u0438 \u0441\u0435\u043a\u0440\u0435\u0442\u0430\u0440\u0438\u0458\u0430\u0442 \u0437\u0430 \u043f\u0440\u0438\u0432\u0440\u0435\u0434\u0443 \u0438 \u0442\u0443\u0440\u0438\u0437\u0430\u043c","description":"\u041f\u043e\u043a\u0440\u0430\u0458\u0438\u043d\u0441\u043a\u0438 \u0441\u0435\u043a\u0440\u0435\u0442\u0430\u0440\u0438\u0458\u0430\u0442 \u0437\u0430 \u043f\u0440\u0438\u0432\u0440\u0435\u0434\u0443 \u0438 \u0442\u0443\u0440\u0438\u0437\u0430\u043c","potentialAction":[{"@type":"SearchAction","target":{"@type":"EntryPoint","urlTemplate":"https:\/\/spriv.vojvodina.gov.rs\/?s={search_term_string}"},"query-input":{"@type":"PropertyValueSpecification","valueRequired":true,"valueName":"search_term_string"}}],"inLanguage":"sr-RS"},{"@type":"Person","@id":"https:\/\/spriv.vojvodina.gov.rs\/#\/schema\/person\/749ef4f57fbb458f1c759e7a4fa78485","name":"Sonja Babi\u0107","image":{"@type":"ImageObject","inLanguage":"sr-RS","@id":"https:\/\/secure.gravatar.com\/avatar\/00a1d182a20a59067af1e7b1c31cbcc3be1a456ee4b27746580e120c2582e5bd?s=96&d=mm&r=g","url":"https:\/\/secure.gravatar.com\/avatar\/00a1d182a20a59067af1e7b1c31cbcc3be1a456ee4b27746580e120c2582e5bd?s=96&d=mm&r=g","contentUrl":"https:\/\/secure.gravatar.com\/avatar\/00a1d182a20a59067af1e7b1c31cbcc3be1a456ee4b27746580e120c2582e5bd?s=96&d=mm&r=g","caption":"Sonja Babi\u0107"},"url":"https:\/\/spriv.vojvodina.gov.rs\/rs\/author\/sonja-babic\/"}]}},"_links":{"self":[{"href":"https:\/\/spriv.vojvodina.gov.rs\/rs\/wp-json\/wp\/v2\/posts\/6171","targetHints":{"allow":["GET"]}}],"collection":[{"href":"https:\/\/spriv.vojvodina.gov.rs\/rs\/wp-json\/wp\/v2\/posts"}],"about":[{"href":"https:\/\/spriv.vojvodina.gov.rs\/rs\/wp-json\/wp\/v2\/types\/post"}],"author":[{"embeddable":true,"href":"https:\/\/spriv.vojvodina.gov.rs\/rs\/wp-json\/wp\/v2\/users\/3"}],"replies":[{"embeddable":true,"href":"https:\/\/spriv.vojvodina.gov.rs\/rs\/wp-json\/wp\/v2\/comments?post=6171"}],"version-history":[{"count":0,"href":"https:\/\/spriv.vojvodina.gov.rs\/rs\/wp-json\/wp\/v2\/posts\/6171\/revisions"}],"wp:featuredmedia":[{"embeddable":true,"href":"https:\/\/spriv.vojvodina.gov.rs\/rs\/wp-json\/wp\/v2\/media\/6165"}],"wp:attachment":[{"href":"https:\/\/spriv.vojvodina.gov.rs\/rs\/wp-json\/wp\/v2\/media?parent=6171"}],"wp:term":[{"taxonomy":"category","embeddable":true,"href":"https:\/\/spriv.vojvodina.gov.rs\/rs\/wp-json\/wp\/v2\/categories?post=6171"},{"taxonomy":"post_tag","embeddable":true,"href":"https:\/\/spriv.vojvodina.gov.rs\/rs\/wp-json\/wp\/v2\/tags?post=6171"}],"curies":[{"name":"wp","href":"https:\/\/api.w.org\/{rel}","templated":true}]}}