{"id":5969,"date":"2021-07-01T14:36:40","date_gmt":"2021-07-01T14:36:40","guid":{"rendered":"http:\/\/spriv.vojvodina.gov.rs\/2021\/07\/01\/ivanisevic-znacajnija-podrska-manifestacionom-turizmu-i-medunarodnim-festivalima-prvi-korak-ka-ponovnom-uspostavljanju-globalnih-brendova-iz-srbije\/"},"modified":"2021-07-01T14:36:40","modified_gmt":"2021-07-01T14:36:40","slug":"ivanisevic-znacajnija-podrska-manifestacionom-turizmu-i-medunarodnim-festivalima-prvi-korak-ka-ponovnom-uspostavljanju-globalnih-brendova-iz-srbije","status":"publish","type":"post","link":"https:\/\/spriv.vojvodina.gov.rs\/rs\/ivanisevic-znacajnija-podrska-manifestacionom-turizmu-i-medunarodnim-festivalima-prvi-korak-ka-ponovnom-uspostavljanju-globalnih-brendova-iz-srbije\/","title":{"rendered":"Ivani\u0161evi\u0107: Zna\u010dajnija podr\u0161ka manifestacionom turizmu i me\u0111unarodnim festivalima prvi korak ka ponovnom uspostavljanju globalnih brendova iz Srbije"},"content":{"rendered":"<p style=\"text-align: center;\">\u00a0\u00a0<span style=\"font-size: 12.16px;\"><img loading=\"lazy\" decoding=\"async\" class=\" size-full wp-image-5965\" src=\"http:\/\/spriv.vojvodina.gov.rs\/wp-content\/uploads\/2021\/07\/01-07-2021-Exit-1.JPG\" border=\"0\" alt=\"\" width=\"600\" height=\"400\" srcset=\"https:\/\/spriv.vojvodina.gov.rs\/wp-content\/uploads\/2021\/07\/01-07-2021-Exit-1.JPG 600w, https:\/\/spriv.vojvodina.gov.rs\/wp-content\/uploads\/2021\/07\/01-07-2021-Exit-1-300x200.jpg 300w\" sizes=\"auto, (max-width: 600px) 100vw, 600px\" \/><\/span><\/p>\n<p style=\"text-align: justify;\">Novi Sad, 1. jul 2021. \u2013<strong style=\"font-size: 12.16px;\">\u00a0<\/strong><span style=\"font-size: 12.16px;\">Pokrajinski sekretar za privredu i turizam, dr Nenad Ivani\u0161evi\u0107, sastao se danas sa predstavnicima Fondacije ,,EXIT\u201c, sa kojima je razgovarao o podr\u0161ci manifestacionom turizmu, te o organizaciji i ovogodi\u0161njem ,,EXIT\u201c festivalu, koji se odr\u017eava tradicionalno na d 8. do 11. jula na Petrovaradinskoj tvr\u0111avi.\u00a0<\/span><\/p>\n<p style=\"text-align: justify;\">,,EXIT\u201c festival, kao trostruki dobitnik nagrade za najbolji evropski festival, do sada je posetilo blizu \u010detiri miliona gostiju, iz preko 100 zemalja sveta, i jedan je od vode\u0107ih globalnih brendova koji su poteklih iz Srbije. U prethodne dve decenije, ovaj festival je umnogome uticao na promociju Srbije, a posebno Grada Novog Sada, kao turisti\u010dke destinacije, sa posebnim mestom na mapi svetski poznatih i priznatih festivala.<\/p>\n<p style=\"text-align: justify;\"><span style=\"font-size: 12.16px;\">Pokrajinski sekretar Ivani\u0161evi\u0107 je ovom prilikom pozdravio ponovno odr\u017eavanje festivala u Novom Sadu, na prepoznatljivoj lokaciji popularne ,,\u0110ave\u201c, koji \u0107e se ove godine, na jubilarnu dvadesetogodi\u0161njicu, odr\u017eati u skladu sa odlukama i merama Kriznog \u0161taba koji je dao saglasnost na sam koncept i mere predostro\u017enosti preduzete od strane organizatora, a koje se primenjuju kako na doma\u0107e, tako i na strane goste.<\/span><\/p>\n<p style=\"text-align: justify;\"><span style=\"font-size: 12.16px;\">,,Veoma je va\u017ena \u010dinjenica da se festival EXIT nastavlja odr\u017eavati u Srbiji i to u Novom Sadu na prepoznatljivoj Petrovaradinskoj tvr\u0111avi, jednom od najzna\u010dajnijih kulturolo\u0161kih, istorijskih\u00a0 i turisti\u010dkih znamenitosti i resursa Grada Novog Sada. Pokrajinska vlada je prepoznala zna\u010daj festivala i ve\u0107 godinama pru\u017ea podr\u0161ku, kao jednom od najzna\u010dajnijih festivala koji brendira na\u0161u zemlju i stavlja Novi Sad na mapu svetski poznatih festivala, \u0161to rezultira generisanje velikog broja doma\u0107ih i stranih tr\u017ei\u0161ta koji zbog njega dolaze u Novi Sad, pa samim tim i u Vojvodinu. Pokrajinski sekretarijat za privredu i turizam tajo\u0111e podr\u017eava ovu manifestaciju kao jedan od najzna\u010dajnijih turisti\u010dkih doga\u0111aja u zemlji\u201c, naglasio je Ivani\u0161evi\u0107.<\/span><\/p>\n<p style=\"text-align: center;\"><span style=\"font-size: 12.16px;\"><img loading=\"lazy\" decoding=\"async\" class=\" size-full wp-image-5966\" src=\"http:\/\/spriv.vojvodina.gov.rs\/wp-content\/uploads\/2021\/07\/01-07-2021-Exit-2.JPG\" border=\"0\" alt=\"\" width=\"600\" height=\"400\" srcset=\"https:\/\/spriv.vojvodina.gov.rs\/wp-content\/uploads\/2021\/07\/01-07-2021-Exit-2.JPG 600w, https:\/\/spriv.vojvodina.gov.rs\/wp-content\/uploads\/2021\/07\/01-07-2021-Exit-2-300x200.jpg 300w\" sizes=\"auto, (max-width: 600px) 100vw, 600px\" \/><\/span><\/p>\n<p style=\"text-align: justify;\">On je napomenuo da mere usled pandemije jesu imale efekta, te da je mogu\u0107nost odr\u017eavanja brojnih manifestacija i festivala, kako regionalnog, tako i me\u0111unarodnog tipa, upravo njihov pozitivan ishod. Pored toga, sam uticaj organizatora i izvo\u0111a\u010da koji su se odazvali pozivu na u\u010de\u0161\u0107e, jeste vi\u0161estruk, s obzirom da ima za cilj kako promovisanje povratka u ,,normalne tokove\u201c i unapre\u0111enje manifestacionog turizma, tako i na podizanje svesti o va\u017enosti vakcinacije, te borbu za mentalno zdravlje mladih, ozbiljno naru\u0161eno tokom proteklih petnaest meseci.<\/p>\n<p style=\"text-align: justify;\"><span style=\"font-size: 12.16px;\">,,EXIT\u201c festival \u0107e biti organizovan u skladu sa Safe Events Srbija Protokolom, po kome je mogu\u0107e bezbedno organizovati manifestacije u Republici Srbiji. Glavni segment Protokola podrazumeva ograni\u010denje ulaska na one koji su vakcinisani, imaju antitela usled prele\u017eanog virusa Kovid-19, ili su negativni na kovid testu. Protokol je zasnovan na najnovijim nau\u010dnim istra\u017eivanjima \u0161irom Evrope, koja su dokazala da je rizik od \u0161irenja zaraze gotovo zanemarljiv.<\/span><\/p>\n<p style=\"text-align: justify;\"><span style=\"font-size: 12.16px;\">Organizatori isti\u010du da \u0107e uz primenu odredaba ovog Protokola, ,,EXIT\u201c festival biti jedno od najbezbednijih mesta okupljanja.<\/span><\/p>\n<p style=\"text-align: center;\"><span style=\"font-size: 12.16px;\"><img loading=\"lazy\" decoding=\"async\" class=\" size-full wp-image-5967\" src=\"http:\/\/spriv.vojvodina.gov.rs\/wp-content\/uploads\/2021\/07\/01-07-2021-Exit-3.JPG\" border=\"0\" alt=\"\" width=\"600\" height=\"400\" srcset=\"https:\/\/spriv.vojvodina.gov.rs\/wp-content\/uploads\/2021\/07\/01-07-2021-Exit-3.JPG 600w, https:\/\/spriv.vojvodina.gov.rs\/wp-content\/uploads\/2021\/07\/01-07-2021-Exit-3-300x200.jpg 300w\" sizes=\"auto, (max-width: 600px) 100vw, 600px\" \/><\/span><\/p>\n","protected":false},"excerpt":{"rendered":"Novi Sad, 1. jul 2021. \u2013 Pokrajinski sekretar za privredu i turizam, dr Nenad Ivani\u0161evi\u0107, sastao se danas sa predstavnicima Fondacije ,,EXIT\u201c, sa kojima je razgovarao o podr\u0161ci manifestacionom turizmu, te o organizaciji i ovogodi\u0161njem ,,EXIT\u201c festivalu, koji se odr\u017eava tradicionalno na d 8. do 11. jula na Petrovaradinskoj tvr\u0111avi. Ivani\u0161evi\u0107 je ovom prilikom pozdravio ponovno odr\u017eavanje festivala u Novom Sadu, koji \u0107e se ove godine, na jubilarnu dvadesetogodi\u0161njicu, odr\u017eati u skladu sa odlukama i merama Kriznog \u0161taba koji je dao saglasnost na sam koncept i mere predostro\u017enosti preduzete od strane organizatora, a koje se primenjuju kako na doma\u0107e, tako i na strane goste.\n<a class=\"moretag\" href=\"https:\/\/spriv.vojvodina.gov.rs\/rs\/ivanisevic-znacajnija-podrska-manifestacionom-turizmu-i-medunarodnim-festivalima-prvi-korak-ka-ponovnom-uspostavljanju-globalnih-brendova-iz-srbije\/\"> [...]<\/a>","protected":false},"author":3,"featured_media":5964,"comment_status":"closed","ping_status":"closed","sticky":false,"template":"","format":"standard","meta":{"footnotes":""},"categories":[31],"tags":[],"class_list":["post-5969","post","type-post","status-publish","format-standard","has-post-thumbnail","hentry","category-vesti-latinica1"],"yoast_head":"<!-- This site is optimized with the Yoast SEO plugin v27.5 - https:\/\/yoast.com\/product\/yoast-seo-wordpress\/ -->\n<title>Ivani\u0161evi\u0107: Zna\u010dajnija podr\u0161ka manifestacionom turizmu i me\u0111unarodnim festivalima prvi korak ka ponovnom uspostavljanju globalnih brendova iz Srbije - \u041f\u043e\u043a\u0440\u0430\u0458\u0438\u043d\u0441\u043a\u0438 \u0441\u0435\u043a\u0440\u0435\u0442\u0430\u0440\u0438\u0458\u0430\u0442 \u0437\u0430 \u043f\u0440\u0438\u0432\u0440\u0435\u0434\u0443 \u0438 \u0442\u0443\u0440\u0438\u0437\u0430\u043c<\/title>\n<meta name=\"robots\" content=\"index, follow, max-snippet:-1, max-image-preview:large, max-video-preview:-1\" \/>\n<link rel=\"canonical\" href=\"https:\/\/spriv.vojvodina.gov.rs\/rs\/ivanisevic-znacajnija-podrska-manifestacionom-turizmu-i-medunarodnim-festivalima-prvi-korak-ka-ponovnom-uspostavljanju-globalnih-brendova-iz-srbije\/\" \/>\n<meta property=\"og:locale\" content=\"sr_RS\" \/>\n<meta property=\"og:type\" content=\"article\" \/>\n<meta property=\"og:title\" content=\"Ivani\u0161evi\u0107: Zna\u010dajnija podr\u0161ka manifestacionom turizmu i me\u0111unarodnim festivalima prvi korak ka ponovnom uspostavljanju globalnih brendova iz Srbije - \u041f\u043e\u043a\u0440\u0430\u0458\u0438\u043d\u0441\u043a\u0438 \u0441\u0435\u043a\u0440\u0435\u0442\u0430\u0440\u0438\u0458\u0430\u0442 \u0437\u0430 \u043f\u0440\u0438\u0432\u0440\u0435\u0434\u0443 \u0438 \u0442\u0443\u0440\u0438\u0437\u0430\u043c\" \/>\n<meta property=\"og:description\" content=\"Novi Sad, 1. jul 2021. \u2013 Pokrajinski sekretar za privredu i turizam, dr Nenad Ivani\u0161evi\u0107, sastao se danas sa predstavnicima Fondacije ,,EXIT\u201c, sa kojima je razgovarao o podr\u0161ci manifestacionom turizmu, te o organizaciji i ovogodi\u0161njem ,,EXIT\u201c festivalu, koji se odr\u017eava tradicionalno na d 8. do 11. jula na Petrovaradinskoj tvr\u0111avi. Ivani\u0161evi\u0107 je ovom prilikom pozdravio ponovno odr\u017eavanje festivala u Novom Sadu, koji \u0107e se ove godine, na jubilarnu dvadesetogodi\u0161njicu, odr\u017eati u skladu sa odlukama i merama Kriznog \u0161taba koji je dao saglasnost na sam koncept i mere predostro\u017enosti preduzete od strane organizatora, a koje se primenjuju kako na doma\u0107e, tako i na strane goste.\" \/>\n<meta property=\"og:url\" content=\"https:\/\/spriv.vojvodina.gov.rs\/rs\/ivanisevic-znacajnija-podrska-manifestacionom-turizmu-i-medunarodnim-festivalima-prvi-korak-ka-ponovnom-uspostavljanju-globalnih-brendova-iz-srbije\/\" \/>\n<meta property=\"og:site_name\" content=\"\u041f\u043e\u043a\u0440\u0430\u0458\u0438\u043d\u0441\u043a\u0438 \u0441\u0435\u043a\u0440\u0435\u0442\u0430\u0440\u0438\u0458\u0430\u0442 \u0437\u0430 \u043f\u0440\u0438\u0432\u0440\u0435\u0434\u0443 \u0438 \u0442\u0443\u0440\u0438\u0437\u0430\u043c\" \/>\n<meta property=\"article:published_time\" content=\"2021-07-01T14:36:40+00:00\" \/>\n<meta property=\"og:image\" content=\"https:\/\/spriv.vojvodina.gov.rs\/wp-content\/uploads\/2021\/07\/01-07-2021-Exit-mala.JPG\" \/>\n\t<meta property=\"og:image:width\" content=\"150\" \/>\n\t<meta property=\"og:image:height\" content=\"100\" \/>\n\t<meta property=\"og:image:type\" content=\"image\/jpeg\" \/>\n<meta name=\"author\" content=\"Sonja Babi\u0107\" \/>\n<meta name=\"twitter:card\" content=\"summary_large_image\" \/>\n<meta name=\"twitter:label1\" content=\"\u041d\u0430\u043f\u0438\u0441\u0430\u043d\u043e \u043e\u0434\" \/>\n\t<meta name=\"twitter:data1\" content=\"Sonja Babi\u0107\" \/>\n\t<meta name=\"twitter:label2\" content=\"\u041f\u0440\u043e\u0446\u0435\u045a\u0435\u043d\u043e \u0432\u0440\u0435\u043c\u0435 \u0447\u0438\u0442\u0430\u045a\u0430\" \/>\n\t<meta name=\"twitter:data2\" content=\"2 \u043c\u0438\u043d\u0443\u0442\u0430\" \/>\n<script type=\"application\/ld+json\" class=\"yoast-schema-graph\">{\"@context\":\"https:\\\/\\\/schema.org\",\"@graph\":[{\"@type\":\"Article\",\"@id\":\"https:\\\/\\\/spriv.vojvodina.gov.rs\\\/rs\\\/ivanisevic-znacajnija-podrska-manifestacionom-turizmu-i-medunarodnim-festivalima-prvi-korak-ka-ponovnom-uspostavljanju-globalnih-brendova-iz-srbije\\\/#article\",\"isPartOf\":{\"@id\":\"https:\\\/\\\/spriv.vojvodina.gov.rs\\\/rs\\\/ivanisevic-znacajnija-podrska-manifestacionom-turizmu-i-medunarodnim-festivalima-prvi-korak-ka-ponovnom-uspostavljanju-globalnih-brendova-iz-srbije\\\/\"},\"author\":{\"name\":\"Sonja Babi\u0107\",\"@id\":\"https:\\\/\\\/spriv.vojvodina.gov.rs\\\/#\\\/schema\\\/person\\\/749ef4f57fbb458f1c759e7a4fa78485\"},\"headline\":\"Ivani\u0161evi\u0107: Zna\u010dajnija podr\u0161ka manifestacionom turizmu i me\u0111unarodnim festivalima prvi korak ka ponovnom uspostavljanju globalnih brendova iz Srbije\",\"datePublished\":\"2021-07-01T14:36:40+00:00\",\"mainEntityOfPage\":{\"@id\":\"https:\\\/\\\/spriv.vojvodina.gov.rs\\\/rs\\\/ivanisevic-znacajnija-podrska-manifestacionom-turizmu-i-medunarodnim-festivalima-prvi-korak-ka-ponovnom-uspostavljanju-globalnih-brendova-iz-srbije\\\/\"},\"wordCount\":510,\"image\":{\"@id\":\"https:\\\/\\\/spriv.vojvodina.gov.rs\\\/rs\\\/ivanisevic-znacajnija-podrska-manifestacionom-turizmu-i-medunarodnim-festivalima-prvi-korak-ka-ponovnom-uspostavljanju-globalnih-brendova-iz-srbije\\\/#primaryimage\"},\"thumbnailUrl\":\"https:\\\/\\\/spriv.vojvodina.gov.rs\\\/wp-content\\\/uploads\\\/2021\\\/07\\\/01-07-2021-Exit-mala.JPG\",\"articleSection\":[\"Vesti Latinica\"],\"inLanguage\":\"sr-RS\"},{\"@type\":\"WebPage\",\"@id\":\"https:\\\/\\\/spriv.vojvodina.gov.rs\\\/rs\\\/ivanisevic-znacajnija-podrska-manifestacionom-turizmu-i-medunarodnim-festivalima-prvi-korak-ka-ponovnom-uspostavljanju-globalnih-brendova-iz-srbije\\\/\",\"url\":\"https:\\\/\\\/spriv.vojvodina.gov.rs\\\/rs\\\/ivanisevic-znacajnija-podrska-manifestacionom-turizmu-i-medunarodnim-festivalima-prvi-korak-ka-ponovnom-uspostavljanju-globalnih-brendova-iz-srbije\\\/\",\"name\":\"Ivani\u0161evi\u0107: Zna\u010dajnija podr\u0161ka manifestacionom turizmu i me\u0111unarodnim festivalima prvi korak ka ponovnom uspostavljanju globalnih brendova iz Srbije - \u041f\u043e\u043a\u0440\u0430\u0458\u0438\u043d\u0441\u043a\u0438 \u0441\u0435\u043a\u0440\u0435\u0442\u0430\u0440\u0438\u0458\u0430\u0442 \u0437\u0430 \u043f\u0440\u0438\u0432\u0440\u0435\u0434\u0443 \u0438 \u0442\u0443\u0440\u0438\u0437\u0430\u043c\",\"isPartOf\":{\"@id\":\"https:\\\/\\\/spriv.vojvodina.gov.rs\\\/#website\"},\"primaryImageOfPage\":{\"@id\":\"https:\\\/\\\/spriv.vojvodina.gov.rs\\\/rs\\\/ivanisevic-znacajnija-podrska-manifestacionom-turizmu-i-medunarodnim-festivalima-prvi-korak-ka-ponovnom-uspostavljanju-globalnih-brendova-iz-srbije\\\/#primaryimage\"},\"image\":{\"@id\":\"https:\\\/\\\/spriv.vojvodina.gov.rs\\\/rs\\\/ivanisevic-znacajnija-podrska-manifestacionom-turizmu-i-medunarodnim-festivalima-prvi-korak-ka-ponovnom-uspostavljanju-globalnih-brendova-iz-srbije\\\/#primaryimage\"},\"thumbnailUrl\":\"https:\\\/\\\/spriv.vojvodina.gov.rs\\\/wp-content\\\/uploads\\\/2021\\\/07\\\/01-07-2021-Exit-mala.JPG\",\"datePublished\":\"2021-07-01T14:36:40+00:00\",\"author\":{\"@id\":\"https:\\\/\\\/spriv.vojvodina.gov.rs\\\/#\\\/schema\\\/person\\\/749ef4f57fbb458f1c759e7a4fa78485\"},\"breadcrumb\":{\"@id\":\"https:\\\/\\\/spriv.vojvodina.gov.rs\\\/rs\\\/ivanisevic-znacajnija-podrska-manifestacionom-turizmu-i-medunarodnim-festivalima-prvi-korak-ka-ponovnom-uspostavljanju-globalnih-brendova-iz-srbije\\\/#breadcrumb\"},\"inLanguage\":\"sr-RS\",\"potentialAction\":[{\"@type\":\"ReadAction\",\"target\":[\"https:\\\/\\\/spriv.vojvodina.gov.rs\\\/rs\\\/ivanisevic-znacajnija-podrska-manifestacionom-turizmu-i-medunarodnim-festivalima-prvi-korak-ka-ponovnom-uspostavljanju-globalnih-brendova-iz-srbije\\\/\"]}]},{\"@type\":\"ImageObject\",\"inLanguage\":\"sr-RS\",\"@id\":\"https:\\\/\\\/spriv.vojvodina.gov.rs\\\/rs\\\/ivanisevic-znacajnija-podrska-manifestacionom-turizmu-i-medunarodnim-festivalima-prvi-korak-ka-ponovnom-uspostavljanju-globalnih-brendova-iz-srbije\\\/#primaryimage\",\"url\":\"https:\\\/\\\/spriv.vojvodina.gov.rs\\\/wp-content\\\/uploads\\\/2021\\\/07\\\/01-07-2021-Exit-mala.JPG\",\"contentUrl\":\"https:\\\/\\\/spriv.vojvodina.gov.rs\\\/wp-content\\\/uploads\\\/2021\\\/07\\\/01-07-2021-Exit-mala.JPG\",\"width\":150,\"height\":100},{\"@type\":\"BreadcrumbList\",\"@id\":\"https:\\\/\\\/spriv.vojvodina.gov.rs\\\/rs\\\/ivanisevic-znacajnija-podrska-manifestacionom-turizmu-i-medunarodnim-festivalima-prvi-korak-ka-ponovnom-uspostavljanju-globalnih-brendova-iz-srbije\\\/#breadcrumb\",\"itemListElement\":[{\"@type\":\"ListItem\",\"position\":1,\"name\":\"Home\",\"item\":\"https:\\\/\\\/spriv.vojvodina.gov.rs\\\/\"},{\"@type\":\"ListItem\",\"position\":2,\"name\":\"Ivani\u0161evi\u0107: Zna\u010dajnija podr\u0161ka manifestacionom turizmu i me\u0111unarodnim festivalima prvi korak ka ponovnom uspostavljanju globalnih brendova iz Srbije\"}]},{\"@type\":\"WebSite\",\"@id\":\"https:\\\/\\\/spriv.vojvodina.gov.rs\\\/#website\",\"url\":\"https:\\\/\\\/spriv.vojvodina.gov.rs\\\/\",\"name\":\"\u041f\u043e\u043a\u0440\u0430\u0458\u0438\u043d\u0441\u043a\u0438 \u0441\u0435\u043a\u0440\u0435\u0442\u0430\u0440\u0438\u0458\u0430\u0442 \u0437\u0430 \u043f\u0440\u0438\u0432\u0440\u0435\u0434\u0443 \u0438 \u0442\u0443\u0440\u0438\u0437\u0430\u043c\",\"description\":\"\u041f\u043e\u043a\u0440\u0430\u0458\u0438\u043d\u0441\u043a\u0438 \u0441\u0435\u043a\u0440\u0435\u0442\u0430\u0440\u0438\u0458\u0430\u0442 \u0437\u0430 \u043f\u0440\u0438\u0432\u0440\u0435\u0434\u0443 \u0438 \u0442\u0443\u0440\u0438\u0437\u0430\u043c\",\"potentialAction\":[{\"@type\":\"SearchAction\",\"target\":{\"@type\":\"EntryPoint\",\"urlTemplate\":\"https:\\\/\\\/spriv.vojvodina.gov.rs\\\/?s={search_term_string}\"},\"query-input\":{\"@type\":\"PropertyValueSpecification\",\"valueRequired\":true,\"valueName\":\"search_term_string\"}}],\"inLanguage\":\"sr-RS\"},{\"@type\":\"Person\",\"@id\":\"https:\\\/\\\/spriv.vojvodina.gov.rs\\\/#\\\/schema\\\/person\\\/749ef4f57fbb458f1c759e7a4fa78485\",\"name\":\"Sonja Babi\u0107\",\"image\":{\"@type\":\"ImageObject\",\"inLanguage\":\"sr-RS\",\"@id\":\"https:\\\/\\\/secure.gravatar.com\\\/avatar\\\/00a1d182a20a59067af1e7b1c31cbcc3be1a456ee4b27746580e120c2582e5bd?s=96&d=mm&r=g\",\"url\":\"https:\\\/\\\/secure.gravatar.com\\\/avatar\\\/00a1d182a20a59067af1e7b1c31cbcc3be1a456ee4b27746580e120c2582e5bd?s=96&d=mm&r=g\",\"contentUrl\":\"https:\\\/\\\/secure.gravatar.com\\\/avatar\\\/00a1d182a20a59067af1e7b1c31cbcc3be1a456ee4b27746580e120c2582e5bd?s=96&d=mm&r=g\",\"caption\":\"Sonja Babi\u0107\"},\"url\":\"https:\\\/\\\/spriv.vojvodina.gov.rs\\\/rs\\\/author\\\/sonja-babic\\\/\"}]}<\/script>\n<!-- \/ Yoast SEO plugin. -->","yoast_head_json":{"title":"Ivani\u0161evi\u0107: Zna\u010dajnija podr\u0161ka manifestacionom turizmu i me\u0111unarodnim festivalima prvi korak ka ponovnom uspostavljanju globalnih brendova iz Srbije - \u041f\u043e\u043a\u0440\u0430\u0458\u0438\u043d\u0441\u043a\u0438 \u0441\u0435\u043a\u0440\u0435\u0442\u0430\u0440\u0438\u0458\u0430\u0442 \u0437\u0430 \u043f\u0440\u0438\u0432\u0440\u0435\u0434\u0443 \u0438 \u0442\u0443\u0440\u0438\u0437\u0430\u043c","robots":{"index":"index","follow":"follow","max-snippet":"max-snippet:-1","max-image-preview":"max-image-preview:large","max-video-preview":"max-video-preview:-1"},"canonical":"https:\/\/spriv.vojvodina.gov.rs\/rs\/ivanisevic-znacajnija-podrska-manifestacionom-turizmu-i-medunarodnim-festivalima-prvi-korak-ka-ponovnom-uspostavljanju-globalnih-brendova-iz-srbije\/","og_locale":"sr_RS","og_type":"article","og_title":"Ivani\u0161evi\u0107: Zna\u010dajnija podr\u0161ka manifestacionom turizmu i me\u0111unarodnim festivalima prvi korak ka ponovnom uspostavljanju globalnih brendova iz Srbije - \u041f\u043e\u043a\u0440\u0430\u0458\u0438\u043d\u0441\u043a\u0438 \u0441\u0435\u043a\u0440\u0435\u0442\u0430\u0440\u0438\u0458\u0430\u0442 \u0437\u0430 \u043f\u0440\u0438\u0432\u0440\u0435\u0434\u0443 \u0438 \u0442\u0443\u0440\u0438\u0437\u0430\u043c","og_description":"Novi Sad, 1. jul 2021. \u2013 Pokrajinski sekretar za privredu i turizam, dr Nenad Ivani\u0161evi\u0107, sastao se danas sa predstavnicima Fondacije ,,EXIT\u201c, sa kojima je razgovarao o podr\u0161ci manifestacionom turizmu, te o organizaciji i ovogodi\u0161njem ,,EXIT\u201c festivalu, koji se odr\u017eava tradicionalno na d 8. do 11. jula na Petrovaradinskoj tvr\u0111avi. Ivani\u0161evi\u0107 je ovom prilikom pozdravio ponovno odr\u017eavanje festivala u Novom Sadu, koji \u0107e se ove godine, na jubilarnu dvadesetogodi\u0161njicu, odr\u017eati u skladu sa odlukama i merama Kriznog \u0161taba koji je dao saglasnost na sam koncept i mere predostro\u017enosti preduzete od strane organizatora, a koje se primenjuju kako na doma\u0107e, tako i na strane goste.","og_url":"https:\/\/spriv.vojvodina.gov.rs\/rs\/ivanisevic-znacajnija-podrska-manifestacionom-turizmu-i-medunarodnim-festivalima-prvi-korak-ka-ponovnom-uspostavljanju-globalnih-brendova-iz-srbije\/","og_site_name":"\u041f\u043e\u043a\u0440\u0430\u0458\u0438\u043d\u0441\u043a\u0438 \u0441\u0435\u043a\u0440\u0435\u0442\u0430\u0440\u0438\u0458\u0430\u0442 \u0437\u0430 \u043f\u0440\u0438\u0432\u0440\u0435\u0434\u0443 \u0438 \u0442\u0443\u0440\u0438\u0437\u0430\u043c","article_published_time":"2021-07-01T14:36:40+00:00","og_image":[{"width":150,"height":100,"url":"https:\/\/spriv.vojvodina.gov.rs\/wp-content\/uploads\/2021\/07\/01-07-2021-Exit-mala.JPG","type":"image\/jpeg"}],"author":"Sonja Babi\u0107","twitter_card":"summary_large_image","twitter_misc":{"\u041d\u0430\u043f\u0438\u0441\u0430\u043d\u043e \u043e\u0434":"Sonja Babi\u0107","\u041f\u0440\u043e\u0446\u0435\u045a\u0435\u043d\u043e \u0432\u0440\u0435\u043c\u0435 \u0447\u0438\u0442\u0430\u045a\u0430":"2 \u043c\u0438\u043d\u0443\u0442\u0430"},"schema":{"@context":"https:\/\/schema.org","@graph":[{"@type":"Article","@id":"https:\/\/spriv.vojvodina.gov.rs\/rs\/ivanisevic-znacajnija-podrska-manifestacionom-turizmu-i-medunarodnim-festivalima-prvi-korak-ka-ponovnom-uspostavljanju-globalnih-brendova-iz-srbije\/#article","isPartOf":{"@id":"https:\/\/spriv.vojvodina.gov.rs\/rs\/ivanisevic-znacajnija-podrska-manifestacionom-turizmu-i-medunarodnim-festivalima-prvi-korak-ka-ponovnom-uspostavljanju-globalnih-brendova-iz-srbije\/"},"author":{"name":"Sonja Babi\u0107","@id":"https:\/\/spriv.vojvodina.gov.rs\/#\/schema\/person\/749ef4f57fbb458f1c759e7a4fa78485"},"headline":"Ivani\u0161evi\u0107: Zna\u010dajnija podr\u0161ka manifestacionom turizmu i me\u0111unarodnim festivalima prvi korak ka ponovnom uspostavljanju globalnih brendova iz Srbije","datePublished":"2021-07-01T14:36:40+00:00","mainEntityOfPage":{"@id":"https:\/\/spriv.vojvodina.gov.rs\/rs\/ivanisevic-znacajnija-podrska-manifestacionom-turizmu-i-medunarodnim-festivalima-prvi-korak-ka-ponovnom-uspostavljanju-globalnih-brendova-iz-srbije\/"},"wordCount":510,"image":{"@id":"https:\/\/spriv.vojvodina.gov.rs\/rs\/ivanisevic-znacajnija-podrska-manifestacionom-turizmu-i-medunarodnim-festivalima-prvi-korak-ka-ponovnom-uspostavljanju-globalnih-brendova-iz-srbije\/#primaryimage"},"thumbnailUrl":"https:\/\/spriv.vojvodina.gov.rs\/wp-content\/uploads\/2021\/07\/01-07-2021-Exit-mala.JPG","articleSection":["Vesti Latinica"],"inLanguage":"sr-RS"},{"@type":"WebPage","@id":"https:\/\/spriv.vojvodina.gov.rs\/rs\/ivanisevic-znacajnija-podrska-manifestacionom-turizmu-i-medunarodnim-festivalima-prvi-korak-ka-ponovnom-uspostavljanju-globalnih-brendova-iz-srbije\/","url":"https:\/\/spriv.vojvodina.gov.rs\/rs\/ivanisevic-znacajnija-podrska-manifestacionom-turizmu-i-medunarodnim-festivalima-prvi-korak-ka-ponovnom-uspostavljanju-globalnih-brendova-iz-srbije\/","name":"Ivani\u0161evi\u0107: Zna\u010dajnija podr\u0161ka manifestacionom turizmu i me\u0111unarodnim festivalima prvi korak ka ponovnom uspostavljanju globalnih brendova iz Srbije - \u041f\u043e\u043a\u0440\u0430\u0458\u0438\u043d\u0441\u043a\u0438 \u0441\u0435\u043a\u0440\u0435\u0442\u0430\u0440\u0438\u0458\u0430\u0442 \u0437\u0430 \u043f\u0440\u0438\u0432\u0440\u0435\u0434\u0443 \u0438 \u0442\u0443\u0440\u0438\u0437\u0430\u043c","isPartOf":{"@id":"https:\/\/spriv.vojvodina.gov.rs\/#website"},"primaryImageOfPage":{"@id":"https:\/\/spriv.vojvodina.gov.rs\/rs\/ivanisevic-znacajnija-podrska-manifestacionom-turizmu-i-medunarodnim-festivalima-prvi-korak-ka-ponovnom-uspostavljanju-globalnih-brendova-iz-srbije\/#primaryimage"},"image":{"@id":"https:\/\/spriv.vojvodina.gov.rs\/rs\/ivanisevic-znacajnija-podrska-manifestacionom-turizmu-i-medunarodnim-festivalima-prvi-korak-ka-ponovnom-uspostavljanju-globalnih-brendova-iz-srbije\/#primaryimage"},"thumbnailUrl":"https:\/\/spriv.vojvodina.gov.rs\/wp-content\/uploads\/2021\/07\/01-07-2021-Exit-mala.JPG","datePublished":"2021-07-01T14:36:40+00:00","author":{"@id":"https:\/\/spriv.vojvodina.gov.rs\/#\/schema\/person\/749ef4f57fbb458f1c759e7a4fa78485"},"breadcrumb":{"@id":"https:\/\/spriv.vojvodina.gov.rs\/rs\/ivanisevic-znacajnija-podrska-manifestacionom-turizmu-i-medunarodnim-festivalima-prvi-korak-ka-ponovnom-uspostavljanju-globalnih-brendova-iz-srbije\/#breadcrumb"},"inLanguage":"sr-RS","potentialAction":[{"@type":"ReadAction","target":["https:\/\/spriv.vojvodina.gov.rs\/rs\/ivanisevic-znacajnija-podrska-manifestacionom-turizmu-i-medunarodnim-festivalima-prvi-korak-ka-ponovnom-uspostavljanju-globalnih-brendova-iz-srbije\/"]}]},{"@type":"ImageObject","inLanguage":"sr-RS","@id":"https:\/\/spriv.vojvodina.gov.rs\/rs\/ivanisevic-znacajnija-podrska-manifestacionom-turizmu-i-medunarodnim-festivalima-prvi-korak-ka-ponovnom-uspostavljanju-globalnih-brendova-iz-srbije\/#primaryimage","url":"https:\/\/spriv.vojvodina.gov.rs\/wp-content\/uploads\/2021\/07\/01-07-2021-Exit-mala.JPG","contentUrl":"https:\/\/spriv.vojvodina.gov.rs\/wp-content\/uploads\/2021\/07\/01-07-2021-Exit-mala.JPG","width":150,"height":100},{"@type":"BreadcrumbList","@id":"https:\/\/spriv.vojvodina.gov.rs\/rs\/ivanisevic-znacajnija-podrska-manifestacionom-turizmu-i-medunarodnim-festivalima-prvi-korak-ka-ponovnom-uspostavljanju-globalnih-brendova-iz-srbije\/#breadcrumb","itemListElement":[{"@type":"ListItem","position":1,"name":"Home","item":"https:\/\/spriv.vojvodina.gov.rs\/"},{"@type":"ListItem","position":2,"name":"Ivani\u0161evi\u0107: Zna\u010dajnija podr\u0161ka manifestacionom turizmu i me\u0111unarodnim festivalima prvi korak ka ponovnom uspostavljanju globalnih brendova iz Srbije"}]},{"@type":"WebSite","@id":"https:\/\/spriv.vojvodina.gov.rs\/#website","url":"https:\/\/spriv.vojvodina.gov.rs\/","name":"\u041f\u043e\u043a\u0440\u0430\u0458\u0438\u043d\u0441\u043a\u0438 \u0441\u0435\u043a\u0440\u0435\u0442\u0430\u0440\u0438\u0458\u0430\u0442 \u0437\u0430 \u043f\u0440\u0438\u0432\u0440\u0435\u0434\u0443 \u0438 \u0442\u0443\u0440\u0438\u0437\u0430\u043c","description":"\u041f\u043e\u043a\u0440\u0430\u0458\u0438\u043d\u0441\u043a\u0438 \u0441\u0435\u043a\u0440\u0435\u0442\u0430\u0440\u0438\u0458\u0430\u0442 \u0437\u0430 \u043f\u0440\u0438\u0432\u0440\u0435\u0434\u0443 \u0438 \u0442\u0443\u0440\u0438\u0437\u0430\u043c","potentialAction":[{"@type":"SearchAction","target":{"@type":"EntryPoint","urlTemplate":"https:\/\/spriv.vojvodina.gov.rs\/?s={search_term_string}"},"query-input":{"@type":"PropertyValueSpecification","valueRequired":true,"valueName":"search_term_string"}}],"inLanguage":"sr-RS"},{"@type":"Person","@id":"https:\/\/spriv.vojvodina.gov.rs\/#\/schema\/person\/749ef4f57fbb458f1c759e7a4fa78485","name":"Sonja Babi\u0107","image":{"@type":"ImageObject","inLanguage":"sr-RS","@id":"https:\/\/secure.gravatar.com\/avatar\/00a1d182a20a59067af1e7b1c31cbcc3be1a456ee4b27746580e120c2582e5bd?s=96&d=mm&r=g","url":"https:\/\/secure.gravatar.com\/avatar\/00a1d182a20a59067af1e7b1c31cbcc3be1a456ee4b27746580e120c2582e5bd?s=96&d=mm&r=g","contentUrl":"https:\/\/secure.gravatar.com\/avatar\/00a1d182a20a59067af1e7b1c31cbcc3be1a456ee4b27746580e120c2582e5bd?s=96&d=mm&r=g","caption":"Sonja Babi\u0107"},"url":"https:\/\/spriv.vojvodina.gov.rs\/rs\/author\/sonja-babic\/"}]}},"_links":{"self":[{"href":"https:\/\/spriv.vojvodina.gov.rs\/rs\/wp-json\/wp\/v2\/posts\/5969","targetHints":{"allow":["GET"]}}],"collection":[{"href":"https:\/\/spriv.vojvodina.gov.rs\/rs\/wp-json\/wp\/v2\/posts"}],"about":[{"href":"https:\/\/spriv.vojvodina.gov.rs\/rs\/wp-json\/wp\/v2\/types\/post"}],"author":[{"embeddable":true,"href":"https:\/\/spriv.vojvodina.gov.rs\/rs\/wp-json\/wp\/v2\/users\/3"}],"replies":[{"embeddable":true,"href":"https:\/\/spriv.vojvodina.gov.rs\/rs\/wp-json\/wp\/v2\/comments?post=5969"}],"version-history":[{"count":0,"href":"https:\/\/spriv.vojvodina.gov.rs\/rs\/wp-json\/wp\/v2\/posts\/5969\/revisions"}],"wp:featuredmedia":[{"embeddable":true,"href":"https:\/\/spriv.vojvodina.gov.rs\/rs\/wp-json\/wp\/v2\/media\/5964"}],"wp:attachment":[{"href":"https:\/\/spriv.vojvodina.gov.rs\/rs\/wp-json\/wp\/v2\/media?parent=5969"}],"wp:term":[{"taxonomy":"category","embeddable":true,"href":"https:\/\/spriv.vojvodina.gov.rs\/rs\/wp-json\/wp\/v2\/categories?post=5969"},{"taxonomy":"post_tag","embeddable":true,"href":"https:\/\/spriv.vojvodina.gov.rs\/rs\/wp-json\/wp\/v2\/tags?post=5969"}],"curies":[{"name":"wp","href":"https:\/\/api.w.org\/{rel}","templated":true}]}}