{"id":5853,"date":"2021-06-08T21:43:29","date_gmt":"2021-06-08T21:43:29","guid":{"rendered":"http:\/\/spriv.vojvodina.gov.rs\/2021\/06\/08\/potpisan-sporazum-o-saradnji-izmedu-sekretarijata-pokrajinske-sluzbe-za-zaposljavanje-i-nacionalnog-saveta-madarske-nacionalne-manjine\/"},"modified":"2021-06-08T21:43:29","modified_gmt":"2021-06-08T21:43:29","slug":"potpisan-sporazum-o-saradnji-izmedu-sekretarijata-pokrajinske-sluzbe-za-zaposljavanje-i-nacionalnog-saveta-madarske-nacionalne-manjine","status":"publish","type":"post","link":"https:\/\/spriv.vojvodina.gov.rs\/rs\/potpisan-sporazum-o-saradnji-izmedu-sekretarijata-pokrajinske-sluzbe-za-zaposljavanje-i-nacionalnog-saveta-madarske-nacionalne-manjine\/","title":{"rendered":"Potpisan sporazum o saradnji izme\u0111u Sekretarijata, Pokrajinske slu\u017ebe za zapo\u0161ljavanje i Nacionalnog saveta ma\u0111arske nacionalne manjine"},"content":{"rendered":"<p style=\"text-align: center;\">\u00a0<img loading=\"lazy\" decoding=\"async\" class=\" size-full wp-image-5849\" src=\"http:\/\/spriv.vojvodina.gov.rs\/wp-content\/uploads\/2021\/06\/08-06-2021-protokol-1.JPG\" border=\"0\" alt=\"\" style=\"font-size: 12.16px; text-align: justify;\" width=\"600\" height=\"400\" srcset=\"https:\/\/spriv.vojvodina.gov.rs\/wp-content\/uploads\/2021\/06\/08-06-2021-protokol-1.JPG 600w, https:\/\/spriv.vojvodina.gov.rs\/wp-content\/uploads\/2021\/06\/08-06-2021-protokol-1-300x200.jpg 300w\" sizes=\"auto, (max-width: 600px) 100vw, 600px\" \/><\/p>\n<p style=\"text-align: justify;\">Novi Sad, 8. jun 2021. \u2013 Pokrajinski sekretar za privredu i turizam, dr Nenad Ivani\u0107evi\u0107, direktorka Pokrajinske slu\u017ebe za zapo\u0161ljavanje AP Vojvodine, Sne\u017eana Sedlar, i predsednik Nacionalnog saveta ma\u0111arske nacionalne manjine, mr Jene Hajnal, potpisali su danas sporazum o saradnji u postupku psiholo\u0161ke procene kandidata za posao vaspita\u010da, nastavnika i drugog nastavnog osoblja na ma\u0111arskom jeziku.<\/p>\n<p style=\"text-align: justify;\"><span style=\"font-size: 12.16px;\">Na inicijativu Nacionalnog saveta ma\u0111arske nacionalne manjine u stru\u010dnoj saradnji sa Dru\u0161tvom psihologa Srbije od 2012. godine na teritoriji cele AP Vojvodine testiranje sposobnosti pedagoga se mo\u017ee sprovesti i na ma\u0111arskom jeziku.<\/span><\/p>\n<p style=\"text-align: justify;\"><span style=\"font-size: 12.16px;\">Test na ma\u0111arskom jeziku uzima u obzir ma\u0111arske jezi\u010dke i kulturne svojstvenosti i sastoji se od neverbalnog testa inteligencije, testa li\u010dnosti i razgovora na ma\u0111arskom jeziku.<\/span><\/p>\n<p style=\"text-align: center;\"><img loading=\"lazy\" decoding=\"async\" class=\" size-full wp-image-5850\" src=\"http:\/\/spriv.vojvodina.gov.rs\/wp-content\/uploads\/2021\/06\/08-06-2021-protokol-2.JPG\" border=\"0\" alt=\"\" width=\"600\" height=\"400\" srcset=\"https:\/\/spriv.vojvodina.gov.rs\/wp-content\/uploads\/2021\/06\/08-06-2021-protokol-2.JPG 600w, https:\/\/spriv.vojvodina.gov.rs\/wp-content\/uploads\/2021\/06\/08-06-2021-protokol-2-300x200.jpg 300w\" sizes=\"auto, (max-width: 600px) 100vw, 600px\" \/><\/p>\n<p style=\"text-align: center;\"><img loading=\"lazy\" decoding=\"async\" class=\" size-full wp-image-5851\" src=\"http:\/\/spriv.vojvodina.gov.rs\/wp-content\/uploads\/2021\/06\/08-06-2021-protokol-3.JPG\" border=\"0\" alt=\"\" width=\"600\" height=\"400\" srcset=\"https:\/\/spriv.vojvodina.gov.rs\/wp-content\/uploads\/2021\/06\/08-06-2021-protokol-3.JPG 600w, https:\/\/spriv.vojvodina.gov.rs\/wp-content\/uploads\/2021\/06\/08-06-2021-protokol-3-300x200.jpg 300w\" sizes=\"auto, (max-width: 600px) 100vw, 600px\" \/><\/p>\n","protected":false},"excerpt":{"rendered":"\nNovi Sad, 8. jun 2021. \u2013 Pokrajinski sekretar za privredu i turizam, dr Nenad Ivani\u0107evi\u0107, direktorka Pokrajinske slu\u017ebe za zapo\u0161ljavanje AP Vojvodine, Sne\u017eana Sedlar, i predsednik Nacionalnog saveta ma\u0111arske nacionalne manjine, mr Jene Hajnal, potpisali su danas sporazum o saradnji u postupku psiholo\u0161ke procene kandidata za posao vaspita\u010da, nastavnika i drugog nastavnog osoblja na ma\u0111arskom jeziku.\n<a class=\"moretag\" href=\"https:\/\/spriv.vojvodina.gov.rs\/rs\/potpisan-sporazum-o-saradnji-izmedu-sekretarijata-pokrajinske-sluzbe-za-zaposljavanje-i-nacionalnog-saveta-madarske-nacionalne-manjine\/\"> [...]<\/a>","protected":false},"author":3,"featured_media":5848,"comment_status":"closed","ping_status":"closed","sticky":false,"template":"","format":"standard","meta":{"footnotes":""},"categories":[31],"tags":[],"class_list":["post-5853","post","type-post","status-publish","format-standard","has-post-thumbnail","hentry","category-vesti-latinica1"],"yoast_head":"<!-- This site is optimized with the Yoast SEO plugin v27.4 - https:\/\/yoast.com\/product\/yoast-seo-wordpress\/ -->\n<title>Potpisan sporazum o saradnji izme\u0111u Sekretarijata, Pokrajinske slu\u017ebe za zapo\u0161ljavanje i Nacionalnog saveta ma\u0111arske nacionalne manjine - \u041f\u043e\u043a\u0440\u0430\u0458\u0438\u043d\u0441\u043a\u0438 \u0441\u0435\u043a\u0440\u0435\u0442\u0430\u0440\u0438\u0458\u0430\u0442 \u0437\u0430 \u043f\u0440\u0438\u0432\u0440\u0435\u0434\u0443 \u0438 \u0442\u0443\u0440\u0438\u0437\u0430\u043c<\/title>\n<meta name=\"robots\" content=\"index, follow, max-snippet:-1, max-image-preview:large, max-video-preview:-1\" \/>\n<link rel=\"canonical\" href=\"https:\/\/spriv.vojvodina.gov.rs\/rs\/potpisan-sporazum-o-saradnji-izmedu-sekretarijata-pokrajinske-sluzbe-za-zaposljavanje-i-nacionalnog-saveta-madarske-nacionalne-manjine\/\" \/>\n<meta property=\"og:locale\" content=\"sr_RS\" \/>\n<meta property=\"og:type\" content=\"article\" \/>\n<meta property=\"og:title\" content=\"Potpisan sporazum o saradnji izme\u0111u Sekretarijata, Pokrajinske slu\u017ebe za zapo\u0161ljavanje i Nacionalnog saveta ma\u0111arske nacionalne manjine - \u041f\u043e\u043a\u0440\u0430\u0458\u0438\u043d\u0441\u043a\u0438 \u0441\u0435\u043a\u0440\u0435\u0442\u0430\u0440\u0438\u0458\u0430\u0442 \u0437\u0430 \u043f\u0440\u0438\u0432\u0440\u0435\u0434\u0443 \u0438 \u0442\u0443\u0440\u0438\u0437\u0430\u043c\" \/>\n<meta property=\"og:description\" content=\"Novi Sad, 8. jun 2021. \u2013 Pokrajinski sekretar za privredu i turizam, dr Nenad Ivani\u0107evi\u0107, direktorka Pokrajinske slu\u017ebe za zapo\u0161ljavanje AP Vojvodine, Sne\u017eana Sedlar, i predsednik Nacionalnog saveta ma\u0111arske nacionalne manjine, mr Jene Hajnal, potpisali su danas sporazum o saradnji u postupku psiholo\u0161ke procene kandidata za posao vaspita\u010da, nastavnika i drugog nastavnog osoblja na ma\u0111arskom jeziku.\" \/>\n<meta property=\"og:url\" content=\"https:\/\/spriv.vojvodina.gov.rs\/potpisan-sporazum-o-saradnji-izmedu-sekretarijata-pokrajinske-sluzbe-za-zaposljavanje-i-nacionalnog-saveta-madarske-nacionalne-manjine\/\" \/>\n<meta property=\"og:site_name\" content=\"\u041f\u043e\u043a\u0440\u0430\u0458\u0438\u043d\u0441\u043a\u0438 \u0441\u0435\u043a\u0440\u0435\u0442\u0430\u0440\u0438\u0458\u0430\u0442 \u0437\u0430 \u043f\u0440\u0438\u0432\u0440\u0435\u0434\u0443 \u0438 \u0442\u0443\u0440\u0438\u0437\u0430\u043c\" \/>\n<meta property=\"article:published_time\" content=\"2021-06-08T21:43:29+00:00\" \/>\n<meta property=\"og:image\" content=\"https:\/\/spriv.vojvodina.gov.rs\/wp-content\/uploads\/2021\/06\/08-06-2021-protokol-mala.JPG\" \/>\n\t<meta property=\"og:image:width\" content=\"150\" \/>\n\t<meta property=\"og:image:height\" content=\"100\" \/>\n\t<meta property=\"og:image:type\" content=\"image\/jpeg\" \/>\n<meta name=\"author\" content=\"Sonja Babi\u0107\" \/>\n<meta name=\"twitter:card\" content=\"summary_large_image\" \/>\n<meta name=\"twitter:label1\" content=\"\u041d\u0430\u043f\u0438\u0441\u0430\u043d\u043e \u043e\u0434\" \/>\n\t<meta name=\"twitter:data1\" content=\"Sonja Babi\u0107\" \/>\n\t<meta name=\"twitter:label2\" content=\"\u041f\u0440\u043e\u0446\u0435\u045a\u0435\u043d\u043e \u0432\u0440\u0435\u043c\u0435 \u0447\u0438\u0442\u0430\u045a\u0430\" \/>\n\t<meta name=\"twitter:data2\" content=\"1 \u043c\u0438\u043d\u0443\u0442\" \/>\n<script type=\"application\/ld+json\" class=\"yoast-schema-graph\">{\"@context\":\"https:\\\/\\\/schema.org\",\"@graph\":[{\"@type\":\"Article\",\"@id\":\"https:\\\/\\\/spriv.vojvodina.gov.rs\\\/potpisan-sporazum-o-saradnji-izmedu-sekretarijata-pokrajinske-sluzbe-za-zaposljavanje-i-nacionalnog-saveta-madarske-nacionalne-manjine\\\/#article\",\"isPartOf\":{\"@id\":\"https:\\\/\\\/spriv.vojvodina.gov.rs\\\/potpisan-sporazum-o-saradnji-izmedu-sekretarijata-pokrajinske-sluzbe-za-zaposljavanje-i-nacionalnog-saveta-madarske-nacionalne-manjine\\\/\"},\"author\":{\"name\":\"Sonja Babi\u0107\",\"@id\":\"https:\\\/\\\/spriv.vojvodina.gov.rs\\\/#\\\/schema\\\/person\\\/749ef4f57fbb458f1c759e7a4fa78485\"},\"headline\":\"Potpisan sporazum o saradnji izme\u0111u Sekretarijata, Pokrajinske slu\u017ebe za zapo\u0161ljavanje i Nacionalnog saveta ma\u0111arske nacionalne manjine\",\"datePublished\":\"2021-06-08T21:43:29+00:00\",\"mainEntityOfPage\":{\"@id\":\"https:\\\/\\\/spriv.vojvodina.gov.rs\\\/potpisan-sporazum-o-saradnji-izmedu-sekretarijata-pokrajinske-sluzbe-za-zaposljavanje-i-nacionalnog-saveta-madarske-nacionalne-manjine\\\/\"},\"wordCount\":148,\"image\":{\"@id\":\"https:\\\/\\\/spriv.vojvodina.gov.rs\\\/potpisan-sporazum-o-saradnji-izmedu-sekretarijata-pokrajinske-sluzbe-za-zaposljavanje-i-nacionalnog-saveta-madarske-nacionalne-manjine\\\/#primaryimage\"},\"thumbnailUrl\":\"https:\\\/\\\/spriv.vojvodina.gov.rs\\\/wp-content\\\/uploads\\\/2021\\\/06\\\/08-06-2021-protokol-mala.JPG\",\"articleSection\":[\"Vesti Latinica\"],\"inLanguage\":\"sr-RS\"},{\"@type\":\"WebPage\",\"@id\":\"https:\\\/\\\/spriv.vojvodina.gov.rs\\\/potpisan-sporazum-o-saradnji-izmedu-sekretarijata-pokrajinske-sluzbe-za-zaposljavanje-i-nacionalnog-saveta-madarske-nacionalne-manjine\\\/\",\"url\":\"https:\\\/\\\/spriv.vojvodina.gov.rs\\\/potpisan-sporazum-o-saradnji-izmedu-sekretarijata-pokrajinske-sluzbe-za-zaposljavanje-i-nacionalnog-saveta-madarske-nacionalne-manjine\\\/\",\"name\":\"Potpisan sporazum o saradnji izme\u0111u Sekretarijata, Pokrajinske slu\u017ebe za zapo\u0161ljavanje i Nacionalnog saveta ma\u0111arske nacionalne manjine - \u041f\u043e\u043a\u0440\u0430\u0458\u0438\u043d\u0441\u043a\u0438 \u0441\u0435\u043a\u0440\u0435\u0442\u0430\u0440\u0438\u0458\u0430\u0442 \u0437\u0430 \u043f\u0440\u0438\u0432\u0440\u0435\u0434\u0443 \u0438 \u0442\u0443\u0440\u0438\u0437\u0430\u043c\",\"isPartOf\":{\"@id\":\"https:\\\/\\\/spriv.vojvodina.gov.rs\\\/#website\"},\"primaryImageOfPage\":{\"@id\":\"https:\\\/\\\/spriv.vojvodina.gov.rs\\\/potpisan-sporazum-o-saradnji-izmedu-sekretarijata-pokrajinske-sluzbe-za-zaposljavanje-i-nacionalnog-saveta-madarske-nacionalne-manjine\\\/#primaryimage\"},\"image\":{\"@id\":\"https:\\\/\\\/spriv.vojvodina.gov.rs\\\/potpisan-sporazum-o-saradnji-izmedu-sekretarijata-pokrajinske-sluzbe-za-zaposljavanje-i-nacionalnog-saveta-madarske-nacionalne-manjine\\\/#primaryimage\"},\"thumbnailUrl\":\"https:\\\/\\\/spriv.vojvodina.gov.rs\\\/wp-content\\\/uploads\\\/2021\\\/06\\\/08-06-2021-protokol-mala.JPG\",\"datePublished\":\"2021-06-08T21:43:29+00:00\",\"author\":{\"@id\":\"https:\\\/\\\/spriv.vojvodina.gov.rs\\\/#\\\/schema\\\/person\\\/749ef4f57fbb458f1c759e7a4fa78485\"},\"breadcrumb\":{\"@id\":\"https:\\\/\\\/spriv.vojvodina.gov.rs\\\/potpisan-sporazum-o-saradnji-izmedu-sekretarijata-pokrajinske-sluzbe-za-zaposljavanje-i-nacionalnog-saveta-madarske-nacionalne-manjine\\\/#breadcrumb\"},\"inLanguage\":\"sr-RS\",\"potentialAction\":[{\"@type\":\"ReadAction\",\"target\":[\"https:\\\/\\\/spriv.vojvodina.gov.rs\\\/potpisan-sporazum-o-saradnji-izmedu-sekretarijata-pokrajinske-sluzbe-za-zaposljavanje-i-nacionalnog-saveta-madarske-nacionalne-manjine\\\/\"]}]},{\"@type\":\"ImageObject\",\"inLanguage\":\"sr-RS\",\"@id\":\"https:\\\/\\\/spriv.vojvodina.gov.rs\\\/potpisan-sporazum-o-saradnji-izmedu-sekretarijata-pokrajinske-sluzbe-za-zaposljavanje-i-nacionalnog-saveta-madarske-nacionalne-manjine\\\/#primaryimage\",\"url\":\"https:\\\/\\\/spriv.vojvodina.gov.rs\\\/wp-content\\\/uploads\\\/2021\\\/06\\\/08-06-2021-protokol-mala.JPG\",\"contentUrl\":\"https:\\\/\\\/spriv.vojvodina.gov.rs\\\/wp-content\\\/uploads\\\/2021\\\/06\\\/08-06-2021-protokol-mala.JPG\",\"width\":150,\"height\":100},{\"@type\":\"BreadcrumbList\",\"@id\":\"https:\\\/\\\/spriv.vojvodina.gov.rs\\\/potpisan-sporazum-o-saradnji-izmedu-sekretarijata-pokrajinske-sluzbe-za-zaposljavanje-i-nacionalnog-saveta-madarske-nacionalne-manjine\\\/#breadcrumb\",\"itemListElement\":[{\"@type\":\"ListItem\",\"position\":1,\"name\":\"Home\",\"item\":\"https:\\\/\\\/spriv.vojvodina.gov.rs\\\/\"},{\"@type\":\"ListItem\",\"position\":2,\"name\":\"Potpisan sporazum o saradnji izme\u0111u Sekretarijata, Pokrajinske slu\u017ebe za zapo\u0161ljavanje i Nacionalnog saveta ma\u0111arske nacionalne manjine\"}]},{\"@type\":\"WebSite\",\"@id\":\"https:\\\/\\\/spriv.vojvodina.gov.rs\\\/#website\",\"url\":\"https:\\\/\\\/spriv.vojvodina.gov.rs\\\/\",\"name\":\"\u041f\u043e\u043a\u0440\u0430\u0458\u0438\u043d\u0441\u043a\u0438 \u0441\u0435\u043a\u0440\u0435\u0442\u0430\u0440\u0438\u0458\u0430\u0442 \u0437\u0430 \u043f\u0440\u0438\u0432\u0440\u0435\u0434\u0443 \u0438 \u0442\u0443\u0440\u0438\u0437\u0430\u043c\",\"description\":\"\u041f\u043e\u043a\u0440\u0430\u0458\u0438\u043d\u0441\u043a\u0438 \u0441\u0435\u043a\u0440\u0435\u0442\u0430\u0440\u0438\u0458\u0430\u0442 \u0437\u0430 \u043f\u0440\u0438\u0432\u0440\u0435\u0434\u0443 \u0438 \u0442\u0443\u0440\u0438\u0437\u0430\u043c\",\"potentialAction\":[{\"@type\":\"SearchAction\",\"target\":{\"@type\":\"EntryPoint\",\"urlTemplate\":\"https:\\\/\\\/spriv.vojvodina.gov.rs\\\/?s={search_term_string}\"},\"query-input\":{\"@type\":\"PropertyValueSpecification\",\"valueRequired\":true,\"valueName\":\"search_term_string\"}}],\"inLanguage\":\"sr-RS\"},{\"@type\":\"Person\",\"@id\":\"https:\\\/\\\/spriv.vojvodina.gov.rs\\\/#\\\/schema\\\/person\\\/749ef4f57fbb458f1c759e7a4fa78485\",\"name\":\"Sonja Babi\u0107\",\"image\":{\"@type\":\"ImageObject\",\"inLanguage\":\"sr-RS\",\"@id\":\"https:\\\/\\\/secure.gravatar.com\\\/avatar\\\/00a1d182a20a59067af1e7b1c31cbcc3be1a456ee4b27746580e120c2582e5bd?s=96&d=mm&r=g\",\"url\":\"https:\\\/\\\/secure.gravatar.com\\\/avatar\\\/00a1d182a20a59067af1e7b1c31cbcc3be1a456ee4b27746580e120c2582e5bd?s=96&d=mm&r=g\",\"contentUrl\":\"https:\\\/\\\/secure.gravatar.com\\\/avatar\\\/00a1d182a20a59067af1e7b1c31cbcc3be1a456ee4b27746580e120c2582e5bd?s=96&d=mm&r=g\",\"caption\":\"Sonja Babi\u0107\"},\"url\":\"https:\\\/\\\/spriv.vojvodina.gov.rs\\\/rs\\\/author\\\/sonja-babic\\\/\"}]}<\/script>\n<!-- \/ Yoast SEO plugin. -->","yoast_head_json":{"title":"Potpisan sporazum o saradnji izme\u0111u Sekretarijata, Pokrajinske slu\u017ebe za zapo\u0161ljavanje i Nacionalnog saveta ma\u0111arske nacionalne manjine - \u041f\u043e\u043a\u0440\u0430\u0458\u0438\u043d\u0441\u043a\u0438 \u0441\u0435\u043a\u0440\u0435\u0442\u0430\u0440\u0438\u0458\u0430\u0442 \u0437\u0430 \u043f\u0440\u0438\u0432\u0440\u0435\u0434\u0443 \u0438 \u0442\u0443\u0440\u0438\u0437\u0430\u043c","robots":{"index":"index","follow":"follow","max-snippet":"max-snippet:-1","max-image-preview":"max-image-preview:large","max-video-preview":"max-video-preview:-1"},"canonical":"https:\/\/spriv.vojvodina.gov.rs\/rs\/potpisan-sporazum-o-saradnji-izmedu-sekretarijata-pokrajinske-sluzbe-za-zaposljavanje-i-nacionalnog-saveta-madarske-nacionalne-manjine\/","og_locale":"sr_RS","og_type":"article","og_title":"Potpisan sporazum o saradnji izme\u0111u Sekretarijata, Pokrajinske slu\u017ebe za zapo\u0161ljavanje i Nacionalnog saveta ma\u0111arske nacionalne manjine - \u041f\u043e\u043a\u0440\u0430\u0458\u0438\u043d\u0441\u043a\u0438 \u0441\u0435\u043a\u0440\u0435\u0442\u0430\u0440\u0438\u0458\u0430\u0442 \u0437\u0430 \u043f\u0440\u0438\u0432\u0440\u0435\u0434\u0443 \u0438 \u0442\u0443\u0440\u0438\u0437\u0430\u043c","og_description":"Novi Sad, 8. jun 2021. \u2013 Pokrajinski sekretar za privredu i turizam, dr Nenad Ivani\u0107evi\u0107, direktorka Pokrajinske slu\u017ebe za zapo\u0161ljavanje AP Vojvodine, Sne\u017eana Sedlar, i predsednik Nacionalnog saveta ma\u0111arske nacionalne manjine, mr Jene Hajnal, potpisali su danas sporazum o saradnji u postupku psiholo\u0161ke procene kandidata za posao vaspita\u010da, nastavnika i drugog nastavnog osoblja na ma\u0111arskom jeziku.","og_url":"https:\/\/spriv.vojvodina.gov.rs\/potpisan-sporazum-o-saradnji-izmedu-sekretarijata-pokrajinske-sluzbe-za-zaposljavanje-i-nacionalnog-saveta-madarske-nacionalne-manjine\/","og_site_name":"\u041f\u043e\u043a\u0440\u0430\u0458\u0438\u043d\u0441\u043a\u0438 \u0441\u0435\u043a\u0440\u0435\u0442\u0430\u0440\u0438\u0458\u0430\u0442 \u0437\u0430 \u043f\u0440\u0438\u0432\u0440\u0435\u0434\u0443 \u0438 \u0442\u0443\u0440\u0438\u0437\u0430\u043c","article_published_time":"2021-06-08T21:43:29+00:00","og_image":[{"width":150,"height":100,"url":"https:\/\/spriv.vojvodina.gov.rs\/wp-content\/uploads\/2021\/06\/08-06-2021-protokol-mala.JPG","type":"image\/jpeg"}],"author":"Sonja Babi\u0107","twitter_card":"summary_large_image","twitter_misc":{"\u041d\u0430\u043f\u0438\u0441\u0430\u043d\u043e \u043e\u0434":"Sonja Babi\u0107","\u041f\u0440\u043e\u0446\u0435\u045a\u0435\u043d\u043e \u0432\u0440\u0435\u043c\u0435 \u0447\u0438\u0442\u0430\u045a\u0430":"1 \u043c\u0438\u043d\u0443\u0442"},"schema":{"@context":"https:\/\/schema.org","@graph":[{"@type":"Article","@id":"https:\/\/spriv.vojvodina.gov.rs\/potpisan-sporazum-o-saradnji-izmedu-sekretarijata-pokrajinske-sluzbe-za-zaposljavanje-i-nacionalnog-saveta-madarske-nacionalne-manjine\/#article","isPartOf":{"@id":"https:\/\/spriv.vojvodina.gov.rs\/potpisan-sporazum-o-saradnji-izmedu-sekretarijata-pokrajinske-sluzbe-za-zaposljavanje-i-nacionalnog-saveta-madarske-nacionalne-manjine\/"},"author":{"name":"Sonja Babi\u0107","@id":"https:\/\/spriv.vojvodina.gov.rs\/#\/schema\/person\/749ef4f57fbb458f1c759e7a4fa78485"},"headline":"Potpisan sporazum o saradnji izme\u0111u Sekretarijata, Pokrajinske slu\u017ebe za zapo\u0161ljavanje i Nacionalnog saveta ma\u0111arske nacionalne manjine","datePublished":"2021-06-08T21:43:29+00:00","mainEntityOfPage":{"@id":"https:\/\/spriv.vojvodina.gov.rs\/potpisan-sporazum-o-saradnji-izmedu-sekretarijata-pokrajinske-sluzbe-za-zaposljavanje-i-nacionalnog-saveta-madarske-nacionalne-manjine\/"},"wordCount":148,"image":{"@id":"https:\/\/spriv.vojvodina.gov.rs\/potpisan-sporazum-o-saradnji-izmedu-sekretarijata-pokrajinske-sluzbe-za-zaposljavanje-i-nacionalnog-saveta-madarske-nacionalne-manjine\/#primaryimage"},"thumbnailUrl":"https:\/\/spriv.vojvodina.gov.rs\/wp-content\/uploads\/2021\/06\/08-06-2021-protokol-mala.JPG","articleSection":["Vesti Latinica"],"inLanguage":"sr-RS"},{"@type":"WebPage","@id":"https:\/\/spriv.vojvodina.gov.rs\/potpisan-sporazum-o-saradnji-izmedu-sekretarijata-pokrajinske-sluzbe-za-zaposljavanje-i-nacionalnog-saveta-madarske-nacionalne-manjine\/","url":"https:\/\/spriv.vojvodina.gov.rs\/potpisan-sporazum-o-saradnji-izmedu-sekretarijata-pokrajinske-sluzbe-za-zaposljavanje-i-nacionalnog-saveta-madarske-nacionalne-manjine\/","name":"Potpisan sporazum o saradnji izme\u0111u Sekretarijata, Pokrajinske slu\u017ebe za zapo\u0161ljavanje i Nacionalnog saveta ma\u0111arske nacionalne manjine - \u041f\u043e\u043a\u0440\u0430\u0458\u0438\u043d\u0441\u043a\u0438 \u0441\u0435\u043a\u0440\u0435\u0442\u0430\u0440\u0438\u0458\u0430\u0442 \u0437\u0430 \u043f\u0440\u0438\u0432\u0440\u0435\u0434\u0443 \u0438 \u0442\u0443\u0440\u0438\u0437\u0430\u043c","isPartOf":{"@id":"https:\/\/spriv.vojvodina.gov.rs\/#website"},"primaryImageOfPage":{"@id":"https:\/\/spriv.vojvodina.gov.rs\/potpisan-sporazum-o-saradnji-izmedu-sekretarijata-pokrajinske-sluzbe-za-zaposljavanje-i-nacionalnog-saveta-madarske-nacionalne-manjine\/#primaryimage"},"image":{"@id":"https:\/\/spriv.vojvodina.gov.rs\/potpisan-sporazum-o-saradnji-izmedu-sekretarijata-pokrajinske-sluzbe-za-zaposljavanje-i-nacionalnog-saveta-madarske-nacionalne-manjine\/#primaryimage"},"thumbnailUrl":"https:\/\/spriv.vojvodina.gov.rs\/wp-content\/uploads\/2021\/06\/08-06-2021-protokol-mala.JPG","datePublished":"2021-06-08T21:43:29+00:00","author":{"@id":"https:\/\/spriv.vojvodina.gov.rs\/#\/schema\/person\/749ef4f57fbb458f1c759e7a4fa78485"},"breadcrumb":{"@id":"https:\/\/spriv.vojvodina.gov.rs\/potpisan-sporazum-o-saradnji-izmedu-sekretarijata-pokrajinske-sluzbe-za-zaposljavanje-i-nacionalnog-saveta-madarske-nacionalne-manjine\/#breadcrumb"},"inLanguage":"sr-RS","potentialAction":[{"@type":"ReadAction","target":["https:\/\/spriv.vojvodina.gov.rs\/potpisan-sporazum-o-saradnji-izmedu-sekretarijata-pokrajinske-sluzbe-za-zaposljavanje-i-nacionalnog-saveta-madarske-nacionalne-manjine\/"]}]},{"@type":"ImageObject","inLanguage":"sr-RS","@id":"https:\/\/spriv.vojvodina.gov.rs\/potpisan-sporazum-o-saradnji-izmedu-sekretarijata-pokrajinske-sluzbe-za-zaposljavanje-i-nacionalnog-saveta-madarske-nacionalne-manjine\/#primaryimage","url":"https:\/\/spriv.vojvodina.gov.rs\/wp-content\/uploads\/2021\/06\/08-06-2021-protokol-mala.JPG","contentUrl":"https:\/\/spriv.vojvodina.gov.rs\/wp-content\/uploads\/2021\/06\/08-06-2021-protokol-mala.JPG","width":150,"height":100},{"@type":"BreadcrumbList","@id":"https:\/\/spriv.vojvodina.gov.rs\/potpisan-sporazum-o-saradnji-izmedu-sekretarijata-pokrajinske-sluzbe-za-zaposljavanje-i-nacionalnog-saveta-madarske-nacionalne-manjine\/#breadcrumb","itemListElement":[{"@type":"ListItem","position":1,"name":"Home","item":"https:\/\/spriv.vojvodina.gov.rs\/"},{"@type":"ListItem","position":2,"name":"Potpisan sporazum o saradnji izme\u0111u Sekretarijata, Pokrajinske slu\u017ebe za zapo\u0161ljavanje i Nacionalnog saveta ma\u0111arske nacionalne manjine"}]},{"@type":"WebSite","@id":"https:\/\/spriv.vojvodina.gov.rs\/#website","url":"https:\/\/spriv.vojvodina.gov.rs\/","name":"\u041f\u043e\u043a\u0440\u0430\u0458\u0438\u043d\u0441\u043a\u0438 \u0441\u0435\u043a\u0440\u0435\u0442\u0430\u0440\u0438\u0458\u0430\u0442 \u0437\u0430 \u043f\u0440\u0438\u0432\u0440\u0435\u0434\u0443 \u0438 \u0442\u0443\u0440\u0438\u0437\u0430\u043c","description":"\u041f\u043e\u043a\u0440\u0430\u0458\u0438\u043d\u0441\u043a\u0438 \u0441\u0435\u043a\u0440\u0435\u0442\u0430\u0440\u0438\u0458\u0430\u0442 \u0437\u0430 \u043f\u0440\u0438\u0432\u0440\u0435\u0434\u0443 \u0438 \u0442\u0443\u0440\u0438\u0437\u0430\u043c","potentialAction":[{"@type":"SearchAction","target":{"@type":"EntryPoint","urlTemplate":"https:\/\/spriv.vojvodina.gov.rs\/?s={search_term_string}"},"query-input":{"@type":"PropertyValueSpecification","valueRequired":true,"valueName":"search_term_string"}}],"inLanguage":"sr-RS"},{"@type":"Person","@id":"https:\/\/spriv.vojvodina.gov.rs\/#\/schema\/person\/749ef4f57fbb458f1c759e7a4fa78485","name":"Sonja Babi\u0107","image":{"@type":"ImageObject","inLanguage":"sr-RS","@id":"https:\/\/secure.gravatar.com\/avatar\/00a1d182a20a59067af1e7b1c31cbcc3be1a456ee4b27746580e120c2582e5bd?s=96&d=mm&r=g","url":"https:\/\/secure.gravatar.com\/avatar\/00a1d182a20a59067af1e7b1c31cbcc3be1a456ee4b27746580e120c2582e5bd?s=96&d=mm&r=g","contentUrl":"https:\/\/secure.gravatar.com\/avatar\/00a1d182a20a59067af1e7b1c31cbcc3be1a456ee4b27746580e120c2582e5bd?s=96&d=mm&r=g","caption":"Sonja Babi\u0107"},"url":"https:\/\/spriv.vojvodina.gov.rs\/rs\/author\/sonja-babic\/"}]}},"_links":{"self":[{"href":"https:\/\/spriv.vojvodina.gov.rs\/rs\/wp-json\/wp\/v2\/posts\/5853","targetHints":{"allow":["GET"]}}],"collection":[{"href":"https:\/\/spriv.vojvodina.gov.rs\/rs\/wp-json\/wp\/v2\/posts"}],"about":[{"href":"https:\/\/spriv.vojvodina.gov.rs\/rs\/wp-json\/wp\/v2\/types\/post"}],"author":[{"embeddable":true,"href":"https:\/\/spriv.vojvodina.gov.rs\/rs\/wp-json\/wp\/v2\/users\/3"}],"replies":[{"embeddable":true,"href":"https:\/\/spriv.vojvodina.gov.rs\/rs\/wp-json\/wp\/v2\/comments?post=5853"}],"version-history":[{"count":0,"href":"https:\/\/spriv.vojvodina.gov.rs\/rs\/wp-json\/wp\/v2\/posts\/5853\/revisions"}],"wp:featuredmedia":[{"embeddable":true,"href":"https:\/\/spriv.vojvodina.gov.rs\/rs\/wp-json\/wp\/v2\/media\/5848"}],"wp:attachment":[{"href":"https:\/\/spriv.vojvodina.gov.rs\/rs\/wp-json\/wp\/v2\/media?parent=5853"}],"wp:term":[{"taxonomy":"category","embeddable":true,"href":"https:\/\/spriv.vojvodina.gov.rs\/rs\/wp-json\/wp\/v2\/categories?post=5853"},{"taxonomy":"post_tag","embeddable":true,"href":"https:\/\/spriv.vojvodina.gov.rs\/rs\/wp-json\/wp\/v2\/tags?post=5853"}],"curies":[{"name":"wp","href":"https:\/\/api.w.org\/{rel}","templated":true}]}}