{"id":5658,"date":"2021-04-26T19:58:01","date_gmt":"2021-04-26T19:58:01","guid":{"rendered":"http:\/\/spriv.vojvodina.gov.rs\/2021\/04\/26\/potpisan-sporazum-o-saradnji-sa-nacionalnom-sluzbom-za-zaposljavanje-nove-mere-aktivne-politike-zaposljavanja-podsticu-preduzetnicki-duh\/"},"modified":"2021-04-26T19:58:01","modified_gmt":"2021-04-26T19:58:01","slug":"potpisan-sporazum-o-saradnji-sa-nacionalnom-sluzbom-za-zaposljavanje-nove-mere-aktivne-politike-zaposljavanja-podsticu-preduzetnicki-duh","status":"publish","type":"post","link":"https:\/\/spriv.vojvodina.gov.rs\/rs\/potpisan-sporazum-o-saradnji-sa-nacionalnom-sluzbom-za-zaposljavanje-nove-mere-aktivne-politike-zaposljavanja-podsticu-preduzetnicki-duh\/","title":{"rendered":"Potpisan Sporazum o saradnji sa Nacionalnom slu\u017ebom za zapo\u0161ljavanje: Nove mere aktivne politike zapo\u0161ljavanja podsti\u010du ,,preduzetni\u010dki duh\u201c"},"content":{"rendered":"<p style=\"text-align: center;\">\u00a0\u00a0<img loading=\"lazy\" decoding=\"async\" class=\" size-full wp-image-5653\" src=\"http:\/\/spriv.vojvodina.gov.rs\/wp-content\/uploads\/2021\/04\/26-04-2021-Sporazum-NSZ-1.jpg\" border=\"0\" alt=\"\" width=\"600\" height=\"401\" srcset=\"https:\/\/spriv.vojvodina.gov.rs\/wp-content\/uploads\/2021\/04\/26-04-2021-Sporazum-NSZ-1.jpg 600w, https:\/\/spriv.vojvodina.gov.rs\/wp-content\/uploads\/2021\/04\/26-04-2021-Sporazum-NSZ-1-300x201.jpg 300w\" sizes=\"auto, (max-width: 600px) 100vw, 600px\" \/><\/p>\n<p style=\"text-align: justify;\">Novi Sad, 26. april 2021. &#8211; Sporazum o saradanji u realizaciji mera aktivne politike zapo\u0161ljavanja izme\u0111u Pokrajinskog sekretarijata za privredu i turizam i Nacionalne slu\u017ebe za zapo\u0161ljavanje, potpisan je danas u Pokrajinskoj vladi.<\/p>\n<p style=\"text-align: justify;\"><span style=\"font-size: 12.16px;\">Predmet ovog dokumenta jeste efikasnija sinhronizovana realizacija mera aktivne politike zapo\u0161ljavanja koje su predvi\u0111ene Pokrajinskim akcionim planom zapo\u0161ljavanja u AP Vojvodini za 2021. godinu.<\/span><\/p>\n<p style=\"text-align: center;\"><img loading=\"lazy\" decoding=\"async\" class=\" size-full wp-image-5654\" src=\"http:\/\/spriv.vojvodina.gov.rs\/wp-content\/uploads\/2021\/04\/26-04-2021-Sporazum-NSZ-2.jpg\" border=\"0\" alt=\"\" width=\"600\" height=\"401\" srcset=\"https:\/\/spriv.vojvodina.gov.rs\/wp-content\/uploads\/2021\/04\/26-04-2021-Sporazum-NSZ-2.jpg 600w, https:\/\/spriv.vojvodina.gov.rs\/wp-content\/uploads\/2021\/04\/26-04-2021-Sporazum-NSZ-2-300x201.jpg 300w\" sizes=\"auto, (max-width: 600px) 100vw, 600px\" \/><\/p>\n<p style=\"text-align: justify;\">Potpisinici Sporazuma su pokrajinski sekretar za privredu i turizam, dr Nenad Ivani\u0161evi\u0107, i direktor Pokrajinske slu\u017ebe za zapo\u0161ljavanje AP Vojvodine, Sne\u017eana Sedlar. Potpisivanju je prisustvovala v.d. pomo\u0107nika pokrajinskog sekretara za oblast rada i zapo\u0161ljavanja, Ilona Pelt.<\/p>\n<p style=\"text-align: justify;\"><span style=\"font-size: 12.16px;\">Sporazumom su se ta\u010dno utvrdila prava i obaveze Sekretarijata i Nacionalne slu\u017ebe.<\/span><\/p>\n<p style=\"text-align: justify;\"><span style=\"font-size: 12.16px;\">,,Danas potpisujemo Sporazum o zajedni\u010dkoj realizaciji programa zapo\u0161ljavanja, koji realizuje Sekretarijat za privrednu, u ukupnom iznosu od 42 miliona dinara. Ovaj dokument zna\u010di da Sekretarijat te programe realizuje isklju\u010divo i u skladu sa merama i programima koji su predvi\u0111eni akcionim planom i na nacionalnom, odnosno pokrajinskom nivou. Od ove godine, mere su u potpunosti sinhronizovane i iznosi koji su predvi\u0111eni propozicijama Nacionalne slu\u017ebe za zapo\u0161ljavanje jesu isti predvi\u0111enim iznosima u konkursima Sekretarijata\u201c, rekao je sekretar Ivani\u0161evi\u0107.<\/span><\/p>\n<p style=\"text-align: justify;\"><span style=\"font-size: 12.16px;\">On je istakao da je ovakav na\u010din rada jedini pravi put, te podsetio i na zajedni\u010dko sprovo\u0111enje mera i udru\u017eivanje sredstava Sekretarijata sa Garancijskim i Razvojnim fondom AP Vojvodine.<\/span><\/p>\n<p style=\"text-align: center;\"><img loading=\"lazy\" decoding=\"async\" class=\" size-full wp-image-5655\" src=\"http:\/\/spriv.vojvodina.gov.rs\/wp-content\/uploads\/2021\/04\/26-04-2021-Sporazum-NSZ-3.jpg\" border=\"0\" alt=\"\" width=\"600\" height=\"401\" srcset=\"https:\/\/spriv.vojvodina.gov.rs\/wp-content\/uploads\/2021\/04\/26-04-2021-Sporazum-NSZ-3.jpg 600w, https:\/\/spriv.vojvodina.gov.rs\/wp-content\/uploads\/2021\/04\/26-04-2021-Sporazum-NSZ-3-300x201.jpg 300w\" sizes=\"auto, (max-width: 600px) 100vw, 600px\" \/><\/p>\n<p style=\"text-align: justify;\">Ivani\u0161evi\u0107 je najavio da \u0107e javni konkursi Sekretarijata za privredu iz oblasti zapo\u0161ljavanja biti objavljeni 5. maja 2021. godine: ,,Konkursima Sekretarijata namenjenim za zapo\u0161ljavanje, predvi\u0111eno je 250.000 dinara po novozaposlenom, odnosno po pokretanju biznisa, kao i 270.000 dinara ukoliko se radi o osobama sa invaliditetom. Delatnosti u kojima \u0107e biti mogu\u0107e koristiti sredstva jesu proizvodne delatnosti na teritoriji AP Vojvodine, dok \u0107e 5 miliona dinara biti opredeljeno za javne radove. Ideja je da u narednim konkursima iznos predvi\u0111en za zapo\u0161ljavanje bude jo\u0161 ve\u0107i\u201c.<\/p>\n<p style=\"text-align: justify;\"><span style=\"font-size: 12.16px;\">Obaveze Sekretarijata prema ovom Sporazumu jesu raspisivanje javnih poziva za realizaciju mera aktivne politike zapo\u0161ljavanja, dono\u0161enje odluka o odobravanju sredstava i zaklju\u010divanje ugovora o me\u0111usobnim pravima i obavezama sa korisnicima sredstava i Nacionalnom slu\u017ebom.<\/span><\/p>\n<p style=\"text-align: justify;\"><span style=\"font-size: 12.16px;\">Sa druge strane, Nacionalna slu\u017eba vr\u0161i prijem, obradu i bodovanje zahteva po objavljenim javnim pozivima, sa\u010dinjava liste podnetih i izbodovanih prijava, neposredno sara\u0111uje sa korisnicima sredstava, sa\u010dinjava pravne akte neophodne za nastavak realizacije ugovornih obaveza, te dostavlja izve\u0161taje o realizaciji mera Sekretrijatu.<\/span><\/p>\n<p style=\"text-align: justify;\"><span style=\"font-size: 12.16px;\">Pra\u0107enje i kontrolu realizacije ugovornih obaveza vr\u0161i\u0107e Sekretarijat u saradnji sa Nacionalnom slu\u017ebom za zapo\u0161ljavanje.<\/span><\/p>\n<p style=\"text-align: center;\"><img loading=\"lazy\" decoding=\"async\" class=\" size-full wp-image-5656\" src=\"http:\/\/spriv.vojvodina.gov.rs\/wp-content\/uploads\/2021\/04\/26-04-2021-Sporazum-NSZ-4.jpg\" border=\"0\" alt=\"\" width=\"600\" height=\"401\" srcset=\"https:\/\/spriv.vojvodina.gov.rs\/wp-content\/uploads\/2021\/04\/26-04-2021-Sporazum-NSZ-4.jpg 600w, https:\/\/spriv.vojvodina.gov.rs\/wp-content\/uploads\/2021\/04\/26-04-2021-Sporazum-NSZ-4-300x201.jpg 300w\" sizes=\"auto, (max-width: 600px) 100vw, 600px\" \/><\/p>\n","protected":false},"excerpt":{"rendered":"\nNovi Sad, 26. april 2021. &#8211; Sporazum o saradanji u realizaciji mera aktivne politike zapo\u0161ljavanja izme\u0111u Pokrajinskog sekretarijata za privredu i turizam i Nacionalne slu\u017ebe za zapo\u0161ljavanje, potpisan je danas u Pokrajinskoj vladi. Predmet ovog dokumenta jeste efikasnija sinhronizovana realizacija mera aktivne politike zapo\u0161ljavanja koje su predvi\u0111ene Pokrajinskim akcionim planom zapo\u0161ljavanja u AP Vojvodini za 2021. godinu. Potpisinici Sporazuma su pokrajinski sekretar za privredu i turizam, dr Nenad Ivani\u0161evi\u0107, i direktor Pokrajinske slu\u017ebe za zapo\u0161ljavanje AP Vojvodine, Sne\u017eana Sedlar.\n<a class=\"moretag\" href=\"https:\/\/spriv.vojvodina.gov.rs\/rs\/potpisan-sporazum-o-saradnji-sa-nacionalnom-sluzbom-za-zaposljavanje-nove-mere-aktivne-politike-zaposljavanja-podsticu-preduzetnicki-duh\/\"> [...]<\/a>","protected":false},"author":3,"featured_media":5652,"comment_status":"closed","ping_status":"closed","sticky":false,"template":"","format":"standard","meta":{"footnotes":""},"categories":[31],"tags":[],"class_list":["post-5658","post","type-post","status-publish","format-standard","has-post-thumbnail","hentry","category-vesti-latinica1"],"yoast_head":"<!-- This site is optimized with the Yoast SEO plugin v27.4 - https:\/\/yoast.com\/product\/yoast-seo-wordpress\/ -->\n<title>Potpisan Sporazum o saradnji sa Nacionalnom slu\u017ebom za zapo\u0161ljavanje: Nove mere aktivne politike zapo\u0161ljavanja podsti\u010du ,,preduzetni\u010dki duh\u201c - \u041f\u043e\u043a\u0440\u0430\u0458\u0438\u043d\u0441\u043a\u0438 \u0441\u0435\u043a\u0440\u0435\u0442\u0430\u0440\u0438\u0458\u0430\u0442 \u0437\u0430 \u043f\u0440\u0438\u0432\u0440\u0435\u0434\u0443 \u0438 \u0442\u0443\u0440\u0438\u0437\u0430\u043c<\/title>\n<meta name=\"robots\" content=\"index, follow, max-snippet:-1, max-image-preview:large, max-video-preview:-1\" \/>\n<link rel=\"canonical\" href=\"https:\/\/spriv.vojvodina.gov.rs\/rs\/potpisan-sporazum-o-saradnji-sa-nacionalnom-sluzbom-za-zaposljavanje-nove-mere-aktivne-politike-zaposljavanja-podsticu-preduzetnicki-duh\/\" \/>\n<meta property=\"og:locale\" content=\"sr_RS\" \/>\n<meta property=\"og:type\" content=\"article\" \/>\n<meta property=\"og:title\" content=\"Potpisan Sporazum o saradnji sa Nacionalnom slu\u017ebom za zapo\u0161ljavanje: Nove mere aktivne politike zapo\u0161ljavanja podsti\u010du ,,preduzetni\u010dki duh\u201c - \u041f\u043e\u043a\u0440\u0430\u0458\u0438\u043d\u0441\u043a\u0438 \u0441\u0435\u043a\u0440\u0435\u0442\u0430\u0440\u0438\u0458\u0430\u0442 \u0437\u0430 \u043f\u0440\u0438\u0432\u0440\u0435\u0434\u0443 \u0438 \u0442\u0443\u0440\u0438\u0437\u0430\u043c\" \/>\n<meta property=\"og:description\" content=\"Novi Sad, 26. april 2021. - Sporazum o saradanji u realizaciji mera aktivne politike zapo\u0161ljavanja izme\u0111u Pokrajinskog sekretarijata za privredu i turizam i Nacionalne slu\u017ebe za zapo\u0161ljavanje, potpisan je danas u Pokrajinskoj vladi. Predmet ovog dokumenta jeste efikasnija sinhronizovana realizacija mera aktivne politike zapo\u0161ljavanja koje su predvi\u0111ene Pokrajinskim akcionim planom zapo\u0161ljavanja u AP Vojvodini za 2021. godinu. Potpisinici Sporazuma su pokrajinski sekretar za privredu i turizam, dr Nenad Ivani\u0161evi\u0107, i direktor Pokrajinske slu\u017ebe za zapo\u0161ljavanje AP Vojvodine, Sne\u017eana Sedlar.\" \/>\n<meta property=\"og:url\" content=\"https:\/\/spriv.vojvodina.gov.rs\/potpisan-sporazum-o-saradnji-sa-nacionalnom-sluzbom-za-zaposljavanje-nove-mere-aktivne-politike-zaposljavanja-podsticu-preduzetnicki-duh\/\" \/>\n<meta property=\"og:site_name\" content=\"\u041f\u043e\u043a\u0440\u0430\u0458\u0438\u043d\u0441\u043a\u0438 \u0441\u0435\u043a\u0440\u0435\u0442\u0430\u0440\u0438\u0458\u0430\u0442 \u0437\u0430 \u043f\u0440\u0438\u0432\u0440\u0435\u0434\u0443 \u0438 \u0442\u0443\u0440\u0438\u0437\u0430\u043c\" \/>\n<meta property=\"article:published_time\" content=\"2021-04-26T19:58:01+00:00\" \/>\n<meta property=\"og:image\" content=\"https:\/\/spriv.vojvodina.gov.rs\/wp-content\/uploads\/2021\/04\/26-04-2021-Sporazum-mala.jpg\" \/>\n\t<meta property=\"og:image:width\" content=\"150\" \/>\n\t<meta property=\"og:image:height\" content=\"100\" \/>\n\t<meta property=\"og:image:type\" content=\"image\/jpeg\" \/>\n<meta name=\"author\" content=\"Sonja Babi\u0107\" \/>\n<meta name=\"twitter:card\" content=\"summary_large_image\" \/>\n<meta name=\"twitter:label1\" content=\"\u041d\u0430\u043f\u0438\u0441\u0430\u043d\u043e \u043e\u0434\" \/>\n\t<meta name=\"twitter:data1\" content=\"Sonja Babi\u0107\" \/>\n\t<meta name=\"twitter:label2\" content=\"\u041f\u0440\u043e\u0446\u0435\u045a\u0435\u043d\u043e \u0432\u0440\u0435\u043c\u0435 \u0447\u0438\u0442\u0430\u045a\u0430\" \/>\n\t<meta name=\"twitter:data2\" content=\"2 \u043c\u0438\u043d\u0443\u0442\u0430\" \/>\n<script type=\"application\/ld+json\" class=\"yoast-schema-graph\">{\"@context\":\"https:\\\/\\\/schema.org\",\"@graph\":[{\"@type\":\"Article\",\"@id\":\"https:\\\/\\\/spriv.vojvodina.gov.rs\\\/potpisan-sporazum-o-saradnji-sa-nacionalnom-sluzbom-za-zaposljavanje-nove-mere-aktivne-politike-zaposljavanja-podsticu-preduzetnicki-duh\\\/#article\",\"isPartOf\":{\"@id\":\"https:\\\/\\\/spriv.vojvodina.gov.rs\\\/potpisan-sporazum-o-saradnji-sa-nacionalnom-sluzbom-za-zaposljavanje-nove-mere-aktivne-politike-zaposljavanja-podsticu-preduzetnicki-duh\\\/\"},\"author\":{\"name\":\"Sonja Babi\u0107\",\"@id\":\"https:\\\/\\\/spriv.vojvodina.gov.rs\\\/#\\\/schema\\\/person\\\/749ef4f57fbb458f1c759e7a4fa78485\"},\"headline\":\"Potpisan Sporazum o saradnji sa Nacionalnom slu\u017ebom za zapo\u0161ljavanje: Nove mere aktivne politike zapo\u0161ljavanja podsti\u010du ,,preduzetni\u010dki duh\u201c\",\"datePublished\":\"2021-04-26T19:58:01+00:00\",\"mainEntityOfPage\":{\"@id\":\"https:\\\/\\\/spriv.vojvodina.gov.rs\\\/potpisan-sporazum-o-saradnji-sa-nacionalnom-sluzbom-za-zaposljavanje-nove-mere-aktivne-politike-zaposljavanja-podsticu-preduzetnicki-duh\\\/\"},\"wordCount\":451,\"image\":{\"@id\":\"https:\\\/\\\/spriv.vojvodina.gov.rs\\\/potpisan-sporazum-o-saradnji-sa-nacionalnom-sluzbom-za-zaposljavanje-nove-mere-aktivne-politike-zaposljavanja-podsticu-preduzetnicki-duh\\\/#primaryimage\"},\"thumbnailUrl\":\"https:\\\/\\\/spriv.vojvodina.gov.rs\\\/wp-content\\\/uploads\\\/2021\\\/04\\\/26-04-2021-Sporazum-mala.jpg\",\"articleSection\":[\"Vesti Latinica\"],\"inLanguage\":\"sr-RS\"},{\"@type\":\"WebPage\",\"@id\":\"https:\\\/\\\/spriv.vojvodina.gov.rs\\\/potpisan-sporazum-o-saradnji-sa-nacionalnom-sluzbom-za-zaposljavanje-nove-mere-aktivne-politike-zaposljavanja-podsticu-preduzetnicki-duh\\\/\",\"url\":\"https:\\\/\\\/spriv.vojvodina.gov.rs\\\/potpisan-sporazum-o-saradnji-sa-nacionalnom-sluzbom-za-zaposljavanje-nove-mere-aktivne-politike-zaposljavanja-podsticu-preduzetnicki-duh\\\/\",\"name\":\"Potpisan Sporazum o saradnji sa Nacionalnom slu\u017ebom za zapo\u0161ljavanje: Nove mere aktivne politike zapo\u0161ljavanja podsti\u010du ,,preduzetni\u010dki duh\u201c - \u041f\u043e\u043a\u0440\u0430\u0458\u0438\u043d\u0441\u043a\u0438 \u0441\u0435\u043a\u0440\u0435\u0442\u0430\u0440\u0438\u0458\u0430\u0442 \u0437\u0430 \u043f\u0440\u0438\u0432\u0440\u0435\u0434\u0443 \u0438 \u0442\u0443\u0440\u0438\u0437\u0430\u043c\",\"isPartOf\":{\"@id\":\"https:\\\/\\\/spriv.vojvodina.gov.rs\\\/#website\"},\"primaryImageOfPage\":{\"@id\":\"https:\\\/\\\/spriv.vojvodina.gov.rs\\\/potpisan-sporazum-o-saradnji-sa-nacionalnom-sluzbom-za-zaposljavanje-nove-mere-aktivne-politike-zaposljavanja-podsticu-preduzetnicki-duh\\\/#primaryimage\"},\"image\":{\"@id\":\"https:\\\/\\\/spriv.vojvodina.gov.rs\\\/potpisan-sporazum-o-saradnji-sa-nacionalnom-sluzbom-za-zaposljavanje-nove-mere-aktivne-politike-zaposljavanja-podsticu-preduzetnicki-duh\\\/#primaryimage\"},\"thumbnailUrl\":\"https:\\\/\\\/spriv.vojvodina.gov.rs\\\/wp-content\\\/uploads\\\/2021\\\/04\\\/26-04-2021-Sporazum-mala.jpg\",\"datePublished\":\"2021-04-26T19:58:01+00:00\",\"author\":{\"@id\":\"https:\\\/\\\/spriv.vojvodina.gov.rs\\\/#\\\/schema\\\/person\\\/749ef4f57fbb458f1c759e7a4fa78485\"},\"breadcrumb\":{\"@id\":\"https:\\\/\\\/spriv.vojvodina.gov.rs\\\/potpisan-sporazum-o-saradnji-sa-nacionalnom-sluzbom-za-zaposljavanje-nove-mere-aktivne-politike-zaposljavanja-podsticu-preduzetnicki-duh\\\/#breadcrumb\"},\"inLanguage\":\"sr-RS\",\"potentialAction\":[{\"@type\":\"ReadAction\",\"target\":[\"https:\\\/\\\/spriv.vojvodina.gov.rs\\\/potpisan-sporazum-o-saradnji-sa-nacionalnom-sluzbom-za-zaposljavanje-nove-mere-aktivne-politike-zaposljavanja-podsticu-preduzetnicki-duh\\\/\"]}]},{\"@type\":\"ImageObject\",\"inLanguage\":\"sr-RS\",\"@id\":\"https:\\\/\\\/spriv.vojvodina.gov.rs\\\/potpisan-sporazum-o-saradnji-sa-nacionalnom-sluzbom-za-zaposljavanje-nove-mere-aktivne-politike-zaposljavanja-podsticu-preduzetnicki-duh\\\/#primaryimage\",\"url\":\"https:\\\/\\\/spriv.vojvodina.gov.rs\\\/wp-content\\\/uploads\\\/2021\\\/04\\\/26-04-2021-Sporazum-mala.jpg\",\"contentUrl\":\"https:\\\/\\\/spriv.vojvodina.gov.rs\\\/wp-content\\\/uploads\\\/2021\\\/04\\\/26-04-2021-Sporazum-mala.jpg\",\"width\":150,\"height\":100},{\"@type\":\"BreadcrumbList\",\"@id\":\"https:\\\/\\\/spriv.vojvodina.gov.rs\\\/potpisan-sporazum-o-saradnji-sa-nacionalnom-sluzbom-za-zaposljavanje-nove-mere-aktivne-politike-zaposljavanja-podsticu-preduzetnicki-duh\\\/#breadcrumb\",\"itemListElement\":[{\"@type\":\"ListItem\",\"position\":1,\"name\":\"Home\",\"item\":\"https:\\\/\\\/spriv.vojvodina.gov.rs\\\/\"},{\"@type\":\"ListItem\",\"position\":2,\"name\":\"Potpisan Sporazum o saradnji sa Nacionalnom slu\u017ebom za zapo\u0161ljavanje: Nove mere aktivne politike zapo\u0161ljavanja podsti\u010du ,,preduzetni\u010dki duh\u201c\"}]},{\"@type\":\"WebSite\",\"@id\":\"https:\\\/\\\/spriv.vojvodina.gov.rs\\\/#website\",\"url\":\"https:\\\/\\\/spriv.vojvodina.gov.rs\\\/\",\"name\":\"\u041f\u043e\u043a\u0440\u0430\u0458\u0438\u043d\u0441\u043a\u0438 \u0441\u0435\u043a\u0440\u0435\u0442\u0430\u0440\u0438\u0458\u0430\u0442 \u0437\u0430 \u043f\u0440\u0438\u0432\u0440\u0435\u0434\u0443 \u0438 \u0442\u0443\u0440\u0438\u0437\u0430\u043c\",\"description\":\"\u041f\u043e\u043a\u0440\u0430\u0458\u0438\u043d\u0441\u043a\u0438 \u0441\u0435\u043a\u0440\u0435\u0442\u0430\u0440\u0438\u0458\u0430\u0442 \u0437\u0430 \u043f\u0440\u0438\u0432\u0440\u0435\u0434\u0443 \u0438 \u0442\u0443\u0440\u0438\u0437\u0430\u043c\",\"potentialAction\":[{\"@type\":\"SearchAction\",\"target\":{\"@type\":\"EntryPoint\",\"urlTemplate\":\"https:\\\/\\\/spriv.vojvodina.gov.rs\\\/?s={search_term_string}\"},\"query-input\":{\"@type\":\"PropertyValueSpecification\",\"valueRequired\":true,\"valueName\":\"search_term_string\"}}],\"inLanguage\":\"sr-RS\"},{\"@type\":\"Person\",\"@id\":\"https:\\\/\\\/spriv.vojvodina.gov.rs\\\/#\\\/schema\\\/person\\\/749ef4f57fbb458f1c759e7a4fa78485\",\"name\":\"Sonja Babi\u0107\",\"image\":{\"@type\":\"ImageObject\",\"inLanguage\":\"sr-RS\",\"@id\":\"https:\\\/\\\/secure.gravatar.com\\\/avatar\\\/00a1d182a20a59067af1e7b1c31cbcc3be1a456ee4b27746580e120c2582e5bd?s=96&d=mm&r=g\",\"url\":\"https:\\\/\\\/secure.gravatar.com\\\/avatar\\\/00a1d182a20a59067af1e7b1c31cbcc3be1a456ee4b27746580e120c2582e5bd?s=96&d=mm&r=g\",\"contentUrl\":\"https:\\\/\\\/secure.gravatar.com\\\/avatar\\\/00a1d182a20a59067af1e7b1c31cbcc3be1a456ee4b27746580e120c2582e5bd?s=96&d=mm&r=g\",\"caption\":\"Sonja Babi\u0107\"},\"url\":\"https:\\\/\\\/spriv.vojvodina.gov.rs\\\/rs\\\/author\\\/sonja-babic\\\/\"}]}<\/script>\n<!-- \/ Yoast SEO plugin. -->","yoast_head_json":{"title":"Potpisan Sporazum o saradnji sa Nacionalnom slu\u017ebom za zapo\u0161ljavanje: Nove mere aktivne politike zapo\u0161ljavanja podsti\u010du ,,preduzetni\u010dki duh\u201c - \u041f\u043e\u043a\u0440\u0430\u0458\u0438\u043d\u0441\u043a\u0438 \u0441\u0435\u043a\u0440\u0435\u0442\u0430\u0440\u0438\u0458\u0430\u0442 \u0437\u0430 \u043f\u0440\u0438\u0432\u0440\u0435\u0434\u0443 \u0438 \u0442\u0443\u0440\u0438\u0437\u0430\u043c","robots":{"index":"index","follow":"follow","max-snippet":"max-snippet:-1","max-image-preview":"max-image-preview:large","max-video-preview":"max-video-preview:-1"},"canonical":"https:\/\/spriv.vojvodina.gov.rs\/rs\/potpisan-sporazum-o-saradnji-sa-nacionalnom-sluzbom-za-zaposljavanje-nove-mere-aktivne-politike-zaposljavanja-podsticu-preduzetnicki-duh\/","og_locale":"sr_RS","og_type":"article","og_title":"Potpisan Sporazum o saradnji sa Nacionalnom slu\u017ebom za zapo\u0161ljavanje: Nove mere aktivne politike zapo\u0161ljavanja podsti\u010du ,,preduzetni\u010dki duh\u201c - \u041f\u043e\u043a\u0440\u0430\u0458\u0438\u043d\u0441\u043a\u0438 \u0441\u0435\u043a\u0440\u0435\u0442\u0430\u0440\u0438\u0458\u0430\u0442 \u0437\u0430 \u043f\u0440\u0438\u0432\u0440\u0435\u0434\u0443 \u0438 \u0442\u0443\u0440\u0438\u0437\u0430\u043c","og_description":"Novi Sad, 26. april 2021. - Sporazum o saradanji u realizaciji mera aktivne politike zapo\u0161ljavanja izme\u0111u Pokrajinskog sekretarijata za privredu i turizam i Nacionalne slu\u017ebe za zapo\u0161ljavanje, potpisan je danas u Pokrajinskoj vladi. Predmet ovog dokumenta jeste efikasnija sinhronizovana realizacija mera aktivne politike zapo\u0161ljavanja koje su predvi\u0111ene Pokrajinskim akcionim planom zapo\u0161ljavanja u AP Vojvodini za 2021. godinu. Potpisinici Sporazuma su pokrajinski sekretar za privredu i turizam, dr Nenad Ivani\u0161evi\u0107, i direktor Pokrajinske slu\u017ebe za zapo\u0161ljavanje AP Vojvodine, Sne\u017eana Sedlar.","og_url":"https:\/\/spriv.vojvodina.gov.rs\/potpisan-sporazum-o-saradnji-sa-nacionalnom-sluzbom-za-zaposljavanje-nove-mere-aktivne-politike-zaposljavanja-podsticu-preduzetnicki-duh\/","og_site_name":"\u041f\u043e\u043a\u0440\u0430\u0458\u0438\u043d\u0441\u043a\u0438 \u0441\u0435\u043a\u0440\u0435\u0442\u0430\u0440\u0438\u0458\u0430\u0442 \u0437\u0430 \u043f\u0440\u0438\u0432\u0440\u0435\u0434\u0443 \u0438 \u0442\u0443\u0440\u0438\u0437\u0430\u043c","article_published_time":"2021-04-26T19:58:01+00:00","og_image":[{"width":150,"height":100,"url":"https:\/\/spriv.vojvodina.gov.rs\/wp-content\/uploads\/2021\/04\/26-04-2021-Sporazum-mala.jpg","type":"image\/jpeg"}],"author":"Sonja Babi\u0107","twitter_card":"summary_large_image","twitter_misc":{"\u041d\u0430\u043f\u0438\u0441\u0430\u043d\u043e \u043e\u0434":"Sonja Babi\u0107","\u041f\u0440\u043e\u0446\u0435\u045a\u0435\u043d\u043e \u0432\u0440\u0435\u043c\u0435 \u0447\u0438\u0442\u0430\u045a\u0430":"2 \u043c\u0438\u043d\u0443\u0442\u0430"},"schema":{"@context":"https:\/\/schema.org","@graph":[{"@type":"Article","@id":"https:\/\/spriv.vojvodina.gov.rs\/potpisan-sporazum-o-saradnji-sa-nacionalnom-sluzbom-za-zaposljavanje-nove-mere-aktivne-politike-zaposljavanja-podsticu-preduzetnicki-duh\/#article","isPartOf":{"@id":"https:\/\/spriv.vojvodina.gov.rs\/potpisan-sporazum-o-saradnji-sa-nacionalnom-sluzbom-za-zaposljavanje-nove-mere-aktivne-politike-zaposljavanja-podsticu-preduzetnicki-duh\/"},"author":{"name":"Sonja Babi\u0107","@id":"https:\/\/spriv.vojvodina.gov.rs\/#\/schema\/person\/749ef4f57fbb458f1c759e7a4fa78485"},"headline":"Potpisan Sporazum o saradnji sa Nacionalnom slu\u017ebom za zapo\u0161ljavanje: Nove mere aktivne politike zapo\u0161ljavanja podsti\u010du ,,preduzetni\u010dki duh\u201c","datePublished":"2021-04-26T19:58:01+00:00","mainEntityOfPage":{"@id":"https:\/\/spriv.vojvodina.gov.rs\/potpisan-sporazum-o-saradnji-sa-nacionalnom-sluzbom-za-zaposljavanje-nove-mere-aktivne-politike-zaposljavanja-podsticu-preduzetnicki-duh\/"},"wordCount":451,"image":{"@id":"https:\/\/spriv.vojvodina.gov.rs\/potpisan-sporazum-o-saradnji-sa-nacionalnom-sluzbom-za-zaposljavanje-nove-mere-aktivne-politike-zaposljavanja-podsticu-preduzetnicki-duh\/#primaryimage"},"thumbnailUrl":"https:\/\/spriv.vojvodina.gov.rs\/wp-content\/uploads\/2021\/04\/26-04-2021-Sporazum-mala.jpg","articleSection":["Vesti Latinica"],"inLanguage":"sr-RS"},{"@type":"WebPage","@id":"https:\/\/spriv.vojvodina.gov.rs\/potpisan-sporazum-o-saradnji-sa-nacionalnom-sluzbom-za-zaposljavanje-nove-mere-aktivne-politike-zaposljavanja-podsticu-preduzetnicki-duh\/","url":"https:\/\/spriv.vojvodina.gov.rs\/potpisan-sporazum-o-saradnji-sa-nacionalnom-sluzbom-za-zaposljavanje-nove-mere-aktivne-politike-zaposljavanja-podsticu-preduzetnicki-duh\/","name":"Potpisan Sporazum o saradnji sa Nacionalnom slu\u017ebom za zapo\u0161ljavanje: Nove mere aktivne politike zapo\u0161ljavanja podsti\u010du ,,preduzetni\u010dki duh\u201c - \u041f\u043e\u043a\u0440\u0430\u0458\u0438\u043d\u0441\u043a\u0438 \u0441\u0435\u043a\u0440\u0435\u0442\u0430\u0440\u0438\u0458\u0430\u0442 \u0437\u0430 \u043f\u0440\u0438\u0432\u0440\u0435\u0434\u0443 \u0438 \u0442\u0443\u0440\u0438\u0437\u0430\u043c","isPartOf":{"@id":"https:\/\/spriv.vojvodina.gov.rs\/#website"},"primaryImageOfPage":{"@id":"https:\/\/spriv.vojvodina.gov.rs\/potpisan-sporazum-o-saradnji-sa-nacionalnom-sluzbom-za-zaposljavanje-nove-mere-aktivne-politike-zaposljavanja-podsticu-preduzetnicki-duh\/#primaryimage"},"image":{"@id":"https:\/\/spriv.vojvodina.gov.rs\/potpisan-sporazum-o-saradnji-sa-nacionalnom-sluzbom-za-zaposljavanje-nove-mere-aktivne-politike-zaposljavanja-podsticu-preduzetnicki-duh\/#primaryimage"},"thumbnailUrl":"https:\/\/spriv.vojvodina.gov.rs\/wp-content\/uploads\/2021\/04\/26-04-2021-Sporazum-mala.jpg","datePublished":"2021-04-26T19:58:01+00:00","author":{"@id":"https:\/\/spriv.vojvodina.gov.rs\/#\/schema\/person\/749ef4f57fbb458f1c759e7a4fa78485"},"breadcrumb":{"@id":"https:\/\/spriv.vojvodina.gov.rs\/potpisan-sporazum-o-saradnji-sa-nacionalnom-sluzbom-za-zaposljavanje-nove-mere-aktivne-politike-zaposljavanja-podsticu-preduzetnicki-duh\/#breadcrumb"},"inLanguage":"sr-RS","potentialAction":[{"@type":"ReadAction","target":["https:\/\/spriv.vojvodina.gov.rs\/potpisan-sporazum-o-saradnji-sa-nacionalnom-sluzbom-za-zaposljavanje-nove-mere-aktivne-politike-zaposljavanja-podsticu-preduzetnicki-duh\/"]}]},{"@type":"ImageObject","inLanguage":"sr-RS","@id":"https:\/\/spriv.vojvodina.gov.rs\/potpisan-sporazum-o-saradnji-sa-nacionalnom-sluzbom-za-zaposljavanje-nove-mere-aktivne-politike-zaposljavanja-podsticu-preduzetnicki-duh\/#primaryimage","url":"https:\/\/spriv.vojvodina.gov.rs\/wp-content\/uploads\/2021\/04\/26-04-2021-Sporazum-mala.jpg","contentUrl":"https:\/\/spriv.vojvodina.gov.rs\/wp-content\/uploads\/2021\/04\/26-04-2021-Sporazum-mala.jpg","width":150,"height":100},{"@type":"BreadcrumbList","@id":"https:\/\/spriv.vojvodina.gov.rs\/potpisan-sporazum-o-saradnji-sa-nacionalnom-sluzbom-za-zaposljavanje-nove-mere-aktivne-politike-zaposljavanja-podsticu-preduzetnicki-duh\/#breadcrumb","itemListElement":[{"@type":"ListItem","position":1,"name":"Home","item":"https:\/\/spriv.vojvodina.gov.rs\/"},{"@type":"ListItem","position":2,"name":"Potpisan Sporazum o saradnji sa Nacionalnom slu\u017ebom za zapo\u0161ljavanje: Nove mere aktivne politike zapo\u0161ljavanja podsti\u010du ,,preduzetni\u010dki duh\u201c"}]},{"@type":"WebSite","@id":"https:\/\/spriv.vojvodina.gov.rs\/#website","url":"https:\/\/spriv.vojvodina.gov.rs\/","name":"\u041f\u043e\u043a\u0440\u0430\u0458\u0438\u043d\u0441\u043a\u0438 \u0441\u0435\u043a\u0440\u0435\u0442\u0430\u0440\u0438\u0458\u0430\u0442 \u0437\u0430 \u043f\u0440\u0438\u0432\u0440\u0435\u0434\u0443 \u0438 \u0442\u0443\u0440\u0438\u0437\u0430\u043c","description":"\u041f\u043e\u043a\u0440\u0430\u0458\u0438\u043d\u0441\u043a\u0438 \u0441\u0435\u043a\u0440\u0435\u0442\u0430\u0440\u0438\u0458\u0430\u0442 \u0437\u0430 \u043f\u0440\u0438\u0432\u0440\u0435\u0434\u0443 \u0438 \u0442\u0443\u0440\u0438\u0437\u0430\u043c","potentialAction":[{"@type":"SearchAction","target":{"@type":"EntryPoint","urlTemplate":"https:\/\/spriv.vojvodina.gov.rs\/?s={search_term_string}"},"query-input":{"@type":"PropertyValueSpecification","valueRequired":true,"valueName":"search_term_string"}}],"inLanguage":"sr-RS"},{"@type":"Person","@id":"https:\/\/spriv.vojvodina.gov.rs\/#\/schema\/person\/749ef4f57fbb458f1c759e7a4fa78485","name":"Sonja Babi\u0107","image":{"@type":"ImageObject","inLanguage":"sr-RS","@id":"https:\/\/secure.gravatar.com\/avatar\/00a1d182a20a59067af1e7b1c31cbcc3be1a456ee4b27746580e120c2582e5bd?s=96&d=mm&r=g","url":"https:\/\/secure.gravatar.com\/avatar\/00a1d182a20a59067af1e7b1c31cbcc3be1a456ee4b27746580e120c2582e5bd?s=96&d=mm&r=g","contentUrl":"https:\/\/secure.gravatar.com\/avatar\/00a1d182a20a59067af1e7b1c31cbcc3be1a456ee4b27746580e120c2582e5bd?s=96&d=mm&r=g","caption":"Sonja Babi\u0107"},"url":"https:\/\/spriv.vojvodina.gov.rs\/rs\/author\/sonja-babic\/"}]}},"_links":{"self":[{"href":"https:\/\/spriv.vojvodina.gov.rs\/rs\/wp-json\/wp\/v2\/posts\/5658","targetHints":{"allow":["GET"]}}],"collection":[{"href":"https:\/\/spriv.vojvodina.gov.rs\/rs\/wp-json\/wp\/v2\/posts"}],"about":[{"href":"https:\/\/spriv.vojvodina.gov.rs\/rs\/wp-json\/wp\/v2\/types\/post"}],"author":[{"embeddable":true,"href":"https:\/\/spriv.vojvodina.gov.rs\/rs\/wp-json\/wp\/v2\/users\/3"}],"replies":[{"embeddable":true,"href":"https:\/\/spriv.vojvodina.gov.rs\/rs\/wp-json\/wp\/v2\/comments?post=5658"}],"version-history":[{"count":0,"href":"https:\/\/spriv.vojvodina.gov.rs\/rs\/wp-json\/wp\/v2\/posts\/5658\/revisions"}],"wp:featuredmedia":[{"embeddable":true,"href":"https:\/\/spriv.vojvodina.gov.rs\/rs\/wp-json\/wp\/v2\/media\/5652"}],"wp:attachment":[{"href":"https:\/\/spriv.vojvodina.gov.rs\/rs\/wp-json\/wp\/v2\/media?parent=5658"}],"wp:term":[{"taxonomy":"category","embeddable":true,"href":"https:\/\/spriv.vojvodina.gov.rs\/rs\/wp-json\/wp\/v2\/categories?post=5658"},{"taxonomy":"post_tag","embeddable":true,"href":"https:\/\/spriv.vojvodina.gov.rs\/rs\/wp-json\/wp\/v2\/tags?post=5658"}],"curies":[{"name":"wp","href":"https:\/\/api.w.org\/{rel}","templated":true}]}}