{"id":5526,"date":"2021-03-11T22:55:21","date_gmt":"2021-03-11T22:55:21","guid":{"rendered":"http:\/\/spriv.vojvodina.gov.rs\/2021\/03\/11\/zajednicka-sednica-socijalno-ekonomskog-saveta-republike-srbije-i-pokrajinskog-socijalno-ekonomskog-saveta-o-ravnopravnosti-polova-i-unapredenju-polozaja-zena-na-trzistu-rada\/"},"modified":"2021-03-11T22:55:21","modified_gmt":"2021-03-11T22:55:21","slug":"zajednicka-sednica-socijalno-ekonomskog-saveta-republike-srbije-i-pokrajinskog-socijalno-ekonomskog-saveta-o-ravnopravnosti-polova-i-unapredenju-polozaja-zena-na-trzistu-rada","status":"publish","type":"post","link":"https:\/\/spriv.vojvodina.gov.rs\/rs\/zajednicka-sednica-socijalno-ekonomskog-saveta-republike-srbije-i-pokrajinskog-socijalno-ekonomskog-saveta-o-ravnopravnosti-polova-i-unapredenju-polozaja-zena-na-trzistu-rada\/","title":{"rendered":"Zajedni\u010dka sednica Socijalno-ekonomskog saveta Republike Srbije i Pokrajinskog socijalno-ekonomskog saveta: o ravnopravnosti polova i unapre\u0111enju polo\u017eaja \u017eena na tr\u017ei\u0161tu rada"},"content":{"rendered":"<p style=\"text-align: justify;\"><span style=\"font-size: 12.16px;\">Novi Sad, 11. mart 2021. &#8211; Zajedni\u010dka sednica Socijalno-ekonomskog saveta Republike Srbije i Pokrajinskog socijalno-ekonomskog saveta odr\u017eana je u Edukativnom centru za obuke u profesionalnim i radnim ve\u0161tinama Novi Sad. Dnevni red sednice podrazumevao je dve ta\u010dke oko kojih su se okupili svi socijalni partneri, a to su dru\u0161tveni i radni polo\u017eaj \u017eena, uz dopunu dnevnog reda pod definisanim nazivom ,,Dru\u0161tveni i radni polo\u017eaj \u017eena i rasprava o inicijativi za ratifikaciju Konvencije MOR broj 190 o ukidanju nasilja i uznemiravanja u svetu rada\u201c.<\/span><\/p>\n<p style=\"text-align: center;\"><span style=\"font-size: 12.16px;\"><img loading=\"lazy\" decoding=\"async\" class=\" size-full wp-image-5519\" src=\"http:\/\/spriv.vojvodina.gov.rs\/wp-content\/uploads\/2021\/03\/11032021-Ivanisevic_EC-11.JPG\" border=\"0\" alt=\"\" width=\"600\" height=\"401\" srcset=\"https:\/\/spriv.vojvodina.gov.rs\/wp-content\/uploads\/2021\/03\/11032021-Ivanisevic_EC-11.JPG 600w, https:\/\/spriv.vojvodina.gov.rs\/wp-content\/uploads\/2021\/03\/11032021-Ivanisevic_EC-11-300x201.jpg 300w\" sizes=\"auto, (max-width: 600px) 100vw, 600px\" \/><\/span><\/p>\n<p style=\"text-align: justify;\">Pokrajinski sekretar za privredu i turizam, dr Nenad Ivani\u0161evi\u0107, \u010dlan je PSES-a i u\u010desnik zajedni\u010dke sednice, koji se u svom obra\u0107anju posebno osvrnuo na mere i program podr\u0161ke koje je Sekretarijat koncipirao i namenio prevashodno privrednim subjektima, \u017eenskom i socijalnom preduzetni\u0161tvu, kao primer afirmativne podr\u0161ke preduzetnicama i unapre\u0111enju njihovog polo\u017eaja i statusa na teritoriji AP Vojvodine.<\/p>\n<p style=\"text-align: center;\"><span style=\"font-size: 12.16px;\"><img loading=\"lazy\" decoding=\"async\" class=\" size-full wp-image-5520\" src=\"http:\/\/spriv.vojvodina.gov.rs\/wp-content\/uploads\/2021\/03\/11032021-Ivanisevic_EC-15.JPG\" border=\"0\" alt=\"\" width=\"600\" height=\"401\" srcset=\"https:\/\/spriv.vojvodina.gov.rs\/wp-content\/uploads\/2021\/03\/11032021-Ivanisevic_EC-15.JPG 600w, https:\/\/spriv.vojvodina.gov.rs\/wp-content\/uploads\/2021\/03\/11032021-Ivanisevic_EC-15-300x201.jpg 300w\" sizes=\"auto, (max-width: 600px) 100vw, 600px\" \/><\/span><\/p>\n<p style=\"text-align: justify;\">,,Pravo je vreme za odr\u017eavanje ovakve zajedni\u010dke sednice dva socijalno-ekonomska saveta, s obzirom da je ove godine dve decenije od uspostavljanja socijalnog dijaloga, \u010diji zna\u010daj ho\u0107emo da istaknemo. Socijalni dijalog je ne\u0161to od \u010dega nikada nismo odstupali i niti \u0107emo. Posebna tema, polo\u017eaj \u017eenskog preduzetni\u0161tva u uslovima pandemije virusa Covid-19, jeste potaknuta osmim martom &#8211; Danom \u017eena, ali i politikama Republi\u010dke i Pokrajinske vlade. Ravnopravnost bi trebalo da se podrazumeva, ali, na\u017ealost, to jo\u0161 uvek nije slu\u010daj. Zajedno \u0107emo nastojati da radimo na tome da ravnopravnost na tr\u017ei\u0161tu rada, ali i kao op\u0161ti pojam, bude \u0161to pre dostignut\u201c, naglasio je sekretar Ivani\u0161evi\u0107, dodav\u0161i da se na dana\u0161njij zajedni\u010dkoj sednici razgovaralo i o tome kako da se na najbolji na\u010din pru\u017ei institucionalni odgovori u izazovima u kojima se nalazi privreda, a posebno u kojima se nalaze preduzetnici.<\/p>\n<p style=\"text-align: justify;\"><span style=\"font-size: 12.16px;\">On je podsetio da je bud\u017eet Pokrajinskog sekretarijata za privredu, kao i drugih sekretarijata u Pokrajinskoj vladi, pove\u0107ani, te je mogu\u0107e pru\u017eiti adekvatan odgovor i podr\u0161ku u uslovima pandemije.<\/span><\/p>\n<p style=\"text-align: center;\"><img loading=\"lazy\" decoding=\"async\" class=\" size-full wp-image-5521\" src=\"http:\/\/spriv.vojvodina.gov.rs\/wp-content\/uploads\/2021\/03\/11032021-Ivanisevic_EC-35.JPG\" border=\"0\" alt=\"\" width=\"600\" height=\"401\" srcset=\"https:\/\/spriv.vojvodina.gov.rs\/wp-content\/uploads\/2021\/03\/11032021-Ivanisevic_EC-35.JPG 600w, https:\/\/spriv.vojvodina.gov.rs\/wp-content\/uploads\/2021\/03\/11032021-Ivanisevic_EC-35-300x201.jpg 300w\" sizes=\"auto, (max-width: 600px) 100vw, 600px\" \/><\/p>\n<p style=\"text-align: justify;\"><span style=\"font-size: 12.16px;\">Predsedavaju\u0107i Pokrajinskog socijalno-ekonomskog saveta, Vladimir Lalo\u0161evi\u0107, je naglasio da je konvcept zajedni\u010dke sednice svakako usmeren ka umre\u017eavanju i zajedni\u010dkom razmatranju svih klju\u010dnih pitanja od zna\u010daja za socijalnu politiku, unapre\u0111enje socijalnog dijaloga i povezivanje lokala sa pokrajinskim nivoom, odnosno republi\u010dkim, isti\u010du\u0107i da je od izuzetne va\u017enosti intenzivnije raditi na horizontalnom i vertikalnom dijalogu, sa ciljem da se pobolj\u0161aju dru\u0161tvene okolnosti, polo\u017eaj zaposlenih, poslodavaca, a samim tim i \u017eena u tom sistemu, \u0161to je upravo dana\u0161nja tema.<\/span><\/p>\n<p style=\"text-align: center;\"><span style=\"font-size: 12.16px;\"><img loading=\"lazy\" decoding=\"async\" class=\" size-full wp-image-5522\" src=\"http:\/\/spriv.vojvodina.gov.rs\/wp-content\/uploads\/2021\/03\/11032021-Ivanisevic_EC-38.JPG\" border=\"0\" alt=\"\" width=\"600\" height=\"401\" srcset=\"https:\/\/spriv.vojvodina.gov.rs\/wp-content\/uploads\/2021\/03\/11032021-Ivanisevic_EC-38.JPG 600w, https:\/\/spriv.vojvodina.gov.rs\/wp-content\/uploads\/2021\/03\/11032021-Ivanisevic_EC-38-300x201.jpg 300w\" sizes=\"auto, (max-width: 600px) 100vw, 600px\" \/><\/span><\/p>\n<p style=\"text-align: justify;\">Prema podacima o \u017eenskom preduzetni\u0161tvu kojima raspola\u017ee Unija poslodavaca Vojvodine, a koje su izlo\u017eili na zajedni\u010dkoj sednici, tokom poslednje dve decenije slika se postepeno menjala, broj \u017eenskih preduze\u0107a je rastao, a menjala se i struktura samih preduze\u0107a, pa su se u sve ve\u0107oj meri pojavljivala pored tradicionalno ,,\u017eenskih\u201d oblasti i u delatnostima koje su manje radno intenzivne, a najvi\u0161e u sektoru usluga. Iako se u ovom slu\u010daju ne radi o reprezentativnom uzorku, uo\u010dljiv je trend ranijeg ulaska u preduzetni\u0161tvo nego u prethodnom periodu, vi\u0161i stepen obrazovanja, kao i \u0161irenje spektra biznisa koje \u017eene pokre\u0107u i vode, naro\u010dito u oblasti inovativnih usluga.<\/p>\n<p style=\"text-align: justify;\"><span style=\"font-size: 12.16px;\">Pored toga, u pogledu razloga i motiva da se u\u0111e u preduzetni\u0161tvo preovladava \u017eelja za samoostvarenjem i potreba da se stru\u010dno znanje i sposobnosti iskoriste u vlastitom biznisu kao i ekonomsko osna\u017eivanje i uve\u0107anje zarade.<\/span><\/p>\n<p style=\"text-align: center;\"><span style=\"font-size: 12.16px;\"><img loading=\"lazy\" decoding=\"async\" class=\" size-full wp-image-5523\" src=\"http:\/\/spriv.vojvodina.gov.rs\/wp-content\/uploads\/2021\/03\/11032021-Ivanisevic_EC-3.JPG\" border=\"0\" alt=\"\" width=\"600\" height=\"401\" srcset=\"https:\/\/spriv.vojvodina.gov.rs\/wp-content\/uploads\/2021\/03\/11032021-Ivanisevic_EC-3.JPG 600w, https:\/\/spriv.vojvodina.gov.rs\/wp-content\/uploads\/2021\/03\/11032021-Ivanisevic_EC-3-300x201.jpg 300w\" sizes=\"auto, (max-width: 600px) 100vw, 600px\" \/><\/span><\/p>\n<p style=\"text-align: justify;\"><span style=\"font-size: 12.16px;\">Po drugoj ta\u010dki dnevnog reda razmatrana je inicijativa za ratifikaciju Konvencije o ukidanju nasilja i uznemiravanja u svetu rada. Ova konvencija \u0161titi radnike i druga lica na tr\u017ei\u0161tu rada, uklju\u010duju\u0107i zaposlene u skladu sa definicijom u doma\u0107em pravu i praksi, kao i lica koja rade bez obzira na njihov ugovorni status, lica koja se osposobljavaju, me\u0111u kojima su sta\u017eisti i pripravnici, radnike \u010diji je radni odnos prestao, volontere, lica koja tra\u017ee posao i kandidate za radno mesto, kao i ostale pojedince. Ona se primenjuje na sve sektore, bez obzira da li su privatni ili javni i bez obzira da li su deo gradskih ili seoskih podru\u010dja.\u00a0<\/span><\/p>\n<p style=\"text-align: center;\"><span style=\"font-size: 12.16px;\"><img loading=\"lazy\" decoding=\"async\" class=\" size-full wp-image-5524\" src=\"http:\/\/spriv.vojvodina.gov.rs\/wp-content\/uploads\/2021\/03\/11032021-Ivanisevic_EC-4.JPG\" border=\"0\" alt=\"\" width=\"600\" height=\"401\" srcset=\"https:\/\/spriv.vojvodina.gov.rs\/wp-content\/uploads\/2021\/03\/11032021-Ivanisevic_EC-4.JPG 600w, https:\/\/spriv.vojvodina.gov.rs\/wp-content\/uploads\/2021\/03\/11032021-Ivanisevic_EC-4-300x201.jpg 300w\" sizes=\"auto, (max-width: 600px) 100vw, 600px\" \/><\/span><\/p>\n","protected":false},"excerpt":{"rendered":"\nNovi Sad, 11. mart 2021. &#8211; Zajedni\u010dka sednica Socijalno-ekonomskog saveta Republike Srbije i Pokrajinskog socijalno-ekonomskog saveta odr\u017eana je u Edukativnom centru za obuke u profesionalnim i radnim ve\u0161tinama Novi Sad. Dnevni red sednice podrazumevao je dve ta\u010dke oko kojih su se okupili svi socijalni partneri, a to su dru\u0161tveni i radni polo\u017eaj \u017eena, uz dopunu dnevnog reda pod definisanim nazivom ,,Dru\u0161tveni i radni polo\u017eaj \u017eena i rasprava o inicijativi za ratifikaciju Konvencije MOR broj 190 o ukidanju nasilja i uznemiravanja u svetu rada\u201c. Pokrajinski sekretar za privredu i turizam, dr Nenad Ivani\u0161evi\u0107, \u010dlan je PSES-a i u\u010desnik zajedni\u010dke sednice, koji se u svom obra\u0107anju posebno osvrnuo na mere i program podr\u0161ke koje je Sekretarijat koncipirao i namenio prevashodno privrednim subjektima, \u017eenskom i socijalnom preduzetni\u0161tvu, kao primer afirmativne podr\u0161ke preduzetnicama i unapre\u0111enju njihovog polo\u017eaja i statusa na teritoriji AP Vojvodine.\n<a class=\"moretag\" href=\"https:\/\/spriv.vojvodina.gov.rs\/rs\/zajednicka-sednica-socijalno-ekonomskog-saveta-republike-srbije-i-pokrajinskog-socijalno-ekonomskog-saveta-o-ravnopravnosti-polova-i-unapredenju-polozaja-zena-na-trzistu-rada\/\"> [...]<\/a>","protected":false},"author":3,"featured_media":5518,"comment_status":"closed","ping_status":"closed","sticky":false,"template":"","format":"standard","meta":{"footnotes":""},"categories":[31],"tags":[],"class_list":["post-5526","post","type-post","status-publish","format-standard","has-post-thumbnail","hentry","category-vesti-latinica1"],"yoast_head":"<!-- This site is optimized with the Yoast SEO plugin v27.4 - https:\/\/yoast.com\/product\/yoast-seo-wordpress\/ -->\n<title>Zajedni\u010dka sednica Socijalno-ekonomskog saveta Republike Srbije i Pokrajinskog socijalno-ekonomskog saveta: o ravnopravnosti polova i unapre\u0111enju polo\u017eaja \u017eena na tr\u017ei\u0161tu rada - \u041f\u043e\u043a\u0440\u0430\u0458\u0438\u043d\u0441\u043a\u0438 \u0441\u0435\u043a\u0440\u0435\u0442\u0430\u0440\u0438\u0458\u0430\u0442 \u0437\u0430 \u043f\u0440\u0438\u0432\u0440\u0435\u0434\u0443 \u0438 \u0442\u0443\u0440\u0438\u0437\u0430\u043c<\/title>\n<meta name=\"robots\" content=\"index, follow, max-snippet:-1, max-image-preview:large, max-video-preview:-1\" \/>\n<link rel=\"canonical\" href=\"https:\/\/spriv.vojvodina.gov.rs\/rs\/zajednicka-sednica-socijalno-ekonomskog-saveta-republike-srbije-i-pokrajinskog-socijalno-ekonomskog-saveta-o-ravnopravnosti-polova-i-unapredenju-polozaja-zena-na-trzistu-rada\/\" \/>\n<meta property=\"og:locale\" content=\"sr_RS\" \/>\n<meta property=\"og:type\" content=\"article\" \/>\n<meta property=\"og:title\" content=\"Zajedni\u010dka sednica Socijalno-ekonomskog saveta Republike Srbije i Pokrajinskog socijalno-ekonomskog saveta: o ravnopravnosti polova i unapre\u0111enju polo\u017eaja \u017eena na tr\u017ei\u0161tu rada - \u041f\u043e\u043a\u0440\u0430\u0458\u0438\u043d\u0441\u043a\u0438 \u0441\u0435\u043a\u0440\u0435\u0442\u0430\u0440\u0438\u0458\u0430\u0442 \u0437\u0430 \u043f\u0440\u0438\u0432\u0440\u0435\u0434\u0443 \u0438 \u0442\u0443\u0440\u0438\u0437\u0430\u043c\" \/>\n<meta property=\"og:description\" content=\"Novi Sad, 11. mart 2021. - Zajedni\u010dka sednica Socijalno-ekonomskog saveta Republike Srbije i Pokrajinskog socijalno-ekonomskog saveta odr\u017eana je u Edukativnom centru za obuke u profesionalnim i radnim ve\u0161tinama Novi Sad. Dnevni red sednice podrazumevao je dve ta\u010dke oko kojih su se okupili svi socijalni partneri, a to su dru\u0161tveni i radni polo\u017eaj \u017eena, uz dopunu dnevnog reda pod definisanim nazivom ,,Dru\u0161tveni i radni polo\u017eaj \u017eena i rasprava o inicijativi za ratifikaciju Konvencije MOR broj 190 o ukidanju nasilja i uznemiravanja u svetu rada\u201c. Pokrajinski sekretar za privredu i turizam, dr Nenad Ivani\u0161evi\u0107, \u010dlan je PSES-a i u\u010desnik zajedni\u010dke sednice, koji se u svom obra\u0107anju posebno osvrnuo na mere i program podr\u0161ke koje je Sekretarijat koncipirao i namenio prevashodno privrednim subjektima, \u017eenskom i socijalnom preduzetni\u0161tvu, kao primer afirmativne podr\u0161ke preduzetnicama i unapre\u0111enju njihovog polo\u017eaja i statusa na teritoriji AP Vojvodine.\" \/>\n<meta property=\"og:url\" content=\"https:\/\/spriv.vojvodina.gov.rs\/rs\/zajednicka-sednica-socijalno-ekonomskog-saveta-republike-srbije-i-pokrajinskog-socijalno-ekonomskog-saveta-o-ravnopravnosti-polova-i-unapredenju-polozaja-zena-na-trzistu-rada\/\" \/>\n<meta property=\"og:site_name\" content=\"\u041f\u043e\u043a\u0440\u0430\u0458\u0438\u043d\u0441\u043a\u0438 \u0441\u0435\u043a\u0440\u0435\u0442\u0430\u0440\u0438\u0458\u0430\u0442 \u0437\u0430 \u043f\u0440\u0438\u0432\u0440\u0435\u0434\u0443 \u0438 \u0442\u0443\u0440\u0438\u0437\u0430\u043c\" \/>\n<meta property=\"article:published_time\" content=\"2021-03-11T22:55:21+00:00\" \/>\n<meta property=\"og:image\" content=\"https:\/\/spriv.vojvodina.gov.rs\/wp-content\/uploads\/2021\/03\/11032021-Ivanisevic_EC-mala.JPG\" \/>\n\t<meta property=\"og:image:width\" content=\"150\" \/>\n\t<meta property=\"og:image:height\" content=\"100\" \/>\n\t<meta property=\"og:image:type\" content=\"image\/jpeg\" \/>\n<meta name=\"author\" content=\"Sonja Babi\u0107\" \/>\n<meta name=\"twitter:card\" content=\"summary_large_image\" \/>\n<meta name=\"twitter:label1\" content=\"\u041d\u0430\u043f\u0438\u0441\u0430\u043d\u043e \u043e\u0434\" \/>\n\t<meta name=\"twitter:data1\" content=\"Sonja Babi\u0107\" \/>\n\t<meta name=\"twitter:label2\" content=\"\u041f\u0440\u043e\u0446\u0435\u045a\u0435\u043d\u043e \u0432\u0440\u0435\u043c\u0435 \u0447\u0438\u0442\u0430\u045a\u0430\" \/>\n\t<meta name=\"twitter:data2\" content=\"4 \u043c\u0438\u043d\u0443\u0442\u0430\" \/>\n<script type=\"application\/ld+json\" class=\"yoast-schema-graph\">{\"@context\":\"https:\\\/\\\/schema.org\",\"@graph\":[{\"@type\":\"Article\",\"@id\":\"https:\\\/\\\/spriv.vojvodina.gov.rs\\\/rs\\\/zajednicka-sednica-socijalno-ekonomskog-saveta-republike-srbije-i-pokrajinskog-socijalno-ekonomskog-saveta-o-ravnopravnosti-polova-i-unapredenju-polozaja-zena-na-trzistu-rada\\\/#article\",\"isPartOf\":{\"@id\":\"https:\\\/\\\/spriv.vojvodina.gov.rs\\\/rs\\\/zajednicka-sednica-socijalno-ekonomskog-saveta-republike-srbije-i-pokrajinskog-socijalno-ekonomskog-saveta-o-ravnopravnosti-polova-i-unapredenju-polozaja-zena-na-trzistu-rada\\\/\"},\"author\":{\"name\":\"Sonja Babi\u0107\",\"@id\":\"https:\\\/\\\/spriv.vojvodina.gov.rs\\\/#\\\/schema\\\/person\\\/749ef4f57fbb458f1c759e7a4fa78485\"},\"headline\":\"Zajedni\u010dka sednica Socijalno-ekonomskog saveta Republike Srbije i Pokrajinskog socijalno-ekonomskog saveta: o ravnopravnosti polova i unapre\u0111enju polo\u017eaja \u017eena na tr\u017ei\u0161tu rada\",\"datePublished\":\"2021-03-11T22:55:21+00:00\",\"mainEntityOfPage\":{\"@id\":\"https:\\\/\\\/spriv.vojvodina.gov.rs\\\/rs\\\/zajednicka-sednica-socijalno-ekonomskog-saveta-republike-srbije-i-pokrajinskog-socijalno-ekonomskog-saveta-o-ravnopravnosti-polova-i-unapredenju-polozaja-zena-na-trzistu-rada\\\/\"},\"wordCount\":729,\"image\":{\"@id\":\"https:\\\/\\\/spriv.vojvodina.gov.rs\\\/rs\\\/zajednicka-sednica-socijalno-ekonomskog-saveta-republike-srbije-i-pokrajinskog-socijalno-ekonomskog-saveta-o-ravnopravnosti-polova-i-unapredenju-polozaja-zena-na-trzistu-rada\\\/#primaryimage\"},\"thumbnailUrl\":\"https:\\\/\\\/spriv.vojvodina.gov.rs\\\/wp-content\\\/uploads\\\/2021\\\/03\\\/11032021-Ivanisevic_EC-mala.JPG\",\"articleSection\":[\"Vesti Latinica\"],\"inLanguage\":\"sr-RS\"},{\"@type\":\"WebPage\",\"@id\":\"https:\\\/\\\/spriv.vojvodina.gov.rs\\\/rs\\\/zajednicka-sednica-socijalno-ekonomskog-saveta-republike-srbije-i-pokrajinskog-socijalno-ekonomskog-saveta-o-ravnopravnosti-polova-i-unapredenju-polozaja-zena-na-trzistu-rada\\\/\",\"url\":\"https:\\\/\\\/spriv.vojvodina.gov.rs\\\/rs\\\/zajednicka-sednica-socijalno-ekonomskog-saveta-republike-srbije-i-pokrajinskog-socijalno-ekonomskog-saveta-o-ravnopravnosti-polova-i-unapredenju-polozaja-zena-na-trzistu-rada\\\/\",\"name\":\"Zajedni\u010dka sednica Socijalno-ekonomskog saveta Republike Srbije i Pokrajinskog socijalno-ekonomskog saveta: o ravnopravnosti polova i unapre\u0111enju polo\u017eaja \u017eena na tr\u017ei\u0161tu rada - \u041f\u043e\u043a\u0440\u0430\u0458\u0438\u043d\u0441\u043a\u0438 \u0441\u0435\u043a\u0440\u0435\u0442\u0430\u0440\u0438\u0458\u0430\u0442 \u0437\u0430 \u043f\u0440\u0438\u0432\u0440\u0435\u0434\u0443 \u0438 \u0442\u0443\u0440\u0438\u0437\u0430\u043c\",\"isPartOf\":{\"@id\":\"https:\\\/\\\/spriv.vojvodina.gov.rs\\\/#website\"},\"primaryImageOfPage\":{\"@id\":\"https:\\\/\\\/spriv.vojvodina.gov.rs\\\/rs\\\/zajednicka-sednica-socijalno-ekonomskog-saveta-republike-srbije-i-pokrajinskog-socijalno-ekonomskog-saveta-o-ravnopravnosti-polova-i-unapredenju-polozaja-zena-na-trzistu-rada\\\/#primaryimage\"},\"image\":{\"@id\":\"https:\\\/\\\/spriv.vojvodina.gov.rs\\\/rs\\\/zajednicka-sednica-socijalno-ekonomskog-saveta-republike-srbije-i-pokrajinskog-socijalno-ekonomskog-saveta-o-ravnopravnosti-polova-i-unapredenju-polozaja-zena-na-trzistu-rada\\\/#primaryimage\"},\"thumbnailUrl\":\"https:\\\/\\\/spriv.vojvodina.gov.rs\\\/wp-content\\\/uploads\\\/2021\\\/03\\\/11032021-Ivanisevic_EC-mala.JPG\",\"datePublished\":\"2021-03-11T22:55:21+00:00\",\"author\":{\"@id\":\"https:\\\/\\\/spriv.vojvodina.gov.rs\\\/#\\\/schema\\\/person\\\/749ef4f57fbb458f1c759e7a4fa78485\"},\"breadcrumb\":{\"@id\":\"https:\\\/\\\/spriv.vojvodina.gov.rs\\\/rs\\\/zajednicka-sednica-socijalno-ekonomskog-saveta-republike-srbije-i-pokrajinskog-socijalno-ekonomskog-saveta-o-ravnopravnosti-polova-i-unapredenju-polozaja-zena-na-trzistu-rada\\\/#breadcrumb\"},\"inLanguage\":\"sr-RS\",\"potentialAction\":[{\"@type\":\"ReadAction\",\"target\":[\"https:\\\/\\\/spriv.vojvodina.gov.rs\\\/rs\\\/zajednicka-sednica-socijalno-ekonomskog-saveta-republike-srbije-i-pokrajinskog-socijalno-ekonomskog-saveta-o-ravnopravnosti-polova-i-unapredenju-polozaja-zena-na-trzistu-rada\\\/\"]}]},{\"@type\":\"ImageObject\",\"inLanguage\":\"sr-RS\",\"@id\":\"https:\\\/\\\/spriv.vojvodina.gov.rs\\\/rs\\\/zajednicka-sednica-socijalno-ekonomskog-saveta-republike-srbije-i-pokrajinskog-socijalno-ekonomskog-saveta-o-ravnopravnosti-polova-i-unapredenju-polozaja-zena-na-trzistu-rada\\\/#primaryimage\",\"url\":\"https:\\\/\\\/spriv.vojvodina.gov.rs\\\/wp-content\\\/uploads\\\/2021\\\/03\\\/11032021-Ivanisevic_EC-mala.JPG\",\"contentUrl\":\"https:\\\/\\\/spriv.vojvodina.gov.rs\\\/wp-content\\\/uploads\\\/2021\\\/03\\\/11032021-Ivanisevic_EC-mala.JPG\",\"width\":150,\"height\":100},{\"@type\":\"BreadcrumbList\",\"@id\":\"https:\\\/\\\/spriv.vojvodina.gov.rs\\\/rs\\\/zajednicka-sednica-socijalno-ekonomskog-saveta-republike-srbije-i-pokrajinskog-socijalno-ekonomskog-saveta-o-ravnopravnosti-polova-i-unapredenju-polozaja-zena-na-trzistu-rada\\\/#breadcrumb\",\"itemListElement\":[{\"@type\":\"ListItem\",\"position\":1,\"name\":\"Home\",\"item\":\"https:\\\/\\\/spriv.vojvodina.gov.rs\\\/\"},{\"@type\":\"ListItem\",\"position\":2,\"name\":\"Zajedni\u010dka sednica Socijalno-ekonomskog saveta Republike Srbije i Pokrajinskog socijalno-ekonomskog saveta: o ravnopravnosti polova i unapre\u0111enju polo\u017eaja \u017eena na tr\u017ei\u0161tu rada\"}]},{\"@type\":\"WebSite\",\"@id\":\"https:\\\/\\\/spriv.vojvodina.gov.rs\\\/#website\",\"url\":\"https:\\\/\\\/spriv.vojvodina.gov.rs\\\/\",\"name\":\"\u041f\u043e\u043a\u0440\u0430\u0458\u0438\u043d\u0441\u043a\u0438 \u0441\u0435\u043a\u0440\u0435\u0442\u0430\u0440\u0438\u0458\u0430\u0442 \u0437\u0430 \u043f\u0440\u0438\u0432\u0440\u0435\u0434\u0443 \u0438 \u0442\u0443\u0440\u0438\u0437\u0430\u043c\",\"description\":\"\u041f\u043e\u043a\u0440\u0430\u0458\u0438\u043d\u0441\u043a\u0438 \u0441\u0435\u043a\u0440\u0435\u0442\u0430\u0440\u0438\u0458\u0430\u0442 \u0437\u0430 \u043f\u0440\u0438\u0432\u0440\u0435\u0434\u0443 \u0438 \u0442\u0443\u0440\u0438\u0437\u0430\u043c\",\"potentialAction\":[{\"@type\":\"SearchAction\",\"target\":{\"@type\":\"EntryPoint\",\"urlTemplate\":\"https:\\\/\\\/spriv.vojvodina.gov.rs\\\/?s={search_term_string}\"},\"query-input\":{\"@type\":\"PropertyValueSpecification\",\"valueRequired\":true,\"valueName\":\"search_term_string\"}}],\"inLanguage\":\"sr-RS\"},{\"@type\":\"Person\",\"@id\":\"https:\\\/\\\/spriv.vojvodina.gov.rs\\\/#\\\/schema\\\/person\\\/749ef4f57fbb458f1c759e7a4fa78485\",\"name\":\"Sonja Babi\u0107\",\"image\":{\"@type\":\"ImageObject\",\"inLanguage\":\"sr-RS\",\"@id\":\"https:\\\/\\\/secure.gravatar.com\\\/avatar\\\/00a1d182a20a59067af1e7b1c31cbcc3be1a456ee4b27746580e120c2582e5bd?s=96&d=mm&r=g\",\"url\":\"https:\\\/\\\/secure.gravatar.com\\\/avatar\\\/00a1d182a20a59067af1e7b1c31cbcc3be1a456ee4b27746580e120c2582e5bd?s=96&d=mm&r=g\",\"contentUrl\":\"https:\\\/\\\/secure.gravatar.com\\\/avatar\\\/00a1d182a20a59067af1e7b1c31cbcc3be1a456ee4b27746580e120c2582e5bd?s=96&d=mm&r=g\",\"caption\":\"Sonja Babi\u0107\"},\"url\":\"https:\\\/\\\/spriv.vojvodina.gov.rs\\\/rs\\\/author\\\/sonja-babic\\\/\"}]}<\/script>\n<!-- \/ Yoast SEO plugin. -->","yoast_head_json":{"title":"Zajedni\u010dka sednica Socijalno-ekonomskog saveta Republike Srbije i Pokrajinskog socijalno-ekonomskog saveta: o ravnopravnosti polova i unapre\u0111enju polo\u017eaja \u017eena na tr\u017ei\u0161tu rada - \u041f\u043e\u043a\u0440\u0430\u0458\u0438\u043d\u0441\u043a\u0438 \u0441\u0435\u043a\u0440\u0435\u0442\u0430\u0440\u0438\u0458\u0430\u0442 \u0437\u0430 \u043f\u0440\u0438\u0432\u0440\u0435\u0434\u0443 \u0438 \u0442\u0443\u0440\u0438\u0437\u0430\u043c","robots":{"index":"index","follow":"follow","max-snippet":"max-snippet:-1","max-image-preview":"max-image-preview:large","max-video-preview":"max-video-preview:-1"},"canonical":"https:\/\/spriv.vojvodina.gov.rs\/rs\/zajednicka-sednica-socijalno-ekonomskog-saveta-republike-srbije-i-pokrajinskog-socijalno-ekonomskog-saveta-o-ravnopravnosti-polova-i-unapredenju-polozaja-zena-na-trzistu-rada\/","og_locale":"sr_RS","og_type":"article","og_title":"Zajedni\u010dka sednica Socijalno-ekonomskog saveta Republike Srbije i Pokrajinskog socijalno-ekonomskog saveta: o ravnopravnosti polova i unapre\u0111enju polo\u017eaja \u017eena na tr\u017ei\u0161tu rada - \u041f\u043e\u043a\u0440\u0430\u0458\u0438\u043d\u0441\u043a\u0438 \u0441\u0435\u043a\u0440\u0435\u0442\u0430\u0440\u0438\u0458\u0430\u0442 \u0437\u0430 \u043f\u0440\u0438\u0432\u0440\u0435\u0434\u0443 \u0438 \u0442\u0443\u0440\u0438\u0437\u0430\u043c","og_description":"Novi Sad, 11. mart 2021. - Zajedni\u010dka sednica Socijalno-ekonomskog saveta Republike Srbije i Pokrajinskog socijalno-ekonomskog saveta odr\u017eana je u Edukativnom centru za obuke u profesionalnim i radnim ve\u0161tinama Novi Sad. Dnevni red sednice podrazumevao je dve ta\u010dke oko kojih su se okupili svi socijalni partneri, a to su dru\u0161tveni i radni polo\u017eaj \u017eena, uz dopunu dnevnog reda pod definisanim nazivom ,,Dru\u0161tveni i radni polo\u017eaj \u017eena i rasprava o inicijativi za ratifikaciju Konvencije MOR broj 190 o ukidanju nasilja i uznemiravanja u svetu rada\u201c. Pokrajinski sekretar za privredu i turizam, dr Nenad Ivani\u0161evi\u0107, \u010dlan je PSES-a i u\u010desnik zajedni\u010dke sednice, koji se u svom obra\u0107anju posebno osvrnuo na mere i program podr\u0161ke koje je Sekretarijat koncipirao i namenio prevashodno privrednim subjektima, \u017eenskom i socijalnom preduzetni\u0161tvu, kao primer afirmativne podr\u0161ke preduzetnicama i unapre\u0111enju njihovog polo\u017eaja i statusa na teritoriji AP Vojvodine.","og_url":"https:\/\/spriv.vojvodina.gov.rs\/rs\/zajednicka-sednica-socijalno-ekonomskog-saveta-republike-srbije-i-pokrajinskog-socijalno-ekonomskog-saveta-o-ravnopravnosti-polova-i-unapredenju-polozaja-zena-na-trzistu-rada\/","og_site_name":"\u041f\u043e\u043a\u0440\u0430\u0458\u0438\u043d\u0441\u043a\u0438 \u0441\u0435\u043a\u0440\u0435\u0442\u0430\u0440\u0438\u0458\u0430\u0442 \u0437\u0430 \u043f\u0440\u0438\u0432\u0440\u0435\u0434\u0443 \u0438 \u0442\u0443\u0440\u0438\u0437\u0430\u043c","article_published_time":"2021-03-11T22:55:21+00:00","og_image":[{"width":150,"height":100,"url":"https:\/\/spriv.vojvodina.gov.rs\/wp-content\/uploads\/2021\/03\/11032021-Ivanisevic_EC-mala.JPG","type":"image\/jpeg"}],"author":"Sonja Babi\u0107","twitter_card":"summary_large_image","twitter_misc":{"\u041d\u0430\u043f\u0438\u0441\u0430\u043d\u043e \u043e\u0434":"Sonja Babi\u0107","\u041f\u0440\u043e\u0446\u0435\u045a\u0435\u043d\u043e \u0432\u0440\u0435\u043c\u0435 \u0447\u0438\u0442\u0430\u045a\u0430":"4 \u043c\u0438\u043d\u0443\u0442\u0430"},"schema":{"@context":"https:\/\/schema.org","@graph":[{"@type":"Article","@id":"https:\/\/spriv.vojvodina.gov.rs\/rs\/zajednicka-sednica-socijalno-ekonomskog-saveta-republike-srbije-i-pokrajinskog-socijalno-ekonomskog-saveta-o-ravnopravnosti-polova-i-unapredenju-polozaja-zena-na-trzistu-rada\/#article","isPartOf":{"@id":"https:\/\/spriv.vojvodina.gov.rs\/rs\/zajednicka-sednica-socijalno-ekonomskog-saveta-republike-srbije-i-pokrajinskog-socijalno-ekonomskog-saveta-o-ravnopravnosti-polova-i-unapredenju-polozaja-zena-na-trzistu-rada\/"},"author":{"name":"Sonja Babi\u0107","@id":"https:\/\/spriv.vojvodina.gov.rs\/#\/schema\/person\/749ef4f57fbb458f1c759e7a4fa78485"},"headline":"Zajedni\u010dka sednica Socijalno-ekonomskog saveta Republike Srbije i Pokrajinskog socijalno-ekonomskog saveta: o ravnopravnosti polova i unapre\u0111enju polo\u017eaja \u017eena na tr\u017ei\u0161tu rada","datePublished":"2021-03-11T22:55:21+00:00","mainEntityOfPage":{"@id":"https:\/\/spriv.vojvodina.gov.rs\/rs\/zajednicka-sednica-socijalno-ekonomskog-saveta-republike-srbije-i-pokrajinskog-socijalno-ekonomskog-saveta-o-ravnopravnosti-polova-i-unapredenju-polozaja-zena-na-trzistu-rada\/"},"wordCount":729,"image":{"@id":"https:\/\/spriv.vojvodina.gov.rs\/rs\/zajednicka-sednica-socijalno-ekonomskog-saveta-republike-srbije-i-pokrajinskog-socijalno-ekonomskog-saveta-o-ravnopravnosti-polova-i-unapredenju-polozaja-zena-na-trzistu-rada\/#primaryimage"},"thumbnailUrl":"https:\/\/spriv.vojvodina.gov.rs\/wp-content\/uploads\/2021\/03\/11032021-Ivanisevic_EC-mala.JPG","articleSection":["Vesti Latinica"],"inLanguage":"sr-RS"},{"@type":"WebPage","@id":"https:\/\/spriv.vojvodina.gov.rs\/rs\/zajednicka-sednica-socijalno-ekonomskog-saveta-republike-srbije-i-pokrajinskog-socijalno-ekonomskog-saveta-o-ravnopravnosti-polova-i-unapredenju-polozaja-zena-na-trzistu-rada\/","url":"https:\/\/spriv.vojvodina.gov.rs\/rs\/zajednicka-sednica-socijalno-ekonomskog-saveta-republike-srbije-i-pokrajinskog-socijalno-ekonomskog-saveta-o-ravnopravnosti-polova-i-unapredenju-polozaja-zena-na-trzistu-rada\/","name":"Zajedni\u010dka sednica Socijalno-ekonomskog saveta Republike Srbije i Pokrajinskog socijalno-ekonomskog saveta: o ravnopravnosti polova i unapre\u0111enju polo\u017eaja \u017eena na tr\u017ei\u0161tu rada - \u041f\u043e\u043a\u0440\u0430\u0458\u0438\u043d\u0441\u043a\u0438 \u0441\u0435\u043a\u0440\u0435\u0442\u0430\u0440\u0438\u0458\u0430\u0442 \u0437\u0430 \u043f\u0440\u0438\u0432\u0440\u0435\u0434\u0443 \u0438 \u0442\u0443\u0440\u0438\u0437\u0430\u043c","isPartOf":{"@id":"https:\/\/spriv.vojvodina.gov.rs\/#website"},"primaryImageOfPage":{"@id":"https:\/\/spriv.vojvodina.gov.rs\/rs\/zajednicka-sednica-socijalno-ekonomskog-saveta-republike-srbije-i-pokrajinskog-socijalno-ekonomskog-saveta-o-ravnopravnosti-polova-i-unapredenju-polozaja-zena-na-trzistu-rada\/#primaryimage"},"image":{"@id":"https:\/\/spriv.vojvodina.gov.rs\/rs\/zajednicka-sednica-socijalno-ekonomskog-saveta-republike-srbije-i-pokrajinskog-socijalno-ekonomskog-saveta-o-ravnopravnosti-polova-i-unapredenju-polozaja-zena-na-trzistu-rada\/#primaryimage"},"thumbnailUrl":"https:\/\/spriv.vojvodina.gov.rs\/wp-content\/uploads\/2021\/03\/11032021-Ivanisevic_EC-mala.JPG","datePublished":"2021-03-11T22:55:21+00:00","author":{"@id":"https:\/\/spriv.vojvodina.gov.rs\/#\/schema\/person\/749ef4f57fbb458f1c759e7a4fa78485"},"breadcrumb":{"@id":"https:\/\/spriv.vojvodina.gov.rs\/rs\/zajednicka-sednica-socijalno-ekonomskog-saveta-republike-srbije-i-pokrajinskog-socijalno-ekonomskog-saveta-o-ravnopravnosti-polova-i-unapredenju-polozaja-zena-na-trzistu-rada\/#breadcrumb"},"inLanguage":"sr-RS","potentialAction":[{"@type":"ReadAction","target":["https:\/\/spriv.vojvodina.gov.rs\/rs\/zajednicka-sednica-socijalno-ekonomskog-saveta-republike-srbije-i-pokrajinskog-socijalno-ekonomskog-saveta-o-ravnopravnosti-polova-i-unapredenju-polozaja-zena-na-trzistu-rada\/"]}]},{"@type":"ImageObject","inLanguage":"sr-RS","@id":"https:\/\/spriv.vojvodina.gov.rs\/rs\/zajednicka-sednica-socijalno-ekonomskog-saveta-republike-srbije-i-pokrajinskog-socijalno-ekonomskog-saveta-o-ravnopravnosti-polova-i-unapredenju-polozaja-zena-na-trzistu-rada\/#primaryimage","url":"https:\/\/spriv.vojvodina.gov.rs\/wp-content\/uploads\/2021\/03\/11032021-Ivanisevic_EC-mala.JPG","contentUrl":"https:\/\/spriv.vojvodina.gov.rs\/wp-content\/uploads\/2021\/03\/11032021-Ivanisevic_EC-mala.JPG","width":150,"height":100},{"@type":"BreadcrumbList","@id":"https:\/\/spriv.vojvodina.gov.rs\/rs\/zajednicka-sednica-socijalno-ekonomskog-saveta-republike-srbije-i-pokrajinskog-socijalno-ekonomskog-saveta-o-ravnopravnosti-polova-i-unapredenju-polozaja-zena-na-trzistu-rada\/#breadcrumb","itemListElement":[{"@type":"ListItem","position":1,"name":"Home","item":"https:\/\/spriv.vojvodina.gov.rs\/"},{"@type":"ListItem","position":2,"name":"Zajedni\u010dka sednica Socijalno-ekonomskog saveta Republike Srbije i Pokrajinskog socijalno-ekonomskog saveta: o ravnopravnosti polova i unapre\u0111enju polo\u017eaja \u017eena na tr\u017ei\u0161tu rada"}]},{"@type":"WebSite","@id":"https:\/\/spriv.vojvodina.gov.rs\/#website","url":"https:\/\/spriv.vojvodina.gov.rs\/","name":"\u041f\u043e\u043a\u0440\u0430\u0458\u0438\u043d\u0441\u043a\u0438 \u0441\u0435\u043a\u0440\u0435\u0442\u0430\u0440\u0438\u0458\u0430\u0442 \u0437\u0430 \u043f\u0440\u0438\u0432\u0440\u0435\u0434\u0443 \u0438 \u0442\u0443\u0440\u0438\u0437\u0430\u043c","description":"\u041f\u043e\u043a\u0440\u0430\u0458\u0438\u043d\u0441\u043a\u0438 \u0441\u0435\u043a\u0440\u0435\u0442\u0430\u0440\u0438\u0458\u0430\u0442 \u0437\u0430 \u043f\u0440\u0438\u0432\u0440\u0435\u0434\u0443 \u0438 \u0442\u0443\u0440\u0438\u0437\u0430\u043c","potentialAction":[{"@type":"SearchAction","target":{"@type":"EntryPoint","urlTemplate":"https:\/\/spriv.vojvodina.gov.rs\/?s={search_term_string}"},"query-input":{"@type":"PropertyValueSpecification","valueRequired":true,"valueName":"search_term_string"}}],"inLanguage":"sr-RS"},{"@type":"Person","@id":"https:\/\/spriv.vojvodina.gov.rs\/#\/schema\/person\/749ef4f57fbb458f1c759e7a4fa78485","name":"Sonja Babi\u0107","image":{"@type":"ImageObject","inLanguage":"sr-RS","@id":"https:\/\/secure.gravatar.com\/avatar\/00a1d182a20a59067af1e7b1c31cbcc3be1a456ee4b27746580e120c2582e5bd?s=96&d=mm&r=g","url":"https:\/\/secure.gravatar.com\/avatar\/00a1d182a20a59067af1e7b1c31cbcc3be1a456ee4b27746580e120c2582e5bd?s=96&d=mm&r=g","contentUrl":"https:\/\/secure.gravatar.com\/avatar\/00a1d182a20a59067af1e7b1c31cbcc3be1a456ee4b27746580e120c2582e5bd?s=96&d=mm&r=g","caption":"Sonja Babi\u0107"},"url":"https:\/\/spriv.vojvodina.gov.rs\/rs\/author\/sonja-babic\/"}]}},"_links":{"self":[{"href":"https:\/\/spriv.vojvodina.gov.rs\/rs\/wp-json\/wp\/v2\/posts\/5526","targetHints":{"allow":["GET"]}}],"collection":[{"href":"https:\/\/spriv.vojvodina.gov.rs\/rs\/wp-json\/wp\/v2\/posts"}],"about":[{"href":"https:\/\/spriv.vojvodina.gov.rs\/rs\/wp-json\/wp\/v2\/types\/post"}],"author":[{"embeddable":true,"href":"https:\/\/spriv.vojvodina.gov.rs\/rs\/wp-json\/wp\/v2\/users\/3"}],"replies":[{"embeddable":true,"href":"https:\/\/spriv.vojvodina.gov.rs\/rs\/wp-json\/wp\/v2\/comments?post=5526"}],"version-history":[{"count":0,"href":"https:\/\/spriv.vojvodina.gov.rs\/rs\/wp-json\/wp\/v2\/posts\/5526\/revisions"}],"wp:featuredmedia":[{"embeddable":true,"href":"https:\/\/spriv.vojvodina.gov.rs\/rs\/wp-json\/wp\/v2\/media\/5518"}],"wp:attachment":[{"href":"https:\/\/spriv.vojvodina.gov.rs\/rs\/wp-json\/wp\/v2\/media?parent=5526"}],"wp:term":[{"taxonomy":"category","embeddable":true,"href":"https:\/\/spriv.vojvodina.gov.rs\/rs\/wp-json\/wp\/v2\/categories?post=5526"},{"taxonomy":"post_tag","embeddable":true,"href":"https:\/\/spriv.vojvodina.gov.rs\/rs\/wp-json\/wp\/v2\/tags?post=5526"}],"curies":[{"name":"wp","href":"https:\/\/api.w.org\/{rel}","templated":true}]}}