{"id":5393,"date":"2021-02-03T20:10:27","date_gmt":"2021-02-03T20:10:27","guid":{"rendered":"http:\/\/spriv.vojvodina.gov.rs\/2021\/02\/03\/vojvodina-u-2021-sekretar-ivanisevic-o-predstojecim-merama-sekretarijata-u-tekucoj-godini-i-pomoci-privredi-i-turizmu\/"},"modified":"2021-02-03T20:10:27","modified_gmt":"2021-02-03T20:10:27","slug":"vojvodina-u-2021-sekretar-ivanisevic-o-predstojecim-merama-sekretarijata-u-tekucoj-godini-i-pomoci-privredi-i-turizmu","status":"publish","type":"post","link":"https:\/\/spriv.vojvodina.gov.rs\/rs\/vojvodina-u-2021-sekretar-ivanisevic-o-predstojecim-merama-sekretarijata-u-tekucoj-godini-i-pomoci-privredi-i-turizmu\/","title":{"rendered":"Vojvodina u 2021.: Sekretar Ivani\u0161evi\u0107 o predstoje\u0107im merama Sekretarijata u teku\u0107oj godini i pomo\u0107i privredi i turizmu"},"content":{"rendered":"<p style=\"text-align: center;\">\u00a0<img loading=\"lazy\" decoding=\"async\" class=\" size-full wp-image-5387\" src=\"http:\/\/spriv.vojvodina.gov.rs\/wp-content\/uploads\/2021\/02\/03-02-2021-Vojvodina-u-2021-1.JPG\" border=\"0\" alt=\"\" width=\"600\" height=\"400\" srcset=\"https:\/\/spriv.vojvodina.gov.rs\/wp-content\/uploads\/2021\/02\/03-02-2021-Vojvodina-u-2021-1.JPG 600w, https:\/\/spriv.vojvodina.gov.rs\/wp-content\/uploads\/2021\/02\/03-02-2021-Vojvodina-u-2021-1-300x200.jpg 300w\" sizes=\"auto, (max-width: 600px) 100vw, 600px\" \/><\/p>\n<p style=\"text-align: justify;\">Novi Sad, 3. februar 2021. \u2013 Kompanija ,,Color Media Communications\u201d\u00a0 i \u010dasopis ,,The Economist\u201c i u novoj godini, a nakon uspe\u0161no odr\u017eane konferencije pod nazivom ,,Svet u 2021.\u201c,\u00a0 sada ve\u0107 tradicionalno organizuju i konferenciju poznatu pod nazivom ,,Vojvodina u 2021.\u201d koja je odr\u017eana u Skup\u0161tini AP Vojvodine.<\/p>\n<p>Zbog aktuelne epidemiolo\u0161ke situacije u na\u0161oj zemlji, doga\u0111aj je pra\u0107en online, putem lajv strima na Jutjub kanalu Color Media Communications. Ova konferencija je postala prepoznatljiva kao doga\u0111aj koji otvara pitanja od zna\u010daja za razvoj Vojvodine u godini koja je pred nama. U\u010desnici kroz pet panela razgovaraju o privredi, zdravstvu, turizmu, kulturi i mnogim drugim temama u uslovima tzv. ,,nove normalnosti\u201d, a kao i prethodnih godina, organizatori okupljaju \u010delne ljude Pokrajinske vlade i Skup\u0161tine AP Vojvodine, diplomate, ekonomske stru\u010dnjake i vode\u0107e privrednike iz AP Vojvodine.<\/p>\n<p style=\"text-align: center;\"><img loading=\"lazy\" decoding=\"async\" class=\" size-full wp-image-5388\" src=\"http:\/\/spriv.vojvodina.gov.rs\/wp-content\/uploads\/2021\/02\/03-02-2021-Vojvodina-u-2021-2.JPG\" border=\"0\" alt=\"\" width=\"600\" height=\"400\" srcset=\"https:\/\/spriv.vojvodina.gov.rs\/wp-content\/uploads\/2021\/02\/03-02-2021-Vojvodina-u-2021-2.JPG 600w, https:\/\/spriv.vojvodina.gov.rs\/wp-content\/uploads\/2021\/02\/03-02-2021-Vojvodina-u-2021-2-300x200.jpg 300w\" sizes=\"auto, (max-width: 600px) 100vw, 600px\" \/><\/p>\n<p style=\"text-align: justify;\">U razgovoru sa moderatorom, a u okviru drugog panela, pokrajinski sekretar za privredu i turizam, dr Nenad Ivani\u0161evi\u0107, istakao je pojedinosti u vezi sa predstoje\u0107im podsticajnim merama Sekretarijata, a kroz prizmu aktuelne situacije i resora koje obuhvata Sekretarijat na \u010dijem je \u010delu \u2013 privrede, preduzetni\u0161tva, zapo\u0161ljavanja, industrije i elektronskih komunikacija.<\/p>\n<p>Sekretar Ivani\u0161evi\u0107 je istakao da je pro\u0161logodi\u0161nji bud\u017eet Sekretarijata uspe\u0161no namenski utro\u0161en, ali i napomenuo da su, usled aktuelne situacije nastale zbog pandemije, te dodatnih mera usmerenih ka odr\u017eanju i pomo\u0107i privredi i preduzetni\u0161tvu, izostali konkursi namenjeni turizmu i zapo\u0161ljavanju, te da je namera da se oni raspi\u0161u u teku\u0107oj godini u onoj formi koja \u0107e na najbolji na\u010din odgovoriti na potrebe svih resora u nadle\u017enosti Sekretarijata za privredu i turizam.<\/p>\n<p style=\"text-align: center;\"><img loading=\"lazy\" decoding=\"async\" class=\" size-full wp-image-5389\" src=\"http:\/\/spriv.vojvodina.gov.rs\/wp-content\/uploads\/2021\/02\/03-02-2021-Vojvodina-u-2021-3.JPG\" border=\"0\" alt=\"\" width=\"600\" height=\"400\" srcset=\"https:\/\/spriv.vojvodina.gov.rs\/wp-content\/uploads\/2021\/02\/03-02-2021-Vojvodina-u-2021-3.JPG 600w, https:\/\/spriv.vojvodina.gov.rs\/wp-content\/uploads\/2021\/02\/03-02-2021-Vojvodina-u-2021-3-300x200.jpg 300w\" sizes=\"auto, (max-width: 600px) 100vw, 600px\" \/><\/p>\n<p style=\"text-align: justify;\">,,Bud\u017eet Sekretarijata je uve\u0107an za 66 odsto u odnosu na prethodni period, \u0161to \u0107e u mnogome uticati i na kreiranje mera i namensku distribuciju sredstava u oblasti privrede, turizma, ali i telekomunikacija koje su tako\u0111e u nadle\u017enosti Sekretarijata. Na\u0161 target je da mali turisti\u010dki potencijali dobiju sredstva, infrastrukturu, ali i da dobiju mogu\u0107nost da apliciraju i dobiju sredstva Sekretarijata. Cilj nam je i da ula\u017eemo u kapitalne projekte, kako bi se unapredili i turisti\u010dki potencijali AP Vojvodine&#8220;, rekao je Ivani\u0161evi\u0107.<\/p>\n<p style=\"text-align: center;\"><img loading=\"lazy\" decoding=\"async\" class=\" size-full wp-image-5390\" src=\"http:\/\/spriv.vojvodina.gov.rs\/wp-content\/uploads\/2021\/02\/03-02-2021-Vojvodina-u-2021-4.JPG\" border=\"0\" alt=\"\" width=\"600\" height=\"400\" srcset=\"https:\/\/spriv.vojvodina.gov.rs\/wp-content\/uploads\/2021\/02\/03-02-2021-Vojvodina-u-2021-4.JPG 600w, https:\/\/spriv.vojvodina.gov.rs\/wp-content\/uploads\/2021\/02\/03-02-2021-Vojvodina-u-2021-4-300x200.jpg 300w\" sizes=\"auto, (max-width: 600px) 100vw, 600px\" \/><\/p>\n<p style=\"text-align: justify;\">On je dodao da je obilaze\u0107i jedinice lokalne samouprave, evidentan zastoj u mnogim poljima, posebno kod malih proizvo\u0111a\u010da, ali je tako\u0111e i evidentno da se polako uspostavlja sistem i sve povoljnija klima u kojoj \u0107e mo\u0107i da nastave svoj rad i uspostave poslovne procese. S tim u vezi, o\u010dekuje se raspisivanje konkursa Sekretarijata po\u010detkom marta meseca, koji \u0107e pru\u017eiti dodatni ,,vetar u le\u0111a&#8220; privrednicima u Vojvodini.<\/p>\n<p>U drugom panelu pod nazivom ,,Godina i dan posle&#8220;, o temama poput odgovora svih nivoa vlasti i ostalih donosioca odluka u aktuelnoj situaciji, sa kojim rezultatima je zavr\u0161ena 2020. godina, kao i \u0161ta se o\u010dekuje od 2021. godine, govorili su i predsednik Privredne komore Vojvodine, Bo\u0161ko Vu\u010durevi\u0107, predsednik Izvr\u0161nog odbora DDOR osiguranja, \u0110or\u0111o Marke\u0111ani, direktor Razvojne agencije Vojvodine, Nikola \u017de\u017eelj, i partner i izvr\u0161ni direktor kompanije Vega IT Sourcing, Sa\u0161a Popovi\u0107.<\/p>\n<p style=\"text-align: center;\"><img loading=\"lazy\" decoding=\"async\" class=\" size-full wp-image-5391\" src=\"http:\/\/spriv.vojvodina.gov.rs\/wp-content\/uploads\/2021\/02\/03-02-2021-Vojvodina-u-2021-5.JPG\" border=\"0\" alt=\"\" width=\"600\" height=\"400\" srcset=\"https:\/\/spriv.vojvodina.gov.rs\/wp-content\/uploads\/2021\/02\/03-02-2021-Vojvodina-u-2021-5.JPG 600w, https:\/\/spriv.vojvodina.gov.rs\/wp-content\/uploads\/2021\/02\/03-02-2021-Vojvodina-u-2021-5-300x200.jpg 300w\" sizes=\"auto, (max-width: 600px) 100vw, 600px\" \/><\/p>\n","protected":false},"excerpt":{"rendered":"Novi Sad, 3. februar 2021. \u2013 Kompanija ,,Color Media Communications\u201d\u00a0 i \u010dasopis ,,The Economist\u201c i u novoj godini, a nakon uspe\u0161no odr\u017eane konferencije pod nazivom ,,Svet u 2021.\u201c,\u00a0 sada ve\u0107 tradicionalno organizuju i konferenciju poznatu pod nazivom ,,Vojvodina u 2021.\u201d koja je odr\u017eana u Skup\u0161tini AP Vojvodine. U razgovoru sa moderatorom, a u okviru drugog panela, pokrajinski sekretar za privredu i turizam, dr Nenad Ivani\u0161evi\u0107, istakao je pojedinosti u vezi sa predstoje\u0107im podsticajnim merama Sekretarijata, a kroz prizmu aktuelne situacije i resora koje obuhvata Sekretarijat na \u010dijem je \u010delu \u2013 privrede, preduzetni\u0161tva, zapo\u0161ljavanja, industrije i elektronskih komunikacija.\n<a class=\"moretag\" href=\"https:\/\/spriv.vojvodina.gov.rs\/rs\/vojvodina-u-2021-sekretar-ivanisevic-o-predstojecim-merama-sekretarijata-u-tekucoj-godini-i-pomoci-privredi-i-turizmu\/\"> [...]<\/a>","protected":false},"author":3,"featured_media":5386,"comment_status":"closed","ping_status":"closed","sticky":false,"template":"","format":"standard","meta":{"footnotes":""},"categories":[31],"tags":[],"class_list":["post-5393","post","type-post","status-publish","format-standard","has-post-thumbnail","hentry","category-vesti-latinica1"],"yoast_head":"<!-- This site is optimized with the Yoast SEO plugin v27.4 - https:\/\/yoast.com\/product\/yoast-seo-wordpress\/ -->\n<title>Vojvodina u 2021.: Sekretar Ivani\u0161evi\u0107 o predstoje\u0107im merama Sekretarijata u teku\u0107oj godini i pomo\u0107i privredi i turizmu - \u041f\u043e\u043a\u0440\u0430\u0458\u0438\u043d\u0441\u043a\u0438 \u0441\u0435\u043a\u0440\u0435\u0442\u0430\u0440\u0438\u0458\u0430\u0442 \u0437\u0430 \u043f\u0440\u0438\u0432\u0440\u0435\u0434\u0443 \u0438 \u0442\u0443\u0440\u0438\u0437\u0430\u043c<\/title>\n<meta name=\"robots\" content=\"index, follow, max-snippet:-1, max-image-preview:large, max-video-preview:-1\" \/>\n<link rel=\"canonical\" href=\"https:\/\/spriv.vojvodina.gov.rs\/rs\/vojvodina-u-2021-sekretar-ivanisevic-o-predstojecim-merama-sekretarijata-u-tekucoj-godini-i-pomoci-privredi-i-turizmu\/\" \/>\n<meta property=\"og:locale\" content=\"sr_RS\" \/>\n<meta property=\"og:type\" content=\"article\" \/>\n<meta property=\"og:title\" content=\"Vojvodina u 2021.: Sekretar Ivani\u0161evi\u0107 o predstoje\u0107im merama Sekretarijata u teku\u0107oj godini i pomo\u0107i privredi i turizmu - \u041f\u043e\u043a\u0440\u0430\u0458\u0438\u043d\u0441\u043a\u0438 \u0441\u0435\u043a\u0440\u0435\u0442\u0430\u0440\u0438\u0458\u0430\u0442 \u0437\u0430 \u043f\u0440\u0438\u0432\u0440\u0435\u0434\u0443 \u0438 \u0442\u0443\u0440\u0438\u0437\u0430\u043c\" \/>\n<meta property=\"og:description\" content=\"Novi Sad, 3. februar 2021. \u2013 Kompanija ,,Color Media Communications\u201d\u00a0 i \u010dasopis ,,The Economist\u201c i u novoj godini, a nakon uspe\u0161no odr\u017eane konferencije pod nazivom ,,Svet u 2021.\u201c,\u00a0 sada ve\u0107 tradicionalno organizuju i konferenciju poznatu pod nazivom ,,Vojvodina u 2021.\u201d koja je odr\u017eana u Skup\u0161tini AP Vojvodine. U razgovoru sa moderatorom, a u okviru drugog panela, pokrajinski sekretar za privredu i turizam, dr Nenad Ivani\u0161evi\u0107, istakao je pojedinosti u vezi sa predstoje\u0107im podsticajnim merama Sekretarijata, a kroz prizmu aktuelne situacije i resora koje obuhvata Sekretarijat na \u010dijem je \u010delu \u2013 privrede, preduzetni\u0161tva, zapo\u0161ljavanja, industrije i elektronskih komunikacija.\" \/>\n<meta property=\"og:url\" content=\"https:\/\/spriv.vojvodina.gov.rs\/vojvodina-u-2021-sekretar-ivanisevic-o-predstojecim-merama-sekretarijata-u-tekucoj-godini-i-pomoci-privredi-i-turizmu\/\" \/>\n<meta property=\"og:site_name\" content=\"\u041f\u043e\u043a\u0440\u0430\u0458\u0438\u043d\u0441\u043a\u0438 \u0441\u0435\u043a\u0440\u0435\u0442\u0430\u0440\u0438\u0458\u0430\u0442 \u0437\u0430 \u043f\u0440\u0438\u0432\u0440\u0435\u0434\u0443 \u0438 \u0442\u0443\u0440\u0438\u0437\u0430\u043c\" \/>\n<meta property=\"article:published_time\" content=\"2021-02-03T20:10:27+00:00\" \/>\n<meta property=\"og:image\" content=\"https:\/\/spriv.vojvodina.gov.rs\/wp-content\/uploads\/2021\/02\/03-02-2021-Vojvodina-u-2021-mala.JPG\" \/>\n\t<meta property=\"og:image:width\" content=\"150\" \/>\n\t<meta property=\"og:image:height\" content=\"100\" \/>\n\t<meta property=\"og:image:type\" content=\"image\/jpeg\" \/>\n<meta name=\"author\" content=\"Sonja Babi\u0107\" \/>\n<meta name=\"twitter:card\" content=\"summary_large_image\" \/>\n<meta name=\"twitter:label1\" content=\"\u041d\u0430\u043f\u0438\u0441\u0430\u043d\u043e \u043e\u0434\" \/>\n\t<meta name=\"twitter:data1\" content=\"Sonja Babi\u0107\" \/>\n\t<meta name=\"twitter:label2\" content=\"\u041f\u0440\u043e\u0446\u0435\u045a\u0435\u043d\u043e \u0432\u0440\u0435\u043c\u0435 \u0447\u0438\u0442\u0430\u045a\u0430\" \/>\n\t<meta name=\"twitter:data2\" content=\"3 \u043c\u0438\u043d\u0443\u0442\u0430\" \/>\n<script type=\"application\/ld+json\" class=\"yoast-schema-graph\">{\"@context\":\"https:\\\/\\\/schema.org\",\"@graph\":[{\"@type\":\"Article\",\"@id\":\"https:\\\/\\\/spriv.vojvodina.gov.rs\\\/vojvodina-u-2021-sekretar-ivanisevic-o-predstojecim-merama-sekretarijata-u-tekucoj-godini-i-pomoci-privredi-i-turizmu\\\/#article\",\"isPartOf\":{\"@id\":\"https:\\\/\\\/spriv.vojvodina.gov.rs\\\/vojvodina-u-2021-sekretar-ivanisevic-o-predstojecim-merama-sekretarijata-u-tekucoj-godini-i-pomoci-privredi-i-turizmu\\\/\"},\"author\":{\"name\":\"Sonja Babi\u0107\",\"@id\":\"https:\\\/\\\/spriv.vojvodina.gov.rs\\\/#\\\/schema\\\/person\\\/749ef4f57fbb458f1c759e7a4fa78485\"},\"headline\":\"Vojvodina u 2021.: Sekretar Ivani\u0161evi\u0107 o predstoje\u0107im merama Sekretarijata u teku\u0107oj godini i pomo\u0107i privredi i turizmu\",\"datePublished\":\"2021-02-03T20:10:27+00:00\",\"mainEntityOfPage\":{\"@id\":\"https:\\\/\\\/spriv.vojvodina.gov.rs\\\/vojvodina-u-2021-sekretar-ivanisevic-o-predstojecim-merama-sekretarijata-u-tekucoj-godini-i-pomoci-privredi-i-turizmu\\\/\"},\"wordCount\":540,\"image\":{\"@id\":\"https:\\\/\\\/spriv.vojvodina.gov.rs\\\/vojvodina-u-2021-sekretar-ivanisevic-o-predstojecim-merama-sekretarijata-u-tekucoj-godini-i-pomoci-privredi-i-turizmu\\\/#primaryimage\"},\"thumbnailUrl\":\"https:\\\/\\\/spriv.vojvodina.gov.rs\\\/wp-content\\\/uploads\\\/2021\\\/02\\\/03-02-2021-Vojvodina-u-2021-mala.JPG\",\"articleSection\":[\"Vesti Latinica\"],\"inLanguage\":\"sr-RS\"},{\"@type\":\"WebPage\",\"@id\":\"https:\\\/\\\/spriv.vojvodina.gov.rs\\\/vojvodina-u-2021-sekretar-ivanisevic-o-predstojecim-merama-sekretarijata-u-tekucoj-godini-i-pomoci-privredi-i-turizmu\\\/\",\"url\":\"https:\\\/\\\/spriv.vojvodina.gov.rs\\\/vojvodina-u-2021-sekretar-ivanisevic-o-predstojecim-merama-sekretarijata-u-tekucoj-godini-i-pomoci-privredi-i-turizmu\\\/\",\"name\":\"Vojvodina u 2021.: Sekretar Ivani\u0161evi\u0107 o predstoje\u0107im merama Sekretarijata u teku\u0107oj godini i pomo\u0107i privredi i turizmu - \u041f\u043e\u043a\u0440\u0430\u0458\u0438\u043d\u0441\u043a\u0438 \u0441\u0435\u043a\u0440\u0435\u0442\u0430\u0440\u0438\u0458\u0430\u0442 \u0437\u0430 \u043f\u0440\u0438\u0432\u0440\u0435\u0434\u0443 \u0438 \u0442\u0443\u0440\u0438\u0437\u0430\u043c\",\"isPartOf\":{\"@id\":\"https:\\\/\\\/spriv.vojvodina.gov.rs\\\/#website\"},\"primaryImageOfPage\":{\"@id\":\"https:\\\/\\\/spriv.vojvodina.gov.rs\\\/vojvodina-u-2021-sekretar-ivanisevic-o-predstojecim-merama-sekretarijata-u-tekucoj-godini-i-pomoci-privredi-i-turizmu\\\/#primaryimage\"},\"image\":{\"@id\":\"https:\\\/\\\/spriv.vojvodina.gov.rs\\\/vojvodina-u-2021-sekretar-ivanisevic-o-predstojecim-merama-sekretarijata-u-tekucoj-godini-i-pomoci-privredi-i-turizmu\\\/#primaryimage\"},\"thumbnailUrl\":\"https:\\\/\\\/spriv.vojvodina.gov.rs\\\/wp-content\\\/uploads\\\/2021\\\/02\\\/03-02-2021-Vojvodina-u-2021-mala.JPG\",\"datePublished\":\"2021-02-03T20:10:27+00:00\",\"author\":{\"@id\":\"https:\\\/\\\/spriv.vojvodina.gov.rs\\\/#\\\/schema\\\/person\\\/749ef4f57fbb458f1c759e7a4fa78485\"},\"breadcrumb\":{\"@id\":\"https:\\\/\\\/spriv.vojvodina.gov.rs\\\/vojvodina-u-2021-sekretar-ivanisevic-o-predstojecim-merama-sekretarijata-u-tekucoj-godini-i-pomoci-privredi-i-turizmu\\\/#breadcrumb\"},\"inLanguage\":\"sr-RS\",\"potentialAction\":[{\"@type\":\"ReadAction\",\"target\":[\"https:\\\/\\\/spriv.vojvodina.gov.rs\\\/vojvodina-u-2021-sekretar-ivanisevic-o-predstojecim-merama-sekretarijata-u-tekucoj-godini-i-pomoci-privredi-i-turizmu\\\/\"]}]},{\"@type\":\"ImageObject\",\"inLanguage\":\"sr-RS\",\"@id\":\"https:\\\/\\\/spriv.vojvodina.gov.rs\\\/vojvodina-u-2021-sekretar-ivanisevic-o-predstojecim-merama-sekretarijata-u-tekucoj-godini-i-pomoci-privredi-i-turizmu\\\/#primaryimage\",\"url\":\"https:\\\/\\\/spriv.vojvodina.gov.rs\\\/wp-content\\\/uploads\\\/2021\\\/02\\\/03-02-2021-Vojvodina-u-2021-mala.JPG\",\"contentUrl\":\"https:\\\/\\\/spriv.vojvodina.gov.rs\\\/wp-content\\\/uploads\\\/2021\\\/02\\\/03-02-2021-Vojvodina-u-2021-mala.JPG\",\"width\":150,\"height\":100},{\"@type\":\"BreadcrumbList\",\"@id\":\"https:\\\/\\\/spriv.vojvodina.gov.rs\\\/vojvodina-u-2021-sekretar-ivanisevic-o-predstojecim-merama-sekretarijata-u-tekucoj-godini-i-pomoci-privredi-i-turizmu\\\/#breadcrumb\",\"itemListElement\":[{\"@type\":\"ListItem\",\"position\":1,\"name\":\"Home\",\"item\":\"https:\\\/\\\/spriv.vojvodina.gov.rs\\\/\"},{\"@type\":\"ListItem\",\"position\":2,\"name\":\"Vojvodina u 2021.: Sekretar Ivani\u0161evi\u0107 o predstoje\u0107im merama Sekretarijata u teku\u0107oj godini i pomo\u0107i privredi i turizmu\"}]},{\"@type\":\"WebSite\",\"@id\":\"https:\\\/\\\/spriv.vojvodina.gov.rs\\\/#website\",\"url\":\"https:\\\/\\\/spriv.vojvodina.gov.rs\\\/\",\"name\":\"\u041f\u043e\u043a\u0440\u0430\u0458\u0438\u043d\u0441\u043a\u0438 \u0441\u0435\u043a\u0440\u0435\u0442\u0430\u0440\u0438\u0458\u0430\u0442 \u0437\u0430 \u043f\u0440\u0438\u0432\u0440\u0435\u0434\u0443 \u0438 \u0442\u0443\u0440\u0438\u0437\u0430\u043c\",\"description\":\"\u041f\u043e\u043a\u0440\u0430\u0458\u0438\u043d\u0441\u043a\u0438 \u0441\u0435\u043a\u0440\u0435\u0442\u0430\u0440\u0438\u0458\u0430\u0442 \u0437\u0430 \u043f\u0440\u0438\u0432\u0440\u0435\u0434\u0443 \u0438 \u0442\u0443\u0440\u0438\u0437\u0430\u043c\",\"potentialAction\":[{\"@type\":\"SearchAction\",\"target\":{\"@type\":\"EntryPoint\",\"urlTemplate\":\"https:\\\/\\\/spriv.vojvodina.gov.rs\\\/?s={search_term_string}\"},\"query-input\":{\"@type\":\"PropertyValueSpecification\",\"valueRequired\":true,\"valueName\":\"search_term_string\"}}],\"inLanguage\":\"sr-RS\"},{\"@type\":\"Person\",\"@id\":\"https:\\\/\\\/spriv.vojvodina.gov.rs\\\/#\\\/schema\\\/person\\\/749ef4f57fbb458f1c759e7a4fa78485\",\"name\":\"Sonja Babi\u0107\",\"image\":{\"@type\":\"ImageObject\",\"inLanguage\":\"sr-RS\",\"@id\":\"https:\\\/\\\/secure.gravatar.com\\\/avatar\\\/00a1d182a20a59067af1e7b1c31cbcc3be1a456ee4b27746580e120c2582e5bd?s=96&d=mm&r=g\",\"url\":\"https:\\\/\\\/secure.gravatar.com\\\/avatar\\\/00a1d182a20a59067af1e7b1c31cbcc3be1a456ee4b27746580e120c2582e5bd?s=96&d=mm&r=g\",\"contentUrl\":\"https:\\\/\\\/secure.gravatar.com\\\/avatar\\\/00a1d182a20a59067af1e7b1c31cbcc3be1a456ee4b27746580e120c2582e5bd?s=96&d=mm&r=g\",\"caption\":\"Sonja Babi\u0107\"},\"url\":\"https:\\\/\\\/spriv.vojvodina.gov.rs\\\/rs\\\/author\\\/sonja-babic\\\/\"}]}<\/script>\n<!-- \/ Yoast SEO plugin. -->","yoast_head_json":{"title":"Vojvodina u 2021.: Sekretar Ivani\u0161evi\u0107 o predstoje\u0107im merama Sekretarijata u teku\u0107oj godini i pomo\u0107i privredi i turizmu - \u041f\u043e\u043a\u0440\u0430\u0458\u0438\u043d\u0441\u043a\u0438 \u0441\u0435\u043a\u0440\u0435\u0442\u0430\u0440\u0438\u0458\u0430\u0442 \u0437\u0430 \u043f\u0440\u0438\u0432\u0440\u0435\u0434\u0443 \u0438 \u0442\u0443\u0440\u0438\u0437\u0430\u043c","robots":{"index":"index","follow":"follow","max-snippet":"max-snippet:-1","max-image-preview":"max-image-preview:large","max-video-preview":"max-video-preview:-1"},"canonical":"https:\/\/spriv.vojvodina.gov.rs\/rs\/vojvodina-u-2021-sekretar-ivanisevic-o-predstojecim-merama-sekretarijata-u-tekucoj-godini-i-pomoci-privredi-i-turizmu\/","og_locale":"sr_RS","og_type":"article","og_title":"Vojvodina u 2021.: Sekretar Ivani\u0161evi\u0107 o predstoje\u0107im merama Sekretarijata u teku\u0107oj godini i pomo\u0107i privredi i turizmu - \u041f\u043e\u043a\u0440\u0430\u0458\u0438\u043d\u0441\u043a\u0438 \u0441\u0435\u043a\u0440\u0435\u0442\u0430\u0440\u0438\u0458\u0430\u0442 \u0437\u0430 \u043f\u0440\u0438\u0432\u0440\u0435\u0434\u0443 \u0438 \u0442\u0443\u0440\u0438\u0437\u0430\u043c","og_description":"Novi Sad, 3. februar 2021. \u2013 Kompanija ,,Color Media Communications\u201d\u00a0 i \u010dasopis ,,The Economist\u201c i u novoj godini, a nakon uspe\u0161no odr\u017eane konferencije pod nazivom ,,Svet u 2021.\u201c,\u00a0 sada ve\u0107 tradicionalno organizuju i konferenciju poznatu pod nazivom ,,Vojvodina u 2021.\u201d koja je odr\u017eana u Skup\u0161tini AP Vojvodine. U razgovoru sa moderatorom, a u okviru drugog panela, pokrajinski sekretar za privredu i turizam, dr Nenad Ivani\u0161evi\u0107, istakao je pojedinosti u vezi sa predstoje\u0107im podsticajnim merama Sekretarijata, a kroz prizmu aktuelne situacije i resora koje obuhvata Sekretarijat na \u010dijem je \u010delu \u2013 privrede, preduzetni\u0161tva, zapo\u0161ljavanja, industrije i elektronskih komunikacija.","og_url":"https:\/\/spriv.vojvodina.gov.rs\/vojvodina-u-2021-sekretar-ivanisevic-o-predstojecim-merama-sekretarijata-u-tekucoj-godini-i-pomoci-privredi-i-turizmu\/","og_site_name":"\u041f\u043e\u043a\u0440\u0430\u0458\u0438\u043d\u0441\u043a\u0438 \u0441\u0435\u043a\u0440\u0435\u0442\u0430\u0440\u0438\u0458\u0430\u0442 \u0437\u0430 \u043f\u0440\u0438\u0432\u0440\u0435\u0434\u0443 \u0438 \u0442\u0443\u0440\u0438\u0437\u0430\u043c","article_published_time":"2021-02-03T20:10:27+00:00","og_image":[{"width":150,"height":100,"url":"https:\/\/spriv.vojvodina.gov.rs\/wp-content\/uploads\/2021\/02\/03-02-2021-Vojvodina-u-2021-mala.JPG","type":"image\/jpeg"}],"author":"Sonja Babi\u0107","twitter_card":"summary_large_image","twitter_misc":{"\u041d\u0430\u043f\u0438\u0441\u0430\u043d\u043e \u043e\u0434":"Sonja Babi\u0107","\u041f\u0440\u043e\u0446\u0435\u045a\u0435\u043d\u043e \u0432\u0440\u0435\u043c\u0435 \u0447\u0438\u0442\u0430\u045a\u0430":"3 \u043c\u0438\u043d\u0443\u0442\u0430"},"schema":{"@context":"https:\/\/schema.org","@graph":[{"@type":"Article","@id":"https:\/\/spriv.vojvodina.gov.rs\/vojvodina-u-2021-sekretar-ivanisevic-o-predstojecim-merama-sekretarijata-u-tekucoj-godini-i-pomoci-privredi-i-turizmu\/#article","isPartOf":{"@id":"https:\/\/spriv.vojvodina.gov.rs\/vojvodina-u-2021-sekretar-ivanisevic-o-predstojecim-merama-sekretarijata-u-tekucoj-godini-i-pomoci-privredi-i-turizmu\/"},"author":{"name":"Sonja Babi\u0107","@id":"https:\/\/spriv.vojvodina.gov.rs\/#\/schema\/person\/749ef4f57fbb458f1c759e7a4fa78485"},"headline":"Vojvodina u 2021.: Sekretar Ivani\u0161evi\u0107 o predstoje\u0107im merama Sekretarijata u teku\u0107oj godini i pomo\u0107i privredi i turizmu","datePublished":"2021-02-03T20:10:27+00:00","mainEntityOfPage":{"@id":"https:\/\/spriv.vojvodina.gov.rs\/vojvodina-u-2021-sekretar-ivanisevic-o-predstojecim-merama-sekretarijata-u-tekucoj-godini-i-pomoci-privredi-i-turizmu\/"},"wordCount":540,"image":{"@id":"https:\/\/spriv.vojvodina.gov.rs\/vojvodina-u-2021-sekretar-ivanisevic-o-predstojecim-merama-sekretarijata-u-tekucoj-godini-i-pomoci-privredi-i-turizmu\/#primaryimage"},"thumbnailUrl":"https:\/\/spriv.vojvodina.gov.rs\/wp-content\/uploads\/2021\/02\/03-02-2021-Vojvodina-u-2021-mala.JPG","articleSection":["Vesti Latinica"],"inLanguage":"sr-RS"},{"@type":"WebPage","@id":"https:\/\/spriv.vojvodina.gov.rs\/vojvodina-u-2021-sekretar-ivanisevic-o-predstojecim-merama-sekretarijata-u-tekucoj-godini-i-pomoci-privredi-i-turizmu\/","url":"https:\/\/spriv.vojvodina.gov.rs\/vojvodina-u-2021-sekretar-ivanisevic-o-predstojecim-merama-sekretarijata-u-tekucoj-godini-i-pomoci-privredi-i-turizmu\/","name":"Vojvodina u 2021.: Sekretar Ivani\u0161evi\u0107 o predstoje\u0107im merama Sekretarijata u teku\u0107oj godini i pomo\u0107i privredi i turizmu - \u041f\u043e\u043a\u0440\u0430\u0458\u0438\u043d\u0441\u043a\u0438 \u0441\u0435\u043a\u0440\u0435\u0442\u0430\u0440\u0438\u0458\u0430\u0442 \u0437\u0430 \u043f\u0440\u0438\u0432\u0440\u0435\u0434\u0443 \u0438 \u0442\u0443\u0440\u0438\u0437\u0430\u043c","isPartOf":{"@id":"https:\/\/spriv.vojvodina.gov.rs\/#website"},"primaryImageOfPage":{"@id":"https:\/\/spriv.vojvodina.gov.rs\/vojvodina-u-2021-sekretar-ivanisevic-o-predstojecim-merama-sekretarijata-u-tekucoj-godini-i-pomoci-privredi-i-turizmu\/#primaryimage"},"image":{"@id":"https:\/\/spriv.vojvodina.gov.rs\/vojvodina-u-2021-sekretar-ivanisevic-o-predstojecim-merama-sekretarijata-u-tekucoj-godini-i-pomoci-privredi-i-turizmu\/#primaryimage"},"thumbnailUrl":"https:\/\/spriv.vojvodina.gov.rs\/wp-content\/uploads\/2021\/02\/03-02-2021-Vojvodina-u-2021-mala.JPG","datePublished":"2021-02-03T20:10:27+00:00","author":{"@id":"https:\/\/spriv.vojvodina.gov.rs\/#\/schema\/person\/749ef4f57fbb458f1c759e7a4fa78485"},"breadcrumb":{"@id":"https:\/\/spriv.vojvodina.gov.rs\/vojvodina-u-2021-sekretar-ivanisevic-o-predstojecim-merama-sekretarijata-u-tekucoj-godini-i-pomoci-privredi-i-turizmu\/#breadcrumb"},"inLanguage":"sr-RS","potentialAction":[{"@type":"ReadAction","target":["https:\/\/spriv.vojvodina.gov.rs\/vojvodina-u-2021-sekretar-ivanisevic-o-predstojecim-merama-sekretarijata-u-tekucoj-godini-i-pomoci-privredi-i-turizmu\/"]}]},{"@type":"ImageObject","inLanguage":"sr-RS","@id":"https:\/\/spriv.vojvodina.gov.rs\/vojvodina-u-2021-sekretar-ivanisevic-o-predstojecim-merama-sekretarijata-u-tekucoj-godini-i-pomoci-privredi-i-turizmu\/#primaryimage","url":"https:\/\/spriv.vojvodina.gov.rs\/wp-content\/uploads\/2021\/02\/03-02-2021-Vojvodina-u-2021-mala.JPG","contentUrl":"https:\/\/spriv.vojvodina.gov.rs\/wp-content\/uploads\/2021\/02\/03-02-2021-Vojvodina-u-2021-mala.JPG","width":150,"height":100},{"@type":"BreadcrumbList","@id":"https:\/\/spriv.vojvodina.gov.rs\/vojvodina-u-2021-sekretar-ivanisevic-o-predstojecim-merama-sekretarijata-u-tekucoj-godini-i-pomoci-privredi-i-turizmu\/#breadcrumb","itemListElement":[{"@type":"ListItem","position":1,"name":"Home","item":"https:\/\/spriv.vojvodina.gov.rs\/"},{"@type":"ListItem","position":2,"name":"Vojvodina u 2021.: Sekretar Ivani\u0161evi\u0107 o predstoje\u0107im merama Sekretarijata u teku\u0107oj godini i pomo\u0107i privredi i turizmu"}]},{"@type":"WebSite","@id":"https:\/\/spriv.vojvodina.gov.rs\/#website","url":"https:\/\/spriv.vojvodina.gov.rs\/","name":"\u041f\u043e\u043a\u0440\u0430\u0458\u0438\u043d\u0441\u043a\u0438 \u0441\u0435\u043a\u0440\u0435\u0442\u0430\u0440\u0438\u0458\u0430\u0442 \u0437\u0430 \u043f\u0440\u0438\u0432\u0440\u0435\u0434\u0443 \u0438 \u0442\u0443\u0440\u0438\u0437\u0430\u043c","description":"\u041f\u043e\u043a\u0440\u0430\u0458\u0438\u043d\u0441\u043a\u0438 \u0441\u0435\u043a\u0440\u0435\u0442\u0430\u0440\u0438\u0458\u0430\u0442 \u0437\u0430 \u043f\u0440\u0438\u0432\u0440\u0435\u0434\u0443 \u0438 \u0442\u0443\u0440\u0438\u0437\u0430\u043c","potentialAction":[{"@type":"SearchAction","target":{"@type":"EntryPoint","urlTemplate":"https:\/\/spriv.vojvodina.gov.rs\/?s={search_term_string}"},"query-input":{"@type":"PropertyValueSpecification","valueRequired":true,"valueName":"search_term_string"}}],"inLanguage":"sr-RS"},{"@type":"Person","@id":"https:\/\/spriv.vojvodina.gov.rs\/#\/schema\/person\/749ef4f57fbb458f1c759e7a4fa78485","name":"Sonja Babi\u0107","image":{"@type":"ImageObject","inLanguage":"sr-RS","@id":"https:\/\/secure.gravatar.com\/avatar\/00a1d182a20a59067af1e7b1c31cbcc3be1a456ee4b27746580e120c2582e5bd?s=96&d=mm&r=g","url":"https:\/\/secure.gravatar.com\/avatar\/00a1d182a20a59067af1e7b1c31cbcc3be1a456ee4b27746580e120c2582e5bd?s=96&d=mm&r=g","contentUrl":"https:\/\/secure.gravatar.com\/avatar\/00a1d182a20a59067af1e7b1c31cbcc3be1a456ee4b27746580e120c2582e5bd?s=96&d=mm&r=g","caption":"Sonja Babi\u0107"},"url":"https:\/\/spriv.vojvodina.gov.rs\/rs\/author\/sonja-babic\/"}]}},"_links":{"self":[{"href":"https:\/\/spriv.vojvodina.gov.rs\/rs\/wp-json\/wp\/v2\/posts\/5393","targetHints":{"allow":["GET"]}}],"collection":[{"href":"https:\/\/spriv.vojvodina.gov.rs\/rs\/wp-json\/wp\/v2\/posts"}],"about":[{"href":"https:\/\/spriv.vojvodina.gov.rs\/rs\/wp-json\/wp\/v2\/types\/post"}],"author":[{"embeddable":true,"href":"https:\/\/spriv.vojvodina.gov.rs\/rs\/wp-json\/wp\/v2\/users\/3"}],"replies":[{"embeddable":true,"href":"https:\/\/spriv.vojvodina.gov.rs\/rs\/wp-json\/wp\/v2\/comments?post=5393"}],"version-history":[{"count":0,"href":"https:\/\/spriv.vojvodina.gov.rs\/rs\/wp-json\/wp\/v2\/posts\/5393\/revisions"}],"wp:featuredmedia":[{"embeddable":true,"href":"https:\/\/spriv.vojvodina.gov.rs\/rs\/wp-json\/wp\/v2\/media\/5386"}],"wp:attachment":[{"href":"https:\/\/spriv.vojvodina.gov.rs\/rs\/wp-json\/wp\/v2\/media?parent=5393"}],"wp:term":[{"taxonomy":"category","embeddable":true,"href":"https:\/\/spriv.vojvodina.gov.rs\/rs\/wp-json\/wp\/v2\/categories?post=5393"},{"taxonomy":"post_tag","embeddable":true,"href":"https:\/\/spriv.vojvodina.gov.rs\/rs\/wp-json\/wp\/v2\/tags?post=5393"}],"curies":[{"name":"wp","href":"https:\/\/api.w.org\/{rel}","templated":true}]}}