{"id":5131,"date":"2020-08-31T11:42:27","date_gmt":"2020-08-31T11:42:27","guid":{"rendered":"http:\/\/spriv.vojvodina.gov.rs\/2020\/08\/31\/promocija-novoosnovanog-klastera-u-okviru-interreg-ipa-projekta-prekogranicne-saradnje-sa-republikom-hrvatskom\/"},"modified":"2020-08-31T11:42:27","modified_gmt":"2020-08-31T11:42:27","slug":"promocija-novoosnovanog-klastera-u-okviru-interreg-ipa-projekta-prekogranicne-saradnje-sa-republikom-hrvatskom","status":"publish","type":"post","link":"https:\/\/spriv.vojvodina.gov.rs\/rs\/promocija-novoosnovanog-klastera-u-okviru-interreg-ipa-projekta-prekogranicne-saradnje-sa-republikom-hrvatskom\/","title":{"rendered":"Promocija novoosnovanog klastera u okviru Interreg IPA projekta prekograni\u010dne saradnje sa Republikom Hrvatskom"},"content":{"rendered":"<p style=\"text-align: justify;\">Novi Sad, 31. avgust 2020. \u2013 Proteklog vikenda zamenik pokrajinskog sekretara za privredu i turizam, mr Pavle Po\u010du\u010d, posetio je Grad Sombor i tom prilikom u\u010destvovao u promociji novoosnovanog klastera u okviru programa ,,Interreg IPA CBC Hrvatska \u2013 Srbija 2014 \u2013 2020. godine\u201c. Ukupna vrednost projekta je 1.102.472,76 milion evra, a grad Sombor, sa u\u010de\u0161\u0107em od 311.058,44 evra, je primer dobre prakse kako se kvalitetnim projektima uspe\u0161no privla\u010de inostrani izvori finansiranja u AP Vojvodinu.<\/p>\n<p>Cilj programa je unapre\u0111enje dru\u0161tvenog, ekonomskog i teritorijalnog razvoja prekograni\u010dnog podru\u010dja i to kroz realizaciju zajedni\u010dkih projekata i aktivnosti. Pored teritorije AP Vojvodine, projekat obuhvata i dve \u017eupanije u Republici Hrvatskoj, uz predvi\u0111enu klasterizaciju u dve grane, poljoprivredu i papirnu i ma\u0161insku industriju. Aktivnosti Sombora u okviru projekta su osnivanje pomenutog klastera, kao i adaptacija i opremanje objekta u somborskoj Blagojevi\u0107evoj ulici koji je ujedno i sedi\u0161te klastera.<\/p>\n<p>Organizator promocije Projekta je preduzetni\u010dka radnja Put jednog projekta Novi Sad.<\/p>\n<p style=\"text-align: center;\"><img loading=\"lazy\" decoding=\"async\" class=\" size-full wp-image-5129\" src=\"http:\/\/spriv.vojvodina.gov.rs\/wp-content\/uploads\/2020\/08\/0000-Pocuc-Sombor-rukovodioci-3-640x426.jpg\" border=\"0\" alt=\"\" width=\"640\" height=\"426\" srcset=\"https:\/\/spriv.vojvodina.gov.rs\/wp-content\/uploads\/2020\/08\/0000-Pocuc-Sombor-rukovodioci-3-640x426.jpg 640w, https:\/\/spriv.vojvodina.gov.rs\/wp-content\/uploads\/2020\/08\/0000-Pocuc-Sombor-rukovodioci-3-640x426-300x200.jpg 300w\" sizes=\"auto, (max-width: 640px) 100vw, 640px\" \/><\/p>\n<p style=\"text-align: justify;\">\u201ePokrajinska vlada, kao i resorni sekretarijat za privredu i turizam, \u0107e i u budu\u0107e nastojati da pru\u017eaju podr\u0161ku realizaciji prekograni\u010dnih projekata koji imaju za cilj unapre\u0111enje konkurentnosti privrede, poljoprivrede, ja\u010danje malih i srednjih preduze\u0107a\u00a0 i otvaranje novih radnih mesta\u201c, istakao je zamenik Po\u010du\u010d na promociji ovog zna\u010dajnog prekograni\u010dnog projekta i novoosnovanog klastera.<\/p>\n<p>On je dodao da Sombor sa partnerima iz Republike Hrvatske, uspe\u0161no realizuje projekat posve\u0107en uspostavljanju odr\u017eivih klastera u oblasti privrede i preduzetni\u0161tva, isti\u010du\u0107i pritom i va\u017enu \u010dinjenicu da je Pokrajinski sekretarijat za privredu i turizam u prethodne \u010detiri godine izdvojio 59 miliona dinara za podr\u0161ku 21 klasteru u AP Vojvodini i to za nabavku opreme i neophodnih sredstava za rad.<\/p>\n","protected":false},"excerpt":{"rendered":"Novi Sad, 31. avgust 2020. \u2013 Proteklog vikenda zamenik pokrajinskog sekretara za privredu i turizam, mr Pavle Po\u010du\u010d, posetio je Grad Sombor i tom prilikom u\u010destvovao u promociji novoosnovanog klastera u okviru programa ,,Interreg IPA CBC Hrvatska \u2013 Srbija 2014 \u2013 2020. godine\u201c. Cilj programa je unapre\u0111enje dru\u0161tvenog, ekonomskog i teritorijalnog razvoja prekograni\u010dnog podru\u010dja i to kroz realizaciju zajedni\u010dkih projekata i aktivnosti. Aktivnosti Sombora u okviru projekta su osnivanje pomenutog klastera, kao i adaptacija i opremanje objekta u Blagojevi\u0107evoj ulici u Somboru koji je ujedno i sedi\u0161te klastera.\n<a class=\"moretag\" href=\"https:\/\/spriv.vojvodina.gov.rs\/rs\/promocija-novoosnovanog-klastera-u-okviru-interreg-ipa-projekta-prekogranicne-saradnje-sa-republikom-hrvatskom\/\"> [...]<\/a>","protected":false},"author":3,"featured_media":5128,"comment_status":"closed","ping_status":"closed","sticky":false,"template":"","format":"standard","meta":{"footnotes":""},"categories":[31],"tags":[],"class_list":["post-5131","post","type-post","status-publish","format-standard","has-post-thumbnail","hentry","category-vesti-latinica1"],"yoast_head":"<!-- This site is optimized with the Yoast SEO plugin v27.4 - https:\/\/yoast.com\/product\/yoast-seo-wordpress\/ -->\n<title>Promocija novoosnovanog klastera u okviru Interreg IPA projekta prekograni\u010dne saradnje sa Republikom Hrvatskom - \u041f\u043e\u043a\u0440\u0430\u0458\u0438\u043d\u0441\u043a\u0438 \u0441\u0435\u043a\u0440\u0435\u0442\u0430\u0440\u0438\u0458\u0430\u0442 \u0437\u0430 \u043f\u0440\u0438\u0432\u0440\u0435\u0434\u0443 \u0438 \u0442\u0443\u0440\u0438\u0437\u0430\u043c<\/title>\n<meta name=\"robots\" content=\"index, follow, max-snippet:-1, max-image-preview:large, max-video-preview:-1\" \/>\n<link rel=\"canonical\" href=\"https:\/\/spriv.vojvodina.gov.rs\/rs\/promocija-novoosnovanog-klastera-u-okviru-interreg-ipa-projekta-prekogranicne-saradnje-sa-republikom-hrvatskom\/\" \/>\n<meta property=\"og:locale\" content=\"sr_RS\" \/>\n<meta property=\"og:type\" content=\"article\" \/>\n<meta property=\"og:title\" content=\"Promocija novoosnovanog klastera u okviru Interreg IPA projekta prekograni\u010dne saradnje sa Republikom Hrvatskom - \u041f\u043e\u043a\u0440\u0430\u0458\u0438\u043d\u0441\u043a\u0438 \u0441\u0435\u043a\u0440\u0435\u0442\u0430\u0440\u0438\u0458\u0430\u0442 \u0437\u0430 \u043f\u0440\u0438\u0432\u0440\u0435\u0434\u0443 \u0438 \u0442\u0443\u0440\u0438\u0437\u0430\u043c\" \/>\n<meta property=\"og:description\" content=\"Novi Sad, 31. avgust 2020. \u2013 Proteklog vikenda zamenik pokrajinskog sekretara za privredu i turizam, mr Pavle Po\u010du\u010d, posetio je Grad Sombor i tom prilikom u\u010destvovao u promociji novoosnovanog klastera u okviru programa ,,Interreg IPA CBC Hrvatska \u2013 Srbija 2014 \u2013 2020. godine\u201c. Cilj programa je unapre\u0111enje dru\u0161tvenog, ekonomskog i teritorijalnog razvoja prekograni\u010dnog podru\u010dja i to kroz realizaciju zajedni\u010dkih projekata i aktivnosti. Aktivnosti Sombora u okviru projekta su osnivanje pomenutog klastera, kao i adaptacija i opremanje objekta u Blagojevi\u0107evoj ulici u Somboru koji je ujedno i sedi\u0161te klastera.\" \/>\n<meta property=\"og:url\" content=\"https:\/\/spriv.vojvodina.gov.rs\/rs\/promocija-novoosnovanog-klastera-u-okviru-interreg-ipa-projekta-prekogranicne-saradnje-sa-republikom-hrvatskom\/\" \/>\n<meta property=\"og:site_name\" content=\"\u041f\u043e\u043a\u0440\u0430\u0458\u0438\u043d\u0441\u043a\u0438 \u0441\u0435\u043a\u0440\u0435\u0442\u0430\u0440\u0438\u0458\u0430\u0442 \u0437\u0430 \u043f\u0440\u0438\u0432\u0440\u0435\u0434\u0443 \u0438 \u0442\u0443\u0440\u0438\u0437\u0430\u043c\" \/>\n<meta property=\"article:published_time\" content=\"2020-08-31T11:42:27+00:00\" \/>\n<meta property=\"og:image\" content=\"https:\/\/spriv.vojvodina.gov.rs\/wp-content\/uploads\/2020\/08\/0000-Pocuc-Sombor-rukovodioci-3-150x100.jpg\" \/>\n\t<meta property=\"og:image:width\" content=\"150\" \/>\n\t<meta property=\"og:image:height\" content=\"100\" \/>\n\t<meta property=\"og:image:type\" content=\"image\/jpeg\" \/>\n<meta name=\"author\" content=\"Sonja Babi\u0107\" \/>\n<meta name=\"twitter:card\" content=\"summary_large_image\" \/>\n<meta name=\"twitter:label1\" content=\"\u041d\u0430\u043f\u0438\u0441\u0430\u043d\u043e \u043e\u0434\" \/>\n\t<meta name=\"twitter:data1\" content=\"Sonja Babi\u0107\" \/>\n\t<meta name=\"twitter:label2\" content=\"\u041f\u0440\u043e\u0446\u0435\u045a\u0435\u043d\u043e \u0432\u0440\u0435\u043c\u0435 \u0447\u0438\u0442\u0430\u045a\u0430\" \/>\n\t<meta name=\"twitter:data2\" content=\"1 \u043c\u0438\u043d\u0443\u0442\" \/>\n<script type=\"application\/ld+json\" class=\"yoast-schema-graph\">{\"@context\":\"https:\\\/\\\/schema.org\",\"@graph\":[{\"@type\":\"Article\",\"@id\":\"https:\\\/\\\/spriv.vojvodina.gov.rs\\\/rs\\\/promocija-novoosnovanog-klastera-u-okviru-interreg-ipa-projekta-prekogranicne-saradnje-sa-republikom-hrvatskom\\\/#article\",\"isPartOf\":{\"@id\":\"https:\\\/\\\/spriv.vojvodina.gov.rs\\\/rs\\\/promocija-novoosnovanog-klastera-u-okviru-interreg-ipa-projekta-prekogranicne-saradnje-sa-republikom-hrvatskom\\\/\"},\"author\":{\"name\":\"Sonja Babi\u0107\",\"@id\":\"https:\\\/\\\/spriv.vojvodina.gov.rs\\\/#\\\/schema\\\/person\\\/749ef4f57fbb458f1c759e7a4fa78485\"},\"headline\":\"Promocija novoosnovanog klastera u okviru Interreg IPA projekta prekograni\u010dne saradnje sa Republikom Hrvatskom\",\"datePublished\":\"2020-08-31T11:42:27+00:00\",\"mainEntityOfPage\":{\"@id\":\"https:\\\/\\\/spriv.vojvodina.gov.rs\\\/rs\\\/promocija-novoosnovanog-klastera-u-okviru-interreg-ipa-projekta-prekogranicne-saradnje-sa-republikom-hrvatskom\\\/\"},\"wordCount\":302,\"image\":{\"@id\":\"https:\\\/\\\/spriv.vojvodina.gov.rs\\\/rs\\\/promocija-novoosnovanog-klastera-u-okviru-interreg-ipa-projekta-prekogranicne-saradnje-sa-republikom-hrvatskom\\\/#primaryimage\"},\"thumbnailUrl\":\"https:\\\/\\\/spriv.vojvodina.gov.rs\\\/wp-content\\\/uploads\\\/2020\\\/08\\\/0000-Pocuc-Sombor-rukovodioci-3-150x100.jpg\",\"articleSection\":[\"Vesti Latinica\"],\"inLanguage\":\"sr-RS\"},{\"@type\":\"WebPage\",\"@id\":\"https:\\\/\\\/spriv.vojvodina.gov.rs\\\/rs\\\/promocija-novoosnovanog-klastera-u-okviru-interreg-ipa-projekta-prekogranicne-saradnje-sa-republikom-hrvatskom\\\/\",\"url\":\"https:\\\/\\\/spriv.vojvodina.gov.rs\\\/rs\\\/promocija-novoosnovanog-klastera-u-okviru-interreg-ipa-projekta-prekogranicne-saradnje-sa-republikom-hrvatskom\\\/\",\"name\":\"Promocija novoosnovanog klastera u okviru Interreg IPA projekta prekograni\u010dne saradnje sa Republikom Hrvatskom - \u041f\u043e\u043a\u0440\u0430\u0458\u0438\u043d\u0441\u043a\u0438 \u0441\u0435\u043a\u0440\u0435\u0442\u0430\u0440\u0438\u0458\u0430\u0442 \u0437\u0430 \u043f\u0440\u0438\u0432\u0440\u0435\u0434\u0443 \u0438 \u0442\u0443\u0440\u0438\u0437\u0430\u043c\",\"isPartOf\":{\"@id\":\"https:\\\/\\\/spriv.vojvodina.gov.rs\\\/#website\"},\"primaryImageOfPage\":{\"@id\":\"https:\\\/\\\/spriv.vojvodina.gov.rs\\\/rs\\\/promocija-novoosnovanog-klastera-u-okviru-interreg-ipa-projekta-prekogranicne-saradnje-sa-republikom-hrvatskom\\\/#primaryimage\"},\"image\":{\"@id\":\"https:\\\/\\\/spriv.vojvodina.gov.rs\\\/rs\\\/promocija-novoosnovanog-klastera-u-okviru-interreg-ipa-projekta-prekogranicne-saradnje-sa-republikom-hrvatskom\\\/#primaryimage\"},\"thumbnailUrl\":\"https:\\\/\\\/spriv.vojvodina.gov.rs\\\/wp-content\\\/uploads\\\/2020\\\/08\\\/0000-Pocuc-Sombor-rukovodioci-3-150x100.jpg\",\"datePublished\":\"2020-08-31T11:42:27+00:00\",\"author\":{\"@id\":\"https:\\\/\\\/spriv.vojvodina.gov.rs\\\/#\\\/schema\\\/person\\\/749ef4f57fbb458f1c759e7a4fa78485\"},\"breadcrumb\":{\"@id\":\"https:\\\/\\\/spriv.vojvodina.gov.rs\\\/rs\\\/promocija-novoosnovanog-klastera-u-okviru-interreg-ipa-projekta-prekogranicne-saradnje-sa-republikom-hrvatskom\\\/#breadcrumb\"},\"inLanguage\":\"sr-RS\",\"potentialAction\":[{\"@type\":\"ReadAction\",\"target\":[\"https:\\\/\\\/spriv.vojvodina.gov.rs\\\/rs\\\/promocija-novoosnovanog-klastera-u-okviru-interreg-ipa-projekta-prekogranicne-saradnje-sa-republikom-hrvatskom\\\/\"]}]},{\"@type\":\"ImageObject\",\"inLanguage\":\"sr-RS\",\"@id\":\"https:\\\/\\\/spriv.vojvodina.gov.rs\\\/rs\\\/promocija-novoosnovanog-klastera-u-okviru-interreg-ipa-projekta-prekogranicne-saradnje-sa-republikom-hrvatskom\\\/#primaryimage\",\"url\":\"https:\\\/\\\/spriv.vojvodina.gov.rs\\\/wp-content\\\/uploads\\\/2020\\\/08\\\/0000-Pocuc-Sombor-rukovodioci-3-150x100.jpg\",\"contentUrl\":\"https:\\\/\\\/spriv.vojvodina.gov.rs\\\/wp-content\\\/uploads\\\/2020\\\/08\\\/0000-Pocuc-Sombor-rukovodioci-3-150x100.jpg\",\"width\":150,\"height\":100},{\"@type\":\"BreadcrumbList\",\"@id\":\"https:\\\/\\\/spriv.vojvodina.gov.rs\\\/rs\\\/promocija-novoosnovanog-klastera-u-okviru-interreg-ipa-projekta-prekogranicne-saradnje-sa-republikom-hrvatskom\\\/#breadcrumb\",\"itemListElement\":[{\"@type\":\"ListItem\",\"position\":1,\"name\":\"Home\",\"item\":\"https:\\\/\\\/spriv.vojvodina.gov.rs\\\/\"},{\"@type\":\"ListItem\",\"position\":2,\"name\":\"Promocija novoosnovanog klastera u okviru Interreg IPA projekta prekograni\u010dne saradnje sa Republikom Hrvatskom\"}]},{\"@type\":\"WebSite\",\"@id\":\"https:\\\/\\\/spriv.vojvodina.gov.rs\\\/#website\",\"url\":\"https:\\\/\\\/spriv.vojvodina.gov.rs\\\/\",\"name\":\"\u041f\u043e\u043a\u0440\u0430\u0458\u0438\u043d\u0441\u043a\u0438 \u0441\u0435\u043a\u0440\u0435\u0442\u0430\u0440\u0438\u0458\u0430\u0442 \u0437\u0430 \u043f\u0440\u0438\u0432\u0440\u0435\u0434\u0443 \u0438 \u0442\u0443\u0440\u0438\u0437\u0430\u043c\",\"description\":\"\u041f\u043e\u043a\u0440\u0430\u0458\u0438\u043d\u0441\u043a\u0438 \u0441\u0435\u043a\u0440\u0435\u0442\u0430\u0440\u0438\u0458\u0430\u0442 \u0437\u0430 \u043f\u0440\u0438\u0432\u0440\u0435\u0434\u0443 \u0438 \u0442\u0443\u0440\u0438\u0437\u0430\u043c\",\"potentialAction\":[{\"@type\":\"SearchAction\",\"target\":{\"@type\":\"EntryPoint\",\"urlTemplate\":\"https:\\\/\\\/spriv.vojvodina.gov.rs\\\/?s={search_term_string}\"},\"query-input\":{\"@type\":\"PropertyValueSpecification\",\"valueRequired\":true,\"valueName\":\"search_term_string\"}}],\"inLanguage\":\"sr-RS\"},{\"@type\":\"Person\",\"@id\":\"https:\\\/\\\/spriv.vojvodina.gov.rs\\\/#\\\/schema\\\/person\\\/749ef4f57fbb458f1c759e7a4fa78485\",\"name\":\"Sonja Babi\u0107\",\"image\":{\"@type\":\"ImageObject\",\"inLanguage\":\"sr-RS\",\"@id\":\"https:\\\/\\\/secure.gravatar.com\\\/avatar\\\/00a1d182a20a59067af1e7b1c31cbcc3be1a456ee4b27746580e120c2582e5bd?s=96&d=mm&r=g\",\"url\":\"https:\\\/\\\/secure.gravatar.com\\\/avatar\\\/00a1d182a20a59067af1e7b1c31cbcc3be1a456ee4b27746580e120c2582e5bd?s=96&d=mm&r=g\",\"contentUrl\":\"https:\\\/\\\/secure.gravatar.com\\\/avatar\\\/00a1d182a20a59067af1e7b1c31cbcc3be1a456ee4b27746580e120c2582e5bd?s=96&d=mm&r=g\",\"caption\":\"Sonja Babi\u0107\"},\"url\":\"https:\\\/\\\/spriv.vojvodina.gov.rs\\\/rs\\\/author\\\/sonja-babic\\\/\"}]}<\/script>\n<!-- \/ Yoast SEO plugin. -->","yoast_head_json":{"title":"Promocija novoosnovanog klastera u okviru Interreg IPA projekta prekograni\u010dne saradnje sa Republikom Hrvatskom - \u041f\u043e\u043a\u0440\u0430\u0458\u0438\u043d\u0441\u043a\u0438 \u0441\u0435\u043a\u0440\u0435\u0442\u0430\u0440\u0438\u0458\u0430\u0442 \u0437\u0430 \u043f\u0440\u0438\u0432\u0440\u0435\u0434\u0443 \u0438 \u0442\u0443\u0440\u0438\u0437\u0430\u043c","robots":{"index":"index","follow":"follow","max-snippet":"max-snippet:-1","max-image-preview":"max-image-preview:large","max-video-preview":"max-video-preview:-1"},"canonical":"https:\/\/spriv.vojvodina.gov.rs\/rs\/promocija-novoosnovanog-klastera-u-okviru-interreg-ipa-projekta-prekogranicne-saradnje-sa-republikom-hrvatskom\/","og_locale":"sr_RS","og_type":"article","og_title":"Promocija novoosnovanog klastera u okviru Interreg IPA projekta prekograni\u010dne saradnje sa Republikom Hrvatskom - \u041f\u043e\u043a\u0440\u0430\u0458\u0438\u043d\u0441\u043a\u0438 \u0441\u0435\u043a\u0440\u0435\u0442\u0430\u0440\u0438\u0458\u0430\u0442 \u0437\u0430 \u043f\u0440\u0438\u0432\u0440\u0435\u0434\u0443 \u0438 \u0442\u0443\u0440\u0438\u0437\u0430\u043c","og_description":"Novi Sad, 31. avgust 2020. \u2013 Proteklog vikenda zamenik pokrajinskog sekretara za privredu i turizam, mr Pavle Po\u010du\u010d, posetio je Grad Sombor i tom prilikom u\u010destvovao u promociji novoosnovanog klastera u okviru programa ,,Interreg IPA CBC Hrvatska \u2013 Srbija 2014 \u2013 2020. godine\u201c. Cilj programa je unapre\u0111enje dru\u0161tvenog, ekonomskog i teritorijalnog razvoja prekograni\u010dnog podru\u010dja i to kroz realizaciju zajedni\u010dkih projekata i aktivnosti. Aktivnosti Sombora u okviru projekta su osnivanje pomenutog klastera, kao i adaptacija i opremanje objekta u Blagojevi\u0107evoj ulici u Somboru koji je ujedno i sedi\u0161te klastera.","og_url":"https:\/\/spriv.vojvodina.gov.rs\/rs\/promocija-novoosnovanog-klastera-u-okviru-interreg-ipa-projekta-prekogranicne-saradnje-sa-republikom-hrvatskom\/","og_site_name":"\u041f\u043e\u043a\u0440\u0430\u0458\u0438\u043d\u0441\u043a\u0438 \u0441\u0435\u043a\u0440\u0435\u0442\u0430\u0440\u0438\u0458\u0430\u0442 \u0437\u0430 \u043f\u0440\u0438\u0432\u0440\u0435\u0434\u0443 \u0438 \u0442\u0443\u0440\u0438\u0437\u0430\u043c","article_published_time":"2020-08-31T11:42:27+00:00","og_image":[{"width":150,"height":100,"url":"https:\/\/spriv.vojvodina.gov.rs\/wp-content\/uploads\/2020\/08\/0000-Pocuc-Sombor-rukovodioci-3-150x100.jpg","type":"image\/jpeg"}],"author":"Sonja Babi\u0107","twitter_card":"summary_large_image","twitter_misc":{"\u041d\u0430\u043f\u0438\u0441\u0430\u043d\u043e \u043e\u0434":"Sonja Babi\u0107","\u041f\u0440\u043e\u0446\u0435\u045a\u0435\u043d\u043e \u0432\u0440\u0435\u043c\u0435 \u0447\u0438\u0442\u0430\u045a\u0430":"1 \u043c\u0438\u043d\u0443\u0442"},"schema":{"@context":"https:\/\/schema.org","@graph":[{"@type":"Article","@id":"https:\/\/spriv.vojvodina.gov.rs\/rs\/promocija-novoosnovanog-klastera-u-okviru-interreg-ipa-projekta-prekogranicne-saradnje-sa-republikom-hrvatskom\/#article","isPartOf":{"@id":"https:\/\/spriv.vojvodina.gov.rs\/rs\/promocija-novoosnovanog-klastera-u-okviru-interreg-ipa-projekta-prekogranicne-saradnje-sa-republikom-hrvatskom\/"},"author":{"name":"Sonja Babi\u0107","@id":"https:\/\/spriv.vojvodina.gov.rs\/#\/schema\/person\/749ef4f57fbb458f1c759e7a4fa78485"},"headline":"Promocija novoosnovanog klastera u okviru Interreg IPA projekta prekograni\u010dne saradnje sa Republikom Hrvatskom","datePublished":"2020-08-31T11:42:27+00:00","mainEntityOfPage":{"@id":"https:\/\/spriv.vojvodina.gov.rs\/rs\/promocija-novoosnovanog-klastera-u-okviru-interreg-ipa-projekta-prekogranicne-saradnje-sa-republikom-hrvatskom\/"},"wordCount":302,"image":{"@id":"https:\/\/spriv.vojvodina.gov.rs\/rs\/promocija-novoosnovanog-klastera-u-okviru-interreg-ipa-projekta-prekogranicne-saradnje-sa-republikom-hrvatskom\/#primaryimage"},"thumbnailUrl":"https:\/\/spriv.vojvodina.gov.rs\/wp-content\/uploads\/2020\/08\/0000-Pocuc-Sombor-rukovodioci-3-150x100.jpg","articleSection":["Vesti Latinica"],"inLanguage":"sr-RS"},{"@type":"WebPage","@id":"https:\/\/spriv.vojvodina.gov.rs\/rs\/promocija-novoosnovanog-klastera-u-okviru-interreg-ipa-projekta-prekogranicne-saradnje-sa-republikom-hrvatskom\/","url":"https:\/\/spriv.vojvodina.gov.rs\/rs\/promocija-novoosnovanog-klastera-u-okviru-interreg-ipa-projekta-prekogranicne-saradnje-sa-republikom-hrvatskom\/","name":"Promocija novoosnovanog klastera u okviru Interreg IPA projekta prekograni\u010dne saradnje sa Republikom Hrvatskom - \u041f\u043e\u043a\u0440\u0430\u0458\u0438\u043d\u0441\u043a\u0438 \u0441\u0435\u043a\u0440\u0435\u0442\u0430\u0440\u0438\u0458\u0430\u0442 \u0437\u0430 \u043f\u0440\u0438\u0432\u0440\u0435\u0434\u0443 \u0438 \u0442\u0443\u0440\u0438\u0437\u0430\u043c","isPartOf":{"@id":"https:\/\/spriv.vojvodina.gov.rs\/#website"},"primaryImageOfPage":{"@id":"https:\/\/spriv.vojvodina.gov.rs\/rs\/promocija-novoosnovanog-klastera-u-okviru-interreg-ipa-projekta-prekogranicne-saradnje-sa-republikom-hrvatskom\/#primaryimage"},"image":{"@id":"https:\/\/spriv.vojvodina.gov.rs\/rs\/promocija-novoosnovanog-klastera-u-okviru-interreg-ipa-projekta-prekogranicne-saradnje-sa-republikom-hrvatskom\/#primaryimage"},"thumbnailUrl":"https:\/\/spriv.vojvodina.gov.rs\/wp-content\/uploads\/2020\/08\/0000-Pocuc-Sombor-rukovodioci-3-150x100.jpg","datePublished":"2020-08-31T11:42:27+00:00","author":{"@id":"https:\/\/spriv.vojvodina.gov.rs\/#\/schema\/person\/749ef4f57fbb458f1c759e7a4fa78485"},"breadcrumb":{"@id":"https:\/\/spriv.vojvodina.gov.rs\/rs\/promocija-novoosnovanog-klastera-u-okviru-interreg-ipa-projekta-prekogranicne-saradnje-sa-republikom-hrvatskom\/#breadcrumb"},"inLanguage":"sr-RS","potentialAction":[{"@type":"ReadAction","target":["https:\/\/spriv.vojvodina.gov.rs\/rs\/promocija-novoosnovanog-klastera-u-okviru-interreg-ipa-projekta-prekogranicne-saradnje-sa-republikom-hrvatskom\/"]}]},{"@type":"ImageObject","inLanguage":"sr-RS","@id":"https:\/\/spriv.vojvodina.gov.rs\/rs\/promocija-novoosnovanog-klastera-u-okviru-interreg-ipa-projekta-prekogranicne-saradnje-sa-republikom-hrvatskom\/#primaryimage","url":"https:\/\/spriv.vojvodina.gov.rs\/wp-content\/uploads\/2020\/08\/0000-Pocuc-Sombor-rukovodioci-3-150x100.jpg","contentUrl":"https:\/\/spriv.vojvodina.gov.rs\/wp-content\/uploads\/2020\/08\/0000-Pocuc-Sombor-rukovodioci-3-150x100.jpg","width":150,"height":100},{"@type":"BreadcrumbList","@id":"https:\/\/spriv.vojvodina.gov.rs\/rs\/promocija-novoosnovanog-klastera-u-okviru-interreg-ipa-projekta-prekogranicne-saradnje-sa-republikom-hrvatskom\/#breadcrumb","itemListElement":[{"@type":"ListItem","position":1,"name":"Home","item":"https:\/\/spriv.vojvodina.gov.rs\/"},{"@type":"ListItem","position":2,"name":"Promocija novoosnovanog klastera u okviru Interreg IPA projekta prekograni\u010dne saradnje sa Republikom Hrvatskom"}]},{"@type":"WebSite","@id":"https:\/\/spriv.vojvodina.gov.rs\/#website","url":"https:\/\/spriv.vojvodina.gov.rs\/","name":"\u041f\u043e\u043a\u0440\u0430\u0458\u0438\u043d\u0441\u043a\u0438 \u0441\u0435\u043a\u0440\u0435\u0442\u0430\u0440\u0438\u0458\u0430\u0442 \u0437\u0430 \u043f\u0440\u0438\u0432\u0440\u0435\u0434\u0443 \u0438 \u0442\u0443\u0440\u0438\u0437\u0430\u043c","description":"\u041f\u043e\u043a\u0440\u0430\u0458\u0438\u043d\u0441\u043a\u0438 \u0441\u0435\u043a\u0440\u0435\u0442\u0430\u0440\u0438\u0458\u0430\u0442 \u0437\u0430 \u043f\u0440\u0438\u0432\u0440\u0435\u0434\u0443 \u0438 \u0442\u0443\u0440\u0438\u0437\u0430\u043c","potentialAction":[{"@type":"SearchAction","target":{"@type":"EntryPoint","urlTemplate":"https:\/\/spriv.vojvodina.gov.rs\/?s={search_term_string}"},"query-input":{"@type":"PropertyValueSpecification","valueRequired":true,"valueName":"search_term_string"}}],"inLanguage":"sr-RS"},{"@type":"Person","@id":"https:\/\/spriv.vojvodina.gov.rs\/#\/schema\/person\/749ef4f57fbb458f1c759e7a4fa78485","name":"Sonja Babi\u0107","image":{"@type":"ImageObject","inLanguage":"sr-RS","@id":"https:\/\/secure.gravatar.com\/avatar\/00a1d182a20a59067af1e7b1c31cbcc3be1a456ee4b27746580e120c2582e5bd?s=96&d=mm&r=g","url":"https:\/\/secure.gravatar.com\/avatar\/00a1d182a20a59067af1e7b1c31cbcc3be1a456ee4b27746580e120c2582e5bd?s=96&d=mm&r=g","contentUrl":"https:\/\/secure.gravatar.com\/avatar\/00a1d182a20a59067af1e7b1c31cbcc3be1a456ee4b27746580e120c2582e5bd?s=96&d=mm&r=g","caption":"Sonja Babi\u0107"},"url":"https:\/\/spriv.vojvodina.gov.rs\/rs\/author\/sonja-babic\/"}]}},"_links":{"self":[{"href":"https:\/\/spriv.vojvodina.gov.rs\/rs\/wp-json\/wp\/v2\/posts\/5131","targetHints":{"allow":["GET"]}}],"collection":[{"href":"https:\/\/spriv.vojvodina.gov.rs\/rs\/wp-json\/wp\/v2\/posts"}],"about":[{"href":"https:\/\/spriv.vojvodina.gov.rs\/rs\/wp-json\/wp\/v2\/types\/post"}],"author":[{"embeddable":true,"href":"https:\/\/spriv.vojvodina.gov.rs\/rs\/wp-json\/wp\/v2\/users\/3"}],"replies":[{"embeddable":true,"href":"https:\/\/spriv.vojvodina.gov.rs\/rs\/wp-json\/wp\/v2\/comments?post=5131"}],"version-history":[{"count":0,"href":"https:\/\/spriv.vojvodina.gov.rs\/rs\/wp-json\/wp\/v2\/posts\/5131\/revisions"}],"wp:featuredmedia":[{"embeddable":true,"href":"https:\/\/spriv.vojvodina.gov.rs\/rs\/wp-json\/wp\/v2\/media\/5128"}],"wp:attachment":[{"href":"https:\/\/spriv.vojvodina.gov.rs\/rs\/wp-json\/wp\/v2\/media?parent=5131"}],"wp:term":[{"taxonomy":"category","embeddable":true,"href":"https:\/\/spriv.vojvodina.gov.rs\/rs\/wp-json\/wp\/v2\/categories?post=5131"},{"taxonomy":"post_tag","embeddable":true,"href":"https:\/\/spriv.vojvodina.gov.rs\/rs\/wp-json\/wp\/v2\/tags?post=5131"}],"curies":[{"name":"wp","href":"https:\/\/api.w.org\/{rel}","templated":true}]}}