{"id":5076,"date":"2020-02-26T09:41:22","date_gmt":"2020-02-26T09:41:22","guid":{"rendered":"http:\/\/spriv.vojvodina.gov.rs\/2020\/02\/26\/programima-pokrajinskog-sekretarijata-za-privredu-i-turizam-u-cetvorogodisnjem-mandatu-zaposleno-vise-od-2-393-lica\/"},"modified":"2020-02-26T09:41:22","modified_gmt":"2020-02-26T09:41:22","slug":"programima-pokrajinskog-sekretarijata-za-privredu-i-turizam-u-cetvorogodisnjem-mandatu-zaposleno-vise-od-2-393-lica","status":"publish","type":"post","link":"https:\/\/spriv.vojvodina.gov.rs\/rs\/programima-pokrajinskog-sekretarijata-za-privredu-i-turizam-u-cetvorogodisnjem-mandatu-zaposleno-vise-od-2-393-lica\/","title":{"rendered":"Programima Pokrajinskog sekretarijata za privredu i turizam u \u010detvorogodi\u0161njem mandatu zaposleno vi\u0161e od 2.393 lica"},"content":{"rendered":"<p style=\"text-align: justify;\">Novi Sad, 26. februar 2020. \u2013 Pokrajinski sekretarijat za privredu i turizam sprovodi mere aktivne politike zapo\u0161ljavanja na teritoriji AP Vojvodine, na osnovu Pokrajinskog akcionog plana zapo\u0161ljavanja, kojim su unapred definisani ciljevi, prioriteti i utvr\u0111eni programi i mere kako bi se omogu\u0107ilo odr\u017eivo pove\u0107anje zaposlenosti u Vojvodini. Prioriteti Sekretarijata su otvaranje novih radnih mesta i smanjenje stope nezaposlenosti, ve\u0107e ulaganje u ljudske resurse, kao i promovisanje socijalne inkluzije i jednakih mogu\u0107nosti na tr\u017ei\u0161tu rada. Isti programi su sprovedeni zajedno sa Pokrajinskom filijalom Nacionalne slu\u017ebe za zapo\u0161ljavanje i lokalnim filijalama, pri \u010demu Sekretarijat posebno isti\u010de njihov rad i podr\u0161ku.<\/p>\n<p>O efektu mera Sekretarijata u domenu zapo\u0161ljavanja govori i statistika Nacionalne slu\u017ebe za zapo\u0161ljavanje o konstantnom smanjenju stope nezaposlenosti, po\u010dev od 2016. godine, kada se progresivno smanjivala, da bi aktuelna statistika pokazala trend smanjenja: 16,4 odsto u 2017. godini (26.341 lice), 14,4 odsto u 2018. godini (19.288 lica) i 11,3 odsto u 2019. godini (12.971 lice), \u0161to \u010dini kumulativnih 36,5 odsto u 2019. godini, u odnosu na 2016. godinu. Zahvaljuju\u0107i radu Pokrajinske vlade i Sekretarijata u ovom mandatu, nezaposlenost na teritoriji AP Vojvodine je na rekordno niskom nivou.<\/p>\n<p>Sekretarijat za privredu je i u protekle \u010detiri godine realizovao finansijsku podr\u0161ku u domenu zapo\u0161ljavanja nezaposlenih lica na evidenciji Nacionalne slu\u017ebe za zapo\u0161ljavanje kroz javne pozive za dodelu subvencija za samozapo\u0161ljavanje, zapo\u0161ljavanje nezaposlenih lica i sprovo\u0111enje javnih radova. U periodu od 2017. zaklju\u010dno sa 2019. godinom, Sekretarijat je dodelio 365 miliona dinara za sektor zapo\u0161ljavanja, \u0161to je direktno omogu\u0107ilo radno anga\u017eovanje oko 2.000 lica na teritoriji Vojvodine.<\/p>\n<p>U 2017. godini finansijskom podr\u0161kom Sekretarijata otvorena su nova radna mesta, te su sa ukupno 59,2 miliona dinara zaposlena 324 lica, dok je 120 lica bilo anga\u017eovano ukupnim sredstvima od 14,8 miliona dinara za javne radove. Naredne, 2018. godine, novim zapo\u0161ljavanjem je zaposleno 319 lica, a 115 u okviru javnih radova. U 2019. godini je podr\u017eano novo zapo\u0161ljavanje sa 48 miliona za 256 lica, a sa 10.7 miliona dinara anga\u017eovanje 76 osoba za javne radove na teritoriji Vojvodine.<\/p>\n<p>Sufinansirano je i zapo\u0161ljavanje preko 100 pripravnika realizacijom projekta \u201eNIS \u0161ansa\u201c u 2017. godini, a na osnovu Sporazuma sa kompanijom NIS. Sekretarijat je u sufinansiranju zapo\u0161ljavanja pripravnika u\u010destvovao sa oko 33 miliona dinara.<\/p>\n<p>Pored toga, u cilju delotvornijeg socijalnog dijaloga uspostavljanjem rada lokalnih socijalno-ekonomskih saveta, Pokrajinski sekretarijat je u 2019. godini namenski utro\u0161io ne\u0161to vi\u0161e od tri miliona dinara pomo\u0107u kojih je \u0161est op\u0161tina anga\u017eovalo koordinatora ili sekretara lokalnog saveta.<\/p>\n<p style=\"text-align: center;\"><img loading=\"lazy\" decoding=\"async\" class=\" size-full wp-image-5074\" src=\"http:\/\/spriv.vojvodina.gov.rs\/wp-content\/uploads\/2020\/02\/26-02-2020-zaposljavanje-1.jpg\" border=\"0\" alt=\"\" width=\"640\" height=\"427\" srcset=\"https:\/\/spriv.vojvodina.gov.rs\/wp-content\/uploads\/2020\/02\/26-02-2020-zaposljavanje-1.jpg 640w, https:\/\/spriv.vojvodina.gov.rs\/wp-content\/uploads\/2020\/02\/26-02-2020-zaposljavanje-1-300x200.jpg 300w\" sizes=\"auto, (max-width: 640px) 100vw, 640px\" \/><\/p>\n<p style=\"text-align: justify;\">U 2020. godini, Sekretarijat je opredelio 362.000 dinara po licu za samozapo\u0161ljavanje i to za lica sa polo\u017eenim stru\u010dnim ispitom ili licencom neophodnom za obavljanje delatnosti u skladu sa ste\u010denim obrazovanjem, za osobe sa invaliditetom i \u017eene, kao i za i u\u010desnike oru\u017eanih sukoba u periodu od 1990. do 1999. godine koji su vr\u0161ili vojne du\u017enosti radi odbrane srpskog naroda na teritoriji biv\u0161e SFRJ. Po 208.000 dinara bi\u0107e izdvojeno za sve ostale kategorije nezaposlenih lica i delatnosti, kao i za zapo\u0161ljavanje nezaposlenih lica. Sredstva namenjena za organizovanje javnih radova predvi\u0111ena su za nezaposlena lica po osnovu ugovora, u visini do 22.000 dinara na mese\u010dnom nivou srazmerno vremenu radnog anga\u017eovanja. Procenjuje se da \u0107e zahvaljuju\u0107i istim merama u 2020. godini biti zaposleno 216 lica, dok \u0107e oko 25 lica biti anga\u017eovano za javne radove.<\/p>\n<p>Tako\u0111e, u pomenutom \u010detvorogodi\u0161njem periodu, u privredi je dodeljeno 613 miliona dinara, dok je u resoru turizma dodeljeno ukupno 458 miliona dinara, i to za ukupno 1.362 privredna subjekta, preduzetnika i udru\u017eenja, na osnovu \u010dega smatramo da je broj radno anga\u017eovanih stanovnika sredstvima Pokrajinskog sekretarijata za privredu i turizam daleko ve\u0107i od 2.393 lica.<\/p>\n<p>Sekretarijat posebno isti\u010de i doprinos Razvojne agencije Vojvodine u domenu finansijske podr\u0161ke u oblasti zapo\u0161ljavljanja na teritoriji AP Vojvodine, putem mera br\u017eeg privrednog razvoja, pri \u010demu je Agencija izdvojila od 2017. zaklju\u010dno sa 2019. godinom ukupno 803,6 miliona dinara, u okviru ciklusa od \u010detiri konkursa, a zaposlena su 1.774 lica.<\/p>\n","protected":false},"excerpt":{"rendered":"Novi Sad, 26. februar 2020. \u2013 Pokrajinski sekretarijat za privredu i turizam sprovodi mere aktivne politike zapo\u0161ljavanja na teritoriji AP Vojvodine, na osnovu Pokrajinskog akcionog plana zapo\u0161ljavanja. Prioriteti Sekretarijata su otvaranje novih radnih mesta i smanjenje stope nezaposlenosti, ve\u0107e ulaganje u ljudske resurse, kao i promovisanje socijalne inkluzije i jednakih mogu\u0107nosti na tr\u017ei\u0161tu rada. Isti programi su sprovedeni zajedno sa Pokrajinskom filijalom Nacionalne slu\u017ebe za zapo\u0161ljavanje i lokalnim filijalama, pri \u010demu Sekretarijat posebno isti\u010de njihov rad i podr\u0161ku. Sekretarijat za privredu je i u protekle \u010detiri godine realizovao finansijsku podr\u0161ku u domenu zapo\u0161ljavanja nezaposlenih lica na evidenciji Nacionalne slu\u017ebe za zapo\u0161ljavanje kroz javne pozive za dodelu subvencija za samozapo\u0161ljavanje, zapo\u0161ljavanje nezaposlenih lica i sprovo\u0111enje javnih radova.\n<a class=\"moretag\" href=\"https:\/\/spriv.vojvodina.gov.rs\/rs\/programima-pokrajinskog-sekretarijata-za-privredu-i-turizam-u-cetvorogodisnjem-mandatu-zaposleno-vise-od-2-393-lica\/\"> [...]<\/a>","protected":false},"author":3,"featured_media":5073,"comment_status":"closed","ping_status":"closed","sticky":false,"template":"","format":"standard","meta":{"footnotes":""},"categories":[31],"tags":[],"class_list":["post-5076","post","type-post","status-publish","format-standard","has-post-thumbnail","hentry","category-vesti-latinica1"],"yoast_head":"<!-- This site is optimized with the Yoast SEO plugin v27.4 - https:\/\/yoast.com\/product\/yoast-seo-wordpress\/ -->\n<title>Programima Pokrajinskog sekretarijata za privredu i turizam u \u010detvorogodi\u0161njem mandatu zaposleno vi\u0161e od 2.393 lica - \u041f\u043e\u043a\u0440\u0430\u0458\u0438\u043d\u0441\u043a\u0438 \u0441\u0435\u043a\u0440\u0435\u0442\u0430\u0440\u0438\u0458\u0430\u0442 \u0437\u0430 \u043f\u0440\u0438\u0432\u0440\u0435\u0434\u0443 \u0438 \u0442\u0443\u0440\u0438\u0437\u0430\u043c<\/title>\n<meta name=\"robots\" content=\"index, follow, max-snippet:-1, max-image-preview:large, max-video-preview:-1\" \/>\n<link rel=\"canonical\" href=\"https:\/\/spriv.vojvodina.gov.rs\/rs\/programima-pokrajinskog-sekretarijata-za-privredu-i-turizam-u-cetvorogodisnjem-mandatu-zaposleno-vise-od-2-393-lica\/\" \/>\n<meta property=\"og:locale\" content=\"sr_RS\" \/>\n<meta property=\"og:type\" content=\"article\" \/>\n<meta property=\"og:title\" content=\"Programima Pokrajinskog sekretarijata za privredu i turizam u \u010detvorogodi\u0161njem mandatu zaposleno vi\u0161e od 2.393 lica - \u041f\u043e\u043a\u0440\u0430\u0458\u0438\u043d\u0441\u043a\u0438 \u0441\u0435\u043a\u0440\u0435\u0442\u0430\u0440\u0438\u0458\u0430\u0442 \u0437\u0430 \u043f\u0440\u0438\u0432\u0440\u0435\u0434\u0443 \u0438 \u0442\u0443\u0440\u0438\u0437\u0430\u043c\" \/>\n<meta property=\"og:description\" content=\"Novi Sad, 26. februar 2020. \u2013 Pokrajinski sekretarijat za privredu i turizam sprovodi mere aktivne politike zapo\u0161ljavanja na teritoriji AP Vojvodine, na osnovu Pokrajinskog akcionog plana zapo\u0161ljavanja. Prioriteti Sekretarijata su otvaranje novih radnih mesta i smanjenje stope nezaposlenosti, ve\u0107e ulaganje u ljudske resurse, kao i promovisanje socijalne inkluzije i jednakih mogu\u0107nosti na tr\u017ei\u0161tu rada. Isti programi su sprovedeni zajedno sa Pokrajinskom filijalom Nacionalne slu\u017ebe za zapo\u0161ljavanje i lokalnim filijalama, pri \u010demu Sekretarijat posebno isti\u010de njihov rad i podr\u0161ku. Sekretarijat za privredu je i u protekle \u010detiri godine realizovao finansijsku podr\u0161ku u domenu zapo\u0161ljavanja nezaposlenih lica na evidenciji Nacionalne slu\u017ebe za zapo\u0161ljavanje kroz javne pozive za dodelu subvencija za samozapo\u0161ljavanje, zapo\u0161ljavanje nezaposlenih lica i sprovo\u0111enje javnih radova.\" \/>\n<meta property=\"og:url\" content=\"https:\/\/spriv.vojvodina.gov.rs\/rs\/programima-pokrajinskog-sekretarijata-za-privredu-i-turizam-u-cetvorogodisnjem-mandatu-zaposleno-vise-od-2-393-lica\/\" \/>\n<meta property=\"og:site_name\" content=\"\u041f\u043e\u043a\u0440\u0430\u0458\u0438\u043d\u0441\u043a\u0438 \u0441\u0435\u043a\u0440\u0435\u0442\u0430\u0440\u0438\u0458\u0430\u0442 \u0437\u0430 \u043f\u0440\u0438\u0432\u0440\u0435\u0434\u0443 \u0438 \u0442\u0443\u0440\u0438\u0437\u0430\u043c\" \/>\n<meta property=\"article:published_time\" content=\"2020-02-26T09:41:22+00:00\" \/>\n<meta property=\"og:image\" content=\"https:\/\/spriv.vojvodina.gov.rs\/wp-content\/uploads\/2020\/02\/26-02-2020-zaposljavanje-150x100.jpg\" \/>\n\t<meta property=\"og:image:width\" content=\"150\" \/>\n\t<meta property=\"og:image:height\" content=\"100\" \/>\n\t<meta property=\"og:image:type\" content=\"image\/jpeg\" \/>\n<meta name=\"author\" content=\"Sonja Babi\u0107\" \/>\n<meta name=\"twitter:card\" content=\"summary_large_image\" \/>\n<meta name=\"twitter:label1\" content=\"\u041d\u0430\u043f\u0438\u0441\u0430\u043d\u043e \u043e\u0434\" \/>\n\t<meta name=\"twitter:data1\" content=\"Sonja Babi\u0107\" \/>\n\t<meta name=\"twitter:label2\" content=\"\u041f\u0440\u043e\u0446\u0435\u045a\u0435\u043d\u043e \u0432\u0440\u0435\u043c\u0435 \u0447\u0438\u0442\u0430\u045a\u0430\" \/>\n\t<meta name=\"twitter:data2\" content=\"3 \u043c\u0438\u043d\u0443\u0442\u0430\" \/>\n<script type=\"application\/ld+json\" class=\"yoast-schema-graph\">{\"@context\":\"https:\\\/\\\/schema.org\",\"@graph\":[{\"@type\":\"Article\",\"@id\":\"https:\\\/\\\/spriv.vojvodina.gov.rs\\\/rs\\\/programima-pokrajinskog-sekretarijata-za-privredu-i-turizam-u-cetvorogodisnjem-mandatu-zaposleno-vise-od-2-393-lica\\\/#article\",\"isPartOf\":{\"@id\":\"https:\\\/\\\/spriv.vojvodina.gov.rs\\\/rs\\\/programima-pokrajinskog-sekretarijata-za-privredu-i-turizam-u-cetvorogodisnjem-mandatu-zaposleno-vise-od-2-393-lica\\\/\"},\"author\":{\"name\":\"Sonja Babi\u0107\",\"@id\":\"https:\\\/\\\/spriv.vojvodina.gov.rs\\\/#\\\/schema\\\/person\\\/749ef4f57fbb458f1c759e7a4fa78485\"},\"headline\":\"Programima Pokrajinskog sekretarijata za privredu i turizam u \u010detvorogodi\u0161njem mandatu zaposleno vi\u0161e od 2.393 lica\",\"datePublished\":\"2020-02-26T09:41:22+00:00\",\"mainEntityOfPage\":{\"@id\":\"https:\\\/\\\/spriv.vojvodina.gov.rs\\\/rs\\\/programima-pokrajinskog-sekretarijata-za-privredu-i-turizam-u-cetvorogodisnjem-mandatu-zaposleno-vise-od-2-393-lica\\\/\"},\"wordCount\":671,\"image\":{\"@id\":\"https:\\\/\\\/spriv.vojvodina.gov.rs\\\/rs\\\/programima-pokrajinskog-sekretarijata-za-privredu-i-turizam-u-cetvorogodisnjem-mandatu-zaposleno-vise-od-2-393-lica\\\/#primaryimage\"},\"thumbnailUrl\":\"https:\\\/\\\/spriv.vojvodina.gov.rs\\\/wp-content\\\/uploads\\\/2020\\\/02\\\/26-02-2020-zaposljavanje-150x100.jpg\",\"articleSection\":[\"Vesti Latinica\"],\"inLanguage\":\"sr-RS\"},{\"@type\":\"WebPage\",\"@id\":\"https:\\\/\\\/spriv.vojvodina.gov.rs\\\/rs\\\/programima-pokrajinskog-sekretarijata-za-privredu-i-turizam-u-cetvorogodisnjem-mandatu-zaposleno-vise-od-2-393-lica\\\/\",\"url\":\"https:\\\/\\\/spriv.vojvodina.gov.rs\\\/rs\\\/programima-pokrajinskog-sekretarijata-za-privredu-i-turizam-u-cetvorogodisnjem-mandatu-zaposleno-vise-od-2-393-lica\\\/\",\"name\":\"Programima Pokrajinskog sekretarijata za privredu i turizam u \u010detvorogodi\u0161njem mandatu zaposleno vi\u0161e od 2.393 lica - \u041f\u043e\u043a\u0440\u0430\u0458\u0438\u043d\u0441\u043a\u0438 \u0441\u0435\u043a\u0440\u0435\u0442\u0430\u0440\u0438\u0458\u0430\u0442 \u0437\u0430 \u043f\u0440\u0438\u0432\u0440\u0435\u0434\u0443 \u0438 \u0442\u0443\u0440\u0438\u0437\u0430\u043c\",\"isPartOf\":{\"@id\":\"https:\\\/\\\/spriv.vojvodina.gov.rs\\\/#website\"},\"primaryImageOfPage\":{\"@id\":\"https:\\\/\\\/spriv.vojvodina.gov.rs\\\/rs\\\/programima-pokrajinskog-sekretarijata-za-privredu-i-turizam-u-cetvorogodisnjem-mandatu-zaposleno-vise-od-2-393-lica\\\/#primaryimage\"},\"image\":{\"@id\":\"https:\\\/\\\/spriv.vojvodina.gov.rs\\\/rs\\\/programima-pokrajinskog-sekretarijata-za-privredu-i-turizam-u-cetvorogodisnjem-mandatu-zaposleno-vise-od-2-393-lica\\\/#primaryimage\"},\"thumbnailUrl\":\"https:\\\/\\\/spriv.vojvodina.gov.rs\\\/wp-content\\\/uploads\\\/2020\\\/02\\\/26-02-2020-zaposljavanje-150x100.jpg\",\"datePublished\":\"2020-02-26T09:41:22+00:00\",\"author\":{\"@id\":\"https:\\\/\\\/spriv.vojvodina.gov.rs\\\/#\\\/schema\\\/person\\\/749ef4f57fbb458f1c759e7a4fa78485\"},\"breadcrumb\":{\"@id\":\"https:\\\/\\\/spriv.vojvodina.gov.rs\\\/rs\\\/programima-pokrajinskog-sekretarijata-za-privredu-i-turizam-u-cetvorogodisnjem-mandatu-zaposleno-vise-od-2-393-lica\\\/#breadcrumb\"},\"inLanguage\":\"sr-RS\",\"potentialAction\":[{\"@type\":\"ReadAction\",\"target\":[\"https:\\\/\\\/spriv.vojvodina.gov.rs\\\/rs\\\/programima-pokrajinskog-sekretarijata-za-privredu-i-turizam-u-cetvorogodisnjem-mandatu-zaposleno-vise-od-2-393-lica\\\/\"]}]},{\"@type\":\"ImageObject\",\"inLanguage\":\"sr-RS\",\"@id\":\"https:\\\/\\\/spriv.vojvodina.gov.rs\\\/rs\\\/programima-pokrajinskog-sekretarijata-za-privredu-i-turizam-u-cetvorogodisnjem-mandatu-zaposleno-vise-od-2-393-lica\\\/#primaryimage\",\"url\":\"https:\\\/\\\/spriv.vojvodina.gov.rs\\\/wp-content\\\/uploads\\\/2020\\\/02\\\/26-02-2020-zaposljavanje-150x100.jpg\",\"contentUrl\":\"https:\\\/\\\/spriv.vojvodina.gov.rs\\\/wp-content\\\/uploads\\\/2020\\\/02\\\/26-02-2020-zaposljavanje-150x100.jpg\",\"width\":150,\"height\":100},{\"@type\":\"BreadcrumbList\",\"@id\":\"https:\\\/\\\/spriv.vojvodina.gov.rs\\\/rs\\\/programima-pokrajinskog-sekretarijata-za-privredu-i-turizam-u-cetvorogodisnjem-mandatu-zaposleno-vise-od-2-393-lica\\\/#breadcrumb\",\"itemListElement\":[{\"@type\":\"ListItem\",\"position\":1,\"name\":\"Home\",\"item\":\"https:\\\/\\\/spriv.vojvodina.gov.rs\\\/\"},{\"@type\":\"ListItem\",\"position\":2,\"name\":\"Programima Pokrajinskog sekretarijata za privredu i turizam u \u010detvorogodi\u0161njem mandatu zaposleno vi\u0161e od 2.393 lica\"}]},{\"@type\":\"WebSite\",\"@id\":\"https:\\\/\\\/spriv.vojvodina.gov.rs\\\/#website\",\"url\":\"https:\\\/\\\/spriv.vojvodina.gov.rs\\\/\",\"name\":\"\u041f\u043e\u043a\u0440\u0430\u0458\u0438\u043d\u0441\u043a\u0438 \u0441\u0435\u043a\u0440\u0435\u0442\u0430\u0440\u0438\u0458\u0430\u0442 \u0437\u0430 \u043f\u0440\u0438\u0432\u0440\u0435\u0434\u0443 \u0438 \u0442\u0443\u0440\u0438\u0437\u0430\u043c\",\"description\":\"\u041f\u043e\u043a\u0440\u0430\u0458\u0438\u043d\u0441\u043a\u0438 \u0441\u0435\u043a\u0440\u0435\u0442\u0430\u0440\u0438\u0458\u0430\u0442 \u0437\u0430 \u043f\u0440\u0438\u0432\u0440\u0435\u0434\u0443 \u0438 \u0442\u0443\u0440\u0438\u0437\u0430\u043c\",\"potentialAction\":[{\"@type\":\"SearchAction\",\"target\":{\"@type\":\"EntryPoint\",\"urlTemplate\":\"https:\\\/\\\/spriv.vojvodina.gov.rs\\\/?s={search_term_string}\"},\"query-input\":{\"@type\":\"PropertyValueSpecification\",\"valueRequired\":true,\"valueName\":\"search_term_string\"}}],\"inLanguage\":\"sr-RS\"},{\"@type\":\"Person\",\"@id\":\"https:\\\/\\\/spriv.vojvodina.gov.rs\\\/#\\\/schema\\\/person\\\/749ef4f57fbb458f1c759e7a4fa78485\",\"name\":\"Sonja Babi\u0107\",\"image\":{\"@type\":\"ImageObject\",\"inLanguage\":\"sr-RS\",\"@id\":\"https:\\\/\\\/secure.gravatar.com\\\/avatar\\\/00a1d182a20a59067af1e7b1c31cbcc3be1a456ee4b27746580e120c2582e5bd?s=96&d=mm&r=g\",\"url\":\"https:\\\/\\\/secure.gravatar.com\\\/avatar\\\/00a1d182a20a59067af1e7b1c31cbcc3be1a456ee4b27746580e120c2582e5bd?s=96&d=mm&r=g\",\"contentUrl\":\"https:\\\/\\\/secure.gravatar.com\\\/avatar\\\/00a1d182a20a59067af1e7b1c31cbcc3be1a456ee4b27746580e120c2582e5bd?s=96&d=mm&r=g\",\"caption\":\"Sonja Babi\u0107\"},\"url\":\"https:\\\/\\\/spriv.vojvodina.gov.rs\\\/rs\\\/author\\\/sonja-babic\\\/\"}]}<\/script>\n<!-- \/ Yoast SEO plugin. -->","yoast_head_json":{"title":"Programima Pokrajinskog sekretarijata za privredu i turizam u \u010detvorogodi\u0161njem mandatu zaposleno vi\u0161e od 2.393 lica - \u041f\u043e\u043a\u0440\u0430\u0458\u0438\u043d\u0441\u043a\u0438 \u0441\u0435\u043a\u0440\u0435\u0442\u0430\u0440\u0438\u0458\u0430\u0442 \u0437\u0430 \u043f\u0440\u0438\u0432\u0440\u0435\u0434\u0443 \u0438 \u0442\u0443\u0440\u0438\u0437\u0430\u043c","robots":{"index":"index","follow":"follow","max-snippet":"max-snippet:-1","max-image-preview":"max-image-preview:large","max-video-preview":"max-video-preview:-1"},"canonical":"https:\/\/spriv.vojvodina.gov.rs\/rs\/programima-pokrajinskog-sekretarijata-za-privredu-i-turizam-u-cetvorogodisnjem-mandatu-zaposleno-vise-od-2-393-lica\/","og_locale":"sr_RS","og_type":"article","og_title":"Programima Pokrajinskog sekretarijata za privredu i turizam u \u010detvorogodi\u0161njem mandatu zaposleno vi\u0161e od 2.393 lica - \u041f\u043e\u043a\u0440\u0430\u0458\u0438\u043d\u0441\u043a\u0438 \u0441\u0435\u043a\u0440\u0435\u0442\u0430\u0440\u0438\u0458\u0430\u0442 \u0437\u0430 \u043f\u0440\u0438\u0432\u0440\u0435\u0434\u0443 \u0438 \u0442\u0443\u0440\u0438\u0437\u0430\u043c","og_description":"Novi Sad, 26. februar 2020. \u2013 Pokrajinski sekretarijat za privredu i turizam sprovodi mere aktivne politike zapo\u0161ljavanja na teritoriji AP Vojvodine, na osnovu Pokrajinskog akcionog plana zapo\u0161ljavanja. Prioriteti Sekretarijata su otvaranje novih radnih mesta i smanjenje stope nezaposlenosti, ve\u0107e ulaganje u ljudske resurse, kao i promovisanje socijalne inkluzije i jednakih mogu\u0107nosti na tr\u017ei\u0161tu rada. Isti programi su sprovedeni zajedno sa Pokrajinskom filijalom Nacionalne slu\u017ebe za zapo\u0161ljavanje i lokalnim filijalama, pri \u010demu Sekretarijat posebno isti\u010de njihov rad i podr\u0161ku. Sekretarijat za privredu je i u protekle \u010detiri godine realizovao finansijsku podr\u0161ku u domenu zapo\u0161ljavanja nezaposlenih lica na evidenciji Nacionalne slu\u017ebe za zapo\u0161ljavanje kroz javne pozive za dodelu subvencija za samozapo\u0161ljavanje, zapo\u0161ljavanje nezaposlenih lica i sprovo\u0111enje javnih radova.","og_url":"https:\/\/spriv.vojvodina.gov.rs\/rs\/programima-pokrajinskog-sekretarijata-za-privredu-i-turizam-u-cetvorogodisnjem-mandatu-zaposleno-vise-od-2-393-lica\/","og_site_name":"\u041f\u043e\u043a\u0440\u0430\u0458\u0438\u043d\u0441\u043a\u0438 \u0441\u0435\u043a\u0440\u0435\u0442\u0430\u0440\u0438\u0458\u0430\u0442 \u0437\u0430 \u043f\u0440\u0438\u0432\u0440\u0435\u0434\u0443 \u0438 \u0442\u0443\u0440\u0438\u0437\u0430\u043c","article_published_time":"2020-02-26T09:41:22+00:00","og_image":[{"width":150,"height":100,"url":"https:\/\/spriv.vojvodina.gov.rs\/wp-content\/uploads\/2020\/02\/26-02-2020-zaposljavanje-150x100.jpg","type":"image\/jpeg"}],"author":"Sonja Babi\u0107","twitter_card":"summary_large_image","twitter_misc":{"\u041d\u0430\u043f\u0438\u0441\u0430\u043d\u043e \u043e\u0434":"Sonja Babi\u0107","\u041f\u0440\u043e\u0446\u0435\u045a\u0435\u043d\u043e \u0432\u0440\u0435\u043c\u0435 \u0447\u0438\u0442\u0430\u045a\u0430":"3 \u043c\u0438\u043d\u0443\u0442\u0430"},"schema":{"@context":"https:\/\/schema.org","@graph":[{"@type":"Article","@id":"https:\/\/spriv.vojvodina.gov.rs\/rs\/programima-pokrajinskog-sekretarijata-za-privredu-i-turizam-u-cetvorogodisnjem-mandatu-zaposleno-vise-od-2-393-lica\/#article","isPartOf":{"@id":"https:\/\/spriv.vojvodina.gov.rs\/rs\/programima-pokrajinskog-sekretarijata-za-privredu-i-turizam-u-cetvorogodisnjem-mandatu-zaposleno-vise-od-2-393-lica\/"},"author":{"name":"Sonja Babi\u0107","@id":"https:\/\/spriv.vojvodina.gov.rs\/#\/schema\/person\/749ef4f57fbb458f1c759e7a4fa78485"},"headline":"Programima Pokrajinskog sekretarijata za privredu i turizam u \u010detvorogodi\u0161njem mandatu zaposleno vi\u0161e od 2.393 lica","datePublished":"2020-02-26T09:41:22+00:00","mainEntityOfPage":{"@id":"https:\/\/spriv.vojvodina.gov.rs\/rs\/programima-pokrajinskog-sekretarijata-za-privredu-i-turizam-u-cetvorogodisnjem-mandatu-zaposleno-vise-od-2-393-lica\/"},"wordCount":671,"image":{"@id":"https:\/\/spriv.vojvodina.gov.rs\/rs\/programima-pokrajinskog-sekretarijata-za-privredu-i-turizam-u-cetvorogodisnjem-mandatu-zaposleno-vise-od-2-393-lica\/#primaryimage"},"thumbnailUrl":"https:\/\/spriv.vojvodina.gov.rs\/wp-content\/uploads\/2020\/02\/26-02-2020-zaposljavanje-150x100.jpg","articleSection":["Vesti Latinica"],"inLanguage":"sr-RS"},{"@type":"WebPage","@id":"https:\/\/spriv.vojvodina.gov.rs\/rs\/programima-pokrajinskog-sekretarijata-za-privredu-i-turizam-u-cetvorogodisnjem-mandatu-zaposleno-vise-od-2-393-lica\/","url":"https:\/\/spriv.vojvodina.gov.rs\/rs\/programima-pokrajinskog-sekretarijata-za-privredu-i-turizam-u-cetvorogodisnjem-mandatu-zaposleno-vise-od-2-393-lica\/","name":"Programima Pokrajinskog sekretarijata za privredu i turizam u \u010detvorogodi\u0161njem mandatu zaposleno vi\u0161e od 2.393 lica - \u041f\u043e\u043a\u0440\u0430\u0458\u0438\u043d\u0441\u043a\u0438 \u0441\u0435\u043a\u0440\u0435\u0442\u0430\u0440\u0438\u0458\u0430\u0442 \u0437\u0430 \u043f\u0440\u0438\u0432\u0440\u0435\u0434\u0443 \u0438 \u0442\u0443\u0440\u0438\u0437\u0430\u043c","isPartOf":{"@id":"https:\/\/spriv.vojvodina.gov.rs\/#website"},"primaryImageOfPage":{"@id":"https:\/\/spriv.vojvodina.gov.rs\/rs\/programima-pokrajinskog-sekretarijata-za-privredu-i-turizam-u-cetvorogodisnjem-mandatu-zaposleno-vise-od-2-393-lica\/#primaryimage"},"image":{"@id":"https:\/\/spriv.vojvodina.gov.rs\/rs\/programima-pokrajinskog-sekretarijata-za-privredu-i-turizam-u-cetvorogodisnjem-mandatu-zaposleno-vise-od-2-393-lica\/#primaryimage"},"thumbnailUrl":"https:\/\/spriv.vojvodina.gov.rs\/wp-content\/uploads\/2020\/02\/26-02-2020-zaposljavanje-150x100.jpg","datePublished":"2020-02-26T09:41:22+00:00","author":{"@id":"https:\/\/spriv.vojvodina.gov.rs\/#\/schema\/person\/749ef4f57fbb458f1c759e7a4fa78485"},"breadcrumb":{"@id":"https:\/\/spriv.vojvodina.gov.rs\/rs\/programima-pokrajinskog-sekretarijata-za-privredu-i-turizam-u-cetvorogodisnjem-mandatu-zaposleno-vise-od-2-393-lica\/#breadcrumb"},"inLanguage":"sr-RS","potentialAction":[{"@type":"ReadAction","target":["https:\/\/spriv.vojvodina.gov.rs\/rs\/programima-pokrajinskog-sekretarijata-za-privredu-i-turizam-u-cetvorogodisnjem-mandatu-zaposleno-vise-od-2-393-lica\/"]}]},{"@type":"ImageObject","inLanguage":"sr-RS","@id":"https:\/\/spriv.vojvodina.gov.rs\/rs\/programima-pokrajinskog-sekretarijata-za-privredu-i-turizam-u-cetvorogodisnjem-mandatu-zaposleno-vise-od-2-393-lica\/#primaryimage","url":"https:\/\/spriv.vojvodina.gov.rs\/wp-content\/uploads\/2020\/02\/26-02-2020-zaposljavanje-150x100.jpg","contentUrl":"https:\/\/spriv.vojvodina.gov.rs\/wp-content\/uploads\/2020\/02\/26-02-2020-zaposljavanje-150x100.jpg","width":150,"height":100},{"@type":"BreadcrumbList","@id":"https:\/\/spriv.vojvodina.gov.rs\/rs\/programima-pokrajinskog-sekretarijata-za-privredu-i-turizam-u-cetvorogodisnjem-mandatu-zaposleno-vise-od-2-393-lica\/#breadcrumb","itemListElement":[{"@type":"ListItem","position":1,"name":"Home","item":"https:\/\/spriv.vojvodina.gov.rs\/"},{"@type":"ListItem","position":2,"name":"Programima Pokrajinskog sekretarijata za privredu i turizam u \u010detvorogodi\u0161njem mandatu zaposleno vi\u0161e od 2.393 lica"}]},{"@type":"WebSite","@id":"https:\/\/spriv.vojvodina.gov.rs\/#website","url":"https:\/\/spriv.vojvodina.gov.rs\/","name":"\u041f\u043e\u043a\u0440\u0430\u0458\u0438\u043d\u0441\u043a\u0438 \u0441\u0435\u043a\u0440\u0435\u0442\u0430\u0440\u0438\u0458\u0430\u0442 \u0437\u0430 \u043f\u0440\u0438\u0432\u0440\u0435\u0434\u0443 \u0438 \u0442\u0443\u0440\u0438\u0437\u0430\u043c","description":"\u041f\u043e\u043a\u0440\u0430\u0458\u0438\u043d\u0441\u043a\u0438 \u0441\u0435\u043a\u0440\u0435\u0442\u0430\u0440\u0438\u0458\u0430\u0442 \u0437\u0430 \u043f\u0440\u0438\u0432\u0440\u0435\u0434\u0443 \u0438 \u0442\u0443\u0440\u0438\u0437\u0430\u043c","potentialAction":[{"@type":"SearchAction","target":{"@type":"EntryPoint","urlTemplate":"https:\/\/spriv.vojvodina.gov.rs\/?s={search_term_string}"},"query-input":{"@type":"PropertyValueSpecification","valueRequired":true,"valueName":"search_term_string"}}],"inLanguage":"sr-RS"},{"@type":"Person","@id":"https:\/\/spriv.vojvodina.gov.rs\/#\/schema\/person\/749ef4f57fbb458f1c759e7a4fa78485","name":"Sonja Babi\u0107","image":{"@type":"ImageObject","inLanguage":"sr-RS","@id":"https:\/\/secure.gravatar.com\/avatar\/00a1d182a20a59067af1e7b1c31cbcc3be1a456ee4b27746580e120c2582e5bd?s=96&d=mm&r=g","url":"https:\/\/secure.gravatar.com\/avatar\/00a1d182a20a59067af1e7b1c31cbcc3be1a456ee4b27746580e120c2582e5bd?s=96&d=mm&r=g","contentUrl":"https:\/\/secure.gravatar.com\/avatar\/00a1d182a20a59067af1e7b1c31cbcc3be1a456ee4b27746580e120c2582e5bd?s=96&d=mm&r=g","caption":"Sonja Babi\u0107"},"url":"https:\/\/spriv.vojvodina.gov.rs\/rs\/author\/sonja-babic\/"}]}},"_links":{"self":[{"href":"https:\/\/spriv.vojvodina.gov.rs\/rs\/wp-json\/wp\/v2\/posts\/5076","targetHints":{"allow":["GET"]}}],"collection":[{"href":"https:\/\/spriv.vojvodina.gov.rs\/rs\/wp-json\/wp\/v2\/posts"}],"about":[{"href":"https:\/\/spriv.vojvodina.gov.rs\/rs\/wp-json\/wp\/v2\/types\/post"}],"author":[{"embeddable":true,"href":"https:\/\/spriv.vojvodina.gov.rs\/rs\/wp-json\/wp\/v2\/users\/3"}],"replies":[{"embeddable":true,"href":"https:\/\/spriv.vojvodina.gov.rs\/rs\/wp-json\/wp\/v2\/comments?post=5076"}],"version-history":[{"count":0,"href":"https:\/\/spriv.vojvodina.gov.rs\/rs\/wp-json\/wp\/v2\/posts\/5076\/revisions"}],"wp:featuredmedia":[{"embeddable":true,"href":"https:\/\/spriv.vojvodina.gov.rs\/rs\/wp-json\/wp\/v2\/media\/5073"}],"wp:attachment":[{"href":"https:\/\/spriv.vojvodina.gov.rs\/rs\/wp-json\/wp\/v2\/media?parent=5076"}],"wp:term":[{"taxonomy":"category","embeddable":true,"href":"https:\/\/spriv.vojvodina.gov.rs\/rs\/wp-json\/wp\/v2\/categories?post=5076"},{"taxonomy":"post_tag","embeddable":true,"href":"https:\/\/spriv.vojvodina.gov.rs\/rs\/wp-json\/wp\/v2\/tags?post=5076"}],"curies":[{"name":"wp","href":"https:\/\/api.w.org\/{rel}","templated":true}]}}