{"id":4961,"date":"2019-12-09T10:25:57","date_gmt":"2019-12-09T10:25:57","guid":{"rendered":"http:\/\/spriv.vojvodina.gov.rs\/2019\/12\/09\/potpredsednik-dokovic-na-prijemu-delegacije-univerziteta-u-sendzenu-guangdung-u-poslovnom-inkubatoru-novi-sad\/"},"modified":"2019-12-09T10:25:57","modified_gmt":"2019-12-09T10:25:57","slug":"potpredsednik-dokovic-na-prijemu-delegacije-univerziteta-u-sendzenu-guangdung-u-poslovnom-inkubatoru-novi-sad","status":"publish","type":"post","link":"https:\/\/spriv.vojvodina.gov.rs\/rs\/potpredsednik-dokovic-na-prijemu-delegacije-univerziteta-u-sendzenu-guangdung-u-poslovnom-inkubatoru-novi-sad\/","title":{"rendered":"Potpredsednik \u0110okovi\u0107 na prijemu delegacije Univerziteta u \u0160end\u017eenu, Guangdung, u Poslovnom inkubatoru Novi Sad"},"content":{"rendered":"<p style=\"text-align: center;\">\u00a0<span class=\"datum\"><img loading=\"lazy\" decoding=\"async\" class=\" size-full wp-image-4954\" src=\"http:\/\/spriv.vojvodina.gov.rs\/wp-content\/uploads\/2019\/12\/09-12-2019-Shenzhen-1-640x427.jpg\" border=\"0\" alt=\"\" width=\"640\" height=\"427\" srcset=\"https:\/\/spriv.vojvodina.gov.rs\/wp-content\/uploads\/2019\/12\/09-12-2019-Shenzhen-1-640x427.jpg 640w, https:\/\/spriv.vojvodina.gov.rs\/wp-content\/uploads\/2019\/12\/09-12-2019-Shenzhen-1-640x427-300x200.jpg 300w\" sizes=\"auto, (max-width: 640px) 100vw, 640px\" \/><\/span><\/p>\n<p style=\"text-align: justify;\"><span class=\"datum\">Novi Sad, 9. decembar 2019. &#8211; Potpredsednik Pokrajinske vlade i pokrajinski sekretar za privredu i turizam Ivan \u0110okovi\u0107 sastao se danas sa delegacijom Univerziteta u \u0160end\u017eenu, Pokrajina Guangdung, NR Kina, koju predvodi rektor Li Kingkuan. Delegacija boravi u AP Vojvodini i gradu Novom Sadu, na poziv Univerziteta u Novom Sadu.<\/span><\/p>\n<p style=\"text-align: center;\"><img loading=\"lazy\" decoding=\"async\" class=\" size-full wp-image-4955\" src=\"http:\/\/spriv.vojvodina.gov.rs\/wp-content\/uploads\/2019\/12\/09-12-2019-Shenzhen-2-640x427.jpg\" border=\"0\" alt=\"\" width=\"640\" height=\"427\" srcset=\"https:\/\/spriv.vojvodina.gov.rs\/wp-content\/uploads\/2019\/12\/09-12-2019-Shenzhen-2-640x427.jpg 640w, https:\/\/spriv.vojvodina.gov.rs\/wp-content\/uploads\/2019\/12\/09-12-2019-Shenzhen-2-640x427-300x200.jpg 300w\" sizes=\"auto, (max-width: 640px) 100vw, 640px\" \/><\/p>\n<p style=\"text-align: justify;\">U\u010desnici dana\u0161njeg susreta, uprili\u010denom u Poslovnom inkubatoru Novi Sad, diskutovali su o temama od obostranog interesa, prevashodno o razmeni iskustava u domenu privrede i nauke, te o umre\u017eavanju univerziteta u Novom Sadu i \u0160end\u017eenu, posebno u pogledu postdiplomskih studija, doktorskih studija i programa, nau\u010dnoistra\u017eiva\u010dkih projekata i razmene studenata. Delegacija iz NR Kine je prethodno obi\u0161la Univerzitet u Novom Sadu i vi\u0161e fakulteta.<\/p>\n<p>\u010cinjenica da je grad \u0160end\u017een u svetu poznat i kao grad nebodera, koji je za svega \u010detrdeset godina od ribarskog naselja prerastao u ekonomski i tehnolo\u0161ki centar kako u Pokrajini Guangdung, tako i u celoj Kini, sa preko 12 miliona stanovnika, iskazao interesovanje da se na univerzitetskom i nau\u010dnom nivou pove\u017ee sa Univerzitetom u Novom Sadu, strate\u0161ki je korak ka efikasnijoj i celishodnijoj saradnji u budu\u0107nosti.<\/p>\n<p style=\"text-align: center;\"><img loading=\"lazy\" decoding=\"async\" class=\" size-full wp-image-4956\" src=\"http:\/\/spriv.vojvodina.gov.rs\/wp-content\/uploads\/2019\/12\/09-12-2019-Shenzhen-3-640x427.jpg\" border=\"0\" alt=\"\" width=\"640\" height=\"427\" srcset=\"https:\/\/spriv.vojvodina.gov.rs\/wp-content\/uploads\/2019\/12\/09-12-2019-Shenzhen-3-640x427.jpg 640w, https:\/\/spriv.vojvodina.gov.rs\/wp-content\/uploads\/2019\/12\/09-12-2019-Shenzhen-3-640x427-300x200.jpg 300w\" sizes=\"auto, (max-width: 640px) 100vw, 640px\" \/><\/p>\n<p style=\"text-align: center;\"><img loading=\"lazy\" decoding=\"async\" class=\" size-full wp-image-4957\" src=\"http:\/\/spriv.vojvodina.gov.rs\/wp-content\/uploads\/2019\/12\/09-12-2019-Shenzhen-5-640x427.jpg\" border=\"0\" alt=\"\" width=\"640\" height=\"427\" srcset=\"https:\/\/spriv.vojvodina.gov.rs\/wp-content\/uploads\/2019\/12\/09-12-2019-Shenzhen-5-640x427.jpg 640w, https:\/\/spriv.vojvodina.gov.rs\/wp-content\/uploads\/2019\/12\/09-12-2019-Shenzhen-5-640x427-300x200.jpg 300w\" sizes=\"auto, (max-width: 640px) 100vw, 640px\" \/><\/p>\n<p style=\"text-align: justify;\">Potpredsednik \u0110okovi\u0107 je istakao da je poseta visoke delegacije Univerziteta u \u0160end\u017eenu veoma zna\u010dajna, posebno sa aspekta da je taj grad u Guangdungu, sestrinskoj pokrajini AP Vojvodine.<\/p>\n<p>,,\u0160end\u017een je jedan od vode\u0107ih tehnolo\u0161ko-inovacionih centara u Kini, u kom je sedi\u0161te i \u010duvene kompanije \u201eHuawei\u201c, a u gradu Dunguanu nalazi se i \u201eHuawei R&amp;D Campus\u201c, izgra\u0111en po principu evropskih nau\u010dno-tehnolo\u0161kih tematskih kampusa, inspirisan kulturno-istorijskim obele\u017ejima Evrope, koji je namenjen stru\u010dnom osoblju za istra\u017eivanje i razvoj NR Kine. Delegacija sa Univerziteta tog grada je veoma zainteresovana za saradnju na postdiplomskim i doktorskim studijama, kao i za razmenu postiplomaca, \u0161to bi zaista moglo da oplemeni AP Vojvodinu i njene kadrove u akademskom smislu&#8220;, rekao je \u0110okovi\u0107 podsetiv\u0161i prisutne na \u010dinjenicu da su Guangdung i Vojvodina sestre pokrajine, te da su potpisani sporazumi o saradnji na mnogim poljima.<\/p>\n<p style=\"text-align: center;\"><img loading=\"lazy\" decoding=\"async\" class=\" size-full wp-image-4958\" src=\"http:\/\/spriv.vojvodina.gov.rs\/wp-content\/uploads\/2019\/12\/09-12-2019-Shenzhen-6-640x427.jpg\" border=\"0\" alt=\"\" width=\"640\" height=\"427\" srcset=\"https:\/\/spriv.vojvodina.gov.rs\/wp-content\/uploads\/2019\/12\/09-12-2019-Shenzhen-6-640x427.jpg 640w, https:\/\/spriv.vojvodina.gov.rs\/wp-content\/uploads\/2019\/12\/09-12-2019-Shenzhen-6-640x427-300x200.jpg 300w\" sizes=\"auto, (max-width: 640px) 100vw, 640px\" \/><\/p>\n<p style=\"text-align: justify;\">\u0110okovi\u0107 je dodao da je u pripremi i otvaranje kancelarije AP Vojvodine u gradu Guangd\u017eou, u Pokrajini Guangdung, \u0161to \u0107e umnogome unaprediti i ubrzati postoje\u0107u saradnju dveju pokrajina.<\/p>\n<p style=\"text-align: center;\"><img loading=\"lazy\" decoding=\"async\" class=\" size-full wp-image-4959\" src=\"http:\/\/spriv.vojvodina.gov.rs\/wp-content\/uploads\/2019\/12\/09-12-2019-Shenzhen-7-640x427.jpg\" border=\"0\" alt=\"\" width=\"640\" height=\"427\" srcset=\"https:\/\/spriv.vojvodina.gov.rs\/wp-content\/uploads\/2019\/12\/09-12-2019-Shenzhen-7-640x427.jpg 640w, https:\/\/spriv.vojvodina.gov.rs\/wp-content\/uploads\/2019\/12\/09-12-2019-Shenzhen-7-640x427-300x200.jpg 300w\" sizes=\"auto, (max-width: 640px) 100vw, 640px\" \/><\/p>\n","protected":false},"excerpt":{"rendered":" Novi Sad, 9. decembar 2019. &#8211; Potpredsednik Pokrajinske vlade i pokrajinski sekretar za privredu i turizam Ivan \u0110okovi\u0107 sastao se danas sa delegacijom Univerziteta u \u0160end\u017eenu, Pokrajina Guangdung, NR Kina, koju predvodi rektor Li Kingkuan. Delegacija boravi u AP Vojvodini i gradu Novom Sadu, na poziv Univerziteta u Novom Sadu. Potpredsednik \u0110okovi\u0107 je istakao da je poseta visoke delegacije Univerziteta u \u0160end\u017eenu veoma zna\u010dajna, posebno sa aspekta da je taj grad u Guangdungu, sestrinskoj pokrajini AP Vojvodine.\n<a class=\"moretag\" href=\"https:\/\/spriv.vojvodina.gov.rs\/rs\/potpredsednik-dokovic-na-prijemu-delegacije-univerziteta-u-sendzenu-guangdung-u-poslovnom-inkubatoru-novi-sad\/\"> [...]<\/a>","protected":false},"author":3,"featured_media":4953,"comment_status":"closed","ping_status":"closed","sticky":false,"template":"","format":"standard","meta":{"footnotes":""},"categories":[31],"tags":[],"class_list":["post-4961","post","type-post","status-publish","format-standard","has-post-thumbnail","hentry","category-vesti-latinica1"],"yoast_head":"<!-- This site is optimized with the Yoast SEO plugin v27.4 - https:\/\/yoast.com\/product\/yoast-seo-wordpress\/ -->\n<title>Potpredsednik \u0110okovi\u0107 na prijemu delegacije Univerziteta u \u0160end\u017eenu, Guangdung, u Poslovnom inkubatoru Novi Sad - \u041f\u043e\u043a\u0440\u0430\u0458\u0438\u043d\u0441\u043a\u0438 \u0441\u0435\u043a\u0440\u0435\u0442\u0430\u0440\u0438\u0458\u0430\u0442 \u0437\u0430 \u043f\u0440\u0438\u0432\u0440\u0435\u0434\u0443 \u0438 \u0442\u0443\u0440\u0438\u0437\u0430\u043c<\/title>\n<meta name=\"robots\" content=\"index, follow, max-snippet:-1, max-image-preview:large, max-video-preview:-1\" \/>\n<link rel=\"canonical\" href=\"https:\/\/spriv.vojvodina.gov.rs\/rs\/potpredsednik-dokovic-na-prijemu-delegacije-univerziteta-u-sendzenu-guangdung-u-poslovnom-inkubatoru-novi-sad\/\" \/>\n<meta property=\"og:locale\" content=\"sr_RS\" \/>\n<meta property=\"og:type\" content=\"article\" \/>\n<meta property=\"og:title\" content=\"Potpredsednik \u0110okovi\u0107 na prijemu delegacije Univerziteta u \u0160end\u017eenu, Guangdung, u Poslovnom inkubatoru Novi Sad - \u041f\u043e\u043a\u0440\u0430\u0458\u0438\u043d\u0441\u043a\u0438 \u0441\u0435\u043a\u0440\u0435\u0442\u0430\u0440\u0438\u0458\u0430\u0442 \u0437\u0430 \u043f\u0440\u0438\u0432\u0440\u0435\u0434\u0443 \u0438 \u0442\u0443\u0440\u0438\u0437\u0430\u043c\" \/>\n<meta property=\"og:description\" content=\"Novi Sad, 9. decembar 2019. - Potpredsednik Pokrajinske vlade i pokrajinski sekretar za privredu i turizam Ivan \u0110okovi\u0107 sastao se danas sa delegacijom Univerziteta u \u0160end\u017eenu, Pokrajina Guangdung, NR Kina, koju predvodi rektor Li Kingkuan. Delegacija boravi u AP Vojvodini i gradu Novom Sadu, na poziv Univerziteta u Novom Sadu. Potpredsednik \u0110okovi\u0107 je istakao da je poseta visoke delegacije Univerziteta u \u0160end\u017eenu veoma zna\u010dajna, posebno sa aspekta da je taj grad u Guangdungu, sestrinskoj pokrajini AP Vojvodine.\" \/>\n<meta property=\"og:url\" content=\"https:\/\/spriv.vojvodina.gov.rs\/potpredsednik-dokovic-na-prijemu-delegacije-univerziteta-u-sendzenu-guangdung-u-poslovnom-inkubatoru-novi-sad\/\" \/>\n<meta property=\"og:site_name\" content=\"\u041f\u043e\u043a\u0440\u0430\u0458\u0438\u043d\u0441\u043a\u0438 \u0441\u0435\u043a\u0440\u0435\u0442\u0430\u0440\u0438\u0458\u0430\u0442 \u0437\u0430 \u043f\u0440\u0438\u0432\u0440\u0435\u0434\u0443 \u0438 \u0442\u0443\u0440\u0438\u0437\u0430\u043c\" \/>\n<meta property=\"article:published_time\" content=\"2019-12-09T10:25:57+00:00\" \/>\n<meta property=\"og:image\" content=\"https:\/\/spriv.vojvodina.gov.rs\/wp-content\/uploads\/2019\/12\/09-12-2019-Shenzhen-mala-150x100.jpg\" \/>\n\t<meta property=\"og:image:width\" content=\"150\" \/>\n\t<meta property=\"og:image:height\" content=\"100\" \/>\n\t<meta property=\"og:image:type\" content=\"image\/jpeg\" \/>\n<meta name=\"author\" content=\"Sonja Babi\u0107\" \/>\n<meta name=\"twitter:card\" content=\"summary_large_image\" \/>\n<meta name=\"twitter:label1\" content=\"\u041d\u0430\u043f\u0438\u0441\u0430\u043d\u043e \u043e\u0434\" \/>\n\t<meta name=\"twitter:data1\" content=\"Sonja Babi\u0107\" \/>\n\t<meta name=\"twitter:label2\" content=\"\u041f\u0440\u043e\u0446\u0435\u045a\u0435\u043d\u043e \u0432\u0440\u0435\u043c\u0435 \u0447\u0438\u0442\u0430\u045a\u0430\" \/>\n\t<meta name=\"twitter:data2\" content=\"2 \u043c\u0438\u043d\u0443\u0442\u0430\" \/>\n<script type=\"application\/ld+json\" class=\"yoast-schema-graph\">{\"@context\":\"https:\\\/\\\/schema.org\",\"@graph\":[{\"@type\":\"Article\",\"@id\":\"https:\\\/\\\/spriv.vojvodina.gov.rs\\\/potpredsednik-dokovic-na-prijemu-delegacije-univerziteta-u-sendzenu-guangdung-u-poslovnom-inkubatoru-novi-sad\\\/#article\",\"isPartOf\":{\"@id\":\"https:\\\/\\\/spriv.vojvodina.gov.rs\\\/potpredsednik-dokovic-na-prijemu-delegacije-univerziteta-u-sendzenu-guangdung-u-poslovnom-inkubatoru-novi-sad\\\/\"},\"author\":{\"name\":\"Sonja Babi\u0107\",\"@id\":\"https:\\\/\\\/spriv.vojvodina.gov.rs\\\/#\\\/schema\\\/person\\\/749ef4f57fbb458f1c759e7a4fa78485\"},\"headline\":\"Potpredsednik \u0110okovi\u0107 na prijemu delegacije Univerziteta u \u0160end\u017eenu, Guangdung, u Poslovnom inkubatoru Novi Sad\",\"datePublished\":\"2019-12-09T10:25:57+00:00\",\"mainEntityOfPage\":{\"@id\":\"https:\\\/\\\/spriv.vojvodina.gov.rs\\\/potpredsednik-dokovic-na-prijemu-delegacije-univerziteta-u-sendzenu-guangdung-u-poslovnom-inkubatoru-novi-sad\\\/\"},\"wordCount\":386,\"image\":{\"@id\":\"https:\\\/\\\/spriv.vojvodina.gov.rs\\\/potpredsednik-dokovic-na-prijemu-delegacije-univerziteta-u-sendzenu-guangdung-u-poslovnom-inkubatoru-novi-sad\\\/#primaryimage\"},\"thumbnailUrl\":\"https:\\\/\\\/spriv.vojvodina.gov.rs\\\/wp-content\\\/uploads\\\/2019\\\/12\\\/09-12-2019-Shenzhen-mala-150x100.jpg\",\"articleSection\":[\"Vesti Latinica\"],\"inLanguage\":\"sr-RS\"},{\"@type\":\"WebPage\",\"@id\":\"https:\\\/\\\/spriv.vojvodina.gov.rs\\\/potpredsednik-dokovic-na-prijemu-delegacije-univerziteta-u-sendzenu-guangdung-u-poslovnom-inkubatoru-novi-sad\\\/\",\"url\":\"https:\\\/\\\/spriv.vojvodina.gov.rs\\\/potpredsednik-dokovic-na-prijemu-delegacije-univerziteta-u-sendzenu-guangdung-u-poslovnom-inkubatoru-novi-sad\\\/\",\"name\":\"Potpredsednik \u0110okovi\u0107 na prijemu delegacije Univerziteta u \u0160end\u017eenu, Guangdung, u Poslovnom inkubatoru Novi Sad - \u041f\u043e\u043a\u0440\u0430\u0458\u0438\u043d\u0441\u043a\u0438 \u0441\u0435\u043a\u0440\u0435\u0442\u0430\u0440\u0438\u0458\u0430\u0442 \u0437\u0430 \u043f\u0440\u0438\u0432\u0440\u0435\u0434\u0443 \u0438 \u0442\u0443\u0440\u0438\u0437\u0430\u043c\",\"isPartOf\":{\"@id\":\"https:\\\/\\\/spriv.vojvodina.gov.rs\\\/#website\"},\"primaryImageOfPage\":{\"@id\":\"https:\\\/\\\/spriv.vojvodina.gov.rs\\\/potpredsednik-dokovic-na-prijemu-delegacije-univerziteta-u-sendzenu-guangdung-u-poslovnom-inkubatoru-novi-sad\\\/#primaryimage\"},\"image\":{\"@id\":\"https:\\\/\\\/spriv.vojvodina.gov.rs\\\/potpredsednik-dokovic-na-prijemu-delegacije-univerziteta-u-sendzenu-guangdung-u-poslovnom-inkubatoru-novi-sad\\\/#primaryimage\"},\"thumbnailUrl\":\"https:\\\/\\\/spriv.vojvodina.gov.rs\\\/wp-content\\\/uploads\\\/2019\\\/12\\\/09-12-2019-Shenzhen-mala-150x100.jpg\",\"datePublished\":\"2019-12-09T10:25:57+00:00\",\"author\":{\"@id\":\"https:\\\/\\\/spriv.vojvodina.gov.rs\\\/#\\\/schema\\\/person\\\/749ef4f57fbb458f1c759e7a4fa78485\"},\"breadcrumb\":{\"@id\":\"https:\\\/\\\/spriv.vojvodina.gov.rs\\\/potpredsednik-dokovic-na-prijemu-delegacije-univerziteta-u-sendzenu-guangdung-u-poslovnom-inkubatoru-novi-sad\\\/#breadcrumb\"},\"inLanguage\":\"sr-RS\",\"potentialAction\":[{\"@type\":\"ReadAction\",\"target\":[\"https:\\\/\\\/spriv.vojvodina.gov.rs\\\/potpredsednik-dokovic-na-prijemu-delegacije-univerziteta-u-sendzenu-guangdung-u-poslovnom-inkubatoru-novi-sad\\\/\"]}]},{\"@type\":\"ImageObject\",\"inLanguage\":\"sr-RS\",\"@id\":\"https:\\\/\\\/spriv.vojvodina.gov.rs\\\/potpredsednik-dokovic-na-prijemu-delegacije-univerziteta-u-sendzenu-guangdung-u-poslovnom-inkubatoru-novi-sad\\\/#primaryimage\",\"url\":\"https:\\\/\\\/spriv.vojvodina.gov.rs\\\/wp-content\\\/uploads\\\/2019\\\/12\\\/09-12-2019-Shenzhen-mala-150x100.jpg\",\"contentUrl\":\"https:\\\/\\\/spriv.vojvodina.gov.rs\\\/wp-content\\\/uploads\\\/2019\\\/12\\\/09-12-2019-Shenzhen-mala-150x100.jpg\",\"width\":150,\"height\":100},{\"@type\":\"BreadcrumbList\",\"@id\":\"https:\\\/\\\/spriv.vojvodina.gov.rs\\\/potpredsednik-dokovic-na-prijemu-delegacije-univerziteta-u-sendzenu-guangdung-u-poslovnom-inkubatoru-novi-sad\\\/#breadcrumb\",\"itemListElement\":[{\"@type\":\"ListItem\",\"position\":1,\"name\":\"Home\",\"item\":\"https:\\\/\\\/spriv.vojvodina.gov.rs\\\/\"},{\"@type\":\"ListItem\",\"position\":2,\"name\":\"Potpredsednik \u0110okovi\u0107 na prijemu delegacije Univerziteta u \u0160end\u017eenu, Guangdung, u Poslovnom inkubatoru Novi Sad\"}]},{\"@type\":\"WebSite\",\"@id\":\"https:\\\/\\\/spriv.vojvodina.gov.rs\\\/#website\",\"url\":\"https:\\\/\\\/spriv.vojvodina.gov.rs\\\/\",\"name\":\"\u041f\u043e\u043a\u0440\u0430\u0458\u0438\u043d\u0441\u043a\u0438 \u0441\u0435\u043a\u0440\u0435\u0442\u0430\u0440\u0438\u0458\u0430\u0442 \u0437\u0430 \u043f\u0440\u0438\u0432\u0440\u0435\u0434\u0443 \u0438 \u0442\u0443\u0440\u0438\u0437\u0430\u043c\",\"description\":\"\u041f\u043e\u043a\u0440\u0430\u0458\u0438\u043d\u0441\u043a\u0438 \u0441\u0435\u043a\u0440\u0435\u0442\u0430\u0440\u0438\u0458\u0430\u0442 \u0437\u0430 \u043f\u0440\u0438\u0432\u0440\u0435\u0434\u0443 \u0438 \u0442\u0443\u0440\u0438\u0437\u0430\u043c\",\"potentialAction\":[{\"@type\":\"SearchAction\",\"target\":{\"@type\":\"EntryPoint\",\"urlTemplate\":\"https:\\\/\\\/spriv.vojvodina.gov.rs\\\/?s={search_term_string}\"},\"query-input\":{\"@type\":\"PropertyValueSpecification\",\"valueRequired\":true,\"valueName\":\"search_term_string\"}}],\"inLanguage\":\"sr-RS\"},{\"@type\":\"Person\",\"@id\":\"https:\\\/\\\/spriv.vojvodina.gov.rs\\\/#\\\/schema\\\/person\\\/749ef4f57fbb458f1c759e7a4fa78485\",\"name\":\"Sonja Babi\u0107\",\"image\":{\"@type\":\"ImageObject\",\"inLanguage\":\"sr-RS\",\"@id\":\"https:\\\/\\\/secure.gravatar.com\\\/avatar\\\/00a1d182a20a59067af1e7b1c31cbcc3be1a456ee4b27746580e120c2582e5bd?s=96&d=mm&r=g\",\"url\":\"https:\\\/\\\/secure.gravatar.com\\\/avatar\\\/00a1d182a20a59067af1e7b1c31cbcc3be1a456ee4b27746580e120c2582e5bd?s=96&d=mm&r=g\",\"contentUrl\":\"https:\\\/\\\/secure.gravatar.com\\\/avatar\\\/00a1d182a20a59067af1e7b1c31cbcc3be1a456ee4b27746580e120c2582e5bd?s=96&d=mm&r=g\",\"caption\":\"Sonja Babi\u0107\"},\"url\":\"https:\\\/\\\/spriv.vojvodina.gov.rs\\\/rs\\\/author\\\/sonja-babic\\\/\"}]}<\/script>\n<!-- \/ Yoast SEO plugin. -->","yoast_head_json":{"title":"Potpredsednik \u0110okovi\u0107 na prijemu delegacije Univerziteta u \u0160end\u017eenu, Guangdung, u Poslovnom inkubatoru Novi Sad - \u041f\u043e\u043a\u0440\u0430\u0458\u0438\u043d\u0441\u043a\u0438 \u0441\u0435\u043a\u0440\u0435\u0442\u0430\u0440\u0438\u0458\u0430\u0442 \u0437\u0430 \u043f\u0440\u0438\u0432\u0440\u0435\u0434\u0443 \u0438 \u0442\u0443\u0440\u0438\u0437\u0430\u043c","robots":{"index":"index","follow":"follow","max-snippet":"max-snippet:-1","max-image-preview":"max-image-preview:large","max-video-preview":"max-video-preview:-1"},"canonical":"https:\/\/spriv.vojvodina.gov.rs\/rs\/potpredsednik-dokovic-na-prijemu-delegacije-univerziteta-u-sendzenu-guangdung-u-poslovnom-inkubatoru-novi-sad\/","og_locale":"sr_RS","og_type":"article","og_title":"Potpredsednik \u0110okovi\u0107 na prijemu delegacije Univerziteta u \u0160end\u017eenu, Guangdung, u Poslovnom inkubatoru Novi Sad - \u041f\u043e\u043a\u0440\u0430\u0458\u0438\u043d\u0441\u043a\u0438 \u0441\u0435\u043a\u0440\u0435\u0442\u0430\u0440\u0438\u0458\u0430\u0442 \u0437\u0430 \u043f\u0440\u0438\u0432\u0440\u0435\u0434\u0443 \u0438 \u0442\u0443\u0440\u0438\u0437\u0430\u043c","og_description":"Novi Sad, 9. decembar 2019. - Potpredsednik Pokrajinske vlade i pokrajinski sekretar za privredu i turizam Ivan \u0110okovi\u0107 sastao se danas sa delegacijom Univerziteta u \u0160end\u017eenu, Pokrajina Guangdung, NR Kina, koju predvodi rektor Li Kingkuan. Delegacija boravi u AP Vojvodini i gradu Novom Sadu, na poziv Univerziteta u Novom Sadu. Potpredsednik \u0110okovi\u0107 je istakao da je poseta visoke delegacije Univerziteta u \u0160end\u017eenu veoma zna\u010dajna, posebno sa aspekta da je taj grad u Guangdungu, sestrinskoj pokrajini AP Vojvodine.","og_url":"https:\/\/spriv.vojvodina.gov.rs\/potpredsednik-dokovic-na-prijemu-delegacije-univerziteta-u-sendzenu-guangdung-u-poslovnom-inkubatoru-novi-sad\/","og_site_name":"\u041f\u043e\u043a\u0440\u0430\u0458\u0438\u043d\u0441\u043a\u0438 \u0441\u0435\u043a\u0440\u0435\u0442\u0430\u0440\u0438\u0458\u0430\u0442 \u0437\u0430 \u043f\u0440\u0438\u0432\u0440\u0435\u0434\u0443 \u0438 \u0442\u0443\u0440\u0438\u0437\u0430\u043c","article_published_time":"2019-12-09T10:25:57+00:00","og_image":[{"width":150,"height":100,"url":"https:\/\/spriv.vojvodina.gov.rs\/wp-content\/uploads\/2019\/12\/09-12-2019-Shenzhen-mala-150x100.jpg","type":"image\/jpeg"}],"author":"Sonja Babi\u0107","twitter_card":"summary_large_image","twitter_misc":{"\u041d\u0430\u043f\u0438\u0441\u0430\u043d\u043e \u043e\u0434":"Sonja Babi\u0107","\u041f\u0440\u043e\u0446\u0435\u045a\u0435\u043d\u043e \u0432\u0440\u0435\u043c\u0435 \u0447\u0438\u0442\u0430\u045a\u0430":"2 \u043c\u0438\u043d\u0443\u0442\u0430"},"schema":{"@context":"https:\/\/schema.org","@graph":[{"@type":"Article","@id":"https:\/\/spriv.vojvodina.gov.rs\/potpredsednik-dokovic-na-prijemu-delegacije-univerziteta-u-sendzenu-guangdung-u-poslovnom-inkubatoru-novi-sad\/#article","isPartOf":{"@id":"https:\/\/spriv.vojvodina.gov.rs\/potpredsednik-dokovic-na-prijemu-delegacije-univerziteta-u-sendzenu-guangdung-u-poslovnom-inkubatoru-novi-sad\/"},"author":{"name":"Sonja Babi\u0107","@id":"https:\/\/spriv.vojvodina.gov.rs\/#\/schema\/person\/749ef4f57fbb458f1c759e7a4fa78485"},"headline":"Potpredsednik \u0110okovi\u0107 na prijemu delegacije Univerziteta u \u0160end\u017eenu, Guangdung, u Poslovnom inkubatoru Novi Sad","datePublished":"2019-12-09T10:25:57+00:00","mainEntityOfPage":{"@id":"https:\/\/spriv.vojvodina.gov.rs\/potpredsednik-dokovic-na-prijemu-delegacije-univerziteta-u-sendzenu-guangdung-u-poslovnom-inkubatoru-novi-sad\/"},"wordCount":386,"image":{"@id":"https:\/\/spriv.vojvodina.gov.rs\/potpredsednik-dokovic-na-prijemu-delegacije-univerziteta-u-sendzenu-guangdung-u-poslovnom-inkubatoru-novi-sad\/#primaryimage"},"thumbnailUrl":"https:\/\/spriv.vojvodina.gov.rs\/wp-content\/uploads\/2019\/12\/09-12-2019-Shenzhen-mala-150x100.jpg","articleSection":["Vesti Latinica"],"inLanguage":"sr-RS"},{"@type":"WebPage","@id":"https:\/\/spriv.vojvodina.gov.rs\/potpredsednik-dokovic-na-prijemu-delegacije-univerziteta-u-sendzenu-guangdung-u-poslovnom-inkubatoru-novi-sad\/","url":"https:\/\/spriv.vojvodina.gov.rs\/potpredsednik-dokovic-na-prijemu-delegacije-univerziteta-u-sendzenu-guangdung-u-poslovnom-inkubatoru-novi-sad\/","name":"Potpredsednik \u0110okovi\u0107 na prijemu delegacije Univerziteta u \u0160end\u017eenu, Guangdung, u Poslovnom inkubatoru Novi Sad - \u041f\u043e\u043a\u0440\u0430\u0458\u0438\u043d\u0441\u043a\u0438 \u0441\u0435\u043a\u0440\u0435\u0442\u0430\u0440\u0438\u0458\u0430\u0442 \u0437\u0430 \u043f\u0440\u0438\u0432\u0440\u0435\u0434\u0443 \u0438 \u0442\u0443\u0440\u0438\u0437\u0430\u043c","isPartOf":{"@id":"https:\/\/spriv.vojvodina.gov.rs\/#website"},"primaryImageOfPage":{"@id":"https:\/\/spriv.vojvodina.gov.rs\/potpredsednik-dokovic-na-prijemu-delegacije-univerziteta-u-sendzenu-guangdung-u-poslovnom-inkubatoru-novi-sad\/#primaryimage"},"image":{"@id":"https:\/\/spriv.vojvodina.gov.rs\/potpredsednik-dokovic-na-prijemu-delegacije-univerziteta-u-sendzenu-guangdung-u-poslovnom-inkubatoru-novi-sad\/#primaryimage"},"thumbnailUrl":"https:\/\/spriv.vojvodina.gov.rs\/wp-content\/uploads\/2019\/12\/09-12-2019-Shenzhen-mala-150x100.jpg","datePublished":"2019-12-09T10:25:57+00:00","author":{"@id":"https:\/\/spriv.vojvodina.gov.rs\/#\/schema\/person\/749ef4f57fbb458f1c759e7a4fa78485"},"breadcrumb":{"@id":"https:\/\/spriv.vojvodina.gov.rs\/potpredsednik-dokovic-na-prijemu-delegacije-univerziteta-u-sendzenu-guangdung-u-poslovnom-inkubatoru-novi-sad\/#breadcrumb"},"inLanguage":"sr-RS","potentialAction":[{"@type":"ReadAction","target":["https:\/\/spriv.vojvodina.gov.rs\/potpredsednik-dokovic-na-prijemu-delegacije-univerziteta-u-sendzenu-guangdung-u-poslovnom-inkubatoru-novi-sad\/"]}]},{"@type":"ImageObject","inLanguage":"sr-RS","@id":"https:\/\/spriv.vojvodina.gov.rs\/potpredsednik-dokovic-na-prijemu-delegacije-univerziteta-u-sendzenu-guangdung-u-poslovnom-inkubatoru-novi-sad\/#primaryimage","url":"https:\/\/spriv.vojvodina.gov.rs\/wp-content\/uploads\/2019\/12\/09-12-2019-Shenzhen-mala-150x100.jpg","contentUrl":"https:\/\/spriv.vojvodina.gov.rs\/wp-content\/uploads\/2019\/12\/09-12-2019-Shenzhen-mala-150x100.jpg","width":150,"height":100},{"@type":"BreadcrumbList","@id":"https:\/\/spriv.vojvodina.gov.rs\/potpredsednik-dokovic-na-prijemu-delegacije-univerziteta-u-sendzenu-guangdung-u-poslovnom-inkubatoru-novi-sad\/#breadcrumb","itemListElement":[{"@type":"ListItem","position":1,"name":"Home","item":"https:\/\/spriv.vojvodina.gov.rs\/"},{"@type":"ListItem","position":2,"name":"Potpredsednik \u0110okovi\u0107 na prijemu delegacije Univerziteta u \u0160end\u017eenu, Guangdung, u Poslovnom inkubatoru Novi Sad"}]},{"@type":"WebSite","@id":"https:\/\/spriv.vojvodina.gov.rs\/#website","url":"https:\/\/spriv.vojvodina.gov.rs\/","name":"\u041f\u043e\u043a\u0440\u0430\u0458\u0438\u043d\u0441\u043a\u0438 \u0441\u0435\u043a\u0440\u0435\u0442\u0430\u0440\u0438\u0458\u0430\u0442 \u0437\u0430 \u043f\u0440\u0438\u0432\u0440\u0435\u0434\u0443 \u0438 \u0442\u0443\u0440\u0438\u0437\u0430\u043c","description":"\u041f\u043e\u043a\u0440\u0430\u0458\u0438\u043d\u0441\u043a\u0438 \u0441\u0435\u043a\u0440\u0435\u0442\u0430\u0440\u0438\u0458\u0430\u0442 \u0437\u0430 \u043f\u0440\u0438\u0432\u0440\u0435\u0434\u0443 \u0438 \u0442\u0443\u0440\u0438\u0437\u0430\u043c","potentialAction":[{"@type":"SearchAction","target":{"@type":"EntryPoint","urlTemplate":"https:\/\/spriv.vojvodina.gov.rs\/?s={search_term_string}"},"query-input":{"@type":"PropertyValueSpecification","valueRequired":true,"valueName":"search_term_string"}}],"inLanguage":"sr-RS"},{"@type":"Person","@id":"https:\/\/spriv.vojvodina.gov.rs\/#\/schema\/person\/749ef4f57fbb458f1c759e7a4fa78485","name":"Sonja Babi\u0107","image":{"@type":"ImageObject","inLanguage":"sr-RS","@id":"https:\/\/secure.gravatar.com\/avatar\/00a1d182a20a59067af1e7b1c31cbcc3be1a456ee4b27746580e120c2582e5bd?s=96&d=mm&r=g","url":"https:\/\/secure.gravatar.com\/avatar\/00a1d182a20a59067af1e7b1c31cbcc3be1a456ee4b27746580e120c2582e5bd?s=96&d=mm&r=g","contentUrl":"https:\/\/secure.gravatar.com\/avatar\/00a1d182a20a59067af1e7b1c31cbcc3be1a456ee4b27746580e120c2582e5bd?s=96&d=mm&r=g","caption":"Sonja Babi\u0107"},"url":"https:\/\/spriv.vojvodina.gov.rs\/rs\/author\/sonja-babic\/"}]}},"_links":{"self":[{"href":"https:\/\/spriv.vojvodina.gov.rs\/rs\/wp-json\/wp\/v2\/posts\/4961","targetHints":{"allow":["GET"]}}],"collection":[{"href":"https:\/\/spriv.vojvodina.gov.rs\/rs\/wp-json\/wp\/v2\/posts"}],"about":[{"href":"https:\/\/spriv.vojvodina.gov.rs\/rs\/wp-json\/wp\/v2\/types\/post"}],"author":[{"embeddable":true,"href":"https:\/\/spriv.vojvodina.gov.rs\/rs\/wp-json\/wp\/v2\/users\/3"}],"replies":[{"embeddable":true,"href":"https:\/\/spriv.vojvodina.gov.rs\/rs\/wp-json\/wp\/v2\/comments?post=4961"}],"version-history":[{"count":0,"href":"https:\/\/spriv.vojvodina.gov.rs\/rs\/wp-json\/wp\/v2\/posts\/4961\/revisions"}],"wp:featuredmedia":[{"embeddable":true,"href":"https:\/\/spriv.vojvodina.gov.rs\/rs\/wp-json\/wp\/v2\/media\/4953"}],"wp:attachment":[{"href":"https:\/\/spriv.vojvodina.gov.rs\/rs\/wp-json\/wp\/v2\/media?parent=4961"}],"wp:term":[{"taxonomy":"category","embeddable":true,"href":"https:\/\/spriv.vojvodina.gov.rs\/rs\/wp-json\/wp\/v2\/categories?post=4961"},{"taxonomy":"post_tag","embeddable":true,"href":"https:\/\/spriv.vojvodina.gov.rs\/rs\/wp-json\/wp\/v2\/tags?post=4961"}],"curies":[{"name":"wp","href":"https:\/\/api.w.org\/{rel}","templated":true}]}}