{"id":4838,"date":"2019-10-18T21:07:42","date_gmt":"2019-10-18T21:07:42","guid":{"rendered":"http:\/\/spriv.vojvodina.gov.rs\/2019\/10\/18\/otvoren-cetvrti-po-redu-novosadski-oktoberfest-na-novosadskom-sajmu\/"},"modified":"2019-10-18T21:07:42","modified_gmt":"2019-10-18T21:07:42","slug":"otvoren-cetvrti-po-redu-novosadski-oktoberfest-na-novosadskom-sajmu","status":"publish","type":"post","link":"https:\/\/spriv.vojvodina.gov.rs\/rs\/otvoren-cetvrti-po-redu-novosadski-oktoberfest-na-novosadskom-sajmu\/","title":{"rendered":"Otvoren \u010detvrti po redu ,,Novosadski oktoberfest\u201c na Novosadskom sajmu"},"content":{"rendered":"<p style=\"text-align: center;\"><img loading=\"lazy\" decoding=\"async\" class=\" size-full wp-image-4832\" src=\"http:\/\/spriv.vojvodina.gov.rs\/wp-content\/uploads\/2019\/10\/18-10-2019-Oktoberfest-2019-1.JPG\" border=\"0\" alt=\"\" width=\"600\" height=\"400\" srcset=\"https:\/\/spriv.vojvodina.gov.rs\/wp-content\/uploads\/2019\/10\/18-10-2019-Oktoberfest-2019-1.JPG 600w, https:\/\/spriv.vojvodina.gov.rs\/wp-content\/uploads\/2019\/10\/18-10-2019-Oktoberfest-2019-1-300x200.jpg 300w\" sizes=\"auto, (max-width: 600px) 100vw, 600px\" \/><\/p>\n<p style=\"text-align: justify;\">Novi Sad, 18. oktobar 2019. &#8211; Simboli\u010dnim otvaranjem prvog pivskog bureta, ve\u010deras je sve\u010dano otvoren \u010detvrti po redu ,,Novosadski Oktoberfest\u201c na Novosadskom sajmu. Ova dvodnevna manifestacija od velikog zna\u010daja za turisti\u010dku privredu Srbije i AP Vojvodine, tokom prethodne tri godine okupila je preko 15 hiljada posetilaca, mno\u0161tvo izlaga\u010da, predstavnika najpoznatijih pivara i stotine zanatskih pivara, kao i proizvo\u0111a\u010de hrane.<\/p>\n<p>Organizatori su i ove godine posetiocima omogu\u0107ili da pored pivskih giganata i 21 male pivare, prate nastupe poznatih muzi\u010dara iz zemlje i regiona, razna takmi\u010denja, kao i takmi\u010denje neafirmisanih bendova.<\/p>\n<p style=\"text-align: center;\"><img loading=\"lazy\" decoding=\"async\" class=\" size-full wp-image-4833\" src=\"http:\/\/spriv.vojvodina.gov.rs\/wp-content\/uploads\/2019\/10\/18-10-2019-Oktoberfest-2019-4.JPG\" border=\"0\" alt=\"\" width=\"600\" height=\"400\" srcset=\"https:\/\/spriv.vojvodina.gov.rs\/wp-content\/uploads\/2019\/10\/18-10-2019-Oktoberfest-2019-4.JPG 600w, https:\/\/spriv.vojvodina.gov.rs\/wp-content\/uploads\/2019\/10\/18-10-2019-Oktoberfest-2019-4-300x200.jpg 300w\" sizes=\"auto, (max-width: 600px) 100vw, 600px\" \/><\/p>\n<p style=\"text-align: justify;\">Podr\u0161ku ovoj manifestaciji pru\u017eaju Pokrajinski sekretarijat za privredu i turizam, Grad Novi Sad, Ambasada Nema\u010dke u Republici Srbiji i Nema\u010dko-srpska privredna komora.<\/p>\n<p>Potpredsednik Pokrajinske vlade i pokrajinski sekretar za privredu i turizam, Ivan \u0110okovi\u0107, naglasio je da je ,,Novosadski oktoberfest&#8220; za svega nekoliko godina postao svojevrsni turisti\u010dki proizvod i deo kulturnog miljea, ne samo Novog Sada, ve\u0107 i Srbije, a ovoj tvrdnji ide u prilog i \u010dinjenica da je ova svetska manifestacija u Novom Sadu uvr\u0161tena u deset najboljih ,,Oktoberfest\u201c manifestacija koje se odr\u017eavaju u \u010ditavom svetu.<\/p>\n<p style=\"text-align: center;\"><img loading=\"lazy\" decoding=\"async\" class=\" size-full wp-image-4834\" src=\"http:\/\/spriv.vojvodina.gov.rs\/wp-content\/uploads\/2019\/10\/18-10-2019-Oktoberfest-2019-2.JPG\" border=\"0\" alt=\"\" width=\"600\" height=\"400\" srcset=\"https:\/\/spriv.vojvodina.gov.rs\/wp-content\/uploads\/2019\/10\/18-10-2019-Oktoberfest-2019-2.JPG 600w, https:\/\/spriv.vojvodina.gov.rs\/wp-content\/uploads\/2019\/10\/18-10-2019-Oktoberfest-2019-2-300x200.jpg 300w\" sizes=\"auto, (max-width: 600px) 100vw, 600px\" \/><\/p>\n<p style=\"text-align: justify;\">,,Organizatori Color Media Communications i Novosadski sajam \u010detvrti put za redom su pokazali da je Novi Sad zauzeo zna\u010dajno mesto na turisti\u010dkoj mapi Evrope. Statistika pokazuje da su prisutni posetioci i iz Azije, a porasla je i prodaja ulaznica za ovu manifestaciju. Novi Sad, koji s pravom nosi i zaslu\u017euje titulu evropske prestonice kulture, jeste grad koji spaja istok i zapad, sever i jug, kapitalizam i socijalizam, Aziju i Evropu\u201c, dodao je \u0110okovi\u0107.<\/p>\n<p style=\"text-align: center;\"><img loading=\"lazy\" decoding=\"async\" class=\" size-full wp-image-4835\" src=\"http:\/\/spriv.vojvodina.gov.rs\/wp-content\/uploads\/2019\/10\/18-10-2019-Oktoberfest-2019-5.JPG\" border=\"0\" alt=\"\" width=\"600\" height=\"400\" srcset=\"https:\/\/spriv.vojvodina.gov.rs\/wp-content\/uploads\/2019\/10\/18-10-2019-Oktoberfest-2019-5.JPG 600w, https:\/\/spriv.vojvodina.gov.rs\/wp-content\/uploads\/2019\/10\/18-10-2019-Oktoberfest-2019-5-300x200.jpg 300w\" sizes=\"auto, (max-width: 600px) 100vw, 600px\" \/><\/p>\n<p style=\"text-align: justify;\">Posetioci ove godine mogu da u\u017eivaju i u gurmanskim specijalitetima, posebno od divlja\u010di, bavarskom duhu i bogatom muzi\u010dkom programu.<\/p>\n<p style=\"text-align: center;\"><img loading=\"lazy\" decoding=\"async\" class=\" size-full wp-image-4836\" src=\"http:\/\/spriv.vojvodina.gov.rs\/wp-content\/uploads\/2019\/10\/18-10-2019-Oktoberfest-2019-7.JPG\" border=\"0\" alt=\"\" width=\"600\" height=\"400\" srcset=\"https:\/\/spriv.vojvodina.gov.rs\/wp-content\/uploads\/2019\/10\/18-10-2019-Oktoberfest-2019-7.JPG 600w, https:\/\/spriv.vojvodina.gov.rs\/wp-content\/uploads\/2019\/10\/18-10-2019-Oktoberfest-2019-7-300x200.jpg 300w\" sizes=\"auto, (max-width: 600px) 100vw, 600px\" \/><\/p>\n","protected":false},"excerpt":{"rendered":"Novi Sad, 18. oktobar 2019. &#8211; Simboli\u010dnim otvaranjem prvog pivskog bureta, ve\u010deras je sve\u010dano otvoren \u010detvrti po redu ,,Novosadski Oktoberfest\u201c na Novosadskom sajmu. Ova dvodnevna manifestacija od velikog zna\u010daja za turisti\u010dku privredu Srbije i AP Vojvodine, tokom prethodne tri godine okupila je preko 15 hiljada posetilaca, mno\u0161tvo izlaga\u010da, predstavnika najpoznatijih pivara i stotine zanatskih pivara, kao i proizvo\u0111a\u010de hrane. Podr\u0161ku ovoj manifestaciji pru\u017eaju Pokrajinski sekretarijat za privredu i turizam, Grad Novi Sad, Ambasada Nema\u010dke u Republici Srbiji i Nema\u010dko-srpska privredna komora. Potpredsednik Pokrajinske vlade i pokrajinski sekretar za privredu i turizam, Ivan \u0110okovi\u0107, naglasio je da je ,,Novosadski oktoberfest&#8220; za svega nekoliko godina postao svojevrsni turisti\u010dki proizvod.\n<a class=\"moretag\" href=\"https:\/\/spriv.vojvodina.gov.rs\/rs\/otvoren-cetvrti-po-redu-novosadski-oktoberfest-na-novosadskom-sajmu\/\"> [...]<\/a>","protected":false},"author":3,"featured_media":4831,"comment_status":"closed","ping_status":"closed","sticky":false,"template":"","format":"standard","meta":{"footnotes":""},"categories":[31],"tags":[],"class_list":["post-4838","post","type-post","status-publish","format-standard","has-post-thumbnail","hentry","category-vesti-latinica1"],"yoast_head":"<!-- This site is optimized with the Yoast SEO plugin v27.4 - https:\/\/yoast.com\/product\/yoast-seo-wordpress\/ -->\n<title>Otvoren \u010detvrti po redu ,,Novosadski oktoberfest\u201c na Novosadskom sajmu - \u041f\u043e\u043a\u0440\u0430\u0458\u0438\u043d\u0441\u043a\u0438 \u0441\u0435\u043a\u0440\u0435\u0442\u0430\u0440\u0438\u0458\u0430\u0442 \u0437\u0430 \u043f\u0440\u0438\u0432\u0440\u0435\u0434\u0443 \u0438 \u0442\u0443\u0440\u0438\u0437\u0430\u043c<\/title>\n<meta name=\"robots\" content=\"index, follow, max-snippet:-1, max-image-preview:large, max-video-preview:-1\" \/>\n<link rel=\"canonical\" href=\"https:\/\/spriv.vojvodina.gov.rs\/rs\/otvoren-cetvrti-po-redu-novosadski-oktoberfest-na-novosadskom-sajmu\/\" \/>\n<meta property=\"og:locale\" content=\"sr_RS\" \/>\n<meta property=\"og:type\" content=\"article\" \/>\n<meta property=\"og:title\" content=\"Otvoren \u010detvrti po redu ,,Novosadski oktoberfest\u201c na Novosadskom sajmu - \u041f\u043e\u043a\u0440\u0430\u0458\u0438\u043d\u0441\u043a\u0438 \u0441\u0435\u043a\u0440\u0435\u0442\u0430\u0440\u0438\u0458\u0430\u0442 \u0437\u0430 \u043f\u0440\u0438\u0432\u0440\u0435\u0434\u0443 \u0438 \u0442\u0443\u0440\u0438\u0437\u0430\u043c\" \/>\n<meta property=\"og:description\" content=\"Novi Sad, 18. oktobar 2019. - Simboli\u010dnim otvaranjem prvog pivskog bureta, ve\u010deras je sve\u010dano otvoren \u010detvrti po redu ,,Novosadski Oktoberfest\u201c na Novosadskom sajmu. Ova dvodnevna manifestacija od velikog zna\u010daja za turisti\u010dku privredu Srbije i AP Vojvodine, tokom prethodne tri godine okupila je preko 15 hiljada posetilaca, mno\u0161tvo izlaga\u010da, predstavnika najpoznatijih pivara i stotine zanatskih pivara, kao i proizvo\u0111a\u010de hrane. Podr\u0161ku ovoj manifestaciji pru\u017eaju Pokrajinski sekretarijat za privredu i turizam, Grad Novi Sad, Ambasada Nema\u010dke u Republici Srbiji i Nema\u010dko-srpska privredna komora. Potpredsednik Pokrajinske vlade i pokrajinski sekretar za privredu i turizam, Ivan \u0110okovi\u0107, naglasio je da je ,,Novosadski oktoberfest&#039;&#039; za svega nekoliko godina postao svojevrsni turisti\u010dki proizvod.\" \/>\n<meta property=\"og:url\" content=\"https:\/\/spriv.vojvodina.gov.rs\/rs\/otvoren-cetvrti-po-redu-novosadski-oktoberfest-na-novosadskom-sajmu\/\" \/>\n<meta property=\"og:site_name\" content=\"\u041f\u043e\u043a\u0440\u0430\u0458\u0438\u043d\u0441\u043a\u0438 \u0441\u0435\u043a\u0440\u0435\u0442\u0430\u0440\u0438\u0458\u0430\u0442 \u0437\u0430 \u043f\u0440\u0438\u0432\u0440\u0435\u0434\u0443 \u0438 \u0442\u0443\u0440\u0438\u0437\u0430\u043c\" \/>\n<meta property=\"article:published_time\" content=\"2019-10-18T21:07:42+00:00\" \/>\n<meta property=\"og:image\" content=\"https:\/\/spriv.vojvodina.gov.rs\/wp-content\/uploads\/2019\/10\/18-10-2019-Oktoberfest-2019-mala.JPG\" \/>\n\t<meta property=\"og:image:width\" content=\"150\" \/>\n\t<meta property=\"og:image:height\" content=\"100\" \/>\n\t<meta property=\"og:image:type\" content=\"image\/jpeg\" \/>\n<meta name=\"author\" content=\"Sonja Babi\u0107\" \/>\n<meta name=\"twitter:card\" content=\"summary_large_image\" \/>\n<meta name=\"twitter:label1\" content=\"\u041d\u0430\u043f\u0438\u0441\u0430\u043d\u043e \u043e\u0434\" \/>\n\t<meta name=\"twitter:data1\" content=\"Sonja Babi\u0107\" \/>\n\t<meta name=\"twitter:label2\" content=\"\u041f\u0440\u043e\u0446\u0435\u045a\u0435\u043d\u043e \u0432\u0440\u0435\u043c\u0435 \u0447\u0438\u0442\u0430\u045a\u0430\" \/>\n\t<meta name=\"twitter:data2\" content=\"1 \u043c\u0438\u043d\u0443\u0442\" \/>\n<script type=\"application\/ld+json\" class=\"yoast-schema-graph\">{\"@context\":\"https:\\\/\\\/schema.org\",\"@graph\":[{\"@type\":\"Article\",\"@id\":\"https:\\\/\\\/spriv.vojvodina.gov.rs\\\/rs\\\/otvoren-cetvrti-po-redu-novosadski-oktoberfest-na-novosadskom-sajmu\\\/#article\",\"isPartOf\":{\"@id\":\"https:\\\/\\\/spriv.vojvodina.gov.rs\\\/rs\\\/otvoren-cetvrti-po-redu-novosadski-oktoberfest-na-novosadskom-sajmu\\\/\"},\"author\":{\"name\":\"Sonja Babi\u0107\",\"@id\":\"https:\\\/\\\/spriv.vojvodina.gov.rs\\\/#\\\/schema\\\/person\\\/749ef4f57fbb458f1c759e7a4fa78485\"},\"headline\":\"Otvoren \u010detvrti po redu ,,Novosadski oktoberfest\u201c na Novosadskom sajmu\",\"datePublished\":\"2019-10-18T21:07:42+00:00\",\"mainEntityOfPage\":{\"@id\":\"https:\\\/\\\/spriv.vojvodina.gov.rs\\\/rs\\\/otvoren-cetvrti-po-redu-novosadski-oktoberfest-na-novosadskom-sajmu\\\/\"},\"wordCount\":299,\"image\":{\"@id\":\"https:\\\/\\\/spriv.vojvodina.gov.rs\\\/rs\\\/otvoren-cetvrti-po-redu-novosadski-oktoberfest-na-novosadskom-sajmu\\\/#primaryimage\"},\"thumbnailUrl\":\"https:\\\/\\\/spriv.vojvodina.gov.rs\\\/wp-content\\\/uploads\\\/2019\\\/10\\\/18-10-2019-Oktoberfest-2019-mala.JPG\",\"articleSection\":[\"Vesti Latinica\"],\"inLanguage\":\"sr-RS\"},{\"@type\":\"WebPage\",\"@id\":\"https:\\\/\\\/spriv.vojvodina.gov.rs\\\/rs\\\/otvoren-cetvrti-po-redu-novosadski-oktoberfest-na-novosadskom-sajmu\\\/\",\"url\":\"https:\\\/\\\/spriv.vojvodina.gov.rs\\\/rs\\\/otvoren-cetvrti-po-redu-novosadski-oktoberfest-na-novosadskom-sajmu\\\/\",\"name\":\"Otvoren \u010detvrti po redu ,,Novosadski oktoberfest\u201c na Novosadskom sajmu - \u041f\u043e\u043a\u0440\u0430\u0458\u0438\u043d\u0441\u043a\u0438 \u0441\u0435\u043a\u0440\u0435\u0442\u0430\u0440\u0438\u0458\u0430\u0442 \u0437\u0430 \u043f\u0440\u0438\u0432\u0440\u0435\u0434\u0443 \u0438 \u0442\u0443\u0440\u0438\u0437\u0430\u043c\",\"isPartOf\":{\"@id\":\"https:\\\/\\\/spriv.vojvodina.gov.rs\\\/#website\"},\"primaryImageOfPage\":{\"@id\":\"https:\\\/\\\/spriv.vojvodina.gov.rs\\\/rs\\\/otvoren-cetvrti-po-redu-novosadski-oktoberfest-na-novosadskom-sajmu\\\/#primaryimage\"},\"image\":{\"@id\":\"https:\\\/\\\/spriv.vojvodina.gov.rs\\\/rs\\\/otvoren-cetvrti-po-redu-novosadski-oktoberfest-na-novosadskom-sajmu\\\/#primaryimage\"},\"thumbnailUrl\":\"https:\\\/\\\/spriv.vojvodina.gov.rs\\\/wp-content\\\/uploads\\\/2019\\\/10\\\/18-10-2019-Oktoberfest-2019-mala.JPG\",\"datePublished\":\"2019-10-18T21:07:42+00:00\",\"author\":{\"@id\":\"https:\\\/\\\/spriv.vojvodina.gov.rs\\\/#\\\/schema\\\/person\\\/749ef4f57fbb458f1c759e7a4fa78485\"},\"breadcrumb\":{\"@id\":\"https:\\\/\\\/spriv.vojvodina.gov.rs\\\/rs\\\/otvoren-cetvrti-po-redu-novosadski-oktoberfest-na-novosadskom-sajmu\\\/#breadcrumb\"},\"inLanguage\":\"sr-RS\",\"potentialAction\":[{\"@type\":\"ReadAction\",\"target\":[\"https:\\\/\\\/spriv.vojvodina.gov.rs\\\/rs\\\/otvoren-cetvrti-po-redu-novosadski-oktoberfest-na-novosadskom-sajmu\\\/\"]}]},{\"@type\":\"ImageObject\",\"inLanguage\":\"sr-RS\",\"@id\":\"https:\\\/\\\/spriv.vojvodina.gov.rs\\\/rs\\\/otvoren-cetvrti-po-redu-novosadski-oktoberfest-na-novosadskom-sajmu\\\/#primaryimage\",\"url\":\"https:\\\/\\\/spriv.vojvodina.gov.rs\\\/wp-content\\\/uploads\\\/2019\\\/10\\\/18-10-2019-Oktoberfest-2019-mala.JPG\",\"contentUrl\":\"https:\\\/\\\/spriv.vojvodina.gov.rs\\\/wp-content\\\/uploads\\\/2019\\\/10\\\/18-10-2019-Oktoberfest-2019-mala.JPG\",\"width\":150,\"height\":100},{\"@type\":\"BreadcrumbList\",\"@id\":\"https:\\\/\\\/spriv.vojvodina.gov.rs\\\/rs\\\/otvoren-cetvrti-po-redu-novosadski-oktoberfest-na-novosadskom-sajmu\\\/#breadcrumb\",\"itemListElement\":[{\"@type\":\"ListItem\",\"position\":1,\"name\":\"Home\",\"item\":\"https:\\\/\\\/spriv.vojvodina.gov.rs\\\/\"},{\"@type\":\"ListItem\",\"position\":2,\"name\":\"Otvoren \u010detvrti po redu ,,Novosadski oktoberfest\u201c na Novosadskom sajmu\"}]},{\"@type\":\"WebSite\",\"@id\":\"https:\\\/\\\/spriv.vojvodina.gov.rs\\\/#website\",\"url\":\"https:\\\/\\\/spriv.vojvodina.gov.rs\\\/\",\"name\":\"\u041f\u043e\u043a\u0440\u0430\u0458\u0438\u043d\u0441\u043a\u0438 \u0441\u0435\u043a\u0440\u0435\u0442\u0430\u0440\u0438\u0458\u0430\u0442 \u0437\u0430 \u043f\u0440\u0438\u0432\u0440\u0435\u0434\u0443 \u0438 \u0442\u0443\u0440\u0438\u0437\u0430\u043c\",\"description\":\"\u041f\u043e\u043a\u0440\u0430\u0458\u0438\u043d\u0441\u043a\u0438 \u0441\u0435\u043a\u0440\u0435\u0442\u0430\u0440\u0438\u0458\u0430\u0442 \u0437\u0430 \u043f\u0440\u0438\u0432\u0440\u0435\u0434\u0443 \u0438 \u0442\u0443\u0440\u0438\u0437\u0430\u043c\",\"potentialAction\":[{\"@type\":\"SearchAction\",\"target\":{\"@type\":\"EntryPoint\",\"urlTemplate\":\"https:\\\/\\\/spriv.vojvodina.gov.rs\\\/?s={search_term_string}\"},\"query-input\":{\"@type\":\"PropertyValueSpecification\",\"valueRequired\":true,\"valueName\":\"search_term_string\"}}],\"inLanguage\":\"sr-RS\"},{\"@type\":\"Person\",\"@id\":\"https:\\\/\\\/spriv.vojvodina.gov.rs\\\/#\\\/schema\\\/person\\\/749ef4f57fbb458f1c759e7a4fa78485\",\"name\":\"Sonja Babi\u0107\",\"image\":{\"@type\":\"ImageObject\",\"inLanguage\":\"sr-RS\",\"@id\":\"https:\\\/\\\/secure.gravatar.com\\\/avatar\\\/00a1d182a20a59067af1e7b1c31cbcc3be1a456ee4b27746580e120c2582e5bd?s=96&d=mm&r=g\",\"url\":\"https:\\\/\\\/secure.gravatar.com\\\/avatar\\\/00a1d182a20a59067af1e7b1c31cbcc3be1a456ee4b27746580e120c2582e5bd?s=96&d=mm&r=g\",\"contentUrl\":\"https:\\\/\\\/secure.gravatar.com\\\/avatar\\\/00a1d182a20a59067af1e7b1c31cbcc3be1a456ee4b27746580e120c2582e5bd?s=96&d=mm&r=g\",\"caption\":\"Sonja Babi\u0107\"},\"url\":\"https:\\\/\\\/spriv.vojvodina.gov.rs\\\/rs\\\/author\\\/sonja-babic\\\/\"}]}<\/script>\n<!-- \/ Yoast SEO plugin. -->","yoast_head_json":{"title":"Otvoren \u010detvrti po redu ,,Novosadski oktoberfest\u201c na Novosadskom sajmu - \u041f\u043e\u043a\u0440\u0430\u0458\u0438\u043d\u0441\u043a\u0438 \u0441\u0435\u043a\u0440\u0435\u0442\u0430\u0440\u0438\u0458\u0430\u0442 \u0437\u0430 \u043f\u0440\u0438\u0432\u0440\u0435\u0434\u0443 \u0438 \u0442\u0443\u0440\u0438\u0437\u0430\u043c","robots":{"index":"index","follow":"follow","max-snippet":"max-snippet:-1","max-image-preview":"max-image-preview:large","max-video-preview":"max-video-preview:-1"},"canonical":"https:\/\/spriv.vojvodina.gov.rs\/rs\/otvoren-cetvrti-po-redu-novosadski-oktoberfest-na-novosadskom-sajmu\/","og_locale":"sr_RS","og_type":"article","og_title":"Otvoren \u010detvrti po redu ,,Novosadski oktoberfest\u201c na Novosadskom sajmu - \u041f\u043e\u043a\u0440\u0430\u0458\u0438\u043d\u0441\u043a\u0438 \u0441\u0435\u043a\u0440\u0435\u0442\u0430\u0440\u0438\u0458\u0430\u0442 \u0437\u0430 \u043f\u0440\u0438\u0432\u0440\u0435\u0434\u0443 \u0438 \u0442\u0443\u0440\u0438\u0437\u0430\u043c","og_description":"Novi Sad, 18. oktobar 2019. - Simboli\u010dnim otvaranjem prvog pivskog bureta, ve\u010deras je sve\u010dano otvoren \u010detvrti po redu ,,Novosadski Oktoberfest\u201c na Novosadskom sajmu. Ova dvodnevna manifestacija od velikog zna\u010daja za turisti\u010dku privredu Srbije i AP Vojvodine, tokom prethodne tri godine okupila je preko 15 hiljada posetilaca, mno\u0161tvo izlaga\u010da, predstavnika najpoznatijih pivara i stotine zanatskih pivara, kao i proizvo\u0111a\u010de hrane. Podr\u0161ku ovoj manifestaciji pru\u017eaju Pokrajinski sekretarijat za privredu i turizam, Grad Novi Sad, Ambasada Nema\u010dke u Republici Srbiji i Nema\u010dko-srpska privredna komora. Potpredsednik Pokrajinske vlade i pokrajinski sekretar za privredu i turizam, Ivan \u0110okovi\u0107, naglasio je da je ,,Novosadski oktoberfest'' za svega nekoliko godina postao svojevrsni turisti\u010dki proizvod.","og_url":"https:\/\/spriv.vojvodina.gov.rs\/rs\/otvoren-cetvrti-po-redu-novosadski-oktoberfest-na-novosadskom-sajmu\/","og_site_name":"\u041f\u043e\u043a\u0440\u0430\u0458\u0438\u043d\u0441\u043a\u0438 \u0441\u0435\u043a\u0440\u0435\u0442\u0430\u0440\u0438\u0458\u0430\u0442 \u0437\u0430 \u043f\u0440\u0438\u0432\u0440\u0435\u0434\u0443 \u0438 \u0442\u0443\u0440\u0438\u0437\u0430\u043c","article_published_time":"2019-10-18T21:07:42+00:00","og_image":[{"width":150,"height":100,"url":"https:\/\/spriv.vojvodina.gov.rs\/wp-content\/uploads\/2019\/10\/18-10-2019-Oktoberfest-2019-mala.JPG","type":"image\/jpeg"}],"author":"Sonja Babi\u0107","twitter_card":"summary_large_image","twitter_misc":{"\u041d\u0430\u043f\u0438\u0441\u0430\u043d\u043e \u043e\u0434":"Sonja Babi\u0107","\u041f\u0440\u043e\u0446\u0435\u045a\u0435\u043d\u043e \u0432\u0440\u0435\u043c\u0435 \u0447\u0438\u0442\u0430\u045a\u0430":"1 \u043c\u0438\u043d\u0443\u0442"},"schema":{"@context":"https:\/\/schema.org","@graph":[{"@type":"Article","@id":"https:\/\/spriv.vojvodina.gov.rs\/rs\/otvoren-cetvrti-po-redu-novosadski-oktoberfest-na-novosadskom-sajmu\/#article","isPartOf":{"@id":"https:\/\/spriv.vojvodina.gov.rs\/rs\/otvoren-cetvrti-po-redu-novosadski-oktoberfest-na-novosadskom-sajmu\/"},"author":{"name":"Sonja Babi\u0107","@id":"https:\/\/spriv.vojvodina.gov.rs\/#\/schema\/person\/749ef4f57fbb458f1c759e7a4fa78485"},"headline":"Otvoren \u010detvrti po redu ,,Novosadski oktoberfest\u201c na Novosadskom sajmu","datePublished":"2019-10-18T21:07:42+00:00","mainEntityOfPage":{"@id":"https:\/\/spriv.vojvodina.gov.rs\/rs\/otvoren-cetvrti-po-redu-novosadski-oktoberfest-na-novosadskom-sajmu\/"},"wordCount":299,"image":{"@id":"https:\/\/spriv.vojvodina.gov.rs\/rs\/otvoren-cetvrti-po-redu-novosadski-oktoberfest-na-novosadskom-sajmu\/#primaryimage"},"thumbnailUrl":"https:\/\/spriv.vojvodina.gov.rs\/wp-content\/uploads\/2019\/10\/18-10-2019-Oktoberfest-2019-mala.JPG","articleSection":["Vesti Latinica"],"inLanguage":"sr-RS"},{"@type":"WebPage","@id":"https:\/\/spriv.vojvodina.gov.rs\/rs\/otvoren-cetvrti-po-redu-novosadski-oktoberfest-na-novosadskom-sajmu\/","url":"https:\/\/spriv.vojvodina.gov.rs\/rs\/otvoren-cetvrti-po-redu-novosadski-oktoberfest-na-novosadskom-sajmu\/","name":"Otvoren \u010detvrti po redu ,,Novosadski oktoberfest\u201c na Novosadskom sajmu - \u041f\u043e\u043a\u0440\u0430\u0458\u0438\u043d\u0441\u043a\u0438 \u0441\u0435\u043a\u0440\u0435\u0442\u0430\u0440\u0438\u0458\u0430\u0442 \u0437\u0430 \u043f\u0440\u0438\u0432\u0440\u0435\u0434\u0443 \u0438 \u0442\u0443\u0440\u0438\u0437\u0430\u043c","isPartOf":{"@id":"https:\/\/spriv.vojvodina.gov.rs\/#website"},"primaryImageOfPage":{"@id":"https:\/\/spriv.vojvodina.gov.rs\/rs\/otvoren-cetvrti-po-redu-novosadski-oktoberfest-na-novosadskom-sajmu\/#primaryimage"},"image":{"@id":"https:\/\/spriv.vojvodina.gov.rs\/rs\/otvoren-cetvrti-po-redu-novosadski-oktoberfest-na-novosadskom-sajmu\/#primaryimage"},"thumbnailUrl":"https:\/\/spriv.vojvodina.gov.rs\/wp-content\/uploads\/2019\/10\/18-10-2019-Oktoberfest-2019-mala.JPG","datePublished":"2019-10-18T21:07:42+00:00","author":{"@id":"https:\/\/spriv.vojvodina.gov.rs\/#\/schema\/person\/749ef4f57fbb458f1c759e7a4fa78485"},"breadcrumb":{"@id":"https:\/\/spriv.vojvodina.gov.rs\/rs\/otvoren-cetvrti-po-redu-novosadski-oktoberfest-na-novosadskom-sajmu\/#breadcrumb"},"inLanguage":"sr-RS","potentialAction":[{"@type":"ReadAction","target":["https:\/\/spriv.vojvodina.gov.rs\/rs\/otvoren-cetvrti-po-redu-novosadski-oktoberfest-na-novosadskom-sajmu\/"]}]},{"@type":"ImageObject","inLanguage":"sr-RS","@id":"https:\/\/spriv.vojvodina.gov.rs\/rs\/otvoren-cetvrti-po-redu-novosadski-oktoberfest-na-novosadskom-sajmu\/#primaryimage","url":"https:\/\/spriv.vojvodina.gov.rs\/wp-content\/uploads\/2019\/10\/18-10-2019-Oktoberfest-2019-mala.JPG","contentUrl":"https:\/\/spriv.vojvodina.gov.rs\/wp-content\/uploads\/2019\/10\/18-10-2019-Oktoberfest-2019-mala.JPG","width":150,"height":100},{"@type":"BreadcrumbList","@id":"https:\/\/spriv.vojvodina.gov.rs\/rs\/otvoren-cetvrti-po-redu-novosadski-oktoberfest-na-novosadskom-sajmu\/#breadcrumb","itemListElement":[{"@type":"ListItem","position":1,"name":"Home","item":"https:\/\/spriv.vojvodina.gov.rs\/"},{"@type":"ListItem","position":2,"name":"Otvoren \u010detvrti po redu ,,Novosadski oktoberfest\u201c na Novosadskom sajmu"}]},{"@type":"WebSite","@id":"https:\/\/spriv.vojvodina.gov.rs\/#website","url":"https:\/\/spriv.vojvodina.gov.rs\/","name":"\u041f\u043e\u043a\u0440\u0430\u0458\u0438\u043d\u0441\u043a\u0438 \u0441\u0435\u043a\u0440\u0435\u0442\u0430\u0440\u0438\u0458\u0430\u0442 \u0437\u0430 \u043f\u0440\u0438\u0432\u0440\u0435\u0434\u0443 \u0438 \u0442\u0443\u0440\u0438\u0437\u0430\u043c","description":"\u041f\u043e\u043a\u0440\u0430\u0458\u0438\u043d\u0441\u043a\u0438 \u0441\u0435\u043a\u0440\u0435\u0442\u0430\u0440\u0438\u0458\u0430\u0442 \u0437\u0430 \u043f\u0440\u0438\u0432\u0440\u0435\u0434\u0443 \u0438 \u0442\u0443\u0440\u0438\u0437\u0430\u043c","potentialAction":[{"@type":"SearchAction","target":{"@type":"EntryPoint","urlTemplate":"https:\/\/spriv.vojvodina.gov.rs\/?s={search_term_string}"},"query-input":{"@type":"PropertyValueSpecification","valueRequired":true,"valueName":"search_term_string"}}],"inLanguage":"sr-RS"},{"@type":"Person","@id":"https:\/\/spriv.vojvodina.gov.rs\/#\/schema\/person\/749ef4f57fbb458f1c759e7a4fa78485","name":"Sonja Babi\u0107","image":{"@type":"ImageObject","inLanguage":"sr-RS","@id":"https:\/\/secure.gravatar.com\/avatar\/00a1d182a20a59067af1e7b1c31cbcc3be1a456ee4b27746580e120c2582e5bd?s=96&d=mm&r=g","url":"https:\/\/secure.gravatar.com\/avatar\/00a1d182a20a59067af1e7b1c31cbcc3be1a456ee4b27746580e120c2582e5bd?s=96&d=mm&r=g","contentUrl":"https:\/\/secure.gravatar.com\/avatar\/00a1d182a20a59067af1e7b1c31cbcc3be1a456ee4b27746580e120c2582e5bd?s=96&d=mm&r=g","caption":"Sonja Babi\u0107"},"url":"https:\/\/spriv.vojvodina.gov.rs\/rs\/author\/sonja-babic\/"}]}},"_links":{"self":[{"href":"https:\/\/spriv.vojvodina.gov.rs\/rs\/wp-json\/wp\/v2\/posts\/4838","targetHints":{"allow":["GET"]}}],"collection":[{"href":"https:\/\/spriv.vojvodina.gov.rs\/rs\/wp-json\/wp\/v2\/posts"}],"about":[{"href":"https:\/\/spriv.vojvodina.gov.rs\/rs\/wp-json\/wp\/v2\/types\/post"}],"author":[{"embeddable":true,"href":"https:\/\/spriv.vojvodina.gov.rs\/rs\/wp-json\/wp\/v2\/users\/3"}],"replies":[{"embeddable":true,"href":"https:\/\/spriv.vojvodina.gov.rs\/rs\/wp-json\/wp\/v2\/comments?post=4838"}],"version-history":[{"count":0,"href":"https:\/\/spriv.vojvodina.gov.rs\/rs\/wp-json\/wp\/v2\/posts\/4838\/revisions"}],"wp:featuredmedia":[{"embeddable":true,"href":"https:\/\/spriv.vojvodina.gov.rs\/rs\/wp-json\/wp\/v2\/media\/4831"}],"wp:attachment":[{"href":"https:\/\/spriv.vojvodina.gov.rs\/rs\/wp-json\/wp\/v2\/media?parent=4838"}],"wp:term":[{"taxonomy":"category","embeddable":true,"href":"https:\/\/spriv.vojvodina.gov.rs\/rs\/wp-json\/wp\/v2\/categories?post=4838"},{"taxonomy":"post_tag","embeddable":true,"href":"https:\/\/spriv.vojvodina.gov.rs\/rs\/wp-json\/wp\/v2\/tags?post=4838"}],"curies":[{"name":"wp","href":"https:\/\/api.w.org\/{rel}","templated":true}]}}