{"id":3971,"date":"2018-10-17T13:12:58","date_gmt":"2018-10-17T13:12:58","guid":{"rendered":"http:\/\/spriv.vojvodina.gov.rs\/2018\/10\/17\/ivan-dokovic-600-novozaposlenih-u-2018-godini-kroz-podsticajne-programe-pokrajinskog-sekretarijata-za-privredu-i-turizam\/"},"modified":"2018-10-17T13:12:58","modified_gmt":"2018-10-17T13:12:58","slug":"ivan-dokovic-600-novozaposlenih-u-2018-godini-kroz-podsticajne-programe-pokrajinskog-sekretarijata-za-privredu-i-turizam","status":"publish","type":"post","link":"https:\/\/spriv.vojvodina.gov.rs\/rs\/ivan-dokovic-600-novozaposlenih-u-2018-godini-kroz-podsticajne-programe-pokrajinskog-sekretarijata-za-privredu-i-turizam\/","title":{"rendered":"Ivan \u0110okovi\u0107: 600 novozaposlenih u 2018. godini kroz podsticajne programe Pokrajinskog sekretarijata za privredu i turizam"},"content":{"rendered":"<p style=\"text-align: center;\"><img loading=\"lazy\" decoding=\"async\" class=\" size-full wp-image-3840\" src=\"http:\/\/spriv.vojvodina.gov.rs\/wp-content\/uploads\/2018\/08\/02.08.2018-Djokovic-3.JPG\" border=\"0\" alt=\"\" width=\"600\" height=\"400\" srcset=\"https:\/\/spriv.vojvodina.gov.rs\/wp-content\/uploads\/2018\/08\/02.08.2018-Djokovic-3.JPG 600w, https:\/\/spriv.vojvodina.gov.rs\/wp-content\/uploads\/2018\/08\/02.08.2018-Djokovic-3-300x200.jpg 300w\" sizes=\"auto, (max-width: 600px) 100vw, 600px\" \/><\/p>\n<p style=\"text-align: justify;\">Novi Sad, 17. oktobar 2018. &#8211; Pokrajinski sekretarijat za privredu i turizam, svojom proaktivnom politikom zapo\u0161ljavanja, u okviru koje je ove godine akcenat stavljen na zapo\u0161ljavanje prevashodno mladih visokoobrazovanih ljudi iz kategorije deficitarnih profesija, sa 120 miliona dinara subvencija obezbedio je zapo\u0161ljavanje skoro 600 lica kroz modele samozapo\u0161ljavanja, novog zapo\u0161ljavanja kod poslodavaca, te upo\u0161ljavanja putem javnih radova.<\/p>\n<p style=\"text-align: justify;\">Projektima subvencija\u00a0 usmereno je\u00a0 45,3 miliona dinara i tako omogu\u0107eno samozapo\u0161ljavanje 161 lica, po\u010detnika sa odr\u017eivom biznis idejom, posebno favorizuju\u0107i \u017eene i osobe sa invaliditetom, tako\u0111e\u00a0 ohrabruju\u0107i i druge ranjive dru\u0161tvene grupe u ostvarivanju njihovih poslovnih poduhvata. I starosna struktura ove grupacije pokazuje na\u0161u intenciju politike zapo\u0161ljavanja u realnom sektoru. \u010cak 47 lica je mla\u0111e je od 30 godina, u\u00a0 dobi od 30 do 50 godina je 85 lica, a samozaposlenih starijih od 50 godina je 29. Sekretarijat je u podr\u0161ci ovoj starosnoj grupiposebno te\u017eio da pomogne i osobe kojima nedostaje jo\u0161 nekoliko godina do ostvarenja prava na penziju, grupe nepravedno podr\u017eane od strane dru\u0161tva.<\/p>\n<p style=\"text-align: justify;\">Bud\u017eetom od 60 miliona dinara zapo\u0161leno je 309 lica kod 175 poslodavaca, istovremeno relaksiraju\u0107i poslodavce od prili\u010dno visokih fiskalnih nameta. To je tako\u0111e i na\u0161a poruka zakonodavcima da su ni\u017ei porezi jedan od uslova razvoja privrede. Iznos subvencije je odgovarao iznosu poreza i doprinosa obra\u010dunatih na minimalnu prose\u010dnu zaradu za period od godinu dana.<\/p>\n<p style=\"text-align: justify;\">Naposletku, sa 15 miliona dinara namenjenih sprovo\u0111enju javnih radova, Sekretarijat je omogu\u0107io da 115 lica putem 59 projekata javnih radova, na\u00a0 odre\u0111eni period ostvare zaradu i putne tro\u0161kove, kroz rad na ure\u0111enju ekolo\u0161kog, urbanisti\u010dkog i administrativnog ambijenta lokalnih samouprava sa teritorije Vojvodine.<\/p>\n<p style=\"text-align: center;\"><img loading=\"lazy\" decoding=\"async\" class=\" size-full wp-image-3838\" src=\"http:\/\/spriv.vojvodina.gov.rs\/wp-content\/uploads\/2018\/08\/02.08.2018-Djokovic-1.JPG\" border=\"0\" alt=\"\" width=\"600\" height=\"400\" srcset=\"https:\/\/spriv.vojvodina.gov.rs\/wp-content\/uploads\/2018\/08\/02.08.2018-Djokovic-1.JPG 600w, https:\/\/spriv.vojvodina.gov.rs\/wp-content\/uploads\/2018\/08\/02.08.2018-Djokovic-1-300x200.jpg 300w\" sizes=\"auto, (max-width: 600px) 100vw, 600px\" \/><\/p>\n<p style=\"text-align: justify;\">Naro\u010dito isti\u010demo da je po prvi put na na\u0161im prostorima posebno stimulisano zapo\u0161ljavanje deficitarnih kadrova kod kojih je prepoznata tendencija ekonomske migracije ka inostranstvu. Za zapo\u0161ljavanje na neodre\u0111eno vreme lekara, stomatologa, medicinskog osoblja, in\u017einjera i ostalih\u00a0 deficitarnih zanimanja Sekretarijat je izdvojio bespovratnih \u010dak 930.000,00 dinara. Smatramo da je model subvencija koje je Sekretarijat razvio za zapo\u0161ljavanje visokoobrazovanih ljudi i kvalifikovanih radnika, primenjiv i u okviru sli\u010dnih projekata Razvojne agencije Vojvodine i Srbije, ali i drugih relevantnih institucija.<\/p>\n<p style=\"text-align: justify;\">Nastojali smo da izbegnemo tradicionalne forme subvencija namenjene velikim kompanijama, usredsrediv\u0161i se na zapo\u0161ljavanje defitiranih zanimanja, kao i\u00a0 na \u017eensko i socijalno preduzetni\u0161tvo, na zapo\u0161ljavanje mladih i ugro\u017eenih dru\u0161tvenih kategorija, jer su oni ,,nova krv\u201c i pokreta\u010dka snaga svoje zajednice. Pored razvojne, svi ovi projekti imaju i svoju socijalnu i demografsku komponentu, jer se mladi preduzetnici i stru\u010dnjaci ohrabruju da ostanu u svojoj zemlji i svom gradu ili op\u0161tini, te da im se omogu\u0107e izgledi za rad i profesionalno napredovanje na rodnom tlu.<\/p>\n<p style=\"text-align: center;\"><img loading=\"lazy\" decoding=\"async\" class=\" size-full wp-image-3619\" src=\"http:\/\/spriv.vojvodina.gov.rs\/wp-content\/uploads\/2018\/06\/12.06.2018.-Stil-5.JPG\" border=\"0\" alt=\"\" width=\"600\" height=\"400\" srcset=\"https:\/\/spriv.vojvodina.gov.rs\/wp-content\/uploads\/2018\/06\/12.06.2018.-Stil-5.JPG 600w, https:\/\/spriv.vojvodina.gov.rs\/wp-content\/uploads\/2018\/06\/12.06.2018.-Stil-5-300x200.jpg 300w\" sizes=\"auto, (max-width: 600px) 100vw, 600px\" \/><\/p>\n","protected":false},"excerpt":{"rendered":"Novi Sad, 17. oktobar 2018. &#8211; Pokrajinski sekretarijat za privredu i turizam, svojom proaktivnom politikom zapo\u0161ljavanja, u okviru koje je ove godine akcenat stavljen na zapo\u0161ljavanje prevashodno mladih visokoobrazovanih ljudi iz kategorije deficitarnih profesija, sa 120 miliona dinara subvencija obezbedio je zapo\u0161ljavanje skoro 600 lica kroz modele samozapo\u0161ljavanja, novog zapo\u0161ljavanja kod poslodavaca, te upo\u0161ljavanja putem javnih radova. Nastojali smo da izbegnemo tradicionalne forme subvencija namenjene velikim kompanijama, usredsrediv\u0161i se na zapo\u0161ljavanje defitiranih zanimanja, kao i\u00a0 na \u017eensko i socijalno preduzetni\u0161tvo, na zapo\u0161ljavanje mladih i ugro\u017eenih dru\u0161tvenih kategorija. Pored razvojne, svi ovi projekti imaju i svoju socijalnu i demografsku komponentu, jer se mladi preduzetnici i stru\u010dnjaci ohrabruju da ostanu u svojoj zemlji i svom gradu ili op\u0161tini, te da im se omogu\u0107e izgledi za rad i profesionalno napredovanje na rodnom tlu.\n<a class=\"moretag\" href=\"https:\/\/spriv.vojvodina.gov.rs\/rs\/ivan-dokovic-600-novozaposlenih-u-2018-godini-kroz-podsticajne-programe-pokrajinskog-sekretarijata-za-privredu-i-turizam\/\"> [...]<\/a>","protected":false},"author":3,"featured_media":3837,"comment_status":"closed","ping_status":"closed","sticky":false,"template":"","format":"standard","meta":{"footnotes":""},"categories":[31],"tags":[],"class_list":["post-3971","post","type-post","status-publish","format-standard","has-post-thumbnail","hentry","category-vesti-latinica1"],"yoast_head":"<!-- This site is optimized with the Yoast SEO plugin v27.4 - https:\/\/yoast.com\/product\/yoast-seo-wordpress\/ -->\n<title>Ivan \u0110okovi\u0107: 600 novozaposlenih u 2018. godini kroz podsticajne programe Pokrajinskog sekretarijata za privredu i turizam - \u041f\u043e\u043a\u0440\u0430\u0458\u0438\u043d\u0441\u043a\u0438 \u0441\u0435\u043a\u0440\u0435\u0442\u0430\u0440\u0438\u0458\u0430\u0442 \u0437\u0430 \u043f\u0440\u0438\u0432\u0440\u0435\u0434\u0443 \u0438 \u0442\u0443\u0440\u0438\u0437\u0430\u043c<\/title>\n<meta name=\"robots\" content=\"index, follow, max-snippet:-1, max-image-preview:large, max-video-preview:-1\" \/>\n<link rel=\"canonical\" href=\"https:\/\/spriv.vojvodina.gov.rs\/rs\/ivan-dokovic-600-novozaposlenih-u-2018-godini-kroz-podsticajne-programe-pokrajinskog-sekretarijata-za-privredu-i-turizam\/\" \/>\n<meta property=\"og:locale\" content=\"sr_RS\" \/>\n<meta property=\"og:type\" content=\"article\" \/>\n<meta property=\"og:title\" content=\"Ivan \u0110okovi\u0107: 600 novozaposlenih u 2018. godini kroz podsticajne programe Pokrajinskog sekretarijata za privredu i turizam - \u041f\u043e\u043a\u0440\u0430\u0458\u0438\u043d\u0441\u043a\u0438 \u0441\u0435\u043a\u0440\u0435\u0442\u0430\u0440\u0438\u0458\u0430\u0442 \u0437\u0430 \u043f\u0440\u0438\u0432\u0440\u0435\u0434\u0443 \u0438 \u0442\u0443\u0440\u0438\u0437\u0430\u043c\" \/>\n<meta property=\"og:description\" content=\"Novi Sad, 17. oktobar 2018. - Pokrajinski sekretarijat za privredu i turizam, svojom proaktivnom politikom zapo\u0161ljavanja, u okviru koje je ove godine akcenat stavljen na zapo\u0161ljavanje prevashodno mladih visokoobrazovanih ljudi iz kategorije deficitarnih profesija, sa 120 miliona dinara subvencija obezbedio je zapo\u0161ljavanje skoro 600 lica kroz modele samozapo\u0161ljavanja, novog zapo\u0161ljavanja kod poslodavaca, te upo\u0161ljavanja putem javnih radova. Nastojali smo da izbegnemo tradicionalne forme subvencija namenjene velikim kompanijama, usredsrediv\u0161i se na zapo\u0161ljavanje defitiranih zanimanja, kao i\u00a0 na \u017eensko i socijalno preduzetni\u0161tvo, na zapo\u0161ljavanje mladih i ugro\u017eenih dru\u0161tvenih kategorija. Pored razvojne, svi ovi projekti imaju i svoju socijalnu i demografsku komponentu, jer se mladi preduzetnici i stru\u010dnjaci ohrabruju da ostanu u svojoj zemlji i svom gradu ili op\u0161tini, te da im se omogu\u0107e izgledi za rad i profesionalno napredovanje na rodnom tlu.\" \/>\n<meta property=\"og:url\" content=\"https:\/\/spriv.vojvodina.gov.rs\/ivan-dokovic-600-novozaposlenih-u-2018-godini-kroz-podsticajne-programe-pokrajinskog-sekretarijata-za-privredu-i-turizam\/\" \/>\n<meta property=\"og:site_name\" content=\"\u041f\u043e\u043a\u0440\u0430\u0458\u0438\u043d\u0441\u043a\u0438 \u0441\u0435\u043a\u0440\u0435\u0442\u0430\u0440\u0438\u0458\u0430\u0442 \u0437\u0430 \u043f\u0440\u0438\u0432\u0440\u0435\u0434\u0443 \u0438 \u0442\u0443\u0440\u0438\u0437\u0430\u043c\" \/>\n<meta property=\"article:published_time\" content=\"2018-10-17T13:12:58+00:00\" \/>\n<meta property=\"og:image\" content=\"https:\/\/spriv.vojvodina.gov.rs\/wp-content\/uploads\/2018\/08\/02.08.2018-Djokovic-mala.JPG\" \/>\n\t<meta property=\"og:image:width\" content=\"150\" \/>\n\t<meta property=\"og:image:height\" content=\"100\" \/>\n\t<meta property=\"og:image:type\" content=\"image\/jpeg\" \/>\n<meta name=\"author\" content=\"Sonja Babi\u0107\" \/>\n<meta name=\"twitter:card\" content=\"summary_large_image\" \/>\n<meta name=\"twitter:label1\" content=\"\u041d\u0430\u043f\u0438\u0441\u0430\u043d\u043e \u043e\u0434\" \/>\n\t<meta name=\"twitter:data1\" content=\"Sonja Babi\u0107\" \/>\n\t<meta name=\"twitter:label2\" content=\"\u041f\u0440\u043e\u0446\u0435\u045a\u0435\u043d\u043e \u0432\u0440\u0435\u043c\u0435 \u0447\u0438\u0442\u0430\u045a\u0430\" \/>\n\t<meta name=\"twitter:data2\" content=\"2 \u043c\u0438\u043d\u0443\u0442\u0430\" \/>\n<script type=\"application\/ld+json\" class=\"yoast-schema-graph\">{\"@context\":\"https:\\\/\\\/schema.org\",\"@graph\":[{\"@type\":\"Article\",\"@id\":\"https:\\\/\\\/spriv.vojvodina.gov.rs\\\/ivan-dokovic-600-novozaposlenih-u-2018-godini-kroz-podsticajne-programe-pokrajinskog-sekretarijata-za-privredu-i-turizam\\\/#article\",\"isPartOf\":{\"@id\":\"https:\\\/\\\/spriv.vojvodina.gov.rs\\\/ivan-dokovic-600-novozaposlenih-u-2018-godini-kroz-podsticajne-programe-pokrajinskog-sekretarijata-za-privredu-i-turizam\\\/\"},\"author\":{\"name\":\"Sonja Babi\u0107\",\"@id\":\"https:\\\/\\\/spriv.vojvodina.gov.rs\\\/#\\\/schema\\\/person\\\/749ef4f57fbb458f1c759e7a4fa78485\"},\"headline\":\"Ivan \u0110okovi\u0107: 600 novozaposlenih u 2018. godini kroz podsticajne programe Pokrajinskog sekretarijata za privredu i turizam\",\"datePublished\":\"2018-10-17T13:12:58+00:00\",\"mainEntityOfPage\":{\"@id\":\"https:\\\/\\\/spriv.vojvodina.gov.rs\\\/ivan-dokovic-600-novozaposlenih-u-2018-godini-kroz-podsticajne-programe-pokrajinskog-sekretarijata-za-privredu-i-turizam\\\/\"},\"wordCount\":468,\"image\":{\"@id\":\"https:\\\/\\\/spriv.vojvodina.gov.rs\\\/ivan-dokovic-600-novozaposlenih-u-2018-godini-kroz-podsticajne-programe-pokrajinskog-sekretarijata-za-privredu-i-turizam\\\/#primaryimage\"},\"thumbnailUrl\":\"https:\\\/\\\/spriv.vojvodina.gov.rs\\\/wp-content\\\/uploads\\\/2018\\\/08\\\/02.08.2018-Djokovic-mala.JPG\",\"articleSection\":[\"Vesti Latinica\"],\"inLanguage\":\"sr-RS\"},{\"@type\":\"WebPage\",\"@id\":\"https:\\\/\\\/spriv.vojvodina.gov.rs\\\/ivan-dokovic-600-novozaposlenih-u-2018-godini-kroz-podsticajne-programe-pokrajinskog-sekretarijata-za-privredu-i-turizam\\\/\",\"url\":\"https:\\\/\\\/spriv.vojvodina.gov.rs\\\/ivan-dokovic-600-novozaposlenih-u-2018-godini-kroz-podsticajne-programe-pokrajinskog-sekretarijata-za-privredu-i-turizam\\\/\",\"name\":\"Ivan \u0110okovi\u0107: 600 novozaposlenih u 2018. godini kroz podsticajne programe Pokrajinskog sekretarijata za privredu i turizam - \u041f\u043e\u043a\u0440\u0430\u0458\u0438\u043d\u0441\u043a\u0438 \u0441\u0435\u043a\u0440\u0435\u0442\u0430\u0440\u0438\u0458\u0430\u0442 \u0437\u0430 \u043f\u0440\u0438\u0432\u0440\u0435\u0434\u0443 \u0438 \u0442\u0443\u0440\u0438\u0437\u0430\u043c\",\"isPartOf\":{\"@id\":\"https:\\\/\\\/spriv.vojvodina.gov.rs\\\/#website\"},\"primaryImageOfPage\":{\"@id\":\"https:\\\/\\\/spriv.vojvodina.gov.rs\\\/ivan-dokovic-600-novozaposlenih-u-2018-godini-kroz-podsticajne-programe-pokrajinskog-sekretarijata-za-privredu-i-turizam\\\/#primaryimage\"},\"image\":{\"@id\":\"https:\\\/\\\/spriv.vojvodina.gov.rs\\\/ivan-dokovic-600-novozaposlenih-u-2018-godini-kroz-podsticajne-programe-pokrajinskog-sekretarijata-za-privredu-i-turizam\\\/#primaryimage\"},\"thumbnailUrl\":\"https:\\\/\\\/spriv.vojvodina.gov.rs\\\/wp-content\\\/uploads\\\/2018\\\/08\\\/02.08.2018-Djokovic-mala.JPG\",\"datePublished\":\"2018-10-17T13:12:58+00:00\",\"author\":{\"@id\":\"https:\\\/\\\/spriv.vojvodina.gov.rs\\\/#\\\/schema\\\/person\\\/749ef4f57fbb458f1c759e7a4fa78485\"},\"breadcrumb\":{\"@id\":\"https:\\\/\\\/spriv.vojvodina.gov.rs\\\/ivan-dokovic-600-novozaposlenih-u-2018-godini-kroz-podsticajne-programe-pokrajinskog-sekretarijata-za-privredu-i-turizam\\\/#breadcrumb\"},\"inLanguage\":\"sr-RS\",\"potentialAction\":[{\"@type\":\"ReadAction\",\"target\":[\"https:\\\/\\\/spriv.vojvodina.gov.rs\\\/ivan-dokovic-600-novozaposlenih-u-2018-godini-kroz-podsticajne-programe-pokrajinskog-sekretarijata-za-privredu-i-turizam\\\/\"]}]},{\"@type\":\"ImageObject\",\"inLanguage\":\"sr-RS\",\"@id\":\"https:\\\/\\\/spriv.vojvodina.gov.rs\\\/ivan-dokovic-600-novozaposlenih-u-2018-godini-kroz-podsticajne-programe-pokrajinskog-sekretarijata-za-privredu-i-turizam\\\/#primaryimage\",\"url\":\"https:\\\/\\\/spriv.vojvodina.gov.rs\\\/wp-content\\\/uploads\\\/2018\\\/08\\\/02.08.2018-Djokovic-mala.JPG\",\"contentUrl\":\"https:\\\/\\\/spriv.vojvodina.gov.rs\\\/wp-content\\\/uploads\\\/2018\\\/08\\\/02.08.2018-Djokovic-mala.JPG\",\"width\":150,\"height\":100},{\"@type\":\"BreadcrumbList\",\"@id\":\"https:\\\/\\\/spriv.vojvodina.gov.rs\\\/ivan-dokovic-600-novozaposlenih-u-2018-godini-kroz-podsticajne-programe-pokrajinskog-sekretarijata-za-privredu-i-turizam\\\/#breadcrumb\",\"itemListElement\":[{\"@type\":\"ListItem\",\"position\":1,\"name\":\"Home\",\"item\":\"https:\\\/\\\/spriv.vojvodina.gov.rs\\\/\"},{\"@type\":\"ListItem\",\"position\":2,\"name\":\"Ivan \u0110okovi\u0107: 600 novozaposlenih u 2018. godini kroz podsticajne programe Pokrajinskog sekretarijata za privredu i turizam\"}]},{\"@type\":\"WebSite\",\"@id\":\"https:\\\/\\\/spriv.vojvodina.gov.rs\\\/#website\",\"url\":\"https:\\\/\\\/spriv.vojvodina.gov.rs\\\/\",\"name\":\"\u041f\u043e\u043a\u0440\u0430\u0458\u0438\u043d\u0441\u043a\u0438 \u0441\u0435\u043a\u0440\u0435\u0442\u0430\u0440\u0438\u0458\u0430\u0442 \u0437\u0430 \u043f\u0440\u0438\u0432\u0440\u0435\u0434\u0443 \u0438 \u0442\u0443\u0440\u0438\u0437\u0430\u043c\",\"description\":\"\u041f\u043e\u043a\u0440\u0430\u0458\u0438\u043d\u0441\u043a\u0438 \u0441\u0435\u043a\u0440\u0435\u0442\u0430\u0440\u0438\u0458\u0430\u0442 \u0437\u0430 \u043f\u0440\u0438\u0432\u0440\u0435\u0434\u0443 \u0438 \u0442\u0443\u0440\u0438\u0437\u0430\u043c\",\"potentialAction\":[{\"@type\":\"SearchAction\",\"target\":{\"@type\":\"EntryPoint\",\"urlTemplate\":\"https:\\\/\\\/spriv.vojvodina.gov.rs\\\/?s={search_term_string}\"},\"query-input\":{\"@type\":\"PropertyValueSpecification\",\"valueRequired\":true,\"valueName\":\"search_term_string\"}}],\"inLanguage\":\"sr-RS\"},{\"@type\":\"Person\",\"@id\":\"https:\\\/\\\/spriv.vojvodina.gov.rs\\\/#\\\/schema\\\/person\\\/749ef4f57fbb458f1c759e7a4fa78485\",\"name\":\"Sonja Babi\u0107\",\"image\":{\"@type\":\"ImageObject\",\"inLanguage\":\"sr-RS\",\"@id\":\"https:\\\/\\\/secure.gravatar.com\\\/avatar\\\/00a1d182a20a59067af1e7b1c31cbcc3be1a456ee4b27746580e120c2582e5bd?s=96&d=mm&r=g\",\"url\":\"https:\\\/\\\/secure.gravatar.com\\\/avatar\\\/00a1d182a20a59067af1e7b1c31cbcc3be1a456ee4b27746580e120c2582e5bd?s=96&d=mm&r=g\",\"contentUrl\":\"https:\\\/\\\/secure.gravatar.com\\\/avatar\\\/00a1d182a20a59067af1e7b1c31cbcc3be1a456ee4b27746580e120c2582e5bd?s=96&d=mm&r=g\",\"caption\":\"Sonja Babi\u0107\"},\"url\":\"https:\\\/\\\/spriv.vojvodina.gov.rs\\\/rs\\\/author\\\/sonja-babic\\\/\"}]}<\/script>\n<!-- \/ Yoast SEO plugin. -->","yoast_head_json":{"title":"Ivan \u0110okovi\u0107: 600 novozaposlenih u 2018. godini kroz podsticajne programe Pokrajinskog sekretarijata za privredu i turizam - \u041f\u043e\u043a\u0440\u0430\u0458\u0438\u043d\u0441\u043a\u0438 \u0441\u0435\u043a\u0440\u0435\u0442\u0430\u0440\u0438\u0458\u0430\u0442 \u0437\u0430 \u043f\u0440\u0438\u0432\u0440\u0435\u0434\u0443 \u0438 \u0442\u0443\u0440\u0438\u0437\u0430\u043c","robots":{"index":"index","follow":"follow","max-snippet":"max-snippet:-1","max-image-preview":"max-image-preview:large","max-video-preview":"max-video-preview:-1"},"canonical":"https:\/\/spriv.vojvodina.gov.rs\/rs\/ivan-dokovic-600-novozaposlenih-u-2018-godini-kroz-podsticajne-programe-pokrajinskog-sekretarijata-za-privredu-i-turizam\/","og_locale":"sr_RS","og_type":"article","og_title":"Ivan \u0110okovi\u0107: 600 novozaposlenih u 2018. godini kroz podsticajne programe Pokrajinskog sekretarijata za privredu i turizam - \u041f\u043e\u043a\u0440\u0430\u0458\u0438\u043d\u0441\u043a\u0438 \u0441\u0435\u043a\u0440\u0435\u0442\u0430\u0440\u0438\u0458\u0430\u0442 \u0437\u0430 \u043f\u0440\u0438\u0432\u0440\u0435\u0434\u0443 \u0438 \u0442\u0443\u0440\u0438\u0437\u0430\u043c","og_description":"Novi Sad, 17. oktobar 2018. - Pokrajinski sekretarijat za privredu i turizam, svojom proaktivnom politikom zapo\u0161ljavanja, u okviru koje je ove godine akcenat stavljen na zapo\u0161ljavanje prevashodno mladih visokoobrazovanih ljudi iz kategorije deficitarnih profesija, sa 120 miliona dinara subvencija obezbedio je zapo\u0161ljavanje skoro 600 lica kroz modele samozapo\u0161ljavanja, novog zapo\u0161ljavanja kod poslodavaca, te upo\u0161ljavanja putem javnih radova. Nastojali smo da izbegnemo tradicionalne forme subvencija namenjene velikim kompanijama, usredsrediv\u0161i se na zapo\u0161ljavanje defitiranih zanimanja, kao i\u00a0 na \u017eensko i socijalno preduzetni\u0161tvo, na zapo\u0161ljavanje mladih i ugro\u017eenih dru\u0161tvenih kategorija. Pored razvojne, svi ovi projekti imaju i svoju socijalnu i demografsku komponentu, jer se mladi preduzetnici i stru\u010dnjaci ohrabruju da ostanu u svojoj zemlji i svom gradu ili op\u0161tini, te da im se omogu\u0107e izgledi za rad i profesionalno napredovanje na rodnom tlu.","og_url":"https:\/\/spriv.vojvodina.gov.rs\/ivan-dokovic-600-novozaposlenih-u-2018-godini-kroz-podsticajne-programe-pokrajinskog-sekretarijata-za-privredu-i-turizam\/","og_site_name":"\u041f\u043e\u043a\u0440\u0430\u0458\u0438\u043d\u0441\u043a\u0438 \u0441\u0435\u043a\u0440\u0435\u0442\u0430\u0440\u0438\u0458\u0430\u0442 \u0437\u0430 \u043f\u0440\u0438\u0432\u0440\u0435\u0434\u0443 \u0438 \u0442\u0443\u0440\u0438\u0437\u0430\u043c","article_published_time":"2018-10-17T13:12:58+00:00","og_image":[{"width":150,"height":100,"url":"https:\/\/spriv.vojvodina.gov.rs\/wp-content\/uploads\/2018\/08\/02.08.2018-Djokovic-mala.JPG","type":"image\/jpeg"}],"author":"Sonja Babi\u0107","twitter_card":"summary_large_image","twitter_misc":{"\u041d\u0430\u043f\u0438\u0441\u0430\u043d\u043e \u043e\u0434":"Sonja Babi\u0107","\u041f\u0440\u043e\u0446\u0435\u045a\u0435\u043d\u043e \u0432\u0440\u0435\u043c\u0435 \u0447\u0438\u0442\u0430\u045a\u0430":"2 \u043c\u0438\u043d\u0443\u0442\u0430"},"schema":{"@context":"https:\/\/schema.org","@graph":[{"@type":"Article","@id":"https:\/\/spriv.vojvodina.gov.rs\/ivan-dokovic-600-novozaposlenih-u-2018-godini-kroz-podsticajne-programe-pokrajinskog-sekretarijata-za-privredu-i-turizam\/#article","isPartOf":{"@id":"https:\/\/spriv.vojvodina.gov.rs\/ivan-dokovic-600-novozaposlenih-u-2018-godini-kroz-podsticajne-programe-pokrajinskog-sekretarijata-za-privredu-i-turizam\/"},"author":{"name":"Sonja Babi\u0107","@id":"https:\/\/spriv.vojvodina.gov.rs\/#\/schema\/person\/749ef4f57fbb458f1c759e7a4fa78485"},"headline":"Ivan \u0110okovi\u0107: 600 novozaposlenih u 2018. godini kroz podsticajne programe Pokrajinskog sekretarijata za privredu i turizam","datePublished":"2018-10-17T13:12:58+00:00","mainEntityOfPage":{"@id":"https:\/\/spriv.vojvodina.gov.rs\/ivan-dokovic-600-novozaposlenih-u-2018-godini-kroz-podsticajne-programe-pokrajinskog-sekretarijata-za-privredu-i-turizam\/"},"wordCount":468,"image":{"@id":"https:\/\/spriv.vojvodina.gov.rs\/ivan-dokovic-600-novozaposlenih-u-2018-godini-kroz-podsticajne-programe-pokrajinskog-sekretarijata-za-privredu-i-turizam\/#primaryimage"},"thumbnailUrl":"https:\/\/spriv.vojvodina.gov.rs\/wp-content\/uploads\/2018\/08\/02.08.2018-Djokovic-mala.JPG","articleSection":["Vesti Latinica"],"inLanguage":"sr-RS"},{"@type":"WebPage","@id":"https:\/\/spriv.vojvodina.gov.rs\/ivan-dokovic-600-novozaposlenih-u-2018-godini-kroz-podsticajne-programe-pokrajinskog-sekretarijata-za-privredu-i-turizam\/","url":"https:\/\/spriv.vojvodina.gov.rs\/ivan-dokovic-600-novozaposlenih-u-2018-godini-kroz-podsticajne-programe-pokrajinskog-sekretarijata-za-privredu-i-turizam\/","name":"Ivan \u0110okovi\u0107: 600 novozaposlenih u 2018. godini kroz podsticajne programe Pokrajinskog sekretarijata za privredu i turizam - \u041f\u043e\u043a\u0440\u0430\u0458\u0438\u043d\u0441\u043a\u0438 \u0441\u0435\u043a\u0440\u0435\u0442\u0430\u0440\u0438\u0458\u0430\u0442 \u0437\u0430 \u043f\u0440\u0438\u0432\u0440\u0435\u0434\u0443 \u0438 \u0442\u0443\u0440\u0438\u0437\u0430\u043c","isPartOf":{"@id":"https:\/\/spriv.vojvodina.gov.rs\/#website"},"primaryImageOfPage":{"@id":"https:\/\/spriv.vojvodina.gov.rs\/ivan-dokovic-600-novozaposlenih-u-2018-godini-kroz-podsticajne-programe-pokrajinskog-sekretarijata-za-privredu-i-turizam\/#primaryimage"},"image":{"@id":"https:\/\/spriv.vojvodina.gov.rs\/ivan-dokovic-600-novozaposlenih-u-2018-godini-kroz-podsticajne-programe-pokrajinskog-sekretarijata-za-privredu-i-turizam\/#primaryimage"},"thumbnailUrl":"https:\/\/spriv.vojvodina.gov.rs\/wp-content\/uploads\/2018\/08\/02.08.2018-Djokovic-mala.JPG","datePublished":"2018-10-17T13:12:58+00:00","author":{"@id":"https:\/\/spriv.vojvodina.gov.rs\/#\/schema\/person\/749ef4f57fbb458f1c759e7a4fa78485"},"breadcrumb":{"@id":"https:\/\/spriv.vojvodina.gov.rs\/ivan-dokovic-600-novozaposlenih-u-2018-godini-kroz-podsticajne-programe-pokrajinskog-sekretarijata-za-privredu-i-turizam\/#breadcrumb"},"inLanguage":"sr-RS","potentialAction":[{"@type":"ReadAction","target":["https:\/\/spriv.vojvodina.gov.rs\/ivan-dokovic-600-novozaposlenih-u-2018-godini-kroz-podsticajne-programe-pokrajinskog-sekretarijata-za-privredu-i-turizam\/"]}]},{"@type":"ImageObject","inLanguage":"sr-RS","@id":"https:\/\/spriv.vojvodina.gov.rs\/ivan-dokovic-600-novozaposlenih-u-2018-godini-kroz-podsticajne-programe-pokrajinskog-sekretarijata-za-privredu-i-turizam\/#primaryimage","url":"https:\/\/spriv.vojvodina.gov.rs\/wp-content\/uploads\/2018\/08\/02.08.2018-Djokovic-mala.JPG","contentUrl":"https:\/\/spriv.vojvodina.gov.rs\/wp-content\/uploads\/2018\/08\/02.08.2018-Djokovic-mala.JPG","width":150,"height":100},{"@type":"BreadcrumbList","@id":"https:\/\/spriv.vojvodina.gov.rs\/ivan-dokovic-600-novozaposlenih-u-2018-godini-kroz-podsticajne-programe-pokrajinskog-sekretarijata-za-privredu-i-turizam\/#breadcrumb","itemListElement":[{"@type":"ListItem","position":1,"name":"Home","item":"https:\/\/spriv.vojvodina.gov.rs\/"},{"@type":"ListItem","position":2,"name":"Ivan \u0110okovi\u0107: 600 novozaposlenih u 2018. godini kroz podsticajne programe Pokrajinskog sekretarijata za privredu i turizam"}]},{"@type":"WebSite","@id":"https:\/\/spriv.vojvodina.gov.rs\/#website","url":"https:\/\/spriv.vojvodina.gov.rs\/","name":"\u041f\u043e\u043a\u0440\u0430\u0458\u0438\u043d\u0441\u043a\u0438 \u0441\u0435\u043a\u0440\u0435\u0442\u0430\u0440\u0438\u0458\u0430\u0442 \u0437\u0430 \u043f\u0440\u0438\u0432\u0440\u0435\u0434\u0443 \u0438 \u0442\u0443\u0440\u0438\u0437\u0430\u043c","description":"\u041f\u043e\u043a\u0440\u0430\u0458\u0438\u043d\u0441\u043a\u0438 \u0441\u0435\u043a\u0440\u0435\u0442\u0430\u0440\u0438\u0458\u0430\u0442 \u0437\u0430 \u043f\u0440\u0438\u0432\u0440\u0435\u0434\u0443 \u0438 \u0442\u0443\u0440\u0438\u0437\u0430\u043c","potentialAction":[{"@type":"SearchAction","target":{"@type":"EntryPoint","urlTemplate":"https:\/\/spriv.vojvodina.gov.rs\/?s={search_term_string}"},"query-input":{"@type":"PropertyValueSpecification","valueRequired":true,"valueName":"search_term_string"}}],"inLanguage":"sr-RS"},{"@type":"Person","@id":"https:\/\/spriv.vojvodina.gov.rs\/#\/schema\/person\/749ef4f57fbb458f1c759e7a4fa78485","name":"Sonja Babi\u0107","image":{"@type":"ImageObject","inLanguage":"sr-RS","@id":"https:\/\/secure.gravatar.com\/avatar\/00a1d182a20a59067af1e7b1c31cbcc3be1a456ee4b27746580e120c2582e5bd?s=96&d=mm&r=g","url":"https:\/\/secure.gravatar.com\/avatar\/00a1d182a20a59067af1e7b1c31cbcc3be1a456ee4b27746580e120c2582e5bd?s=96&d=mm&r=g","contentUrl":"https:\/\/secure.gravatar.com\/avatar\/00a1d182a20a59067af1e7b1c31cbcc3be1a456ee4b27746580e120c2582e5bd?s=96&d=mm&r=g","caption":"Sonja Babi\u0107"},"url":"https:\/\/spriv.vojvodina.gov.rs\/rs\/author\/sonja-babic\/"}]}},"_links":{"self":[{"href":"https:\/\/spriv.vojvodina.gov.rs\/rs\/wp-json\/wp\/v2\/posts\/3971","targetHints":{"allow":["GET"]}}],"collection":[{"href":"https:\/\/spriv.vojvodina.gov.rs\/rs\/wp-json\/wp\/v2\/posts"}],"about":[{"href":"https:\/\/spriv.vojvodina.gov.rs\/rs\/wp-json\/wp\/v2\/types\/post"}],"author":[{"embeddable":true,"href":"https:\/\/spriv.vojvodina.gov.rs\/rs\/wp-json\/wp\/v2\/users\/3"}],"replies":[{"embeddable":true,"href":"https:\/\/spriv.vojvodina.gov.rs\/rs\/wp-json\/wp\/v2\/comments?post=3971"}],"version-history":[{"count":0,"href":"https:\/\/spriv.vojvodina.gov.rs\/rs\/wp-json\/wp\/v2\/posts\/3971\/revisions"}],"wp:featuredmedia":[{"embeddable":true,"href":"https:\/\/spriv.vojvodina.gov.rs\/rs\/wp-json\/wp\/v2\/media\/3837"}],"wp:attachment":[{"href":"https:\/\/spriv.vojvodina.gov.rs\/rs\/wp-json\/wp\/v2\/media?parent=3971"}],"wp:term":[{"taxonomy":"category","embeddable":true,"href":"https:\/\/spriv.vojvodina.gov.rs\/rs\/wp-json\/wp\/v2\/categories?post=3971"},{"taxonomy":"post_tag","embeddable":true,"href":"https:\/\/spriv.vojvodina.gov.rs\/rs\/wp-json\/wp\/v2\/tags?post=3971"}],"curies":[{"name":"wp","href":"https:\/\/api.w.org\/{rel}","templated":true}]}}