{"id":3969,"date":"2018-10-12T12:33:52","date_gmt":"2018-10-12T12:33:52","guid":{"rendered":"http:\/\/spriv.vojvodina.gov.rs\/2018\/10\/12\/pocuc-na-danima-socijalnog-preduzetnistva-u-novom-sadu-razumevanje-problema-marginalizovanih-kategorija-dovodi-do-odrzivog-biznis-plana-u-socijalnom-preduzetnistvu\/"},"modified":"2018-10-12T12:33:52","modified_gmt":"2018-10-12T12:33:52","slug":"pocuc-na-danima-socijalnog-preduzetnistva-u-novom-sadu-razumevanje-problema-marginalizovanih-kategorija-dovodi-do-odrzivog-biznis-plana-u-socijalnom-preduzetnistvu","status":"publish","type":"post","link":"https:\/\/spriv.vojvodina.gov.rs\/rs\/pocuc-na-danima-socijalnog-preduzetnistva-u-novom-sadu-razumevanje-problema-marginalizovanih-kategorija-dovodi-do-odrzivog-biznis-plana-u-socijalnom-preduzetnistvu\/","title":{"rendered":"Po\u010du\u010d na Danima socijalnog preduzetni\u0161tva u Novom Sadu: Razumevanje problema marginalizovanih kategorija dovodi do odr\u017eivog biznis plana u socijalnom preduzetni\u0161tvu"},"content":{"rendered":"<p style=\"text-align: center;\"><img loading=\"lazy\" decoding=\"async\" class=\" size-full wp-image-3966\" src=\"http:\/\/spriv.vojvodina.gov.rs\/wp-content\/uploads\/2018\/10\/12-10-2018-Pocuc-11.jpeg\" border=\"0\" alt=\"\" width=\"600\" height=\"450\" srcset=\"https:\/\/spriv.vojvodina.gov.rs\/wp-content\/uploads\/2018\/10\/12-10-2018-Pocuc-11.jpeg 600w, https:\/\/spriv.vojvodina.gov.rs\/wp-content\/uploads\/2018\/10\/12-10-2018-Pocuc-11-300x225.jpeg 300w\" sizes=\"auto, (max-width: 600px) 100vw, 600px\" \/><\/p>\n<p style=\"text-align: justify;\">Novi Sad, 12. oktobar 2018. &#8211;\u00a0 Zamenik pokrajinskog sekretara za privredu i turizam, mr Pavle Po\u010du\u010d, u\u010destvovao je na ju\u010dera\u0161njem otvaranju manifestacije ,,Dani socijalnog preduzetni\u0161tva u Novom Sadu\u201c i tom prilikom govorio o dru\u0161tvenom preduzetni\u0161tvu, ta\u010dnije o mogu\u0107nostima razvoja socijalne ekonomije u Srbiji i AP Vojvodini. Ova dvodnevna manifestacija se odr\u017eava na Ekonomskom fakultetu u Novom Sadu, u organizaciji Klastera socijalnog preduzetni\u0161tva Vojvodine \u2013 KASPEV.<\/p>\n<p>Po\u010du\u010d je studente upoznao sa svim segmentima alternativne ekonomije, odnosno socijalnog preduzetnistva, o samoj definiciji, istorijatu, trenutnom stanju socijalnog preduzetni\u0161tva u Srbiji, kao i o problemima koji nastaju i merama podr\u0161ke i podsticaja namenjenim ovoj oblasti, definisanih od strane Pokrajinske vlade i Pokrajinskog sekretarijata za privredu i turizam.<\/p>\n<p>\u201eNismo slu\u010dajno danas ovde na Ekonomskom fakultetu, jer upravo ste vi, studenti,\u00a0 budu\u0107i nosioci upravljanja socijalnim preduze\u0107ima, \u0161irom na\u0161e zemlje. Ukoliko posedujete senzibilitet ka ranjivim i marginalizovanim dru\u0161tvenim kategorijama, zasigurno imate odr\u017eivu biznis ideju i \u017eelite da menjate dru\u0161tvo na bolje. Sve to jeste preduslov da postanete uspe\u0161ni socijalni preduzetnici\u201c, rekao je zamenik Po\u010du\u010d.<\/p>\n<p style=\"text-align: center;\"><img loading=\"lazy\" decoding=\"async\" class=\" size-full wp-image-3967\" src=\"http:\/\/spriv.vojvodina.gov.rs\/wp-content\/uploads\/2018\/10\/12-10-2018-Pocuc-22.jpeg\" border=\"0\" alt=\"\" width=\"600\" height=\"410\" srcset=\"https:\/\/spriv.vojvodina.gov.rs\/wp-content\/uploads\/2018\/10\/12-10-2018-Pocuc-22.jpeg 600w, https:\/\/spriv.vojvodina.gov.rs\/wp-content\/uploads\/2018\/10\/12-10-2018-Pocuc-22-300x205.jpeg 300w\" sizes=\"auto, (max-width: 600px) 100vw, 600px\" \/><\/p>\n","protected":false},"excerpt":{"rendered":"Novi Sad, 12. oktobar 2018. &#8211;\u00a0 Zamenik pokrajinskog sekretara za privredu i turizam, mr Pavle Po\u010du\u010d, u\u010destvovao je na ju\u010dera\u0161njem otvaranju manifestacije ,,Dani socijalnog preduzetni\u0161tva u Novom Sadu\u201c i tom prilikom govorio o dru\u0161tvenom preduzetni\u0161tvu, ta\u010dnije o mogu\u0107nostima razvoja socijalne ekonomije u Srbiji i AP Vojvodini. Ova dvodnevna manifestacija se odr\u017eava na Ekonomskom fakultetu u Novom Sadu, u organizaciji Klastera socijalnog preduzetni\u0161tva Vojvodine \u2013 KASPEV. Po\u010du\u010d je studente upoznao sa svim segmentima alternativne ekonomije, odnosno socijalnog preduzetnistva, o samoj definiciji, istorijatu, trenutnom stanju socijalnog preduzetni\u0161tva u Srbiji, kao i o problemima koji nastaju i merama podr\u0161ke i podsticaja namenjenim ovoj oblasti, definisanih od strane Pokrajinske vlade i Pokrajinskog sekretarijata za privredu i turizam.\n<a class=\"moretag\" href=\"https:\/\/spriv.vojvodina.gov.rs\/rs\/pocuc-na-danima-socijalnog-preduzetnistva-u-novom-sadu-razumevanje-problema-marginalizovanih-kategorija-dovodi-do-odrzivog-biznis-plana-u-socijalnom-preduzetnistvu\/\"> [...]<\/a>","protected":false},"author":3,"featured_media":3965,"comment_status":"closed","ping_status":"closed","sticky":false,"template":"","format":"standard","meta":{"footnotes":""},"categories":[31],"tags":[],"class_list":["post-3969","post","type-post","status-publish","format-standard","has-post-thumbnail","hentry","category-vesti-latinica1"],"yoast_head":"<!-- This site is optimized with the Yoast SEO plugin v27.4 - https:\/\/yoast.com\/product\/yoast-seo-wordpress\/ -->\n<title>Po\u010du\u010d na Danima socijalnog preduzetni\u0161tva u Novom Sadu: Razumevanje problema marginalizovanih kategorija dovodi do odr\u017eivog biznis plana u socijalnom preduzetni\u0161tvu - \u041f\u043e\u043a\u0440\u0430\u0458\u0438\u043d\u0441\u043a\u0438 \u0441\u0435\u043a\u0440\u0435\u0442\u0430\u0440\u0438\u0458\u0430\u0442 \u0437\u0430 \u043f\u0440\u0438\u0432\u0440\u0435\u0434\u0443 \u0438 \u0442\u0443\u0440\u0438\u0437\u0430\u043c<\/title>\n<meta name=\"robots\" content=\"index, follow, max-snippet:-1, max-image-preview:large, max-video-preview:-1\" \/>\n<link rel=\"canonical\" href=\"https:\/\/spriv.vojvodina.gov.rs\/rs\/pocuc-na-danima-socijalnog-preduzetnistva-u-novom-sadu-razumevanje-problema-marginalizovanih-kategorija-dovodi-do-odrzivog-biznis-plana-u-socijalnom-preduzetnistvu\/\" \/>\n<meta property=\"og:locale\" content=\"sr_RS\" \/>\n<meta property=\"og:type\" content=\"article\" \/>\n<meta property=\"og:title\" content=\"Po\u010du\u010d na Danima socijalnog preduzetni\u0161tva u Novom Sadu: Razumevanje problema marginalizovanih kategorija dovodi do odr\u017eivog biznis plana u socijalnom preduzetni\u0161tvu - \u041f\u043e\u043a\u0440\u0430\u0458\u0438\u043d\u0441\u043a\u0438 \u0441\u0435\u043a\u0440\u0435\u0442\u0430\u0440\u0438\u0458\u0430\u0442 \u0437\u0430 \u043f\u0440\u0438\u0432\u0440\u0435\u0434\u0443 \u0438 \u0442\u0443\u0440\u0438\u0437\u0430\u043c\" \/>\n<meta property=\"og:description\" content=\"Novi Sad, 12. oktobar 2018. -\u00a0 Zamenik pokrajinskog sekretara za privredu i turizam, mr Pavle Po\u010du\u010d, u\u010destvovao je na ju\u010dera\u0161njem otvaranju manifestacije ,,Dani socijalnog preduzetni\u0161tva u Novom Sadu\u201c i tom prilikom govorio o dru\u0161tvenom preduzetni\u0161tvu, ta\u010dnije o mogu\u0107nostima razvoja socijalne ekonomije u Srbiji i AP Vojvodini. Ova dvodnevna manifestacija se odr\u017eava na Ekonomskom fakultetu u Novom Sadu, u organizaciji Klastera socijalnog preduzetni\u0161tva Vojvodine \u2013 KASPEV. Po\u010du\u010d je studente upoznao sa svim segmentima alternativne ekonomije, odnosno socijalnog preduzetnistva, o samoj definiciji, istorijatu, trenutnom stanju socijalnog preduzetni\u0161tva u Srbiji, kao i o problemima koji nastaju i merama podr\u0161ke i podsticaja namenjenim ovoj oblasti, definisanih od strane Pokrajinske vlade i Pokrajinskog sekretarijata za privredu i turizam.\" \/>\n<meta property=\"og:url\" content=\"https:\/\/spriv.vojvodina.gov.rs\/pocuc-na-danima-socijalnog-preduzetnistva-u-novom-sadu-razumevanje-problema-marginalizovanih-kategorija-dovodi-do-odrzivog-biznis-plana-u-socijalnom-preduzetnistvu\/\" \/>\n<meta property=\"og:site_name\" content=\"\u041f\u043e\u043a\u0440\u0430\u0458\u0438\u043d\u0441\u043a\u0438 \u0441\u0435\u043a\u0440\u0435\u0442\u0430\u0440\u0438\u0458\u0430\u0442 \u0437\u0430 \u043f\u0440\u0438\u0432\u0440\u0435\u0434\u0443 \u0438 \u0442\u0443\u0440\u0438\u0437\u0430\u043c\" \/>\n<meta property=\"article:published_time\" content=\"2018-10-12T12:33:52+00:00\" \/>\n<meta property=\"og:image\" content=\"https:\/\/spriv.vojvodina.gov.rs\/wp-content\/uploads\/2018\/10\/12-10-2018-Pocuc-mala.jpeg\" \/>\n\t<meta property=\"og:image:width\" content=\"150\" \/>\n\t<meta property=\"og:image:height\" content=\"98\" \/>\n\t<meta property=\"og:image:type\" content=\"image\/jpeg\" \/>\n<meta name=\"author\" content=\"Sonja Babi\u0107\" \/>\n<meta name=\"twitter:card\" content=\"summary_large_image\" \/>\n<meta name=\"twitter:label1\" content=\"\u041d\u0430\u043f\u0438\u0441\u0430\u043d\u043e \u043e\u0434\" \/>\n\t<meta name=\"twitter:data1\" content=\"Sonja Babi\u0107\" \/>\n\t<meta name=\"twitter:label2\" content=\"\u041f\u0440\u043e\u0446\u0435\u045a\u0435\u043d\u043e \u0432\u0440\u0435\u043c\u0435 \u0447\u0438\u0442\u0430\u045a\u0430\" \/>\n\t<meta name=\"twitter:data2\" content=\"1 \u043c\u0438\u043d\u0443\u0442\" \/>\n<script type=\"application\/ld+json\" class=\"yoast-schema-graph\">{\"@context\":\"https:\\\/\\\/schema.org\",\"@graph\":[{\"@type\":\"Article\",\"@id\":\"https:\\\/\\\/spriv.vojvodina.gov.rs\\\/pocuc-na-danima-socijalnog-preduzetnistva-u-novom-sadu-razumevanje-problema-marginalizovanih-kategorija-dovodi-do-odrzivog-biznis-plana-u-socijalnom-preduzetnistvu\\\/#article\",\"isPartOf\":{\"@id\":\"https:\\\/\\\/spriv.vojvodina.gov.rs\\\/pocuc-na-danima-socijalnog-preduzetnistva-u-novom-sadu-razumevanje-problema-marginalizovanih-kategorija-dovodi-do-odrzivog-biznis-plana-u-socijalnom-preduzetnistvu\\\/\"},\"author\":{\"name\":\"Sonja Babi\u0107\",\"@id\":\"https:\\\/\\\/spriv.vojvodina.gov.rs\\\/#\\\/schema\\\/person\\\/749ef4f57fbb458f1c759e7a4fa78485\"},\"headline\":\"Po\u010du\u010d na Danima socijalnog preduzetni\u0161tva u Novom Sadu: Razumevanje problema marginalizovanih kategorija dovodi do odr\u017eivog biznis plana u socijalnom preduzetni\u0161tvu\",\"datePublished\":\"2018-10-12T12:33:52+00:00\",\"mainEntityOfPage\":{\"@id\":\"https:\\\/\\\/spriv.vojvodina.gov.rs\\\/pocuc-na-danima-socijalnog-preduzetnistva-u-novom-sadu-razumevanje-problema-marginalizovanih-kategorija-dovodi-do-odrzivog-biznis-plana-u-socijalnom-preduzetnistvu\\\/\"},\"wordCount\":211,\"image\":{\"@id\":\"https:\\\/\\\/spriv.vojvodina.gov.rs\\\/pocuc-na-danima-socijalnog-preduzetnistva-u-novom-sadu-razumevanje-problema-marginalizovanih-kategorija-dovodi-do-odrzivog-biznis-plana-u-socijalnom-preduzetnistvu\\\/#primaryimage\"},\"thumbnailUrl\":\"https:\\\/\\\/spriv.vojvodina.gov.rs\\\/wp-content\\\/uploads\\\/2018\\\/10\\\/12-10-2018-Pocuc-mala.jpeg\",\"articleSection\":[\"Vesti Latinica\"],\"inLanguage\":\"sr-RS\"},{\"@type\":\"WebPage\",\"@id\":\"https:\\\/\\\/spriv.vojvodina.gov.rs\\\/pocuc-na-danima-socijalnog-preduzetnistva-u-novom-sadu-razumevanje-problema-marginalizovanih-kategorija-dovodi-do-odrzivog-biznis-plana-u-socijalnom-preduzetnistvu\\\/\",\"url\":\"https:\\\/\\\/spriv.vojvodina.gov.rs\\\/pocuc-na-danima-socijalnog-preduzetnistva-u-novom-sadu-razumevanje-problema-marginalizovanih-kategorija-dovodi-do-odrzivog-biznis-plana-u-socijalnom-preduzetnistvu\\\/\",\"name\":\"Po\u010du\u010d na Danima socijalnog preduzetni\u0161tva u Novom Sadu: Razumevanje problema marginalizovanih kategorija dovodi do odr\u017eivog biznis plana u socijalnom preduzetni\u0161tvu - \u041f\u043e\u043a\u0440\u0430\u0458\u0438\u043d\u0441\u043a\u0438 \u0441\u0435\u043a\u0440\u0435\u0442\u0430\u0440\u0438\u0458\u0430\u0442 \u0437\u0430 \u043f\u0440\u0438\u0432\u0440\u0435\u0434\u0443 \u0438 \u0442\u0443\u0440\u0438\u0437\u0430\u043c\",\"isPartOf\":{\"@id\":\"https:\\\/\\\/spriv.vojvodina.gov.rs\\\/#website\"},\"primaryImageOfPage\":{\"@id\":\"https:\\\/\\\/spriv.vojvodina.gov.rs\\\/pocuc-na-danima-socijalnog-preduzetnistva-u-novom-sadu-razumevanje-problema-marginalizovanih-kategorija-dovodi-do-odrzivog-biznis-plana-u-socijalnom-preduzetnistvu\\\/#primaryimage\"},\"image\":{\"@id\":\"https:\\\/\\\/spriv.vojvodina.gov.rs\\\/pocuc-na-danima-socijalnog-preduzetnistva-u-novom-sadu-razumevanje-problema-marginalizovanih-kategorija-dovodi-do-odrzivog-biznis-plana-u-socijalnom-preduzetnistvu\\\/#primaryimage\"},\"thumbnailUrl\":\"https:\\\/\\\/spriv.vojvodina.gov.rs\\\/wp-content\\\/uploads\\\/2018\\\/10\\\/12-10-2018-Pocuc-mala.jpeg\",\"datePublished\":\"2018-10-12T12:33:52+00:00\",\"author\":{\"@id\":\"https:\\\/\\\/spriv.vojvodina.gov.rs\\\/#\\\/schema\\\/person\\\/749ef4f57fbb458f1c759e7a4fa78485\"},\"breadcrumb\":{\"@id\":\"https:\\\/\\\/spriv.vojvodina.gov.rs\\\/pocuc-na-danima-socijalnog-preduzetnistva-u-novom-sadu-razumevanje-problema-marginalizovanih-kategorija-dovodi-do-odrzivog-biznis-plana-u-socijalnom-preduzetnistvu\\\/#breadcrumb\"},\"inLanguage\":\"sr-RS\",\"potentialAction\":[{\"@type\":\"ReadAction\",\"target\":[\"https:\\\/\\\/spriv.vojvodina.gov.rs\\\/pocuc-na-danima-socijalnog-preduzetnistva-u-novom-sadu-razumevanje-problema-marginalizovanih-kategorija-dovodi-do-odrzivog-biznis-plana-u-socijalnom-preduzetnistvu\\\/\"]}]},{\"@type\":\"ImageObject\",\"inLanguage\":\"sr-RS\",\"@id\":\"https:\\\/\\\/spriv.vojvodina.gov.rs\\\/pocuc-na-danima-socijalnog-preduzetnistva-u-novom-sadu-razumevanje-problema-marginalizovanih-kategorija-dovodi-do-odrzivog-biznis-plana-u-socijalnom-preduzetnistvu\\\/#primaryimage\",\"url\":\"https:\\\/\\\/spriv.vojvodina.gov.rs\\\/wp-content\\\/uploads\\\/2018\\\/10\\\/12-10-2018-Pocuc-mala.jpeg\",\"contentUrl\":\"https:\\\/\\\/spriv.vojvodina.gov.rs\\\/wp-content\\\/uploads\\\/2018\\\/10\\\/12-10-2018-Pocuc-mala.jpeg\",\"width\":150,\"height\":98},{\"@type\":\"BreadcrumbList\",\"@id\":\"https:\\\/\\\/spriv.vojvodina.gov.rs\\\/pocuc-na-danima-socijalnog-preduzetnistva-u-novom-sadu-razumevanje-problema-marginalizovanih-kategorija-dovodi-do-odrzivog-biznis-plana-u-socijalnom-preduzetnistvu\\\/#breadcrumb\",\"itemListElement\":[{\"@type\":\"ListItem\",\"position\":1,\"name\":\"Home\",\"item\":\"https:\\\/\\\/spriv.vojvodina.gov.rs\\\/\"},{\"@type\":\"ListItem\",\"position\":2,\"name\":\"Po\u010du\u010d na Danima socijalnog preduzetni\u0161tva u Novom Sadu: Razumevanje problema marginalizovanih kategorija dovodi do odr\u017eivog biznis plana u socijalnom preduzetni\u0161tvu\"}]},{\"@type\":\"WebSite\",\"@id\":\"https:\\\/\\\/spriv.vojvodina.gov.rs\\\/#website\",\"url\":\"https:\\\/\\\/spriv.vojvodina.gov.rs\\\/\",\"name\":\"\u041f\u043e\u043a\u0440\u0430\u0458\u0438\u043d\u0441\u043a\u0438 \u0441\u0435\u043a\u0440\u0435\u0442\u0430\u0440\u0438\u0458\u0430\u0442 \u0437\u0430 \u043f\u0440\u0438\u0432\u0440\u0435\u0434\u0443 \u0438 \u0442\u0443\u0440\u0438\u0437\u0430\u043c\",\"description\":\"\u041f\u043e\u043a\u0440\u0430\u0458\u0438\u043d\u0441\u043a\u0438 \u0441\u0435\u043a\u0440\u0435\u0442\u0430\u0440\u0438\u0458\u0430\u0442 \u0437\u0430 \u043f\u0440\u0438\u0432\u0440\u0435\u0434\u0443 \u0438 \u0442\u0443\u0440\u0438\u0437\u0430\u043c\",\"potentialAction\":[{\"@type\":\"SearchAction\",\"target\":{\"@type\":\"EntryPoint\",\"urlTemplate\":\"https:\\\/\\\/spriv.vojvodina.gov.rs\\\/?s={search_term_string}\"},\"query-input\":{\"@type\":\"PropertyValueSpecification\",\"valueRequired\":true,\"valueName\":\"search_term_string\"}}],\"inLanguage\":\"sr-RS\"},{\"@type\":\"Person\",\"@id\":\"https:\\\/\\\/spriv.vojvodina.gov.rs\\\/#\\\/schema\\\/person\\\/749ef4f57fbb458f1c759e7a4fa78485\",\"name\":\"Sonja Babi\u0107\",\"image\":{\"@type\":\"ImageObject\",\"inLanguage\":\"sr-RS\",\"@id\":\"https:\\\/\\\/secure.gravatar.com\\\/avatar\\\/00a1d182a20a59067af1e7b1c31cbcc3be1a456ee4b27746580e120c2582e5bd?s=96&d=mm&r=g\",\"url\":\"https:\\\/\\\/secure.gravatar.com\\\/avatar\\\/00a1d182a20a59067af1e7b1c31cbcc3be1a456ee4b27746580e120c2582e5bd?s=96&d=mm&r=g\",\"contentUrl\":\"https:\\\/\\\/secure.gravatar.com\\\/avatar\\\/00a1d182a20a59067af1e7b1c31cbcc3be1a456ee4b27746580e120c2582e5bd?s=96&d=mm&r=g\",\"caption\":\"Sonja Babi\u0107\"},\"url\":\"https:\\\/\\\/spriv.vojvodina.gov.rs\\\/rs\\\/author\\\/sonja-babic\\\/\"}]}<\/script>\n<!-- \/ Yoast SEO plugin. -->","yoast_head_json":{"title":"Po\u010du\u010d na Danima socijalnog preduzetni\u0161tva u Novom Sadu: Razumevanje problema marginalizovanih kategorija dovodi do odr\u017eivog biznis plana u socijalnom preduzetni\u0161tvu - \u041f\u043e\u043a\u0440\u0430\u0458\u0438\u043d\u0441\u043a\u0438 \u0441\u0435\u043a\u0440\u0435\u0442\u0430\u0440\u0438\u0458\u0430\u0442 \u0437\u0430 \u043f\u0440\u0438\u0432\u0440\u0435\u0434\u0443 \u0438 \u0442\u0443\u0440\u0438\u0437\u0430\u043c","robots":{"index":"index","follow":"follow","max-snippet":"max-snippet:-1","max-image-preview":"max-image-preview:large","max-video-preview":"max-video-preview:-1"},"canonical":"https:\/\/spriv.vojvodina.gov.rs\/rs\/pocuc-na-danima-socijalnog-preduzetnistva-u-novom-sadu-razumevanje-problema-marginalizovanih-kategorija-dovodi-do-odrzivog-biznis-plana-u-socijalnom-preduzetnistvu\/","og_locale":"sr_RS","og_type":"article","og_title":"Po\u010du\u010d na Danima socijalnog preduzetni\u0161tva u Novom Sadu: Razumevanje problema marginalizovanih kategorija dovodi do odr\u017eivog biznis plana u socijalnom preduzetni\u0161tvu - \u041f\u043e\u043a\u0440\u0430\u0458\u0438\u043d\u0441\u043a\u0438 \u0441\u0435\u043a\u0440\u0435\u0442\u0430\u0440\u0438\u0458\u0430\u0442 \u0437\u0430 \u043f\u0440\u0438\u0432\u0440\u0435\u0434\u0443 \u0438 \u0442\u0443\u0440\u0438\u0437\u0430\u043c","og_description":"Novi Sad, 12. oktobar 2018. -\u00a0 Zamenik pokrajinskog sekretara za privredu i turizam, mr Pavle Po\u010du\u010d, u\u010destvovao je na ju\u010dera\u0161njem otvaranju manifestacije ,,Dani socijalnog preduzetni\u0161tva u Novom Sadu\u201c i tom prilikom govorio o dru\u0161tvenom preduzetni\u0161tvu, ta\u010dnije o mogu\u0107nostima razvoja socijalne ekonomije u Srbiji i AP Vojvodini. Ova dvodnevna manifestacija se odr\u017eava na Ekonomskom fakultetu u Novom Sadu, u organizaciji Klastera socijalnog preduzetni\u0161tva Vojvodine \u2013 KASPEV. Po\u010du\u010d je studente upoznao sa svim segmentima alternativne ekonomije, odnosno socijalnog preduzetnistva, o samoj definiciji, istorijatu, trenutnom stanju socijalnog preduzetni\u0161tva u Srbiji, kao i o problemima koji nastaju i merama podr\u0161ke i podsticaja namenjenim ovoj oblasti, definisanih od strane Pokrajinske vlade i Pokrajinskog sekretarijata za privredu i turizam.","og_url":"https:\/\/spriv.vojvodina.gov.rs\/pocuc-na-danima-socijalnog-preduzetnistva-u-novom-sadu-razumevanje-problema-marginalizovanih-kategorija-dovodi-do-odrzivog-biznis-plana-u-socijalnom-preduzetnistvu\/","og_site_name":"\u041f\u043e\u043a\u0440\u0430\u0458\u0438\u043d\u0441\u043a\u0438 \u0441\u0435\u043a\u0440\u0435\u0442\u0430\u0440\u0438\u0458\u0430\u0442 \u0437\u0430 \u043f\u0440\u0438\u0432\u0440\u0435\u0434\u0443 \u0438 \u0442\u0443\u0440\u0438\u0437\u0430\u043c","article_published_time":"2018-10-12T12:33:52+00:00","og_image":[{"width":150,"height":98,"url":"https:\/\/spriv.vojvodina.gov.rs\/wp-content\/uploads\/2018\/10\/12-10-2018-Pocuc-mala.jpeg","type":"image\/jpeg"}],"author":"Sonja Babi\u0107","twitter_card":"summary_large_image","twitter_misc":{"\u041d\u0430\u043f\u0438\u0441\u0430\u043d\u043e \u043e\u0434":"Sonja Babi\u0107","\u041f\u0440\u043e\u0446\u0435\u045a\u0435\u043d\u043e \u0432\u0440\u0435\u043c\u0435 \u0447\u0438\u0442\u0430\u045a\u0430":"1 \u043c\u0438\u043d\u0443\u0442"},"schema":{"@context":"https:\/\/schema.org","@graph":[{"@type":"Article","@id":"https:\/\/spriv.vojvodina.gov.rs\/pocuc-na-danima-socijalnog-preduzetnistva-u-novom-sadu-razumevanje-problema-marginalizovanih-kategorija-dovodi-do-odrzivog-biznis-plana-u-socijalnom-preduzetnistvu\/#article","isPartOf":{"@id":"https:\/\/spriv.vojvodina.gov.rs\/pocuc-na-danima-socijalnog-preduzetnistva-u-novom-sadu-razumevanje-problema-marginalizovanih-kategorija-dovodi-do-odrzivog-biznis-plana-u-socijalnom-preduzetnistvu\/"},"author":{"name":"Sonja Babi\u0107","@id":"https:\/\/spriv.vojvodina.gov.rs\/#\/schema\/person\/749ef4f57fbb458f1c759e7a4fa78485"},"headline":"Po\u010du\u010d na Danima socijalnog preduzetni\u0161tva u Novom Sadu: Razumevanje problema marginalizovanih kategorija dovodi do odr\u017eivog biznis plana u socijalnom preduzetni\u0161tvu","datePublished":"2018-10-12T12:33:52+00:00","mainEntityOfPage":{"@id":"https:\/\/spriv.vojvodina.gov.rs\/pocuc-na-danima-socijalnog-preduzetnistva-u-novom-sadu-razumevanje-problema-marginalizovanih-kategorija-dovodi-do-odrzivog-biznis-plana-u-socijalnom-preduzetnistvu\/"},"wordCount":211,"image":{"@id":"https:\/\/spriv.vojvodina.gov.rs\/pocuc-na-danima-socijalnog-preduzetnistva-u-novom-sadu-razumevanje-problema-marginalizovanih-kategorija-dovodi-do-odrzivog-biznis-plana-u-socijalnom-preduzetnistvu\/#primaryimage"},"thumbnailUrl":"https:\/\/spriv.vojvodina.gov.rs\/wp-content\/uploads\/2018\/10\/12-10-2018-Pocuc-mala.jpeg","articleSection":["Vesti Latinica"],"inLanguage":"sr-RS"},{"@type":"WebPage","@id":"https:\/\/spriv.vojvodina.gov.rs\/pocuc-na-danima-socijalnog-preduzetnistva-u-novom-sadu-razumevanje-problema-marginalizovanih-kategorija-dovodi-do-odrzivog-biznis-plana-u-socijalnom-preduzetnistvu\/","url":"https:\/\/spriv.vojvodina.gov.rs\/pocuc-na-danima-socijalnog-preduzetnistva-u-novom-sadu-razumevanje-problema-marginalizovanih-kategorija-dovodi-do-odrzivog-biznis-plana-u-socijalnom-preduzetnistvu\/","name":"Po\u010du\u010d na Danima socijalnog preduzetni\u0161tva u Novom Sadu: Razumevanje problema marginalizovanih kategorija dovodi do odr\u017eivog biznis plana u socijalnom preduzetni\u0161tvu - \u041f\u043e\u043a\u0440\u0430\u0458\u0438\u043d\u0441\u043a\u0438 \u0441\u0435\u043a\u0440\u0435\u0442\u0430\u0440\u0438\u0458\u0430\u0442 \u0437\u0430 \u043f\u0440\u0438\u0432\u0440\u0435\u0434\u0443 \u0438 \u0442\u0443\u0440\u0438\u0437\u0430\u043c","isPartOf":{"@id":"https:\/\/spriv.vojvodina.gov.rs\/#website"},"primaryImageOfPage":{"@id":"https:\/\/spriv.vojvodina.gov.rs\/pocuc-na-danima-socijalnog-preduzetnistva-u-novom-sadu-razumevanje-problema-marginalizovanih-kategorija-dovodi-do-odrzivog-biznis-plana-u-socijalnom-preduzetnistvu\/#primaryimage"},"image":{"@id":"https:\/\/spriv.vojvodina.gov.rs\/pocuc-na-danima-socijalnog-preduzetnistva-u-novom-sadu-razumevanje-problema-marginalizovanih-kategorija-dovodi-do-odrzivog-biznis-plana-u-socijalnom-preduzetnistvu\/#primaryimage"},"thumbnailUrl":"https:\/\/spriv.vojvodina.gov.rs\/wp-content\/uploads\/2018\/10\/12-10-2018-Pocuc-mala.jpeg","datePublished":"2018-10-12T12:33:52+00:00","author":{"@id":"https:\/\/spriv.vojvodina.gov.rs\/#\/schema\/person\/749ef4f57fbb458f1c759e7a4fa78485"},"breadcrumb":{"@id":"https:\/\/spriv.vojvodina.gov.rs\/pocuc-na-danima-socijalnog-preduzetnistva-u-novom-sadu-razumevanje-problema-marginalizovanih-kategorija-dovodi-do-odrzivog-biznis-plana-u-socijalnom-preduzetnistvu\/#breadcrumb"},"inLanguage":"sr-RS","potentialAction":[{"@type":"ReadAction","target":["https:\/\/spriv.vojvodina.gov.rs\/pocuc-na-danima-socijalnog-preduzetnistva-u-novom-sadu-razumevanje-problema-marginalizovanih-kategorija-dovodi-do-odrzivog-biznis-plana-u-socijalnom-preduzetnistvu\/"]}]},{"@type":"ImageObject","inLanguage":"sr-RS","@id":"https:\/\/spriv.vojvodina.gov.rs\/pocuc-na-danima-socijalnog-preduzetnistva-u-novom-sadu-razumevanje-problema-marginalizovanih-kategorija-dovodi-do-odrzivog-biznis-plana-u-socijalnom-preduzetnistvu\/#primaryimage","url":"https:\/\/spriv.vojvodina.gov.rs\/wp-content\/uploads\/2018\/10\/12-10-2018-Pocuc-mala.jpeg","contentUrl":"https:\/\/spriv.vojvodina.gov.rs\/wp-content\/uploads\/2018\/10\/12-10-2018-Pocuc-mala.jpeg","width":150,"height":98},{"@type":"BreadcrumbList","@id":"https:\/\/spriv.vojvodina.gov.rs\/pocuc-na-danima-socijalnog-preduzetnistva-u-novom-sadu-razumevanje-problema-marginalizovanih-kategorija-dovodi-do-odrzivog-biznis-plana-u-socijalnom-preduzetnistvu\/#breadcrumb","itemListElement":[{"@type":"ListItem","position":1,"name":"Home","item":"https:\/\/spriv.vojvodina.gov.rs\/"},{"@type":"ListItem","position":2,"name":"Po\u010du\u010d na Danima socijalnog preduzetni\u0161tva u Novom Sadu: Razumevanje problema marginalizovanih kategorija dovodi do odr\u017eivog biznis plana u socijalnom preduzetni\u0161tvu"}]},{"@type":"WebSite","@id":"https:\/\/spriv.vojvodina.gov.rs\/#website","url":"https:\/\/spriv.vojvodina.gov.rs\/","name":"\u041f\u043e\u043a\u0440\u0430\u0458\u0438\u043d\u0441\u043a\u0438 \u0441\u0435\u043a\u0440\u0435\u0442\u0430\u0440\u0438\u0458\u0430\u0442 \u0437\u0430 \u043f\u0440\u0438\u0432\u0440\u0435\u0434\u0443 \u0438 \u0442\u0443\u0440\u0438\u0437\u0430\u043c","description":"\u041f\u043e\u043a\u0440\u0430\u0458\u0438\u043d\u0441\u043a\u0438 \u0441\u0435\u043a\u0440\u0435\u0442\u0430\u0440\u0438\u0458\u0430\u0442 \u0437\u0430 \u043f\u0440\u0438\u0432\u0440\u0435\u0434\u0443 \u0438 \u0442\u0443\u0440\u0438\u0437\u0430\u043c","potentialAction":[{"@type":"SearchAction","target":{"@type":"EntryPoint","urlTemplate":"https:\/\/spriv.vojvodina.gov.rs\/?s={search_term_string}"},"query-input":{"@type":"PropertyValueSpecification","valueRequired":true,"valueName":"search_term_string"}}],"inLanguage":"sr-RS"},{"@type":"Person","@id":"https:\/\/spriv.vojvodina.gov.rs\/#\/schema\/person\/749ef4f57fbb458f1c759e7a4fa78485","name":"Sonja Babi\u0107","image":{"@type":"ImageObject","inLanguage":"sr-RS","@id":"https:\/\/secure.gravatar.com\/avatar\/00a1d182a20a59067af1e7b1c31cbcc3be1a456ee4b27746580e120c2582e5bd?s=96&d=mm&r=g","url":"https:\/\/secure.gravatar.com\/avatar\/00a1d182a20a59067af1e7b1c31cbcc3be1a456ee4b27746580e120c2582e5bd?s=96&d=mm&r=g","contentUrl":"https:\/\/secure.gravatar.com\/avatar\/00a1d182a20a59067af1e7b1c31cbcc3be1a456ee4b27746580e120c2582e5bd?s=96&d=mm&r=g","caption":"Sonja Babi\u0107"},"url":"https:\/\/spriv.vojvodina.gov.rs\/rs\/author\/sonja-babic\/"}]}},"_links":{"self":[{"href":"https:\/\/spriv.vojvodina.gov.rs\/rs\/wp-json\/wp\/v2\/posts\/3969","targetHints":{"allow":["GET"]}}],"collection":[{"href":"https:\/\/spriv.vojvodina.gov.rs\/rs\/wp-json\/wp\/v2\/posts"}],"about":[{"href":"https:\/\/spriv.vojvodina.gov.rs\/rs\/wp-json\/wp\/v2\/types\/post"}],"author":[{"embeddable":true,"href":"https:\/\/spriv.vojvodina.gov.rs\/rs\/wp-json\/wp\/v2\/users\/3"}],"replies":[{"embeddable":true,"href":"https:\/\/spriv.vojvodina.gov.rs\/rs\/wp-json\/wp\/v2\/comments?post=3969"}],"version-history":[{"count":0,"href":"https:\/\/spriv.vojvodina.gov.rs\/rs\/wp-json\/wp\/v2\/posts\/3969\/revisions"}],"wp:featuredmedia":[{"embeddable":true,"href":"https:\/\/spriv.vojvodina.gov.rs\/rs\/wp-json\/wp\/v2\/media\/3965"}],"wp:attachment":[{"href":"https:\/\/spriv.vojvodina.gov.rs\/rs\/wp-json\/wp\/v2\/media?parent=3969"}],"wp:term":[{"taxonomy":"category","embeddable":true,"href":"https:\/\/spriv.vojvodina.gov.rs\/rs\/wp-json\/wp\/v2\/categories?post=3969"},{"taxonomy":"post_tag","embeddable":true,"href":"https:\/\/spriv.vojvodina.gov.rs\/rs\/wp-json\/wp\/v2\/tags?post=3969"}],"curies":[{"name":"wp","href":"https:\/\/api.w.org\/{rel}","templated":true}]}}