{"id":3836,"date":"2018-08-01T15:52:31","date_gmt":"2018-08-01T15:52:31","guid":{"rendered":"http:\/\/spriv.vojvodina.gov.rs\/2018\/08\/01\/potpredsednik-dokovic-na-potpisivanju-sporazuma-o-saradnji-domace-kompanije-i-slovackog-investitora-uvecali-smo-obim-proizvodnje-ekonomije-i-zaposljavanja\/"},"modified":"2018-08-01T15:52:31","modified_gmt":"2018-08-01T15:52:31","slug":"potpredsednik-dokovic-na-potpisivanju-sporazuma-o-saradnji-domace-kompanije-i-slovackog-investitora-uvecali-smo-obim-proizvodnje-ekonomije-i-zaposljavanja","status":"publish","type":"post","link":"https:\/\/spriv.vojvodina.gov.rs\/rs\/potpredsednik-dokovic-na-potpisivanju-sporazuma-o-saradnji-domace-kompanije-i-slovackog-investitora-uvecali-smo-obim-proizvodnje-ekonomije-i-zaposljavanja\/","title":{"rendered":"Potpredsednik \u0110okovi\u0107 na potpisivanju sporazuma o saradnji doma\u0107e kompanije i slova\u010dkog investitora: Uve\u0107ali smo obim proizvodnje, ekonomije i zapo\u0161ljavanja"},"content":{"rendered":"<p style=\"text-align: center;\">\u00a0<img loading=\"lazy\" decoding=\"async\" class=\" size-full wp-image-3826\" src=\"http:\/\/spriv.vojvodina.gov.rs\/wp-content\/uploads\/2018\/08\/01.08.2018.-Proficut-1.JPG\" border=\"0\" alt=\"\" width=\"600\" height=\"400\" srcset=\"https:\/\/spriv.vojvodina.gov.rs\/wp-content\/uploads\/2018\/08\/01.08.2018.-Proficut-1.JPG 600w, https:\/\/spriv.vojvodina.gov.rs\/wp-content\/uploads\/2018\/08\/01.08.2018.-Proficut-1-300x200.jpg 300w\" sizes=\"auto, (max-width: 600px) 100vw, 600px\" \/><\/p>\n<p style=\"text-align: justify;\">Ba\u010dki Petrovac, 1. avgust 2018. \u2013 Potpredsednik Pokrajinske vlade i pokrajinski sekretar za privredu i turizam, Ivan \u0110okovi\u0107, prisustvovao je dana\u0161njem potpisivanju sporazuma izme\u0111u kompanije ,,Proficut doo&#8220; iz Ba\u010dkog Petrovca i jednog od najve\u0107ih slova\u010dkih investitora u Srbiji, kompanije ,,Tatravagonka Bratstvo doo&#8220;.<\/p>\n<p style=\"text-align: center;\"><img loading=\"lazy\" decoding=\"async\" class=\" size-full wp-image-3827\" src=\"http:\/\/spriv.vojvodina.gov.rs\/wp-content\/uploads\/2018\/08\/01.08.2018.-Proficut-2.JPG\" border=\"0\" alt=\"\" width=\"600\" height=\"400\" srcset=\"https:\/\/spriv.vojvodina.gov.rs\/wp-content\/uploads\/2018\/08\/01.08.2018.-Proficut-2.JPG 600w, https:\/\/spriv.vojvodina.gov.rs\/wp-content\/uploads\/2018\/08\/01.08.2018.-Proficut-2-300x200.jpg 300w\" sizes=\"auto, (max-width: 600px) 100vw, 600px\" \/><\/p>\n<p style=\"text-align: justify;\">Saradnja ove dve kompanije veoma je zna\u010dajna za privredu, kako Republike Srbije, tako i AP Vojvodine, s obzirom da je sam projekat od strate\u0161kog zna\u010daja koji \u0107e zajedni\u010dki sprovoditi vredan oko dva miliona evra na godi\u0161njem nivou i podrazumeva\u0107e proizvodnju komponenti za nove vagone koje proizvodi ,,Tatravagonka\u201c.<\/p>\n<p style=\"text-align: center;\"><img loading=\"lazy\" decoding=\"async\" class=\" size-full wp-image-3828\" src=\"http:\/\/spriv.vojvodina.gov.rs\/wp-content\/uploads\/2018\/08\/01.08.2018.-Proficut-3.JPG\" border=\"0\" alt=\"\" width=\"600\" height=\"400\" srcset=\"https:\/\/spriv.vojvodina.gov.rs\/wp-content\/uploads\/2018\/08\/01.08.2018.-Proficut-3.JPG 600w, https:\/\/spriv.vojvodina.gov.rs\/wp-content\/uploads\/2018\/08\/01.08.2018.-Proficut-3-300x200.jpg 300w\" sizes=\"auto, (max-width: 600px) 100vw, 600px\" \/><\/p>\n<p style=\"text-align: justify;\">Da potpisivanje ovog sporazuma pokazuje da posedujemo, ne samo doma\u0107u ,,pamet\u201c i tehnologiju u oblasti sofisticirane metalske industrije, ve\u0107 potvr\u0111uje opredeljenje inostranih kompanija sa renomeom da za svoje kooperante odaberu doma\u0107e firme, potvrdio je potpredsednik \u0110okovi\u0107, koji je dodao da je upravo ovakav vid saradnje imperativ u stvaranju nove materijalne vrednosti.<\/p>\n<p>,,Pokrajinska vlada u potpunosti podr\u017eava zaklju\u010divanje ovog sporazuma i dalji razvoj saradnje kompanija Proficut i Tatravagonka, a naro\u010dito zadr\u017eavanje kadrova u domenu zavariva\u010dkih delatnosti i metalske industrije, koji se nesrazmerno u velikom broju ,,odlivaju\u201c iz na\u0161e zemlje. Ovim smo uticali na reputaciju na\u0161e privrede, koja je sposobna da odgovori standardima razvijenim zemalja\u201c, rekao je \u0110okovi\u0107 dodav\u0161i da je sam \u010din potpisivanja sporazuma poslovan, razvojan, ali i patriotski.<\/p>\n<p style=\"text-align: center;\"><img loading=\"lazy\" decoding=\"async\" class=\" size-full wp-image-3829\" src=\"http:\/\/spriv.vojvodina.gov.rs\/wp-content\/uploads\/2018\/08\/01.08.2018.-Proficut-4.JPG\" border=\"0\" alt=\"\" width=\"600\" height=\"400\" srcset=\"https:\/\/spriv.vojvodina.gov.rs\/wp-content\/uploads\/2018\/08\/01.08.2018.-Proficut-4.JPG 600w, https:\/\/spriv.vojvodina.gov.rs\/wp-content\/uploads\/2018\/08\/01.08.2018.-Proficut-4-300x200.jpg 300w\" sizes=\"auto, (max-width: 600px) 100vw, 600px\" \/><\/p>\n<p style=\"text-align: justify;\">\u0110okovi\u0107 navodi da se saradnjom ovih kompanija na zajedni\u010dkim projektima u mnogome poma\u017ee deficitarnim zanimanjima u metalskoj industriji, te da sama vrednost ugovora, kao i delatnost \u017eelezni\u010dke industrije i njeni zahtevi, potvr\u0111uju da su sa\u010duvana radna mesta u Ba\u010dkom Petrovcu, ali i da je na\u0161a privreda opskrbljena znanjem i tehnologijom, zadovoljavaju\u0107i sve standarde stranih kompanija.<\/p>\n<p style=\"text-align: center;\"><img loading=\"lazy\" decoding=\"async\" class=\" size-full wp-image-3830\" src=\"http:\/\/spriv.vojvodina.gov.rs\/wp-content\/uploads\/2018\/08\/01.08.2018.-Proficut-5.JPG\" border=\"0\" alt=\"\" width=\"600\" height=\"400\" srcset=\"https:\/\/spriv.vojvodina.gov.rs\/wp-content\/uploads\/2018\/08\/01.08.2018.-Proficut-5.JPG 600w, https:\/\/spriv.vojvodina.gov.rs\/wp-content\/uploads\/2018\/08\/01.08.2018.-Proficut-5-300x200.jpg 300w\" sizes=\"auto, (max-width: 600px) 100vw, 600px\" \/><\/p>\n<p style=\"text-align: center;\"><img loading=\"lazy\" decoding=\"async\" class=\" size-full wp-image-3831\" src=\"http:\/\/spriv.vojvodina.gov.rs\/wp-content\/uploads\/2018\/08\/01.08.2018.-Proficut-55.JPG\" border=\"0\" alt=\"\" width=\"600\" height=\"400\" srcset=\"https:\/\/spriv.vojvodina.gov.rs\/wp-content\/uploads\/2018\/08\/01.08.2018.-Proficut-55.JPG 600w, https:\/\/spriv.vojvodina.gov.rs\/wp-content\/uploads\/2018\/08\/01.08.2018.-Proficut-55-300x200.jpg 300w\" sizes=\"auto, (max-width: 600px) 100vw, 600px\" \/><\/p>\n<p style=\"text-align: justify;\">Potpisivanju su prisustvovali i zamenik Nj.E. ambasadora Republike Slova\u010dke, Igor Vencel, ata\u0161e za ekonomska pitanja, Helena Zengo, pomo\u0107nik pokrajinskog sekretara za privredu i turizam, Branislav Bandi\u0107, te potpisnici sporazuma direktor ,,Tatravagonka Bratstvo doo&#8220;, Vladimir Sedlak, i direktor i vlasnik kompanije ,,Proficut doo&#8220;, Ivan Zabunov, sa saradnicima, koji su, potom, obi\u0161li prostorije proizvodnog pogona kompanije ,,Proficut doo&#8220; u industrijskoj zoni Ba\u010dkog Petrovca.<\/p>\n<p style=\"text-align: center;\"><img loading=\"lazy\" decoding=\"async\" class=\" size-full wp-image-3832\" src=\"http:\/\/spriv.vojvodina.gov.rs\/wp-content\/uploads\/2018\/08\/01.08.2018.-Proficut-6.JPG\" border=\"0\" alt=\"\" width=\"600\" height=\"400\" srcset=\"https:\/\/spriv.vojvodina.gov.rs\/wp-content\/uploads\/2018\/08\/01.08.2018.-Proficut-6.JPG 600w, https:\/\/spriv.vojvodina.gov.rs\/wp-content\/uploads\/2018\/08\/01.08.2018.-Proficut-6-300x200.jpg 300w\" sizes=\"auto, (max-width: 600px) 100vw, 600px\" \/><\/p>\n<p style=\"text-align: center;\"><img loading=\"lazy\" decoding=\"async\" class=\" size-full wp-image-3833\" src=\"http:\/\/spriv.vojvodina.gov.rs\/wp-content\/uploads\/2018\/08\/01.08.2018.-Proficut-7.JPG\" border=\"0\" alt=\"\" width=\"600\" height=\"400\" srcset=\"https:\/\/spriv.vojvodina.gov.rs\/wp-content\/uploads\/2018\/08\/01.08.2018.-Proficut-7.JPG 600w, https:\/\/spriv.vojvodina.gov.rs\/wp-content\/uploads\/2018\/08\/01.08.2018.-Proficut-7-300x200.jpg 300w\" sizes=\"auto, (max-width: 600px) 100vw, 600px\" \/><\/p>\n<p style=\"text-align: center;\"><img loading=\"lazy\" decoding=\"async\" class=\" size-full wp-image-3834\" src=\"http:\/\/spriv.vojvodina.gov.rs\/wp-content\/uploads\/2018\/08\/01.08.2018.-Proficut-8.JPG\" border=\"0\" alt=\"\" width=\"600\" height=\"400\" srcset=\"https:\/\/spriv.vojvodina.gov.rs\/wp-content\/uploads\/2018\/08\/01.08.2018.-Proficut-8.JPG 600w, https:\/\/spriv.vojvodina.gov.rs\/wp-content\/uploads\/2018\/08\/01.08.2018.-Proficut-8-300x200.jpg 300w\" sizes=\"auto, (max-width: 600px) 100vw, 600px\" \/><\/p>\n","protected":false},"excerpt":{"rendered":"Ba\u010dki Petrovac, 1. avgust 2018. \u2013 Potpredsednik Pokrajinske vlade i pokrajinski sekretar za privredu i turizam, Ivan \u0110okovi\u0107, prisustvovao je dana\u0161njem potpisivanju sporazuma izme\u0111u kompanije ,,Proficut doo&#8220; iz Ba\u010dkog Petrovca i jednog od najve\u0107ih slova\u010dkih investitora u Srbiji, kompanije ,,Tatravagonka Bratstvo doo&#8220;. Saradnja ove dve kompanije veoma je zna\u010dajna za privredu, kako Republike Srbije, tako i AP Vojvodine, s obzirom da je sam projekat od strate\u0161kog zna\u010daja koji \u0107e zajedni\u010dki sprovoditi vredan oko dva miliona evra na godi\u0161njem nivou i podrazumeva\u0107e proizvodnju komponenti za nove vagone koje proizvodi ,,Tatravagonka\u201c. Da potpisivanje ovog sporazuma pokazuje da posedujemo, ne samo doma\u0107u ,,pamet\u201c i tehnologiju u oblasti sofisticirane metalske industrije, ve\u0107 potvr\u0111uje opredeljenje inostranih kompanija sa renomeom da za svoje kooperante odaberu doma\u0107e firme, potvrdio je potpredsednik \u0110okovi\u0107, koji je dodao da je upravo ovakav vid saradnje imperativ u stvaranju nove materijalne vrednosti.\n<a class=\"moretag\" href=\"https:\/\/spriv.vojvodina.gov.rs\/rs\/potpredsednik-dokovic-na-potpisivanju-sporazuma-o-saradnji-domace-kompanije-i-slovackog-investitora-uvecali-smo-obim-proizvodnje-ekonomije-i-zaposljavanja\/\"> [...]<\/a>","protected":false},"author":3,"featured_media":3825,"comment_status":"closed","ping_status":"closed","sticky":false,"template":"","format":"standard","meta":{"footnotes":""},"categories":[31],"tags":[],"class_list":["post-3836","post","type-post","status-publish","format-standard","has-post-thumbnail","hentry","category-vesti-latinica1"],"yoast_head":"<!-- This site is optimized with the Yoast SEO plugin v27.5 - https:\/\/yoast.com\/product\/yoast-seo-wordpress\/ -->\n<title>Potpredsednik \u0110okovi\u0107 na potpisivanju sporazuma o saradnji doma\u0107e kompanije i slova\u010dkog investitora: Uve\u0107ali smo obim proizvodnje, ekonomije i zapo\u0161ljavanja - \u041f\u043e\u043a\u0440\u0430\u0458\u0438\u043d\u0441\u043a\u0438 \u0441\u0435\u043a\u0440\u0435\u0442\u0430\u0440\u0438\u0458\u0430\u0442 \u0437\u0430 \u043f\u0440\u0438\u0432\u0440\u0435\u0434\u0443 \u0438 \u0442\u0443\u0440\u0438\u0437\u0430\u043c<\/title>\n<meta name=\"robots\" content=\"index, follow, max-snippet:-1, max-image-preview:large, max-video-preview:-1\" \/>\n<link rel=\"canonical\" href=\"https:\/\/spriv.vojvodina.gov.rs\/rs\/potpredsednik-dokovic-na-potpisivanju-sporazuma-o-saradnji-domace-kompanije-i-slovackog-investitora-uvecali-smo-obim-proizvodnje-ekonomije-i-zaposljavanja\/\" \/>\n<meta property=\"og:locale\" content=\"sr_RS\" \/>\n<meta property=\"og:type\" content=\"article\" \/>\n<meta property=\"og:title\" content=\"Potpredsednik \u0110okovi\u0107 na potpisivanju sporazuma o saradnji doma\u0107e kompanije i slova\u010dkog investitora: Uve\u0107ali smo obim proizvodnje, ekonomije i zapo\u0161ljavanja - \u041f\u043e\u043a\u0440\u0430\u0458\u0438\u043d\u0441\u043a\u0438 \u0441\u0435\u043a\u0440\u0435\u0442\u0430\u0440\u0438\u0458\u0430\u0442 \u0437\u0430 \u043f\u0440\u0438\u0432\u0440\u0435\u0434\u0443 \u0438 \u0442\u0443\u0440\u0438\u0437\u0430\u043c\" \/>\n<meta property=\"og:description\" content=\"Ba\u010dki Petrovac, 1. avgust 2018. \u2013 Potpredsednik Pokrajinske vlade i pokrajinski sekretar za privredu i turizam, Ivan \u0110okovi\u0107, prisustvovao je dana\u0161njem potpisivanju sporazuma izme\u0111u kompanije ,,Proficut doo&quot; iz Ba\u010dkog Petrovca i jednog od najve\u0107ih slova\u010dkih investitora u Srbiji, kompanije ,,Tatravagonka Bratstvo doo&quot;. Saradnja ove dve kompanije veoma je zna\u010dajna za privredu, kako Republike Srbije, tako i AP Vojvodine, s obzirom da je sam projekat od strate\u0161kog zna\u010daja koji \u0107e zajedni\u010dki sprovoditi vredan oko dva miliona evra na godi\u0161njem nivou i podrazumeva\u0107e proizvodnju komponenti za nove vagone koje proizvodi ,,Tatravagonka\u201c. Da potpisivanje ovog sporazuma pokazuje da posedujemo, ne samo doma\u0107u ,,pamet\u201c i tehnologiju u oblasti sofisticirane metalske industrije, ve\u0107 potvr\u0111uje opredeljenje inostranih kompanija sa renomeom da za svoje kooperante odaberu doma\u0107e firme, potvrdio je potpredsednik \u0110okovi\u0107, koji je dodao da je upravo ovakav vid saradnje imperativ u stvaranju nove materijalne vrednosti.\" \/>\n<meta property=\"og:url\" content=\"https:\/\/spriv.vojvodina.gov.rs\/rs\/potpredsednik-dokovic-na-potpisivanju-sporazuma-o-saradnji-domace-kompanije-i-slovackog-investitora-uvecali-smo-obim-proizvodnje-ekonomije-i-zaposljavanja\/\" \/>\n<meta property=\"og:site_name\" content=\"\u041f\u043e\u043a\u0440\u0430\u0458\u0438\u043d\u0441\u043a\u0438 \u0441\u0435\u043a\u0440\u0435\u0442\u0430\u0440\u0438\u0458\u0430\u0442 \u0437\u0430 \u043f\u0440\u0438\u0432\u0440\u0435\u0434\u0443 \u0438 \u0442\u0443\u0440\u0438\u0437\u0430\u043c\" \/>\n<meta property=\"article:published_time\" content=\"2018-08-01T15:52:31+00:00\" \/>\n<meta property=\"og:image\" content=\"https:\/\/spriv.vojvodina.gov.rs\/wp-content\/uploads\/2018\/08\/01.08.2018.-Proficut-mala.JPG\" \/>\n\t<meta property=\"og:image:width\" content=\"150\" \/>\n\t<meta property=\"og:image:height\" content=\"100\" \/>\n\t<meta property=\"og:image:type\" content=\"image\/jpeg\" \/>\n<meta name=\"author\" content=\"Sonja Babi\u0107\" \/>\n<meta name=\"twitter:card\" content=\"summary_large_image\" \/>\n<meta name=\"twitter:label1\" content=\"\u041d\u0430\u043f\u0438\u0441\u0430\u043d\u043e \u043e\u0434\" \/>\n\t<meta name=\"twitter:data1\" content=\"Sonja Babi\u0107\" \/>\n\t<meta name=\"twitter:label2\" content=\"\u041f\u0440\u043e\u0446\u0435\u045a\u0435\u043d\u043e \u0432\u0440\u0435\u043c\u0435 \u0447\u0438\u0442\u0430\u045a\u0430\" \/>\n\t<meta name=\"twitter:data2\" content=\"2 \u043c\u0438\u043d\u0443\u0442\u0430\" \/>\n<script type=\"application\/ld+json\" class=\"yoast-schema-graph\">{\"@context\":\"https:\\\/\\\/schema.org\",\"@graph\":[{\"@type\":\"Article\",\"@id\":\"https:\\\/\\\/spriv.vojvodina.gov.rs\\\/rs\\\/potpredsednik-dokovic-na-potpisivanju-sporazuma-o-saradnji-domace-kompanije-i-slovackog-investitora-uvecali-smo-obim-proizvodnje-ekonomije-i-zaposljavanja\\\/#article\",\"isPartOf\":{\"@id\":\"https:\\\/\\\/spriv.vojvodina.gov.rs\\\/rs\\\/potpredsednik-dokovic-na-potpisivanju-sporazuma-o-saradnji-domace-kompanije-i-slovackog-investitora-uvecali-smo-obim-proizvodnje-ekonomije-i-zaposljavanja\\\/\"},\"author\":{\"name\":\"Sonja Babi\u0107\",\"@id\":\"https:\\\/\\\/spriv.vojvodina.gov.rs\\\/#\\\/schema\\\/person\\\/749ef4f57fbb458f1c759e7a4fa78485\"},\"headline\":\"Potpredsednik \u0110okovi\u0107 na potpisivanju sporazuma o saradnji doma\u0107e kompanije i slova\u010dkog investitora: Uve\u0107ali smo obim proizvodnje, ekonomije i zapo\u0161ljavanja\",\"datePublished\":\"2018-08-01T15:52:31+00:00\",\"mainEntityOfPage\":{\"@id\":\"https:\\\/\\\/spriv.vojvodina.gov.rs\\\/rs\\\/potpredsednik-dokovic-na-potpisivanju-sporazuma-o-saradnji-domace-kompanije-i-slovackog-investitora-uvecali-smo-obim-proizvodnje-ekonomije-i-zaposljavanja\\\/\"},\"wordCount\":380,\"image\":{\"@id\":\"https:\\\/\\\/spriv.vojvodina.gov.rs\\\/rs\\\/potpredsednik-dokovic-na-potpisivanju-sporazuma-o-saradnji-domace-kompanije-i-slovackog-investitora-uvecali-smo-obim-proizvodnje-ekonomije-i-zaposljavanja\\\/#primaryimage\"},\"thumbnailUrl\":\"https:\\\/\\\/spriv.vojvodina.gov.rs\\\/wp-content\\\/uploads\\\/2018\\\/08\\\/01.08.2018.-Proficut-mala.JPG\",\"articleSection\":[\"Vesti Latinica\"],\"inLanguage\":\"sr-RS\"},{\"@type\":\"WebPage\",\"@id\":\"https:\\\/\\\/spriv.vojvodina.gov.rs\\\/rs\\\/potpredsednik-dokovic-na-potpisivanju-sporazuma-o-saradnji-domace-kompanije-i-slovackog-investitora-uvecali-smo-obim-proizvodnje-ekonomije-i-zaposljavanja\\\/\",\"url\":\"https:\\\/\\\/spriv.vojvodina.gov.rs\\\/rs\\\/potpredsednik-dokovic-na-potpisivanju-sporazuma-o-saradnji-domace-kompanije-i-slovackog-investitora-uvecali-smo-obim-proizvodnje-ekonomije-i-zaposljavanja\\\/\",\"name\":\"Potpredsednik \u0110okovi\u0107 na potpisivanju sporazuma o saradnji doma\u0107e kompanije i slova\u010dkog investitora: Uve\u0107ali smo obim proizvodnje, ekonomije i zapo\u0161ljavanja - \u041f\u043e\u043a\u0440\u0430\u0458\u0438\u043d\u0441\u043a\u0438 \u0441\u0435\u043a\u0440\u0435\u0442\u0430\u0440\u0438\u0458\u0430\u0442 \u0437\u0430 \u043f\u0440\u0438\u0432\u0440\u0435\u0434\u0443 \u0438 \u0442\u0443\u0440\u0438\u0437\u0430\u043c\",\"isPartOf\":{\"@id\":\"https:\\\/\\\/spriv.vojvodina.gov.rs\\\/#website\"},\"primaryImageOfPage\":{\"@id\":\"https:\\\/\\\/spriv.vojvodina.gov.rs\\\/rs\\\/potpredsednik-dokovic-na-potpisivanju-sporazuma-o-saradnji-domace-kompanije-i-slovackog-investitora-uvecali-smo-obim-proizvodnje-ekonomije-i-zaposljavanja\\\/#primaryimage\"},\"image\":{\"@id\":\"https:\\\/\\\/spriv.vojvodina.gov.rs\\\/rs\\\/potpredsednik-dokovic-na-potpisivanju-sporazuma-o-saradnji-domace-kompanije-i-slovackog-investitora-uvecali-smo-obim-proizvodnje-ekonomije-i-zaposljavanja\\\/#primaryimage\"},\"thumbnailUrl\":\"https:\\\/\\\/spriv.vojvodina.gov.rs\\\/wp-content\\\/uploads\\\/2018\\\/08\\\/01.08.2018.-Proficut-mala.JPG\",\"datePublished\":\"2018-08-01T15:52:31+00:00\",\"author\":{\"@id\":\"https:\\\/\\\/spriv.vojvodina.gov.rs\\\/#\\\/schema\\\/person\\\/749ef4f57fbb458f1c759e7a4fa78485\"},\"breadcrumb\":{\"@id\":\"https:\\\/\\\/spriv.vojvodina.gov.rs\\\/rs\\\/potpredsednik-dokovic-na-potpisivanju-sporazuma-o-saradnji-domace-kompanije-i-slovackog-investitora-uvecali-smo-obim-proizvodnje-ekonomije-i-zaposljavanja\\\/#breadcrumb\"},\"inLanguage\":\"sr-RS\",\"potentialAction\":[{\"@type\":\"ReadAction\",\"target\":[\"https:\\\/\\\/spriv.vojvodina.gov.rs\\\/rs\\\/potpredsednik-dokovic-na-potpisivanju-sporazuma-o-saradnji-domace-kompanije-i-slovackog-investitora-uvecali-smo-obim-proizvodnje-ekonomije-i-zaposljavanja\\\/\"]}]},{\"@type\":\"ImageObject\",\"inLanguage\":\"sr-RS\",\"@id\":\"https:\\\/\\\/spriv.vojvodina.gov.rs\\\/rs\\\/potpredsednik-dokovic-na-potpisivanju-sporazuma-o-saradnji-domace-kompanije-i-slovackog-investitora-uvecali-smo-obim-proizvodnje-ekonomije-i-zaposljavanja\\\/#primaryimage\",\"url\":\"https:\\\/\\\/spriv.vojvodina.gov.rs\\\/wp-content\\\/uploads\\\/2018\\\/08\\\/01.08.2018.-Proficut-mala.JPG\",\"contentUrl\":\"https:\\\/\\\/spriv.vojvodina.gov.rs\\\/wp-content\\\/uploads\\\/2018\\\/08\\\/01.08.2018.-Proficut-mala.JPG\",\"width\":150,\"height\":100},{\"@type\":\"BreadcrumbList\",\"@id\":\"https:\\\/\\\/spriv.vojvodina.gov.rs\\\/rs\\\/potpredsednik-dokovic-na-potpisivanju-sporazuma-o-saradnji-domace-kompanije-i-slovackog-investitora-uvecali-smo-obim-proizvodnje-ekonomije-i-zaposljavanja\\\/#breadcrumb\",\"itemListElement\":[{\"@type\":\"ListItem\",\"position\":1,\"name\":\"Home\",\"item\":\"https:\\\/\\\/spriv.vojvodina.gov.rs\\\/\"},{\"@type\":\"ListItem\",\"position\":2,\"name\":\"Potpredsednik \u0110okovi\u0107 na potpisivanju sporazuma o saradnji doma\u0107e kompanije i slova\u010dkog investitora: Uve\u0107ali smo obim proizvodnje, ekonomije i zapo\u0161ljavanja\"}]},{\"@type\":\"WebSite\",\"@id\":\"https:\\\/\\\/spriv.vojvodina.gov.rs\\\/#website\",\"url\":\"https:\\\/\\\/spriv.vojvodina.gov.rs\\\/\",\"name\":\"\u041f\u043e\u043a\u0440\u0430\u0458\u0438\u043d\u0441\u043a\u0438 \u0441\u0435\u043a\u0440\u0435\u0442\u0430\u0440\u0438\u0458\u0430\u0442 \u0437\u0430 \u043f\u0440\u0438\u0432\u0440\u0435\u0434\u0443 \u0438 \u0442\u0443\u0440\u0438\u0437\u0430\u043c\",\"description\":\"\u041f\u043e\u043a\u0440\u0430\u0458\u0438\u043d\u0441\u043a\u0438 \u0441\u0435\u043a\u0440\u0435\u0442\u0430\u0440\u0438\u0458\u0430\u0442 \u0437\u0430 \u043f\u0440\u0438\u0432\u0440\u0435\u0434\u0443 \u0438 \u0442\u0443\u0440\u0438\u0437\u0430\u043c\",\"potentialAction\":[{\"@type\":\"SearchAction\",\"target\":{\"@type\":\"EntryPoint\",\"urlTemplate\":\"https:\\\/\\\/spriv.vojvodina.gov.rs\\\/?s={search_term_string}\"},\"query-input\":{\"@type\":\"PropertyValueSpecification\",\"valueRequired\":true,\"valueName\":\"search_term_string\"}}],\"inLanguage\":\"sr-RS\"},{\"@type\":\"Person\",\"@id\":\"https:\\\/\\\/spriv.vojvodina.gov.rs\\\/#\\\/schema\\\/person\\\/749ef4f57fbb458f1c759e7a4fa78485\",\"name\":\"Sonja Babi\u0107\",\"image\":{\"@type\":\"ImageObject\",\"inLanguage\":\"sr-RS\",\"@id\":\"https:\\\/\\\/secure.gravatar.com\\\/avatar\\\/00a1d182a20a59067af1e7b1c31cbcc3be1a456ee4b27746580e120c2582e5bd?s=96&d=mm&r=g\",\"url\":\"https:\\\/\\\/secure.gravatar.com\\\/avatar\\\/00a1d182a20a59067af1e7b1c31cbcc3be1a456ee4b27746580e120c2582e5bd?s=96&d=mm&r=g\",\"contentUrl\":\"https:\\\/\\\/secure.gravatar.com\\\/avatar\\\/00a1d182a20a59067af1e7b1c31cbcc3be1a456ee4b27746580e120c2582e5bd?s=96&d=mm&r=g\",\"caption\":\"Sonja Babi\u0107\"},\"url\":\"https:\\\/\\\/spriv.vojvodina.gov.rs\\\/rs\\\/author\\\/sonja-babic\\\/\"}]}<\/script>\n<!-- \/ Yoast SEO plugin. -->","yoast_head_json":{"title":"Potpredsednik \u0110okovi\u0107 na potpisivanju sporazuma o saradnji doma\u0107e kompanije i slova\u010dkog investitora: Uve\u0107ali smo obim proizvodnje, ekonomije i zapo\u0161ljavanja - \u041f\u043e\u043a\u0440\u0430\u0458\u0438\u043d\u0441\u043a\u0438 \u0441\u0435\u043a\u0440\u0435\u0442\u0430\u0440\u0438\u0458\u0430\u0442 \u0437\u0430 \u043f\u0440\u0438\u0432\u0440\u0435\u0434\u0443 \u0438 \u0442\u0443\u0440\u0438\u0437\u0430\u043c","robots":{"index":"index","follow":"follow","max-snippet":"max-snippet:-1","max-image-preview":"max-image-preview:large","max-video-preview":"max-video-preview:-1"},"canonical":"https:\/\/spriv.vojvodina.gov.rs\/rs\/potpredsednik-dokovic-na-potpisivanju-sporazuma-o-saradnji-domace-kompanije-i-slovackog-investitora-uvecali-smo-obim-proizvodnje-ekonomije-i-zaposljavanja\/","og_locale":"sr_RS","og_type":"article","og_title":"Potpredsednik \u0110okovi\u0107 na potpisivanju sporazuma o saradnji doma\u0107e kompanije i slova\u010dkog investitora: Uve\u0107ali smo obim proizvodnje, ekonomije i zapo\u0161ljavanja - \u041f\u043e\u043a\u0440\u0430\u0458\u0438\u043d\u0441\u043a\u0438 \u0441\u0435\u043a\u0440\u0435\u0442\u0430\u0440\u0438\u0458\u0430\u0442 \u0437\u0430 \u043f\u0440\u0438\u0432\u0440\u0435\u0434\u0443 \u0438 \u0442\u0443\u0440\u0438\u0437\u0430\u043c","og_description":"Ba\u010dki Petrovac, 1. avgust 2018. \u2013 Potpredsednik Pokrajinske vlade i pokrajinski sekretar za privredu i turizam, Ivan \u0110okovi\u0107, prisustvovao je dana\u0161njem potpisivanju sporazuma izme\u0111u kompanije ,,Proficut doo\" iz Ba\u010dkog Petrovca i jednog od najve\u0107ih slova\u010dkih investitora u Srbiji, kompanije ,,Tatravagonka Bratstvo doo\". Saradnja ove dve kompanije veoma je zna\u010dajna za privredu, kako Republike Srbije, tako i AP Vojvodine, s obzirom da je sam projekat od strate\u0161kog zna\u010daja koji \u0107e zajedni\u010dki sprovoditi vredan oko dva miliona evra na godi\u0161njem nivou i podrazumeva\u0107e proizvodnju komponenti za nove vagone koje proizvodi ,,Tatravagonka\u201c. Da potpisivanje ovog sporazuma pokazuje da posedujemo, ne samo doma\u0107u ,,pamet\u201c i tehnologiju u oblasti sofisticirane metalske industrije, ve\u0107 potvr\u0111uje opredeljenje inostranih kompanija sa renomeom da za svoje kooperante odaberu doma\u0107e firme, potvrdio je potpredsednik \u0110okovi\u0107, koji je dodao da je upravo ovakav vid saradnje imperativ u stvaranju nove materijalne vrednosti.","og_url":"https:\/\/spriv.vojvodina.gov.rs\/rs\/potpredsednik-dokovic-na-potpisivanju-sporazuma-o-saradnji-domace-kompanije-i-slovackog-investitora-uvecali-smo-obim-proizvodnje-ekonomije-i-zaposljavanja\/","og_site_name":"\u041f\u043e\u043a\u0440\u0430\u0458\u0438\u043d\u0441\u043a\u0438 \u0441\u0435\u043a\u0440\u0435\u0442\u0430\u0440\u0438\u0458\u0430\u0442 \u0437\u0430 \u043f\u0440\u0438\u0432\u0440\u0435\u0434\u0443 \u0438 \u0442\u0443\u0440\u0438\u0437\u0430\u043c","article_published_time":"2018-08-01T15:52:31+00:00","og_image":[{"width":150,"height":100,"url":"https:\/\/spriv.vojvodina.gov.rs\/wp-content\/uploads\/2018\/08\/01.08.2018.-Proficut-mala.JPG","type":"image\/jpeg"}],"author":"Sonja Babi\u0107","twitter_card":"summary_large_image","twitter_misc":{"\u041d\u0430\u043f\u0438\u0441\u0430\u043d\u043e \u043e\u0434":"Sonja Babi\u0107","\u041f\u0440\u043e\u0446\u0435\u045a\u0435\u043d\u043e \u0432\u0440\u0435\u043c\u0435 \u0447\u0438\u0442\u0430\u045a\u0430":"2 \u043c\u0438\u043d\u0443\u0442\u0430"},"schema":{"@context":"https:\/\/schema.org","@graph":[{"@type":"Article","@id":"https:\/\/spriv.vojvodina.gov.rs\/rs\/potpredsednik-dokovic-na-potpisivanju-sporazuma-o-saradnji-domace-kompanije-i-slovackog-investitora-uvecali-smo-obim-proizvodnje-ekonomije-i-zaposljavanja\/#article","isPartOf":{"@id":"https:\/\/spriv.vojvodina.gov.rs\/rs\/potpredsednik-dokovic-na-potpisivanju-sporazuma-o-saradnji-domace-kompanije-i-slovackog-investitora-uvecali-smo-obim-proizvodnje-ekonomije-i-zaposljavanja\/"},"author":{"name":"Sonja Babi\u0107","@id":"https:\/\/spriv.vojvodina.gov.rs\/#\/schema\/person\/749ef4f57fbb458f1c759e7a4fa78485"},"headline":"Potpredsednik \u0110okovi\u0107 na potpisivanju sporazuma o saradnji doma\u0107e kompanije i slova\u010dkog investitora: Uve\u0107ali smo obim proizvodnje, ekonomije i zapo\u0161ljavanja","datePublished":"2018-08-01T15:52:31+00:00","mainEntityOfPage":{"@id":"https:\/\/spriv.vojvodina.gov.rs\/rs\/potpredsednik-dokovic-na-potpisivanju-sporazuma-o-saradnji-domace-kompanije-i-slovackog-investitora-uvecali-smo-obim-proizvodnje-ekonomije-i-zaposljavanja\/"},"wordCount":380,"image":{"@id":"https:\/\/spriv.vojvodina.gov.rs\/rs\/potpredsednik-dokovic-na-potpisivanju-sporazuma-o-saradnji-domace-kompanije-i-slovackog-investitora-uvecali-smo-obim-proizvodnje-ekonomije-i-zaposljavanja\/#primaryimage"},"thumbnailUrl":"https:\/\/spriv.vojvodina.gov.rs\/wp-content\/uploads\/2018\/08\/01.08.2018.-Proficut-mala.JPG","articleSection":["Vesti Latinica"],"inLanguage":"sr-RS"},{"@type":"WebPage","@id":"https:\/\/spriv.vojvodina.gov.rs\/rs\/potpredsednik-dokovic-na-potpisivanju-sporazuma-o-saradnji-domace-kompanije-i-slovackog-investitora-uvecali-smo-obim-proizvodnje-ekonomije-i-zaposljavanja\/","url":"https:\/\/spriv.vojvodina.gov.rs\/rs\/potpredsednik-dokovic-na-potpisivanju-sporazuma-o-saradnji-domace-kompanije-i-slovackog-investitora-uvecali-smo-obim-proizvodnje-ekonomije-i-zaposljavanja\/","name":"Potpredsednik \u0110okovi\u0107 na potpisivanju sporazuma o saradnji doma\u0107e kompanije i slova\u010dkog investitora: Uve\u0107ali smo obim proizvodnje, ekonomije i zapo\u0161ljavanja - \u041f\u043e\u043a\u0440\u0430\u0458\u0438\u043d\u0441\u043a\u0438 \u0441\u0435\u043a\u0440\u0435\u0442\u0430\u0440\u0438\u0458\u0430\u0442 \u0437\u0430 \u043f\u0440\u0438\u0432\u0440\u0435\u0434\u0443 \u0438 \u0442\u0443\u0440\u0438\u0437\u0430\u043c","isPartOf":{"@id":"https:\/\/spriv.vojvodina.gov.rs\/#website"},"primaryImageOfPage":{"@id":"https:\/\/spriv.vojvodina.gov.rs\/rs\/potpredsednik-dokovic-na-potpisivanju-sporazuma-o-saradnji-domace-kompanije-i-slovackog-investitora-uvecali-smo-obim-proizvodnje-ekonomije-i-zaposljavanja\/#primaryimage"},"image":{"@id":"https:\/\/spriv.vojvodina.gov.rs\/rs\/potpredsednik-dokovic-na-potpisivanju-sporazuma-o-saradnji-domace-kompanije-i-slovackog-investitora-uvecali-smo-obim-proizvodnje-ekonomije-i-zaposljavanja\/#primaryimage"},"thumbnailUrl":"https:\/\/spriv.vojvodina.gov.rs\/wp-content\/uploads\/2018\/08\/01.08.2018.-Proficut-mala.JPG","datePublished":"2018-08-01T15:52:31+00:00","author":{"@id":"https:\/\/spriv.vojvodina.gov.rs\/#\/schema\/person\/749ef4f57fbb458f1c759e7a4fa78485"},"breadcrumb":{"@id":"https:\/\/spriv.vojvodina.gov.rs\/rs\/potpredsednik-dokovic-na-potpisivanju-sporazuma-o-saradnji-domace-kompanije-i-slovackog-investitora-uvecali-smo-obim-proizvodnje-ekonomije-i-zaposljavanja\/#breadcrumb"},"inLanguage":"sr-RS","potentialAction":[{"@type":"ReadAction","target":["https:\/\/spriv.vojvodina.gov.rs\/rs\/potpredsednik-dokovic-na-potpisivanju-sporazuma-o-saradnji-domace-kompanije-i-slovackog-investitora-uvecali-smo-obim-proizvodnje-ekonomije-i-zaposljavanja\/"]}]},{"@type":"ImageObject","inLanguage":"sr-RS","@id":"https:\/\/spriv.vojvodina.gov.rs\/rs\/potpredsednik-dokovic-na-potpisivanju-sporazuma-o-saradnji-domace-kompanije-i-slovackog-investitora-uvecali-smo-obim-proizvodnje-ekonomije-i-zaposljavanja\/#primaryimage","url":"https:\/\/spriv.vojvodina.gov.rs\/wp-content\/uploads\/2018\/08\/01.08.2018.-Proficut-mala.JPG","contentUrl":"https:\/\/spriv.vojvodina.gov.rs\/wp-content\/uploads\/2018\/08\/01.08.2018.-Proficut-mala.JPG","width":150,"height":100},{"@type":"BreadcrumbList","@id":"https:\/\/spriv.vojvodina.gov.rs\/rs\/potpredsednik-dokovic-na-potpisivanju-sporazuma-o-saradnji-domace-kompanije-i-slovackog-investitora-uvecali-smo-obim-proizvodnje-ekonomije-i-zaposljavanja\/#breadcrumb","itemListElement":[{"@type":"ListItem","position":1,"name":"Home","item":"https:\/\/spriv.vojvodina.gov.rs\/"},{"@type":"ListItem","position":2,"name":"Potpredsednik \u0110okovi\u0107 na potpisivanju sporazuma o saradnji doma\u0107e kompanije i slova\u010dkog investitora: Uve\u0107ali smo obim proizvodnje, ekonomije i zapo\u0161ljavanja"}]},{"@type":"WebSite","@id":"https:\/\/spriv.vojvodina.gov.rs\/#website","url":"https:\/\/spriv.vojvodina.gov.rs\/","name":"\u041f\u043e\u043a\u0440\u0430\u0458\u0438\u043d\u0441\u043a\u0438 \u0441\u0435\u043a\u0440\u0435\u0442\u0430\u0440\u0438\u0458\u0430\u0442 \u0437\u0430 \u043f\u0440\u0438\u0432\u0440\u0435\u0434\u0443 \u0438 \u0442\u0443\u0440\u0438\u0437\u0430\u043c","description":"\u041f\u043e\u043a\u0440\u0430\u0458\u0438\u043d\u0441\u043a\u0438 \u0441\u0435\u043a\u0440\u0435\u0442\u0430\u0440\u0438\u0458\u0430\u0442 \u0437\u0430 \u043f\u0440\u0438\u0432\u0440\u0435\u0434\u0443 \u0438 \u0442\u0443\u0440\u0438\u0437\u0430\u043c","potentialAction":[{"@type":"SearchAction","target":{"@type":"EntryPoint","urlTemplate":"https:\/\/spriv.vojvodina.gov.rs\/?s={search_term_string}"},"query-input":{"@type":"PropertyValueSpecification","valueRequired":true,"valueName":"search_term_string"}}],"inLanguage":"sr-RS"},{"@type":"Person","@id":"https:\/\/spriv.vojvodina.gov.rs\/#\/schema\/person\/749ef4f57fbb458f1c759e7a4fa78485","name":"Sonja Babi\u0107","image":{"@type":"ImageObject","inLanguage":"sr-RS","@id":"https:\/\/secure.gravatar.com\/avatar\/00a1d182a20a59067af1e7b1c31cbcc3be1a456ee4b27746580e120c2582e5bd?s=96&d=mm&r=g","url":"https:\/\/secure.gravatar.com\/avatar\/00a1d182a20a59067af1e7b1c31cbcc3be1a456ee4b27746580e120c2582e5bd?s=96&d=mm&r=g","contentUrl":"https:\/\/secure.gravatar.com\/avatar\/00a1d182a20a59067af1e7b1c31cbcc3be1a456ee4b27746580e120c2582e5bd?s=96&d=mm&r=g","caption":"Sonja Babi\u0107"},"url":"https:\/\/spriv.vojvodina.gov.rs\/rs\/author\/sonja-babic\/"}]}},"_links":{"self":[{"href":"https:\/\/spriv.vojvodina.gov.rs\/rs\/wp-json\/wp\/v2\/posts\/3836","targetHints":{"allow":["GET"]}}],"collection":[{"href":"https:\/\/spriv.vojvodina.gov.rs\/rs\/wp-json\/wp\/v2\/posts"}],"about":[{"href":"https:\/\/spriv.vojvodina.gov.rs\/rs\/wp-json\/wp\/v2\/types\/post"}],"author":[{"embeddable":true,"href":"https:\/\/spriv.vojvodina.gov.rs\/rs\/wp-json\/wp\/v2\/users\/3"}],"replies":[{"embeddable":true,"href":"https:\/\/spriv.vojvodina.gov.rs\/rs\/wp-json\/wp\/v2\/comments?post=3836"}],"version-history":[{"count":0,"href":"https:\/\/spriv.vojvodina.gov.rs\/rs\/wp-json\/wp\/v2\/posts\/3836\/revisions"}],"wp:featuredmedia":[{"embeddable":true,"href":"https:\/\/spriv.vojvodina.gov.rs\/rs\/wp-json\/wp\/v2\/media\/3825"}],"wp:attachment":[{"href":"https:\/\/spriv.vojvodina.gov.rs\/rs\/wp-json\/wp\/v2\/media?parent=3836"}],"wp:term":[{"taxonomy":"category","embeddable":true,"href":"https:\/\/spriv.vojvodina.gov.rs\/rs\/wp-json\/wp\/v2\/categories?post=3836"},{"taxonomy":"post_tag","embeddable":true,"href":"https:\/\/spriv.vojvodina.gov.rs\/rs\/wp-json\/wp\/v2\/tags?post=3836"}],"curies":[{"name":"wp","href":"https:\/\/api.w.org\/{rel}","templated":true}]}}