{"id":3474,"date":"2018-04-24T18:57:26","date_gmt":"2018-04-24T18:57:26","guid":{"rendered":"http:\/\/spriv.vojvodina.gov.rs\/2018\/04\/24\/ivan-dokovic-u-radnoj-poseti-sjedinjenim-americkim-drzavama-iskoristiti-dobro-uspostavljene-prijateljske-i-poslovne-bilateralne-odnose\/"},"modified":"2018-04-24T18:57:26","modified_gmt":"2018-04-24T18:57:26","slug":"ivan-dokovic-u-radnoj-poseti-sjedinjenim-americkim-drzavama-iskoristiti-dobro-uspostavljene-prijateljske-i-poslovne-bilateralne-odnose","status":"publish","type":"post","link":"https:\/\/spriv.vojvodina.gov.rs\/rs\/ivan-dokovic-u-radnoj-poseti-sjedinjenim-americkim-drzavama-iskoristiti-dobro-uspostavljene-prijateljske-i-poslovne-bilateralne-odnose\/","title":{"rendered":"Ivan \u0110okovi\u0107 u radnoj poseti Sjedinjenim Ameri\u010dkim Dr\u017eavama: Iskoristiti dobro uspostavljene prijateljske i poslovne bilateralne odnose"},"content":{"rendered":"<p style=\"text-align: justify;\">Novi Sad, 24. april 2018. &#8211; Potpredsednik Pokrajinske vlade i pokrajinski sekretar za privredu i turizam, Ivan \u0110okovi\u0107, boravio je u radnoj poseti Sjedinjenim Ameri\u010dkim Dr\u017eavama, u Va\u0161ingtonu, Okrug Kolumbija, i saveznoj dr\u017eavi Merilend na poziv Srpsko-ameri\u010dkog saveta za poslovno liderstvo (eng. Serbian American Business Leadership Council), kojim kopredsedavaju Obrad Kesi\u0107 i \u017deljko Damjankovi\u0107.<\/p>\n<p style=\"text-align: center;\"><img loading=\"lazy\" decoding=\"async\" class=\" size-full wp-image-3463\" src=\"http:\/\/spriv.vojvodina.gov.rs\/wp-content\/uploads\/2018\/04\/24.04.-usa-clanovi-Saveta.jpg\" border=\"0\" alt=\"\" width=\"600\" height=\"450\" srcset=\"https:\/\/spriv.vojvodina.gov.rs\/wp-content\/uploads\/2018\/04\/24.04.-usa-clanovi-Saveta.jpg 1280w, https:\/\/spriv.vojvodina.gov.rs\/wp-content\/uploads\/2018\/04\/24.04.-usa-clanovi-Saveta-300x225.jpg 300w, https:\/\/spriv.vojvodina.gov.rs\/wp-content\/uploads\/2018\/04\/24.04.-usa-clanovi-Saveta-1024x768.jpg 1024w, https:\/\/spriv.vojvodina.gov.rs\/wp-content\/uploads\/2018\/04\/24.04.-usa-clanovi-Saveta-768x576.jpg 768w\" sizes=\"auto, (max-width: 600px) 100vw, 600px\" \/><\/p>\n<p style=\"text-align: center;\"><em>sa Obradom Kesi\u0107em i \u017deljkom Damjankovi\u0107em, kopredsedavaju\u0107im Srpsko-ameri\u010dkog saveta za poslovno liderstvo<\/em><\/p>\n<p style=\"text-align: justify;\">Na uprili\u010denim susretima sa predstavnicima Kongresa SAD-a, Ambasade Republike Srbije u Va\u0161ingtonu, Srpske pravoslavne crkve, ameri\u010dke i kanadske dijaspore i drugih institucija i organizacija, potpredsednik \u0110okovi\u0107 je uspostavio uspe\u0161ne odnose, ali i nove mogu\u0107nosti saradnje izme\u0111u AP Vojvodine i Sjedinjenih Ameri\u010dkih Dr\u017eava u oblasti privrede i turizma.<\/p>\n<p style=\"text-align: center;\"><img loading=\"lazy\" decoding=\"async\" class=\" size-full wp-image-3464\" src=\"http:\/\/spriv.vojvodina.gov.rs\/wp-content\/uploads\/2018\/04\/24.04.-usa-6-Matkovic.jpg\" border=\"0\" alt=\"\" width=\"572\" height=\"480\" srcset=\"https:\/\/spriv.vojvodina.gov.rs\/wp-content\/uploads\/2018\/04\/24.04.-usa-6-Matkovic.jpg 572w, https:\/\/spriv.vojvodina.gov.rs\/wp-content\/uploads\/2018\/04\/24.04.-usa-6-Matkovic-300x252.jpg 300w\" sizes=\"auto, (max-width: 572px) 100vw, 572px\" \/><\/p>\n<p style=\"text-align: center;\"><em>potpredsednik \u0110okovi\u0107 i Nj.E. ambasador R. Srbije u SAD-u \u0110er\u0111 Matkovi\u0107 (desno)<\/em><\/p>\n<p style=\"text-align: justify;\">\u0110okovi\u0107 je bio u\u010desnik konferencije o geotermalnim vodama i investicionim potencijalima AP Vojvodine u ovoj oblasti. Pored Nj.E. ambasadora Republike Srbije u SAD-u, \u0110er\u0111a Matkovi\u0107a, me\u0111u prisutnima na konferenciji su bili predstavnici Srpsko-ameri\u010dkog saveta za poslovno liderstvo (eng. Serbian American Business Leadership Council), Kancelarije Republike Srpske za saradnju, trgovinu i investicije sa sedi\u0161tem u Pensilvaniji i kompanije iz SAD-a i Kanade.<\/p>\n<p style=\"text-align: center;\"><img loading=\"lazy\" decoding=\"async\" class=\" size-full wp-image-3465\" src=\"http:\/\/spriv.vojvodina.gov.rs\/wp-content\/uploads\/2018\/04\/24.04.-usa-2-Wobensmith-and-Borunda.jpg\" border=\"0\" alt=\"\" width=\"600\" height=\"425\" srcset=\"https:\/\/spriv.vojvodina.gov.rs\/wp-content\/uploads\/2018\/04\/24.04.-usa-2-Wobensmith-and-Borunda.jpg 600w, https:\/\/spriv.vojvodina.gov.rs\/wp-content\/uploads\/2018\/04\/24.04.-usa-2-Wobensmith-and-Borunda-300x213.jpg 300w, https:\/\/spriv.vojvodina.gov.rs\/wp-content\/uploads\/2018\/04\/24.04.-usa-2-Wobensmith-and-Borunda-120x85.jpg 120w\" sizes=\"auto, (max-width: 600px) 100vw, 600px\" \/><\/p>\n<p style=\"text-align: center;\"><em>susret sa sekretarom savezne dr\u017eave Merilend D\u017eonom Vobensmitom (desno) i zamenikom Luisom Borunda\u00a0 <br \/><\/em><\/p>\n<p style=\"text-align: justify;\">Prilikom boravka u saveznoj dr\u017eavi Merilend i glavnom gradu Anapolis, potpredsednika Pokrajinske vlade primio je sekretar ove savezne dr\u017eave, D\u017eon C. Vobensmit, u prisustvu svog kabineta (eng. State Secretary Office). \u0110okovi\u0107 i Vobensmit su imali priliku da razgovaraju na temu oblasti ekologije i za\u0161tite \u017eivotne sredine i privrede, sa posebnim osvrtom na geotermalne potencijale Vojvodine, posebno sa aspekta turizma i energetike. Vobensmit je ve\u0107 bio u poseti Srbiji i AP Vojvodini, kao deo delegacije Merilenda, u oktobru 2017. godine.<\/p>\n<p style=\"text-align: center;\"><img loading=\"lazy\" decoding=\"async\" class=\" size-full wp-image-3466\" src=\"http:\/\/spriv.vojvodina.gov.rs\/wp-content\/uploads\/2018\/04\/24.04.-usa-7-Aderholt.jpg\" border=\"0\" alt=\"\" width=\"600\" height=\"415\" srcset=\"https:\/\/spriv.vojvodina.gov.rs\/wp-content\/uploads\/2018\/04\/24.04.-usa-7-Aderholt.jpg 600w, https:\/\/spriv.vojvodina.gov.rs\/wp-content\/uploads\/2018\/04\/24.04.-usa-7-Aderholt-300x208.jpg 300w\" sizes=\"auto, (max-width: 600px) 100vw, 600px\" \/><\/p>\n<p style=\"text-align: center;\"><em>sa kongresmenom Robertom Aderholtom iz savezne dr\u017eave Alabama<\/em><\/p>\n<p style=\"text-align: justify;\">Potpredsednik Ivan \u0110okovi\u0107 sastao se sa kongresmenom Robertom Aderholtom iz savezne dr\u017eave Alabama (Robert B. Aderholt), koji je potpredsednika primio u svojim slu\u017ebenim prostorijama na Kepitol Hilu, a sa kojim e razgovarao o privrednim i turisti\u010dkim potencijalima AP Vojvodine.<\/p>\n<p style=\"text-align: center;\"><img loading=\"lazy\" decoding=\"async\" class=\" size-full wp-image-3467\" src=\"http:\/\/spriv.vojvodina.gov.rs\/wp-content\/uploads\/2018\/04\/24.04.-usa-4-Cleaver.jpg\" border=\"0\" alt=\"\" width=\"600\" height=\"414\" srcset=\"https:\/\/spriv.vojvodina.gov.rs\/wp-content\/uploads\/2018\/04\/24.04.-usa-4-Cleaver.jpg 600w, https:\/\/spriv.vojvodina.gov.rs\/wp-content\/uploads\/2018\/04\/24.04.-usa-4-Cleaver-300x207.jpg 300w\" sizes=\"auto, (max-width: 600px) 100vw, 600px\" \/><\/p>\n<p style=\"text-align: center;\"><em>susret sa kongresmenom Emanuelom Kleverom<\/em><\/p>\n<p style=\"text-align: center;\">\u00a0<\/p>\n<p style=\"text-align: justify;\">\u0110okovi\u0107 se sastao i sa kongresmenom Emanuelom Kleverom iz savezne dr\u017eave Misuri (Emanuel Cleaver), s kim je razgovarao o neophodnosti kontinuirane saradnje na svim nivoima i u okviru relevantnih resora.<\/p>\n<p style=\"text-align: center;\"><img loading=\"lazy\" decoding=\"async\" class=\" size-full wp-image-3468\" src=\"http:\/\/spriv.vojvodina.gov.rs\/wp-content\/uploads\/2018\/04\/24.04.-usa-5-Meyer.jpg\" border=\"0\" alt=\"\" width=\"599\" height=\"408\" srcset=\"https:\/\/spriv.vojvodina.gov.rs\/wp-content\/uploads\/2018\/04\/24.04.-usa-5-Meyer.jpg 1018w, https:\/\/spriv.vojvodina.gov.rs\/wp-content\/uploads\/2018\/04\/24.04.-usa-5-Meyer-300x205.jpg 300w, https:\/\/spriv.vojvodina.gov.rs\/wp-content\/uploads\/2018\/04\/24.04.-usa-5-Meyer-768x524.jpg 768w\" sizes=\"auto, (max-width: 599px) 100vw, 599px\" \/><\/p>\n<p style=\"text-align: center;\"><em>susret sa dekanom Univerziteta za nacionalnu bezbednost ,,Daniel Morgan&#8220; Stivenom Mejerom <br \/><\/em><\/p>\n<p style=\"text-align: justify;\">Sa Stivenom Mejerom (Steven E. Meyer, PH.D.), dekanom Univerziteta za nacionalnu bezbednost ,,Daniel Morgan Graduate School \u2013 State School of National Security\u201c, potpredsednik je razgovarao o mogu\u0107nostima razmene obrazovnih iskustava i saradnji u okviru nacionalne bezbednosti i nauke o bezbednosti.<\/p>\n<p style=\"text-align: center;\"><img loading=\"lazy\" decoding=\"async\" class=\" size-full wp-image-3469\" src=\"http:\/\/spriv.vojvodina.gov.rs\/wp-content\/uploads\/2018\/04\/24.04.-usa-8-McEwen.jpg\" border=\"0\" alt=\"\" width=\"521\" height=\"480\" srcset=\"https:\/\/spriv.vojvodina.gov.rs\/wp-content\/uploads\/2018\/04\/24.04.-usa-8-McEwen.jpg 521w, https:\/\/spriv.vojvodina.gov.rs\/wp-content\/uploads\/2018\/04\/24.04.-usa-8-McEwen-300x276.jpg 300w\" sizes=\"auto, (max-width: 521px) 100vw, 521px\" \/><\/p>\n<p style=\"text-align: center;\"><em>sa Robertom Makjuanom o saradnji u oblasti obrazovanja <br \/><\/em><\/p>\n<p style=\"text-align: justify;\">Na poziv Roberta D. Makjuana (Robert D. McEwen), biv\u0161eg kongresmena SAD-a iz savezne dr\u017eave Ohajo i izvr\u0161nog direktora Saveta za nacionalnu politiku, \u0110okovi\u0107 je diskutovao o saradnji na polju obrazovanja, s obzirom da je Makjuan i profesor me\u0111unarodnih odnosa na nekoliko svetskih univerziteta i jedan od vode\u0107ih predava\u010da koji zastupa interese porodice kao institucije i ekonomiju slobodnog tr\u017ei\u0161ta.<\/p>\n<p style=\"text-align: center;\"><img loading=\"lazy\" decoding=\"async\" class=\" size-full wp-image-3470\" src=\"http:\/\/spriv.vojvodina.gov.rs\/wp-content\/uploads\/2018\/04\/24.04.-usa-91-Irinej.jpg\" border=\"0\" alt=\"\" width=\"474\" height=\"600\" srcset=\"https:\/\/spriv.vojvodina.gov.rs\/wp-content\/uploads\/2018\/04\/24.04.-usa-91-Irinej.jpg 474w, https:\/\/spriv.vojvodina.gov.rs\/wp-content\/uploads\/2018\/04\/24.04.-usa-91-Irinej-237x300.jpg 237w\" sizes=\"auto, (max-width: 474px) 100vw, 474px\" \/><\/p>\n<p style=\"text-align: center;\"><em>potpredsednik \u0110okovi\u0107 sa Njegovim Preosve\u0161tenstvom Episkopom isto\u010dnoameri\u010dkim Irinejem<\/em><\/p>\n<p style=\"text-align: justify;\">U toku posete, uprili\u010den je i susret sa predstavnicima Srpske pravoslavne crkve u SAD-u, pri \u010demu se \u0110okovi\u0107 sastao sa Njegovim Preosve\u0161tenstvom Episkopom isto\u010dnoameri\u010dkim Irinejem, a tom prilikom i sa predstavnicima srpske dijaspore iz SAD i Kanade. Oni su ga upoznali sa stanjem u tamo\u0161njoj srpskoj dijaspori, statusu i stanju u okviru SPC, idejama, ali i perspektivama koje uklju\u010duju srpsku zajednicu i Crkvu. Ovi susreti i razgovori doveli su do otvaranja mogu\u0107nosti saradnje izme\u0111u Vojvodine, Crkve i dijaspore u SAD-u.<\/p>\n<p style=\"text-align: center;\"><img loading=\"lazy\" decoding=\"async\" class=\" size-full wp-image-3471\" src=\"http:\/\/spriv.vojvodina.gov.rs\/wp-content\/uploads\/2018\/04\/24.04.-usa-3.png\" border=\"0\" alt=\"\" width=\"627\" height=\"305\" srcset=\"https:\/\/spriv.vojvodina.gov.rs\/wp-content\/uploads\/2018\/04\/24.04.-usa-3.png 627w, https:\/\/spriv.vojvodina.gov.rs\/wp-content\/uploads\/2018\/04\/24.04.-usa-3-300x146.png 300w\" sizes=\"auto, (max-width: 627px) 100vw, 627px\" \/><\/p>\n<p style=\"text-align: justify;\">,,Neophodno je iskoristiti dobro uspostavljene odnose sa Sjedinjenim Ameri\u010dkim Dr\u017eavama. Tako\u0111e, u narednom periodu bi trebalo postaviti strategiju nastupa i prezentacija na ameri\u010dkom tr\u017ei\u0161tu, prevashodno poljoprivrednih i prehrambenih proizvoda, vina i turisti\u010dkih potencijala, kako bi se usmerili, pre svega, ka dijaspori, ali i ka delovima ameri\u010dkog dru\u0161tva koji poseduju investicione kapacitete ali i \u017eelju da posete AP Vojvodinu\u201c, istakao je potpredsednik \u0110okovi\u0107, govore\u0107i o iskustvima ste\u010denim kroz mnogobrojne susrete i razgovore vo\u0111ene kako sa zvani\u010dnicima, \u010dlanovima i kandidatima za ameri\u010dki Kongres, tako i sa predstavnicima srpske zajednice u SAD-u.<\/p>\n<p style=\"text-align: center;\"><img loading=\"lazy\" decoding=\"async\" class=\" size-full wp-image-3472\" src=\"http:\/\/spriv.vojvodina.gov.rs\/wp-content\/uploads\/2018\/04\/24.04.-usa-9.jpg\" border=\"0\" alt=\"\" width=\"600\" height=\"373\" srcset=\"https:\/\/spriv.vojvodina.gov.rs\/wp-content\/uploads\/2018\/04\/24.04.-usa-9.jpg 600w, https:\/\/spriv.vojvodina.gov.rs\/wp-content\/uploads\/2018\/04\/24.04.-usa-9-300x187.jpg 300w\" sizes=\"auto, (max-width: 600px) 100vw, 600px\" \/><\/p>\n<p style=\"text-align: center;\"><em>u Kongresu Sjedinjenih Ameri\u010dkih Dr\u017eava na Kepitol Hilu<\/em><\/p>\n","protected":false},"excerpt":{"rendered":"Novi Sad, 24. april 2018. &#8211; Potpredsednik Pokrajinske vlade i pokrajinski sekretar za privredu i turizam, Ivan \u0110okovi\u0107, boravio je u radnoj poseti Sjedinjenim Ameri\u010dkim Dr\u017eavama, u Va\u0161ingtonu, Okrug Kolumbija, i saveznoj dr\u017eavi Merilend. Na uprili\u010denim susretima sa predstavnicima Kongresa SAD-a, Ambasade Republike Srbije u Va\u0161ingtonu, Srpske pravoslavne crkve, ameri\u010dke i kanadske dijaspore i drugih institucija i organizacija, potpredsednik \u0110okovi\u0107 je uspostavio uspe\u0161ne odnose, ali i nove mogu\u0107nosti saradnje izme\u0111u AP Vojvodine i Sjedinjenih Ameri\u010dkih Dr\u017eava u oblasti privrede i turizma.\n<a class=\"moretag\" href=\"https:\/\/spriv.vojvodina.gov.rs\/rs\/ivan-dokovic-u-radnoj-poseti-sjedinjenim-americkim-drzavama-iskoristiti-dobro-uspostavljene-prijateljske-i-poslovne-bilateralne-odnose\/\"> [...]<\/a>","protected":false},"author":3,"featured_media":3462,"comment_status":"closed","ping_status":"closed","sticky":false,"template":"","format":"standard","meta":{"footnotes":""},"categories":[31],"tags":[],"class_list":["post-3474","post","type-post","status-publish","format-standard","has-post-thumbnail","hentry","category-vesti-latinica1"],"yoast_head":"<!-- This site is optimized with the Yoast SEO plugin v27.4 - https:\/\/yoast.com\/product\/yoast-seo-wordpress\/ -->\n<title>Ivan \u0110okovi\u0107 u radnoj poseti Sjedinjenim Ameri\u010dkim Dr\u017eavama: Iskoristiti dobro uspostavljene prijateljske i poslovne bilateralne odnose - \u041f\u043e\u043a\u0440\u0430\u0458\u0438\u043d\u0441\u043a\u0438 \u0441\u0435\u043a\u0440\u0435\u0442\u0430\u0440\u0438\u0458\u0430\u0442 \u0437\u0430 \u043f\u0440\u0438\u0432\u0440\u0435\u0434\u0443 \u0438 \u0442\u0443\u0440\u0438\u0437\u0430\u043c<\/title>\n<meta name=\"robots\" content=\"index, follow, max-snippet:-1, max-image-preview:large, max-video-preview:-1\" \/>\n<link rel=\"canonical\" href=\"https:\/\/spriv.vojvodina.gov.rs\/rs\/ivan-dokovic-u-radnoj-poseti-sjedinjenim-americkim-drzavama-iskoristiti-dobro-uspostavljene-prijateljske-i-poslovne-bilateralne-odnose\/\" \/>\n<meta property=\"og:locale\" content=\"sr_RS\" \/>\n<meta property=\"og:type\" content=\"article\" \/>\n<meta property=\"og:title\" content=\"Ivan \u0110okovi\u0107 u radnoj poseti Sjedinjenim Ameri\u010dkim Dr\u017eavama: Iskoristiti dobro uspostavljene prijateljske i poslovne bilateralne odnose - \u041f\u043e\u043a\u0440\u0430\u0458\u0438\u043d\u0441\u043a\u0438 \u0441\u0435\u043a\u0440\u0435\u0442\u0430\u0440\u0438\u0458\u0430\u0442 \u0437\u0430 \u043f\u0440\u0438\u0432\u0440\u0435\u0434\u0443 \u0438 \u0442\u0443\u0440\u0438\u0437\u0430\u043c\" \/>\n<meta property=\"og:description\" content=\"Novi Sad, 24. april 2018. - Potpredsednik Pokrajinske vlade i pokrajinski sekretar za privredu i turizam, Ivan \u0110okovi\u0107, boravio je u radnoj poseti Sjedinjenim Ameri\u010dkim Dr\u017eavama, u Va\u0161ingtonu, Okrug Kolumbija, i saveznoj dr\u017eavi Merilend. Na uprili\u010denim susretima sa predstavnicima Kongresa SAD-a, Ambasade Republike Srbije u Va\u0161ingtonu, Srpske pravoslavne crkve, ameri\u010dke i kanadske dijaspore i drugih institucija i organizacija, potpredsednik \u0110okovi\u0107 je uspostavio uspe\u0161ne odnose, ali i nove mogu\u0107nosti saradnje izme\u0111u AP Vojvodine i Sjedinjenih Ameri\u010dkih Dr\u017eava u oblasti privrede i turizma.\" \/>\n<meta property=\"og:url\" content=\"https:\/\/spriv.vojvodina.gov.rs\/ivan-dokovic-u-radnoj-poseti-sjedinjenim-americkim-drzavama-iskoristiti-dobro-uspostavljene-prijateljske-i-poslovne-bilateralne-odnose\/\" \/>\n<meta property=\"og:site_name\" content=\"\u041f\u043e\u043a\u0440\u0430\u0458\u0438\u043d\u0441\u043a\u0438 \u0441\u0435\u043a\u0440\u0435\u0442\u0430\u0440\u0438\u0458\u0430\u0442 \u0437\u0430 \u043f\u0440\u0438\u0432\u0440\u0435\u0434\u0443 \u0438 \u0442\u0443\u0440\u0438\u0437\u0430\u043c\" \/>\n<meta property=\"article:published_time\" content=\"2018-04-24T18:57:26+00:00\" \/>\n<meta property=\"og:image\" content=\"https:\/\/spriv.vojvodina.gov.rs\/wp-content\/uploads\/2018\/04\/24.04.-usa-mala.jpg\" \/>\n\t<meta property=\"og:image:width\" content=\"143\" \/>\n\t<meta property=\"og:image:height\" content=\"100\" \/>\n\t<meta property=\"og:image:type\" content=\"image\/jpeg\" \/>\n<meta name=\"author\" content=\"Sonja Babi\u0107\" \/>\n<meta name=\"twitter:card\" content=\"summary_large_image\" \/>\n<meta name=\"twitter:label1\" content=\"\u041d\u0430\u043f\u0438\u0441\u0430\u043d\u043e \u043e\u0434\" \/>\n\t<meta name=\"twitter:data1\" content=\"Sonja Babi\u0107\" \/>\n\t<meta name=\"twitter:label2\" content=\"\u041f\u0440\u043e\u0446\u0435\u045a\u0435\u043d\u043e \u0432\u0440\u0435\u043c\u0435 \u0447\u0438\u0442\u0430\u045a\u0430\" \/>\n\t<meta name=\"twitter:data2\" content=\"4 \u043c\u0438\u043d\u0443\u0442\u0430\" \/>\n<script type=\"application\/ld+json\" class=\"yoast-schema-graph\">{\"@context\":\"https:\\\/\\\/schema.org\",\"@graph\":[{\"@type\":\"Article\",\"@id\":\"https:\\\/\\\/spriv.vojvodina.gov.rs\\\/ivan-dokovic-u-radnoj-poseti-sjedinjenim-americkim-drzavama-iskoristiti-dobro-uspostavljene-prijateljske-i-poslovne-bilateralne-odnose\\\/#article\",\"isPartOf\":{\"@id\":\"https:\\\/\\\/spriv.vojvodina.gov.rs\\\/ivan-dokovic-u-radnoj-poseti-sjedinjenim-americkim-drzavama-iskoristiti-dobro-uspostavljene-prijateljske-i-poslovne-bilateralne-odnose\\\/\"},\"author\":{\"name\":\"Sonja Babi\u0107\",\"@id\":\"https:\\\/\\\/spriv.vojvodina.gov.rs\\\/#\\\/schema\\\/person\\\/749ef4f57fbb458f1c759e7a4fa78485\"},\"headline\":\"Ivan \u0110okovi\u0107 u radnoj poseti Sjedinjenim Ameri\u010dkim Dr\u017eavama: Iskoristiti dobro uspostavljene prijateljske i poslovne bilateralne odnose\",\"datePublished\":\"2018-04-24T18:57:26+00:00\",\"mainEntityOfPage\":{\"@id\":\"https:\\\/\\\/spriv.vojvodina.gov.rs\\\/ivan-dokovic-u-radnoj-poseti-sjedinjenim-americkim-drzavama-iskoristiti-dobro-uspostavljene-prijateljske-i-poslovne-bilateralne-odnose\\\/\"},\"wordCount\":749,\"image\":{\"@id\":\"https:\\\/\\\/spriv.vojvodina.gov.rs\\\/ivan-dokovic-u-radnoj-poseti-sjedinjenim-americkim-drzavama-iskoristiti-dobro-uspostavljene-prijateljske-i-poslovne-bilateralne-odnose\\\/#primaryimage\"},\"thumbnailUrl\":\"https:\\\/\\\/spriv.vojvodina.gov.rs\\\/wp-content\\\/uploads\\\/2018\\\/04\\\/24.04.-usa-mala.jpg\",\"articleSection\":[\"Vesti Latinica\"],\"inLanguage\":\"sr-RS\"},{\"@type\":\"WebPage\",\"@id\":\"https:\\\/\\\/spriv.vojvodina.gov.rs\\\/ivan-dokovic-u-radnoj-poseti-sjedinjenim-americkim-drzavama-iskoristiti-dobro-uspostavljene-prijateljske-i-poslovne-bilateralne-odnose\\\/\",\"url\":\"https:\\\/\\\/spriv.vojvodina.gov.rs\\\/ivan-dokovic-u-radnoj-poseti-sjedinjenim-americkim-drzavama-iskoristiti-dobro-uspostavljene-prijateljske-i-poslovne-bilateralne-odnose\\\/\",\"name\":\"Ivan \u0110okovi\u0107 u radnoj poseti Sjedinjenim Ameri\u010dkim Dr\u017eavama: Iskoristiti dobro uspostavljene prijateljske i poslovne bilateralne odnose - \u041f\u043e\u043a\u0440\u0430\u0458\u0438\u043d\u0441\u043a\u0438 \u0441\u0435\u043a\u0440\u0435\u0442\u0430\u0440\u0438\u0458\u0430\u0442 \u0437\u0430 \u043f\u0440\u0438\u0432\u0440\u0435\u0434\u0443 \u0438 \u0442\u0443\u0440\u0438\u0437\u0430\u043c\",\"isPartOf\":{\"@id\":\"https:\\\/\\\/spriv.vojvodina.gov.rs\\\/#website\"},\"primaryImageOfPage\":{\"@id\":\"https:\\\/\\\/spriv.vojvodina.gov.rs\\\/ivan-dokovic-u-radnoj-poseti-sjedinjenim-americkim-drzavama-iskoristiti-dobro-uspostavljene-prijateljske-i-poslovne-bilateralne-odnose\\\/#primaryimage\"},\"image\":{\"@id\":\"https:\\\/\\\/spriv.vojvodina.gov.rs\\\/ivan-dokovic-u-radnoj-poseti-sjedinjenim-americkim-drzavama-iskoristiti-dobro-uspostavljene-prijateljske-i-poslovne-bilateralne-odnose\\\/#primaryimage\"},\"thumbnailUrl\":\"https:\\\/\\\/spriv.vojvodina.gov.rs\\\/wp-content\\\/uploads\\\/2018\\\/04\\\/24.04.-usa-mala.jpg\",\"datePublished\":\"2018-04-24T18:57:26+00:00\",\"author\":{\"@id\":\"https:\\\/\\\/spriv.vojvodina.gov.rs\\\/#\\\/schema\\\/person\\\/749ef4f57fbb458f1c759e7a4fa78485\"},\"breadcrumb\":{\"@id\":\"https:\\\/\\\/spriv.vojvodina.gov.rs\\\/ivan-dokovic-u-radnoj-poseti-sjedinjenim-americkim-drzavama-iskoristiti-dobro-uspostavljene-prijateljske-i-poslovne-bilateralne-odnose\\\/#breadcrumb\"},\"inLanguage\":\"sr-RS\",\"potentialAction\":[{\"@type\":\"ReadAction\",\"target\":[\"https:\\\/\\\/spriv.vojvodina.gov.rs\\\/ivan-dokovic-u-radnoj-poseti-sjedinjenim-americkim-drzavama-iskoristiti-dobro-uspostavljene-prijateljske-i-poslovne-bilateralne-odnose\\\/\"]}]},{\"@type\":\"ImageObject\",\"inLanguage\":\"sr-RS\",\"@id\":\"https:\\\/\\\/spriv.vojvodina.gov.rs\\\/ivan-dokovic-u-radnoj-poseti-sjedinjenim-americkim-drzavama-iskoristiti-dobro-uspostavljene-prijateljske-i-poslovne-bilateralne-odnose\\\/#primaryimage\",\"url\":\"https:\\\/\\\/spriv.vojvodina.gov.rs\\\/wp-content\\\/uploads\\\/2018\\\/04\\\/24.04.-usa-mala.jpg\",\"contentUrl\":\"https:\\\/\\\/spriv.vojvodina.gov.rs\\\/wp-content\\\/uploads\\\/2018\\\/04\\\/24.04.-usa-mala.jpg\",\"width\":143,\"height\":100},{\"@type\":\"BreadcrumbList\",\"@id\":\"https:\\\/\\\/spriv.vojvodina.gov.rs\\\/ivan-dokovic-u-radnoj-poseti-sjedinjenim-americkim-drzavama-iskoristiti-dobro-uspostavljene-prijateljske-i-poslovne-bilateralne-odnose\\\/#breadcrumb\",\"itemListElement\":[{\"@type\":\"ListItem\",\"position\":1,\"name\":\"Home\",\"item\":\"https:\\\/\\\/spriv.vojvodina.gov.rs\\\/\"},{\"@type\":\"ListItem\",\"position\":2,\"name\":\"Ivan \u0110okovi\u0107 u radnoj poseti Sjedinjenim Ameri\u010dkim Dr\u017eavama: Iskoristiti dobro uspostavljene prijateljske i poslovne bilateralne odnose\"}]},{\"@type\":\"WebSite\",\"@id\":\"https:\\\/\\\/spriv.vojvodina.gov.rs\\\/#website\",\"url\":\"https:\\\/\\\/spriv.vojvodina.gov.rs\\\/\",\"name\":\"\u041f\u043e\u043a\u0440\u0430\u0458\u0438\u043d\u0441\u043a\u0438 \u0441\u0435\u043a\u0440\u0435\u0442\u0430\u0440\u0438\u0458\u0430\u0442 \u0437\u0430 \u043f\u0440\u0438\u0432\u0440\u0435\u0434\u0443 \u0438 \u0442\u0443\u0440\u0438\u0437\u0430\u043c\",\"description\":\"\u041f\u043e\u043a\u0440\u0430\u0458\u0438\u043d\u0441\u043a\u0438 \u0441\u0435\u043a\u0440\u0435\u0442\u0430\u0440\u0438\u0458\u0430\u0442 \u0437\u0430 \u043f\u0440\u0438\u0432\u0440\u0435\u0434\u0443 \u0438 \u0442\u0443\u0440\u0438\u0437\u0430\u043c\",\"potentialAction\":[{\"@type\":\"SearchAction\",\"target\":{\"@type\":\"EntryPoint\",\"urlTemplate\":\"https:\\\/\\\/spriv.vojvodina.gov.rs\\\/?s={search_term_string}\"},\"query-input\":{\"@type\":\"PropertyValueSpecification\",\"valueRequired\":true,\"valueName\":\"search_term_string\"}}],\"inLanguage\":\"sr-RS\"},{\"@type\":\"Person\",\"@id\":\"https:\\\/\\\/spriv.vojvodina.gov.rs\\\/#\\\/schema\\\/person\\\/749ef4f57fbb458f1c759e7a4fa78485\",\"name\":\"Sonja Babi\u0107\",\"image\":{\"@type\":\"ImageObject\",\"inLanguage\":\"sr-RS\",\"@id\":\"https:\\\/\\\/secure.gravatar.com\\\/avatar\\\/00a1d182a20a59067af1e7b1c31cbcc3be1a456ee4b27746580e120c2582e5bd?s=96&d=mm&r=g\",\"url\":\"https:\\\/\\\/secure.gravatar.com\\\/avatar\\\/00a1d182a20a59067af1e7b1c31cbcc3be1a456ee4b27746580e120c2582e5bd?s=96&d=mm&r=g\",\"contentUrl\":\"https:\\\/\\\/secure.gravatar.com\\\/avatar\\\/00a1d182a20a59067af1e7b1c31cbcc3be1a456ee4b27746580e120c2582e5bd?s=96&d=mm&r=g\",\"caption\":\"Sonja Babi\u0107\"},\"url\":\"https:\\\/\\\/spriv.vojvodina.gov.rs\\\/rs\\\/author\\\/sonja-babic\\\/\"}]}<\/script>\n<!-- \/ Yoast SEO plugin. -->","yoast_head_json":{"title":"Ivan \u0110okovi\u0107 u radnoj poseti Sjedinjenim Ameri\u010dkim Dr\u017eavama: Iskoristiti dobro uspostavljene prijateljske i poslovne bilateralne odnose - \u041f\u043e\u043a\u0440\u0430\u0458\u0438\u043d\u0441\u043a\u0438 \u0441\u0435\u043a\u0440\u0435\u0442\u0430\u0440\u0438\u0458\u0430\u0442 \u0437\u0430 \u043f\u0440\u0438\u0432\u0440\u0435\u0434\u0443 \u0438 \u0442\u0443\u0440\u0438\u0437\u0430\u043c","robots":{"index":"index","follow":"follow","max-snippet":"max-snippet:-1","max-image-preview":"max-image-preview:large","max-video-preview":"max-video-preview:-1"},"canonical":"https:\/\/spriv.vojvodina.gov.rs\/rs\/ivan-dokovic-u-radnoj-poseti-sjedinjenim-americkim-drzavama-iskoristiti-dobro-uspostavljene-prijateljske-i-poslovne-bilateralne-odnose\/","og_locale":"sr_RS","og_type":"article","og_title":"Ivan \u0110okovi\u0107 u radnoj poseti Sjedinjenim Ameri\u010dkim Dr\u017eavama: Iskoristiti dobro uspostavljene prijateljske i poslovne bilateralne odnose - \u041f\u043e\u043a\u0440\u0430\u0458\u0438\u043d\u0441\u043a\u0438 \u0441\u0435\u043a\u0440\u0435\u0442\u0430\u0440\u0438\u0458\u0430\u0442 \u0437\u0430 \u043f\u0440\u0438\u0432\u0440\u0435\u0434\u0443 \u0438 \u0442\u0443\u0440\u0438\u0437\u0430\u043c","og_description":"Novi Sad, 24. april 2018. - Potpredsednik Pokrajinske vlade i pokrajinski sekretar za privredu i turizam, Ivan \u0110okovi\u0107, boravio je u radnoj poseti Sjedinjenim Ameri\u010dkim Dr\u017eavama, u Va\u0161ingtonu, Okrug Kolumbija, i saveznoj dr\u017eavi Merilend. Na uprili\u010denim susretima sa predstavnicima Kongresa SAD-a, Ambasade Republike Srbije u Va\u0161ingtonu, Srpske pravoslavne crkve, ameri\u010dke i kanadske dijaspore i drugih institucija i organizacija, potpredsednik \u0110okovi\u0107 je uspostavio uspe\u0161ne odnose, ali i nove mogu\u0107nosti saradnje izme\u0111u AP Vojvodine i Sjedinjenih Ameri\u010dkih Dr\u017eava u oblasti privrede i turizma.","og_url":"https:\/\/spriv.vojvodina.gov.rs\/ivan-dokovic-u-radnoj-poseti-sjedinjenim-americkim-drzavama-iskoristiti-dobro-uspostavljene-prijateljske-i-poslovne-bilateralne-odnose\/","og_site_name":"\u041f\u043e\u043a\u0440\u0430\u0458\u0438\u043d\u0441\u043a\u0438 \u0441\u0435\u043a\u0440\u0435\u0442\u0430\u0440\u0438\u0458\u0430\u0442 \u0437\u0430 \u043f\u0440\u0438\u0432\u0440\u0435\u0434\u0443 \u0438 \u0442\u0443\u0440\u0438\u0437\u0430\u043c","article_published_time":"2018-04-24T18:57:26+00:00","og_image":[{"width":143,"height":100,"url":"https:\/\/spriv.vojvodina.gov.rs\/wp-content\/uploads\/2018\/04\/24.04.-usa-mala.jpg","type":"image\/jpeg"}],"author":"Sonja Babi\u0107","twitter_card":"summary_large_image","twitter_misc":{"\u041d\u0430\u043f\u0438\u0441\u0430\u043d\u043e \u043e\u0434":"Sonja Babi\u0107","\u041f\u0440\u043e\u0446\u0435\u045a\u0435\u043d\u043e \u0432\u0440\u0435\u043c\u0435 \u0447\u0438\u0442\u0430\u045a\u0430":"4 \u043c\u0438\u043d\u0443\u0442\u0430"},"schema":{"@context":"https:\/\/schema.org","@graph":[{"@type":"Article","@id":"https:\/\/spriv.vojvodina.gov.rs\/ivan-dokovic-u-radnoj-poseti-sjedinjenim-americkim-drzavama-iskoristiti-dobro-uspostavljene-prijateljske-i-poslovne-bilateralne-odnose\/#article","isPartOf":{"@id":"https:\/\/spriv.vojvodina.gov.rs\/ivan-dokovic-u-radnoj-poseti-sjedinjenim-americkim-drzavama-iskoristiti-dobro-uspostavljene-prijateljske-i-poslovne-bilateralne-odnose\/"},"author":{"name":"Sonja Babi\u0107","@id":"https:\/\/spriv.vojvodina.gov.rs\/#\/schema\/person\/749ef4f57fbb458f1c759e7a4fa78485"},"headline":"Ivan \u0110okovi\u0107 u radnoj poseti Sjedinjenim Ameri\u010dkim Dr\u017eavama: Iskoristiti dobro uspostavljene prijateljske i poslovne bilateralne odnose","datePublished":"2018-04-24T18:57:26+00:00","mainEntityOfPage":{"@id":"https:\/\/spriv.vojvodina.gov.rs\/ivan-dokovic-u-radnoj-poseti-sjedinjenim-americkim-drzavama-iskoristiti-dobro-uspostavljene-prijateljske-i-poslovne-bilateralne-odnose\/"},"wordCount":749,"image":{"@id":"https:\/\/spriv.vojvodina.gov.rs\/ivan-dokovic-u-radnoj-poseti-sjedinjenim-americkim-drzavama-iskoristiti-dobro-uspostavljene-prijateljske-i-poslovne-bilateralne-odnose\/#primaryimage"},"thumbnailUrl":"https:\/\/spriv.vojvodina.gov.rs\/wp-content\/uploads\/2018\/04\/24.04.-usa-mala.jpg","articleSection":["Vesti Latinica"],"inLanguage":"sr-RS"},{"@type":"WebPage","@id":"https:\/\/spriv.vojvodina.gov.rs\/ivan-dokovic-u-radnoj-poseti-sjedinjenim-americkim-drzavama-iskoristiti-dobro-uspostavljene-prijateljske-i-poslovne-bilateralne-odnose\/","url":"https:\/\/spriv.vojvodina.gov.rs\/ivan-dokovic-u-radnoj-poseti-sjedinjenim-americkim-drzavama-iskoristiti-dobro-uspostavljene-prijateljske-i-poslovne-bilateralne-odnose\/","name":"Ivan \u0110okovi\u0107 u radnoj poseti Sjedinjenim Ameri\u010dkim Dr\u017eavama: Iskoristiti dobro uspostavljene prijateljske i poslovne bilateralne odnose - \u041f\u043e\u043a\u0440\u0430\u0458\u0438\u043d\u0441\u043a\u0438 \u0441\u0435\u043a\u0440\u0435\u0442\u0430\u0440\u0438\u0458\u0430\u0442 \u0437\u0430 \u043f\u0440\u0438\u0432\u0440\u0435\u0434\u0443 \u0438 \u0442\u0443\u0440\u0438\u0437\u0430\u043c","isPartOf":{"@id":"https:\/\/spriv.vojvodina.gov.rs\/#website"},"primaryImageOfPage":{"@id":"https:\/\/spriv.vojvodina.gov.rs\/ivan-dokovic-u-radnoj-poseti-sjedinjenim-americkim-drzavama-iskoristiti-dobro-uspostavljene-prijateljske-i-poslovne-bilateralne-odnose\/#primaryimage"},"image":{"@id":"https:\/\/spriv.vojvodina.gov.rs\/ivan-dokovic-u-radnoj-poseti-sjedinjenim-americkim-drzavama-iskoristiti-dobro-uspostavljene-prijateljske-i-poslovne-bilateralne-odnose\/#primaryimage"},"thumbnailUrl":"https:\/\/spriv.vojvodina.gov.rs\/wp-content\/uploads\/2018\/04\/24.04.-usa-mala.jpg","datePublished":"2018-04-24T18:57:26+00:00","author":{"@id":"https:\/\/spriv.vojvodina.gov.rs\/#\/schema\/person\/749ef4f57fbb458f1c759e7a4fa78485"},"breadcrumb":{"@id":"https:\/\/spriv.vojvodina.gov.rs\/ivan-dokovic-u-radnoj-poseti-sjedinjenim-americkim-drzavama-iskoristiti-dobro-uspostavljene-prijateljske-i-poslovne-bilateralne-odnose\/#breadcrumb"},"inLanguage":"sr-RS","potentialAction":[{"@type":"ReadAction","target":["https:\/\/spriv.vojvodina.gov.rs\/ivan-dokovic-u-radnoj-poseti-sjedinjenim-americkim-drzavama-iskoristiti-dobro-uspostavljene-prijateljske-i-poslovne-bilateralne-odnose\/"]}]},{"@type":"ImageObject","inLanguage":"sr-RS","@id":"https:\/\/spriv.vojvodina.gov.rs\/ivan-dokovic-u-radnoj-poseti-sjedinjenim-americkim-drzavama-iskoristiti-dobro-uspostavljene-prijateljske-i-poslovne-bilateralne-odnose\/#primaryimage","url":"https:\/\/spriv.vojvodina.gov.rs\/wp-content\/uploads\/2018\/04\/24.04.-usa-mala.jpg","contentUrl":"https:\/\/spriv.vojvodina.gov.rs\/wp-content\/uploads\/2018\/04\/24.04.-usa-mala.jpg","width":143,"height":100},{"@type":"BreadcrumbList","@id":"https:\/\/spriv.vojvodina.gov.rs\/ivan-dokovic-u-radnoj-poseti-sjedinjenim-americkim-drzavama-iskoristiti-dobro-uspostavljene-prijateljske-i-poslovne-bilateralne-odnose\/#breadcrumb","itemListElement":[{"@type":"ListItem","position":1,"name":"Home","item":"https:\/\/spriv.vojvodina.gov.rs\/"},{"@type":"ListItem","position":2,"name":"Ivan \u0110okovi\u0107 u radnoj poseti Sjedinjenim Ameri\u010dkim Dr\u017eavama: Iskoristiti dobro uspostavljene prijateljske i poslovne bilateralne odnose"}]},{"@type":"WebSite","@id":"https:\/\/spriv.vojvodina.gov.rs\/#website","url":"https:\/\/spriv.vojvodina.gov.rs\/","name":"\u041f\u043e\u043a\u0440\u0430\u0458\u0438\u043d\u0441\u043a\u0438 \u0441\u0435\u043a\u0440\u0435\u0442\u0430\u0440\u0438\u0458\u0430\u0442 \u0437\u0430 \u043f\u0440\u0438\u0432\u0440\u0435\u0434\u0443 \u0438 \u0442\u0443\u0440\u0438\u0437\u0430\u043c","description":"\u041f\u043e\u043a\u0440\u0430\u0458\u0438\u043d\u0441\u043a\u0438 \u0441\u0435\u043a\u0440\u0435\u0442\u0430\u0440\u0438\u0458\u0430\u0442 \u0437\u0430 \u043f\u0440\u0438\u0432\u0440\u0435\u0434\u0443 \u0438 \u0442\u0443\u0440\u0438\u0437\u0430\u043c","potentialAction":[{"@type":"SearchAction","target":{"@type":"EntryPoint","urlTemplate":"https:\/\/spriv.vojvodina.gov.rs\/?s={search_term_string}"},"query-input":{"@type":"PropertyValueSpecification","valueRequired":true,"valueName":"search_term_string"}}],"inLanguage":"sr-RS"},{"@type":"Person","@id":"https:\/\/spriv.vojvodina.gov.rs\/#\/schema\/person\/749ef4f57fbb458f1c759e7a4fa78485","name":"Sonja Babi\u0107","image":{"@type":"ImageObject","inLanguage":"sr-RS","@id":"https:\/\/secure.gravatar.com\/avatar\/00a1d182a20a59067af1e7b1c31cbcc3be1a456ee4b27746580e120c2582e5bd?s=96&d=mm&r=g","url":"https:\/\/secure.gravatar.com\/avatar\/00a1d182a20a59067af1e7b1c31cbcc3be1a456ee4b27746580e120c2582e5bd?s=96&d=mm&r=g","contentUrl":"https:\/\/secure.gravatar.com\/avatar\/00a1d182a20a59067af1e7b1c31cbcc3be1a456ee4b27746580e120c2582e5bd?s=96&d=mm&r=g","caption":"Sonja Babi\u0107"},"url":"https:\/\/spriv.vojvodina.gov.rs\/rs\/author\/sonja-babic\/"}]}},"_links":{"self":[{"href":"https:\/\/spriv.vojvodina.gov.rs\/rs\/wp-json\/wp\/v2\/posts\/3474","targetHints":{"allow":["GET"]}}],"collection":[{"href":"https:\/\/spriv.vojvodina.gov.rs\/rs\/wp-json\/wp\/v2\/posts"}],"about":[{"href":"https:\/\/spriv.vojvodina.gov.rs\/rs\/wp-json\/wp\/v2\/types\/post"}],"author":[{"embeddable":true,"href":"https:\/\/spriv.vojvodina.gov.rs\/rs\/wp-json\/wp\/v2\/users\/3"}],"replies":[{"embeddable":true,"href":"https:\/\/spriv.vojvodina.gov.rs\/rs\/wp-json\/wp\/v2\/comments?post=3474"}],"version-history":[{"count":0,"href":"https:\/\/spriv.vojvodina.gov.rs\/rs\/wp-json\/wp\/v2\/posts\/3474\/revisions"}],"wp:featuredmedia":[{"embeddable":true,"href":"https:\/\/spriv.vojvodina.gov.rs\/rs\/wp-json\/wp\/v2\/media\/3462"}],"wp:attachment":[{"href":"https:\/\/spriv.vojvodina.gov.rs\/rs\/wp-json\/wp\/v2\/media?parent=3474"}],"wp:term":[{"taxonomy":"category","embeddable":true,"href":"https:\/\/spriv.vojvodina.gov.rs\/rs\/wp-json\/wp\/v2\/categories?post=3474"},{"taxonomy":"post_tag","embeddable":true,"href":"https:\/\/spriv.vojvodina.gov.rs\/rs\/wp-json\/wp\/v2\/tags?post=3474"}],"curies":[{"name":"wp","href":"https:\/\/api.w.org\/{rel}","templated":true}]}}