{"id":3408,"date":"2018-04-03T15:35:14","date_gmt":"2018-04-03T15:35:14","guid":{"rendered":"http:\/\/spriv.vojvodina.gov.rs\/2018\/04\/03\/dokovic-o-novom-ciklusu-obuka-u-edukativnom-centru-novi-sad-ovo-je-jedinstveni-razvojni-i-privredno-edukativni-model-obrazovanja-odraslih\/"},"modified":"2018-04-03T15:35:14","modified_gmt":"2018-04-03T15:35:14","slug":"dokovic-o-novom-ciklusu-obuka-u-edukativnom-centru-novi-sad-ovo-je-jedinstveni-razvojni-i-privredno-edukativni-model-obrazovanja-odraslih","status":"publish","type":"post","link":"https:\/\/spriv.vojvodina.gov.rs\/rs\/dokovic-o-novom-ciklusu-obuka-u-edukativnom-centru-novi-sad-ovo-je-jedinstveni-razvojni-i-privredno-edukativni-model-obrazovanja-odraslih\/","title":{"rendered":"\u0110okovi\u0107 o novom ciklusu obuka u Edukativnom centru Novi Sad: Ovo je jedinstveni razvojni i privredno-edukativni model obrazovanja odraslih"},"content":{"rendered":"<p style=\"text-align: justify;\"><img loading=\"lazy\" decoding=\"async\" class=\" size-full wp-image-3398\" src=\"http:\/\/spriv.vojvodina.gov.rs\/wp-content\/uploads\/2018\/04\/03.04.2018-Edukativni-pres-1.JPG\" border=\"0\" alt=\"\" style=\"display: block; margin-left: auto; margin-right: auto;\" width=\"600\" height=\"400\" srcset=\"https:\/\/spriv.vojvodina.gov.rs\/wp-content\/uploads\/2018\/04\/03.04.2018-Edukativni-pres-1.JPG 600w, https:\/\/spriv.vojvodina.gov.rs\/wp-content\/uploads\/2018\/04\/03.04.2018-Edukativni-pres-1-300x200.jpg 300w\" sizes=\"auto, (max-width: 600px) 100vw, 600px\" \/><br \/>Novi Sad, 3. april 2018. &#8211; Potpredsednik Pokrajinske vlade i pokrajinski sekretar za privredu i turizam, Ivan \u0110okovi\u0107, i direktor Edukativnog centra za obuke u profesionalnim i radnim ve\u0161tinama Novi Sad, \u0110ura\u0111 Milanovi\u0107, odr\u017eali su konferenciju za medije povodom novog ciklusa obuka u ovoj obrazovnoj ustanovi.<\/p>\n<p style=\"text-align: center;\"><img loading=\"lazy\" decoding=\"async\" class=\" size-full wp-image-3399\" src=\"http:\/\/spriv.vojvodina.gov.rs\/wp-content\/uploads\/2018\/04\/03.04.2018-Edukativni-pres-2.JPG\" border=\"0\" alt=\"\" width=\"600\" height=\"400\" srcset=\"https:\/\/spriv.vojvodina.gov.rs\/wp-content\/uploads\/2018\/04\/03.04.2018-Edukativni-pres-2.JPG 600w, https:\/\/spriv.vojvodina.gov.rs\/wp-content\/uploads\/2018\/04\/03.04.2018-Edukativni-pres-2-300x200.jpg 300w\" sizes=\"auto, (max-width: 600px) 100vw, 600px\" \/><\/p>\n<p style=\"text-align: justify;\">Predstavljeni su i kursevi koji se prvi put odr\u017eavaju u Edukativnom centru, poput obuke za menad\u017eera za marketing na dru\u0161tvenim mre\u017eama, za poslovni i diplomatski protokol, kao i obuka za negu kose i tela.<\/p>\n<p>Novi ciklus obuka podrazumeva veb dizajn, engleski i nema\u010dki jezik, Office 365, osnovnu informati\u010dku obuku, znakovni jezik, obuku za po\u010detnike u poslovanju, obuku za vo\u0111enje poslovnih knjiga, obuke za kuvare, gerontonegovatelje, pedikir, manikir, frizere, i rukovaoce gra\u0111evinskim ma\u0161inama.\u00a0<\/p>\n<p style=\"text-align: center;\"><img loading=\"lazy\" decoding=\"async\" class=\" size-full wp-image-3400\" src=\"http:\/\/spriv.vojvodina.gov.rs\/wp-content\/uploads\/2018\/04\/03.04.2018-Edukativni-pres-3.JPG\" border=\"0\" alt=\"\" width=\"600\" height=\"400\" srcset=\"https:\/\/spriv.vojvodina.gov.rs\/wp-content\/uploads\/2018\/04\/03.04.2018-Edukativni-pres-3.JPG 600w, https:\/\/spriv.vojvodina.gov.rs\/wp-content\/uploads\/2018\/04\/03.04.2018-Edukativni-pres-3-300x200.jpg 300w\" sizes=\"auto, (max-width: 600px) 100vw, 600px\" \/><\/p>\n<p style=\"text-align: justify;\">Potpredsednik \u0110okovi\u0107 je naveo da je u protekloj godini, programom Edukativnog centra obuke pro\u0161lo oko 2.150 polaznika. <br \/>,,Pored standardnih obuka za zanimanja i delatnosti koje su do sada postojale, uvode se nove, poput marketing menad\u017eera na dru\u0161tvenim mre\u017eama, kao i obuke za \u0161irok spektar dr\u017eavnih institucija, lokalnih samouprava, ali i za ugostiteljsko-turisti\u010dke delatnosti. Centar je akreditovan od strane Ministarstva dr\u017eavne uprave i lokalne samouprave za odr\u017eavanje programa stru\u010dnog usavr\u0161avanja zaposlenih dr\u017eavnoj upravi i u jedinicama lokalne samouprave. Ovo \u0107e predstavljati sistem koji \u0107e se nadovezati na dr\u017eavnu akademiju za dr\u017eavnu upravu\u201c, rekao je \u0110okovi\u0107 i dodao da je Sekretarijat sa rukovodstvom Edukativnog centra i uz podr\u0161ku Pokrajinske vlade, uspeo da sa\u010duva Edukativni centar od prestanka poslovanja i mogu\u0107eg ga\u0161enja, pri \u010demu su gra\u0111ani Vojvodine stekli trajno vlasni\u0161tvo nad Centrom.<\/p>\n<p><img loading=\"lazy\" decoding=\"async\" class=\" size-full wp-image-3401\" src=\"http:\/\/spriv.vojvodina.gov.rs\/wp-content\/uploads\/2018\/04\/03.04.2018-Edukativni-pres-4.JPG\" border=\"0\" alt=\"\" style=\"display: block; margin-left: auto; margin-right: auto;\" width=\"600\" height=\"400\" srcset=\"https:\/\/spriv.vojvodina.gov.rs\/wp-content\/uploads\/2018\/04\/03.04.2018-Edukativni-pres-4.JPG 600w, https:\/\/spriv.vojvodina.gov.rs\/wp-content\/uploads\/2018\/04\/03.04.2018-Edukativni-pres-4-300x200.jpg 300w\" sizes=\"auto, (max-width: 600px) 100vw, 600px\" \/><\/p>\n<p style=\"text-align: justify;\">,,Nastojimo da unapredimo poslovanje Edukativnog centra kako bi se i \u0161to vi\u0161e ljudi obu\u010dilo za deficitarna zanimanja, te da se kroz zajedni\u010dku saradnju sa Sekretarijatom i nacionalnom slu\u017ebom za zapo\u0161ljavanje omogu\u0107i licima da nakon prekvalifikacije i dokvalifikacije do\u0111u do samozaposlenja ili novog radnog mesta\u201c, dodao je \u0110okovi\u0107 i pozvao zainteresovanu javnost i privredu, te sve one koji su u potrazi za poslom kako bi zaokru\u017eili svoju biznis ideju.<\/p>\n<p style=\"text-align: center;\"><img loading=\"lazy\" decoding=\"async\" class=\" size-full wp-image-3402\" src=\"http:\/\/spriv.vojvodina.gov.rs\/wp-content\/uploads\/2018\/04\/03.04.2018-Edukativni-pres-5.JPG\" border=\"0\" alt=\"\" width=\"600\" height=\"400\" srcset=\"https:\/\/spriv.vojvodina.gov.rs\/wp-content\/uploads\/2018\/04\/03.04.2018-Edukativni-pres-5.JPG 600w, https:\/\/spriv.vojvodina.gov.rs\/wp-content\/uploads\/2018\/04\/03.04.2018-Edukativni-pres-5-300x200.jpg 300w\" sizes=\"auto, (max-width: 600px) 100vw, 600px\" \/><\/p>\n<p style=\"text-align: justify;\">Direktor Edukativnog centra, \u0110ura\u0111 Milanovi\u0107, je istakao da je ve\u0107 zapo\u010deto sa jedanaest obuka koje sprovodi Centar, te da se do kraja 2018. godine o\u010dekuje da Centar uvede novi ISO 4063 standard iz obuke za zavarivanje. Uvo\u0111enje novog standarda je proizvod u\u010de\u0161\u0107a Edukativnog centra na me\u0111unarodnom IPA projektu, \u010diji je nosilac Vojvo\u0111anski metal klaster (VMC). Projektom je predvi\u0111eno umre\u017eavanje metalske industrije u pograni\u010dnom regionu. Edukativni centar \u0107e do kraja teku\u0107e godine nabaviti i simulator za zavarivanje, koji \u0107e znatno u\u0161tedeti sredstva za obuku za zavariva\u010de i unaprediti sam kvalitet obuke.<\/p>\n<p style=\"text-align: center;\"><img loading=\"lazy\" decoding=\"async\" class=\" size-full wp-image-3403\" src=\"http:\/\/spriv.vojvodina.gov.rs\/wp-content\/uploads\/2018\/04\/03.04.2018-Edukativni-pres-6.JPG\" border=\"0\" alt=\"\" width=\"600\" height=\"400\" srcset=\"https:\/\/spriv.vojvodina.gov.rs\/wp-content\/uploads\/2018\/04\/03.04.2018-Edukativni-pres-6.JPG 600w, https:\/\/spriv.vojvodina.gov.rs\/wp-content\/uploads\/2018\/04\/03.04.2018-Edukativni-pres-6-300x200.jpg 300w\" sizes=\"auto, (max-width: 600px) 100vw, 600px\" \/><\/p>\n<p style=\"text-align: center;\"><img loading=\"lazy\" decoding=\"async\" class=\" size-full wp-image-3404\" src=\"http:\/\/spriv.vojvodina.gov.rs\/wp-content\/uploads\/2018\/04\/03.04.2018-Edukativni-pres-7.JPG\" border=\"0\" alt=\"\" width=\"600\" height=\"400\" srcset=\"https:\/\/spriv.vojvodina.gov.rs\/wp-content\/uploads\/2018\/04\/03.04.2018-Edukativni-pres-7.JPG 600w, https:\/\/spriv.vojvodina.gov.rs\/wp-content\/uploads\/2018\/04\/03.04.2018-Edukativni-pres-7-300x200.jpg 300w\" sizes=\"auto, (max-width: 600px) 100vw, 600px\" \/><\/p>\n<p style=\"text-align: justify;\">,,Posebno je va\u017eno ista\u0107i da Edukativni centar participira na sve me\u0111unarodne konkurse od zna\u010daja za poslovanje Centra, zajedno sa na\u0161im partnerima, za koje smatramo da bi podigli nivo kvaliteta rada. Trudimo se da pratimo savremene trendove i ovim najavljujemo i \u010dlanstvo Edukativnog centra u Asocijaciji obrazovnih ustanova koje se bave obrazovanja odraslih u Evropskoj uniji\u201c, rekao je Milanovi\u0107.<\/p>\n<p>Svi programi obuka koje predvi\u0111a Edukativni centar su u procesu akreditacije pred Ministarstvom prosvete Republike Srbije.\u00a0<\/p>\n<p style=\"text-align: center;\"><img loading=\"lazy\" decoding=\"async\" class=\" size-full wp-image-3405\" src=\"http:\/\/spriv.vojvodina.gov.rs\/wp-content\/uploads\/2018\/04\/03.04.2018-Edukativni-pres-8.JPG\" border=\"0\" alt=\"\" width=\"600\" height=\"400\" srcset=\"https:\/\/spriv.vojvodina.gov.rs\/wp-content\/uploads\/2018\/04\/03.04.2018-Edukativni-pres-8.JPG 600w, https:\/\/spriv.vojvodina.gov.rs\/wp-content\/uploads\/2018\/04\/03.04.2018-Edukativni-pres-8-300x200.jpg 300w\" sizes=\"auto, (max-width: 600px) 100vw, 600px\" \/><\/p>\n<p style=\"text-align: center;\"><img loading=\"lazy\" decoding=\"async\" class=\" size-full wp-image-3406\" src=\"http:\/\/spriv.vojvodina.gov.rs\/wp-content\/uploads\/2018\/04\/03.04.2018-Edukativni-pres-9.JPG\" border=\"0\" alt=\"\" width=\"600\" height=\"400\" srcset=\"https:\/\/spriv.vojvodina.gov.rs\/wp-content\/uploads\/2018\/04\/03.04.2018-Edukativni-pres-9.JPG 600w, https:\/\/spriv.vojvodina.gov.rs\/wp-content\/uploads\/2018\/04\/03.04.2018-Edukativni-pres-9-300x200.jpg 300w\" sizes=\"auto, (max-width: 600px) 100vw, 600px\" \/><\/p>\n","protected":false},"excerpt":{"rendered":"Novi Sad, 3. april 2018. &#8211; Potpredsednik Pokrajinske vlade i pokrajinski sekretar za privredu i turizam, Ivan \u0110okovi\u0107, i direktor Edukativnog centra za obuke u profesionalnim i radnim ve\u0161tinama Novi Sad, \u0110ura\u0111 Milanovi\u0107, odr\u017eali su konferenciju za medije povodom novog ciklusa obuka u ovoj obrazovnoj ustanovi. Predstavljeni su i kursevi koji se prvi put odr\u017eavaju u Edukativnom centru, poput obuke za menad\u017eera za marketing na dru\u0161tvenim mre\u017eama, za poslovni i diplomatski protokol, kao i obuka za negu kose i tela.\n<a class=\"moretag\" href=\"https:\/\/spriv.vojvodina.gov.rs\/rs\/dokovic-o-novom-ciklusu-obuka-u-edukativnom-centru-novi-sad-ovo-je-jedinstveni-razvojni-i-privredno-edukativni-model-obrazovanja-odraslih\/\"> [...]<\/a>","protected":false},"author":3,"featured_media":3397,"comment_status":"closed","ping_status":"closed","sticky":false,"template":"","format":"standard","meta":{"footnotes":""},"categories":[31],"tags":[],"class_list":["post-3408","post","type-post","status-publish","format-standard","has-post-thumbnail","hentry","category-vesti-latinica1"],"yoast_head":"<!-- This site is optimized with the Yoast SEO plugin v27.4 - https:\/\/yoast.com\/product\/yoast-seo-wordpress\/ -->\n<title>\u0110okovi\u0107 o novom ciklusu obuka u Edukativnom centru Novi Sad: Ovo je jedinstveni razvojni i privredno-edukativni model obrazovanja odraslih - \u041f\u043e\u043a\u0440\u0430\u0458\u0438\u043d\u0441\u043a\u0438 \u0441\u0435\u043a\u0440\u0435\u0442\u0430\u0440\u0438\u0458\u0430\u0442 \u0437\u0430 \u043f\u0440\u0438\u0432\u0440\u0435\u0434\u0443 \u0438 \u0442\u0443\u0440\u0438\u0437\u0430\u043c<\/title>\n<meta name=\"robots\" content=\"index, follow, max-snippet:-1, max-image-preview:large, max-video-preview:-1\" \/>\n<link rel=\"canonical\" href=\"https:\/\/spriv.vojvodina.gov.rs\/rs\/dokovic-o-novom-ciklusu-obuka-u-edukativnom-centru-novi-sad-ovo-je-jedinstveni-razvojni-i-privredno-edukativni-model-obrazovanja-odraslih\/\" \/>\n<meta property=\"og:locale\" content=\"sr_RS\" \/>\n<meta property=\"og:type\" content=\"article\" \/>\n<meta property=\"og:title\" content=\"\u0110okovi\u0107 o novom ciklusu obuka u Edukativnom centru Novi Sad: Ovo je jedinstveni razvojni i privredno-edukativni model obrazovanja odraslih - \u041f\u043e\u043a\u0440\u0430\u0458\u0438\u043d\u0441\u043a\u0438 \u0441\u0435\u043a\u0440\u0435\u0442\u0430\u0440\u0438\u0458\u0430\u0442 \u0437\u0430 \u043f\u0440\u0438\u0432\u0440\u0435\u0434\u0443 \u0438 \u0442\u0443\u0440\u0438\u0437\u0430\u043c\" \/>\n<meta property=\"og:description\" content=\"Novi Sad, 3. april 2018. - Potpredsednik Pokrajinske vlade i pokrajinski sekretar za privredu i turizam, Ivan \u0110okovi\u0107, i direktor Edukativnog centra za obuke u profesionalnim i radnim ve\u0161tinama Novi Sad, \u0110ura\u0111 Milanovi\u0107, odr\u017eali su konferenciju za medije povodom novog ciklusa obuka u ovoj obrazovnoj ustanovi. Predstavljeni su i kursevi koji se prvi put odr\u017eavaju u Edukativnom centru, poput obuke za menad\u017eera za marketing na dru\u0161tvenim mre\u017eama, za poslovni i diplomatski protokol, kao i obuka za negu kose i tela.\" \/>\n<meta property=\"og:url\" content=\"https:\/\/spriv.vojvodina.gov.rs\/dokovic-o-novom-ciklusu-obuka-u-edukativnom-centru-novi-sad-ovo-je-jedinstveni-razvojni-i-privredno-edukativni-model-obrazovanja-odraslih\/\" \/>\n<meta property=\"og:site_name\" content=\"\u041f\u043e\u043a\u0440\u0430\u0458\u0438\u043d\u0441\u043a\u0438 \u0441\u0435\u043a\u0440\u0435\u0442\u0430\u0440\u0438\u0458\u0430\u0442 \u0437\u0430 \u043f\u0440\u0438\u0432\u0440\u0435\u0434\u0443 \u0438 \u0442\u0443\u0440\u0438\u0437\u0430\u043c\" \/>\n<meta property=\"article:published_time\" content=\"2018-04-03T15:35:14+00:00\" \/>\n<meta property=\"og:image\" content=\"https:\/\/spriv.vojvodina.gov.rs\/wp-content\/uploads\/2018\/04\/03.04.2018-Edukativni-pres-mala.JPG\" \/>\n\t<meta property=\"og:image:width\" content=\"150\" \/>\n\t<meta property=\"og:image:height\" content=\"100\" \/>\n\t<meta property=\"og:image:type\" content=\"image\/jpeg\" \/>\n<meta name=\"author\" content=\"Sonja Babi\u0107\" \/>\n<meta name=\"twitter:card\" content=\"summary_large_image\" \/>\n<meta name=\"twitter:label1\" content=\"\u041d\u0430\u043f\u0438\u0441\u0430\u043d\u043e \u043e\u0434\" \/>\n\t<meta name=\"twitter:data1\" content=\"Sonja Babi\u0107\" \/>\n\t<meta name=\"twitter:label2\" content=\"\u041f\u0440\u043e\u0446\u0435\u045a\u0435\u043d\u043e \u0432\u0440\u0435\u043c\u0435 \u0447\u0438\u0442\u0430\u045a\u0430\" \/>\n\t<meta name=\"twitter:data2\" content=\"3 \u043c\u0438\u043d\u0443\u0442\u0430\" \/>\n<script type=\"application\/ld+json\" class=\"yoast-schema-graph\">{\"@context\":\"https:\\\/\\\/schema.org\",\"@graph\":[{\"@type\":\"Article\",\"@id\":\"https:\\\/\\\/spriv.vojvodina.gov.rs\\\/dokovic-o-novom-ciklusu-obuka-u-edukativnom-centru-novi-sad-ovo-je-jedinstveni-razvojni-i-privredno-edukativni-model-obrazovanja-odraslih\\\/#article\",\"isPartOf\":{\"@id\":\"https:\\\/\\\/spriv.vojvodina.gov.rs\\\/dokovic-o-novom-ciklusu-obuka-u-edukativnom-centru-novi-sad-ovo-je-jedinstveni-razvojni-i-privredno-edukativni-model-obrazovanja-odraslih\\\/\"},\"author\":{\"name\":\"Sonja Babi\u0107\",\"@id\":\"https:\\\/\\\/spriv.vojvodina.gov.rs\\\/#\\\/schema\\\/person\\\/749ef4f57fbb458f1c759e7a4fa78485\"},\"headline\":\"\u0110okovi\u0107 o novom ciklusu obuka u Edukativnom centru Novi Sad: Ovo je jedinstveni razvojni i privredno-edukativni model obrazovanja odraslih\",\"datePublished\":\"2018-04-03T15:35:14+00:00\",\"mainEntityOfPage\":{\"@id\":\"https:\\\/\\\/spriv.vojvodina.gov.rs\\\/dokovic-o-novom-ciklusu-obuka-u-edukativnom-centru-novi-sad-ovo-je-jedinstveni-razvojni-i-privredno-edukativni-model-obrazovanja-odraslih\\\/\"},\"wordCount\":550,\"image\":{\"@id\":\"https:\\\/\\\/spriv.vojvodina.gov.rs\\\/dokovic-o-novom-ciklusu-obuka-u-edukativnom-centru-novi-sad-ovo-je-jedinstveni-razvojni-i-privredno-edukativni-model-obrazovanja-odraslih\\\/#primaryimage\"},\"thumbnailUrl\":\"https:\\\/\\\/spriv.vojvodina.gov.rs\\\/wp-content\\\/uploads\\\/2018\\\/04\\\/03.04.2018-Edukativni-pres-mala.JPG\",\"articleSection\":[\"Vesti Latinica\"],\"inLanguage\":\"sr-RS\"},{\"@type\":\"WebPage\",\"@id\":\"https:\\\/\\\/spriv.vojvodina.gov.rs\\\/dokovic-o-novom-ciklusu-obuka-u-edukativnom-centru-novi-sad-ovo-je-jedinstveni-razvojni-i-privredno-edukativni-model-obrazovanja-odraslih\\\/\",\"url\":\"https:\\\/\\\/spriv.vojvodina.gov.rs\\\/dokovic-o-novom-ciklusu-obuka-u-edukativnom-centru-novi-sad-ovo-je-jedinstveni-razvojni-i-privredno-edukativni-model-obrazovanja-odraslih\\\/\",\"name\":\"\u0110okovi\u0107 o novom ciklusu obuka u Edukativnom centru Novi Sad: Ovo je jedinstveni razvojni i privredno-edukativni model obrazovanja odraslih - \u041f\u043e\u043a\u0440\u0430\u0458\u0438\u043d\u0441\u043a\u0438 \u0441\u0435\u043a\u0440\u0435\u0442\u0430\u0440\u0438\u0458\u0430\u0442 \u0437\u0430 \u043f\u0440\u0438\u0432\u0440\u0435\u0434\u0443 \u0438 \u0442\u0443\u0440\u0438\u0437\u0430\u043c\",\"isPartOf\":{\"@id\":\"https:\\\/\\\/spriv.vojvodina.gov.rs\\\/#website\"},\"primaryImageOfPage\":{\"@id\":\"https:\\\/\\\/spriv.vojvodina.gov.rs\\\/dokovic-o-novom-ciklusu-obuka-u-edukativnom-centru-novi-sad-ovo-je-jedinstveni-razvojni-i-privredno-edukativni-model-obrazovanja-odraslih\\\/#primaryimage\"},\"image\":{\"@id\":\"https:\\\/\\\/spriv.vojvodina.gov.rs\\\/dokovic-o-novom-ciklusu-obuka-u-edukativnom-centru-novi-sad-ovo-je-jedinstveni-razvojni-i-privredno-edukativni-model-obrazovanja-odraslih\\\/#primaryimage\"},\"thumbnailUrl\":\"https:\\\/\\\/spriv.vojvodina.gov.rs\\\/wp-content\\\/uploads\\\/2018\\\/04\\\/03.04.2018-Edukativni-pres-mala.JPG\",\"datePublished\":\"2018-04-03T15:35:14+00:00\",\"author\":{\"@id\":\"https:\\\/\\\/spriv.vojvodina.gov.rs\\\/#\\\/schema\\\/person\\\/749ef4f57fbb458f1c759e7a4fa78485\"},\"breadcrumb\":{\"@id\":\"https:\\\/\\\/spriv.vojvodina.gov.rs\\\/dokovic-o-novom-ciklusu-obuka-u-edukativnom-centru-novi-sad-ovo-je-jedinstveni-razvojni-i-privredno-edukativni-model-obrazovanja-odraslih\\\/#breadcrumb\"},\"inLanguage\":\"sr-RS\",\"potentialAction\":[{\"@type\":\"ReadAction\",\"target\":[\"https:\\\/\\\/spriv.vojvodina.gov.rs\\\/dokovic-o-novom-ciklusu-obuka-u-edukativnom-centru-novi-sad-ovo-je-jedinstveni-razvojni-i-privredno-edukativni-model-obrazovanja-odraslih\\\/\"]}]},{\"@type\":\"ImageObject\",\"inLanguage\":\"sr-RS\",\"@id\":\"https:\\\/\\\/spriv.vojvodina.gov.rs\\\/dokovic-o-novom-ciklusu-obuka-u-edukativnom-centru-novi-sad-ovo-je-jedinstveni-razvojni-i-privredno-edukativni-model-obrazovanja-odraslih\\\/#primaryimage\",\"url\":\"https:\\\/\\\/spriv.vojvodina.gov.rs\\\/wp-content\\\/uploads\\\/2018\\\/04\\\/03.04.2018-Edukativni-pres-mala.JPG\",\"contentUrl\":\"https:\\\/\\\/spriv.vojvodina.gov.rs\\\/wp-content\\\/uploads\\\/2018\\\/04\\\/03.04.2018-Edukativni-pres-mala.JPG\",\"width\":150,\"height\":100},{\"@type\":\"BreadcrumbList\",\"@id\":\"https:\\\/\\\/spriv.vojvodina.gov.rs\\\/dokovic-o-novom-ciklusu-obuka-u-edukativnom-centru-novi-sad-ovo-je-jedinstveni-razvojni-i-privredno-edukativni-model-obrazovanja-odraslih\\\/#breadcrumb\",\"itemListElement\":[{\"@type\":\"ListItem\",\"position\":1,\"name\":\"Home\",\"item\":\"https:\\\/\\\/spriv.vojvodina.gov.rs\\\/\"},{\"@type\":\"ListItem\",\"position\":2,\"name\":\"\u0110okovi\u0107 o novom ciklusu obuka u Edukativnom centru Novi Sad: Ovo je jedinstveni razvojni i privredno-edukativni model obrazovanja odraslih\"}]},{\"@type\":\"WebSite\",\"@id\":\"https:\\\/\\\/spriv.vojvodina.gov.rs\\\/#website\",\"url\":\"https:\\\/\\\/spriv.vojvodina.gov.rs\\\/\",\"name\":\"\u041f\u043e\u043a\u0440\u0430\u0458\u0438\u043d\u0441\u043a\u0438 \u0441\u0435\u043a\u0440\u0435\u0442\u0430\u0440\u0438\u0458\u0430\u0442 \u0437\u0430 \u043f\u0440\u0438\u0432\u0440\u0435\u0434\u0443 \u0438 \u0442\u0443\u0440\u0438\u0437\u0430\u043c\",\"description\":\"\u041f\u043e\u043a\u0440\u0430\u0458\u0438\u043d\u0441\u043a\u0438 \u0441\u0435\u043a\u0440\u0435\u0442\u0430\u0440\u0438\u0458\u0430\u0442 \u0437\u0430 \u043f\u0440\u0438\u0432\u0440\u0435\u0434\u0443 \u0438 \u0442\u0443\u0440\u0438\u0437\u0430\u043c\",\"potentialAction\":[{\"@type\":\"SearchAction\",\"target\":{\"@type\":\"EntryPoint\",\"urlTemplate\":\"https:\\\/\\\/spriv.vojvodina.gov.rs\\\/?s={search_term_string}\"},\"query-input\":{\"@type\":\"PropertyValueSpecification\",\"valueRequired\":true,\"valueName\":\"search_term_string\"}}],\"inLanguage\":\"sr-RS\"},{\"@type\":\"Person\",\"@id\":\"https:\\\/\\\/spriv.vojvodina.gov.rs\\\/#\\\/schema\\\/person\\\/749ef4f57fbb458f1c759e7a4fa78485\",\"name\":\"Sonja Babi\u0107\",\"image\":{\"@type\":\"ImageObject\",\"inLanguage\":\"sr-RS\",\"@id\":\"https:\\\/\\\/secure.gravatar.com\\\/avatar\\\/00a1d182a20a59067af1e7b1c31cbcc3be1a456ee4b27746580e120c2582e5bd?s=96&d=mm&r=g\",\"url\":\"https:\\\/\\\/secure.gravatar.com\\\/avatar\\\/00a1d182a20a59067af1e7b1c31cbcc3be1a456ee4b27746580e120c2582e5bd?s=96&d=mm&r=g\",\"contentUrl\":\"https:\\\/\\\/secure.gravatar.com\\\/avatar\\\/00a1d182a20a59067af1e7b1c31cbcc3be1a456ee4b27746580e120c2582e5bd?s=96&d=mm&r=g\",\"caption\":\"Sonja Babi\u0107\"},\"url\":\"https:\\\/\\\/spriv.vojvodina.gov.rs\\\/rs\\\/author\\\/sonja-babic\\\/\"}]}<\/script>\n<!-- \/ Yoast SEO plugin. -->","yoast_head_json":{"title":"\u0110okovi\u0107 o novom ciklusu obuka u Edukativnom centru Novi Sad: Ovo je jedinstveni razvojni i privredno-edukativni model obrazovanja odraslih - \u041f\u043e\u043a\u0440\u0430\u0458\u0438\u043d\u0441\u043a\u0438 \u0441\u0435\u043a\u0440\u0435\u0442\u0430\u0440\u0438\u0458\u0430\u0442 \u0437\u0430 \u043f\u0440\u0438\u0432\u0440\u0435\u0434\u0443 \u0438 \u0442\u0443\u0440\u0438\u0437\u0430\u043c","robots":{"index":"index","follow":"follow","max-snippet":"max-snippet:-1","max-image-preview":"max-image-preview:large","max-video-preview":"max-video-preview:-1"},"canonical":"https:\/\/spriv.vojvodina.gov.rs\/rs\/dokovic-o-novom-ciklusu-obuka-u-edukativnom-centru-novi-sad-ovo-je-jedinstveni-razvojni-i-privredno-edukativni-model-obrazovanja-odraslih\/","og_locale":"sr_RS","og_type":"article","og_title":"\u0110okovi\u0107 o novom ciklusu obuka u Edukativnom centru Novi Sad: Ovo je jedinstveni razvojni i privredno-edukativni model obrazovanja odraslih - \u041f\u043e\u043a\u0440\u0430\u0458\u0438\u043d\u0441\u043a\u0438 \u0441\u0435\u043a\u0440\u0435\u0442\u0430\u0440\u0438\u0458\u0430\u0442 \u0437\u0430 \u043f\u0440\u0438\u0432\u0440\u0435\u0434\u0443 \u0438 \u0442\u0443\u0440\u0438\u0437\u0430\u043c","og_description":"Novi Sad, 3. april 2018. - Potpredsednik Pokrajinske vlade i pokrajinski sekretar za privredu i turizam, Ivan \u0110okovi\u0107, i direktor Edukativnog centra za obuke u profesionalnim i radnim ve\u0161tinama Novi Sad, \u0110ura\u0111 Milanovi\u0107, odr\u017eali su konferenciju za medije povodom novog ciklusa obuka u ovoj obrazovnoj ustanovi. Predstavljeni su i kursevi koji se prvi put odr\u017eavaju u Edukativnom centru, poput obuke za menad\u017eera za marketing na dru\u0161tvenim mre\u017eama, za poslovni i diplomatski protokol, kao i obuka za negu kose i tela.","og_url":"https:\/\/spriv.vojvodina.gov.rs\/dokovic-o-novom-ciklusu-obuka-u-edukativnom-centru-novi-sad-ovo-je-jedinstveni-razvojni-i-privredno-edukativni-model-obrazovanja-odraslih\/","og_site_name":"\u041f\u043e\u043a\u0440\u0430\u0458\u0438\u043d\u0441\u043a\u0438 \u0441\u0435\u043a\u0440\u0435\u0442\u0430\u0440\u0438\u0458\u0430\u0442 \u0437\u0430 \u043f\u0440\u0438\u0432\u0440\u0435\u0434\u0443 \u0438 \u0442\u0443\u0440\u0438\u0437\u0430\u043c","article_published_time":"2018-04-03T15:35:14+00:00","og_image":[{"width":150,"height":100,"url":"https:\/\/spriv.vojvodina.gov.rs\/wp-content\/uploads\/2018\/04\/03.04.2018-Edukativni-pres-mala.JPG","type":"image\/jpeg"}],"author":"Sonja Babi\u0107","twitter_card":"summary_large_image","twitter_misc":{"\u041d\u0430\u043f\u0438\u0441\u0430\u043d\u043e \u043e\u0434":"Sonja Babi\u0107","\u041f\u0440\u043e\u0446\u0435\u045a\u0435\u043d\u043e \u0432\u0440\u0435\u043c\u0435 \u0447\u0438\u0442\u0430\u045a\u0430":"3 \u043c\u0438\u043d\u0443\u0442\u0430"},"schema":{"@context":"https:\/\/schema.org","@graph":[{"@type":"Article","@id":"https:\/\/spriv.vojvodina.gov.rs\/dokovic-o-novom-ciklusu-obuka-u-edukativnom-centru-novi-sad-ovo-je-jedinstveni-razvojni-i-privredno-edukativni-model-obrazovanja-odraslih\/#article","isPartOf":{"@id":"https:\/\/spriv.vojvodina.gov.rs\/dokovic-o-novom-ciklusu-obuka-u-edukativnom-centru-novi-sad-ovo-je-jedinstveni-razvojni-i-privredno-edukativni-model-obrazovanja-odraslih\/"},"author":{"name":"Sonja Babi\u0107","@id":"https:\/\/spriv.vojvodina.gov.rs\/#\/schema\/person\/749ef4f57fbb458f1c759e7a4fa78485"},"headline":"\u0110okovi\u0107 o novom ciklusu obuka u Edukativnom centru Novi Sad: Ovo je jedinstveni razvojni i privredno-edukativni model obrazovanja odraslih","datePublished":"2018-04-03T15:35:14+00:00","mainEntityOfPage":{"@id":"https:\/\/spriv.vojvodina.gov.rs\/dokovic-o-novom-ciklusu-obuka-u-edukativnom-centru-novi-sad-ovo-je-jedinstveni-razvojni-i-privredno-edukativni-model-obrazovanja-odraslih\/"},"wordCount":550,"image":{"@id":"https:\/\/spriv.vojvodina.gov.rs\/dokovic-o-novom-ciklusu-obuka-u-edukativnom-centru-novi-sad-ovo-je-jedinstveni-razvojni-i-privredno-edukativni-model-obrazovanja-odraslih\/#primaryimage"},"thumbnailUrl":"https:\/\/spriv.vojvodina.gov.rs\/wp-content\/uploads\/2018\/04\/03.04.2018-Edukativni-pres-mala.JPG","articleSection":["Vesti Latinica"],"inLanguage":"sr-RS"},{"@type":"WebPage","@id":"https:\/\/spriv.vojvodina.gov.rs\/dokovic-o-novom-ciklusu-obuka-u-edukativnom-centru-novi-sad-ovo-je-jedinstveni-razvojni-i-privredno-edukativni-model-obrazovanja-odraslih\/","url":"https:\/\/spriv.vojvodina.gov.rs\/dokovic-o-novom-ciklusu-obuka-u-edukativnom-centru-novi-sad-ovo-je-jedinstveni-razvojni-i-privredno-edukativni-model-obrazovanja-odraslih\/","name":"\u0110okovi\u0107 o novom ciklusu obuka u Edukativnom centru Novi Sad: Ovo je jedinstveni razvojni i privredno-edukativni model obrazovanja odraslih - \u041f\u043e\u043a\u0440\u0430\u0458\u0438\u043d\u0441\u043a\u0438 \u0441\u0435\u043a\u0440\u0435\u0442\u0430\u0440\u0438\u0458\u0430\u0442 \u0437\u0430 \u043f\u0440\u0438\u0432\u0440\u0435\u0434\u0443 \u0438 \u0442\u0443\u0440\u0438\u0437\u0430\u043c","isPartOf":{"@id":"https:\/\/spriv.vojvodina.gov.rs\/#website"},"primaryImageOfPage":{"@id":"https:\/\/spriv.vojvodina.gov.rs\/dokovic-o-novom-ciklusu-obuka-u-edukativnom-centru-novi-sad-ovo-je-jedinstveni-razvojni-i-privredno-edukativni-model-obrazovanja-odraslih\/#primaryimage"},"image":{"@id":"https:\/\/spriv.vojvodina.gov.rs\/dokovic-o-novom-ciklusu-obuka-u-edukativnom-centru-novi-sad-ovo-je-jedinstveni-razvojni-i-privredno-edukativni-model-obrazovanja-odraslih\/#primaryimage"},"thumbnailUrl":"https:\/\/spriv.vojvodina.gov.rs\/wp-content\/uploads\/2018\/04\/03.04.2018-Edukativni-pres-mala.JPG","datePublished":"2018-04-03T15:35:14+00:00","author":{"@id":"https:\/\/spriv.vojvodina.gov.rs\/#\/schema\/person\/749ef4f57fbb458f1c759e7a4fa78485"},"breadcrumb":{"@id":"https:\/\/spriv.vojvodina.gov.rs\/dokovic-o-novom-ciklusu-obuka-u-edukativnom-centru-novi-sad-ovo-je-jedinstveni-razvojni-i-privredno-edukativni-model-obrazovanja-odraslih\/#breadcrumb"},"inLanguage":"sr-RS","potentialAction":[{"@type":"ReadAction","target":["https:\/\/spriv.vojvodina.gov.rs\/dokovic-o-novom-ciklusu-obuka-u-edukativnom-centru-novi-sad-ovo-je-jedinstveni-razvojni-i-privredno-edukativni-model-obrazovanja-odraslih\/"]}]},{"@type":"ImageObject","inLanguage":"sr-RS","@id":"https:\/\/spriv.vojvodina.gov.rs\/dokovic-o-novom-ciklusu-obuka-u-edukativnom-centru-novi-sad-ovo-je-jedinstveni-razvojni-i-privredno-edukativni-model-obrazovanja-odraslih\/#primaryimage","url":"https:\/\/spriv.vojvodina.gov.rs\/wp-content\/uploads\/2018\/04\/03.04.2018-Edukativni-pres-mala.JPG","contentUrl":"https:\/\/spriv.vojvodina.gov.rs\/wp-content\/uploads\/2018\/04\/03.04.2018-Edukativni-pres-mala.JPG","width":150,"height":100},{"@type":"BreadcrumbList","@id":"https:\/\/spriv.vojvodina.gov.rs\/dokovic-o-novom-ciklusu-obuka-u-edukativnom-centru-novi-sad-ovo-je-jedinstveni-razvojni-i-privredno-edukativni-model-obrazovanja-odraslih\/#breadcrumb","itemListElement":[{"@type":"ListItem","position":1,"name":"Home","item":"https:\/\/spriv.vojvodina.gov.rs\/"},{"@type":"ListItem","position":2,"name":"\u0110okovi\u0107 o novom ciklusu obuka u Edukativnom centru Novi Sad: Ovo je jedinstveni razvojni i privredno-edukativni model obrazovanja odraslih"}]},{"@type":"WebSite","@id":"https:\/\/spriv.vojvodina.gov.rs\/#website","url":"https:\/\/spriv.vojvodina.gov.rs\/","name":"\u041f\u043e\u043a\u0440\u0430\u0458\u0438\u043d\u0441\u043a\u0438 \u0441\u0435\u043a\u0440\u0435\u0442\u0430\u0440\u0438\u0458\u0430\u0442 \u0437\u0430 \u043f\u0440\u0438\u0432\u0440\u0435\u0434\u0443 \u0438 \u0442\u0443\u0440\u0438\u0437\u0430\u043c","description":"\u041f\u043e\u043a\u0440\u0430\u0458\u0438\u043d\u0441\u043a\u0438 \u0441\u0435\u043a\u0440\u0435\u0442\u0430\u0440\u0438\u0458\u0430\u0442 \u0437\u0430 \u043f\u0440\u0438\u0432\u0440\u0435\u0434\u0443 \u0438 \u0442\u0443\u0440\u0438\u0437\u0430\u043c","potentialAction":[{"@type":"SearchAction","target":{"@type":"EntryPoint","urlTemplate":"https:\/\/spriv.vojvodina.gov.rs\/?s={search_term_string}"},"query-input":{"@type":"PropertyValueSpecification","valueRequired":true,"valueName":"search_term_string"}}],"inLanguage":"sr-RS"},{"@type":"Person","@id":"https:\/\/spriv.vojvodina.gov.rs\/#\/schema\/person\/749ef4f57fbb458f1c759e7a4fa78485","name":"Sonja Babi\u0107","image":{"@type":"ImageObject","inLanguage":"sr-RS","@id":"https:\/\/secure.gravatar.com\/avatar\/00a1d182a20a59067af1e7b1c31cbcc3be1a456ee4b27746580e120c2582e5bd?s=96&d=mm&r=g","url":"https:\/\/secure.gravatar.com\/avatar\/00a1d182a20a59067af1e7b1c31cbcc3be1a456ee4b27746580e120c2582e5bd?s=96&d=mm&r=g","contentUrl":"https:\/\/secure.gravatar.com\/avatar\/00a1d182a20a59067af1e7b1c31cbcc3be1a456ee4b27746580e120c2582e5bd?s=96&d=mm&r=g","caption":"Sonja Babi\u0107"},"url":"https:\/\/spriv.vojvodina.gov.rs\/rs\/author\/sonja-babic\/"}]}},"_links":{"self":[{"href":"https:\/\/spriv.vojvodina.gov.rs\/rs\/wp-json\/wp\/v2\/posts\/3408","targetHints":{"allow":["GET"]}}],"collection":[{"href":"https:\/\/spriv.vojvodina.gov.rs\/rs\/wp-json\/wp\/v2\/posts"}],"about":[{"href":"https:\/\/spriv.vojvodina.gov.rs\/rs\/wp-json\/wp\/v2\/types\/post"}],"author":[{"embeddable":true,"href":"https:\/\/spriv.vojvodina.gov.rs\/rs\/wp-json\/wp\/v2\/users\/3"}],"replies":[{"embeddable":true,"href":"https:\/\/spriv.vojvodina.gov.rs\/rs\/wp-json\/wp\/v2\/comments?post=3408"}],"version-history":[{"count":0,"href":"https:\/\/spriv.vojvodina.gov.rs\/rs\/wp-json\/wp\/v2\/posts\/3408\/revisions"}],"wp:featuredmedia":[{"embeddable":true,"href":"https:\/\/spriv.vojvodina.gov.rs\/rs\/wp-json\/wp\/v2\/media\/3397"}],"wp:attachment":[{"href":"https:\/\/spriv.vojvodina.gov.rs\/rs\/wp-json\/wp\/v2\/media?parent=3408"}],"wp:term":[{"taxonomy":"category","embeddable":true,"href":"https:\/\/spriv.vojvodina.gov.rs\/rs\/wp-json\/wp\/v2\/categories?post=3408"},{"taxonomy":"post_tag","embeddable":true,"href":"https:\/\/spriv.vojvodina.gov.rs\/rs\/wp-json\/wp\/v2\/tags?post=3408"}],"curies":[{"name":"wp","href":"https:\/\/api.w.org\/{rel}","templated":true}]}}