{"id":3348,"date":"2018-03-20T15:30:47","date_gmt":"2018-03-20T15:30:47","guid":{"rendered":"http:\/\/spriv.vojvodina.gov.rs\/2018\/03\/20\/ivan-dokovic-u-radnoj-poseti-svajcarskoj-susret-sa-izvrsnim-odborom-swiss-education-group-e-u-montrou\/"},"modified":"2018-03-20T15:30:47","modified_gmt":"2018-03-20T15:30:47","slug":"ivan-dokovic-u-radnoj-poseti-svajcarskoj-susret-sa-izvrsnim-odborom-swiss-education-group-e-u-montrou","status":"publish","type":"post","link":"https:\/\/spriv.vojvodina.gov.rs\/rs\/ivan-dokovic-u-radnoj-poseti-svajcarskoj-susret-sa-izvrsnim-odborom-swiss-education-group-e-u-montrou\/","title":{"rendered":"Ivan \u0110okovi\u0107 u radnoj poseti \u0160vajcarskoj: Susret sa Izvr\u0161nim odborom Swiss Education Group-e u Montrou"},"content":{"rendered":"<p style=\"text-align: center;\"><img loading=\"lazy\" decoding=\"async\" class=\" size-full wp-image-3343\" src=\"http:\/\/spriv.vojvodina.gov.rs\/wp-content\/uploads\/2018\/03\/20.03svajcarska-1.jpg\" border=\"0\" alt=\"\" width=\"600\" height=\"395\" srcset=\"https:\/\/spriv.vojvodina.gov.rs\/wp-content\/uploads\/2018\/03\/20.03svajcarska-1.jpg 600w, https:\/\/spriv.vojvodina.gov.rs\/wp-content\/uploads\/2018\/03\/20.03svajcarska-1-300x198.jpg 300w\" sizes=\"auto, (max-width: 600px) 100vw, 600px\" \/><\/p>\n<p style=\"text-align: justify;\">Novi Sad, 20. mart 2018. \u2013 Na pro\u0161lonedeljnom me\u0111unarodnom Sajmu zapo\u0161ljavanja u Montrou u \u0160vajcarskoj, potpredsednik Pokrajinske vlade i pokrajinskim sekretarom za privredu i turizam, Ivan \u0110okovi\u0107, sastao se sa predstavnicima Izvr\u0161nog odbora Swiss Education Group-e, koja je organizator Sajma, i ovom prilikom razgovarao o mogu\u0107nostima saradnje u narednom periodu. Swiss Education Group je vode\u0107i svetski univerzitet u oblasti turizma i hotelijerstva.<\/p>\n<p style=\"text-align: center;\"><img loading=\"lazy\" decoding=\"async\" class=\" size-full wp-image-3344\" src=\"http:\/\/spriv.vojvodina.gov.rs\/wp-content\/uploads\/2018\/03\/20.03svajcarska-2.jpg\" border=\"0\" alt=\"\" width=\"600\" height=\"400\" srcset=\"https:\/\/spriv.vojvodina.gov.rs\/wp-content\/uploads\/2018\/03\/20.03svajcarska-2.jpg 600w, https:\/\/spriv.vojvodina.gov.rs\/wp-content\/uploads\/2018\/03\/20.03svajcarska-2-300x200.jpg 300w\" sizes=\"auto, (max-width: 600px) 100vw, 600px\" \/><\/p>\n<p style=\"text-align: justify;\">Generalni direktor Swiss Education Group-e, Floren Ronde (Florent Rondez), upoznao je prisutne sa principima i metodologijom rada SEG grupe, koja obuhvata najpresti\u017enije svetske fakultete za menad\u017ement u hotelijerstvu, turizmu i gastronomiji. Razgovor je tekao u smeru me\u0111unarodne saradnje, kao i sistema dualnog obrazovanja u \u0160vajcarskoj, s obzirom na njegov direktan uticaj na nezaposlenost koja je u \u0160vajcarskoj trenutno svega 3,2 odsto. Direktna povezanost pomenutih fakulteta i svetski poznatih kompanija, poput ,,Four Seasons\u201c, ,,Marriott\u201c, ,,UBS\u201c, ,,Swiss International Airlines\u201c, ,,Hublot\u201c, ,,Tesla\u201c, i drugih kompanija sa uspe\u0161nim poslovanjem na svetskom tr\u017ei\u0161tu, posebno je zainteresovala u\u010desnike susreta.<\/p>\n<p style=\"text-align: center;\"><img loading=\"lazy\" decoding=\"async\" class=\" size-full wp-image-3345\" src=\"http:\/\/spriv.vojvodina.gov.rs\/wp-content\/uploads\/2018\/03\/20.03svajcarska-4.jpg\" border=\"0\" alt=\"\" width=\"600\" height=\"407\" srcset=\"https:\/\/spriv.vojvodina.gov.rs\/wp-content\/uploads\/2018\/03\/20.03svajcarska-4.jpg 600w, https:\/\/spriv.vojvodina.gov.rs\/wp-content\/uploads\/2018\/03\/20.03svajcarska-4-300x204.jpg 300w\" sizes=\"auto, (max-width: 600px) 100vw, 600px\" \/><\/p>\n<p style=\"text-align: justify;\">Prilikom svoje posete, \u0110okovi\u0107 je obi\u0161ao presti\u017ene fakultete ,,Cesar Ritz Colleges\u201c, ,,Swiss Hotel Management School\u201c, kao i ,,Hotel Institute Montreux\u201c. Na \u017denevskom jezeru, u okviru ski kompleksa ,,Zermatt\u201c, uprili\u010den je i susret sa direktorom \u0160vajcarske turisti\u010dke organizacije, Federikom Somaruga (Federico Sommaruga), pri \u010demu je diskutovano o razradi ideja na temu saradnje srpskih i \u0161vajcarskih brendova u turizmu. <\/p>\n<p>U okviru posete, susretima je prisustvovao i dr\u017eavni sekretar u Ministarstvu odr\u017eivog razvoja i turizma Crne Gore, Damir Davidovi\u0107, sa kojim je potpredsednik \u0110okovi\u0107 razgovarao o regionalnim turisti\u010dkim proizvodima, njihovom kreiranju, promociji i pozivcioniranju na velikim i udaljenim turisti\u010dkim tr\u017ei\u0161tima.<\/p>\n<p><img loading=\"lazy\" decoding=\"async\" class=\" size-full wp-image-3346\" src=\"http:\/\/spriv.vojvodina.gov.rs\/wp-content\/uploads\/2018\/03\/20.03svajcarska-3.jpg\" border=\"0\" alt=\"\" style=\"display: block; margin-left: auto; margin-right: auto;\" width=\"600\" height=\"400\" srcset=\"https:\/\/spriv.vojvodina.gov.rs\/wp-content\/uploads\/2018\/03\/20.03svajcarska-3.jpg 600w, https:\/\/spriv.vojvodina.gov.rs\/wp-content\/uploads\/2018\/03\/20.03svajcarska-3-300x200.jpg 300w\" sizes=\"auto, (max-width: 600px) 100vw, 600px\" \/><\/p>\n","protected":false},"excerpt":{"rendered":"Novi Sad, 20. mart 2018. \u2013 Na pro\u0161lonedeljnom me\u0111unarodnom Sajmu zapo\u0161ljavanja u Montrou u \u0160vajcarskoj, potpredsednik Pokrajinske vlade i pokrajinskim sekretarom za privredu i turizam, Ivan \u0110okovi\u0107, sastao se sa predstavnicima Izvr\u0161nog odbora Swiss Education Group-e, koja je organizator Sajma, i ovom prilikom razgovarao o mogu\u0107nostima saradnje u narednom periodu. Swiss Education Group je vode\u0107i svetski univerzitet u oblasti turizma i hotelijerstva.\n<a class=\"moretag\" href=\"https:\/\/spriv.vojvodina.gov.rs\/rs\/ivan-dokovic-u-radnoj-poseti-svajcarskoj-susret-sa-izvrsnim-odborom-swiss-education-group-e-u-montrou\/\"> [...]<\/a>","protected":false},"author":3,"featured_media":3342,"comment_status":"closed","ping_status":"closed","sticky":false,"template":"","format":"standard","meta":{"footnotes":""},"categories":[31],"tags":[],"class_list":["post-3348","post","type-post","status-publish","format-standard","has-post-thumbnail","hentry","category-vesti-latinica1"],"yoast_head":"<!-- This site is optimized with the Yoast SEO plugin v27.4 - https:\/\/yoast.com\/product\/yoast-seo-wordpress\/ -->\n<title>Ivan \u0110okovi\u0107 u radnoj poseti \u0160vajcarskoj: Susret sa Izvr\u0161nim odborom Swiss Education Group-e u Montrou - \u041f\u043e\u043a\u0440\u0430\u0458\u0438\u043d\u0441\u043a\u0438 \u0441\u0435\u043a\u0440\u0435\u0442\u0430\u0440\u0438\u0458\u0430\u0442 \u0437\u0430 \u043f\u0440\u0438\u0432\u0440\u0435\u0434\u0443 \u0438 \u0442\u0443\u0440\u0438\u0437\u0430\u043c<\/title>\n<meta name=\"robots\" content=\"index, follow, max-snippet:-1, max-image-preview:large, max-video-preview:-1\" \/>\n<link rel=\"canonical\" href=\"https:\/\/spriv.vojvodina.gov.rs\/rs\/ivan-dokovic-u-radnoj-poseti-svajcarskoj-susret-sa-izvrsnim-odborom-swiss-education-group-e-u-montrou\/\" \/>\n<meta property=\"og:locale\" content=\"sr_RS\" \/>\n<meta property=\"og:type\" content=\"article\" \/>\n<meta property=\"og:title\" content=\"Ivan \u0110okovi\u0107 u radnoj poseti \u0160vajcarskoj: Susret sa Izvr\u0161nim odborom Swiss Education Group-e u Montrou - \u041f\u043e\u043a\u0440\u0430\u0458\u0438\u043d\u0441\u043a\u0438 \u0441\u0435\u043a\u0440\u0435\u0442\u0430\u0440\u0438\u0458\u0430\u0442 \u0437\u0430 \u043f\u0440\u0438\u0432\u0440\u0435\u0434\u0443 \u0438 \u0442\u0443\u0440\u0438\u0437\u0430\u043c\" \/>\n<meta property=\"og:description\" content=\"Novi Sad, 20. mart 2018. \u2013 Na pro\u0161lonedeljnom me\u0111unarodnom Sajmu zapo\u0161ljavanja u Montrou u \u0160vajcarskoj, potpredsednik Pokrajinske vlade i pokrajinskim sekretarom za privredu i turizam, Ivan \u0110okovi\u0107, sastao se sa predstavnicima Izvr\u0161nog odbora Swiss Education Group-e, koja je organizator Sajma, i ovom prilikom razgovarao o mogu\u0107nostima saradnje u narednom periodu. Swiss Education Group je vode\u0107i svetski univerzitet u oblasti turizma i hotelijerstva.\" \/>\n<meta property=\"og:url\" content=\"https:\/\/spriv.vojvodina.gov.rs\/ivan-dokovic-u-radnoj-poseti-svajcarskoj-susret-sa-izvrsnim-odborom-swiss-education-group-e-u-montrou\/\" \/>\n<meta property=\"og:site_name\" content=\"\u041f\u043e\u043a\u0440\u0430\u0458\u0438\u043d\u0441\u043a\u0438 \u0441\u0435\u043a\u0440\u0435\u0442\u0430\u0440\u0438\u0458\u0430\u0442 \u0437\u0430 \u043f\u0440\u0438\u0432\u0440\u0435\u0434\u0443 \u0438 \u0442\u0443\u0440\u0438\u0437\u0430\u043c\" \/>\n<meta property=\"article:published_time\" content=\"2018-03-20T15:30:47+00:00\" \/>\n<meta property=\"og:image\" content=\"https:\/\/spriv.vojvodina.gov.rs\/wp-content\/uploads\/2018\/03\/20.03svajcarska-mala.jpg\" \/>\n\t<meta property=\"og:image:width\" content=\"150\" \/>\n\t<meta property=\"og:image:height\" content=\"100\" \/>\n\t<meta property=\"og:image:type\" content=\"image\/jpeg\" \/>\n<meta name=\"author\" content=\"Sonja Babi\u0107\" \/>\n<meta name=\"twitter:card\" content=\"summary_large_image\" \/>\n<meta name=\"twitter:label1\" content=\"\u041d\u0430\u043f\u0438\u0441\u0430\u043d\u043e \u043e\u0434\" \/>\n\t<meta name=\"twitter:data1\" content=\"Sonja Babi\u0107\" \/>\n\t<meta name=\"twitter:label2\" content=\"\u041f\u0440\u043e\u0446\u0435\u045a\u0435\u043d\u043e \u0432\u0440\u0435\u043c\u0435 \u0447\u0438\u0442\u0430\u045a\u0430\" \/>\n\t<meta name=\"twitter:data2\" content=\"1 \u043c\u0438\u043d\u0443\u0442\" \/>\n<script type=\"application\/ld+json\" class=\"yoast-schema-graph\">{\"@context\":\"https:\\\/\\\/schema.org\",\"@graph\":[{\"@type\":\"Article\",\"@id\":\"https:\\\/\\\/spriv.vojvodina.gov.rs\\\/ivan-dokovic-u-radnoj-poseti-svajcarskoj-susret-sa-izvrsnim-odborom-swiss-education-group-e-u-montrou\\\/#article\",\"isPartOf\":{\"@id\":\"https:\\\/\\\/spriv.vojvodina.gov.rs\\\/ivan-dokovic-u-radnoj-poseti-svajcarskoj-susret-sa-izvrsnim-odborom-swiss-education-group-e-u-montrou\\\/\"},\"author\":{\"name\":\"Sonja Babi\u0107\",\"@id\":\"https:\\\/\\\/spriv.vojvodina.gov.rs\\\/#\\\/schema\\\/person\\\/749ef4f57fbb458f1c759e7a4fa78485\"},\"headline\":\"Ivan \u0110okovi\u0107 u radnoj poseti \u0160vajcarskoj: Susret sa Izvr\u0161nim odborom Swiss Education Group-e u Montrou\",\"datePublished\":\"2018-03-20T15:30:47+00:00\",\"mainEntityOfPage\":{\"@id\":\"https:\\\/\\\/spriv.vojvodina.gov.rs\\\/ivan-dokovic-u-radnoj-poseti-svajcarskoj-susret-sa-izvrsnim-odborom-swiss-education-group-e-u-montrou\\\/\"},\"wordCount\":287,\"image\":{\"@id\":\"https:\\\/\\\/spriv.vojvodina.gov.rs\\\/ivan-dokovic-u-radnoj-poseti-svajcarskoj-susret-sa-izvrsnim-odborom-swiss-education-group-e-u-montrou\\\/#primaryimage\"},\"thumbnailUrl\":\"https:\\\/\\\/spriv.vojvodina.gov.rs\\\/wp-content\\\/uploads\\\/2018\\\/03\\\/20.03svajcarska-mala.jpg\",\"articleSection\":[\"Vesti Latinica\"],\"inLanguage\":\"sr-RS\"},{\"@type\":\"WebPage\",\"@id\":\"https:\\\/\\\/spriv.vojvodina.gov.rs\\\/ivan-dokovic-u-radnoj-poseti-svajcarskoj-susret-sa-izvrsnim-odborom-swiss-education-group-e-u-montrou\\\/\",\"url\":\"https:\\\/\\\/spriv.vojvodina.gov.rs\\\/ivan-dokovic-u-radnoj-poseti-svajcarskoj-susret-sa-izvrsnim-odborom-swiss-education-group-e-u-montrou\\\/\",\"name\":\"Ivan \u0110okovi\u0107 u radnoj poseti \u0160vajcarskoj: Susret sa Izvr\u0161nim odborom Swiss Education Group-e u Montrou - \u041f\u043e\u043a\u0440\u0430\u0458\u0438\u043d\u0441\u043a\u0438 \u0441\u0435\u043a\u0440\u0435\u0442\u0430\u0440\u0438\u0458\u0430\u0442 \u0437\u0430 \u043f\u0440\u0438\u0432\u0440\u0435\u0434\u0443 \u0438 \u0442\u0443\u0440\u0438\u0437\u0430\u043c\",\"isPartOf\":{\"@id\":\"https:\\\/\\\/spriv.vojvodina.gov.rs\\\/#website\"},\"primaryImageOfPage\":{\"@id\":\"https:\\\/\\\/spriv.vojvodina.gov.rs\\\/ivan-dokovic-u-radnoj-poseti-svajcarskoj-susret-sa-izvrsnim-odborom-swiss-education-group-e-u-montrou\\\/#primaryimage\"},\"image\":{\"@id\":\"https:\\\/\\\/spriv.vojvodina.gov.rs\\\/ivan-dokovic-u-radnoj-poseti-svajcarskoj-susret-sa-izvrsnim-odborom-swiss-education-group-e-u-montrou\\\/#primaryimage\"},\"thumbnailUrl\":\"https:\\\/\\\/spriv.vojvodina.gov.rs\\\/wp-content\\\/uploads\\\/2018\\\/03\\\/20.03svajcarska-mala.jpg\",\"datePublished\":\"2018-03-20T15:30:47+00:00\",\"author\":{\"@id\":\"https:\\\/\\\/spriv.vojvodina.gov.rs\\\/#\\\/schema\\\/person\\\/749ef4f57fbb458f1c759e7a4fa78485\"},\"breadcrumb\":{\"@id\":\"https:\\\/\\\/spriv.vojvodina.gov.rs\\\/ivan-dokovic-u-radnoj-poseti-svajcarskoj-susret-sa-izvrsnim-odborom-swiss-education-group-e-u-montrou\\\/#breadcrumb\"},\"inLanguage\":\"sr-RS\",\"potentialAction\":[{\"@type\":\"ReadAction\",\"target\":[\"https:\\\/\\\/spriv.vojvodina.gov.rs\\\/ivan-dokovic-u-radnoj-poseti-svajcarskoj-susret-sa-izvrsnim-odborom-swiss-education-group-e-u-montrou\\\/\"]}]},{\"@type\":\"ImageObject\",\"inLanguage\":\"sr-RS\",\"@id\":\"https:\\\/\\\/spriv.vojvodina.gov.rs\\\/ivan-dokovic-u-radnoj-poseti-svajcarskoj-susret-sa-izvrsnim-odborom-swiss-education-group-e-u-montrou\\\/#primaryimage\",\"url\":\"https:\\\/\\\/spriv.vojvodina.gov.rs\\\/wp-content\\\/uploads\\\/2018\\\/03\\\/20.03svajcarska-mala.jpg\",\"contentUrl\":\"https:\\\/\\\/spriv.vojvodina.gov.rs\\\/wp-content\\\/uploads\\\/2018\\\/03\\\/20.03svajcarska-mala.jpg\",\"width\":150,\"height\":100},{\"@type\":\"BreadcrumbList\",\"@id\":\"https:\\\/\\\/spriv.vojvodina.gov.rs\\\/ivan-dokovic-u-radnoj-poseti-svajcarskoj-susret-sa-izvrsnim-odborom-swiss-education-group-e-u-montrou\\\/#breadcrumb\",\"itemListElement\":[{\"@type\":\"ListItem\",\"position\":1,\"name\":\"Home\",\"item\":\"https:\\\/\\\/spriv.vojvodina.gov.rs\\\/\"},{\"@type\":\"ListItem\",\"position\":2,\"name\":\"Ivan \u0110okovi\u0107 u radnoj poseti \u0160vajcarskoj: Susret sa Izvr\u0161nim odborom Swiss Education Group-e u Montrou\"}]},{\"@type\":\"WebSite\",\"@id\":\"https:\\\/\\\/spriv.vojvodina.gov.rs\\\/#website\",\"url\":\"https:\\\/\\\/spriv.vojvodina.gov.rs\\\/\",\"name\":\"\u041f\u043e\u043a\u0440\u0430\u0458\u0438\u043d\u0441\u043a\u0438 \u0441\u0435\u043a\u0440\u0435\u0442\u0430\u0440\u0438\u0458\u0430\u0442 \u0437\u0430 \u043f\u0440\u0438\u0432\u0440\u0435\u0434\u0443 \u0438 \u0442\u0443\u0440\u0438\u0437\u0430\u043c\",\"description\":\"\u041f\u043e\u043a\u0440\u0430\u0458\u0438\u043d\u0441\u043a\u0438 \u0441\u0435\u043a\u0440\u0435\u0442\u0430\u0440\u0438\u0458\u0430\u0442 \u0437\u0430 \u043f\u0440\u0438\u0432\u0440\u0435\u0434\u0443 \u0438 \u0442\u0443\u0440\u0438\u0437\u0430\u043c\",\"potentialAction\":[{\"@type\":\"SearchAction\",\"target\":{\"@type\":\"EntryPoint\",\"urlTemplate\":\"https:\\\/\\\/spriv.vojvodina.gov.rs\\\/?s={search_term_string}\"},\"query-input\":{\"@type\":\"PropertyValueSpecification\",\"valueRequired\":true,\"valueName\":\"search_term_string\"}}],\"inLanguage\":\"sr-RS\"},{\"@type\":\"Person\",\"@id\":\"https:\\\/\\\/spriv.vojvodina.gov.rs\\\/#\\\/schema\\\/person\\\/749ef4f57fbb458f1c759e7a4fa78485\",\"name\":\"Sonja Babi\u0107\",\"image\":{\"@type\":\"ImageObject\",\"inLanguage\":\"sr-RS\",\"@id\":\"https:\\\/\\\/secure.gravatar.com\\\/avatar\\\/00a1d182a20a59067af1e7b1c31cbcc3be1a456ee4b27746580e120c2582e5bd?s=96&d=mm&r=g\",\"url\":\"https:\\\/\\\/secure.gravatar.com\\\/avatar\\\/00a1d182a20a59067af1e7b1c31cbcc3be1a456ee4b27746580e120c2582e5bd?s=96&d=mm&r=g\",\"contentUrl\":\"https:\\\/\\\/secure.gravatar.com\\\/avatar\\\/00a1d182a20a59067af1e7b1c31cbcc3be1a456ee4b27746580e120c2582e5bd?s=96&d=mm&r=g\",\"caption\":\"Sonja Babi\u0107\"},\"url\":\"https:\\\/\\\/spriv.vojvodina.gov.rs\\\/rs\\\/author\\\/sonja-babic\\\/\"}]}<\/script>\n<!-- \/ Yoast SEO plugin. -->","yoast_head_json":{"title":"Ivan \u0110okovi\u0107 u radnoj poseti \u0160vajcarskoj: Susret sa Izvr\u0161nim odborom Swiss Education Group-e u Montrou - \u041f\u043e\u043a\u0440\u0430\u0458\u0438\u043d\u0441\u043a\u0438 \u0441\u0435\u043a\u0440\u0435\u0442\u0430\u0440\u0438\u0458\u0430\u0442 \u0437\u0430 \u043f\u0440\u0438\u0432\u0440\u0435\u0434\u0443 \u0438 \u0442\u0443\u0440\u0438\u0437\u0430\u043c","robots":{"index":"index","follow":"follow","max-snippet":"max-snippet:-1","max-image-preview":"max-image-preview:large","max-video-preview":"max-video-preview:-1"},"canonical":"https:\/\/spriv.vojvodina.gov.rs\/rs\/ivan-dokovic-u-radnoj-poseti-svajcarskoj-susret-sa-izvrsnim-odborom-swiss-education-group-e-u-montrou\/","og_locale":"sr_RS","og_type":"article","og_title":"Ivan \u0110okovi\u0107 u radnoj poseti \u0160vajcarskoj: Susret sa Izvr\u0161nim odborom Swiss Education Group-e u Montrou - \u041f\u043e\u043a\u0440\u0430\u0458\u0438\u043d\u0441\u043a\u0438 \u0441\u0435\u043a\u0440\u0435\u0442\u0430\u0440\u0438\u0458\u0430\u0442 \u0437\u0430 \u043f\u0440\u0438\u0432\u0440\u0435\u0434\u0443 \u0438 \u0442\u0443\u0440\u0438\u0437\u0430\u043c","og_description":"Novi Sad, 20. mart 2018. \u2013 Na pro\u0161lonedeljnom me\u0111unarodnom Sajmu zapo\u0161ljavanja u Montrou u \u0160vajcarskoj, potpredsednik Pokrajinske vlade i pokrajinskim sekretarom za privredu i turizam, Ivan \u0110okovi\u0107, sastao se sa predstavnicima Izvr\u0161nog odbora Swiss Education Group-e, koja je organizator Sajma, i ovom prilikom razgovarao o mogu\u0107nostima saradnje u narednom periodu. Swiss Education Group je vode\u0107i svetski univerzitet u oblasti turizma i hotelijerstva.","og_url":"https:\/\/spriv.vojvodina.gov.rs\/ivan-dokovic-u-radnoj-poseti-svajcarskoj-susret-sa-izvrsnim-odborom-swiss-education-group-e-u-montrou\/","og_site_name":"\u041f\u043e\u043a\u0440\u0430\u0458\u0438\u043d\u0441\u043a\u0438 \u0441\u0435\u043a\u0440\u0435\u0442\u0430\u0440\u0438\u0458\u0430\u0442 \u0437\u0430 \u043f\u0440\u0438\u0432\u0440\u0435\u0434\u0443 \u0438 \u0442\u0443\u0440\u0438\u0437\u0430\u043c","article_published_time":"2018-03-20T15:30:47+00:00","og_image":[{"width":150,"height":100,"url":"https:\/\/spriv.vojvodina.gov.rs\/wp-content\/uploads\/2018\/03\/20.03svajcarska-mala.jpg","type":"image\/jpeg"}],"author":"Sonja Babi\u0107","twitter_card":"summary_large_image","twitter_misc":{"\u041d\u0430\u043f\u0438\u0441\u0430\u043d\u043e \u043e\u0434":"Sonja Babi\u0107","\u041f\u0440\u043e\u0446\u0435\u045a\u0435\u043d\u043e \u0432\u0440\u0435\u043c\u0435 \u0447\u0438\u0442\u0430\u045a\u0430":"1 \u043c\u0438\u043d\u0443\u0442"},"schema":{"@context":"https:\/\/schema.org","@graph":[{"@type":"Article","@id":"https:\/\/spriv.vojvodina.gov.rs\/ivan-dokovic-u-radnoj-poseti-svajcarskoj-susret-sa-izvrsnim-odborom-swiss-education-group-e-u-montrou\/#article","isPartOf":{"@id":"https:\/\/spriv.vojvodina.gov.rs\/ivan-dokovic-u-radnoj-poseti-svajcarskoj-susret-sa-izvrsnim-odborom-swiss-education-group-e-u-montrou\/"},"author":{"name":"Sonja Babi\u0107","@id":"https:\/\/spriv.vojvodina.gov.rs\/#\/schema\/person\/749ef4f57fbb458f1c759e7a4fa78485"},"headline":"Ivan \u0110okovi\u0107 u radnoj poseti \u0160vajcarskoj: Susret sa Izvr\u0161nim odborom Swiss Education Group-e u Montrou","datePublished":"2018-03-20T15:30:47+00:00","mainEntityOfPage":{"@id":"https:\/\/spriv.vojvodina.gov.rs\/ivan-dokovic-u-radnoj-poseti-svajcarskoj-susret-sa-izvrsnim-odborom-swiss-education-group-e-u-montrou\/"},"wordCount":287,"image":{"@id":"https:\/\/spriv.vojvodina.gov.rs\/ivan-dokovic-u-radnoj-poseti-svajcarskoj-susret-sa-izvrsnim-odborom-swiss-education-group-e-u-montrou\/#primaryimage"},"thumbnailUrl":"https:\/\/spriv.vojvodina.gov.rs\/wp-content\/uploads\/2018\/03\/20.03svajcarska-mala.jpg","articleSection":["Vesti Latinica"],"inLanguage":"sr-RS"},{"@type":"WebPage","@id":"https:\/\/spriv.vojvodina.gov.rs\/ivan-dokovic-u-radnoj-poseti-svajcarskoj-susret-sa-izvrsnim-odborom-swiss-education-group-e-u-montrou\/","url":"https:\/\/spriv.vojvodina.gov.rs\/ivan-dokovic-u-radnoj-poseti-svajcarskoj-susret-sa-izvrsnim-odborom-swiss-education-group-e-u-montrou\/","name":"Ivan \u0110okovi\u0107 u radnoj poseti \u0160vajcarskoj: Susret sa Izvr\u0161nim odborom Swiss Education Group-e u Montrou - \u041f\u043e\u043a\u0440\u0430\u0458\u0438\u043d\u0441\u043a\u0438 \u0441\u0435\u043a\u0440\u0435\u0442\u0430\u0440\u0438\u0458\u0430\u0442 \u0437\u0430 \u043f\u0440\u0438\u0432\u0440\u0435\u0434\u0443 \u0438 \u0442\u0443\u0440\u0438\u0437\u0430\u043c","isPartOf":{"@id":"https:\/\/spriv.vojvodina.gov.rs\/#website"},"primaryImageOfPage":{"@id":"https:\/\/spriv.vojvodina.gov.rs\/ivan-dokovic-u-radnoj-poseti-svajcarskoj-susret-sa-izvrsnim-odborom-swiss-education-group-e-u-montrou\/#primaryimage"},"image":{"@id":"https:\/\/spriv.vojvodina.gov.rs\/ivan-dokovic-u-radnoj-poseti-svajcarskoj-susret-sa-izvrsnim-odborom-swiss-education-group-e-u-montrou\/#primaryimage"},"thumbnailUrl":"https:\/\/spriv.vojvodina.gov.rs\/wp-content\/uploads\/2018\/03\/20.03svajcarska-mala.jpg","datePublished":"2018-03-20T15:30:47+00:00","author":{"@id":"https:\/\/spriv.vojvodina.gov.rs\/#\/schema\/person\/749ef4f57fbb458f1c759e7a4fa78485"},"breadcrumb":{"@id":"https:\/\/spriv.vojvodina.gov.rs\/ivan-dokovic-u-radnoj-poseti-svajcarskoj-susret-sa-izvrsnim-odborom-swiss-education-group-e-u-montrou\/#breadcrumb"},"inLanguage":"sr-RS","potentialAction":[{"@type":"ReadAction","target":["https:\/\/spriv.vojvodina.gov.rs\/ivan-dokovic-u-radnoj-poseti-svajcarskoj-susret-sa-izvrsnim-odborom-swiss-education-group-e-u-montrou\/"]}]},{"@type":"ImageObject","inLanguage":"sr-RS","@id":"https:\/\/spriv.vojvodina.gov.rs\/ivan-dokovic-u-radnoj-poseti-svajcarskoj-susret-sa-izvrsnim-odborom-swiss-education-group-e-u-montrou\/#primaryimage","url":"https:\/\/spriv.vojvodina.gov.rs\/wp-content\/uploads\/2018\/03\/20.03svajcarska-mala.jpg","contentUrl":"https:\/\/spriv.vojvodina.gov.rs\/wp-content\/uploads\/2018\/03\/20.03svajcarska-mala.jpg","width":150,"height":100},{"@type":"BreadcrumbList","@id":"https:\/\/spriv.vojvodina.gov.rs\/ivan-dokovic-u-radnoj-poseti-svajcarskoj-susret-sa-izvrsnim-odborom-swiss-education-group-e-u-montrou\/#breadcrumb","itemListElement":[{"@type":"ListItem","position":1,"name":"Home","item":"https:\/\/spriv.vojvodina.gov.rs\/"},{"@type":"ListItem","position":2,"name":"Ivan \u0110okovi\u0107 u radnoj poseti \u0160vajcarskoj: Susret sa Izvr\u0161nim odborom Swiss Education Group-e u Montrou"}]},{"@type":"WebSite","@id":"https:\/\/spriv.vojvodina.gov.rs\/#website","url":"https:\/\/spriv.vojvodina.gov.rs\/","name":"\u041f\u043e\u043a\u0440\u0430\u0458\u0438\u043d\u0441\u043a\u0438 \u0441\u0435\u043a\u0440\u0435\u0442\u0430\u0440\u0438\u0458\u0430\u0442 \u0437\u0430 \u043f\u0440\u0438\u0432\u0440\u0435\u0434\u0443 \u0438 \u0442\u0443\u0440\u0438\u0437\u0430\u043c","description":"\u041f\u043e\u043a\u0440\u0430\u0458\u0438\u043d\u0441\u043a\u0438 \u0441\u0435\u043a\u0440\u0435\u0442\u0430\u0440\u0438\u0458\u0430\u0442 \u0437\u0430 \u043f\u0440\u0438\u0432\u0440\u0435\u0434\u0443 \u0438 \u0442\u0443\u0440\u0438\u0437\u0430\u043c","potentialAction":[{"@type":"SearchAction","target":{"@type":"EntryPoint","urlTemplate":"https:\/\/spriv.vojvodina.gov.rs\/?s={search_term_string}"},"query-input":{"@type":"PropertyValueSpecification","valueRequired":true,"valueName":"search_term_string"}}],"inLanguage":"sr-RS"},{"@type":"Person","@id":"https:\/\/spriv.vojvodina.gov.rs\/#\/schema\/person\/749ef4f57fbb458f1c759e7a4fa78485","name":"Sonja Babi\u0107","image":{"@type":"ImageObject","inLanguage":"sr-RS","@id":"https:\/\/secure.gravatar.com\/avatar\/00a1d182a20a59067af1e7b1c31cbcc3be1a456ee4b27746580e120c2582e5bd?s=96&d=mm&r=g","url":"https:\/\/secure.gravatar.com\/avatar\/00a1d182a20a59067af1e7b1c31cbcc3be1a456ee4b27746580e120c2582e5bd?s=96&d=mm&r=g","contentUrl":"https:\/\/secure.gravatar.com\/avatar\/00a1d182a20a59067af1e7b1c31cbcc3be1a456ee4b27746580e120c2582e5bd?s=96&d=mm&r=g","caption":"Sonja Babi\u0107"},"url":"https:\/\/spriv.vojvodina.gov.rs\/rs\/author\/sonja-babic\/"}]}},"_links":{"self":[{"href":"https:\/\/spriv.vojvodina.gov.rs\/rs\/wp-json\/wp\/v2\/posts\/3348","targetHints":{"allow":["GET"]}}],"collection":[{"href":"https:\/\/spriv.vojvodina.gov.rs\/rs\/wp-json\/wp\/v2\/posts"}],"about":[{"href":"https:\/\/spriv.vojvodina.gov.rs\/rs\/wp-json\/wp\/v2\/types\/post"}],"author":[{"embeddable":true,"href":"https:\/\/spriv.vojvodina.gov.rs\/rs\/wp-json\/wp\/v2\/users\/3"}],"replies":[{"embeddable":true,"href":"https:\/\/spriv.vojvodina.gov.rs\/rs\/wp-json\/wp\/v2\/comments?post=3348"}],"version-history":[{"count":0,"href":"https:\/\/spriv.vojvodina.gov.rs\/rs\/wp-json\/wp\/v2\/posts\/3348\/revisions"}],"wp:featuredmedia":[{"embeddable":true,"href":"https:\/\/spriv.vojvodina.gov.rs\/rs\/wp-json\/wp\/v2\/media\/3342"}],"wp:attachment":[{"href":"https:\/\/spriv.vojvodina.gov.rs\/rs\/wp-json\/wp\/v2\/media?parent=3348"}],"wp:term":[{"taxonomy":"category","embeddable":true,"href":"https:\/\/spriv.vojvodina.gov.rs\/rs\/wp-json\/wp\/v2\/categories?post=3348"},{"taxonomy":"post_tag","embeddable":true,"href":"https:\/\/spriv.vojvodina.gov.rs\/rs\/wp-json\/wp\/v2\/tags?post=3348"}],"curies":[{"name":"wp","href":"https:\/\/api.w.org\/{rel}","templated":true}]}}