{"id":3341,"date":"2018-03-14T15:47:45","date_gmt":"2018-03-14T15:47:45","guid":{"rendered":"http:\/\/spriv.vojvodina.gov.rs\/2018\/03\/14\/ivan-dokovic-sekretarijat-za-privredu-i-turizam-pionir-u-podsticanju-kreativne-ekonomije\/"},"modified":"2018-03-14T15:47:45","modified_gmt":"2018-03-14T15:47:45","slug":"ivan-dokovic-sekretarijat-za-privredu-i-turizam-pionir-u-podsticanju-kreativne-ekonomije","status":"publish","type":"post","link":"https:\/\/spriv.vojvodina.gov.rs\/rs\/ivan-dokovic-sekretarijat-za-privredu-i-turizam-pionir-u-podsticanju-kreativne-ekonomije\/","title":{"rendered":"Ivan \u0110okovi\u0107: Sekretarijat za privredu i turizam pionir u podsticanju kreativne ekonomije"},"content":{"rendered":"<p style=\"text-align: center;\"><img loading=\"lazy\" decoding=\"async\" class=\" size-full wp-image-3339\" src=\"http:\/\/spriv.vojvodina.gov.rs\/wp-content\/uploads\/2018\/03\/14.03.-1.JPG\" border=\"0\" alt=\"\" width=\"600\" height=\"386\" srcset=\"https:\/\/spriv.vojvodina.gov.rs\/wp-content\/uploads\/2018\/03\/14.03.-1.JPG 600w, https:\/\/spriv.vojvodina.gov.rs\/wp-content\/uploads\/2018\/03\/14.03.-1-300x193.jpg 300w\" sizes=\"auto, (max-width: 600px) 100vw, 600px\" \/><\/p>\n<p style=\"text-align: justify;\">Novi Sad, 14. mart 2018. \u2013 Pokrajinski sekretarijat za privredu i turizam je na\u010dinio strate\u0161ki korak u domenu unapre\u0111enja oblasti preduzetni\u0161tva tako \u0161to je prvi u Republici Srbiji raspisao javne pozive u oblasti kreativne ekonomije namenjene mikro i malim privrednim dru\u0161tvima, \u0161to zapravo predstavlja pionirski poduhvat u okviru ove zna\u010dajne i veoma zastupljene privredne oblasti. Konkursima su protekle godine subvencisani tro\u0161kovi nabavke ma\u0161ina, opreme, softvera i repromaterijala. Ovakvim pristupom zna\u010dajno su podr\u017eani privrednici u Vojvodini, koji bave\u0107i se kreativnom ekonomijom i sami predstavljaju bitan segment razvoja ukupne privrede i preduzetni\u0161tva u pokrajini.<\/p>\n<p>Potpredsednik Pokrajinske vlade i pokrajinski sekretar za privredu i turizam, Ivan \u0110okovi\u0107 isti\u010de da kreativna industrija nije samo domen privrede koji mo\u017ee da oplemeni i modifikuje industrijsku proizvodnju i usmeri je ka ve\u0107im, stranim tr\u017ei\u0161tima, ve\u0107 je faktor u ja\u010danju individualne privatne inicijative, preduzetni\u010dkog duha, inovacija i savremeno valorizovanih tehnologija. Pored toga, jasno je naglasio da proizvodi koji nastaju u okviru kreativne ekonomije jesu namenjeni tr\u017ei\u0161tu, ali \u010desto bivaju svrtsani u umetni\u010dke i stare zanate, usled tradicionalne predstave o preduzetni\u0161tvu.<\/p>\n<p>Potpredsednik Pokrajinske vlade je u svojim prethodnim obra\u0107anjima dao do znanja da je kreativna industrija spona koja premo\u0161\u0107ava barijere, te da ovaj vid industrije stvara novu dodatnu vrednost, podsti\u010de izvoz i obnavlja postoje\u0107e koncepte u okviru profesionalne profilizacije i zapo\u0161ljavanja, omogu\u0107avaju\u0107i svim akterima tr\u017ei\u0161ne trke da se pripreme za novi vid globalne ekonomije. Nastup kreativne ekonomije na stranim tr\u017ei\u0161tima \u010dini je svojevrsnim ambasadorom Srbije, ali i AP Vojvodine, u kojoj je i za\u010det novi koncept podr\u0161ke ovom privrednom sektoru.<\/p>\n<p>On je dodao da je klju\u010d razvoja malog i mikro preduzetni\u0161tva u kombinovanju dr\u017eavnih sredstava i garancija sa komercijalnim bankarskim sektorom, kao i omogu\u0107avanju maloj i mikro privredi da pod beneficiranim uslovima iza\u0111e na tr\u017ei\u0161te.<\/p>\n<p>Povodom nedavno odr\u017eane konferencije u Beogradu na temu \u201eKreativna Srbija: budu\u0107nost je kreativna\u201c, na kojoj su u\u010destvovali i predstavnici Sekretarijata, \u0110okovi\u0107 je u potpunosti podr\u017eao namere i napore predsednika Vlade Republike Srbije, Ane Brnabi\u0107, kao i spremnost Srbije da se ozbiljnije posveti ovoj ekonomski nedovoljno prepoznatoj oblasti.<\/p>\n<p>Podsetimo, Sekretarijat za privredu i turizam je za svoje konkurse u oblasti kreativne ekonomije izdvojio ukupno 20 miliona dinara, ta\u010dnije 10 miliona dinara po svakom konkursu,\u00a0 a sredsstva su bila namenjena za subvencionisanje ili refundiranje nabavke ma\u0161ina,\u00a0 opreme, ili softvera, po prvom, i nabavke repromaterijala po drugom konkursu. Pravo u\u010de\u0161\u0107a na konkursima imala su privredna dru\u0161tva i preduzetnici sa sedi\u0161tem na teritoriji AP Vojvodine, a koji posluju u oblasti proizvodnje video materijala, televizije,\u00a0 reklamne, grafi\u010dkog dizajna i sli\u010dno.<\/p>\n<p>Pokrajinski sekretarijat za privredu i turizam svojim programom i podsticajnim merama nastavlja da pru\u017ea podr\u0161ku mikro, malim i srednjim preduze\u0107ima, klasterima i inkubatorima u teku\u0107oj, ali i u narednim godinama, sa ciljem unapre\u0111enja konkurentnosti vojvo\u0111anske privrede. Na ovaj na\u010din, Sekretarijat na direktniji na\u010din povezuje predstavnike privrede i regionalnih organizacija, upoznavaju\u0107i ih sa savremenim privrednim trendovima Evropske unije i drugih regiona, identifikuju\u0107i klju\u010dne probleme, pravce razvoja konkurentnosti privrede, mogu\u0107nosti izlaska na strana i udaljena tr\u017ei\u0161ta.<\/p>\n","protected":false},"excerpt":{"rendered":"Novi Sad, 14. mart 2018. \u2013 Pokrajinski sekretarijat za privredu i turizam je na\u010dinio strate\u0161ki korak u domenu unapre\u0111enja oblasti preduzetni\u0161tva tako \u0161to je prvi u Republici Srbiji raspisao javne pozive u oblasti kreativne ekonomije namenjene mikro i malim privrednim dru\u0161tvima, \u0161to zapravo predstavlja pionirski poduhvat u okviru ove zna\u010dajne i veoma zastupljene privredne oblasti. Konkursima su protekle godine subvencisani tro\u0161kovi nabavke ma\u0161ina, opreme, softvera i repromaterijala. Ovakvim pristupom zna\u010dajno su podr\u017eani privrednici u Vojvodini, koji bave\u0107i se kreativnom ekonomijom i sami predstavljaju bitan segment razvoja ukupne privrede i preduzetni\u0161tva u pokrajini. Potpredsednik Pokrajinske vlade i pokrajinski sekretar za privredu i turizam, Ivan \u0110okovi\u0107 isti\u010de da kreativna industrija nije samo domen privrede koji mo\u017ee da oplemeni i modifikuje industrijsku proizvodnju i usmeri je ka ve\u0107im, stranim tr\u017ei\u0161tima, ve\u0107 je faktor u ja\u010danju individualne privatne inicijative, preduzetni\u010dkog duha, inovacija i savremeno valorizovanih tehnologija.\n<a class=\"moretag\" href=\"https:\/\/spriv.vojvodina.gov.rs\/rs\/ivan-dokovic-sekretarijat-za-privredu-i-turizam-pionir-u-podsticanju-kreativne-ekonomije\/\"> [...]<\/a>","protected":false},"author":3,"featured_media":3338,"comment_status":"closed","ping_status":"closed","sticky":false,"template":"","format":"standard","meta":{"footnotes":""},"categories":[31],"tags":[],"class_list":["post-3341","post","type-post","status-publish","format-standard","has-post-thumbnail","hentry","category-vesti-latinica1"],"yoast_head":"<!-- This site is optimized with the Yoast SEO plugin v27.4 - https:\/\/yoast.com\/product\/yoast-seo-wordpress\/ -->\n<title>Ivan \u0110okovi\u0107: Sekretarijat za privredu i turizam pionir u podsticanju kreativne ekonomije - \u041f\u043e\u043a\u0440\u0430\u0458\u0438\u043d\u0441\u043a\u0438 \u0441\u0435\u043a\u0440\u0435\u0442\u0430\u0440\u0438\u0458\u0430\u0442 \u0437\u0430 \u043f\u0440\u0438\u0432\u0440\u0435\u0434\u0443 \u0438 \u0442\u0443\u0440\u0438\u0437\u0430\u043c<\/title>\n<meta name=\"robots\" content=\"index, follow, max-snippet:-1, max-image-preview:large, max-video-preview:-1\" \/>\n<link rel=\"canonical\" href=\"https:\/\/spriv.vojvodina.gov.rs\/rs\/ivan-dokovic-sekretarijat-za-privredu-i-turizam-pionir-u-podsticanju-kreativne-ekonomije\/\" \/>\n<meta property=\"og:locale\" content=\"sr_RS\" \/>\n<meta property=\"og:type\" content=\"article\" \/>\n<meta property=\"og:title\" content=\"Ivan \u0110okovi\u0107: Sekretarijat za privredu i turizam pionir u podsticanju kreativne ekonomije - \u041f\u043e\u043a\u0440\u0430\u0458\u0438\u043d\u0441\u043a\u0438 \u0441\u0435\u043a\u0440\u0435\u0442\u0430\u0440\u0438\u0458\u0430\u0442 \u0437\u0430 \u043f\u0440\u0438\u0432\u0440\u0435\u0434\u0443 \u0438 \u0442\u0443\u0440\u0438\u0437\u0430\u043c\" \/>\n<meta property=\"og:description\" content=\"Novi Sad, 14. mart 2018. \u2013 Pokrajinski sekretarijat za privredu i turizam je na\u010dinio strate\u0161ki korak u domenu unapre\u0111enja oblasti preduzetni\u0161tva tako \u0161to je prvi u Republici Srbiji raspisao javne pozive u oblasti kreativne ekonomije namenjene mikro i malim privrednim dru\u0161tvima, \u0161to zapravo predstavlja pionirski poduhvat u okviru ove zna\u010dajne i veoma zastupljene privredne oblasti. Konkursima su protekle godine subvencisani tro\u0161kovi nabavke ma\u0161ina, opreme, softvera i repromaterijala. Ovakvim pristupom zna\u010dajno su podr\u017eani privrednici u Vojvodini, koji bave\u0107i se kreativnom ekonomijom i sami predstavljaju bitan segment razvoja ukupne privrede i preduzetni\u0161tva u pokrajini. Potpredsednik Pokrajinske vlade i pokrajinski sekretar za privredu i turizam, Ivan \u0110okovi\u0107 isti\u010de da kreativna industrija nije samo domen privrede koji mo\u017ee da oplemeni i modifikuje industrijsku proizvodnju i usmeri je ka ve\u0107im, stranim tr\u017ei\u0161tima, ve\u0107 je faktor u ja\u010danju individualne privatne inicijative, preduzetni\u010dkog duha, inovacija i savremeno valorizovanih tehnologija.\" \/>\n<meta property=\"og:url\" content=\"https:\/\/spriv.vojvodina.gov.rs\/rs\/ivan-dokovic-sekretarijat-za-privredu-i-turizam-pionir-u-podsticanju-kreativne-ekonomije\/\" \/>\n<meta property=\"og:site_name\" content=\"\u041f\u043e\u043a\u0440\u0430\u0458\u0438\u043d\u0441\u043a\u0438 \u0441\u0435\u043a\u0440\u0435\u0442\u0430\u0440\u0438\u0458\u0430\u0442 \u0437\u0430 \u043f\u0440\u0438\u0432\u0440\u0435\u0434\u0443 \u0438 \u0442\u0443\u0440\u0438\u0437\u0430\u043c\" \/>\n<meta property=\"article:published_time\" content=\"2018-03-14T15:47:45+00:00\" \/>\n<meta property=\"og:image\" content=\"https:\/\/spriv.vojvodina.gov.rs\/wp-content\/uploads\/2018\/03\/IMG_3730-mala.JPG\" \/>\n\t<meta property=\"og:image:width\" content=\"150\" \/>\n\t<meta property=\"og:image:height\" content=\"100\" \/>\n\t<meta property=\"og:image:type\" content=\"image\/jpeg\" \/>\n<meta name=\"author\" content=\"Sonja Babi\u0107\" \/>\n<meta name=\"twitter:card\" content=\"summary_large_image\" \/>\n<meta name=\"twitter:label1\" content=\"\u041d\u0430\u043f\u0438\u0441\u0430\u043d\u043e \u043e\u0434\" \/>\n\t<meta name=\"twitter:data1\" content=\"Sonja Babi\u0107\" \/>\n\t<meta name=\"twitter:label2\" content=\"\u041f\u0440\u043e\u0446\u0435\u045a\u0435\u043d\u043e \u0432\u0440\u0435\u043c\u0435 \u0447\u0438\u0442\u0430\u045a\u0430\" \/>\n\t<meta name=\"twitter:data2\" content=\"3 \u043c\u0438\u043d\u0443\u0442\u0430\" \/>\n<script type=\"application\/ld+json\" class=\"yoast-schema-graph\">{\"@context\":\"https:\\\/\\\/schema.org\",\"@graph\":[{\"@type\":\"Article\",\"@id\":\"https:\\\/\\\/spriv.vojvodina.gov.rs\\\/rs\\\/ivan-dokovic-sekretarijat-za-privredu-i-turizam-pionir-u-podsticanju-kreativne-ekonomije\\\/#article\",\"isPartOf\":{\"@id\":\"https:\\\/\\\/spriv.vojvodina.gov.rs\\\/rs\\\/ivan-dokovic-sekretarijat-za-privredu-i-turizam-pionir-u-podsticanju-kreativne-ekonomije\\\/\"},\"author\":{\"name\":\"Sonja Babi\u0107\",\"@id\":\"https:\\\/\\\/spriv.vojvodina.gov.rs\\\/#\\\/schema\\\/person\\\/749ef4f57fbb458f1c759e7a4fa78485\"},\"headline\":\"Ivan \u0110okovi\u0107: Sekretarijat za privredu i turizam pionir u podsticanju kreativne ekonomije\",\"datePublished\":\"2018-03-14T15:47:45+00:00\",\"mainEntityOfPage\":{\"@id\":\"https:\\\/\\\/spriv.vojvodina.gov.rs\\\/rs\\\/ivan-dokovic-sekretarijat-za-privredu-i-turizam-pionir-u-podsticanju-kreativne-ekonomije\\\/\"},\"wordCount\":560,\"image\":{\"@id\":\"https:\\\/\\\/spriv.vojvodina.gov.rs\\\/rs\\\/ivan-dokovic-sekretarijat-za-privredu-i-turizam-pionir-u-podsticanju-kreativne-ekonomije\\\/#primaryimage\"},\"thumbnailUrl\":\"https:\\\/\\\/spriv.vojvodina.gov.rs\\\/wp-content\\\/uploads\\\/2018\\\/03\\\/IMG_3730-mala.JPG\",\"articleSection\":[\"Vesti Latinica\"],\"inLanguage\":\"sr-RS\"},{\"@type\":\"WebPage\",\"@id\":\"https:\\\/\\\/spriv.vojvodina.gov.rs\\\/rs\\\/ivan-dokovic-sekretarijat-za-privredu-i-turizam-pionir-u-podsticanju-kreativne-ekonomije\\\/\",\"url\":\"https:\\\/\\\/spriv.vojvodina.gov.rs\\\/rs\\\/ivan-dokovic-sekretarijat-za-privredu-i-turizam-pionir-u-podsticanju-kreativne-ekonomije\\\/\",\"name\":\"Ivan \u0110okovi\u0107: Sekretarijat za privredu i turizam pionir u podsticanju kreativne ekonomije - \u041f\u043e\u043a\u0440\u0430\u0458\u0438\u043d\u0441\u043a\u0438 \u0441\u0435\u043a\u0440\u0435\u0442\u0430\u0440\u0438\u0458\u0430\u0442 \u0437\u0430 \u043f\u0440\u0438\u0432\u0440\u0435\u0434\u0443 \u0438 \u0442\u0443\u0440\u0438\u0437\u0430\u043c\",\"isPartOf\":{\"@id\":\"https:\\\/\\\/spriv.vojvodina.gov.rs\\\/#website\"},\"primaryImageOfPage\":{\"@id\":\"https:\\\/\\\/spriv.vojvodina.gov.rs\\\/rs\\\/ivan-dokovic-sekretarijat-za-privredu-i-turizam-pionir-u-podsticanju-kreativne-ekonomije\\\/#primaryimage\"},\"image\":{\"@id\":\"https:\\\/\\\/spriv.vojvodina.gov.rs\\\/rs\\\/ivan-dokovic-sekretarijat-za-privredu-i-turizam-pionir-u-podsticanju-kreativne-ekonomije\\\/#primaryimage\"},\"thumbnailUrl\":\"https:\\\/\\\/spriv.vojvodina.gov.rs\\\/wp-content\\\/uploads\\\/2018\\\/03\\\/IMG_3730-mala.JPG\",\"datePublished\":\"2018-03-14T15:47:45+00:00\",\"author\":{\"@id\":\"https:\\\/\\\/spriv.vojvodina.gov.rs\\\/#\\\/schema\\\/person\\\/749ef4f57fbb458f1c759e7a4fa78485\"},\"breadcrumb\":{\"@id\":\"https:\\\/\\\/spriv.vojvodina.gov.rs\\\/rs\\\/ivan-dokovic-sekretarijat-za-privredu-i-turizam-pionir-u-podsticanju-kreativne-ekonomije\\\/#breadcrumb\"},\"inLanguage\":\"sr-RS\",\"potentialAction\":[{\"@type\":\"ReadAction\",\"target\":[\"https:\\\/\\\/spriv.vojvodina.gov.rs\\\/rs\\\/ivan-dokovic-sekretarijat-za-privredu-i-turizam-pionir-u-podsticanju-kreativne-ekonomije\\\/\"]}]},{\"@type\":\"ImageObject\",\"inLanguage\":\"sr-RS\",\"@id\":\"https:\\\/\\\/spriv.vojvodina.gov.rs\\\/rs\\\/ivan-dokovic-sekretarijat-za-privredu-i-turizam-pionir-u-podsticanju-kreativne-ekonomije\\\/#primaryimage\",\"url\":\"https:\\\/\\\/spriv.vojvodina.gov.rs\\\/wp-content\\\/uploads\\\/2018\\\/03\\\/IMG_3730-mala.JPG\",\"contentUrl\":\"https:\\\/\\\/spriv.vojvodina.gov.rs\\\/wp-content\\\/uploads\\\/2018\\\/03\\\/IMG_3730-mala.JPG\",\"width\":150,\"height\":100},{\"@type\":\"BreadcrumbList\",\"@id\":\"https:\\\/\\\/spriv.vojvodina.gov.rs\\\/rs\\\/ivan-dokovic-sekretarijat-za-privredu-i-turizam-pionir-u-podsticanju-kreativne-ekonomije\\\/#breadcrumb\",\"itemListElement\":[{\"@type\":\"ListItem\",\"position\":1,\"name\":\"Home\",\"item\":\"https:\\\/\\\/spriv.vojvodina.gov.rs\\\/\"},{\"@type\":\"ListItem\",\"position\":2,\"name\":\"Ivan \u0110okovi\u0107: Sekretarijat za privredu i turizam pionir u podsticanju kreativne ekonomije\"}]},{\"@type\":\"WebSite\",\"@id\":\"https:\\\/\\\/spriv.vojvodina.gov.rs\\\/#website\",\"url\":\"https:\\\/\\\/spriv.vojvodina.gov.rs\\\/\",\"name\":\"\u041f\u043e\u043a\u0440\u0430\u0458\u0438\u043d\u0441\u043a\u0438 \u0441\u0435\u043a\u0440\u0435\u0442\u0430\u0440\u0438\u0458\u0430\u0442 \u0437\u0430 \u043f\u0440\u0438\u0432\u0440\u0435\u0434\u0443 \u0438 \u0442\u0443\u0440\u0438\u0437\u0430\u043c\",\"description\":\"\u041f\u043e\u043a\u0440\u0430\u0458\u0438\u043d\u0441\u043a\u0438 \u0441\u0435\u043a\u0440\u0435\u0442\u0430\u0440\u0438\u0458\u0430\u0442 \u0437\u0430 \u043f\u0440\u0438\u0432\u0440\u0435\u0434\u0443 \u0438 \u0442\u0443\u0440\u0438\u0437\u0430\u043c\",\"potentialAction\":[{\"@type\":\"SearchAction\",\"target\":{\"@type\":\"EntryPoint\",\"urlTemplate\":\"https:\\\/\\\/spriv.vojvodina.gov.rs\\\/?s={search_term_string}\"},\"query-input\":{\"@type\":\"PropertyValueSpecification\",\"valueRequired\":true,\"valueName\":\"search_term_string\"}}],\"inLanguage\":\"sr-RS\"},{\"@type\":\"Person\",\"@id\":\"https:\\\/\\\/spriv.vojvodina.gov.rs\\\/#\\\/schema\\\/person\\\/749ef4f57fbb458f1c759e7a4fa78485\",\"name\":\"Sonja Babi\u0107\",\"image\":{\"@type\":\"ImageObject\",\"inLanguage\":\"sr-RS\",\"@id\":\"https:\\\/\\\/secure.gravatar.com\\\/avatar\\\/00a1d182a20a59067af1e7b1c31cbcc3be1a456ee4b27746580e120c2582e5bd?s=96&d=mm&r=g\",\"url\":\"https:\\\/\\\/secure.gravatar.com\\\/avatar\\\/00a1d182a20a59067af1e7b1c31cbcc3be1a456ee4b27746580e120c2582e5bd?s=96&d=mm&r=g\",\"contentUrl\":\"https:\\\/\\\/secure.gravatar.com\\\/avatar\\\/00a1d182a20a59067af1e7b1c31cbcc3be1a456ee4b27746580e120c2582e5bd?s=96&d=mm&r=g\",\"caption\":\"Sonja Babi\u0107\"},\"url\":\"https:\\\/\\\/spriv.vojvodina.gov.rs\\\/rs\\\/author\\\/sonja-babic\\\/\"}]}<\/script>\n<!-- \/ Yoast SEO plugin. -->","yoast_head_json":{"title":"Ivan \u0110okovi\u0107: Sekretarijat za privredu i turizam pionir u podsticanju kreativne ekonomije - \u041f\u043e\u043a\u0440\u0430\u0458\u0438\u043d\u0441\u043a\u0438 \u0441\u0435\u043a\u0440\u0435\u0442\u0430\u0440\u0438\u0458\u0430\u0442 \u0437\u0430 \u043f\u0440\u0438\u0432\u0440\u0435\u0434\u0443 \u0438 \u0442\u0443\u0440\u0438\u0437\u0430\u043c","robots":{"index":"index","follow":"follow","max-snippet":"max-snippet:-1","max-image-preview":"max-image-preview:large","max-video-preview":"max-video-preview:-1"},"canonical":"https:\/\/spriv.vojvodina.gov.rs\/rs\/ivan-dokovic-sekretarijat-za-privredu-i-turizam-pionir-u-podsticanju-kreativne-ekonomije\/","og_locale":"sr_RS","og_type":"article","og_title":"Ivan \u0110okovi\u0107: Sekretarijat za privredu i turizam pionir u podsticanju kreativne ekonomije - \u041f\u043e\u043a\u0440\u0430\u0458\u0438\u043d\u0441\u043a\u0438 \u0441\u0435\u043a\u0440\u0435\u0442\u0430\u0440\u0438\u0458\u0430\u0442 \u0437\u0430 \u043f\u0440\u0438\u0432\u0440\u0435\u0434\u0443 \u0438 \u0442\u0443\u0440\u0438\u0437\u0430\u043c","og_description":"Novi Sad, 14. mart 2018. \u2013 Pokrajinski sekretarijat za privredu i turizam je na\u010dinio strate\u0161ki korak u domenu unapre\u0111enja oblasti preduzetni\u0161tva tako \u0161to je prvi u Republici Srbiji raspisao javne pozive u oblasti kreativne ekonomije namenjene mikro i malim privrednim dru\u0161tvima, \u0161to zapravo predstavlja pionirski poduhvat u okviru ove zna\u010dajne i veoma zastupljene privredne oblasti. Konkursima su protekle godine subvencisani tro\u0161kovi nabavke ma\u0161ina, opreme, softvera i repromaterijala. Ovakvim pristupom zna\u010dajno su podr\u017eani privrednici u Vojvodini, koji bave\u0107i se kreativnom ekonomijom i sami predstavljaju bitan segment razvoja ukupne privrede i preduzetni\u0161tva u pokrajini. Potpredsednik Pokrajinske vlade i pokrajinski sekretar za privredu i turizam, Ivan \u0110okovi\u0107 isti\u010de da kreativna industrija nije samo domen privrede koji mo\u017ee da oplemeni i modifikuje industrijsku proizvodnju i usmeri je ka ve\u0107im, stranim tr\u017ei\u0161tima, ve\u0107 je faktor u ja\u010danju individualne privatne inicijative, preduzetni\u010dkog duha, inovacija i savremeno valorizovanih tehnologija.","og_url":"https:\/\/spriv.vojvodina.gov.rs\/rs\/ivan-dokovic-sekretarijat-za-privredu-i-turizam-pionir-u-podsticanju-kreativne-ekonomije\/","og_site_name":"\u041f\u043e\u043a\u0440\u0430\u0458\u0438\u043d\u0441\u043a\u0438 \u0441\u0435\u043a\u0440\u0435\u0442\u0430\u0440\u0438\u0458\u0430\u0442 \u0437\u0430 \u043f\u0440\u0438\u0432\u0440\u0435\u0434\u0443 \u0438 \u0442\u0443\u0440\u0438\u0437\u0430\u043c","article_published_time":"2018-03-14T15:47:45+00:00","og_image":[{"width":150,"height":100,"url":"https:\/\/spriv.vojvodina.gov.rs\/wp-content\/uploads\/2018\/03\/IMG_3730-mala.JPG","type":"image\/jpeg"}],"author":"Sonja Babi\u0107","twitter_card":"summary_large_image","twitter_misc":{"\u041d\u0430\u043f\u0438\u0441\u0430\u043d\u043e \u043e\u0434":"Sonja Babi\u0107","\u041f\u0440\u043e\u0446\u0435\u045a\u0435\u043d\u043e \u0432\u0440\u0435\u043c\u0435 \u0447\u0438\u0442\u0430\u045a\u0430":"3 \u043c\u0438\u043d\u0443\u0442\u0430"},"schema":{"@context":"https:\/\/schema.org","@graph":[{"@type":"Article","@id":"https:\/\/spriv.vojvodina.gov.rs\/rs\/ivan-dokovic-sekretarijat-za-privredu-i-turizam-pionir-u-podsticanju-kreativne-ekonomije\/#article","isPartOf":{"@id":"https:\/\/spriv.vojvodina.gov.rs\/rs\/ivan-dokovic-sekretarijat-za-privredu-i-turizam-pionir-u-podsticanju-kreativne-ekonomije\/"},"author":{"name":"Sonja Babi\u0107","@id":"https:\/\/spriv.vojvodina.gov.rs\/#\/schema\/person\/749ef4f57fbb458f1c759e7a4fa78485"},"headline":"Ivan \u0110okovi\u0107: Sekretarijat za privredu i turizam pionir u podsticanju kreativne ekonomije","datePublished":"2018-03-14T15:47:45+00:00","mainEntityOfPage":{"@id":"https:\/\/spriv.vojvodina.gov.rs\/rs\/ivan-dokovic-sekretarijat-za-privredu-i-turizam-pionir-u-podsticanju-kreativne-ekonomije\/"},"wordCount":560,"image":{"@id":"https:\/\/spriv.vojvodina.gov.rs\/rs\/ivan-dokovic-sekretarijat-za-privredu-i-turizam-pionir-u-podsticanju-kreativne-ekonomije\/#primaryimage"},"thumbnailUrl":"https:\/\/spriv.vojvodina.gov.rs\/wp-content\/uploads\/2018\/03\/IMG_3730-mala.JPG","articleSection":["Vesti Latinica"],"inLanguage":"sr-RS"},{"@type":"WebPage","@id":"https:\/\/spriv.vojvodina.gov.rs\/rs\/ivan-dokovic-sekretarijat-za-privredu-i-turizam-pionir-u-podsticanju-kreativne-ekonomije\/","url":"https:\/\/spriv.vojvodina.gov.rs\/rs\/ivan-dokovic-sekretarijat-za-privredu-i-turizam-pionir-u-podsticanju-kreativne-ekonomije\/","name":"Ivan \u0110okovi\u0107: Sekretarijat za privredu i turizam pionir u podsticanju kreativne ekonomije - \u041f\u043e\u043a\u0440\u0430\u0458\u0438\u043d\u0441\u043a\u0438 \u0441\u0435\u043a\u0440\u0435\u0442\u0430\u0440\u0438\u0458\u0430\u0442 \u0437\u0430 \u043f\u0440\u0438\u0432\u0440\u0435\u0434\u0443 \u0438 \u0442\u0443\u0440\u0438\u0437\u0430\u043c","isPartOf":{"@id":"https:\/\/spriv.vojvodina.gov.rs\/#website"},"primaryImageOfPage":{"@id":"https:\/\/spriv.vojvodina.gov.rs\/rs\/ivan-dokovic-sekretarijat-za-privredu-i-turizam-pionir-u-podsticanju-kreativne-ekonomije\/#primaryimage"},"image":{"@id":"https:\/\/spriv.vojvodina.gov.rs\/rs\/ivan-dokovic-sekretarijat-za-privredu-i-turizam-pionir-u-podsticanju-kreativne-ekonomije\/#primaryimage"},"thumbnailUrl":"https:\/\/spriv.vojvodina.gov.rs\/wp-content\/uploads\/2018\/03\/IMG_3730-mala.JPG","datePublished":"2018-03-14T15:47:45+00:00","author":{"@id":"https:\/\/spriv.vojvodina.gov.rs\/#\/schema\/person\/749ef4f57fbb458f1c759e7a4fa78485"},"breadcrumb":{"@id":"https:\/\/spriv.vojvodina.gov.rs\/rs\/ivan-dokovic-sekretarijat-za-privredu-i-turizam-pionir-u-podsticanju-kreativne-ekonomije\/#breadcrumb"},"inLanguage":"sr-RS","potentialAction":[{"@type":"ReadAction","target":["https:\/\/spriv.vojvodina.gov.rs\/rs\/ivan-dokovic-sekretarijat-za-privredu-i-turizam-pionir-u-podsticanju-kreativne-ekonomije\/"]}]},{"@type":"ImageObject","inLanguage":"sr-RS","@id":"https:\/\/spriv.vojvodina.gov.rs\/rs\/ivan-dokovic-sekretarijat-za-privredu-i-turizam-pionir-u-podsticanju-kreativne-ekonomije\/#primaryimage","url":"https:\/\/spriv.vojvodina.gov.rs\/wp-content\/uploads\/2018\/03\/IMG_3730-mala.JPG","contentUrl":"https:\/\/spriv.vojvodina.gov.rs\/wp-content\/uploads\/2018\/03\/IMG_3730-mala.JPG","width":150,"height":100},{"@type":"BreadcrumbList","@id":"https:\/\/spriv.vojvodina.gov.rs\/rs\/ivan-dokovic-sekretarijat-za-privredu-i-turizam-pionir-u-podsticanju-kreativne-ekonomije\/#breadcrumb","itemListElement":[{"@type":"ListItem","position":1,"name":"Home","item":"https:\/\/spriv.vojvodina.gov.rs\/"},{"@type":"ListItem","position":2,"name":"Ivan \u0110okovi\u0107: Sekretarijat za privredu i turizam pionir u podsticanju kreativne ekonomije"}]},{"@type":"WebSite","@id":"https:\/\/spriv.vojvodina.gov.rs\/#website","url":"https:\/\/spriv.vojvodina.gov.rs\/","name":"\u041f\u043e\u043a\u0440\u0430\u0458\u0438\u043d\u0441\u043a\u0438 \u0441\u0435\u043a\u0440\u0435\u0442\u0430\u0440\u0438\u0458\u0430\u0442 \u0437\u0430 \u043f\u0440\u0438\u0432\u0440\u0435\u0434\u0443 \u0438 \u0442\u0443\u0440\u0438\u0437\u0430\u043c","description":"\u041f\u043e\u043a\u0440\u0430\u0458\u0438\u043d\u0441\u043a\u0438 \u0441\u0435\u043a\u0440\u0435\u0442\u0430\u0440\u0438\u0458\u0430\u0442 \u0437\u0430 \u043f\u0440\u0438\u0432\u0440\u0435\u0434\u0443 \u0438 \u0442\u0443\u0440\u0438\u0437\u0430\u043c","potentialAction":[{"@type":"SearchAction","target":{"@type":"EntryPoint","urlTemplate":"https:\/\/spriv.vojvodina.gov.rs\/?s={search_term_string}"},"query-input":{"@type":"PropertyValueSpecification","valueRequired":true,"valueName":"search_term_string"}}],"inLanguage":"sr-RS"},{"@type":"Person","@id":"https:\/\/spriv.vojvodina.gov.rs\/#\/schema\/person\/749ef4f57fbb458f1c759e7a4fa78485","name":"Sonja Babi\u0107","image":{"@type":"ImageObject","inLanguage":"sr-RS","@id":"https:\/\/secure.gravatar.com\/avatar\/00a1d182a20a59067af1e7b1c31cbcc3be1a456ee4b27746580e120c2582e5bd?s=96&d=mm&r=g","url":"https:\/\/secure.gravatar.com\/avatar\/00a1d182a20a59067af1e7b1c31cbcc3be1a456ee4b27746580e120c2582e5bd?s=96&d=mm&r=g","contentUrl":"https:\/\/secure.gravatar.com\/avatar\/00a1d182a20a59067af1e7b1c31cbcc3be1a456ee4b27746580e120c2582e5bd?s=96&d=mm&r=g","caption":"Sonja Babi\u0107"},"url":"https:\/\/spriv.vojvodina.gov.rs\/rs\/author\/sonja-babic\/"}]}},"_links":{"self":[{"href":"https:\/\/spriv.vojvodina.gov.rs\/rs\/wp-json\/wp\/v2\/posts\/3341","targetHints":{"allow":["GET"]}}],"collection":[{"href":"https:\/\/spriv.vojvodina.gov.rs\/rs\/wp-json\/wp\/v2\/posts"}],"about":[{"href":"https:\/\/spriv.vojvodina.gov.rs\/rs\/wp-json\/wp\/v2\/types\/post"}],"author":[{"embeddable":true,"href":"https:\/\/spriv.vojvodina.gov.rs\/rs\/wp-json\/wp\/v2\/users\/3"}],"replies":[{"embeddable":true,"href":"https:\/\/spriv.vojvodina.gov.rs\/rs\/wp-json\/wp\/v2\/comments?post=3341"}],"version-history":[{"count":0,"href":"https:\/\/spriv.vojvodina.gov.rs\/rs\/wp-json\/wp\/v2\/posts\/3341\/revisions"}],"wp:featuredmedia":[{"embeddable":true,"href":"https:\/\/spriv.vojvodina.gov.rs\/rs\/wp-json\/wp\/v2\/media\/3338"}],"wp:attachment":[{"href":"https:\/\/spriv.vojvodina.gov.rs\/rs\/wp-json\/wp\/v2\/media?parent=3341"}],"wp:term":[{"taxonomy":"category","embeddable":true,"href":"https:\/\/spriv.vojvodina.gov.rs\/rs\/wp-json\/wp\/v2\/categories?post=3341"},{"taxonomy":"post_tag","embeddable":true,"href":"https:\/\/spriv.vojvodina.gov.rs\/rs\/wp-json\/wp\/v2\/tags?post=3341"}],"curies":[{"name":"wp","href":"https:\/\/api.w.org\/{rel}","templated":true}]}}