{"id":3173,"date":"2017-12-04T14:14:30","date_gmt":"2017-12-04T14:14:30","guid":{"rendered":"http:\/\/spriv.vojvodina.gov.rs\/2017\/12\/04\/predstavljen-program-pokrajinskog-sekretarijata-za-privredu-i-turizam-namenjen-osobama-sa-invaliditetom\/"},"modified":"2017-12-04T14:14:30","modified_gmt":"2017-12-04T14:14:30","slug":"predstavljen-program-pokrajinskog-sekretarijata-za-privredu-i-turizam-namenjen-osobama-sa-invaliditetom","status":"publish","type":"post","link":"https:\/\/spriv.vojvodina.gov.rs\/rs\/predstavljen-program-pokrajinskog-sekretarijata-za-privredu-i-turizam-namenjen-osobama-sa-invaliditetom\/","title":{"rendered":"Predstavljen program Pokrajinskog sekretarijata za privredu i turizam namenjen osobama sa invaliditetom"},"content":{"rendered":"<p style=\"text-align: center;\">\u00a0<img loading=\"lazy\" decoding=\"async\" class=\" size-full wp-image-3166\" src=\"http:\/\/spriv.vojvodina.gov.rs\/wp-content\/uploads\/2017\/12\/04.12.socijalno-preduzetnistvo-1.JPG\" border=\"0\" alt=\"\" width=\"600\" height=\"400\" srcset=\"https:\/\/spriv.vojvodina.gov.rs\/wp-content\/uploads\/2017\/12\/04.12.socijalno-preduzetnistvo-1.JPG 600w, https:\/\/spriv.vojvodina.gov.rs\/wp-content\/uploads\/2017\/12\/04.12.socijalno-preduzetnistvo-1-300x200.jpg 300w\" sizes=\"auto, (max-width: 600px) 100vw, 600px\" \/><\/p>\n<div id=\"citaj\" class=\"tekst\" style=\"text-align: justify;\">\n<p><span class=\"datum\">Novi Sad, 4. decembar 2017. &#8211; Program i podsticajne mere Pokrajinskog sekretarijata za privredu i turizam namenjeni osobama sa invaliditetom i drugim osetljivim socijalnim kategorijama, predstavljeni su u okviru okruglog stola sa temom \u201eSpecifi\u010dnosti preduze\u0107a za profesionalnu rehabilitaciju i zapo\u0161ljavanje osoba sa invaliditetom\u201c. U ime organizatora skupa prisutnima se obratio zamenik pokrajinskog sekretara mr Pavle Po\u010du\u010d.<\/span><\/p>\n<p style=\"text-align: center;\"><img loading=\"lazy\" decoding=\"async\" class=\" size-full wp-image-3167\" src=\"http:\/\/spriv.vojvodina.gov.rs\/wp-content\/uploads\/2017\/12\/04.12.socijalno-preduzetnistvo-11.JPG\" border=\"0\" alt=\"\" width=\"600\" height=\"400\" srcset=\"https:\/\/spriv.vojvodina.gov.rs\/wp-content\/uploads\/2017\/12\/04.12.socijalno-preduzetnistvo-11.JPG 600w, https:\/\/spriv.vojvodina.gov.rs\/wp-content\/uploads\/2017\/12\/04.12.socijalno-preduzetnistvo-11-300x200.jpg 300w\" sizes=\"auto, (max-width: 600px) 100vw, 600px\" \/><\/p>\n<p>,,U skladu sa vi\u0161egodi\u0161njom praksom, obele\u017eavanja Me\u0111unarodnog dana osoba sa invaliditetom, na\u0161 Sekretarijat organizuje i okuplja sve relevantne subjekte na polju zapo\u0161ljavanja osoba sa invaliditetom, profesionalne rehabilitacije i one koji se aktivno bave unapre\u0111enjem sveop\u0161teg polo\u017eaja ovih lica. Neophodno je da se \u010duje njihov glas, sa kojim se problemima susre\u0107u, da se istaknu njihovi dalji planovi, kako bi se oja\u010dala neposredna zajedni\u010dka saradnja\u201c, rekao je Po\u010du\u010d i dodao da je Sekretarijat opredelio sredstva preduze\u0107ima koja zapo\u0161ljavaju osobe sa invaliditetom putem javnih poziva, kao i da je aktivno u\u010destvovao u organizaciji edukacija kojima se afirmisao ovakav vid socijalno odgovornog preduzetni\u0161tva.<\/p>\n<p style=\"text-align: center;\"><img loading=\"lazy\" decoding=\"async\" class=\" size-full wp-image-3168\" src=\"http:\/\/spriv.vojvodina.gov.rs\/wp-content\/uploads\/2017\/12\/04.12.socijalno-preduzetnistvo-2.JPG\" border=\"0\" alt=\"\" width=\"600\" height=\"400\" srcset=\"https:\/\/spriv.vojvodina.gov.rs\/wp-content\/uploads\/2017\/12\/04.12.socijalno-preduzetnistvo-2.JPG 600w, https:\/\/spriv.vojvodina.gov.rs\/wp-content\/uploads\/2017\/12\/04.12.socijalno-preduzetnistvo-2-300x200.jpg 300w\" sizes=\"auto, (max-width: 600px) 100vw, 600px\" \/><\/p>\n<p>Pokrajinski sekretrijat za privredu i turizam u 2107. godini, po prvi put, raspisao je i namenski javni konkurs za privatna preduze\u0107a za profesionalnu rehabilitaciju i zapo\u0161ljavanje osoba sa invaliditetom i to za nabavku ma\u0161ina, opreme, adaptaciju poslovnog ambijenta, nabavku repromaterijala i unapre\u0111ivanje poslovanja. Za navedene namene, opredeljena su bespovratna sredstva od 12.5 miliona dinara, sa u\u010de\u0161\u0107em preduze\u0107a od 50 odsto od vrednosti dobara ili usluge.<\/p>\n<p style=\"text-align: center;\"><img loading=\"lazy\" decoding=\"async\" class=\" size-full wp-image-3169\" src=\"http:\/\/spriv.vojvodina.gov.rs\/wp-content\/uploads\/2017\/12\/04.12.socijalno-preduzetnistvo-3.JPG\" border=\"0\" alt=\"\" width=\"600\" height=\"400\" srcset=\"https:\/\/spriv.vojvodina.gov.rs\/wp-content\/uploads\/2017\/12\/04.12.socijalno-preduzetnistvo-3.JPG 600w, https:\/\/spriv.vojvodina.gov.rs\/wp-content\/uploads\/2017\/12\/04.12.socijalno-preduzetnistvo-3-300x200.jpg 300w\" sizes=\"auto, (max-width: 600px) 100vw, 600px\" \/><\/p>\n<p>U AP Vojvodini, od \u0161esnaest preduze\u0107a sa ovim statusom, \u010detrnaest je u privatnom vlasni\u0161tvu, a \u010dak pet je osnovano u poslednje tri godine. Samo na teritoriji pokrajine, ova preduze\u0107a ukupno zapo\u0161ljavaju 716 osoba, od \u010dega je 473 osobe sa invaliditetom, \u0161to je 66 odsto ukupno zaposlenih lica.<\/p>\n<p>Dru\u0161tveno ili socijalno preduzetni\u0161tvo predstavlja model razvoja, koji je dovoljno fleksibilan i kreativan, suptilan i inkluzivan, stoga je preporuka svih aktera dana\u0161njeg skupa zajedni\u010dko razmatranje, promocija i planiranje, jer ovaj vid preduzetni\u0161tva predstavlja ,,alat\u201c socijalne ekonomije koji \u0161tedi novac, a doprinosi razvoju privrede i dru\u0161tva.<\/p>\n<p style=\"text-align: center;\"><img loading=\"lazy\" decoding=\"async\" class=\" size-full wp-image-3170\" src=\"http:\/\/spriv.vojvodina.gov.rs\/wp-content\/uploads\/2017\/12\/04.12.socijalno-preduzetnistvo-4.JPG\" border=\"0\" alt=\"\" width=\"600\" height=\"400\" srcset=\"https:\/\/spriv.vojvodina.gov.rs\/wp-content\/uploads\/2017\/12\/04.12.socijalno-preduzetnistvo-4.JPG 600w, https:\/\/spriv.vojvodina.gov.rs\/wp-content\/uploads\/2017\/12\/04.12.socijalno-preduzetnistvo-4-300x200.jpg 300w\" sizes=\"auto, (max-width: 600px) 100vw, 600px\" \/><\/p>\n<p>Okruglom stolu su prisustvovali i pomo\u0107nici pokrajinskog sekretara Katica Uzelac i Branislav Bandi\u0107, sa saradnicima.<\/p>\n<p style=\"text-align: center;\"><img loading=\"lazy\" decoding=\"async\" class=\" size-full wp-image-3171\" src=\"http:\/\/spriv.vojvodina.gov.rs\/wp-content\/uploads\/2017\/12\/04.12.socijalno-preduzetnistvo-5.JPG\" border=\"0\" alt=\"\" width=\"600\" height=\"400\" srcset=\"https:\/\/spriv.vojvodina.gov.rs\/wp-content\/uploads\/2017\/12\/04.12.socijalno-preduzetnistvo-5.JPG 600w, https:\/\/spriv.vojvodina.gov.rs\/wp-content\/uploads\/2017\/12\/04.12.socijalno-preduzetnistvo-5-300x200.jpg 300w\" sizes=\"auto, (max-width: 600px) 100vw, 600px\" \/><\/p>\n<\/div>\n","protected":false},"excerpt":{"rendered":"Novi Sad, 4. decembar 2017. &#8211; Program i podsticajne mere Pokrajinskog sekretarijata za privredu i turizam namenjeni osobama sa invaliditetom i drugim osetljivim socijalnim kategorijama, predstavljeni su u okviru okruglog stola sa temom \u201eSpecifi\u010dnosti preduze\u0107a za profesionalnu rehabilitaciju i zapo\u0161ljavanje osoba sa invaliditetom\u201c. U ime organizatora skupa prisutnima se obratio zamenik pokrajinskog sekretara mr Pavle Po\u010du\u010d.\n<a class=\"moretag\" href=\"https:\/\/spriv.vojvodina.gov.rs\/rs\/predstavljen-program-pokrajinskog-sekretarijata-za-privredu-i-turizam-namenjen-osobama-sa-invaliditetom\/\"> [...]<\/a>","protected":false},"author":3,"featured_media":3165,"comment_status":"closed","ping_status":"closed","sticky":false,"template":"","format":"standard","meta":{"footnotes":""},"categories":[31],"tags":[],"class_list":["post-3173","post","type-post","status-publish","format-standard","has-post-thumbnail","hentry","category-vesti-latinica1"],"yoast_head":"<!-- This site is optimized with the Yoast SEO plugin v27.4 - https:\/\/yoast.com\/product\/yoast-seo-wordpress\/ -->\n<title>Predstavljen program Pokrajinskog sekretarijata za privredu i turizam namenjen osobama sa invaliditetom - \u041f\u043e\u043a\u0440\u0430\u0458\u0438\u043d\u0441\u043a\u0438 \u0441\u0435\u043a\u0440\u0435\u0442\u0430\u0440\u0438\u0458\u0430\u0442 \u0437\u0430 \u043f\u0440\u0438\u0432\u0440\u0435\u0434\u0443 \u0438 \u0442\u0443\u0440\u0438\u0437\u0430\u043c<\/title>\n<meta name=\"robots\" content=\"index, follow, max-snippet:-1, max-image-preview:large, max-video-preview:-1\" \/>\n<link rel=\"canonical\" href=\"https:\/\/spriv.vojvodina.gov.rs\/rs\/predstavljen-program-pokrajinskog-sekretarijata-za-privredu-i-turizam-namenjen-osobama-sa-invaliditetom\/\" \/>\n<meta property=\"og:locale\" content=\"sr_RS\" \/>\n<meta property=\"og:type\" content=\"article\" \/>\n<meta property=\"og:title\" content=\"Predstavljen program Pokrajinskog sekretarijata za privredu i turizam namenjen osobama sa invaliditetom - \u041f\u043e\u043a\u0440\u0430\u0458\u0438\u043d\u0441\u043a\u0438 \u0441\u0435\u043a\u0440\u0435\u0442\u0430\u0440\u0438\u0458\u0430\u0442 \u0437\u0430 \u043f\u0440\u0438\u0432\u0440\u0435\u0434\u0443 \u0438 \u0442\u0443\u0440\u0438\u0437\u0430\u043c\" \/>\n<meta property=\"og:description\" content=\"Novi Sad, 4. decembar 2017. - Program i podsticajne mere Pokrajinskog sekretarijata za privredu i turizam namenjeni osobama sa invaliditetom i drugim osetljivim socijalnim kategorijama, predstavljeni su u okviru okruglog stola sa temom \u201eSpecifi\u010dnosti preduze\u0107a za profesionalnu rehabilitaciju i zapo\u0161ljavanje osoba sa invaliditetom\u201c. U ime organizatora skupa prisutnima se obratio zamenik pokrajinskog sekretara mr Pavle Po\u010du\u010d.\" \/>\n<meta property=\"og:url\" content=\"https:\/\/spriv.vojvodina.gov.rs\/rs\/predstavljen-program-pokrajinskog-sekretarijata-za-privredu-i-turizam-namenjen-osobama-sa-invaliditetom\/\" \/>\n<meta property=\"og:site_name\" content=\"\u041f\u043e\u043a\u0440\u0430\u0458\u0438\u043d\u0441\u043a\u0438 \u0441\u0435\u043a\u0440\u0435\u0442\u0430\u0440\u0438\u0458\u0430\u0442 \u0437\u0430 \u043f\u0440\u0438\u0432\u0440\u0435\u0434\u0443 \u0438 \u0442\u0443\u0440\u0438\u0437\u0430\u043c\" \/>\n<meta property=\"article:published_time\" content=\"2017-12-04T14:14:30+00:00\" \/>\n<meta property=\"og:image\" content=\"https:\/\/spriv.vojvodina.gov.rs\/wp-content\/uploads\/2017\/12\/04.12.socijalno-preduzetnistvo-mala.JPG\" \/>\n\t<meta property=\"og:image:width\" content=\"150\" \/>\n\t<meta property=\"og:image:height\" content=\"100\" \/>\n\t<meta property=\"og:image:type\" content=\"image\/jpeg\" \/>\n<meta name=\"author\" content=\"Sonja Babi\u0107\" \/>\n<meta name=\"twitter:card\" content=\"summary_large_image\" \/>\n<meta name=\"twitter:label1\" content=\"\u041d\u0430\u043f\u0438\u0441\u0430\u043d\u043e \u043e\u0434\" \/>\n\t<meta name=\"twitter:data1\" content=\"Sonja Babi\u0107\" \/>\n\t<meta name=\"twitter:label2\" content=\"\u041f\u0440\u043e\u0446\u0435\u045a\u0435\u043d\u043e \u0432\u0440\u0435\u043c\u0435 \u0447\u0438\u0442\u0430\u045a\u0430\" \/>\n\t<meta name=\"twitter:data2\" content=\"2 \u043c\u0438\u043d\u0443\u0442\u0430\" \/>\n<script type=\"application\/ld+json\" class=\"yoast-schema-graph\">{\"@context\":\"https:\\\/\\\/schema.org\",\"@graph\":[{\"@type\":\"Article\",\"@id\":\"https:\\\/\\\/spriv.vojvodina.gov.rs\\\/rs\\\/predstavljen-program-pokrajinskog-sekretarijata-za-privredu-i-turizam-namenjen-osobama-sa-invaliditetom\\\/#article\",\"isPartOf\":{\"@id\":\"https:\\\/\\\/spriv.vojvodina.gov.rs\\\/rs\\\/predstavljen-program-pokrajinskog-sekretarijata-za-privredu-i-turizam-namenjen-osobama-sa-invaliditetom\\\/\"},\"author\":{\"name\":\"Sonja Babi\u0107\",\"@id\":\"https:\\\/\\\/spriv.vojvodina.gov.rs\\\/#\\\/schema\\\/person\\\/749ef4f57fbb458f1c759e7a4fa78485\"},\"headline\":\"Predstavljen program Pokrajinskog sekretarijata za privredu i turizam namenjen osobama sa invaliditetom\",\"datePublished\":\"2017-12-04T14:14:30+00:00\",\"mainEntityOfPage\":{\"@id\":\"https:\\\/\\\/spriv.vojvodina.gov.rs\\\/rs\\\/predstavljen-program-pokrajinskog-sekretarijata-za-privredu-i-turizam-namenjen-osobama-sa-invaliditetom\\\/\"},\"wordCount\":369,\"image\":{\"@id\":\"https:\\\/\\\/spriv.vojvodina.gov.rs\\\/rs\\\/predstavljen-program-pokrajinskog-sekretarijata-za-privredu-i-turizam-namenjen-osobama-sa-invaliditetom\\\/#primaryimage\"},\"thumbnailUrl\":\"https:\\\/\\\/spriv.vojvodina.gov.rs\\\/wp-content\\\/uploads\\\/2017\\\/12\\\/04.12.socijalno-preduzetnistvo-mala.JPG\",\"articleSection\":[\"Vesti Latinica\"],\"inLanguage\":\"sr-RS\"},{\"@type\":\"WebPage\",\"@id\":\"https:\\\/\\\/spriv.vojvodina.gov.rs\\\/rs\\\/predstavljen-program-pokrajinskog-sekretarijata-za-privredu-i-turizam-namenjen-osobama-sa-invaliditetom\\\/\",\"url\":\"https:\\\/\\\/spriv.vojvodina.gov.rs\\\/rs\\\/predstavljen-program-pokrajinskog-sekretarijata-za-privredu-i-turizam-namenjen-osobama-sa-invaliditetom\\\/\",\"name\":\"Predstavljen program Pokrajinskog sekretarijata za privredu i turizam namenjen osobama sa invaliditetom - \u041f\u043e\u043a\u0440\u0430\u0458\u0438\u043d\u0441\u043a\u0438 \u0441\u0435\u043a\u0440\u0435\u0442\u0430\u0440\u0438\u0458\u0430\u0442 \u0437\u0430 \u043f\u0440\u0438\u0432\u0440\u0435\u0434\u0443 \u0438 \u0442\u0443\u0440\u0438\u0437\u0430\u043c\",\"isPartOf\":{\"@id\":\"https:\\\/\\\/spriv.vojvodina.gov.rs\\\/#website\"},\"primaryImageOfPage\":{\"@id\":\"https:\\\/\\\/spriv.vojvodina.gov.rs\\\/rs\\\/predstavljen-program-pokrajinskog-sekretarijata-za-privredu-i-turizam-namenjen-osobama-sa-invaliditetom\\\/#primaryimage\"},\"image\":{\"@id\":\"https:\\\/\\\/spriv.vojvodina.gov.rs\\\/rs\\\/predstavljen-program-pokrajinskog-sekretarijata-za-privredu-i-turizam-namenjen-osobama-sa-invaliditetom\\\/#primaryimage\"},\"thumbnailUrl\":\"https:\\\/\\\/spriv.vojvodina.gov.rs\\\/wp-content\\\/uploads\\\/2017\\\/12\\\/04.12.socijalno-preduzetnistvo-mala.JPG\",\"datePublished\":\"2017-12-04T14:14:30+00:00\",\"author\":{\"@id\":\"https:\\\/\\\/spriv.vojvodina.gov.rs\\\/#\\\/schema\\\/person\\\/749ef4f57fbb458f1c759e7a4fa78485\"},\"breadcrumb\":{\"@id\":\"https:\\\/\\\/spriv.vojvodina.gov.rs\\\/rs\\\/predstavljen-program-pokrajinskog-sekretarijata-za-privredu-i-turizam-namenjen-osobama-sa-invaliditetom\\\/#breadcrumb\"},\"inLanguage\":\"sr-RS\",\"potentialAction\":[{\"@type\":\"ReadAction\",\"target\":[\"https:\\\/\\\/spriv.vojvodina.gov.rs\\\/rs\\\/predstavljen-program-pokrajinskog-sekretarijata-za-privredu-i-turizam-namenjen-osobama-sa-invaliditetom\\\/\"]}]},{\"@type\":\"ImageObject\",\"inLanguage\":\"sr-RS\",\"@id\":\"https:\\\/\\\/spriv.vojvodina.gov.rs\\\/rs\\\/predstavljen-program-pokrajinskog-sekretarijata-za-privredu-i-turizam-namenjen-osobama-sa-invaliditetom\\\/#primaryimage\",\"url\":\"https:\\\/\\\/spriv.vojvodina.gov.rs\\\/wp-content\\\/uploads\\\/2017\\\/12\\\/04.12.socijalno-preduzetnistvo-mala.JPG\",\"contentUrl\":\"https:\\\/\\\/spriv.vojvodina.gov.rs\\\/wp-content\\\/uploads\\\/2017\\\/12\\\/04.12.socijalno-preduzetnistvo-mala.JPG\",\"width\":150,\"height\":100},{\"@type\":\"BreadcrumbList\",\"@id\":\"https:\\\/\\\/spriv.vojvodina.gov.rs\\\/rs\\\/predstavljen-program-pokrajinskog-sekretarijata-za-privredu-i-turizam-namenjen-osobama-sa-invaliditetom\\\/#breadcrumb\",\"itemListElement\":[{\"@type\":\"ListItem\",\"position\":1,\"name\":\"Home\",\"item\":\"https:\\\/\\\/spriv.vojvodina.gov.rs\\\/\"},{\"@type\":\"ListItem\",\"position\":2,\"name\":\"Predstavljen program Pokrajinskog sekretarijata za privredu i turizam namenjen osobama sa invaliditetom\"}]},{\"@type\":\"WebSite\",\"@id\":\"https:\\\/\\\/spriv.vojvodina.gov.rs\\\/#website\",\"url\":\"https:\\\/\\\/spriv.vojvodina.gov.rs\\\/\",\"name\":\"\u041f\u043e\u043a\u0440\u0430\u0458\u0438\u043d\u0441\u043a\u0438 \u0441\u0435\u043a\u0440\u0435\u0442\u0430\u0440\u0438\u0458\u0430\u0442 \u0437\u0430 \u043f\u0440\u0438\u0432\u0440\u0435\u0434\u0443 \u0438 \u0442\u0443\u0440\u0438\u0437\u0430\u043c\",\"description\":\"\u041f\u043e\u043a\u0440\u0430\u0458\u0438\u043d\u0441\u043a\u0438 \u0441\u0435\u043a\u0440\u0435\u0442\u0430\u0440\u0438\u0458\u0430\u0442 \u0437\u0430 \u043f\u0440\u0438\u0432\u0440\u0435\u0434\u0443 \u0438 \u0442\u0443\u0440\u0438\u0437\u0430\u043c\",\"potentialAction\":[{\"@type\":\"SearchAction\",\"target\":{\"@type\":\"EntryPoint\",\"urlTemplate\":\"https:\\\/\\\/spriv.vojvodina.gov.rs\\\/?s={search_term_string}\"},\"query-input\":{\"@type\":\"PropertyValueSpecification\",\"valueRequired\":true,\"valueName\":\"search_term_string\"}}],\"inLanguage\":\"sr-RS\"},{\"@type\":\"Person\",\"@id\":\"https:\\\/\\\/spriv.vojvodina.gov.rs\\\/#\\\/schema\\\/person\\\/749ef4f57fbb458f1c759e7a4fa78485\",\"name\":\"Sonja Babi\u0107\",\"image\":{\"@type\":\"ImageObject\",\"inLanguage\":\"sr-RS\",\"@id\":\"https:\\\/\\\/secure.gravatar.com\\\/avatar\\\/00a1d182a20a59067af1e7b1c31cbcc3be1a456ee4b27746580e120c2582e5bd?s=96&d=mm&r=g\",\"url\":\"https:\\\/\\\/secure.gravatar.com\\\/avatar\\\/00a1d182a20a59067af1e7b1c31cbcc3be1a456ee4b27746580e120c2582e5bd?s=96&d=mm&r=g\",\"contentUrl\":\"https:\\\/\\\/secure.gravatar.com\\\/avatar\\\/00a1d182a20a59067af1e7b1c31cbcc3be1a456ee4b27746580e120c2582e5bd?s=96&d=mm&r=g\",\"caption\":\"Sonja Babi\u0107\"},\"url\":\"https:\\\/\\\/spriv.vojvodina.gov.rs\\\/rs\\\/author\\\/sonja-babic\\\/\"}]}<\/script>\n<!-- \/ Yoast SEO plugin. -->","yoast_head_json":{"title":"Predstavljen program Pokrajinskog sekretarijata za privredu i turizam namenjen osobama sa invaliditetom - \u041f\u043e\u043a\u0440\u0430\u0458\u0438\u043d\u0441\u043a\u0438 \u0441\u0435\u043a\u0440\u0435\u0442\u0430\u0440\u0438\u0458\u0430\u0442 \u0437\u0430 \u043f\u0440\u0438\u0432\u0440\u0435\u0434\u0443 \u0438 \u0442\u0443\u0440\u0438\u0437\u0430\u043c","robots":{"index":"index","follow":"follow","max-snippet":"max-snippet:-1","max-image-preview":"max-image-preview:large","max-video-preview":"max-video-preview:-1"},"canonical":"https:\/\/spriv.vojvodina.gov.rs\/rs\/predstavljen-program-pokrajinskog-sekretarijata-za-privredu-i-turizam-namenjen-osobama-sa-invaliditetom\/","og_locale":"sr_RS","og_type":"article","og_title":"Predstavljen program Pokrajinskog sekretarijata za privredu i turizam namenjen osobama sa invaliditetom - \u041f\u043e\u043a\u0440\u0430\u0458\u0438\u043d\u0441\u043a\u0438 \u0441\u0435\u043a\u0440\u0435\u0442\u0430\u0440\u0438\u0458\u0430\u0442 \u0437\u0430 \u043f\u0440\u0438\u0432\u0440\u0435\u0434\u0443 \u0438 \u0442\u0443\u0440\u0438\u0437\u0430\u043c","og_description":"Novi Sad, 4. decembar 2017. - Program i podsticajne mere Pokrajinskog sekretarijata za privredu i turizam namenjeni osobama sa invaliditetom i drugim osetljivim socijalnim kategorijama, predstavljeni su u okviru okruglog stola sa temom \u201eSpecifi\u010dnosti preduze\u0107a za profesionalnu rehabilitaciju i zapo\u0161ljavanje osoba sa invaliditetom\u201c. U ime organizatora skupa prisutnima se obratio zamenik pokrajinskog sekretara mr Pavle Po\u010du\u010d.","og_url":"https:\/\/spriv.vojvodina.gov.rs\/rs\/predstavljen-program-pokrajinskog-sekretarijata-za-privredu-i-turizam-namenjen-osobama-sa-invaliditetom\/","og_site_name":"\u041f\u043e\u043a\u0440\u0430\u0458\u0438\u043d\u0441\u043a\u0438 \u0441\u0435\u043a\u0440\u0435\u0442\u0430\u0440\u0438\u0458\u0430\u0442 \u0437\u0430 \u043f\u0440\u0438\u0432\u0440\u0435\u0434\u0443 \u0438 \u0442\u0443\u0440\u0438\u0437\u0430\u043c","article_published_time":"2017-12-04T14:14:30+00:00","og_image":[{"width":150,"height":100,"url":"https:\/\/spriv.vojvodina.gov.rs\/wp-content\/uploads\/2017\/12\/04.12.socijalno-preduzetnistvo-mala.JPG","type":"image\/jpeg"}],"author":"Sonja Babi\u0107","twitter_card":"summary_large_image","twitter_misc":{"\u041d\u0430\u043f\u0438\u0441\u0430\u043d\u043e \u043e\u0434":"Sonja Babi\u0107","\u041f\u0440\u043e\u0446\u0435\u045a\u0435\u043d\u043e \u0432\u0440\u0435\u043c\u0435 \u0447\u0438\u0442\u0430\u045a\u0430":"2 \u043c\u0438\u043d\u0443\u0442\u0430"},"schema":{"@context":"https:\/\/schema.org","@graph":[{"@type":"Article","@id":"https:\/\/spriv.vojvodina.gov.rs\/rs\/predstavljen-program-pokrajinskog-sekretarijata-za-privredu-i-turizam-namenjen-osobama-sa-invaliditetom\/#article","isPartOf":{"@id":"https:\/\/spriv.vojvodina.gov.rs\/rs\/predstavljen-program-pokrajinskog-sekretarijata-za-privredu-i-turizam-namenjen-osobama-sa-invaliditetom\/"},"author":{"name":"Sonja Babi\u0107","@id":"https:\/\/spriv.vojvodina.gov.rs\/#\/schema\/person\/749ef4f57fbb458f1c759e7a4fa78485"},"headline":"Predstavljen program Pokrajinskog sekretarijata za privredu i turizam namenjen osobama sa invaliditetom","datePublished":"2017-12-04T14:14:30+00:00","mainEntityOfPage":{"@id":"https:\/\/spriv.vojvodina.gov.rs\/rs\/predstavljen-program-pokrajinskog-sekretarijata-za-privredu-i-turizam-namenjen-osobama-sa-invaliditetom\/"},"wordCount":369,"image":{"@id":"https:\/\/spriv.vojvodina.gov.rs\/rs\/predstavljen-program-pokrajinskog-sekretarijata-za-privredu-i-turizam-namenjen-osobama-sa-invaliditetom\/#primaryimage"},"thumbnailUrl":"https:\/\/spriv.vojvodina.gov.rs\/wp-content\/uploads\/2017\/12\/04.12.socijalno-preduzetnistvo-mala.JPG","articleSection":["Vesti Latinica"],"inLanguage":"sr-RS"},{"@type":"WebPage","@id":"https:\/\/spriv.vojvodina.gov.rs\/rs\/predstavljen-program-pokrajinskog-sekretarijata-za-privredu-i-turizam-namenjen-osobama-sa-invaliditetom\/","url":"https:\/\/spriv.vojvodina.gov.rs\/rs\/predstavljen-program-pokrajinskog-sekretarijata-za-privredu-i-turizam-namenjen-osobama-sa-invaliditetom\/","name":"Predstavljen program Pokrajinskog sekretarijata za privredu i turizam namenjen osobama sa invaliditetom - \u041f\u043e\u043a\u0440\u0430\u0458\u0438\u043d\u0441\u043a\u0438 \u0441\u0435\u043a\u0440\u0435\u0442\u0430\u0440\u0438\u0458\u0430\u0442 \u0437\u0430 \u043f\u0440\u0438\u0432\u0440\u0435\u0434\u0443 \u0438 \u0442\u0443\u0440\u0438\u0437\u0430\u043c","isPartOf":{"@id":"https:\/\/spriv.vojvodina.gov.rs\/#website"},"primaryImageOfPage":{"@id":"https:\/\/spriv.vojvodina.gov.rs\/rs\/predstavljen-program-pokrajinskog-sekretarijata-za-privredu-i-turizam-namenjen-osobama-sa-invaliditetom\/#primaryimage"},"image":{"@id":"https:\/\/spriv.vojvodina.gov.rs\/rs\/predstavljen-program-pokrajinskog-sekretarijata-za-privredu-i-turizam-namenjen-osobama-sa-invaliditetom\/#primaryimage"},"thumbnailUrl":"https:\/\/spriv.vojvodina.gov.rs\/wp-content\/uploads\/2017\/12\/04.12.socijalno-preduzetnistvo-mala.JPG","datePublished":"2017-12-04T14:14:30+00:00","author":{"@id":"https:\/\/spriv.vojvodina.gov.rs\/#\/schema\/person\/749ef4f57fbb458f1c759e7a4fa78485"},"breadcrumb":{"@id":"https:\/\/spriv.vojvodina.gov.rs\/rs\/predstavljen-program-pokrajinskog-sekretarijata-za-privredu-i-turizam-namenjen-osobama-sa-invaliditetom\/#breadcrumb"},"inLanguage":"sr-RS","potentialAction":[{"@type":"ReadAction","target":["https:\/\/spriv.vojvodina.gov.rs\/rs\/predstavljen-program-pokrajinskog-sekretarijata-za-privredu-i-turizam-namenjen-osobama-sa-invaliditetom\/"]}]},{"@type":"ImageObject","inLanguage":"sr-RS","@id":"https:\/\/spriv.vojvodina.gov.rs\/rs\/predstavljen-program-pokrajinskog-sekretarijata-za-privredu-i-turizam-namenjen-osobama-sa-invaliditetom\/#primaryimage","url":"https:\/\/spriv.vojvodina.gov.rs\/wp-content\/uploads\/2017\/12\/04.12.socijalno-preduzetnistvo-mala.JPG","contentUrl":"https:\/\/spriv.vojvodina.gov.rs\/wp-content\/uploads\/2017\/12\/04.12.socijalno-preduzetnistvo-mala.JPG","width":150,"height":100},{"@type":"BreadcrumbList","@id":"https:\/\/spriv.vojvodina.gov.rs\/rs\/predstavljen-program-pokrajinskog-sekretarijata-za-privredu-i-turizam-namenjen-osobama-sa-invaliditetom\/#breadcrumb","itemListElement":[{"@type":"ListItem","position":1,"name":"Home","item":"https:\/\/spriv.vojvodina.gov.rs\/"},{"@type":"ListItem","position":2,"name":"Predstavljen program Pokrajinskog sekretarijata za privredu i turizam namenjen osobama sa invaliditetom"}]},{"@type":"WebSite","@id":"https:\/\/spriv.vojvodina.gov.rs\/#website","url":"https:\/\/spriv.vojvodina.gov.rs\/","name":"\u041f\u043e\u043a\u0440\u0430\u0458\u0438\u043d\u0441\u043a\u0438 \u0441\u0435\u043a\u0440\u0435\u0442\u0430\u0440\u0438\u0458\u0430\u0442 \u0437\u0430 \u043f\u0440\u0438\u0432\u0440\u0435\u0434\u0443 \u0438 \u0442\u0443\u0440\u0438\u0437\u0430\u043c","description":"\u041f\u043e\u043a\u0440\u0430\u0458\u0438\u043d\u0441\u043a\u0438 \u0441\u0435\u043a\u0440\u0435\u0442\u0430\u0440\u0438\u0458\u0430\u0442 \u0437\u0430 \u043f\u0440\u0438\u0432\u0440\u0435\u0434\u0443 \u0438 \u0442\u0443\u0440\u0438\u0437\u0430\u043c","potentialAction":[{"@type":"SearchAction","target":{"@type":"EntryPoint","urlTemplate":"https:\/\/spriv.vojvodina.gov.rs\/?s={search_term_string}"},"query-input":{"@type":"PropertyValueSpecification","valueRequired":true,"valueName":"search_term_string"}}],"inLanguage":"sr-RS"},{"@type":"Person","@id":"https:\/\/spriv.vojvodina.gov.rs\/#\/schema\/person\/749ef4f57fbb458f1c759e7a4fa78485","name":"Sonja Babi\u0107","image":{"@type":"ImageObject","inLanguage":"sr-RS","@id":"https:\/\/secure.gravatar.com\/avatar\/00a1d182a20a59067af1e7b1c31cbcc3be1a456ee4b27746580e120c2582e5bd?s=96&d=mm&r=g","url":"https:\/\/secure.gravatar.com\/avatar\/00a1d182a20a59067af1e7b1c31cbcc3be1a456ee4b27746580e120c2582e5bd?s=96&d=mm&r=g","contentUrl":"https:\/\/secure.gravatar.com\/avatar\/00a1d182a20a59067af1e7b1c31cbcc3be1a456ee4b27746580e120c2582e5bd?s=96&d=mm&r=g","caption":"Sonja Babi\u0107"},"url":"https:\/\/spriv.vojvodina.gov.rs\/rs\/author\/sonja-babic\/"}]}},"_links":{"self":[{"href":"https:\/\/spriv.vojvodina.gov.rs\/rs\/wp-json\/wp\/v2\/posts\/3173","targetHints":{"allow":["GET"]}}],"collection":[{"href":"https:\/\/spriv.vojvodina.gov.rs\/rs\/wp-json\/wp\/v2\/posts"}],"about":[{"href":"https:\/\/spriv.vojvodina.gov.rs\/rs\/wp-json\/wp\/v2\/types\/post"}],"author":[{"embeddable":true,"href":"https:\/\/spriv.vojvodina.gov.rs\/rs\/wp-json\/wp\/v2\/users\/3"}],"replies":[{"embeddable":true,"href":"https:\/\/spriv.vojvodina.gov.rs\/rs\/wp-json\/wp\/v2\/comments?post=3173"}],"version-history":[{"count":0,"href":"https:\/\/spriv.vojvodina.gov.rs\/rs\/wp-json\/wp\/v2\/posts\/3173\/revisions"}],"wp:featuredmedia":[{"embeddable":true,"href":"https:\/\/spriv.vojvodina.gov.rs\/rs\/wp-json\/wp\/v2\/media\/3165"}],"wp:attachment":[{"href":"https:\/\/spriv.vojvodina.gov.rs\/rs\/wp-json\/wp\/v2\/media?parent=3173"}],"wp:term":[{"taxonomy":"category","embeddable":true,"href":"https:\/\/spriv.vojvodina.gov.rs\/rs\/wp-json\/wp\/v2\/categories?post=3173"},{"taxonomy":"post_tag","embeddable":true,"href":"https:\/\/spriv.vojvodina.gov.rs\/rs\/wp-json\/wp\/v2\/tags?post=3173"}],"curies":[{"name":"wp","href":"https:\/\/api.w.org\/{rel}","templated":true}]}}