{"id":3136,"date":"2017-11-25T00:07:00","date_gmt":"2017-11-25T00:07:00","guid":{"rendered":"http:\/\/spriv.vojvodina.gov.rs\/2017\/11\/25\/ivan-dokovic-na-otvaranju-iv-medunarodnog-kongresa-studenata-turizma-i-hotelijerstva-mekst2017\/"},"modified":"2017-11-25T00:07:00","modified_gmt":"2017-11-25T00:07:00","slug":"ivan-dokovic-na-otvaranju-iv-medunarodnog-kongresa-studenata-turizma-i-hotelijerstva-mekst2017","status":"publish","type":"post","link":"https:\/\/spriv.vojvodina.gov.rs\/rs\/ivan-dokovic-na-otvaranju-iv-medunarodnog-kongresa-studenata-turizma-i-hotelijerstva-mekst2017\/","title":{"rendered":"Ivan \u0110okovi\u0107 na otvaranju IV Me\u0111unarodnog kongresa studenata turizma i hotelijerstva &#8211; MEKST2017"},"content":{"rendered":"<p style=\"text-align: center;\"><img loading=\"lazy\" decoding=\"async\" class=\" size-full wp-image-3127\" src=\"http:\/\/spriv.vojvodina.gov.rs\/wp-content\/uploads\/2017\/11\/24.11MEKST-1.JPG\" border=\"0\" alt=\"\" width=\"600\" height=\"400\" srcset=\"https:\/\/spriv.vojvodina.gov.rs\/wp-content\/uploads\/2017\/11\/24.11MEKST-1.JPG 600w, https:\/\/spriv.vojvodina.gov.rs\/wp-content\/uploads\/2017\/11\/24.11MEKST-1-300x200.jpg 300w\" sizes=\"auto, (max-width: 600px) 100vw, 600px\" \/><\/p>\n<p style=\"text-align: justify;\">Novi Sad, 24. novembar 2017 &#8211; Na Prirodno-matemati\u010dkom fakultetu Univerziteta u Novom Sadu, otvoren je IV Me\u0111unarodni kongres studenata turizma i hotelijerstva &#8211; MEKST2017. Ovogodi\u0161nji MEKST se odr\u017eava od 24. do 26. novembra u organizaciji udru\u017eenja ,,Fortuns\u201d, u saradnji sa Me\u0111unarodnom asocijacijom studenata turizma i hotelijerstva (IASTH) i Prirodno \u2013 matemati\u010dkim fakultetom iz Novog Sada i uz podr\u0161ku Pokrajinskog sekretarijata za privredu i turizam i Grada Novog Sada.<\/p>\n<p style=\"text-align: center;\"><img loading=\"lazy\" decoding=\"async\" class=\" size-full wp-image-3128\" src=\"http:\/\/spriv.vojvodina.gov.rs\/wp-content\/uploads\/2017\/11\/24.11MEKST-2.JPG\" border=\"0\" alt=\"\" width=\"600\" height=\"400\" srcset=\"https:\/\/spriv.vojvodina.gov.rs\/wp-content\/uploads\/2017\/11\/24.11MEKST-2.JPG 600w, https:\/\/spriv.vojvodina.gov.rs\/wp-content\/uploads\/2017\/11\/24.11MEKST-2-300x200.jpg 300w\" sizes=\"auto, (max-width: 600px) 100vw, 600px\" \/><\/p>\n<p style=\"text-align: justify;\">Potpredsednik Pokrajinske vlade i pokrajinski sekretar za privredu i turizam, Ivan \u0110okovi\u0107, obratio se skupu i istakao zna\u010daj same konferencije koju Sekretarijat podr\u017eava od samog po\u010detka.<\/p>\n<p style=\"text-align: center;\"><img loading=\"lazy\" decoding=\"async\" class=\" size-full wp-image-3129\" src=\"http:\/\/spriv.vojvodina.gov.rs\/wp-content\/uploads\/2017\/11\/24.11MEKST-3.JPG\" border=\"0\" alt=\"\" width=\"600\" height=\"400\" srcset=\"https:\/\/spriv.vojvodina.gov.rs\/wp-content\/uploads\/2017\/11\/24.11MEKST-3.JPG 600w, https:\/\/spriv.vojvodina.gov.rs\/wp-content\/uploads\/2017\/11\/24.11MEKST-3-300x200.jpg 300w\" sizes=\"auto, (max-width: 600px) 100vw, 600px\" \/><\/p>\n<p style=\"text-align: justify;\">Re\u010dima da Konferencija okuplja mlade budu\u0107e stu\u010dnjake u oblasti turizma, kojima na\u0161u zemlju i region Vojvodine predstavlja u druga\u010dijem svetlu. ,,Granice padaju, ekonomije se povezuju i budu\u0107nost turizma le\u017ei upravo u regionalnom proizvodu. Na vama je, po\u010dev od va\u0161ih studentskih klupa, prepoznate zajedni\u010dki interes i shvatite da je budu\u0107nost turisti\u010dke privrede i politike na vama, generaciji koja dolazi. Od va\u0161ih li\u010dnih veza koje sti\u010dete na ovom mestu i razmene iskustava zavisi i va\u0161a budu\u0107nost i onih koji dolaze posle vas. Stoga je va\u017eno da odr\u017eivo, konstruktivno i zajedni\u010dki razmi\u0161ljate\u201c, rekao je \u0110okovi\u0107.<\/p>\n<p style=\"text-align: center;\"><img loading=\"lazy\" decoding=\"async\" class=\" size-full wp-image-3130\" src=\"http:\/\/spriv.vojvodina.gov.rs\/wp-content\/uploads\/2017\/11\/24.11MEKST-4.JPG\" border=\"0\" alt=\"\" width=\"600\" height=\"400\" srcset=\"https:\/\/spriv.vojvodina.gov.rs\/wp-content\/uploads\/2017\/11\/24.11MEKST-4.JPG 600w, https:\/\/spriv.vojvodina.gov.rs\/wp-content\/uploads\/2017\/11\/24.11MEKST-4-300x200.jpg 300w\" sizes=\"auto, (max-width: 600px) 100vw, 600px\" \/><\/p>\n<p style=\"text-align: justify;\">On je dodao da konferenciju MEKST ne bi trebalo do\u017eivljavati kao razli\u010ditost, ve\u0107 kao priliku. ,,Na taj na\u010din mo\u017eete da pospe\u0161ite mir i saradnju, pogotovo na podru\u010dju regiona. Bogato kulturno-istorijsko nasle\u0111e, priroda, gastronomija, ali i ono na \u010demu po\u010diva turizam \u2013 ljudski faktor \u2013 i razmena iskustava na svim pomenutim polazi\u0161tima, doprinosi pobolj\u0161anju sopstvenih kvaliteta mladih ljudi, studenata, budu\u0107ih stru\u010dnjaka u domenu turizma\u201c, rekao je potpredsednik.<\/p>\n<p style=\"text-align: center;\"><img loading=\"lazy\" decoding=\"async\" class=\" size-full wp-image-3131\" src=\"http:\/\/spriv.vojvodina.gov.rs\/wp-content\/uploads\/2017\/11\/24.11MEKST-6.JPG\" border=\"0\" alt=\"\" width=\"600\" height=\"400\" srcset=\"https:\/\/spriv.vojvodina.gov.rs\/wp-content\/uploads\/2017\/11\/24.11MEKST-6.JPG 600w, https:\/\/spriv.vojvodina.gov.rs\/wp-content\/uploads\/2017\/11\/24.11MEKST-6-300x200.jpg 300w\" sizes=\"auto, (max-width: 600px) 100vw, 600px\" \/><\/p>\n<p style=\"text-align: center;\"><img loading=\"lazy\" decoding=\"async\" class=\" size-full wp-image-3132\" src=\"http:\/\/spriv.vojvodina.gov.rs\/wp-content\/uploads\/2017\/11\/24.11MEKST-5.JPG\" border=\"0\" alt=\"\" width=\"600\" height=\"400\" srcset=\"https:\/\/spriv.vojvodina.gov.rs\/wp-content\/uploads\/2017\/11\/24.11MEKST-5.JPG 600w, https:\/\/spriv.vojvodina.gov.rs\/wp-content\/uploads\/2017\/11\/24.11MEKST-5-300x200.jpg 300w\" sizes=\"auto, (max-width: 600px) 100vw, 600px\" \/><\/p>\n<p style=\"text-align: justify;\">Na sve\u010danom otvaranju MEKST-a obratio se i \u010dlan gradskog ve\u0107a za privredu Grada Novog Sada, Milorad Radojevi\u0107, kao i predstavnici Prirodno-matemati\u010dkog fakulteta, doma\u0107ina Konferencije, zna\u010dajne li\u010dnosti iz sveta obrazovanja, turizma i sporta, a u prisustvu brojnih studenata univerziteta iz Republike Srbije, regiona i sveta. <\/p>\n<p>Milorad Radojevi\u0107 je istakao da je ova konferencija od izuzetnog zna\u010daja za Grad Novi Sad, kao jedna u nizu manifestacija koje oplemenjuju grad, nosilac dve presti\u017ene tirule \u2013 Omladinska prestonica Evrope 2019. i\u00a0 Evropska prestonica kulture 2021. On je dodao da postoje dve vrste ljudi, oni koji prvi put posete Novi sad i oni koji su zaljubljeni u njega. ,,Konferencija koja ove godine okuplja preko 800 studenata iz oko 15 zemalja sveta jeste dokaz da je Novi Sad univerzitetski centar i grad koji dosta pola\u017ee u razvoj turizma. U poslednjih nekoliko godina Novi Sad bele\u017ei zna\u010dlajne rezultate u oblasti turizma, dok je protekla godina rekordna po broju turista.<\/p>\n<p style=\"text-align: center;\"><img loading=\"lazy\" decoding=\"async\" class=\" size-full wp-image-3133\" src=\"http:\/\/spriv.vojvodina.gov.rs\/wp-content\/uploads\/2017\/11\/24.11MEKST-7.JPG\" border=\"0\" alt=\"\" width=\"600\" height=\"400\" srcset=\"https:\/\/spriv.vojvodina.gov.rs\/wp-content\/uploads\/2017\/11\/24.11MEKST-7.JPG 600w, https:\/\/spriv.vojvodina.gov.rs\/wp-content\/uploads\/2017\/11\/24.11MEKST-7-300x200.jpg 300w\" sizes=\"auto, (max-width: 600px) 100vw, 600px\" \/><\/p>\n<p style=\"text-align: justify;\">Cilj projekta MESKT jeste umre\u017eavanje studenata i omladine iz Evrope i sveta, a studentima se omogu\u0107ava sticanje prakti\u010dnih znanja iz oblasti turizma, hotelijerstva i drugih srodnih oblasti, podsticanje preduzetni\u0161tva u turizmu i povezanim industrijama. Pro\u0161le godine MEKST konferencija okupila je preko 700 studenata iz zemlje i inostranstva, dok se ove godine o\u010dekuje jo\u0161 ve\u0107i odziv.<\/p>\n<p style=\"text-align: center;\"><img loading=\"lazy\" decoding=\"async\" class=\" size-full wp-image-3134\" src=\"http:\/\/spriv.vojvodina.gov.rs\/wp-content\/uploads\/2017\/11\/24.11MEKST-8.JPG\" border=\"0\" alt=\"\" width=\"600\" height=\"400\" srcset=\"https:\/\/spriv.vojvodina.gov.rs\/wp-content\/uploads\/2017\/11\/24.11MEKST-8.JPG 600w, https:\/\/spriv.vojvodina.gov.rs\/wp-content\/uploads\/2017\/11\/24.11MEKST-8-300x200.jpg 300w\" sizes=\"auto, (max-width: 600px) 100vw, 600px\" \/><\/p>\n","protected":false},"excerpt":{"rendered":"Novi Sad, 24. novembar 2017 &#8211; Na Prirodno-matemati\u010dkom fakultetu Univerziteta u Novom Sadu, otvoren je IV Me\u0111unarodni kongres studenata turizma i hotelijerstva &#8211; MEKST2017. Ovogodi\u0161nji MEKST se odr\u017eava od 24. do 26. novembra u organizaciji udru\u017eenja ,,Fortuns\u201d, u saradnji sa Me\u0111unarodnom asocijacijom studenata turizma i hotelijerstva (IASTH) i Prirodno \u2013 matemati\u010dkim fakultetom iz Novog Sada i uz podr\u0161ku Pokrajinskog sekretarijata za privredu i turizam i Grada Novog Sada.\n<a class=\"moretag\" href=\"https:\/\/spriv.vojvodina.gov.rs\/rs\/ivan-dokovic-na-otvaranju-iv-medunarodnog-kongresa-studenata-turizma-i-hotelijerstva-mekst2017\/\"> [...]<\/a>","protected":false},"author":3,"featured_media":3126,"comment_status":"closed","ping_status":"closed","sticky":false,"template":"","format":"standard","meta":{"footnotes":""},"categories":[31],"tags":[],"class_list":["post-3136","post","type-post","status-publish","format-standard","has-post-thumbnail","hentry","category-vesti-latinica1"],"yoast_head":"<!-- This site is optimized with the Yoast SEO plugin v27.4 - https:\/\/yoast.com\/product\/yoast-seo-wordpress\/ -->\n<title>Ivan \u0110okovi\u0107 na otvaranju IV Me\u0111unarodnog kongresa studenata turizma i hotelijerstva - MEKST2017 - \u041f\u043e\u043a\u0440\u0430\u0458\u0438\u043d\u0441\u043a\u0438 \u0441\u0435\u043a\u0440\u0435\u0442\u0430\u0440\u0438\u0458\u0430\u0442 \u0437\u0430 \u043f\u0440\u0438\u0432\u0440\u0435\u0434\u0443 \u0438 \u0442\u0443\u0440\u0438\u0437\u0430\u043c<\/title>\n<meta name=\"robots\" content=\"index, follow, max-snippet:-1, max-image-preview:large, max-video-preview:-1\" \/>\n<link rel=\"canonical\" href=\"https:\/\/spriv.vojvodina.gov.rs\/rs\/ivan-dokovic-na-otvaranju-iv-medunarodnog-kongresa-studenata-turizma-i-hotelijerstva-mekst2017\/\" \/>\n<meta property=\"og:locale\" content=\"sr_RS\" \/>\n<meta property=\"og:type\" content=\"article\" \/>\n<meta property=\"og:title\" content=\"Ivan \u0110okovi\u0107 na otvaranju IV Me\u0111unarodnog kongresa studenata turizma i hotelijerstva - MEKST2017 - \u041f\u043e\u043a\u0440\u0430\u0458\u0438\u043d\u0441\u043a\u0438 \u0441\u0435\u043a\u0440\u0435\u0442\u0430\u0440\u0438\u0458\u0430\u0442 \u0437\u0430 \u043f\u0440\u0438\u0432\u0440\u0435\u0434\u0443 \u0438 \u0442\u0443\u0440\u0438\u0437\u0430\u043c\" \/>\n<meta property=\"og:description\" content=\"Novi Sad, 24. novembar 2017 - Na Prirodno-matemati\u010dkom fakultetu Univerziteta u Novom Sadu, otvoren je IV Me\u0111unarodni kongres studenata turizma i hotelijerstva - MEKST2017. Ovogodi\u0161nji MEKST se odr\u017eava od 24. do 26. novembra u organizaciji udru\u017eenja ,,Fortuns\u201d, u saradnji sa Me\u0111unarodnom asocijacijom studenata turizma i hotelijerstva (IASTH) i Prirodno \u2013 matemati\u010dkim fakultetom iz Novog Sada i uz podr\u0161ku Pokrajinskog sekretarijata za privredu i turizam i Grada Novog Sada.\" \/>\n<meta property=\"og:url\" content=\"https:\/\/spriv.vojvodina.gov.rs\/ivan-dokovic-na-otvaranju-iv-medunarodnog-kongresa-studenata-turizma-i-hotelijerstva-mekst2017\/\" \/>\n<meta property=\"og:site_name\" content=\"\u041f\u043e\u043a\u0440\u0430\u0458\u0438\u043d\u0441\u043a\u0438 \u0441\u0435\u043a\u0440\u0435\u0442\u0430\u0440\u0438\u0458\u0430\u0442 \u0437\u0430 \u043f\u0440\u0438\u0432\u0440\u0435\u0434\u0443 \u0438 \u0442\u0443\u0440\u0438\u0437\u0430\u043c\" \/>\n<meta property=\"article:published_time\" content=\"2017-11-25T00:07:00+00:00\" \/>\n<meta property=\"og:image\" content=\"https:\/\/spriv.vojvodina.gov.rs\/wp-content\/uploads\/2017\/11\/24.11MEKST-mala.JPG\" \/>\n\t<meta property=\"og:image:width\" content=\"150\" \/>\n\t<meta property=\"og:image:height\" content=\"100\" \/>\n\t<meta property=\"og:image:type\" content=\"image\/jpeg\" \/>\n<meta name=\"author\" content=\"Sonja Babi\u0107\" \/>\n<meta name=\"twitter:card\" content=\"summary_large_image\" \/>\n<meta name=\"twitter:label1\" content=\"\u041d\u0430\u043f\u0438\u0441\u0430\u043d\u043e \u043e\u0434\" \/>\n\t<meta name=\"twitter:data1\" content=\"Sonja Babi\u0107\" \/>\n\t<meta name=\"twitter:label2\" content=\"\u041f\u0440\u043e\u0446\u0435\u045a\u0435\u043d\u043e \u0432\u0440\u0435\u043c\u0435 \u0447\u0438\u0442\u0430\u045a\u0430\" \/>\n\t<meta name=\"twitter:data2\" content=\"3 \u043c\u0438\u043d\u0443\u0442\u0430\" \/>\n<script type=\"application\/ld+json\" class=\"yoast-schema-graph\">{\"@context\":\"https:\\\/\\\/schema.org\",\"@graph\":[{\"@type\":\"Article\",\"@id\":\"https:\\\/\\\/spriv.vojvodina.gov.rs\\\/ivan-dokovic-na-otvaranju-iv-medunarodnog-kongresa-studenata-turizma-i-hotelijerstva-mekst2017\\\/#article\",\"isPartOf\":{\"@id\":\"https:\\\/\\\/spriv.vojvodina.gov.rs\\\/ivan-dokovic-na-otvaranju-iv-medunarodnog-kongresa-studenata-turizma-i-hotelijerstva-mekst2017\\\/\"},\"author\":{\"name\":\"Sonja Babi\u0107\",\"@id\":\"https:\\\/\\\/spriv.vojvodina.gov.rs\\\/#\\\/schema\\\/person\\\/749ef4f57fbb458f1c759e7a4fa78485\"},\"headline\":\"Ivan \u0110okovi\u0107 na otvaranju IV Me\u0111unarodnog kongresa studenata turizma i hotelijerstva &#8211; MEKST2017\",\"datePublished\":\"2017-11-25T00:07:00+00:00\",\"mainEntityOfPage\":{\"@id\":\"https:\\\/\\\/spriv.vojvodina.gov.rs\\\/ivan-dokovic-na-otvaranju-iv-medunarodnog-kongresa-studenata-turizma-i-hotelijerstva-mekst2017\\\/\"},\"wordCount\":522,\"image\":{\"@id\":\"https:\\\/\\\/spriv.vojvodina.gov.rs\\\/ivan-dokovic-na-otvaranju-iv-medunarodnog-kongresa-studenata-turizma-i-hotelijerstva-mekst2017\\\/#primaryimage\"},\"thumbnailUrl\":\"https:\\\/\\\/spriv.vojvodina.gov.rs\\\/wp-content\\\/uploads\\\/2017\\\/11\\\/24.11MEKST-mala.JPG\",\"articleSection\":[\"Vesti Latinica\"],\"inLanguage\":\"sr-RS\"},{\"@type\":\"WebPage\",\"@id\":\"https:\\\/\\\/spriv.vojvodina.gov.rs\\\/ivan-dokovic-na-otvaranju-iv-medunarodnog-kongresa-studenata-turizma-i-hotelijerstva-mekst2017\\\/\",\"url\":\"https:\\\/\\\/spriv.vojvodina.gov.rs\\\/ivan-dokovic-na-otvaranju-iv-medunarodnog-kongresa-studenata-turizma-i-hotelijerstva-mekst2017\\\/\",\"name\":\"Ivan \u0110okovi\u0107 na otvaranju IV Me\u0111unarodnog kongresa studenata turizma i hotelijerstva - MEKST2017 - \u041f\u043e\u043a\u0440\u0430\u0458\u0438\u043d\u0441\u043a\u0438 \u0441\u0435\u043a\u0440\u0435\u0442\u0430\u0440\u0438\u0458\u0430\u0442 \u0437\u0430 \u043f\u0440\u0438\u0432\u0440\u0435\u0434\u0443 \u0438 \u0442\u0443\u0440\u0438\u0437\u0430\u043c\",\"isPartOf\":{\"@id\":\"https:\\\/\\\/spriv.vojvodina.gov.rs\\\/#website\"},\"primaryImageOfPage\":{\"@id\":\"https:\\\/\\\/spriv.vojvodina.gov.rs\\\/ivan-dokovic-na-otvaranju-iv-medunarodnog-kongresa-studenata-turizma-i-hotelijerstva-mekst2017\\\/#primaryimage\"},\"image\":{\"@id\":\"https:\\\/\\\/spriv.vojvodina.gov.rs\\\/ivan-dokovic-na-otvaranju-iv-medunarodnog-kongresa-studenata-turizma-i-hotelijerstva-mekst2017\\\/#primaryimage\"},\"thumbnailUrl\":\"https:\\\/\\\/spriv.vojvodina.gov.rs\\\/wp-content\\\/uploads\\\/2017\\\/11\\\/24.11MEKST-mala.JPG\",\"datePublished\":\"2017-11-25T00:07:00+00:00\",\"author\":{\"@id\":\"https:\\\/\\\/spriv.vojvodina.gov.rs\\\/#\\\/schema\\\/person\\\/749ef4f57fbb458f1c759e7a4fa78485\"},\"breadcrumb\":{\"@id\":\"https:\\\/\\\/spriv.vojvodina.gov.rs\\\/ivan-dokovic-na-otvaranju-iv-medunarodnog-kongresa-studenata-turizma-i-hotelijerstva-mekst2017\\\/#breadcrumb\"},\"inLanguage\":\"sr-RS\",\"potentialAction\":[{\"@type\":\"ReadAction\",\"target\":[\"https:\\\/\\\/spriv.vojvodina.gov.rs\\\/ivan-dokovic-na-otvaranju-iv-medunarodnog-kongresa-studenata-turizma-i-hotelijerstva-mekst2017\\\/\"]}]},{\"@type\":\"ImageObject\",\"inLanguage\":\"sr-RS\",\"@id\":\"https:\\\/\\\/spriv.vojvodina.gov.rs\\\/ivan-dokovic-na-otvaranju-iv-medunarodnog-kongresa-studenata-turizma-i-hotelijerstva-mekst2017\\\/#primaryimage\",\"url\":\"https:\\\/\\\/spriv.vojvodina.gov.rs\\\/wp-content\\\/uploads\\\/2017\\\/11\\\/24.11MEKST-mala.JPG\",\"contentUrl\":\"https:\\\/\\\/spriv.vojvodina.gov.rs\\\/wp-content\\\/uploads\\\/2017\\\/11\\\/24.11MEKST-mala.JPG\",\"width\":150,\"height\":100},{\"@type\":\"BreadcrumbList\",\"@id\":\"https:\\\/\\\/spriv.vojvodina.gov.rs\\\/ivan-dokovic-na-otvaranju-iv-medunarodnog-kongresa-studenata-turizma-i-hotelijerstva-mekst2017\\\/#breadcrumb\",\"itemListElement\":[{\"@type\":\"ListItem\",\"position\":1,\"name\":\"Home\",\"item\":\"https:\\\/\\\/spriv.vojvodina.gov.rs\\\/\"},{\"@type\":\"ListItem\",\"position\":2,\"name\":\"Ivan \u0110okovi\u0107 na otvaranju IV Me\u0111unarodnog kongresa studenata turizma i hotelijerstva &#8211; MEKST2017\"}]},{\"@type\":\"WebSite\",\"@id\":\"https:\\\/\\\/spriv.vojvodina.gov.rs\\\/#website\",\"url\":\"https:\\\/\\\/spriv.vojvodina.gov.rs\\\/\",\"name\":\"\u041f\u043e\u043a\u0440\u0430\u0458\u0438\u043d\u0441\u043a\u0438 \u0441\u0435\u043a\u0440\u0435\u0442\u0430\u0440\u0438\u0458\u0430\u0442 \u0437\u0430 \u043f\u0440\u0438\u0432\u0440\u0435\u0434\u0443 \u0438 \u0442\u0443\u0440\u0438\u0437\u0430\u043c\",\"description\":\"\u041f\u043e\u043a\u0440\u0430\u0458\u0438\u043d\u0441\u043a\u0438 \u0441\u0435\u043a\u0440\u0435\u0442\u0430\u0440\u0438\u0458\u0430\u0442 \u0437\u0430 \u043f\u0440\u0438\u0432\u0440\u0435\u0434\u0443 \u0438 \u0442\u0443\u0440\u0438\u0437\u0430\u043c\",\"potentialAction\":[{\"@type\":\"SearchAction\",\"target\":{\"@type\":\"EntryPoint\",\"urlTemplate\":\"https:\\\/\\\/spriv.vojvodina.gov.rs\\\/?s={search_term_string}\"},\"query-input\":{\"@type\":\"PropertyValueSpecification\",\"valueRequired\":true,\"valueName\":\"search_term_string\"}}],\"inLanguage\":\"sr-RS\"},{\"@type\":\"Person\",\"@id\":\"https:\\\/\\\/spriv.vojvodina.gov.rs\\\/#\\\/schema\\\/person\\\/749ef4f57fbb458f1c759e7a4fa78485\",\"name\":\"Sonja Babi\u0107\",\"image\":{\"@type\":\"ImageObject\",\"inLanguage\":\"sr-RS\",\"@id\":\"https:\\\/\\\/secure.gravatar.com\\\/avatar\\\/00a1d182a20a59067af1e7b1c31cbcc3be1a456ee4b27746580e120c2582e5bd?s=96&d=mm&r=g\",\"url\":\"https:\\\/\\\/secure.gravatar.com\\\/avatar\\\/00a1d182a20a59067af1e7b1c31cbcc3be1a456ee4b27746580e120c2582e5bd?s=96&d=mm&r=g\",\"contentUrl\":\"https:\\\/\\\/secure.gravatar.com\\\/avatar\\\/00a1d182a20a59067af1e7b1c31cbcc3be1a456ee4b27746580e120c2582e5bd?s=96&d=mm&r=g\",\"caption\":\"Sonja Babi\u0107\"},\"url\":\"https:\\\/\\\/spriv.vojvodina.gov.rs\\\/rs\\\/author\\\/sonja-babic\\\/\"}]}<\/script>\n<!-- \/ Yoast SEO plugin. -->","yoast_head_json":{"title":"Ivan \u0110okovi\u0107 na otvaranju IV Me\u0111unarodnog kongresa studenata turizma i hotelijerstva - MEKST2017 - \u041f\u043e\u043a\u0440\u0430\u0458\u0438\u043d\u0441\u043a\u0438 \u0441\u0435\u043a\u0440\u0435\u0442\u0430\u0440\u0438\u0458\u0430\u0442 \u0437\u0430 \u043f\u0440\u0438\u0432\u0440\u0435\u0434\u0443 \u0438 \u0442\u0443\u0440\u0438\u0437\u0430\u043c","robots":{"index":"index","follow":"follow","max-snippet":"max-snippet:-1","max-image-preview":"max-image-preview:large","max-video-preview":"max-video-preview:-1"},"canonical":"https:\/\/spriv.vojvodina.gov.rs\/rs\/ivan-dokovic-na-otvaranju-iv-medunarodnog-kongresa-studenata-turizma-i-hotelijerstva-mekst2017\/","og_locale":"sr_RS","og_type":"article","og_title":"Ivan \u0110okovi\u0107 na otvaranju IV Me\u0111unarodnog kongresa studenata turizma i hotelijerstva - MEKST2017 - \u041f\u043e\u043a\u0440\u0430\u0458\u0438\u043d\u0441\u043a\u0438 \u0441\u0435\u043a\u0440\u0435\u0442\u0430\u0440\u0438\u0458\u0430\u0442 \u0437\u0430 \u043f\u0440\u0438\u0432\u0440\u0435\u0434\u0443 \u0438 \u0442\u0443\u0440\u0438\u0437\u0430\u043c","og_description":"Novi Sad, 24. novembar 2017 - Na Prirodno-matemati\u010dkom fakultetu Univerziteta u Novom Sadu, otvoren je IV Me\u0111unarodni kongres studenata turizma i hotelijerstva - MEKST2017. Ovogodi\u0161nji MEKST se odr\u017eava od 24. do 26. novembra u organizaciji udru\u017eenja ,,Fortuns\u201d, u saradnji sa Me\u0111unarodnom asocijacijom studenata turizma i hotelijerstva (IASTH) i Prirodno \u2013 matemati\u010dkim fakultetom iz Novog Sada i uz podr\u0161ku Pokrajinskog sekretarijata za privredu i turizam i Grada Novog Sada.","og_url":"https:\/\/spriv.vojvodina.gov.rs\/ivan-dokovic-na-otvaranju-iv-medunarodnog-kongresa-studenata-turizma-i-hotelijerstva-mekst2017\/","og_site_name":"\u041f\u043e\u043a\u0440\u0430\u0458\u0438\u043d\u0441\u043a\u0438 \u0441\u0435\u043a\u0440\u0435\u0442\u0430\u0440\u0438\u0458\u0430\u0442 \u0437\u0430 \u043f\u0440\u0438\u0432\u0440\u0435\u0434\u0443 \u0438 \u0442\u0443\u0440\u0438\u0437\u0430\u043c","article_published_time":"2017-11-25T00:07:00+00:00","og_image":[{"width":150,"height":100,"url":"https:\/\/spriv.vojvodina.gov.rs\/wp-content\/uploads\/2017\/11\/24.11MEKST-mala.JPG","type":"image\/jpeg"}],"author":"Sonja Babi\u0107","twitter_card":"summary_large_image","twitter_misc":{"\u041d\u0430\u043f\u0438\u0441\u0430\u043d\u043e \u043e\u0434":"Sonja Babi\u0107","\u041f\u0440\u043e\u0446\u0435\u045a\u0435\u043d\u043e \u0432\u0440\u0435\u043c\u0435 \u0447\u0438\u0442\u0430\u045a\u0430":"3 \u043c\u0438\u043d\u0443\u0442\u0430"},"schema":{"@context":"https:\/\/schema.org","@graph":[{"@type":"Article","@id":"https:\/\/spriv.vojvodina.gov.rs\/ivan-dokovic-na-otvaranju-iv-medunarodnog-kongresa-studenata-turizma-i-hotelijerstva-mekst2017\/#article","isPartOf":{"@id":"https:\/\/spriv.vojvodina.gov.rs\/ivan-dokovic-na-otvaranju-iv-medunarodnog-kongresa-studenata-turizma-i-hotelijerstva-mekst2017\/"},"author":{"name":"Sonja Babi\u0107","@id":"https:\/\/spriv.vojvodina.gov.rs\/#\/schema\/person\/749ef4f57fbb458f1c759e7a4fa78485"},"headline":"Ivan \u0110okovi\u0107 na otvaranju IV Me\u0111unarodnog kongresa studenata turizma i hotelijerstva &#8211; MEKST2017","datePublished":"2017-11-25T00:07:00+00:00","mainEntityOfPage":{"@id":"https:\/\/spriv.vojvodina.gov.rs\/ivan-dokovic-na-otvaranju-iv-medunarodnog-kongresa-studenata-turizma-i-hotelijerstva-mekst2017\/"},"wordCount":522,"image":{"@id":"https:\/\/spriv.vojvodina.gov.rs\/ivan-dokovic-na-otvaranju-iv-medunarodnog-kongresa-studenata-turizma-i-hotelijerstva-mekst2017\/#primaryimage"},"thumbnailUrl":"https:\/\/spriv.vojvodina.gov.rs\/wp-content\/uploads\/2017\/11\/24.11MEKST-mala.JPG","articleSection":["Vesti Latinica"],"inLanguage":"sr-RS"},{"@type":"WebPage","@id":"https:\/\/spriv.vojvodina.gov.rs\/ivan-dokovic-na-otvaranju-iv-medunarodnog-kongresa-studenata-turizma-i-hotelijerstva-mekst2017\/","url":"https:\/\/spriv.vojvodina.gov.rs\/ivan-dokovic-na-otvaranju-iv-medunarodnog-kongresa-studenata-turizma-i-hotelijerstva-mekst2017\/","name":"Ivan \u0110okovi\u0107 na otvaranju IV Me\u0111unarodnog kongresa studenata turizma i hotelijerstva - MEKST2017 - \u041f\u043e\u043a\u0440\u0430\u0458\u0438\u043d\u0441\u043a\u0438 \u0441\u0435\u043a\u0440\u0435\u0442\u0430\u0440\u0438\u0458\u0430\u0442 \u0437\u0430 \u043f\u0440\u0438\u0432\u0440\u0435\u0434\u0443 \u0438 \u0442\u0443\u0440\u0438\u0437\u0430\u043c","isPartOf":{"@id":"https:\/\/spriv.vojvodina.gov.rs\/#website"},"primaryImageOfPage":{"@id":"https:\/\/spriv.vojvodina.gov.rs\/ivan-dokovic-na-otvaranju-iv-medunarodnog-kongresa-studenata-turizma-i-hotelijerstva-mekst2017\/#primaryimage"},"image":{"@id":"https:\/\/spriv.vojvodina.gov.rs\/ivan-dokovic-na-otvaranju-iv-medunarodnog-kongresa-studenata-turizma-i-hotelijerstva-mekst2017\/#primaryimage"},"thumbnailUrl":"https:\/\/spriv.vojvodina.gov.rs\/wp-content\/uploads\/2017\/11\/24.11MEKST-mala.JPG","datePublished":"2017-11-25T00:07:00+00:00","author":{"@id":"https:\/\/spriv.vojvodina.gov.rs\/#\/schema\/person\/749ef4f57fbb458f1c759e7a4fa78485"},"breadcrumb":{"@id":"https:\/\/spriv.vojvodina.gov.rs\/ivan-dokovic-na-otvaranju-iv-medunarodnog-kongresa-studenata-turizma-i-hotelijerstva-mekst2017\/#breadcrumb"},"inLanguage":"sr-RS","potentialAction":[{"@type":"ReadAction","target":["https:\/\/spriv.vojvodina.gov.rs\/ivan-dokovic-na-otvaranju-iv-medunarodnog-kongresa-studenata-turizma-i-hotelijerstva-mekst2017\/"]}]},{"@type":"ImageObject","inLanguage":"sr-RS","@id":"https:\/\/spriv.vojvodina.gov.rs\/ivan-dokovic-na-otvaranju-iv-medunarodnog-kongresa-studenata-turizma-i-hotelijerstva-mekst2017\/#primaryimage","url":"https:\/\/spriv.vojvodina.gov.rs\/wp-content\/uploads\/2017\/11\/24.11MEKST-mala.JPG","contentUrl":"https:\/\/spriv.vojvodina.gov.rs\/wp-content\/uploads\/2017\/11\/24.11MEKST-mala.JPG","width":150,"height":100},{"@type":"BreadcrumbList","@id":"https:\/\/spriv.vojvodina.gov.rs\/ivan-dokovic-na-otvaranju-iv-medunarodnog-kongresa-studenata-turizma-i-hotelijerstva-mekst2017\/#breadcrumb","itemListElement":[{"@type":"ListItem","position":1,"name":"Home","item":"https:\/\/spriv.vojvodina.gov.rs\/"},{"@type":"ListItem","position":2,"name":"Ivan \u0110okovi\u0107 na otvaranju IV Me\u0111unarodnog kongresa studenata turizma i hotelijerstva &#8211; MEKST2017"}]},{"@type":"WebSite","@id":"https:\/\/spriv.vojvodina.gov.rs\/#website","url":"https:\/\/spriv.vojvodina.gov.rs\/","name":"\u041f\u043e\u043a\u0440\u0430\u0458\u0438\u043d\u0441\u043a\u0438 \u0441\u0435\u043a\u0440\u0435\u0442\u0430\u0440\u0438\u0458\u0430\u0442 \u0437\u0430 \u043f\u0440\u0438\u0432\u0440\u0435\u0434\u0443 \u0438 \u0442\u0443\u0440\u0438\u0437\u0430\u043c","description":"\u041f\u043e\u043a\u0440\u0430\u0458\u0438\u043d\u0441\u043a\u0438 \u0441\u0435\u043a\u0440\u0435\u0442\u0430\u0440\u0438\u0458\u0430\u0442 \u0437\u0430 \u043f\u0440\u0438\u0432\u0440\u0435\u0434\u0443 \u0438 \u0442\u0443\u0440\u0438\u0437\u0430\u043c","potentialAction":[{"@type":"SearchAction","target":{"@type":"EntryPoint","urlTemplate":"https:\/\/spriv.vojvodina.gov.rs\/?s={search_term_string}"},"query-input":{"@type":"PropertyValueSpecification","valueRequired":true,"valueName":"search_term_string"}}],"inLanguage":"sr-RS"},{"@type":"Person","@id":"https:\/\/spriv.vojvodina.gov.rs\/#\/schema\/person\/749ef4f57fbb458f1c759e7a4fa78485","name":"Sonja Babi\u0107","image":{"@type":"ImageObject","inLanguage":"sr-RS","@id":"https:\/\/secure.gravatar.com\/avatar\/00a1d182a20a59067af1e7b1c31cbcc3be1a456ee4b27746580e120c2582e5bd?s=96&d=mm&r=g","url":"https:\/\/secure.gravatar.com\/avatar\/00a1d182a20a59067af1e7b1c31cbcc3be1a456ee4b27746580e120c2582e5bd?s=96&d=mm&r=g","contentUrl":"https:\/\/secure.gravatar.com\/avatar\/00a1d182a20a59067af1e7b1c31cbcc3be1a456ee4b27746580e120c2582e5bd?s=96&d=mm&r=g","caption":"Sonja Babi\u0107"},"url":"https:\/\/spriv.vojvodina.gov.rs\/rs\/author\/sonja-babic\/"}]}},"_links":{"self":[{"href":"https:\/\/spriv.vojvodina.gov.rs\/rs\/wp-json\/wp\/v2\/posts\/3136","targetHints":{"allow":["GET"]}}],"collection":[{"href":"https:\/\/spriv.vojvodina.gov.rs\/rs\/wp-json\/wp\/v2\/posts"}],"about":[{"href":"https:\/\/spriv.vojvodina.gov.rs\/rs\/wp-json\/wp\/v2\/types\/post"}],"author":[{"embeddable":true,"href":"https:\/\/spriv.vojvodina.gov.rs\/rs\/wp-json\/wp\/v2\/users\/3"}],"replies":[{"embeddable":true,"href":"https:\/\/spriv.vojvodina.gov.rs\/rs\/wp-json\/wp\/v2\/comments?post=3136"}],"version-history":[{"count":0,"href":"https:\/\/spriv.vojvodina.gov.rs\/rs\/wp-json\/wp\/v2\/posts\/3136\/revisions"}],"wp:featuredmedia":[{"embeddable":true,"href":"https:\/\/spriv.vojvodina.gov.rs\/rs\/wp-json\/wp\/v2\/media\/3126"}],"wp:attachment":[{"href":"https:\/\/spriv.vojvodina.gov.rs\/rs\/wp-json\/wp\/v2\/media?parent=3136"}],"wp:term":[{"taxonomy":"category","embeddable":true,"href":"https:\/\/spriv.vojvodina.gov.rs\/rs\/wp-json\/wp\/v2\/categories?post=3136"},{"taxonomy":"post_tag","embeddable":true,"href":"https:\/\/spriv.vojvodina.gov.rs\/rs\/wp-json\/wp\/v2\/tags?post=3136"}],"curies":[{"name":"wp","href":"https:\/\/api.w.org\/{rel}","templated":true}]}}