{"id":3034,"date":"2017-10-20T10:38:16","date_gmt":"2017-10-20T10:38:16","guid":{"rendered":"http:\/\/spriv.vojvodina.gov.rs\/2017\/10\/20\/ivan-dokovic-kombinacija-turistickih-resursa-kovina-potencijalni-gravitacioni-centar-juznog-banata\/"},"modified":"2017-10-20T10:38:16","modified_gmt":"2017-10-20T10:38:16","slug":"ivan-dokovic-kombinacija-turistickih-resursa-kovina-potencijalni-gravitacioni-centar-juznog-banata","status":"publish","type":"post","link":"https:\/\/spriv.vojvodina.gov.rs\/rs\/ivan-dokovic-kombinacija-turistickih-resursa-kovina-potencijalni-gravitacioni-centar-juznog-banata\/","title":{"rendered":"Ivan \u0110okovi\u0107: Kombinacija turisti\u010dkih resursa Kovina potencijalni gravitacioni centar ju\u017enog Banata"},"content":{"rendered":"<p style=\"text-align: center;\"><img loading=\"lazy\" decoding=\"async\" class=\" size-full wp-image-3022\" src=\"http:\/\/spriv.vojvodina.gov.rs\/wp-content\/uploads\/2017\/10\/19.10-Kovin-1.JPG\" border=\"0\" alt=\"\" width=\"600\" height=\"400\" srcset=\"https:\/\/spriv.vojvodina.gov.rs\/wp-content\/uploads\/2017\/10\/19.10-Kovin-1.JPG 600w, https:\/\/spriv.vojvodina.gov.rs\/wp-content\/uploads\/2017\/10\/19.10-Kovin-1-300x200.jpg 300w\" sizes=\"auto, (max-width: 600px) 100vw, 600px\" \/><\/p>\n<p style=\"text-align: justify;\">Novi Sad, 20. oktobar 2017. &#8211; Potpredsednik Pokrajinske vlade i pokrajinski sekretar za privredu i turizam, Ivan \u0110okovi\u0107, sa saradnicima, boravio je u radnoj poseti Op\u0161tini Kovin, gde je sa predstavnicima op\u0161tinske uprave i turisti\u010dke organizacije Kovina, razgovarao o infrastrukturnim projektima, planovima i programima koje ova lokalna samouprava planira u teku\u0107oj i narednoj godini i koje je realizovala ili su, pak u fazi realizacije, prevashodno u vezi sa podsticajnim merama i mogu\u0107nostima za unapre\u0111enje saradnje u predstoje\u0107em periodu.<\/p>\n<p style=\"text-align: center;\"><img loading=\"lazy\" decoding=\"async\" class=\" size-full wp-image-3023\" src=\"http:\/\/spriv.vojvodina.gov.rs\/wp-content\/uploads\/2017\/10\/19.10-Kovin-2.JPG\" border=\"0\" alt=\"\" width=\"600\" height=\"400\" srcset=\"https:\/\/spriv.vojvodina.gov.rs\/wp-content\/uploads\/2017\/10\/19.10-Kovin-2.JPG 600w, https:\/\/spriv.vojvodina.gov.rs\/wp-content\/uploads\/2017\/10\/19.10-Kovin-2-300x200.jpg 300w\" sizes=\"auto, (max-width: 600px) 100vw, 600px\" \/><\/p>\n<p style=\"text-align: justify;\">Razgovaralo se i o brojnim turisti\u010dkim potencijalima ove lokalne samouprave, te o mogu\u0107nostima za bolju i efikasniju upotrebu i promociju nedovoljno iskori\u0161\u0107enih potencijala.<\/p>\n<p style=\"text-align: center;\"><img loading=\"lazy\" decoding=\"async\" class=\" size-full wp-image-3024\" src=\"http:\/\/spriv.vojvodina.gov.rs\/wp-content\/uploads\/2017\/10\/19.10-Kovin-3.JPG\" border=\"0\" alt=\"\" width=\"600\" height=\"400\" srcset=\"https:\/\/spriv.vojvodina.gov.rs\/wp-content\/uploads\/2017\/10\/19.10-Kovin-3.JPG 600w, https:\/\/spriv.vojvodina.gov.rs\/wp-content\/uploads\/2017\/10\/19.10-Kovin-3-300x200.jpg 300w\" sizes=\"auto, (max-width: 600px) 100vw, 600px\" \/><\/p>\n<p style=\"text-align: justify;\">Ovom prilikom su prikazane i video prezentacije\u00a0 prostorijama Op\u0161tine Kovin, koje su kroz druga\u010diju perspektivu i vizuru reditelja, podrobnije predstavile turisti\u010dke ta\u010dke ove op\u0161tine od strate\u0161kog zna\u010daja za dalji razvoj i odr\u017eivost turizma u ovoj mikroregiji.\u00a0\u00a0<\/p>\n<p style=\"text-align: center;\"><img loading=\"lazy\" decoding=\"async\" class=\" size-full wp-image-3025\" src=\"http:\/\/spriv.vojvodina.gov.rs\/wp-content\/uploads\/2017\/10\/19.10-Kovin-4.JPG\" border=\"0\" alt=\"\" width=\"600\" height=\"400\" srcset=\"https:\/\/spriv.vojvodina.gov.rs\/wp-content\/uploads\/2017\/10\/19.10-Kovin-4.JPG 600w, https:\/\/spriv.vojvodina.gov.rs\/wp-content\/uploads\/2017\/10\/19.10-Kovin-4-300x200.jpg 300w\" sizes=\"auto, (max-width: 600px) 100vw, 600px\" \/><\/p>\n<p style=\"text-align: justify;\">Kombinacija dva faktora koji su klju\u010dni za Kovin, a to su dobri ljudi i prirodna bogatstva, \u010dini njegov potencijal izizetnim po svom opsegu, rekao je potpredsednik Ivan \u0110okovi\u0107, istakav\u0161i da je to jedan od razloga za pru\u017eanje podr\u0161ke ovoj lokalnoj samoupravi. ,,Sveobuhvatnost turisti\u010dkih potencijala Kovina, elan i napor ljudi koji predano rade na njihovom odr\u017eavanju, dokazuju da Kovin postaje centar koji svojim turisti\u010dkim potencijalom po\u010dinje da se izdvaja u ju\u017enom Banatu, kao i u okru\u017eenju Beograda i Vojvodine. Ono \u0161to mo\u017ee da uti\u010de na stvaranje nove vrednosti i doprinese ve\u0107em broju posetilaca jesu reka Dunav i jezera, kao najve\u0107i neiskori\u0161\u0107en potencijal u \u0161irem privrednom smislu. U kombinaciji sa me\u0111unarodnim biciklisti\u010dkim stazama, dobrom infrastrukturnom povezano\u0161\u0107u Kovina sa Rumunijom i ostatkom Srbije, mo\u017ee se stvoriti gravitacioni centar ju\u017enog Banata, \u0161to se mo\u017ee i multiplicirati na ostale dru\u0161tvene slojeve i podi\u0107i kvalitet \u017eivota u celom Kovinu\u201c, rekao je \u0110okovi\u0107.<\/p>\n<p style=\"text-align: center;\"><img loading=\"lazy\" decoding=\"async\" class=\" size-full wp-image-3026\" src=\"http:\/\/spriv.vojvodina.gov.rs\/wp-content\/uploads\/2017\/10\/19.10-Kovin-5.JPG\" border=\"0\" alt=\"\" width=\"600\" height=\"400\" srcset=\"https:\/\/spriv.vojvodina.gov.rs\/wp-content\/uploads\/2017\/10\/19.10-Kovin-5.JPG 600w, https:\/\/spriv.vojvodina.gov.rs\/wp-content\/uploads\/2017\/10\/19.10-Kovin-5-300x200.jpg 300w\" sizes=\"auto, (max-width: 600px) 100vw, 600px\" \/><\/p>\n<p style=\"text-align: center;\"><img loading=\"lazy\" decoding=\"async\" class=\" size-full wp-image-3027\" src=\"http:\/\/spriv.vojvodina.gov.rs\/wp-content\/uploads\/2017\/10\/19.10-Kovin-6.JPG\" border=\"0\" alt=\"\" width=\"600\" height=\"400\" srcset=\"https:\/\/spriv.vojvodina.gov.rs\/wp-content\/uploads\/2017\/10\/19.10-Kovin-6.JPG 600w, https:\/\/spriv.vojvodina.gov.rs\/wp-content\/uploads\/2017\/10\/19.10-Kovin-6-300x200.jpg 300w\" sizes=\"auto, (max-width: 600px) 100vw, 600px\" \/><\/p>\n<p style=\"text-align: center;\"><em>\u043ebilazak jezera ,,\u0160ljunkara&#8220;<\/em><\/p>\n<p style=\"text-align: justify;\">Uprili\u010den je i obilazak zna\u010dajnih lokaliteta u Kovinu i okolini, ta\u010dnije obilazak jezera ,,\u0160ljunkara na oko 2,5 kilometra isto\u010dno od Kovina, koje predstavlja atraktivno kupali\u0161te i izleti\u0161te, etno ku\u0107e u Skorenovcu, a potom i najdu\u017ee makete Dunava u Srbiji, koja je stara oko 50 godina, najverodostojnijeg prikaza toka reke od Kladova do Slankamena, sa svim pritokama, uvalama i vernim reljefom. Pomenuta maketa se nalazi u delu ,,Stari grad\u201c kraj ugostiteljskog objekta ,,Plamen grad\u201c. Sagra\u0111ena je od betona, na inicijativu Direkcije za izgradnju \u0110erdapa, u razmeri koje ljudsko oko shvata najbolje, 1:100 metara visine i 5000 metara duzine. Sam projekat je osmi\u0161ljen sa namerom da poslu\u017ei kao nastavno u\u010dilo i prika\u017ee hidroakumulaciju \u0110erdapske centrale i konfiguraciju terena reke. Danas predstavlja simbol Kovina i epohe jednog vremena.<\/p>\n<p style=\"text-align: center;\"><img loading=\"lazy\" decoding=\"async\" class=\" size-full wp-image-3028\" src=\"http:\/\/spriv.vojvodina.gov.rs\/wp-content\/uploads\/2017\/10\/19.10-Kovin-7.JPG\" border=\"0\" alt=\"\" width=\"600\" height=\"400\" srcset=\"https:\/\/spriv.vojvodina.gov.rs\/wp-content\/uploads\/2017\/10\/19.10-Kovin-7.JPG 600w, https:\/\/spriv.vojvodina.gov.rs\/wp-content\/uploads\/2017\/10\/19.10-Kovin-7-300x200.jpg 300w\" sizes=\"auto, (max-width: 600px) 100vw, 600px\" \/><\/p>\n<p style=\"text-align: center;\"><img loading=\"lazy\" decoding=\"async\" class=\" size-full wp-image-3029\" src=\"http:\/\/spriv.vojvodina.gov.rs\/wp-content\/uploads\/2017\/10\/19.10-Kovin-8.JPG\" border=\"0\" alt=\"\" width=\"600\" height=\"400\" srcset=\"https:\/\/spriv.vojvodina.gov.rs\/wp-content\/uploads\/2017\/10\/19.10-Kovin-8.JPG 600w, https:\/\/spriv.vojvodina.gov.rs\/wp-content\/uploads\/2017\/10\/19.10-Kovin-8-300x200.jpg 300w\" sizes=\"auto, (max-width: 600px) 100vw, 600px\" \/><\/p>\n<p style=\"text-align: center;\"><em>\u043ebilazak etno ku\u0107e u Skorenovac<\/em><\/p>\n<p style=\"text-align: justify;\">\u0110okovi\u0107 je obi\u0161ao i, specijalni rezervat prirode ,,Kraljevac\u201c u Deliblatu, kao i Edukativni centar \u201e\u010cardak\u201c u Specijalnom rezervatu prirode \u201eDeliblatska pe\u0161\u010dara\u201c, \u010dija je namena da kroz organizovanu edukaciju o principima odr\u017eivog nadzora i upravljanja, pove\u0107a svest korisnika podru\u010dja o neminovnosti za\u0161tite prirode i spre\u010davanju opadanja biolo\u0161ke raznovrsnosti.\u00a0<\/p>\n<p style=\"text-align: center;\"><img loading=\"lazy\" decoding=\"async\" class=\" size-full wp-image-3030\" src=\"http:\/\/spriv.vojvodina.gov.rs\/wp-content\/uploads\/2017\/10\/19.10-Kovin-192.JPG\" border=\"0\" alt=\"\" width=\"600\" height=\"400\" srcset=\"https:\/\/spriv.vojvodina.gov.rs\/wp-content\/uploads\/2017\/10\/19.10-Kovin-192.JPG 600w, https:\/\/spriv.vojvodina.gov.rs\/wp-content\/uploads\/2017\/10\/19.10-Kovin-192-300x200.jpg 300w\" sizes=\"auto, (max-width: 600px) 100vw, 600px\" \/><\/p>\n<p style=\"text-align: center;\"><em>\u0415dukatiivni, \u0161kolsko-obrazovni centar ,,\u010cardak&#8220;<\/em><\/p>\n<p style=\"text-align: center;\"><em><img loading=\"lazy\" decoding=\"async\" class=\" size-full wp-image-3031\" src=\"http:\/\/spriv.vojvodina.gov.rs\/wp-content\/uploads\/2017\/10\/19.10-Kovin-9.JPG\" border=\"0\" alt=\"\" width=\"600\" height=\"400\" srcset=\"https:\/\/spriv.vojvodina.gov.rs\/wp-content\/uploads\/2017\/10\/19.10-Kovin-9.JPG 600w, https:\/\/spriv.vojvodina.gov.rs\/wp-content\/uploads\/2017\/10\/19.10-Kovin-9-300x200.jpg 300w\" sizes=\"auto, (max-width: 600px) 100vw, 600px\" \/><\/em><\/p>\n<p style=\"text-align: center;\">\u00a0<\/p>\n<p style=\"text-align: center;\"><img loading=\"lazy\" decoding=\"async\" class=\" size-full wp-image-3032\" src=\"http:\/\/spriv.vojvodina.gov.rs\/wp-content\/uploads\/2017\/10\/19.10-Kovin-91.JPG\" border=\"0\" alt=\"\" width=\"600\" height=\"400\" srcset=\"https:\/\/spriv.vojvodina.gov.rs\/wp-content\/uploads\/2017\/10\/19.10-Kovin-91.JPG 600w, https:\/\/spriv.vojvodina.gov.rs\/wp-content\/uploads\/2017\/10\/19.10-Kovin-91-300x200.jpg 300w\" sizes=\"auto, (max-width: 600px) 100vw, 600px\" \/><\/p>\n<p style=\"text-align: center;\"><em>specijalni rezervat prirode ,,Kraljevac&#8220; u Deliblatu<\/em><\/p>\n","protected":false},"excerpt":{"rendered":"Novi Sad, 20. oktobar 2017. &#8211; Potpredsednik Pokrajinske vlade i pokrajinski sekretar za privredu i turizam, Ivan \u0110okovi\u0107, sa saradnicima, boravio je u radnoj poseti Op\u0161tini Kovin, gde je sa predstavnicima op\u0161tinske uprave i turisti\u010dke organizacije Kovina, razgovarao o infrastrukturnim projektima, planovima i programima koje ova lokalna samouprava planira u teku\u0107oj i narednoj godini i koje je realizovala ili su, pak u fazi realizacije, prevashodno u vezi sa podsticajnim merama i mogu\u0107nostima za unapre\u0111enje saradnje u predstoje\u0107em periodu. Razgovaralo se i o brojnim turisti\u010dkim potencijalima ove lokalne samouprave, te o mogu\u0107nostima za bolju i efikasniju upotrebu i promociju nedovoljno iskori\u0161\u0107enih potencijala. \n<a class=\"moretag\" href=\"https:\/\/spriv.vojvodina.gov.rs\/rs\/ivan-dokovic-kombinacija-turistickih-resursa-kovina-potencijalni-gravitacioni-centar-juznog-banata\/\"> [...]<\/a>","protected":false},"author":3,"featured_media":3021,"comment_status":"closed","ping_status":"closed","sticky":false,"template":"","format":"standard","meta":{"footnotes":""},"categories":[31],"tags":[],"class_list":["post-3034","post","type-post","status-publish","format-standard","has-post-thumbnail","hentry","category-vesti-latinica1"],"yoast_head":"<!-- This site is optimized with the Yoast SEO plugin v27.4 - https:\/\/yoast.com\/product\/yoast-seo-wordpress\/ -->\n<title>Ivan \u0110okovi\u0107: Kombinacija turisti\u010dkih resursa Kovina potencijalni gravitacioni centar ju\u017enog Banata - \u041f\u043e\u043a\u0440\u0430\u0458\u0438\u043d\u0441\u043a\u0438 \u0441\u0435\u043a\u0440\u0435\u0442\u0430\u0440\u0438\u0458\u0430\u0442 \u0437\u0430 \u043f\u0440\u0438\u0432\u0440\u0435\u0434\u0443 \u0438 \u0442\u0443\u0440\u0438\u0437\u0430\u043c<\/title>\n<meta name=\"robots\" content=\"index, follow, max-snippet:-1, max-image-preview:large, max-video-preview:-1\" \/>\n<link rel=\"canonical\" href=\"https:\/\/spriv.vojvodina.gov.rs\/rs\/ivan-dokovic-kombinacija-turistickih-resursa-kovina-potencijalni-gravitacioni-centar-juznog-banata\/\" \/>\n<meta property=\"og:locale\" content=\"sr_RS\" \/>\n<meta property=\"og:type\" content=\"article\" \/>\n<meta property=\"og:title\" content=\"Ivan \u0110okovi\u0107: Kombinacija turisti\u010dkih resursa Kovina potencijalni gravitacioni centar ju\u017enog Banata - \u041f\u043e\u043a\u0440\u0430\u0458\u0438\u043d\u0441\u043a\u0438 \u0441\u0435\u043a\u0440\u0435\u0442\u0430\u0440\u0438\u0458\u0430\u0442 \u0437\u0430 \u043f\u0440\u0438\u0432\u0440\u0435\u0434\u0443 \u0438 \u0442\u0443\u0440\u0438\u0437\u0430\u043c\" \/>\n<meta property=\"og:description\" content=\"Novi Sad, 20. oktobar 2017. - Potpredsednik Pokrajinske vlade i pokrajinski sekretar za privredu i turizam, Ivan \u0110okovi\u0107, sa saradnicima, boravio je u radnoj poseti Op\u0161tini Kovin, gde je sa predstavnicima op\u0161tinske uprave i turisti\u010dke organizacije Kovina, razgovarao o infrastrukturnim projektima, planovima i programima koje ova lokalna samouprava planira u teku\u0107oj i narednoj godini i koje je realizovala ili su, pak u fazi realizacije, prevashodno u vezi sa podsticajnim merama i mogu\u0107nostima za unapre\u0111enje saradnje u predstoje\u0107em periodu. Razgovaralo se i o brojnim turisti\u010dkim potencijalima ove lokalne samouprave, te o mogu\u0107nostima za bolju i efikasniju upotrebu i promociju nedovoljno iskori\u0161\u0107enih potencijala.\" \/>\n<meta property=\"og:url\" content=\"https:\/\/spriv.vojvodina.gov.rs\/ivan-dokovic-kombinacija-turistickih-resursa-kovina-potencijalni-gravitacioni-centar-juznog-banata\/\" \/>\n<meta property=\"og:site_name\" content=\"\u041f\u043e\u043a\u0440\u0430\u0458\u0438\u043d\u0441\u043a\u0438 \u0441\u0435\u043a\u0440\u0435\u0442\u0430\u0440\u0438\u0458\u0430\u0442 \u0437\u0430 \u043f\u0440\u0438\u0432\u0440\u0435\u0434\u0443 \u0438 \u0442\u0443\u0440\u0438\u0437\u0430\u043c\" \/>\n<meta property=\"article:published_time\" content=\"2017-10-20T10:38:16+00:00\" \/>\n<meta property=\"og:image\" content=\"https:\/\/spriv.vojvodina.gov.rs\/wp-content\/uploads\/2017\/10\/19.10-Kovin-mala.JPG\" \/>\n\t<meta property=\"og:image:width\" content=\"150\" \/>\n\t<meta property=\"og:image:height\" content=\"100\" \/>\n\t<meta property=\"og:image:type\" content=\"image\/jpeg\" \/>\n<meta name=\"author\" content=\"Sonja Babi\u0107\" \/>\n<meta name=\"twitter:card\" content=\"summary_large_image\" \/>\n<meta name=\"twitter:label1\" content=\"\u041d\u0430\u043f\u0438\u0441\u0430\u043d\u043e \u043e\u0434\" \/>\n\t<meta name=\"twitter:data1\" content=\"Sonja Babi\u0107\" \/>\n\t<meta name=\"twitter:label2\" content=\"\u041f\u0440\u043e\u0446\u0435\u045a\u0435\u043d\u043e \u0432\u0440\u0435\u043c\u0435 \u0447\u0438\u0442\u0430\u045a\u0430\" \/>\n\t<meta name=\"twitter:data2\" content=\"3 \u043c\u0438\u043d\u0443\u0442\u0430\" \/>\n<script type=\"application\/ld+json\" class=\"yoast-schema-graph\">{\"@context\":\"https:\\\/\\\/schema.org\",\"@graph\":[{\"@type\":\"Article\",\"@id\":\"https:\\\/\\\/spriv.vojvodina.gov.rs\\\/ivan-dokovic-kombinacija-turistickih-resursa-kovina-potencijalni-gravitacioni-centar-juznog-banata\\\/#article\",\"isPartOf\":{\"@id\":\"https:\\\/\\\/spriv.vojvodina.gov.rs\\\/ivan-dokovic-kombinacija-turistickih-resursa-kovina-potencijalni-gravitacioni-centar-juznog-banata\\\/\"},\"author\":{\"name\":\"Sonja Babi\u0107\",\"@id\":\"https:\\\/\\\/spriv.vojvodina.gov.rs\\\/#\\\/schema\\\/person\\\/749ef4f57fbb458f1c759e7a4fa78485\"},\"headline\":\"Ivan \u0110okovi\u0107: Kombinacija turisti\u010dkih resursa Kovina potencijalni gravitacioni centar ju\u017enog Banata\",\"datePublished\":\"2017-10-20T10:38:16+00:00\",\"mainEntityOfPage\":{\"@id\":\"https:\\\/\\\/spriv.vojvodina.gov.rs\\\/ivan-dokovic-kombinacija-turistickih-resursa-kovina-potencijalni-gravitacioni-centar-juznog-banata\\\/\"},\"wordCount\":548,\"image\":{\"@id\":\"https:\\\/\\\/spriv.vojvodina.gov.rs\\\/ivan-dokovic-kombinacija-turistickih-resursa-kovina-potencijalni-gravitacioni-centar-juznog-banata\\\/#primaryimage\"},\"thumbnailUrl\":\"https:\\\/\\\/spriv.vojvodina.gov.rs\\\/wp-content\\\/uploads\\\/2017\\\/10\\\/19.10-Kovin-mala.JPG\",\"articleSection\":[\"Vesti Latinica\"],\"inLanguage\":\"sr-RS\"},{\"@type\":\"WebPage\",\"@id\":\"https:\\\/\\\/spriv.vojvodina.gov.rs\\\/ivan-dokovic-kombinacija-turistickih-resursa-kovina-potencijalni-gravitacioni-centar-juznog-banata\\\/\",\"url\":\"https:\\\/\\\/spriv.vojvodina.gov.rs\\\/ivan-dokovic-kombinacija-turistickih-resursa-kovina-potencijalni-gravitacioni-centar-juznog-banata\\\/\",\"name\":\"Ivan \u0110okovi\u0107: Kombinacija turisti\u010dkih resursa Kovina potencijalni gravitacioni centar ju\u017enog Banata - \u041f\u043e\u043a\u0440\u0430\u0458\u0438\u043d\u0441\u043a\u0438 \u0441\u0435\u043a\u0440\u0435\u0442\u0430\u0440\u0438\u0458\u0430\u0442 \u0437\u0430 \u043f\u0440\u0438\u0432\u0440\u0435\u0434\u0443 \u0438 \u0442\u0443\u0440\u0438\u0437\u0430\u043c\",\"isPartOf\":{\"@id\":\"https:\\\/\\\/spriv.vojvodina.gov.rs\\\/#website\"},\"primaryImageOfPage\":{\"@id\":\"https:\\\/\\\/spriv.vojvodina.gov.rs\\\/ivan-dokovic-kombinacija-turistickih-resursa-kovina-potencijalni-gravitacioni-centar-juznog-banata\\\/#primaryimage\"},\"image\":{\"@id\":\"https:\\\/\\\/spriv.vojvodina.gov.rs\\\/ivan-dokovic-kombinacija-turistickih-resursa-kovina-potencijalni-gravitacioni-centar-juznog-banata\\\/#primaryimage\"},\"thumbnailUrl\":\"https:\\\/\\\/spriv.vojvodina.gov.rs\\\/wp-content\\\/uploads\\\/2017\\\/10\\\/19.10-Kovin-mala.JPG\",\"datePublished\":\"2017-10-20T10:38:16+00:00\",\"author\":{\"@id\":\"https:\\\/\\\/spriv.vojvodina.gov.rs\\\/#\\\/schema\\\/person\\\/749ef4f57fbb458f1c759e7a4fa78485\"},\"breadcrumb\":{\"@id\":\"https:\\\/\\\/spriv.vojvodina.gov.rs\\\/ivan-dokovic-kombinacija-turistickih-resursa-kovina-potencijalni-gravitacioni-centar-juznog-banata\\\/#breadcrumb\"},\"inLanguage\":\"sr-RS\",\"potentialAction\":[{\"@type\":\"ReadAction\",\"target\":[\"https:\\\/\\\/spriv.vojvodina.gov.rs\\\/ivan-dokovic-kombinacija-turistickih-resursa-kovina-potencijalni-gravitacioni-centar-juznog-banata\\\/\"]}]},{\"@type\":\"ImageObject\",\"inLanguage\":\"sr-RS\",\"@id\":\"https:\\\/\\\/spriv.vojvodina.gov.rs\\\/ivan-dokovic-kombinacija-turistickih-resursa-kovina-potencijalni-gravitacioni-centar-juznog-banata\\\/#primaryimage\",\"url\":\"https:\\\/\\\/spriv.vojvodina.gov.rs\\\/wp-content\\\/uploads\\\/2017\\\/10\\\/19.10-Kovin-mala.JPG\",\"contentUrl\":\"https:\\\/\\\/spriv.vojvodina.gov.rs\\\/wp-content\\\/uploads\\\/2017\\\/10\\\/19.10-Kovin-mala.JPG\",\"width\":150,\"height\":100},{\"@type\":\"BreadcrumbList\",\"@id\":\"https:\\\/\\\/spriv.vojvodina.gov.rs\\\/ivan-dokovic-kombinacija-turistickih-resursa-kovina-potencijalni-gravitacioni-centar-juznog-banata\\\/#breadcrumb\",\"itemListElement\":[{\"@type\":\"ListItem\",\"position\":1,\"name\":\"Home\",\"item\":\"https:\\\/\\\/spriv.vojvodina.gov.rs\\\/\"},{\"@type\":\"ListItem\",\"position\":2,\"name\":\"Ivan \u0110okovi\u0107: Kombinacija turisti\u010dkih resursa Kovina potencijalni gravitacioni centar ju\u017enog Banata\"}]},{\"@type\":\"WebSite\",\"@id\":\"https:\\\/\\\/spriv.vojvodina.gov.rs\\\/#website\",\"url\":\"https:\\\/\\\/spriv.vojvodina.gov.rs\\\/\",\"name\":\"\u041f\u043e\u043a\u0440\u0430\u0458\u0438\u043d\u0441\u043a\u0438 \u0441\u0435\u043a\u0440\u0435\u0442\u0430\u0440\u0438\u0458\u0430\u0442 \u0437\u0430 \u043f\u0440\u0438\u0432\u0440\u0435\u0434\u0443 \u0438 \u0442\u0443\u0440\u0438\u0437\u0430\u043c\",\"description\":\"\u041f\u043e\u043a\u0440\u0430\u0458\u0438\u043d\u0441\u043a\u0438 \u0441\u0435\u043a\u0440\u0435\u0442\u0430\u0440\u0438\u0458\u0430\u0442 \u0437\u0430 \u043f\u0440\u0438\u0432\u0440\u0435\u0434\u0443 \u0438 \u0442\u0443\u0440\u0438\u0437\u0430\u043c\",\"potentialAction\":[{\"@type\":\"SearchAction\",\"target\":{\"@type\":\"EntryPoint\",\"urlTemplate\":\"https:\\\/\\\/spriv.vojvodina.gov.rs\\\/?s={search_term_string}\"},\"query-input\":{\"@type\":\"PropertyValueSpecification\",\"valueRequired\":true,\"valueName\":\"search_term_string\"}}],\"inLanguage\":\"sr-RS\"},{\"@type\":\"Person\",\"@id\":\"https:\\\/\\\/spriv.vojvodina.gov.rs\\\/#\\\/schema\\\/person\\\/749ef4f57fbb458f1c759e7a4fa78485\",\"name\":\"Sonja Babi\u0107\",\"image\":{\"@type\":\"ImageObject\",\"inLanguage\":\"sr-RS\",\"@id\":\"https:\\\/\\\/secure.gravatar.com\\\/avatar\\\/00a1d182a20a59067af1e7b1c31cbcc3be1a456ee4b27746580e120c2582e5bd?s=96&d=mm&r=g\",\"url\":\"https:\\\/\\\/secure.gravatar.com\\\/avatar\\\/00a1d182a20a59067af1e7b1c31cbcc3be1a456ee4b27746580e120c2582e5bd?s=96&d=mm&r=g\",\"contentUrl\":\"https:\\\/\\\/secure.gravatar.com\\\/avatar\\\/00a1d182a20a59067af1e7b1c31cbcc3be1a456ee4b27746580e120c2582e5bd?s=96&d=mm&r=g\",\"caption\":\"Sonja Babi\u0107\"},\"url\":\"https:\\\/\\\/spriv.vojvodina.gov.rs\\\/rs\\\/author\\\/sonja-babic\\\/\"}]}<\/script>\n<!-- \/ Yoast SEO plugin. -->","yoast_head_json":{"title":"Ivan \u0110okovi\u0107: Kombinacija turisti\u010dkih resursa Kovina potencijalni gravitacioni centar ju\u017enog Banata - \u041f\u043e\u043a\u0440\u0430\u0458\u0438\u043d\u0441\u043a\u0438 \u0441\u0435\u043a\u0440\u0435\u0442\u0430\u0440\u0438\u0458\u0430\u0442 \u0437\u0430 \u043f\u0440\u0438\u0432\u0440\u0435\u0434\u0443 \u0438 \u0442\u0443\u0440\u0438\u0437\u0430\u043c","robots":{"index":"index","follow":"follow","max-snippet":"max-snippet:-1","max-image-preview":"max-image-preview:large","max-video-preview":"max-video-preview:-1"},"canonical":"https:\/\/spriv.vojvodina.gov.rs\/rs\/ivan-dokovic-kombinacija-turistickih-resursa-kovina-potencijalni-gravitacioni-centar-juznog-banata\/","og_locale":"sr_RS","og_type":"article","og_title":"Ivan \u0110okovi\u0107: Kombinacija turisti\u010dkih resursa Kovina potencijalni gravitacioni centar ju\u017enog Banata - \u041f\u043e\u043a\u0440\u0430\u0458\u0438\u043d\u0441\u043a\u0438 \u0441\u0435\u043a\u0440\u0435\u0442\u0430\u0440\u0438\u0458\u0430\u0442 \u0437\u0430 \u043f\u0440\u0438\u0432\u0440\u0435\u0434\u0443 \u0438 \u0442\u0443\u0440\u0438\u0437\u0430\u043c","og_description":"Novi Sad, 20. oktobar 2017. - Potpredsednik Pokrajinske vlade i pokrajinski sekretar za privredu i turizam, Ivan \u0110okovi\u0107, sa saradnicima, boravio je u radnoj poseti Op\u0161tini Kovin, gde je sa predstavnicima op\u0161tinske uprave i turisti\u010dke organizacije Kovina, razgovarao o infrastrukturnim projektima, planovima i programima koje ova lokalna samouprava planira u teku\u0107oj i narednoj godini i koje je realizovala ili su, pak u fazi realizacije, prevashodno u vezi sa podsticajnim merama i mogu\u0107nostima za unapre\u0111enje saradnje u predstoje\u0107em periodu. Razgovaralo se i o brojnim turisti\u010dkim potencijalima ove lokalne samouprave, te o mogu\u0107nostima za bolju i efikasniju upotrebu i promociju nedovoljno iskori\u0161\u0107enih potencijala.","og_url":"https:\/\/spriv.vojvodina.gov.rs\/ivan-dokovic-kombinacija-turistickih-resursa-kovina-potencijalni-gravitacioni-centar-juznog-banata\/","og_site_name":"\u041f\u043e\u043a\u0440\u0430\u0458\u0438\u043d\u0441\u043a\u0438 \u0441\u0435\u043a\u0440\u0435\u0442\u0430\u0440\u0438\u0458\u0430\u0442 \u0437\u0430 \u043f\u0440\u0438\u0432\u0440\u0435\u0434\u0443 \u0438 \u0442\u0443\u0440\u0438\u0437\u0430\u043c","article_published_time":"2017-10-20T10:38:16+00:00","og_image":[{"width":150,"height":100,"url":"https:\/\/spriv.vojvodina.gov.rs\/wp-content\/uploads\/2017\/10\/19.10-Kovin-mala.JPG","type":"image\/jpeg"}],"author":"Sonja Babi\u0107","twitter_card":"summary_large_image","twitter_misc":{"\u041d\u0430\u043f\u0438\u0441\u0430\u043d\u043e \u043e\u0434":"Sonja Babi\u0107","\u041f\u0440\u043e\u0446\u0435\u045a\u0435\u043d\u043e \u0432\u0440\u0435\u043c\u0435 \u0447\u0438\u0442\u0430\u045a\u0430":"3 \u043c\u0438\u043d\u0443\u0442\u0430"},"schema":{"@context":"https:\/\/schema.org","@graph":[{"@type":"Article","@id":"https:\/\/spriv.vojvodina.gov.rs\/ivan-dokovic-kombinacija-turistickih-resursa-kovina-potencijalni-gravitacioni-centar-juznog-banata\/#article","isPartOf":{"@id":"https:\/\/spriv.vojvodina.gov.rs\/ivan-dokovic-kombinacija-turistickih-resursa-kovina-potencijalni-gravitacioni-centar-juznog-banata\/"},"author":{"name":"Sonja Babi\u0107","@id":"https:\/\/spriv.vojvodina.gov.rs\/#\/schema\/person\/749ef4f57fbb458f1c759e7a4fa78485"},"headline":"Ivan \u0110okovi\u0107: Kombinacija turisti\u010dkih resursa Kovina potencijalni gravitacioni centar ju\u017enog Banata","datePublished":"2017-10-20T10:38:16+00:00","mainEntityOfPage":{"@id":"https:\/\/spriv.vojvodina.gov.rs\/ivan-dokovic-kombinacija-turistickih-resursa-kovina-potencijalni-gravitacioni-centar-juznog-banata\/"},"wordCount":548,"image":{"@id":"https:\/\/spriv.vojvodina.gov.rs\/ivan-dokovic-kombinacija-turistickih-resursa-kovina-potencijalni-gravitacioni-centar-juznog-banata\/#primaryimage"},"thumbnailUrl":"https:\/\/spriv.vojvodina.gov.rs\/wp-content\/uploads\/2017\/10\/19.10-Kovin-mala.JPG","articleSection":["Vesti Latinica"],"inLanguage":"sr-RS"},{"@type":"WebPage","@id":"https:\/\/spriv.vojvodina.gov.rs\/ivan-dokovic-kombinacija-turistickih-resursa-kovina-potencijalni-gravitacioni-centar-juznog-banata\/","url":"https:\/\/spriv.vojvodina.gov.rs\/ivan-dokovic-kombinacija-turistickih-resursa-kovina-potencijalni-gravitacioni-centar-juznog-banata\/","name":"Ivan \u0110okovi\u0107: Kombinacija turisti\u010dkih resursa Kovina potencijalni gravitacioni centar ju\u017enog Banata - \u041f\u043e\u043a\u0440\u0430\u0458\u0438\u043d\u0441\u043a\u0438 \u0441\u0435\u043a\u0440\u0435\u0442\u0430\u0440\u0438\u0458\u0430\u0442 \u0437\u0430 \u043f\u0440\u0438\u0432\u0440\u0435\u0434\u0443 \u0438 \u0442\u0443\u0440\u0438\u0437\u0430\u043c","isPartOf":{"@id":"https:\/\/spriv.vojvodina.gov.rs\/#website"},"primaryImageOfPage":{"@id":"https:\/\/spriv.vojvodina.gov.rs\/ivan-dokovic-kombinacija-turistickih-resursa-kovina-potencijalni-gravitacioni-centar-juznog-banata\/#primaryimage"},"image":{"@id":"https:\/\/spriv.vojvodina.gov.rs\/ivan-dokovic-kombinacija-turistickih-resursa-kovina-potencijalni-gravitacioni-centar-juznog-banata\/#primaryimage"},"thumbnailUrl":"https:\/\/spriv.vojvodina.gov.rs\/wp-content\/uploads\/2017\/10\/19.10-Kovin-mala.JPG","datePublished":"2017-10-20T10:38:16+00:00","author":{"@id":"https:\/\/spriv.vojvodina.gov.rs\/#\/schema\/person\/749ef4f57fbb458f1c759e7a4fa78485"},"breadcrumb":{"@id":"https:\/\/spriv.vojvodina.gov.rs\/ivan-dokovic-kombinacija-turistickih-resursa-kovina-potencijalni-gravitacioni-centar-juznog-banata\/#breadcrumb"},"inLanguage":"sr-RS","potentialAction":[{"@type":"ReadAction","target":["https:\/\/spriv.vojvodina.gov.rs\/ivan-dokovic-kombinacija-turistickih-resursa-kovina-potencijalni-gravitacioni-centar-juznog-banata\/"]}]},{"@type":"ImageObject","inLanguage":"sr-RS","@id":"https:\/\/spriv.vojvodina.gov.rs\/ivan-dokovic-kombinacija-turistickih-resursa-kovina-potencijalni-gravitacioni-centar-juznog-banata\/#primaryimage","url":"https:\/\/spriv.vojvodina.gov.rs\/wp-content\/uploads\/2017\/10\/19.10-Kovin-mala.JPG","contentUrl":"https:\/\/spriv.vojvodina.gov.rs\/wp-content\/uploads\/2017\/10\/19.10-Kovin-mala.JPG","width":150,"height":100},{"@type":"BreadcrumbList","@id":"https:\/\/spriv.vojvodina.gov.rs\/ivan-dokovic-kombinacija-turistickih-resursa-kovina-potencijalni-gravitacioni-centar-juznog-banata\/#breadcrumb","itemListElement":[{"@type":"ListItem","position":1,"name":"Home","item":"https:\/\/spriv.vojvodina.gov.rs\/"},{"@type":"ListItem","position":2,"name":"Ivan \u0110okovi\u0107: Kombinacija turisti\u010dkih resursa Kovina potencijalni gravitacioni centar ju\u017enog Banata"}]},{"@type":"WebSite","@id":"https:\/\/spriv.vojvodina.gov.rs\/#website","url":"https:\/\/spriv.vojvodina.gov.rs\/","name":"\u041f\u043e\u043a\u0440\u0430\u0458\u0438\u043d\u0441\u043a\u0438 \u0441\u0435\u043a\u0440\u0435\u0442\u0430\u0440\u0438\u0458\u0430\u0442 \u0437\u0430 \u043f\u0440\u0438\u0432\u0440\u0435\u0434\u0443 \u0438 \u0442\u0443\u0440\u0438\u0437\u0430\u043c","description":"\u041f\u043e\u043a\u0440\u0430\u0458\u0438\u043d\u0441\u043a\u0438 \u0441\u0435\u043a\u0440\u0435\u0442\u0430\u0440\u0438\u0458\u0430\u0442 \u0437\u0430 \u043f\u0440\u0438\u0432\u0440\u0435\u0434\u0443 \u0438 \u0442\u0443\u0440\u0438\u0437\u0430\u043c","potentialAction":[{"@type":"SearchAction","target":{"@type":"EntryPoint","urlTemplate":"https:\/\/spriv.vojvodina.gov.rs\/?s={search_term_string}"},"query-input":{"@type":"PropertyValueSpecification","valueRequired":true,"valueName":"search_term_string"}}],"inLanguage":"sr-RS"},{"@type":"Person","@id":"https:\/\/spriv.vojvodina.gov.rs\/#\/schema\/person\/749ef4f57fbb458f1c759e7a4fa78485","name":"Sonja Babi\u0107","image":{"@type":"ImageObject","inLanguage":"sr-RS","@id":"https:\/\/secure.gravatar.com\/avatar\/00a1d182a20a59067af1e7b1c31cbcc3be1a456ee4b27746580e120c2582e5bd?s=96&d=mm&r=g","url":"https:\/\/secure.gravatar.com\/avatar\/00a1d182a20a59067af1e7b1c31cbcc3be1a456ee4b27746580e120c2582e5bd?s=96&d=mm&r=g","contentUrl":"https:\/\/secure.gravatar.com\/avatar\/00a1d182a20a59067af1e7b1c31cbcc3be1a456ee4b27746580e120c2582e5bd?s=96&d=mm&r=g","caption":"Sonja Babi\u0107"},"url":"https:\/\/spriv.vojvodina.gov.rs\/rs\/author\/sonja-babic\/"}]}},"_links":{"self":[{"href":"https:\/\/spriv.vojvodina.gov.rs\/rs\/wp-json\/wp\/v2\/posts\/3034","targetHints":{"allow":["GET"]}}],"collection":[{"href":"https:\/\/spriv.vojvodina.gov.rs\/rs\/wp-json\/wp\/v2\/posts"}],"about":[{"href":"https:\/\/spriv.vojvodina.gov.rs\/rs\/wp-json\/wp\/v2\/types\/post"}],"author":[{"embeddable":true,"href":"https:\/\/spriv.vojvodina.gov.rs\/rs\/wp-json\/wp\/v2\/users\/3"}],"replies":[{"embeddable":true,"href":"https:\/\/spriv.vojvodina.gov.rs\/rs\/wp-json\/wp\/v2\/comments?post=3034"}],"version-history":[{"count":0,"href":"https:\/\/spriv.vojvodina.gov.rs\/rs\/wp-json\/wp\/v2\/posts\/3034\/revisions"}],"wp:featuredmedia":[{"embeddable":true,"href":"https:\/\/spriv.vojvodina.gov.rs\/rs\/wp-json\/wp\/v2\/media\/3021"}],"wp:attachment":[{"href":"https:\/\/spriv.vojvodina.gov.rs\/rs\/wp-json\/wp\/v2\/media?parent=3034"}],"wp:term":[{"taxonomy":"category","embeddable":true,"href":"https:\/\/spriv.vojvodina.gov.rs\/rs\/wp-json\/wp\/v2\/categories?post=3034"},{"taxonomy":"post_tag","embeddable":true,"href":"https:\/\/spriv.vojvodina.gov.rs\/rs\/wp-json\/wp\/v2\/tags?post=3034"}],"curies":[{"name":"wp","href":"https:\/\/api.w.org\/{rel}","templated":true}]}}