{"id":2984,"date":"2017-10-10T09:34:56","date_gmt":"2017-10-10T09:34:56","guid":{"rendered":"http:\/\/spriv.vojvodina.gov.rs\/2017\/10\/10\/grad-novi-sad-domacin-23-medunarodne-konferencije-bezbednih-zajednica-u-novom-sadu\/"},"modified":"2017-10-10T09:34:56","modified_gmt":"2017-10-10T09:34:56","slug":"grad-novi-sad-domacin-23-medunarodne-konferencije-bezbednih-zajednica-u-novom-sadu","status":"publish","type":"post","link":"https:\/\/spriv.vojvodina.gov.rs\/rs\/grad-novi-sad-domacin-23-medunarodne-konferencije-bezbednih-zajednica-u-novom-sadu\/","title":{"rendered":"Grad Novi Sad doma\u0107in 23. Me\u0111unarodne konferencije bezbednih zajednica u Novom Sadu"},"content":{"rendered":"<p style=\"text-align: center;\">\u00a0<img loading=\"lazy\" decoding=\"async\" class=\" size-full wp-image-2974\" src=\"http:\/\/spriv.vojvodina.gov.rs\/wp-content\/uploads\/2017\/10\/bezbednost-11.JPG\" border=\"0\" alt=\"\" width=\"600\" height=\"400\" srcset=\"https:\/\/spriv.vojvodina.gov.rs\/wp-content\/uploads\/2017\/10\/bezbednost-11.JPG 600w, https:\/\/spriv.vojvodina.gov.rs\/wp-content\/uploads\/2017\/10\/bezbednost-11-300x200.jpg 300w\" sizes=\"auto, (max-width: 600px) 100vw, 600px\" \/><\/p>\n<p style=\"text-align: justify;\"><span class=\"datum\">Novi Sad, 10. oktobar 2017. &#8211; Sve\u010dano otvaranje 23. Me\u0111unarodne konferencije bezbednih zajednica, posve\u0107ene bezbednim zajednicama kao potrebi savremenog dru\u0161tva, uprili\u010deno je u Novom Sadu, drugoj bezbednoj zajednici u Republici Srbiji. Potpredsednik Pokrajinske vlade i pokrajinski sekretar za privredu i turizam, Ivan \u0110okovi\u0107, pozdravio je skup rekav\u0161i da su bezbednost i srodne teme multidisciplinarni, ali i filozofski problemi, sa kojima se pojedinac i dru\u0161tvo moraju suo\u010diti na vi\u0161e nivoa.<br \/><\/span><\/p>\n<p style=\"text-align: center;\"><img loading=\"lazy\" decoding=\"async\" class=\" size-full wp-image-2975\" src=\"http:\/\/spriv.vojvodina.gov.rs\/wp-content\/uploads\/2017\/10\/bezbednost-22.JPG\" border=\"0\" alt=\"\" width=\"600\" height=\"400\" srcset=\"https:\/\/spriv.vojvodina.gov.rs\/wp-content\/uploads\/2017\/10\/bezbednost-22.JPG 600w, https:\/\/spriv.vojvodina.gov.rs\/wp-content\/uploads\/2017\/10\/bezbednost-22-300x200.jpg 300w\" sizes=\"auto, (max-width: 600px) 100vw, 600px\" \/><\/p>\n<div id=\"citaj\" class=\"tekst\" style=\"text-align: justify;\">\n<p>,,U osnovi sistema bezbednosti postoje klju\u010dne re\u010di \u2013 represija i prevencija. Sa druge strane, prisutno je ose\u0107anje, stanje pojedinca koji mo\u017ee slobodno da \u017eivi, privre\u0111uje i doprinosi bez bojazni, \u010dine\u0107i deo sistema koji stvara novi \u017eivotni kvalitet. Represivnim i zakonskim aparatom se \u0161titi pomenuto stanje, dok o prevenciji govorimo kao o fenomenu usko vezanom za dimenziju kulture kojom se prevenira, ali i brani bezbednost\u201c, rekao je potpredsednik \u0110okovi\u0107.<\/p>\n<p style=\"text-align: center;\"><img loading=\"lazy\" decoding=\"async\" class=\" size-full wp-image-2976\" src=\"http:\/\/spriv.vojvodina.gov.rs\/wp-content\/uploads\/2017\/10\/bezbednost-55.JPG\" border=\"0\" alt=\"\" width=\"600\" height=\"400\" srcset=\"https:\/\/spriv.vojvodina.gov.rs\/wp-content\/uploads\/2017\/10\/bezbednost-55.JPG 600w, https:\/\/spriv.vojvodina.gov.rs\/wp-content\/uploads\/2017\/10\/bezbednost-55-300x200.jpg 300w\" sizes=\"auto, (max-width: 600px) 100vw, 600px\" \/><\/p>\n<p>On je dodao da je odgovornost na donosiocima odluka i kreatorima polit\u010dko-pravnog sistema i li\u010dna i profesionalna. ,,Razvoj svesti o samom sebi, svom okru\u017eenju, materijalizacija takvog ose\u0107anja kroz kulturu, garantuje da svaki pojedinac mo\u017ee da doprinese bezbednosti sistema, samog sebe i imovine. Pokrajinska vlada je prepoznala zna\u010daj ove me\u0111unarodne konferencije, zbog samih tema i auditorijuma. Nadamo se da \u0107e dana\u0161nji zaklju\u010dci biti implementirani u strate\u0161ku dokumentaciju, mere i aktivnosti kako bi pove\u0107ali kvalitet bezbednosti\u201c, rekao je \u0110okovi\u0107.<\/p>\n<p style=\"text-align: center;\"><img loading=\"lazy\" decoding=\"async\" class=\" size-full wp-image-2977\" src=\"http:\/\/spriv.vojvodina.gov.rs\/wp-content\/uploads\/2017\/10\/bezbednost-66.JPG\" border=\"0\" alt=\"\" width=\"600\" height=\"400\" srcset=\"https:\/\/spriv.vojvodina.gov.rs\/wp-content\/uploads\/2017\/10\/bezbednost-66.JPG 600w, https:\/\/spriv.vojvodina.gov.rs\/wp-content\/uploads\/2017\/10\/bezbednost-66-300x200.jpg 300w\" sizes=\"auto, (max-width: 600px) 100vw, 600px\" \/><\/p>\n<p>Dana\u0161nja konferencija pod nazivom ,,Bezbedne zajednice su su\u0161tinska potreba savremenog dru\u0161tva\u201d, usmerena je ka traganju za novim idejama i iskustvima za re\u0161avanje aktuelnih problema bezbednosti u zajednicama, i vode\u0107e svetske stru\u010dnjake za bezbedne zajednice, istra\u017eiva\u010de, kreatore politika koji se bave promocijom bezbednosti u zajednicama i prevencijom povreda. Njene tematske oblasti su multidisciplinarne i obuhvataju filozofske, kulturolo\u0161ke, istorijske i psiholo\u0161ke aspekte bezbednosti, kao i prevenciju povreda sa posebnim akcentom na ranjive i marginalizovane socijalne grupe, sa posebnim osvrtom na bezbednost najmla\u0111ih. Cilj je da se stvori svest svakog pojedinca o ulozi koju ima u zajednici i dru\u0161tvu zarad kreiranja bezbednog okru\u017eenja.<\/p>\n<p style=\"text-align: center;\"><img loading=\"lazy\" decoding=\"async\" class=\" size-full wp-image-2978\" src=\"http:\/\/spriv.vojvodina.gov.rs\/wp-content\/uploads\/2017\/10\/bezbednost-33.JPG\" border=\"0\" alt=\"\" width=\"600\" height=\"400\" srcset=\"https:\/\/spriv.vojvodina.gov.rs\/wp-content\/uploads\/2017\/10\/bezbednost-33.JPG 600w, https:\/\/spriv.vojvodina.gov.rs\/wp-content\/uploads\/2017\/10\/bezbednost-33-300x200.jpg 300w\" sizes=\"auto, (max-width: 600px) 100vw, 600px\" \/><\/p>\n<p>Bezbedna zajednica ,,Safe Community\u201c jeste Me\u0111unarodni akreditovani program prevencije povreda i nasilja nastao na inicijativu Svetske zdravstvene organizacije kao zaklju\u010dak Prvog svetskog kongresa prevencije povreda odr\u017eanog u Stokholmu, 1989. godine, \u010dija su osnovna na\u010dela sadr\u017eana u Manifestu bezbedne zajednice. Ovi postulati se odnose na bezbednost kao osnovno ljudsko pravo. Danas u svetu postoji vi\u0161e od 360 lokalnih zajednica na svim kontinentima koje su ispunile zadate indikatore i \u010dine Me\u0111unarodnu mre\u017eu bezbednih zajednica. Brojni savremeni kulturolo\u0161ki i ekonomsko socijalni faktori ipak uti\u010du na pove\u0107anje broja povreda i nasilja, te se zbog toga mora intenzivnije raditi na prevenciji.<\/p>\n<p style=\"text-align: center;\"><img loading=\"lazy\" decoding=\"async\" class=\" size-full wp-image-2979\" src=\"http:\/\/spriv.vojvodina.gov.rs\/wp-content\/uploads\/2017\/10\/bezbednost-44.JPG\" border=\"0\" alt=\"\" width=\"600\" height=\"400\" srcset=\"https:\/\/spriv.vojvodina.gov.rs\/wp-content\/uploads\/2017\/10\/bezbednost-44.JPG 600w, https:\/\/spriv.vojvodina.gov.rs\/wp-content\/uploads\/2017\/10\/bezbednost-44-300x200.jpg 300w\" sizes=\"auto, (max-width: 600px) 100vw, 600px\" \/><\/p>\n<p>Doma\u0107in i organizator konferencije je Nacionalni centar za prevenciju povreda i promociju bezbednosti Novi Sad, patron konferencije je NjKV princeza Katarina Kara\u0111or\u0111evi\u0107, generalni pokrovitelj Pokrajinska vlada AP Vojvodine i pokrovitelj Grad Novi Sad. Partneri ovogodi\u0161nje konferencije su Evropska mre\u017ea bezbednih zajednica sa sedi\u0161tem u Har\u0161tadu u Norve\u0161koj i Me\u0111unarodni centar za sertifikaciju bezbednih zajednica iz Stokholma, \u0160vedska.<\/p>\n<p style=\"text-align: center;\"><img loading=\"lazy\" decoding=\"async\" class=\" size-full wp-image-2980\" src=\"http:\/\/spriv.vojvodina.gov.rs\/wp-content\/uploads\/2017\/10\/bezbednost-88.JPG\" border=\"0\" alt=\"\" width=\"600\" height=\"400\" srcset=\"https:\/\/spriv.vojvodina.gov.rs\/wp-content\/uploads\/2017\/10\/bezbednost-88.JPG 600w, https:\/\/spriv.vojvodina.gov.rs\/wp-content\/uploads\/2017\/10\/bezbednost-88-300x200.jpg 300w\" sizes=\"auto, (max-width: 600px) 100vw, 600px\" \/><\/p>\n<p>Potpisivanjem Ugovora sa Kolaborativnim centrom Svetske zdravstvene organizacije za promociju bezbednih zajednica Grad Novi Sad je progla\u0161en Bezbednom zajednicom, 2009. godine, \u0161to svakako ide u prilog \u010dinjenici da je Novi Sad Omladinska prestonica 2019. godine i Evropska prestonica kulture 2021. godine.<\/p>\n<p style=\"text-align: center;\"><img loading=\"lazy\" decoding=\"async\" class=\" size-full wp-image-2981\" src=\"http:\/\/spriv.vojvodina.gov.rs\/wp-content\/uploads\/2017\/10\/bezbednost-77.JPG\" border=\"0\" alt=\"\" width=\"600\" height=\"400\" srcset=\"https:\/\/spriv.vojvodina.gov.rs\/wp-content\/uploads\/2017\/10\/bezbednost-77.JPG 600w, https:\/\/spriv.vojvodina.gov.rs\/wp-content\/uploads\/2017\/10\/bezbednost-77-300x200.jpg 300w\" sizes=\"auto, (max-width: 600px) 100vw, 600px\" \/><\/p>\n<p style=\"text-align: center;\"><img loading=\"lazy\" decoding=\"async\" class=\" size-full wp-image-2982\" src=\"http:\/\/spriv.vojvodina.gov.rs\/wp-content\/uploads\/2017\/10\/bezbednost-9.JPG\" border=\"0\" alt=\"\" width=\"600\" height=\"400\" srcset=\"https:\/\/spriv.vojvodina.gov.rs\/wp-content\/uploads\/2017\/10\/bezbednost-9.JPG 600w, https:\/\/spriv.vojvodina.gov.rs\/wp-content\/uploads\/2017\/10\/bezbednost-9-300x200.jpg 300w\" sizes=\"auto, (max-width: 600px) 100vw, 600px\" \/><\/p>\n<\/div>\n","protected":false},"excerpt":{"rendered":"Novi Sad, 10. oktobar 2017. &#8211; Sve\u010dano otvaranje 23. Me\u0111unarodne konferencije bezbednih zajednica, posve\u0107ene bezbednim zajednicama kao potrebi savremenog dru\u0161tva, uprili\u010deno je u Novom Sadu, drugoj bezbednoj zajednici u Republici Srbiji. Potpredsednik Pokrajinske vlade i pokrajinski sekretar za privredu i turizam, Ivan \u0110okovi\u0107, pozdravio je skup rekav\u0161i da su bezbednost i srodne teme multidisciplinarni, ali i filozofski problemi, sa kojima se pojedinac i dru\u0161tvo moraju suo\u010diti na vi\u0161e nivoa. ,,U osnovi sistema bezbednosti postoje klju\u010dne re\u010di \u2013 represija i prevencija. Sa druge strane, prisutno je ose\u0107anje, stanje pojedinca koji mo\u017ee slobodno da \u017eivi, privre\u0111uje i doprinosi bez bojazni, \u010dine\u0107i deo sistema koji stvara novi \u017eivotni kvalitet. Represivnim i zakonskim aparatom se \u0161titi pomenuto stanje, dok o prevenciji govorimo kao o fenomenu usko vezanom za dimenziju kulture kojom se prevenira, ali i brani bezbednost\u201c, rekao je potpredsednik \u0110okovi\u0107.\n<a class=\"moretag\" href=\"https:\/\/spriv.vojvodina.gov.rs\/rs\/grad-novi-sad-domacin-23-medunarodne-konferencije-bezbednih-zajednica-u-novom-sadu\/\"> [...]<\/a>","protected":false},"author":3,"featured_media":2973,"comment_status":"closed","ping_status":"closed","sticky":false,"template":"","format":"standard","meta":{"footnotes":""},"categories":[31],"tags":[],"class_list":["post-2984","post","type-post","status-publish","format-standard","has-post-thumbnail","hentry","category-vesti-latinica1"],"yoast_head":"<!-- This site is optimized with the Yoast SEO plugin v27.4 - https:\/\/yoast.com\/product\/yoast-seo-wordpress\/ -->\n<title>Grad Novi Sad doma\u0107in 23. Me\u0111unarodne konferencije bezbednih zajednica u Novom Sadu - \u041f\u043e\u043a\u0440\u0430\u0458\u0438\u043d\u0441\u043a\u0438 \u0441\u0435\u043a\u0440\u0435\u0442\u0430\u0440\u0438\u0458\u0430\u0442 \u0437\u0430 \u043f\u0440\u0438\u0432\u0440\u0435\u0434\u0443 \u0438 \u0442\u0443\u0440\u0438\u0437\u0430\u043c<\/title>\n<meta name=\"robots\" content=\"index, follow, max-snippet:-1, max-image-preview:large, max-video-preview:-1\" \/>\n<link rel=\"canonical\" href=\"https:\/\/spriv.vojvodina.gov.rs\/rs\/grad-novi-sad-domacin-23-medunarodne-konferencije-bezbednih-zajednica-u-novom-sadu\/\" \/>\n<meta property=\"og:locale\" content=\"sr_RS\" \/>\n<meta property=\"og:type\" content=\"article\" \/>\n<meta property=\"og:title\" content=\"Grad Novi Sad doma\u0107in 23. Me\u0111unarodne konferencije bezbednih zajednica u Novom Sadu - \u041f\u043e\u043a\u0440\u0430\u0458\u0438\u043d\u0441\u043a\u0438 \u0441\u0435\u043a\u0440\u0435\u0442\u0430\u0440\u0438\u0458\u0430\u0442 \u0437\u0430 \u043f\u0440\u0438\u0432\u0440\u0435\u0434\u0443 \u0438 \u0442\u0443\u0440\u0438\u0437\u0430\u043c\" \/>\n<meta property=\"og:description\" content=\"Novi Sad, 10. oktobar 2017. - Sve\u010dano otvaranje 23. Me\u0111unarodne konferencije bezbednih zajednica, posve\u0107ene bezbednim zajednicama kao potrebi savremenog dru\u0161tva, uprili\u010deno je u Novom Sadu, drugoj bezbednoj zajednici u Republici Srbiji. Potpredsednik Pokrajinske vlade i pokrajinski sekretar za privredu i turizam, Ivan \u0110okovi\u0107, pozdravio je skup rekav\u0161i da su bezbednost i srodne teme multidisciplinarni, ali i filozofski problemi, sa kojima se pojedinac i dru\u0161tvo moraju suo\u010diti na vi\u0161e nivoa. ,,U osnovi sistema bezbednosti postoje klju\u010dne re\u010di \u2013 represija i prevencija. Sa druge strane, prisutno je ose\u0107anje, stanje pojedinca koji mo\u017ee slobodno da \u017eivi, privre\u0111uje i doprinosi bez bojazni, \u010dine\u0107i deo sistema koji stvara novi \u017eivotni kvalitet. Represivnim i zakonskim aparatom se \u0161titi pomenuto stanje, dok o prevenciji govorimo kao o fenomenu usko vezanom za dimenziju kulture kojom se prevenira, ali i brani bezbednost\u201c, rekao je potpredsednik \u0110okovi\u0107.\" \/>\n<meta property=\"og:url\" content=\"https:\/\/spriv.vojvodina.gov.rs\/grad-novi-sad-domacin-23-medunarodne-konferencije-bezbednih-zajednica-u-novom-sadu\/\" \/>\n<meta property=\"og:site_name\" content=\"\u041f\u043e\u043a\u0440\u0430\u0458\u0438\u043d\u0441\u043a\u0438 \u0441\u0435\u043a\u0440\u0435\u0442\u0430\u0440\u0438\u0458\u0430\u0442 \u0437\u0430 \u043f\u0440\u0438\u0432\u0440\u0435\u0434\u0443 \u0438 \u0442\u0443\u0440\u0438\u0437\u0430\u043c\" \/>\n<meta property=\"article:published_time\" content=\"2017-10-10T09:34:56+00:00\" \/>\n<meta property=\"og:image\" content=\"https:\/\/spriv.vojvodina.gov.rs\/wp-content\/uploads\/2017\/10\/bezbednost-mala.JPG\" \/>\n\t<meta property=\"og:image:width\" content=\"150\" \/>\n\t<meta property=\"og:image:height\" content=\"100\" \/>\n\t<meta property=\"og:image:type\" content=\"image\/jpeg\" \/>\n<meta name=\"author\" content=\"Sonja Babi\u0107\" \/>\n<meta name=\"twitter:card\" content=\"summary_large_image\" \/>\n<meta name=\"twitter:label1\" content=\"\u041d\u0430\u043f\u0438\u0441\u0430\u043d\u043e \u043e\u0434\" \/>\n\t<meta name=\"twitter:data1\" content=\"Sonja Babi\u0107\" \/>\n\t<meta name=\"twitter:label2\" content=\"\u041f\u0440\u043e\u0446\u0435\u045a\u0435\u043d\u043e \u0432\u0440\u0435\u043c\u0435 \u0447\u0438\u0442\u0430\u045a\u0430\" \/>\n\t<meta name=\"twitter:data2\" content=\"3 \u043c\u0438\u043d\u0443\u0442\u0430\" \/>\n<script type=\"application\/ld+json\" class=\"yoast-schema-graph\">{\"@context\":\"https:\\\/\\\/schema.org\",\"@graph\":[{\"@type\":\"Article\",\"@id\":\"https:\\\/\\\/spriv.vojvodina.gov.rs\\\/grad-novi-sad-domacin-23-medunarodne-konferencije-bezbednih-zajednica-u-novom-sadu\\\/#article\",\"isPartOf\":{\"@id\":\"https:\\\/\\\/spriv.vojvodina.gov.rs\\\/grad-novi-sad-domacin-23-medunarodne-konferencije-bezbednih-zajednica-u-novom-sadu\\\/\"},\"author\":{\"name\":\"Sonja Babi\u0107\",\"@id\":\"https:\\\/\\\/spriv.vojvodina.gov.rs\\\/#\\\/schema\\\/person\\\/749ef4f57fbb458f1c759e7a4fa78485\"},\"headline\":\"Grad Novi Sad doma\u0107in 23. Me\u0111unarodne konferencije bezbednih zajednica u Novom Sadu\",\"datePublished\":\"2017-10-10T09:34:56+00:00\",\"mainEntityOfPage\":{\"@id\":\"https:\\\/\\\/spriv.vojvodina.gov.rs\\\/grad-novi-sad-domacin-23-medunarodne-konferencije-bezbednih-zajednica-u-novom-sadu\\\/\"},\"wordCount\":572,\"image\":{\"@id\":\"https:\\\/\\\/spriv.vojvodina.gov.rs\\\/grad-novi-sad-domacin-23-medunarodne-konferencije-bezbednih-zajednica-u-novom-sadu\\\/#primaryimage\"},\"thumbnailUrl\":\"https:\\\/\\\/spriv.vojvodina.gov.rs\\\/wp-content\\\/uploads\\\/2017\\\/10\\\/bezbednost-mala.JPG\",\"articleSection\":[\"Vesti Latinica\"],\"inLanguage\":\"sr-RS\"},{\"@type\":\"WebPage\",\"@id\":\"https:\\\/\\\/spriv.vojvodina.gov.rs\\\/grad-novi-sad-domacin-23-medunarodne-konferencije-bezbednih-zajednica-u-novom-sadu\\\/\",\"url\":\"https:\\\/\\\/spriv.vojvodina.gov.rs\\\/grad-novi-sad-domacin-23-medunarodne-konferencije-bezbednih-zajednica-u-novom-sadu\\\/\",\"name\":\"Grad Novi Sad doma\u0107in 23. Me\u0111unarodne konferencije bezbednih zajednica u Novom Sadu - \u041f\u043e\u043a\u0440\u0430\u0458\u0438\u043d\u0441\u043a\u0438 \u0441\u0435\u043a\u0440\u0435\u0442\u0430\u0440\u0438\u0458\u0430\u0442 \u0437\u0430 \u043f\u0440\u0438\u0432\u0440\u0435\u0434\u0443 \u0438 \u0442\u0443\u0440\u0438\u0437\u0430\u043c\",\"isPartOf\":{\"@id\":\"https:\\\/\\\/spriv.vojvodina.gov.rs\\\/#website\"},\"primaryImageOfPage\":{\"@id\":\"https:\\\/\\\/spriv.vojvodina.gov.rs\\\/grad-novi-sad-domacin-23-medunarodne-konferencije-bezbednih-zajednica-u-novom-sadu\\\/#primaryimage\"},\"image\":{\"@id\":\"https:\\\/\\\/spriv.vojvodina.gov.rs\\\/grad-novi-sad-domacin-23-medunarodne-konferencije-bezbednih-zajednica-u-novom-sadu\\\/#primaryimage\"},\"thumbnailUrl\":\"https:\\\/\\\/spriv.vojvodina.gov.rs\\\/wp-content\\\/uploads\\\/2017\\\/10\\\/bezbednost-mala.JPG\",\"datePublished\":\"2017-10-10T09:34:56+00:00\",\"author\":{\"@id\":\"https:\\\/\\\/spriv.vojvodina.gov.rs\\\/#\\\/schema\\\/person\\\/749ef4f57fbb458f1c759e7a4fa78485\"},\"breadcrumb\":{\"@id\":\"https:\\\/\\\/spriv.vojvodina.gov.rs\\\/grad-novi-sad-domacin-23-medunarodne-konferencije-bezbednih-zajednica-u-novom-sadu\\\/#breadcrumb\"},\"inLanguage\":\"sr-RS\",\"potentialAction\":[{\"@type\":\"ReadAction\",\"target\":[\"https:\\\/\\\/spriv.vojvodina.gov.rs\\\/grad-novi-sad-domacin-23-medunarodne-konferencije-bezbednih-zajednica-u-novom-sadu\\\/\"]}]},{\"@type\":\"ImageObject\",\"inLanguage\":\"sr-RS\",\"@id\":\"https:\\\/\\\/spriv.vojvodina.gov.rs\\\/grad-novi-sad-domacin-23-medunarodne-konferencije-bezbednih-zajednica-u-novom-sadu\\\/#primaryimage\",\"url\":\"https:\\\/\\\/spriv.vojvodina.gov.rs\\\/wp-content\\\/uploads\\\/2017\\\/10\\\/bezbednost-mala.JPG\",\"contentUrl\":\"https:\\\/\\\/spriv.vojvodina.gov.rs\\\/wp-content\\\/uploads\\\/2017\\\/10\\\/bezbednost-mala.JPG\",\"width\":150,\"height\":100},{\"@type\":\"BreadcrumbList\",\"@id\":\"https:\\\/\\\/spriv.vojvodina.gov.rs\\\/grad-novi-sad-domacin-23-medunarodne-konferencije-bezbednih-zajednica-u-novom-sadu\\\/#breadcrumb\",\"itemListElement\":[{\"@type\":\"ListItem\",\"position\":1,\"name\":\"Home\",\"item\":\"https:\\\/\\\/spriv.vojvodina.gov.rs\\\/\"},{\"@type\":\"ListItem\",\"position\":2,\"name\":\"Grad Novi Sad doma\u0107in 23. Me\u0111unarodne konferencije bezbednih zajednica u Novom Sadu\"}]},{\"@type\":\"WebSite\",\"@id\":\"https:\\\/\\\/spriv.vojvodina.gov.rs\\\/#website\",\"url\":\"https:\\\/\\\/spriv.vojvodina.gov.rs\\\/\",\"name\":\"\u041f\u043e\u043a\u0440\u0430\u0458\u0438\u043d\u0441\u043a\u0438 \u0441\u0435\u043a\u0440\u0435\u0442\u0430\u0440\u0438\u0458\u0430\u0442 \u0437\u0430 \u043f\u0440\u0438\u0432\u0440\u0435\u0434\u0443 \u0438 \u0442\u0443\u0440\u0438\u0437\u0430\u043c\",\"description\":\"\u041f\u043e\u043a\u0440\u0430\u0458\u0438\u043d\u0441\u043a\u0438 \u0441\u0435\u043a\u0440\u0435\u0442\u0430\u0440\u0438\u0458\u0430\u0442 \u0437\u0430 \u043f\u0440\u0438\u0432\u0440\u0435\u0434\u0443 \u0438 \u0442\u0443\u0440\u0438\u0437\u0430\u043c\",\"potentialAction\":[{\"@type\":\"SearchAction\",\"target\":{\"@type\":\"EntryPoint\",\"urlTemplate\":\"https:\\\/\\\/spriv.vojvodina.gov.rs\\\/?s={search_term_string}\"},\"query-input\":{\"@type\":\"PropertyValueSpecification\",\"valueRequired\":true,\"valueName\":\"search_term_string\"}}],\"inLanguage\":\"sr-RS\"},{\"@type\":\"Person\",\"@id\":\"https:\\\/\\\/spriv.vojvodina.gov.rs\\\/#\\\/schema\\\/person\\\/749ef4f57fbb458f1c759e7a4fa78485\",\"name\":\"Sonja Babi\u0107\",\"image\":{\"@type\":\"ImageObject\",\"inLanguage\":\"sr-RS\",\"@id\":\"https:\\\/\\\/secure.gravatar.com\\\/avatar\\\/00a1d182a20a59067af1e7b1c31cbcc3be1a456ee4b27746580e120c2582e5bd?s=96&d=mm&r=g\",\"url\":\"https:\\\/\\\/secure.gravatar.com\\\/avatar\\\/00a1d182a20a59067af1e7b1c31cbcc3be1a456ee4b27746580e120c2582e5bd?s=96&d=mm&r=g\",\"contentUrl\":\"https:\\\/\\\/secure.gravatar.com\\\/avatar\\\/00a1d182a20a59067af1e7b1c31cbcc3be1a456ee4b27746580e120c2582e5bd?s=96&d=mm&r=g\",\"caption\":\"Sonja Babi\u0107\"},\"url\":\"https:\\\/\\\/spriv.vojvodina.gov.rs\\\/rs\\\/author\\\/sonja-babic\\\/\"}]}<\/script>\n<!-- \/ Yoast SEO plugin. -->","yoast_head_json":{"title":"Grad Novi Sad doma\u0107in 23. Me\u0111unarodne konferencije bezbednih zajednica u Novom Sadu - \u041f\u043e\u043a\u0440\u0430\u0458\u0438\u043d\u0441\u043a\u0438 \u0441\u0435\u043a\u0440\u0435\u0442\u0430\u0440\u0438\u0458\u0430\u0442 \u0437\u0430 \u043f\u0440\u0438\u0432\u0440\u0435\u0434\u0443 \u0438 \u0442\u0443\u0440\u0438\u0437\u0430\u043c","robots":{"index":"index","follow":"follow","max-snippet":"max-snippet:-1","max-image-preview":"max-image-preview:large","max-video-preview":"max-video-preview:-1"},"canonical":"https:\/\/spriv.vojvodina.gov.rs\/rs\/grad-novi-sad-domacin-23-medunarodne-konferencije-bezbednih-zajednica-u-novom-sadu\/","og_locale":"sr_RS","og_type":"article","og_title":"Grad Novi Sad doma\u0107in 23. Me\u0111unarodne konferencije bezbednih zajednica u Novom Sadu - \u041f\u043e\u043a\u0440\u0430\u0458\u0438\u043d\u0441\u043a\u0438 \u0441\u0435\u043a\u0440\u0435\u0442\u0430\u0440\u0438\u0458\u0430\u0442 \u0437\u0430 \u043f\u0440\u0438\u0432\u0440\u0435\u0434\u0443 \u0438 \u0442\u0443\u0440\u0438\u0437\u0430\u043c","og_description":"Novi Sad, 10. oktobar 2017. - Sve\u010dano otvaranje 23. Me\u0111unarodne konferencije bezbednih zajednica, posve\u0107ene bezbednim zajednicama kao potrebi savremenog dru\u0161tva, uprili\u010deno je u Novom Sadu, drugoj bezbednoj zajednici u Republici Srbiji. Potpredsednik Pokrajinske vlade i pokrajinski sekretar za privredu i turizam, Ivan \u0110okovi\u0107, pozdravio je skup rekav\u0161i da su bezbednost i srodne teme multidisciplinarni, ali i filozofski problemi, sa kojima se pojedinac i dru\u0161tvo moraju suo\u010diti na vi\u0161e nivoa. ,,U osnovi sistema bezbednosti postoje klju\u010dne re\u010di \u2013 represija i prevencija. Sa druge strane, prisutno je ose\u0107anje, stanje pojedinca koji mo\u017ee slobodno da \u017eivi, privre\u0111uje i doprinosi bez bojazni, \u010dine\u0107i deo sistema koji stvara novi \u017eivotni kvalitet. Represivnim i zakonskim aparatom se \u0161titi pomenuto stanje, dok o prevenciji govorimo kao o fenomenu usko vezanom za dimenziju kulture kojom se prevenira, ali i brani bezbednost\u201c, rekao je potpredsednik \u0110okovi\u0107.","og_url":"https:\/\/spriv.vojvodina.gov.rs\/grad-novi-sad-domacin-23-medunarodne-konferencije-bezbednih-zajednica-u-novom-sadu\/","og_site_name":"\u041f\u043e\u043a\u0440\u0430\u0458\u0438\u043d\u0441\u043a\u0438 \u0441\u0435\u043a\u0440\u0435\u0442\u0430\u0440\u0438\u0458\u0430\u0442 \u0437\u0430 \u043f\u0440\u0438\u0432\u0440\u0435\u0434\u0443 \u0438 \u0442\u0443\u0440\u0438\u0437\u0430\u043c","article_published_time":"2017-10-10T09:34:56+00:00","og_image":[{"width":150,"height":100,"url":"https:\/\/spriv.vojvodina.gov.rs\/wp-content\/uploads\/2017\/10\/bezbednost-mala.JPG","type":"image\/jpeg"}],"author":"Sonja Babi\u0107","twitter_card":"summary_large_image","twitter_misc":{"\u041d\u0430\u043f\u0438\u0441\u0430\u043d\u043e \u043e\u0434":"Sonja Babi\u0107","\u041f\u0440\u043e\u0446\u0435\u045a\u0435\u043d\u043e \u0432\u0440\u0435\u043c\u0435 \u0447\u0438\u0442\u0430\u045a\u0430":"3 \u043c\u0438\u043d\u0443\u0442\u0430"},"schema":{"@context":"https:\/\/schema.org","@graph":[{"@type":"Article","@id":"https:\/\/spriv.vojvodina.gov.rs\/grad-novi-sad-domacin-23-medunarodne-konferencije-bezbednih-zajednica-u-novom-sadu\/#article","isPartOf":{"@id":"https:\/\/spriv.vojvodina.gov.rs\/grad-novi-sad-domacin-23-medunarodne-konferencije-bezbednih-zajednica-u-novom-sadu\/"},"author":{"name":"Sonja Babi\u0107","@id":"https:\/\/spriv.vojvodina.gov.rs\/#\/schema\/person\/749ef4f57fbb458f1c759e7a4fa78485"},"headline":"Grad Novi Sad doma\u0107in 23. Me\u0111unarodne konferencije bezbednih zajednica u Novom Sadu","datePublished":"2017-10-10T09:34:56+00:00","mainEntityOfPage":{"@id":"https:\/\/spriv.vojvodina.gov.rs\/grad-novi-sad-domacin-23-medunarodne-konferencije-bezbednih-zajednica-u-novom-sadu\/"},"wordCount":572,"image":{"@id":"https:\/\/spriv.vojvodina.gov.rs\/grad-novi-sad-domacin-23-medunarodne-konferencije-bezbednih-zajednica-u-novom-sadu\/#primaryimage"},"thumbnailUrl":"https:\/\/spriv.vojvodina.gov.rs\/wp-content\/uploads\/2017\/10\/bezbednost-mala.JPG","articleSection":["Vesti Latinica"],"inLanguage":"sr-RS"},{"@type":"WebPage","@id":"https:\/\/spriv.vojvodina.gov.rs\/grad-novi-sad-domacin-23-medunarodne-konferencije-bezbednih-zajednica-u-novom-sadu\/","url":"https:\/\/spriv.vojvodina.gov.rs\/grad-novi-sad-domacin-23-medunarodne-konferencije-bezbednih-zajednica-u-novom-sadu\/","name":"Grad Novi Sad doma\u0107in 23. Me\u0111unarodne konferencije bezbednih zajednica u Novom Sadu - \u041f\u043e\u043a\u0440\u0430\u0458\u0438\u043d\u0441\u043a\u0438 \u0441\u0435\u043a\u0440\u0435\u0442\u0430\u0440\u0438\u0458\u0430\u0442 \u0437\u0430 \u043f\u0440\u0438\u0432\u0440\u0435\u0434\u0443 \u0438 \u0442\u0443\u0440\u0438\u0437\u0430\u043c","isPartOf":{"@id":"https:\/\/spriv.vojvodina.gov.rs\/#website"},"primaryImageOfPage":{"@id":"https:\/\/spriv.vojvodina.gov.rs\/grad-novi-sad-domacin-23-medunarodne-konferencije-bezbednih-zajednica-u-novom-sadu\/#primaryimage"},"image":{"@id":"https:\/\/spriv.vojvodina.gov.rs\/grad-novi-sad-domacin-23-medunarodne-konferencije-bezbednih-zajednica-u-novom-sadu\/#primaryimage"},"thumbnailUrl":"https:\/\/spriv.vojvodina.gov.rs\/wp-content\/uploads\/2017\/10\/bezbednost-mala.JPG","datePublished":"2017-10-10T09:34:56+00:00","author":{"@id":"https:\/\/spriv.vojvodina.gov.rs\/#\/schema\/person\/749ef4f57fbb458f1c759e7a4fa78485"},"breadcrumb":{"@id":"https:\/\/spriv.vojvodina.gov.rs\/grad-novi-sad-domacin-23-medunarodne-konferencije-bezbednih-zajednica-u-novom-sadu\/#breadcrumb"},"inLanguage":"sr-RS","potentialAction":[{"@type":"ReadAction","target":["https:\/\/spriv.vojvodina.gov.rs\/grad-novi-sad-domacin-23-medunarodne-konferencije-bezbednih-zajednica-u-novom-sadu\/"]}]},{"@type":"ImageObject","inLanguage":"sr-RS","@id":"https:\/\/spriv.vojvodina.gov.rs\/grad-novi-sad-domacin-23-medunarodne-konferencije-bezbednih-zajednica-u-novom-sadu\/#primaryimage","url":"https:\/\/spriv.vojvodina.gov.rs\/wp-content\/uploads\/2017\/10\/bezbednost-mala.JPG","contentUrl":"https:\/\/spriv.vojvodina.gov.rs\/wp-content\/uploads\/2017\/10\/bezbednost-mala.JPG","width":150,"height":100},{"@type":"BreadcrumbList","@id":"https:\/\/spriv.vojvodina.gov.rs\/grad-novi-sad-domacin-23-medunarodne-konferencije-bezbednih-zajednica-u-novom-sadu\/#breadcrumb","itemListElement":[{"@type":"ListItem","position":1,"name":"Home","item":"https:\/\/spriv.vojvodina.gov.rs\/"},{"@type":"ListItem","position":2,"name":"Grad Novi Sad doma\u0107in 23. Me\u0111unarodne konferencije bezbednih zajednica u Novom Sadu"}]},{"@type":"WebSite","@id":"https:\/\/spriv.vojvodina.gov.rs\/#website","url":"https:\/\/spriv.vojvodina.gov.rs\/","name":"\u041f\u043e\u043a\u0440\u0430\u0458\u0438\u043d\u0441\u043a\u0438 \u0441\u0435\u043a\u0440\u0435\u0442\u0430\u0440\u0438\u0458\u0430\u0442 \u0437\u0430 \u043f\u0440\u0438\u0432\u0440\u0435\u0434\u0443 \u0438 \u0442\u0443\u0440\u0438\u0437\u0430\u043c","description":"\u041f\u043e\u043a\u0440\u0430\u0458\u0438\u043d\u0441\u043a\u0438 \u0441\u0435\u043a\u0440\u0435\u0442\u0430\u0440\u0438\u0458\u0430\u0442 \u0437\u0430 \u043f\u0440\u0438\u0432\u0440\u0435\u0434\u0443 \u0438 \u0442\u0443\u0440\u0438\u0437\u0430\u043c","potentialAction":[{"@type":"SearchAction","target":{"@type":"EntryPoint","urlTemplate":"https:\/\/spriv.vojvodina.gov.rs\/?s={search_term_string}"},"query-input":{"@type":"PropertyValueSpecification","valueRequired":true,"valueName":"search_term_string"}}],"inLanguage":"sr-RS"},{"@type":"Person","@id":"https:\/\/spriv.vojvodina.gov.rs\/#\/schema\/person\/749ef4f57fbb458f1c759e7a4fa78485","name":"Sonja Babi\u0107","image":{"@type":"ImageObject","inLanguage":"sr-RS","@id":"https:\/\/secure.gravatar.com\/avatar\/00a1d182a20a59067af1e7b1c31cbcc3be1a456ee4b27746580e120c2582e5bd?s=96&d=mm&r=g","url":"https:\/\/secure.gravatar.com\/avatar\/00a1d182a20a59067af1e7b1c31cbcc3be1a456ee4b27746580e120c2582e5bd?s=96&d=mm&r=g","contentUrl":"https:\/\/secure.gravatar.com\/avatar\/00a1d182a20a59067af1e7b1c31cbcc3be1a456ee4b27746580e120c2582e5bd?s=96&d=mm&r=g","caption":"Sonja Babi\u0107"},"url":"https:\/\/spriv.vojvodina.gov.rs\/rs\/author\/sonja-babic\/"}]}},"_links":{"self":[{"href":"https:\/\/spriv.vojvodina.gov.rs\/rs\/wp-json\/wp\/v2\/posts\/2984","targetHints":{"allow":["GET"]}}],"collection":[{"href":"https:\/\/spriv.vojvodina.gov.rs\/rs\/wp-json\/wp\/v2\/posts"}],"about":[{"href":"https:\/\/spriv.vojvodina.gov.rs\/rs\/wp-json\/wp\/v2\/types\/post"}],"author":[{"embeddable":true,"href":"https:\/\/spriv.vojvodina.gov.rs\/rs\/wp-json\/wp\/v2\/users\/3"}],"replies":[{"embeddable":true,"href":"https:\/\/spriv.vojvodina.gov.rs\/rs\/wp-json\/wp\/v2\/comments?post=2984"}],"version-history":[{"count":0,"href":"https:\/\/spriv.vojvodina.gov.rs\/rs\/wp-json\/wp\/v2\/posts\/2984\/revisions"}],"wp:featuredmedia":[{"embeddable":true,"href":"https:\/\/spriv.vojvodina.gov.rs\/rs\/wp-json\/wp\/v2\/media\/2973"}],"wp:attachment":[{"href":"https:\/\/spriv.vojvodina.gov.rs\/rs\/wp-json\/wp\/v2\/media?parent=2984"}],"wp:term":[{"taxonomy":"category","embeddable":true,"href":"https:\/\/spriv.vojvodina.gov.rs\/rs\/wp-json\/wp\/v2\/categories?post=2984"},{"taxonomy":"post_tag","embeddable":true,"href":"https:\/\/spriv.vojvodina.gov.rs\/rs\/wp-json\/wp\/v2\/tags?post=2984"}],"curies":[{"name":"wp","href":"https:\/\/api.w.org\/{rel}","templated":true}]}}