{"id":2608,"date":"2017-05-15T16:39:22","date_gmt":"2017-05-15T16:39:22","guid":{"rendered":"http:\/\/spriv.vojvodina.gov.rs\/2017\/05\/15\/jacanje-saradnje-ap-vojvodine-i-nemacke-pokrajine-baden-virtemberg\/"},"modified":"2017-05-15T16:39:22","modified_gmt":"2017-05-15T16:39:22","slug":"jacanje-saradnje-ap-vojvodine-i-nemacke-pokrajine-baden-virtemberg","status":"publish","type":"post","link":"https:\/\/spriv.vojvodina.gov.rs\/rs\/jacanje-saradnje-ap-vojvodine-i-nemacke-pokrajine-baden-virtemberg\/","title":{"rendered":"Ja\u010danje saradnje AP Vojvodine i nema\u010dke pokrajine Baden-Virtemberg"},"content":{"rendered":"<p style=\"text-align: center;\"><img loading=\"lazy\" decoding=\"async\" class=\" size-full wp-image-2600\" src=\"http:\/\/spriv.vojvodina.gov.rs\/wp-content\/uploads\/2017\/05\/baden-1.JPG\" border=\"0\" alt=\"\" width=\"600\" height=\"400\" srcset=\"https:\/\/spriv.vojvodina.gov.rs\/wp-content\/uploads\/2017\/05\/baden-1.JPG 600w, https:\/\/spriv.vojvodina.gov.rs\/wp-content\/uploads\/2017\/05\/baden-1-300x200.jpg 300w\" sizes=\"auto, (max-width: 600px) 100vw, 600px\" \/><\/p>\n<p style=\"text-align: justify;\">Novi Sad, 15. maj 2017. &#8211; Pokrajinski sekretar za poljoprivredu, vodoprivredu i \u0161umarstvo mr Vuk Radojevi\u0107 i potpredsednik Pokrajinske vlade i pokrajinski sekretar za privredu i turizam Ivan \u0110okovi\u0107 primili su danas delegaciju Odbora za ruralni razvoj i za\u0161titu potro\u0161a\u010da Parlamenta nema\u010dke Savezne pokrajine Baden-Virtemberga, koja boravi u vi\u0161ednevnoj poseti AP Vojvodini.<\/p>\n<p style=\"text-align: center;\"><img loading=\"lazy\" decoding=\"async\" class=\" size-full wp-image-2601\" src=\"http:\/\/spriv.vojvodina.gov.rs\/wp-content\/uploads\/2017\/05\/baden-2.JPG\" border=\"0\" alt=\"\" width=\"600\" height=\"400\" srcset=\"https:\/\/spriv.vojvodina.gov.rs\/wp-content\/uploads\/2017\/05\/baden-2.JPG 600w, https:\/\/spriv.vojvodina.gov.rs\/wp-content\/uploads\/2017\/05\/baden-2-300x200.jpg 300w\" sizes=\"auto, (max-width: 600px) 100vw, 600px\" \/><\/p>\n<p style=\"text-align: justify;\">Sekretar Radojevi\u0107 je u razgovoru istakao da je Nema\u010dka bitan ekonomski partner Srbiji, te da postoji prostor za ja\u010danje i razvoj saradnje na svim nivoima.<\/p>\n<p>On je dodao da je u proteklih deset meseci intenzivirana saradnja izme\u0111u AP Vojvodine i nema\u010dke pokrajine Baden-Virtemberg, koja veoma dobro povezuje sektor privrede i poljoprivrede, \u0161to je dobar osnov za dalju saradnju.<\/p>\n<p style=\"text-align: center;\"><img loading=\"lazy\" decoding=\"async\" class=\" size-full wp-image-2602\" src=\"http:\/\/spriv.vojvodina.gov.rs\/wp-content\/uploads\/2017\/05\/baden-3.JPG\" border=\"0\" alt=\"\" width=\"600\" height=\"400\" srcset=\"https:\/\/spriv.vojvodina.gov.rs\/wp-content\/uploads\/2017\/05\/baden-3.JPG 600w, https:\/\/spriv.vojvodina.gov.rs\/wp-content\/uploads\/2017\/05\/baden-3-300x200.jpg 300w\" sizes=\"auto, (max-width: 600px) 100vw, 600px\" \/><\/p>\n<p style=\"text-align: justify;\">Pored saradnje i razmene iskustava u segmentu primarne poljoprivredne proizvodnje, ali i prehrambene industrije, resorni sekretar Radojevi\u0107, naglasio je da su dobrodo\u0161la iskustva Baden-Virtemberga u daljem promovisanju udru\u017eivanja poljoprivrednika, pre svega u zemljoradni\u010dke zadruge, prema mogu\u0107nostima koje daje na\u0161 novi Zakon o zadrugama.<\/p>\n<p style=\"text-align: center;\"><img loading=\"lazy\" decoding=\"async\" class=\" size-full wp-image-2603\" src=\"http:\/\/spriv.vojvodina.gov.rs\/wp-content\/uploads\/2017\/05\/baden-4.JPG\" border=\"0\" alt=\"\" width=\"600\" height=\"400\" srcset=\"https:\/\/spriv.vojvodina.gov.rs\/wp-content\/uploads\/2017\/05\/baden-4.JPG 600w, https:\/\/spriv.vojvodina.gov.rs\/wp-content\/uploads\/2017\/05\/baden-4-300x200.jpg 300w\" sizes=\"auto, (max-width: 600px) 100vw, 600px\" \/><\/p>\n<p style=\"text-align: justify;\">Potpredsednik Pokrajinske vlade i pokrajinski sekretar za privredu i turizam, Ivan \u0110okovi\u0107, istakao je da su nema\u010dke investicije u samom vrhu u Vojvodini, te da je ulaganje od 1,2 milijarde evra omogu\u0107ilo 12 hiljada radnih mesta u nema\u010dkim kompanijama. Dodao je da je u spoljno-trgovinskoj razmeni ostvaren suficit izme\u0111u Nema\u010dke i AP Vojvodine, te da je na republi\u010dkom nivou Nema\u010dka na\u0161 drugi spoljno-trgovinski partner.<\/p>\n<p style=\"text-align: center;\"><img loading=\"lazy\" decoding=\"async\" class=\" size-full wp-image-2604\" src=\"http:\/\/spriv.vojvodina.gov.rs\/wp-content\/uploads\/2017\/05\/baden-5.JPG\" border=\"0\" alt=\"\" width=\"600\" height=\"400\" srcset=\"https:\/\/spriv.vojvodina.gov.rs\/wp-content\/uploads\/2017\/05\/baden-5.JPG 600w, https:\/\/spriv.vojvodina.gov.rs\/wp-content\/uploads\/2017\/05\/baden-5-300x200.jpg 300w\" sizes=\"auto, (max-width: 600px) 100vw, 600px\" \/><\/p>\n<p style=\"text-align: justify;\">Parlamentarna delegacija iz Baden-Virtemberga, koju predvode Fridlinde Gur-Hir\u0161, dr\u017eavni sekretar u Ministarstvu poljoprivrede i Martin Han, predsednik Odbora za ruralni razvoj i za\u0161titu potro\u0161a\u010da, poseti\u0107e danas i 84. Me\u0111unarodni poljoprivredni sajam. Tokom boravka u AP Vojvodini obi\u0107i \u0107e i nekoliko poljoprivrednih gazdinstava i poljoprivrednih preduze\u0107a, kako bi se upoznali sa potencijalima i proizvodnim resursima i sagledali mogu\u0107nosti uspostavljanja saradnje u tom sektoru.<\/p>\n<p style=\"text-align: center;\"><img loading=\"lazy\" decoding=\"async\" class=\" size-full wp-image-2605\" src=\"http:\/\/spriv.vojvodina.gov.rs\/wp-content\/uploads\/2017\/05\/baden-6.JPG\" border=\"0\" alt=\"\" width=\"600\" height=\"400\" srcset=\"https:\/\/spriv.vojvodina.gov.rs\/wp-content\/uploads\/2017\/05\/baden-6.JPG 600w, https:\/\/spriv.vojvodina.gov.rs\/wp-content\/uploads\/2017\/05\/baden-6-300x200.jpg 300w\" sizes=\"auto, (max-width: 600px) 100vw, 600px\" \/><\/p>\n<p style=\"text-align: center;\"><img loading=\"lazy\" decoding=\"async\" class=\" size-full wp-image-2606\" src=\"http:\/\/spriv.vojvodina.gov.rs\/wp-content\/uploads\/2017\/05\/baden-7.JPG\" border=\"0\" alt=\"\" width=\"600\" height=\"400\" srcset=\"https:\/\/spriv.vojvodina.gov.rs\/wp-content\/uploads\/2017\/05\/baden-7.JPG 600w, https:\/\/spriv.vojvodina.gov.rs\/wp-content\/uploads\/2017\/05\/baden-7-300x200.jpg 300w\" sizes=\"auto, (max-width: 600px) 100vw, 600px\" \/><\/p>\n","protected":false},"excerpt":{"rendered":"Novi Sad, 15. maj 2017. &#8211; Pokrajinski sekretar za poljoprivredu, vodoprivredu i \u0161umarstvo mr Vuk Radojevi\u0107 i potpredsednik Pokrajinske vlade i pokrajinski sekretar za privredu i turizam Ivan \u0110okovi\u0107 primili su danas delegaciju Odbora za ruralni razvoj i za\u0161titu potro\u0161a\u010da Parlamenta nema\u010dke Savezne pokrajine Baden-Virtemberga, koja boravi u vi\u0161ednevnoj poseti AP Vojvodini.\n<a class=\"moretag\" href=\"https:\/\/spriv.vojvodina.gov.rs\/rs\/jacanje-saradnje-ap-vojvodine-i-nemacke-pokrajine-baden-virtemberg\/\"> [...]<\/a>","protected":false},"author":3,"featured_media":2599,"comment_status":"closed","ping_status":"closed","sticky":false,"template":"","format":"standard","meta":{"footnotes":""},"categories":[31],"tags":[],"class_list":["post-2608","post","type-post","status-publish","format-standard","has-post-thumbnail","hentry","category-vesti-latinica1"],"yoast_head":"<!-- This site is optimized with the Yoast SEO plugin v27.5 - https:\/\/yoast.com\/product\/yoast-seo-wordpress\/ -->\n<title>Ja\u010danje saradnje AP Vojvodine i nema\u010dke pokrajine Baden-Virtemberg - \u041f\u043e\u043a\u0440\u0430\u0458\u0438\u043d\u0441\u043a\u0438 \u0441\u0435\u043a\u0440\u0435\u0442\u0430\u0440\u0438\u0458\u0430\u0442 \u0437\u0430 \u043f\u0440\u0438\u0432\u0440\u0435\u0434\u0443 \u0438 \u0442\u0443\u0440\u0438\u0437\u0430\u043c<\/title>\n<meta name=\"robots\" content=\"index, follow, max-snippet:-1, max-image-preview:large, max-video-preview:-1\" \/>\n<link rel=\"canonical\" href=\"https:\/\/spriv.vojvodina.gov.rs\/rs\/jacanje-saradnje-ap-vojvodine-i-nemacke-pokrajine-baden-virtemberg\/\" \/>\n<meta property=\"og:locale\" content=\"sr_RS\" \/>\n<meta property=\"og:type\" content=\"article\" \/>\n<meta property=\"og:title\" content=\"Ja\u010danje saradnje AP Vojvodine i nema\u010dke pokrajine Baden-Virtemberg - \u041f\u043e\u043a\u0440\u0430\u0458\u0438\u043d\u0441\u043a\u0438 \u0441\u0435\u043a\u0440\u0435\u0442\u0430\u0440\u0438\u0458\u0430\u0442 \u0437\u0430 \u043f\u0440\u0438\u0432\u0440\u0435\u0434\u0443 \u0438 \u0442\u0443\u0440\u0438\u0437\u0430\u043c\" \/>\n<meta property=\"og:description\" content=\"Novi Sad, 15. maj 2017. - Pokrajinski sekretar za poljoprivredu, vodoprivredu i \u0161umarstvo mr Vuk Radojevi\u0107 i potpredsednik Pokrajinske vlade i pokrajinski sekretar za privredu i turizam Ivan \u0110okovi\u0107 primili su danas delegaciju Odbora za ruralni razvoj i za\u0161titu potro\u0161a\u010da Parlamenta nema\u010dke Savezne pokrajine Baden-Virtemberga, koja boravi u vi\u0161ednevnoj poseti AP Vojvodini.\" \/>\n<meta property=\"og:url\" content=\"https:\/\/spriv.vojvodina.gov.rs\/rs\/jacanje-saradnje-ap-vojvodine-i-nemacke-pokrajine-baden-virtemberg\/\" \/>\n<meta property=\"og:site_name\" content=\"\u041f\u043e\u043a\u0440\u0430\u0458\u0438\u043d\u0441\u043a\u0438 \u0441\u0435\u043a\u0440\u0435\u0442\u0430\u0440\u0438\u0458\u0430\u0442 \u0437\u0430 \u043f\u0440\u0438\u0432\u0440\u0435\u0434\u0443 \u0438 \u0442\u0443\u0440\u0438\u0437\u0430\u043c\" \/>\n<meta property=\"article:published_time\" content=\"2017-05-15T16:39:22+00:00\" \/>\n<meta property=\"og:image\" content=\"https:\/\/spriv.vojvodina.gov.rs\/wp-content\/uploads\/2017\/05\/baden-mala.JPG\" \/>\n\t<meta property=\"og:image:width\" content=\"150\" \/>\n\t<meta property=\"og:image:height\" content=\"100\" \/>\n\t<meta property=\"og:image:type\" content=\"image\/jpeg\" \/>\n<meta name=\"author\" content=\"Sonja Babi\u0107\" \/>\n<meta name=\"twitter:card\" content=\"summary_large_image\" \/>\n<meta name=\"twitter:label1\" content=\"\u041d\u0430\u043f\u0438\u0441\u0430\u043d\u043e \u043e\u0434\" \/>\n\t<meta name=\"twitter:data1\" content=\"Sonja Babi\u0107\" \/>\n\t<meta name=\"twitter:label2\" content=\"\u041f\u0440\u043e\u0446\u0435\u045a\u0435\u043d\u043e \u0432\u0440\u0435\u043c\u0435 \u0447\u0438\u0442\u0430\u045a\u0430\" \/>\n\t<meta name=\"twitter:data2\" content=\"2 \u043c\u0438\u043d\u0443\u0442\u0430\" \/>\n<script type=\"application\/ld+json\" class=\"yoast-schema-graph\">{\"@context\":\"https:\\\/\\\/schema.org\",\"@graph\":[{\"@type\":\"Article\",\"@id\":\"https:\\\/\\\/spriv.vojvodina.gov.rs\\\/rs\\\/jacanje-saradnje-ap-vojvodine-i-nemacke-pokrajine-baden-virtemberg\\\/#article\",\"isPartOf\":{\"@id\":\"https:\\\/\\\/spriv.vojvodina.gov.rs\\\/rs\\\/jacanje-saradnje-ap-vojvodine-i-nemacke-pokrajine-baden-virtemberg\\\/\"},\"author\":{\"name\":\"Sonja Babi\u0107\",\"@id\":\"https:\\\/\\\/spriv.vojvodina.gov.rs\\\/#\\\/schema\\\/person\\\/749ef4f57fbb458f1c759e7a4fa78485\"},\"headline\":\"Ja\u010danje saradnje AP Vojvodine i nema\u010dke pokrajine Baden-Virtemberg\",\"datePublished\":\"2017-05-15T16:39:22+00:00\",\"mainEntityOfPage\":{\"@id\":\"https:\\\/\\\/spriv.vojvodina.gov.rs\\\/rs\\\/jacanje-saradnje-ap-vojvodine-i-nemacke-pokrajine-baden-virtemberg\\\/\"},\"wordCount\":313,\"image\":{\"@id\":\"https:\\\/\\\/spriv.vojvodina.gov.rs\\\/rs\\\/jacanje-saradnje-ap-vojvodine-i-nemacke-pokrajine-baden-virtemberg\\\/#primaryimage\"},\"thumbnailUrl\":\"https:\\\/\\\/spriv.vojvodina.gov.rs\\\/wp-content\\\/uploads\\\/2017\\\/05\\\/baden-mala.JPG\",\"articleSection\":[\"Vesti Latinica\"],\"inLanguage\":\"sr-RS\"},{\"@type\":\"WebPage\",\"@id\":\"https:\\\/\\\/spriv.vojvodina.gov.rs\\\/rs\\\/jacanje-saradnje-ap-vojvodine-i-nemacke-pokrajine-baden-virtemberg\\\/\",\"url\":\"https:\\\/\\\/spriv.vojvodina.gov.rs\\\/rs\\\/jacanje-saradnje-ap-vojvodine-i-nemacke-pokrajine-baden-virtemberg\\\/\",\"name\":\"Ja\u010danje saradnje AP Vojvodine i nema\u010dke pokrajine Baden-Virtemberg - \u041f\u043e\u043a\u0440\u0430\u0458\u0438\u043d\u0441\u043a\u0438 \u0441\u0435\u043a\u0440\u0435\u0442\u0430\u0440\u0438\u0458\u0430\u0442 \u0437\u0430 \u043f\u0440\u0438\u0432\u0440\u0435\u0434\u0443 \u0438 \u0442\u0443\u0440\u0438\u0437\u0430\u043c\",\"isPartOf\":{\"@id\":\"https:\\\/\\\/spriv.vojvodina.gov.rs\\\/#website\"},\"primaryImageOfPage\":{\"@id\":\"https:\\\/\\\/spriv.vojvodina.gov.rs\\\/rs\\\/jacanje-saradnje-ap-vojvodine-i-nemacke-pokrajine-baden-virtemberg\\\/#primaryimage\"},\"image\":{\"@id\":\"https:\\\/\\\/spriv.vojvodina.gov.rs\\\/rs\\\/jacanje-saradnje-ap-vojvodine-i-nemacke-pokrajine-baden-virtemberg\\\/#primaryimage\"},\"thumbnailUrl\":\"https:\\\/\\\/spriv.vojvodina.gov.rs\\\/wp-content\\\/uploads\\\/2017\\\/05\\\/baden-mala.JPG\",\"datePublished\":\"2017-05-15T16:39:22+00:00\",\"author\":{\"@id\":\"https:\\\/\\\/spriv.vojvodina.gov.rs\\\/#\\\/schema\\\/person\\\/749ef4f57fbb458f1c759e7a4fa78485\"},\"breadcrumb\":{\"@id\":\"https:\\\/\\\/spriv.vojvodina.gov.rs\\\/rs\\\/jacanje-saradnje-ap-vojvodine-i-nemacke-pokrajine-baden-virtemberg\\\/#breadcrumb\"},\"inLanguage\":\"sr-RS\",\"potentialAction\":[{\"@type\":\"ReadAction\",\"target\":[\"https:\\\/\\\/spriv.vojvodina.gov.rs\\\/rs\\\/jacanje-saradnje-ap-vojvodine-i-nemacke-pokrajine-baden-virtemberg\\\/\"]}]},{\"@type\":\"ImageObject\",\"inLanguage\":\"sr-RS\",\"@id\":\"https:\\\/\\\/spriv.vojvodina.gov.rs\\\/rs\\\/jacanje-saradnje-ap-vojvodine-i-nemacke-pokrajine-baden-virtemberg\\\/#primaryimage\",\"url\":\"https:\\\/\\\/spriv.vojvodina.gov.rs\\\/wp-content\\\/uploads\\\/2017\\\/05\\\/baden-mala.JPG\",\"contentUrl\":\"https:\\\/\\\/spriv.vojvodina.gov.rs\\\/wp-content\\\/uploads\\\/2017\\\/05\\\/baden-mala.JPG\",\"width\":150,\"height\":100},{\"@type\":\"BreadcrumbList\",\"@id\":\"https:\\\/\\\/spriv.vojvodina.gov.rs\\\/rs\\\/jacanje-saradnje-ap-vojvodine-i-nemacke-pokrajine-baden-virtemberg\\\/#breadcrumb\",\"itemListElement\":[{\"@type\":\"ListItem\",\"position\":1,\"name\":\"Home\",\"item\":\"https:\\\/\\\/spriv.vojvodina.gov.rs\\\/\"},{\"@type\":\"ListItem\",\"position\":2,\"name\":\"Ja\u010danje saradnje AP Vojvodine i nema\u010dke pokrajine Baden-Virtemberg\"}]},{\"@type\":\"WebSite\",\"@id\":\"https:\\\/\\\/spriv.vojvodina.gov.rs\\\/#website\",\"url\":\"https:\\\/\\\/spriv.vojvodina.gov.rs\\\/\",\"name\":\"\u041f\u043e\u043a\u0440\u0430\u0458\u0438\u043d\u0441\u043a\u0438 \u0441\u0435\u043a\u0440\u0435\u0442\u0430\u0440\u0438\u0458\u0430\u0442 \u0437\u0430 \u043f\u0440\u0438\u0432\u0440\u0435\u0434\u0443 \u0438 \u0442\u0443\u0440\u0438\u0437\u0430\u043c\",\"description\":\"\u041f\u043e\u043a\u0440\u0430\u0458\u0438\u043d\u0441\u043a\u0438 \u0441\u0435\u043a\u0440\u0435\u0442\u0430\u0440\u0438\u0458\u0430\u0442 \u0437\u0430 \u043f\u0440\u0438\u0432\u0440\u0435\u0434\u0443 \u0438 \u0442\u0443\u0440\u0438\u0437\u0430\u043c\",\"potentialAction\":[{\"@type\":\"SearchAction\",\"target\":{\"@type\":\"EntryPoint\",\"urlTemplate\":\"https:\\\/\\\/spriv.vojvodina.gov.rs\\\/?s={search_term_string}\"},\"query-input\":{\"@type\":\"PropertyValueSpecification\",\"valueRequired\":true,\"valueName\":\"search_term_string\"}}],\"inLanguage\":\"sr-RS\"},{\"@type\":\"Person\",\"@id\":\"https:\\\/\\\/spriv.vojvodina.gov.rs\\\/#\\\/schema\\\/person\\\/749ef4f57fbb458f1c759e7a4fa78485\",\"name\":\"Sonja Babi\u0107\",\"image\":{\"@type\":\"ImageObject\",\"inLanguage\":\"sr-RS\",\"@id\":\"https:\\\/\\\/secure.gravatar.com\\\/avatar\\\/00a1d182a20a59067af1e7b1c31cbcc3be1a456ee4b27746580e120c2582e5bd?s=96&d=mm&r=g\",\"url\":\"https:\\\/\\\/secure.gravatar.com\\\/avatar\\\/00a1d182a20a59067af1e7b1c31cbcc3be1a456ee4b27746580e120c2582e5bd?s=96&d=mm&r=g\",\"contentUrl\":\"https:\\\/\\\/secure.gravatar.com\\\/avatar\\\/00a1d182a20a59067af1e7b1c31cbcc3be1a456ee4b27746580e120c2582e5bd?s=96&d=mm&r=g\",\"caption\":\"Sonja Babi\u0107\"},\"url\":\"https:\\\/\\\/spriv.vojvodina.gov.rs\\\/rs\\\/author\\\/sonja-babic\\\/\"}]}<\/script>\n<!-- \/ Yoast SEO plugin. -->","yoast_head_json":{"title":"Ja\u010danje saradnje AP Vojvodine i nema\u010dke pokrajine Baden-Virtemberg - \u041f\u043e\u043a\u0440\u0430\u0458\u0438\u043d\u0441\u043a\u0438 \u0441\u0435\u043a\u0440\u0435\u0442\u0430\u0440\u0438\u0458\u0430\u0442 \u0437\u0430 \u043f\u0440\u0438\u0432\u0440\u0435\u0434\u0443 \u0438 \u0442\u0443\u0440\u0438\u0437\u0430\u043c","robots":{"index":"index","follow":"follow","max-snippet":"max-snippet:-1","max-image-preview":"max-image-preview:large","max-video-preview":"max-video-preview:-1"},"canonical":"https:\/\/spriv.vojvodina.gov.rs\/rs\/jacanje-saradnje-ap-vojvodine-i-nemacke-pokrajine-baden-virtemberg\/","og_locale":"sr_RS","og_type":"article","og_title":"Ja\u010danje saradnje AP Vojvodine i nema\u010dke pokrajine Baden-Virtemberg - \u041f\u043e\u043a\u0440\u0430\u0458\u0438\u043d\u0441\u043a\u0438 \u0441\u0435\u043a\u0440\u0435\u0442\u0430\u0440\u0438\u0458\u0430\u0442 \u0437\u0430 \u043f\u0440\u0438\u0432\u0440\u0435\u0434\u0443 \u0438 \u0442\u0443\u0440\u0438\u0437\u0430\u043c","og_description":"Novi Sad, 15. maj 2017. - Pokrajinski sekretar za poljoprivredu, vodoprivredu i \u0161umarstvo mr Vuk Radojevi\u0107 i potpredsednik Pokrajinske vlade i pokrajinski sekretar za privredu i turizam Ivan \u0110okovi\u0107 primili su danas delegaciju Odbora za ruralni razvoj i za\u0161titu potro\u0161a\u010da Parlamenta nema\u010dke Savezne pokrajine Baden-Virtemberga, koja boravi u vi\u0161ednevnoj poseti AP Vojvodini.","og_url":"https:\/\/spriv.vojvodina.gov.rs\/rs\/jacanje-saradnje-ap-vojvodine-i-nemacke-pokrajine-baden-virtemberg\/","og_site_name":"\u041f\u043e\u043a\u0440\u0430\u0458\u0438\u043d\u0441\u043a\u0438 \u0441\u0435\u043a\u0440\u0435\u0442\u0430\u0440\u0438\u0458\u0430\u0442 \u0437\u0430 \u043f\u0440\u0438\u0432\u0440\u0435\u0434\u0443 \u0438 \u0442\u0443\u0440\u0438\u0437\u0430\u043c","article_published_time":"2017-05-15T16:39:22+00:00","og_image":[{"width":150,"height":100,"url":"https:\/\/spriv.vojvodina.gov.rs\/wp-content\/uploads\/2017\/05\/baden-mala.JPG","type":"image\/jpeg"}],"author":"Sonja Babi\u0107","twitter_card":"summary_large_image","twitter_misc":{"\u041d\u0430\u043f\u0438\u0441\u0430\u043d\u043e \u043e\u0434":"Sonja Babi\u0107","\u041f\u0440\u043e\u0446\u0435\u045a\u0435\u043d\u043e \u0432\u0440\u0435\u043c\u0435 \u0447\u0438\u0442\u0430\u045a\u0430":"2 \u043c\u0438\u043d\u0443\u0442\u0430"},"schema":{"@context":"https:\/\/schema.org","@graph":[{"@type":"Article","@id":"https:\/\/spriv.vojvodina.gov.rs\/rs\/jacanje-saradnje-ap-vojvodine-i-nemacke-pokrajine-baden-virtemberg\/#article","isPartOf":{"@id":"https:\/\/spriv.vojvodina.gov.rs\/rs\/jacanje-saradnje-ap-vojvodine-i-nemacke-pokrajine-baden-virtemberg\/"},"author":{"name":"Sonja Babi\u0107","@id":"https:\/\/spriv.vojvodina.gov.rs\/#\/schema\/person\/749ef4f57fbb458f1c759e7a4fa78485"},"headline":"Ja\u010danje saradnje AP Vojvodine i nema\u010dke pokrajine Baden-Virtemberg","datePublished":"2017-05-15T16:39:22+00:00","mainEntityOfPage":{"@id":"https:\/\/spriv.vojvodina.gov.rs\/rs\/jacanje-saradnje-ap-vojvodine-i-nemacke-pokrajine-baden-virtemberg\/"},"wordCount":313,"image":{"@id":"https:\/\/spriv.vojvodina.gov.rs\/rs\/jacanje-saradnje-ap-vojvodine-i-nemacke-pokrajine-baden-virtemberg\/#primaryimage"},"thumbnailUrl":"https:\/\/spriv.vojvodina.gov.rs\/wp-content\/uploads\/2017\/05\/baden-mala.JPG","articleSection":["Vesti Latinica"],"inLanguage":"sr-RS"},{"@type":"WebPage","@id":"https:\/\/spriv.vojvodina.gov.rs\/rs\/jacanje-saradnje-ap-vojvodine-i-nemacke-pokrajine-baden-virtemberg\/","url":"https:\/\/spriv.vojvodina.gov.rs\/rs\/jacanje-saradnje-ap-vojvodine-i-nemacke-pokrajine-baden-virtemberg\/","name":"Ja\u010danje saradnje AP Vojvodine i nema\u010dke pokrajine Baden-Virtemberg - \u041f\u043e\u043a\u0440\u0430\u0458\u0438\u043d\u0441\u043a\u0438 \u0441\u0435\u043a\u0440\u0435\u0442\u0430\u0440\u0438\u0458\u0430\u0442 \u0437\u0430 \u043f\u0440\u0438\u0432\u0440\u0435\u0434\u0443 \u0438 \u0442\u0443\u0440\u0438\u0437\u0430\u043c","isPartOf":{"@id":"https:\/\/spriv.vojvodina.gov.rs\/#website"},"primaryImageOfPage":{"@id":"https:\/\/spriv.vojvodina.gov.rs\/rs\/jacanje-saradnje-ap-vojvodine-i-nemacke-pokrajine-baden-virtemberg\/#primaryimage"},"image":{"@id":"https:\/\/spriv.vojvodina.gov.rs\/rs\/jacanje-saradnje-ap-vojvodine-i-nemacke-pokrajine-baden-virtemberg\/#primaryimage"},"thumbnailUrl":"https:\/\/spriv.vojvodina.gov.rs\/wp-content\/uploads\/2017\/05\/baden-mala.JPG","datePublished":"2017-05-15T16:39:22+00:00","author":{"@id":"https:\/\/spriv.vojvodina.gov.rs\/#\/schema\/person\/749ef4f57fbb458f1c759e7a4fa78485"},"breadcrumb":{"@id":"https:\/\/spriv.vojvodina.gov.rs\/rs\/jacanje-saradnje-ap-vojvodine-i-nemacke-pokrajine-baden-virtemberg\/#breadcrumb"},"inLanguage":"sr-RS","potentialAction":[{"@type":"ReadAction","target":["https:\/\/spriv.vojvodina.gov.rs\/rs\/jacanje-saradnje-ap-vojvodine-i-nemacke-pokrajine-baden-virtemberg\/"]}]},{"@type":"ImageObject","inLanguage":"sr-RS","@id":"https:\/\/spriv.vojvodina.gov.rs\/rs\/jacanje-saradnje-ap-vojvodine-i-nemacke-pokrajine-baden-virtemberg\/#primaryimage","url":"https:\/\/spriv.vojvodina.gov.rs\/wp-content\/uploads\/2017\/05\/baden-mala.JPG","contentUrl":"https:\/\/spriv.vojvodina.gov.rs\/wp-content\/uploads\/2017\/05\/baden-mala.JPG","width":150,"height":100},{"@type":"BreadcrumbList","@id":"https:\/\/spriv.vojvodina.gov.rs\/rs\/jacanje-saradnje-ap-vojvodine-i-nemacke-pokrajine-baden-virtemberg\/#breadcrumb","itemListElement":[{"@type":"ListItem","position":1,"name":"Home","item":"https:\/\/spriv.vojvodina.gov.rs\/"},{"@type":"ListItem","position":2,"name":"Ja\u010danje saradnje AP Vojvodine i nema\u010dke pokrajine Baden-Virtemberg"}]},{"@type":"WebSite","@id":"https:\/\/spriv.vojvodina.gov.rs\/#website","url":"https:\/\/spriv.vojvodina.gov.rs\/","name":"\u041f\u043e\u043a\u0440\u0430\u0458\u0438\u043d\u0441\u043a\u0438 \u0441\u0435\u043a\u0440\u0435\u0442\u0430\u0440\u0438\u0458\u0430\u0442 \u0437\u0430 \u043f\u0440\u0438\u0432\u0440\u0435\u0434\u0443 \u0438 \u0442\u0443\u0440\u0438\u0437\u0430\u043c","description":"\u041f\u043e\u043a\u0440\u0430\u0458\u0438\u043d\u0441\u043a\u0438 \u0441\u0435\u043a\u0440\u0435\u0442\u0430\u0440\u0438\u0458\u0430\u0442 \u0437\u0430 \u043f\u0440\u0438\u0432\u0440\u0435\u0434\u0443 \u0438 \u0442\u0443\u0440\u0438\u0437\u0430\u043c","potentialAction":[{"@type":"SearchAction","target":{"@type":"EntryPoint","urlTemplate":"https:\/\/spriv.vojvodina.gov.rs\/?s={search_term_string}"},"query-input":{"@type":"PropertyValueSpecification","valueRequired":true,"valueName":"search_term_string"}}],"inLanguage":"sr-RS"},{"@type":"Person","@id":"https:\/\/spriv.vojvodina.gov.rs\/#\/schema\/person\/749ef4f57fbb458f1c759e7a4fa78485","name":"Sonja Babi\u0107","image":{"@type":"ImageObject","inLanguage":"sr-RS","@id":"https:\/\/secure.gravatar.com\/avatar\/00a1d182a20a59067af1e7b1c31cbcc3be1a456ee4b27746580e120c2582e5bd?s=96&d=mm&r=g","url":"https:\/\/secure.gravatar.com\/avatar\/00a1d182a20a59067af1e7b1c31cbcc3be1a456ee4b27746580e120c2582e5bd?s=96&d=mm&r=g","contentUrl":"https:\/\/secure.gravatar.com\/avatar\/00a1d182a20a59067af1e7b1c31cbcc3be1a456ee4b27746580e120c2582e5bd?s=96&d=mm&r=g","caption":"Sonja Babi\u0107"},"url":"https:\/\/spriv.vojvodina.gov.rs\/rs\/author\/sonja-babic\/"}]}},"_links":{"self":[{"href":"https:\/\/spriv.vojvodina.gov.rs\/rs\/wp-json\/wp\/v2\/posts\/2608","targetHints":{"allow":["GET"]}}],"collection":[{"href":"https:\/\/spriv.vojvodina.gov.rs\/rs\/wp-json\/wp\/v2\/posts"}],"about":[{"href":"https:\/\/spriv.vojvodina.gov.rs\/rs\/wp-json\/wp\/v2\/types\/post"}],"author":[{"embeddable":true,"href":"https:\/\/spriv.vojvodina.gov.rs\/rs\/wp-json\/wp\/v2\/users\/3"}],"replies":[{"embeddable":true,"href":"https:\/\/spriv.vojvodina.gov.rs\/rs\/wp-json\/wp\/v2\/comments?post=2608"}],"version-history":[{"count":0,"href":"https:\/\/spriv.vojvodina.gov.rs\/rs\/wp-json\/wp\/v2\/posts\/2608\/revisions"}],"wp:featuredmedia":[{"embeddable":true,"href":"https:\/\/spriv.vojvodina.gov.rs\/rs\/wp-json\/wp\/v2\/media\/2599"}],"wp:attachment":[{"href":"https:\/\/spriv.vojvodina.gov.rs\/rs\/wp-json\/wp\/v2\/media?parent=2608"}],"wp:term":[{"taxonomy":"category","embeddable":true,"href":"https:\/\/spriv.vojvodina.gov.rs\/rs\/wp-json\/wp\/v2\/categories?post=2608"},{"taxonomy":"post_tag","embeddable":true,"href":"https:\/\/spriv.vojvodina.gov.rs\/rs\/wp-json\/wp\/v2\/tags?post=2608"}],"curies":[{"name":"wp","href":"https:\/\/api.w.org\/{rel}","templated":true}]}}