{"id":2473,"date":"2017-03-31T15:54:47","date_gmt":"2017-03-31T15:54:47","guid":{"rendered":"http:\/\/spriv.vojvodina.gov.rs\/2017\/03\/31\/ivan-dokovic-potpisao-sporazum-sa-nis-a-d-sekretarijat-izdvojio-33-miliona-dinara-za-realizaciju-projekta-nis-sansa-2017-godine-za-114-mladih\/"},"modified":"2017-03-31T15:54:47","modified_gmt":"2017-03-31T15:54:47","slug":"ivan-dokovic-potpisao-sporazum-sa-nis-a-d-sekretarijat-izdvojio-33-miliona-dinara-za-realizaciju-projekta-nis-sansa-2017-godine-za-114-mladih","status":"publish","type":"post","link":"https:\/\/spriv.vojvodina.gov.rs\/rs\/ivan-dokovic-potpisao-sporazum-sa-nis-a-d-sekretarijat-izdvojio-33-miliona-dinara-za-realizaciju-projekta-nis-sansa-2017-godine-za-114-mladih\/","title":{"rendered":"Ivan \u0110okovi\u0107 potpisao Sporazum sa NIS a.d.: Sekretarijat izdvojio 33 miliona dinara za realizaciju projekta ,,NIS \u0161ansa\u201c 2017. godine za 114 mladih"},"content":{"rendered":"<p style=\"text-align: center;\">\u00a0<span class=\"datum\"><img loading=\"lazy\" decoding=\"async\" class=\" size-full wp-image-2464\" src=\"http:\/\/spriv.vojvodina.gov.rs\/wp-content\/uploads\/2017\/03\/NIS-1.JPG\" border=\"0\" alt=\"\" width=\"600\" height=\"420\" srcset=\"https:\/\/spriv.vojvodina.gov.rs\/wp-content\/uploads\/2017\/03\/NIS-1.JPG 600w, https:\/\/spriv.vojvodina.gov.rs\/wp-content\/uploads\/2017\/03\/NIS-1-300x210.jpg 300w, https:\/\/spriv.vojvodina.gov.rs\/wp-content\/uploads\/2017\/03\/NIS-1-120x85.jpg 120w\" sizes=\"auto, (max-width: 600px) 100vw, 600px\" \/><\/span><\/p>\n<p>Novi Sad, 31. mart 2017. &#8211; Nova generacija polaznika programa \u201eNIS \u0161ansa\u201c potpisala je danas ugovore o radu u poslovnoj zgradi NIS-a u Novom Sadu. Ugovore je potpisalo ukupno 114 mladih stru\u010dnjaka &#8211; 73 operatera i in\u017eenjera koji \u0107e biti zaposleni u Bloku Prerada i 41 in\u017eenjer koji \u0107e biti zaposleni u ostalim Blokovima kompanije. Tom prilikom, u poslovnom centru NIS-a je potpisan i Sporazum o realizaciji projekta \u201eNIS \u0160ansa\u201c izme\u0111u kompanije NIS i Autonomne pokrajine Vojvodine.<\/p>\n<p style=\"text-align: justify;\">Sporazum kojim se utvr\u0111uju me\u0111usobna prava i obaveze prilikom zapo\u0161ljavanja diplomiranih studenata i srednjo\u0161kolaca u NIS-u, potpisali su direktor Funkcije za organizaciona pitanja NIS-a Andrej \u0160ibanov i potpredsednik Pokrajinske vlade i pokrajinski sekretar za privredu i turizam Ivan \u0110okovi\u0107.<\/p>\n<p style=\"text-align: center;\"><img loading=\"lazy\" decoding=\"async\" class=\" size-full wp-image-2465\" src=\"http:\/\/spriv.vojvodina.gov.rs\/wp-content\/uploads\/2017\/03\/NIS-2.JPG\" border=\"0\" alt=\"\" width=\"600\" height=\"400\" srcset=\"https:\/\/spriv.vojvodina.gov.rs\/wp-content\/uploads\/2017\/03\/NIS-2.JPG 600w, https:\/\/spriv.vojvodina.gov.rs\/wp-content\/uploads\/2017\/03\/NIS-2-300x200.jpg 300w\" sizes=\"auto, (max-width: 600px) 100vw, 600px\" \/><\/p>\n<p style=\"text-align: justify;\">Zaposleni koji su danas potpisali ugovore u Novom Sadu, bi\u0107e raspore\u0111eni na radnim mestima u Novom Sadu, Zrenjaninu, Kikindi, Pan\u010devu i Elemiru. Pravo prijave na konkurs \u201eNIS \u0161ansa\u201c imali su kandidati sa zavr\u0161enim fakultetom bez radnog iskustva u struci, kao i oni sa srednjom tehni\u010dkom \u0161kolom bez radnog iskustva.<\/p>\n<div id=\"citaj\" class=\"tekst\" style=\"text-align: justify;\">\n<p style=\"text-align: center;\"><img loading=\"lazy\" decoding=\"async\" class=\" size-full wp-image-2466\" src=\"http:\/\/spriv.vojvodina.gov.rs\/wp-content\/uploads\/2017\/03\/NIS-3.JPG\" border=\"0\" alt=\"\" width=\"600\" height=\"400\" srcset=\"https:\/\/spriv.vojvodina.gov.rs\/wp-content\/uploads\/2017\/03\/NIS-3.JPG 600w, https:\/\/spriv.vojvodina.gov.rs\/wp-content\/uploads\/2017\/03\/NIS-3-300x200.jpg 300w\" sizes=\"auto, (max-width: 600px) 100vw, 600px\" \/><\/p>\n<p>Realizacija programa zapo\u0161ljavanja mladih u NIS-u zapo\u010dela je 2010. godine kroz program \u201ePrva \u0161ansa\u201c, koji se dve godine kasnije razvio u program \u201eNIS \u0161ansa\u201c.<\/p>\n<p>\u201eVi\u0161e od 800 ljudi pro\u0161lo je kroz program \u201eNIS \u0161ansa\u201c i ve\u0107ina njih je ostala da radi i doprinosi uspehu i daljem razvoju na\u0161e kompanije. Danas imamo stru\u010dnjake iz razli\u010ditih oblasti \u2013 in\u017eenjere rudarstva, tehnologije, geologije, ma\u0161instva, elektrotehnike i sve ove profesije su potrebne za dalje unapre\u0111enje NIS-a, kao jedne od najuspe\u0161nijih kompanija u regionu. Vama li\u010dno \u017eelim sve najbolje i savetujem da svakog dana steknete nova znanja i iskustva, \u0161to \u0107e vam koristiti u narednim koracima u karijeri. Tako\u0111e, \u017eelim da se zahvalim na\u0161im partnerima iz Autonomne pokrajine Vojvodine za pomo\u0107 u realizaciji ovog korisnog programa. Uveren sam da \u0107emo zajedno nastaviti sa ovom lepom praksom\u201c, izjavio je Andrej \u0160ibanov pozdravljaju\u0107i kandidate \u201eNIS \u0161anse\u201c.<\/p>\n<p style=\"text-align: center;\"><img loading=\"lazy\" decoding=\"async\" class=\" size-full wp-image-2467\" src=\"http:\/\/spriv.vojvodina.gov.rs\/wp-content\/uploads\/2017\/03\/NIS-4.JPG\" border=\"0\" alt=\"\" width=\"600\" height=\"400\" srcset=\"https:\/\/spriv.vojvodina.gov.rs\/wp-content\/uploads\/2017\/03\/NIS-4.JPG 600w, https:\/\/spriv.vojvodina.gov.rs\/wp-content\/uploads\/2017\/03\/NIS-4-300x200.jpg 300w\" sizes=\"auto, (max-width: 600px) 100vw, 600px\" \/><\/p>\n<p>U skladu sa svojim sloganom \u201eBudu\u0107nost na delu\u201c, NIS na ovaj na\u010din nastoji da omogu\u0107i mladim stru\u010dnjacima da odmah po zavr\u0161etku \u0161kolovanja po\u010dnu da rade i steknu neophodno iskustvo, dok istovremeno obezbe\u0111uje stru\u010dan kadar neophodan za uspe\u0161no poslovanje kompanije.<\/p>\n<p><img loading=\"lazy\" decoding=\"async\" class=\" size-full wp-image-2468\" src=\"http:\/\/spriv.vojvodina.gov.rs\/wp-content\/uploads\/2017\/03\/NIS-5.JPG\" border=\"0\" alt=\"\" style=\"display: block; margin-left: auto; margin-right: auto;\" width=\"600\" height=\"400\" srcset=\"https:\/\/spriv.vojvodina.gov.rs\/wp-content\/uploads\/2017\/03\/NIS-5.JPG 600w, https:\/\/spriv.vojvodina.gov.rs\/wp-content\/uploads\/2017\/03\/NIS-5-300x200.jpg 300w\" sizes=\"auto, (max-width: 600px) 100vw, 600px\" \/><\/p>\n<p>Da su do\u0161li u jednu od najure\u0111enijih kompanija u Srbiji, istakao je potpredsednik Ivan \u0110okovi\u0107 obra\u0107aju\u0107i se novim zaposlenima NIS-a. \u201eKorporativno upravljanje, poslovni procesi, administracija i, pre svega, korporativna i socijalna odgovornost, u smislu bezbednosti zaposlenih, o\u010duvanja \u017eivotne sredine, ali i odnosa prema dr\u017eavi doma\u0107inu u kojoj kompanija posluje, doveli su NIS u top pet svetskih kompanija u oblasti nafte i gasa. Zato je ovaj po\u010detak jako dobra referenca za va\u0161u dalju poslovnu karijeru. Izuzetno mi je drago \u0161to je Pokrajinska vlada mogla da podr\u017ei ovaj program, ne samo zbog otvaranja novih radnih mesta, ve\u0107 zato \u0161to smo grupu mladih visokokvalifikovanih gra\u0111ana iz oblasti in\u017eenjerskih zanimanja uspeli da zadr\u017eimo u Srbiji i uklju\u010dimo ih u radni proces\u201c.<\/p>\n<p style=\"text-align: center;\"><img loading=\"lazy\" decoding=\"async\" class=\" size-full wp-image-2469\" src=\"http:\/\/spriv.vojvodina.gov.rs\/wp-content\/uploads\/2017\/03\/NIS-6.JPG\" border=\"0\" alt=\"\" width=\"600\" height=\"400\" srcset=\"https:\/\/spriv.vojvodina.gov.rs\/wp-content\/uploads\/2017\/03\/NIS-6.JPG 600w, https:\/\/spriv.vojvodina.gov.rs\/wp-content\/uploads\/2017\/03\/NIS-6-300x200.jpg 300w\" sizes=\"auto, (max-width: 600px) 100vw, 600px\" \/><\/p>\n<p>Pored projekta ,,NIS \u0161ansa\u201c, za koji je Sekretarijat izdvojio 32.9 miliona dinara za sufinansiranje tro\u0161kova Projekta za 2017. godinu (\u0161to iznosi 50 odsto sredstava po osnovu ugovora o radu na odre\u0111eno vreme u trajanju od 12 meseci za ukupno 114 mladih stru\u010dnjaka), u teku\u0107oj godini u oblasti zapo\u0161ljavanja izdvojeno je 50.5 miliona dinara za samozapo\u0161ljavanje (gde se subvencija dodeljuje nezaposlenom licu u iznosu od 182.000 do 456.000 dinara). Za zapo\u0161ljavanje nezaposlenih lica opredeljeno je 60 miliona dinara, ta\u010dnije iznos od 183.000 do 202.000 dinara namenjenih poslodavcu po nezaposlenom licu. Tako\u0111e, Pokrajinski sekretarijat za privredu i turizam je za javne radove u teku\u0107oj godini izdvojio sumu od 15 miliona dinara.<\/p>\n<p style=\"text-align: center;\"><img loading=\"lazy\" decoding=\"async\" class=\" size-full wp-image-2470\" src=\"http:\/\/spriv.vojvodina.gov.rs\/wp-content\/uploads\/2017\/03\/NIS-7.JPG\" border=\"0\" alt=\"\" width=\"600\" height=\"400\" srcset=\"https:\/\/spriv.vojvodina.gov.rs\/wp-content\/uploads\/2017\/03\/NIS-7.JPG 600w, https:\/\/spriv.vojvodina.gov.rs\/wp-content\/uploads\/2017\/03\/NIS-7-300x200.jpg 300w\" sizes=\"auto, (max-width: 600px) 100vw, 600px\" \/><\/p>\n<p style=\"text-align: center;\"><img loading=\"lazy\" decoding=\"async\" class=\" size-full wp-image-2471\" src=\"http:\/\/spriv.vojvodina.gov.rs\/wp-content\/uploads\/2017\/03\/NIS-8.JPG\" border=\"0\" alt=\"\" width=\"600\" height=\"400\" srcset=\"https:\/\/spriv.vojvodina.gov.rs\/wp-content\/uploads\/2017\/03\/NIS-8.JPG 600w, https:\/\/spriv.vojvodina.gov.rs\/wp-content\/uploads\/2017\/03\/NIS-8-300x200.jpg 300w\" sizes=\"auto, (max-width: 600px) 100vw, 600px\" \/><\/p>\n<\/div>\n","protected":false},"excerpt":{"rendered":"Novi Sad, 31. mart 2017. &#8211; Nova generacija polaznika programa \u201eNIS \u0161ansa\u201c potpisala je danas ugovore o radu u poslovnoj zgradi NIS-a u Novom Sadu. Ugovore je potpisalo ukupno 114 mladih stru\u010dnjaka &#8211; 73 operatera i in\u017eenjera koji \u0107e biti zaposleni u Bloku Prerada i 41 in\u017eenjer koji \u0107e biti zaposleni u ostalim Blokovima kompanije. Tom prilikom, u poslovnom centru NIS-a je potpisan i Sporazum o realizaciji projekta \u201eNIS \u0160ansa\u201c izme\u0111u kompanije NIS i Autonomne pokrajine Vojvodine. Sporazum kojim se utvr\u0111uju me\u0111usobna prava i obaveze prilikom zapo\u0161ljavanja diplomiranih studenata i srednjo\u0161kolaca u NIS-u, potpisali su direktor Funkcije za organizaciona pitanja NIS-a Andrej \u0160ibanov i potpredsednik Pokrajinske vlade i pokrajinski sekretar za privredu i turizam Ivan \u0110okovi\u0107.\n<a class=\"moretag\" href=\"https:\/\/spriv.vojvodina.gov.rs\/rs\/ivan-dokovic-potpisao-sporazum-sa-nis-a-d-sekretarijat-izdvojio-33-miliona-dinara-za-realizaciju-projekta-nis-sansa-2017-godine-za-114-mladih\/\"> [...]<\/a>","protected":false},"author":3,"featured_media":2463,"comment_status":"closed","ping_status":"closed","sticky":false,"template":"","format":"standard","meta":{"footnotes":""},"categories":[31],"tags":[],"class_list":["post-2473","post","type-post","status-publish","format-standard","has-post-thumbnail","hentry","category-vesti-latinica1"],"yoast_head":"<!-- This site is optimized with the Yoast SEO plugin v27.4 - https:\/\/yoast.com\/product\/yoast-seo-wordpress\/ -->\n<title>Ivan \u0110okovi\u0107 potpisao Sporazum sa NIS a.d.: Sekretarijat izdvojio 33 miliona dinara za realizaciju projekta ,,NIS \u0161ansa\u201c 2017. godine za 114 mladih - \u041f\u043e\u043a\u0440\u0430\u0458\u0438\u043d\u0441\u043a\u0438 \u0441\u0435\u043a\u0440\u0435\u0442\u0430\u0440\u0438\u0458\u0430\u0442 \u0437\u0430 \u043f\u0440\u0438\u0432\u0440\u0435\u0434\u0443 \u0438 \u0442\u0443\u0440\u0438\u0437\u0430\u043c<\/title>\n<meta name=\"robots\" content=\"index, follow, max-snippet:-1, max-image-preview:large, max-video-preview:-1\" \/>\n<link rel=\"canonical\" href=\"https:\/\/spriv.vojvodina.gov.rs\/rs\/ivan-dokovic-potpisao-sporazum-sa-nis-a-d-sekretarijat-izdvojio-33-miliona-dinara-za-realizaciju-projekta-nis-sansa-2017-godine-za-114-mladih\/\" \/>\n<meta property=\"og:locale\" content=\"sr_RS\" \/>\n<meta property=\"og:type\" content=\"article\" \/>\n<meta property=\"og:title\" content=\"Ivan \u0110okovi\u0107 potpisao Sporazum sa NIS a.d.: Sekretarijat izdvojio 33 miliona dinara za realizaciju projekta ,,NIS \u0161ansa\u201c 2017. godine za 114 mladih - \u041f\u043e\u043a\u0440\u0430\u0458\u0438\u043d\u0441\u043a\u0438 \u0441\u0435\u043a\u0440\u0435\u0442\u0430\u0440\u0438\u0458\u0430\u0442 \u0437\u0430 \u043f\u0440\u0438\u0432\u0440\u0435\u0434\u0443 \u0438 \u0442\u0443\u0440\u0438\u0437\u0430\u043c\" \/>\n<meta property=\"og:description\" content=\"Novi Sad, 31. mart 2017. - Nova generacija polaznika programa \u201eNIS \u0161ansa\u201c potpisala je danas ugovore o radu u poslovnoj zgradi NIS-a u Novom Sadu. Ugovore je potpisalo ukupno 114 mladih stru\u010dnjaka - 73 operatera i in\u017eenjera koji \u0107e biti zaposleni u Bloku Prerada i 41 in\u017eenjer koji \u0107e biti zaposleni u ostalim Blokovima kompanije. Tom prilikom, u poslovnom centru NIS-a je potpisan i Sporazum o realizaciji projekta \u201eNIS \u0160ansa\u201c izme\u0111u kompanije NIS i Autonomne pokrajine Vojvodine. Sporazum kojim se utvr\u0111uju me\u0111usobna prava i obaveze prilikom zapo\u0161ljavanja diplomiranih studenata i srednjo\u0161kolaca u NIS-u, potpisali su direktor Funkcije za organizaciona pitanja NIS-a Andrej \u0160ibanov i potpredsednik Pokrajinske vlade i pokrajinski sekretar za privredu i turizam Ivan \u0110okovi\u0107.\" \/>\n<meta property=\"og:url\" content=\"https:\/\/spriv.vojvodina.gov.rs\/ivan-dokovic-potpisao-sporazum-sa-nis-a-d-sekretarijat-izdvojio-33-miliona-dinara-za-realizaciju-projekta-nis-sansa-2017-godine-za-114-mladih\/\" \/>\n<meta property=\"og:site_name\" content=\"\u041f\u043e\u043a\u0440\u0430\u0458\u0438\u043d\u0441\u043a\u0438 \u0441\u0435\u043a\u0440\u0435\u0442\u0430\u0440\u0438\u0458\u0430\u0442 \u0437\u0430 \u043f\u0440\u0438\u0432\u0440\u0435\u0434\u0443 \u0438 \u0442\u0443\u0440\u0438\u0437\u0430\u043c\" \/>\n<meta property=\"article:published_time\" content=\"2017-03-31T15:54:47+00:00\" \/>\n<meta property=\"og:image\" content=\"https:\/\/spriv.vojvodina.gov.rs\/wp-content\/uploads\/2017\/03\/NIS-mala.JPG\" \/>\n\t<meta property=\"og:image:width\" content=\"150\" \/>\n\t<meta property=\"og:image:height\" content=\"93\" \/>\n\t<meta property=\"og:image:type\" content=\"image\/jpeg\" \/>\n<meta name=\"author\" content=\"Sonja Babi\u0107\" \/>\n<meta name=\"twitter:card\" content=\"summary_large_image\" \/>\n<meta name=\"twitter:label1\" content=\"\u041d\u0430\u043f\u0438\u0441\u0430\u043d\u043e \u043e\u0434\" \/>\n\t<meta name=\"twitter:data1\" content=\"Sonja Babi\u0107\" \/>\n\t<meta name=\"twitter:label2\" content=\"\u041f\u0440\u043e\u0446\u0435\u045a\u0435\u043d\u043e \u0432\u0440\u0435\u043c\u0435 \u0447\u0438\u0442\u0430\u045a\u0430\" \/>\n\t<meta name=\"twitter:data2\" content=\"3 \u043c\u0438\u043d\u0443\u0442\u0430\" \/>\n<script type=\"application\/ld+json\" class=\"yoast-schema-graph\">{\"@context\":\"https:\\\/\\\/schema.org\",\"@graph\":[{\"@type\":\"Article\",\"@id\":\"https:\\\/\\\/spriv.vojvodina.gov.rs\\\/ivan-dokovic-potpisao-sporazum-sa-nis-a-d-sekretarijat-izdvojio-33-miliona-dinara-za-realizaciju-projekta-nis-sansa-2017-godine-za-114-mladih\\\/#article\",\"isPartOf\":{\"@id\":\"https:\\\/\\\/spriv.vojvodina.gov.rs\\\/ivan-dokovic-potpisao-sporazum-sa-nis-a-d-sekretarijat-izdvojio-33-miliona-dinara-za-realizaciju-projekta-nis-sansa-2017-godine-za-114-mladih\\\/\"},\"author\":{\"name\":\"Sonja Babi\u0107\",\"@id\":\"https:\\\/\\\/spriv.vojvodina.gov.rs\\\/#\\\/schema\\\/person\\\/749ef4f57fbb458f1c759e7a4fa78485\"},\"headline\":\"Ivan \u0110okovi\u0107 potpisao Sporazum sa NIS a.d.: Sekretarijat izdvojio 33 miliona dinara za realizaciju projekta ,,NIS \u0161ansa\u201c 2017. godine za 114 mladih\",\"datePublished\":\"2017-03-31T15:54:47+00:00\",\"mainEntityOfPage\":{\"@id\":\"https:\\\/\\\/spriv.vojvodina.gov.rs\\\/ivan-dokovic-potpisao-sporazum-sa-nis-a-d-sekretarijat-izdvojio-33-miliona-dinara-za-realizaciju-projekta-nis-sansa-2017-godine-za-114-mladih\\\/\"},\"wordCount\":631,\"image\":{\"@id\":\"https:\\\/\\\/spriv.vojvodina.gov.rs\\\/ivan-dokovic-potpisao-sporazum-sa-nis-a-d-sekretarijat-izdvojio-33-miliona-dinara-za-realizaciju-projekta-nis-sansa-2017-godine-za-114-mladih\\\/#primaryimage\"},\"thumbnailUrl\":\"https:\\\/\\\/spriv.vojvodina.gov.rs\\\/wp-content\\\/uploads\\\/2017\\\/03\\\/NIS-mala.JPG\",\"articleSection\":[\"Vesti Latinica\"],\"inLanguage\":\"sr-RS\"},{\"@type\":\"WebPage\",\"@id\":\"https:\\\/\\\/spriv.vojvodina.gov.rs\\\/ivan-dokovic-potpisao-sporazum-sa-nis-a-d-sekretarijat-izdvojio-33-miliona-dinara-za-realizaciju-projekta-nis-sansa-2017-godine-za-114-mladih\\\/\",\"url\":\"https:\\\/\\\/spriv.vojvodina.gov.rs\\\/ivan-dokovic-potpisao-sporazum-sa-nis-a-d-sekretarijat-izdvojio-33-miliona-dinara-za-realizaciju-projekta-nis-sansa-2017-godine-za-114-mladih\\\/\",\"name\":\"Ivan \u0110okovi\u0107 potpisao Sporazum sa NIS a.d.: Sekretarijat izdvojio 33 miliona dinara za realizaciju projekta ,,NIS \u0161ansa\u201c 2017. godine za 114 mladih - \u041f\u043e\u043a\u0440\u0430\u0458\u0438\u043d\u0441\u043a\u0438 \u0441\u0435\u043a\u0440\u0435\u0442\u0430\u0440\u0438\u0458\u0430\u0442 \u0437\u0430 \u043f\u0440\u0438\u0432\u0440\u0435\u0434\u0443 \u0438 \u0442\u0443\u0440\u0438\u0437\u0430\u043c\",\"isPartOf\":{\"@id\":\"https:\\\/\\\/spriv.vojvodina.gov.rs\\\/#website\"},\"primaryImageOfPage\":{\"@id\":\"https:\\\/\\\/spriv.vojvodina.gov.rs\\\/ivan-dokovic-potpisao-sporazum-sa-nis-a-d-sekretarijat-izdvojio-33-miliona-dinara-za-realizaciju-projekta-nis-sansa-2017-godine-za-114-mladih\\\/#primaryimage\"},\"image\":{\"@id\":\"https:\\\/\\\/spriv.vojvodina.gov.rs\\\/ivan-dokovic-potpisao-sporazum-sa-nis-a-d-sekretarijat-izdvojio-33-miliona-dinara-za-realizaciju-projekta-nis-sansa-2017-godine-za-114-mladih\\\/#primaryimage\"},\"thumbnailUrl\":\"https:\\\/\\\/spriv.vojvodina.gov.rs\\\/wp-content\\\/uploads\\\/2017\\\/03\\\/NIS-mala.JPG\",\"datePublished\":\"2017-03-31T15:54:47+00:00\",\"author\":{\"@id\":\"https:\\\/\\\/spriv.vojvodina.gov.rs\\\/#\\\/schema\\\/person\\\/749ef4f57fbb458f1c759e7a4fa78485\"},\"breadcrumb\":{\"@id\":\"https:\\\/\\\/spriv.vojvodina.gov.rs\\\/ivan-dokovic-potpisao-sporazum-sa-nis-a-d-sekretarijat-izdvojio-33-miliona-dinara-za-realizaciju-projekta-nis-sansa-2017-godine-za-114-mladih\\\/#breadcrumb\"},\"inLanguage\":\"sr-RS\",\"potentialAction\":[{\"@type\":\"ReadAction\",\"target\":[\"https:\\\/\\\/spriv.vojvodina.gov.rs\\\/ivan-dokovic-potpisao-sporazum-sa-nis-a-d-sekretarijat-izdvojio-33-miliona-dinara-za-realizaciju-projekta-nis-sansa-2017-godine-za-114-mladih\\\/\"]}]},{\"@type\":\"ImageObject\",\"inLanguage\":\"sr-RS\",\"@id\":\"https:\\\/\\\/spriv.vojvodina.gov.rs\\\/ivan-dokovic-potpisao-sporazum-sa-nis-a-d-sekretarijat-izdvojio-33-miliona-dinara-za-realizaciju-projekta-nis-sansa-2017-godine-za-114-mladih\\\/#primaryimage\",\"url\":\"https:\\\/\\\/spriv.vojvodina.gov.rs\\\/wp-content\\\/uploads\\\/2017\\\/03\\\/NIS-mala.JPG\",\"contentUrl\":\"https:\\\/\\\/spriv.vojvodina.gov.rs\\\/wp-content\\\/uploads\\\/2017\\\/03\\\/NIS-mala.JPG\",\"width\":150,\"height\":93},{\"@type\":\"BreadcrumbList\",\"@id\":\"https:\\\/\\\/spriv.vojvodina.gov.rs\\\/ivan-dokovic-potpisao-sporazum-sa-nis-a-d-sekretarijat-izdvojio-33-miliona-dinara-za-realizaciju-projekta-nis-sansa-2017-godine-za-114-mladih\\\/#breadcrumb\",\"itemListElement\":[{\"@type\":\"ListItem\",\"position\":1,\"name\":\"Home\",\"item\":\"https:\\\/\\\/spriv.vojvodina.gov.rs\\\/\"},{\"@type\":\"ListItem\",\"position\":2,\"name\":\"Ivan \u0110okovi\u0107 potpisao Sporazum sa NIS a.d.: Sekretarijat izdvojio 33 miliona dinara za realizaciju projekta ,,NIS \u0161ansa\u201c 2017. godine za 114 mladih\"}]},{\"@type\":\"WebSite\",\"@id\":\"https:\\\/\\\/spriv.vojvodina.gov.rs\\\/#website\",\"url\":\"https:\\\/\\\/spriv.vojvodina.gov.rs\\\/\",\"name\":\"\u041f\u043e\u043a\u0440\u0430\u0458\u0438\u043d\u0441\u043a\u0438 \u0441\u0435\u043a\u0440\u0435\u0442\u0430\u0440\u0438\u0458\u0430\u0442 \u0437\u0430 \u043f\u0440\u0438\u0432\u0440\u0435\u0434\u0443 \u0438 \u0442\u0443\u0440\u0438\u0437\u0430\u043c\",\"description\":\"\u041f\u043e\u043a\u0440\u0430\u0458\u0438\u043d\u0441\u043a\u0438 \u0441\u0435\u043a\u0440\u0435\u0442\u0430\u0440\u0438\u0458\u0430\u0442 \u0437\u0430 \u043f\u0440\u0438\u0432\u0440\u0435\u0434\u0443 \u0438 \u0442\u0443\u0440\u0438\u0437\u0430\u043c\",\"potentialAction\":[{\"@type\":\"SearchAction\",\"target\":{\"@type\":\"EntryPoint\",\"urlTemplate\":\"https:\\\/\\\/spriv.vojvodina.gov.rs\\\/?s={search_term_string}\"},\"query-input\":{\"@type\":\"PropertyValueSpecification\",\"valueRequired\":true,\"valueName\":\"search_term_string\"}}],\"inLanguage\":\"sr-RS\"},{\"@type\":\"Person\",\"@id\":\"https:\\\/\\\/spriv.vojvodina.gov.rs\\\/#\\\/schema\\\/person\\\/749ef4f57fbb458f1c759e7a4fa78485\",\"name\":\"Sonja Babi\u0107\",\"image\":{\"@type\":\"ImageObject\",\"inLanguage\":\"sr-RS\",\"@id\":\"https:\\\/\\\/secure.gravatar.com\\\/avatar\\\/00a1d182a20a59067af1e7b1c31cbcc3be1a456ee4b27746580e120c2582e5bd?s=96&d=mm&r=g\",\"url\":\"https:\\\/\\\/secure.gravatar.com\\\/avatar\\\/00a1d182a20a59067af1e7b1c31cbcc3be1a456ee4b27746580e120c2582e5bd?s=96&d=mm&r=g\",\"contentUrl\":\"https:\\\/\\\/secure.gravatar.com\\\/avatar\\\/00a1d182a20a59067af1e7b1c31cbcc3be1a456ee4b27746580e120c2582e5bd?s=96&d=mm&r=g\",\"caption\":\"Sonja Babi\u0107\"},\"url\":\"https:\\\/\\\/spriv.vojvodina.gov.rs\\\/rs\\\/author\\\/sonja-babic\\\/\"}]}<\/script>\n<!-- \/ Yoast SEO plugin. -->","yoast_head_json":{"title":"Ivan \u0110okovi\u0107 potpisao Sporazum sa NIS a.d.: Sekretarijat izdvojio 33 miliona dinara za realizaciju projekta ,,NIS \u0161ansa\u201c 2017. godine za 114 mladih - \u041f\u043e\u043a\u0440\u0430\u0458\u0438\u043d\u0441\u043a\u0438 \u0441\u0435\u043a\u0440\u0435\u0442\u0430\u0440\u0438\u0458\u0430\u0442 \u0437\u0430 \u043f\u0440\u0438\u0432\u0440\u0435\u0434\u0443 \u0438 \u0442\u0443\u0440\u0438\u0437\u0430\u043c","robots":{"index":"index","follow":"follow","max-snippet":"max-snippet:-1","max-image-preview":"max-image-preview:large","max-video-preview":"max-video-preview:-1"},"canonical":"https:\/\/spriv.vojvodina.gov.rs\/rs\/ivan-dokovic-potpisao-sporazum-sa-nis-a-d-sekretarijat-izdvojio-33-miliona-dinara-za-realizaciju-projekta-nis-sansa-2017-godine-za-114-mladih\/","og_locale":"sr_RS","og_type":"article","og_title":"Ivan \u0110okovi\u0107 potpisao Sporazum sa NIS a.d.: Sekretarijat izdvojio 33 miliona dinara za realizaciju projekta ,,NIS \u0161ansa\u201c 2017. godine za 114 mladih - \u041f\u043e\u043a\u0440\u0430\u0458\u0438\u043d\u0441\u043a\u0438 \u0441\u0435\u043a\u0440\u0435\u0442\u0430\u0440\u0438\u0458\u0430\u0442 \u0437\u0430 \u043f\u0440\u0438\u0432\u0440\u0435\u0434\u0443 \u0438 \u0442\u0443\u0440\u0438\u0437\u0430\u043c","og_description":"Novi Sad, 31. mart 2017. - Nova generacija polaznika programa \u201eNIS \u0161ansa\u201c potpisala je danas ugovore o radu u poslovnoj zgradi NIS-a u Novom Sadu. Ugovore je potpisalo ukupno 114 mladih stru\u010dnjaka - 73 operatera i in\u017eenjera koji \u0107e biti zaposleni u Bloku Prerada i 41 in\u017eenjer koji \u0107e biti zaposleni u ostalim Blokovima kompanije. Tom prilikom, u poslovnom centru NIS-a je potpisan i Sporazum o realizaciji projekta \u201eNIS \u0160ansa\u201c izme\u0111u kompanije NIS i Autonomne pokrajine Vojvodine. Sporazum kojim se utvr\u0111uju me\u0111usobna prava i obaveze prilikom zapo\u0161ljavanja diplomiranih studenata i srednjo\u0161kolaca u NIS-u, potpisali su direktor Funkcije za organizaciona pitanja NIS-a Andrej \u0160ibanov i potpredsednik Pokrajinske vlade i pokrajinski sekretar za privredu i turizam Ivan \u0110okovi\u0107.","og_url":"https:\/\/spriv.vojvodina.gov.rs\/ivan-dokovic-potpisao-sporazum-sa-nis-a-d-sekretarijat-izdvojio-33-miliona-dinara-za-realizaciju-projekta-nis-sansa-2017-godine-za-114-mladih\/","og_site_name":"\u041f\u043e\u043a\u0440\u0430\u0458\u0438\u043d\u0441\u043a\u0438 \u0441\u0435\u043a\u0440\u0435\u0442\u0430\u0440\u0438\u0458\u0430\u0442 \u0437\u0430 \u043f\u0440\u0438\u0432\u0440\u0435\u0434\u0443 \u0438 \u0442\u0443\u0440\u0438\u0437\u0430\u043c","article_published_time":"2017-03-31T15:54:47+00:00","og_image":[{"width":150,"height":93,"url":"https:\/\/spriv.vojvodina.gov.rs\/wp-content\/uploads\/2017\/03\/NIS-mala.JPG","type":"image\/jpeg"}],"author":"Sonja Babi\u0107","twitter_card":"summary_large_image","twitter_misc":{"\u041d\u0430\u043f\u0438\u0441\u0430\u043d\u043e \u043e\u0434":"Sonja Babi\u0107","\u041f\u0440\u043e\u0446\u0435\u045a\u0435\u043d\u043e \u0432\u0440\u0435\u043c\u0435 \u0447\u0438\u0442\u0430\u045a\u0430":"3 \u043c\u0438\u043d\u0443\u0442\u0430"},"schema":{"@context":"https:\/\/schema.org","@graph":[{"@type":"Article","@id":"https:\/\/spriv.vojvodina.gov.rs\/ivan-dokovic-potpisao-sporazum-sa-nis-a-d-sekretarijat-izdvojio-33-miliona-dinara-za-realizaciju-projekta-nis-sansa-2017-godine-za-114-mladih\/#article","isPartOf":{"@id":"https:\/\/spriv.vojvodina.gov.rs\/ivan-dokovic-potpisao-sporazum-sa-nis-a-d-sekretarijat-izdvojio-33-miliona-dinara-za-realizaciju-projekta-nis-sansa-2017-godine-za-114-mladih\/"},"author":{"name":"Sonja Babi\u0107","@id":"https:\/\/spriv.vojvodina.gov.rs\/#\/schema\/person\/749ef4f57fbb458f1c759e7a4fa78485"},"headline":"Ivan \u0110okovi\u0107 potpisao Sporazum sa NIS a.d.: Sekretarijat izdvojio 33 miliona dinara za realizaciju projekta ,,NIS \u0161ansa\u201c 2017. godine za 114 mladih","datePublished":"2017-03-31T15:54:47+00:00","mainEntityOfPage":{"@id":"https:\/\/spriv.vojvodina.gov.rs\/ivan-dokovic-potpisao-sporazum-sa-nis-a-d-sekretarijat-izdvojio-33-miliona-dinara-za-realizaciju-projekta-nis-sansa-2017-godine-za-114-mladih\/"},"wordCount":631,"image":{"@id":"https:\/\/spriv.vojvodina.gov.rs\/ivan-dokovic-potpisao-sporazum-sa-nis-a-d-sekretarijat-izdvojio-33-miliona-dinara-za-realizaciju-projekta-nis-sansa-2017-godine-za-114-mladih\/#primaryimage"},"thumbnailUrl":"https:\/\/spriv.vojvodina.gov.rs\/wp-content\/uploads\/2017\/03\/NIS-mala.JPG","articleSection":["Vesti Latinica"],"inLanguage":"sr-RS"},{"@type":"WebPage","@id":"https:\/\/spriv.vojvodina.gov.rs\/ivan-dokovic-potpisao-sporazum-sa-nis-a-d-sekretarijat-izdvojio-33-miliona-dinara-za-realizaciju-projekta-nis-sansa-2017-godine-za-114-mladih\/","url":"https:\/\/spriv.vojvodina.gov.rs\/ivan-dokovic-potpisao-sporazum-sa-nis-a-d-sekretarijat-izdvojio-33-miliona-dinara-za-realizaciju-projekta-nis-sansa-2017-godine-za-114-mladih\/","name":"Ivan \u0110okovi\u0107 potpisao Sporazum sa NIS a.d.: Sekretarijat izdvojio 33 miliona dinara za realizaciju projekta ,,NIS \u0161ansa\u201c 2017. godine za 114 mladih - \u041f\u043e\u043a\u0440\u0430\u0458\u0438\u043d\u0441\u043a\u0438 \u0441\u0435\u043a\u0440\u0435\u0442\u0430\u0440\u0438\u0458\u0430\u0442 \u0437\u0430 \u043f\u0440\u0438\u0432\u0440\u0435\u0434\u0443 \u0438 \u0442\u0443\u0440\u0438\u0437\u0430\u043c","isPartOf":{"@id":"https:\/\/spriv.vojvodina.gov.rs\/#website"},"primaryImageOfPage":{"@id":"https:\/\/spriv.vojvodina.gov.rs\/ivan-dokovic-potpisao-sporazum-sa-nis-a-d-sekretarijat-izdvojio-33-miliona-dinara-za-realizaciju-projekta-nis-sansa-2017-godine-za-114-mladih\/#primaryimage"},"image":{"@id":"https:\/\/spriv.vojvodina.gov.rs\/ivan-dokovic-potpisao-sporazum-sa-nis-a-d-sekretarijat-izdvojio-33-miliona-dinara-za-realizaciju-projekta-nis-sansa-2017-godine-za-114-mladih\/#primaryimage"},"thumbnailUrl":"https:\/\/spriv.vojvodina.gov.rs\/wp-content\/uploads\/2017\/03\/NIS-mala.JPG","datePublished":"2017-03-31T15:54:47+00:00","author":{"@id":"https:\/\/spriv.vojvodina.gov.rs\/#\/schema\/person\/749ef4f57fbb458f1c759e7a4fa78485"},"breadcrumb":{"@id":"https:\/\/spriv.vojvodina.gov.rs\/ivan-dokovic-potpisao-sporazum-sa-nis-a-d-sekretarijat-izdvojio-33-miliona-dinara-za-realizaciju-projekta-nis-sansa-2017-godine-za-114-mladih\/#breadcrumb"},"inLanguage":"sr-RS","potentialAction":[{"@type":"ReadAction","target":["https:\/\/spriv.vojvodina.gov.rs\/ivan-dokovic-potpisao-sporazum-sa-nis-a-d-sekretarijat-izdvojio-33-miliona-dinara-za-realizaciju-projekta-nis-sansa-2017-godine-za-114-mladih\/"]}]},{"@type":"ImageObject","inLanguage":"sr-RS","@id":"https:\/\/spriv.vojvodina.gov.rs\/ivan-dokovic-potpisao-sporazum-sa-nis-a-d-sekretarijat-izdvojio-33-miliona-dinara-za-realizaciju-projekta-nis-sansa-2017-godine-za-114-mladih\/#primaryimage","url":"https:\/\/spriv.vojvodina.gov.rs\/wp-content\/uploads\/2017\/03\/NIS-mala.JPG","contentUrl":"https:\/\/spriv.vojvodina.gov.rs\/wp-content\/uploads\/2017\/03\/NIS-mala.JPG","width":150,"height":93},{"@type":"BreadcrumbList","@id":"https:\/\/spriv.vojvodina.gov.rs\/ivan-dokovic-potpisao-sporazum-sa-nis-a-d-sekretarijat-izdvojio-33-miliona-dinara-za-realizaciju-projekta-nis-sansa-2017-godine-za-114-mladih\/#breadcrumb","itemListElement":[{"@type":"ListItem","position":1,"name":"Home","item":"https:\/\/spriv.vojvodina.gov.rs\/"},{"@type":"ListItem","position":2,"name":"Ivan \u0110okovi\u0107 potpisao Sporazum sa NIS a.d.: Sekretarijat izdvojio 33 miliona dinara za realizaciju projekta ,,NIS \u0161ansa\u201c 2017. godine za 114 mladih"}]},{"@type":"WebSite","@id":"https:\/\/spriv.vojvodina.gov.rs\/#website","url":"https:\/\/spriv.vojvodina.gov.rs\/","name":"\u041f\u043e\u043a\u0440\u0430\u0458\u0438\u043d\u0441\u043a\u0438 \u0441\u0435\u043a\u0440\u0435\u0442\u0430\u0440\u0438\u0458\u0430\u0442 \u0437\u0430 \u043f\u0440\u0438\u0432\u0440\u0435\u0434\u0443 \u0438 \u0442\u0443\u0440\u0438\u0437\u0430\u043c","description":"\u041f\u043e\u043a\u0440\u0430\u0458\u0438\u043d\u0441\u043a\u0438 \u0441\u0435\u043a\u0440\u0435\u0442\u0430\u0440\u0438\u0458\u0430\u0442 \u0437\u0430 \u043f\u0440\u0438\u0432\u0440\u0435\u0434\u0443 \u0438 \u0442\u0443\u0440\u0438\u0437\u0430\u043c","potentialAction":[{"@type":"SearchAction","target":{"@type":"EntryPoint","urlTemplate":"https:\/\/spriv.vojvodina.gov.rs\/?s={search_term_string}"},"query-input":{"@type":"PropertyValueSpecification","valueRequired":true,"valueName":"search_term_string"}}],"inLanguage":"sr-RS"},{"@type":"Person","@id":"https:\/\/spriv.vojvodina.gov.rs\/#\/schema\/person\/749ef4f57fbb458f1c759e7a4fa78485","name":"Sonja Babi\u0107","image":{"@type":"ImageObject","inLanguage":"sr-RS","@id":"https:\/\/secure.gravatar.com\/avatar\/00a1d182a20a59067af1e7b1c31cbcc3be1a456ee4b27746580e120c2582e5bd?s=96&d=mm&r=g","url":"https:\/\/secure.gravatar.com\/avatar\/00a1d182a20a59067af1e7b1c31cbcc3be1a456ee4b27746580e120c2582e5bd?s=96&d=mm&r=g","contentUrl":"https:\/\/secure.gravatar.com\/avatar\/00a1d182a20a59067af1e7b1c31cbcc3be1a456ee4b27746580e120c2582e5bd?s=96&d=mm&r=g","caption":"Sonja Babi\u0107"},"url":"https:\/\/spriv.vojvodina.gov.rs\/rs\/author\/sonja-babic\/"}]}},"_links":{"self":[{"href":"https:\/\/spriv.vojvodina.gov.rs\/rs\/wp-json\/wp\/v2\/posts\/2473","targetHints":{"allow":["GET"]}}],"collection":[{"href":"https:\/\/spriv.vojvodina.gov.rs\/rs\/wp-json\/wp\/v2\/posts"}],"about":[{"href":"https:\/\/spriv.vojvodina.gov.rs\/rs\/wp-json\/wp\/v2\/types\/post"}],"author":[{"embeddable":true,"href":"https:\/\/spriv.vojvodina.gov.rs\/rs\/wp-json\/wp\/v2\/users\/3"}],"replies":[{"embeddable":true,"href":"https:\/\/spriv.vojvodina.gov.rs\/rs\/wp-json\/wp\/v2\/comments?post=2473"}],"version-history":[{"count":0,"href":"https:\/\/spriv.vojvodina.gov.rs\/rs\/wp-json\/wp\/v2\/posts\/2473\/revisions"}],"wp:featuredmedia":[{"embeddable":true,"href":"https:\/\/spriv.vojvodina.gov.rs\/rs\/wp-json\/wp\/v2\/media\/2463"}],"wp:attachment":[{"href":"https:\/\/spriv.vojvodina.gov.rs\/rs\/wp-json\/wp\/v2\/media?parent=2473"}],"wp:term":[{"taxonomy":"category","embeddable":true,"href":"https:\/\/spriv.vojvodina.gov.rs\/rs\/wp-json\/wp\/v2\/categories?post=2473"},{"taxonomy":"post_tag","embeddable":true,"href":"https:\/\/spriv.vojvodina.gov.rs\/rs\/wp-json\/wp\/v2\/tags?post=2473"}],"curies":[{"name":"wp","href":"https:\/\/api.w.org\/{rel}","templated":true}]}}