{"id":2366,"date":"2017-03-04T13:40:31","date_gmt":"2017-03-04T13:40:31","guid":{"rendered":"http:\/\/spriv.vojvodina.gov.rs\/2017\/03\/04\/ivan-dokovic-otvorio-jubilarne-x-susrete-organizatora-manifestacija-na-zlatiboru\/"},"modified":"2017-03-04T13:40:31","modified_gmt":"2017-03-04T13:40:31","slug":"ivan-dokovic-otvorio-jubilarne-x-susrete-organizatora-manifestacija-na-zlatiboru","status":"publish","type":"post","link":"https:\/\/spriv.vojvodina.gov.rs\/rs\/ivan-dokovic-otvorio-jubilarne-x-susrete-organizatora-manifestacija-na-zlatiboru\/","title":{"rendered":"Ivan \u0110okovi\u0107 otvorio jubilarne X Susrete organizatora manifestacija na Zlatiboru"},"content":{"rendered":"<p style=\"text-align: center;\"><img loading=\"lazy\" decoding=\"async\" class=\" size-full wp-image-2359\" src=\"http:\/\/spriv.vojvodina.gov.rs\/wp-content\/uploads\/2017\/03\/cigota-1.JPG\" border=\"0\" alt=\"\" width=\"600\" height=\"400\" srcset=\"https:\/\/spriv.vojvodina.gov.rs\/wp-content\/uploads\/2017\/03\/cigota-1.JPG 600w, https:\/\/spriv.vojvodina.gov.rs\/wp-content\/uploads\/2017\/03\/cigota-1-300x200.jpg 300w\" sizes=\"auto, (max-width: 600px) 100vw, 600px\" \/><\/p>\n<p style=\"text-align: justify;\">\u010cigota, 4. mart 2017. \u2013 Potpredsednik Pokrajinske vlade i pokrajinski sekretar za privredu i turizam, Ivan \u0110okovi\u0107, otvorio je jubilarni H stru\u010dni skup pod nazivom ,,Susreti organizatora manifestacija 2016\/2017&#8243;, koji se odr\u017eavaju 3. i 4. marta 2017. godine u prostorijama Specijalne bolnice ,,\u010cigota&#8220; na Zlatiboru. Organizator Susreta je udru\u017eenje ,,Turizam i manifestacije Srbije&#8220; (TIM Srbije), suorganizator je Visoka turisti\u010dka \u0161kola iz Beograda, dok je pokrovitelj Turisti\u010dka organizacija Zlatibor.<\/p>\n<p style=\"text-align: center;\"><img loading=\"lazy\" decoding=\"async\" class=\" size-full wp-image-2360\" src=\"http:\/\/spriv.vojvodina.gov.rs\/wp-content\/uploads\/2017\/03\/cigota-2.JPG\" border=\"0\" alt=\"\" width=\"600\" height=\"400\" srcset=\"https:\/\/spriv.vojvodina.gov.rs\/wp-content\/uploads\/2017\/03\/cigota-2.JPG 600w, https:\/\/spriv.vojvodina.gov.rs\/wp-content\/uploads\/2017\/03\/cigota-2-300x200.jpg 300w\" sizes=\"auto, (max-width: 600px) 100vw, 600px\" \/><\/p>\n<p style=\"text-align: justify;\">Stru\u010dni skup okuplja predstavnike Vlade Srbije zadu\u017eene za oblast turizma, predstavnike Turisti\u010dke organizacije Srbije, Vojvodine, Grada Beograda i drugih lokalnih turisti\u010dkih organizacija iz zemlje i regiona, potom organizatore manifestacija, turisti\u010dke agencije i prevoznike, hotelijere, ugostitelje, proizvo\u0111a\u010de suvenira, kao i predstavnike SANU, univerziteta i turisti\u010dke privrede iz zemlje i inostranstva. <\/p>\n<p>Cilj Skupa jeste prevashodno razmena iskustava, kao i definisanje pravaca razvoja za unapre\u0111enje manifestacionog turizma i pozicioniranje uloge turisti\u010dkih manifestacija u okviru Strategije razvoja turizma u Srbiji.<\/p>\n<p style=\"text-align: center;\"><img loading=\"lazy\" decoding=\"async\" class=\" size-full wp-image-2361\" src=\"http:\/\/spriv.vojvodina.gov.rs\/wp-content\/uploads\/2017\/03\/cigota-3.JPG\" border=\"0\" alt=\"\" width=\"600\" height=\"400\" srcset=\"https:\/\/spriv.vojvodina.gov.rs\/wp-content\/uploads\/2017\/03\/cigota-3.JPG 600w, https:\/\/spriv.vojvodina.gov.rs\/wp-content\/uploads\/2017\/03\/cigota-3-300x200.jpg 300w\" sizes=\"auto, (max-width: 600px) 100vw, 600px\" \/><\/p>\n<p style=\"text-align: justify;\">Me\u0111u mnogobrojnim temama govorilo se i na temu koncepta klasifikacije i kategorizacije manifestacija u Srbiji, predstavljanje manifestacija na dru\u0161tvenim mre\u017eama, kao i pitanje dru\u017etvene odgovornosti u organizaciji manifestacija. U toku Susreta, dodeljena je i nagrada ,,Turisti\u010dka slagalica 2016&#8243; i to pet kategorija. Nagradu za najuspe\u0161niju lokalnu samoupravu u domenu turizma dobila je Op\u0161tina Bela Crkva, dok je Vr\u0161ac osvojio nagradu za najbolji promotivni film o manifestaciji.<\/p>\n<p style=\"text-align: center;\"><img loading=\"lazy\" decoding=\"async\" class=\" size-full wp-image-2362\" src=\"http:\/\/spriv.vojvodina.gov.rs\/wp-content\/uploads\/2017\/03\/cigota-6.JPG\" border=\"0\" alt=\"\" width=\"600\" height=\"400\" srcset=\"https:\/\/spriv.vojvodina.gov.rs\/wp-content\/uploads\/2017\/03\/cigota-6.JPG 600w, https:\/\/spriv.vojvodina.gov.rs\/wp-content\/uploads\/2017\/03\/cigota-6-300x200.jpg 300w\" sizes=\"auto, (max-width: 600px) 100vw, 600px\" \/><\/p>\n<p style=\"text-align: justify;\">Potpredsednik Ivan \u0110okovi\u0107, koji je i \u010dlan Nacionalnog saveta za razvoj turizma Srbije, ovom prilikom je u\u010destvovao u nizu poslovnih susreta i razgovarao sa predstavnicima Turisti\u010dke organizacije Zlatibora, kao i sa lokalnim turisti\u010dkim organizacijama iz \u010ditavog regiona.<\/p>\n<p style=\"text-align: center;\"><img loading=\"lazy\" decoding=\"async\" class=\" size-full wp-image-2363\" src=\"http:\/\/spriv.vojvodina.gov.rs\/wp-content\/uploads\/2017\/03\/cigota-4.JPG\" border=\"0\" alt=\"\" width=\"600\" height=\"400\" srcset=\"https:\/\/spriv.vojvodina.gov.rs\/wp-content\/uploads\/2017\/03\/cigota-4.JPG 600w, https:\/\/spriv.vojvodina.gov.rs\/wp-content\/uploads\/2017\/03\/cigota-4-300x200.jpg 300w\" sizes=\"auto, (max-width: 600px) 100vw, 600px\" \/><\/p>\n<p style=\"text-align: center;\"><img loading=\"lazy\" decoding=\"async\" class=\" size-full wp-image-2364\" src=\"http:\/\/spriv.vojvodina.gov.rs\/wp-content\/uploads\/2017\/03\/cigota-5.JPG\" border=\"0\" alt=\"\" width=\"600\" height=\"366\" srcset=\"https:\/\/spriv.vojvodina.gov.rs\/wp-content\/uploads\/2017\/03\/cigota-5.JPG 600w, https:\/\/spriv.vojvodina.gov.rs\/wp-content\/uploads\/2017\/03\/cigota-5-300x183.jpg 300w\" sizes=\"auto, (max-width: 600px) 100vw, 600px\" \/><\/p>\n","protected":false},"excerpt":{"rendered":"\u010cigota, 4. mart 2017. \u2013 Potpredsednik Pokrajinske vlade i pokrajinski sekretar za privredu i turizam, Ivan \u0110okovi\u0107, otvorio je jubilarni H stru\u010dni skup pod nazivom ,,Susreti organizatora manifestacija 2016\/2017&#8243;, koji se odr\u017eavaju 3. i 4. marta 2017. godine u prostorijama Specijalne bolnice ,,\u010cigota&#8220; na Zlatiboru. Organizator Susreta je udru\u017eenje ,,Turizam i manifestacije Srbije&#8220; (TIM Srbije), suorganizator je Visoka turisti\u010dka \u0161kola iz Beograda, dok je pokrovitelj Turisti\u010dka organizacija Zlatibor.\n<a class=\"moretag\" href=\"https:\/\/spriv.vojvodina.gov.rs\/rs\/ivan-dokovic-otvorio-jubilarne-x-susrete-organizatora-manifestacija-na-zlatiboru\/\"> [...]<\/a>","protected":false},"author":3,"featured_media":2358,"comment_status":"closed","ping_status":"closed","sticky":false,"template":"","format":"standard","meta":{"footnotes":""},"categories":[31],"tags":[],"class_list":["post-2366","post","type-post","status-publish","format-standard","has-post-thumbnail","hentry","category-vesti-latinica1"],"yoast_head":"<!-- This site is optimized with the Yoast SEO plugin v27.5 - https:\/\/yoast.com\/product\/yoast-seo-wordpress\/ -->\n<title>Ivan \u0110okovi\u0107 otvorio jubilarne X Susrete organizatora manifestacija na Zlatiboru - \u041f\u043e\u043a\u0440\u0430\u0458\u0438\u043d\u0441\u043a\u0438 \u0441\u0435\u043a\u0440\u0435\u0442\u0430\u0440\u0438\u0458\u0430\u0442 \u0437\u0430 \u043f\u0440\u0438\u0432\u0440\u0435\u0434\u0443 \u0438 \u0442\u0443\u0440\u0438\u0437\u0430\u043c<\/title>\n<meta name=\"robots\" content=\"index, follow, max-snippet:-1, max-image-preview:large, max-video-preview:-1\" \/>\n<link rel=\"canonical\" href=\"https:\/\/spriv.vojvodina.gov.rs\/rs\/ivan-dokovic-otvorio-jubilarne-x-susrete-organizatora-manifestacija-na-zlatiboru\/\" \/>\n<meta property=\"og:locale\" content=\"sr_RS\" \/>\n<meta property=\"og:type\" content=\"article\" \/>\n<meta property=\"og:title\" content=\"Ivan \u0110okovi\u0107 otvorio jubilarne X Susrete organizatora manifestacija na Zlatiboru - \u041f\u043e\u043a\u0440\u0430\u0458\u0438\u043d\u0441\u043a\u0438 \u0441\u0435\u043a\u0440\u0435\u0442\u0430\u0440\u0438\u0458\u0430\u0442 \u0437\u0430 \u043f\u0440\u0438\u0432\u0440\u0435\u0434\u0443 \u0438 \u0442\u0443\u0440\u0438\u0437\u0430\u043c\" \/>\n<meta property=\"og:description\" content=\"\u010cigota, 4. mart 2017. \u2013 Potpredsednik Pokrajinske vlade i pokrajinski sekretar za privredu i turizam, Ivan \u0110okovi\u0107, otvorio je jubilarni H stru\u010dni skup pod nazivom ,,Susreti organizatora manifestacija 2016\/2017&quot;, koji se odr\u017eavaju 3. i 4. marta 2017. godine u prostorijama Specijalne bolnice ,,\u010cigota&quot; na Zlatiboru. Organizator Susreta je udru\u017eenje ,,Turizam i manifestacije Srbije&quot; (TIM Srbije), suorganizator je Visoka turisti\u010dka \u0161kola iz Beograda, dok je pokrovitelj Turisti\u010dka organizacija Zlatibor.\" \/>\n<meta property=\"og:url\" content=\"https:\/\/spriv.vojvodina.gov.rs\/ivan-dokovic-otvorio-jubilarne-x-susrete-organizatora-manifestacija-na-zlatiboru\/\" \/>\n<meta property=\"og:site_name\" content=\"\u041f\u043e\u043a\u0440\u0430\u0458\u0438\u043d\u0441\u043a\u0438 \u0441\u0435\u043a\u0440\u0435\u0442\u0430\u0440\u0438\u0458\u0430\u0442 \u0437\u0430 \u043f\u0440\u0438\u0432\u0440\u0435\u0434\u0443 \u0438 \u0442\u0443\u0440\u0438\u0437\u0430\u043c\" \/>\n<meta property=\"article:published_time\" content=\"2017-03-04T13:40:31+00:00\" \/>\n<meta property=\"og:image\" content=\"https:\/\/spriv.vojvodina.gov.rs\/wp-content\/uploads\/2017\/03\/cigota-mala.JPG\" \/>\n\t<meta property=\"og:image:width\" content=\"150\" \/>\n\t<meta property=\"og:image:height\" content=\"100\" \/>\n\t<meta property=\"og:image:type\" content=\"image\/jpeg\" \/>\n<meta name=\"author\" content=\"Sonja Babi\u0107\" \/>\n<meta name=\"twitter:card\" content=\"summary_large_image\" \/>\n<meta name=\"twitter:label1\" content=\"\u041d\u0430\u043f\u0438\u0441\u0430\u043d\u043e \u043e\u0434\" \/>\n\t<meta name=\"twitter:data1\" content=\"Sonja Babi\u0107\" \/>\n\t<meta name=\"twitter:label2\" content=\"\u041f\u0440\u043e\u0446\u0435\u045a\u0435\u043d\u043e \u0432\u0440\u0435\u043c\u0435 \u0447\u0438\u0442\u0430\u045a\u0430\" \/>\n\t<meta name=\"twitter:data2\" content=\"1 \u043c\u0438\u043d\u0443\u0442\" \/>\n<script type=\"application\/ld+json\" class=\"yoast-schema-graph\">{\"@context\":\"https:\\\/\\\/schema.org\",\"@graph\":[{\"@type\":\"Article\",\"@id\":\"https:\\\/\\\/spriv.vojvodina.gov.rs\\\/ivan-dokovic-otvorio-jubilarne-x-susrete-organizatora-manifestacija-na-zlatiboru\\\/#article\",\"isPartOf\":{\"@id\":\"https:\\\/\\\/spriv.vojvodina.gov.rs\\\/ivan-dokovic-otvorio-jubilarne-x-susrete-organizatora-manifestacija-na-zlatiboru\\\/\"},\"author\":{\"name\":\"Sonja Babi\u0107\",\"@id\":\"https:\\\/\\\/spriv.vojvodina.gov.rs\\\/#\\\/schema\\\/person\\\/749ef4f57fbb458f1c759e7a4fa78485\"},\"headline\":\"Ivan \u0110okovi\u0107 otvorio jubilarne X Susrete organizatora manifestacija na Zlatiboru\",\"datePublished\":\"2017-03-04T13:40:31+00:00\",\"mainEntityOfPage\":{\"@id\":\"https:\\\/\\\/spriv.vojvodina.gov.rs\\\/ivan-dokovic-otvorio-jubilarne-x-susrete-organizatora-manifestacija-na-zlatiboru\\\/\"},\"wordCount\":275,\"image\":{\"@id\":\"https:\\\/\\\/spriv.vojvodina.gov.rs\\\/ivan-dokovic-otvorio-jubilarne-x-susrete-organizatora-manifestacija-na-zlatiboru\\\/#primaryimage\"},\"thumbnailUrl\":\"https:\\\/\\\/spriv.vojvodina.gov.rs\\\/wp-content\\\/uploads\\\/2017\\\/03\\\/cigota-mala.JPG\",\"articleSection\":[\"Vesti Latinica\"],\"inLanguage\":\"sr-RS\"},{\"@type\":\"WebPage\",\"@id\":\"https:\\\/\\\/spriv.vojvodina.gov.rs\\\/ivan-dokovic-otvorio-jubilarne-x-susrete-organizatora-manifestacija-na-zlatiboru\\\/\",\"url\":\"https:\\\/\\\/spriv.vojvodina.gov.rs\\\/ivan-dokovic-otvorio-jubilarne-x-susrete-organizatora-manifestacija-na-zlatiboru\\\/\",\"name\":\"Ivan \u0110okovi\u0107 otvorio jubilarne X Susrete organizatora manifestacija na Zlatiboru - \u041f\u043e\u043a\u0440\u0430\u0458\u0438\u043d\u0441\u043a\u0438 \u0441\u0435\u043a\u0440\u0435\u0442\u0430\u0440\u0438\u0458\u0430\u0442 \u0437\u0430 \u043f\u0440\u0438\u0432\u0440\u0435\u0434\u0443 \u0438 \u0442\u0443\u0440\u0438\u0437\u0430\u043c\",\"isPartOf\":{\"@id\":\"https:\\\/\\\/spriv.vojvodina.gov.rs\\\/#website\"},\"primaryImageOfPage\":{\"@id\":\"https:\\\/\\\/spriv.vojvodina.gov.rs\\\/ivan-dokovic-otvorio-jubilarne-x-susrete-organizatora-manifestacija-na-zlatiboru\\\/#primaryimage\"},\"image\":{\"@id\":\"https:\\\/\\\/spriv.vojvodina.gov.rs\\\/ivan-dokovic-otvorio-jubilarne-x-susrete-organizatora-manifestacija-na-zlatiboru\\\/#primaryimage\"},\"thumbnailUrl\":\"https:\\\/\\\/spriv.vojvodina.gov.rs\\\/wp-content\\\/uploads\\\/2017\\\/03\\\/cigota-mala.JPG\",\"datePublished\":\"2017-03-04T13:40:31+00:00\",\"author\":{\"@id\":\"https:\\\/\\\/spriv.vojvodina.gov.rs\\\/#\\\/schema\\\/person\\\/749ef4f57fbb458f1c759e7a4fa78485\"},\"breadcrumb\":{\"@id\":\"https:\\\/\\\/spriv.vojvodina.gov.rs\\\/ivan-dokovic-otvorio-jubilarne-x-susrete-organizatora-manifestacija-na-zlatiboru\\\/#breadcrumb\"},\"inLanguage\":\"sr-RS\",\"potentialAction\":[{\"@type\":\"ReadAction\",\"target\":[\"https:\\\/\\\/spriv.vojvodina.gov.rs\\\/ivan-dokovic-otvorio-jubilarne-x-susrete-organizatora-manifestacija-na-zlatiboru\\\/\"]}]},{\"@type\":\"ImageObject\",\"inLanguage\":\"sr-RS\",\"@id\":\"https:\\\/\\\/spriv.vojvodina.gov.rs\\\/ivan-dokovic-otvorio-jubilarne-x-susrete-organizatora-manifestacija-na-zlatiboru\\\/#primaryimage\",\"url\":\"https:\\\/\\\/spriv.vojvodina.gov.rs\\\/wp-content\\\/uploads\\\/2017\\\/03\\\/cigota-mala.JPG\",\"contentUrl\":\"https:\\\/\\\/spriv.vojvodina.gov.rs\\\/wp-content\\\/uploads\\\/2017\\\/03\\\/cigota-mala.JPG\",\"width\":150,\"height\":100},{\"@type\":\"BreadcrumbList\",\"@id\":\"https:\\\/\\\/spriv.vojvodina.gov.rs\\\/ivan-dokovic-otvorio-jubilarne-x-susrete-organizatora-manifestacija-na-zlatiboru\\\/#breadcrumb\",\"itemListElement\":[{\"@type\":\"ListItem\",\"position\":1,\"name\":\"Home\",\"item\":\"https:\\\/\\\/spriv.vojvodina.gov.rs\\\/\"},{\"@type\":\"ListItem\",\"position\":2,\"name\":\"Ivan \u0110okovi\u0107 otvorio jubilarne X Susrete organizatora manifestacija na Zlatiboru\"}]},{\"@type\":\"WebSite\",\"@id\":\"https:\\\/\\\/spriv.vojvodina.gov.rs\\\/#website\",\"url\":\"https:\\\/\\\/spriv.vojvodina.gov.rs\\\/\",\"name\":\"\u041f\u043e\u043a\u0440\u0430\u0458\u0438\u043d\u0441\u043a\u0438 \u0441\u0435\u043a\u0440\u0435\u0442\u0430\u0440\u0438\u0458\u0430\u0442 \u0437\u0430 \u043f\u0440\u0438\u0432\u0440\u0435\u0434\u0443 \u0438 \u0442\u0443\u0440\u0438\u0437\u0430\u043c\",\"description\":\"\u041f\u043e\u043a\u0440\u0430\u0458\u0438\u043d\u0441\u043a\u0438 \u0441\u0435\u043a\u0440\u0435\u0442\u0430\u0440\u0438\u0458\u0430\u0442 \u0437\u0430 \u043f\u0440\u0438\u0432\u0440\u0435\u0434\u0443 \u0438 \u0442\u0443\u0440\u0438\u0437\u0430\u043c\",\"potentialAction\":[{\"@type\":\"SearchAction\",\"target\":{\"@type\":\"EntryPoint\",\"urlTemplate\":\"https:\\\/\\\/spriv.vojvodina.gov.rs\\\/?s={search_term_string}\"},\"query-input\":{\"@type\":\"PropertyValueSpecification\",\"valueRequired\":true,\"valueName\":\"search_term_string\"}}],\"inLanguage\":\"sr-RS\"},{\"@type\":\"Person\",\"@id\":\"https:\\\/\\\/spriv.vojvodina.gov.rs\\\/#\\\/schema\\\/person\\\/749ef4f57fbb458f1c759e7a4fa78485\",\"name\":\"Sonja Babi\u0107\",\"image\":{\"@type\":\"ImageObject\",\"inLanguage\":\"sr-RS\",\"@id\":\"https:\\\/\\\/secure.gravatar.com\\\/avatar\\\/00a1d182a20a59067af1e7b1c31cbcc3be1a456ee4b27746580e120c2582e5bd?s=96&d=mm&r=g\",\"url\":\"https:\\\/\\\/secure.gravatar.com\\\/avatar\\\/00a1d182a20a59067af1e7b1c31cbcc3be1a456ee4b27746580e120c2582e5bd?s=96&d=mm&r=g\",\"contentUrl\":\"https:\\\/\\\/secure.gravatar.com\\\/avatar\\\/00a1d182a20a59067af1e7b1c31cbcc3be1a456ee4b27746580e120c2582e5bd?s=96&d=mm&r=g\",\"caption\":\"Sonja Babi\u0107\"},\"url\":\"https:\\\/\\\/spriv.vojvodina.gov.rs\\\/rs\\\/author\\\/sonja-babic\\\/\"}]}<\/script>\n<!-- \/ Yoast SEO plugin. -->","yoast_head_json":{"title":"Ivan \u0110okovi\u0107 otvorio jubilarne X Susrete organizatora manifestacija na Zlatiboru - \u041f\u043e\u043a\u0440\u0430\u0458\u0438\u043d\u0441\u043a\u0438 \u0441\u0435\u043a\u0440\u0435\u0442\u0430\u0440\u0438\u0458\u0430\u0442 \u0437\u0430 \u043f\u0440\u0438\u0432\u0440\u0435\u0434\u0443 \u0438 \u0442\u0443\u0440\u0438\u0437\u0430\u043c","robots":{"index":"index","follow":"follow","max-snippet":"max-snippet:-1","max-image-preview":"max-image-preview:large","max-video-preview":"max-video-preview:-1"},"canonical":"https:\/\/spriv.vojvodina.gov.rs\/rs\/ivan-dokovic-otvorio-jubilarne-x-susrete-organizatora-manifestacija-na-zlatiboru\/","og_locale":"sr_RS","og_type":"article","og_title":"Ivan \u0110okovi\u0107 otvorio jubilarne X Susrete organizatora manifestacija na Zlatiboru - \u041f\u043e\u043a\u0440\u0430\u0458\u0438\u043d\u0441\u043a\u0438 \u0441\u0435\u043a\u0440\u0435\u0442\u0430\u0440\u0438\u0458\u0430\u0442 \u0437\u0430 \u043f\u0440\u0438\u0432\u0440\u0435\u0434\u0443 \u0438 \u0442\u0443\u0440\u0438\u0437\u0430\u043c","og_description":"\u010cigota, 4. mart 2017. \u2013 Potpredsednik Pokrajinske vlade i pokrajinski sekretar za privredu i turizam, Ivan \u0110okovi\u0107, otvorio je jubilarni H stru\u010dni skup pod nazivom ,,Susreti organizatora manifestacija 2016\/2017\", koji se odr\u017eavaju 3. i 4. marta 2017. godine u prostorijama Specijalne bolnice ,,\u010cigota\" na Zlatiboru. Organizator Susreta je udru\u017eenje ,,Turizam i manifestacije Srbije\" (TIM Srbije), suorganizator je Visoka turisti\u010dka \u0161kola iz Beograda, dok je pokrovitelj Turisti\u010dka organizacija Zlatibor.","og_url":"https:\/\/spriv.vojvodina.gov.rs\/ivan-dokovic-otvorio-jubilarne-x-susrete-organizatora-manifestacija-na-zlatiboru\/","og_site_name":"\u041f\u043e\u043a\u0440\u0430\u0458\u0438\u043d\u0441\u043a\u0438 \u0441\u0435\u043a\u0440\u0435\u0442\u0430\u0440\u0438\u0458\u0430\u0442 \u0437\u0430 \u043f\u0440\u0438\u0432\u0440\u0435\u0434\u0443 \u0438 \u0442\u0443\u0440\u0438\u0437\u0430\u043c","article_published_time":"2017-03-04T13:40:31+00:00","og_image":[{"width":150,"height":100,"url":"https:\/\/spriv.vojvodina.gov.rs\/wp-content\/uploads\/2017\/03\/cigota-mala.JPG","type":"image\/jpeg"}],"author":"Sonja Babi\u0107","twitter_card":"summary_large_image","twitter_misc":{"\u041d\u0430\u043f\u0438\u0441\u0430\u043d\u043e \u043e\u0434":"Sonja Babi\u0107","\u041f\u0440\u043e\u0446\u0435\u045a\u0435\u043d\u043e \u0432\u0440\u0435\u043c\u0435 \u0447\u0438\u0442\u0430\u045a\u0430":"1 \u043c\u0438\u043d\u0443\u0442"},"schema":{"@context":"https:\/\/schema.org","@graph":[{"@type":"Article","@id":"https:\/\/spriv.vojvodina.gov.rs\/ivan-dokovic-otvorio-jubilarne-x-susrete-organizatora-manifestacija-na-zlatiboru\/#article","isPartOf":{"@id":"https:\/\/spriv.vojvodina.gov.rs\/ivan-dokovic-otvorio-jubilarne-x-susrete-organizatora-manifestacija-na-zlatiboru\/"},"author":{"name":"Sonja Babi\u0107","@id":"https:\/\/spriv.vojvodina.gov.rs\/#\/schema\/person\/749ef4f57fbb458f1c759e7a4fa78485"},"headline":"Ivan \u0110okovi\u0107 otvorio jubilarne X Susrete organizatora manifestacija na Zlatiboru","datePublished":"2017-03-04T13:40:31+00:00","mainEntityOfPage":{"@id":"https:\/\/spriv.vojvodina.gov.rs\/ivan-dokovic-otvorio-jubilarne-x-susrete-organizatora-manifestacija-na-zlatiboru\/"},"wordCount":275,"image":{"@id":"https:\/\/spriv.vojvodina.gov.rs\/ivan-dokovic-otvorio-jubilarne-x-susrete-organizatora-manifestacija-na-zlatiboru\/#primaryimage"},"thumbnailUrl":"https:\/\/spriv.vojvodina.gov.rs\/wp-content\/uploads\/2017\/03\/cigota-mala.JPG","articleSection":["Vesti Latinica"],"inLanguage":"sr-RS"},{"@type":"WebPage","@id":"https:\/\/spriv.vojvodina.gov.rs\/ivan-dokovic-otvorio-jubilarne-x-susrete-organizatora-manifestacija-na-zlatiboru\/","url":"https:\/\/spriv.vojvodina.gov.rs\/ivan-dokovic-otvorio-jubilarne-x-susrete-organizatora-manifestacija-na-zlatiboru\/","name":"Ivan \u0110okovi\u0107 otvorio jubilarne X Susrete organizatora manifestacija na Zlatiboru - \u041f\u043e\u043a\u0440\u0430\u0458\u0438\u043d\u0441\u043a\u0438 \u0441\u0435\u043a\u0440\u0435\u0442\u0430\u0440\u0438\u0458\u0430\u0442 \u0437\u0430 \u043f\u0440\u0438\u0432\u0440\u0435\u0434\u0443 \u0438 \u0442\u0443\u0440\u0438\u0437\u0430\u043c","isPartOf":{"@id":"https:\/\/spriv.vojvodina.gov.rs\/#website"},"primaryImageOfPage":{"@id":"https:\/\/spriv.vojvodina.gov.rs\/ivan-dokovic-otvorio-jubilarne-x-susrete-organizatora-manifestacija-na-zlatiboru\/#primaryimage"},"image":{"@id":"https:\/\/spriv.vojvodina.gov.rs\/ivan-dokovic-otvorio-jubilarne-x-susrete-organizatora-manifestacija-na-zlatiboru\/#primaryimage"},"thumbnailUrl":"https:\/\/spriv.vojvodina.gov.rs\/wp-content\/uploads\/2017\/03\/cigota-mala.JPG","datePublished":"2017-03-04T13:40:31+00:00","author":{"@id":"https:\/\/spriv.vojvodina.gov.rs\/#\/schema\/person\/749ef4f57fbb458f1c759e7a4fa78485"},"breadcrumb":{"@id":"https:\/\/spriv.vojvodina.gov.rs\/ivan-dokovic-otvorio-jubilarne-x-susrete-organizatora-manifestacija-na-zlatiboru\/#breadcrumb"},"inLanguage":"sr-RS","potentialAction":[{"@type":"ReadAction","target":["https:\/\/spriv.vojvodina.gov.rs\/ivan-dokovic-otvorio-jubilarne-x-susrete-organizatora-manifestacija-na-zlatiboru\/"]}]},{"@type":"ImageObject","inLanguage":"sr-RS","@id":"https:\/\/spriv.vojvodina.gov.rs\/ivan-dokovic-otvorio-jubilarne-x-susrete-organizatora-manifestacija-na-zlatiboru\/#primaryimage","url":"https:\/\/spriv.vojvodina.gov.rs\/wp-content\/uploads\/2017\/03\/cigota-mala.JPG","contentUrl":"https:\/\/spriv.vojvodina.gov.rs\/wp-content\/uploads\/2017\/03\/cigota-mala.JPG","width":150,"height":100},{"@type":"BreadcrumbList","@id":"https:\/\/spriv.vojvodina.gov.rs\/ivan-dokovic-otvorio-jubilarne-x-susrete-organizatora-manifestacija-na-zlatiboru\/#breadcrumb","itemListElement":[{"@type":"ListItem","position":1,"name":"Home","item":"https:\/\/spriv.vojvodina.gov.rs\/"},{"@type":"ListItem","position":2,"name":"Ivan \u0110okovi\u0107 otvorio jubilarne X Susrete organizatora manifestacija na Zlatiboru"}]},{"@type":"WebSite","@id":"https:\/\/spriv.vojvodina.gov.rs\/#website","url":"https:\/\/spriv.vojvodina.gov.rs\/","name":"\u041f\u043e\u043a\u0440\u0430\u0458\u0438\u043d\u0441\u043a\u0438 \u0441\u0435\u043a\u0440\u0435\u0442\u0430\u0440\u0438\u0458\u0430\u0442 \u0437\u0430 \u043f\u0440\u0438\u0432\u0440\u0435\u0434\u0443 \u0438 \u0442\u0443\u0440\u0438\u0437\u0430\u043c","description":"\u041f\u043e\u043a\u0440\u0430\u0458\u0438\u043d\u0441\u043a\u0438 \u0441\u0435\u043a\u0440\u0435\u0442\u0430\u0440\u0438\u0458\u0430\u0442 \u0437\u0430 \u043f\u0440\u0438\u0432\u0440\u0435\u0434\u0443 \u0438 \u0442\u0443\u0440\u0438\u0437\u0430\u043c","potentialAction":[{"@type":"SearchAction","target":{"@type":"EntryPoint","urlTemplate":"https:\/\/spriv.vojvodina.gov.rs\/?s={search_term_string}"},"query-input":{"@type":"PropertyValueSpecification","valueRequired":true,"valueName":"search_term_string"}}],"inLanguage":"sr-RS"},{"@type":"Person","@id":"https:\/\/spriv.vojvodina.gov.rs\/#\/schema\/person\/749ef4f57fbb458f1c759e7a4fa78485","name":"Sonja Babi\u0107","image":{"@type":"ImageObject","inLanguage":"sr-RS","@id":"https:\/\/secure.gravatar.com\/avatar\/00a1d182a20a59067af1e7b1c31cbcc3be1a456ee4b27746580e120c2582e5bd?s=96&d=mm&r=g","url":"https:\/\/secure.gravatar.com\/avatar\/00a1d182a20a59067af1e7b1c31cbcc3be1a456ee4b27746580e120c2582e5bd?s=96&d=mm&r=g","contentUrl":"https:\/\/secure.gravatar.com\/avatar\/00a1d182a20a59067af1e7b1c31cbcc3be1a456ee4b27746580e120c2582e5bd?s=96&d=mm&r=g","caption":"Sonja Babi\u0107"},"url":"https:\/\/spriv.vojvodina.gov.rs\/rs\/author\/sonja-babic\/"}]}},"_links":{"self":[{"href":"https:\/\/spriv.vojvodina.gov.rs\/rs\/wp-json\/wp\/v2\/posts\/2366","targetHints":{"allow":["GET"]}}],"collection":[{"href":"https:\/\/spriv.vojvodina.gov.rs\/rs\/wp-json\/wp\/v2\/posts"}],"about":[{"href":"https:\/\/spriv.vojvodina.gov.rs\/rs\/wp-json\/wp\/v2\/types\/post"}],"author":[{"embeddable":true,"href":"https:\/\/spriv.vojvodina.gov.rs\/rs\/wp-json\/wp\/v2\/users\/3"}],"replies":[{"embeddable":true,"href":"https:\/\/spriv.vojvodina.gov.rs\/rs\/wp-json\/wp\/v2\/comments?post=2366"}],"version-history":[{"count":0,"href":"https:\/\/spriv.vojvodina.gov.rs\/rs\/wp-json\/wp\/v2\/posts\/2366\/revisions"}],"wp:featuredmedia":[{"embeddable":true,"href":"https:\/\/spriv.vojvodina.gov.rs\/rs\/wp-json\/wp\/v2\/media\/2358"}],"wp:attachment":[{"href":"https:\/\/spriv.vojvodina.gov.rs\/rs\/wp-json\/wp\/v2\/media?parent=2366"}],"wp:term":[{"taxonomy":"category","embeddable":true,"href":"https:\/\/spriv.vojvodina.gov.rs\/rs\/wp-json\/wp\/v2\/categories?post=2366"},{"taxonomy":"post_tag","embeddable":true,"href":"https:\/\/spriv.vojvodina.gov.rs\/rs\/wp-json\/wp\/v2\/tags?post=2366"}],"curies":[{"name":"wp","href":"https:\/\/api.w.org\/{rel}","templated":true}]}}