{"id":2357,"date":"2017-03-03T17:15:18","date_gmt":"2017-03-03T17:15:18","guid":{"rendered":"http:\/\/spriv.vojvodina.gov.rs\/2017\/03\/03\/potpredsednik-ivan-dokovic-predsedavao-sednicom-saveta-za-zaposljavanje\/"},"modified":"2017-03-03T17:15:18","modified_gmt":"2017-03-03T17:15:18","slug":"potpredsednik-ivan-dokovic-predsedavao-sednicom-saveta-za-zaposljavanje","status":"publish","type":"post","link":"https:\/\/spriv.vojvodina.gov.rs\/rs\/potpredsednik-ivan-dokovic-predsedavao-sednicom-saveta-za-zaposljavanje\/","title":{"rendered":"Potpredsednik Ivan \u0110okovi\u0107 predsedavao sednicom Saveta za zapo\u0161ljavanje"},"content":{"rendered":"<p style=\"text-align: center;\"><img loading=\"lazy\" decoding=\"async\" class=\" size-full wp-image-2350\" src=\"http:\/\/spriv.vojvodina.gov.rs\/wp-content\/uploads\/2017\/03\/papz-1.JPG\" border=\"0\" alt=\"\" width=\"600\" height=\"400\" srcset=\"https:\/\/spriv.vojvodina.gov.rs\/wp-content\/uploads\/2017\/03\/papz-1.JPG 600w, https:\/\/spriv.vojvodina.gov.rs\/wp-content\/uploads\/2017\/03\/papz-1-300x200.jpg 300w\" sizes=\"auto, (max-width: 600px) 100vw, 600px\" \/><\/p>\n<p style=\"text-align: justify;\">Novi Sad, 3. mart 2017. &#8211; Potpredsednik Pokrajinske vlade i pokrajinski sekretar za privredu i turizam Ivan \u0110okovi\u0107, predsedavao je sednicom Saveta za zapo\u0161ljavanje, osnovanom pri Pokrajinskom sekretarijatu za privredu i turizam, \u010diji \u010dlanovi aktivno u\u010destvuju u sprovo\u0111enju ciljeva postavljenih strate\u0161kim dokumentom \u2013 Pokrajinskim akcionim planom, a na osnovu strate\u0161kih opredeljenja i definisanih prioriteta politike zapo\u0161ljavanja u teku\u0107oj godini u AP Vojvodini.<\/p>\n<p><img loading=\"lazy\" decoding=\"async\" class=\" size-full wp-image-2351\" src=\"http:\/\/spriv.vojvodina.gov.rs\/wp-content\/uploads\/2017\/03\/papz-22.JPG\" border=\"0\" alt=\"\" style=\"display: block; margin-left: auto; margin-right: auto;\" width=\"600\" height=\"400\" srcset=\"https:\/\/spriv.vojvodina.gov.rs\/wp-content\/uploads\/2017\/03\/papz-22.JPG 600w, https:\/\/spriv.vojvodina.gov.rs\/wp-content\/uploads\/2017\/03\/papz-22-300x200.jpg 300w\" sizes=\"auto, (max-width: 600px) 100vw, 600px\" \/><\/p>\n<p style=\"text-align: justify;\">Na sednici, Savet za zapo\u0161ljavanje je prihvatio predlog Pokrajinskog akcionog plana zapo\u0161ljavanja u AP Vojvodini za 2017. godinu, koji predstavlja osnovni instrument sprovo\u0111enja aktivne politike zapo\u0161ljavanja na teritoriji Pokrajine. Tim dokumentom se defini\u0161u ciljevi i prioriteti politike zapo\u0161ljavanja i utvr\u0111uju programi i mere koji \u0107e se realizovati, \u010dime bi se omogu\u0107ilo odr\u017eivo pove\u0107anje zaposlenosti u Vojvodini.<\/p>\n<p>,,Prvi deo Akcionog plana opisuje nadle\u017enost, njegovu su\u0161tinu, svrhu, neke klju\u010dne ta\u010dke i parametre na osnovu kojih se on dalje koncipira i daje statisti\u010dki pregled i analizu veli\u010dina bitnih za dalje koncipiranje mera za njegovo sprovo\u0111enje. Izlo\u017eene su same mere i rasponi finansijskih sredstava i podsticaja za samozapo\u0161ljavanje, novo zapo\u0161ljavanje, javne radove i stru\u010dno osposobljavanje. Ono \u0161to po svojoj su\u0161tini predstavlja jednu svojevrsnu vrstu startap-a i podsticaja jeste program samozapo\u0161ljavanja koji proizilazi iz Nacionalnog akcionog plana i utvr\u0111uje Nacionalna slu\u017eba za zapo\u0161ljavanje. Kroz konkurs koji bi vezali za Pokrajinski akcioni plan definisali bi koja zanimanja i delatnosti treba podr\u017eati i postavili bi kriterijume i bodovnu listu ka delatnostima koje zaista to i zaslu\u017euju i koje su odr\u017eive, sa makroekonomskim opravdanjem&#8220;, rekao je potpredsednik \u0110okovi\u0107.<\/p>\n<p style=\"text-align: center;\"><img loading=\"lazy\" decoding=\"async\" class=\" size-full wp-image-2352\" src=\"http:\/\/spriv.vojvodina.gov.rs\/wp-content\/uploads\/2017\/03\/papz-2.JPG\" border=\"0\" alt=\"\" width=\"600\" height=\"400\" srcset=\"https:\/\/spriv.vojvodina.gov.rs\/wp-content\/uploads\/2017\/03\/papz-2.JPG 600w, https:\/\/spriv.vojvodina.gov.rs\/wp-content\/uploads\/2017\/03\/papz-2-300x200.jpg 300w\" sizes=\"auto, (max-width: 600px) 100vw, 600px\" \/><\/p>\n<p style=\"text-align: justify;\">Pri izradi PAPZ-a za 2017. godinu uzeti su u obzir strate\u0161ki pravci i ciljevi Nacionalne strategije zapo\u0161ljavanja za period 2011-2020. godine, kao i prioriteti i planirane aktivnosti usvojenih nacionalnih strategija i razvojnih dokumenata. Tako\u0111e, uzete su u obzir smernice koje se odnose na zapo\u0161ljavanje, kako bi rast ekonomije stvorio mogu\u0107nost za visok nivo zaposlenosti, produktivnosti, socijalnu i teritorijalnu koheziju.<\/p>\n<p style=\"text-align: center;\"><img loading=\"lazy\" decoding=\"async\" class=\" size-full wp-image-2353\" src=\"http:\/\/spriv.vojvodina.gov.rs\/wp-content\/uploads\/2017\/03\/papz-3.JPG\" border=\"0\" alt=\"\" width=\"600\" height=\"400\" srcset=\"https:\/\/spriv.vojvodina.gov.rs\/wp-content\/uploads\/2017\/03\/papz-3.JPG 600w, https:\/\/spriv.vojvodina.gov.rs\/wp-content\/uploads\/2017\/03\/papz-3-300x200.jpg 300w\" sizes=\"auto, (max-width: 600px) 100vw, 600px\" \/><\/p>\n<p style=\"text-align: justify;\">Prioriteti u ovom strate\u0161kom dokumentu su usmereni ka ulaganju u ljudske resurse, podsticanju socijalne inkluzije na tr\u017ei\u0161tu rada i otvaranju novih radnih mesta. U definisanje i izradu Akcionog plana uklju\u010deni su socijalni partneri i nadle\u017ene institucije, kako bi se sagledavali i \u0161to uspe\u0161nije realizovali planirani programi i sprovele mere sa \u0161to boljim rezultatima.<\/p>\n<p style=\"text-align: center;\"><img loading=\"lazy\" decoding=\"async\" class=\" size-full wp-image-2354\" src=\"http:\/\/spriv.vojvodina.gov.rs\/wp-content\/uploads\/2017\/03\/papz-5.JPG\" border=\"0\" alt=\"\" width=\"600\" height=\"400\" srcset=\"https:\/\/spriv.vojvodina.gov.rs\/wp-content\/uploads\/2017\/03\/papz-5.JPG 600w, https:\/\/spriv.vojvodina.gov.rs\/wp-content\/uploads\/2017\/03\/papz-5-300x200.jpg 300w\" sizes=\"auto, (max-width: 600px) 100vw, 600px\" \/><\/p>\n<p style=\"text-align: center;\"><img loading=\"lazy\" decoding=\"async\" class=\" size-full wp-image-2355\" src=\"http:\/\/spriv.vojvodina.gov.rs\/wp-content\/uploads\/2017\/03\/papz-4.JPG\" border=\"0\" alt=\"\" width=\"600\" height=\"400\" srcset=\"https:\/\/spriv.vojvodina.gov.rs\/wp-content\/uploads\/2017\/03\/papz-4.JPG 600w, https:\/\/spriv.vojvodina.gov.rs\/wp-content\/uploads\/2017\/03\/papz-4-300x200.jpg 300w\" sizes=\"auto, (max-width: 600px) 100vw, 600px\" \/><\/p>\n","protected":false},"excerpt":{"rendered":"Novi Sad, 3. mart 2017. &#8211; Potpredsednik Pokrajinske vlade i pokrajinski sekretar za privredu i turizam Ivan \u0110okovi\u0107, predsedavao je sednicom Saveta za zapo\u0161ljavanje, osnovanom pri Pokrajinskom sekretarijatu za privredu i turizam, \u010diji \u010dlanovi aktivno u\u010destvuju u sprovo\u0111enju ciljeva postavljenih strate\u0161kim dokumentom \u2013 Pokrajinskim akcionim planom, a na osnovu strate\u0161kih opredeljenja i definisanih prioriteta politike zapo\u0161ljavanja u teku\u0107oj godini u AP Vojvodini.\n<a class=\"moretag\" href=\"https:\/\/spriv.vojvodina.gov.rs\/rs\/potpredsednik-ivan-dokovic-predsedavao-sednicom-saveta-za-zaposljavanje\/\"> [...]<\/a>","protected":false},"author":3,"featured_media":2349,"comment_status":"closed","ping_status":"closed","sticky":false,"template":"","format":"standard","meta":{"footnotes":""},"categories":[31],"tags":[],"class_list":["post-2357","post","type-post","status-publish","format-standard","has-post-thumbnail","hentry","category-vesti-latinica1"],"yoast_head":"<!-- This site is optimized with the Yoast SEO plugin v27.4 - https:\/\/yoast.com\/product\/yoast-seo-wordpress\/ -->\n<title>Potpredsednik Ivan \u0110okovi\u0107 predsedavao sednicom Saveta za zapo\u0161ljavanje - \u041f\u043e\u043a\u0440\u0430\u0458\u0438\u043d\u0441\u043a\u0438 \u0441\u0435\u043a\u0440\u0435\u0442\u0430\u0440\u0438\u0458\u0430\u0442 \u0437\u0430 \u043f\u0440\u0438\u0432\u0440\u0435\u0434\u0443 \u0438 \u0442\u0443\u0440\u0438\u0437\u0430\u043c<\/title>\n<meta name=\"robots\" content=\"index, follow, max-snippet:-1, max-image-preview:large, max-video-preview:-1\" \/>\n<link rel=\"canonical\" href=\"https:\/\/spriv.vojvodina.gov.rs\/rs\/potpredsednik-ivan-dokovic-predsedavao-sednicom-saveta-za-zaposljavanje\/\" \/>\n<meta property=\"og:locale\" content=\"sr_RS\" \/>\n<meta property=\"og:type\" content=\"article\" \/>\n<meta property=\"og:title\" content=\"Potpredsednik Ivan \u0110okovi\u0107 predsedavao sednicom Saveta za zapo\u0161ljavanje - \u041f\u043e\u043a\u0440\u0430\u0458\u0438\u043d\u0441\u043a\u0438 \u0441\u0435\u043a\u0440\u0435\u0442\u0430\u0440\u0438\u0458\u0430\u0442 \u0437\u0430 \u043f\u0440\u0438\u0432\u0440\u0435\u0434\u0443 \u0438 \u0442\u0443\u0440\u0438\u0437\u0430\u043c\" \/>\n<meta property=\"og:description\" content=\"Novi Sad, 3. mart 2017. - Potpredsednik Pokrajinske vlade i pokrajinski sekretar za privredu i turizam Ivan \u0110okovi\u0107, predsedavao je sednicom Saveta za zapo\u0161ljavanje, osnovanom pri Pokrajinskom sekretarijatu za privredu i turizam, \u010diji \u010dlanovi aktivno u\u010destvuju u sprovo\u0111enju ciljeva postavljenih strate\u0161kim dokumentom \u2013 Pokrajinskim akcionim planom, a na osnovu strate\u0161kih opredeljenja i definisanih prioriteta politike zapo\u0161ljavanja u teku\u0107oj godini u AP Vojvodini.\" \/>\n<meta property=\"og:url\" content=\"https:\/\/spriv.vojvodina.gov.rs\/rs\/potpredsednik-ivan-dokovic-predsedavao-sednicom-saveta-za-zaposljavanje\/\" \/>\n<meta property=\"og:site_name\" content=\"\u041f\u043e\u043a\u0440\u0430\u0458\u0438\u043d\u0441\u043a\u0438 \u0441\u0435\u043a\u0440\u0435\u0442\u0430\u0440\u0438\u0458\u0430\u0442 \u0437\u0430 \u043f\u0440\u0438\u0432\u0440\u0435\u0434\u0443 \u0438 \u0442\u0443\u0440\u0438\u0437\u0430\u043c\" \/>\n<meta property=\"article:published_time\" content=\"2017-03-03T17:15:18+00:00\" \/>\n<meta property=\"og:image\" content=\"https:\/\/spriv.vojvodina.gov.rs\/wp-content\/uploads\/2017\/03\/papz-mala.JPG\" \/>\n\t<meta property=\"og:image:width\" content=\"150\" \/>\n\t<meta property=\"og:image:height\" content=\"100\" \/>\n\t<meta property=\"og:image:type\" content=\"image\/jpeg\" \/>\n<meta name=\"author\" content=\"Sonja Babi\u0107\" \/>\n<meta name=\"twitter:card\" content=\"summary_large_image\" \/>\n<meta name=\"twitter:label1\" content=\"\u041d\u0430\u043f\u0438\u0441\u0430\u043d\u043e \u043e\u0434\" \/>\n\t<meta name=\"twitter:data1\" content=\"Sonja Babi\u0107\" \/>\n\t<meta name=\"twitter:label2\" content=\"\u041f\u0440\u043e\u0446\u0435\u045a\u0435\u043d\u043e \u0432\u0440\u0435\u043c\u0435 \u0447\u0438\u0442\u0430\u045a\u0430\" \/>\n\t<meta name=\"twitter:data2\" content=\"2 \u043c\u0438\u043d\u0443\u0442\u0430\" \/>\n<script type=\"application\/ld+json\" class=\"yoast-schema-graph\">{\"@context\":\"https:\\\/\\\/schema.org\",\"@graph\":[{\"@type\":\"Article\",\"@id\":\"https:\\\/\\\/spriv.vojvodina.gov.rs\\\/rs\\\/potpredsednik-ivan-dokovic-predsedavao-sednicom-saveta-za-zaposljavanje\\\/#article\",\"isPartOf\":{\"@id\":\"https:\\\/\\\/spriv.vojvodina.gov.rs\\\/rs\\\/potpredsednik-ivan-dokovic-predsedavao-sednicom-saveta-za-zaposljavanje\\\/\"},\"author\":{\"name\":\"Sonja Babi\u0107\",\"@id\":\"https:\\\/\\\/spriv.vojvodina.gov.rs\\\/#\\\/schema\\\/person\\\/749ef4f57fbb458f1c759e7a4fa78485\"},\"headline\":\"Potpredsednik Ivan \u0110okovi\u0107 predsedavao sednicom Saveta za zapo\u0161ljavanje\",\"datePublished\":\"2017-03-03T17:15:18+00:00\",\"mainEntityOfPage\":{\"@id\":\"https:\\\/\\\/spriv.vojvodina.gov.rs\\\/rs\\\/potpredsednik-ivan-dokovic-predsedavao-sednicom-saveta-za-zaposljavanje\\\/\"},\"wordCount\":405,\"image\":{\"@id\":\"https:\\\/\\\/spriv.vojvodina.gov.rs\\\/rs\\\/potpredsednik-ivan-dokovic-predsedavao-sednicom-saveta-za-zaposljavanje\\\/#primaryimage\"},\"thumbnailUrl\":\"https:\\\/\\\/spriv.vojvodina.gov.rs\\\/wp-content\\\/uploads\\\/2017\\\/03\\\/papz-mala.JPG\",\"articleSection\":[\"Vesti Latinica\"],\"inLanguage\":\"sr-RS\"},{\"@type\":\"WebPage\",\"@id\":\"https:\\\/\\\/spriv.vojvodina.gov.rs\\\/rs\\\/potpredsednik-ivan-dokovic-predsedavao-sednicom-saveta-za-zaposljavanje\\\/\",\"url\":\"https:\\\/\\\/spriv.vojvodina.gov.rs\\\/rs\\\/potpredsednik-ivan-dokovic-predsedavao-sednicom-saveta-za-zaposljavanje\\\/\",\"name\":\"Potpredsednik Ivan \u0110okovi\u0107 predsedavao sednicom Saveta za zapo\u0161ljavanje - \u041f\u043e\u043a\u0440\u0430\u0458\u0438\u043d\u0441\u043a\u0438 \u0441\u0435\u043a\u0440\u0435\u0442\u0430\u0440\u0438\u0458\u0430\u0442 \u0437\u0430 \u043f\u0440\u0438\u0432\u0440\u0435\u0434\u0443 \u0438 \u0442\u0443\u0440\u0438\u0437\u0430\u043c\",\"isPartOf\":{\"@id\":\"https:\\\/\\\/spriv.vojvodina.gov.rs\\\/#website\"},\"primaryImageOfPage\":{\"@id\":\"https:\\\/\\\/spriv.vojvodina.gov.rs\\\/rs\\\/potpredsednik-ivan-dokovic-predsedavao-sednicom-saveta-za-zaposljavanje\\\/#primaryimage\"},\"image\":{\"@id\":\"https:\\\/\\\/spriv.vojvodina.gov.rs\\\/rs\\\/potpredsednik-ivan-dokovic-predsedavao-sednicom-saveta-za-zaposljavanje\\\/#primaryimage\"},\"thumbnailUrl\":\"https:\\\/\\\/spriv.vojvodina.gov.rs\\\/wp-content\\\/uploads\\\/2017\\\/03\\\/papz-mala.JPG\",\"datePublished\":\"2017-03-03T17:15:18+00:00\",\"author\":{\"@id\":\"https:\\\/\\\/spriv.vojvodina.gov.rs\\\/#\\\/schema\\\/person\\\/749ef4f57fbb458f1c759e7a4fa78485\"},\"breadcrumb\":{\"@id\":\"https:\\\/\\\/spriv.vojvodina.gov.rs\\\/rs\\\/potpredsednik-ivan-dokovic-predsedavao-sednicom-saveta-za-zaposljavanje\\\/#breadcrumb\"},\"inLanguage\":\"sr-RS\",\"potentialAction\":[{\"@type\":\"ReadAction\",\"target\":[\"https:\\\/\\\/spriv.vojvodina.gov.rs\\\/rs\\\/potpredsednik-ivan-dokovic-predsedavao-sednicom-saveta-za-zaposljavanje\\\/\"]}]},{\"@type\":\"ImageObject\",\"inLanguage\":\"sr-RS\",\"@id\":\"https:\\\/\\\/spriv.vojvodina.gov.rs\\\/rs\\\/potpredsednik-ivan-dokovic-predsedavao-sednicom-saveta-za-zaposljavanje\\\/#primaryimage\",\"url\":\"https:\\\/\\\/spriv.vojvodina.gov.rs\\\/wp-content\\\/uploads\\\/2017\\\/03\\\/papz-mala.JPG\",\"contentUrl\":\"https:\\\/\\\/spriv.vojvodina.gov.rs\\\/wp-content\\\/uploads\\\/2017\\\/03\\\/papz-mala.JPG\",\"width\":150,\"height\":100},{\"@type\":\"BreadcrumbList\",\"@id\":\"https:\\\/\\\/spriv.vojvodina.gov.rs\\\/rs\\\/potpredsednik-ivan-dokovic-predsedavao-sednicom-saveta-za-zaposljavanje\\\/#breadcrumb\",\"itemListElement\":[{\"@type\":\"ListItem\",\"position\":1,\"name\":\"Home\",\"item\":\"https:\\\/\\\/spriv.vojvodina.gov.rs\\\/\"},{\"@type\":\"ListItem\",\"position\":2,\"name\":\"Potpredsednik Ivan \u0110okovi\u0107 predsedavao sednicom Saveta za zapo\u0161ljavanje\"}]},{\"@type\":\"WebSite\",\"@id\":\"https:\\\/\\\/spriv.vojvodina.gov.rs\\\/#website\",\"url\":\"https:\\\/\\\/spriv.vojvodina.gov.rs\\\/\",\"name\":\"\u041f\u043e\u043a\u0440\u0430\u0458\u0438\u043d\u0441\u043a\u0438 \u0441\u0435\u043a\u0440\u0435\u0442\u0430\u0440\u0438\u0458\u0430\u0442 \u0437\u0430 \u043f\u0440\u0438\u0432\u0440\u0435\u0434\u0443 \u0438 \u0442\u0443\u0440\u0438\u0437\u0430\u043c\",\"description\":\"\u041f\u043e\u043a\u0440\u0430\u0458\u0438\u043d\u0441\u043a\u0438 \u0441\u0435\u043a\u0440\u0435\u0442\u0430\u0440\u0438\u0458\u0430\u0442 \u0437\u0430 \u043f\u0440\u0438\u0432\u0440\u0435\u0434\u0443 \u0438 \u0442\u0443\u0440\u0438\u0437\u0430\u043c\",\"potentialAction\":[{\"@type\":\"SearchAction\",\"target\":{\"@type\":\"EntryPoint\",\"urlTemplate\":\"https:\\\/\\\/spriv.vojvodina.gov.rs\\\/?s={search_term_string}\"},\"query-input\":{\"@type\":\"PropertyValueSpecification\",\"valueRequired\":true,\"valueName\":\"search_term_string\"}}],\"inLanguage\":\"sr-RS\"},{\"@type\":\"Person\",\"@id\":\"https:\\\/\\\/spriv.vojvodina.gov.rs\\\/#\\\/schema\\\/person\\\/749ef4f57fbb458f1c759e7a4fa78485\",\"name\":\"Sonja Babi\u0107\",\"image\":{\"@type\":\"ImageObject\",\"inLanguage\":\"sr-RS\",\"@id\":\"https:\\\/\\\/secure.gravatar.com\\\/avatar\\\/00a1d182a20a59067af1e7b1c31cbcc3be1a456ee4b27746580e120c2582e5bd?s=96&d=mm&r=g\",\"url\":\"https:\\\/\\\/secure.gravatar.com\\\/avatar\\\/00a1d182a20a59067af1e7b1c31cbcc3be1a456ee4b27746580e120c2582e5bd?s=96&d=mm&r=g\",\"contentUrl\":\"https:\\\/\\\/secure.gravatar.com\\\/avatar\\\/00a1d182a20a59067af1e7b1c31cbcc3be1a456ee4b27746580e120c2582e5bd?s=96&d=mm&r=g\",\"caption\":\"Sonja Babi\u0107\"},\"url\":\"https:\\\/\\\/spriv.vojvodina.gov.rs\\\/rs\\\/author\\\/sonja-babic\\\/\"}]}<\/script>\n<!-- \/ Yoast SEO plugin. -->","yoast_head_json":{"title":"Potpredsednik Ivan \u0110okovi\u0107 predsedavao sednicom Saveta za zapo\u0161ljavanje - \u041f\u043e\u043a\u0440\u0430\u0458\u0438\u043d\u0441\u043a\u0438 \u0441\u0435\u043a\u0440\u0435\u0442\u0430\u0440\u0438\u0458\u0430\u0442 \u0437\u0430 \u043f\u0440\u0438\u0432\u0440\u0435\u0434\u0443 \u0438 \u0442\u0443\u0440\u0438\u0437\u0430\u043c","robots":{"index":"index","follow":"follow","max-snippet":"max-snippet:-1","max-image-preview":"max-image-preview:large","max-video-preview":"max-video-preview:-1"},"canonical":"https:\/\/spriv.vojvodina.gov.rs\/rs\/potpredsednik-ivan-dokovic-predsedavao-sednicom-saveta-za-zaposljavanje\/","og_locale":"sr_RS","og_type":"article","og_title":"Potpredsednik Ivan \u0110okovi\u0107 predsedavao sednicom Saveta za zapo\u0161ljavanje - \u041f\u043e\u043a\u0440\u0430\u0458\u0438\u043d\u0441\u043a\u0438 \u0441\u0435\u043a\u0440\u0435\u0442\u0430\u0440\u0438\u0458\u0430\u0442 \u0437\u0430 \u043f\u0440\u0438\u0432\u0440\u0435\u0434\u0443 \u0438 \u0442\u0443\u0440\u0438\u0437\u0430\u043c","og_description":"Novi Sad, 3. mart 2017. - Potpredsednik Pokrajinske vlade i pokrajinski sekretar za privredu i turizam Ivan \u0110okovi\u0107, predsedavao je sednicom Saveta za zapo\u0161ljavanje, osnovanom pri Pokrajinskom sekretarijatu za privredu i turizam, \u010diji \u010dlanovi aktivno u\u010destvuju u sprovo\u0111enju ciljeva postavljenih strate\u0161kim dokumentom \u2013 Pokrajinskim akcionim planom, a na osnovu strate\u0161kih opredeljenja i definisanih prioriteta politike zapo\u0161ljavanja u teku\u0107oj godini u AP Vojvodini.","og_url":"https:\/\/spriv.vojvodina.gov.rs\/rs\/potpredsednik-ivan-dokovic-predsedavao-sednicom-saveta-za-zaposljavanje\/","og_site_name":"\u041f\u043e\u043a\u0440\u0430\u0458\u0438\u043d\u0441\u043a\u0438 \u0441\u0435\u043a\u0440\u0435\u0442\u0430\u0440\u0438\u0458\u0430\u0442 \u0437\u0430 \u043f\u0440\u0438\u0432\u0440\u0435\u0434\u0443 \u0438 \u0442\u0443\u0440\u0438\u0437\u0430\u043c","article_published_time":"2017-03-03T17:15:18+00:00","og_image":[{"width":150,"height":100,"url":"https:\/\/spriv.vojvodina.gov.rs\/wp-content\/uploads\/2017\/03\/papz-mala.JPG","type":"image\/jpeg"}],"author":"Sonja Babi\u0107","twitter_card":"summary_large_image","twitter_misc":{"\u041d\u0430\u043f\u0438\u0441\u0430\u043d\u043e \u043e\u0434":"Sonja Babi\u0107","\u041f\u0440\u043e\u0446\u0435\u045a\u0435\u043d\u043e \u0432\u0440\u0435\u043c\u0435 \u0447\u0438\u0442\u0430\u045a\u0430":"2 \u043c\u0438\u043d\u0443\u0442\u0430"},"schema":{"@context":"https:\/\/schema.org","@graph":[{"@type":"Article","@id":"https:\/\/spriv.vojvodina.gov.rs\/rs\/potpredsednik-ivan-dokovic-predsedavao-sednicom-saveta-za-zaposljavanje\/#article","isPartOf":{"@id":"https:\/\/spriv.vojvodina.gov.rs\/rs\/potpredsednik-ivan-dokovic-predsedavao-sednicom-saveta-za-zaposljavanje\/"},"author":{"name":"Sonja Babi\u0107","@id":"https:\/\/spriv.vojvodina.gov.rs\/#\/schema\/person\/749ef4f57fbb458f1c759e7a4fa78485"},"headline":"Potpredsednik Ivan \u0110okovi\u0107 predsedavao sednicom Saveta za zapo\u0161ljavanje","datePublished":"2017-03-03T17:15:18+00:00","mainEntityOfPage":{"@id":"https:\/\/spriv.vojvodina.gov.rs\/rs\/potpredsednik-ivan-dokovic-predsedavao-sednicom-saveta-za-zaposljavanje\/"},"wordCount":405,"image":{"@id":"https:\/\/spriv.vojvodina.gov.rs\/rs\/potpredsednik-ivan-dokovic-predsedavao-sednicom-saveta-za-zaposljavanje\/#primaryimage"},"thumbnailUrl":"https:\/\/spriv.vojvodina.gov.rs\/wp-content\/uploads\/2017\/03\/papz-mala.JPG","articleSection":["Vesti Latinica"],"inLanguage":"sr-RS"},{"@type":"WebPage","@id":"https:\/\/spriv.vojvodina.gov.rs\/rs\/potpredsednik-ivan-dokovic-predsedavao-sednicom-saveta-za-zaposljavanje\/","url":"https:\/\/spriv.vojvodina.gov.rs\/rs\/potpredsednik-ivan-dokovic-predsedavao-sednicom-saveta-za-zaposljavanje\/","name":"Potpredsednik Ivan \u0110okovi\u0107 predsedavao sednicom Saveta za zapo\u0161ljavanje - \u041f\u043e\u043a\u0440\u0430\u0458\u0438\u043d\u0441\u043a\u0438 \u0441\u0435\u043a\u0440\u0435\u0442\u0430\u0440\u0438\u0458\u0430\u0442 \u0437\u0430 \u043f\u0440\u0438\u0432\u0440\u0435\u0434\u0443 \u0438 \u0442\u0443\u0440\u0438\u0437\u0430\u043c","isPartOf":{"@id":"https:\/\/spriv.vojvodina.gov.rs\/#website"},"primaryImageOfPage":{"@id":"https:\/\/spriv.vojvodina.gov.rs\/rs\/potpredsednik-ivan-dokovic-predsedavao-sednicom-saveta-za-zaposljavanje\/#primaryimage"},"image":{"@id":"https:\/\/spriv.vojvodina.gov.rs\/rs\/potpredsednik-ivan-dokovic-predsedavao-sednicom-saveta-za-zaposljavanje\/#primaryimage"},"thumbnailUrl":"https:\/\/spriv.vojvodina.gov.rs\/wp-content\/uploads\/2017\/03\/papz-mala.JPG","datePublished":"2017-03-03T17:15:18+00:00","author":{"@id":"https:\/\/spriv.vojvodina.gov.rs\/#\/schema\/person\/749ef4f57fbb458f1c759e7a4fa78485"},"breadcrumb":{"@id":"https:\/\/spriv.vojvodina.gov.rs\/rs\/potpredsednik-ivan-dokovic-predsedavao-sednicom-saveta-za-zaposljavanje\/#breadcrumb"},"inLanguage":"sr-RS","potentialAction":[{"@type":"ReadAction","target":["https:\/\/spriv.vojvodina.gov.rs\/rs\/potpredsednik-ivan-dokovic-predsedavao-sednicom-saveta-za-zaposljavanje\/"]}]},{"@type":"ImageObject","inLanguage":"sr-RS","@id":"https:\/\/spriv.vojvodina.gov.rs\/rs\/potpredsednik-ivan-dokovic-predsedavao-sednicom-saveta-za-zaposljavanje\/#primaryimage","url":"https:\/\/spriv.vojvodina.gov.rs\/wp-content\/uploads\/2017\/03\/papz-mala.JPG","contentUrl":"https:\/\/spriv.vojvodina.gov.rs\/wp-content\/uploads\/2017\/03\/papz-mala.JPG","width":150,"height":100},{"@type":"BreadcrumbList","@id":"https:\/\/spriv.vojvodina.gov.rs\/rs\/potpredsednik-ivan-dokovic-predsedavao-sednicom-saveta-za-zaposljavanje\/#breadcrumb","itemListElement":[{"@type":"ListItem","position":1,"name":"Home","item":"https:\/\/spriv.vojvodina.gov.rs\/"},{"@type":"ListItem","position":2,"name":"Potpredsednik Ivan \u0110okovi\u0107 predsedavao sednicom Saveta za zapo\u0161ljavanje"}]},{"@type":"WebSite","@id":"https:\/\/spriv.vojvodina.gov.rs\/#website","url":"https:\/\/spriv.vojvodina.gov.rs\/","name":"\u041f\u043e\u043a\u0440\u0430\u0458\u0438\u043d\u0441\u043a\u0438 \u0441\u0435\u043a\u0440\u0435\u0442\u0430\u0440\u0438\u0458\u0430\u0442 \u0437\u0430 \u043f\u0440\u0438\u0432\u0440\u0435\u0434\u0443 \u0438 \u0442\u0443\u0440\u0438\u0437\u0430\u043c","description":"\u041f\u043e\u043a\u0440\u0430\u0458\u0438\u043d\u0441\u043a\u0438 \u0441\u0435\u043a\u0440\u0435\u0442\u0430\u0440\u0438\u0458\u0430\u0442 \u0437\u0430 \u043f\u0440\u0438\u0432\u0440\u0435\u0434\u0443 \u0438 \u0442\u0443\u0440\u0438\u0437\u0430\u043c","potentialAction":[{"@type":"SearchAction","target":{"@type":"EntryPoint","urlTemplate":"https:\/\/spriv.vojvodina.gov.rs\/?s={search_term_string}"},"query-input":{"@type":"PropertyValueSpecification","valueRequired":true,"valueName":"search_term_string"}}],"inLanguage":"sr-RS"},{"@type":"Person","@id":"https:\/\/spriv.vojvodina.gov.rs\/#\/schema\/person\/749ef4f57fbb458f1c759e7a4fa78485","name":"Sonja Babi\u0107","image":{"@type":"ImageObject","inLanguage":"sr-RS","@id":"https:\/\/secure.gravatar.com\/avatar\/00a1d182a20a59067af1e7b1c31cbcc3be1a456ee4b27746580e120c2582e5bd?s=96&d=mm&r=g","url":"https:\/\/secure.gravatar.com\/avatar\/00a1d182a20a59067af1e7b1c31cbcc3be1a456ee4b27746580e120c2582e5bd?s=96&d=mm&r=g","contentUrl":"https:\/\/secure.gravatar.com\/avatar\/00a1d182a20a59067af1e7b1c31cbcc3be1a456ee4b27746580e120c2582e5bd?s=96&d=mm&r=g","caption":"Sonja Babi\u0107"},"url":"https:\/\/spriv.vojvodina.gov.rs\/rs\/author\/sonja-babic\/"}]}},"_links":{"self":[{"href":"https:\/\/spriv.vojvodina.gov.rs\/rs\/wp-json\/wp\/v2\/posts\/2357","targetHints":{"allow":["GET"]}}],"collection":[{"href":"https:\/\/spriv.vojvodina.gov.rs\/rs\/wp-json\/wp\/v2\/posts"}],"about":[{"href":"https:\/\/spriv.vojvodina.gov.rs\/rs\/wp-json\/wp\/v2\/types\/post"}],"author":[{"embeddable":true,"href":"https:\/\/spriv.vojvodina.gov.rs\/rs\/wp-json\/wp\/v2\/users\/3"}],"replies":[{"embeddable":true,"href":"https:\/\/spriv.vojvodina.gov.rs\/rs\/wp-json\/wp\/v2\/comments?post=2357"}],"version-history":[{"count":0,"href":"https:\/\/spriv.vojvodina.gov.rs\/rs\/wp-json\/wp\/v2\/posts\/2357\/revisions"}],"wp:featuredmedia":[{"embeddable":true,"href":"https:\/\/spriv.vojvodina.gov.rs\/rs\/wp-json\/wp\/v2\/media\/2349"}],"wp:attachment":[{"href":"https:\/\/spriv.vojvodina.gov.rs\/rs\/wp-json\/wp\/v2\/media?parent=2357"}],"wp:term":[{"taxonomy":"category","embeddable":true,"href":"https:\/\/spriv.vojvodina.gov.rs\/rs\/wp-json\/wp\/v2\/categories?post=2357"},{"taxonomy":"post_tag","embeddable":true,"href":"https:\/\/spriv.vojvodina.gov.rs\/rs\/wp-json\/wp\/v2\/tags?post=2357"}],"curies":[{"name":"wp","href":"https:\/\/api.w.org\/{rel}","templated":true}]}}