{"id":2238,"date":"2017-01-12T14:49:03","date_gmt":"2017-01-12T14:49:03","guid":{"rendered":"http:\/\/spriv.vojvodina.gov.rs\/2017\/01\/12\/potpredsednik-ivan-dokovic-u-poseti-opstini-senta-potrebno-je-vise-ulagati-u-infrastrukturne-projekte-lokalnih-samouprava\/"},"modified":"2017-01-12T14:49:03","modified_gmt":"2017-01-12T14:49:03","slug":"potpredsednik-ivan-dokovic-u-poseti-opstini-senta-potrebno-je-vise-ulagati-u-infrastrukturne-projekte-lokalnih-samouprava","status":"publish","type":"post","link":"https:\/\/spriv.vojvodina.gov.rs\/rs\/potpredsednik-ivan-dokovic-u-poseti-opstini-senta-potrebno-je-vise-ulagati-u-infrastrukturne-projekte-lokalnih-samouprava\/","title":{"rendered":"Potpredsednik Ivan \u0110okovi\u0107 u poseti op\u0161tini Senta: Potrebno je vi\u0161e ulagati u infrastrukturne projekte lokalnih samouprava"},"content":{"rendered":"<p style=\"text-align: center;\">\u00a0<img loading=\"lazy\" decoding=\"async\" class=\" size-full wp-image-2231\" src=\"http:\/\/spriv.vojvodina.gov.rs\/wp-content\/uploads\/2017\/01\/senta_poseta_jan2017-1.JPG\" border=\"0\" alt=\"\" width=\"600\" height=\"422\" srcset=\"https:\/\/spriv.vojvodina.gov.rs\/wp-content\/uploads\/2017\/01\/senta_poseta_jan2017-1.JPG 600w, https:\/\/spriv.vojvodina.gov.rs\/wp-content\/uploads\/2017\/01\/senta_poseta_jan2017-1-300x211.jpg 300w, https:\/\/spriv.vojvodina.gov.rs\/wp-content\/uploads\/2017\/01\/senta_poseta_jan2017-1-120x85.jpg 120w\" sizes=\"auto, (max-width: 600px) 100vw, 600px\" \/><\/p>\n<div id=\"citaj\" class=\"tekst\" style=\"text-align: justify;\">\n<p>U okviru dana\u0161nje posete op\u0161tini Senta, potpredsednik Pokrajinske vlade i pokrajinski sekretar za privredu i turizam, Ivan \u0110okovi\u0107, razgovarao je sa predsednikom Op\u0161tine, Rudolfom Cegledijem, o infrastrukturnim projektima, planovima i programima te lokalne samouprave u 2017, kao i o podsticajnim merama i mogu\u0107nostima za unapre\u0111enje saradnje u predstoje\u0107em periodu.<\/p>\n<p style=\"text-align: center;\"><img loading=\"lazy\" decoding=\"async\" class=\" size-full wp-image-2232\" src=\"http:\/\/spriv.vojvodina.gov.rs\/wp-content\/uploads\/2017\/01\/senta_poseta_jan2017-2.JPG\" border=\"0\" alt=\"\" width=\"600\" height=\"417\" srcset=\"https:\/\/spriv.vojvodina.gov.rs\/wp-content\/uploads\/2017\/01\/senta_poseta_jan2017-2.JPG 600w, https:\/\/spriv.vojvodina.gov.rs\/wp-content\/uploads\/2017\/01\/senta_poseta_jan2017-2-300x209.jpg 300w\" sizes=\"auto, (max-width: 600px) 100vw, 600px\" \/><\/p>\n<p>Potpredsednik \u0110okovi\u0107 je nakon sastanka izjavio da Pokrajinski sekretarijat za privredu i turizam \u017eeli da se aktivno upozna sa potencijalima i mogu\u0107nostima op\u0161tine Senta u domenu privrede i turizma, kako bi, ve\u0107 ove godine, u okviru konkursa i podsticajnih mera, mogli da se implementiraju neki od projekata koji su dovedeni u stepen izvesnosti u toj op\u0161tini.<\/p>\n<p>,,Posebno je zna\u010dajno da podr\u017eimo poslovni inkubator u Senti, da se on upotpuni, odnosno da privredni subjekti, koji \u0107e se tu za\u010deti, podignu svoje poslovanje na novo samoodr\u017eivosti i operativne samodovoljnosti. S druge strane, znamo da veliki giganti u op\u0161tini Senta ostvaruju zna\u010dajne prihode u izvoznom i proizvodnom smislu, te stoga \u017eelimo da, kroz komunikaciju sa njima, na\u0111eno na\u010din da u kooperativnom lancu uve\u017eemo neke doma\u0107e firme, i da tako ostvarimo dodatni benefit za proizvo\u0111a\u010de&#8220;, kazao je Ivan \u0110okovi\u0107.<\/p>\n<p style=\"text-align: center;\"><img loading=\"lazy\" decoding=\"async\" class=\" size-full wp-image-2233\" src=\"http:\/\/spriv.vojvodina.gov.rs\/wp-content\/uploads\/2017\/01\/senta_poseta_jan2017-4.JPG\" border=\"0\" alt=\"\" width=\"600\" height=\"400\" srcset=\"https:\/\/spriv.vojvodina.gov.rs\/wp-content\/uploads\/2017\/01\/senta_poseta_jan2017-4.JPG 600w, https:\/\/spriv.vojvodina.gov.rs\/wp-content\/uploads\/2017\/01\/senta_poseta_jan2017-4-300x200.jpg 300w\" sizes=\"auto, (max-width: 600px) 100vw, 600px\" \/><\/p>\n<p>On je naglasio da je za op\u0161tinu Senta naro\u010dito bitno da se \u0161to pre re\u0161e imovinsko-pravni odnosi u okviru industrijske zone. To \u0107e, kako je naveo, omogu\u0107iti da se privuku novi investitori, i da im se uputi poruka da se ovde isplati ulagati i da \u0107e njihov kapital biti pravno siguran.<\/p>\n<p>Na sastanku sa rukovodstvom op\u0161tine Senta, potpredsednik \u0110okovi\u0107 je upoznat i sa mogu\u0107nostima za aktivno u\u010destvovanje u izgradnji turisti\u010dke infrastrukture, ali i organizaciji turisti\u010dkih i kulturno-istorijskih manifestacija, kao \u0161to je proslava 320. godi\u0161njice Sen\u0107anske bitke.<\/p>\n<p style=\"text-align: center;\"><img loading=\"lazy\" decoding=\"async\" class=\" size-full wp-image-2234\" src=\"http:\/\/spriv.vojvodina.gov.rs\/wp-content\/uploads\/2017\/01\/senta_poseta_jan2017-3.JPG\" border=\"0\" alt=\"\" width=\"600\" height=\"400\" srcset=\"https:\/\/spriv.vojvodina.gov.rs\/wp-content\/uploads\/2017\/01\/senta_poseta_jan2017-3.JPG 600w, https:\/\/spriv.vojvodina.gov.rs\/wp-content\/uploads\/2017\/01\/senta_poseta_jan2017-3-300x200.jpg 300w\" sizes=\"auto, (max-width: 600px) 100vw, 600px\" \/><\/p>\n<p>,,Ovo je samo jedan od prvih u nizu sastanaka, i mislim da \u0107emo kako na zadovoljstvo nas iz pokrajinske administracije, tako i lokalne administracije, uspeti da izvu\u010demo neki novi kvalitet za gra\u0111ane i privredu u op\u0161tini Senta&#8220;, istakao je \u0110okovi\u0107.<\/p>\n<p>U proteklih nekoliko godina, op\u0161tina Senta je realizovala nekoliko zna\u010dajnih projekata sredstvima Sekretarijata i to iz oblasti turizma, preduzetni\u0161tva i zapo\u0161ljavanja, pri \u010demu su zna\u010dajna sredstva ulo\u017eena upravo u unapre\u0111enje mikro i malog preduzetni\u0161tva, aktivnu politiku zapo\u0161ljavanja i odre\u0111ene turisti\u010dke lokalitete i manifestacije zna\u010dajne za Sentu. U pogledu saobra\u0107ajne infrastrukture, sredstvima Sekretarijata, Senta je realizovala sve tri faze projekta izgradnje biciklisti\u010dke staze na Tornjo\u0161kom putu.<\/p>\n<p style=\"text-align: center;\"><img loading=\"lazy\" decoding=\"async\" class=\" size-full wp-image-2235\" src=\"http:\/\/spriv.vojvodina.gov.rs\/wp-content\/uploads\/2017\/01\/senta_poseta_jan2017-5.JPG\" border=\"0\" alt=\"\" width=\"600\" height=\"400\" srcset=\"https:\/\/spriv.vojvodina.gov.rs\/wp-content\/uploads\/2017\/01\/senta_poseta_jan2017-5.JPG 600w, https:\/\/spriv.vojvodina.gov.rs\/wp-content\/uploads\/2017\/01\/senta_poseta_jan2017-5-300x200.jpg 300w\" sizes=\"auto, (max-width: 600px) 100vw, 600px\" \/><\/p>\n<p>\u0110okovi\u0107 i Cegledi su obi\u0161li nekoliko turisti\u010dkih lokaliteta i objekata od zna\u010daja za stanovnike i preduzetnike te banatske op\u0161tine, ali i za turiste, a izvr\u0161en je i uvid u realizovane projekte koje je sprovodila Senta namenskim utro\u0161kom podsticajnih sredstava Pokrajinskog sekretarijata za privredu i turizam.<\/p>\n<p style=\"text-align: center;\"><img loading=\"lazy\" decoding=\"async\" class=\" size-full wp-image-2236\" src=\"http:\/\/spriv.vojvodina.gov.rs\/wp-content\/uploads\/2017\/01\/senta_poseta_jan2017-6.JPG\" border=\"0\" alt=\"\" width=\"600\" height=\"415\" srcset=\"https:\/\/spriv.vojvodina.gov.rs\/wp-content\/uploads\/2017\/01\/senta_poseta_jan2017-6.JPG 600w, https:\/\/spriv.vojvodina.gov.rs\/wp-content\/uploads\/2017\/01\/senta_poseta_jan2017-6-300x208.jpg 300w\" sizes=\"auto, (max-width: 600px) 100vw, 600px\" \/><\/p>\n<\/div>\n","protected":false},"excerpt":{"rendered":"Senta, 12. januar 2017. &#8211; U okviru dana\u0161nje posete op\u0161tini Senta, potpredsednik Pokrajinske vlade i pokrajinski sekretar za privredu i turizam, Ivan \u0110okovi\u0107, razgovarao je sa predsednikom Op\u0161tine, Rudolfom Cegledijem, o infrastrukturnim projektima, planovima i programima te lokalne samouprave u 2017, kao i o podsticajnim merama i mogu\u0107nostima za unapre\u0111enje saradnje u predstoje\u0107em periodu. Potpredsednik \u0110okovi\u0107 je nakon sastanka izjavio da Pokrajinski sekretarijat za privredu i turizam \u017eeli da se aktivno upozna sa potencijalima i mogu\u0107nostima op\u0161tine Senta u domenu privrede i turizma, kako bi, ve\u0107 ove godine, u okviru konkursa i podsticajnih mera, mogli da se implementiraju neki od projekata koji su dovedeni u stepen izvesnosti u toj op\u0161tini.\n<a class=\"moretag\" href=\"https:\/\/spriv.vojvodina.gov.rs\/rs\/potpredsednik-ivan-dokovic-u-poseti-opstini-senta-potrebno-je-vise-ulagati-u-infrastrukturne-projekte-lokalnih-samouprava\/\"> [...]<\/a>","protected":false},"author":3,"featured_media":2230,"comment_status":"closed","ping_status":"closed","sticky":false,"template":"","format":"standard","meta":{"footnotes":""},"categories":[31],"tags":[],"class_list":["post-2238","post","type-post","status-publish","format-standard","has-post-thumbnail","hentry","category-vesti-latinica1"],"yoast_head":"<!-- This site is optimized with the Yoast SEO plugin v27.5 - https:\/\/yoast.com\/product\/yoast-seo-wordpress\/ -->\n<title>Potpredsednik Ivan \u0110okovi\u0107 u poseti op\u0161tini Senta: Potrebno je vi\u0161e ulagati u infrastrukturne projekte lokalnih samouprava - \u041f\u043e\u043a\u0440\u0430\u0458\u0438\u043d\u0441\u043a\u0438 \u0441\u0435\u043a\u0440\u0435\u0442\u0430\u0440\u0438\u0458\u0430\u0442 \u0437\u0430 \u043f\u0440\u0438\u0432\u0440\u0435\u0434\u0443 \u0438 \u0442\u0443\u0440\u0438\u0437\u0430\u043c<\/title>\n<meta name=\"robots\" content=\"index, follow, max-snippet:-1, max-image-preview:large, max-video-preview:-1\" \/>\n<link rel=\"canonical\" href=\"https:\/\/spriv.vojvodina.gov.rs\/rs\/potpredsednik-ivan-dokovic-u-poseti-opstini-senta-potrebno-je-vise-ulagati-u-infrastrukturne-projekte-lokalnih-samouprava\/\" \/>\n<meta property=\"og:locale\" content=\"sr_RS\" \/>\n<meta property=\"og:type\" content=\"article\" \/>\n<meta property=\"og:title\" content=\"Potpredsednik Ivan \u0110okovi\u0107 u poseti op\u0161tini Senta: Potrebno je vi\u0161e ulagati u infrastrukturne projekte lokalnih samouprava - \u041f\u043e\u043a\u0440\u0430\u0458\u0438\u043d\u0441\u043a\u0438 \u0441\u0435\u043a\u0440\u0435\u0442\u0430\u0440\u0438\u0458\u0430\u0442 \u0437\u0430 \u043f\u0440\u0438\u0432\u0440\u0435\u0434\u0443 \u0438 \u0442\u0443\u0440\u0438\u0437\u0430\u043c\" \/>\n<meta property=\"og:description\" content=\"Senta, 12. januar 2017. - U okviru dana\u0161nje posete op\u0161tini Senta, potpredsednik Pokrajinske vlade i pokrajinski sekretar za privredu i turizam, Ivan \u0110okovi\u0107, razgovarao je sa predsednikom Op\u0161tine, Rudolfom Cegledijem, o infrastrukturnim projektima, planovima i programima te lokalne samouprave u 2017, kao i o podsticajnim merama i mogu\u0107nostima za unapre\u0111enje saradnje u predstoje\u0107em periodu. Potpredsednik \u0110okovi\u0107 je nakon sastanka izjavio da Pokrajinski sekretarijat za privredu i turizam \u017eeli da se aktivno upozna sa potencijalima i mogu\u0107nostima op\u0161tine Senta u domenu privrede i turizma, kako bi, ve\u0107 ove godine, u okviru konkursa i podsticajnih mera, mogli da se implementiraju neki od projekata koji su dovedeni u stepen izvesnosti u toj op\u0161tini.\" \/>\n<meta property=\"og:url\" content=\"https:\/\/spriv.vojvodina.gov.rs\/rs\/potpredsednik-ivan-dokovic-u-poseti-opstini-senta-potrebno-je-vise-ulagati-u-infrastrukturne-projekte-lokalnih-samouprava\/\" \/>\n<meta property=\"og:site_name\" content=\"\u041f\u043e\u043a\u0440\u0430\u0458\u0438\u043d\u0441\u043a\u0438 \u0441\u0435\u043a\u0440\u0435\u0442\u0430\u0440\u0438\u0458\u0430\u0442 \u0437\u0430 \u043f\u0440\u0438\u0432\u0440\u0435\u0434\u0443 \u0438 \u0442\u0443\u0440\u0438\u0437\u0430\u043c\" \/>\n<meta property=\"article:published_time\" content=\"2017-01-12T14:49:03+00:00\" \/>\n<meta property=\"og:image\" content=\"https:\/\/spriv.vojvodina.gov.rs\/wp-content\/uploads\/2017\/01\/senta_poseta_jan2017-mala.JPG\" \/>\n\t<meta property=\"og:image:width\" content=\"150\" \/>\n\t<meta property=\"og:image:height\" content=\"100\" \/>\n\t<meta property=\"og:image:type\" content=\"image\/jpeg\" \/>\n<meta name=\"author\" content=\"Sonja Babi\u0107\" \/>\n<meta name=\"twitter:card\" content=\"summary_large_image\" \/>\n<meta name=\"twitter:label1\" content=\"\u041d\u0430\u043f\u0438\u0441\u0430\u043d\u043e \u043e\u0434\" \/>\n\t<meta name=\"twitter:data1\" content=\"Sonja Babi\u0107\" \/>\n\t<meta name=\"twitter:label2\" content=\"\u041f\u0440\u043e\u0446\u0435\u045a\u0435\u043d\u043e \u0432\u0440\u0435\u043c\u0435 \u0447\u0438\u0442\u0430\u045a\u0430\" \/>\n\t<meta name=\"twitter:data2\" content=\"2 \u043c\u0438\u043d\u0443\u0442\u0430\" \/>\n<script type=\"application\/ld+json\" class=\"yoast-schema-graph\">{\"@context\":\"https:\\\/\\\/schema.org\",\"@graph\":[{\"@type\":\"Article\",\"@id\":\"https:\\\/\\\/spriv.vojvodina.gov.rs\\\/rs\\\/potpredsednik-ivan-dokovic-u-poseti-opstini-senta-potrebno-je-vise-ulagati-u-infrastrukturne-projekte-lokalnih-samouprava\\\/#article\",\"isPartOf\":{\"@id\":\"https:\\\/\\\/spriv.vojvodina.gov.rs\\\/rs\\\/potpredsednik-ivan-dokovic-u-poseti-opstini-senta-potrebno-je-vise-ulagati-u-infrastrukturne-projekte-lokalnih-samouprava\\\/\"},\"author\":{\"name\":\"Sonja Babi\u0107\",\"@id\":\"https:\\\/\\\/spriv.vojvodina.gov.rs\\\/#\\\/schema\\\/person\\\/749ef4f57fbb458f1c759e7a4fa78485\"},\"headline\":\"Potpredsednik Ivan \u0110okovi\u0107 u poseti op\u0161tini Senta: Potrebno je vi\u0161e ulagati u infrastrukturne projekte lokalnih samouprava\",\"datePublished\":\"2017-01-12T14:49:03+00:00\",\"mainEntityOfPage\":{\"@id\":\"https:\\\/\\\/spriv.vojvodina.gov.rs\\\/rs\\\/potpredsednik-ivan-dokovic-u-poseti-opstini-senta-potrebno-je-vise-ulagati-u-infrastrukturne-projekte-lokalnih-samouprava\\\/\"},\"wordCount\":492,\"image\":{\"@id\":\"https:\\\/\\\/spriv.vojvodina.gov.rs\\\/rs\\\/potpredsednik-ivan-dokovic-u-poseti-opstini-senta-potrebno-je-vise-ulagati-u-infrastrukturne-projekte-lokalnih-samouprava\\\/#primaryimage\"},\"thumbnailUrl\":\"https:\\\/\\\/spriv.vojvodina.gov.rs\\\/wp-content\\\/uploads\\\/2017\\\/01\\\/senta_poseta_jan2017-mala.JPG\",\"articleSection\":[\"Vesti Latinica\"],\"inLanguage\":\"sr-RS\"},{\"@type\":\"WebPage\",\"@id\":\"https:\\\/\\\/spriv.vojvodina.gov.rs\\\/rs\\\/potpredsednik-ivan-dokovic-u-poseti-opstini-senta-potrebno-je-vise-ulagati-u-infrastrukturne-projekte-lokalnih-samouprava\\\/\",\"url\":\"https:\\\/\\\/spriv.vojvodina.gov.rs\\\/rs\\\/potpredsednik-ivan-dokovic-u-poseti-opstini-senta-potrebno-je-vise-ulagati-u-infrastrukturne-projekte-lokalnih-samouprava\\\/\",\"name\":\"Potpredsednik Ivan \u0110okovi\u0107 u poseti op\u0161tini Senta: Potrebno je vi\u0161e ulagati u infrastrukturne projekte lokalnih samouprava - \u041f\u043e\u043a\u0440\u0430\u0458\u0438\u043d\u0441\u043a\u0438 \u0441\u0435\u043a\u0440\u0435\u0442\u0430\u0440\u0438\u0458\u0430\u0442 \u0437\u0430 \u043f\u0440\u0438\u0432\u0440\u0435\u0434\u0443 \u0438 \u0442\u0443\u0440\u0438\u0437\u0430\u043c\",\"isPartOf\":{\"@id\":\"https:\\\/\\\/spriv.vojvodina.gov.rs\\\/#website\"},\"primaryImageOfPage\":{\"@id\":\"https:\\\/\\\/spriv.vojvodina.gov.rs\\\/rs\\\/potpredsednik-ivan-dokovic-u-poseti-opstini-senta-potrebno-je-vise-ulagati-u-infrastrukturne-projekte-lokalnih-samouprava\\\/#primaryimage\"},\"image\":{\"@id\":\"https:\\\/\\\/spriv.vojvodina.gov.rs\\\/rs\\\/potpredsednik-ivan-dokovic-u-poseti-opstini-senta-potrebno-je-vise-ulagati-u-infrastrukturne-projekte-lokalnih-samouprava\\\/#primaryimage\"},\"thumbnailUrl\":\"https:\\\/\\\/spriv.vojvodina.gov.rs\\\/wp-content\\\/uploads\\\/2017\\\/01\\\/senta_poseta_jan2017-mala.JPG\",\"datePublished\":\"2017-01-12T14:49:03+00:00\",\"author\":{\"@id\":\"https:\\\/\\\/spriv.vojvodina.gov.rs\\\/#\\\/schema\\\/person\\\/749ef4f57fbb458f1c759e7a4fa78485\"},\"breadcrumb\":{\"@id\":\"https:\\\/\\\/spriv.vojvodina.gov.rs\\\/rs\\\/potpredsednik-ivan-dokovic-u-poseti-opstini-senta-potrebno-je-vise-ulagati-u-infrastrukturne-projekte-lokalnih-samouprava\\\/#breadcrumb\"},\"inLanguage\":\"sr-RS\",\"potentialAction\":[{\"@type\":\"ReadAction\",\"target\":[\"https:\\\/\\\/spriv.vojvodina.gov.rs\\\/rs\\\/potpredsednik-ivan-dokovic-u-poseti-opstini-senta-potrebno-je-vise-ulagati-u-infrastrukturne-projekte-lokalnih-samouprava\\\/\"]}]},{\"@type\":\"ImageObject\",\"inLanguage\":\"sr-RS\",\"@id\":\"https:\\\/\\\/spriv.vojvodina.gov.rs\\\/rs\\\/potpredsednik-ivan-dokovic-u-poseti-opstini-senta-potrebno-je-vise-ulagati-u-infrastrukturne-projekte-lokalnih-samouprava\\\/#primaryimage\",\"url\":\"https:\\\/\\\/spriv.vojvodina.gov.rs\\\/wp-content\\\/uploads\\\/2017\\\/01\\\/senta_poseta_jan2017-mala.JPG\",\"contentUrl\":\"https:\\\/\\\/spriv.vojvodina.gov.rs\\\/wp-content\\\/uploads\\\/2017\\\/01\\\/senta_poseta_jan2017-mala.JPG\",\"width\":150,\"height\":100},{\"@type\":\"BreadcrumbList\",\"@id\":\"https:\\\/\\\/spriv.vojvodina.gov.rs\\\/rs\\\/potpredsednik-ivan-dokovic-u-poseti-opstini-senta-potrebno-je-vise-ulagati-u-infrastrukturne-projekte-lokalnih-samouprava\\\/#breadcrumb\",\"itemListElement\":[{\"@type\":\"ListItem\",\"position\":1,\"name\":\"Home\",\"item\":\"https:\\\/\\\/spriv.vojvodina.gov.rs\\\/\"},{\"@type\":\"ListItem\",\"position\":2,\"name\":\"Potpredsednik Ivan \u0110okovi\u0107 u poseti op\u0161tini Senta: Potrebno je vi\u0161e ulagati u infrastrukturne projekte lokalnih samouprava\"}]},{\"@type\":\"WebSite\",\"@id\":\"https:\\\/\\\/spriv.vojvodina.gov.rs\\\/#website\",\"url\":\"https:\\\/\\\/spriv.vojvodina.gov.rs\\\/\",\"name\":\"\u041f\u043e\u043a\u0440\u0430\u0458\u0438\u043d\u0441\u043a\u0438 \u0441\u0435\u043a\u0440\u0435\u0442\u0430\u0440\u0438\u0458\u0430\u0442 \u0437\u0430 \u043f\u0440\u0438\u0432\u0440\u0435\u0434\u0443 \u0438 \u0442\u0443\u0440\u0438\u0437\u0430\u043c\",\"description\":\"\u041f\u043e\u043a\u0440\u0430\u0458\u0438\u043d\u0441\u043a\u0438 \u0441\u0435\u043a\u0440\u0435\u0442\u0430\u0440\u0438\u0458\u0430\u0442 \u0437\u0430 \u043f\u0440\u0438\u0432\u0440\u0435\u0434\u0443 \u0438 \u0442\u0443\u0440\u0438\u0437\u0430\u043c\",\"potentialAction\":[{\"@type\":\"SearchAction\",\"target\":{\"@type\":\"EntryPoint\",\"urlTemplate\":\"https:\\\/\\\/spriv.vojvodina.gov.rs\\\/?s={search_term_string}\"},\"query-input\":{\"@type\":\"PropertyValueSpecification\",\"valueRequired\":true,\"valueName\":\"search_term_string\"}}],\"inLanguage\":\"sr-RS\"},{\"@type\":\"Person\",\"@id\":\"https:\\\/\\\/spriv.vojvodina.gov.rs\\\/#\\\/schema\\\/person\\\/749ef4f57fbb458f1c759e7a4fa78485\",\"name\":\"Sonja Babi\u0107\",\"image\":{\"@type\":\"ImageObject\",\"inLanguage\":\"sr-RS\",\"@id\":\"https:\\\/\\\/secure.gravatar.com\\\/avatar\\\/00a1d182a20a59067af1e7b1c31cbcc3be1a456ee4b27746580e120c2582e5bd?s=96&d=mm&r=g\",\"url\":\"https:\\\/\\\/secure.gravatar.com\\\/avatar\\\/00a1d182a20a59067af1e7b1c31cbcc3be1a456ee4b27746580e120c2582e5bd?s=96&d=mm&r=g\",\"contentUrl\":\"https:\\\/\\\/secure.gravatar.com\\\/avatar\\\/00a1d182a20a59067af1e7b1c31cbcc3be1a456ee4b27746580e120c2582e5bd?s=96&d=mm&r=g\",\"caption\":\"Sonja Babi\u0107\"},\"url\":\"https:\\\/\\\/spriv.vojvodina.gov.rs\\\/rs\\\/author\\\/sonja-babic\\\/\"}]}<\/script>\n<!-- \/ Yoast SEO plugin. -->","yoast_head_json":{"title":"Potpredsednik Ivan \u0110okovi\u0107 u poseti op\u0161tini Senta: Potrebno je vi\u0161e ulagati u infrastrukturne projekte lokalnih samouprava - \u041f\u043e\u043a\u0440\u0430\u0458\u0438\u043d\u0441\u043a\u0438 \u0441\u0435\u043a\u0440\u0435\u0442\u0430\u0440\u0438\u0458\u0430\u0442 \u0437\u0430 \u043f\u0440\u0438\u0432\u0440\u0435\u0434\u0443 \u0438 \u0442\u0443\u0440\u0438\u0437\u0430\u043c","robots":{"index":"index","follow":"follow","max-snippet":"max-snippet:-1","max-image-preview":"max-image-preview:large","max-video-preview":"max-video-preview:-1"},"canonical":"https:\/\/spriv.vojvodina.gov.rs\/rs\/potpredsednik-ivan-dokovic-u-poseti-opstini-senta-potrebno-je-vise-ulagati-u-infrastrukturne-projekte-lokalnih-samouprava\/","og_locale":"sr_RS","og_type":"article","og_title":"Potpredsednik Ivan \u0110okovi\u0107 u poseti op\u0161tini Senta: Potrebno je vi\u0161e ulagati u infrastrukturne projekte lokalnih samouprava - \u041f\u043e\u043a\u0440\u0430\u0458\u0438\u043d\u0441\u043a\u0438 \u0441\u0435\u043a\u0440\u0435\u0442\u0430\u0440\u0438\u0458\u0430\u0442 \u0437\u0430 \u043f\u0440\u0438\u0432\u0440\u0435\u0434\u0443 \u0438 \u0442\u0443\u0440\u0438\u0437\u0430\u043c","og_description":"Senta, 12. januar 2017. - U okviru dana\u0161nje posete op\u0161tini Senta, potpredsednik Pokrajinske vlade i pokrajinski sekretar za privredu i turizam, Ivan \u0110okovi\u0107, razgovarao je sa predsednikom Op\u0161tine, Rudolfom Cegledijem, o infrastrukturnim projektima, planovima i programima te lokalne samouprave u 2017, kao i o podsticajnim merama i mogu\u0107nostima za unapre\u0111enje saradnje u predstoje\u0107em periodu. Potpredsednik \u0110okovi\u0107 je nakon sastanka izjavio da Pokrajinski sekretarijat za privredu i turizam \u017eeli da se aktivno upozna sa potencijalima i mogu\u0107nostima op\u0161tine Senta u domenu privrede i turizma, kako bi, ve\u0107 ove godine, u okviru konkursa i podsticajnih mera, mogli da se implementiraju neki od projekata koji su dovedeni u stepen izvesnosti u toj op\u0161tini.","og_url":"https:\/\/spriv.vojvodina.gov.rs\/rs\/potpredsednik-ivan-dokovic-u-poseti-opstini-senta-potrebno-je-vise-ulagati-u-infrastrukturne-projekte-lokalnih-samouprava\/","og_site_name":"\u041f\u043e\u043a\u0440\u0430\u0458\u0438\u043d\u0441\u043a\u0438 \u0441\u0435\u043a\u0440\u0435\u0442\u0430\u0440\u0438\u0458\u0430\u0442 \u0437\u0430 \u043f\u0440\u0438\u0432\u0440\u0435\u0434\u0443 \u0438 \u0442\u0443\u0440\u0438\u0437\u0430\u043c","article_published_time":"2017-01-12T14:49:03+00:00","og_image":[{"width":150,"height":100,"url":"https:\/\/spriv.vojvodina.gov.rs\/wp-content\/uploads\/2017\/01\/senta_poseta_jan2017-mala.JPG","type":"image\/jpeg"}],"author":"Sonja Babi\u0107","twitter_card":"summary_large_image","twitter_misc":{"\u041d\u0430\u043f\u0438\u0441\u0430\u043d\u043e \u043e\u0434":"Sonja Babi\u0107","\u041f\u0440\u043e\u0446\u0435\u045a\u0435\u043d\u043e \u0432\u0440\u0435\u043c\u0435 \u0447\u0438\u0442\u0430\u045a\u0430":"2 \u043c\u0438\u043d\u0443\u0442\u0430"},"schema":{"@context":"https:\/\/schema.org","@graph":[{"@type":"Article","@id":"https:\/\/spriv.vojvodina.gov.rs\/rs\/potpredsednik-ivan-dokovic-u-poseti-opstini-senta-potrebno-je-vise-ulagati-u-infrastrukturne-projekte-lokalnih-samouprava\/#article","isPartOf":{"@id":"https:\/\/spriv.vojvodina.gov.rs\/rs\/potpredsednik-ivan-dokovic-u-poseti-opstini-senta-potrebno-je-vise-ulagati-u-infrastrukturne-projekte-lokalnih-samouprava\/"},"author":{"name":"Sonja Babi\u0107","@id":"https:\/\/spriv.vojvodina.gov.rs\/#\/schema\/person\/749ef4f57fbb458f1c759e7a4fa78485"},"headline":"Potpredsednik Ivan \u0110okovi\u0107 u poseti op\u0161tini Senta: Potrebno je vi\u0161e ulagati u infrastrukturne projekte lokalnih samouprava","datePublished":"2017-01-12T14:49:03+00:00","mainEntityOfPage":{"@id":"https:\/\/spriv.vojvodina.gov.rs\/rs\/potpredsednik-ivan-dokovic-u-poseti-opstini-senta-potrebno-je-vise-ulagati-u-infrastrukturne-projekte-lokalnih-samouprava\/"},"wordCount":492,"image":{"@id":"https:\/\/spriv.vojvodina.gov.rs\/rs\/potpredsednik-ivan-dokovic-u-poseti-opstini-senta-potrebno-je-vise-ulagati-u-infrastrukturne-projekte-lokalnih-samouprava\/#primaryimage"},"thumbnailUrl":"https:\/\/spriv.vojvodina.gov.rs\/wp-content\/uploads\/2017\/01\/senta_poseta_jan2017-mala.JPG","articleSection":["Vesti Latinica"],"inLanguage":"sr-RS"},{"@type":"WebPage","@id":"https:\/\/spriv.vojvodina.gov.rs\/rs\/potpredsednik-ivan-dokovic-u-poseti-opstini-senta-potrebno-je-vise-ulagati-u-infrastrukturne-projekte-lokalnih-samouprava\/","url":"https:\/\/spriv.vojvodina.gov.rs\/rs\/potpredsednik-ivan-dokovic-u-poseti-opstini-senta-potrebno-je-vise-ulagati-u-infrastrukturne-projekte-lokalnih-samouprava\/","name":"Potpredsednik Ivan \u0110okovi\u0107 u poseti op\u0161tini Senta: Potrebno je vi\u0161e ulagati u infrastrukturne projekte lokalnih samouprava - \u041f\u043e\u043a\u0440\u0430\u0458\u0438\u043d\u0441\u043a\u0438 \u0441\u0435\u043a\u0440\u0435\u0442\u0430\u0440\u0438\u0458\u0430\u0442 \u0437\u0430 \u043f\u0440\u0438\u0432\u0440\u0435\u0434\u0443 \u0438 \u0442\u0443\u0440\u0438\u0437\u0430\u043c","isPartOf":{"@id":"https:\/\/spriv.vojvodina.gov.rs\/#website"},"primaryImageOfPage":{"@id":"https:\/\/spriv.vojvodina.gov.rs\/rs\/potpredsednik-ivan-dokovic-u-poseti-opstini-senta-potrebno-je-vise-ulagati-u-infrastrukturne-projekte-lokalnih-samouprava\/#primaryimage"},"image":{"@id":"https:\/\/spriv.vojvodina.gov.rs\/rs\/potpredsednik-ivan-dokovic-u-poseti-opstini-senta-potrebno-je-vise-ulagati-u-infrastrukturne-projekte-lokalnih-samouprava\/#primaryimage"},"thumbnailUrl":"https:\/\/spriv.vojvodina.gov.rs\/wp-content\/uploads\/2017\/01\/senta_poseta_jan2017-mala.JPG","datePublished":"2017-01-12T14:49:03+00:00","author":{"@id":"https:\/\/spriv.vojvodina.gov.rs\/#\/schema\/person\/749ef4f57fbb458f1c759e7a4fa78485"},"breadcrumb":{"@id":"https:\/\/spriv.vojvodina.gov.rs\/rs\/potpredsednik-ivan-dokovic-u-poseti-opstini-senta-potrebno-je-vise-ulagati-u-infrastrukturne-projekte-lokalnih-samouprava\/#breadcrumb"},"inLanguage":"sr-RS","potentialAction":[{"@type":"ReadAction","target":["https:\/\/spriv.vojvodina.gov.rs\/rs\/potpredsednik-ivan-dokovic-u-poseti-opstini-senta-potrebno-je-vise-ulagati-u-infrastrukturne-projekte-lokalnih-samouprava\/"]}]},{"@type":"ImageObject","inLanguage":"sr-RS","@id":"https:\/\/spriv.vojvodina.gov.rs\/rs\/potpredsednik-ivan-dokovic-u-poseti-opstini-senta-potrebno-je-vise-ulagati-u-infrastrukturne-projekte-lokalnih-samouprava\/#primaryimage","url":"https:\/\/spriv.vojvodina.gov.rs\/wp-content\/uploads\/2017\/01\/senta_poseta_jan2017-mala.JPG","contentUrl":"https:\/\/spriv.vojvodina.gov.rs\/wp-content\/uploads\/2017\/01\/senta_poseta_jan2017-mala.JPG","width":150,"height":100},{"@type":"BreadcrumbList","@id":"https:\/\/spriv.vojvodina.gov.rs\/rs\/potpredsednik-ivan-dokovic-u-poseti-opstini-senta-potrebno-je-vise-ulagati-u-infrastrukturne-projekte-lokalnih-samouprava\/#breadcrumb","itemListElement":[{"@type":"ListItem","position":1,"name":"Home","item":"https:\/\/spriv.vojvodina.gov.rs\/"},{"@type":"ListItem","position":2,"name":"Potpredsednik Ivan \u0110okovi\u0107 u poseti op\u0161tini Senta: Potrebno je vi\u0161e ulagati u infrastrukturne projekte lokalnih samouprava"}]},{"@type":"WebSite","@id":"https:\/\/spriv.vojvodina.gov.rs\/#website","url":"https:\/\/spriv.vojvodina.gov.rs\/","name":"\u041f\u043e\u043a\u0440\u0430\u0458\u0438\u043d\u0441\u043a\u0438 \u0441\u0435\u043a\u0440\u0435\u0442\u0430\u0440\u0438\u0458\u0430\u0442 \u0437\u0430 \u043f\u0440\u0438\u0432\u0440\u0435\u0434\u0443 \u0438 \u0442\u0443\u0440\u0438\u0437\u0430\u043c","description":"\u041f\u043e\u043a\u0440\u0430\u0458\u0438\u043d\u0441\u043a\u0438 \u0441\u0435\u043a\u0440\u0435\u0442\u0430\u0440\u0438\u0458\u0430\u0442 \u0437\u0430 \u043f\u0440\u0438\u0432\u0440\u0435\u0434\u0443 \u0438 \u0442\u0443\u0440\u0438\u0437\u0430\u043c","potentialAction":[{"@type":"SearchAction","target":{"@type":"EntryPoint","urlTemplate":"https:\/\/spriv.vojvodina.gov.rs\/?s={search_term_string}"},"query-input":{"@type":"PropertyValueSpecification","valueRequired":true,"valueName":"search_term_string"}}],"inLanguage":"sr-RS"},{"@type":"Person","@id":"https:\/\/spriv.vojvodina.gov.rs\/#\/schema\/person\/749ef4f57fbb458f1c759e7a4fa78485","name":"Sonja Babi\u0107","image":{"@type":"ImageObject","inLanguage":"sr-RS","@id":"https:\/\/secure.gravatar.com\/avatar\/00a1d182a20a59067af1e7b1c31cbcc3be1a456ee4b27746580e120c2582e5bd?s=96&d=mm&r=g","url":"https:\/\/secure.gravatar.com\/avatar\/00a1d182a20a59067af1e7b1c31cbcc3be1a456ee4b27746580e120c2582e5bd?s=96&d=mm&r=g","contentUrl":"https:\/\/secure.gravatar.com\/avatar\/00a1d182a20a59067af1e7b1c31cbcc3be1a456ee4b27746580e120c2582e5bd?s=96&d=mm&r=g","caption":"Sonja Babi\u0107"},"url":"https:\/\/spriv.vojvodina.gov.rs\/rs\/author\/sonja-babic\/"}]}},"_links":{"self":[{"href":"https:\/\/spriv.vojvodina.gov.rs\/rs\/wp-json\/wp\/v2\/posts\/2238","targetHints":{"allow":["GET"]}}],"collection":[{"href":"https:\/\/spriv.vojvodina.gov.rs\/rs\/wp-json\/wp\/v2\/posts"}],"about":[{"href":"https:\/\/spriv.vojvodina.gov.rs\/rs\/wp-json\/wp\/v2\/types\/post"}],"author":[{"embeddable":true,"href":"https:\/\/spriv.vojvodina.gov.rs\/rs\/wp-json\/wp\/v2\/users\/3"}],"replies":[{"embeddable":true,"href":"https:\/\/spriv.vojvodina.gov.rs\/rs\/wp-json\/wp\/v2\/comments?post=2238"}],"version-history":[{"count":0,"href":"https:\/\/spriv.vojvodina.gov.rs\/rs\/wp-json\/wp\/v2\/posts\/2238\/revisions"}],"wp:featuredmedia":[{"embeddable":true,"href":"https:\/\/spriv.vojvodina.gov.rs\/rs\/wp-json\/wp\/v2\/media\/2230"}],"wp:attachment":[{"href":"https:\/\/spriv.vojvodina.gov.rs\/rs\/wp-json\/wp\/v2\/media?parent=2238"}],"wp:term":[{"taxonomy":"category","embeddable":true,"href":"https:\/\/spriv.vojvodina.gov.rs\/rs\/wp-json\/wp\/v2\/categories?post=2238"},{"taxonomy":"post_tag","embeddable":true,"href":"https:\/\/spriv.vojvodina.gov.rs\/rs\/wp-json\/wp\/v2\/tags?post=2238"}],"curies":[{"name":"wp","href":"https:\/\/api.w.org\/{rel}","templated":true}]}}