{"id":2209,"date":"2016-12-15T19:33:33","date_gmt":"2016-12-15T19:33:33","guid":{"rendered":"http:\/\/spriv.vojvodina.gov.rs\/2016\/12\/15\/poslovni-forum-u-budimpesti-okupio-investitore-i-privrednike-iz-srbije-i-madarske\/"},"modified":"2016-12-15T19:33:33","modified_gmt":"2016-12-15T19:33:33","slug":"poslovni-forum-u-budimpesti-okupio-investitore-i-privrednike-iz-srbije-i-madarske","status":"publish","type":"post","link":"https:\/\/spriv.vojvodina.gov.rs\/rs\/poslovni-forum-u-budimpesti-okupio-investitore-i-privrednike-iz-srbije-i-madarske\/","title":{"rendered":"Poslovni forum u Budimpe\u0161ti okupio investitore i privrednike iz Srbije i Ma\u0111arske"},"content":{"rendered":"<p style=\"text-align: justify;\">\u00a0<\/p>\n<p style=\"font-size: 12.16px;\"><span style=\"font-size: 12.16px;\"><img loading=\"lazy\" decoding=\"async\" class=\" size-full wp-image-2201\" src=\"http:\/\/spriv.vojvodina.gov.rs\/wp-content\/uploads\/2016\/12\/budimforum-0.JPG\" border=\"0\" alt=\"\" style=\"display: block; margin-left: auto; margin-right: auto;\" width=\"600\" height=\"400\" srcset=\"https:\/\/spriv.vojvodina.gov.rs\/wp-content\/uploads\/2016\/12\/budimforum-0.JPG 600w, https:\/\/spriv.vojvodina.gov.rs\/wp-content\/uploads\/2016\/12\/budimforum-0-300x200.jpg 300w\" sizes=\"auto, (max-width: 600px) 100vw, 600px\" \/><\/span><\/p>\n<p style=\"text-align: center;\"><em>Prijem u Ambasadi Republike Srbije u Budimpe\u0161ti<\/em><\/p>\n<p style=\"font-size: 12.16px; text-align: justify;\"><span style=\"font-size: 12.16px;\">Srpsko-ma\u0111arski poslovni forum za preduze\u0107a odr\u017ean je danas u Ambasadi Republike Srbije u Budimpe\u0161ti. Potpredsednik Pokrajinske vlade i pokrajinski sekretar za privredu i turizam Ivan \u0110okovi\u0107, izneo je kako uop\u0161tene, tako i statisti\u010dke pojedinosti koje idu u prilog \u010dinjenici da je predstavljanje investicionih mogu\u0107nosti na ovaj na\u010din, uz podr\u0161ku ambasada, klju\u010dno u pogledu privrednog povezivanja i umre\u017eavanja preduzetnika zemalja u okru\u017eenju.\u00a0<\/span><\/p>\n<p style=\"text-align: center;\"><span style=\"font-size: 12.16px;\"><img loading=\"lazy\" decoding=\"async\" class=\" size-full wp-image-2202\" src=\"http:\/\/spriv.vojvodina.gov.rs\/wp-content\/uploads\/2016\/12\/budimforum-1.JPG\" border=\"0\" alt=\"\" width=\"600\" height=\"400\" srcset=\"https:\/\/spriv.vojvodina.gov.rs\/wp-content\/uploads\/2016\/12\/budimforum-1.JPG 600w, https:\/\/spriv.vojvodina.gov.rs\/wp-content\/uploads\/2016\/12\/budimforum-1-300x200.jpg 300w\" sizes=\"auto, (max-width: 600px) 100vw, 600px\" \/><\/span><\/p>\n<p style=\"text-align: center;\"><em>potpredsednik Pokrajinske vlade Ivan \u0110okovi\u0107 i Nj.E. ambasador Republike Srbije \u00a0Rade Drobac<\/em><\/p>\n<p style=\"text-align: justify;\">Op\u0161tina Stara Pazova je na ovom Forumu, koji su zajedni\u010dki organizovali sa Ma\u0111arsko-srpskom trgovinskom i industrijskom komorom i Ma\u0111arsko-srpskim poslovnim savetom, a uz podr\u0161ku Ambasade Republike Srbije u Budimpe\u0161ti, predstavila svoje potencijale kojima bi trebalo privu\u0107i nove investitore na njenu teritoriju.<\/p>\n<p style=\"text-align: center;\"><img loading=\"lazy\" decoding=\"async\" class=\" size-full wp-image-2203\" src=\"http:\/\/spriv.vojvodina.gov.rs\/wp-content\/uploads\/2016\/12\/budimforum-2.JPG\" border=\"0\" alt=\"\" width=\"600\" height=\"400\" srcset=\"https:\/\/spriv.vojvodina.gov.rs\/wp-content\/uploads\/2016\/12\/budimforum-2.JPG 600w, https:\/\/spriv.vojvodina.gov.rs\/wp-content\/uploads\/2016\/12\/budimforum-2-300x200.jpg 300w\" sizes=\"auto, (max-width: 600px) 100vw, 600px\" \/><\/p>\n<p style=\"text-align: justify;\">Re\u010dima da saradnja privrednika dve zemlje bi trebalo da se produbi i postane intenzivnija i time doprinese ukupnom kvalitetu bilateralne saradnje, svoje izlaganje je zapo\u010deo potpredsednik \u0110okovi\u0107. ,,Kada bih pred svetskim auditorijumom trebalo da predstavim ukupnu privredu i privredni ambijent Republike Srbije, zasigurno bih odabrao da to u\u010dinim kroz predstavku Op\u0161tine Stara Pazova, kroz sagledavanje njenog perfektnog infrastrukturnog polo\u017eaja, saobra\u0107ajne povezanosti, kao i \u010dinjenice da se u krugu od oko 50 kilometara nalazi 3 miliona potro\u0161a\u010da, a najva\u017enije kroz kvalitet ljudskog kapitala koji je kreirao taj poslovni ambijent, koji u realnom vremenu prati potrebe industrijalizacije\u201c, rekao je \u0110okovi\u0107 naglasiv\u0161i da su gra\u0111anstvo i privrednici ove Op\u0161tine posedovali i gradili plodonosan \u00a0preduzetni\u010dki duh.<\/p>\n<p style=\"text-align: center;\"><img loading=\"lazy\" decoding=\"async\" class=\" size-full wp-image-2204\" src=\"http:\/\/spriv.vojvodina.gov.rs\/wp-content\/uploads\/2016\/12\/budimforum-3.JPG\" border=\"0\" alt=\"\" width=\"600\" height=\"400\" srcset=\"https:\/\/spriv.vojvodina.gov.rs\/wp-content\/uploads\/2016\/12\/budimforum-3.JPG 600w, https:\/\/spriv.vojvodina.gov.rs\/wp-content\/uploads\/2016\/12\/budimforum-3-300x200.jpg 300w\" sizes=\"auto, (max-width: 600px) 100vw, 600px\" \/><\/p>\n<p style=\"text-align: justify;\">Potpredsednik je istakao da je Ma\u0111arska na desetom mestu u domenu investicija i broja otvorenih novih radnih mesta u Srbiji, dok je 290 miliona evra investirano na teritoriji AP Vojvodine od strane ma\u0111arske privrede, pri \u010demu je otvoreno 2.500 radnih mesta. On navodi da je u pogledu strukture ovih investicija izvesno da se one uglavnom nalaze u tri banatska okruga, \u0161to poru\u010duje da postoji dosta prostora za ulaganje i u druge okruge u Vojvodini. \u00a0<\/p>\n<p style=\"text-align: center;\"><img loading=\"lazy\" decoding=\"async\" class=\" size-full wp-image-2205\" src=\"http:\/\/spriv.vojvodina.gov.rs\/wp-content\/uploads\/2016\/12\/budimforum-4.JPG\" border=\"0\" alt=\"\" width=\"600\" height=\"400\" srcset=\"https:\/\/spriv.vojvodina.gov.rs\/wp-content\/uploads\/2016\/12\/budimforum-4.JPG 600w, https:\/\/spriv.vojvodina.gov.rs\/wp-content\/uploads\/2016\/12\/budimforum-4-300x200.jpg 300w\" sizes=\"auto, (max-width: 600px) 100vw, 600px\" \/><\/p>\n<p style=\"text-align: justify;\">Nj.E. ambasador R. Srbije Rade Drobac je istakao da \u0107e saradnja koja bude ostvarena na dana\u0161njem Forumu biti dopuna postoje\u0107e saradnje izme\u0111u Srbije i Ma\u0111arske, koja je na izuzetno visokom nivou. ,,Iako ekonomska saradnja raste iz godine u godinu i \u0161iri \u00a0se u dijapazonu postoje\u0107ih mogu\u0107nosti, postoji mnogo sfera u kojima saradnja ne postoji ili je nedovoljno razvijena\u201c, istakao je ambasador i dodao da se Ambasada Republike Srbije u Ma\u0111arskoj trudi da dobrim politi\u010dkim odnosima i u okviru svog delovanja promovi\u0161e i podr\u017ei sve aktivnosti koje vode ka upoznavanju preduzetnika dve zemlje i produbljivanju njihove saradnje.<\/p>\n<p style=\"text-align: center;\"><img loading=\"lazy\" decoding=\"async\" class=\" size-full wp-image-2206\" src=\"http:\/\/spriv.vojvodina.gov.rs\/wp-content\/uploads\/2016\/12\/budimforum-6.JPG\" border=\"0\" alt=\"\" width=\"600\" height=\"400\" srcset=\"https:\/\/spriv.vojvodina.gov.rs\/wp-content\/uploads\/2016\/12\/budimforum-6.JPG 600w, https:\/\/spriv.vojvodina.gov.rs\/wp-content\/uploads\/2016\/12\/budimforum-6-300x200.jpg 300w\" sizes=\"auto, (max-width: 600px) 100vw, 600px\" \/><\/p>\n<p style=\"text-align: justify;\">Cilj samog Poslovnog foruma jeste predstavljanje bilateralnih poslovnih prilika, radi unapre\u0111enja poslovanja i statusa preduzetnika na doma\u0107em i stranom tr\u017ei\u0161tu, a sve kroz poslovne B2B susrete i prezentacije proizvoda u\u010desnicima i medijima.\u00a0<\/p>\n<p style=\"text-align: justify;\">U\u010desnicima su se obratili i sekretar Ma\u0111arsko-srpskog poslovnog saveta Imre Varga, kao i predsednik Op\u0161tine Stara Pazova \u0110or\u0111e Radinovi\u0107.<\/p>\n<p style=\"text-align: center;\"><img loading=\"lazy\" decoding=\"async\" class=\" size-full wp-image-2207\" src=\"http:\/\/spriv.vojvodina.gov.rs\/wp-content\/uploads\/2016\/12\/budimforum-7.JPG\" border=\"0\" alt=\"\" width=\"600\" height=\"400\" srcset=\"https:\/\/spriv.vojvodina.gov.rs\/wp-content\/uploads\/2016\/12\/budimforum-7.JPG 600w, https:\/\/spriv.vojvodina.gov.rs\/wp-content\/uploads\/2016\/12\/budimforum-7-300x200.jpg 300w\" sizes=\"auto, (max-width: 600px) 100vw, 600px\" \/><\/p>\n","protected":false},"excerpt":{"rendered":"\nBudimpe\u0161ta, 15. decembar 2016 &#8211;\u00a0Srpsko-ma\u0111arski poslovni forum za preduze\u0107a odr\u017ean je danas u Ambasadi Republike Srbije u Budimpe\u0161ti. Potpredsednik Pokrajinske vlade i pokrajinski sekretar za privredu i turizam Ivan \u0110okovi\u0107, izneo je kako uop\u0161tene, tako i statisti\u010dke pojedinosti koje idu u prilog \u010dinjenici da je predstavljanje investicionih mogu\u0107nosti na ovaj na\u010din, uz podr\u0161ku ambasada, klju\u010dno u pogledu privrednog povezivanja i umre\u017eavanja preduzetnika zemalja u okru\u017eenju.\u00a0\n<a class=\"moretag\" href=\"https:\/\/spriv.vojvodina.gov.rs\/rs\/poslovni-forum-u-budimpesti-okupio-investitore-i-privrednike-iz-srbije-i-madarske\/\"> [...]<\/a>","protected":false},"author":3,"featured_media":2200,"comment_status":"closed","ping_status":"closed","sticky":false,"template":"","format":"standard","meta":{"footnotes":""},"categories":[31],"tags":[],"class_list":["post-2209","post","type-post","status-publish","format-standard","has-post-thumbnail","hentry","category-vesti-latinica1"],"yoast_head":"<!-- This site is optimized with the Yoast SEO plugin v27.5 - https:\/\/yoast.com\/product\/yoast-seo-wordpress\/ -->\n<title>Poslovni forum u Budimpe\u0161ti okupio investitore i privrednike iz Srbije i Ma\u0111arske - \u041f\u043e\u043a\u0440\u0430\u0458\u0438\u043d\u0441\u043a\u0438 \u0441\u0435\u043a\u0440\u0435\u0442\u0430\u0440\u0438\u0458\u0430\u0442 \u0437\u0430 \u043f\u0440\u0438\u0432\u0440\u0435\u0434\u0443 \u0438 \u0442\u0443\u0440\u0438\u0437\u0430\u043c<\/title>\n<meta name=\"robots\" content=\"index, follow, max-snippet:-1, max-image-preview:large, max-video-preview:-1\" \/>\n<link rel=\"canonical\" href=\"https:\/\/spriv.vojvodina.gov.rs\/rs\/poslovni-forum-u-budimpesti-okupio-investitore-i-privrednike-iz-srbije-i-madarske\/\" \/>\n<meta property=\"og:locale\" content=\"sr_RS\" \/>\n<meta property=\"og:type\" content=\"article\" \/>\n<meta property=\"og:title\" content=\"Poslovni forum u Budimpe\u0161ti okupio investitore i privrednike iz Srbije i Ma\u0111arske - \u041f\u043e\u043a\u0440\u0430\u0458\u0438\u043d\u0441\u043a\u0438 \u0441\u0435\u043a\u0440\u0435\u0442\u0430\u0440\u0438\u0458\u0430\u0442 \u0437\u0430 \u043f\u0440\u0438\u0432\u0440\u0435\u0434\u0443 \u0438 \u0442\u0443\u0440\u0438\u0437\u0430\u043c\" \/>\n<meta property=\"og:description\" content=\"Budimpe\u0161ta, 15. decembar 2016 -\u00a0Srpsko-ma\u0111arski poslovni forum za preduze\u0107a odr\u017ean je danas u Ambasadi Republike Srbije u Budimpe\u0161ti. Potpredsednik Pokrajinske vlade i pokrajinski sekretar za privredu i turizam Ivan \u0110okovi\u0107, izneo je kako uop\u0161tene, tako i statisti\u010dke pojedinosti koje idu u prilog \u010dinjenici da je predstavljanje investicionih mogu\u0107nosti na ovaj na\u010din, uz podr\u0161ku ambasada, klju\u010dno u pogledu privrednog povezivanja i umre\u017eavanja preduzetnika zemalja u okru\u017eenju.\u00a0\" \/>\n<meta property=\"og:url\" content=\"https:\/\/spriv.vojvodina.gov.rs\/poslovni-forum-u-budimpesti-okupio-investitore-i-privrednike-iz-srbije-i-madarske\/\" \/>\n<meta property=\"og:site_name\" content=\"\u041f\u043e\u043a\u0440\u0430\u0458\u0438\u043d\u0441\u043a\u0438 \u0441\u0435\u043a\u0440\u0435\u0442\u0430\u0440\u0438\u0458\u0430\u0442 \u0437\u0430 \u043f\u0440\u0438\u0432\u0440\u0435\u0434\u0443 \u0438 \u0442\u0443\u0440\u0438\u0437\u0430\u043c\" \/>\n<meta property=\"article:published_time\" content=\"2016-12-15T19:33:33+00:00\" \/>\n<meta property=\"og:image\" content=\"https:\/\/spriv.vojvodina.gov.rs\/wp-content\/uploads\/2016\/12\/budimforum-mala.JPG\" \/>\n\t<meta property=\"og:image:width\" content=\"150\" \/>\n\t<meta property=\"og:image:height\" content=\"93\" \/>\n\t<meta property=\"og:image:type\" content=\"image\/jpeg\" \/>\n<meta name=\"author\" content=\"Sonja Babi\u0107\" \/>\n<meta name=\"twitter:card\" content=\"summary_large_image\" \/>\n<meta name=\"twitter:label1\" content=\"\u041d\u0430\u043f\u0438\u0441\u0430\u043d\u043e \u043e\u0434\" \/>\n\t<meta name=\"twitter:data1\" content=\"Sonja Babi\u0107\" \/>\n\t<meta name=\"twitter:label2\" content=\"\u041f\u0440\u043e\u0446\u0435\u045a\u0435\u043d\u043e \u0432\u0440\u0435\u043c\u0435 \u0447\u0438\u0442\u0430\u045a\u0430\" \/>\n\t<meta name=\"twitter:data2\" content=\"3 \u043c\u0438\u043d\u0443\u0442\u0430\" \/>\n<script type=\"application\/ld+json\" class=\"yoast-schema-graph\">{\"@context\":\"https:\\\/\\\/schema.org\",\"@graph\":[{\"@type\":\"Article\",\"@id\":\"https:\\\/\\\/spriv.vojvodina.gov.rs\\\/poslovni-forum-u-budimpesti-okupio-investitore-i-privrednike-iz-srbije-i-madarske\\\/#article\",\"isPartOf\":{\"@id\":\"https:\\\/\\\/spriv.vojvodina.gov.rs\\\/poslovni-forum-u-budimpesti-okupio-investitore-i-privrednike-iz-srbije-i-madarske\\\/\"},\"author\":{\"name\":\"Sonja Babi\u0107\",\"@id\":\"https:\\\/\\\/spriv.vojvodina.gov.rs\\\/#\\\/schema\\\/person\\\/749ef4f57fbb458f1c759e7a4fa78485\"},\"headline\":\"Poslovni forum u Budimpe\u0161ti okupio investitore i privrednike iz Srbije i Ma\u0111arske\",\"datePublished\":\"2016-12-15T19:33:33+00:00\",\"mainEntityOfPage\":{\"@id\":\"https:\\\/\\\/spriv.vojvodina.gov.rs\\\/poslovni-forum-u-budimpesti-okupio-investitore-i-privrednike-iz-srbije-i-madarske\\\/\"},\"wordCount\":522,\"image\":{\"@id\":\"https:\\\/\\\/spriv.vojvodina.gov.rs\\\/poslovni-forum-u-budimpesti-okupio-investitore-i-privrednike-iz-srbije-i-madarske\\\/#primaryimage\"},\"thumbnailUrl\":\"https:\\\/\\\/spriv.vojvodina.gov.rs\\\/wp-content\\\/uploads\\\/2016\\\/12\\\/budimforum-mala.JPG\",\"articleSection\":[\"Vesti Latinica\"],\"inLanguage\":\"sr-RS\"},{\"@type\":\"WebPage\",\"@id\":\"https:\\\/\\\/spriv.vojvodina.gov.rs\\\/poslovni-forum-u-budimpesti-okupio-investitore-i-privrednike-iz-srbije-i-madarske\\\/\",\"url\":\"https:\\\/\\\/spriv.vojvodina.gov.rs\\\/poslovni-forum-u-budimpesti-okupio-investitore-i-privrednike-iz-srbije-i-madarske\\\/\",\"name\":\"Poslovni forum u Budimpe\u0161ti okupio investitore i privrednike iz Srbije i Ma\u0111arske - \u041f\u043e\u043a\u0440\u0430\u0458\u0438\u043d\u0441\u043a\u0438 \u0441\u0435\u043a\u0440\u0435\u0442\u0430\u0440\u0438\u0458\u0430\u0442 \u0437\u0430 \u043f\u0440\u0438\u0432\u0440\u0435\u0434\u0443 \u0438 \u0442\u0443\u0440\u0438\u0437\u0430\u043c\",\"isPartOf\":{\"@id\":\"https:\\\/\\\/spriv.vojvodina.gov.rs\\\/#website\"},\"primaryImageOfPage\":{\"@id\":\"https:\\\/\\\/spriv.vojvodina.gov.rs\\\/poslovni-forum-u-budimpesti-okupio-investitore-i-privrednike-iz-srbije-i-madarske\\\/#primaryimage\"},\"image\":{\"@id\":\"https:\\\/\\\/spriv.vojvodina.gov.rs\\\/poslovni-forum-u-budimpesti-okupio-investitore-i-privrednike-iz-srbije-i-madarske\\\/#primaryimage\"},\"thumbnailUrl\":\"https:\\\/\\\/spriv.vojvodina.gov.rs\\\/wp-content\\\/uploads\\\/2016\\\/12\\\/budimforum-mala.JPG\",\"datePublished\":\"2016-12-15T19:33:33+00:00\",\"author\":{\"@id\":\"https:\\\/\\\/spriv.vojvodina.gov.rs\\\/#\\\/schema\\\/person\\\/749ef4f57fbb458f1c759e7a4fa78485\"},\"breadcrumb\":{\"@id\":\"https:\\\/\\\/spriv.vojvodina.gov.rs\\\/poslovni-forum-u-budimpesti-okupio-investitore-i-privrednike-iz-srbije-i-madarske\\\/#breadcrumb\"},\"inLanguage\":\"sr-RS\",\"potentialAction\":[{\"@type\":\"ReadAction\",\"target\":[\"https:\\\/\\\/spriv.vojvodina.gov.rs\\\/poslovni-forum-u-budimpesti-okupio-investitore-i-privrednike-iz-srbije-i-madarske\\\/\"]}]},{\"@type\":\"ImageObject\",\"inLanguage\":\"sr-RS\",\"@id\":\"https:\\\/\\\/spriv.vojvodina.gov.rs\\\/poslovni-forum-u-budimpesti-okupio-investitore-i-privrednike-iz-srbije-i-madarske\\\/#primaryimage\",\"url\":\"https:\\\/\\\/spriv.vojvodina.gov.rs\\\/wp-content\\\/uploads\\\/2016\\\/12\\\/budimforum-mala.JPG\",\"contentUrl\":\"https:\\\/\\\/spriv.vojvodina.gov.rs\\\/wp-content\\\/uploads\\\/2016\\\/12\\\/budimforum-mala.JPG\",\"width\":150,\"height\":93},{\"@type\":\"BreadcrumbList\",\"@id\":\"https:\\\/\\\/spriv.vojvodina.gov.rs\\\/poslovni-forum-u-budimpesti-okupio-investitore-i-privrednike-iz-srbije-i-madarske\\\/#breadcrumb\",\"itemListElement\":[{\"@type\":\"ListItem\",\"position\":1,\"name\":\"Home\",\"item\":\"https:\\\/\\\/spriv.vojvodina.gov.rs\\\/\"},{\"@type\":\"ListItem\",\"position\":2,\"name\":\"Poslovni forum u Budimpe\u0161ti okupio investitore i privrednike iz Srbije i Ma\u0111arske\"}]},{\"@type\":\"WebSite\",\"@id\":\"https:\\\/\\\/spriv.vojvodina.gov.rs\\\/#website\",\"url\":\"https:\\\/\\\/spriv.vojvodina.gov.rs\\\/\",\"name\":\"\u041f\u043e\u043a\u0440\u0430\u0458\u0438\u043d\u0441\u043a\u0438 \u0441\u0435\u043a\u0440\u0435\u0442\u0430\u0440\u0438\u0458\u0430\u0442 \u0437\u0430 \u043f\u0440\u0438\u0432\u0440\u0435\u0434\u0443 \u0438 \u0442\u0443\u0440\u0438\u0437\u0430\u043c\",\"description\":\"\u041f\u043e\u043a\u0440\u0430\u0458\u0438\u043d\u0441\u043a\u0438 \u0441\u0435\u043a\u0440\u0435\u0442\u0430\u0440\u0438\u0458\u0430\u0442 \u0437\u0430 \u043f\u0440\u0438\u0432\u0440\u0435\u0434\u0443 \u0438 \u0442\u0443\u0440\u0438\u0437\u0430\u043c\",\"potentialAction\":[{\"@type\":\"SearchAction\",\"target\":{\"@type\":\"EntryPoint\",\"urlTemplate\":\"https:\\\/\\\/spriv.vojvodina.gov.rs\\\/?s={search_term_string}\"},\"query-input\":{\"@type\":\"PropertyValueSpecification\",\"valueRequired\":true,\"valueName\":\"search_term_string\"}}],\"inLanguage\":\"sr-RS\"},{\"@type\":\"Person\",\"@id\":\"https:\\\/\\\/spriv.vojvodina.gov.rs\\\/#\\\/schema\\\/person\\\/749ef4f57fbb458f1c759e7a4fa78485\",\"name\":\"Sonja Babi\u0107\",\"image\":{\"@type\":\"ImageObject\",\"inLanguage\":\"sr-RS\",\"@id\":\"https:\\\/\\\/secure.gravatar.com\\\/avatar\\\/00a1d182a20a59067af1e7b1c31cbcc3be1a456ee4b27746580e120c2582e5bd?s=96&d=mm&r=g\",\"url\":\"https:\\\/\\\/secure.gravatar.com\\\/avatar\\\/00a1d182a20a59067af1e7b1c31cbcc3be1a456ee4b27746580e120c2582e5bd?s=96&d=mm&r=g\",\"contentUrl\":\"https:\\\/\\\/secure.gravatar.com\\\/avatar\\\/00a1d182a20a59067af1e7b1c31cbcc3be1a456ee4b27746580e120c2582e5bd?s=96&d=mm&r=g\",\"caption\":\"Sonja Babi\u0107\"},\"url\":\"https:\\\/\\\/spriv.vojvodina.gov.rs\\\/rs\\\/author\\\/sonja-babic\\\/\"}]}<\/script>\n<!-- \/ Yoast SEO plugin. -->","yoast_head_json":{"title":"Poslovni forum u Budimpe\u0161ti okupio investitore i privrednike iz Srbije i Ma\u0111arske - \u041f\u043e\u043a\u0440\u0430\u0458\u0438\u043d\u0441\u043a\u0438 \u0441\u0435\u043a\u0440\u0435\u0442\u0430\u0440\u0438\u0458\u0430\u0442 \u0437\u0430 \u043f\u0440\u0438\u0432\u0440\u0435\u0434\u0443 \u0438 \u0442\u0443\u0440\u0438\u0437\u0430\u043c","robots":{"index":"index","follow":"follow","max-snippet":"max-snippet:-1","max-image-preview":"max-image-preview:large","max-video-preview":"max-video-preview:-1"},"canonical":"https:\/\/spriv.vojvodina.gov.rs\/rs\/poslovni-forum-u-budimpesti-okupio-investitore-i-privrednike-iz-srbije-i-madarske\/","og_locale":"sr_RS","og_type":"article","og_title":"Poslovni forum u Budimpe\u0161ti okupio investitore i privrednike iz Srbije i Ma\u0111arske - \u041f\u043e\u043a\u0440\u0430\u0458\u0438\u043d\u0441\u043a\u0438 \u0441\u0435\u043a\u0440\u0435\u0442\u0430\u0440\u0438\u0458\u0430\u0442 \u0437\u0430 \u043f\u0440\u0438\u0432\u0440\u0435\u0434\u0443 \u0438 \u0442\u0443\u0440\u0438\u0437\u0430\u043c","og_description":"Budimpe\u0161ta, 15. decembar 2016 -\u00a0Srpsko-ma\u0111arski poslovni forum za preduze\u0107a odr\u017ean je danas u Ambasadi Republike Srbije u Budimpe\u0161ti. Potpredsednik Pokrajinske vlade i pokrajinski sekretar za privredu i turizam Ivan \u0110okovi\u0107, izneo je kako uop\u0161tene, tako i statisti\u010dke pojedinosti koje idu u prilog \u010dinjenici da je predstavljanje investicionih mogu\u0107nosti na ovaj na\u010din, uz podr\u0161ku ambasada, klju\u010dno u pogledu privrednog povezivanja i umre\u017eavanja preduzetnika zemalja u okru\u017eenju.\u00a0","og_url":"https:\/\/spriv.vojvodina.gov.rs\/poslovni-forum-u-budimpesti-okupio-investitore-i-privrednike-iz-srbije-i-madarske\/","og_site_name":"\u041f\u043e\u043a\u0440\u0430\u0458\u0438\u043d\u0441\u043a\u0438 \u0441\u0435\u043a\u0440\u0435\u0442\u0430\u0440\u0438\u0458\u0430\u0442 \u0437\u0430 \u043f\u0440\u0438\u0432\u0440\u0435\u0434\u0443 \u0438 \u0442\u0443\u0440\u0438\u0437\u0430\u043c","article_published_time":"2016-12-15T19:33:33+00:00","og_image":[{"width":150,"height":93,"url":"https:\/\/spriv.vojvodina.gov.rs\/wp-content\/uploads\/2016\/12\/budimforum-mala.JPG","type":"image\/jpeg"}],"author":"Sonja Babi\u0107","twitter_card":"summary_large_image","twitter_misc":{"\u041d\u0430\u043f\u0438\u0441\u0430\u043d\u043e \u043e\u0434":"Sonja Babi\u0107","\u041f\u0440\u043e\u0446\u0435\u045a\u0435\u043d\u043e \u0432\u0440\u0435\u043c\u0435 \u0447\u0438\u0442\u0430\u045a\u0430":"3 \u043c\u0438\u043d\u0443\u0442\u0430"},"schema":{"@context":"https:\/\/schema.org","@graph":[{"@type":"Article","@id":"https:\/\/spriv.vojvodina.gov.rs\/poslovni-forum-u-budimpesti-okupio-investitore-i-privrednike-iz-srbije-i-madarske\/#article","isPartOf":{"@id":"https:\/\/spriv.vojvodina.gov.rs\/poslovni-forum-u-budimpesti-okupio-investitore-i-privrednike-iz-srbije-i-madarske\/"},"author":{"name":"Sonja Babi\u0107","@id":"https:\/\/spriv.vojvodina.gov.rs\/#\/schema\/person\/749ef4f57fbb458f1c759e7a4fa78485"},"headline":"Poslovni forum u Budimpe\u0161ti okupio investitore i privrednike iz Srbije i Ma\u0111arske","datePublished":"2016-12-15T19:33:33+00:00","mainEntityOfPage":{"@id":"https:\/\/spriv.vojvodina.gov.rs\/poslovni-forum-u-budimpesti-okupio-investitore-i-privrednike-iz-srbije-i-madarske\/"},"wordCount":522,"image":{"@id":"https:\/\/spriv.vojvodina.gov.rs\/poslovni-forum-u-budimpesti-okupio-investitore-i-privrednike-iz-srbije-i-madarske\/#primaryimage"},"thumbnailUrl":"https:\/\/spriv.vojvodina.gov.rs\/wp-content\/uploads\/2016\/12\/budimforum-mala.JPG","articleSection":["Vesti Latinica"],"inLanguage":"sr-RS"},{"@type":"WebPage","@id":"https:\/\/spriv.vojvodina.gov.rs\/poslovni-forum-u-budimpesti-okupio-investitore-i-privrednike-iz-srbije-i-madarske\/","url":"https:\/\/spriv.vojvodina.gov.rs\/poslovni-forum-u-budimpesti-okupio-investitore-i-privrednike-iz-srbije-i-madarske\/","name":"Poslovni forum u Budimpe\u0161ti okupio investitore i privrednike iz Srbije i Ma\u0111arske - \u041f\u043e\u043a\u0440\u0430\u0458\u0438\u043d\u0441\u043a\u0438 \u0441\u0435\u043a\u0440\u0435\u0442\u0430\u0440\u0438\u0458\u0430\u0442 \u0437\u0430 \u043f\u0440\u0438\u0432\u0440\u0435\u0434\u0443 \u0438 \u0442\u0443\u0440\u0438\u0437\u0430\u043c","isPartOf":{"@id":"https:\/\/spriv.vojvodina.gov.rs\/#website"},"primaryImageOfPage":{"@id":"https:\/\/spriv.vojvodina.gov.rs\/poslovni-forum-u-budimpesti-okupio-investitore-i-privrednike-iz-srbije-i-madarske\/#primaryimage"},"image":{"@id":"https:\/\/spriv.vojvodina.gov.rs\/poslovni-forum-u-budimpesti-okupio-investitore-i-privrednike-iz-srbije-i-madarske\/#primaryimage"},"thumbnailUrl":"https:\/\/spriv.vojvodina.gov.rs\/wp-content\/uploads\/2016\/12\/budimforum-mala.JPG","datePublished":"2016-12-15T19:33:33+00:00","author":{"@id":"https:\/\/spriv.vojvodina.gov.rs\/#\/schema\/person\/749ef4f57fbb458f1c759e7a4fa78485"},"breadcrumb":{"@id":"https:\/\/spriv.vojvodina.gov.rs\/poslovni-forum-u-budimpesti-okupio-investitore-i-privrednike-iz-srbije-i-madarske\/#breadcrumb"},"inLanguage":"sr-RS","potentialAction":[{"@type":"ReadAction","target":["https:\/\/spriv.vojvodina.gov.rs\/poslovni-forum-u-budimpesti-okupio-investitore-i-privrednike-iz-srbije-i-madarske\/"]}]},{"@type":"ImageObject","inLanguage":"sr-RS","@id":"https:\/\/spriv.vojvodina.gov.rs\/poslovni-forum-u-budimpesti-okupio-investitore-i-privrednike-iz-srbije-i-madarske\/#primaryimage","url":"https:\/\/spriv.vojvodina.gov.rs\/wp-content\/uploads\/2016\/12\/budimforum-mala.JPG","contentUrl":"https:\/\/spriv.vojvodina.gov.rs\/wp-content\/uploads\/2016\/12\/budimforum-mala.JPG","width":150,"height":93},{"@type":"BreadcrumbList","@id":"https:\/\/spriv.vojvodina.gov.rs\/poslovni-forum-u-budimpesti-okupio-investitore-i-privrednike-iz-srbije-i-madarske\/#breadcrumb","itemListElement":[{"@type":"ListItem","position":1,"name":"Home","item":"https:\/\/spriv.vojvodina.gov.rs\/"},{"@type":"ListItem","position":2,"name":"Poslovni forum u Budimpe\u0161ti okupio investitore i privrednike iz Srbije i Ma\u0111arske"}]},{"@type":"WebSite","@id":"https:\/\/spriv.vojvodina.gov.rs\/#website","url":"https:\/\/spriv.vojvodina.gov.rs\/","name":"\u041f\u043e\u043a\u0440\u0430\u0458\u0438\u043d\u0441\u043a\u0438 \u0441\u0435\u043a\u0440\u0435\u0442\u0430\u0440\u0438\u0458\u0430\u0442 \u0437\u0430 \u043f\u0440\u0438\u0432\u0440\u0435\u0434\u0443 \u0438 \u0442\u0443\u0440\u0438\u0437\u0430\u043c","description":"\u041f\u043e\u043a\u0440\u0430\u0458\u0438\u043d\u0441\u043a\u0438 \u0441\u0435\u043a\u0440\u0435\u0442\u0430\u0440\u0438\u0458\u0430\u0442 \u0437\u0430 \u043f\u0440\u0438\u0432\u0440\u0435\u0434\u0443 \u0438 \u0442\u0443\u0440\u0438\u0437\u0430\u043c","potentialAction":[{"@type":"SearchAction","target":{"@type":"EntryPoint","urlTemplate":"https:\/\/spriv.vojvodina.gov.rs\/?s={search_term_string}"},"query-input":{"@type":"PropertyValueSpecification","valueRequired":true,"valueName":"search_term_string"}}],"inLanguage":"sr-RS"},{"@type":"Person","@id":"https:\/\/spriv.vojvodina.gov.rs\/#\/schema\/person\/749ef4f57fbb458f1c759e7a4fa78485","name":"Sonja Babi\u0107","image":{"@type":"ImageObject","inLanguage":"sr-RS","@id":"https:\/\/secure.gravatar.com\/avatar\/00a1d182a20a59067af1e7b1c31cbcc3be1a456ee4b27746580e120c2582e5bd?s=96&d=mm&r=g","url":"https:\/\/secure.gravatar.com\/avatar\/00a1d182a20a59067af1e7b1c31cbcc3be1a456ee4b27746580e120c2582e5bd?s=96&d=mm&r=g","contentUrl":"https:\/\/secure.gravatar.com\/avatar\/00a1d182a20a59067af1e7b1c31cbcc3be1a456ee4b27746580e120c2582e5bd?s=96&d=mm&r=g","caption":"Sonja Babi\u0107"},"url":"https:\/\/spriv.vojvodina.gov.rs\/rs\/author\/sonja-babic\/"}]}},"_links":{"self":[{"href":"https:\/\/spriv.vojvodina.gov.rs\/rs\/wp-json\/wp\/v2\/posts\/2209","targetHints":{"allow":["GET"]}}],"collection":[{"href":"https:\/\/spriv.vojvodina.gov.rs\/rs\/wp-json\/wp\/v2\/posts"}],"about":[{"href":"https:\/\/spriv.vojvodina.gov.rs\/rs\/wp-json\/wp\/v2\/types\/post"}],"author":[{"embeddable":true,"href":"https:\/\/spriv.vojvodina.gov.rs\/rs\/wp-json\/wp\/v2\/users\/3"}],"replies":[{"embeddable":true,"href":"https:\/\/spriv.vojvodina.gov.rs\/rs\/wp-json\/wp\/v2\/comments?post=2209"}],"version-history":[{"count":0,"href":"https:\/\/spriv.vojvodina.gov.rs\/rs\/wp-json\/wp\/v2\/posts\/2209\/revisions"}],"wp:featuredmedia":[{"embeddable":true,"href":"https:\/\/spriv.vojvodina.gov.rs\/rs\/wp-json\/wp\/v2\/media\/2200"}],"wp:attachment":[{"href":"https:\/\/spriv.vojvodina.gov.rs\/rs\/wp-json\/wp\/v2\/media?parent=2209"}],"wp:term":[{"taxonomy":"category","embeddable":true,"href":"https:\/\/spriv.vojvodina.gov.rs\/rs\/wp-json\/wp\/v2\/categories?post=2209"},{"taxonomy":"post_tag","embeddable":true,"href":"https:\/\/spriv.vojvodina.gov.rs\/rs\/wp-json\/wp\/v2\/tags?post=2209"}],"curies":[{"name":"wp","href":"https:\/\/api.w.org\/{rel}","templated":true}]}}