{"id":2199,"date":"2016-12-13T15:59:22","date_gmt":"2016-12-13T15:59:22","guid":{"rendered":"http:\/\/spriv.vojvodina.gov.rs\/2016\/12\/13\/ivan-dokovic-banja-junakovic-bi-mogla-da-bude-znacajan-konkurent-banjama-u-okruzenju\/"},"modified":"2016-12-13T15:59:22","modified_gmt":"2016-12-13T15:59:22","slug":"ivan-dokovic-banja-junakovic-bi-mogla-da-bude-znacajan-konkurent-banjama-u-okruzenju","status":"publish","type":"post","link":"https:\/\/spriv.vojvodina.gov.rs\/rs\/ivan-dokovic-banja-junakovic-bi-mogla-da-bude-znacajan-konkurent-banjama-u-okruzenju\/","title":{"rendered":"Ivan \u0110okovi\u0107: Banja Junakovi\u0107 bi mogla da bude zna\u010dajan konkurent banjama u okru\u017eenju"},"content":{"rendered":"<p><img loading=\"lazy\" decoding=\"async\" class=\" size-full wp-image-2190\" src=\"http:\/\/spriv.vojvodina.gov.rs\/wp-content\/uploads\/2016\/12\/junakovic-1.JPG\" border=\"0\" alt=\"\" style=\"display: block; margin-left: auto; margin-right: auto;\" width=\"600\" height=\"354\" srcset=\"https:\/\/spriv.vojvodina.gov.rs\/wp-content\/uploads\/2016\/12\/junakovic-1.JPG 600w, https:\/\/spriv.vojvodina.gov.rs\/wp-content\/uploads\/2016\/12\/junakovic-1-300x177.jpg 300w\" sizes=\"auto, (max-width: 600px) 100vw, 600px\" \/><\/p>\n<p style=\"text-align: justify;\">Potpredsednik Pokrajinske vlade i pokrajinski sekretar za privredu i turizam, Ivan \u0110okovi\u0107, posetio je Specijalnu bolnicu za rehabilitaciju ,,Banja Junakovi\u0107\u201c u Apatinu. Ova poseta jeste deo procedure Sekretarijata koji nastoji da preciznim analizama stanja na terenu proceni i sagleda turisti\u010dke potencijale u AP Vojvodini u svrhu unapre\u0111enja svih oblasti turizma, sa posebnim akcentom na banjski.<\/p>\n<p style=\"text-align: center;\"><img loading=\"lazy\" decoding=\"async\" class=\" size-full wp-image-2191\" src=\"http:\/\/spriv.vojvodina.gov.rs\/wp-content\/uploads\/2016\/12\/junakovic-2.JPG\" border=\"0\" alt=\"\" width=\"600\" height=\"400\" srcset=\"https:\/\/spriv.vojvodina.gov.rs\/wp-content\/uploads\/2016\/12\/junakovic-2.JPG 600w, https:\/\/spriv.vojvodina.gov.rs\/wp-content\/uploads\/2016\/12\/junakovic-2-300x200.jpg 300w\" sizes=\"auto, (max-width: 600px) 100vw, 600px\" \/><\/p>\n<p style=\"text-align: justify;\">Potpredsednik Ivan \u0110okovi\u0107 i pomo\u0107nik pokrajinskog sekretara za oblast turizma, Serej Tama\u0161, sastali su se ovom prilikom sa direktorom Banje Rajkom Majstorovi\u0107em.\u00a0\u00a0<\/p>\n<p style=\"text-align: center;\"><img loading=\"lazy\" decoding=\"async\" class=\" size-full wp-image-2192\" src=\"http:\/\/spriv.vojvodina.gov.rs\/wp-content\/uploads\/2016\/12\/junakovic-3.JPG\" border=\"0\" alt=\"\" width=\"600\" height=\"400\" srcset=\"https:\/\/spriv.vojvodina.gov.rs\/wp-content\/uploads\/2016\/12\/junakovic-3.JPG 600w, https:\/\/spriv.vojvodina.gov.rs\/wp-content\/uploads\/2016\/12\/junakovic-3-300x200.jpg 300w\" sizes=\"auto, (max-width: 600px) 100vw, 600px\" \/><\/p>\n<p style=\"text-align: justify;\">\u0110okovi\u0107 je sa nadle\u017enim osobljem obi\u0161ao Specijalnu bolnicu i upoznao se sa infrastrukturnim projektima, sa postoje\u0107im zdravstvenim programom, kao i programom za rehabilitaciju. U toku su radovi i na realizaciji jednog od najambicioznijih projekata u oblasti banjskog turizma, ta\u010dnije radovi na izgradnji najve\u0107eg spa i velnes centra u regionu, u sklopu banjskog kompleksa, koji bi mogao u mnogome da doprinese pove\u0107anju broja doma\u0107ih i stranih posetilaca i broja no\u0107enja u ovom delu Vojvodine.<\/p>\n<p style=\"text-align: center;\"><img loading=\"lazy\" decoding=\"async\" class=\" size-full wp-image-2193\" src=\"http:\/\/spriv.vojvodina.gov.rs\/wp-content\/uploads\/2016\/12\/junakovic-8.JPG\" border=\"0\" alt=\"\" width=\"600\" height=\"381\" srcset=\"https:\/\/spriv.vojvodina.gov.rs\/wp-content\/uploads\/2016\/12\/junakovic-8.JPG 600w, https:\/\/spriv.vojvodina.gov.rs\/wp-content\/uploads\/2016\/12\/junakovic-8-300x191.jpg 300w\" sizes=\"auto, (max-width: 600px) 100vw, 600px\" \/><\/p>\n<p style=\"text-align: justify;\">,,Banja Junakovi\u0107 bi po svojim potencijalima mogla da bude zna\u010dajan konkurent banjama u okru\u017eenju i po kvalitetu vode, po njenom sastavu, peloidnom potencijalu, ali i po svojoj infrastrukturi. Ovakav potencijal ovako zami\u0161ljen, u Srbiji trenutno mo\u017eda ne postoji. Na\u0161i turisti odlaze u Ma\u0111arsku, Sloveniju, Hrvatsku, te zbog toga produbljujemo na\u0161 spoljno-trgovinski deficit. Ovaj nedovr\u0161en objekat govori da nemamo dovoljno kreativnih potencijala kod doma\u0107ih investitora, nosioca kapitala. Ukoliko se Banja na dobar na\u010din predstavi investicionom auditorijumu, mogli bi se na\u0107i adekvatni investitori za kona\u010dnu realizaciju projekta\u201c, rekao je potpredsednik \u0110okovi\u0107, uputiv\u0161i poruku investitorima da uzmu u razmatranje ovaj objekat koji predstavlja uto\u010di\u0161te za srpski kapital, jer podi\u017ee kvalitet velnes i spa ponuda u AP Vojvodini i Srbiji.<\/p>\n<p><img loading=\"lazy\" decoding=\"async\" class=\" size-full wp-image-2194\" src=\"http:\/\/spriv.vojvodina.gov.rs\/wp-content\/uploads\/2016\/12\/junakovic-9.JPG\" border=\"0\" alt=\"\" style=\"display: block; margin-left: auto; margin-right: auto;\" width=\"600\" height=\"364\" srcset=\"https:\/\/spriv.vojvodina.gov.rs\/wp-content\/uploads\/2016\/12\/junakovic-9.JPG 600w, https:\/\/spriv.vojvodina.gov.rs\/wp-content\/uploads\/2016\/12\/junakovic-9-300x182.jpg 300w\" sizes=\"auto, (max-width: 600px) 100vw, 600px\" \/><\/p>\n<p style=\"text-align: justify;\">U razgovoru sa \u010delnicima Banje Junakovi\u0107 ustanovljeno je da je ona specifi\u010dna za sam region jer njene vode po svom kvalitetu spadaju u isti red sa izvorima u Karlovim Varima, Harkanju i Lipiku. Pored mnogobrojnih velnes, sportskih i rekreativnih sadr\u017eaja, posetiocima je dostupna ,,Staza zdravlja\u201c, ta\u010dnije biciklisti\u010de staze koj povezuju Banju sa obli\u017enjim Apatinom i Prigrevicom.<\/p>\n<p><img loading=\"lazy\" decoding=\"async\" class=\" size-full wp-image-2195\" src=\"http:\/\/spriv.vojvodina.gov.rs\/wp-content\/uploads\/2016\/12\/junakovic-7.JPG\" border=\"0\" alt=\"\" style=\"display: block; margin-left: auto; margin-right: auto;\" width=\"600\" height=\"411\" srcset=\"https:\/\/spriv.vojvodina.gov.rs\/wp-content\/uploads\/2016\/12\/junakovic-7.JPG 600w, https:\/\/spriv.vojvodina.gov.rs\/wp-content\/uploads\/2016\/12\/junakovic-7-300x206.jpg 300w\" sizes=\"auto, (max-width: 600px) 100vw, 600px\" \/><\/p>\n<p style=\"text-align: justify;\">U pogledu medicinske terapije ovog le\u010dili\u0161ta obuhvataju le\u010denje svih vrsta reumatizma, ortopedskih i neurolo\u0161kih oboljenja, ginekolo\u0161kih oboljenja steriliteta.<\/p>\n<p style=\"text-align: center;\"><img loading=\"lazy\" decoding=\"async\" class=\" size-full wp-image-2196\" src=\"http:\/\/spriv.vojvodina.gov.rs\/wp-content\/uploads\/2016\/12\/junakovic-5.JPG\" border=\"0\" alt=\"\" width=\"600\" height=\"400\" srcset=\"https:\/\/spriv.vojvodina.gov.rs\/wp-content\/uploads\/2016\/12\/junakovic-5.JPG 600w, https:\/\/spriv.vojvodina.gov.rs\/wp-content\/uploads\/2016\/12\/junakovic-5-300x200.jpg 300w\" sizes=\"auto, (max-width: 600px) 100vw, 600px\" \/><\/p>\n<p style=\"text-align: center;\"><img loading=\"lazy\" decoding=\"async\" class=\" size-full wp-image-2197\" src=\"http:\/\/spriv.vojvodina.gov.rs\/wp-content\/uploads\/2016\/12\/junakovic-4.JPG\" border=\"0\" alt=\"\" width=\"600\" height=\"400\" srcset=\"https:\/\/spriv.vojvodina.gov.rs\/wp-content\/uploads\/2016\/12\/junakovic-4.JPG 600w, https:\/\/spriv.vojvodina.gov.rs\/wp-content\/uploads\/2016\/12\/junakovic-4-300x200.jpg 300w\" sizes=\"auto, (max-width: 600px) 100vw, 600px\" \/><\/p>\n","protected":false},"excerpt":{"rendered":"Apatin, 13. decembar 2016. &#8211; Potpredsednik Pokrajinske vlade i pokrajinski sekretar za privredu i turizam, Ivan \u0110okovi\u0107, posetio je Specijalnu bolnicu za rehabilitaciju ,,Banja Junakovi\u0107\u201c u Apatinu. Ova poseta jeste deo procedure Sekretarijata koji nastoji da preciznim analizama stanja na terenu proceni i sagleda turisti\u010dke potencijale u AP Vojvodini u svrhu unapre\u0111enja svih oblasti turizma, sa posebnim akcentom na banjski.\n<a class=\"moretag\" href=\"https:\/\/spriv.vojvodina.gov.rs\/rs\/ivan-dokovic-banja-junakovic-bi-mogla-da-bude-znacajan-konkurent-banjama-u-okruzenju\/\"> [...]<\/a>","protected":false},"author":3,"featured_media":2189,"comment_status":"closed","ping_status":"closed","sticky":false,"template":"","format":"standard","meta":{"footnotes":""},"categories":[31],"tags":[],"class_list":["post-2199","post","type-post","status-publish","format-standard","has-post-thumbnail","hentry","category-vesti-latinica1"],"yoast_head":"<!-- This site is optimized with the Yoast SEO plugin v27.4 - https:\/\/yoast.com\/product\/yoast-seo-wordpress\/ -->\n<title>Ivan \u0110okovi\u0107: Banja Junakovi\u0107 bi mogla da bude zna\u010dajan konkurent banjama u okru\u017eenju - \u041f\u043e\u043a\u0440\u0430\u0458\u0438\u043d\u0441\u043a\u0438 \u0441\u0435\u043a\u0440\u0435\u0442\u0430\u0440\u0438\u0458\u0430\u0442 \u0437\u0430 \u043f\u0440\u0438\u0432\u0440\u0435\u0434\u0443 \u0438 \u0442\u0443\u0440\u0438\u0437\u0430\u043c<\/title>\n<meta name=\"robots\" content=\"index, follow, max-snippet:-1, max-image-preview:large, max-video-preview:-1\" \/>\n<link rel=\"canonical\" href=\"https:\/\/spriv.vojvodina.gov.rs\/rs\/ivan-dokovic-banja-junakovic-bi-mogla-da-bude-znacajan-konkurent-banjama-u-okruzenju\/\" \/>\n<meta property=\"og:locale\" content=\"sr_RS\" \/>\n<meta property=\"og:type\" content=\"article\" \/>\n<meta property=\"og:title\" content=\"Ivan \u0110okovi\u0107: Banja Junakovi\u0107 bi mogla da bude zna\u010dajan konkurent banjama u okru\u017eenju - \u041f\u043e\u043a\u0440\u0430\u0458\u0438\u043d\u0441\u043a\u0438 \u0441\u0435\u043a\u0440\u0435\u0442\u0430\u0440\u0438\u0458\u0430\u0442 \u0437\u0430 \u043f\u0440\u0438\u0432\u0440\u0435\u0434\u0443 \u0438 \u0442\u0443\u0440\u0438\u0437\u0430\u043c\" \/>\n<meta property=\"og:description\" content=\"Apatin, 13. decembar 2016. - Potpredsednik Pokrajinske vlade i pokrajinski sekretar za privredu i turizam, Ivan \u0110okovi\u0107, posetio je Specijalnu bolnicu za rehabilitaciju ,,Banja Junakovi\u0107\u201c u Apatinu. Ova poseta jeste deo procedure Sekretarijata koji nastoji da preciznim analizama stanja na terenu proceni i sagleda turisti\u010dke potencijale u AP Vojvodini u svrhu unapre\u0111enja svih oblasti turizma, sa posebnim akcentom na banjski.\" \/>\n<meta property=\"og:url\" content=\"https:\/\/spriv.vojvodina.gov.rs\/rs\/ivan-dokovic-banja-junakovic-bi-mogla-da-bude-znacajan-konkurent-banjama-u-okruzenju\/\" \/>\n<meta property=\"og:site_name\" content=\"\u041f\u043e\u043a\u0440\u0430\u0458\u0438\u043d\u0441\u043a\u0438 \u0441\u0435\u043a\u0440\u0435\u0442\u0430\u0440\u0438\u0458\u0430\u0442 \u0437\u0430 \u043f\u0440\u0438\u0432\u0440\u0435\u0434\u0443 \u0438 \u0442\u0443\u0440\u0438\u0437\u0430\u043c\" \/>\n<meta property=\"article:published_time\" content=\"2016-12-13T15:59:22+00:00\" \/>\n<meta property=\"og:image\" content=\"https:\/\/spriv.vojvodina.gov.rs\/wp-content\/uploads\/2016\/12\/junakovic-mala.JPG\" \/>\n\t<meta property=\"og:image:width\" content=\"140\" \/>\n\t<meta property=\"og:image:height\" content=\"100\" \/>\n\t<meta property=\"og:image:type\" content=\"image\/jpeg\" \/>\n<meta name=\"author\" content=\"Sonja Babi\u0107\" \/>\n<meta name=\"twitter:card\" content=\"summary_large_image\" \/>\n<meta name=\"twitter:label1\" content=\"\u041d\u0430\u043f\u0438\u0441\u0430\u043d\u043e \u043e\u0434\" \/>\n\t<meta name=\"twitter:data1\" content=\"Sonja Babi\u0107\" \/>\n\t<meta name=\"twitter:label2\" content=\"\u041f\u0440\u043e\u0446\u0435\u045a\u0435\u043d\u043e \u0432\u0440\u0435\u043c\u0435 \u0447\u0438\u0442\u0430\u045a\u0430\" \/>\n\t<meta name=\"twitter:data2\" content=\"2 \u043c\u0438\u043d\u0443\u0442\u0430\" \/>\n<script type=\"application\/ld+json\" class=\"yoast-schema-graph\">{\"@context\":\"https:\\\/\\\/schema.org\",\"@graph\":[{\"@type\":\"Article\",\"@id\":\"https:\\\/\\\/spriv.vojvodina.gov.rs\\\/rs\\\/ivan-dokovic-banja-junakovic-bi-mogla-da-bude-znacajan-konkurent-banjama-u-okruzenju\\\/#article\",\"isPartOf\":{\"@id\":\"https:\\\/\\\/spriv.vojvodina.gov.rs\\\/rs\\\/ivan-dokovic-banja-junakovic-bi-mogla-da-bude-znacajan-konkurent-banjama-u-okruzenju\\\/\"},\"author\":{\"name\":\"Sonja Babi\u0107\",\"@id\":\"https:\\\/\\\/spriv.vojvodina.gov.rs\\\/#\\\/schema\\\/person\\\/749ef4f57fbb458f1c759e7a4fa78485\"},\"headline\":\"Ivan \u0110okovi\u0107: Banja Junakovi\u0107 bi mogla da bude zna\u010dajan konkurent banjama u okru\u017eenju\",\"datePublished\":\"2016-12-13T15:59:22+00:00\",\"mainEntityOfPage\":{\"@id\":\"https:\\\/\\\/spriv.vojvodina.gov.rs\\\/rs\\\/ivan-dokovic-banja-junakovic-bi-mogla-da-bude-znacajan-konkurent-banjama-u-okruzenju\\\/\"},\"wordCount\":392,\"image\":{\"@id\":\"https:\\\/\\\/spriv.vojvodina.gov.rs\\\/rs\\\/ivan-dokovic-banja-junakovic-bi-mogla-da-bude-znacajan-konkurent-banjama-u-okruzenju\\\/#primaryimage\"},\"thumbnailUrl\":\"https:\\\/\\\/spriv.vojvodina.gov.rs\\\/wp-content\\\/uploads\\\/2016\\\/12\\\/junakovic-mala.JPG\",\"articleSection\":[\"Vesti Latinica\"],\"inLanguage\":\"sr-RS\"},{\"@type\":\"WebPage\",\"@id\":\"https:\\\/\\\/spriv.vojvodina.gov.rs\\\/rs\\\/ivan-dokovic-banja-junakovic-bi-mogla-da-bude-znacajan-konkurent-banjama-u-okruzenju\\\/\",\"url\":\"https:\\\/\\\/spriv.vojvodina.gov.rs\\\/rs\\\/ivan-dokovic-banja-junakovic-bi-mogla-da-bude-znacajan-konkurent-banjama-u-okruzenju\\\/\",\"name\":\"Ivan \u0110okovi\u0107: Banja Junakovi\u0107 bi mogla da bude zna\u010dajan konkurent banjama u okru\u017eenju - \u041f\u043e\u043a\u0440\u0430\u0458\u0438\u043d\u0441\u043a\u0438 \u0441\u0435\u043a\u0440\u0435\u0442\u0430\u0440\u0438\u0458\u0430\u0442 \u0437\u0430 \u043f\u0440\u0438\u0432\u0440\u0435\u0434\u0443 \u0438 \u0442\u0443\u0440\u0438\u0437\u0430\u043c\",\"isPartOf\":{\"@id\":\"https:\\\/\\\/spriv.vojvodina.gov.rs\\\/#website\"},\"primaryImageOfPage\":{\"@id\":\"https:\\\/\\\/spriv.vojvodina.gov.rs\\\/rs\\\/ivan-dokovic-banja-junakovic-bi-mogla-da-bude-znacajan-konkurent-banjama-u-okruzenju\\\/#primaryimage\"},\"image\":{\"@id\":\"https:\\\/\\\/spriv.vojvodina.gov.rs\\\/rs\\\/ivan-dokovic-banja-junakovic-bi-mogla-da-bude-znacajan-konkurent-banjama-u-okruzenju\\\/#primaryimage\"},\"thumbnailUrl\":\"https:\\\/\\\/spriv.vojvodina.gov.rs\\\/wp-content\\\/uploads\\\/2016\\\/12\\\/junakovic-mala.JPG\",\"datePublished\":\"2016-12-13T15:59:22+00:00\",\"author\":{\"@id\":\"https:\\\/\\\/spriv.vojvodina.gov.rs\\\/#\\\/schema\\\/person\\\/749ef4f57fbb458f1c759e7a4fa78485\"},\"breadcrumb\":{\"@id\":\"https:\\\/\\\/spriv.vojvodina.gov.rs\\\/rs\\\/ivan-dokovic-banja-junakovic-bi-mogla-da-bude-znacajan-konkurent-banjama-u-okruzenju\\\/#breadcrumb\"},\"inLanguage\":\"sr-RS\",\"potentialAction\":[{\"@type\":\"ReadAction\",\"target\":[\"https:\\\/\\\/spriv.vojvodina.gov.rs\\\/rs\\\/ivan-dokovic-banja-junakovic-bi-mogla-da-bude-znacajan-konkurent-banjama-u-okruzenju\\\/\"]}]},{\"@type\":\"ImageObject\",\"inLanguage\":\"sr-RS\",\"@id\":\"https:\\\/\\\/spriv.vojvodina.gov.rs\\\/rs\\\/ivan-dokovic-banja-junakovic-bi-mogla-da-bude-znacajan-konkurent-banjama-u-okruzenju\\\/#primaryimage\",\"url\":\"https:\\\/\\\/spriv.vojvodina.gov.rs\\\/wp-content\\\/uploads\\\/2016\\\/12\\\/junakovic-mala.JPG\",\"contentUrl\":\"https:\\\/\\\/spriv.vojvodina.gov.rs\\\/wp-content\\\/uploads\\\/2016\\\/12\\\/junakovic-mala.JPG\",\"width\":140,\"height\":100},{\"@type\":\"BreadcrumbList\",\"@id\":\"https:\\\/\\\/spriv.vojvodina.gov.rs\\\/rs\\\/ivan-dokovic-banja-junakovic-bi-mogla-da-bude-znacajan-konkurent-banjama-u-okruzenju\\\/#breadcrumb\",\"itemListElement\":[{\"@type\":\"ListItem\",\"position\":1,\"name\":\"Home\",\"item\":\"https:\\\/\\\/spriv.vojvodina.gov.rs\\\/\"},{\"@type\":\"ListItem\",\"position\":2,\"name\":\"Ivan \u0110okovi\u0107: Banja Junakovi\u0107 bi mogla da bude zna\u010dajan konkurent banjama u okru\u017eenju\"}]},{\"@type\":\"WebSite\",\"@id\":\"https:\\\/\\\/spriv.vojvodina.gov.rs\\\/#website\",\"url\":\"https:\\\/\\\/spriv.vojvodina.gov.rs\\\/\",\"name\":\"\u041f\u043e\u043a\u0440\u0430\u0458\u0438\u043d\u0441\u043a\u0438 \u0441\u0435\u043a\u0440\u0435\u0442\u0430\u0440\u0438\u0458\u0430\u0442 \u0437\u0430 \u043f\u0440\u0438\u0432\u0440\u0435\u0434\u0443 \u0438 \u0442\u0443\u0440\u0438\u0437\u0430\u043c\",\"description\":\"\u041f\u043e\u043a\u0440\u0430\u0458\u0438\u043d\u0441\u043a\u0438 \u0441\u0435\u043a\u0440\u0435\u0442\u0430\u0440\u0438\u0458\u0430\u0442 \u0437\u0430 \u043f\u0440\u0438\u0432\u0440\u0435\u0434\u0443 \u0438 \u0442\u0443\u0440\u0438\u0437\u0430\u043c\",\"potentialAction\":[{\"@type\":\"SearchAction\",\"target\":{\"@type\":\"EntryPoint\",\"urlTemplate\":\"https:\\\/\\\/spriv.vojvodina.gov.rs\\\/?s={search_term_string}\"},\"query-input\":{\"@type\":\"PropertyValueSpecification\",\"valueRequired\":true,\"valueName\":\"search_term_string\"}}],\"inLanguage\":\"sr-RS\"},{\"@type\":\"Person\",\"@id\":\"https:\\\/\\\/spriv.vojvodina.gov.rs\\\/#\\\/schema\\\/person\\\/749ef4f57fbb458f1c759e7a4fa78485\",\"name\":\"Sonja Babi\u0107\",\"image\":{\"@type\":\"ImageObject\",\"inLanguage\":\"sr-RS\",\"@id\":\"https:\\\/\\\/secure.gravatar.com\\\/avatar\\\/00a1d182a20a59067af1e7b1c31cbcc3be1a456ee4b27746580e120c2582e5bd?s=96&d=mm&r=g\",\"url\":\"https:\\\/\\\/secure.gravatar.com\\\/avatar\\\/00a1d182a20a59067af1e7b1c31cbcc3be1a456ee4b27746580e120c2582e5bd?s=96&d=mm&r=g\",\"contentUrl\":\"https:\\\/\\\/secure.gravatar.com\\\/avatar\\\/00a1d182a20a59067af1e7b1c31cbcc3be1a456ee4b27746580e120c2582e5bd?s=96&d=mm&r=g\",\"caption\":\"Sonja Babi\u0107\"},\"url\":\"https:\\\/\\\/spriv.vojvodina.gov.rs\\\/rs\\\/author\\\/sonja-babic\\\/\"}]}<\/script>\n<!-- \/ Yoast SEO plugin. -->","yoast_head_json":{"title":"Ivan \u0110okovi\u0107: Banja Junakovi\u0107 bi mogla da bude zna\u010dajan konkurent banjama u okru\u017eenju - \u041f\u043e\u043a\u0440\u0430\u0458\u0438\u043d\u0441\u043a\u0438 \u0441\u0435\u043a\u0440\u0435\u0442\u0430\u0440\u0438\u0458\u0430\u0442 \u0437\u0430 \u043f\u0440\u0438\u0432\u0440\u0435\u0434\u0443 \u0438 \u0442\u0443\u0440\u0438\u0437\u0430\u043c","robots":{"index":"index","follow":"follow","max-snippet":"max-snippet:-1","max-image-preview":"max-image-preview:large","max-video-preview":"max-video-preview:-1"},"canonical":"https:\/\/spriv.vojvodina.gov.rs\/rs\/ivan-dokovic-banja-junakovic-bi-mogla-da-bude-znacajan-konkurent-banjama-u-okruzenju\/","og_locale":"sr_RS","og_type":"article","og_title":"Ivan \u0110okovi\u0107: Banja Junakovi\u0107 bi mogla da bude zna\u010dajan konkurent banjama u okru\u017eenju - \u041f\u043e\u043a\u0440\u0430\u0458\u0438\u043d\u0441\u043a\u0438 \u0441\u0435\u043a\u0440\u0435\u0442\u0430\u0440\u0438\u0458\u0430\u0442 \u0437\u0430 \u043f\u0440\u0438\u0432\u0440\u0435\u0434\u0443 \u0438 \u0442\u0443\u0440\u0438\u0437\u0430\u043c","og_description":"Apatin, 13. decembar 2016. - Potpredsednik Pokrajinske vlade i pokrajinski sekretar za privredu i turizam, Ivan \u0110okovi\u0107, posetio je Specijalnu bolnicu za rehabilitaciju ,,Banja Junakovi\u0107\u201c u Apatinu. Ova poseta jeste deo procedure Sekretarijata koji nastoji da preciznim analizama stanja na terenu proceni i sagleda turisti\u010dke potencijale u AP Vojvodini u svrhu unapre\u0111enja svih oblasti turizma, sa posebnim akcentom na banjski.","og_url":"https:\/\/spriv.vojvodina.gov.rs\/rs\/ivan-dokovic-banja-junakovic-bi-mogla-da-bude-znacajan-konkurent-banjama-u-okruzenju\/","og_site_name":"\u041f\u043e\u043a\u0440\u0430\u0458\u0438\u043d\u0441\u043a\u0438 \u0441\u0435\u043a\u0440\u0435\u0442\u0430\u0440\u0438\u0458\u0430\u0442 \u0437\u0430 \u043f\u0440\u0438\u0432\u0440\u0435\u0434\u0443 \u0438 \u0442\u0443\u0440\u0438\u0437\u0430\u043c","article_published_time":"2016-12-13T15:59:22+00:00","og_image":[{"width":140,"height":100,"url":"https:\/\/spriv.vojvodina.gov.rs\/wp-content\/uploads\/2016\/12\/junakovic-mala.JPG","type":"image\/jpeg"}],"author":"Sonja Babi\u0107","twitter_card":"summary_large_image","twitter_misc":{"\u041d\u0430\u043f\u0438\u0441\u0430\u043d\u043e \u043e\u0434":"Sonja Babi\u0107","\u041f\u0440\u043e\u0446\u0435\u045a\u0435\u043d\u043e \u0432\u0440\u0435\u043c\u0435 \u0447\u0438\u0442\u0430\u045a\u0430":"2 \u043c\u0438\u043d\u0443\u0442\u0430"},"schema":{"@context":"https:\/\/schema.org","@graph":[{"@type":"Article","@id":"https:\/\/spriv.vojvodina.gov.rs\/rs\/ivan-dokovic-banja-junakovic-bi-mogla-da-bude-znacajan-konkurent-banjama-u-okruzenju\/#article","isPartOf":{"@id":"https:\/\/spriv.vojvodina.gov.rs\/rs\/ivan-dokovic-banja-junakovic-bi-mogla-da-bude-znacajan-konkurent-banjama-u-okruzenju\/"},"author":{"name":"Sonja Babi\u0107","@id":"https:\/\/spriv.vojvodina.gov.rs\/#\/schema\/person\/749ef4f57fbb458f1c759e7a4fa78485"},"headline":"Ivan \u0110okovi\u0107: Banja Junakovi\u0107 bi mogla da bude zna\u010dajan konkurent banjama u okru\u017eenju","datePublished":"2016-12-13T15:59:22+00:00","mainEntityOfPage":{"@id":"https:\/\/spriv.vojvodina.gov.rs\/rs\/ivan-dokovic-banja-junakovic-bi-mogla-da-bude-znacajan-konkurent-banjama-u-okruzenju\/"},"wordCount":392,"image":{"@id":"https:\/\/spriv.vojvodina.gov.rs\/rs\/ivan-dokovic-banja-junakovic-bi-mogla-da-bude-znacajan-konkurent-banjama-u-okruzenju\/#primaryimage"},"thumbnailUrl":"https:\/\/spriv.vojvodina.gov.rs\/wp-content\/uploads\/2016\/12\/junakovic-mala.JPG","articleSection":["Vesti Latinica"],"inLanguage":"sr-RS"},{"@type":"WebPage","@id":"https:\/\/spriv.vojvodina.gov.rs\/rs\/ivan-dokovic-banja-junakovic-bi-mogla-da-bude-znacajan-konkurent-banjama-u-okruzenju\/","url":"https:\/\/spriv.vojvodina.gov.rs\/rs\/ivan-dokovic-banja-junakovic-bi-mogla-da-bude-znacajan-konkurent-banjama-u-okruzenju\/","name":"Ivan \u0110okovi\u0107: Banja Junakovi\u0107 bi mogla da bude zna\u010dajan konkurent banjama u okru\u017eenju - \u041f\u043e\u043a\u0440\u0430\u0458\u0438\u043d\u0441\u043a\u0438 \u0441\u0435\u043a\u0440\u0435\u0442\u0430\u0440\u0438\u0458\u0430\u0442 \u0437\u0430 \u043f\u0440\u0438\u0432\u0440\u0435\u0434\u0443 \u0438 \u0442\u0443\u0440\u0438\u0437\u0430\u043c","isPartOf":{"@id":"https:\/\/spriv.vojvodina.gov.rs\/#website"},"primaryImageOfPage":{"@id":"https:\/\/spriv.vojvodina.gov.rs\/rs\/ivan-dokovic-banja-junakovic-bi-mogla-da-bude-znacajan-konkurent-banjama-u-okruzenju\/#primaryimage"},"image":{"@id":"https:\/\/spriv.vojvodina.gov.rs\/rs\/ivan-dokovic-banja-junakovic-bi-mogla-da-bude-znacajan-konkurent-banjama-u-okruzenju\/#primaryimage"},"thumbnailUrl":"https:\/\/spriv.vojvodina.gov.rs\/wp-content\/uploads\/2016\/12\/junakovic-mala.JPG","datePublished":"2016-12-13T15:59:22+00:00","author":{"@id":"https:\/\/spriv.vojvodina.gov.rs\/#\/schema\/person\/749ef4f57fbb458f1c759e7a4fa78485"},"breadcrumb":{"@id":"https:\/\/spriv.vojvodina.gov.rs\/rs\/ivan-dokovic-banja-junakovic-bi-mogla-da-bude-znacajan-konkurent-banjama-u-okruzenju\/#breadcrumb"},"inLanguage":"sr-RS","potentialAction":[{"@type":"ReadAction","target":["https:\/\/spriv.vojvodina.gov.rs\/rs\/ivan-dokovic-banja-junakovic-bi-mogla-da-bude-znacajan-konkurent-banjama-u-okruzenju\/"]}]},{"@type":"ImageObject","inLanguage":"sr-RS","@id":"https:\/\/spriv.vojvodina.gov.rs\/rs\/ivan-dokovic-banja-junakovic-bi-mogla-da-bude-znacajan-konkurent-banjama-u-okruzenju\/#primaryimage","url":"https:\/\/spriv.vojvodina.gov.rs\/wp-content\/uploads\/2016\/12\/junakovic-mala.JPG","contentUrl":"https:\/\/spriv.vojvodina.gov.rs\/wp-content\/uploads\/2016\/12\/junakovic-mala.JPG","width":140,"height":100},{"@type":"BreadcrumbList","@id":"https:\/\/spriv.vojvodina.gov.rs\/rs\/ivan-dokovic-banja-junakovic-bi-mogla-da-bude-znacajan-konkurent-banjama-u-okruzenju\/#breadcrumb","itemListElement":[{"@type":"ListItem","position":1,"name":"Home","item":"https:\/\/spriv.vojvodina.gov.rs\/"},{"@type":"ListItem","position":2,"name":"Ivan \u0110okovi\u0107: Banja Junakovi\u0107 bi mogla da bude zna\u010dajan konkurent banjama u okru\u017eenju"}]},{"@type":"WebSite","@id":"https:\/\/spriv.vojvodina.gov.rs\/#website","url":"https:\/\/spriv.vojvodina.gov.rs\/","name":"\u041f\u043e\u043a\u0440\u0430\u0458\u0438\u043d\u0441\u043a\u0438 \u0441\u0435\u043a\u0440\u0435\u0442\u0430\u0440\u0438\u0458\u0430\u0442 \u0437\u0430 \u043f\u0440\u0438\u0432\u0440\u0435\u0434\u0443 \u0438 \u0442\u0443\u0440\u0438\u0437\u0430\u043c","description":"\u041f\u043e\u043a\u0440\u0430\u0458\u0438\u043d\u0441\u043a\u0438 \u0441\u0435\u043a\u0440\u0435\u0442\u0430\u0440\u0438\u0458\u0430\u0442 \u0437\u0430 \u043f\u0440\u0438\u0432\u0440\u0435\u0434\u0443 \u0438 \u0442\u0443\u0440\u0438\u0437\u0430\u043c","potentialAction":[{"@type":"SearchAction","target":{"@type":"EntryPoint","urlTemplate":"https:\/\/spriv.vojvodina.gov.rs\/?s={search_term_string}"},"query-input":{"@type":"PropertyValueSpecification","valueRequired":true,"valueName":"search_term_string"}}],"inLanguage":"sr-RS"},{"@type":"Person","@id":"https:\/\/spriv.vojvodina.gov.rs\/#\/schema\/person\/749ef4f57fbb458f1c759e7a4fa78485","name":"Sonja Babi\u0107","image":{"@type":"ImageObject","inLanguage":"sr-RS","@id":"https:\/\/secure.gravatar.com\/avatar\/00a1d182a20a59067af1e7b1c31cbcc3be1a456ee4b27746580e120c2582e5bd?s=96&d=mm&r=g","url":"https:\/\/secure.gravatar.com\/avatar\/00a1d182a20a59067af1e7b1c31cbcc3be1a456ee4b27746580e120c2582e5bd?s=96&d=mm&r=g","contentUrl":"https:\/\/secure.gravatar.com\/avatar\/00a1d182a20a59067af1e7b1c31cbcc3be1a456ee4b27746580e120c2582e5bd?s=96&d=mm&r=g","caption":"Sonja Babi\u0107"},"url":"https:\/\/spriv.vojvodina.gov.rs\/rs\/author\/sonja-babic\/"}]}},"_links":{"self":[{"href":"https:\/\/spriv.vojvodina.gov.rs\/rs\/wp-json\/wp\/v2\/posts\/2199","targetHints":{"allow":["GET"]}}],"collection":[{"href":"https:\/\/spriv.vojvodina.gov.rs\/rs\/wp-json\/wp\/v2\/posts"}],"about":[{"href":"https:\/\/spriv.vojvodina.gov.rs\/rs\/wp-json\/wp\/v2\/types\/post"}],"author":[{"embeddable":true,"href":"https:\/\/spriv.vojvodina.gov.rs\/rs\/wp-json\/wp\/v2\/users\/3"}],"replies":[{"embeddable":true,"href":"https:\/\/spriv.vojvodina.gov.rs\/rs\/wp-json\/wp\/v2\/comments?post=2199"}],"version-history":[{"count":0,"href":"https:\/\/spriv.vojvodina.gov.rs\/rs\/wp-json\/wp\/v2\/posts\/2199\/revisions"}],"wp:featuredmedia":[{"embeddable":true,"href":"https:\/\/spriv.vojvodina.gov.rs\/rs\/wp-json\/wp\/v2\/media\/2189"}],"wp:attachment":[{"href":"https:\/\/spriv.vojvodina.gov.rs\/rs\/wp-json\/wp\/v2\/media?parent=2199"}],"wp:term":[{"taxonomy":"category","embeddable":true,"href":"https:\/\/spriv.vojvodina.gov.rs\/rs\/wp-json\/wp\/v2\/categories?post=2199"},{"taxonomy":"post_tag","embeddable":true,"href":"https:\/\/spriv.vojvodina.gov.rs\/rs\/wp-json\/wp\/v2\/tags?post=2199"}],"curies":[{"name":"wp","href":"https:\/\/api.w.org\/{rel}","templated":true}]}}