{"id":2109,"date":"2016-11-18T20:26:59","date_gmt":"2016-11-18T20:26:59","guid":{"rendered":"http:\/\/spriv.vojvodina.gov.rs\/2016\/11\/18\/potpredsednik-dokovic-produbiti-svest-o-bogatstvu-kojim-raspolazemo-i-o-savremenim-finansijskim-konstrukcijama-za-odrzivo-koriscenje-zasticenih-prirodnih-podrucja\/"},"modified":"2016-11-18T20:26:59","modified_gmt":"2016-11-18T20:26:59","slug":"potpredsednik-dokovic-produbiti-svest-o-bogatstvu-kojim-raspolazemo-i-o-savremenim-finansijskim-konstrukcijama-za-odrzivo-koriscenje-zasticenih-prirodnih-podrucja","status":"publish","type":"post","link":"https:\/\/spriv.vojvodina.gov.rs\/rs\/potpredsednik-dokovic-produbiti-svest-o-bogatstvu-kojim-raspolazemo-i-o-savremenim-finansijskim-konstrukcijama-za-odrzivo-koriscenje-zasticenih-prirodnih-podrucja\/","title":{"rendered":"Potpredsednik \u0110okovi\u0107: Produbiti svest o bogatstvu kojim raspola\u017eemo i o savremenim finansijskim konstrukcijama za odr\u017eivo kori\u0161\u0107enje za\u0161ti\u0107enih prirodnih podru\u010dja"},"content":{"rendered":"<p class=\"MsoNormal\" style=\"text-align: center;\">\u00a0<span style=\"mso-ansi-language: SR-CYRL-RS;\" lang=\"SR-CYRL-RS\"><img loading=\"lazy\" decoding=\"async\" class=\" size-full wp-image-2101\" src=\"http:\/\/spriv.vojvodina.gov.rs\/wp-content\/uploads\/2016\/11\/niskokarbon-1.JPG\" border=\"0\" alt=\"\" width=\"600\" height=\"400\" srcset=\"https:\/\/spriv.vojvodina.gov.rs\/wp-content\/uploads\/2016\/11\/niskokarbon-1.JPG 600w, https:\/\/spriv.vojvodina.gov.rs\/wp-content\/uploads\/2016\/11\/niskokarbon-1-300x200.jpg 300w\" sizes=\"auto, (max-width: 600px) 100vw, 600px\" \/><\/span><\/p>\n<p class=\"MsoNormal\" style=\"text-align: justify;\"><span style=\"mso-ansi-language: SR-CYRL-RS;\" lang=\"SR-CYRL-RS\">Na dana\u0161njoj regionalnoj konferenciji posve\u0107enoj o biodiverzitetu, niskokarbonskom zelenom turizmu i lokalnom ekonomskom razvoju ,, EIAT 2016\u201c, koja se odr\u017eava u Novom Sadu, u\u010desnici su izlagali i diskutovali o razvoju posebnih vidova turizma u funkciji privrednog razvoja i za\u0161tite \u017eivotne sredine. U\u010desnici su na konferenciji ukazivali na zna\u010daj uno\u0161enja promena i raznovrsnosti u ruralne ekonomije kroz razvoj zelenog, odnosno eko-turizma i iznala\u017eenja re\u0161enja za finansijsku odr\u017eivost za\u0161ti\u0107enih podru\u010dja prirode, a u svetlu nove razvojne agende Ujedinjenih nacija do 2030. godine i ciljeva odr\u017eivog razvoja.<\/span><\/p>\n<p class=\"MsoNormal\" style=\"text-align: center;\"><img loading=\"lazy\" decoding=\"async\" class=\" size-full wp-image-2102\" src=\"http:\/\/spriv.vojvodina.gov.rs\/wp-content\/uploads\/2016\/11\/niskokarbon-2.JPG\" border=\"0\" alt=\"\" width=\"600\" height=\"400\" srcset=\"https:\/\/spriv.vojvodina.gov.rs\/wp-content\/uploads\/2016\/11\/niskokarbon-2.JPG 600w, https:\/\/spriv.vojvodina.gov.rs\/wp-content\/uploads\/2016\/11\/niskokarbon-2-300x200.jpg 300w\" sizes=\"auto, (max-width: 600px) 100vw, 600px\" \/><\/p>\n<p class=\"MsoNormal\" style=\"text-align: justify;\"><span style=\"mso-ansi-language: SR-CYRL-RS;\" lang=\"SR-CYRL-RS\">Konferenciju je organizovao Centar za istra\u017eivanja i studije turizma, uz podr\u0161ku i partnerstvo Pokrajinske vlade, Ministarstva trgovine, turizma i telekomunikacija, Nema\u010dke organizacije za me\u0111unarodnu saradnju \u2013 GIZ, Centralne evropske inicijative (CEI), Grada Subotice i Turisti\u010dkih organizacija Republike Srbije, AP Vojvodine i Republike Crne Gore.<\/span><\/p>\n<p class=\"MsoNormal\" style=\"text-align: center;\"><span style=\"mso-ansi-language: SR-CYRL-RS;\" lang=\"SR-CYRL-RS\"><img loading=\"lazy\" decoding=\"async\" class=\" size-full wp-image-2103\" src=\"http:\/\/spriv.vojvodina.gov.rs\/wp-content\/uploads\/2016\/11\/niskokarbon-3.JPG\" border=\"0\" alt=\"\" width=\"600\" height=\"400\" srcset=\"https:\/\/spriv.vojvodina.gov.rs\/wp-content\/uploads\/2016\/11\/niskokarbon-3.JPG 600w, https:\/\/spriv.vojvodina.gov.rs\/wp-content\/uploads\/2016\/11\/niskokarbon-3-300x200.jpg 300w\" sizes=\"auto, (max-width: 600px) 100vw, 600px\" \/><\/span><\/p>\n<p style=\"text-align: justify;\">Potpredsednik Pokrajinske vlade i pokrajinski sekretar za privredu i turizam, Ivan \u0110okovi\u0107 je izlagao u okviru panela posve\u0107enog javno-privatnom partnerstvu i inicijativama za finansijsku odr\u017eivost za\u0161ti\u0107enih podru\u010dja.<\/p>\n<p style=\"text-align: justify;\">,,Vlada Republike Srbije je protekle nedelje razmotrila tekst Strategije razvoja turizma Republike Srbije i utvrdila kona\u010dnu verziju, koja bi trebalo da bude upu\u0107ena na narednu sednicu Skup\u0161tine Republike Srbije. Pokrajinska vlada ima obavezu da usvoji plan i program razvoja turizma AP Vojvodine, te smo kao nadle\u017eni Sekretarijat to sebi postavili za cilj. Kroz zajedni\u010dki rad i zalaganje u okviru Saveta za turizam osnovanog pri Sekretarijatu smo po\u010deli da stvaramo obrise i konture tog strate\u0161kog dokumenta koji bi trebalo usvojiti u narednom periodu. Oslonac predstavljaju svi oni strate\u0161ki pravci koje je prepoznala Republika Srbija na teritoriji Pokrajine\u201c, istakao je \u0110okovi\u0107.<\/p>\n<p class=\"MsoNormal\" style=\"text-align: center;\"><span style=\"mso-ansi-language: SR-CYRL-RS;\" lang=\"SR-CYRL-RS\"><img loading=\"lazy\" decoding=\"async\" class=\" size-full wp-image-2104\" src=\"http:\/\/spriv.vojvodina.gov.rs\/wp-content\/uploads\/2016\/11\/niskokarbon-4.JPG\" border=\"0\" alt=\"\" width=\"600\" height=\"400\" srcset=\"https:\/\/spriv.vojvodina.gov.rs\/wp-content\/uploads\/2016\/11\/niskokarbon-4.JPG 600w, https:\/\/spriv.vojvodina.gov.rs\/wp-content\/uploads\/2016\/11\/niskokarbon-4-300x200.jpg 300w\" sizes=\"auto, (max-width: 600px) 100vw, 600px\" \/><\/span><\/p>\n<p class=\"MsoNormal\" style=\"text-align: justify;\"><span style=\"mso-ansi-language: SR-CYRL-RS;\" lang=\"SR-CYRL-RS\">Potpredsednik navodi da jedan od strate\u0161kih pravaca jeste i odr\u017eivo kori\u0161\u0107enje resursa i prepoznavanje novih turisti\u010dkih proizvoda. On nagla\u0161ava da Vojvodina raspola\u017ee prirodnim i za\u0161ti\u0107enim dobrima, ta\u010dnije oko 134 prirodna dobra su za\u0161ti\u0107ena i stavljena u taj re\u017eim. ,,Za\u0161ti\u0107ena podru\u010dja su pod upravom javnih preduze\u0107a \u010diji je osniva\u010d lokalna samouprava, izuzev Nacionalnog parka Fru\u0161ka gora koji je u nadle\u017enosti preduze\u0107a \u010diji je osniva\u010d Republika, odnosno Pokrajina. U domenu javno-privatnog partnerstva se postavlja pitanje kakvo je to komercijalno kori\u0161\u0107enje prirodnih dobara i prirodnih podru\u010dja u narednom periodu, koje \u0107e omogu\u0107iti ne samo da ona budu finansijski odr\u017eiva, uz \u010duvanje prirode i za\u0161titu od devastacije, ve\u0107 i kako da se preko njih stvori nova turisti\u010dka ponuda, odnosno nova materijalna vrednost. Pored ove, druga dimenzija je korporativna socijalna odgovornost svih privrednih aktera koji se nalaze u domenu podru\u010dja tih prirodnih dobara\u201c.<\/span><\/p>\n<p class=\"MsoNormal\" style=\"text-align: center;\"><span style=\"mso-ansi-language: SR-CYRL-RS;\" lang=\"SR-CYRL-RS\"><img loading=\"lazy\" decoding=\"async\" class=\" size-full wp-image-2105\" src=\"http:\/\/spriv.vojvodina.gov.rs\/wp-content\/uploads\/2016\/11\/niskokarbon-5.JPG\" border=\"0\" alt=\"\" width=\"600\" height=\"400\" srcset=\"https:\/\/spriv.vojvodina.gov.rs\/wp-content\/uploads\/2016\/11\/niskokarbon-5.JPG 600w, https:\/\/spriv.vojvodina.gov.rs\/wp-content\/uploads\/2016\/11\/niskokarbon-5-300x200.jpg 300w\" sizes=\"auto, (max-width: 600px) 100vw, 600px\" \/><\/span><\/p>\n<p style=\"text-align: justify;\">\u0110okovi\u0107 je stava da je u pogledu oblasti korporativne odgovornosti potrebno podizati svest lokalnih samouprava da kroz usmeravanje odre\u0111enih finansijskih potencijala ka o\u010duvanju prirodnih za\u0161ti\u0107enih dobara, \u0161tite i kulturne, socijalne i dru\u0161tvene vrednosti.<\/p>\n<p style=\"text-align: justify;\">,,Na\u010delno se mo\u017ee re\u0107i da u pravnom smislu postoji prostor za investitore, po pitanju koncesionalnog kori\u0161\u0107enja prirodnih dobara i kroz institucionalno javno-privatno partnerstvo, osnivanje privrednih dru\u0161tava, \u0161to bi dovelo do celishodnijeg upravljanja takvim resursima\u201c, istakao je \u0110okovi\u0107, dodav\u0161i da postoji pretpostavka da bi model javno-privatnog partnerstva u ovoj oblasti doveo do toga da se ta podru\u010dja ne samo ekonomi\u010dnije koriste, ve\u0107 da se izdvoje i dodatna sredstva da se takva podru\u010dja finansijski odr\u017ee.<\/p>\n<p class=\"MsoNormal\" style=\"text-align: center;\"><span style=\"mso-ansi-language: SR-CYRL-RS;\" lang=\"SR-CYRL-RS\"><img loading=\"lazy\" decoding=\"async\" class=\" size-full wp-image-2106\" src=\"http:\/\/spriv.vojvodina.gov.rs\/wp-content\/uploads\/2016\/11\/niskokarbon-7.JPG\" border=\"0\" alt=\"\" width=\"600\" height=\"400\" srcset=\"https:\/\/spriv.vojvodina.gov.rs\/wp-content\/uploads\/2016\/11\/niskokarbon-7.JPG 600w, https:\/\/spriv.vojvodina.gov.rs\/wp-content\/uploads\/2016\/11\/niskokarbon-7-300x200.jpg 300w\" sizes=\"auto, (max-width: 600px) 100vw, 600px\" \/><\/span><\/p>\n<p class=\"MsoNormal\" style=\"text-align: justify;\"><span style=\"mso-ansi-language: SR-CYRL-RS;\" lang=\"SR-CYRL-RS\">Pokrajinska vlada je okviru svojih strate\u0161kih prioriteta svrstala razvoj turizma, kao jedan od klju\u010dnih faktora ukupnog ekonomskog razvoja. Razvoj niskokarbonskog turizma, zelenog, turizma, je upravo mogu\u0107 u Vojvodini koja ima izuzetne uslove, u vidu \u010dak 134 za\u0161ti\u0107ena podru\u010dja prirode kod kojih je uo\u010dljiv visok stepen biodiverziteta. <\/span><\/p>\n<p class=\"MsoNormal\"><span style=\"mso-ansi-language: SR-CYRL-RS;\" lang=\"SR-CYRL-RS\"><br \/><\/span><img loading=\"lazy\" decoding=\"async\" class=\" size-full wp-image-2107\" src=\"http:\/\/spriv.vojvodina.gov.rs\/wp-content\/uploads\/2016\/11\/niskokarbon-6.JPG\" border=\"0\" alt=\"\" style=\"display: block; margin-left: auto; margin-right: auto;\" width=\"600\" height=\"400\" srcset=\"https:\/\/spriv.vojvodina.gov.rs\/wp-content\/uploads\/2016\/11\/niskokarbon-6.JPG 600w, https:\/\/spriv.vojvodina.gov.rs\/wp-content\/uploads\/2016\/11\/niskokarbon-6-300x200.jpg 300w\" sizes=\"auto, (max-width: 600px) 100vw, 600px\" \/><\/p>\n","protected":false},"excerpt":{"rendered":"\u041dNovi Sad, 18. novembar 2016. &#8211; Na dana\u0161njoj regionalnoj konferenciji posve\u0107enoj o biodiverzitetu, niskokarbonskom zelenom turizmu i lokalnom ekonomskom razvoju ,, EIAT 2016\u201c, koja se odr\u017eava u Novom Sadu, u\u010desnici su izlagali i diskutovali o razvoju posebnih vidova turizma u funkciji privrednog razvoja i za\u0161tite \u017eivotne sredine. U\u010desnici su na konferenciji ukazivali na zna\u010daj uno\u0161enja promena i raznovrsnosti u ruralne ekonomije kroz razvoj zelenog, odnosno eko-turizma i iznala\u017eenja re\u0161enja za finansijsku odr\u017eivost za\u0161ti\u0107enih podru\u010dja prirode, a u svetlu nove razvojne agende Ujedinjenih nacija do 2030. godine i ciljeva odr\u017eivog razvoja. \n<a class=\"moretag\" href=\"https:\/\/spriv.vojvodina.gov.rs\/rs\/potpredsednik-dokovic-produbiti-svest-o-bogatstvu-kojim-raspolazemo-i-o-savremenim-finansijskim-konstrukcijama-za-odrzivo-koriscenje-zasticenih-prirodnih-podrucja\/\"> [...]<\/a>","protected":false},"author":3,"featured_media":2100,"comment_status":"closed","ping_status":"closed","sticky":false,"template":"","format":"standard","meta":{"footnotes":""},"categories":[31],"tags":[],"class_list":["post-2109","post","type-post","status-publish","format-standard","has-post-thumbnail","hentry","category-vesti-latinica1"],"yoast_head":"<!-- This site is optimized with the Yoast SEO plugin v27.4 - https:\/\/yoast.com\/product\/yoast-seo-wordpress\/ -->\n<title>Potpredsednik \u0110okovi\u0107: Produbiti svest o bogatstvu kojim raspola\u017eemo i o savremenim finansijskim konstrukcijama za odr\u017eivo kori\u0161\u0107enje za\u0161ti\u0107enih prirodnih podru\u010dja - \u041f\u043e\u043a\u0440\u0430\u0458\u0438\u043d\u0441\u043a\u0438 \u0441\u0435\u043a\u0440\u0435\u0442\u0430\u0440\u0438\u0458\u0430\u0442 \u0437\u0430 \u043f\u0440\u0438\u0432\u0440\u0435\u0434\u0443 \u0438 \u0442\u0443\u0440\u0438\u0437\u0430\u043c<\/title>\n<meta name=\"robots\" content=\"index, follow, max-snippet:-1, max-image-preview:large, max-video-preview:-1\" \/>\n<link rel=\"canonical\" href=\"https:\/\/spriv.vojvodina.gov.rs\/rs\/potpredsednik-dokovic-produbiti-svest-o-bogatstvu-kojim-raspolazemo-i-o-savremenim-finansijskim-konstrukcijama-za-odrzivo-koriscenje-zasticenih-prirodnih-podrucja\/\" \/>\n<meta property=\"og:locale\" content=\"sr_RS\" \/>\n<meta property=\"og:type\" content=\"article\" \/>\n<meta property=\"og:title\" content=\"Potpredsednik \u0110okovi\u0107: Produbiti svest o bogatstvu kojim raspola\u017eemo i o savremenim finansijskim konstrukcijama za odr\u017eivo kori\u0161\u0107enje za\u0161ti\u0107enih prirodnih podru\u010dja - \u041f\u043e\u043a\u0440\u0430\u0458\u0438\u043d\u0441\u043a\u0438 \u0441\u0435\u043a\u0440\u0435\u0442\u0430\u0440\u0438\u0458\u0430\u0442 \u0437\u0430 \u043f\u0440\u0438\u0432\u0440\u0435\u0434\u0443 \u0438 \u0442\u0443\u0440\u0438\u0437\u0430\u043c\" \/>\n<meta property=\"og:description\" content=\"\u041dNovi Sad, 18. novembar 2016. - Na dana\u0161njoj regionalnoj konferenciji posve\u0107enoj o biodiverzitetu, niskokarbonskom zelenom turizmu i lokalnom ekonomskom razvoju ,, EIAT 2016\u201c, koja se odr\u017eava u Novom Sadu, u\u010desnici su izlagali i diskutovali o razvoju posebnih vidova turizma u funkciji privrednog razvoja i za\u0161tite \u017eivotne sredine. U\u010desnici su na konferenciji ukazivali na zna\u010daj uno\u0161enja promena i raznovrsnosti u ruralne ekonomije kroz razvoj zelenog, odnosno eko-turizma i iznala\u017eenja re\u0161enja za finansijsku odr\u017eivost za\u0161ti\u0107enih podru\u010dja prirode, a u svetlu nove razvojne agende Ujedinjenih nacija do 2030. godine i ciljeva odr\u017eivog razvoja.\" \/>\n<meta property=\"og:url\" content=\"https:\/\/spriv.vojvodina.gov.rs\/rs\/potpredsednik-dokovic-produbiti-svest-o-bogatstvu-kojim-raspolazemo-i-o-savremenim-finansijskim-konstrukcijama-za-odrzivo-koriscenje-zasticenih-prirodnih-podrucja\/\" \/>\n<meta property=\"og:site_name\" content=\"\u041f\u043e\u043a\u0440\u0430\u0458\u0438\u043d\u0441\u043a\u0438 \u0441\u0435\u043a\u0440\u0435\u0442\u0430\u0440\u0438\u0458\u0430\u0442 \u0437\u0430 \u043f\u0440\u0438\u0432\u0440\u0435\u0434\u0443 \u0438 \u0442\u0443\u0440\u0438\u0437\u0430\u043c\" \/>\n<meta property=\"article:published_time\" content=\"2016-11-18T20:26:59+00:00\" \/>\n<meta property=\"og:image\" content=\"https:\/\/spriv.vojvodina.gov.rs\/wp-content\/uploads\/2016\/11\/niskokarbon-mala.JPG\" \/>\n\t<meta property=\"og:image:width\" content=\"136\" \/>\n\t<meta property=\"og:image:height\" content=\"100\" \/>\n\t<meta property=\"og:image:type\" content=\"image\/jpeg\" \/>\n<meta name=\"author\" content=\"Sonja Babi\u0107\" \/>\n<meta name=\"twitter:card\" content=\"summary_large_image\" \/>\n<meta name=\"twitter:label1\" content=\"\u041d\u0430\u043f\u0438\u0441\u0430\u043d\u043e \u043e\u0434\" \/>\n\t<meta name=\"twitter:data1\" content=\"Sonja Babi\u0107\" \/>\n\t<meta name=\"twitter:label2\" content=\"\u041f\u0440\u043e\u0446\u0435\u045a\u0435\u043d\u043e \u0432\u0440\u0435\u043c\u0435 \u0447\u0438\u0442\u0430\u045a\u0430\" \/>\n\t<meta name=\"twitter:data2\" content=\"3 \u043c\u0438\u043d\u0443\u0442\u0430\" \/>\n<script type=\"application\/ld+json\" class=\"yoast-schema-graph\">{\"@context\":\"https:\\\/\\\/schema.org\",\"@graph\":[{\"@type\":\"Article\",\"@id\":\"https:\\\/\\\/spriv.vojvodina.gov.rs\\\/rs\\\/potpredsednik-dokovic-produbiti-svest-o-bogatstvu-kojim-raspolazemo-i-o-savremenim-finansijskim-konstrukcijama-za-odrzivo-koriscenje-zasticenih-prirodnih-podrucja\\\/#article\",\"isPartOf\":{\"@id\":\"https:\\\/\\\/spriv.vojvodina.gov.rs\\\/rs\\\/potpredsednik-dokovic-produbiti-svest-o-bogatstvu-kojim-raspolazemo-i-o-savremenim-finansijskim-konstrukcijama-za-odrzivo-koriscenje-zasticenih-prirodnih-podrucja\\\/\"},\"author\":{\"name\":\"Sonja Babi\u0107\",\"@id\":\"https:\\\/\\\/spriv.vojvodina.gov.rs\\\/#\\\/schema\\\/person\\\/749ef4f57fbb458f1c759e7a4fa78485\"},\"headline\":\"Potpredsednik \u0110okovi\u0107: Produbiti svest o bogatstvu kojim raspola\u017eemo i o savremenim finansijskim konstrukcijama za odr\u017eivo kori\u0161\u0107enje za\u0161ti\u0107enih prirodnih podru\u010dja\",\"datePublished\":\"2016-11-18T20:26:59+00:00\",\"mainEntityOfPage\":{\"@id\":\"https:\\\/\\\/spriv.vojvodina.gov.rs\\\/rs\\\/potpredsednik-dokovic-produbiti-svest-o-bogatstvu-kojim-raspolazemo-i-o-savremenim-finansijskim-konstrukcijama-za-odrzivo-koriscenje-zasticenih-prirodnih-podrucja\\\/\"},\"wordCount\":643,\"image\":{\"@id\":\"https:\\\/\\\/spriv.vojvodina.gov.rs\\\/rs\\\/potpredsednik-dokovic-produbiti-svest-o-bogatstvu-kojim-raspolazemo-i-o-savremenim-finansijskim-konstrukcijama-za-odrzivo-koriscenje-zasticenih-prirodnih-podrucja\\\/#primaryimage\"},\"thumbnailUrl\":\"https:\\\/\\\/spriv.vojvodina.gov.rs\\\/wp-content\\\/uploads\\\/2016\\\/11\\\/niskokarbon-mala.JPG\",\"articleSection\":[\"Vesti Latinica\"],\"inLanguage\":\"sr-RS\"},{\"@type\":\"WebPage\",\"@id\":\"https:\\\/\\\/spriv.vojvodina.gov.rs\\\/rs\\\/potpredsednik-dokovic-produbiti-svest-o-bogatstvu-kojim-raspolazemo-i-o-savremenim-finansijskim-konstrukcijama-za-odrzivo-koriscenje-zasticenih-prirodnih-podrucja\\\/\",\"url\":\"https:\\\/\\\/spriv.vojvodina.gov.rs\\\/rs\\\/potpredsednik-dokovic-produbiti-svest-o-bogatstvu-kojim-raspolazemo-i-o-savremenim-finansijskim-konstrukcijama-za-odrzivo-koriscenje-zasticenih-prirodnih-podrucja\\\/\",\"name\":\"Potpredsednik \u0110okovi\u0107: Produbiti svest o bogatstvu kojim raspola\u017eemo i o savremenim finansijskim konstrukcijama za odr\u017eivo kori\u0161\u0107enje za\u0161ti\u0107enih prirodnih podru\u010dja - \u041f\u043e\u043a\u0440\u0430\u0458\u0438\u043d\u0441\u043a\u0438 \u0441\u0435\u043a\u0440\u0435\u0442\u0430\u0440\u0438\u0458\u0430\u0442 \u0437\u0430 \u043f\u0440\u0438\u0432\u0440\u0435\u0434\u0443 \u0438 \u0442\u0443\u0440\u0438\u0437\u0430\u043c\",\"isPartOf\":{\"@id\":\"https:\\\/\\\/spriv.vojvodina.gov.rs\\\/#website\"},\"primaryImageOfPage\":{\"@id\":\"https:\\\/\\\/spriv.vojvodina.gov.rs\\\/rs\\\/potpredsednik-dokovic-produbiti-svest-o-bogatstvu-kojim-raspolazemo-i-o-savremenim-finansijskim-konstrukcijama-za-odrzivo-koriscenje-zasticenih-prirodnih-podrucja\\\/#primaryimage\"},\"image\":{\"@id\":\"https:\\\/\\\/spriv.vojvodina.gov.rs\\\/rs\\\/potpredsednik-dokovic-produbiti-svest-o-bogatstvu-kojim-raspolazemo-i-o-savremenim-finansijskim-konstrukcijama-za-odrzivo-koriscenje-zasticenih-prirodnih-podrucja\\\/#primaryimage\"},\"thumbnailUrl\":\"https:\\\/\\\/spriv.vojvodina.gov.rs\\\/wp-content\\\/uploads\\\/2016\\\/11\\\/niskokarbon-mala.JPG\",\"datePublished\":\"2016-11-18T20:26:59+00:00\",\"author\":{\"@id\":\"https:\\\/\\\/spriv.vojvodina.gov.rs\\\/#\\\/schema\\\/person\\\/749ef4f57fbb458f1c759e7a4fa78485\"},\"breadcrumb\":{\"@id\":\"https:\\\/\\\/spriv.vojvodina.gov.rs\\\/rs\\\/potpredsednik-dokovic-produbiti-svest-o-bogatstvu-kojim-raspolazemo-i-o-savremenim-finansijskim-konstrukcijama-za-odrzivo-koriscenje-zasticenih-prirodnih-podrucja\\\/#breadcrumb\"},\"inLanguage\":\"sr-RS\",\"potentialAction\":[{\"@type\":\"ReadAction\",\"target\":[\"https:\\\/\\\/spriv.vojvodina.gov.rs\\\/rs\\\/potpredsednik-dokovic-produbiti-svest-o-bogatstvu-kojim-raspolazemo-i-o-savremenim-finansijskim-konstrukcijama-za-odrzivo-koriscenje-zasticenih-prirodnih-podrucja\\\/\"]}]},{\"@type\":\"ImageObject\",\"inLanguage\":\"sr-RS\",\"@id\":\"https:\\\/\\\/spriv.vojvodina.gov.rs\\\/rs\\\/potpredsednik-dokovic-produbiti-svest-o-bogatstvu-kojim-raspolazemo-i-o-savremenim-finansijskim-konstrukcijama-za-odrzivo-koriscenje-zasticenih-prirodnih-podrucja\\\/#primaryimage\",\"url\":\"https:\\\/\\\/spriv.vojvodina.gov.rs\\\/wp-content\\\/uploads\\\/2016\\\/11\\\/niskokarbon-mala.JPG\",\"contentUrl\":\"https:\\\/\\\/spriv.vojvodina.gov.rs\\\/wp-content\\\/uploads\\\/2016\\\/11\\\/niskokarbon-mala.JPG\",\"width\":136,\"height\":100},{\"@type\":\"BreadcrumbList\",\"@id\":\"https:\\\/\\\/spriv.vojvodina.gov.rs\\\/rs\\\/potpredsednik-dokovic-produbiti-svest-o-bogatstvu-kojim-raspolazemo-i-o-savremenim-finansijskim-konstrukcijama-za-odrzivo-koriscenje-zasticenih-prirodnih-podrucja\\\/#breadcrumb\",\"itemListElement\":[{\"@type\":\"ListItem\",\"position\":1,\"name\":\"Home\",\"item\":\"https:\\\/\\\/spriv.vojvodina.gov.rs\\\/\"},{\"@type\":\"ListItem\",\"position\":2,\"name\":\"Potpredsednik \u0110okovi\u0107: Produbiti svest o bogatstvu kojim raspola\u017eemo i o savremenim finansijskim konstrukcijama za odr\u017eivo kori\u0161\u0107enje za\u0161ti\u0107enih prirodnih podru\u010dja\"}]},{\"@type\":\"WebSite\",\"@id\":\"https:\\\/\\\/spriv.vojvodina.gov.rs\\\/#website\",\"url\":\"https:\\\/\\\/spriv.vojvodina.gov.rs\\\/\",\"name\":\"\u041f\u043e\u043a\u0440\u0430\u0458\u0438\u043d\u0441\u043a\u0438 \u0441\u0435\u043a\u0440\u0435\u0442\u0430\u0440\u0438\u0458\u0430\u0442 \u0437\u0430 \u043f\u0440\u0438\u0432\u0440\u0435\u0434\u0443 \u0438 \u0442\u0443\u0440\u0438\u0437\u0430\u043c\",\"description\":\"\u041f\u043e\u043a\u0440\u0430\u0458\u0438\u043d\u0441\u043a\u0438 \u0441\u0435\u043a\u0440\u0435\u0442\u0430\u0440\u0438\u0458\u0430\u0442 \u0437\u0430 \u043f\u0440\u0438\u0432\u0440\u0435\u0434\u0443 \u0438 \u0442\u0443\u0440\u0438\u0437\u0430\u043c\",\"potentialAction\":[{\"@type\":\"SearchAction\",\"target\":{\"@type\":\"EntryPoint\",\"urlTemplate\":\"https:\\\/\\\/spriv.vojvodina.gov.rs\\\/?s={search_term_string}\"},\"query-input\":{\"@type\":\"PropertyValueSpecification\",\"valueRequired\":true,\"valueName\":\"search_term_string\"}}],\"inLanguage\":\"sr-RS\"},{\"@type\":\"Person\",\"@id\":\"https:\\\/\\\/spriv.vojvodina.gov.rs\\\/#\\\/schema\\\/person\\\/749ef4f57fbb458f1c759e7a4fa78485\",\"name\":\"Sonja Babi\u0107\",\"image\":{\"@type\":\"ImageObject\",\"inLanguage\":\"sr-RS\",\"@id\":\"https:\\\/\\\/secure.gravatar.com\\\/avatar\\\/00a1d182a20a59067af1e7b1c31cbcc3be1a456ee4b27746580e120c2582e5bd?s=96&d=mm&r=g\",\"url\":\"https:\\\/\\\/secure.gravatar.com\\\/avatar\\\/00a1d182a20a59067af1e7b1c31cbcc3be1a456ee4b27746580e120c2582e5bd?s=96&d=mm&r=g\",\"contentUrl\":\"https:\\\/\\\/secure.gravatar.com\\\/avatar\\\/00a1d182a20a59067af1e7b1c31cbcc3be1a456ee4b27746580e120c2582e5bd?s=96&d=mm&r=g\",\"caption\":\"Sonja Babi\u0107\"},\"url\":\"https:\\\/\\\/spriv.vojvodina.gov.rs\\\/rs\\\/author\\\/sonja-babic\\\/\"}]}<\/script>\n<!-- \/ Yoast SEO plugin. -->","yoast_head_json":{"title":"Potpredsednik \u0110okovi\u0107: Produbiti svest o bogatstvu kojim raspola\u017eemo i o savremenim finansijskim konstrukcijama za odr\u017eivo kori\u0161\u0107enje za\u0161ti\u0107enih prirodnih podru\u010dja - \u041f\u043e\u043a\u0440\u0430\u0458\u0438\u043d\u0441\u043a\u0438 \u0441\u0435\u043a\u0440\u0435\u0442\u0430\u0440\u0438\u0458\u0430\u0442 \u0437\u0430 \u043f\u0440\u0438\u0432\u0440\u0435\u0434\u0443 \u0438 \u0442\u0443\u0440\u0438\u0437\u0430\u043c","robots":{"index":"index","follow":"follow","max-snippet":"max-snippet:-1","max-image-preview":"max-image-preview:large","max-video-preview":"max-video-preview:-1"},"canonical":"https:\/\/spriv.vojvodina.gov.rs\/rs\/potpredsednik-dokovic-produbiti-svest-o-bogatstvu-kojim-raspolazemo-i-o-savremenim-finansijskim-konstrukcijama-za-odrzivo-koriscenje-zasticenih-prirodnih-podrucja\/","og_locale":"sr_RS","og_type":"article","og_title":"Potpredsednik \u0110okovi\u0107: Produbiti svest o bogatstvu kojim raspola\u017eemo i o savremenim finansijskim konstrukcijama za odr\u017eivo kori\u0161\u0107enje za\u0161ti\u0107enih prirodnih podru\u010dja - \u041f\u043e\u043a\u0440\u0430\u0458\u0438\u043d\u0441\u043a\u0438 \u0441\u0435\u043a\u0440\u0435\u0442\u0430\u0440\u0438\u0458\u0430\u0442 \u0437\u0430 \u043f\u0440\u0438\u0432\u0440\u0435\u0434\u0443 \u0438 \u0442\u0443\u0440\u0438\u0437\u0430\u043c","og_description":"\u041dNovi Sad, 18. novembar 2016. - Na dana\u0161njoj regionalnoj konferenciji posve\u0107enoj o biodiverzitetu, niskokarbonskom zelenom turizmu i lokalnom ekonomskom razvoju ,, EIAT 2016\u201c, koja se odr\u017eava u Novom Sadu, u\u010desnici su izlagali i diskutovali o razvoju posebnih vidova turizma u funkciji privrednog razvoja i za\u0161tite \u017eivotne sredine. U\u010desnici su na konferenciji ukazivali na zna\u010daj uno\u0161enja promena i raznovrsnosti u ruralne ekonomije kroz razvoj zelenog, odnosno eko-turizma i iznala\u017eenja re\u0161enja za finansijsku odr\u017eivost za\u0161ti\u0107enih podru\u010dja prirode, a u svetlu nove razvojne agende Ujedinjenih nacija do 2030. godine i ciljeva odr\u017eivog razvoja.","og_url":"https:\/\/spriv.vojvodina.gov.rs\/rs\/potpredsednik-dokovic-produbiti-svest-o-bogatstvu-kojim-raspolazemo-i-o-savremenim-finansijskim-konstrukcijama-za-odrzivo-koriscenje-zasticenih-prirodnih-podrucja\/","og_site_name":"\u041f\u043e\u043a\u0440\u0430\u0458\u0438\u043d\u0441\u043a\u0438 \u0441\u0435\u043a\u0440\u0435\u0442\u0430\u0440\u0438\u0458\u0430\u0442 \u0437\u0430 \u043f\u0440\u0438\u0432\u0440\u0435\u0434\u0443 \u0438 \u0442\u0443\u0440\u0438\u0437\u0430\u043c","article_published_time":"2016-11-18T20:26:59+00:00","og_image":[{"width":136,"height":100,"url":"https:\/\/spriv.vojvodina.gov.rs\/wp-content\/uploads\/2016\/11\/niskokarbon-mala.JPG","type":"image\/jpeg"}],"author":"Sonja Babi\u0107","twitter_card":"summary_large_image","twitter_misc":{"\u041d\u0430\u043f\u0438\u0441\u0430\u043d\u043e \u043e\u0434":"Sonja Babi\u0107","\u041f\u0440\u043e\u0446\u0435\u045a\u0435\u043d\u043e \u0432\u0440\u0435\u043c\u0435 \u0447\u0438\u0442\u0430\u045a\u0430":"3 \u043c\u0438\u043d\u0443\u0442\u0430"},"schema":{"@context":"https:\/\/schema.org","@graph":[{"@type":"Article","@id":"https:\/\/spriv.vojvodina.gov.rs\/rs\/potpredsednik-dokovic-produbiti-svest-o-bogatstvu-kojim-raspolazemo-i-o-savremenim-finansijskim-konstrukcijama-za-odrzivo-koriscenje-zasticenih-prirodnih-podrucja\/#article","isPartOf":{"@id":"https:\/\/spriv.vojvodina.gov.rs\/rs\/potpredsednik-dokovic-produbiti-svest-o-bogatstvu-kojim-raspolazemo-i-o-savremenim-finansijskim-konstrukcijama-za-odrzivo-koriscenje-zasticenih-prirodnih-podrucja\/"},"author":{"name":"Sonja Babi\u0107","@id":"https:\/\/spriv.vojvodina.gov.rs\/#\/schema\/person\/749ef4f57fbb458f1c759e7a4fa78485"},"headline":"Potpredsednik \u0110okovi\u0107: Produbiti svest o bogatstvu kojim raspola\u017eemo i o savremenim finansijskim konstrukcijama za odr\u017eivo kori\u0161\u0107enje za\u0161ti\u0107enih prirodnih podru\u010dja","datePublished":"2016-11-18T20:26:59+00:00","mainEntityOfPage":{"@id":"https:\/\/spriv.vojvodina.gov.rs\/rs\/potpredsednik-dokovic-produbiti-svest-o-bogatstvu-kojim-raspolazemo-i-o-savremenim-finansijskim-konstrukcijama-za-odrzivo-koriscenje-zasticenih-prirodnih-podrucja\/"},"wordCount":643,"image":{"@id":"https:\/\/spriv.vojvodina.gov.rs\/rs\/potpredsednik-dokovic-produbiti-svest-o-bogatstvu-kojim-raspolazemo-i-o-savremenim-finansijskim-konstrukcijama-za-odrzivo-koriscenje-zasticenih-prirodnih-podrucja\/#primaryimage"},"thumbnailUrl":"https:\/\/spriv.vojvodina.gov.rs\/wp-content\/uploads\/2016\/11\/niskokarbon-mala.JPG","articleSection":["Vesti Latinica"],"inLanguage":"sr-RS"},{"@type":"WebPage","@id":"https:\/\/spriv.vojvodina.gov.rs\/rs\/potpredsednik-dokovic-produbiti-svest-o-bogatstvu-kojim-raspolazemo-i-o-savremenim-finansijskim-konstrukcijama-za-odrzivo-koriscenje-zasticenih-prirodnih-podrucja\/","url":"https:\/\/spriv.vojvodina.gov.rs\/rs\/potpredsednik-dokovic-produbiti-svest-o-bogatstvu-kojim-raspolazemo-i-o-savremenim-finansijskim-konstrukcijama-za-odrzivo-koriscenje-zasticenih-prirodnih-podrucja\/","name":"Potpredsednik \u0110okovi\u0107: Produbiti svest o bogatstvu kojim raspola\u017eemo i o savremenim finansijskim konstrukcijama za odr\u017eivo kori\u0161\u0107enje za\u0161ti\u0107enih prirodnih podru\u010dja - \u041f\u043e\u043a\u0440\u0430\u0458\u0438\u043d\u0441\u043a\u0438 \u0441\u0435\u043a\u0440\u0435\u0442\u0430\u0440\u0438\u0458\u0430\u0442 \u0437\u0430 \u043f\u0440\u0438\u0432\u0440\u0435\u0434\u0443 \u0438 \u0442\u0443\u0440\u0438\u0437\u0430\u043c","isPartOf":{"@id":"https:\/\/spriv.vojvodina.gov.rs\/#website"},"primaryImageOfPage":{"@id":"https:\/\/spriv.vojvodina.gov.rs\/rs\/potpredsednik-dokovic-produbiti-svest-o-bogatstvu-kojim-raspolazemo-i-o-savremenim-finansijskim-konstrukcijama-za-odrzivo-koriscenje-zasticenih-prirodnih-podrucja\/#primaryimage"},"image":{"@id":"https:\/\/spriv.vojvodina.gov.rs\/rs\/potpredsednik-dokovic-produbiti-svest-o-bogatstvu-kojim-raspolazemo-i-o-savremenim-finansijskim-konstrukcijama-za-odrzivo-koriscenje-zasticenih-prirodnih-podrucja\/#primaryimage"},"thumbnailUrl":"https:\/\/spriv.vojvodina.gov.rs\/wp-content\/uploads\/2016\/11\/niskokarbon-mala.JPG","datePublished":"2016-11-18T20:26:59+00:00","author":{"@id":"https:\/\/spriv.vojvodina.gov.rs\/#\/schema\/person\/749ef4f57fbb458f1c759e7a4fa78485"},"breadcrumb":{"@id":"https:\/\/spriv.vojvodina.gov.rs\/rs\/potpredsednik-dokovic-produbiti-svest-o-bogatstvu-kojim-raspolazemo-i-o-savremenim-finansijskim-konstrukcijama-za-odrzivo-koriscenje-zasticenih-prirodnih-podrucja\/#breadcrumb"},"inLanguage":"sr-RS","potentialAction":[{"@type":"ReadAction","target":["https:\/\/spriv.vojvodina.gov.rs\/rs\/potpredsednik-dokovic-produbiti-svest-o-bogatstvu-kojim-raspolazemo-i-o-savremenim-finansijskim-konstrukcijama-za-odrzivo-koriscenje-zasticenih-prirodnih-podrucja\/"]}]},{"@type":"ImageObject","inLanguage":"sr-RS","@id":"https:\/\/spriv.vojvodina.gov.rs\/rs\/potpredsednik-dokovic-produbiti-svest-o-bogatstvu-kojim-raspolazemo-i-o-savremenim-finansijskim-konstrukcijama-za-odrzivo-koriscenje-zasticenih-prirodnih-podrucja\/#primaryimage","url":"https:\/\/spriv.vojvodina.gov.rs\/wp-content\/uploads\/2016\/11\/niskokarbon-mala.JPG","contentUrl":"https:\/\/spriv.vojvodina.gov.rs\/wp-content\/uploads\/2016\/11\/niskokarbon-mala.JPG","width":136,"height":100},{"@type":"BreadcrumbList","@id":"https:\/\/spriv.vojvodina.gov.rs\/rs\/potpredsednik-dokovic-produbiti-svest-o-bogatstvu-kojim-raspolazemo-i-o-savremenim-finansijskim-konstrukcijama-za-odrzivo-koriscenje-zasticenih-prirodnih-podrucja\/#breadcrumb","itemListElement":[{"@type":"ListItem","position":1,"name":"Home","item":"https:\/\/spriv.vojvodina.gov.rs\/"},{"@type":"ListItem","position":2,"name":"Potpredsednik \u0110okovi\u0107: Produbiti svest o bogatstvu kojim raspola\u017eemo i o savremenim finansijskim konstrukcijama za odr\u017eivo kori\u0161\u0107enje za\u0161ti\u0107enih prirodnih podru\u010dja"}]},{"@type":"WebSite","@id":"https:\/\/spriv.vojvodina.gov.rs\/#website","url":"https:\/\/spriv.vojvodina.gov.rs\/","name":"\u041f\u043e\u043a\u0440\u0430\u0458\u0438\u043d\u0441\u043a\u0438 \u0441\u0435\u043a\u0440\u0435\u0442\u0430\u0440\u0438\u0458\u0430\u0442 \u0437\u0430 \u043f\u0440\u0438\u0432\u0440\u0435\u0434\u0443 \u0438 \u0442\u0443\u0440\u0438\u0437\u0430\u043c","description":"\u041f\u043e\u043a\u0440\u0430\u0458\u0438\u043d\u0441\u043a\u0438 \u0441\u0435\u043a\u0440\u0435\u0442\u0430\u0440\u0438\u0458\u0430\u0442 \u0437\u0430 \u043f\u0440\u0438\u0432\u0440\u0435\u0434\u0443 \u0438 \u0442\u0443\u0440\u0438\u0437\u0430\u043c","potentialAction":[{"@type":"SearchAction","target":{"@type":"EntryPoint","urlTemplate":"https:\/\/spriv.vojvodina.gov.rs\/?s={search_term_string}"},"query-input":{"@type":"PropertyValueSpecification","valueRequired":true,"valueName":"search_term_string"}}],"inLanguage":"sr-RS"},{"@type":"Person","@id":"https:\/\/spriv.vojvodina.gov.rs\/#\/schema\/person\/749ef4f57fbb458f1c759e7a4fa78485","name":"Sonja Babi\u0107","image":{"@type":"ImageObject","inLanguage":"sr-RS","@id":"https:\/\/secure.gravatar.com\/avatar\/00a1d182a20a59067af1e7b1c31cbcc3be1a456ee4b27746580e120c2582e5bd?s=96&d=mm&r=g","url":"https:\/\/secure.gravatar.com\/avatar\/00a1d182a20a59067af1e7b1c31cbcc3be1a456ee4b27746580e120c2582e5bd?s=96&d=mm&r=g","contentUrl":"https:\/\/secure.gravatar.com\/avatar\/00a1d182a20a59067af1e7b1c31cbcc3be1a456ee4b27746580e120c2582e5bd?s=96&d=mm&r=g","caption":"Sonja Babi\u0107"},"url":"https:\/\/spriv.vojvodina.gov.rs\/rs\/author\/sonja-babic\/"}]}},"_links":{"self":[{"href":"https:\/\/spriv.vojvodina.gov.rs\/rs\/wp-json\/wp\/v2\/posts\/2109","targetHints":{"allow":["GET"]}}],"collection":[{"href":"https:\/\/spriv.vojvodina.gov.rs\/rs\/wp-json\/wp\/v2\/posts"}],"about":[{"href":"https:\/\/spriv.vojvodina.gov.rs\/rs\/wp-json\/wp\/v2\/types\/post"}],"author":[{"embeddable":true,"href":"https:\/\/spriv.vojvodina.gov.rs\/rs\/wp-json\/wp\/v2\/users\/3"}],"replies":[{"embeddable":true,"href":"https:\/\/spriv.vojvodina.gov.rs\/rs\/wp-json\/wp\/v2\/comments?post=2109"}],"version-history":[{"count":0,"href":"https:\/\/spriv.vojvodina.gov.rs\/rs\/wp-json\/wp\/v2\/posts\/2109\/revisions"}],"wp:featuredmedia":[{"embeddable":true,"href":"https:\/\/spriv.vojvodina.gov.rs\/rs\/wp-json\/wp\/v2\/media\/2100"}],"wp:attachment":[{"href":"https:\/\/spriv.vojvodina.gov.rs\/rs\/wp-json\/wp\/v2\/media?parent=2109"}],"wp:term":[{"taxonomy":"category","embeddable":true,"href":"https:\/\/spriv.vojvodina.gov.rs\/rs\/wp-json\/wp\/v2\/categories?post=2109"},{"taxonomy":"post_tag","embeddable":true,"href":"https:\/\/spriv.vojvodina.gov.rs\/rs\/wp-json\/wp\/v2\/tags?post=2109"}],"curies":[{"name":"wp","href":"https:\/\/api.w.org\/{rel}","templated":true}]}}