{"id":2099,"date":"2016-11-17T15:55:02","date_gmt":"2016-11-17T15:55:02","guid":{"rendered":"http:\/\/spriv.vojvodina.gov.rs\/2016\/11\/17\/odrzana-3-sednica-pokrajinskog-socijalno-ekonomskog-saveta\/"},"modified":"2016-11-17T15:55:02","modified_gmt":"2016-11-17T15:55:02","slug":"odrzana-3-sednica-pokrajinskog-socijalno-ekonomskog-saveta","status":"publish","type":"post","link":"https:\/\/spriv.vojvodina.gov.rs\/rs\/odrzana-3-sednica-pokrajinskog-socijalno-ekonomskog-saveta\/","title":{"rendered":"Odr\u017eana 3. Sednica Pokrajinskog socijalno &#8211; ekonomskog saveta"},"content":{"rendered":"<p style=\"text-align: center;\"><img loading=\"lazy\" decoding=\"async\" class=\" size-full wp-image-2092\" src=\"http:\/\/spriv.vojvodina.gov.rs\/wp-content\/uploads\/2016\/11\/pses-1.JPG\" border=\"0\" alt=\"\" width=\"600\" height=\"400\" srcset=\"https:\/\/spriv.vojvodina.gov.rs\/wp-content\/uploads\/2016\/11\/pses-1.JPG 600w, https:\/\/spriv.vojvodina.gov.rs\/wp-content\/uploads\/2016\/11\/pses-1-300x200.jpg 300w\" sizes=\"auto, (max-width: 600px) 100vw, 600px\" \/><\/p>\n<p style=\"text-align: justify;\">Pokrajinski socijalno-ekonomski savet \u0107e, pod pokroviteljstvom Pokrajinske vlade, a na inicijativu Unije poslodavaca Vojvodine, organizovati Konferenciju pod nazivom ,,Za razvoj privrede \u2013 okupljanje oko projekata\u201c, sa ciljem da u\u010desnici\u00a0 iznesu svoje predloge i o\u010dekivanja u vezi sa stvaranjem \u0161to povoljnijih uslova za razvoj privrede i za pobolj\u0161anje materijalnog i socijalnog polo\u017eaja svih gra\u0111ana. Organizacioni odbor je utvrdio 16. decembar za datum odr\u017eavanja Konferencije je na Novosadskom sajmu.<\/p>\n<p style=\"text-align: center;\"><img loading=\"lazy\" decoding=\"async\" class=\" size-full wp-image-2093\" src=\"http:\/\/spriv.vojvodina.gov.rs\/wp-content\/uploads\/2016\/11\/pses-2.JPG\" border=\"0\" alt=\"\" width=\"600\" height=\"400\" srcset=\"https:\/\/spriv.vojvodina.gov.rs\/wp-content\/uploads\/2016\/11\/pses-2.JPG 600w, https:\/\/spriv.vojvodina.gov.rs\/wp-content\/uploads\/2016\/11\/pses-2-300x200.jpg 300w\" sizes=\"auto, (max-width: 600px) 100vw, 600px\" \/><\/p>\n<p style=\"text-align: justify;\">\u010clanovi PSES-a su razmatrali o\u010dekivanja Unije poslodavaca Vojvodine od Pokrajinske vlade sa ciljem unapre\u0111enja privrednog ambijenta, pri \u010demu Unija isti\u010de da je dalja afirmacija tripartitnog socijalnog dijaloga od op\u0161teg interesa za privredu. Unija predla\u017ee i osnivanje Investicione banke (Banke za obnovu i razvoj) za kreditiranje investicionih aktivnosti privrede pod povoljnim uslovima \u0161to je zna\u010dajno sa aspekta potrebe reindustrijalizacije doma\u0107e privrede, i Specijalizovane poljoprivredne banke za potrebe agroprivrede.<\/p>\n<p style=\"text-align: center;\"><img loading=\"lazy\" decoding=\"async\" class=\" size-full wp-image-2094\" src=\"http:\/\/spriv.vojvodina.gov.rs\/wp-content\/uploads\/2016\/11\/pses-3.JPG\" border=\"0\" alt=\"\" width=\"600\" height=\"400\" srcset=\"https:\/\/spriv.vojvodina.gov.rs\/wp-content\/uploads\/2016\/11\/pses-3.JPG 600w, https:\/\/spriv.vojvodina.gov.rs\/wp-content\/uploads\/2016\/11\/pses-3-300x200.jpg 300w\" sizes=\"auto, (max-width: 600px) 100vw, 600px\" \/><\/p>\n<p style=\"text-align: justify;\">Savez samostalnih sindikata Vojvodine je predstavio svoj materijal pod nazivom \u201eZa razvoj privrede uz radnu i socijalnu sigurnost\u201c u kom ukazuju na \u010dinjenicu da osnovni makroekonomski podaci pokazuju da su krajem pro\u0161le i tokom 2016. godine uslovi za privredni rast u Srbiji u pojedinim segmentima pobolj\u0161ani. Savez navodi da je neophodno dosledno primenjivati postoje\u0107e radno zakonodavstvo uz intenzivniji inspekcijski nadzor u svim segmentima rada, potom da je potrebna obnova procesa kolektivnog pregovaranja\u00a0 na svim nivoima,\u00a0 podsticanje mirnog re\u0161avanja kolektivnih sporova, uz u\u010de\u0161\u0107e svih socijalnih partnera, suzbijanje zloupotrebe atipi\u010dnih oblika rada i uspostavljanje ravnopravnog partenrskog odnosa u ure\u0111ivanju zakona i propisa, posebno u oblasti radnog prava i socijalne za\u0161tite.<\/p>\n<p style=\"text-align: center;\"><img loading=\"lazy\" decoding=\"async\" class=\" size-full wp-image-2095\" src=\"http:\/\/spriv.vojvodina.gov.rs\/wp-content\/uploads\/2016\/11\/pses-5.JPG\" border=\"0\" alt=\"\" width=\"600\" height=\"400\" srcset=\"https:\/\/spriv.vojvodina.gov.rs\/wp-content\/uploads\/2016\/11\/pses-5.JPG 600w, https:\/\/spriv.vojvodina.gov.rs\/wp-content\/uploads\/2016\/11\/pses-5-300x200.jpg 300w\" sizes=\"auto, (max-width: 600px) 100vw, 600px\" \/><\/p>\n<p style=\"text-align: justify;\">Pokrajinski odbor UGS \u201eNezavisnost\u201c, u svom zvani\u010dnom saop\u0161tenju, isti\u010de da je neophodan povra\u0107aj na iznos plata i penzija od 10 odsto koliko je iznosilo umanjenje svim zaposlenima u javnom sektoru. Najavljenim pove\u0107anjem zarada diskrimini\u0161u se zaposleni u komunalnim delatnostima i u preduze\u0107ima u dr\u017eavnom vlasni\u0161tvu, kojima su zarade umanjene u 2014. godini, a sada bi bili izuzeti iz najavljenog pove\u0107anja. PO UGS ,,Nezavisnost\u201c navodi i da su propisi kojima su umanjene zarade u javnom sektoru suprotni Ustavu RS, jer su njima umanjena ve\u0107 ste\u010dena prava sada\u0161ljih i biv\u0161ih radnika.<\/p>\n<p style=\"text-align: center;\"><img loading=\"lazy\" decoding=\"async\" class=\" size-full wp-image-2096\" src=\"http:\/\/spriv.vojvodina.gov.rs\/wp-content\/uploads\/2016\/11\/pses-6.JPG\" border=\"0\" alt=\"\" width=\"600\" height=\"400\" srcset=\"https:\/\/spriv.vojvodina.gov.rs\/wp-content\/uploads\/2016\/11\/pses-6.JPG 600w, https:\/\/spriv.vojvodina.gov.rs\/wp-content\/uploads\/2016\/11\/pses-6-300x200.jpg 300w\" sizes=\"auto, (max-width: 600px) 100vw, 600px\" \/><\/p>\n<p style=\"text-align: justify;\">Potpredsednik Pokrajinske vlade i pokrajinski sekretar za privredu i turizam, Ivan \u0110okovi\u0107, je istakao da je Savet doneo zajedni\u010dki zaklju\u010dak na osnovu prikupljenih materijala, da je neophodno sa\u010diniti dokument o o\u010dekivanjima od Pokrajinske vlade u 2017. godini. On je stava da je potrebno dati podsticaj za ja\u010danje kapaciteta socijalnih-saveta lokalnih samouprava, uticati na lokalne samouprave da se osmele na pove\u0107anje podsticaja za novo i samozapo\u0161ljavanje, kao i za otvaranje poslovnih inkubatora u gradovima i ve\u0107im op\u0161tinama. Pored toga, potrebno je otvoriti dijalog na lokalnom nivou u pogledu ostvarivanja kulturnih i socijalnih prava radnika i pospe\u0161ivanja korporativne odgovornosti velikih kompanija, kako bi se izvukla dodatna vrednost iz njihovog opse\u017enog poslovanja. Naposletku je istakao potrebu za podizanjem svesti o ekonomskom patriotizmu, pri \u010demu se prote\u017eiraju doma\u0107i mali privrednici i proizvo\u0111a\u010di kako bi postali konkurentniji na tr\u017ei\u0161tu.\u00a0<\/p>\n<p><img loading=\"lazy\" decoding=\"async\" class=\" size-full wp-image-2097\" src=\"http:\/\/spriv.vojvodina.gov.rs\/wp-content\/uploads\/2016\/11\/pses-7.JPG\" border=\"0\" alt=\"\" style=\"display: block; margin-left: auto; margin-right: auto;\" width=\"600\" height=\"400\" srcset=\"https:\/\/spriv.vojvodina.gov.rs\/wp-content\/uploads\/2016\/11\/pses-7.JPG 600w, https:\/\/spriv.vojvodina.gov.rs\/wp-content\/uploads\/2016\/11\/pses-7-300x200.jpg 300w\" sizes=\"auto, (max-width: 600px) 100vw, 600px\" \/><\/p>\n","protected":false},"excerpt":{"rendered":"Novi Sad, 17. novembar 2016. \u2013 Dnevni red dana\u0161nje tre\u0107e Sednice sadr\u017eao je pet ta\u010daka, u okviru kojih poseban akcenat stavljen na pripreme koje su u toku za odr\u017eavanje Konferencije pod nazivom \u201eZa razvoj privrede \u2013 okupljanje oko projekata\u201c, koja je predvi\u0111ena za decembar. Potpredsednik Pokrajinske vlade i pokrajinski sekretar za privredu i turizam, Ivan \u0110okovi\u0107, je istakao da je Savet doneo zajedni\u010dki zaklju\u010dak na osnovu prikupljenih materijala, da je neophodno sa\u010diniti dokument o o\u010dekivanjima od Pokrajinske vlade u 2017. godini.\n<a class=\"moretag\" href=\"https:\/\/spriv.vojvodina.gov.rs\/rs\/odrzana-3-sednica-pokrajinskog-socijalno-ekonomskog-saveta\/\"> [...]<\/a>","protected":false},"author":3,"featured_media":2091,"comment_status":"closed","ping_status":"closed","sticky":false,"template":"","format":"standard","meta":{"footnotes":""},"categories":[31],"tags":[],"class_list":["post-2099","post","type-post","status-publish","format-standard","has-post-thumbnail","hentry","category-vesti-latinica1"],"yoast_head":"<!-- This site is optimized with the Yoast SEO plugin v27.4 - https:\/\/yoast.com\/product\/yoast-seo-wordpress\/ -->\n<title>Odr\u017eana 3. Sednica Pokrajinskog socijalno - ekonomskog saveta - \u041f\u043e\u043a\u0440\u0430\u0458\u0438\u043d\u0441\u043a\u0438 \u0441\u0435\u043a\u0440\u0435\u0442\u0430\u0440\u0438\u0458\u0430\u0442 \u0437\u0430 \u043f\u0440\u0438\u0432\u0440\u0435\u0434\u0443 \u0438 \u0442\u0443\u0440\u0438\u0437\u0430\u043c<\/title>\n<meta name=\"robots\" content=\"index, follow, max-snippet:-1, max-image-preview:large, max-video-preview:-1\" \/>\n<link rel=\"canonical\" href=\"https:\/\/spriv.vojvodina.gov.rs\/rs\/odrzana-3-sednica-pokrajinskog-socijalno-ekonomskog-saveta\/\" \/>\n<meta property=\"og:locale\" content=\"sr_RS\" \/>\n<meta property=\"og:type\" content=\"article\" \/>\n<meta property=\"og:title\" content=\"Odr\u017eana 3. Sednica Pokrajinskog socijalno - ekonomskog saveta - \u041f\u043e\u043a\u0440\u0430\u0458\u0438\u043d\u0441\u043a\u0438 \u0441\u0435\u043a\u0440\u0435\u0442\u0430\u0440\u0438\u0458\u0430\u0442 \u0437\u0430 \u043f\u0440\u0438\u0432\u0440\u0435\u0434\u0443 \u0438 \u0442\u0443\u0440\u0438\u0437\u0430\u043c\" \/>\n<meta property=\"og:description\" content=\"Novi Sad, 17. novembar 2016. \u2013 Dnevni red dana\u0161nje tre\u0107e Sednice sadr\u017eao je pet ta\u010daka, u okviru kojih poseban akcenat stavljen na pripreme koje su u toku za odr\u017eavanje Konferencije pod nazivom \u201eZa razvoj privrede \u2013 okupljanje oko projekata\u201c, koja je predvi\u0111ena za decembar. Potpredsednik Pokrajinske vlade i pokrajinski sekretar za privredu i turizam, Ivan \u0110okovi\u0107, je istakao da je Savet doneo zajedni\u010dki zaklju\u010dak na osnovu prikupljenih materijala, da je neophodno sa\u010diniti dokument o o\u010dekivanjima od Pokrajinske vlade u 2017. godini.\" \/>\n<meta property=\"og:url\" content=\"https:\/\/spriv.vojvodina.gov.rs\/rs\/odrzana-3-sednica-pokrajinskog-socijalno-ekonomskog-saveta\/\" \/>\n<meta property=\"og:site_name\" content=\"\u041f\u043e\u043a\u0440\u0430\u0458\u0438\u043d\u0441\u043a\u0438 \u0441\u0435\u043a\u0440\u0435\u0442\u0430\u0440\u0438\u0458\u0430\u0442 \u0437\u0430 \u043f\u0440\u0438\u0432\u0440\u0435\u0434\u0443 \u0438 \u0442\u0443\u0440\u0438\u0437\u0430\u043c\" \/>\n<meta property=\"article:published_time\" content=\"2016-11-17T15:55:02+00:00\" \/>\n<meta property=\"og:image\" content=\"https:\/\/spriv.vojvodina.gov.rs\/wp-content\/uploads\/2016\/11\/pses-mala.JPG\" \/>\n\t<meta property=\"og:image:width\" content=\"150\" \/>\n\t<meta property=\"og:image:height\" content=\"100\" \/>\n\t<meta property=\"og:image:type\" content=\"image\/jpeg\" \/>\n<meta name=\"author\" content=\"Sonja Babi\u0107\" \/>\n<meta name=\"twitter:card\" content=\"summary_large_image\" \/>\n<meta name=\"twitter:label1\" content=\"\u041d\u0430\u043f\u0438\u0441\u0430\u043d\u043e \u043e\u0434\" \/>\n\t<meta name=\"twitter:data1\" content=\"Sonja Babi\u0107\" \/>\n\t<meta name=\"twitter:label2\" content=\"\u041f\u0440\u043e\u0446\u0435\u045a\u0435\u043d\u043e \u0432\u0440\u0435\u043c\u0435 \u0447\u0438\u0442\u0430\u045a\u0430\" \/>\n\t<meta name=\"twitter:data2\" content=\"3 \u043c\u0438\u043d\u0443\u0442\u0430\" \/>\n<script type=\"application\/ld+json\" class=\"yoast-schema-graph\">{\"@context\":\"https:\\\/\\\/schema.org\",\"@graph\":[{\"@type\":\"Article\",\"@id\":\"https:\\\/\\\/spriv.vojvodina.gov.rs\\\/rs\\\/odrzana-3-sednica-pokrajinskog-socijalno-ekonomskog-saveta\\\/#article\",\"isPartOf\":{\"@id\":\"https:\\\/\\\/spriv.vojvodina.gov.rs\\\/rs\\\/odrzana-3-sednica-pokrajinskog-socijalno-ekonomskog-saveta\\\/\"},\"author\":{\"name\":\"Sonja Babi\u0107\",\"@id\":\"https:\\\/\\\/spriv.vojvodina.gov.rs\\\/#\\\/schema\\\/person\\\/749ef4f57fbb458f1c759e7a4fa78485\"},\"headline\":\"Odr\u017eana 3. Sednica Pokrajinskog socijalno &#8211; ekonomskog saveta\",\"datePublished\":\"2016-11-17T15:55:02+00:00\",\"mainEntityOfPage\":{\"@id\":\"https:\\\/\\\/spriv.vojvodina.gov.rs\\\/rs\\\/odrzana-3-sednica-pokrajinskog-socijalno-ekonomskog-saveta\\\/\"},\"wordCount\":519,\"image\":{\"@id\":\"https:\\\/\\\/spriv.vojvodina.gov.rs\\\/rs\\\/odrzana-3-sednica-pokrajinskog-socijalno-ekonomskog-saveta\\\/#primaryimage\"},\"thumbnailUrl\":\"https:\\\/\\\/spriv.vojvodina.gov.rs\\\/wp-content\\\/uploads\\\/2016\\\/11\\\/pses-mala.JPG\",\"articleSection\":[\"Vesti Latinica\"],\"inLanguage\":\"sr-RS\"},{\"@type\":\"WebPage\",\"@id\":\"https:\\\/\\\/spriv.vojvodina.gov.rs\\\/rs\\\/odrzana-3-sednica-pokrajinskog-socijalno-ekonomskog-saveta\\\/\",\"url\":\"https:\\\/\\\/spriv.vojvodina.gov.rs\\\/rs\\\/odrzana-3-sednica-pokrajinskog-socijalno-ekonomskog-saveta\\\/\",\"name\":\"Odr\u017eana 3. Sednica Pokrajinskog socijalno - ekonomskog saveta - \u041f\u043e\u043a\u0440\u0430\u0458\u0438\u043d\u0441\u043a\u0438 \u0441\u0435\u043a\u0440\u0435\u0442\u0430\u0440\u0438\u0458\u0430\u0442 \u0437\u0430 \u043f\u0440\u0438\u0432\u0440\u0435\u0434\u0443 \u0438 \u0442\u0443\u0440\u0438\u0437\u0430\u043c\",\"isPartOf\":{\"@id\":\"https:\\\/\\\/spriv.vojvodina.gov.rs\\\/#website\"},\"primaryImageOfPage\":{\"@id\":\"https:\\\/\\\/spriv.vojvodina.gov.rs\\\/rs\\\/odrzana-3-sednica-pokrajinskog-socijalno-ekonomskog-saveta\\\/#primaryimage\"},\"image\":{\"@id\":\"https:\\\/\\\/spriv.vojvodina.gov.rs\\\/rs\\\/odrzana-3-sednica-pokrajinskog-socijalno-ekonomskog-saveta\\\/#primaryimage\"},\"thumbnailUrl\":\"https:\\\/\\\/spriv.vojvodina.gov.rs\\\/wp-content\\\/uploads\\\/2016\\\/11\\\/pses-mala.JPG\",\"datePublished\":\"2016-11-17T15:55:02+00:00\",\"author\":{\"@id\":\"https:\\\/\\\/spriv.vojvodina.gov.rs\\\/#\\\/schema\\\/person\\\/749ef4f57fbb458f1c759e7a4fa78485\"},\"breadcrumb\":{\"@id\":\"https:\\\/\\\/spriv.vojvodina.gov.rs\\\/rs\\\/odrzana-3-sednica-pokrajinskog-socijalno-ekonomskog-saveta\\\/#breadcrumb\"},\"inLanguage\":\"sr-RS\",\"potentialAction\":[{\"@type\":\"ReadAction\",\"target\":[\"https:\\\/\\\/spriv.vojvodina.gov.rs\\\/rs\\\/odrzana-3-sednica-pokrajinskog-socijalno-ekonomskog-saveta\\\/\"]}]},{\"@type\":\"ImageObject\",\"inLanguage\":\"sr-RS\",\"@id\":\"https:\\\/\\\/spriv.vojvodina.gov.rs\\\/rs\\\/odrzana-3-sednica-pokrajinskog-socijalno-ekonomskog-saveta\\\/#primaryimage\",\"url\":\"https:\\\/\\\/spriv.vojvodina.gov.rs\\\/wp-content\\\/uploads\\\/2016\\\/11\\\/pses-mala.JPG\",\"contentUrl\":\"https:\\\/\\\/spriv.vojvodina.gov.rs\\\/wp-content\\\/uploads\\\/2016\\\/11\\\/pses-mala.JPG\",\"width\":150,\"height\":100},{\"@type\":\"BreadcrumbList\",\"@id\":\"https:\\\/\\\/spriv.vojvodina.gov.rs\\\/rs\\\/odrzana-3-sednica-pokrajinskog-socijalno-ekonomskog-saveta\\\/#breadcrumb\",\"itemListElement\":[{\"@type\":\"ListItem\",\"position\":1,\"name\":\"Home\",\"item\":\"https:\\\/\\\/spriv.vojvodina.gov.rs\\\/\"},{\"@type\":\"ListItem\",\"position\":2,\"name\":\"Odr\u017eana 3. Sednica Pokrajinskog socijalno &#8211; ekonomskog saveta\"}]},{\"@type\":\"WebSite\",\"@id\":\"https:\\\/\\\/spriv.vojvodina.gov.rs\\\/#website\",\"url\":\"https:\\\/\\\/spriv.vojvodina.gov.rs\\\/\",\"name\":\"\u041f\u043e\u043a\u0440\u0430\u0458\u0438\u043d\u0441\u043a\u0438 \u0441\u0435\u043a\u0440\u0435\u0442\u0430\u0440\u0438\u0458\u0430\u0442 \u0437\u0430 \u043f\u0440\u0438\u0432\u0440\u0435\u0434\u0443 \u0438 \u0442\u0443\u0440\u0438\u0437\u0430\u043c\",\"description\":\"\u041f\u043e\u043a\u0440\u0430\u0458\u0438\u043d\u0441\u043a\u0438 \u0441\u0435\u043a\u0440\u0435\u0442\u0430\u0440\u0438\u0458\u0430\u0442 \u0437\u0430 \u043f\u0440\u0438\u0432\u0440\u0435\u0434\u0443 \u0438 \u0442\u0443\u0440\u0438\u0437\u0430\u043c\",\"potentialAction\":[{\"@type\":\"SearchAction\",\"target\":{\"@type\":\"EntryPoint\",\"urlTemplate\":\"https:\\\/\\\/spriv.vojvodina.gov.rs\\\/?s={search_term_string}\"},\"query-input\":{\"@type\":\"PropertyValueSpecification\",\"valueRequired\":true,\"valueName\":\"search_term_string\"}}],\"inLanguage\":\"sr-RS\"},{\"@type\":\"Person\",\"@id\":\"https:\\\/\\\/spriv.vojvodina.gov.rs\\\/#\\\/schema\\\/person\\\/749ef4f57fbb458f1c759e7a4fa78485\",\"name\":\"Sonja Babi\u0107\",\"image\":{\"@type\":\"ImageObject\",\"inLanguage\":\"sr-RS\",\"@id\":\"https:\\\/\\\/secure.gravatar.com\\\/avatar\\\/00a1d182a20a59067af1e7b1c31cbcc3be1a456ee4b27746580e120c2582e5bd?s=96&d=mm&r=g\",\"url\":\"https:\\\/\\\/secure.gravatar.com\\\/avatar\\\/00a1d182a20a59067af1e7b1c31cbcc3be1a456ee4b27746580e120c2582e5bd?s=96&d=mm&r=g\",\"contentUrl\":\"https:\\\/\\\/secure.gravatar.com\\\/avatar\\\/00a1d182a20a59067af1e7b1c31cbcc3be1a456ee4b27746580e120c2582e5bd?s=96&d=mm&r=g\",\"caption\":\"Sonja Babi\u0107\"},\"url\":\"https:\\\/\\\/spriv.vojvodina.gov.rs\\\/rs\\\/author\\\/sonja-babic\\\/\"}]}<\/script>\n<!-- \/ Yoast SEO plugin. -->","yoast_head_json":{"title":"Odr\u017eana 3. Sednica Pokrajinskog socijalno - ekonomskog saveta - \u041f\u043e\u043a\u0440\u0430\u0458\u0438\u043d\u0441\u043a\u0438 \u0441\u0435\u043a\u0440\u0435\u0442\u0430\u0440\u0438\u0458\u0430\u0442 \u0437\u0430 \u043f\u0440\u0438\u0432\u0440\u0435\u0434\u0443 \u0438 \u0442\u0443\u0440\u0438\u0437\u0430\u043c","robots":{"index":"index","follow":"follow","max-snippet":"max-snippet:-1","max-image-preview":"max-image-preview:large","max-video-preview":"max-video-preview:-1"},"canonical":"https:\/\/spriv.vojvodina.gov.rs\/rs\/odrzana-3-sednica-pokrajinskog-socijalno-ekonomskog-saveta\/","og_locale":"sr_RS","og_type":"article","og_title":"Odr\u017eana 3. Sednica Pokrajinskog socijalno - ekonomskog saveta - \u041f\u043e\u043a\u0440\u0430\u0458\u0438\u043d\u0441\u043a\u0438 \u0441\u0435\u043a\u0440\u0435\u0442\u0430\u0440\u0438\u0458\u0430\u0442 \u0437\u0430 \u043f\u0440\u0438\u0432\u0440\u0435\u0434\u0443 \u0438 \u0442\u0443\u0440\u0438\u0437\u0430\u043c","og_description":"Novi Sad, 17. novembar 2016. \u2013 Dnevni red dana\u0161nje tre\u0107e Sednice sadr\u017eao je pet ta\u010daka, u okviru kojih poseban akcenat stavljen na pripreme koje su u toku za odr\u017eavanje Konferencije pod nazivom \u201eZa razvoj privrede \u2013 okupljanje oko projekata\u201c, koja je predvi\u0111ena za decembar. Potpredsednik Pokrajinske vlade i pokrajinski sekretar za privredu i turizam, Ivan \u0110okovi\u0107, je istakao da je Savet doneo zajedni\u010dki zaklju\u010dak na osnovu prikupljenih materijala, da je neophodno sa\u010diniti dokument o o\u010dekivanjima od Pokrajinske vlade u 2017. godini.","og_url":"https:\/\/spriv.vojvodina.gov.rs\/rs\/odrzana-3-sednica-pokrajinskog-socijalno-ekonomskog-saveta\/","og_site_name":"\u041f\u043e\u043a\u0440\u0430\u0458\u0438\u043d\u0441\u043a\u0438 \u0441\u0435\u043a\u0440\u0435\u0442\u0430\u0440\u0438\u0458\u0430\u0442 \u0437\u0430 \u043f\u0440\u0438\u0432\u0440\u0435\u0434\u0443 \u0438 \u0442\u0443\u0440\u0438\u0437\u0430\u043c","article_published_time":"2016-11-17T15:55:02+00:00","og_image":[{"width":150,"height":100,"url":"https:\/\/spriv.vojvodina.gov.rs\/wp-content\/uploads\/2016\/11\/pses-mala.JPG","type":"image\/jpeg"}],"author":"Sonja Babi\u0107","twitter_card":"summary_large_image","twitter_misc":{"\u041d\u0430\u043f\u0438\u0441\u0430\u043d\u043e \u043e\u0434":"Sonja Babi\u0107","\u041f\u0440\u043e\u0446\u0435\u045a\u0435\u043d\u043e \u0432\u0440\u0435\u043c\u0435 \u0447\u0438\u0442\u0430\u045a\u0430":"3 \u043c\u0438\u043d\u0443\u0442\u0430"},"schema":{"@context":"https:\/\/schema.org","@graph":[{"@type":"Article","@id":"https:\/\/spriv.vojvodina.gov.rs\/rs\/odrzana-3-sednica-pokrajinskog-socijalno-ekonomskog-saveta\/#article","isPartOf":{"@id":"https:\/\/spriv.vojvodina.gov.rs\/rs\/odrzana-3-sednica-pokrajinskog-socijalno-ekonomskog-saveta\/"},"author":{"name":"Sonja Babi\u0107","@id":"https:\/\/spriv.vojvodina.gov.rs\/#\/schema\/person\/749ef4f57fbb458f1c759e7a4fa78485"},"headline":"Odr\u017eana 3. Sednica Pokrajinskog socijalno &#8211; ekonomskog saveta","datePublished":"2016-11-17T15:55:02+00:00","mainEntityOfPage":{"@id":"https:\/\/spriv.vojvodina.gov.rs\/rs\/odrzana-3-sednica-pokrajinskog-socijalno-ekonomskog-saveta\/"},"wordCount":519,"image":{"@id":"https:\/\/spriv.vojvodina.gov.rs\/rs\/odrzana-3-sednica-pokrajinskog-socijalno-ekonomskog-saveta\/#primaryimage"},"thumbnailUrl":"https:\/\/spriv.vojvodina.gov.rs\/wp-content\/uploads\/2016\/11\/pses-mala.JPG","articleSection":["Vesti Latinica"],"inLanguage":"sr-RS"},{"@type":"WebPage","@id":"https:\/\/spriv.vojvodina.gov.rs\/rs\/odrzana-3-sednica-pokrajinskog-socijalno-ekonomskog-saveta\/","url":"https:\/\/spriv.vojvodina.gov.rs\/rs\/odrzana-3-sednica-pokrajinskog-socijalno-ekonomskog-saveta\/","name":"Odr\u017eana 3. Sednica Pokrajinskog socijalno - ekonomskog saveta - \u041f\u043e\u043a\u0440\u0430\u0458\u0438\u043d\u0441\u043a\u0438 \u0441\u0435\u043a\u0440\u0435\u0442\u0430\u0440\u0438\u0458\u0430\u0442 \u0437\u0430 \u043f\u0440\u0438\u0432\u0440\u0435\u0434\u0443 \u0438 \u0442\u0443\u0440\u0438\u0437\u0430\u043c","isPartOf":{"@id":"https:\/\/spriv.vojvodina.gov.rs\/#website"},"primaryImageOfPage":{"@id":"https:\/\/spriv.vojvodina.gov.rs\/rs\/odrzana-3-sednica-pokrajinskog-socijalno-ekonomskog-saveta\/#primaryimage"},"image":{"@id":"https:\/\/spriv.vojvodina.gov.rs\/rs\/odrzana-3-sednica-pokrajinskog-socijalno-ekonomskog-saveta\/#primaryimage"},"thumbnailUrl":"https:\/\/spriv.vojvodina.gov.rs\/wp-content\/uploads\/2016\/11\/pses-mala.JPG","datePublished":"2016-11-17T15:55:02+00:00","author":{"@id":"https:\/\/spriv.vojvodina.gov.rs\/#\/schema\/person\/749ef4f57fbb458f1c759e7a4fa78485"},"breadcrumb":{"@id":"https:\/\/spriv.vojvodina.gov.rs\/rs\/odrzana-3-sednica-pokrajinskog-socijalno-ekonomskog-saveta\/#breadcrumb"},"inLanguage":"sr-RS","potentialAction":[{"@type":"ReadAction","target":["https:\/\/spriv.vojvodina.gov.rs\/rs\/odrzana-3-sednica-pokrajinskog-socijalno-ekonomskog-saveta\/"]}]},{"@type":"ImageObject","inLanguage":"sr-RS","@id":"https:\/\/spriv.vojvodina.gov.rs\/rs\/odrzana-3-sednica-pokrajinskog-socijalno-ekonomskog-saveta\/#primaryimage","url":"https:\/\/spriv.vojvodina.gov.rs\/wp-content\/uploads\/2016\/11\/pses-mala.JPG","contentUrl":"https:\/\/spriv.vojvodina.gov.rs\/wp-content\/uploads\/2016\/11\/pses-mala.JPG","width":150,"height":100},{"@type":"BreadcrumbList","@id":"https:\/\/spriv.vojvodina.gov.rs\/rs\/odrzana-3-sednica-pokrajinskog-socijalno-ekonomskog-saveta\/#breadcrumb","itemListElement":[{"@type":"ListItem","position":1,"name":"Home","item":"https:\/\/spriv.vojvodina.gov.rs\/"},{"@type":"ListItem","position":2,"name":"Odr\u017eana 3. Sednica Pokrajinskog socijalno &#8211; ekonomskog saveta"}]},{"@type":"WebSite","@id":"https:\/\/spriv.vojvodina.gov.rs\/#website","url":"https:\/\/spriv.vojvodina.gov.rs\/","name":"\u041f\u043e\u043a\u0440\u0430\u0458\u0438\u043d\u0441\u043a\u0438 \u0441\u0435\u043a\u0440\u0435\u0442\u0430\u0440\u0438\u0458\u0430\u0442 \u0437\u0430 \u043f\u0440\u0438\u0432\u0440\u0435\u0434\u0443 \u0438 \u0442\u0443\u0440\u0438\u0437\u0430\u043c","description":"\u041f\u043e\u043a\u0440\u0430\u0458\u0438\u043d\u0441\u043a\u0438 \u0441\u0435\u043a\u0440\u0435\u0442\u0430\u0440\u0438\u0458\u0430\u0442 \u0437\u0430 \u043f\u0440\u0438\u0432\u0440\u0435\u0434\u0443 \u0438 \u0442\u0443\u0440\u0438\u0437\u0430\u043c","potentialAction":[{"@type":"SearchAction","target":{"@type":"EntryPoint","urlTemplate":"https:\/\/spriv.vojvodina.gov.rs\/?s={search_term_string}"},"query-input":{"@type":"PropertyValueSpecification","valueRequired":true,"valueName":"search_term_string"}}],"inLanguage":"sr-RS"},{"@type":"Person","@id":"https:\/\/spriv.vojvodina.gov.rs\/#\/schema\/person\/749ef4f57fbb458f1c759e7a4fa78485","name":"Sonja Babi\u0107","image":{"@type":"ImageObject","inLanguage":"sr-RS","@id":"https:\/\/secure.gravatar.com\/avatar\/00a1d182a20a59067af1e7b1c31cbcc3be1a456ee4b27746580e120c2582e5bd?s=96&d=mm&r=g","url":"https:\/\/secure.gravatar.com\/avatar\/00a1d182a20a59067af1e7b1c31cbcc3be1a456ee4b27746580e120c2582e5bd?s=96&d=mm&r=g","contentUrl":"https:\/\/secure.gravatar.com\/avatar\/00a1d182a20a59067af1e7b1c31cbcc3be1a456ee4b27746580e120c2582e5bd?s=96&d=mm&r=g","caption":"Sonja Babi\u0107"},"url":"https:\/\/spriv.vojvodina.gov.rs\/rs\/author\/sonja-babic\/"}]}},"_links":{"self":[{"href":"https:\/\/spriv.vojvodina.gov.rs\/rs\/wp-json\/wp\/v2\/posts\/2099","targetHints":{"allow":["GET"]}}],"collection":[{"href":"https:\/\/spriv.vojvodina.gov.rs\/rs\/wp-json\/wp\/v2\/posts"}],"about":[{"href":"https:\/\/spriv.vojvodina.gov.rs\/rs\/wp-json\/wp\/v2\/types\/post"}],"author":[{"embeddable":true,"href":"https:\/\/spriv.vojvodina.gov.rs\/rs\/wp-json\/wp\/v2\/users\/3"}],"replies":[{"embeddable":true,"href":"https:\/\/spriv.vojvodina.gov.rs\/rs\/wp-json\/wp\/v2\/comments?post=2099"}],"version-history":[{"count":0,"href":"https:\/\/spriv.vojvodina.gov.rs\/rs\/wp-json\/wp\/v2\/posts\/2099\/revisions"}],"wp:featuredmedia":[{"embeddable":true,"href":"https:\/\/spriv.vojvodina.gov.rs\/rs\/wp-json\/wp\/v2\/media\/2091"}],"wp:attachment":[{"href":"https:\/\/spriv.vojvodina.gov.rs\/rs\/wp-json\/wp\/v2\/media?parent=2099"}],"wp:term":[{"taxonomy":"category","embeddable":true,"href":"https:\/\/spriv.vojvodina.gov.rs\/rs\/wp-json\/wp\/v2\/categories?post=2099"},{"taxonomy":"post_tag","embeddable":true,"href":"https:\/\/spriv.vojvodina.gov.rs\/rs\/wp-json\/wp\/v2\/tags?post=2099"}],"curies":[{"name":"wp","href":"https:\/\/api.w.org\/{rel}","templated":true}]}}