{"id":1990,"date":"2016-10-26T14:04:33","date_gmt":"2016-10-26T14:04:33","guid":{"rendered":"http:\/\/spriv.vojvodina.gov.rs\/2016\/10\/26\/potpredsednik-ivan-dokovic-na-iii-biznis-kafeu-u-novom-sadu-pod-nazivom-ostati-i-uspeti\/"},"modified":"2016-10-26T14:04:33","modified_gmt":"2016-10-26T14:04:33","slug":"potpredsednik-ivan-dokovic-na-iii-biznis-kafeu-u-novom-sadu-pod-nazivom-ostati-i-uspeti","status":"publish","type":"post","link":"https:\/\/spriv.vojvodina.gov.rs\/rs\/potpredsednik-ivan-dokovic-na-iii-biznis-kafeu-u-novom-sadu-pod-nazivom-ostati-i-uspeti\/","title":{"rendered":"Potpredsednik Ivan \u0110okovi\u0107 na III Biznis kafeu u Novom Sadu pod nazivom ,,Ostati i uspeti\u201c"},"content":{"rendered":"<p style=\"text-align: center;\"><img loading=\"lazy\" decoding=\"async\" class=\" size-full wp-image-1985\" src=\"http:\/\/spriv.vojvodina.gov.rs\/wp-content\/uploads\/2016\/10\/biznis-kafe-1.jpg\" border=\"0\" alt=\"\" width=\"600\" height=\"400\" srcset=\"https:\/\/spriv.vojvodina.gov.rs\/wp-content\/uploads\/2016\/10\/biznis-kafe-1.jpg 600w, https:\/\/spriv.vojvodina.gov.rs\/wp-content\/uploads\/2016\/10\/biznis-kafe-1-300x200.jpg 300w\" sizes=\"auto, (max-width: 600px) 100vw, 600px\" \/><\/p>\n<p style=\"text-align: center;\"><em>Preuzeto sa https:\/\/www.facebook.com\/BusinessCafeEvent\/photos\/<\/em><\/p>\n<p style=\"text-align: justify;\">Najpopularije dru\u017eenje malih preduzetnika ,,Business Caf\u00e9\u201c, odr\u017eano je po tre\u0107i put u Novom Sadu, a ju\u010dera\u0161nji susret nosio je naziv \u201eOstati i uspeti\u201c. Potpredsednik Pokrajinske vlade i pokrajinski sekretar za privredu i turizam, Ivan \u0110okovi\u0107, pozdravio je okupljene u\u010desnike i pru\u017eio podr\u0161ku takvom vidu kreativnog, poslovnog okupljanja, istakav\u0161i zna\u010daj razmene ideja i iskustava, u cilju \u0161to bolje organizacije poslovanja i kreiranja poslovnih ideja kroz preduzetni\u010dku ambiciju.<\/p>\n<p style=\"text-align: center;\"><img loading=\"lazy\" decoding=\"async\" class=\" size-full wp-image-1986\" src=\"http:\/\/spriv.vojvodina.gov.rs\/wp-content\/uploads\/2016\/10\/biznis-kafe-2.jpg\" border=\"0\" alt=\"\" width=\"600\" height=\"400\" srcset=\"https:\/\/spriv.vojvodina.gov.rs\/wp-content\/uploads\/2016\/10\/biznis-kafe-2.jpg 600w, https:\/\/spriv.vojvodina.gov.rs\/wp-content\/uploads\/2016\/10\/biznis-kafe-2-300x200.jpg 300w\" sizes=\"auto, (max-width: 600px) 100vw, 600px\" \/><\/p>\n<p style=\"text-align: center;\"><em>Preuzeto sa https:\/\/www.facebook.com\/BusinessCafeEvent\/photos\/<\/em><\/p>\n<p style=\"text-align: justify;\">\u0110okovi\u0107 je prisutne upoznao sa svim aktivnostima Pokrajinskog sekretarijata za privredu i turizam i naglasio da \u0107e Sekretarijat u narednom periodu akcenat svojih aktivnosti staviti na podsticaj za mlade preduzetnike koji imaju izme\u0111u 25 i 40 godina, kao i na razvoj kreativnih delatnosti, poput IT sektora i dizajna. Pozvao je sve male i srednje preduzetnike da se \u0161to bolje informi\u0161u i maksimalno iskoriste sve mogu\u0107nosti koje im Sekretarijat nudi putem konkursa koje raspisuje.<\/p>\n<p style=\"text-align: justify;\">Susretu mladih preduzetnika prisustvovali su i pomo\u0107nik pokrajinskog sekretara za oblast privrede, Branislav Bandi\u0107, i pomo\u0107nik za oblast turizma, mr segrej Tama\u0161.<\/p>\n<p style=\"text-align: center;\"><img loading=\"lazy\" decoding=\"async\" class=\" size-full wp-image-1987\" src=\"http:\/\/spriv.vojvodina.gov.rs\/wp-content\/uploads\/2016\/10\/biznis-kafe-4.jpg\" border=\"0\" alt=\"\" width=\"600\" height=\"400\" srcset=\"https:\/\/spriv.vojvodina.gov.rs\/wp-content\/uploads\/2016\/10\/biznis-kafe-4.jpg 600w, https:\/\/spriv.vojvodina.gov.rs\/wp-content\/uploads\/2016\/10\/biznis-kafe-4-300x200.jpg 300w\" sizes=\"auto, (max-width: 600px) 100vw, 600px\" \/><\/p>\n<p style=\"text-align: center;\"><em>Preuzeto sa https:\/\/www.facebook.com\/BusinessCafeEvent\/photos\/<\/em><\/p>\n<p style=\"text-align: justify;\">Klju\u010dna poruka ovih susreta u godini preduzetni\u0161tva jeste da mladi preduzetnici nisu usamljeni u svom poslovanju, te da, sa istih polaznih osnova, uprkos problemima koje nesporno moraju da prevazilaze, mogu\u0107 je uspeh, \u0161to sagovornici predstavljanjem sopstvenih primera dobre prakse i uspe\u0161nog poslovanja potvr\u0111uju. \u00a0<\/p>\n<p style=\"text-align: justify;\">Upravo je ,, Business Caf\u00e9\u201c najpopularniji vid okupljanja malih preduzetnika u regionu, koji se u Srbiji organizuje vi\u0161e od tri godine, i to u Beogradu, Novom Sadu i Ni\u0161u, dok se u regionu privredni susreti organizuju u Hrvatskoj, Crnoj Gori, Makedoniji i Bosni i Hercegovini.<\/p>\n<p style=\"text-align: center;\"><img loading=\"lazy\" decoding=\"async\" class=\" size-full wp-image-1988\" src=\"http:\/\/spriv.vojvodina.gov.rs\/wp-content\/uploads\/2016\/10\/biznis-kafe-6.jpg\" border=\"0\" alt=\"\" width=\"600\" height=\"400\" srcset=\"https:\/\/spriv.vojvodina.gov.rs\/wp-content\/uploads\/2016\/10\/biznis-kafe-6.jpg 600w, https:\/\/spriv.vojvodina.gov.rs\/wp-content\/uploads\/2016\/10\/biznis-kafe-6-300x200.jpg 300w\" sizes=\"auto, (max-width: 600px) 100vw, 600px\" \/><\/p>\n<p style=\"text-align: center;\"><em>Preuzeto sa https:\/\/www.facebook.com\/BusinessCafeEvent\/photos\/<\/em><\/p>\n<p style=\"text-align: justify;\">Do sada je odr\u017eano preko stotinu susreta, u okviru kojih je razmenjeno vi\u0161e od 250 uspe\u0161nih preduzetni\u010dkih pri\u010da, u prisustvu od oko 10.000 u\u010desnika i gostiju.<\/p>\n<p>Partneri 3. ,,Business Caf\u00e9\u201c-a su Privredna komora Srbije i portal Moja firma.<\/p>\n","protected":false},"excerpt":{"rendered":"Novi Sad, 26. oktobar 2016. \u2013 Najpopularije dru\u017eenje malih preduzetnika ,,Business Caf\u00e9\u201c, odr\u017eano je po tre\u0107i put u Novom Sadu, a ju\u010dera\u0161nji susret nosio je naziv \u201eOstati i uspeti\u201c. Potpredsednik Pokrajinske vlade i pokrajinski sekretar za privredu i turizam, Ivan \u0110okovi\u0107, pozdravio je okupljene u\u010desnike i pru\u017eio podr\u0161ku takvom vidu kreativnog, poslovnog okupljanja, istakav\u0161i zna\u010daj razmene ideja i iskustava, u cilju \u0161to bolje organizacije poslovanja i kreiranja poslovnih ideja kroz preduzetni\u010dku ambiciju.\n<a class=\"moretag\" href=\"https:\/\/spriv.vojvodina.gov.rs\/rs\/potpredsednik-ivan-dokovic-na-iii-biznis-kafeu-u-novom-sadu-pod-nazivom-ostati-i-uspeti\/\"> [...]<\/a>","protected":false},"author":3,"featured_media":1984,"comment_status":"closed","ping_status":"closed","sticky":false,"template":"","format":"standard","meta":{"footnotes":""},"categories":[31],"tags":[],"class_list":["post-1990","post","type-post","status-publish","format-standard","has-post-thumbnail","hentry","category-vesti-latinica1"],"yoast_head":"<!-- This site is optimized with the Yoast SEO plugin v27.5 - https:\/\/yoast.com\/product\/yoast-seo-wordpress\/ -->\n<title>Potpredsednik Ivan \u0110okovi\u0107 na III Biznis kafeu u Novom Sadu pod nazivom ,,Ostati i uspeti\u201c - \u041f\u043e\u043a\u0440\u0430\u0458\u0438\u043d\u0441\u043a\u0438 \u0441\u0435\u043a\u0440\u0435\u0442\u0430\u0440\u0438\u0458\u0430\u0442 \u0437\u0430 \u043f\u0440\u0438\u0432\u0440\u0435\u0434\u0443 \u0438 \u0442\u0443\u0440\u0438\u0437\u0430\u043c<\/title>\n<meta name=\"robots\" content=\"index, follow, max-snippet:-1, max-image-preview:large, max-video-preview:-1\" \/>\n<link rel=\"canonical\" href=\"https:\/\/spriv.vojvodina.gov.rs\/rs\/potpredsednik-ivan-dokovic-na-iii-biznis-kafeu-u-novom-sadu-pod-nazivom-ostati-i-uspeti\/\" \/>\n<meta property=\"og:locale\" content=\"sr_RS\" \/>\n<meta property=\"og:type\" content=\"article\" \/>\n<meta property=\"og:title\" content=\"Potpredsednik Ivan \u0110okovi\u0107 na III Biznis kafeu u Novom Sadu pod nazivom ,,Ostati i uspeti\u201c - \u041f\u043e\u043a\u0440\u0430\u0458\u0438\u043d\u0441\u043a\u0438 \u0441\u0435\u043a\u0440\u0435\u0442\u0430\u0440\u0438\u0458\u0430\u0442 \u0437\u0430 \u043f\u0440\u0438\u0432\u0440\u0435\u0434\u0443 \u0438 \u0442\u0443\u0440\u0438\u0437\u0430\u043c\" \/>\n<meta property=\"og:description\" content=\"Novi Sad, 26. oktobar 2016. \u2013 Najpopularije dru\u017eenje malih preduzetnika ,,Business Caf\u00e9\u201c, odr\u017eano je po tre\u0107i put u Novom Sadu, a ju\u010dera\u0161nji susret nosio je naziv \u201eOstati i uspeti\u201c. Potpredsednik Pokrajinske vlade i pokrajinski sekretar za privredu i turizam, Ivan \u0110okovi\u0107, pozdravio je okupljene u\u010desnike i pru\u017eio podr\u0161ku takvom vidu kreativnog, poslovnog okupljanja, istakav\u0161i zna\u010daj razmene ideja i iskustava, u cilju \u0161to bolje organizacije poslovanja i kreiranja poslovnih ideja kroz preduzetni\u010dku ambiciju.\" \/>\n<meta property=\"og:url\" content=\"https:\/\/spriv.vojvodina.gov.rs\/rs\/potpredsednik-ivan-dokovic-na-iii-biznis-kafeu-u-novom-sadu-pod-nazivom-ostati-i-uspeti\/\" \/>\n<meta property=\"og:site_name\" content=\"\u041f\u043e\u043a\u0440\u0430\u0458\u0438\u043d\u0441\u043a\u0438 \u0441\u0435\u043a\u0440\u0435\u0442\u0430\u0440\u0438\u0458\u0430\u0442 \u0437\u0430 \u043f\u0440\u0438\u0432\u0440\u0435\u0434\u0443 \u0438 \u0442\u0443\u0440\u0438\u0437\u0430\u043c\" \/>\n<meta property=\"article:published_time\" content=\"2016-10-26T14:04:33+00:00\" \/>\n<meta property=\"og:image\" content=\"https:\/\/spriv.vojvodina.gov.rs\/wp-content\/uploads\/2016\/10\/biznis-kafe-mala.jpg\" \/>\n\t<meta property=\"og:image:width\" content=\"150\" \/>\n\t<meta property=\"og:image:height\" content=\"100\" \/>\n\t<meta property=\"og:image:type\" content=\"image\/jpeg\" \/>\n<meta name=\"author\" content=\"Sonja Babi\u0107\" \/>\n<meta name=\"twitter:card\" content=\"summary_large_image\" \/>\n<meta name=\"twitter:label1\" content=\"\u041d\u0430\u043f\u0438\u0441\u0430\u043d\u043e \u043e\u0434\" \/>\n\t<meta name=\"twitter:data1\" content=\"Sonja Babi\u0107\" \/>\n\t<meta name=\"twitter:label2\" content=\"\u041f\u0440\u043e\u0446\u0435\u045a\u0435\u043d\u043e \u0432\u0440\u0435\u043c\u0435 \u0447\u0438\u0442\u0430\u045a\u0430\" \/>\n\t<meta name=\"twitter:data2\" content=\"2 \u043c\u0438\u043d\u0443\u0442\u0430\" \/>\n<script type=\"application\/ld+json\" class=\"yoast-schema-graph\">{\"@context\":\"https:\\\/\\\/schema.org\",\"@graph\":[{\"@type\":\"Article\",\"@id\":\"https:\\\/\\\/spriv.vojvodina.gov.rs\\\/rs\\\/potpredsednik-ivan-dokovic-na-iii-biznis-kafeu-u-novom-sadu-pod-nazivom-ostati-i-uspeti\\\/#article\",\"isPartOf\":{\"@id\":\"https:\\\/\\\/spriv.vojvodina.gov.rs\\\/rs\\\/potpredsednik-ivan-dokovic-na-iii-biznis-kafeu-u-novom-sadu-pod-nazivom-ostati-i-uspeti\\\/\"},\"author\":{\"name\":\"Sonja Babi\u0107\",\"@id\":\"https:\\\/\\\/spriv.vojvodina.gov.rs\\\/#\\\/schema\\\/person\\\/749ef4f57fbb458f1c759e7a4fa78485\"},\"headline\":\"Potpredsednik Ivan \u0110okovi\u0107 na III Biznis kafeu u Novom Sadu pod nazivom ,,Ostati i uspeti\u201c\",\"datePublished\":\"2016-10-26T14:04:33+00:00\",\"mainEntityOfPage\":{\"@id\":\"https:\\\/\\\/spriv.vojvodina.gov.rs\\\/rs\\\/potpredsednik-ivan-dokovic-na-iii-biznis-kafeu-u-novom-sadu-pod-nazivom-ostati-i-uspeti\\\/\"},\"wordCount\":357,\"image\":{\"@id\":\"https:\\\/\\\/spriv.vojvodina.gov.rs\\\/rs\\\/potpredsednik-ivan-dokovic-na-iii-biznis-kafeu-u-novom-sadu-pod-nazivom-ostati-i-uspeti\\\/#primaryimage\"},\"thumbnailUrl\":\"https:\\\/\\\/spriv.vojvodina.gov.rs\\\/wp-content\\\/uploads\\\/2016\\\/10\\\/biznis-kafe-mala.jpg\",\"articleSection\":[\"Vesti Latinica\"],\"inLanguage\":\"sr-RS\"},{\"@type\":\"WebPage\",\"@id\":\"https:\\\/\\\/spriv.vojvodina.gov.rs\\\/rs\\\/potpredsednik-ivan-dokovic-na-iii-biznis-kafeu-u-novom-sadu-pod-nazivom-ostati-i-uspeti\\\/\",\"url\":\"https:\\\/\\\/spriv.vojvodina.gov.rs\\\/rs\\\/potpredsednik-ivan-dokovic-na-iii-biznis-kafeu-u-novom-sadu-pod-nazivom-ostati-i-uspeti\\\/\",\"name\":\"Potpredsednik Ivan \u0110okovi\u0107 na III Biznis kafeu u Novom Sadu pod nazivom ,,Ostati i uspeti\u201c - \u041f\u043e\u043a\u0440\u0430\u0458\u0438\u043d\u0441\u043a\u0438 \u0441\u0435\u043a\u0440\u0435\u0442\u0430\u0440\u0438\u0458\u0430\u0442 \u0437\u0430 \u043f\u0440\u0438\u0432\u0440\u0435\u0434\u0443 \u0438 \u0442\u0443\u0440\u0438\u0437\u0430\u043c\",\"isPartOf\":{\"@id\":\"https:\\\/\\\/spriv.vojvodina.gov.rs\\\/#website\"},\"primaryImageOfPage\":{\"@id\":\"https:\\\/\\\/spriv.vojvodina.gov.rs\\\/rs\\\/potpredsednik-ivan-dokovic-na-iii-biznis-kafeu-u-novom-sadu-pod-nazivom-ostati-i-uspeti\\\/#primaryimage\"},\"image\":{\"@id\":\"https:\\\/\\\/spriv.vojvodina.gov.rs\\\/rs\\\/potpredsednik-ivan-dokovic-na-iii-biznis-kafeu-u-novom-sadu-pod-nazivom-ostati-i-uspeti\\\/#primaryimage\"},\"thumbnailUrl\":\"https:\\\/\\\/spriv.vojvodina.gov.rs\\\/wp-content\\\/uploads\\\/2016\\\/10\\\/biznis-kafe-mala.jpg\",\"datePublished\":\"2016-10-26T14:04:33+00:00\",\"author\":{\"@id\":\"https:\\\/\\\/spriv.vojvodina.gov.rs\\\/#\\\/schema\\\/person\\\/749ef4f57fbb458f1c759e7a4fa78485\"},\"breadcrumb\":{\"@id\":\"https:\\\/\\\/spriv.vojvodina.gov.rs\\\/rs\\\/potpredsednik-ivan-dokovic-na-iii-biznis-kafeu-u-novom-sadu-pod-nazivom-ostati-i-uspeti\\\/#breadcrumb\"},\"inLanguage\":\"sr-RS\",\"potentialAction\":[{\"@type\":\"ReadAction\",\"target\":[\"https:\\\/\\\/spriv.vojvodina.gov.rs\\\/rs\\\/potpredsednik-ivan-dokovic-na-iii-biznis-kafeu-u-novom-sadu-pod-nazivom-ostati-i-uspeti\\\/\"]}]},{\"@type\":\"ImageObject\",\"inLanguage\":\"sr-RS\",\"@id\":\"https:\\\/\\\/spriv.vojvodina.gov.rs\\\/rs\\\/potpredsednik-ivan-dokovic-na-iii-biznis-kafeu-u-novom-sadu-pod-nazivom-ostati-i-uspeti\\\/#primaryimage\",\"url\":\"https:\\\/\\\/spriv.vojvodina.gov.rs\\\/wp-content\\\/uploads\\\/2016\\\/10\\\/biznis-kafe-mala.jpg\",\"contentUrl\":\"https:\\\/\\\/spriv.vojvodina.gov.rs\\\/wp-content\\\/uploads\\\/2016\\\/10\\\/biznis-kafe-mala.jpg\",\"width\":150,\"height\":100},{\"@type\":\"BreadcrumbList\",\"@id\":\"https:\\\/\\\/spriv.vojvodina.gov.rs\\\/rs\\\/potpredsednik-ivan-dokovic-na-iii-biznis-kafeu-u-novom-sadu-pod-nazivom-ostati-i-uspeti\\\/#breadcrumb\",\"itemListElement\":[{\"@type\":\"ListItem\",\"position\":1,\"name\":\"Home\",\"item\":\"https:\\\/\\\/spriv.vojvodina.gov.rs\\\/\"},{\"@type\":\"ListItem\",\"position\":2,\"name\":\"Potpredsednik Ivan \u0110okovi\u0107 na III Biznis kafeu u Novom Sadu pod nazivom ,,Ostati i uspeti\u201c\"}]},{\"@type\":\"WebSite\",\"@id\":\"https:\\\/\\\/spriv.vojvodina.gov.rs\\\/#website\",\"url\":\"https:\\\/\\\/spriv.vojvodina.gov.rs\\\/\",\"name\":\"\u041f\u043e\u043a\u0440\u0430\u0458\u0438\u043d\u0441\u043a\u0438 \u0441\u0435\u043a\u0440\u0435\u0442\u0430\u0440\u0438\u0458\u0430\u0442 \u0437\u0430 \u043f\u0440\u0438\u0432\u0440\u0435\u0434\u0443 \u0438 \u0442\u0443\u0440\u0438\u0437\u0430\u043c\",\"description\":\"\u041f\u043e\u043a\u0440\u0430\u0458\u0438\u043d\u0441\u043a\u0438 \u0441\u0435\u043a\u0440\u0435\u0442\u0430\u0440\u0438\u0458\u0430\u0442 \u0437\u0430 \u043f\u0440\u0438\u0432\u0440\u0435\u0434\u0443 \u0438 \u0442\u0443\u0440\u0438\u0437\u0430\u043c\",\"potentialAction\":[{\"@type\":\"SearchAction\",\"target\":{\"@type\":\"EntryPoint\",\"urlTemplate\":\"https:\\\/\\\/spriv.vojvodina.gov.rs\\\/?s={search_term_string}\"},\"query-input\":{\"@type\":\"PropertyValueSpecification\",\"valueRequired\":true,\"valueName\":\"search_term_string\"}}],\"inLanguage\":\"sr-RS\"},{\"@type\":\"Person\",\"@id\":\"https:\\\/\\\/spriv.vojvodina.gov.rs\\\/#\\\/schema\\\/person\\\/749ef4f57fbb458f1c759e7a4fa78485\",\"name\":\"Sonja Babi\u0107\",\"image\":{\"@type\":\"ImageObject\",\"inLanguage\":\"sr-RS\",\"@id\":\"https:\\\/\\\/secure.gravatar.com\\\/avatar\\\/00a1d182a20a59067af1e7b1c31cbcc3be1a456ee4b27746580e120c2582e5bd?s=96&d=mm&r=g\",\"url\":\"https:\\\/\\\/secure.gravatar.com\\\/avatar\\\/00a1d182a20a59067af1e7b1c31cbcc3be1a456ee4b27746580e120c2582e5bd?s=96&d=mm&r=g\",\"contentUrl\":\"https:\\\/\\\/secure.gravatar.com\\\/avatar\\\/00a1d182a20a59067af1e7b1c31cbcc3be1a456ee4b27746580e120c2582e5bd?s=96&d=mm&r=g\",\"caption\":\"Sonja Babi\u0107\"},\"url\":\"https:\\\/\\\/spriv.vojvodina.gov.rs\\\/rs\\\/author\\\/sonja-babic\\\/\"}]}<\/script>\n<!-- \/ Yoast SEO plugin. -->","yoast_head_json":{"title":"Potpredsednik Ivan \u0110okovi\u0107 na III Biznis kafeu u Novom Sadu pod nazivom ,,Ostati i uspeti\u201c - \u041f\u043e\u043a\u0440\u0430\u0458\u0438\u043d\u0441\u043a\u0438 \u0441\u0435\u043a\u0440\u0435\u0442\u0430\u0440\u0438\u0458\u0430\u0442 \u0437\u0430 \u043f\u0440\u0438\u0432\u0440\u0435\u0434\u0443 \u0438 \u0442\u0443\u0440\u0438\u0437\u0430\u043c","robots":{"index":"index","follow":"follow","max-snippet":"max-snippet:-1","max-image-preview":"max-image-preview:large","max-video-preview":"max-video-preview:-1"},"canonical":"https:\/\/spriv.vojvodina.gov.rs\/rs\/potpredsednik-ivan-dokovic-na-iii-biznis-kafeu-u-novom-sadu-pod-nazivom-ostati-i-uspeti\/","og_locale":"sr_RS","og_type":"article","og_title":"Potpredsednik Ivan \u0110okovi\u0107 na III Biznis kafeu u Novom Sadu pod nazivom ,,Ostati i uspeti\u201c - \u041f\u043e\u043a\u0440\u0430\u0458\u0438\u043d\u0441\u043a\u0438 \u0441\u0435\u043a\u0440\u0435\u0442\u0430\u0440\u0438\u0458\u0430\u0442 \u0437\u0430 \u043f\u0440\u0438\u0432\u0440\u0435\u0434\u0443 \u0438 \u0442\u0443\u0440\u0438\u0437\u0430\u043c","og_description":"Novi Sad, 26. oktobar 2016. \u2013 Najpopularije dru\u017eenje malih preduzetnika ,,Business Caf\u00e9\u201c, odr\u017eano je po tre\u0107i put u Novom Sadu, a ju\u010dera\u0161nji susret nosio je naziv \u201eOstati i uspeti\u201c. Potpredsednik Pokrajinske vlade i pokrajinski sekretar za privredu i turizam, Ivan \u0110okovi\u0107, pozdravio je okupljene u\u010desnike i pru\u017eio podr\u0161ku takvom vidu kreativnog, poslovnog okupljanja, istakav\u0161i zna\u010daj razmene ideja i iskustava, u cilju \u0161to bolje organizacije poslovanja i kreiranja poslovnih ideja kroz preduzetni\u010dku ambiciju.","og_url":"https:\/\/spriv.vojvodina.gov.rs\/rs\/potpredsednik-ivan-dokovic-na-iii-biznis-kafeu-u-novom-sadu-pod-nazivom-ostati-i-uspeti\/","og_site_name":"\u041f\u043e\u043a\u0440\u0430\u0458\u0438\u043d\u0441\u043a\u0438 \u0441\u0435\u043a\u0440\u0435\u0442\u0430\u0440\u0438\u0458\u0430\u0442 \u0437\u0430 \u043f\u0440\u0438\u0432\u0440\u0435\u0434\u0443 \u0438 \u0442\u0443\u0440\u0438\u0437\u0430\u043c","article_published_time":"2016-10-26T14:04:33+00:00","og_image":[{"width":150,"height":100,"url":"https:\/\/spriv.vojvodina.gov.rs\/wp-content\/uploads\/2016\/10\/biznis-kafe-mala.jpg","type":"image\/jpeg"}],"author":"Sonja Babi\u0107","twitter_card":"summary_large_image","twitter_misc":{"\u041d\u0430\u043f\u0438\u0441\u0430\u043d\u043e \u043e\u0434":"Sonja Babi\u0107","\u041f\u0440\u043e\u0446\u0435\u045a\u0435\u043d\u043e \u0432\u0440\u0435\u043c\u0435 \u0447\u0438\u0442\u0430\u045a\u0430":"2 \u043c\u0438\u043d\u0443\u0442\u0430"},"schema":{"@context":"https:\/\/schema.org","@graph":[{"@type":"Article","@id":"https:\/\/spriv.vojvodina.gov.rs\/rs\/potpredsednik-ivan-dokovic-na-iii-biznis-kafeu-u-novom-sadu-pod-nazivom-ostati-i-uspeti\/#article","isPartOf":{"@id":"https:\/\/spriv.vojvodina.gov.rs\/rs\/potpredsednik-ivan-dokovic-na-iii-biznis-kafeu-u-novom-sadu-pod-nazivom-ostati-i-uspeti\/"},"author":{"name":"Sonja Babi\u0107","@id":"https:\/\/spriv.vojvodina.gov.rs\/#\/schema\/person\/749ef4f57fbb458f1c759e7a4fa78485"},"headline":"Potpredsednik Ivan \u0110okovi\u0107 na III Biznis kafeu u Novom Sadu pod nazivom ,,Ostati i uspeti\u201c","datePublished":"2016-10-26T14:04:33+00:00","mainEntityOfPage":{"@id":"https:\/\/spriv.vojvodina.gov.rs\/rs\/potpredsednik-ivan-dokovic-na-iii-biznis-kafeu-u-novom-sadu-pod-nazivom-ostati-i-uspeti\/"},"wordCount":357,"image":{"@id":"https:\/\/spriv.vojvodina.gov.rs\/rs\/potpredsednik-ivan-dokovic-na-iii-biznis-kafeu-u-novom-sadu-pod-nazivom-ostati-i-uspeti\/#primaryimage"},"thumbnailUrl":"https:\/\/spriv.vojvodina.gov.rs\/wp-content\/uploads\/2016\/10\/biznis-kafe-mala.jpg","articleSection":["Vesti Latinica"],"inLanguage":"sr-RS"},{"@type":"WebPage","@id":"https:\/\/spriv.vojvodina.gov.rs\/rs\/potpredsednik-ivan-dokovic-na-iii-biznis-kafeu-u-novom-sadu-pod-nazivom-ostati-i-uspeti\/","url":"https:\/\/spriv.vojvodina.gov.rs\/rs\/potpredsednik-ivan-dokovic-na-iii-biznis-kafeu-u-novom-sadu-pod-nazivom-ostati-i-uspeti\/","name":"Potpredsednik Ivan \u0110okovi\u0107 na III Biznis kafeu u Novom Sadu pod nazivom ,,Ostati i uspeti\u201c - \u041f\u043e\u043a\u0440\u0430\u0458\u0438\u043d\u0441\u043a\u0438 \u0441\u0435\u043a\u0440\u0435\u0442\u0430\u0440\u0438\u0458\u0430\u0442 \u0437\u0430 \u043f\u0440\u0438\u0432\u0440\u0435\u0434\u0443 \u0438 \u0442\u0443\u0440\u0438\u0437\u0430\u043c","isPartOf":{"@id":"https:\/\/spriv.vojvodina.gov.rs\/#website"},"primaryImageOfPage":{"@id":"https:\/\/spriv.vojvodina.gov.rs\/rs\/potpredsednik-ivan-dokovic-na-iii-biznis-kafeu-u-novom-sadu-pod-nazivom-ostati-i-uspeti\/#primaryimage"},"image":{"@id":"https:\/\/spriv.vojvodina.gov.rs\/rs\/potpredsednik-ivan-dokovic-na-iii-biznis-kafeu-u-novom-sadu-pod-nazivom-ostati-i-uspeti\/#primaryimage"},"thumbnailUrl":"https:\/\/spriv.vojvodina.gov.rs\/wp-content\/uploads\/2016\/10\/biznis-kafe-mala.jpg","datePublished":"2016-10-26T14:04:33+00:00","author":{"@id":"https:\/\/spriv.vojvodina.gov.rs\/#\/schema\/person\/749ef4f57fbb458f1c759e7a4fa78485"},"breadcrumb":{"@id":"https:\/\/spriv.vojvodina.gov.rs\/rs\/potpredsednik-ivan-dokovic-na-iii-biznis-kafeu-u-novom-sadu-pod-nazivom-ostati-i-uspeti\/#breadcrumb"},"inLanguage":"sr-RS","potentialAction":[{"@type":"ReadAction","target":["https:\/\/spriv.vojvodina.gov.rs\/rs\/potpredsednik-ivan-dokovic-na-iii-biznis-kafeu-u-novom-sadu-pod-nazivom-ostati-i-uspeti\/"]}]},{"@type":"ImageObject","inLanguage":"sr-RS","@id":"https:\/\/spriv.vojvodina.gov.rs\/rs\/potpredsednik-ivan-dokovic-na-iii-biznis-kafeu-u-novom-sadu-pod-nazivom-ostati-i-uspeti\/#primaryimage","url":"https:\/\/spriv.vojvodina.gov.rs\/wp-content\/uploads\/2016\/10\/biznis-kafe-mala.jpg","contentUrl":"https:\/\/spriv.vojvodina.gov.rs\/wp-content\/uploads\/2016\/10\/biznis-kafe-mala.jpg","width":150,"height":100},{"@type":"BreadcrumbList","@id":"https:\/\/spriv.vojvodina.gov.rs\/rs\/potpredsednik-ivan-dokovic-na-iii-biznis-kafeu-u-novom-sadu-pod-nazivom-ostati-i-uspeti\/#breadcrumb","itemListElement":[{"@type":"ListItem","position":1,"name":"Home","item":"https:\/\/spriv.vojvodina.gov.rs\/"},{"@type":"ListItem","position":2,"name":"Potpredsednik Ivan \u0110okovi\u0107 na III Biznis kafeu u Novom Sadu pod nazivom ,,Ostati i uspeti\u201c"}]},{"@type":"WebSite","@id":"https:\/\/spriv.vojvodina.gov.rs\/#website","url":"https:\/\/spriv.vojvodina.gov.rs\/","name":"\u041f\u043e\u043a\u0440\u0430\u0458\u0438\u043d\u0441\u043a\u0438 \u0441\u0435\u043a\u0440\u0435\u0442\u0430\u0440\u0438\u0458\u0430\u0442 \u0437\u0430 \u043f\u0440\u0438\u0432\u0440\u0435\u0434\u0443 \u0438 \u0442\u0443\u0440\u0438\u0437\u0430\u043c","description":"\u041f\u043e\u043a\u0440\u0430\u0458\u0438\u043d\u0441\u043a\u0438 \u0441\u0435\u043a\u0440\u0435\u0442\u0430\u0440\u0438\u0458\u0430\u0442 \u0437\u0430 \u043f\u0440\u0438\u0432\u0440\u0435\u0434\u0443 \u0438 \u0442\u0443\u0440\u0438\u0437\u0430\u043c","potentialAction":[{"@type":"SearchAction","target":{"@type":"EntryPoint","urlTemplate":"https:\/\/spriv.vojvodina.gov.rs\/?s={search_term_string}"},"query-input":{"@type":"PropertyValueSpecification","valueRequired":true,"valueName":"search_term_string"}}],"inLanguage":"sr-RS"},{"@type":"Person","@id":"https:\/\/spriv.vojvodina.gov.rs\/#\/schema\/person\/749ef4f57fbb458f1c759e7a4fa78485","name":"Sonja Babi\u0107","image":{"@type":"ImageObject","inLanguage":"sr-RS","@id":"https:\/\/secure.gravatar.com\/avatar\/00a1d182a20a59067af1e7b1c31cbcc3be1a456ee4b27746580e120c2582e5bd?s=96&d=mm&r=g","url":"https:\/\/secure.gravatar.com\/avatar\/00a1d182a20a59067af1e7b1c31cbcc3be1a456ee4b27746580e120c2582e5bd?s=96&d=mm&r=g","contentUrl":"https:\/\/secure.gravatar.com\/avatar\/00a1d182a20a59067af1e7b1c31cbcc3be1a456ee4b27746580e120c2582e5bd?s=96&d=mm&r=g","caption":"Sonja Babi\u0107"},"url":"https:\/\/spriv.vojvodina.gov.rs\/rs\/author\/sonja-babic\/"}]}},"_links":{"self":[{"href":"https:\/\/spriv.vojvodina.gov.rs\/rs\/wp-json\/wp\/v2\/posts\/1990","targetHints":{"allow":["GET"]}}],"collection":[{"href":"https:\/\/spriv.vojvodina.gov.rs\/rs\/wp-json\/wp\/v2\/posts"}],"about":[{"href":"https:\/\/spriv.vojvodina.gov.rs\/rs\/wp-json\/wp\/v2\/types\/post"}],"author":[{"embeddable":true,"href":"https:\/\/spriv.vojvodina.gov.rs\/rs\/wp-json\/wp\/v2\/users\/3"}],"replies":[{"embeddable":true,"href":"https:\/\/spriv.vojvodina.gov.rs\/rs\/wp-json\/wp\/v2\/comments?post=1990"}],"version-history":[{"count":0,"href":"https:\/\/spriv.vojvodina.gov.rs\/rs\/wp-json\/wp\/v2\/posts\/1990\/revisions"}],"wp:featuredmedia":[{"embeddable":true,"href":"https:\/\/spriv.vojvodina.gov.rs\/rs\/wp-json\/wp\/v2\/media\/1984"}],"wp:attachment":[{"href":"https:\/\/spriv.vojvodina.gov.rs\/rs\/wp-json\/wp\/v2\/media?parent=1990"}],"wp:term":[{"taxonomy":"category","embeddable":true,"href":"https:\/\/spriv.vojvodina.gov.rs\/rs\/wp-json\/wp\/v2\/categories?post=1990"},{"taxonomy":"post_tag","embeddable":true,"href":"https:\/\/spriv.vojvodina.gov.rs\/rs\/wp-json\/wp\/v2\/tags?post=1990"}],"curies":[{"name":"wp","href":"https:\/\/api.w.org\/{rel}","templated":true}]}}