{"id":1983,"date":"2016-10-19T14:06:47","date_gmt":"2016-10-19T14:06:47","guid":{"rendered":"http:\/\/spriv.vojvodina.gov.rs\/2016\/10\/19\/zamenik-pavle-pocuc-o-turistickim-potencijalima-vojvodine-na-v-dunavskom-biznis-forumu\/"},"modified":"2016-10-19T14:06:47","modified_gmt":"2016-10-19T14:06:47","slug":"zamenik-pavle-pocuc-o-turistickim-potencijalima-vojvodine-na-v-dunavskom-biznis-forumu","status":"publish","type":"post","link":"https:\/\/spriv.vojvodina.gov.rs\/rs\/zamenik-pavle-pocuc-o-turistickim-potencijalima-vojvodine-na-v-dunavskom-biznis-forumu\/","title":{"rendered":"Zamenik Pavle Po\u010du\u010d o turisti\u010dkim potencijalima Vojvodine na V Dunavskom biznis forumu"},"content":{"rendered":"<p style=\"text-align: justify;\">Drugi dan Dunavskog biznis foruma odr\u017ean je ju\u010de u Novom Sadu, a u okviru prvog panela posve\u0107enog turizmu i kulturi koji je odr\u017ean u prostorijama Privredne komore Vojvodine, prisutnima se obratio zamenik pokrajinskog sekretara za privredu i turizam, mr Pavle Po\u010du\u010d.<\/p>\n<p style=\"text-align: justify;\"><img loading=\"lazy\" decoding=\"async\" class=\" alignleft size-full wp-image-1980\" src=\"http:\/\/spriv.vojvodina.gov.rs\/wp-content\/uploads\/2016\/10\/VPZ_0529-1.jpg\" border=\"0\" alt=\"\" width=\"320\" height=\"480\" align=\"left\" srcset=\"https:\/\/spriv.vojvodina.gov.rs\/wp-content\/uploads\/2016\/10\/VPZ_0529-1.jpg 320w, https:\/\/spriv.vojvodina.gov.rs\/wp-content\/uploads\/2016\/10\/VPZ_0529-1-200x300.jpg 200w\" sizes=\"auto, (max-width: 320px) 100vw, 320px\" \/><\/p>\n<p style=\"text-align: justify;\">\u00a0<\/p>\n<p style=\"text-align: justify;\">\u201ePrepoznali smo Dunav kao najzna\u010dajniji atribut turisti\u010dke promocije Vojvodine i Srbije i kao ogroman drustveno ekonomski potencijal. Ipak, krajnje je vreme pre\u0107i sa re\u010di na dela i ovaj fantasti\u010dan resurs iskoristiti u svim segmentima, a posebno u turizmu kao navitalnijoj i sve profitabilnijoj privednoj grani. Plavom magistralom nam godi\u0161nje dolazi preko 100.000 turista, sa tendencijom porasta, \u0161to svakako ohrabruje, motivi\u0161e, ali i obavezuje na konkretne akcione planove na polju ulaganja u turisti\u010dku ponudu, \u0161irom sliva Dunava u svih 22 op\u0161tine i 11 okruga\u201c, istakao je mr Po\u010du\u010d.<\/p>\n<p style=\"text-align: justify;\">\u00a0<\/p>\n<p style=\"text-align: justify;\">On je naveo i da je Pokrajinski sekretarijat za privredu i turizam poseban akcenat usmerio na podr\u0161ku projektima vezanim za Dunav, te da se u narednom periodu o\u010dekuje zna\u010dajan napredak i ve\u0107a iskoris\u0107enost svih prednosti koje pru\u017ea reka Dunav.<\/p>\n<p style=\"text-align: justify;\">\u00a0<\/p>\n<p style=\"text-align: justify;\">\u00a0<\/p>\n<p style=\"text-align: justify;\">\u00a0<\/p>\n<p style=\"text-align: justify;\">\u00a0<\/p>\n<p style=\"text-align: justify;\">Ovogodi\u0161nji forum okuplja oko 2.000 u\u010desnika iz 14 zemalja Podunavskog regiona, a planira se uvo\u0111enje ovog doga\u0111aja u zvani\u010dan kalendar Evropske komisije. Akcenat Foruma je na promociji ekonomskih mogu\u0107nosti i potencijala Vojvodine, stoga je zna\u010dajan faktor povezivanja u regionu, i da ima i edukativni karakter, jer \u0107e na panelima u\u010destvovati i studenti Novosadskog univerziteta.<\/p>\n<p style=\"text-align: center;\"><img loading=\"lazy\" decoding=\"async\" class=\" size-full wp-image-1981\" src=\"http:\/\/spriv.vojvodina.gov.rs\/wp-content\/uploads\/2016\/10\/VPZ_0516-2.jpg\" border=\"0\" alt=\"\" width=\"600\" height=\"399\" srcset=\"https:\/\/spriv.vojvodina.gov.rs\/wp-content\/uploads\/2016\/10\/VPZ_0516-2.jpg 640w, https:\/\/spriv.vojvodina.gov.rs\/wp-content\/uploads\/2016\/10\/VPZ_0516-2-300x200.jpg 300w\" sizes=\"auto, (max-width: 600px) 100vw, 600px\" \/><\/p>\n","protected":false},"excerpt":{"rendered":"Novi Sad, 20. oktobar 2016. &#8211; Drugi dan Dunavskog biznis foruma odr\u017ean je ju\u010de u Novom Sadu, a u okviru prvog panela posve\u0107enog turizmu i kulturi koji je odr\u017ean u prostorijama Privredne komore Vojvodine, prisutnima se obratio zamenik pokrajinskog sekretara za privredu i turizam, mr Pavle Po\u010du\u010d.\n<a class=\"moretag\" href=\"https:\/\/spriv.vojvodina.gov.rs\/rs\/zamenik-pavle-pocuc-o-turistickim-potencijalima-vojvodine-na-v-dunavskom-biznis-forumu\/\"> [...]<\/a>","protected":false},"author":3,"featured_media":1979,"comment_status":"closed","ping_status":"closed","sticky":false,"template":"","format":"standard","meta":{"footnotes":""},"categories":[31],"tags":[],"class_list":["post-1983","post","type-post","status-publish","format-standard","has-post-thumbnail","hentry","category-vesti-latinica1"],"yoast_head":"<!-- This site is optimized with the Yoast SEO plugin v27.5 - https:\/\/yoast.com\/product\/yoast-seo-wordpress\/ -->\n<title>Zamenik Pavle Po\u010du\u010d o turisti\u010dkim potencijalima Vojvodine na V Dunavskom biznis forumu - \u041f\u043e\u043a\u0440\u0430\u0458\u0438\u043d\u0441\u043a\u0438 \u0441\u0435\u043a\u0440\u0435\u0442\u0430\u0440\u0438\u0458\u0430\u0442 \u0437\u0430 \u043f\u0440\u0438\u0432\u0440\u0435\u0434\u0443 \u0438 \u0442\u0443\u0440\u0438\u0437\u0430\u043c<\/title>\n<meta name=\"robots\" content=\"index, follow, max-snippet:-1, max-image-preview:large, max-video-preview:-1\" \/>\n<link rel=\"canonical\" href=\"https:\/\/spriv.vojvodina.gov.rs\/rs\/zamenik-pavle-pocuc-o-turistickim-potencijalima-vojvodine-na-v-dunavskom-biznis-forumu\/\" \/>\n<meta property=\"og:locale\" content=\"sr_RS\" \/>\n<meta property=\"og:type\" content=\"article\" \/>\n<meta property=\"og:title\" content=\"Zamenik Pavle Po\u010du\u010d o turisti\u010dkim potencijalima Vojvodine na V Dunavskom biznis forumu - \u041f\u043e\u043a\u0440\u0430\u0458\u0438\u043d\u0441\u043a\u0438 \u0441\u0435\u043a\u0440\u0435\u0442\u0430\u0440\u0438\u0458\u0430\u0442 \u0437\u0430 \u043f\u0440\u0438\u0432\u0440\u0435\u0434\u0443 \u0438 \u0442\u0443\u0440\u0438\u0437\u0430\u043c\" \/>\n<meta property=\"og:description\" content=\"Novi Sad, 20. oktobar 2016. - Drugi dan Dunavskog biznis foruma odr\u017ean je ju\u010de u Novom Sadu, a u okviru prvog panela posve\u0107enog turizmu i kulturi koji je odr\u017ean u prostorijama Privredne komore Vojvodine, prisutnima se obratio zamenik pokrajinskog sekretara za privredu i turizam, mr Pavle Po\u010du\u010d.\" \/>\n<meta property=\"og:url\" content=\"https:\/\/spriv.vojvodina.gov.rs\/rs\/zamenik-pavle-pocuc-o-turistickim-potencijalima-vojvodine-na-v-dunavskom-biznis-forumu\/\" \/>\n<meta property=\"og:site_name\" content=\"\u041f\u043e\u043a\u0440\u0430\u0458\u0438\u043d\u0441\u043a\u0438 \u0441\u0435\u043a\u0440\u0435\u0442\u0430\u0440\u0438\u0458\u0430\u0442 \u0437\u0430 \u043f\u0440\u0438\u0432\u0440\u0435\u0434\u0443 \u0438 \u0442\u0443\u0440\u0438\u0437\u0430\u043c\" \/>\n<meta property=\"article:published_time\" content=\"2016-10-19T14:06:47+00:00\" \/>\n<meta property=\"og:image\" content=\"https:\/\/spriv.vojvodina.gov.rs\/wp-content\/uploads\/2016\/10\/VPZ_0516-2-Copy.jpg\" \/>\n\t<meta property=\"og:image:width\" content=\"640\" \/>\n\t<meta property=\"og:image:height\" content=\"426\" \/>\n\t<meta property=\"og:image:type\" content=\"image\/jpeg\" \/>\n<meta name=\"author\" content=\"Sonja Babi\u0107\" \/>\n<meta name=\"twitter:card\" content=\"summary_large_image\" \/>\n<meta name=\"twitter:label1\" content=\"\u041d\u0430\u043f\u0438\u0441\u0430\u043d\u043e \u043e\u0434\" \/>\n\t<meta name=\"twitter:data1\" content=\"Sonja Babi\u0107\" \/>\n\t<meta name=\"twitter:label2\" content=\"\u041f\u0440\u043e\u0446\u0435\u045a\u0435\u043d\u043e \u0432\u0440\u0435\u043c\u0435 \u0447\u0438\u0442\u0430\u045a\u0430\" \/>\n\t<meta name=\"twitter:data2\" content=\"1 \u043c\u0438\u043d\u0443\u0442\" \/>\n<script type=\"application\/ld+json\" class=\"yoast-schema-graph\">{\"@context\":\"https:\\\/\\\/schema.org\",\"@graph\":[{\"@type\":\"Article\",\"@id\":\"https:\\\/\\\/spriv.vojvodina.gov.rs\\\/rs\\\/zamenik-pavle-pocuc-o-turistickim-potencijalima-vojvodine-na-v-dunavskom-biznis-forumu\\\/#article\",\"isPartOf\":{\"@id\":\"https:\\\/\\\/spriv.vojvodina.gov.rs\\\/rs\\\/zamenik-pavle-pocuc-o-turistickim-potencijalima-vojvodine-na-v-dunavskom-biznis-forumu\\\/\"},\"author\":{\"name\":\"Sonja Babi\u0107\",\"@id\":\"https:\\\/\\\/spriv.vojvodina.gov.rs\\\/#\\\/schema\\\/person\\\/749ef4f57fbb458f1c759e7a4fa78485\"},\"headline\":\"Zamenik Pavle Po\u010du\u010d o turisti\u010dkim potencijalima Vojvodine na V Dunavskom biznis forumu\",\"datePublished\":\"2016-10-19T14:06:47+00:00\",\"mainEntityOfPage\":{\"@id\":\"https:\\\/\\\/spriv.vojvodina.gov.rs\\\/rs\\\/zamenik-pavle-pocuc-o-turistickim-potencijalima-vojvodine-na-v-dunavskom-biznis-forumu\\\/\"},\"wordCount\":259,\"image\":{\"@id\":\"https:\\\/\\\/spriv.vojvodina.gov.rs\\\/rs\\\/zamenik-pavle-pocuc-o-turistickim-potencijalima-vojvodine-na-v-dunavskom-biznis-forumu\\\/#primaryimage\"},\"thumbnailUrl\":\"https:\\\/\\\/spriv.vojvodina.gov.rs\\\/wp-content\\\/uploads\\\/2016\\\/10\\\/VPZ_0516-2-Copy.jpg\",\"articleSection\":[\"Vesti Latinica\"],\"inLanguage\":\"sr-RS\"},{\"@type\":\"WebPage\",\"@id\":\"https:\\\/\\\/spriv.vojvodina.gov.rs\\\/rs\\\/zamenik-pavle-pocuc-o-turistickim-potencijalima-vojvodine-na-v-dunavskom-biznis-forumu\\\/\",\"url\":\"https:\\\/\\\/spriv.vojvodina.gov.rs\\\/rs\\\/zamenik-pavle-pocuc-o-turistickim-potencijalima-vojvodine-na-v-dunavskom-biznis-forumu\\\/\",\"name\":\"Zamenik Pavle Po\u010du\u010d o turisti\u010dkim potencijalima Vojvodine na V Dunavskom biznis forumu - \u041f\u043e\u043a\u0440\u0430\u0458\u0438\u043d\u0441\u043a\u0438 \u0441\u0435\u043a\u0440\u0435\u0442\u0430\u0440\u0438\u0458\u0430\u0442 \u0437\u0430 \u043f\u0440\u0438\u0432\u0440\u0435\u0434\u0443 \u0438 \u0442\u0443\u0440\u0438\u0437\u0430\u043c\",\"isPartOf\":{\"@id\":\"https:\\\/\\\/spriv.vojvodina.gov.rs\\\/#website\"},\"primaryImageOfPage\":{\"@id\":\"https:\\\/\\\/spriv.vojvodina.gov.rs\\\/rs\\\/zamenik-pavle-pocuc-o-turistickim-potencijalima-vojvodine-na-v-dunavskom-biznis-forumu\\\/#primaryimage\"},\"image\":{\"@id\":\"https:\\\/\\\/spriv.vojvodina.gov.rs\\\/rs\\\/zamenik-pavle-pocuc-o-turistickim-potencijalima-vojvodine-na-v-dunavskom-biznis-forumu\\\/#primaryimage\"},\"thumbnailUrl\":\"https:\\\/\\\/spriv.vojvodina.gov.rs\\\/wp-content\\\/uploads\\\/2016\\\/10\\\/VPZ_0516-2-Copy.jpg\",\"datePublished\":\"2016-10-19T14:06:47+00:00\",\"author\":{\"@id\":\"https:\\\/\\\/spriv.vojvodina.gov.rs\\\/#\\\/schema\\\/person\\\/749ef4f57fbb458f1c759e7a4fa78485\"},\"breadcrumb\":{\"@id\":\"https:\\\/\\\/spriv.vojvodina.gov.rs\\\/rs\\\/zamenik-pavle-pocuc-o-turistickim-potencijalima-vojvodine-na-v-dunavskom-biznis-forumu\\\/#breadcrumb\"},\"inLanguage\":\"sr-RS\",\"potentialAction\":[{\"@type\":\"ReadAction\",\"target\":[\"https:\\\/\\\/spriv.vojvodina.gov.rs\\\/rs\\\/zamenik-pavle-pocuc-o-turistickim-potencijalima-vojvodine-na-v-dunavskom-biznis-forumu\\\/\"]}]},{\"@type\":\"ImageObject\",\"inLanguage\":\"sr-RS\",\"@id\":\"https:\\\/\\\/spriv.vojvodina.gov.rs\\\/rs\\\/zamenik-pavle-pocuc-o-turistickim-potencijalima-vojvodine-na-v-dunavskom-biznis-forumu\\\/#primaryimage\",\"url\":\"https:\\\/\\\/spriv.vojvodina.gov.rs\\\/wp-content\\\/uploads\\\/2016\\\/10\\\/VPZ_0516-2-Copy.jpg\",\"contentUrl\":\"https:\\\/\\\/spriv.vojvodina.gov.rs\\\/wp-content\\\/uploads\\\/2016\\\/10\\\/VPZ_0516-2-Copy.jpg\",\"width\":640,\"height\":426},{\"@type\":\"BreadcrumbList\",\"@id\":\"https:\\\/\\\/spriv.vojvodina.gov.rs\\\/rs\\\/zamenik-pavle-pocuc-o-turistickim-potencijalima-vojvodine-na-v-dunavskom-biznis-forumu\\\/#breadcrumb\",\"itemListElement\":[{\"@type\":\"ListItem\",\"position\":1,\"name\":\"Home\",\"item\":\"https:\\\/\\\/spriv.vojvodina.gov.rs\\\/\"},{\"@type\":\"ListItem\",\"position\":2,\"name\":\"Zamenik Pavle Po\u010du\u010d o turisti\u010dkim potencijalima Vojvodine na V Dunavskom biznis forumu\"}]},{\"@type\":\"WebSite\",\"@id\":\"https:\\\/\\\/spriv.vojvodina.gov.rs\\\/#website\",\"url\":\"https:\\\/\\\/spriv.vojvodina.gov.rs\\\/\",\"name\":\"\u041f\u043e\u043a\u0440\u0430\u0458\u0438\u043d\u0441\u043a\u0438 \u0441\u0435\u043a\u0440\u0435\u0442\u0430\u0440\u0438\u0458\u0430\u0442 \u0437\u0430 \u043f\u0440\u0438\u0432\u0440\u0435\u0434\u0443 \u0438 \u0442\u0443\u0440\u0438\u0437\u0430\u043c\",\"description\":\"\u041f\u043e\u043a\u0440\u0430\u0458\u0438\u043d\u0441\u043a\u0438 \u0441\u0435\u043a\u0440\u0435\u0442\u0430\u0440\u0438\u0458\u0430\u0442 \u0437\u0430 \u043f\u0440\u0438\u0432\u0440\u0435\u0434\u0443 \u0438 \u0442\u0443\u0440\u0438\u0437\u0430\u043c\",\"potentialAction\":[{\"@type\":\"SearchAction\",\"target\":{\"@type\":\"EntryPoint\",\"urlTemplate\":\"https:\\\/\\\/spriv.vojvodina.gov.rs\\\/?s={search_term_string}\"},\"query-input\":{\"@type\":\"PropertyValueSpecification\",\"valueRequired\":true,\"valueName\":\"search_term_string\"}}],\"inLanguage\":\"sr-RS\"},{\"@type\":\"Person\",\"@id\":\"https:\\\/\\\/spriv.vojvodina.gov.rs\\\/#\\\/schema\\\/person\\\/749ef4f57fbb458f1c759e7a4fa78485\",\"name\":\"Sonja Babi\u0107\",\"image\":{\"@type\":\"ImageObject\",\"inLanguage\":\"sr-RS\",\"@id\":\"https:\\\/\\\/secure.gravatar.com\\\/avatar\\\/00a1d182a20a59067af1e7b1c31cbcc3be1a456ee4b27746580e120c2582e5bd?s=96&d=mm&r=g\",\"url\":\"https:\\\/\\\/secure.gravatar.com\\\/avatar\\\/00a1d182a20a59067af1e7b1c31cbcc3be1a456ee4b27746580e120c2582e5bd?s=96&d=mm&r=g\",\"contentUrl\":\"https:\\\/\\\/secure.gravatar.com\\\/avatar\\\/00a1d182a20a59067af1e7b1c31cbcc3be1a456ee4b27746580e120c2582e5bd?s=96&d=mm&r=g\",\"caption\":\"Sonja Babi\u0107\"},\"url\":\"https:\\\/\\\/spriv.vojvodina.gov.rs\\\/rs\\\/author\\\/sonja-babic\\\/\"}]}<\/script>\n<!-- \/ Yoast SEO plugin. -->","yoast_head_json":{"title":"Zamenik Pavle Po\u010du\u010d o turisti\u010dkim potencijalima Vojvodine na V Dunavskom biznis forumu - \u041f\u043e\u043a\u0440\u0430\u0458\u0438\u043d\u0441\u043a\u0438 \u0441\u0435\u043a\u0440\u0435\u0442\u0430\u0440\u0438\u0458\u0430\u0442 \u0437\u0430 \u043f\u0440\u0438\u0432\u0440\u0435\u0434\u0443 \u0438 \u0442\u0443\u0440\u0438\u0437\u0430\u043c","robots":{"index":"index","follow":"follow","max-snippet":"max-snippet:-1","max-image-preview":"max-image-preview:large","max-video-preview":"max-video-preview:-1"},"canonical":"https:\/\/spriv.vojvodina.gov.rs\/rs\/zamenik-pavle-pocuc-o-turistickim-potencijalima-vojvodine-na-v-dunavskom-biznis-forumu\/","og_locale":"sr_RS","og_type":"article","og_title":"Zamenik Pavle Po\u010du\u010d o turisti\u010dkim potencijalima Vojvodine na V Dunavskom biznis forumu - \u041f\u043e\u043a\u0440\u0430\u0458\u0438\u043d\u0441\u043a\u0438 \u0441\u0435\u043a\u0440\u0435\u0442\u0430\u0440\u0438\u0458\u0430\u0442 \u0437\u0430 \u043f\u0440\u0438\u0432\u0440\u0435\u0434\u0443 \u0438 \u0442\u0443\u0440\u0438\u0437\u0430\u043c","og_description":"Novi Sad, 20. oktobar 2016. - Drugi dan Dunavskog biznis foruma odr\u017ean je ju\u010de u Novom Sadu, a u okviru prvog panela posve\u0107enog turizmu i kulturi koji je odr\u017ean u prostorijama Privredne komore Vojvodine, prisutnima se obratio zamenik pokrajinskog sekretara za privredu i turizam, mr Pavle Po\u010du\u010d.","og_url":"https:\/\/spriv.vojvodina.gov.rs\/rs\/zamenik-pavle-pocuc-o-turistickim-potencijalima-vojvodine-na-v-dunavskom-biznis-forumu\/","og_site_name":"\u041f\u043e\u043a\u0440\u0430\u0458\u0438\u043d\u0441\u043a\u0438 \u0441\u0435\u043a\u0440\u0435\u0442\u0430\u0440\u0438\u0458\u0430\u0442 \u0437\u0430 \u043f\u0440\u0438\u0432\u0440\u0435\u0434\u0443 \u0438 \u0442\u0443\u0440\u0438\u0437\u0430\u043c","article_published_time":"2016-10-19T14:06:47+00:00","og_image":[{"width":640,"height":426,"url":"https:\/\/spriv.vojvodina.gov.rs\/wp-content\/uploads\/2016\/10\/VPZ_0516-2-Copy.jpg","type":"image\/jpeg"}],"author":"Sonja Babi\u0107","twitter_card":"summary_large_image","twitter_misc":{"\u041d\u0430\u043f\u0438\u0441\u0430\u043d\u043e \u043e\u0434":"Sonja Babi\u0107","\u041f\u0440\u043e\u0446\u0435\u045a\u0435\u043d\u043e \u0432\u0440\u0435\u043c\u0435 \u0447\u0438\u0442\u0430\u045a\u0430":"1 \u043c\u0438\u043d\u0443\u0442"},"schema":{"@context":"https:\/\/schema.org","@graph":[{"@type":"Article","@id":"https:\/\/spriv.vojvodina.gov.rs\/rs\/zamenik-pavle-pocuc-o-turistickim-potencijalima-vojvodine-na-v-dunavskom-biznis-forumu\/#article","isPartOf":{"@id":"https:\/\/spriv.vojvodina.gov.rs\/rs\/zamenik-pavle-pocuc-o-turistickim-potencijalima-vojvodine-na-v-dunavskom-biznis-forumu\/"},"author":{"name":"Sonja Babi\u0107","@id":"https:\/\/spriv.vojvodina.gov.rs\/#\/schema\/person\/749ef4f57fbb458f1c759e7a4fa78485"},"headline":"Zamenik Pavle Po\u010du\u010d o turisti\u010dkim potencijalima Vojvodine na V Dunavskom biznis forumu","datePublished":"2016-10-19T14:06:47+00:00","mainEntityOfPage":{"@id":"https:\/\/spriv.vojvodina.gov.rs\/rs\/zamenik-pavle-pocuc-o-turistickim-potencijalima-vojvodine-na-v-dunavskom-biznis-forumu\/"},"wordCount":259,"image":{"@id":"https:\/\/spriv.vojvodina.gov.rs\/rs\/zamenik-pavle-pocuc-o-turistickim-potencijalima-vojvodine-na-v-dunavskom-biznis-forumu\/#primaryimage"},"thumbnailUrl":"https:\/\/spriv.vojvodina.gov.rs\/wp-content\/uploads\/2016\/10\/VPZ_0516-2-Copy.jpg","articleSection":["Vesti Latinica"],"inLanguage":"sr-RS"},{"@type":"WebPage","@id":"https:\/\/spriv.vojvodina.gov.rs\/rs\/zamenik-pavle-pocuc-o-turistickim-potencijalima-vojvodine-na-v-dunavskom-biznis-forumu\/","url":"https:\/\/spriv.vojvodina.gov.rs\/rs\/zamenik-pavle-pocuc-o-turistickim-potencijalima-vojvodine-na-v-dunavskom-biznis-forumu\/","name":"Zamenik Pavle Po\u010du\u010d o turisti\u010dkim potencijalima Vojvodine na V Dunavskom biznis forumu - \u041f\u043e\u043a\u0440\u0430\u0458\u0438\u043d\u0441\u043a\u0438 \u0441\u0435\u043a\u0440\u0435\u0442\u0430\u0440\u0438\u0458\u0430\u0442 \u0437\u0430 \u043f\u0440\u0438\u0432\u0440\u0435\u0434\u0443 \u0438 \u0442\u0443\u0440\u0438\u0437\u0430\u043c","isPartOf":{"@id":"https:\/\/spriv.vojvodina.gov.rs\/#website"},"primaryImageOfPage":{"@id":"https:\/\/spriv.vojvodina.gov.rs\/rs\/zamenik-pavle-pocuc-o-turistickim-potencijalima-vojvodine-na-v-dunavskom-biznis-forumu\/#primaryimage"},"image":{"@id":"https:\/\/spriv.vojvodina.gov.rs\/rs\/zamenik-pavle-pocuc-o-turistickim-potencijalima-vojvodine-na-v-dunavskom-biznis-forumu\/#primaryimage"},"thumbnailUrl":"https:\/\/spriv.vojvodina.gov.rs\/wp-content\/uploads\/2016\/10\/VPZ_0516-2-Copy.jpg","datePublished":"2016-10-19T14:06:47+00:00","author":{"@id":"https:\/\/spriv.vojvodina.gov.rs\/#\/schema\/person\/749ef4f57fbb458f1c759e7a4fa78485"},"breadcrumb":{"@id":"https:\/\/spriv.vojvodina.gov.rs\/rs\/zamenik-pavle-pocuc-o-turistickim-potencijalima-vojvodine-na-v-dunavskom-biznis-forumu\/#breadcrumb"},"inLanguage":"sr-RS","potentialAction":[{"@type":"ReadAction","target":["https:\/\/spriv.vojvodina.gov.rs\/rs\/zamenik-pavle-pocuc-o-turistickim-potencijalima-vojvodine-na-v-dunavskom-biznis-forumu\/"]}]},{"@type":"ImageObject","inLanguage":"sr-RS","@id":"https:\/\/spriv.vojvodina.gov.rs\/rs\/zamenik-pavle-pocuc-o-turistickim-potencijalima-vojvodine-na-v-dunavskom-biznis-forumu\/#primaryimage","url":"https:\/\/spriv.vojvodina.gov.rs\/wp-content\/uploads\/2016\/10\/VPZ_0516-2-Copy.jpg","contentUrl":"https:\/\/spriv.vojvodina.gov.rs\/wp-content\/uploads\/2016\/10\/VPZ_0516-2-Copy.jpg","width":640,"height":426},{"@type":"BreadcrumbList","@id":"https:\/\/spriv.vojvodina.gov.rs\/rs\/zamenik-pavle-pocuc-o-turistickim-potencijalima-vojvodine-na-v-dunavskom-biznis-forumu\/#breadcrumb","itemListElement":[{"@type":"ListItem","position":1,"name":"Home","item":"https:\/\/spriv.vojvodina.gov.rs\/"},{"@type":"ListItem","position":2,"name":"Zamenik Pavle Po\u010du\u010d o turisti\u010dkim potencijalima Vojvodine na V Dunavskom biznis forumu"}]},{"@type":"WebSite","@id":"https:\/\/spriv.vojvodina.gov.rs\/#website","url":"https:\/\/spriv.vojvodina.gov.rs\/","name":"\u041f\u043e\u043a\u0440\u0430\u0458\u0438\u043d\u0441\u043a\u0438 \u0441\u0435\u043a\u0440\u0435\u0442\u0430\u0440\u0438\u0458\u0430\u0442 \u0437\u0430 \u043f\u0440\u0438\u0432\u0440\u0435\u0434\u0443 \u0438 \u0442\u0443\u0440\u0438\u0437\u0430\u043c","description":"\u041f\u043e\u043a\u0440\u0430\u0458\u0438\u043d\u0441\u043a\u0438 \u0441\u0435\u043a\u0440\u0435\u0442\u0430\u0440\u0438\u0458\u0430\u0442 \u0437\u0430 \u043f\u0440\u0438\u0432\u0440\u0435\u0434\u0443 \u0438 \u0442\u0443\u0440\u0438\u0437\u0430\u043c","potentialAction":[{"@type":"SearchAction","target":{"@type":"EntryPoint","urlTemplate":"https:\/\/spriv.vojvodina.gov.rs\/?s={search_term_string}"},"query-input":{"@type":"PropertyValueSpecification","valueRequired":true,"valueName":"search_term_string"}}],"inLanguage":"sr-RS"},{"@type":"Person","@id":"https:\/\/spriv.vojvodina.gov.rs\/#\/schema\/person\/749ef4f57fbb458f1c759e7a4fa78485","name":"Sonja Babi\u0107","image":{"@type":"ImageObject","inLanguage":"sr-RS","@id":"https:\/\/secure.gravatar.com\/avatar\/00a1d182a20a59067af1e7b1c31cbcc3be1a456ee4b27746580e120c2582e5bd?s=96&d=mm&r=g","url":"https:\/\/secure.gravatar.com\/avatar\/00a1d182a20a59067af1e7b1c31cbcc3be1a456ee4b27746580e120c2582e5bd?s=96&d=mm&r=g","contentUrl":"https:\/\/secure.gravatar.com\/avatar\/00a1d182a20a59067af1e7b1c31cbcc3be1a456ee4b27746580e120c2582e5bd?s=96&d=mm&r=g","caption":"Sonja Babi\u0107"},"url":"https:\/\/spriv.vojvodina.gov.rs\/rs\/author\/sonja-babic\/"}]}},"_links":{"self":[{"href":"https:\/\/spriv.vojvodina.gov.rs\/rs\/wp-json\/wp\/v2\/posts\/1983","targetHints":{"allow":["GET"]}}],"collection":[{"href":"https:\/\/spriv.vojvodina.gov.rs\/rs\/wp-json\/wp\/v2\/posts"}],"about":[{"href":"https:\/\/spriv.vojvodina.gov.rs\/rs\/wp-json\/wp\/v2\/types\/post"}],"author":[{"embeddable":true,"href":"https:\/\/spriv.vojvodina.gov.rs\/rs\/wp-json\/wp\/v2\/users\/3"}],"replies":[{"embeddable":true,"href":"https:\/\/spriv.vojvodina.gov.rs\/rs\/wp-json\/wp\/v2\/comments?post=1983"}],"version-history":[{"count":0,"href":"https:\/\/spriv.vojvodina.gov.rs\/rs\/wp-json\/wp\/v2\/posts\/1983\/revisions"}],"wp:featuredmedia":[{"embeddable":true,"href":"https:\/\/spriv.vojvodina.gov.rs\/rs\/wp-json\/wp\/v2\/media\/1979"}],"wp:attachment":[{"href":"https:\/\/spriv.vojvodina.gov.rs\/rs\/wp-json\/wp\/v2\/media?parent=1983"}],"wp:term":[{"taxonomy":"category","embeddable":true,"href":"https:\/\/spriv.vojvodina.gov.rs\/rs\/wp-json\/wp\/v2\/categories?post=1983"},{"taxonomy":"post_tag","embeddable":true,"href":"https:\/\/spriv.vojvodina.gov.rs\/rs\/wp-json\/wp\/v2\/tags?post=1983"}],"curies":[{"name":"wp","href":"https:\/\/api.w.org\/{rel}","templated":true}]}}