{"id":1913,"date":"2016-10-03T21:48:04","date_gmt":"2016-10-03T21:48:04","guid":{"rendered":"http:\/\/spriv.vojvodina.gov.rs\/2016\/10\/03\/odrzane-konstitutivna-sednica-i-2-sednica-pokrajinskog-socijalno-ekonomskog-saveta\/"},"modified":"2016-10-03T21:48:04","modified_gmt":"2016-10-03T21:48:04","slug":"odrzane-konstitutivna-sednica-i-2-sednica-pokrajinskog-socijalno-ekonomskog-saveta","status":"publish","type":"post","link":"https:\/\/spriv.vojvodina.gov.rs\/rs\/odrzane-konstitutivna-sednica-i-2-sednica-pokrajinskog-socijalno-ekonomskog-saveta\/","title":{"rendered":"Odr\u017eane Konstitutivna sednica i 2. sednica Pokrajinskog socijalno &#8211; ekonomskog saveta"},"content":{"rendered":"<p style=\"text-align: justify;\">Konstitutivna sednica Pokrajinskog socijalno \u2013 ekonomskog saveta, odr\u017eana je danas u Skup\u0161tini AP Vojvodine, nakon koje je odr\u017eana i 2. sednica\u00a0 kojom su zaokru\u017eeni strate\u0161ki pravci, stavovi i opredeljenja Saveta u novom mandatu. Potpredsednik Pokrajinske vlade i pokrajinski sekretar za privredu i turizam, Ivan \u0110okovi\u0107, u\u010destvovao je u radu Saveta, kao i kreiranju zaklju\u010daka i konkretnih predloga za naredni period i predstoje\u0107u konferenciju pod nazivom ,,Za razvoj privrede \u2013 okupljanje oko projekata\u201c, predvi\u0111enu za decembar.<\/p>\n<p style=\"text-align: center;\"><img loading=\"lazy\" decoding=\"async\" class=\" size-full wp-image-1908\" src=\"http:\/\/spriv.vojvodina.gov.rs\/wp-content\/uploads\/2016\/10\/3.10.2016.pses2_.jpg\" border=\"0\" alt=\"\" width=\"600\" height=\"400\" srcset=\"https:\/\/spriv.vojvodina.gov.rs\/wp-content\/uploads\/2016\/10\/3.10.2016.pses2_.jpg 600w, https:\/\/spriv.vojvodina.gov.rs\/wp-content\/uploads\/2016\/10\/3.10.2016.pses2_-300x200.jpg 300w\" sizes=\"auto, (max-width: 600px) 100vw, 600px\" \/><\/p>\n<p style=\"text-align: justify;\">U okviru Konstitutivne sednice, verifikovani su \u010dlanovi Pokrajinskog socijalno-ekonomskog saveta za mandatni period 2016 \u2013 2020. godine iz Unije poslodavaca Vojvodine, Saveza samostalnih sindikata Vojvodine i Pokrajinskog odbora Ujedinjenih granskih sindikata \u201eNezavisnost\u201c. Ispred Pokrajinske vlade, \u010dlanovi PSES su potpredsednik Pokrajinske vlade i pokrajinski sekretar za privredu i turizam, Ivan \u0110okovi\u0107, pokrajinska sekretarka za finansije, Smiljka Jovanovi\u0107, pokrajinski sekretar za zdravstvo, Zoran Gojkovi\u0107, pokrajinski sekretar za urbanizam i za\u0161titu \u017eivotne sredine, Vladimir Gali\u0107, pokrajinski sekretar za socijalnu politiku, demografiju i ravnopravnost polova, Predrag Vuleti\u0107, i savetnik predsednika Pokrajinske vlade, Goran Lazovi\u0107.<\/p>\n<p style=\"text-align: justify;\">,,Ovo je prvi korak na upotpunjavanju socijalnog dijaloga, izme\u0111u poslodavaca, Pokrajinske vlade i sindikata. Unija poslodavaca je iznela predloge i mere za unapre\u0111enje privrednog ambijenta, i doneta je i odluka o organizovanju velike konferencije pod pokroviteljstvom Pokrajinske vlade, gde \u0107emo poku\u0161ati da na jedan koncentrisan na\u010din, usmerimo kako zaposlene, tako i poslodavce, da kroz mere Pokrajinske vlade apliciraju za projekte u inostranstvu, ali i za republi\u010dke i pokrajinske projekte i sredstva\u201c, rekao je potpredsednik \u0110okovi\u0107 i istakao da je neophodno da svaki \u010dlan PSES-a iz sopstvenog delokruga, pripremi predloge mera i aktivnosti za unapre\u0111enje stanja u privredi i popravljanje privrednog ambijenta za sve njegove \u010dinioce, a shodno nadle\u017enostima Pokrajinske vlade.<\/p>\n<p style=\"text-align: center;\"><img loading=\"lazy\" decoding=\"async\" class=\" size-full wp-image-1909\" src=\"http:\/\/spriv.vojvodina.gov.rs\/wp-content\/uploads\/2016\/10\/3.10.2016.pses1_.jpg\" border=\"0\" alt=\"\" width=\"600\" height=\"400\" srcset=\"https:\/\/spriv.vojvodina.gov.rs\/wp-content\/uploads\/2016\/10\/3.10.2016.pses1_.jpg 600w, https:\/\/spriv.vojvodina.gov.rs\/wp-content\/uploads\/2016\/10\/3.10.2016.pses1_-300x200.jpg 300w\" sizes=\"auto, (max-width: 600px) 100vw, 600px\" \/><\/p>\n<p style=\"text-align: justify;\">Po zavr\u0161etku Konstitutivne sednice odr\u017eana je i 2. sednica Pokrajinskog socijalno &#8211; ekonomskog saveta, na kojoj su izneti predlozi Unije poslodavaca Vojvodine za unapre\u0111enje privrednog ambijenta. Unija je ovom prilikom inicirala progla\u0161enje Decenije preduzetni\u0161tva i inovacija, kao i obezbe\u0111enje uslova za odr\u017eiv privredni rast uz nov ekonomski sistem.<\/p>\n<p style=\"text-align: justify;\">Predsednik Unije poslodavaca, Stanko Krstin, izneo je postoje\u0107e probleme i konkretan program reformi \u010diji su prioriteti uspostavljanje nove kamatne i kreditne politike, kojom se predla\u017ee ukidanje dvovalutnog sistema, potom uspostavljenje nove monetarne politike, formiranje kursa u slu\u017ebi izvoza i rasta, pri \u010demu se dinar utvr\u0111uje na slobodnom deviznom tr\u017ei\u0161tu, saniranje bankarskog sistema i smanjenje optere\u0107enja privrede. U tom smislu, pored poreske reforme, po Uniji je potrebno smanjiti iznose komunalnih usluga, uvesti realnu kaznenu politiku, te izjedna\u010diti odgovornosti preduzetnika i privrednih dru\u0161tava.<\/p>\n<p style=\"text-align: center;\"><img loading=\"lazy\" decoding=\"async\" class=\" size-full wp-image-1910\" src=\"http:\/\/spriv.vojvodina.gov.rs\/wp-content\/uploads\/2016\/10\/DSC_0403.JPG\" border=\"0\" alt=\"\" width=\"600\" height=\"401\" srcset=\"https:\/\/spriv.vojvodina.gov.rs\/wp-content\/uploads\/2016\/10\/DSC_0403.JPG 600w, https:\/\/spriv.vojvodina.gov.rs\/wp-content\/uploads\/2016\/10\/DSC_0403-300x201.jpg 300w\" sizes=\"auto, (max-width: 600px) 100vw, 600px\" \/><\/p>\n<p style=\"text-align: justify;\">Pored toga, svi prisutni su se usaglasili da je neophodno dalje razvijati socijalni dijalog, kako bi svi predstavnici PSES-a, imali priliku da analiziraju, razmatraju i daju zaklju\u010dke i formiraju stavove o pojedinim zakonskim i podzakonskim aktima i njihovim nacrtima. U\u010desnici su najavili kreiranje zajedni\u010dkog dokumenta na osnovu zaklju\u010daka i stavova, koji bi poslu\u017eio kao orijentir u narednom mandatu PSES-a.\u00a0<\/p>\n<p style=\"text-align: justify;\">Pokrajinski socijalno-ekonomski savet \u0107e, pod pokroviteljstvom Pokrajinske vlade, a na inicijativu Unije poslodavaca Vojvodine, organizovati Konferenciju pod nazivom ,,Za razvoj privrede \u2013 okupljanje oko projekata\u201c, sa ciljem da privrednici i predstavnici zaposlenih, na osnovu Programa Pokrajinske vlade,\u00a0 iznesu svoje predloge i o\u010dekivanja u vezi sa stvaranjem \u0161to povoljnijih uslova za razvoj privrede, a time i za pobolj\u0161anje materijalnog i socijalnog polo\u017eaja zaposlenih i svih gra\u0111ana u AP Vojvodini i u celoj Republici Srbiji. Na Konferenciju \u0107e, \u010dlanica PSES biti pozvani istaknuti privrednici, predstavnici velikih multinacionalnih i doma\u0107ih kompanija, malih i srednjih preduze\u0107a i preduzetnici koji posluju u Vojvodini, predstavnici komorskog sistema, ustanove i drugi koji bi mogli doprineti uspe\u0161nom radu Konferencije.\u00a0 Planiran termin odr\u017eavanja Konferencije je prva polovina decembra 2016. godine, a koji \u0107e utvrditi Organizacioni odbor.<\/p>\n<p style=\"text-align: center;\"><img loading=\"lazy\" decoding=\"async\" class=\" size-full wp-image-1911\" src=\"http:\/\/spriv.vojvodina.gov.rs\/wp-content\/uploads\/2016\/10\/DSC_0353.JPG\" border=\"0\" alt=\"\" width=\"600\" height=\"400\" srcset=\"https:\/\/spriv.vojvodina.gov.rs\/wp-content\/uploads\/2016\/10\/DSC_0353.JPG 600w, https:\/\/spriv.vojvodina.gov.rs\/wp-content\/uploads\/2016\/10\/DSC_0353-300x200.jpg 300w\" sizes=\"auto, (max-width: 600px) 100vw, 600px\" \/><\/p>\n","protected":false},"excerpt":{"rendered":"Novi Sad, 3. oktobar 2016. \u2013 Konstitutivna sednica Pokrajinskog socijalno \u2013 ekonomskog saveta, odr\u017eana je danas u Skup\u0161tini AP Vojvodine, nakon koje je odr\u017eana i 2. sednica\u00a0 kojom su zaokru\u017eeni strate\u0161ki pravci, stavovi i opredeljenja Saveta u novom mandatu. Potpredsednik Pokrajinske vlade i pokrajinski sekretar za privredu i turizam, Ivan \u0110okovi\u0107, u\u010destvovao je u radu Saveta, kao i kreiranju zaklju\u010daka i konkretnih predloga za naredni period i predstoje\u0107u konferenciju pod nazivom ,,Za razvoj privrede \u2013 okupljanje oko projekata\u201c, predvi\u0111enu za decembar.\n<a class=\"moretag\" href=\"https:\/\/spriv.vojvodina.gov.rs\/rs\/odrzane-konstitutivna-sednica-i-2-sednica-pokrajinskog-socijalno-ekonomskog-saveta\/\"> [...]<\/a>","protected":false},"author":3,"featured_media":1907,"comment_status":"closed","ping_status":"closed","sticky":false,"template":"","format":"standard","meta":{"footnotes":""},"categories":[31],"tags":[],"class_list":["post-1913","post","type-post","status-publish","format-standard","has-post-thumbnail","hentry","category-vesti-latinica1"],"yoast_head":"<!-- This site is optimized with the Yoast SEO plugin v27.4 - https:\/\/yoast.com\/product\/yoast-seo-wordpress\/ -->\n<title>Odr\u017eane Konstitutivna sednica i 2. sednica Pokrajinskog socijalno - ekonomskog saveta - \u041f\u043e\u043a\u0440\u0430\u0458\u0438\u043d\u0441\u043a\u0438 \u0441\u0435\u043a\u0440\u0435\u0442\u0430\u0440\u0438\u0458\u0430\u0442 \u0437\u0430 \u043f\u0440\u0438\u0432\u0440\u0435\u0434\u0443 \u0438 \u0442\u0443\u0440\u0438\u0437\u0430\u043c<\/title>\n<meta name=\"robots\" content=\"index, follow, max-snippet:-1, max-image-preview:large, max-video-preview:-1\" \/>\n<link rel=\"canonical\" href=\"https:\/\/spriv.vojvodina.gov.rs\/rs\/odrzane-konstitutivna-sednica-i-2-sednica-pokrajinskog-socijalno-ekonomskog-saveta\/\" \/>\n<meta property=\"og:locale\" content=\"sr_RS\" \/>\n<meta property=\"og:type\" content=\"article\" \/>\n<meta property=\"og:title\" content=\"Odr\u017eane Konstitutivna sednica i 2. sednica Pokrajinskog socijalno - ekonomskog saveta - \u041f\u043e\u043a\u0440\u0430\u0458\u0438\u043d\u0441\u043a\u0438 \u0441\u0435\u043a\u0440\u0435\u0442\u0430\u0440\u0438\u0458\u0430\u0442 \u0437\u0430 \u043f\u0440\u0438\u0432\u0440\u0435\u0434\u0443 \u0438 \u0442\u0443\u0440\u0438\u0437\u0430\u043c\" \/>\n<meta property=\"og:description\" content=\"Novi Sad, 3. oktobar 2016. \u2013 Konstitutivna sednica Pokrajinskog socijalno \u2013 ekonomskog saveta, odr\u017eana je danas u Skup\u0161tini AP Vojvodine, nakon koje je odr\u017eana i 2. sednica\u00a0 kojom su zaokru\u017eeni strate\u0161ki pravci, stavovi i opredeljenja Saveta u novom mandatu. Potpredsednik Pokrajinske vlade i pokrajinski sekretar za privredu i turizam, Ivan \u0110okovi\u0107, u\u010destvovao je u radu Saveta, kao i kreiranju zaklju\u010daka i konkretnih predloga za naredni period i predstoje\u0107u konferenciju pod nazivom ,,Za razvoj privrede \u2013 okupljanje oko projekata\u201c, predvi\u0111enu za decembar.\" \/>\n<meta property=\"og:url\" content=\"https:\/\/spriv.vojvodina.gov.rs\/rs\/odrzane-konstitutivna-sednica-i-2-sednica-pokrajinskog-socijalno-ekonomskog-saveta\/\" \/>\n<meta property=\"og:site_name\" content=\"\u041f\u043e\u043a\u0440\u0430\u0458\u0438\u043d\u0441\u043a\u0438 \u0441\u0435\u043a\u0440\u0435\u0442\u0430\u0440\u0438\u0458\u0430\u0442 \u0437\u0430 \u043f\u0440\u0438\u0432\u0440\u0435\u0434\u0443 \u0438 \u0442\u0443\u0440\u0438\u0437\u0430\u043c\" \/>\n<meta property=\"article:published_time\" content=\"2016-10-03T21:48:04+00:00\" \/>\n<meta property=\"og:image\" content=\"https:\/\/spriv.vojvodina.gov.rs\/wp-content\/uploads\/2016\/10\/3.10.2016.pses-mala.jpg\" \/>\n\t<meta property=\"og:image:width\" content=\"150\" \/>\n\t<meta property=\"og:image:height\" content=\"100\" \/>\n\t<meta property=\"og:image:type\" content=\"image\/jpeg\" \/>\n<meta name=\"author\" content=\"Sonja Babi\u0107\" \/>\n<meta name=\"twitter:card\" content=\"summary_large_image\" \/>\n<meta name=\"twitter:label1\" content=\"\u041d\u0430\u043f\u0438\u0441\u0430\u043d\u043e \u043e\u0434\" \/>\n\t<meta name=\"twitter:data1\" content=\"Sonja Babi\u0107\" \/>\n\t<meta name=\"twitter:label2\" content=\"\u041f\u0440\u043e\u0446\u0435\u045a\u0435\u043d\u043e \u0432\u0440\u0435\u043c\u0435 \u0447\u0438\u0442\u0430\u045a\u0430\" \/>\n\t<meta name=\"twitter:data2\" content=\"3 \u043c\u0438\u043d\u0443\u0442\u0430\" \/>\n<script type=\"application\/ld+json\" class=\"yoast-schema-graph\">{\"@context\":\"https:\\\/\\\/schema.org\",\"@graph\":[{\"@type\":\"Article\",\"@id\":\"https:\\\/\\\/spriv.vojvodina.gov.rs\\\/rs\\\/odrzane-konstitutivna-sednica-i-2-sednica-pokrajinskog-socijalno-ekonomskog-saveta\\\/#article\",\"isPartOf\":{\"@id\":\"https:\\\/\\\/spriv.vojvodina.gov.rs\\\/rs\\\/odrzane-konstitutivna-sednica-i-2-sednica-pokrajinskog-socijalno-ekonomskog-saveta\\\/\"},\"author\":{\"name\":\"Sonja Babi\u0107\",\"@id\":\"https:\\\/\\\/spriv.vojvodina.gov.rs\\\/#\\\/schema\\\/person\\\/749ef4f57fbb458f1c759e7a4fa78485\"},\"headline\":\"Odr\u017eane Konstitutivna sednica i 2. sednica Pokrajinskog socijalno &#8211; ekonomskog saveta\",\"datePublished\":\"2016-10-03T21:48:04+00:00\",\"mainEntityOfPage\":{\"@id\":\"https:\\\/\\\/spriv.vojvodina.gov.rs\\\/rs\\\/odrzane-konstitutivna-sednica-i-2-sednica-pokrajinskog-socijalno-ekonomskog-saveta\\\/\"},\"wordCount\":638,\"image\":{\"@id\":\"https:\\\/\\\/spriv.vojvodina.gov.rs\\\/rs\\\/odrzane-konstitutivna-sednica-i-2-sednica-pokrajinskog-socijalno-ekonomskog-saveta\\\/#primaryimage\"},\"thumbnailUrl\":\"https:\\\/\\\/spriv.vojvodina.gov.rs\\\/wp-content\\\/uploads\\\/2016\\\/10\\\/3.10.2016.pses-mala.jpg\",\"articleSection\":[\"Vesti Latinica\"],\"inLanguage\":\"sr-RS\"},{\"@type\":\"WebPage\",\"@id\":\"https:\\\/\\\/spriv.vojvodina.gov.rs\\\/rs\\\/odrzane-konstitutivna-sednica-i-2-sednica-pokrajinskog-socijalno-ekonomskog-saveta\\\/\",\"url\":\"https:\\\/\\\/spriv.vojvodina.gov.rs\\\/rs\\\/odrzane-konstitutivna-sednica-i-2-sednica-pokrajinskog-socijalno-ekonomskog-saveta\\\/\",\"name\":\"Odr\u017eane Konstitutivna sednica i 2. sednica Pokrajinskog socijalno - ekonomskog saveta - \u041f\u043e\u043a\u0440\u0430\u0458\u0438\u043d\u0441\u043a\u0438 \u0441\u0435\u043a\u0440\u0435\u0442\u0430\u0440\u0438\u0458\u0430\u0442 \u0437\u0430 \u043f\u0440\u0438\u0432\u0440\u0435\u0434\u0443 \u0438 \u0442\u0443\u0440\u0438\u0437\u0430\u043c\",\"isPartOf\":{\"@id\":\"https:\\\/\\\/spriv.vojvodina.gov.rs\\\/#website\"},\"primaryImageOfPage\":{\"@id\":\"https:\\\/\\\/spriv.vojvodina.gov.rs\\\/rs\\\/odrzane-konstitutivna-sednica-i-2-sednica-pokrajinskog-socijalno-ekonomskog-saveta\\\/#primaryimage\"},\"image\":{\"@id\":\"https:\\\/\\\/spriv.vojvodina.gov.rs\\\/rs\\\/odrzane-konstitutivna-sednica-i-2-sednica-pokrajinskog-socijalno-ekonomskog-saveta\\\/#primaryimage\"},\"thumbnailUrl\":\"https:\\\/\\\/spriv.vojvodina.gov.rs\\\/wp-content\\\/uploads\\\/2016\\\/10\\\/3.10.2016.pses-mala.jpg\",\"datePublished\":\"2016-10-03T21:48:04+00:00\",\"author\":{\"@id\":\"https:\\\/\\\/spriv.vojvodina.gov.rs\\\/#\\\/schema\\\/person\\\/749ef4f57fbb458f1c759e7a4fa78485\"},\"breadcrumb\":{\"@id\":\"https:\\\/\\\/spriv.vojvodina.gov.rs\\\/rs\\\/odrzane-konstitutivna-sednica-i-2-sednica-pokrajinskog-socijalno-ekonomskog-saveta\\\/#breadcrumb\"},\"inLanguage\":\"sr-RS\",\"potentialAction\":[{\"@type\":\"ReadAction\",\"target\":[\"https:\\\/\\\/spriv.vojvodina.gov.rs\\\/rs\\\/odrzane-konstitutivna-sednica-i-2-sednica-pokrajinskog-socijalno-ekonomskog-saveta\\\/\"]}]},{\"@type\":\"ImageObject\",\"inLanguage\":\"sr-RS\",\"@id\":\"https:\\\/\\\/spriv.vojvodina.gov.rs\\\/rs\\\/odrzane-konstitutivna-sednica-i-2-sednica-pokrajinskog-socijalno-ekonomskog-saveta\\\/#primaryimage\",\"url\":\"https:\\\/\\\/spriv.vojvodina.gov.rs\\\/wp-content\\\/uploads\\\/2016\\\/10\\\/3.10.2016.pses-mala.jpg\",\"contentUrl\":\"https:\\\/\\\/spriv.vojvodina.gov.rs\\\/wp-content\\\/uploads\\\/2016\\\/10\\\/3.10.2016.pses-mala.jpg\",\"width\":150,\"height\":100},{\"@type\":\"BreadcrumbList\",\"@id\":\"https:\\\/\\\/spriv.vojvodina.gov.rs\\\/rs\\\/odrzane-konstitutivna-sednica-i-2-sednica-pokrajinskog-socijalno-ekonomskog-saveta\\\/#breadcrumb\",\"itemListElement\":[{\"@type\":\"ListItem\",\"position\":1,\"name\":\"Home\",\"item\":\"https:\\\/\\\/spriv.vojvodina.gov.rs\\\/\"},{\"@type\":\"ListItem\",\"position\":2,\"name\":\"Odr\u017eane Konstitutivna sednica i 2. sednica Pokrajinskog socijalno &#8211; ekonomskog saveta\"}]},{\"@type\":\"WebSite\",\"@id\":\"https:\\\/\\\/spriv.vojvodina.gov.rs\\\/#website\",\"url\":\"https:\\\/\\\/spriv.vojvodina.gov.rs\\\/\",\"name\":\"\u041f\u043e\u043a\u0440\u0430\u0458\u0438\u043d\u0441\u043a\u0438 \u0441\u0435\u043a\u0440\u0435\u0442\u0430\u0440\u0438\u0458\u0430\u0442 \u0437\u0430 \u043f\u0440\u0438\u0432\u0440\u0435\u0434\u0443 \u0438 \u0442\u0443\u0440\u0438\u0437\u0430\u043c\",\"description\":\"\u041f\u043e\u043a\u0440\u0430\u0458\u0438\u043d\u0441\u043a\u0438 \u0441\u0435\u043a\u0440\u0435\u0442\u0430\u0440\u0438\u0458\u0430\u0442 \u0437\u0430 \u043f\u0440\u0438\u0432\u0440\u0435\u0434\u0443 \u0438 \u0442\u0443\u0440\u0438\u0437\u0430\u043c\",\"potentialAction\":[{\"@type\":\"SearchAction\",\"target\":{\"@type\":\"EntryPoint\",\"urlTemplate\":\"https:\\\/\\\/spriv.vojvodina.gov.rs\\\/?s={search_term_string}\"},\"query-input\":{\"@type\":\"PropertyValueSpecification\",\"valueRequired\":true,\"valueName\":\"search_term_string\"}}],\"inLanguage\":\"sr-RS\"},{\"@type\":\"Person\",\"@id\":\"https:\\\/\\\/spriv.vojvodina.gov.rs\\\/#\\\/schema\\\/person\\\/749ef4f57fbb458f1c759e7a4fa78485\",\"name\":\"Sonja Babi\u0107\",\"image\":{\"@type\":\"ImageObject\",\"inLanguage\":\"sr-RS\",\"@id\":\"https:\\\/\\\/secure.gravatar.com\\\/avatar\\\/00a1d182a20a59067af1e7b1c31cbcc3be1a456ee4b27746580e120c2582e5bd?s=96&d=mm&r=g\",\"url\":\"https:\\\/\\\/secure.gravatar.com\\\/avatar\\\/00a1d182a20a59067af1e7b1c31cbcc3be1a456ee4b27746580e120c2582e5bd?s=96&d=mm&r=g\",\"contentUrl\":\"https:\\\/\\\/secure.gravatar.com\\\/avatar\\\/00a1d182a20a59067af1e7b1c31cbcc3be1a456ee4b27746580e120c2582e5bd?s=96&d=mm&r=g\",\"caption\":\"Sonja Babi\u0107\"},\"url\":\"https:\\\/\\\/spriv.vojvodina.gov.rs\\\/rs\\\/author\\\/sonja-babic\\\/\"}]}<\/script>\n<!-- \/ Yoast SEO plugin. -->","yoast_head_json":{"title":"Odr\u017eane Konstitutivna sednica i 2. sednica Pokrajinskog socijalno - ekonomskog saveta - \u041f\u043e\u043a\u0440\u0430\u0458\u0438\u043d\u0441\u043a\u0438 \u0441\u0435\u043a\u0440\u0435\u0442\u0430\u0440\u0438\u0458\u0430\u0442 \u0437\u0430 \u043f\u0440\u0438\u0432\u0440\u0435\u0434\u0443 \u0438 \u0442\u0443\u0440\u0438\u0437\u0430\u043c","robots":{"index":"index","follow":"follow","max-snippet":"max-snippet:-1","max-image-preview":"max-image-preview:large","max-video-preview":"max-video-preview:-1"},"canonical":"https:\/\/spriv.vojvodina.gov.rs\/rs\/odrzane-konstitutivna-sednica-i-2-sednica-pokrajinskog-socijalno-ekonomskog-saveta\/","og_locale":"sr_RS","og_type":"article","og_title":"Odr\u017eane Konstitutivna sednica i 2. sednica Pokrajinskog socijalno - ekonomskog saveta - \u041f\u043e\u043a\u0440\u0430\u0458\u0438\u043d\u0441\u043a\u0438 \u0441\u0435\u043a\u0440\u0435\u0442\u0430\u0440\u0438\u0458\u0430\u0442 \u0437\u0430 \u043f\u0440\u0438\u0432\u0440\u0435\u0434\u0443 \u0438 \u0442\u0443\u0440\u0438\u0437\u0430\u043c","og_description":"Novi Sad, 3. oktobar 2016. \u2013 Konstitutivna sednica Pokrajinskog socijalno \u2013 ekonomskog saveta, odr\u017eana je danas u Skup\u0161tini AP Vojvodine, nakon koje je odr\u017eana i 2. sednica\u00a0 kojom su zaokru\u017eeni strate\u0161ki pravci, stavovi i opredeljenja Saveta u novom mandatu. Potpredsednik Pokrajinske vlade i pokrajinski sekretar za privredu i turizam, Ivan \u0110okovi\u0107, u\u010destvovao je u radu Saveta, kao i kreiranju zaklju\u010daka i konkretnih predloga za naredni period i predstoje\u0107u konferenciju pod nazivom ,,Za razvoj privrede \u2013 okupljanje oko projekata\u201c, predvi\u0111enu za decembar.","og_url":"https:\/\/spriv.vojvodina.gov.rs\/rs\/odrzane-konstitutivna-sednica-i-2-sednica-pokrajinskog-socijalno-ekonomskog-saveta\/","og_site_name":"\u041f\u043e\u043a\u0440\u0430\u0458\u0438\u043d\u0441\u043a\u0438 \u0441\u0435\u043a\u0440\u0435\u0442\u0430\u0440\u0438\u0458\u0430\u0442 \u0437\u0430 \u043f\u0440\u0438\u0432\u0440\u0435\u0434\u0443 \u0438 \u0442\u0443\u0440\u0438\u0437\u0430\u043c","article_published_time":"2016-10-03T21:48:04+00:00","og_image":[{"width":150,"height":100,"url":"https:\/\/spriv.vojvodina.gov.rs\/wp-content\/uploads\/2016\/10\/3.10.2016.pses-mala.jpg","type":"image\/jpeg"}],"author":"Sonja Babi\u0107","twitter_card":"summary_large_image","twitter_misc":{"\u041d\u0430\u043f\u0438\u0441\u0430\u043d\u043e \u043e\u0434":"Sonja Babi\u0107","\u041f\u0440\u043e\u0446\u0435\u045a\u0435\u043d\u043e \u0432\u0440\u0435\u043c\u0435 \u0447\u0438\u0442\u0430\u045a\u0430":"3 \u043c\u0438\u043d\u0443\u0442\u0430"},"schema":{"@context":"https:\/\/schema.org","@graph":[{"@type":"Article","@id":"https:\/\/spriv.vojvodina.gov.rs\/rs\/odrzane-konstitutivna-sednica-i-2-sednica-pokrajinskog-socijalno-ekonomskog-saveta\/#article","isPartOf":{"@id":"https:\/\/spriv.vojvodina.gov.rs\/rs\/odrzane-konstitutivna-sednica-i-2-sednica-pokrajinskog-socijalno-ekonomskog-saveta\/"},"author":{"name":"Sonja Babi\u0107","@id":"https:\/\/spriv.vojvodina.gov.rs\/#\/schema\/person\/749ef4f57fbb458f1c759e7a4fa78485"},"headline":"Odr\u017eane Konstitutivna sednica i 2. sednica Pokrajinskog socijalno &#8211; ekonomskog saveta","datePublished":"2016-10-03T21:48:04+00:00","mainEntityOfPage":{"@id":"https:\/\/spriv.vojvodina.gov.rs\/rs\/odrzane-konstitutivna-sednica-i-2-sednica-pokrajinskog-socijalno-ekonomskog-saveta\/"},"wordCount":638,"image":{"@id":"https:\/\/spriv.vojvodina.gov.rs\/rs\/odrzane-konstitutivna-sednica-i-2-sednica-pokrajinskog-socijalno-ekonomskog-saveta\/#primaryimage"},"thumbnailUrl":"https:\/\/spriv.vojvodina.gov.rs\/wp-content\/uploads\/2016\/10\/3.10.2016.pses-mala.jpg","articleSection":["Vesti Latinica"],"inLanguage":"sr-RS"},{"@type":"WebPage","@id":"https:\/\/spriv.vojvodina.gov.rs\/rs\/odrzane-konstitutivna-sednica-i-2-sednica-pokrajinskog-socijalno-ekonomskog-saveta\/","url":"https:\/\/spriv.vojvodina.gov.rs\/rs\/odrzane-konstitutivna-sednica-i-2-sednica-pokrajinskog-socijalno-ekonomskog-saveta\/","name":"Odr\u017eane Konstitutivna sednica i 2. sednica Pokrajinskog socijalno - ekonomskog saveta - \u041f\u043e\u043a\u0440\u0430\u0458\u0438\u043d\u0441\u043a\u0438 \u0441\u0435\u043a\u0440\u0435\u0442\u0430\u0440\u0438\u0458\u0430\u0442 \u0437\u0430 \u043f\u0440\u0438\u0432\u0440\u0435\u0434\u0443 \u0438 \u0442\u0443\u0440\u0438\u0437\u0430\u043c","isPartOf":{"@id":"https:\/\/spriv.vojvodina.gov.rs\/#website"},"primaryImageOfPage":{"@id":"https:\/\/spriv.vojvodina.gov.rs\/rs\/odrzane-konstitutivna-sednica-i-2-sednica-pokrajinskog-socijalno-ekonomskog-saveta\/#primaryimage"},"image":{"@id":"https:\/\/spriv.vojvodina.gov.rs\/rs\/odrzane-konstitutivna-sednica-i-2-sednica-pokrajinskog-socijalno-ekonomskog-saveta\/#primaryimage"},"thumbnailUrl":"https:\/\/spriv.vojvodina.gov.rs\/wp-content\/uploads\/2016\/10\/3.10.2016.pses-mala.jpg","datePublished":"2016-10-03T21:48:04+00:00","author":{"@id":"https:\/\/spriv.vojvodina.gov.rs\/#\/schema\/person\/749ef4f57fbb458f1c759e7a4fa78485"},"breadcrumb":{"@id":"https:\/\/spriv.vojvodina.gov.rs\/rs\/odrzane-konstitutivna-sednica-i-2-sednica-pokrajinskog-socijalno-ekonomskog-saveta\/#breadcrumb"},"inLanguage":"sr-RS","potentialAction":[{"@type":"ReadAction","target":["https:\/\/spriv.vojvodina.gov.rs\/rs\/odrzane-konstitutivna-sednica-i-2-sednica-pokrajinskog-socijalno-ekonomskog-saveta\/"]}]},{"@type":"ImageObject","inLanguage":"sr-RS","@id":"https:\/\/spriv.vojvodina.gov.rs\/rs\/odrzane-konstitutivna-sednica-i-2-sednica-pokrajinskog-socijalno-ekonomskog-saveta\/#primaryimage","url":"https:\/\/spriv.vojvodina.gov.rs\/wp-content\/uploads\/2016\/10\/3.10.2016.pses-mala.jpg","contentUrl":"https:\/\/spriv.vojvodina.gov.rs\/wp-content\/uploads\/2016\/10\/3.10.2016.pses-mala.jpg","width":150,"height":100},{"@type":"BreadcrumbList","@id":"https:\/\/spriv.vojvodina.gov.rs\/rs\/odrzane-konstitutivna-sednica-i-2-sednica-pokrajinskog-socijalno-ekonomskog-saveta\/#breadcrumb","itemListElement":[{"@type":"ListItem","position":1,"name":"Home","item":"https:\/\/spriv.vojvodina.gov.rs\/"},{"@type":"ListItem","position":2,"name":"Odr\u017eane Konstitutivna sednica i 2. sednica Pokrajinskog socijalno &#8211; ekonomskog saveta"}]},{"@type":"WebSite","@id":"https:\/\/spriv.vojvodina.gov.rs\/#website","url":"https:\/\/spriv.vojvodina.gov.rs\/","name":"\u041f\u043e\u043a\u0440\u0430\u0458\u0438\u043d\u0441\u043a\u0438 \u0441\u0435\u043a\u0440\u0435\u0442\u0430\u0440\u0438\u0458\u0430\u0442 \u0437\u0430 \u043f\u0440\u0438\u0432\u0440\u0435\u0434\u0443 \u0438 \u0442\u0443\u0440\u0438\u0437\u0430\u043c","description":"\u041f\u043e\u043a\u0440\u0430\u0458\u0438\u043d\u0441\u043a\u0438 \u0441\u0435\u043a\u0440\u0435\u0442\u0430\u0440\u0438\u0458\u0430\u0442 \u0437\u0430 \u043f\u0440\u0438\u0432\u0440\u0435\u0434\u0443 \u0438 \u0442\u0443\u0440\u0438\u0437\u0430\u043c","potentialAction":[{"@type":"SearchAction","target":{"@type":"EntryPoint","urlTemplate":"https:\/\/spriv.vojvodina.gov.rs\/?s={search_term_string}"},"query-input":{"@type":"PropertyValueSpecification","valueRequired":true,"valueName":"search_term_string"}}],"inLanguage":"sr-RS"},{"@type":"Person","@id":"https:\/\/spriv.vojvodina.gov.rs\/#\/schema\/person\/749ef4f57fbb458f1c759e7a4fa78485","name":"Sonja Babi\u0107","image":{"@type":"ImageObject","inLanguage":"sr-RS","@id":"https:\/\/secure.gravatar.com\/avatar\/00a1d182a20a59067af1e7b1c31cbcc3be1a456ee4b27746580e120c2582e5bd?s=96&d=mm&r=g","url":"https:\/\/secure.gravatar.com\/avatar\/00a1d182a20a59067af1e7b1c31cbcc3be1a456ee4b27746580e120c2582e5bd?s=96&d=mm&r=g","contentUrl":"https:\/\/secure.gravatar.com\/avatar\/00a1d182a20a59067af1e7b1c31cbcc3be1a456ee4b27746580e120c2582e5bd?s=96&d=mm&r=g","caption":"Sonja Babi\u0107"},"url":"https:\/\/spriv.vojvodina.gov.rs\/rs\/author\/sonja-babic\/"}]}},"_links":{"self":[{"href":"https:\/\/spriv.vojvodina.gov.rs\/rs\/wp-json\/wp\/v2\/posts\/1913","targetHints":{"allow":["GET"]}}],"collection":[{"href":"https:\/\/spriv.vojvodina.gov.rs\/rs\/wp-json\/wp\/v2\/posts"}],"about":[{"href":"https:\/\/spriv.vojvodina.gov.rs\/rs\/wp-json\/wp\/v2\/types\/post"}],"author":[{"embeddable":true,"href":"https:\/\/spriv.vojvodina.gov.rs\/rs\/wp-json\/wp\/v2\/users\/3"}],"replies":[{"embeddable":true,"href":"https:\/\/spriv.vojvodina.gov.rs\/rs\/wp-json\/wp\/v2\/comments?post=1913"}],"version-history":[{"count":0,"href":"https:\/\/spriv.vojvodina.gov.rs\/rs\/wp-json\/wp\/v2\/posts\/1913\/revisions"}],"wp:featuredmedia":[{"embeddable":true,"href":"https:\/\/spriv.vojvodina.gov.rs\/rs\/wp-json\/wp\/v2\/media\/1907"}],"wp:attachment":[{"href":"https:\/\/spriv.vojvodina.gov.rs\/rs\/wp-json\/wp\/v2\/media?parent=1913"}],"wp:term":[{"taxonomy":"category","embeddable":true,"href":"https:\/\/spriv.vojvodina.gov.rs\/rs\/wp-json\/wp\/v2\/categories?post=1913"},{"taxonomy":"post_tag","embeddable":true,"href":"https:\/\/spriv.vojvodina.gov.rs\/rs\/wp-json\/wp\/v2\/tags?post=1913"}],"curies":[{"name":"wp","href":"https:\/\/api.w.org\/{rel}","templated":true}]}}