{"id":1899,"date":"2016-09-30T12:14:11","date_gmt":"2016-09-30T12:14:11","guid":{"rendered":"http:\/\/spriv.vojvodina.gov.rs\/2016\/09\/30\/potpredsednik-ivan-dokovic-urucio-priznanja-za-kvalitet-turistickih-proizvoda-i-usluga-na-novosadskom-sajmu\/"},"modified":"2016-09-30T12:14:11","modified_gmt":"2016-09-30T12:14:11","slug":"potpredsednik-ivan-dokovic-urucio-priznanja-za-kvalitet-turistickih-proizvoda-i-usluga-na-novosadskom-sajmu","status":"publish","type":"post","link":"https:\/\/spriv.vojvodina.gov.rs\/rs\/potpredsednik-ivan-dokovic-urucio-priznanja-za-kvalitet-turistickih-proizvoda-i-usluga-na-novosadskom-sajmu\/","title":{"rendered":"Potpredsednik Ivan \u0110okovi\u0107 uru\u010dio priznanja za kvalitet turisti\u010dkih proizvoda i usluga na Novosadskom sajmu"},"content":{"rendered":"<p style=\"text-align: center;\">\u00a0<img loading=\"lazy\" decoding=\"async\" class=\" size-full wp-image-1893\" src=\"http:\/\/spriv.vojvodina.gov.rs\/wp-content\/uploads\/2016\/09\/vece-1.JPG\" border=\"0\" alt=\"\" width=\"600\" height=\"400\" srcset=\"https:\/\/spriv.vojvodina.gov.rs\/wp-content\/uploads\/2016\/09\/vece-1.JPG 600w, https:\/\/spriv.vojvodina.gov.rs\/wp-content\/uploads\/2016\/09\/vece-1-300x200.jpg 300w\" sizes=\"auto, (max-width: 600px) 100vw, 600px\" \/><\/p>\n<p style=\"text-align: justify;\">Ve\u010de \u0161ampiona Novosadskog sajma odr\u017eano je u okviru dana otvaranja 49. Me\u0111unarodnog sajma turizma, pri \u010demu je \u010dast ukazana u\u010desnicima ocenjivanja kvaliteta proizvoda i usluga, objekata, organizacija i institucija u turizmu. Potpredsednik Pokrajinske vlade i pokrajinski sekretar za privredu i turizam, Ivan \u0110okovi\u0107, dodelio je ovom prilikom priznanja istaknutim u\u010desnicima, uzimaju\u0107i u obzir \u010dinjenicu da je Sekretarijat veliki oslonac u organizaciji ovog Sajma.<\/p>\n<p style=\"text-align: center;\"><img loading=\"lazy\" decoding=\"async\" class=\" size-full wp-image-1894\" src=\"http:\/\/spriv.vojvodina.gov.rs\/wp-content\/uploads\/2016\/09\/vece-2.JPG\" border=\"0\" alt=\"\" width=\"600\" height=\"400\" srcset=\"https:\/\/spriv.vojvodina.gov.rs\/wp-content\/uploads\/2016\/09\/vece-2.JPG 600w, https:\/\/spriv.vojvodina.gov.rs\/wp-content\/uploads\/2016\/09\/vece-2-300x200.jpg 300w\" sizes=\"auto, (max-width: 600px) 100vw, 600px\" \/><\/p>\n<p style=\"text-align: justify;\">Potpredsednik \u0110okovi\u0107 je, u prisustvu generalnog direktora Novosadskog sajma, mr Slobodana Cvetkovi\u0107a, priznanje uru\u010dio Zemlji partneru, Crnoj Gori, za podr\u0161ku i promovisanje turisti\u010dke industrije u Srbiji i regionu, ta\u010dnije Nj.E. ambasadoru Crne Gore u Srbiji, Branislavu Mi\u0107unovi\u0107u.<\/p>\n<p style=\"text-align: center;\"><img loading=\"lazy\" decoding=\"async\" class=\" size-full wp-image-1895\" src=\"http:\/\/spriv.vojvodina.gov.rs\/wp-content\/uploads\/2016\/09\/vece-3.JPG\" border=\"0\" alt=\"\" width=\"600\" height=\"400\" srcset=\"https:\/\/spriv.vojvodina.gov.rs\/wp-content\/uploads\/2016\/09\/vece-3.JPG 600w, https:\/\/spriv.vojvodina.gov.rs\/wp-content\/uploads\/2016\/09\/vece-3-300x200.jpg 300w\" sizes=\"auto, (max-width: 600px) 100vw, 600px\" \/><\/p>\n<p style=\"text-align: justify;\">\u0110okovi\u0107 je priznanje uru\u010dio i apsolutnom \u0161ampionu Sajma turizma, kompaniji ,,PROMONT GROUP\u201c iz Novog Sada, koji je osvojio je pet zlatnih medalja za vrhunski kvalitet i \u0161irok dijapazon turisti\u010dko ugostiteljskih usluga.<\/p>\n<p style=\"text-align: center;\"><img loading=\"lazy\" decoding=\"async\" class=\" size-full wp-image-1896\" src=\"http:\/\/spriv.vojvodina.gov.rs\/wp-content\/uploads\/2016\/09\/vece-4.JPG\" border=\"0\" alt=\"\" width=\"600\" height=\"400\" srcset=\"https:\/\/spriv.vojvodina.gov.rs\/wp-content\/uploads\/2016\/09\/vece-4.JPG 600w, https:\/\/spriv.vojvodina.gov.rs\/wp-content\/uploads\/2016\/09\/vece-4-300x200.jpg 300w\" sizes=\"auto, (max-width: 600px) 100vw, 600px\" \/><\/p>\n<p style=\"text-align: justify;\">Komisije ovog svojevrsnog takmi\u010denja \u010dine nau\u010dnici i stru\u010dnjaci sa fakulteta i instituta u Srbiji i regionu, koji godinama rade u oblasti hotelijerstva i turizma. Prijavljeni su u\u010desnici iz Austrije, Crne Gore, Gr\u010dke, Hrvatske, Makedonije, Republike Srpske, Rumunije, Slovenije i Srbije.<\/p>\n<p style=\"text-align: center;\"><img loading=\"lazy\" decoding=\"async\" class=\" size-full wp-image-1897\" src=\"http:\/\/spriv.vojvodina.gov.rs\/wp-content\/uploads\/2016\/09\/vece-5.JPG\" border=\"0\" alt=\"\" width=\"600\" height=\"400\" srcset=\"https:\/\/spriv.vojvodina.gov.rs\/wp-content\/uploads\/2016\/09\/vece-5.JPG 600w, https:\/\/spriv.vojvodina.gov.rs\/wp-content\/uploads\/2016\/09\/vece-5-300x200.jpg 300w\" sizes=\"auto, (max-width: 600px) 100vw, 600px\" \/><\/p>\n","protected":false},"excerpt":{"rendered":"Novi Sad, 30. septembar 2016. &#8211; Ve\u010de \u0161ampiona Novosadskog sajma odr\u017eano je u okviru dana otvaranja 49. Me\u0111unarodnog sajma turizma, pri \u010demu je \u010dast ukazana u\u010desnicima ocenjivanja kvaliteta proizvoda i usluga, objekata, organizacija i institucija u turizmu. Potpredsednik Pokrajinske vlade i pokrajinski sekretar za privredu i turizam, Ivan \u0110okovi\u0107, dodelio je ovom prilikom priznanja istaknutim u\u010desnicima, uzimaju\u0107i u obzir \u010dinjenicu da je Sekretarijat veliki oslonac u organizaciji ovog Sajma.\n<a class=\"moretag\" href=\"https:\/\/spriv.vojvodina.gov.rs\/rs\/potpredsednik-ivan-dokovic-urucio-priznanja-za-kvalitet-turistickih-proizvoda-i-usluga-na-novosadskom-sajmu\/\"> [...]<\/a>","protected":false},"author":3,"featured_media":1892,"comment_status":"closed","ping_status":"closed","sticky":false,"template":"","format":"standard","meta":{"footnotes":""},"categories":[31],"tags":[],"class_list":["post-1899","post","type-post","status-publish","format-standard","has-post-thumbnail","hentry","category-vesti-latinica1"],"yoast_head":"<!-- This site is optimized with the Yoast SEO plugin v27.5 - https:\/\/yoast.com\/product\/yoast-seo-wordpress\/ -->\n<title>Potpredsednik Ivan \u0110okovi\u0107 uru\u010dio priznanja za kvalitet turisti\u010dkih proizvoda i usluga na Novosadskom sajmu - \u041f\u043e\u043a\u0440\u0430\u0458\u0438\u043d\u0441\u043a\u0438 \u0441\u0435\u043a\u0440\u0435\u0442\u0430\u0440\u0438\u0458\u0430\u0442 \u0437\u0430 \u043f\u0440\u0438\u0432\u0440\u0435\u0434\u0443 \u0438 \u0442\u0443\u0440\u0438\u0437\u0430\u043c<\/title>\n<meta name=\"robots\" content=\"index, follow, max-snippet:-1, max-image-preview:large, max-video-preview:-1\" \/>\n<link rel=\"canonical\" href=\"https:\/\/spriv.vojvodina.gov.rs\/rs\/potpredsednik-ivan-dokovic-urucio-priznanja-za-kvalitet-turistickih-proizvoda-i-usluga-na-novosadskom-sajmu\/\" \/>\n<meta property=\"og:locale\" content=\"sr_RS\" \/>\n<meta property=\"og:type\" content=\"article\" \/>\n<meta property=\"og:title\" content=\"Potpredsednik Ivan \u0110okovi\u0107 uru\u010dio priznanja za kvalitet turisti\u010dkih proizvoda i usluga na Novosadskom sajmu - \u041f\u043e\u043a\u0440\u0430\u0458\u0438\u043d\u0441\u043a\u0438 \u0441\u0435\u043a\u0440\u0435\u0442\u0430\u0440\u0438\u0458\u0430\u0442 \u0437\u0430 \u043f\u0440\u0438\u0432\u0440\u0435\u0434\u0443 \u0438 \u0442\u0443\u0440\u0438\u0437\u0430\u043c\" \/>\n<meta property=\"og:description\" content=\"Novi Sad, 30. septembar 2016. - Ve\u010de \u0161ampiona Novosadskog sajma odr\u017eano je u okviru dana otvaranja 49. Me\u0111unarodnog sajma turizma, pri \u010demu je \u010dast ukazana u\u010desnicima ocenjivanja kvaliteta proizvoda i usluga, objekata, organizacija i institucija u turizmu. Potpredsednik Pokrajinske vlade i pokrajinski sekretar za privredu i turizam, Ivan \u0110okovi\u0107, dodelio je ovom prilikom priznanja istaknutim u\u010desnicima, uzimaju\u0107i u obzir \u010dinjenicu da je Sekretarijat veliki oslonac u organizaciji ovog Sajma.\" \/>\n<meta property=\"og:url\" content=\"https:\/\/spriv.vojvodina.gov.rs\/rs\/potpredsednik-ivan-dokovic-urucio-priznanja-za-kvalitet-turistickih-proizvoda-i-usluga-na-novosadskom-sajmu\/\" \/>\n<meta property=\"og:site_name\" content=\"\u041f\u043e\u043a\u0440\u0430\u0458\u0438\u043d\u0441\u043a\u0438 \u0441\u0435\u043a\u0440\u0435\u0442\u0430\u0440\u0438\u0458\u0430\u0442 \u0437\u0430 \u043f\u0440\u0438\u0432\u0440\u0435\u0434\u0443 \u0438 \u0442\u0443\u0440\u0438\u0437\u0430\u043c\" \/>\n<meta property=\"article:published_time\" content=\"2016-09-30T12:14:11+00:00\" \/>\n<meta property=\"og:image\" content=\"https:\/\/spriv.vojvodina.gov.rs\/wp-content\/uploads\/2016\/09\/vece-mala.JPG\" \/>\n\t<meta property=\"og:image:width\" content=\"150\" \/>\n\t<meta property=\"og:image:height\" content=\"100\" \/>\n\t<meta property=\"og:image:type\" content=\"image\/jpeg\" \/>\n<meta name=\"author\" content=\"Sonja Babi\u0107\" \/>\n<meta name=\"twitter:card\" content=\"summary_large_image\" \/>\n<meta name=\"twitter:label1\" content=\"\u041d\u0430\u043f\u0438\u0441\u0430\u043d\u043e \u043e\u0434\" \/>\n\t<meta name=\"twitter:data1\" content=\"Sonja Babi\u0107\" \/>\n\t<meta name=\"twitter:label2\" content=\"\u041f\u0440\u043e\u0446\u0435\u045a\u0435\u043d\u043e \u0432\u0440\u0435\u043c\u0435 \u0447\u0438\u0442\u0430\u045a\u0430\" \/>\n\t<meta name=\"twitter:data2\" content=\"1 \u043c\u0438\u043d\u0443\u0442\" \/>\n<script type=\"application\/ld+json\" class=\"yoast-schema-graph\">{\"@context\":\"https:\\\/\\\/schema.org\",\"@graph\":[{\"@type\":\"Article\",\"@id\":\"https:\\\/\\\/spriv.vojvodina.gov.rs\\\/rs\\\/potpredsednik-ivan-dokovic-urucio-priznanja-za-kvalitet-turistickih-proizvoda-i-usluga-na-novosadskom-sajmu\\\/#article\",\"isPartOf\":{\"@id\":\"https:\\\/\\\/spriv.vojvodina.gov.rs\\\/rs\\\/potpredsednik-ivan-dokovic-urucio-priznanja-za-kvalitet-turistickih-proizvoda-i-usluga-na-novosadskom-sajmu\\\/\"},\"author\":{\"name\":\"Sonja Babi\u0107\",\"@id\":\"https:\\\/\\\/spriv.vojvodina.gov.rs\\\/#\\\/schema\\\/person\\\/749ef4f57fbb458f1c759e7a4fa78485\"},\"headline\":\"Potpredsednik Ivan \u0110okovi\u0107 uru\u010dio priznanja za kvalitet turisti\u010dkih proizvoda i usluga na Novosadskom sajmu\",\"datePublished\":\"2016-09-30T12:14:11+00:00\",\"mainEntityOfPage\":{\"@id\":\"https:\\\/\\\/spriv.vojvodina.gov.rs\\\/rs\\\/potpredsednik-ivan-dokovic-urucio-priznanja-za-kvalitet-turistickih-proizvoda-i-usluga-na-novosadskom-sajmu\\\/\"},\"wordCount\":207,\"image\":{\"@id\":\"https:\\\/\\\/spriv.vojvodina.gov.rs\\\/rs\\\/potpredsednik-ivan-dokovic-urucio-priznanja-za-kvalitet-turistickih-proizvoda-i-usluga-na-novosadskom-sajmu\\\/#primaryimage\"},\"thumbnailUrl\":\"https:\\\/\\\/spriv.vojvodina.gov.rs\\\/wp-content\\\/uploads\\\/2016\\\/09\\\/vece-mala.JPG\",\"articleSection\":[\"Vesti Latinica\"],\"inLanguage\":\"sr-RS\"},{\"@type\":\"WebPage\",\"@id\":\"https:\\\/\\\/spriv.vojvodina.gov.rs\\\/rs\\\/potpredsednik-ivan-dokovic-urucio-priznanja-za-kvalitet-turistickih-proizvoda-i-usluga-na-novosadskom-sajmu\\\/\",\"url\":\"https:\\\/\\\/spriv.vojvodina.gov.rs\\\/rs\\\/potpredsednik-ivan-dokovic-urucio-priznanja-za-kvalitet-turistickih-proizvoda-i-usluga-na-novosadskom-sajmu\\\/\",\"name\":\"Potpredsednik Ivan \u0110okovi\u0107 uru\u010dio priznanja za kvalitet turisti\u010dkih proizvoda i usluga na Novosadskom sajmu - \u041f\u043e\u043a\u0440\u0430\u0458\u0438\u043d\u0441\u043a\u0438 \u0441\u0435\u043a\u0440\u0435\u0442\u0430\u0440\u0438\u0458\u0430\u0442 \u0437\u0430 \u043f\u0440\u0438\u0432\u0440\u0435\u0434\u0443 \u0438 \u0442\u0443\u0440\u0438\u0437\u0430\u043c\",\"isPartOf\":{\"@id\":\"https:\\\/\\\/spriv.vojvodina.gov.rs\\\/#website\"},\"primaryImageOfPage\":{\"@id\":\"https:\\\/\\\/spriv.vojvodina.gov.rs\\\/rs\\\/potpredsednik-ivan-dokovic-urucio-priznanja-za-kvalitet-turistickih-proizvoda-i-usluga-na-novosadskom-sajmu\\\/#primaryimage\"},\"image\":{\"@id\":\"https:\\\/\\\/spriv.vojvodina.gov.rs\\\/rs\\\/potpredsednik-ivan-dokovic-urucio-priznanja-za-kvalitet-turistickih-proizvoda-i-usluga-na-novosadskom-sajmu\\\/#primaryimage\"},\"thumbnailUrl\":\"https:\\\/\\\/spriv.vojvodina.gov.rs\\\/wp-content\\\/uploads\\\/2016\\\/09\\\/vece-mala.JPG\",\"datePublished\":\"2016-09-30T12:14:11+00:00\",\"author\":{\"@id\":\"https:\\\/\\\/spriv.vojvodina.gov.rs\\\/#\\\/schema\\\/person\\\/749ef4f57fbb458f1c759e7a4fa78485\"},\"breadcrumb\":{\"@id\":\"https:\\\/\\\/spriv.vojvodina.gov.rs\\\/rs\\\/potpredsednik-ivan-dokovic-urucio-priznanja-za-kvalitet-turistickih-proizvoda-i-usluga-na-novosadskom-sajmu\\\/#breadcrumb\"},\"inLanguage\":\"sr-RS\",\"potentialAction\":[{\"@type\":\"ReadAction\",\"target\":[\"https:\\\/\\\/spriv.vojvodina.gov.rs\\\/rs\\\/potpredsednik-ivan-dokovic-urucio-priznanja-za-kvalitet-turistickih-proizvoda-i-usluga-na-novosadskom-sajmu\\\/\"]}]},{\"@type\":\"ImageObject\",\"inLanguage\":\"sr-RS\",\"@id\":\"https:\\\/\\\/spriv.vojvodina.gov.rs\\\/rs\\\/potpredsednik-ivan-dokovic-urucio-priznanja-za-kvalitet-turistickih-proizvoda-i-usluga-na-novosadskom-sajmu\\\/#primaryimage\",\"url\":\"https:\\\/\\\/spriv.vojvodina.gov.rs\\\/wp-content\\\/uploads\\\/2016\\\/09\\\/vece-mala.JPG\",\"contentUrl\":\"https:\\\/\\\/spriv.vojvodina.gov.rs\\\/wp-content\\\/uploads\\\/2016\\\/09\\\/vece-mala.JPG\",\"width\":150,\"height\":100},{\"@type\":\"BreadcrumbList\",\"@id\":\"https:\\\/\\\/spriv.vojvodina.gov.rs\\\/rs\\\/potpredsednik-ivan-dokovic-urucio-priznanja-za-kvalitet-turistickih-proizvoda-i-usluga-na-novosadskom-sajmu\\\/#breadcrumb\",\"itemListElement\":[{\"@type\":\"ListItem\",\"position\":1,\"name\":\"Home\",\"item\":\"https:\\\/\\\/spriv.vojvodina.gov.rs\\\/\"},{\"@type\":\"ListItem\",\"position\":2,\"name\":\"Potpredsednik Ivan \u0110okovi\u0107 uru\u010dio priznanja za kvalitet turisti\u010dkih proizvoda i usluga na Novosadskom sajmu\"}]},{\"@type\":\"WebSite\",\"@id\":\"https:\\\/\\\/spriv.vojvodina.gov.rs\\\/#website\",\"url\":\"https:\\\/\\\/spriv.vojvodina.gov.rs\\\/\",\"name\":\"\u041f\u043e\u043a\u0440\u0430\u0458\u0438\u043d\u0441\u043a\u0438 \u0441\u0435\u043a\u0440\u0435\u0442\u0430\u0440\u0438\u0458\u0430\u0442 \u0437\u0430 \u043f\u0440\u0438\u0432\u0440\u0435\u0434\u0443 \u0438 \u0442\u0443\u0440\u0438\u0437\u0430\u043c\",\"description\":\"\u041f\u043e\u043a\u0440\u0430\u0458\u0438\u043d\u0441\u043a\u0438 \u0441\u0435\u043a\u0440\u0435\u0442\u0430\u0440\u0438\u0458\u0430\u0442 \u0437\u0430 \u043f\u0440\u0438\u0432\u0440\u0435\u0434\u0443 \u0438 \u0442\u0443\u0440\u0438\u0437\u0430\u043c\",\"potentialAction\":[{\"@type\":\"SearchAction\",\"target\":{\"@type\":\"EntryPoint\",\"urlTemplate\":\"https:\\\/\\\/spriv.vojvodina.gov.rs\\\/?s={search_term_string}\"},\"query-input\":{\"@type\":\"PropertyValueSpecification\",\"valueRequired\":true,\"valueName\":\"search_term_string\"}}],\"inLanguage\":\"sr-RS\"},{\"@type\":\"Person\",\"@id\":\"https:\\\/\\\/spriv.vojvodina.gov.rs\\\/#\\\/schema\\\/person\\\/749ef4f57fbb458f1c759e7a4fa78485\",\"name\":\"Sonja Babi\u0107\",\"image\":{\"@type\":\"ImageObject\",\"inLanguage\":\"sr-RS\",\"@id\":\"https:\\\/\\\/secure.gravatar.com\\\/avatar\\\/00a1d182a20a59067af1e7b1c31cbcc3be1a456ee4b27746580e120c2582e5bd?s=96&d=mm&r=g\",\"url\":\"https:\\\/\\\/secure.gravatar.com\\\/avatar\\\/00a1d182a20a59067af1e7b1c31cbcc3be1a456ee4b27746580e120c2582e5bd?s=96&d=mm&r=g\",\"contentUrl\":\"https:\\\/\\\/secure.gravatar.com\\\/avatar\\\/00a1d182a20a59067af1e7b1c31cbcc3be1a456ee4b27746580e120c2582e5bd?s=96&d=mm&r=g\",\"caption\":\"Sonja Babi\u0107\"},\"url\":\"https:\\\/\\\/spriv.vojvodina.gov.rs\\\/rs\\\/author\\\/sonja-babic\\\/\"}]}<\/script>\n<!-- \/ Yoast SEO plugin. -->","yoast_head_json":{"title":"Potpredsednik Ivan \u0110okovi\u0107 uru\u010dio priznanja za kvalitet turisti\u010dkih proizvoda i usluga na Novosadskom sajmu - \u041f\u043e\u043a\u0440\u0430\u0458\u0438\u043d\u0441\u043a\u0438 \u0441\u0435\u043a\u0440\u0435\u0442\u0430\u0440\u0438\u0458\u0430\u0442 \u0437\u0430 \u043f\u0440\u0438\u0432\u0440\u0435\u0434\u0443 \u0438 \u0442\u0443\u0440\u0438\u0437\u0430\u043c","robots":{"index":"index","follow":"follow","max-snippet":"max-snippet:-1","max-image-preview":"max-image-preview:large","max-video-preview":"max-video-preview:-1"},"canonical":"https:\/\/spriv.vojvodina.gov.rs\/rs\/potpredsednik-ivan-dokovic-urucio-priznanja-za-kvalitet-turistickih-proizvoda-i-usluga-na-novosadskom-sajmu\/","og_locale":"sr_RS","og_type":"article","og_title":"Potpredsednik Ivan \u0110okovi\u0107 uru\u010dio priznanja za kvalitet turisti\u010dkih proizvoda i usluga na Novosadskom sajmu - \u041f\u043e\u043a\u0440\u0430\u0458\u0438\u043d\u0441\u043a\u0438 \u0441\u0435\u043a\u0440\u0435\u0442\u0430\u0440\u0438\u0458\u0430\u0442 \u0437\u0430 \u043f\u0440\u0438\u0432\u0440\u0435\u0434\u0443 \u0438 \u0442\u0443\u0440\u0438\u0437\u0430\u043c","og_description":"Novi Sad, 30. septembar 2016. - Ve\u010de \u0161ampiona Novosadskog sajma odr\u017eano je u okviru dana otvaranja 49. Me\u0111unarodnog sajma turizma, pri \u010demu je \u010dast ukazana u\u010desnicima ocenjivanja kvaliteta proizvoda i usluga, objekata, organizacija i institucija u turizmu. Potpredsednik Pokrajinske vlade i pokrajinski sekretar za privredu i turizam, Ivan \u0110okovi\u0107, dodelio je ovom prilikom priznanja istaknutim u\u010desnicima, uzimaju\u0107i u obzir \u010dinjenicu da je Sekretarijat veliki oslonac u organizaciji ovog Sajma.","og_url":"https:\/\/spriv.vojvodina.gov.rs\/rs\/potpredsednik-ivan-dokovic-urucio-priznanja-za-kvalitet-turistickih-proizvoda-i-usluga-na-novosadskom-sajmu\/","og_site_name":"\u041f\u043e\u043a\u0440\u0430\u0458\u0438\u043d\u0441\u043a\u0438 \u0441\u0435\u043a\u0440\u0435\u0442\u0430\u0440\u0438\u0458\u0430\u0442 \u0437\u0430 \u043f\u0440\u0438\u0432\u0440\u0435\u0434\u0443 \u0438 \u0442\u0443\u0440\u0438\u0437\u0430\u043c","article_published_time":"2016-09-30T12:14:11+00:00","og_image":[{"width":150,"height":100,"url":"https:\/\/spriv.vojvodina.gov.rs\/wp-content\/uploads\/2016\/09\/vece-mala.JPG","type":"image\/jpeg"}],"author":"Sonja Babi\u0107","twitter_card":"summary_large_image","twitter_misc":{"\u041d\u0430\u043f\u0438\u0441\u0430\u043d\u043e \u043e\u0434":"Sonja Babi\u0107","\u041f\u0440\u043e\u0446\u0435\u045a\u0435\u043d\u043e \u0432\u0440\u0435\u043c\u0435 \u0447\u0438\u0442\u0430\u045a\u0430":"1 \u043c\u0438\u043d\u0443\u0442"},"schema":{"@context":"https:\/\/schema.org","@graph":[{"@type":"Article","@id":"https:\/\/spriv.vojvodina.gov.rs\/rs\/potpredsednik-ivan-dokovic-urucio-priznanja-za-kvalitet-turistickih-proizvoda-i-usluga-na-novosadskom-sajmu\/#article","isPartOf":{"@id":"https:\/\/spriv.vojvodina.gov.rs\/rs\/potpredsednik-ivan-dokovic-urucio-priznanja-za-kvalitet-turistickih-proizvoda-i-usluga-na-novosadskom-sajmu\/"},"author":{"name":"Sonja Babi\u0107","@id":"https:\/\/spriv.vojvodina.gov.rs\/#\/schema\/person\/749ef4f57fbb458f1c759e7a4fa78485"},"headline":"Potpredsednik Ivan \u0110okovi\u0107 uru\u010dio priznanja za kvalitet turisti\u010dkih proizvoda i usluga na Novosadskom sajmu","datePublished":"2016-09-30T12:14:11+00:00","mainEntityOfPage":{"@id":"https:\/\/spriv.vojvodina.gov.rs\/rs\/potpredsednik-ivan-dokovic-urucio-priznanja-za-kvalitet-turistickih-proizvoda-i-usluga-na-novosadskom-sajmu\/"},"wordCount":207,"image":{"@id":"https:\/\/spriv.vojvodina.gov.rs\/rs\/potpredsednik-ivan-dokovic-urucio-priznanja-za-kvalitet-turistickih-proizvoda-i-usluga-na-novosadskom-sajmu\/#primaryimage"},"thumbnailUrl":"https:\/\/spriv.vojvodina.gov.rs\/wp-content\/uploads\/2016\/09\/vece-mala.JPG","articleSection":["Vesti Latinica"],"inLanguage":"sr-RS"},{"@type":"WebPage","@id":"https:\/\/spriv.vojvodina.gov.rs\/rs\/potpredsednik-ivan-dokovic-urucio-priznanja-za-kvalitet-turistickih-proizvoda-i-usluga-na-novosadskom-sajmu\/","url":"https:\/\/spriv.vojvodina.gov.rs\/rs\/potpredsednik-ivan-dokovic-urucio-priznanja-za-kvalitet-turistickih-proizvoda-i-usluga-na-novosadskom-sajmu\/","name":"Potpredsednik Ivan \u0110okovi\u0107 uru\u010dio priznanja za kvalitet turisti\u010dkih proizvoda i usluga na Novosadskom sajmu - \u041f\u043e\u043a\u0440\u0430\u0458\u0438\u043d\u0441\u043a\u0438 \u0441\u0435\u043a\u0440\u0435\u0442\u0430\u0440\u0438\u0458\u0430\u0442 \u0437\u0430 \u043f\u0440\u0438\u0432\u0440\u0435\u0434\u0443 \u0438 \u0442\u0443\u0440\u0438\u0437\u0430\u043c","isPartOf":{"@id":"https:\/\/spriv.vojvodina.gov.rs\/#website"},"primaryImageOfPage":{"@id":"https:\/\/spriv.vojvodina.gov.rs\/rs\/potpredsednik-ivan-dokovic-urucio-priznanja-za-kvalitet-turistickih-proizvoda-i-usluga-na-novosadskom-sajmu\/#primaryimage"},"image":{"@id":"https:\/\/spriv.vojvodina.gov.rs\/rs\/potpredsednik-ivan-dokovic-urucio-priznanja-za-kvalitet-turistickih-proizvoda-i-usluga-na-novosadskom-sajmu\/#primaryimage"},"thumbnailUrl":"https:\/\/spriv.vojvodina.gov.rs\/wp-content\/uploads\/2016\/09\/vece-mala.JPG","datePublished":"2016-09-30T12:14:11+00:00","author":{"@id":"https:\/\/spriv.vojvodina.gov.rs\/#\/schema\/person\/749ef4f57fbb458f1c759e7a4fa78485"},"breadcrumb":{"@id":"https:\/\/spriv.vojvodina.gov.rs\/rs\/potpredsednik-ivan-dokovic-urucio-priznanja-za-kvalitet-turistickih-proizvoda-i-usluga-na-novosadskom-sajmu\/#breadcrumb"},"inLanguage":"sr-RS","potentialAction":[{"@type":"ReadAction","target":["https:\/\/spriv.vojvodina.gov.rs\/rs\/potpredsednik-ivan-dokovic-urucio-priznanja-za-kvalitet-turistickih-proizvoda-i-usluga-na-novosadskom-sajmu\/"]}]},{"@type":"ImageObject","inLanguage":"sr-RS","@id":"https:\/\/spriv.vojvodina.gov.rs\/rs\/potpredsednik-ivan-dokovic-urucio-priznanja-za-kvalitet-turistickih-proizvoda-i-usluga-na-novosadskom-sajmu\/#primaryimage","url":"https:\/\/spriv.vojvodina.gov.rs\/wp-content\/uploads\/2016\/09\/vece-mala.JPG","contentUrl":"https:\/\/spriv.vojvodina.gov.rs\/wp-content\/uploads\/2016\/09\/vece-mala.JPG","width":150,"height":100},{"@type":"BreadcrumbList","@id":"https:\/\/spriv.vojvodina.gov.rs\/rs\/potpredsednik-ivan-dokovic-urucio-priznanja-za-kvalitet-turistickih-proizvoda-i-usluga-na-novosadskom-sajmu\/#breadcrumb","itemListElement":[{"@type":"ListItem","position":1,"name":"Home","item":"https:\/\/spriv.vojvodina.gov.rs\/"},{"@type":"ListItem","position":2,"name":"Potpredsednik Ivan \u0110okovi\u0107 uru\u010dio priznanja za kvalitet turisti\u010dkih proizvoda i usluga na Novosadskom sajmu"}]},{"@type":"WebSite","@id":"https:\/\/spriv.vojvodina.gov.rs\/#website","url":"https:\/\/spriv.vojvodina.gov.rs\/","name":"\u041f\u043e\u043a\u0440\u0430\u0458\u0438\u043d\u0441\u043a\u0438 \u0441\u0435\u043a\u0440\u0435\u0442\u0430\u0440\u0438\u0458\u0430\u0442 \u0437\u0430 \u043f\u0440\u0438\u0432\u0440\u0435\u0434\u0443 \u0438 \u0442\u0443\u0440\u0438\u0437\u0430\u043c","description":"\u041f\u043e\u043a\u0440\u0430\u0458\u0438\u043d\u0441\u043a\u0438 \u0441\u0435\u043a\u0440\u0435\u0442\u0430\u0440\u0438\u0458\u0430\u0442 \u0437\u0430 \u043f\u0440\u0438\u0432\u0440\u0435\u0434\u0443 \u0438 \u0442\u0443\u0440\u0438\u0437\u0430\u043c","potentialAction":[{"@type":"SearchAction","target":{"@type":"EntryPoint","urlTemplate":"https:\/\/spriv.vojvodina.gov.rs\/?s={search_term_string}"},"query-input":{"@type":"PropertyValueSpecification","valueRequired":true,"valueName":"search_term_string"}}],"inLanguage":"sr-RS"},{"@type":"Person","@id":"https:\/\/spriv.vojvodina.gov.rs\/#\/schema\/person\/749ef4f57fbb458f1c759e7a4fa78485","name":"Sonja Babi\u0107","image":{"@type":"ImageObject","inLanguage":"sr-RS","@id":"https:\/\/secure.gravatar.com\/avatar\/00a1d182a20a59067af1e7b1c31cbcc3be1a456ee4b27746580e120c2582e5bd?s=96&d=mm&r=g","url":"https:\/\/secure.gravatar.com\/avatar\/00a1d182a20a59067af1e7b1c31cbcc3be1a456ee4b27746580e120c2582e5bd?s=96&d=mm&r=g","contentUrl":"https:\/\/secure.gravatar.com\/avatar\/00a1d182a20a59067af1e7b1c31cbcc3be1a456ee4b27746580e120c2582e5bd?s=96&d=mm&r=g","caption":"Sonja Babi\u0107"},"url":"https:\/\/spriv.vojvodina.gov.rs\/rs\/author\/sonja-babic\/"}]}},"_links":{"self":[{"href":"https:\/\/spriv.vojvodina.gov.rs\/rs\/wp-json\/wp\/v2\/posts\/1899","targetHints":{"allow":["GET"]}}],"collection":[{"href":"https:\/\/spriv.vojvodina.gov.rs\/rs\/wp-json\/wp\/v2\/posts"}],"about":[{"href":"https:\/\/spriv.vojvodina.gov.rs\/rs\/wp-json\/wp\/v2\/types\/post"}],"author":[{"embeddable":true,"href":"https:\/\/spriv.vojvodina.gov.rs\/rs\/wp-json\/wp\/v2\/users\/3"}],"replies":[{"embeddable":true,"href":"https:\/\/spriv.vojvodina.gov.rs\/rs\/wp-json\/wp\/v2\/comments?post=1899"}],"version-history":[{"count":0,"href":"https:\/\/spriv.vojvodina.gov.rs\/rs\/wp-json\/wp\/v2\/posts\/1899\/revisions"}],"wp:featuredmedia":[{"embeddable":true,"href":"https:\/\/spriv.vojvodina.gov.rs\/rs\/wp-json\/wp\/v2\/media\/1892"}],"wp:attachment":[{"href":"https:\/\/spriv.vojvodina.gov.rs\/rs\/wp-json\/wp\/v2\/media?parent=1899"}],"wp:term":[{"taxonomy":"category","embeddable":true,"href":"https:\/\/spriv.vojvodina.gov.rs\/rs\/wp-json\/wp\/v2\/categories?post=1899"},{"taxonomy":"post_tag","embeddable":true,"href":"https:\/\/spriv.vojvodina.gov.rs\/rs\/wp-json\/wp\/v2\/tags?post=1899"}],"curies":[{"name":"wp","href":"https:\/\/api.w.org\/{rel}","templated":true}]}}