{"id":1841,"date":"2016-09-19T11:02:06","date_gmt":"2016-09-19T11:02:06","guid":{"rendered":"http:\/\/spriv.vojvodina.gov.rs\/2016\/09\/19\/otvoren-pogon-italijanske-kompanije-tehnostruture-u-zrenjaninskoj-industrijskoj-zoni\/"},"modified":"2016-09-19T11:02:06","modified_gmt":"2016-09-19T11:02:06","slug":"otvoren-pogon-italijanske-kompanije-tehnostruture-u-zrenjaninskoj-industrijskoj-zoni","status":"publish","type":"post","link":"https:\/\/spriv.vojvodina.gov.rs\/rs\/otvoren-pogon-italijanske-kompanije-tehnostruture-u-zrenjaninskoj-industrijskoj-zoni\/","title":{"rendered":"Otvoren pogon italijanske kompanije ,, Tehnostruture\u201c u zrenjaninskoj industrijskoj zoni"},"content":{"rendered":"<p style=\"text-align: justify;\">Zamenik pokrajinskog sekretara za privredu i turizam, Pavle Po\u010du\u010d, u\u010destvovao je na sve\u010danom otvaranju proizvodnog pogona italijanske kompanije ,,Tehnostruture\u201c, u okviru industrijske zone Jugoistok-E\u010dka u Zrenjaninu. Ova kompanija je deo grupacije ,,Edil stil\u201c, lidera u sektoru \u010deli\u010dnih konstrukcija na me\u0111unarodnom tr\u017ei\u0161tu. Otvaranju je prisustvovao i pomo\u0107nik pokrajinskog sekretara za oblast privrede, Branislav Bandi\u0107.<\/p>\n<p style=\"text-align: center;\"><img loading=\"lazy\" decoding=\"async\" class=\" size-full wp-image-1837\" src=\"http:\/\/spriv.vojvodina.gov.rs\/wp-content\/uploads\/2016\/09\/tehnostructure-10.jpg\" border=\"0\" alt=\"\" width=\"600\" height=\"450\" srcset=\"https:\/\/spriv.vojvodina.gov.rs\/wp-content\/uploads\/2016\/09\/tehnostructure-10.jpg 600w, https:\/\/spriv.vojvodina.gov.rs\/wp-content\/uploads\/2016\/09\/tehnostructure-10-300x225.jpg 300w\" sizes=\"auto, (max-width: 600px) 100vw, 600px\" \/><\/p>\n<p style=\"text-align: justify;\">Vrednost investicije je 3,5 miliona evra. Ve\u0107i deo proizvodnje u Zrenjaninu namenjen je inostranom tr\u017ei\u0161tu. Osniva\u010d i direktor, \u0110uzepe Verna, je istakao da je odabrano oko 20 radnika, sa ciljem da se zaposli ukupno 70 radnika, a u samoj kompaniji \u0107e se proizvoditi elementi \u010deli\u010dnih konstrukcija za izgradnju mostova, aerodroma, stadiona, tr\u017enih centara i industrijskih objekata.<\/p>\n<p>Kompanija ,,Tehnostruture\u201c je tre\u0107a velika italijanska kompanija koja \u0107e poslovati u Zrenjaninu.<\/p>\n<p style=\"text-align: center;\"><img loading=\"lazy\" decoding=\"async\" class=\" size-full wp-image-1838\" src=\"http:\/\/spriv.vojvodina.gov.rs\/wp-content\/uploads\/2016\/09\/technostructure-20.jpg\" border=\"0\" alt=\"\" width=\"450\" height=\"600\" srcset=\"https:\/\/spriv.vojvodina.gov.rs\/wp-content\/uploads\/2016\/09\/technostructure-20.jpg 450w, https:\/\/spriv.vojvodina.gov.rs\/wp-content\/uploads\/2016\/09\/technostructure-20-225x300.jpg 225w\" sizes=\"auto, (max-width: 450px) 100vw, 450px\" \/><\/p>\n<p style=\"text-align: justify;\">Zamenik Pavle Po\u010du\u010d je u ime Pokrajinske vlade i resornog Sekretarijata za privredu i turizam, \u010destitao na izuzetnom poslovnom uspehu i pro\u0161irenju proizvodnog pogona koji \u0107e uposliti novih 50 radnika. ,,Do sada je 110 investitora iz Italije u AP Vojvodini uposlilo preko 10.000 radnika, \u0161to predstavlja zajedni\u010dki uspeh. Pokrajinska administracija \u0107e i u narednom periodu biti partner i pru\u017eati pomo\u0107 u novim poslovnim poduhvatima&#8220;, rekao je Po\u010du\u010d.<\/p>\n<p>Otvaranju su prisustvovali i ministar privrede u Vladi Srbije, Goran Kne\u017eevi\u0107, gradona\u010delnik Grada Zrenjanina, \u010cedomir Janji\u0107,ambasador Italije u Republici Srbiji, \u0110uzepe Manco, predsednik italijanske regije Abruko i gradona\u010delnik grada Frankavila, Al Mare Antonio Lu\u0107ani.<\/p>\n<p>Na dana\u0161njoj sve\u010danosti potpisan je i Sporazum o strate\u0161koj saradnji gradova Zrenjanina i Frankavila.<\/p>\n<p style=\"text-align: center;\"><img loading=\"lazy\" decoding=\"async\" class=\" size-full wp-image-1839\" src=\"http:\/\/spriv.vojvodina.gov.rs\/wp-content\/uploads\/2016\/09\/technostructure-30.jpg\" border=\"0\" alt=\"\" width=\"600\" height=\"450\" srcset=\"https:\/\/spriv.vojvodina.gov.rs\/wp-content\/uploads\/2016\/09\/technostructure-30.jpg 600w, https:\/\/spriv.vojvodina.gov.rs\/wp-content\/uploads\/2016\/09\/technostructure-30-300x225.jpg 300w\" sizes=\"auto, (max-width: 600px) 100vw, 600px\" \/><\/p>\n","protected":false},"excerpt":{"rendered":"Zrenjanin, 17. septembar 2016. \u2013 Zamenik pokrajinskog sekretara za privredu i turizam, Pavle Po\u010du\u010d, u\u010destvovao je na sve\u010danom otvaranju proizvodnog pogona italijanske kompanije ,,Tehnostruture\u201c, u okviru industrijske zone Jugoistok-E\u010dka u Zrenjaninu. Ova kompanija je deo grupacije ,,Edil stil\u201c, lidera u sektoru \u010deli\u010dnih konstrukcija na me\u0111unarodnom tr\u017ei\u0161tu. Otvaranju je prisustvovao i pomo\u0107nik pokrajinskog sekretara za oblast privrede, Branislav Bandi\u0107.\n<a class=\"moretag\" href=\"https:\/\/spriv.vojvodina.gov.rs\/rs\/otvoren-pogon-italijanske-kompanije-tehnostruture-u-zrenjaninskoj-industrijskoj-zoni\/\"> [...]<\/a>","protected":false},"author":3,"featured_media":1836,"comment_status":"closed","ping_status":"closed","sticky":false,"template":"","format":"standard","meta":{"footnotes":""},"categories":[31],"tags":[],"class_list":["post-1841","post","type-post","status-publish","format-standard","has-post-thumbnail","hentry","category-vesti-latinica1"],"yoast_head":"<!-- This site is optimized with the Yoast SEO plugin v27.4 - https:\/\/yoast.com\/product\/yoast-seo-wordpress\/ -->\n<title>Otvoren pogon italijanske kompanije ,, Tehnostruture\u201c u zrenjaninskoj industrijskoj zoni - \u041f\u043e\u043a\u0440\u0430\u0458\u0438\u043d\u0441\u043a\u0438 \u0441\u0435\u043a\u0440\u0435\u0442\u0430\u0440\u0438\u0458\u0430\u0442 \u0437\u0430 \u043f\u0440\u0438\u0432\u0440\u0435\u0434\u0443 \u0438 \u0442\u0443\u0440\u0438\u0437\u0430\u043c<\/title>\n<meta name=\"robots\" content=\"index, follow, max-snippet:-1, max-image-preview:large, max-video-preview:-1\" \/>\n<link rel=\"canonical\" href=\"https:\/\/spriv.vojvodina.gov.rs\/rs\/otvoren-pogon-italijanske-kompanije-tehnostruture-u-zrenjaninskoj-industrijskoj-zoni\/\" \/>\n<meta property=\"og:locale\" content=\"sr_RS\" \/>\n<meta property=\"og:type\" content=\"article\" \/>\n<meta property=\"og:title\" content=\"Otvoren pogon italijanske kompanije ,, Tehnostruture\u201c u zrenjaninskoj industrijskoj zoni - \u041f\u043e\u043a\u0440\u0430\u0458\u0438\u043d\u0441\u043a\u0438 \u0441\u0435\u043a\u0440\u0435\u0442\u0430\u0440\u0438\u0458\u0430\u0442 \u0437\u0430 \u043f\u0440\u0438\u0432\u0440\u0435\u0434\u0443 \u0438 \u0442\u0443\u0440\u0438\u0437\u0430\u043c\" \/>\n<meta property=\"og:description\" content=\"Zrenjanin, 17. septembar 2016. \u2013 Zamenik pokrajinskog sekretara za privredu i turizam, Pavle Po\u010du\u010d, u\u010destvovao je na sve\u010danom otvaranju proizvodnog pogona italijanske kompanije ,,Tehnostruture\u201c, u okviru industrijske zone Jugoistok-E\u010dka u Zrenjaninu. Ova kompanija je deo grupacije ,,Edil stil\u201c, lidera u sektoru \u010deli\u010dnih konstrukcija na me\u0111unarodnom tr\u017ei\u0161tu. Otvaranju je prisustvovao i pomo\u0107nik pokrajinskog sekretara za oblast privrede, Branislav Bandi\u0107.\" \/>\n<meta property=\"og:url\" content=\"https:\/\/spriv.vojvodina.gov.rs\/rs\/otvoren-pogon-italijanske-kompanije-tehnostruture-u-zrenjaninskoj-industrijskoj-zoni\/\" \/>\n<meta property=\"og:site_name\" content=\"\u041f\u043e\u043a\u0440\u0430\u0458\u0438\u043d\u0441\u043a\u0438 \u0441\u0435\u043a\u0440\u0435\u0442\u0430\u0440\u0438\u0458\u0430\u0442 \u0437\u0430 \u043f\u0440\u0438\u0432\u0440\u0435\u0434\u0443 \u0438 \u0442\u0443\u0440\u0438\u0437\u0430\u043c\" \/>\n<meta property=\"article:published_time\" content=\"2016-09-19T11:02:06+00:00\" \/>\n<meta property=\"og:image\" content=\"https:\/\/spriv.vojvodina.gov.rs\/wp-content\/uploads\/2016\/09\/technostructure-mala.jpg\" \/>\n\t<meta property=\"og:image:width\" content=\"133\" \/>\n\t<meta property=\"og:image:height\" content=\"100\" \/>\n\t<meta property=\"og:image:type\" content=\"image\/jpeg\" \/>\n<meta name=\"author\" content=\"Sonja Babi\u0107\" \/>\n<meta name=\"twitter:card\" content=\"summary_large_image\" \/>\n<meta name=\"twitter:label1\" content=\"\u041d\u0430\u043f\u0438\u0441\u0430\u043d\u043e \u043e\u0434\" \/>\n\t<meta name=\"twitter:data1\" content=\"Sonja Babi\u0107\" \/>\n\t<meta name=\"twitter:label2\" content=\"\u041f\u0440\u043e\u0446\u0435\u045a\u0435\u043d\u043e \u0432\u0440\u0435\u043c\u0435 \u0447\u0438\u0442\u0430\u045a\u0430\" \/>\n\t<meta name=\"twitter:data2\" content=\"1 \u043c\u0438\u043d\u0443\u0442\" \/>\n<script type=\"application\/ld+json\" class=\"yoast-schema-graph\">{\"@context\":\"https:\\\/\\\/schema.org\",\"@graph\":[{\"@type\":\"Article\",\"@id\":\"https:\\\/\\\/spriv.vojvodina.gov.rs\\\/rs\\\/otvoren-pogon-italijanske-kompanije-tehnostruture-u-zrenjaninskoj-industrijskoj-zoni\\\/#article\",\"isPartOf\":{\"@id\":\"https:\\\/\\\/spriv.vojvodina.gov.rs\\\/rs\\\/otvoren-pogon-italijanske-kompanije-tehnostruture-u-zrenjaninskoj-industrijskoj-zoni\\\/\"},\"author\":{\"name\":\"Sonja Babi\u0107\",\"@id\":\"https:\\\/\\\/spriv.vojvodina.gov.rs\\\/#\\\/schema\\\/person\\\/749ef4f57fbb458f1c759e7a4fa78485\"},\"headline\":\"Otvoren pogon italijanske kompanije ,, Tehnostruture\u201c u zrenjaninskoj industrijskoj zoni\",\"datePublished\":\"2016-09-19T11:02:06+00:00\",\"mainEntityOfPage\":{\"@id\":\"https:\\\/\\\/spriv.vojvodina.gov.rs\\\/rs\\\/otvoren-pogon-italijanske-kompanije-tehnostruture-u-zrenjaninskoj-industrijskoj-zoni\\\/\"},\"wordCount\":267,\"image\":{\"@id\":\"https:\\\/\\\/spriv.vojvodina.gov.rs\\\/rs\\\/otvoren-pogon-italijanske-kompanije-tehnostruture-u-zrenjaninskoj-industrijskoj-zoni\\\/#primaryimage\"},\"thumbnailUrl\":\"https:\\\/\\\/spriv.vojvodina.gov.rs\\\/wp-content\\\/uploads\\\/2016\\\/09\\\/technostructure-mala.jpg\",\"articleSection\":[\"Vesti Latinica\"],\"inLanguage\":\"sr-RS\"},{\"@type\":\"WebPage\",\"@id\":\"https:\\\/\\\/spriv.vojvodina.gov.rs\\\/rs\\\/otvoren-pogon-italijanske-kompanije-tehnostruture-u-zrenjaninskoj-industrijskoj-zoni\\\/\",\"url\":\"https:\\\/\\\/spriv.vojvodina.gov.rs\\\/rs\\\/otvoren-pogon-italijanske-kompanije-tehnostruture-u-zrenjaninskoj-industrijskoj-zoni\\\/\",\"name\":\"Otvoren pogon italijanske kompanije ,, Tehnostruture\u201c u zrenjaninskoj industrijskoj zoni - \u041f\u043e\u043a\u0440\u0430\u0458\u0438\u043d\u0441\u043a\u0438 \u0441\u0435\u043a\u0440\u0435\u0442\u0430\u0440\u0438\u0458\u0430\u0442 \u0437\u0430 \u043f\u0440\u0438\u0432\u0440\u0435\u0434\u0443 \u0438 \u0442\u0443\u0440\u0438\u0437\u0430\u043c\",\"isPartOf\":{\"@id\":\"https:\\\/\\\/spriv.vojvodina.gov.rs\\\/#website\"},\"primaryImageOfPage\":{\"@id\":\"https:\\\/\\\/spriv.vojvodina.gov.rs\\\/rs\\\/otvoren-pogon-italijanske-kompanije-tehnostruture-u-zrenjaninskoj-industrijskoj-zoni\\\/#primaryimage\"},\"image\":{\"@id\":\"https:\\\/\\\/spriv.vojvodina.gov.rs\\\/rs\\\/otvoren-pogon-italijanske-kompanije-tehnostruture-u-zrenjaninskoj-industrijskoj-zoni\\\/#primaryimage\"},\"thumbnailUrl\":\"https:\\\/\\\/spriv.vojvodina.gov.rs\\\/wp-content\\\/uploads\\\/2016\\\/09\\\/technostructure-mala.jpg\",\"datePublished\":\"2016-09-19T11:02:06+00:00\",\"author\":{\"@id\":\"https:\\\/\\\/spriv.vojvodina.gov.rs\\\/#\\\/schema\\\/person\\\/749ef4f57fbb458f1c759e7a4fa78485\"},\"breadcrumb\":{\"@id\":\"https:\\\/\\\/spriv.vojvodina.gov.rs\\\/rs\\\/otvoren-pogon-italijanske-kompanije-tehnostruture-u-zrenjaninskoj-industrijskoj-zoni\\\/#breadcrumb\"},\"inLanguage\":\"sr-RS\",\"potentialAction\":[{\"@type\":\"ReadAction\",\"target\":[\"https:\\\/\\\/spriv.vojvodina.gov.rs\\\/rs\\\/otvoren-pogon-italijanske-kompanije-tehnostruture-u-zrenjaninskoj-industrijskoj-zoni\\\/\"]}]},{\"@type\":\"ImageObject\",\"inLanguage\":\"sr-RS\",\"@id\":\"https:\\\/\\\/spriv.vojvodina.gov.rs\\\/rs\\\/otvoren-pogon-italijanske-kompanije-tehnostruture-u-zrenjaninskoj-industrijskoj-zoni\\\/#primaryimage\",\"url\":\"https:\\\/\\\/spriv.vojvodina.gov.rs\\\/wp-content\\\/uploads\\\/2016\\\/09\\\/technostructure-mala.jpg\",\"contentUrl\":\"https:\\\/\\\/spriv.vojvodina.gov.rs\\\/wp-content\\\/uploads\\\/2016\\\/09\\\/technostructure-mala.jpg\",\"width\":133,\"height\":100},{\"@type\":\"BreadcrumbList\",\"@id\":\"https:\\\/\\\/spriv.vojvodina.gov.rs\\\/rs\\\/otvoren-pogon-italijanske-kompanije-tehnostruture-u-zrenjaninskoj-industrijskoj-zoni\\\/#breadcrumb\",\"itemListElement\":[{\"@type\":\"ListItem\",\"position\":1,\"name\":\"Home\",\"item\":\"https:\\\/\\\/spriv.vojvodina.gov.rs\\\/\"},{\"@type\":\"ListItem\",\"position\":2,\"name\":\"Otvoren pogon italijanske kompanije ,, Tehnostruture\u201c u zrenjaninskoj industrijskoj zoni\"}]},{\"@type\":\"WebSite\",\"@id\":\"https:\\\/\\\/spriv.vojvodina.gov.rs\\\/#website\",\"url\":\"https:\\\/\\\/spriv.vojvodina.gov.rs\\\/\",\"name\":\"\u041f\u043e\u043a\u0440\u0430\u0458\u0438\u043d\u0441\u043a\u0438 \u0441\u0435\u043a\u0440\u0435\u0442\u0430\u0440\u0438\u0458\u0430\u0442 \u0437\u0430 \u043f\u0440\u0438\u0432\u0440\u0435\u0434\u0443 \u0438 \u0442\u0443\u0440\u0438\u0437\u0430\u043c\",\"description\":\"\u041f\u043e\u043a\u0440\u0430\u0458\u0438\u043d\u0441\u043a\u0438 \u0441\u0435\u043a\u0440\u0435\u0442\u0430\u0440\u0438\u0458\u0430\u0442 \u0437\u0430 \u043f\u0440\u0438\u0432\u0440\u0435\u0434\u0443 \u0438 \u0442\u0443\u0440\u0438\u0437\u0430\u043c\",\"potentialAction\":[{\"@type\":\"SearchAction\",\"target\":{\"@type\":\"EntryPoint\",\"urlTemplate\":\"https:\\\/\\\/spriv.vojvodina.gov.rs\\\/?s={search_term_string}\"},\"query-input\":{\"@type\":\"PropertyValueSpecification\",\"valueRequired\":true,\"valueName\":\"search_term_string\"}}],\"inLanguage\":\"sr-RS\"},{\"@type\":\"Person\",\"@id\":\"https:\\\/\\\/spriv.vojvodina.gov.rs\\\/#\\\/schema\\\/person\\\/749ef4f57fbb458f1c759e7a4fa78485\",\"name\":\"Sonja Babi\u0107\",\"image\":{\"@type\":\"ImageObject\",\"inLanguage\":\"sr-RS\",\"@id\":\"https:\\\/\\\/secure.gravatar.com\\\/avatar\\\/00a1d182a20a59067af1e7b1c31cbcc3be1a456ee4b27746580e120c2582e5bd?s=96&d=mm&r=g\",\"url\":\"https:\\\/\\\/secure.gravatar.com\\\/avatar\\\/00a1d182a20a59067af1e7b1c31cbcc3be1a456ee4b27746580e120c2582e5bd?s=96&d=mm&r=g\",\"contentUrl\":\"https:\\\/\\\/secure.gravatar.com\\\/avatar\\\/00a1d182a20a59067af1e7b1c31cbcc3be1a456ee4b27746580e120c2582e5bd?s=96&d=mm&r=g\",\"caption\":\"Sonja Babi\u0107\"},\"url\":\"https:\\\/\\\/spriv.vojvodina.gov.rs\\\/rs\\\/author\\\/sonja-babic\\\/\"}]}<\/script>\n<!-- \/ Yoast SEO plugin. -->","yoast_head_json":{"title":"Otvoren pogon italijanske kompanije ,, Tehnostruture\u201c u zrenjaninskoj industrijskoj zoni - \u041f\u043e\u043a\u0440\u0430\u0458\u0438\u043d\u0441\u043a\u0438 \u0441\u0435\u043a\u0440\u0435\u0442\u0430\u0440\u0438\u0458\u0430\u0442 \u0437\u0430 \u043f\u0440\u0438\u0432\u0440\u0435\u0434\u0443 \u0438 \u0442\u0443\u0440\u0438\u0437\u0430\u043c","robots":{"index":"index","follow":"follow","max-snippet":"max-snippet:-1","max-image-preview":"max-image-preview:large","max-video-preview":"max-video-preview:-1"},"canonical":"https:\/\/spriv.vojvodina.gov.rs\/rs\/otvoren-pogon-italijanske-kompanije-tehnostruture-u-zrenjaninskoj-industrijskoj-zoni\/","og_locale":"sr_RS","og_type":"article","og_title":"Otvoren pogon italijanske kompanije ,, Tehnostruture\u201c u zrenjaninskoj industrijskoj zoni - \u041f\u043e\u043a\u0440\u0430\u0458\u0438\u043d\u0441\u043a\u0438 \u0441\u0435\u043a\u0440\u0435\u0442\u0430\u0440\u0438\u0458\u0430\u0442 \u0437\u0430 \u043f\u0440\u0438\u0432\u0440\u0435\u0434\u0443 \u0438 \u0442\u0443\u0440\u0438\u0437\u0430\u043c","og_description":"Zrenjanin, 17. septembar 2016. \u2013 Zamenik pokrajinskog sekretara za privredu i turizam, Pavle Po\u010du\u010d, u\u010destvovao je na sve\u010danom otvaranju proizvodnog pogona italijanske kompanije ,,Tehnostruture\u201c, u okviru industrijske zone Jugoistok-E\u010dka u Zrenjaninu. Ova kompanija je deo grupacije ,,Edil stil\u201c, lidera u sektoru \u010deli\u010dnih konstrukcija na me\u0111unarodnom tr\u017ei\u0161tu. Otvaranju je prisustvovao i pomo\u0107nik pokrajinskog sekretara za oblast privrede, Branislav Bandi\u0107.","og_url":"https:\/\/spriv.vojvodina.gov.rs\/rs\/otvoren-pogon-italijanske-kompanije-tehnostruture-u-zrenjaninskoj-industrijskoj-zoni\/","og_site_name":"\u041f\u043e\u043a\u0440\u0430\u0458\u0438\u043d\u0441\u043a\u0438 \u0441\u0435\u043a\u0440\u0435\u0442\u0430\u0440\u0438\u0458\u0430\u0442 \u0437\u0430 \u043f\u0440\u0438\u0432\u0440\u0435\u0434\u0443 \u0438 \u0442\u0443\u0440\u0438\u0437\u0430\u043c","article_published_time":"2016-09-19T11:02:06+00:00","og_image":[{"width":133,"height":100,"url":"https:\/\/spriv.vojvodina.gov.rs\/wp-content\/uploads\/2016\/09\/technostructure-mala.jpg","type":"image\/jpeg"}],"author":"Sonja Babi\u0107","twitter_card":"summary_large_image","twitter_misc":{"\u041d\u0430\u043f\u0438\u0441\u0430\u043d\u043e \u043e\u0434":"Sonja Babi\u0107","\u041f\u0440\u043e\u0446\u0435\u045a\u0435\u043d\u043e \u0432\u0440\u0435\u043c\u0435 \u0447\u0438\u0442\u0430\u045a\u0430":"1 \u043c\u0438\u043d\u0443\u0442"},"schema":{"@context":"https:\/\/schema.org","@graph":[{"@type":"Article","@id":"https:\/\/spriv.vojvodina.gov.rs\/rs\/otvoren-pogon-italijanske-kompanije-tehnostruture-u-zrenjaninskoj-industrijskoj-zoni\/#article","isPartOf":{"@id":"https:\/\/spriv.vojvodina.gov.rs\/rs\/otvoren-pogon-italijanske-kompanije-tehnostruture-u-zrenjaninskoj-industrijskoj-zoni\/"},"author":{"name":"Sonja Babi\u0107","@id":"https:\/\/spriv.vojvodina.gov.rs\/#\/schema\/person\/749ef4f57fbb458f1c759e7a4fa78485"},"headline":"Otvoren pogon italijanske kompanije ,, Tehnostruture\u201c u zrenjaninskoj industrijskoj zoni","datePublished":"2016-09-19T11:02:06+00:00","mainEntityOfPage":{"@id":"https:\/\/spriv.vojvodina.gov.rs\/rs\/otvoren-pogon-italijanske-kompanije-tehnostruture-u-zrenjaninskoj-industrijskoj-zoni\/"},"wordCount":267,"image":{"@id":"https:\/\/spriv.vojvodina.gov.rs\/rs\/otvoren-pogon-italijanske-kompanije-tehnostruture-u-zrenjaninskoj-industrijskoj-zoni\/#primaryimage"},"thumbnailUrl":"https:\/\/spriv.vojvodina.gov.rs\/wp-content\/uploads\/2016\/09\/technostructure-mala.jpg","articleSection":["Vesti Latinica"],"inLanguage":"sr-RS"},{"@type":"WebPage","@id":"https:\/\/spriv.vojvodina.gov.rs\/rs\/otvoren-pogon-italijanske-kompanije-tehnostruture-u-zrenjaninskoj-industrijskoj-zoni\/","url":"https:\/\/spriv.vojvodina.gov.rs\/rs\/otvoren-pogon-italijanske-kompanije-tehnostruture-u-zrenjaninskoj-industrijskoj-zoni\/","name":"Otvoren pogon italijanske kompanije ,, Tehnostruture\u201c u zrenjaninskoj industrijskoj zoni - \u041f\u043e\u043a\u0440\u0430\u0458\u0438\u043d\u0441\u043a\u0438 \u0441\u0435\u043a\u0440\u0435\u0442\u0430\u0440\u0438\u0458\u0430\u0442 \u0437\u0430 \u043f\u0440\u0438\u0432\u0440\u0435\u0434\u0443 \u0438 \u0442\u0443\u0440\u0438\u0437\u0430\u043c","isPartOf":{"@id":"https:\/\/spriv.vojvodina.gov.rs\/#website"},"primaryImageOfPage":{"@id":"https:\/\/spriv.vojvodina.gov.rs\/rs\/otvoren-pogon-italijanske-kompanije-tehnostruture-u-zrenjaninskoj-industrijskoj-zoni\/#primaryimage"},"image":{"@id":"https:\/\/spriv.vojvodina.gov.rs\/rs\/otvoren-pogon-italijanske-kompanije-tehnostruture-u-zrenjaninskoj-industrijskoj-zoni\/#primaryimage"},"thumbnailUrl":"https:\/\/spriv.vojvodina.gov.rs\/wp-content\/uploads\/2016\/09\/technostructure-mala.jpg","datePublished":"2016-09-19T11:02:06+00:00","author":{"@id":"https:\/\/spriv.vojvodina.gov.rs\/#\/schema\/person\/749ef4f57fbb458f1c759e7a4fa78485"},"breadcrumb":{"@id":"https:\/\/spriv.vojvodina.gov.rs\/rs\/otvoren-pogon-italijanske-kompanije-tehnostruture-u-zrenjaninskoj-industrijskoj-zoni\/#breadcrumb"},"inLanguage":"sr-RS","potentialAction":[{"@type":"ReadAction","target":["https:\/\/spriv.vojvodina.gov.rs\/rs\/otvoren-pogon-italijanske-kompanije-tehnostruture-u-zrenjaninskoj-industrijskoj-zoni\/"]}]},{"@type":"ImageObject","inLanguage":"sr-RS","@id":"https:\/\/spriv.vojvodina.gov.rs\/rs\/otvoren-pogon-italijanske-kompanije-tehnostruture-u-zrenjaninskoj-industrijskoj-zoni\/#primaryimage","url":"https:\/\/spriv.vojvodina.gov.rs\/wp-content\/uploads\/2016\/09\/technostructure-mala.jpg","contentUrl":"https:\/\/spriv.vojvodina.gov.rs\/wp-content\/uploads\/2016\/09\/technostructure-mala.jpg","width":133,"height":100},{"@type":"BreadcrumbList","@id":"https:\/\/spriv.vojvodina.gov.rs\/rs\/otvoren-pogon-italijanske-kompanije-tehnostruture-u-zrenjaninskoj-industrijskoj-zoni\/#breadcrumb","itemListElement":[{"@type":"ListItem","position":1,"name":"Home","item":"https:\/\/spriv.vojvodina.gov.rs\/"},{"@type":"ListItem","position":2,"name":"Otvoren pogon italijanske kompanije ,, Tehnostruture\u201c u zrenjaninskoj industrijskoj zoni"}]},{"@type":"WebSite","@id":"https:\/\/spriv.vojvodina.gov.rs\/#website","url":"https:\/\/spriv.vojvodina.gov.rs\/","name":"\u041f\u043e\u043a\u0440\u0430\u0458\u0438\u043d\u0441\u043a\u0438 \u0441\u0435\u043a\u0440\u0435\u0442\u0430\u0440\u0438\u0458\u0430\u0442 \u0437\u0430 \u043f\u0440\u0438\u0432\u0440\u0435\u0434\u0443 \u0438 \u0442\u0443\u0440\u0438\u0437\u0430\u043c","description":"\u041f\u043e\u043a\u0440\u0430\u0458\u0438\u043d\u0441\u043a\u0438 \u0441\u0435\u043a\u0440\u0435\u0442\u0430\u0440\u0438\u0458\u0430\u0442 \u0437\u0430 \u043f\u0440\u0438\u0432\u0440\u0435\u0434\u0443 \u0438 \u0442\u0443\u0440\u0438\u0437\u0430\u043c","potentialAction":[{"@type":"SearchAction","target":{"@type":"EntryPoint","urlTemplate":"https:\/\/spriv.vojvodina.gov.rs\/?s={search_term_string}"},"query-input":{"@type":"PropertyValueSpecification","valueRequired":true,"valueName":"search_term_string"}}],"inLanguage":"sr-RS"},{"@type":"Person","@id":"https:\/\/spriv.vojvodina.gov.rs\/#\/schema\/person\/749ef4f57fbb458f1c759e7a4fa78485","name":"Sonja Babi\u0107","image":{"@type":"ImageObject","inLanguage":"sr-RS","@id":"https:\/\/secure.gravatar.com\/avatar\/00a1d182a20a59067af1e7b1c31cbcc3be1a456ee4b27746580e120c2582e5bd?s=96&d=mm&r=g","url":"https:\/\/secure.gravatar.com\/avatar\/00a1d182a20a59067af1e7b1c31cbcc3be1a456ee4b27746580e120c2582e5bd?s=96&d=mm&r=g","contentUrl":"https:\/\/secure.gravatar.com\/avatar\/00a1d182a20a59067af1e7b1c31cbcc3be1a456ee4b27746580e120c2582e5bd?s=96&d=mm&r=g","caption":"Sonja Babi\u0107"},"url":"https:\/\/spriv.vojvodina.gov.rs\/rs\/author\/sonja-babic\/"}]}},"_links":{"self":[{"href":"https:\/\/spriv.vojvodina.gov.rs\/rs\/wp-json\/wp\/v2\/posts\/1841","targetHints":{"allow":["GET"]}}],"collection":[{"href":"https:\/\/spriv.vojvodina.gov.rs\/rs\/wp-json\/wp\/v2\/posts"}],"about":[{"href":"https:\/\/spriv.vojvodina.gov.rs\/rs\/wp-json\/wp\/v2\/types\/post"}],"author":[{"embeddable":true,"href":"https:\/\/spriv.vojvodina.gov.rs\/rs\/wp-json\/wp\/v2\/users\/3"}],"replies":[{"embeddable":true,"href":"https:\/\/spriv.vojvodina.gov.rs\/rs\/wp-json\/wp\/v2\/comments?post=1841"}],"version-history":[{"count":0,"href":"https:\/\/spriv.vojvodina.gov.rs\/rs\/wp-json\/wp\/v2\/posts\/1841\/revisions"}],"wp:featuredmedia":[{"embeddable":true,"href":"https:\/\/spriv.vojvodina.gov.rs\/rs\/wp-json\/wp\/v2\/media\/1836"}],"wp:attachment":[{"href":"https:\/\/spriv.vojvodina.gov.rs\/rs\/wp-json\/wp\/v2\/media?parent=1841"}],"wp:term":[{"taxonomy":"category","embeddable":true,"href":"https:\/\/spriv.vojvodina.gov.rs\/rs\/wp-json\/wp\/v2\/categories?post=1841"},{"taxonomy":"post_tag","embeddable":true,"href":"https:\/\/spriv.vojvodina.gov.rs\/rs\/wp-json\/wp\/v2\/tags?post=1841"}],"curies":[{"name":"wp","href":"https:\/\/api.w.org\/{rel}","templated":true}]}}