{"id":184,"date":"2015-06-05T20:57:01","date_gmt":"2015-06-05T20:57:01","guid":{"rendered":"http:\/\/spriv.vojvodina.gov.rs\/2015\/06\/05\/privreda\/"},"modified":"2015-06-05T20:57:01","modified_gmt":"2015-06-05T20:57:01","slug":"privreda","status":"publish","type":"post","link":"https:\/\/spriv.vojvodina.gov.rs\/rs\/privreda\/","title":{"rendered":"Privreda"},"content":{"rendered":"<h2><a href=\"http:\/\/spriv.vojvodina.gov.rs\/wp-content\/uploads\/2015\/06\/razvoj_klastera_strategija_apv.pdf\" target=\"_blank\" rel=\"noopener\">Strategija razvoja klastera<\/a> <img loading=\"lazy\" decoding=\"async\" class=\" alignright size-full wp-image-113\" src=\"http:\/\/spriv.vojvodina.gov.rs\/wp-content\/uploads\/2016\/08\/pdf32.png\" border=\"0\" width=\"16\" height=\"16\" style=\"border: 0; float: right;\" \/><\/h2>\n<h2><a href=\"http:\/\/spriv.vojvodina.gov.rs\/wp-content\/uploads\/2015\/06\/RIS3final02.04.15..pdf\" target=\"_blank\" rel=\"noopener\">Program za smart specijalizaciju u istra\u017eivanju i inovacijama Autonomne pokrajine Vojvodine za period 2015 &#8211; 2020. godine<img loading=\"lazy\" decoding=\"async\" class=\" alignright size-full wp-image-113\" src=\"http:\/\/spriv.vojvodina.gov.rs\/wp-content\/uploads\/2016\/08\/pdf32.png\" border=\"0\" alt=\"\" width=\"17\" height=\"17\" align=\"right\" \/><\/a><\/h2>\n<h2 style=\"text-align: justify;\"><a href=\"http:\/\/spriv.vojvodina.gov.rs\/wp-content\/uploads\/2015\/06\/bilten_socijalna_ekonomija_i_socijalno_preuzetnistvo.pdf\" target=\"_blank\" rel=\"noopener\">Bilten broj 1\/2017: Socijalna ekonomija i socijalno preduzetni\u0161tvo <img loading=\"lazy\" decoding=\"async\" class=\" alignright size-full wp-image-113\" src=\"http:\/\/spriv.vojvodina.gov.rs\/wp-content\/uploads\/2016\/08\/pdf32.png\" border=\"0\" alt=\"\" width=\"17\" height=\"17\" align=\"right\" \/><\/a><\/h2>\n<h2><a href=\"http:\/\/spriv.vojvodina.gov.rs\/wp-content\/uploads\/2015\/06\/Strategija_BB_APV_2012_15_objava.pdf\" target=\"_blank\" rel=\"noopener\">Strategija razvoja i kori\u0161\u0107enja \u0161irokopojasnog pristupa u AP Vojvodini za period od 2012. do 2015. godine<\/a> <img loading=\"lazy\" decoding=\"async\" class=\" alignright size-full wp-image-113\" src=\"http:\/\/spriv.vojvodina.gov.rs\/wp-content\/uploads\/2016\/08\/pdf32.png\" border=\"0\" width=\"16\" height=\"16\" style=\"border: 0; float: right;\" \/><\/h2>\n<h2><a href=\"http:\/\/spriv.vojvodina.gov.rs\/wp-content\/uploads\/2015\/06\/elaborat.pdf\" target=\"_blank\" rel=\"noopener\">Elaborat modela za kori\u0161\u0107enje i upravljanje metropoliten mre\u017eama u lokalnim samoupravama u AP Vojvodini<\/a> <img loading=\"lazy\" decoding=\"async\" class=\" alignright size-full wp-image-113\" src=\"http:\/\/spriv.vojvodina.gov.rs\/wp-content\/uploads\/2016\/08\/pdf32.png\" border=\"0\" width=\"16\" height=\"16\" style=\"border: 0; float: right;\" \/><\/h2>\n","protected":false},"excerpt":{"rendered":"Strategija razvoja klastera Program za smart specijalizaciju u istra\u017eivanju i inovacijama Autonomne pokrajine Vojvodine za period 2015 &#8211; 2020. godine Bilten broj 1\/2017: \n<a class=\"moretag\" href=\"https:\/\/spriv.vojvodina.gov.rs\/rs\/privreda\/\"> [...]<\/a>","protected":false},"author":2,"featured_media":113,"comment_status":"closed","ping_status":"closed","sticky":false,"template":"","format":"standard","meta":{"footnotes":""},"categories":[28],"tags":[],"class_list":["post-184","post","type-post","status-publish","format-standard","has-post-thumbnail","hentry","category-latinica"],"yoast_head":"<!-- This site is optimized with the Yoast SEO plugin v27.5 - https:\/\/yoast.com\/product\/yoast-seo-wordpress\/ -->\n<title>Privreda - \u041f\u043e\u043a\u0440\u0430\u0458\u0438\u043d\u0441\u043a\u0438 \u0441\u0435\u043a\u0440\u0435\u0442\u0430\u0440\u0438\u0458\u0430\u0442 \u0437\u0430 \u043f\u0440\u0438\u0432\u0440\u0435\u0434\u0443 \u0438 \u0442\u0443\u0440\u0438\u0437\u0430\u043c<\/title>\n<meta name=\"robots\" content=\"index, follow, max-snippet:-1, max-image-preview:large, max-video-preview:-1\" \/>\n<link rel=\"canonical\" href=\"https:\/\/spriv.vojvodina.gov.rs\/rs\/privreda\/\" \/>\n<meta property=\"og:locale\" content=\"sr_RS\" \/>\n<meta property=\"og:type\" content=\"article\" \/>\n<meta property=\"og:title\" content=\"Privreda - \u041f\u043e\u043a\u0440\u0430\u0458\u0438\u043d\u0441\u043a\u0438 \u0441\u0435\u043a\u0440\u0435\u0442\u0430\u0440\u0438\u0458\u0430\u0442 \u0437\u0430 \u043f\u0440\u0438\u0432\u0440\u0435\u0434\u0443 \u0438 \u0442\u0443\u0440\u0438\u0437\u0430\u043c\" \/>\n<meta property=\"og:description\" content=\"Strategija razvoja klastera Program za smart specijalizaciju u istra\u017eivanju i inovacijama Autonomne pokrajine Vojvodine za period 2015 &#8211; 2020. godine Bilten broj 1\/2017:\" \/>\n<meta property=\"og:url\" content=\"https:\/\/spriv.vojvodina.gov.rs\/rs\/privreda\/\" \/>\n<meta property=\"og:site_name\" content=\"\u041f\u043e\u043a\u0440\u0430\u0458\u0438\u043d\u0441\u043a\u0438 \u0441\u0435\u043a\u0440\u0435\u0442\u0430\u0440\u0438\u0458\u0430\u0442 \u0437\u0430 \u043f\u0440\u0438\u0432\u0440\u0435\u0434\u0443 \u0438 \u0442\u0443\u0440\u0438\u0437\u0430\u043c\" \/>\n<meta property=\"article:published_time\" content=\"2015-06-05T20:57:01+00:00\" \/>\n<meta property=\"og:image\" content=\"https:\/\/spriv.vojvodina.gov.rs\/wp-content\/uploads\/2016\/08\/pdf32.png\" \/>\n\t<meta property=\"og:image:width\" content=\"32\" \/>\n\t<meta property=\"og:image:height\" content=\"32\" \/>\n\t<meta property=\"og:image:type\" content=\"image\/png\" \/>\n<meta name=\"author\" content=\"Super User\" \/>\n<meta name=\"twitter:card\" content=\"summary_large_image\" \/>\n<meta name=\"twitter:label1\" content=\"\u041d\u0430\u043f\u0438\u0441\u0430\u043d\u043e \u043e\u0434\" \/>\n\t<meta name=\"twitter:data1\" content=\"Super User\" \/>\n<script type=\"application\/ld+json\" class=\"yoast-schema-graph\">{\"@context\":\"https:\\\/\\\/schema.org\",\"@graph\":[{\"@type\":\"Article\",\"@id\":\"https:\\\/\\\/spriv.vojvodina.gov.rs\\\/rs\\\/privreda\\\/#article\",\"isPartOf\":{\"@id\":\"https:\\\/\\\/spriv.vojvodina.gov.rs\\\/rs\\\/privreda\\\/\"},\"author\":{\"name\":\"Super User\",\"@id\":\"https:\\\/\\\/spriv.vojvodina.gov.rs\\\/#\\\/schema\\\/person\\\/852ef952bb1b655cb70c8c6615335273\"},\"headline\":\"Privreda\",\"datePublished\":\"2015-06-05T20:57:01+00:00\",\"mainEntityOfPage\":{\"@id\":\"https:\\\/\\\/spriv.vojvodina.gov.rs\\\/rs\\\/privreda\\\/\"},\"wordCount\":59,\"image\":{\"@id\":\"https:\\\/\\\/spriv.vojvodina.gov.rs\\\/rs\\\/privreda\\\/#primaryimage\"},\"thumbnailUrl\":\"https:\\\/\\\/spriv.vojvodina.gov.rs\\\/wp-content\\\/uploads\\\/2016\\\/08\\\/pdf32.png\",\"articleSection\":[\"Latinica\"],\"inLanguage\":\"sr-RS\"},{\"@type\":\"WebPage\",\"@id\":\"https:\\\/\\\/spriv.vojvodina.gov.rs\\\/rs\\\/privreda\\\/\",\"url\":\"https:\\\/\\\/spriv.vojvodina.gov.rs\\\/rs\\\/privreda\\\/\",\"name\":\"Privreda - \u041f\u043e\u043a\u0440\u0430\u0458\u0438\u043d\u0441\u043a\u0438 \u0441\u0435\u043a\u0440\u0435\u0442\u0430\u0440\u0438\u0458\u0430\u0442 \u0437\u0430 \u043f\u0440\u0438\u0432\u0440\u0435\u0434\u0443 \u0438 \u0442\u0443\u0440\u0438\u0437\u0430\u043c\",\"isPartOf\":{\"@id\":\"https:\\\/\\\/spriv.vojvodina.gov.rs\\\/#website\"},\"primaryImageOfPage\":{\"@id\":\"https:\\\/\\\/spriv.vojvodina.gov.rs\\\/rs\\\/privreda\\\/#primaryimage\"},\"image\":{\"@id\":\"https:\\\/\\\/spriv.vojvodina.gov.rs\\\/rs\\\/privreda\\\/#primaryimage\"},\"thumbnailUrl\":\"https:\\\/\\\/spriv.vojvodina.gov.rs\\\/wp-content\\\/uploads\\\/2016\\\/08\\\/pdf32.png\",\"datePublished\":\"2015-06-05T20:57:01+00:00\",\"author\":{\"@id\":\"https:\\\/\\\/spriv.vojvodina.gov.rs\\\/#\\\/schema\\\/person\\\/852ef952bb1b655cb70c8c6615335273\"},\"breadcrumb\":{\"@id\":\"https:\\\/\\\/spriv.vojvodina.gov.rs\\\/rs\\\/privreda\\\/#breadcrumb\"},\"inLanguage\":\"sr-RS\",\"potentialAction\":[{\"@type\":\"ReadAction\",\"target\":[\"https:\\\/\\\/spriv.vojvodina.gov.rs\\\/rs\\\/privreda\\\/\"]}]},{\"@type\":\"ImageObject\",\"inLanguage\":\"sr-RS\",\"@id\":\"https:\\\/\\\/spriv.vojvodina.gov.rs\\\/rs\\\/privreda\\\/#primaryimage\",\"url\":\"https:\\\/\\\/spriv.vojvodina.gov.rs\\\/wp-content\\\/uploads\\\/2016\\\/08\\\/pdf32.png\",\"contentUrl\":\"https:\\\/\\\/spriv.vojvodina.gov.rs\\\/wp-content\\\/uploads\\\/2016\\\/08\\\/pdf32.png\",\"width\":32,\"height\":32},{\"@type\":\"BreadcrumbList\",\"@id\":\"https:\\\/\\\/spriv.vojvodina.gov.rs\\\/rs\\\/privreda\\\/#breadcrumb\",\"itemListElement\":[{\"@type\":\"ListItem\",\"position\":1,\"name\":\"Home\",\"item\":\"https:\\\/\\\/spriv.vojvodina.gov.rs\\\/\"},{\"@type\":\"ListItem\",\"position\":2,\"name\":\"Privreda\"}]},{\"@type\":\"WebSite\",\"@id\":\"https:\\\/\\\/spriv.vojvodina.gov.rs\\\/#website\",\"url\":\"https:\\\/\\\/spriv.vojvodina.gov.rs\\\/\",\"name\":\"\u041f\u043e\u043a\u0440\u0430\u0458\u0438\u043d\u0441\u043a\u0438 \u0441\u0435\u043a\u0440\u0435\u0442\u0430\u0440\u0438\u0458\u0430\u0442 \u0437\u0430 \u043f\u0440\u0438\u0432\u0440\u0435\u0434\u0443 \u0438 \u0442\u0443\u0440\u0438\u0437\u0430\u043c\",\"description\":\"\u041f\u043e\u043a\u0440\u0430\u0458\u0438\u043d\u0441\u043a\u0438 \u0441\u0435\u043a\u0440\u0435\u0442\u0430\u0440\u0438\u0458\u0430\u0442 \u0437\u0430 \u043f\u0440\u0438\u0432\u0440\u0435\u0434\u0443 \u0438 \u0442\u0443\u0440\u0438\u0437\u0430\u043c\",\"potentialAction\":[{\"@type\":\"SearchAction\",\"target\":{\"@type\":\"EntryPoint\",\"urlTemplate\":\"https:\\\/\\\/spriv.vojvodina.gov.rs\\\/?s={search_term_string}\"},\"query-input\":{\"@type\":\"PropertyValueSpecification\",\"valueRequired\":true,\"valueName\":\"search_term_string\"}}],\"inLanguage\":\"sr-RS\"},{\"@type\":\"Person\",\"@id\":\"https:\\\/\\\/spriv.vojvodina.gov.rs\\\/#\\\/schema\\\/person\\\/852ef952bb1b655cb70c8c6615335273\",\"name\":\"Super User\",\"image\":{\"@type\":\"ImageObject\",\"inLanguage\":\"sr-RS\",\"@id\":\"https:\\\/\\\/secure.gravatar.com\\\/avatar\\\/5a62867db7c2f5a84cdac09aef3f31b2ef4fc761b4a9e9b4a4e7c43e9a060960?s=96&d=mm&r=g\",\"url\":\"https:\\\/\\\/secure.gravatar.com\\\/avatar\\\/5a62867db7c2f5a84cdac09aef3f31b2ef4fc761b4a9e9b4a4e7c43e9a060960?s=96&d=mm&r=g\",\"contentUrl\":\"https:\\\/\\\/secure.gravatar.com\\\/avatar\\\/5a62867db7c2f5a84cdac09aef3f31b2ef4fc761b4a9e9b4a4e7c43e9a060960?s=96&d=mm&r=g\",\"caption\":\"Super User\"},\"url\":\"https:\\\/\\\/spriv.vojvodina.gov.rs\\\/rs\\\/author\\\/admin01\\\/\"}]}<\/script>\n<!-- \/ Yoast SEO plugin. -->","yoast_head_json":{"title":"Privreda - \u041f\u043e\u043a\u0440\u0430\u0458\u0438\u043d\u0441\u043a\u0438 \u0441\u0435\u043a\u0440\u0435\u0442\u0430\u0440\u0438\u0458\u0430\u0442 \u0437\u0430 \u043f\u0440\u0438\u0432\u0440\u0435\u0434\u0443 \u0438 \u0442\u0443\u0440\u0438\u0437\u0430\u043c","robots":{"index":"index","follow":"follow","max-snippet":"max-snippet:-1","max-image-preview":"max-image-preview:large","max-video-preview":"max-video-preview:-1"},"canonical":"https:\/\/spriv.vojvodina.gov.rs\/rs\/privreda\/","og_locale":"sr_RS","og_type":"article","og_title":"Privreda - \u041f\u043e\u043a\u0440\u0430\u0458\u0438\u043d\u0441\u043a\u0438 \u0441\u0435\u043a\u0440\u0435\u0442\u0430\u0440\u0438\u0458\u0430\u0442 \u0437\u0430 \u043f\u0440\u0438\u0432\u0440\u0435\u0434\u0443 \u0438 \u0442\u0443\u0440\u0438\u0437\u0430\u043c","og_description":"Strategija razvoja klastera Program za smart specijalizaciju u istra\u017eivanju i inovacijama Autonomne pokrajine Vojvodine za period 2015 &#8211; 2020. godine Bilten broj 1\/2017:","og_url":"https:\/\/spriv.vojvodina.gov.rs\/rs\/privreda\/","og_site_name":"\u041f\u043e\u043a\u0440\u0430\u0458\u0438\u043d\u0441\u043a\u0438 \u0441\u0435\u043a\u0440\u0435\u0442\u0430\u0440\u0438\u0458\u0430\u0442 \u0437\u0430 \u043f\u0440\u0438\u0432\u0440\u0435\u0434\u0443 \u0438 \u0442\u0443\u0440\u0438\u0437\u0430\u043c","article_published_time":"2015-06-05T20:57:01+00:00","og_image":[{"width":32,"height":32,"url":"https:\/\/spriv.vojvodina.gov.rs\/wp-content\/uploads\/2016\/08\/pdf32.png","type":"image\/png"}],"author":"Super User","twitter_card":"summary_large_image","twitter_misc":{"\u041d\u0430\u043f\u0438\u0441\u0430\u043d\u043e \u043e\u0434":"Super User"},"schema":{"@context":"https:\/\/schema.org","@graph":[{"@type":"Article","@id":"https:\/\/spriv.vojvodina.gov.rs\/rs\/privreda\/#article","isPartOf":{"@id":"https:\/\/spriv.vojvodina.gov.rs\/rs\/privreda\/"},"author":{"name":"Super User","@id":"https:\/\/spriv.vojvodina.gov.rs\/#\/schema\/person\/852ef952bb1b655cb70c8c6615335273"},"headline":"Privreda","datePublished":"2015-06-05T20:57:01+00:00","mainEntityOfPage":{"@id":"https:\/\/spriv.vojvodina.gov.rs\/rs\/privreda\/"},"wordCount":59,"image":{"@id":"https:\/\/spriv.vojvodina.gov.rs\/rs\/privreda\/#primaryimage"},"thumbnailUrl":"https:\/\/spriv.vojvodina.gov.rs\/wp-content\/uploads\/2016\/08\/pdf32.png","articleSection":["Latinica"],"inLanguage":"sr-RS"},{"@type":"WebPage","@id":"https:\/\/spriv.vojvodina.gov.rs\/rs\/privreda\/","url":"https:\/\/spriv.vojvodina.gov.rs\/rs\/privreda\/","name":"Privreda - \u041f\u043e\u043a\u0440\u0430\u0458\u0438\u043d\u0441\u043a\u0438 \u0441\u0435\u043a\u0440\u0435\u0442\u0430\u0440\u0438\u0458\u0430\u0442 \u0437\u0430 \u043f\u0440\u0438\u0432\u0440\u0435\u0434\u0443 \u0438 \u0442\u0443\u0440\u0438\u0437\u0430\u043c","isPartOf":{"@id":"https:\/\/spriv.vojvodina.gov.rs\/#website"},"primaryImageOfPage":{"@id":"https:\/\/spriv.vojvodina.gov.rs\/rs\/privreda\/#primaryimage"},"image":{"@id":"https:\/\/spriv.vojvodina.gov.rs\/rs\/privreda\/#primaryimage"},"thumbnailUrl":"https:\/\/spriv.vojvodina.gov.rs\/wp-content\/uploads\/2016\/08\/pdf32.png","datePublished":"2015-06-05T20:57:01+00:00","author":{"@id":"https:\/\/spriv.vojvodina.gov.rs\/#\/schema\/person\/852ef952bb1b655cb70c8c6615335273"},"breadcrumb":{"@id":"https:\/\/spriv.vojvodina.gov.rs\/rs\/privreda\/#breadcrumb"},"inLanguage":"sr-RS","potentialAction":[{"@type":"ReadAction","target":["https:\/\/spriv.vojvodina.gov.rs\/rs\/privreda\/"]}]},{"@type":"ImageObject","inLanguage":"sr-RS","@id":"https:\/\/spriv.vojvodina.gov.rs\/rs\/privreda\/#primaryimage","url":"https:\/\/spriv.vojvodina.gov.rs\/wp-content\/uploads\/2016\/08\/pdf32.png","contentUrl":"https:\/\/spriv.vojvodina.gov.rs\/wp-content\/uploads\/2016\/08\/pdf32.png","width":32,"height":32},{"@type":"BreadcrumbList","@id":"https:\/\/spriv.vojvodina.gov.rs\/rs\/privreda\/#breadcrumb","itemListElement":[{"@type":"ListItem","position":1,"name":"Home","item":"https:\/\/spriv.vojvodina.gov.rs\/"},{"@type":"ListItem","position":2,"name":"Privreda"}]},{"@type":"WebSite","@id":"https:\/\/spriv.vojvodina.gov.rs\/#website","url":"https:\/\/spriv.vojvodina.gov.rs\/","name":"\u041f\u043e\u043a\u0440\u0430\u0458\u0438\u043d\u0441\u043a\u0438 \u0441\u0435\u043a\u0440\u0435\u0442\u0430\u0440\u0438\u0458\u0430\u0442 \u0437\u0430 \u043f\u0440\u0438\u0432\u0440\u0435\u0434\u0443 \u0438 \u0442\u0443\u0440\u0438\u0437\u0430\u043c","description":"\u041f\u043e\u043a\u0440\u0430\u0458\u0438\u043d\u0441\u043a\u0438 \u0441\u0435\u043a\u0440\u0435\u0442\u0430\u0440\u0438\u0458\u0430\u0442 \u0437\u0430 \u043f\u0440\u0438\u0432\u0440\u0435\u0434\u0443 \u0438 \u0442\u0443\u0440\u0438\u0437\u0430\u043c","potentialAction":[{"@type":"SearchAction","target":{"@type":"EntryPoint","urlTemplate":"https:\/\/spriv.vojvodina.gov.rs\/?s={search_term_string}"},"query-input":{"@type":"PropertyValueSpecification","valueRequired":true,"valueName":"search_term_string"}}],"inLanguage":"sr-RS"},{"@type":"Person","@id":"https:\/\/spriv.vojvodina.gov.rs\/#\/schema\/person\/852ef952bb1b655cb70c8c6615335273","name":"Super User","image":{"@type":"ImageObject","inLanguage":"sr-RS","@id":"https:\/\/secure.gravatar.com\/avatar\/5a62867db7c2f5a84cdac09aef3f31b2ef4fc761b4a9e9b4a4e7c43e9a060960?s=96&d=mm&r=g","url":"https:\/\/secure.gravatar.com\/avatar\/5a62867db7c2f5a84cdac09aef3f31b2ef4fc761b4a9e9b4a4e7c43e9a060960?s=96&d=mm&r=g","contentUrl":"https:\/\/secure.gravatar.com\/avatar\/5a62867db7c2f5a84cdac09aef3f31b2ef4fc761b4a9e9b4a4e7c43e9a060960?s=96&d=mm&r=g","caption":"Super User"},"url":"https:\/\/spriv.vojvodina.gov.rs\/rs\/author\/admin01\/"}]}},"_links":{"self":[{"href":"https:\/\/spriv.vojvodina.gov.rs\/rs\/wp-json\/wp\/v2\/posts\/184","targetHints":{"allow":["GET"]}}],"collection":[{"href":"https:\/\/spriv.vojvodina.gov.rs\/rs\/wp-json\/wp\/v2\/posts"}],"about":[{"href":"https:\/\/spriv.vojvodina.gov.rs\/rs\/wp-json\/wp\/v2\/types\/post"}],"author":[{"embeddable":true,"href":"https:\/\/spriv.vojvodina.gov.rs\/rs\/wp-json\/wp\/v2\/users\/2"}],"replies":[{"embeddable":true,"href":"https:\/\/spriv.vojvodina.gov.rs\/rs\/wp-json\/wp\/v2\/comments?post=184"}],"version-history":[{"count":0,"href":"https:\/\/spriv.vojvodina.gov.rs\/rs\/wp-json\/wp\/v2\/posts\/184\/revisions"}],"wp:featuredmedia":[{"embeddable":true,"href":"https:\/\/spriv.vojvodina.gov.rs\/rs\/wp-json\/wp\/v2\/media\/113"}],"wp:attachment":[{"href":"https:\/\/spriv.vojvodina.gov.rs\/rs\/wp-json\/wp\/v2\/media?parent=184"}],"wp:term":[{"taxonomy":"category","embeddable":true,"href":"https:\/\/spriv.vojvodina.gov.rs\/rs\/wp-json\/wp\/v2\/categories?post=184"},{"taxonomy":"post_tag","embeddable":true,"href":"https:\/\/spriv.vojvodina.gov.rs\/rs\/wp-json\/wp\/v2\/tags?post=184"}],"curies":[{"name":"wp","href":"https:\/\/api.w.org\/{rel}","templated":true}]}}