{"id":1835,"date":"2016-09-16T02:00:14","date_gmt":"2016-09-16T02:00:14","guid":{"rendered":"http:\/\/spriv.vojvodina.gov.rs\/2016\/09\/16\/uspesan-nastup-vojvodanske-privrede-na-medunarodnom-sajmu-zanatstva-i-preduzetnistva-mos-2016-u-celju\/"},"modified":"2016-09-16T02:00:14","modified_gmt":"2016-09-16T02:00:14","slug":"uspesan-nastup-vojvodanske-privrede-na-medunarodnom-sajmu-zanatstva-i-preduzetnistva-mos-2016-u-celju","status":"publish","type":"post","link":"https:\/\/spriv.vojvodina.gov.rs\/rs\/uspesan-nastup-vojvodanske-privrede-na-medunarodnom-sajmu-zanatstva-i-preduzetnistva-mos-2016-u-celju\/","title":{"rendered":"Uspe\u0161an nastup vojvo\u0111anske privrede na Me\u0111unarodnom sajmu zanatstva i preduzetni\u0161tva MOS 2016 u Celju"},"content":{"rendered":"<p style=\"text-align: center;\"><img loading=\"lazy\" decoding=\"async\" class=\" size-full wp-image-1826\" src=\"http:\/\/spriv.vojvodina.gov.rs\/wp-content\/uploads\/2016\/09\/DSC_0228.JPG\" border=\"0\" alt=\"\" width=\"600\" height=\"400\" srcset=\"https:\/\/spriv.vojvodina.gov.rs\/wp-content\/uploads\/2016\/09\/DSC_0228.JPG 600w, https:\/\/spriv.vojvodina.gov.rs\/wp-content\/uploads\/2016\/09\/DSC_0228-300x200.jpg 300w\" sizes=\"auto, (max-width: 600px) 100vw, 600px\" \/><\/p>\n<p style=\"text-align: justify;\">Pokrajinski sekretarijat za privredu i turizam ove godine 11 put nastupa na 49. Me\u0111unarodnom sajmu zanatstva i preduzetni\u0161tva ,,MOS 2016\u201c u Celju, koji se odr\u017eava od 13. do 18. septembra 2016. godine. Na zajedni\u010dkom \u0161tandu predstavljaju se Turisti\u010dka organizacija Vojvodine i 25 privrednih subjekata sa teritorije AP Vojvodine, koji se bave proizvodnom delatno\u0161\u0107u i izvozom.<\/p>\n<p style=\"text-align: center;\"><img loading=\"lazy\" decoding=\"async\" class=\" size-full wp-image-1827\" src=\"http:\/\/spriv.vojvodina.gov.rs\/wp-content\/uploads\/2016\/09\/16092016_celje_9.JPG\" border=\"0\" alt=\"\" width=\"600\" height=\"400\" srcset=\"https:\/\/spriv.vojvodina.gov.rs\/wp-content\/uploads\/2016\/09\/16092016_celje_9.JPG 600w, https:\/\/spriv.vojvodina.gov.rs\/wp-content\/uploads\/2016\/09\/16092016_celje_9-300x200.jpg 300w\" sizes=\"auto, (max-width: 600px) 100vw, 600px\" \/><\/p>\n<p style=\"text-align: justify;\">Potpredsednik Pokrajinske vlade Ivan \u0110okovi\u0107, otvorio je tradicionalnu sve\u010danost u okviru izlo\u017ebenog prostora Sekretarijata \u2013 Dan Vojvodine \u2013 u prisustvu predstavnika Ministarstva privrednog razvoja i tehnologija Republike Slovenije, rukovodstva Celjskog sajma, predstavnika regionalnih privrednih komora Srbije i izlaga\u010da iz sveta privrede, preduzetni\u0161tva i turizma.<\/p>\n<p style=\"text-align: center;\"><img loading=\"lazy\" decoding=\"async\" class=\" size-full wp-image-1828\" src=\"http:\/\/spriv.vojvodina.gov.rs\/wp-content\/uploads\/2016\/09\/16092016_celje_7.JPG\" border=\"0\" alt=\"\" width=\"600\" height=\"400\" srcset=\"https:\/\/spriv.vojvodina.gov.rs\/wp-content\/uploads\/2016\/09\/16092016_celje_7.JPG 600w, https:\/\/spriv.vojvodina.gov.rs\/wp-content\/uploads\/2016\/09\/16092016_celje_7-300x200.jpg 300w\" sizes=\"auto, (max-width: 600px) 100vw, 600px\" \/><\/p>\n<p style=\"text-align: justify;\">\u0110okovi\u0107 je izrazio nadu da \u0107e slovena\u010dka iskustva na\u0107i svoje mesto i biti iskori\u0161\u0107ena u privredi, pogotovo u domenu razvoja turizma, kako ugostiteljskog, tako i ruralnog. ,,Potrebno je iskoristiti privredne potencijale i tokove saradnje, i skrenuti sa one razmene koja je u funkciji velikih industrijskih giganata, na mala, mikro i srednja preduze\u0107a. Verujem da \u0107emo u ovom domenu na\u0107i zajedni\u010dki dijalog, u saradnji sa resornim ministarstvom i Privrednom komorom Slovenije, uz aktivnije uklju\u010divanje i anga\u017eovanost svih \u010dinilaca u narednom periodu, i kroz takav dijalog izna\u0107i konkretne podsticajne mere\u201c. \u0110okovi\u0107 je izrazio nadu da postoji volja banaka i velikih trgovinskih lanaca da se kroz njihove sisteme oja\u010daju proizvodni ciklusi i time pru\u017ei pomo\u0107 preduzetnicima.<\/p>\n<p>Dana\u0161nja sve\u010danost je obele\u017eena i zna\u010dajnim \u010dinom potpisivanja ugovora u vrednosti od 876.000 evra, izme\u0111u kompanije ,,ArborSpalet\u201c iz Ba\u010dke Palanke koja se bavi proizvodnjom drvene ambala\u017ee i kompanije za trgovinu na veliko i posredovanje ,,Arbon\u201c iz Celja.<\/p>\n<p style=\"text-align: center;\"><img loading=\"lazy\" decoding=\"async\" class=\" size-full wp-image-1829\" src=\"http:\/\/spriv.vojvodina.gov.rs\/wp-content\/uploads\/2016\/09\/16092016_celje_3.JPG\" border=\"0\" alt=\"\" width=\"600\" height=\"400\" srcset=\"https:\/\/spriv.vojvodina.gov.rs\/wp-content\/uploads\/2016\/09\/16092016_celje_3.JPG 600w, https:\/\/spriv.vojvodina.gov.rs\/wp-content\/uploads\/2016\/09\/16092016_celje_3-300x200.jpg 300w\" sizes=\"auto, (max-width: 600px) 100vw, 600px\" \/><\/p>\n<p style=\"text-align: justify;\">Potpredsednik \u0110okovi\u0107 je u toku dana razgovarao o unapre\u0111enju i produbljivanju privredne saradnje sa direktorom Celjskog sajma, Robertom Otorepecom, i ministrom privrednog razvoja i tehnologija, Zdravkom Po\u010dival\u0161ekom, a uzeo je u\u010de\u0161\u0107e i na tradicionalnom poslovnom susretu predstavnika regionalnih privrednih komora iz regiona.<\/p>\n<p>Me\u0111unarodni sajam zanatstva i preduzetni\u0161tva u Celju ove godine okuplja privrednike, investitore i posetioce iz \u010dak 35 zemalja sveta, \u010dija se iskustva i primeri dobre prakse prenose i primenjuju kroz brojne poslovne susrete, prezentacije i tribine, namenjene gostima i izlaga\u010dima.<\/p>\n<p style=\"text-align: center;\"><img loading=\"lazy\" decoding=\"async\" class=\" size-full wp-image-1830\" src=\"http:\/\/spriv.vojvodina.gov.rs\/wp-content\/uploads\/2016\/09\/16092016_celje_10.JPG\" border=\"0\" alt=\"\" width=\"600\" height=\"400\" srcset=\"https:\/\/spriv.vojvodina.gov.rs\/wp-content\/uploads\/2016\/09\/16092016_celje_10.JPG 600w, https:\/\/spriv.vojvodina.gov.rs\/wp-content\/uploads\/2016\/09\/16092016_celje_10-300x200.jpg 300w\" sizes=\"auto, (max-width: 600px) 100vw, 600px\" \/><\/p>\n<p style=\"text-align: center;\"><em>potpredsednik Ivan \u0110okovi\u0107 (desno), ministar Zdravko Po\u010dival\u0161ek i<\/em><br \/><em>pomo\u0107nik pokrajinskog sekretara Sergej Tama\u0161<\/em><\/p>\n<p style=\"text-align: center;\"><img loading=\"lazy\" decoding=\"async\" class=\" size-full wp-image-1831\" src=\"http:\/\/spriv.vojvodina.gov.rs\/wp-content\/uploads\/2016\/09\/16092016_celje_11.JPG\" border=\"0\" alt=\"\" width=\"600\" height=\"400\" srcset=\"https:\/\/spriv.vojvodina.gov.rs\/wp-content\/uploads\/2016\/09\/16092016_celje_11.JPG 600w, https:\/\/spriv.vojvodina.gov.rs\/wp-content\/uploads\/2016\/09\/16092016_celje_11-300x200.jpg 300w\" sizes=\"auto, (max-width: 600px) 100vw, 600px\" \/><\/p>\n<p style=\"text-align: center;\"><em>predstavljanje Projekta ,,Bogatstvo razli\u010ditosti&#8220;<\/em><\/p>\n<p style=\"text-align: center;\"><img loading=\"lazy\" decoding=\"async\" class=\" size-full wp-image-1832\" src=\"http:\/\/spriv.vojvodina.gov.rs\/wp-content\/uploads\/2016\/09\/16092016_celje_14.JPG\" border=\"0\" alt=\"\" width=\"600\" height=\"400\" srcset=\"https:\/\/spriv.vojvodina.gov.rs\/wp-content\/uploads\/2016\/09\/16092016_celje_14.JPG 600w, https:\/\/spriv.vojvodina.gov.rs\/wp-content\/uploads\/2016\/09\/16092016_celje_14-300x200.jpg 300w\" sizes=\"auto, (max-width: 600px) 100vw, 600px\" \/><\/p>\n<p style=\"text-align: center;\"><img loading=\"lazy\" decoding=\"async\" class=\" size-full wp-image-1833\" src=\"http:\/\/spriv.vojvodina.gov.rs\/wp-content\/uploads\/2016\/09\/16092016_celje_12.JPG\" border=\"0\" alt=\"\" width=\"600\" height=\"400\" srcset=\"https:\/\/spriv.vojvodina.gov.rs\/wp-content\/uploads\/2016\/09\/16092016_celje_12.JPG 600w, https:\/\/spriv.vojvodina.gov.rs\/wp-content\/uploads\/2016\/09\/16092016_celje_12-300x200.jpg 300w\" sizes=\"auto, (max-width: 600px) 100vw, 600px\" \/><\/p>\n<p style=\"text-align: center;\"><em>u\u010de\u0161\u0107e na skupu regionalnih privrednih komora u hali Celjanka<\/em><\/p>\n","protected":false},"excerpt":{"rendered":"Celje, 16. septembar 2016. &#8211; Pokrajinski sekretarijat za privredu i turizam ove godine 11 put nastupa na 49. Me\u0111unarodnom sajmu zanatstva i preduzetni\u0161tva ,,MOS 2016\u201c u Celju, koji se odr\u017eava od 13. do 18. septembra 2016. godine. Na zajedni\u010dkom \u0161tandu predstavljaju se Turisti\u010dka organizacija Vojvodine i 25 privrednih subjekata sa teritorije AP Vojvodine, koji se bave proizvodnom delatno\u0161\u0107u i izvozom.\n<a class=\"moretag\" href=\"https:\/\/spriv.vojvodina.gov.rs\/rs\/uspesan-nastup-vojvodanske-privrede-na-medunarodnom-sajmu-zanatstva-i-preduzetnistva-mos-2016-u-celju\/\"> [...]<\/a>","protected":false},"author":3,"featured_media":1825,"comment_status":"closed","ping_status":"closed","sticky":false,"template":"","format":"standard","meta":{"footnotes":""},"categories":[31],"tags":[],"class_list":["post-1835","post","type-post","status-publish","format-standard","has-post-thumbnail","hentry","category-vesti-latinica1"],"yoast_head":"<!-- This site is optimized with the Yoast SEO plugin v27.5 - https:\/\/yoast.com\/product\/yoast-seo-wordpress\/ -->\n<title>Uspe\u0161an nastup vojvo\u0111anske privrede na Me\u0111unarodnom sajmu zanatstva i preduzetni\u0161tva MOS 2016 u Celju - \u041f\u043e\u043a\u0440\u0430\u0458\u0438\u043d\u0441\u043a\u0438 \u0441\u0435\u043a\u0440\u0435\u0442\u0430\u0440\u0438\u0458\u0430\u0442 \u0437\u0430 \u043f\u0440\u0438\u0432\u0440\u0435\u0434\u0443 \u0438 \u0442\u0443\u0440\u0438\u0437\u0430\u043c<\/title>\n<meta name=\"robots\" content=\"index, follow, max-snippet:-1, max-image-preview:large, max-video-preview:-1\" \/>\n<link rel=\"canonical\" href=\"https:\/\/spriv.vojvodina.gov.rs\/rs\/uspesan-nastup-vojvodanske-privrede-na-medunarodnom-sajmu-zanatstva-i-preduzetnistva-mos-2016-u-celju\/\" \/>\n<meta property=\"og:locale\" content=\"sr_RS\" \/>\n<meta property=\"og:type\" content=\"article\" \/>\n<meta property=\"og:title\" content=\"Uspe\u0161an nastup vojvo\u0111anske privrede na Me\u0111unarodnom sajmu zanatstva i preduzetni\u0161tva MOS 2016 u Celju - \u041f\u043e\u043a\u0440\u0430\u0458\u0438\u043d\u0441\u043a\u0438 \u0441\u0435\u043a\u0440\u0435\u0442\u0430\u0440\u0438\u0458\u0430\u0442 \u0437\u0430 \u043f\u0440\u0438\u0432\u0440\u0435\u0434\u0443 \u0438 \u0442\u0443\u0440\u0438\u0437\u0430\u043c\" \/>\n<meta property=\"og:description\" content=\"Celje, 16. septembar 2016. - Pokrajinski sekretarijat za privredu i turizam ove godine 11 put nastupa na 49. Me\u0111unarodnom sajmu zanatstva i preduzetni\u0161tva ,,MOS 2016\u201c u Celju, koji se odr\u017eava od 13. do 18. septembra 2016. godine. Na zajedni\u010dkom \u0161tandu predstavljaju se Turisti\u010dka organizacija Vojvodine i 25 privrednih subjekata sa teritorije AP Vojvodine, koji se bave proizvodnom delatno\u0161\u0107u i izvozom.\" \/>\n<meta property=\"og:url\" content=\"https:\/\/spriv.vojvodina.gov.rs\/uspesan-nastup-vojvodanske-privrede-na-medunarodnom-sajmu-zanatstva-i-preduzetnistva-mos-2016-u-celju\/\" \/>\n<meta property=\"og:site_name\" content=\"\u041f\u043e\u043a\u0440\u0430\u0458\u0438\u043d\u0441\u043a\u0438 \u0441\u0435\u043a\u0440\u0435\u0442\u0430\u0440\u0438\u0458\u0430\u0442 \u0437\u0430 \u043f\u0440\u0438\u0432\u0440\u0435\u0434\u0443 \u0438 \u0442\u0443\u0440\u0438\u0437\u0430\u043c\" \/>\n<meta property=\"article:published_time\" content=\"2016-09-16T02:00:14+00:00\" \/>\n<meta property=\"og:image\" content=\"https:\/\/spriv.vojvodina.gov.rs\/wp-content\/uploads\/2016\/09\/16092016_celje_mala.JPG\" \/>\n\t<meta property=\"og:image:width\" content=\"150\" \/>\n\t<meta property=\"og:image:height\" content=\"100\" \/>\n\t<meta property=\"og:image:type\" content=\"image\/jpeg\" \/>\n<meta name=\"author\" content=\"Sonja Babi\u0107\" \/>\n<meta name=\"twitter:card\" content=\"summary_large_image\" \/>\n<meta name=\"twitter:label1\" content=\"\u041d\u0430\u043f\u0438\u0441\u0430\u043d\u043e \u043e\u0434\" \/>\n\t<meta name=\"twitter:data1\" content=\"Sonja Babi\u0107\" \/>\n\t<meta name=\"twitter:label2\" content=\"\u041f\u0440\u043e\u0446\u0435\u045a\u0435\u043d\u043e \u0432\u0440\u0435\u043c\u0435 \u0447\u0438\u0442\u0430\u045a\u0430\" \/>\n\t<meta name=\"twitter:data2\" content=\"2 \u043c\u0438\u043d\u0443\u0442\u0430\" \/>\n<script type=\"application\/ld+json\" class=\"yoast-schema-graph\">{\"@context\":\"https:\\\/\\\/schema.org\",\"@graph\":[{\"@type\":\"Article\",\"@id\":\"https:\\\/\\\/spriv.vojvodina.gov.rs\\\/uspesan-nastup-vojvodanske-privrede-na-medunarodnom-sajmu-zanatstva-i-preduzetnistva-mos-2016-u-celju\\\/#article\",\"isPartOf\":{\"@id\":\"https:\\\/\\\/spriv.vojvodina.gov.rs\\\/uspesan-nastup-vojvodanske-privrede-na-medunarodnom-sajmu-zanatstva-i-preduzetnistva-mos-2016-u-celju\\\/\"},\"author\":{\"name\":\"Sonja Babi\u0107\",\"@id\":\"https:\\\/\\\/spriv.vojvodina.gov.rs\\\/#\\\/schema\\\/person\\\/749ef4f57fbb458f1c759e7a4fa78485\"},\"headline\":\"Uspe\u0161an nastup vojvo\u0111anske privrede na Me\u0111unarodnom sajmu zanatstva i preduzetni\u0161tva MOS 2016 u Celju\",\"datePublished\":\"2016-09-16T02:00:14+00:00\",\"mainEntityOfPage\":{\"@id\":\"https:\\\/\\\/spriv.vojvodina.gov.rs\\\/uspesan-nastup-vojvodanske-privrede-na-medunarodnom-sajmu-zanatstva-i-preduzetnistva-mos-2016-u-celju\\\/\"},\"wordCount\":405,\"image\":{\"@id\":\"https:\\\/\\\/spriv.vojvodina.gov.rs\\\/uspesan-nastup-vojvodanske-privrede-na-medunarodnom-sajmu-zanatstva-i-preduzetnistva-mos-2016-u-celju\\\/#primaryimage\"},\"thumbnailUrl\":\"https:\\\/\\\/spriv.vojvodina.gov.rs\\\/wp-content\\\/uploads\\\/2016\\\/09\\\/16092016_celje_mala.JPG\",\"articleSection\":[\"Vesti Latinica\"],\"inLanguage\":\"sr-RS\"},{\"@type\":\"WebPage\",\"@id\":\"https:\\\/\\\/spriv.vojvodina.gov.rs\\\/uspesan-nastup-vojvodanske-privrede-na-medunarodnom-sajmu-zanatstva-i-preduzetnistva-mos-2016-u-celju\\\/\",\"url\":\"https:\\\/\\\/spriv.vojvodina.gov.rs\\\/uspesan-nastup-vojvodanske-privrede-na-medunarodnom-sajmu-zanatstva-i-preduzetnistva-mos-2016-u-celju\\\/\",\"name\":\"Uspe\u0161an nastup vojvo\u0111anske privrede na Me\u0111unarodnom sajmu zanatstva i preduzetni\u0161tva MOS 2016 u Celju - \u041f\u043e\u043a\u0440\u0430\u0458\u0438\u043d\u0441\u043a\u0438 \u0441\u0435\u043a\u0440\u0435\u0442\u0430\u0440\u0438\u0458\u0430\u0442 \u0437\u0430 \u043f\u0440\u0438\u0432\u0440\u0435\u0434\u0443 \u0438 \u0442\u0443\u0440\u0438\u0437\u0430\u043c\",\"isPartOf\":{\"@id\":\"https:\\\/\\\/spriv.vojvodina.gov.rs\\\/#website\"},\"primaryImageOfPage\":{\"@id\":\"https:\\\/\\\/spriv.vojvodina.gov.rs\\\/uspesan-nastup-vojvodanske-privrede-na-medunarodnom-sajmu-zanatstva-i-preduzetnistva-mos-2016-u-celju\\\/#primaryimage\"},\"image\":{\"@id\":\"https:\\\/\\\/spriv.vojvodina.gov.rs\\\/uspesan-nastup-vojvodanske-privrede-na-medunarodnom-sajmu-zanatstva-i-preduzetnistva-mos-2016-u-celju\\\/#primaryimage\"},\"thumbnailUrl\":\"https:\\\/\\\/spriv.vojvodina.gov.rs\\\/wp-content\\\/uploads\\\/2016\\\/09\\\/16092016_celje_mala.JPG\",\"datePublished\":\"2016-09-16T02:00:14+00:00\",\"author\":{\"@id\":\"https:\\\/\\\/spriv.vojvodina.gov.rs\\\/#\\\/schema\\\/person\\\/749ef4f57fbb458f1c759e7a4fa78485\"},\"breadcrumb\":{\"@id\":\"https:\\\/\\\/spriv.vojvodina.gov.rs\\\/uspesan-nastup-vojvodanske-privrede-na-medunarodnom-sajmu-zanatstva-i-preduzetnistva-mos-2016-u-celju\\\/#breadcrumb\"},\"inLanguage\":\"sr-RS\",\"potentialAction\":[{\"@type\":\"ReadAction\",\"target\":[\"https:\\\/\\\/spriv.vojvodina.gov.rs\\\/uspesan-nastup-vojvodanske-privrede-na-medunarodnom-sajmu-zanatstva-i-preduzetnistva-mos-2016-u-celju\\\/\"]}]},{\"@type\":\"ImageObject\",\"inLanguage\":\"sr-RS\",\"@id\":\"https:\\\/\\\/spriv.vojvodina.gov.rs\\\/uspesan-nastup-vojvodanske-privrede-na-medunarodnom-sajmu-zanatstva-i-preduzetnistva-mos-2016-u-celju\\\/#primaryimage\",\"url\":\"https:\\\/\\\/spriv.vojvodina.gov.rs\\\/wp-content\\\/uploads\\\/2016\\\/09\\\/16092016_celje_mala.JPG\",\"contentUrl\":\"https:\\\/\\\/spriv.vojvodina.gov.rs\\\/wp-content\\\/uploads\\\/2016\\\/09\\\/16092016_celje_mala.JPG\",\"width\":150,\"height\":100},{\"@type\":\"BreadcrumbList\",\"@id\":\"https:\\\/\\\/spriv.vojvodina.gov.rs\\\/uspesan-nastup-vojvodanske-privrede-na-medunarodnom-sajmu-zanatstva-i-preduzetnistva-mos-2016-u-celju\\\/#breadcrumb\",\"itemListElement\":[{\"@type\":\"ListItem\",\"position\":1,\"name\":\"Home\",\"item\":\"https:\\\/\\\/spriv.vojvodina.gov.rs\\\/\"},{\"@type\":\"ListItem\",\"position\":2,\"name\":\"Uspe\u0161an nastup vojvo\u0111anske privrede na Me\u0111unarodnom sajmu zanatstva i preduzetni\u0161tva MOS 2016 u Celju\"}]},{\"@type\":\"WebSite\",\"@id\":\"https:\\\/\\\/spriv.vojvodina.gov.rs\\\/#website\",\"url\":\"https:\\\/\\\/spriv.vojvodina.gov.rs\\\/\",\"name\":\"\u041f\u043e\u043a\u0440\u0430\u0458\u0438\u043d\u0441\u043a\u0438 \u0441\u0435\u043a\u0440\u0435\u0442\u0430\u0440\u0438\u0458\u0430\u0442 \u0437\u0430 \u043f\u0440\u0438\u0432\u0440\u0435\u0434\u0443 \u0438 \u0442\u0443\u0440\u0438\u0437\u0430\u043c\",\"description\":\"\u041f\u043e\u043a\u0440\u0430\u0458\u0438\u043d\u0441\u043a\u0438 \u0441\u0435\u043a\u0440\u0435\u0442\u0430\u0440\u0438\u0458\u0430\u0442 \u0437\u0430 \u043f\u0440\u0438\u0432\u0440\u0435\u0434\u0443 \u0438 \u0442\u0443\u0440\u0438\u0437\u0430\u043c\",\"potentialAction\":[{\"@type\":\"SearchAction\",\"target\":{\"@type\":\"EntryPoint\",\"urlTemplate\":\"https:\\\/\\\/spriv.vojvodina.gov.rs\\\/?s={search_term_string}\"},\"query-input\":{\"@type\":\"PropertyValueSpecification\",\"valueRequired\":true,\"valueName\":\"search_term_string\"}}],\"inLanguage\":\"sr-RS\"},{\"@type\":\"Person\",\"@id\":\"https:\\\/\\\/spriv.vojvodina.gov.rs\\\/#\\\/schema\\\/person\\\/749ef4f57fbb458f1c759e7a4fa78485\",\"name\":\"Sonja Babi\u0107\",\"image\":{\"@type\":\"ImageObject\",\"inLanguage\":\"sr-RS\",\"@id\":\"https:\\\/\\\/secure.gravatar.com\\\/avatar\\\/00a1d182a20a59067af1e7b1c31cbcc3be1a456ee4b27746580e120c2582e5bd?s=96&d=mm&r=g\",\"url\":\"https:\\\/\\\/secure.gravatar.com\\\/avatar\\\/00a1d182a20a59067af1e7b1c31cbcc3be1a456ee4b27746580e120c2582e5bd?s=96&d=mm&r=g\",\"contentUrl\":\"https:\\\/\\\/secure.gravatar.com\\\/avatar\\\/00a1d182a20a59067af1e7b1c31cbcc3be1a456ee4b27746580e120c2582e5bd?s=96&d=mm&r=g\",\"caption\":\"Sonja Babi\u0107\"},\"url\":\"https:\\\/\\\/spriv.vojvodina.gov.rs\\\/rs\\\/author\\\/sonja-babic\\\/\"}]}<\/script>\n<!-- \/ Yoast SEO plugin. -->","yoast_head_json":{"title":"Uspe\u0161an nastup vojvo\u0111anske privrede na Me\u0111unarodnom sajmu zanatstva i preduzetni\u0161tva MOS 2016 u Celju - \u041f\u043e\u043a\u0440\u0430\u0458\u0438\u043d\u0441\u043a\u0438 \u0441\u0435\u043a\u0440\u0435\u0442\u0430\u0440\u0438\u0458\u0430\u0442 \u0437\u0430 \u043f\u0440\u0438\u0432\u0440\u0435\u0434\u0443 \u0438 \u0442\u0443\u0440\u0438\u0437\u0430\u043c","robots":{"index":"index","follow":"follow","max-snippet":"max-snippet:-1","max-image-preview":"max-image-preview:large","max-video-preview":"max-video-preview:-1"},"canonical":"https:\/\/spriv.vojvodina.gov.rs\/rs\/uspesan-nastup-vojvodanske-privrede-na-medunarodnom-sajmu-zanatstva-i-preduzetnistva-mos-2016-u-celju\/","og_locale":"sr_RS","og_type":"article","og_title":"Uspe\u0161an nastup vojvo\u0111anske privrede na Me\u0111unarodnom sajmu zanatstva i preduzetni\u0161tva MOS 2016 u Celju - \u041f\u043e\u043a\u0440\u0430\u0458\u0438\u043d\u0441\u043a\u0438 \u0441\u0435\u043a\u0440\u0435\u0442\u0430\u0440\u0438\u0458\u0430\u0442 \u0437\u0430 \u043f\u0440\u0438\u0432\u0440\u0435\u0434\u0443 \u0438 \u0442\u0443\u0440\u0438\u0437\u0430\u043c","og_description":"Celje, 16. septembar 2016. - Pokrajinski sekretarijat za privredu i turizam ove godine 11 put nastupa na 49. Me\u0111unarodnom sajmu zanatstva i preduzetni\u0161tva ,,MOS 2016\u201c u Celju, koji se odr\u017eava od 13. do 18. septembra 2016. godine. Na zajedni\u010dkom \u0161tandu predstavljaju se Turisti\u010dka organizacija Vojvodine i 25 privrednih subjekata sa teritorije AP Vojvodine, koji se bave proizvodnom delatno\u0161\u0107u i izvozom.","og_url":"https:\/\/spriv.vojvodina.gov.rs\/uspesan-nastup-vojvodanske-privrede-na-medunarodnom-sajmu-zanatstva-i-preduzetnistva-mos-2016-u-celju\/","og_site_name":"\u041f\u043e\u043a\u0440\u0430\u0458\u0438\u043d\u0441\u043a\u0438 \u0441\u0435\u043a\u0440\u0435\u0442\u0430\u0440\u0438\u0458\u0430\u0442 \u0437\u0430 \u043f\u0440\u0438\u0432\u0440\u0435\u0434\u0443 \u0438 \u0442\u0443\u0440\u0438\u0437\u0430\u043c","article_published_time":"2016-09-16T02:00:14+00:00","og_image":[{"width":150,"height":100,"url":"https:\/\/spriv.vojvodina.gov.rs\/wp-content\/uploads\/2016\/09\/16092016_celje_mala.JPG","type":"image\/jpeg"}],"author":"Sonja Babi\u0107","twitter_card":"summary_large_image","twitter_misc":{"\u041d\u0430\u043f\u0438\u0441\u0430\u043d\u043e \u043e\u0434":"Sonja Babi\u0107","\u041f\u0440\u043e\u0446\u0435\u045a\u0435\u043d\u043e \u0432\u0440\u0435\u043c\u0435 \u0447\u0438\u0442\u0430\u045a\u0430":"2 \u043c\u0438\u043d\u0443\u0442\u0430"},"schema":{"@context":"https:\/\/schema.org","@graph":[{"@type":"Article","@id":"https:\/\/spriv.vojvodina.gov.rs\/uspesan-nastup-vojvodanske-privrede-na-medunarodnom-sajmu-zanatstva-i-preduzetnistva-mos-2016-u-celju\/#article","isPartOf":{"@id":"https:\/\/spriv.vojvodina.gov.rs\/uspesan-nastup-vojvodanske-privrede-na-medunarodnom-sajmu-zanatstva-i-preduzetnistva-mos-2016-u-celju\/"},"author":{"name":"Sonja Babi\u0107","@id":"https:\/\/spriv.vojvodina.gov.rs\/#\/schema\/person\/749ef4f57fbb458f1c759e7a4fa78485"},"headline":"Uspe\u0161an nastup vojvo\u0111anske privrede na Me\u0111unarodnom sajmu zanatstva i preduzetni\u0161tva MOS 2016 u Celju","datePublished":"2016-09-16T02:00:14+00:00","mainEntityOfPage":{"@id":"https:\/\/spriv.vojvodina.gov.rs\/uspesan-nastup-vojvodanske-privrede-na-medunarodnom-sajmu-zanatstva-i-preduzetnistva-mos-2016-u-celju\/"},"wordCount":405,"image":{"@id":"https:\/\/spriv.vojvodina.gov.rs\/uspesan-nastup-vojvodanske-privrede-na-medunarodnom-sajmu-zanatstva-i-preduzetnistva-mos-2016-u-celju\/#primaryimage"},"thumbnailUrl":"https:\/\/spriv.vojvodina.gov.rs\/wp-content\/uploads\/2016\/09\/16092016_celje_mala.JPG","articleSection":["Vesti Latinica"],"inLanguage":"sr-RS"},{"@type":"WebPage","@id":"https:\/\/spriv.vojvodina.gov.rs\/uspesan-nastup-vojvodanske-privrede-na-medunarodnom-sajmu-zanatstva-i-preduzetnistva-mos-2016-u-celju\/","url":"https:\/\/spriv.vojvodina.gov.rs\/uspesan-nastup-vojvodanske-privrede-na-medunarodnom-sajmu-zanatstva-i-preduzetnistva-mos-2016-u-celju\/","name":"Uspe\u0161an nastup vojvo\u0111anske privrede na Me\u0111unarodnom sajmu zanatstva i preduzetni\u0161tva MOS 2016 u Celju - \u041f\u043e\u043a\u0440\u0430\u0458\u0438\u043d\u0441\u043a\u0438 \u0441\u0435\u043a\u0440\u0435\u0442\u0430\u0440\u0438\u0458\u0430\u0442 \u0437\u0430 \u043f\u0440\u0438\u0432\u0440\u0435\u0434\u0443 \u0438 \u0442\u0443\u0440\u0438\u0437\u0430\u043c","isPartOf":{"@id":"https:\/\/spriv.vojvodina.gov.rs\/#website"},"primaryImageOfPage":{"@id":"https:\/\/spriv.vojvodina.gov.rs\/uspesan-nastup-vojvodanske-privrede-na-medunarodnom-sajmu-zanatstva-i-preduzetnistva-mos-2016-u-celju\/#primaryimage"},"image":{"@id":"https:\/\/spriv.vojvodina.gov.rs\/uspesan-nastup-vojvodanske-privrede-na-medunarodnom-sajmu-zanatstva-i-preduzetnistva-mos-2016-u-celju\/#primaryimage"},"thumbnailUrl":"https:\/\/spriv.vojvodina.gov.rs\/wp-content\/uploads\/2016\/09\/16092016_celje_mala.JPG","datePublished":"2016-09-16T02:00:14+00:00","author":{"@id":"https:\/\/spriv.vojvodina.gov.rs\/#\/schema\/person\/749ef4f57fbb458f1c759e7a4fa78485"},"breadcrumb":{"@id":"https:\/\/spriv.vojvodina.gov.rs\/uspesan-nastup-vojvodanske-privrede-na-medunarodnom-sajmu-zanatstva-i-preduzetnistva-mos-2016-u-celju\/#breadcrumb"},"inLanguage":"sr-RS","potentialAction":[{"@type":"ReadAction","target":["https:\/\/spriv.vojvodina.gov.rs\/uspesan-nastup-vojvodanske-privrede-na-medunarodnom-sajmu-zanatstva-i-preduzetnistva-mos-2016-u-celju\/"]}]},{"@type":"ImageObject","inLanguage":"sr-RS","@id":"https:\/\/spriv.vojvodina.gov.rs\/uspesan-nastup-vojvodanske-privrede-na-medunarodnom-sajmu-zanatstva-i-preduzetnistva-mos-2016-u-celju\/#primaryimage","url":"https:\/\/spriv.vojvodina.gov.rs\/wp-content\/uploads\/2016\/09\/16092016_celje_mala.JPG","contentUrl":"https:\/\/spriv.vojvodina.gov.rs\/wp-content\/uploads\/2016\/09\/16092016_celje_mala.JPG","width":150,"height":100},{"@type":"BreadcrumbList","@id":"https:\/\/spriv.vojvodina.gov.rs\/uspesan-nastup-vojvodanske-privrede-na-medunarodnom-sajmu-zanatstva-i-preduzetnistva-mos-2016-u-celju\/#breadcrumb","itemListElement":[{"@type":"ListItem","position":1,"name":"Home","item":"https:\/\/spriv.vojvodina.gov.rs\/"},{"@type":"ListItem","position":2,"name":"Uspe\u0161an nastup vojvo\u0111anske privrede na Me\u0111unarodnom sajmu zanatstva i preduzetni\u0161tva MOS 2016 u Celju"}]},{"@type":"WebSite","@id":"https:\/\/spriv.vojvodina.gov.rs\/#website","url":"https:\/\/spriv.vojvodina.gov.rs\/","name":"\u041f\u043e\u043a\u0440\u0430\u0458\u0438\u043d\u0441\u043a\u0438 \u0441\u0435\u043a\u0440\u0435\u0442\u0430\u0440\u0438\u0458\u0430\u0442 \u0437\u0430 \u043f\u0440\u0438\u0432\u0440\u0435\u0434\u0443 \u0438 \u0442\u0443\u0440\u0438\u0437\u0430\u043c","description":"\u041f\u043e\u043a\u0440\u0430\u0458\u0438\u043d\u0441\u043a\u0438 \u0441\u0435\u043a\u0440\u0435\u0442\u0430\u0440\u0438\u0458\u0430\u0442 \u0437\u0430 \u043f\u0440\u0438\u0432\u0440\u0435\u0434\u0443 \u0438 \u0442\u0443\u0440\u0438\u0437\u0430\u043c","potentialAction":[{"@type":"SearchAction","target":{"@type":"EntryPoint","urlTemplate":"https:\/\/spriv.vojvodina.gov.rs\/?s={search_term_string}"},"query-input":{"@type":"PropertyValueSpecification","valueRequired":true,"valueName":"search_term_string"}}],"inLanguage":"sr-RS"},{"@type":"Person","@id":"https:\/\/spriv.vojvodina.gov.rs\/#\/schema\/person\/749ef4f57fbb458f1c759e7a4fa78485","name":"Sonja Babi\u0107","image":{"@type":"ImageObject","inLanguage":"sr-RS","@id":"https:\/\/secure.gravatar.com\/avatar\/00a1d182a20a59067af1e7b1c31cbcc3be1a456ee4b27746580e120c2582e5bd?s=96&d=mm&r=g","url":"https:\/\/secure.gravatar.com\/avatar\/00a1d182a20a59067af1e7b1c31cbcc3be1a456ee4b27746580e120c2582e5bd?s=96&d=mm&r=g","contentUrl":"https:\/\/secure.gravatar.com\/avatar\/00a1d182a20a59067af1e7b1c31cbcc3be1a456ee4b27746580e120c2582e5bd?s=96&d=mm&r=g","caption":"Sonja Babi\u0107"},"url":"https:\/\/spriv.vojvodina.gov.rs\/rs\/author\/sonja-babic\/"}]}},"_links":{"self":[{"href":"https:\/\/spriv.vojvodina.gov.rs\/rs\/wp-json\/wp\/v2\/posts\/1835","targetHints":{"allow":["GET"]}}],"collection":[{"href":"https:\/\/spriv.vojvodina.gov.rs\/rs\/wp-json\/wp\/v2\/posts"}],"about":[{"href":"https:\/\/spriv.vojvodina.gov.rs\/rs\/wp-json\/wp\/v2\/types\/post"}],"author":[{"embeddable":true,"href":"https:\/\/spriv.vojvodina.gov.rs\/rs\/wp-json\/wp\/v2\/users\/3"}],"replies":[{"embeddable":true,"href":"https:\/\/spriv.vojvodina.gov.rs\/rs\/wp-json\/wp\/v2\/comments?post=1835"}],"version-history":[{"count":0,"href":"https:\/\/spriv.vojvodina.gov.rs\/rs\/wp-json\/wp\/v2\/posts\/1835\/revisions"}],"wp:featuredmedia":[{"embeddable":true,"href":"https:\/\/spriv.vojvodina.gov.rs\/rs\/wp-json\/wp\/v2\/media\/1825"}],"wp:attachment":[{"href":"https:\/\/spriv.vojvodina.gov.rs\/rs\/wp-json\/wp\/v2\/media?parent=1835"}],"wp:term":[{"taxonomy":"category","embeddable":true,"href":"https:\/\/spriv.vojvodina.gov.rs\/rs\/wp-json\/wp\/v2\/categories?post=1835"},{"taxonomy":"post_tag","embeddable":true,"href":"https:\/\/spriv.vojvodina.gov.rs\/rs\/wp-json\/wp\/v2\/tags?post=1835"}],"curies":[{"name":"wp","href":"https:\/\/api.w.org\/{rel}","templated":true}]}}