{"id":183,"date":"2015-06-05T20:56:33","date_gmt":"2015-06-05T20:56:33","guid":{"rendered":"http:\/\/spriv.vojvodina.gov.rs\/2015\/06\/05\/opsti\/"},"modified":"2015-06-05T20:56:33","modified_gmt":"2015-06-05T20:56:33","slug":"opsti","status":"publish","type":"post","link":"https:\/\/spriv.vojvodina.gov.rs\/rs\/opsti\/","title":{"rendered":"Op\u0161ti"},"content":{"rendered":"<h2 style=\"text-align: justify;\"><a href=\"http:\/\/spriv.vojvodina.gov.rs\/wp-content\/uploads\/2015\/06\/IZMENA-PRAVILNIKA-sistematizacija-septembar-2021.pdf\" target=\"_blank\" rel=\"noopener\"><span lang=\"SR-CYRL-RS\">Pravilnik o izmenama Pravilnika o unutra\u0161njoj organizaciji i sistematizaciji radnih mesta (septembar 2021.) <img loading=\"lazy\" decoding=\"async\" class=\" alignright size-full wp-image-113\" src=\"http:\/\/spriv.vojvodina.gov.rs\/wp-content\/uploads\/2016\/08\/pdf32.png\" border=\"0\" alt=\"\" width=\"18\" height=\"18\" align=\"right\" \/><\/span><\/a><\/h2>\n<h2 style=\"text-align: justify;\"><a href=\"http:\/\/spriv.vojvodina.gov.rs\/wp-content\/uploads\/2015\/06\/Saglasnost-Pokrajinske-vlade-na-izmenu-Pravilnika-sistematizacija-septembar-2021.pdf\" target=\"_blank\" rel=\"noopener\"><span lang=\"SR-CYRL-RS\">Saglasnost Pokrajinske vlade na Pravilnik o unutra\u0161njoj organizaciji i sistematizaciji radnih mesta <img loading=\"lazy\" decoding=\"async\" class=\" alignright size-full wp-image-113\" src=\"http:\/\/spriv.vojvodina.gov.rs\/wp-content\/uploads\/2016\/08\/pdf32.png\" border=\"0\" alt=\"\" width=\"18\" height=\"18\" align=\"right\" \/><\/span><\/a><\/h2>\n<h2><a href=\"http:\/\/spriv.vojvodina.gov.rs\/wp-content\/uploads\/2015\/06\/Podaci-o-broju-zaposlenih-u-PS-za-privredu-i-turizam-08-07-2021.pdf\" target=\"_blank\" rel=\"noopener\"><span style=\"color: #0000cc; text-decoration-line: underline;\">Podaci o broju zaposlenih i radno anga\u017eovanih lica<img loading=\"lazy\" decoding=\"async\" class=\" alignright size-full wp-image-113\" src=\"http:\/\/spriv.vojvodina.gov.rs\/wp-content\/uploads\/2016\/08\/pdf32.png\" border=\"0\" alt=\"\" width=\"17\" height=\"17\" align=\"right\" \/><\/span><\/a><\/h2>\n<h2><a href=\"http:\/\/spriv.vojvodina.gov.rs\/wp-content\/uploads\/2015\/06\/Spisak-sluzbenih-lica-ovlascenih-za-odlucivanje-u-upravnim-stvarima.pdf\" target=\"_blank\" rel=\"noopener\"><span style=\"color: #0000cc; text-decoration-line: underline;\">Spisak slu\u017ebenika ovla\u0161\u0107enih za odlu\u010divanje u upravnim stvarima<img loading=\"lazy\" decoding=\"async\" class=\" alignright size-full wp-image-113\" src=\"http:\/\/spriv.vojvodina.gov.rs\/wp-content\/uploads\/2016\/08\/pdf32.png\" border=\"0\" alt=\"\" width=\"17\" height=\"17\" align=\"right\" \/><\/span><\/a><\/h2>\n<h2><a href=\"http:\/\/spriv.vojvodina.gov.rs\/wp-content\/uploads\/2015\/06\/USVOJEN-PAPZ-21-04-2021.pdf\" target=\"_blank\" style=\"color: #0000cc; text-decoration-line: underline;\" rel=\"noopener\">Pokrajinski akcioni plan zapo\u0161ljavanja u Autonomnoj pokrajini Vojvodini za 2021. g.<img loading=\"lazy\" decoding=\"async\" class=\" alignright size-full wp-image-113\" src=\"http:\/\/spriv.vojvodina.gov.rs\/wp-content\/uploads\/2016\/08\/pdf32.png\" border=\"0\" alt=\"\" width=\"17\" height=\"17\" align=\"right\" \/><\/a><\/h2>\n<h2 style=\"text-align: justify;\"><a href=\"http:\/\/spriv.vojvodina.gov.rs\/wp-content\/uploads\/2015\/06\/Pravilnik-o-unutrasnjoj-organizaciji-i-sistematizaciji-januar-2021.pdf\" target=\"_blank\" rel=\"noopener\"><span lang=\"SR-CYRL-RS\">Pravilnik o unutra\u0161njoj organizaciji i sistematizaciji radnih mesta u Pokrajinskom sekretarijatu za privredu i turizam (decembar 2020.) <img loading=\"lazy\" decoding=\"async\" class=\" alignright size-full wp-image-113\" src=\"http:\/\/spriv.vojvodina.gov.rs\/wp-content\/uploads\/2016\/08\/pdf32.png\" border=\"0\" alt=\"\" width=\"18\" height=\"18\" align=\"right\" \/><\/span><\/a><\/h2>\n<h2 style=\"text-align: justify;\"><a href=\"http:\/\/spriv.vojvodina.gov.rs\/wp-content\/uploads\/2015\/06\/PRECISCEN-TEKST-Pravilnik-o-unutrasnjoj-organizaciji-i-sistematizaciji-novembar-2020.pdf\" target=\"_blank\" rel=\"noopener\"><span lang=\"SR-CYRL-RS\">Pravilnik o unutra\u0161njoj organizaciji i sistematizaciji radnih mesta u Pokrajinskom sekretarijatu za privredu i turizam (pre\u010di\u0161\u0107en tekst 2020.) <img loading=\"lazy\" decoding=\"async\" class=\" alignright size-full wp-image-113\" src=\"http:\/\/spriv.vojvodina.gov.rs\/wp-content\/uploads\/2016\/08\/pdf32.png\" border=\"0\" alt=\"\" width=\"18\" height=\"18\" align=\"right\" \/><\/span><\/a><\/h2>\n<h2 style=\"text-align: justify;\"><a href=\"http:\/\/spriv.vojvodina.gov.rs\/wp-content\/uploads\/2015\/06\/PRAVILNIK-IZMENE-NOVEMBAR-2020.pdf\" target=\"_blank\" rel=\"noopener\"><span lang=\"SR-CYRL-RS\">Pravilnik o izmeni Pravilnika o unutra\u0161njoj organizaciji i sistematizaciji radnih mesta u Pokrajinskom sekretarijatu za privredu i turizam (novembar 2020.) <img loading=\"lazy\" decoding=\"async\" class=\" alignright size-full wp-image-113\" src=\"http:\/\/spriv.vojvodina.gov.rs\/wp-content\/uploads\/2016\/08\/pdf32.png\" border=\"0\" alt=\"\" width=\"18\" height=\"18\" align=\"right\" \/><\/span><\/a><\/h2>\n<h2 style=\"text-align: justify;\"><a href=\"http:\/\/spriv.vojvodina.gov.rs\/wp-content\/uploads\/2015\/06\/Pravilnik-o-izmenama-Pravilnika-sistematizacija-izmene-maj-2020.pdf\" target=\"_blank\" rel=\"noopener\"><span lang=\"SR-CYRL-RS\">Pravilnik o izmeni Pravilnika o unutra\u0161njoj organizaciji i sistematizaciji radnih mesta u Pokrajinskom sekretarijatu za privredu i turizam (maj 2020.) <img loading=\"lazy\" decoding=\"async\" class=\" alignright size-full wp-image-113\" src=\"http:\/\/spriv.vojvodina.gov.rs\/wp-content\/uploads\/2016\/08\/pdf32.png\" border=\"0\" alt=\"\" width=\"18\" height=\"18\" align=\"right\" \/><\/span><\/a><\/h2>\n<h2 style=\"text-align: justify;\"><a href=\"http:\/\/spriv.vojvodina.gov.rs\/wp-content\/uploads\/2015\/06\/Pravilnik-o-izmenama-i-dopunama-pravilnika-o-sistematizaciji-februar-2020.pdf\" target=\"_blank\" rel=\"noopener\"><span lang=\"SR-CYRL-RS\">Pravilnik o izmenama i dopunama Pravilnika o unutra\u0161njoj organizaciji i sistematizaciji radnih mesta u Pokrajinskom sekretarijatu za privredu i turizam (februar 2020.) <img loading=\"lazy\" decoding=\"async\" class=\" alignright size-full wp-image-113\" src=\"http:\/\/spriv.vojvodina.gov.rs\/wp-content\/uploads\/2016\/08\/pdf32.png\" border=\"0\" alt=\"\" width=\"18\" height=\"18\" align=\"right\" \/><\/span><\/a><\/h2>\n<h2 style=\"text-align: justify;\"><a href=\"http:\/\/spriv.vojvodina.gov.rs\/wp-content\/uploads\/2015\/06\/Pravilnik-o-unutrasnjoj-organizaciji-i-sistematizaciji-2019.pdf\" target=\"_blank\" rel=\"noopener\"><span lang=\"SR-CYRL-RS\">Pravilnik o unutra\u0161njoj organizaciji i sistematizaciji radnih mesta u Pokrajinskom sekretarijatu za privredu i turizam (decembar 2018.) <img loading=\"lazy\" decoding=\"async\" class=\" alignright size-full wp-image-113\" src=\"http:\/\/spriv.vojvodina.gov.rs\/wp-content\/uploads\/2016\/08\/pdf32.png\" border=\"0\" alt=\"\" width=\"18\" height=\"18\" align=\"right\" \/><\/span><\/a><\/h2>\n<h2 style=\"text-align: justify;\"><a href=\"http:\/\/spriv.vojvodina.gov.rs\/wp-content\/uploads\/2015\/06\/KODEKS_Sl_list_APV_2020.pdf\" target=\"_blank\" rel=\"noopener\">Kodeks pona\u0161anja slu\u017ebenika i name\u0161tenika u organima Autonomne pokrajine Vojvodine <span lang=\"SR-CYRL-RS\"><img loading=\"lazy\" decoding=\"async\" class=\" alignright size-full wp-image-113\" src=\"http:\/\/spriv.vojvodina.gov.rs\/wp-content\/uploads\/2016\/08\/pdf32.png\" border=\"0\" alt=\"\" width=\"18\" height=\"18\" align=\"right\" \/><\/span><\/a><\/h2>\n<h2 style=\"text-align: justify;\"><a href=\"http:\/\/spriv.vojvodina.gov.rs\/wp-content\/uploads\/2015\/06\/Pravilnik-o-utvrdjivanju-posebnog-programa-obuke-radi-strucnog-usavrsavanja-sluzbenika-u-PSPT-za-2020.pdf\" target=\"_blank\" rel=\"noopener\">Pravilnik o utvr\u0111ivanju posebnog programa obuke radi stru\u010dnog usavr\u0161avanja slu\u017ebenika u Pokrajinskom sekretarijatu za privredu i turizam za <span lang=\"SR-CYRL-RS\">2020. godinu <img loading=\"lazy\" decoding=\"async\" class=\" alignright size-full wp-image-113\" src=\"http:\/\/spriv.vojvodina.gov.rs\/wp-content\/uploads\/2016\/08\/pdf32.png\" border=\"0\" alt=\"\" width=\"18\" height=\"18\" align=\"right\" \/><\/span><\/a><\/h2>\n<h2 style=\"text-align: justify;\"><a href=\"http:\/\/spriv.vojvodina.gov.rs\/wp-content\/uploads\/2015\/06\/Poseban-program-obuke-2019-azurirano.pdf\" target=\"_blank\" rel=\"noopener\">Pravilnik o utvr\u0111ivanju posebnog programa obuke radi stru\u010dnog usavr\u0161avanja slu\u017ebenika u Pokrajinskom sekretarijatu za privredu i turizam za <span lang=\"SR-CYRL-RS\">2019. godinu <img loading=\"lazy\" decoding=\"async\" class=\" alignright size-full wp-image-113\" src=\"http:\/\/spriv.vojvodina.gov.rs\/wp-content\/uploads\/2016\/08\/pdf32.png\" border=\"0\" alt=\"\" width=\"18\" height=\"18\" align=\"right\" \/><\/span><\/a><\/h2>\n<h2 style=\"text-align: justify;\"><span lang=\"SR-CYRL-RS\"><a href=\"http:\/\/spriv.vojvodina.gov.rs\/wp-content\/uploads\/2015\/06\/2019-Pravilnik-o-finansijskom-upravljaju-i-kontrolama.pdf\" target=\"_blank\" rel=\"noopener\">Pravilnik o uspostavljanju sistema finansijskog upravljanja i kontrole u Pokrajinskom sekretarijatu za privredu i turizam <img loading=\"lazy\" decoding=\"async\" class=\" alignright size-full wp-image-113\" src=\"http:\/\/spriv.vojvodina.gov.rs\/wp-content\/uploads\/2016\/08\/pdf32.png\" border=\"0\" alt=\"\" width=\"20\" height=\"20\" align=\"right\" \/><\/a><br \/><\/span><\/h2>\n<h2 style=\"text-align: justify;\"><a href=\"http:\/\/spriv.vojvodina.gov.rs\/wp-content\/uploads\/2015\/06\/Pravilnik-o-postupanju-po-prituzbama-na-rad-zaposlenih-2019.pdf\" target=\"_blank\" rel=\"noopener\">Pravilnik o postupanju po prijavama i pritu\u017ebama na rad zaposlenih u Pokrajinskom sekretarijatu za privredu i turizam<span lang=\"SR-CYRL-RS\"> <img loading=\"lazy\" decoding=\"async\" class=\" alignright size-full wp-image-113\" src=\"http:\/\/spriv.vojvodina.gov.rs\/wp-content\/uploads\/2016\/08\/pdf32.png\" border=\"0\" alt=\"\" width=\"18\" height=\"18\" align=\"right\" \/><\/span><\/a><\/h2>\n<h2 style=\"text-align: justify;\"><a href=\"http:\/\/spriv.vojvodina.gov.rs\/wp-content\/uploads\/2015\/06\/2019-Mape-poslovnih-procesa.pdf\" target=\"_blank\" rel=\"noopener\"><span lang=\"SR-CYRL-RS\">\u041cape poslovnih procesa Pokrajinskog sekretarijata za privredu i turizam <img loading=\"lazy\" decoding=\"async\" class=\" alignright size-full wp-image-113\" src=\"http:\/\/spriv.vojvodina.gov.rs\/wp-content\/uploads\/2016\/08\/pdf32.png\" border=\"0\" alt=\"\" width=\"19\" height=\"19\" align=\"right\" \/><\/span><\/a><\/h2>\n<h2 style=\"text-align: justify;\"><span lang=\"SR-CYRL-RS\"><a href=\"http:\/\/spriv.vojvodina.gov.rs\/wp-content\/uploads\/2015\/06\/2019-Strategija-uvodjenja-razvoja-i-primene-finansijskog-upravljanja-i-kontrole.pdf\" target=\"_blank\" rel=\"noopener\">Strategija uvo\u0111enja, primene i razvoja finansijskog upravljanja i kontrole u Pokrajinskom sekretarijatu za privredu i turizam\u00a0 <img loading=\"lazy\" decoding=\"async\" class=\" alignright size-full wp-image-113\" src=\"http:\/\/spriv.vojvodina.gov.rs\/wp-content\/uploads\/2016\/08\/pdf32.png\" border=\"0\" alt=\"\" width=\"19\" height=\"19\" align=\"right\" \/><\/a><br \/><\/span><\/h2>\n<h2 style=\"text-align: justify;\"><span lang=\"SR-CYRL-RS\"><a href=\"http:\/\/spriv.vojvodina.gov.rs\/wp-content\/uploads\/2015\/06\/2019-Strategija-upravljanja-rizicima.pdf\" target=\"_blank\" rel=\"noopener\">Strategija upravljanja rizicima Pokrajinskog sekretarijata za privredu i turizam <img loading=\"lazy\" decoding=\"async\" class=\" alignright size-full wp-image-113\" src=\"http:\/\/spriv.vojvodina.gov.rs\/wp-content\/uploads\/2016\/08\/pdf32.png\" border=\"0\" alt=\"\" width=\"19\" height=\"19\" align=\"right\" \/><\/a><\/span><a href=\"http:\/\/spriv.vojvodina.gov.rs\/wp-content\/uploads\/2015\/06\/Pravilnik-o-unutrasnjoj-organizaciji-i-sistematizaciji-2019.pdf\" target=\"_blank\" rel=\"noopener\"><\/a><\/h2>\n<h2><a href=\"http:\/\/spriv.vojvodina.gov.rs\/wp-content\/uploads\/2015\/06\/SAGLASNOST-VLADE-SISTEMATIZACIJA-2019.pdf\" target=\"_blank\" rel=\"noopener\">Saglasnost Pokrajinske vlade na Pravilnik o unutra\u0161njoj organizaciji i sistematizaciji radnih mesta u Pokrajinskom sekretarijatu za privredu i turizam <img loading=\"lazy\" decoding=\"async\" class=\" alignright size-full wp-image-113\" src=\"http:\/\/spriv.vojvodina.gov.rs\/wp-content\/uploads\/2016\/08\/pdf32.png\" border=\"0\" alt=\"\" width=\"18\" height=\"18\" align=\"right\" \/><\/a><\/h2>\n<h2><a href=\"http:\/\/spriv.vojvodina.gov.rs\/wp-content\/uploads\/2015\/06\/KODEKS-PONASANJA-2018.pdf\" target=\"_blank\" rel=\"noopener\">\u041aodeks pona\u0161anja slu\u017ebenika i name\u0161tenika u pokrajinskim organima <img loading=\"lazy\" decoding=\"async\" class=\" alignright size-full wp-image-113\" src=\"http:\/\/spriv.vojvodina.gov.rs\/wp-content\/uploads\/2016\/08\/pdf32.png\" border=\"0\" alt=\"\" width=\"18\" height=\"18\" align=\"right\" \/><\/a><\/h2>\n<h2><a href=\"http:\/\/spriv.vojvodina.gov.rs\/wp-content\/uploads\/2015\/06\/PRAVILNIK-O-NACINU-I-ROKOVIMA-VRSENJA-POPISA-IMOVINE-I-OBAVEZA.pdf\" target=\"_blank\" rel=\"noopener\">Pravilnik o na\u010dinu i rokovima vr\u0161enja popisa imovine i obaveza <img loading=\"lazy\" decoding=\"async\" class=\" alignright size-full wp-image-113\" src=\"http:\/\/spriv.vojvodina.gov.rs\/wp-content\/uploads\/2016\/08\/pdf32.png\" border=\"0\" alt=\"\" width=\"18\" height=\"18\" align=\"right\" \/><\/a><\/h2>\n<h2><a href=\"http:\/\/spriv.vojvodina.gov.rs\/wp-content\/uploads\/2015\/06\/program_poboljsanja_novi.pdf\" target=\"_blank\" rel=\"noopener\">Program za pobolj\u0161anje stanja u oblasti privrede, preduzetni\u0161tva i zanatstva <img loading=\"lazy\" decoding=\"async\" class=\" alignright size-full wp-image-113\" src=\"http:\/\/spriv.vojvodina.gov.rs\/wp-content\/uploads\/2016\/08\/pdf32.png\" border=\"0\" width=\"17\" height=\"17\" style=\"border: 0; float: right;\" \/><\/a><\/h2>\n<h2><a href=\"http:\/\/spriv.vojvodina.gov.rs\/wp-content\/uploads\/2015\/06\/Pokrajinska_skupstinska_odluka.pdf\" target=\"_blank\" rel=\"noopener\">Pokrajinska skup\u0161tinska odluka o pokrajinskoj upravi <img loading=\"lazy\" decoding=\"async\" class=\" alignright size-full wp-image-113\" src=\"http:\/\/spriv.vojvodina.gov.rs\/wp-content\/uploads\/2016\/08\/pdf32.png\" border=\"0\" alt=\"\" width=\"18\" height=\"18\" align=\"right\" \/><\/a><\/h2>\n","protected":false},"excerpt":{"rendered":"Pravilnik o izmenama Pravilnika o unutra\u0161njoj organizaciji i sistematizaciji radnih mesta (septembar 2021.) Saglasnost Pokrajinske vlade na Pravilnik o unutra\u0161njoj organizaciji i sistematizaciji \n<a class=\"moretag\" href=\"https:\/\/spriv.vojvodina.gov.rs\/rs\/opsti\/\"> [...]<\/a>","protected":false},"author":2,"featured_media":113,"comment_status":"closed","ping_status":"closed","sticky":false,"template":"","format":"standard","meta":{"footnotes":""},"categories":[28],"tags":[],"class_list":["post-183","post","type-post","status-publish","format-standard","has-post-thumbnail","hentry","category-latinica"],"yoast_head":"<!-- This site is optimized with the Yoast SEO plugin v27.5 - https:\/\/yoast.com\/product\/yoast-seo-wordpress\/ -->\n<title>Op\u0161ti - \u041f\u043e\u043a\u0440\u0430\u0458\u0438\u043d\u0441\u043a\u0438 \u0441\u0435\u043a\u0440\u0435\u0442\u0430\u0440\u0438\u0458\u0430\u0442 \u0437\u0430 \u043f\u0440\u0438\u0432\u0440\u0435\u0434\u0443 \u0438 \u0442\u0443\u0440\u0438\u0437\u0430\u043c<\/title>\n<meta name=\"robots\" content=\"index, follow, max-snippet:-1, max-image-preview:large, max-video-preview:-1\" \/>\n<link rel=\"canonical\" href=\"https:\/\/spriv.vojvodina.gov.rs\/rs\/opsti\/\" \/>\n<meta property=\"og:locale\" content=\"sr_RS\" \/>\n<meta property=\"og:type\" content=\"article\" \/>\n<meta property=\"og:title\" content=\"Op\u0161ti - \u041f\u043e\u043a\u0440\u0430\u0458\u0438\u043d\u0441\u043a\u0438 \u0441\u0435\u043a\u0440\u0435\u0442\u0430\u0440\u0438\u0458\u0430\u0442 \u0437\u0430 \u043f\u0440\u0438\u0432\u0440\u0435\u0434\u0443 \u0438 \u0442\u0443\u0440\u0438\u0437\u0430\u043c\" \/>\n<meta property=\"og:description\" content=\"Pravilnik o izmenama Pravilnika o unutra\u0161njoj organizaciji i sistematizaciji radnih mesta (septembar 2021.) Saglasnost Pokrajinske vlade na Pravilnik o unutra\u0161njoj organizaciji i sistematizaciji\" \/>\n<meta property=\"og:url\" content=\"https:\/\/spriv.vojvodina.gov.rs\/opsti\/\" \/>\n<meta property=\"og:site_name\" content=\"\u041f\u043e\u043a\u0440\u0430\u0458\u0438\u043d\u0441\u043a\u0438 \u0441\u0435\u043a\u0440\u0435\u0442\u0430\u0440\u0438\u0458\u0430\u0442 \u0437\u0430 \u043f\u0440\u0438\u0432\u0440\u0435\u0434\u0443 \u0438 \u0442\u0443\u0440\u0438\u0437\u0430\u043c\" \/>\n<meta property=\"article:published_time\" content=\"2015-06-05T20:56:33+00:00\" \/>\n<meta property=\"og:image\" content=\"https:\/\/spriv.vojvodina.gov.rs\/wp-content\/uploads\/2016\/08\/pdf32.png\" \/>\n\t<meta property=\"og:image:width\" content=\"32\" \/>\n\t<meta property=\"og:image:height\" content=\"32\" \/>\n\t<meta property=\"og:image:type\" content=\"image\/png\" \/>\n<meta name=\"author\" content=\"Super User\" \/>\n<meta name=\"twitter:card\" content=\"summary_large_image\" \/>\n<meta name=\"twitter:label1\" content=\"\u041d\u0430\u043f\u0438\u0441\u0430\u043d\u043e \u043e\u0434\" \/>\n\t<meta name=\"twitter:data1\" content=\"Super User\" \/>\n\t<meta name=\"twitter:label2\" content=\"\u041f\u0440\u043e\u0446\u0435\u045a\u0435\u043d\u043e \u0432\u0440\u0435\u043c\u0435 \u0447\u0438\u0442\u0430\u045a\u0430\" \/>\n\t<meta name=\"twitter:data2\" content=\"2 \u043c\u0438\u043d\u0443\u0442\u0430\" \/>\n<script type=\"application\/ld+json\" class=\"yoast-schema-graph\">{\"@context\":\"https:\\\/\\\/schema.org\",\"@graph\":[{\"@type\":\"Article\",\"@id\":\"https:\\\/\\\/spriv.vojvodina.gov.rs\\\/opsti\\\/#article\",\"isPartOf\":{\"@id\":\"https:\\\/\\\/spriv.vojvodina.gov.rs\\\/opsti\\\/\"},\"author\":{\"name\":\"Super User\",\"@id\":\"https:\\\/\\\/spriv.vojvodina.gov.rs\\\/#\\\/schema\\\/person\\\/852ef952bb1b655cb70c8c6615335273\"},\"headline\":\"Op\u0161ti\",\"datePublished\":\"2015-06-05T20:56:33+00:00\",\"mainEntityOfPage\":{\"@id\":\"https:\\\/\\\/spriv.vojvodina.gov.rs\\\/opsti\\\/\"},\"wordCount\":364,\"image\":{\"@id\":\"https:\\\/\\\/spriv.vojvodina.gov.rs\\\/opsti\\\/#primaryimage\"},\"thumbnailUrl\":\"https:\\\/\\\/spriv.vojvodina.gov.rs\\\/wp-content\\\/uploads\\\/2016\\\/08\\\/pdf32.png\",\"articleSection\":[\"Latinica\"],\"inLanguage\":\"sr-RS\"},{\"@type\":\"WebPage\",\"@id\":\"https:\\\/\\\/spriv.vojvodina.gov.rs\\\/opsti\\\/\",\"url\":\"https:\\\/\\\/spriv.vojvodina.gov.rs\\\/opsti\\\/\",\"name\":\"Op\u0161ti - \u041f\u043e\u043a\u0440\u0430\u0458\u0438\u043d\u0441\u043a\u0438 \u0441\u0435\u043a\u0440\u0435\u0442\u0430\u0440\u0438\u0458\u0430\u0442 \u0437\u0430 \u043f\u0440\u0438\u0432\u0440\u0435\u0434\u0443 \u0438 \u0442\u0443\u0440\u0438\u0437\u0430\u043c\",\"isPartOf\":{\"@id\":\"https:\\\/\\\/spriv.vojvodina.gov.rs\\\/#website\"},\"primaryImageOfPage\":{\"@id\":\"https:\\\/\\\/spriv.vojvodina.gov.rs\\\/opsti\\\/#primaryimage\"},\"image\":{\"@id\":\"https:\\\/\\\/spriv.vojvodina.gov.rs\\\/opsti\\\/#primaryimage\"},\"thumbnailUrl\":\"https:\\\/\\\/spriv.vojvodina.gov.rs\\\/wp-content\\\/uploads\\\/2016\\\/08\\\/pdf32.png\",\"datePublished\":\"2015-06-05T20:56:33+00:00\",\"author\":{\"@id\":\"https:\\\/\\\/spriv.vojvodina.gov.rs\\\/#\\\/schema\\\/person\\\/852ef952bb1b655cb70c8c6615335273\"},\"breadcrumb\":{\"@id\":\"https:\\\/\\\/spriv.vojvodina.gov.rs\\\/opsti\\\/#breadcrumb\"},\"inLanguage\":\"sr-RS\",\"potentialAction\":[{\"@type\":\"ReadAction\",\"target\":[\"https:\\\/\\\/spriv.vojvodina.gov.rs\\\/opsti\\\/\"]}]},{\"@type\":\"ImageObject\",\"inLanguage\":\"sr-RS\",\"@id\":\"https:\\\/\\\/spriv.vojvodina.gov.rs\\\/opsti\\\/#primaryimage\",\"url\":\"https:\\\/\\\/spriv.vojvodina.gov.rs\\\/wp-content\\\/uploads\\\/2016\\\/08\\\/pdf32.png\",\"contentUrl\":\"https:\\\/\\\/spriv.vojvodina.gov.rs\\\/wp-content\\\/uploads\\\/2016\\\/08\\\/pdf32.png\",\"width\":32,\"height\":32},{\"@type\":\"BreadcrumbList\",\"@id\":\"https:\\\/\\\/spriv.vojvodina.gov.rs\\\/opsti\\\/#breadcrumb\",\"itemListElement\":[{\"@type\":\"ListItem\",\"position\":1,\"name\":\"Home\",\"item\":\"https:\\\/\\\/spriv.vojvodina.gov.rs\\\/\"},{\"@type\":\"ListItem\",\"position\":2,\"name\":\"Op\u0161ti\"}]},{\"@type\":\"WebSite\",\"@id\":\"https:\\\/\\\/spriv.vojvodina.gov.rs\\\/#website\",\"url\":\"https:\\\/\\\/spriv.vojvodina.gov.rs\\\/\",\"name\":\"\u041f\u043e\u043a\u0440\u0430\u0458\u0438\u043d\u0441\u043a\u0438 \u0441\u0435\u043a\u0440\u0435\u0442\u0430\u0440\u0438\u0458\u0430\u0442 \u0437\u0430 \u043f\u0440\u0438\u0432\u0440\u0435\u0434\u0443 \u0438 \u0442\u0443\u0440\u0438\u0437\u0430\u043c\",\"description\":\"\u041f\u043e\u043a\u0440\u0430\u0458\u0438\u043d\u0441\u043a\u0438 \u0441\u0435\u043a\u0440\u0435\u0442\u0430\u0440\u0438\u0458\u0430\u0442 \u0437\u0430 \u043f\u0440\u0438\u0432\u0440\u0435\u0434\u0443 \u0438 \u0442\u0443\u0440\u0438\u0437\u0430\u043c\",\"potentialAction\":[{\"@type\":\"SearchAction\",\"target\":{\"@type\":\"EntryPoint\",\"urlTemplate\":\"https:\\\/\\\/spriv.vojvodina.gov.rs\\\/?s={search_term_string}\"},\"query-input\":{\"@type\":\"PropertyValueSpecification\",\"valueRequired\":true,\"valueName\":\"search_term_string\"}}],\"inLanguage\":\"sr-RS\"},{\"@type\":\"Person\",\"@id\":\"https:\\\/\\\/spriv.vojvodina.gov.rs\\\/#\\\/schema\\\/person\\\/852ef952bb1b655cb70c8c6615335273\",\"name\":\"Super User\",\"image\":{\"@type\":\"ImageObject\",\"inLanguage\":\"sr-RS\",\"@id\":\"https:\\\/\\\/secure.gravatar.com\\\/avatar\\\/5a62867db7c2f5a84cdac09aef3f31b2ef4fc761b4a9e9b4a4e7c43e9a060960?s=96&d=mm&r=g\",\"url\":\"https:\\\/\\\/secure.gravatar.com\\\/avatar\\\/5a62867db7c2f5a84cdac09aef3f31b2ef4fc761b4a9e9b4a4e7c43e9a060960?s=96&d=mm&r=g\",\"contentUrl\":\"https:\\\/\\\/secure.gravatar.com\\\/avatar\\\/5a62867db7c2f5a84cdac09aef3f31b2ef4fc761b4a9e9b4a4e7c43e9a060960?s=96&d=mm&r=g\",\"caption\":\"Super User\"},\"url\":\"https:\\\/\\\/spriv.vojvodina.gov.rs\\\/rs\\\/author\\\/admin01\\\/\"}]}<\/script>\n<!-- \/ Yoast SEO plugin. -->","yoast_head_json":{"title":"Op\u0161ti - \u041f\u043e\u043a\u0440\u0430\u0458\u0438\u043d\u0441\u043a\u0438 \u0441\u0435\u043a\u0440\u0435\u0442\u0430\u0440\u0438\u0458\u0430\u0442 \u0437\u0430 \u043f\u0440\u0438\u0432\u0440\u0435\u0434\u0443 \u0438 \u0442\u0443\u0440\u0438\u0437\u0430\u043c","robots":{"index":"index","follow":"follow","max-snippet":"max-snippet:-1","max-image-preview":"max-image-preview:large","max-video-preview":"max-video-preview:-1"},"canonical":"https:\/\/spriv.vojvodina.gov.rs\/rs\/opsti\/","og_locale":"sr_RS","og_type":"article","og_title":"Op\u0161ti - \u041f\u043e\u043a\u0440\u0430\u0458\u0438\u043d\u0441\u043a\u0438 \u0441\u0435\u043a\u0440\u0435\u0442\u0430\u0440\u0438\u0458\u0430\u0442 \u0437\u0430 \u043f\u0440\u0438\u0432\u0440\u0435\u0434\u0443 \u0438 \u0442\u0443\u0440\u0438\u0437\u0430\u043c","og_description":"Pravilnik o izmenama Pravilnika o unutra\u0161njoj organizaciji i sistematizaciji radnih mesta (septembar 2021.) Saglasnost Pokrajinske vlade na Pravilnik o unutra\u0161njoj organizaciji i sistematizaciji","og_url":"https:\/\/spriv.vojvodina.gov.rs\/opsti\/","og_site_name":"\u041f\u043e\u043a\u0440\u0430\u0458\u0438\u043d\u0441\u043a\u0438 \u0441\u0435\u043a\u0440\u0435\u0442\u0430\u0440\u0438\u0458\u0430\u0442 \u0437\u0430 \u043f\u0440\u0438\u0432\u0440\u0435\u0434\u0443 \u0438 \u0442\u0443\u0440\u0438\u0437\u0430\u043c","article_published_time":"2015-06-05T20:56:33+00:00","og_image":[{"width":32,"height":32,"url":"https:\/\/spriv.vojvodina.gov.rs\/wp-content\/uploads\/2016\/08\/pdf32.png","type":"image\/png"}],"author":"Super User","twitter_card":"summary_large_image","twitter_misc":{"\u041d\u0430\u043f\u0438\u0441\u0430\u043d\u043e \u043e\u0434":"Super User","\u041f\u0440\u043e\u0446\u0435\u045a\u0435\u043d\u043e \u0432\u0440\u0435\u043c\u0435 \u0447\u0438\u0442\u0430\u045a\u0430":"2 \u043c\u0438\u043d\u0443\u0442\u0430"},"schema":{"@context":"https:\/\/schema.org","@graph":[{"@type":"Article","@id":"https:\/\/spriv.vojvodina.gov.rs\/opsti\/#article","isPartOf":{"@id":"https:\/\/spriv.vojvodina.gov.rs\/opsti\/"},"author":{"name":"Super User","@id":"https:\/\/spriv.vojvodina.gov.rs\/#\/schema\/person\/852ef952bb1b655cb70c8c6615335273"},"headline":"Op\u0161ti","datePublished":"2015-06-05T20:56:33+00:00","mainEntityOfPage":{"@id":"https:\/\/spriv.vojvodina.gov.rs\/opsti\/"},"wordCount":364,"image":{"@id":"https:\/\/spriv.vojvodina.gov.rs\/opsti\/#primaryimage"},"thumbnailUrl":"https:\/\/spriv.vojvodina.gov.rs\/wp-content\/uploads\/2016\/08\/pdf32.png","articleSection":["Latinica"],"inLanguage":"sr-RS"},{"@type":"WebPage","@id":"https:\/\/spriv.vojvodina.gov.rs\/opsti\/","url":"https:\/\/spriv.vojvodina.gov.rs\/opsti\/","name":"Op\u0161ti - \u041f\u043e\u043a\u0440\u0430\u0458\u0438\u043d\u0441\u043a\u0438 \u0441\u0435\u043a\u0440\u0435\u0442\u0430\u0440\u0438\u0458\u0430\u0442 \u0437\u0430 \u043f\u0440\u0438\u0432\u0440\u0435\u0434\u0443 \u0438 \u0442\u0443\u0440\u0438\u0437\u0430\u043c","isPartOf":{"@id":"https:\/\/spriv.vojvodina.gov.rs\/#website"},"primaryImageOfPage":{"@id":"https:\/\/spriv.vojvodina.gov.rs\/opsti\/#primaryimage"},"image":{"@id":"https:\/\/spriv.vojvodina.gov.rs\/opsti\/#primaryimage"},"thumbnailUrl":"https:\/\/spriv.vojvodina.gov.rs\/wp-content\/uploads\/2016\/08\/pdf32.png","datePublished":"2015-06-05T20:56:33+00:00","author":{"@id":"https:\/\/spriv.vojvodina.gov.rs\/#\/schema\/person\/852ef952bb1b655cb70c8c6615335273"},"breadcrumb":{"@id":"https:\/\/spriv.vojvodina.gov.rs\/opsti\/#breadcrumb"},"inLanguage":"sr-RS","potentialAction":[{"@type":"ReadAction","target":["https:\/\/spriv.vojvodina.gov.rs\/opsti\/"]}]},{"@type":"ImageObject","inLanguage":"sr-RS","@id":"https:\/\/spriv.vojvodina.gov.rs\/opsti\/#primaryimage","url":"https:\/\/spriv.vojvodina.gov.rs\/wp-content\/uploads\/2016\/08\/pdf32.png","contentUrl":"https:\/\/spriv.vojvodina.gov.rs\/wp-content\/uploads\/2016\/08\/pdf32.png","width":32,"height":32},{"@type":"BreadcrumbList","@id":"https:\/\/spriv.vojvodina.gov.rs\/opsti\/#breadcrumb","itemListElement":[{"@type":"ListItem","position":1,"name":"Home","item":"https:\/\/spriv.vojvodina.gov.rs\/"},{"@type":"ListItem","position":2,"name":"Op\u0161ti"}]},{"@type":"WebSite","@id":"https:\/\/spriv.vojvodina.gov.rs\/#website","url":"https:\/\/spriv.vojvodina.gov.rs\/","name":"\u041f\u043e\u043a\u0440\u0430\u0458\u0438\u043d\u0441\u043a\u0438 \u0441\u0435\u043a\u0440\u0435\u0442\u0430\u0440\u0438\u0458\u0430\u0442 \u0437\u0430 \u043f\u0440\u0438\u0432\u0440\u0435\u0434\u0443 \u0438 \u0442\u0443\u0440\u0438\u0437\u0430\u043c","description":"\u041f\u043e\u043a\u0440\u0430\u0458\u0438\u043d\u0441\u043a\u0438 \u0441\u0435\u043a\u0440\u0435\u0442\u0430\u0440\u0438\u0458\u0430\u0442 \u0437\u0430 \u043f\u0440\u0438\u0432\u0440\u0435\u0434\u0443 \u0438 \u0442\u0443\u0440\u0438\u0437\u0430\u043c","potentialAction":[{"@type":"SearchAction","target":{"@type":"EntryPoint","urlTemplate":"https:\/\/spriv.vojvodina.gov.rs\/?s={search_term_string}"},"query-input":{"@type":"PropertyValueSpecification","valueRequired":true,"valueName":"search_term_string"}}],"inLanguage":"sr-RS"},{"@type":"Person","@id":"https:\/\/spriv.vojvodina.gov.rs\/#\/schema\/person\/852ef952bb1b655cb70c8c6615335273","name":"Super User","image":{"@type":"ImageObject","inLanguage":"sr-RS","@id":"https:\/\/secure.gravatar.com\/avatar\/5a62867db7c2f5a84cdac09aef3f31b2ef4fc761b4a9e9b4a4e7c43e9a060960?s=96&d=mm&r=g","url":"https:\/\/secure.gravatar.com\/avatar\/5a62867db7c2f5a84cdac09aef3f31b2ef4fc761b4a9e9b4a4e7c43e9a060960?s=96&d=mm&r=g","contentUrl":"https:\/\/secure.gravatar.com\/avatar\/5a62867db7c2f5a84cdac09aef3f31b2ef4fc761b4a9e9b4a4e7c43e9a060960?s=96&d=mm&r=g","caption":"Super User"},"url":"https:\/\/spriv.vojvodina.gov.rs\/rs\/author\/admin01\/"}]}},"_links":{"self":[{"href":"https:\/\/spriv.vojvodina.gov.rs\/rs\/wp-json\/wp\/v2\/posts\/183","targetHints":{"allow":["GET"]}}],"collection":[{"href":"https:\/\/spriv.vojvodina.gov.rs\/rs\/wp-json\/wp\/v2\/posts"}],"about":[{"href":"https:\/\/spriv.vojvodina.gov.rs\/rs\/wp-json\/wp\/v2\/types\/post"}],"author":[{"embeddable":true,"href":"https:\/\/spriv.vojvodina.gov.rs\/rs\/wp-json\/wp\/v2\/users\/2"}],"replies":[{"embeddable":true,"href":"https:\/\/spriv.vojvodina.gov.rs\/rs\/wp-json\/wp\/v2\/comments?post=183"}],"version-history":[{"count":0,"href":"https:\/\/spriv.vojvodina.gov.rs\/rs\/wp-json\/wp\/v2\/posts\/183\/revisions"}],"wp:featuredmedia":[{"embeddable":true,"href":"https:\/\/spriv.vojvodina.gov.rs\/rs\/wp-json\/wp\/v2\/media\/113"}],"wp:attachment":[{"href":"https:\/\/spriv.vojvodina.gov.rs\/rs\/wp-json\/wp\/v2\/media?parent=183"}],"wp:term":[{"taxonomy":"category","embeddable":true,"href":"https:\/\/spriv.vojvodina.gov.rs\/rs\/wp-json\/wp\/v2\/categories?post=183"},{"taxonomy":"post_tag","embeddable":true,"href":"https:\/\/spriv.vojvodina.gov.rs\/rs\/wp-json\/wp\/v2\/tags?post=183"}],"curies":[{"name":"wp","href":"https:\/\/api.w.org\/{rel}","templated":true}]}}