{"id":1735,"date":"2016-08-20T10:25:00","date_gmt":"2016-08-20T10:25:00","guid":{"rendered":"http:\/\/spriv.vojvodina.gov.rs\/2016\/08\/20\/delegacija-sekretarijata-za-privredu-i-turizam-na-54-medunarodnom-poljoprivrednom-i-prehrambenom-sajmu-agra-2016-u-gornjoj-radgoni\/"},"modified":"2016-08-20T10:25:00","modified_gmt":"2016-08-20T10:25:00","slug":"delegacija-sekretarijata-za-privredu-i-turizam-na-54-medunarodnom-poljoprivrednom-i-prehrambenom-sajmu-agra-2016-u-gornjoj-radgoni","status":"publish","type":"post","link":"https:\/\/spriv.vojvodina.gov.rs\/rs\/delegacija-sekretarijata-za-privredu-i-turizam-na-54-medunarodnom-poljoprivrednom-i-prehrambenom-sajmu-agra-2016-u-gornjoj-radgoni\/","title":{"rendered":"Delegacija Sekretarijata za privredu i turizam na 54. Me\u0111unarodnom poljoprivrednom i prehrambenom sajmu AGRA 2016 u Gornjoj Radgoni"},"content":{"rendered":"<p style=\"text-align: center;\"><img loading=\"lazy\" decoding=\"async\" class=\" size-full wp-image-1727\" src=\"http:\/\/spriv.vojvodina.gov.rs\/wp-content\/uploads\/2016\/08\/AGRA1p.jpg\" border=\"0\" alt=\"\" width=\"600\" height=\"399\" srcset=\"https:\/\/spriv.vojvodina.gov.rs\/wp-content\/uploads\/2016\/08\/AGRA1p.jpg 600w, https:\/\/spriv.vojvodina.gov.rs\/wp-content\/uploads\/2016\/08\/AGRA1p-300x200.jpg 300w\" sizes=\"auto, (max-width: 600px) 100vw, 600px\" \/><\/p>\n<p style=\"text-align: justify;\">Pokrajinski sekretarijat za privredu i turizam i ove godine u\u010destvuje na 54. Me\u0111unarodnom poljoprivredno \u2013 prehrambenom sajmu, sajmu sa najdu\u017eom tradicijom, koji se sredinom avgusta meseca svake godine odr\u017eava u Gornjoj Radgoni, Republika Slovenija. Na jubilarnom, desetom u\u010de\u0161\u0107u, raznovrsna ponuda proizvoda sa oznakom kvaliteta ,,Najbolje iz Vojvodine\u201c, kao i proizvoda sa oznakom geografskog porekla, obogatili su zajedni\u010dki izlo\u017ebeni prostor koji u najboljem svetlu predstavlja ponudu AP Vojvodine. U toku Sajma, uprili\u010deni su susreti sa zvani\u010dnicima iz Republike Slovenije.<\/p>\n<p style=\"text-align: center;\"><img loading=\"lazy\" decoding=\"async\" class=\" size-full wp-image-1728\" src=\"http:\/\/spriv.vojvodina.gov.rs\/wp-content\/uploads\/2016\/08\/AGRA2.JPG\" border=\"0\" alt=\"\" width=\"600\" height=\"450\" srcset=\"https:\/\/spriv.vojvodina.gov.rs\/wp-content\/uploads\/2016\/08\/AGRA2.JPG 600w, https:\/\/spriv.vojvodina.gov.rs\/wp-content\/uploads\/2016\/08\/AGRA2-300x225.jpg 300w\" sizes=\"auto, (max-width: 600px) 100vw, 600px\" \/><\/p>\n<p style=\"text-align: justify;\">Nakon ceremonije otvaranja Sajma, \u010diji je ovogodi\u0161nji po\u010dasni partner Ma\u0111arska, potpredsednik Pokrajinske vlade i pokrajinski sekretar za privredu i turizam, Ivan \u0110okovi\u0107, sa delegacijom iz Sekretarijata, odr\u017eao je niz susreta i sastanaka sa brojnim zvani\u010dnicima. Potpredsednik \u0110okovi\u0107 je razgovarao sa Nj.E. ambasadorom Republike Srbije u Republici Sloveniji Aleksandrom Radovanovi\u0107em, a uprili\u010den je susret sa ministrom poljoprivrede, \u0161umarstva i prehrane pri Vladi Republike Slovenije, Dejanom \u017didanom. Izlo\u017ebeni prostor Sekretarijata, na kom svoje proizvode predstavlja 26 izlaga\u010da iz Pokrajine, posetili su i predsednik uprave Pomurskog sajma, Janez Erjavec, i predsednik Vlade Republike Slovenije, Miro Cerar, prilikom posete Sajmu.<\/p>\n<p style=\"text-align: center;\"><img loading=\"lazy\" decoding=\"async\" class=\" size-full wp-image-1729\" src=\"http:\/\/spriv.vojvodina.gov.rs\/wp-content\/uploads\/2016\/08\/AGRA11.JPG\" border=\"0\" alt=\"\" width=\"600\" height=\"401\" srcset=\"https:\/\/spriv.vojvodina.gov.rs\/wp-content\/uploads\/2016\/08\/AGRA11.JPG 600w, https:\/\/spriv.vojvodina.gov.rs\/wp-content\/uploads\/2016\/08\/AGRA11-300x201.jpg 300w\" sizes=\"auto, (max-width: 600px) 100vw, 600px\" \/><\/p>\n<p style=\"text-align: justify;\">Potpredsednik \u0110okovi\u0107 je istakao da je potrebno produbljivati prijateljske i poslovne odnose dveju regija i zemalja, pogotovo u okviru oblasti koje spajaju, poput privrede, poljoprivrede i turizma, dodav\u0161i da je poljoprivredno-prehrambeni Sajam u Gornjoj Radgoni izuzetno zna\u010dajan, pogotovo sa aspekta sticanja novih iskustava i pra\u0107enja trendova.<\/p>\n<p style=\"text-align: center;\"><img loading=\"lazy\" decoding=\"async\" class=\" size-full wp-image-1730\" src=\"http:\/\/spriv.vojvodina.gov.rs\/wp-content\/uploads\/2016\/08\/AGRA111.JPG\" border=\"0\" alt=\"\" width=\"600\" height=\"450\" srcset=\"https:\/\/spriv.vojvodina.gov.rs\/wp-content\/uploads\/2016\/08\/AGRA111.JPG 600w, https:\/\/spriv.vojvodina.gov.rs\/wp-content\/uploads\/2016\/08\/AGRA111-300x225.jpg 300w\" sizes=\"auto, (max-width: 600px) 100vw, 600px\" \/><\/p>\n<p style=\"text-align: justify;\">Tradicionalno obele\u017eavanje ,,Dana Vojvodine\u201c bi\u0107e uprili\u010deno u ponedeljak, 22. avgusta 2016. godine uz konferenciju za medije na \u0161tandu Sekretarijata, u prisustvu brojnih zvanica i posetilaca. Toga dana, predstavi\u0107e se i u\u010desnici zna\u010dajnog turisti\u010dko-privrednog projekta pod nazivom ,,Bogatstvo razli\u010ditosti\u201c, koje na jedinstven na\u010din oslikava multikulturolo\u0161ko znamenje vojvo\u0111anskih sela, multikonfesionalnost i multietni\u010dnost. Na taj na\u010din se kreira specifi\u010dan turisti\u010dki proizvod prepoznatljiv na svetskom turisti\u010dkom tr\u017ei\u0161tu.<\/p>\n<p style=\"text-align: justify;\">Ivan \u0110okovi\u0107 je prilikom radne posete Sloveniji obi\u0161ao i Biciklisti\u010dki kamp upotpunjen \u017ei\u010darom u Pohorju, \u010dije su struktura i funkcionalnost primer dobre prakse koji mo\u017ee poslu\u017eiti kao inspiracija za budu\u0107e turisti\u010dke projekte i podsticajne programe, \u010dime se znatno oboga\u0107uje ponuda Pokrajine. Pored toga, predvi\u0111ena je i poseta Hipodroma Ljutomer, gde Kasa\u010dki klub iz ovog mesta prire\u0111uje konji\u010dku manifestaciju Kasa\u010dki derbi, koji jeste jo\u0161 jedan u nizu primera dobre prakse, a uo\u010di predstoje\u0107eg 7. Me\u0111unarodnog sajma konjarstva i sersana na Novosadskom sajmu, koji se odr\u017eava krajem septembra.<\/p>\n<p style=\"text-align: center;\"><img loading=\"lazy\" decoding=\"async\" class=\" size-full wp-image-1731\" src=\"http:\/\/spriv.vojvodina.gov.rs\/wp-content\/uploads\/2016\/08\/AGRA3.JPG\" border=\"0\" alt=\"\" width=\"600\" height=\"450\" srcset=\"https:\/\/spriv.vojvodina.gov.rs\/wp-content\/uploads\/2016\/08\/AGRA3.JPG 600w, https:\/\/spriv.vojvodina.gov.rs\/wp-content\/uploads\/2016\/08\/AGRA3-300x225.jpg 300w\" sizes=\"auto, (max-width: 600px) 100vw, 600px\" \/><\/p>\n<p style=\"text-align: center;\"><img loading=\"lazy\" decoding=\"async\" class=\" size-full wp-image-1732\" src=\"http:\/\/spriv.vojvodina.gov.rs\/wp-content\/uploads\/2016\/08\/AGRA4.JPG\" border=\"0\" alt=\"\" width=\"600\" height=\"450\" srcset=\"https:\/\/spriv.vojvodina.gov.rs\/wp-content\/uploads\/2016\/08\/AGRA4.JPG 600w, https:\/\/spriv.vojvodina.gov.rs\/wp-content\/uploads\/2016\/08\/AGRA4-300x225.jpg 300w\" sizes=\"auto, (max-width: 600px) 100vw, 600px\" \/><\/p>\n<p style=\"text-align: center;\"><img loading=\"lazy\" decoding=\"async\" class=\" size-full wp-image-1733\" src=\"http:\/\/spriv.vojvodina.gov.rs\/wp-content\/uploads\/2016\/08\/AGRA5.JPG\" border=\"0\" alt=\"\" width=\"600\" height=\"450\" srcset=\"https:\/\/spriv.vojvodina.gov.rs\/wp-content\/uploads\/2016\/08\/AGRA5.JPG 600w, https:\/\/spriv.vojvodina.gov.rs\/wp-content\/uploads\/2016\/08\/AGRA5-300x225.jpg 300w\" sizes=\"auto, (max-width: 600px) 100vw, 600px\" \/><\/p>\n","protected":false},"excerpt":{"rendered":"Gornja Radgona, 20. avgust 2016. &#8211; Pokrajinski sekretarijat za privredu i turizam i ove godine u\u010destvuje na 54. Me\u0111unarodnom poljoprivredno \u2013 prehrambenom sajmu, sajmu sa najdu\u017eom tradicijom, koji se sredinom avgusta meseca svake godine odr\u017eava u Gornjoj Radgoni, Republika Slovenija. Na jubilarnom, desetom u\u010de\u0161\u0107u, raznovrsna ponuda proizvoda sa oznakom kvaliteta ,,Najbolje iz Vojvodine\u201c, kao i proizvoda sa oznakom geografskog porekla, obogatili su zajedni\u010dki izlo\u017ebeni prostor koji u najboljem svetlu predstavlja ponudu AP Vojvodine. U toku Sajma, uprili\u010deni su susreti sa zvani\u010dnicima iz Republike Slovenije.\n<a class=\"moretag\" href=\"https:\/\/spriv.vojvodina.gov.rs\/rs\/delegacija-sekretarijata-za-privredu-i-turizam-na-54-medunarodnom-poljoprivrednom-i-prehrambenom-sajmu-agra-2016-u-gornjoj-radgoni\/\"> [...]<\/a>","protected":false},"author":3,"featured_media":1726,"comment_status":"closed","ping_status":"closed","sticky":false,"template":"","format":"standard","meta":{"footnotes":""},"categories":[31],"tags":[],"class_list":["post-1735","post","type-post","status-publish","format-standard","has-post-thumbnail","hentry","category-vesti-latinica1"],"yoast_head":"<!-- This site is optimized with the Yoast SEO plugin v27.4 - https:\/\/yoast.com\/product\/yoast-seo-wordpress\/ -->\n<title>Delegacija Sekretarijata za privredu i turizam na 54. Me\u0111unarodnom poljoprivrednom i prehrambenom sajmu AGRA 2016 u Gornjoj Radgoni - \u041f\u043e\u043a\u0440\u0430\u0458\u0438\u043d\u0441\u043a\u0438 \u0441\u0435\u043a\u0440\u0435\u0442\u0430\u0440\u0438\u0458\u0430\u0442 \u0437\u0430 \u043f\u0440\u0438\u0432\u0440\u0435\u0434\u0443 \u0438 \u0442\u0443\u0440\u0438\u0437\u0430\u043c<\/title>\n<meta name=\"robots\" content=\"index, follow, max-snippet:-1, max-image-preview:large, max-video-preview:-1\" \/>\n<link rel=\"canonical\" href=\"https:\/\/spriv.vojvodina.gov.rs\/rs\/delegacija-sekretarijata-za-privredu-i-turizam-na-54-medunarodnom-poljoprivrednom-i-prehrambenom-sajmu-agra-2016-u-gornjoj-radgoni\/\" \/>\n<meta property=\"og:locale\" content=\"sr_RS\" \/>\n<meta property=\"og:type\" content=\"article\" \/>\n<meta property=\"og:title\" content=\"Delegacija Sekretarijata za privredu i turizam na 54. Me\u0111unarodnom poljoprivrednom i prehrambenom sajmu AGRA 2016 u Gornjoj Radgoni - \u041f\u043e\u043a\u0440\u0430\u0458\u0438\u043d\u0441\u043a\u0438 \u0441\u0435\u043a\u0440\u0435\u0442\u0430\u0440\u0438\u0458\u0430\u0442 \u0437\u0430 \u043f\u0440\u0438\u0432\u0440\u0435\u0434\u0443 \u0438 \u0442\u0443\u0440\u0438\u0437\u0430\u043c\" \/>\n<meta property=\"og:description\" content=\"Gornja Radgona, 20. avgust 2016. - Pokrajinski sekretarijat za privredu i turizam i ove godine u\u010destvuje na 54. Me\u0111unarodnom poljoprivredno \u2013 prehrambenom sajmu, sajmu sa najdu\u017eom tradicijom, koji se sredinom avgusta meseca svake godine odr\u017eava u Gornjoj Radgoni, Republika Slovenija. Na jubilarnom, desetom u\u010de\u0161\u0107u, raznovrsna ponuda proizvoda sa oznakom kvaliteta ,,Najbolje iz Vojvodine\u201c, kao i proizvoda sa oznakom geografskog porekla, obogatili su zajedni\u010dki izlo\u017ebeni prostor koji u najboljem svetlu predstavlja ponudu AP Vojvodine. U toku Sajma, uprili\u010deni su susreti sa zvani\u010dnicima iz Republike Slovenije.\" \/>\n<meta property=\"og:url\" content=\"https:\/\/spriv.vojvodina.gov.rs\/delegacija-sekretarijata-za-privredu-i-turizam-na-54-medunarodnom-poljoprivrednom-i-prehrambenom-sajmu-agra-2016-u-gornjoj-radgoni\/\" \/>\n<meta property=\"og:site_name\" content=\"\u041f\u043e\u043a\u0440\u0430\u0458\u0438\u043d\u0441\u043a\u0438 \u0441\u0435\u043a\u0440\u0435\u0442\u0430\u0440\u0438\u0458\u0430\u0442 \u0437\u0430 \u043f\u0440\u0438\u0432\u0440\u0435\u0434\u0443 \u0438 \u0442\u0443\u0440\u0438\u0437\u0430\u043c\" \/>\n<meta property=\"article:published_time\" content=\"2016-08-20T10:25:00+00:00\" \/>\n<meta property=\"og:image\" content=\"https:\/\/spriv.vojvodina.gov.rs\/wp-content\/uploads\/2016\/08\/AGRA_mala.JPG\" \/>\n\t<meta property=\"og:image:width\" content=\"150\" \/>\n\t<meta property=\"og:image:height\" content=\"100\" \/>\n\t<meta property=\"og:image:type\" content=\"image\/jpeg\" \/>\n<meta name=\"author\" content=\"Sonja Babi\u0107\" \/>\n<meta name=\"twitter:card\" content=\"summary_large_image\" \/>\n<meta name=\"twitter:label1\" content=\"\u041d\u0430\u043f\u0438\u0441\u0430\u043d\u043e \u043e\u0434\" \/>\n\t<meta name=\"twitter:data1\" content=\"Sonja Babi\u0107\" \/>\n\t<meta name=\"twitter:label2\" content=\"\u041f\u0440\u043e\u0446\u0435\u045a\u0435\u043d\u043e \u0432\u0440\u0435\u043c\u0435 \u0447\u0438\u0442\u0430\u045a\u0430\" \/>\n\t<meta name=\"twitter:data2\" content=\"2 \u043c\u0438\u043d\u0443\u0442\u0430\" \/>\n<script type=\"application\/ld+json\" class=\"yoast-schema-graph\">{\"@context\":\"https:\\\/\\\/schema.org\",\"@graph\":[{\"@type\":\"Article\",\"@id\":\"https:\\\/\\\/spriv.vojvodina.gov.rs\\\/delegacija-sekretarijata-za-privredu-i-turizam-na-54-medunarodnom-poljoprivrednom-i-prehrambenom-sajmu-agra-2016-u-gornjoj-radgoni\\\/#article\",\"isPartOf\":{\"@id\":\"https:\\\/\\\/spriv.vojvodina.gov.rs\\\/delegacija-sekretarijata-za-privredu-i-turizam-na-54-medunarodnom-poljoprivrednom-i-prehrambenom-sajmu-agra-2016-u-gornjoj-radgoni\\\/\"},\"author\":{\"name\":\"Sonja Babi\u0107\",\"@id\":\"https:\\\/\\\/spriv.vojvodina.gov.rs\\\/#\\\/schema\\\/person\\\/749ef4f57fbb458f1c759e7a4fa78485\"},\"headline\":\"Delegacija Sekretarijata za privredu i turizam na 54. Me\u0111unarodnom poljoprivrednom i prehrambenom sajmu AGRA 2016 u Gornjoj Radgoni\",\"datePublished\":\"2016-08-20T10:25:00+00:00\",\"mainEntityOfPage\":{\"@id\":\"https:\\\/\\\/spriv.vojvodina.gov.rs\\\/delegacija-sekretarijata-za-privredu-i-turizam-na-54-medunarodnom-poljoprivrednom-i-prehrambenom-sajmu-agra-2016-u-gornjoj-radgoni\\\/\"},\"wordCount\":438,\"image\":{\"@id\":\"https:\\\/\\\/spriv.vojvodina.gov.rs\\\/delegacija-sekretarijata-za-privredu-i-turizam-na-54-medunarodnom-poljoprivrednom-i-prehrambenom-sajmu-agra-2016-u-gornjoj-radgoni\\\/#primaryimage\"},\"thumbnailUrl\":\"https:\\\/\\\/spriv.vojvodina.gov.rs\\\/wp-content\\\/uploads\\\/2016\\\/08\\\/AGRA_mala.JPG\",\"articleSection\":[\"Vesti Latinica\"],\"inLanguage\":\"sr-RS\"},{\"@type\":\"WebPage\",\"@id\":\"https:\\\/\\\/spriv.vojvodina.gov.rs\\\/delegacija-sekretarijata-za-privredu-i-turizam-na-54-medunarodnom-poljoprivrednom-i-prehrambenom-sajmu-agra-2016-u-gornjoj-radgoni\\\/\",\"url\":\"https:\\\/\\\/spriv.vojvodina.gov.rs\\\/delegacija-sekretarijata-za-privredu-i-turizam-na-54-medunarodnom-poljoprivrednom-i-prehrambenom-sajmu-agra-2016-u-gornjoj-radgoni\\\/\",\"name\":\"Delegacija Sekretarijata za privredu i turizam na 54. Me\u0111unarodnom poljoprivrednom i prehrambenom sajmu AGRA 2016 u Gornjoj Radgoni - \u041f\u043e\u043a\u0440\u0430\u0458\u0438\u043d\u0441\u043a\u0438 \u0441\u0435\u043a\u0440\u0435\u0442\u0430\u0440\u0438\u0458\u0430\u0442 \u0437\u0430 \u043f\u0440\u0438\u0432\u0440\u0435\u0434\u0443 \u0438 \u0442\u0443\u0440\u0438\u0437\u0430\u043c\",\"isPartOf\":{\"@id\":\"https:\\\/\\\/spriv.vojvodina.gov.rs\\\/#website\"},\"primaryImageOfPage\":{\"@id\":\"https:\\\/\\\/spriv.vojvodina.gov.rs\\\/delegacija-sekretarijata-za-privredu-i-turizam-na-54-medunarodnom-poljoprivrednom-i-prehrambenom-sajmu-agra-2016-u-gornjoj-radgoni\\\/#primaryimage\"},\"image\":{\"@id\":\"https:\\\/\\\/spriv.vojvodina.gov.rs\\\/delegacija-sekretarijata-za-privredu-i-turizam-na-54-medunarodnom-poljoprivrednom-i-prehrambenom-sajmu-agra-2016-u-gornjoj-radgoni\\\/#primaryimage\"},\"thumbnailUrl\":\"https:\\\/\\\/spriv.vojvodina.gov.rs\\\/wp-content\\\/uploads\\\/2016\\\/08\\\/AGRA_mala.JPG\",\"datePublished\":\"2016-08-20T10:25:00+00:00\",\"author\":{\"@id\":\"https:\\\/\\\/spriv.vojvodina.gov.rs\\\/#\\\/schema\\\/person\\\/749ef4f57fbb458f1c759e7a4fa78485\"},\"breadcrumb\":{\"@id\":\"https:\\\/\\\/spriv.vojvodina.gov.rs\\\/delegacija-sekretarijata-za-privredu-i-turizam-na-54-medunarodnom-poljoprivrednom-i-prehrambenom-sajmu-agra-2016-u-gornjoj-radgoni\\\/#breadcrumb\"},\"inLanguage\":\"sr-RS\",\"potentialAction\":[{\"@type\":\"ReadAction\",\"target\":[\"https:\\\/\\\/spriv.vojvodina.gov.rs\\\/delegacija-sekretarijata-za-privredu-i-turizam-na-54-medunarodnom-poljoprivrednom-i-prehrambenom-sajmu-agra-2016-u-gornjoj-radgoni\\\/\"]}]},{\"@type\":\"ImageObject\",\"inLanguage\":\"sr-RS\",\"@id\":\"https:\\\/\\\/spriv.vojvodina.gov.rs\\\/delegacija-sekretarijata-za-privredu-i-turizam-na-54-medunarodnom-poljoprivrednom-i-prehrambenom-sajmu-agra-2016-u-gornjoj-radgoni\\\/#primaryimage\",\"url\":\"https:\\\/\\\/spriv.vojvodina.gov.rs\\\/wp-content\\\/uploads\\\/2016\\\/08\\\/AGRA_mala.JPG\",\"contentUrl\":\"https:\\\/\\\/spriv.vojvodina.gov.rs\\\/wp-content\\\/uploads\\\/2016\\\/08\\\/AGRA_mala.JPG\",\"width\":150,\"height\":100},{\"@type\":\"BreadcrumbList\",\"@id\":\"https:\\\/\\\/spriv.vojvodina.gov.rs\\\/delegacija-sekretarijata-za-privredu-i-turizam-na-54-medunarodnom-poljoprivrednom-i-prehrambenom-sajmu-agra-2016-u-gornjoj-radgoni\\\/#breadcrumb\",\"itemListElement\":[{\"@type\":\"ListItem\",\"position\":1,\"name\":\"Home\",\"item\":\"https:\\\/\\\/spriv.vojvodina.gov.rs\\\/\"},{\"@type\":\"ListItem\",\"position\":2,\"name\":\"Delegacija Sekretarijata za privredu i turizam na 54. Me\u0111unarodnom poljoprivrednom i prehrambenom sajmu AGRA 2016 u Gornjoj Radgoni\"}]},{\"@type\":\"WebSite\",\"@id\":\"https:\\\/\\\/spriv.vojvodina.gov.rs\\\/#website\",\"url\":\"https:\\\/\\\/spriv.vojvodina.gov.rs\\\/\",\"name\":\"\u041f\u043e\u043a\u0440\u0430\u0458\u0438\u043d\u0441\u043a\u0438 \u0441\u0435\u043a\u0440\u0435\u0442\u0430\u0440\u0438\u0458\u0430\u0442 \u0437\u0430 \u043f\u0440\u0438\u0432\u0440\u0435\u0434\u0443 \u0438 \u0442\u0443\u0440\u0438\u0437\u0430\u043c\",\"description\":\"\u041f\u043e\u043a\u0440\u0430\u0458\u0438\u043d\u0441\u043a\u0438 \u0441\u0435\u043a\u0440\u0435\u0442\u0430\u0440\u0438\u0458\u0430\u0442 \u0437\u0430 \u043f\u0440\u0438\u0432\u0440\u0435\u0434\u0443 \u0438 \u0442\u0443\u0440\u0438\u0437\u0430\u043c\",\"potentialAction\":[{\"@type\":\"SearchAction\",\"target\":{\"@type\":\"EntryPoint\",\"urlTemplate\":\"https:\\\/\\\/spriv.vojvodina.gov.rs\\\/?s={search_term_string}\"},\"query-input\":{\"@type\":\"PropertyValueSpecification\",\"valueRequired\":true,\"valueName\":\"search_term_string\"}}],\"inLanguage\":\"sr-RS\"},{\"@type\":\"Person\",\"@id\":\"https:\\\/\\\/spriv.vojvodina.gov.rs\\\/#\\\/schema\\\/person\\\/749ef4f57fbb458f1c759e7a4fa78485\",\"name\":\"Sonja Babi\u0107\",\"image\":{\"@type\":\"ImageObject\",\"inLanguage\":\"sr-RS\",\"@id\":\"https:\\\/\\\/secure.gravatar.com\\\/avatar\\\/00a1d182a20a59067af1e7b1c31cbcc3be1a456ee4b27746580e120c2582e5bd?s=96&d=mm&r=g\",\"url\":\"https:\\\/\\\/secure.gravatar.com\\\/avatar\\\/00a1d182a20a59067af1e7b1c31cbcc3be1a456ee4b27746580e120c2582e5bd?s=96&d=mm&r=g\",\"contentUrl\":\"https:\\\/\\\/secure.gravatar.com\\\/avatar\\\/00a1d182a20a59067af1e7b1c31cbcc3be1a456ee4b27746580e120c2582e5bd?s=96&d=mm&r=g\",\"caption\":\"Sonja Babi\u0107\"},\"url\":\"https:\\\/\\\/spriv.vojvodina.gov.rs\\\/rs\\\/author\\\/sonja-babic\\\/\"}]}<\/script>\n<!-- \/ Yoast SEO plugin. -->","yoast_head_json":{"title":"Delegacija Sekretarijata za privredu i turizam na 54. Me\u0111unarodnom poljoprivrednom i prehrambenom sajmu AGRA 2016 u Gornjoj Radgoni - \u041f\u043e\u043a\u0440\u0430\u0458\u0438\u043d\u0441\u043a\u0438 \u0441\u0435\u043a\u0440\u0435\u0442\u0430\u0440\u0438\u0458\u0430\u0442 \u0437\u0430 \u043f\u0440\u0438\u0432\u0440\u0435\u0434\u0443 \u0438 \u0442\u0443\u0440\u0438\u0437\u0430\u043c","robots":{"index":"index","follow":"follow","max-snippet":"max-snippet:-1","max-image-preview":"max-image-preview:large","max-video-preview":"max-video-preview:-1"},"canonical":"https:\/\/spriv.vojvodina.gov.rs\/rs\/delegacija-sekretarijata-za-privredu-i-turizam-na-54-medunarodnom-poljoprivrednom-i-prehrambenom-sajmu-agra-2016-u-gornjoj-radgoni\/","og_locale":"sr_RS","og_type":"article","og_title":"Delegacija Sekretarijata za privredu i turizam na 54. Me\u0111unarodnom poljoprivrednom i prehrambenom sajmu AGRA 2016 u Gornjoj Radgoni - \u041f\u043e\u043a\u0440\u0430\u0458\u0438\u043d\u0441\u043a\u0438 \u0441\u0435\u043a\u0440\u0435\u0442\u0430\u0440\u0438\u0458\u0430\u0442 \u0437\u0430 \u043f\u0440\u0438\u0432\u0440\u0435\u0434\u0443 \u0438 \u0442\u0443\u0440\u0438\u0437\u0430\u043c","og_description":"Gornja Radgona, 20. avgust 2016. - Pokrajinski sekretarijat za privredu i turizam i ove godine u\u010destvuje na 54. Me\u0111unarodnom poljoprivredno \u2013 prehrambenom sajmu, sajmu sa najdu\u017eom tradicijom, koji se sredinom avgusta meseca svake godine odr\u017eava u Gornjoj Radgoni, Republika Slovenija. Na jubilarnom, desetom u\u010de\u0161\u0107u, raznovrsna ponuda proizvoda sa oznakom kvaliteta ,,Najbolje iz Vojvodine\u201c, kao i proizvoda sa oznakom geografskog porekla, obogatili su zajedni\u010dki izlo\u017ebeni prostor koji u najboljem svetlu predstavlja ponudu AP Vojvodine. U toku Sajma, uprili\u010deni su susreti sa zvani\u010dnicima iz Republike Slovenije.","og_url":"https:\/\/spriv.vojvodina.gov.rs\/delegacija-sekretarijata-za-privredu-i-turizam-na-54-medunarodnom-poljoprivrednom-i-prehrambenom-sajmu-agra-2016-u-gornjoj-radgoni\/","og_site_name":"\u041f\u043e\u043a\u0440\u0430\u0458\u0438\u043d\u0441\u043a\u0438 \u0441\u0435\u043a\u0440\u0435\u0442\u0430\u0440\u0438\u0458\u0430\u0442 \u0437\u0430 \u043f\u0440\u0438\u0432\u0440\u0435\u0434\u0443 \u0438 \u0442\u0443\u0440\u0438\u0437\u0430\u043c","article_published_time":"2016-08-20T10:25:00+00:00","og_image":[{"width":150,"height":100,"url":"https:\/\/spriv.vojvodina.gov.rs\/wp-content\/uploads\/2016\/08\/AGRA_mala.JPG","type":"image\/jpeg"}],"author":"Sonja Babi\u0107","twitter_card":"summary_large_image","twitter_misc":{"\u041d\u0430\u043f\u0438\u0441\u0430\u043d\u043e \u043e\u0434":"Sonja Babi\u0107","\u041f\u0440\u043e\u0446\u0435\u045a\u0435\u043d\u043e \u0432\u0440\u0435\u043c\u0435 \u0447\u0438\u0442\u0430\u045a\u0430":"2 \u043c\u0438\u043d\u0443\u0442\u0430"},"schema":{"@context":"https:\/\/schema.org","@graph":[{"@type":"Article","@id":"https:\/\/spriv.vojvodina.gov.rs\/delegacija-sekretarijata-za-privredu-i-turizam-na-54-medunarodnom-poljoprivrednom-i-prehrambenom-sajmu-agra-2016-u-gornjoj-radgoni\/#article","isPartOf":{"@id":"https:\/\/spriv.vojvodina.gov.rs\/delegacija-sekretarijata-za-privredu-i-turizam-na-54-medunarodnom-poljoprivrednom-i-prehrambenom-sajmu-agra-2016-u-gornjoj-radgoni\/"},"author":{"name":"Sonja Babi\u0107","@id":"https:\/\/spriv.vojvodina.gov.rs\/#\/schema\/person\/749ef4f57fbb458f1c759e7a4fa78485"},"headline":"Delegacija Sekretarijata za privredu i turizam na 54. Me\u0111unarodnom poljoprivrednom i prehrambenom sajmu AGRA 2016 u Gornjoj Radgoni","datePublished":"2016-08-20T10:25:00+00:00","mainEntityOfPage":{"@id":"https:\/\/spriv.vojvodina.gov.rs\/delegacija-sekretarijata-za-privredu-i-turizam-na-54-medunarodnom-poljoprivrednom-i-prehrambenom-sajmu-agra-2016-u-gornjoj-radgoni\/"},"wordCount":438,"image":{"@id":"https:\/\/spriv.vojvodina.gov.rs\/delegacija-sekretarijata-za-privredu-i-turizam-na-54-medunarodnom-poljoprivrednom-i-prehrambenom-sajmu-agra-2016-u-gornjoj-radgoni\/#primaryimage"},"thumbnailUrl":"https:\/\/spriv.vojvodina.gov.rs\/wp-content\/uploads\/2016\/08\/AGRA_mala.JPG","articleSection":["Vesti Latinica"],"inLanguage":"sr-RS"},{"@type":"WebPage","@id":"https:\/\/spriv.vojvodina.gov.rs\/delegacija-sekretarijata-za-privredu-i-turizam-na-54-medunarodnom-poljoprivrednom-i-prehrambenom-sajmu-agra-2016-u-gornjoj-radgoni\/","url":"https:\/\/spriv.vojvodina.gov.rs\/delegacija-sekretarijata-za-privredu-i-turizam-na-54-medunarodnom-poljoprivrednom-i-prehrambenom-sajmu-agra-2016-u-gornjoj-radgoni\/","name":"Delegacija Sekretarijata za privredu i turizam na 54. Me\u0111unarodnom poljoprivrednom i prehrambenom sajmu AGRA 2016 u Gornjoj Radgoni - \u041f\u043e\u043a\u0440\u0430\u0458\u0438\u043d\u0441\u043a\u0438 \u0441\u0435\u043a\u0440\u0435\u0442\u0430\u0440\u0438\u0458\u0430\u0442 \u0437\u0430 \u043f\u0440\u0438\u0432\u0440\u0435\u0434\u0443 \u0438 \u0442\u0443\u0440\u0438\u0437\u0430\u043c","isPartOf":{"@id":"https:\/\/spriv.vojvodina.gov.rs\/#website"},"primaryImageOfPage":{"@id":"https:\/\/spriv.vojvodina.gov.rs\/delegacija-sekretarijata-za-privredu-i-turizam-na-54-medunarodnom-poljoprivrednom-i-prehrambenom-sajmu-agra-2016-u-gornjoj-radgoni\/#primaryimage"},"image":{"@id":"https:\/\/spriv.vojvodina.gov.rs\/delegacija-sekretarijata-za-privredu-i-turizam-na-54-medunarodnom-poljoprivrednom-i-prehrambenom-sajmu-agra-2016-u-gornjoj-radgoni\/#primaryimage"},"thumbnailUrl":"https:\/\/spriv.vojvodina.gov.rs\/wp-content\/uploads\/2016\/08\/AGRA_mala.JPG","datePublished":"2016-08-20T10:25:00+00:00","author":{"@id":"https:\/\/spriv.vojvodina.gov.rs\/#\/schema\/person\/749ef4f57fbb458f1c759e7a4fa78485"},"breadcrumb":{"@id":"https:\/\/spriv.vojvodina.gov.rs\/delegacija-sekretarijata-za-privredu-i-turizam-na-54-medunarodnom-poljoprivrednom-i-prehrambenom-sajmu-agra-2016-u-gornjoj-radgoni\/#breadcrumb"},"inLanguage":"sr-RS","potentialAction":[{"@type":"ReadAction","target":["https:\/\/spriv.vojvodina.gov.rs\/delegacija-sekretarijata-za-privredu-i-turizam-na-54-medunarodnom-poljoprivrednom-i-prehrambenom-sajmu-agra-2016-u-gornjoj-radgoni\/"]}]},{"@type":"ImageObject","inLanguage":"sr-RS","@id":"https:\/\/spriv.vojvodina.gov.rs\/delegacija-sekretarijata-za-privredu-i-turizam-na-54-medunarodnom-poljoprivrednom-i-prehrambenom-sajmu-agra-2016-u-gornjoj-radgoni\/#primaryimage","url":"https:\/\/spriv.vojvodina.gov.rs\/wp-content\/uploads\/2016\/08\/AGRA_mala.JPG","contentUrl":"https:\/\/spriv.vojvodina.gov.rs\/wp-content\/uploads\/2016\/08\/AGRA_mala.JPG","width":150,"height":100},{"@type":"BreadcrumbList","@id":"https:\/\/spriv.vojvodina.gov.rs\/delegacija-sekretarijata-za-privredu-i-turizam-na-54-medunarodnom-poljoprivrednom-i-prehrambenom-sajmu-agra-2016-u-gornjoj-radgoni\/#breadcrumb","itemListElement":[{"@type":"ListItem","position":1,"name":"Home","item":"https:\/\/spriv.vojvodina.gov.rs\/"},{"@type":"ListItem","position":2,"name":"Delegacija Sekretarijata za privredu i turizam na 54. Me\u0111unarodnom poljoprivrednom i prehrambenom sajmu AGRA 2016 u Gornjoj Radgoni"}]},{"@type":"WebSite","@id":"https:\/\/spriv.vojvodina.gov.rs\/#website","url":"https:\/\/spriv.vojvodina.gov.rs\/","name":"\u041f\u043e\u043a\u0440\u0430\u0458\u0438\u043d\u0441\u043a\u0438 \u0441\u0435\u043a\u0440\u0435\u0442\u0430\u0440\u0438\u0458\u0430\u0442 \u0437\u0430 \u043f\u0440\u0438\u0432\u0440\u0435\u0434\u0443 \u0438 \u0442\u0443\u0440\u0438\u0437\u0430\u043c","description":"\u041f\u043e\u043a\u0440\u0430\u0458\u0438\u043d\u0441\u043a\u0438 \u0441\u0435\u043a\u0440\u0435\u0442\u0430\u0440\u0438\u0458\u0430\u0442 \u0437\u0430 \u043f\u0440\u0438\u0432\u0440\u0435\u0434\u0443 \u0438 \u0442\u0443\u0440\u0438\u0437\u0430\u043c","potentialAction":[{"@type":"SearchAction","target":{"@type":"EntryPoint","urlTemplate":"https:\/\/spriv.vojvodina.gov.rs\/?s={search_term_string}"},"query-input":{"@type":"PropertyValueSpecification","valueRequired":true,"valueName":"search_term_string"}}],"inLanguage":"sr-RS"},{"@type":"Person","@id":"https:\/\/spriv.vojvodina.gov.rs\/#\/schema\/person\/749ef4f57fbb458f1c759e7a4fa78485","name":"Sonja Babi\u0107","image":{"@type":"ImageObject","inLanguage":"sr-RS","@id":"https:\/\/secure.gravatar.com\/avatar\/00a1d182a20a59067af1e7b1c31cbcc3be1a456ee4b27746580e120c2582e5bd?s=96&d=mm&r=g","url":"https:\/\/secure.gravatar.com\/avatar\/00a1d182a20a59067af1e7b1c31cbcc3be1a456ee4b27746580e120c2582e5bd?s=96&d=mm&r=g","contentUrl":"https:\/\/secure.gravatar.com\/avatar\/00a1d182a20a59067af1e7b1c31cbcc3be1a456ee4b27746580e120c2582e5bd?s=96&d=mm&r=g","caption":"Sonja Babi\u0107"},"url":"https:\/\/spriv.vojvodina.gov.rs\/rs\/author\/sonja-babic\/"}]}},"_links":{"self":[{"href":"https:\/\/spriv.vojvodina.gov.rs\/rs\/wp-json\/wp\/v2\/posts\/1735","targetHints":{"allow":["GET"]}}],"collection":[{"href":"https:\/\/spriv.vojvodina.gov.rs\/rs\/wp-json\/wp\/v2\/posts"}],"about":[{"href":"https:\/\/spriv.vojvodina.gov.rs\/rs\/wp-json\/wp\/v2\/types\/post"}],"author":[{"embeddable":true,"href":"https:\/\/spriv.vojvodina.gov.rs\/rs\/wp-json\/wp\/v2\/users\/3"}],"replies":[{"embeddable":true,"href":"https:\/\/spriv.vojvodina.gov.rs\/rs\/wp-json\/wp\/v2\/comments?post=1735"}],"version-history":[{"count":0,"href":"https:\/\/spriv.vojvodina.gov.rs\/rs\/wp-json\/wp\/v2\/posts\/1735\/revisions"}],"wp:featuredmedia":[{"embeddable":true,"href":"https:\/\/spriv.vojvodina.gov.rs\/rs\/wp-json\/wp\/v2\/media\/1726"}],"wp:attachment":[{"href":"https:\/\/spriv.vojvodina.gov.rs\/rs\/wp-json\/wp\/v2\/media?parent=1735"}],"wp:term":[{"taxonomy":"category","embeddable":true,"href":"https:\/\/spriv.vojvodina.gov.rs\/rs\/wp-json\/wp\/v2\/categories?post=1735"},{"taxonomy":"post_tag","embeddable":true,"href":"https:\/\/spriv.vojvodina.gov.rs\/rs\/wp-json\/wp\/v2\/tags?post=1735"}],"curies":[{"name":"wp","href":"https:\/\/api.w.org\/{rel}","templated":true}]}}