{"id":1725,"date":"2016-08-21T10:15:22","date_gmt":"2016-08-21T10:15:22","guid":{"rendered":"http:\/\/spriv.vojvodina.gov.rs\/2016\/08\/21\/susret-potpredsednika-pokrajinske-vlade-ivana-dokovica-i-ministra-poljoprivrede-sumarstva-i-prehrane-slovenije-dejana-zidana\/"},"modified":"2016-08-21T10:15:22","modified_gmt":"2016-08-21T10:15:22","slug":"susret-potpredsednika-pokrajinske-vlade-ivana-dokovica-i-ministra-poljoprivrede-sumarstva-i-prehrane-slovenije-dejana-zidana","status":"publish","type":"post","link":"https:\/\/spriv.vojvodina.gov.rs\/rs\/susret-potpredsednika-pokrajinske-vlade-ivana-dokovica-i-ministra-poljoprivrede-sumarstva-i-prehrane-slovenije-dejana-zidana\/","title":{"rendered":"Susret potpredsednika Pokrajinske vlade Ivana \u0110okovi\u0107a i ministra poljoprivrede, \u0161umarstva i prehrane Slovenije Dejana \u017didana"},"content":{"rendered":"<p style=\"text-align: center;\"><img loading=\"lazy\" decoding=\"async\" class=\" size-full wp-image-1719\" src=\"http:\/\/spriv.vojvodina.gov.rs\/wp-content\/uploads\/2016\/08\/Zidan111.JPG\" border=\"0\" alt=\"\" width=\"600\" height=\"450\" srcset=\"https:\/\/spriv.vojvodina.gov.rs\/wp-content\/uploads\/2016\/08\/Zidan111.JPG 600w, https:\/\/spriv.vojvodina.gov.rs\/wp-content\/uploads\/2016\/08\/Zidan111-300x225.jpg 300w\" sizes=\"auto, (max-width: 600px) 100vw, 600px\" \/><\/p>\n<p style=\"text-align: justify;\">U okviru radne posete Sloveniji, na 54. Me\u0111unarodnom poljoprivredno \u2013 prehrambenom sajmu u Gornjoj Radgoni, potpredsednik Pokrajinske vlade i pokrajinski sekretar za privredu i turizam, Ivan \u0110okovi\u0107, sastao se sa ministrom poljoprivrede, \u0161umarstva i prehrane pri Vladi Republike Slovenije, Dejanom \u017didanom. \u0110okovi\u0107 i \u017didan su razmatrali mogu\u0107nosti produbljivanja saradnje, razmene iskustava, kao i o novim koncepcijskim re\u0161enjima za unapre\u0111enje pojedinih oblasti.<\/p>\n<p style=\"text-align: center;\"><img loading=\"lazy\" decoding=\"async\" class=\" size-full wp-image-1720\" src=\"http:\/\/spriv.vojvodina.gov.rs\/wp-content\/uploads\/2016\/08\/Zidan2.JPG\" border=\"0\" alt=\"\" width=\"600\" height=\"450\" srcset=\"https:\/\/spriv.vojvodina.gov.rs\/wp-content\/uploads\/2016\/08\/Zidan2.JPG 600w, https:\/\/spriv.vojvodina.gov.rs\/wp-content\/uploads\/2016\/08\/Zidan2-300x225.jpg 300w\" sizes=\"auto, (max-width: 600px) 100vw, 600px\" \/><\/p>\n<p style=\"text-align: justify;\">,,Spoljno-trgovinska razmena izme\u0111u Slovenije i AP Vojvodine je u suficitu, dok 30 slovena\u010dkih kompanija investiralo upravo na teritoriji Vojvodine u iznosu od oko 500 miliona evra, pri \u010demu zapo\u0161ljavaju pribli\u017eno 7.000 ljudi. To je veoma zna\u010dajna \u010dinjenica. Najve\u0107i izvozni potencijal Vojvodine je poljoprivreda, \u0161to otvara prostor za unapre\u0111enje saradnje u pogledu primarnih poljoprivrednih proizvoda i agroindustrije\u201c, rekao je potpredsednik \u0110okovi\u0107, napomenuv\u0161i da je razmena iskustava i pra\u0107enje privrednih tokova i trendova od strate\u0161kog zna\u010daja za unapre\u0111enje poljoprivrede i turizma kao privredne grane koja u AP Vojvodini i Srbiji bele\u017ei rast.<\/p>\n<p style=\"text-align: center;\"><img loading=\"lazy\" decoding=\"async\" class=\" size-full wp-image-1721\" src=\"http:\/\/spriv.vojvodina.gov.rs\/wp-content\/uploads\/2016\/08\/Zidan11.JPG\" border=\"0\" alt=\"\" width=\"600\" height=\"450\" srcset=\"https:\/\/spriv.vojvodina.gov.rs\/wp-content\/uploads\/2016\/08\/Zidan11.JPG 600w, https:\/\/spriv.vojvodina.gov.rs\/wp-content\/uploads\/2016\/08\/Zidan11-300x225.jpg 300w\" sizes=\"auto, (max-width: 600px) 100vw, 600px\" \/><\/p>\n<p style=\"text-align: justify;\">U okviru sopstvenih nadle\u017enosti, \u0110okovi\u0107 isti\u010de va\u017enost ulaganja u revitalizaciju banja i banjskog turizma, navode\u0107i da je potrebno iskoristiti termalne vode kojima Pokrajina raspola\u017ee, po uzoru na Sloveniju, jer u Vojvodini postoje geotermalni izvori koji su nedovoljno iskori\u0161\u0107eni, a svega je pet banja, odnosno le\u010dili\u0161ta.<\/p>\n<p style=\"text-align: justify;\">,,Pokrajinski sekretarijat za privredu i turizam nastoji koncepcijski da promeni pristup unapre\u0111enju i promociji turizma u AP Vojvodini, pre svega u vidu aktivnog odmora i biciklizma, s obzirom da kroz njenu teritoriji prolazi me\u0111unarodna ruta Eurovelo 6, a njom i 20.000 biciklista na godi\u0161njem nivou. \u017delimo da otvorimo i potencijale Dunava, \u0161to predstavlja jedan od strate\u0161kih koraka. Tr\u017ei\u0161te Slovenije je prepoznato kao ciljno tr\u017ei\u0161te u okviru ove sfere. U narednom periodu promovisa\u0107emo turisti\u010dke brendove Vojvodine, na na\u010din koji nas oslikava kao dobre doma\u0107ine koji osna\u017euju kulturolo\u0161ku saradnju i neguju prijateljske odnose\u201c, dodao je \u0110okovi\u0107.<\/p>\n<p style=\"text-align: center;\"><img loading=\"lazy\" decoding=\"async\" class=\" size-full wp-image-1722\" src=\"http:\/\/spriv.vojvodina.gov.rs\/wp-content\/uploads\/2016\/08\/Zidan3.JPG\" border=\"0\" alt=\"\" width=\"600\" height=\"450\" srcset=\"https:\/\/spriv.vojvodina.gov.rs\/wp-content\/uploads\/2016\/08\/Zidan3.JPG 600w, https:\/\/spriv.vojvodina.gov.rs\/wp-content\/uploads\/2016\/08\/Zidan3-300x225.jpg 300w\" sizes=\"auto, (max-width: 600px) 100vw, 600px\" \/><\/p>\n<p style=\"text-align: center;\"><img loading=\"lazy\" decoding=\"async\" class=\" size-full wp-image-1723\" src=\"http:\/\/spriv.vojvodina.gov.rs\/wp-content\/uploads\/2016\/08\/Zidan5.JPG\" border=\"0\" alt=\"\" width=\"600\" height=\"450\" srcset=\"https:\/\/spriv.vojvodina.gov.rs\/wp-content\/uploads\/2016\/08\/Zidan5.JPG 600w, https:\/\/spriv.vojvodina.gov.rs\/wp-content\/uploads\/2016\/08\/Zidan5-300x225.jpg 300w\" sizes=\"auto, (max-width: 600px) 100vw, 600px\" \/><\/p>\n","protected":false},"excerpt":{"rendered":"Gornja Radgona, 21. avgust 2016. &#8211; U okviru radne posete Sloveniji, na 54. Me\u0111unarodnom poljoprivredno \u2013 prehrambenom sajmu u Gornjoj Radgoni, potpredsednik Pokrajinske vlade i pokrajinski sekretar za privredu i turizam, Ivan \u0110okovi\u0107, sastao se sa ministrom poljoprivrede, \u0161umarstva i prehrane pri Vladi Republike Slovenije, Dejanom \u017didanom. \u0110okovi\u0107 i \u017didan su razmatrali mogu\u0107nosti produbljivanja saradnje, razmene iskustava, kao i o novim koncepcijskim re\u0161enjima za unapre\u0111enje pojedinih oblasti.\n<a class=\"moretag\" href=\"https:\/\/spriv.vojvodina.gov.rs\/rs\/susret-potpredsednika-pokrajinske-vlade-ivana-dokovica-i-ministra-poljoprivrede-sumarstva-i-prehrane-slovenije-dejana-zidana\/\"> [...]<\/a>","protected":false},"author":3,"featured_media":1718,"comment_status":"closed","ping_status":"closed","sticky":false,"template":"","format":"standard","meta":{"footnotes":""},"categories":[31],"tags":[],"class_list":["post-1725","post","type-post","status-publish","format-standard","has-post-thumbnail","hentry","category-vesti-latinica1"],"yoast_head":"<!-- This site is optimized with the Yoast SEO plugin v27.4 - https:\/\/yoast.com\/product\/yoast-seo-wordpress\/ -->\n<title>Susret potpredsednika Pokrajinske vlade Ivana \u0110okovi\u0107a i ministra poljoprivrede, \u0161umarstva i prehrane Slovenije Dejana \u017didana - \u041f\u043e\u043a\u0440\u0430\u0458\u0438\u043d\u0441\u043a\u0438 \u0441\u0435\u043a\u0440\u0435\u0442\u0430\u0440\u0438\u0458\u0430\u0442 \u0437\u0430 \u043f\u0440\u0438\u0432\u0440\u0435\u0434\u0443 \u0438 \u0442\u0443\u0440\u0438\u0437\u0430\u043c<\/title>\n<meta name=\"robots\" content=\"index, follow, max-snippet:-1, max-image-preview:large, max-video-preview:-1\" \/>\n<link rel=\"canonical\" href=\"https:\/\/spriv.vojvodina.gov.rs\/rs\/susret-potpredsednika-pokrajinske-vlade-ivana-dokovica-i-ministra-poljoprivrede-sumarstva-i-prehrane-slovenije-dejana-zidana\/\" \/>\n<meta property=\"og:locale\" content=\"sr_RS\" \/>\n<meta property=\"og:type\" content=\"article\" \/>\n<meta property=\"og:title\" content=\"Susret potpredsednika Pokrajinske vlade Ivana \u0110okovi\u0107a i ministra poljoprivrede, \u0161umarstva i prehrane Slovenije Dejana \u017didana - \u041f\u043e\u043a\u0440\u0430\u0458\u0438\u043d\u0441\u043a\u0438 \u0441\u0435\u043a\u0440\u0435\u0442\u0430\u0440\u0438\u0458\u0430\u0442 \u0437\u0430 \u043f\u0440\u0438\u0432\u0440\u0435\u0434\u0443 \u0438 \u0442\u0443\u0440\u0438\u0437\u0430\u043c\" \/>\n<meta property=\"og:description\" content=\"Gornja Radgona, 21. avgust 2016. - U okviru radne posete Sloveniji, na 54. Me\u0111unarodnom poljoprivredno \u2013 prehrambenom sajmu u Gornjoj Radgoni, potpredsednik Pokrajinske vlade i pokrajinski sekretar za privredu i turizam, Ivan \u0110okovi\u0107, sastao se sa ministrom poljoprivrede, \u0161umarstva i prehrane pri Vladi Republike Slovenije, Dejanom \u017didanom. \u0110okovi\u0107 i \u017didan su razmatrali mogu\u0107nosti produbljivanja saradnje, razmene iskustava, kao i o novim koncepcijskim re\u0161enjima za unapre\u0111enje pojedinih oblasti.\" \/>\n<meta property=\"og:url\" content=\"https:\/\/spriv.vojvodina.gov.rs\/rs\/susret-potpredsednika-pokrajinske-vlade-ivana-dokovica-i-ministra-poljoprivrede-sumarstva-i-prehrane-slovenije-dejana-zidana\/\" \/>\n<meta property=\"og:site_name\" content=\"\u041f\u043e\u043a\u0440\u0430\u0458\u0438\u043d\u0441\u043a\u0438 \u0441\u0435\u043a\u0440\u0435\u0442\u0430\u0440\u0438\u0458\u0430\u0442 \u0437\u0430 \u043f\u0440\u0438\u0432\u0440\u0435\u0434\u0443 \u0438 \u0442\u0443\u0440\u0438\u0437\u0430\u043c\" \/>\n<meta property=\"article:published_time\" content=\"2016-08-21T10:15:22+00:00\" \/>\n<meta property=\"og:image\" content=\"https:\/\/spriv.vojvodina.gov.rs\/wp-content\/uploads\/2016\/08\/Zidan_mala.JPG\" \/>\n\t<meta property=\"og:image:width\" content=\"133\" \/>\n\t<meta property=\"og:image:height\" content=\"100\" \/>\n\t<meta property=\"og:image:type\" content=\"image\/jpeg\" \/>\n<meta name=\"author\" content=\"Sonja Babi\u0107\" \/>\n<meta name=\"twitter:card\" content=\"summary_large_image\" \/>\n<meta name=\"twitter:label1\" content=\"\u041d\u0430\u043f\u0438\u0441\u0430\u043d\u043e \u043e\u0434\" \/>\n\t<meta name=\"twitter:data1\" content=\"Sonja Babi\u0107\" \/>\n\t<meta name=\"twitter:label2\" content=\"\u041f\u0440\u043e\u0446\u0435\u045a\u0435\u043d\u043e \u0432\u0440\u0435\u043c\u0435 \u0447\u0438\u0442\u0430\u045a\u0430\" \/>\n\t<meta name=\"twitter:data2\" content=\"2 \u043c\u0438\u043d\u0443\u0442\u0430\" \/>\n<script type=\"application\/ld+json\" class=\"yoast-schema-graph\">{\"@context\":\"https:\\\/\\\/schema.org\",\"@graph\":[{\"@type\":\"Article\",\"@id\":\"https:\\\/\\\/spriv.vojvodina.gov.rs\\\/rs\\\/susret-potpredsednika-pokrajinske-vlade-ivana-dokovica-i-ministra-poljoprivrede-sumarstva-i-prehrane-slovenije-dejana-zidana\\\/#article\",\"isPartOf\":{\"@id\":\"https:\\\/\\\/spriv.vojvodina.gov.rs\\\/rs\\\/susret-potpredsednika-pokrajinske-vlade-ivana-dokovica-i-ministra-poljoprivrede-sumarstva-i-prehrane-slovenije-dejana-zidana\\\/\"},\"author\":{\"name\":\"Sonja Babi\u0107\",\"@id\":\"https:\\\/\\\/spriv.vojvodina.gov.rs\\\/#\\\/schema\\\/person\\\/749ef4f57fbb458f1c759e7a4fa78485\"},\"headline\":\"Susret potpredsednika Pokrajinske vlade Ivana \u0110okovi\u0107a i ministra poljoprivrede, \u0161umarstva i prehrane Slovenije Dejana \u017didana\",\"datePublished\":\"2016-08-21T10:15:22+00:00\",\"mainEntityOfPage\":{\"@id\":\"https:\\\/\\\/spriv.vojvodina.gov.rs\\\/rs\\\/susret-potpredsednika-pokrajinske-vlade-ivana-dokovica-i-ministra-poljoprivrede-sumarstva-i-prehrane-slovenije-dejana-zidana\\\/\"},\"wordCount\":338,\"image\":{\"@id\":\"https:\\\/\\\/spriv.vojvodina.gov.rs\\\/rs\\\/susret-potpredsednika-pokrajinske-vlade-ivana-dokovica-i-ministra-poljoprivrede-sumarstva-i-prehrane-slovenije-dejana-zidana\\\/#primaryimage\"},\"thumbnailUrl\":\"https:\\\/\\\/spriv.vojvodina.gov.rs\\\/wp-content\\\/uploads\\\/2016\\\/08\\\/Zidan_mala.JPG\",\"articleSection\":[\"Vesti Latinica\"],\"inLanguage\":\"sr-RS\"},{\"@type\":\"WebPage\",\"@id\":\"https:\\\/\\\/spriv.vojvodina.gov.rs\\\/rs\\\/susret-potpredsednika-pokrajinske-vlade-ivana-dokovica-i-ministra-poljoprivrede-sumarstva-i-prehrane-slovenije-dejana-zidana\\\/\",\"url\":\"https:\\\/\\\/spriv.vojvodina.gov.rs\\\/rs\\\/susret-potpredsednika-pokrajinske-vlade-ivana-dokovica-i-ministra-poljoprivrede-sumarstva-i-prehrane-slovenije-dejana-zidana\\\/\",\"name\":\"Susret potpredsednika Pokrajinske vlade Ivana \u0110okovi\u0107a i ministra poljoprivrede, \u0161umarstva i prehrane Slovenije Dejana \u017didana - \u041f\u043e\u043a\u0440\u0430\u0458\u0438\u043d\u0441\u043a\u0438 \u0441\u0435\u043a\u0440\u0435\u0442\u0430\u0440\u0438\u0458\u0430\u0442 \u0437\u0430 \u043f\u0440\u0438\u0432\u0440\u0435\u0434\u0443 \u0438 \u0442\u0443\u0440\u0438\u0437\u0430\u043c\",\"isPartOf\":{\"@id\":\"https:\\\/\\\/spriv.vojvodina.gov.rs\\\/#website\"},\"primaryImageOfPage\":{\"@id\":\"https:\\\/\\\/spriv.vojvodina.gov.rs\\\/rs\\\/susret-potpredsednika-pokrajinske-vlade-ivana-dokovica-i-ministra-poljoprivrede-sumarstva-i-prehrane-slovenije-dejana-zidana\\\/#primaryimage\"},\"image\":{\"@id\":\"https:\\\/\\\/spriv.vojvodina.gov.rs\\\/rs\\\/susret-potpredsednika-pokrajinske-vlade-ivana-dokovica-i-ministra-poljoprivrede-sumarstva-i-prehrane-slovenije-dejana-zidana\\\/#primaryimage\"},\"thumbnailUrl\":\"https:\\\/\\\/spriv.vojvodina.gov.rs\\\/wp-content\\\/uploads\\\/2016\\\/08\\\/Zidan_mala.JPG\",\"datePublished\":\"2016-08-21T10:15:22+00:00\",\"author\":{\"@id\":\"https:\\\/\\\/spriv.vojvodina.gov.rs\\\/#\\\/schema\\\/person\\\/749ef4f57fbb458f1c759e7a4fa78485\"},\"breadcrumb\":{\"@id\":\"https:\\\/\\\/spriv.vojvodina.gov.rs\\\/rs\\\/susret-potpredsednika-pokrajinske-vlade-ivana-dokovica-i-ministra-poljoprivrede-sumarstva-i-prehrane-slovenije-dejana-zidana\\\/#breadcrumb\"},\"inLanguage\":\"sr-RS\",\"potentialAction\":[{\"@type\":\"ReadAction\",\"target\":[\"https:\\\/\\\/spriv.vojvodina.gov.rs\\\/rs\\\/susret-potpredsednika-pokrajinske-vlade-ivana-dokovica-i-ministra-poljoprivrede-sumarstva-i-prehrane-slovenije-dejana-zidana\\\/\"]}]},{\"@type\":\"ImageObject\",\"inLanguage\":\"sr-RS\",\"@id\":\"https:\\\/\\\/spriv.vojvodina.gov.rs\\\/rs\\\/susret-potpredsednika-pokrajinske-vlade-ivana-dokovica-i-ministra-poljoprivrede-sumarstva-i-prehrane-slovenije-dejana-zidana\\\/#primaryimage\",\"url\":\"https:\\\/\\\/spriv.vojvodina.gov.rs\\\/wp-content\\\/uploads\\\/2016\\\/08\\\/Zidan_mala.JPG\",\"contentUrl\":\"https:\\\/\\\/spriv.vojvodina.gov.rs\\\/wp-content\\\/uploads\\\/2016\\\/08\\\/Zidan_mala.JPG\",\"width\":133,\"height\":100},{\"@type\":\"BreadcrumbList\",\"@id\":\"https:\\\/\\\/spriv.vojvodina.gov.rs\\\/rs\\\/susret-potpredsednika-pokrajinske-vlade-ivana-dokovica-i-ministra-poljoprivrede-sumarstva-i-prehrane-slovenije-dejana-zidana\\\/#breadcrumb\",\"itemListElement\":[{\"@type\":\"ListItem\",\"position\":1,\"name\":\"Home\",\"item\":\"https:\\\/\\\/spriv.vojvodina.gov.rs\\\/\"},{\"@type\":\"ListItem\",\"position\":2,\"name\":\"Susret potpredsednika Pokrajinske vlade Ivana \u0110okovi\u0107a i ministra poljoprivrede, \u0161umarstva i prehrane Slovenije Dejana \u017didana\"}]},{\"@type\":\"WebSite\",\"@id\":\"https:\\\/\\\/spriv.vojvodina.gov.rs\\\/#website\",\"url\":\"https:\\\/\\\/spriv.vojvodina.gov.rs\\\/\",\"name\":\"\u041f\u043e\u043a\u0440\u0430\u0458\u0438\u043d\u0441\u043a\u0438 \u0441\u0435\u043a\u0440\u0435\u0442\u0430\u0440\u0438\u0458\u0430\u0442 \u0437\u0430 \u043f\u0440\u0438\u0432\u0440\u0435\u0434\u0443 \u0438 \u0442\u0443\u0440\u0438\u0437\u0430\u043c\",\"description\":\"\u041f\u043e\u043a\u0440\u0430\u0458\u0438\u043d\u0441\u043a\u0438 \u0441\u0435\u043a\u0440\u0435\u0442\u0430\u0440\u0438\u0458\u0430\u0442 \u0437\u0430 \u043f\u0440\u0438\u0432\u0440\u0435\u0434\u0443 \u0438 \u0442\u0443\u0440\u0438\u0437\u0430\u043c\",\"potentialAction\":[{\"@type\":\"SearchAction\",\"target\":{\"@type\":\"EntryPoint\",\"urlTemplate\":\"https:\\\/\\\/spriv.vojvodina.gov.rs\\\/?s={search_term_string}\"},\"query-input\":{\"@type\":\"PropertyValueSpecification\",\"valueRequired\":true,\"valueName\":\"search_term_string\"}}],\"inLanguage\":\"sr-RS\"},{\"@type\":\"Person\",\"@id\":\"https:\\\/\\\/spriv.vojvodina.gov.rs\\\/#\\\/schema\\\/person\\\/749ef4f57fbb458f1c759e7a4fa78485\",\"name\":\"Sonja Babi\u0107\",\"image\":{\"@type\":\"ImageObject\",\"inLanguage\":\"sr-RS\",\"@id\":\"https:\\\/\\\/secure.gravatar.com\\\/avatar\\\/00a1d182a20a59067af1e7b1c31cbcc3be1a456ee4b27746580e120c2582e5bd?s=96&d=mm&r=g\",\"url\":\"https:\\\/\\\/secure.gravatar.com\\\/avatar\\\/00a1d182a20a59067af1e7b1c31cbcc3be1a456ee4b27746580e120c2582e5bd?s=96&d=mm&r=g\",\"contentUrl\":\"https:\\\/\\\/secure.gravatar.com\\\/avatar\\\/00a1d182a20a59067af1e7b1c31cbcc3be1a456ee4b27746580e120c2582e5bd?s=96&d=mm&r=g\",\"caption\":\"Sonja Babi\u0107\"},\"url\":\"https:\\\/\\\/spriv.vojvodina.gov.rs\\\/rs\\\/author\\\/sonja-babic\\\/\"}]}<\/script>\n<!-- \/ Yoast SEO plugin. -->","yoast_head_json":{"title":"Susret potpredsednika Pokrajinske vlade Ivana \u0110okovi\u0107a i ministra poljoprivrede, \u0161umarstva i prehrane Slovenije Dejana \u017didana - \u041f\u043e\u043a\u0440\u0430\u0458\u0438\u043d\u0441\u043a\u0438 \u0441\u0435\u043a\u0440\u0435\u0442\u0430\u0440\u0438\u0458\u0430\u0442 \u0437\u0430 \u043f\u0440\u0438\u0432\u0440\u0435\u0434\u0443 \u0438 \u0442\u0443\u0440\u0438\u0437\u0430\u043c","robots":{"index":"index","follow":"follow","max-snippet":"max-snippet:-1","max-image-preview":"max-image-preview:large","max-video-preview":"max-video-preview:-1"},"canonical":"https:\/\/spriv.vojvodina.gov.rs\/rs\/susret-potpredsednika-pokrajinske-vlade-ivana-dokovica-i-ministra-poljoprivrede-sumarstva-i-prehrane-slovenije-dejana-zidana\/","og_locale":"sr_RS","og_type":"article","og_title":"Susret potpredsednika Pokrajinske vlade Ivana \u0110okovi\u0107a i ministra poljoprivrede, \u0161umarstva i prehrane Slovenije Dejana \u017didana - \u041f\u043e\u043a\u0440\u0430\u0458\u0438\u043d\u0441\u043a\u0438 \u0441\u0435\u043a\u0440\u0435\u0442\u0430\u0440\u0438\u0458\u0430\u0442 \u0437\u0430 \u043f\u0440\u0438\u0432\u0440\u0435\u0434\u0443 \u0438 \u0442\u0443\u0440\u0438\u0437\u0430\u043c","og_description":"Gornja Radgona, 21. avgust 2016. - U okviru radne posete Sloveniji, na 54. Me\u0111unarodnom poljoprivredno \u2013 prehrambenom sajmu u Gornjoj Radgoni, potpredsednik Pokrajinske vlade i pokrajinski sekretar za privredu i turizam, Ivan \u0110okovi\u0107, sastao se sa ministrom poljoprivrede, \u0161umarstva i prehrane pri Vladi Republike Slovenije, Dejanom \u017didanom. \u0110okovi\u0107 i \u017didan su razmatrali mogu\u0107nosti produbljivanja saradnje, razmene iskustava, kao i o novim koncepcijskim re\u0161enjima za unapre\u0111enje pojedinih oblasti.","og_url":"https:\/\/spriv.vojvodina.gov.rs\/rs\/susret-potpredsednika-pokrajinske-vlade-ivana-dokovica-i-ministra-poljoprivrede-sumarstva-i-prehrane-slovenije-dejana-zidana\/","og_site_name":"\u041f\u043e\u043a\u0440\u0430\u0458\u0438\u043d\u0441\u043a\u0438 \u0441\u0435\u043a\u0440\u0435\u0442\u0430\u0440\u0438\u0458\u0430\u0442 \u0437\u0430 \u043f\u0440\u0438\u0432\u0440\u0435\u0434\u0443 \u0438 \u0442\u0443\u0440\u0438\u0437\u0430\u043c","article_published_time":"2016-08-21T10:15:22+00:00","og_image":[{"width":133,"height":100,"url":"https:\/\/spriv.vojvodina.gov.rs\/wp-content\/uploads\/2016\/08\/Zidan_mala.JPG","type":"image\/jpeg"}],"author":"Sonja Babi\u0107","twitter_card":"summary_large_image","twitter_misc":{"\u041d\u0430\u043f\u0438\u0441\u0430\u043d\u043e \u043e\u0434":"Sonja Babi\u0107","\u041f\u0440\u043e\u0446\u0435\u045a\u0435\u043d\u043e \u0432\u0440\u0435\u043c\u0435 \u0447\u0438\u0442\u0430\u045a\u0430":"2 \u043c\u0438\u043d\u0443\u0442\u0430"},"schema":{"@context":"https:\/\/schema.org","@graph":[{"@type":"Article","@id":"https:\/\/spriv.vojvodina.gov.rs\/rs\/susret-potpredsednika-pokrajinske-vlade-ivana-dokovica-i-ministra-poljoprivrede-sumarstva-i-prehrane-slovenije-dejana-zidana\/#article","isPartOf":{"@id":"https:\/\/spriv.vojvodina.gov.rs\/rs\/susret-potpredsednika-pokrajinske-vlade-ivana-dokovica-i-ministra-poljoprivrede-sumarstva-i-prehrane-slovenije-dejana-zidana\/"},"author":{"name":"Sonja Babi\u0107","@id":"https:\/\/spriv.vojvodina.gov.rs\/#\/schema\/person\/749ef4f57fbb458f1c759e7a4fa78485"},"headline":"Susret potpredsednika Pokrajinske vlade Ivana \u0110okovi\u0107a i ministra poljoprivrede, \u0161umarstva i prehrane Slovenije Dejana \u017didana","datePublished":"2016-08-21T10:15:22+00:00","mainEntityOfPage":{"@id":"https:\/\/spriv.vojvodina.gov.rs\/rs\/susret-potpredsednika-pokrajinske-vlade-ivana-dokovica-i-ministra-poljoprivrede-sumarstva-i-prehrane-slovenije-dejana-zidana\/"},"wordCount":338,"image":{"@id":"https:\/\/spriv.vojvodina.gov.rs\/rs\/susret-potpredsednika-pokrajinske-vlade-ivana-dokovica-i-ministra-poljoprivrede-sumarstva-i-prehrane-slovenije-dejana-zidana\/#primaryimage"},"thumbnailUrl":"https:\/\/spriv.vojvodina.gov.rs\/wp-content\/uploads\/2016\/08\/Zidan_mala.JPG","articleSection":["Vesti Latinica"],"inLanguage":"sr-RS"},{"@type":"WebPage","@id":"https:\/\/spriv.vojvodina.gov.rs\/rs\/susret-potpredsednika-pokrajinske-vlade-ivana-dokovica-i-ministra-poljoprivrede-sumarstva-i-prehrane-slovenije-dejana-zidana\/","url":"https:\/\/spriv.vojvodina.gov.rs\/rs\/susret-potpredsednika-pokrajinske-vlade-ivana-dokovica-i-ministra-poljoprivrede-sumarstva-i-prehrane-slovenije-dejana-zidana\/","name":"Susret potpredsednika Pokrajinske vlade Ivana \u0110okovi\u0107a i ministra poljoprivrede, \u0161umarstva i prehrane Slovenije Dejana \u017didana - \u041f\u043e\u043a\u0440\u0430\u0458\u0438\u043d\u0441\u043a\u0438 \u0441\u0435\u043a\u0440\u0435\u0442\u0430\u0440\u0438\u0458\u0430\u0442 \u0437\u0430 \u043f\u0440\u0438\u0432\u0440\u0435\u0434\u0443 \u0438 \u0442\u0443\u0440\u0438\u0437\u0430\u043c","isPartOf":{"@id":"https:\/\/spriv.vojvodina.gov.rs\/#website"},"primaryImageOfPage":{"@id":"https:\/\/spriv.vojvodina.gov.rs\/rs\/susret-potpredsednika-pokrajinske-vlade-ivana-dokovica-i-ministra-poljoprivrede-sumarstva-i-prehrane-slovenije-dejana-zidana\/#primaryimage"},"image":{"@id":"https:\/\/spriv.vojvodina.gov.rs\/rs\/susret-potpredsednika-pokrajinske-vlade-ivana-dokovica-i-ministra-poljoprivrede-sumarstva-i-prehrane-slovenije-dejana-zidana\/#primaryimage"},"thumbnailUrl":"https:\/\/spriv.vojvodina.gov.rs\/wp-content\/uploads\/2016\/08\/Zidan_mala.JPG","datePublished":"2016-08-21T10:15:22+00:00","author":{"@id":"https:\/\/spriv.vojvodina.gov.rs\/#\/schema\/person\/749ef4f57fbb458f1c759e7a4fa78485"},"breadcrumb":{"@id":"https:\/\/spriv.vojvodina.gov.rs\/rs\/susret-potpredsednika-pokrajinske-vlade-ivana-dokovica-i-ministra-poljoprivrede-sumarstva-i-prehrane-slovenije-dejana-zidana\/#breadcrumb"},"inLanguage":"sr-RS","potentialAction":[{"@type":"ReadAction","target":["https:\/\/spriv.vojvodina.gov.rs\/rs\/susret-potpredsednika-pokrajinske-vlade-ivana-dokovica-i-ministra-poljoprivrede-sumarstva-i-prehrane-slovenije-dejana-zidana\/"]}]},{"@type":"ImageObject","inLanguage":"sr-RS","@id":"https:\/\/spriv.vojvodina.gov.rs\/rs\/susret-potpredsednika-pokrajinske-vlade-ivana-dokovica-i-ministra-poljoprivrede-sumarstva-i-prehrane-slovenije-dejana-zidana\/#primaryimage","url":"https:\/\/spriv.vojvodina.gov.rs\/wp-content\/uploads\/2016\/08\/Zidan_mala.JPG","contentUrl":"https:\/\/spriv.vojvodina.gov.rs\/wp-content\/uploads\/2016\/08\/Zidan_mala.JPG","width":133,"height":100},{"@type":"BreadcrumbList","@id":"https:\/\/spriv.vojvodina.gov.rs\/rs\/susret-potpredsednika-pokrajinske-vlade-ivana-dokovica-i-ministra-poljoprivrede-sumarstva-i-prehrane-slovenije-dejana-zidana\/#breadcrumb","itemListElement":[{"@type":"ListItem","position":1,"name":"Home","item":"https:\/\/spriv.vojvodina.gov.rs\/"},{"@type":"ListItem","position":2,"name":"Susret potpredsednika Pokrajinske vlade Ivana \u0110okovi\u0107a i ministra poljoprivrede, \u0161umarstva i prehrane Slovenije Dejana \u017didana"}]},{"@type":"WebSite","@id":"https:\/\/spriv.vojvodina.gov.rs\/#website","url":"https:\/\/spriv.vojvodina.gov.rs\/","name":"\u041f\u043e\u043a\u0440\u0430\u0458\u0438\u043d\u0441\u043a\u0438 \u0441\u0435\u043a\u0440\u0435\u0442\u0430\u0440\u0438\u0458\u0430\u0442 \u0437\u0430 \u043f\u0440\u0438\u0432\u0440\u0435\u0434\u0443 \u0438 \u0442\u0443\u0440\u0438\u0437\u0430\u043c","description":"\u041f\u043e\u043a\u0440\u0430\u0458\u0438\u043d\u0441\u043a\u0438 \u0441\u0435\u043a\u0440\u0435\u0442\u0430\u0440\u0438\u0458\u0430\u0442 \u0437\u0430 \u043f\u0440\u0438\u0432\u0440\u0435\u0434\u0443 \u0438 \u0442\u0443\u0440\u0438\u0437\u0430\u043c","potentialAction":[{"@type":"SearchAction","target":{"@type":"EntryPoint","urlTemplate":"https:\/\/spriv.vojvodina.gov.rs\/?s={search_term_string}"},"query-input":{"@type":"PropertyValueSpecification","valueRequired":true,"valueName":"search_term_string"}}],"inLanguage":"sr-RS"},{"@type":"Person","@id":"https:\/\/spriv.vojvodina.gov.rs\/#\/schema\/person\/749ef4f57fbb458f1c759e7a4fa78485","name":"Sonja Babi\u0107","image":{"@type":"ImageObject","inLanguage":"sr-RS","@id":"https:\/\/secure.gravatar.com\/avatar\/00a1d182a20a59067af1e7b1c31cbcc3be1a456ee4b27746580e120c2582e5bd?s=96&d=mm&r=g","url":"https:\/\/secure.gravatar.com\/avatar\/00a1d182a20a59067af1e7b1c31cbcc3be1a456ee4b27746580e120c2582e5bd?s=96&d=mm&r=g","contentUrl":"https:\/\/secure.gravatar.com\/avatar\/00a1d182a20a59067af1e7b1c31cbcc3be1a456ee4b27746580e120c2582e5bd?s=96&d=mm&r=g","caption":"Sonja Babi\u0107"},"url":"https:\/\/spriv.vojvodina.gov.rs\/rs\/author\/sonja-babic\/"}]}},"_links":{"self":[{"href":"https:\/\/spriv.vojvodina.gov.rs\/rs\/wp-json\/wp\/v2\/posts\/1725","targetHints":{"allow":["GET"]}}],"collection":[{"href":"https:\/\/spriv.vojvodina.gov.rs\/rs\/wp-json\/wp\/v2\/posts"}],"about":[{"href":"https:\/\/spriv.vojvodina.gov.rs\/rs\/wp-json\/wp\/v2\/types\/post"}],"author":[{"embeddable":true,"href":"https:\/\/spriv.vojvodina.gov.rs\/rs\/wp-json\/wp\/v2\/users\/3"}],"replies":[{"embeddable":true,"href":"https:\/\/spriv.vojvodina.gov.rs\/rs\/wp-json\/wp\/v2\/comments?post=1725"}],"version-history":[{"count":0,"href":"https:\/\/spriv.vojvodina.gov.rs\/rs\/wp-json\/wp\/v2\/posts\/1725\/revisions"}],"wp:featuredmedia":[{"embeddable":true,"href":"https:\/\/spriv.vojvodina.gov.rs\/rs\/wp-json\/wp\/v2\/media\/1718"}],"wp:attachment":[{"href":"https:\/\/spriv.vojvodina.gov.rs\/rs\/wp-json\/wp\/v2\/media?parent=1725"}],"wp:term":[{"taxonomy":"category","embeddable":true,"href":"https:\/\/spriv.vojvodina.gov.rs\/rs\/wp-json\/wp\/v2\/categories?post=1725"},{"taxonomy":"post_tag","embeddable":true,"href":"https:\/\/spriv.vojvodina.gov.rs\/rs\/wp-json\/wp\/v2\/tags?post=1725"}],"curies":[{"name":"wp","href":"https:\/\/api.w.org\/{rel}","templated":true}]}}