{"id":1614,"date":"2016-07-13T11:52:38","date_gmt":"2016-07-13T11:52:38","guid":{"rendered":"http:\/\/spriv.vojvodina.gov.rs\/2016\/07\/13\/potpredsednik-ivan-dokovic-u-poseti-subotici-unapredenje-privrede-i-znacajna-ulaganja-u-turizam\/"},"modified":"2016-07-13T11:52:38","modified_gmt":"2016-07-13T11:52:38","slug":"potpredsednik-ivan-dokovic-u-poseti-subotici-unapredenje-privrede-i-znacajna-ulaganja-u-turizam","status":"publish","type":"post","link":"https:\/\/spriv.vojvodina.gov.rs\/rs\/potpredsednik-ivan-dokovic-u-poseti-subotici-unapredenje-privrede-i-znacajna-ulaganja-u-turizam\/","title":{"rendered":"Potpredsednik Ivan \u0110okovi\u0107 u poseti Subotici: Unapre\u0111enje privrede i zna\u010dajna ulaganja u turizam"},"content":{"rendered":"<p style=\"text-align: center;\">\u00a0<img loading=\"lazy\" decoding=\"async\" class=\" size-full wp-image-1608\" src=\"http:\/\/spriv.vojvodina.gov.rs\/wp-content\/uploads\/2016\/07\/rpK1.jpg\" border=\"0\" alt=\"\" width=\"580\" height=\"387\" srcset=\"https:\/\/spriv.vojvodina.gov.rs\/wp-content\/uploads\/2016\/07\/rpK1.jpg 580w, https:\/\/spriv.vojvodina.gov.rs\/wp-content\/uploads\/2016\/07\/rpK1-300x200.jpg 300w\" sizes=\"auto, (max-width: 580px) 100vw, 580px\" \/><\/p>\n<p style=\"text-align: justify;\">Potpredsednik Pokrajinske vlade i pokrajinski sekretar za privredu i turizam, Ivan \u0110okovi\u0107, posetio je ju\u010de Regionalnu privrednu komoru Subotica, nakon \u010dega je u prisustvu predsednika Komore, Slobodana Vojinovi\u0107a i generalnog sekretara Komore, Ivana Vojni\u0107 Tuni\u0107a, posetio gradona\u010delnika Grada Subotice, Bogdana Labana. Razgovori su bili usmereni na regionalni privredni razvoj, sa posebnim akcentom na unapre\u0111enje i odr\u017eivost jedne od najefektivnijih privrednih grana \u2013 turizma &#8211; za koju su planirana zna\u010dajna ulaganja u predstoje\u0107em periodu.<\/p>\n<p>Potpredsednik Ivan \u0110okovi\u0107 je na konferenciji za medije naveo da \u0107e u toku ove godine, u skladu sa trenutnim finansijsko-pravnim okvirom, kao i planiranim sredstvima za narednu godinu, sagledati podsticajna sredstva i mere, sve u cilju privrednog rasta i unapre\u0111enja prevashodno turisti\u010dkih sadr\u017eaja. ,,Te\u017ei\u0161ne ta\u010dke daljeg rada Pokrajinske vlade su, pre svega, agroindustrija i poljoprivredna proizvodnja, zatim privreda i ekspanzivni razvoj turizma. Region Subotica je, kroz svoje privredne potencijale, prepoznat upravo kao te\u017ei\u0161na ta\u010dka ka kojoj je potrebno usmeriti mere u budu\u0107em periodu. Subotica i Pali\u0107 su svojevremeno i bili prepoznati kao klju\u010dni turisti\u010dki potencijal \u2013 kongresni i banjski turisti\u010dki centri\u201c, rekao je \u0110okovi\u0107, dodav\u0161i da \u0107e Pokrajinska vlada nastojati da izna\u0111e sistemsko re\u0161enje problema \u010di\u0161\u0107enja Pali\u0107kog jezera i za njegovo stavljanje u turisti\u010dku i banjsko-le\u010dili\u0161nu funkciju.<\/p>\n<p style=\"text-align: center;\"><img loading=\"lazy\" decoding=\"async\" class=\" size-full wp-image-1609\" src=\"http:\/\/spriv.vojvodina.gov.rs\/wp-content\/uploads\/2016\/07\/rpK3.jpg\" border=\"0\" alt=\"\" width=\"580\" height=\"400\" srcset=\"https:\/\/spriv.vojvodina.gov.rs\/wp-content\/uploads\/2016\/07\/rpK3.jpg 580w, https:\/\/spriv.vojvodina.gov.rs\/wp-content\/uploads\/2016\/07\/rpK3-300x207.jpg 300w\" sizes=\"auto, (max-width: 580px) 100vw, 580px\" \/><\/p>\n<p style=\"text-align: justify;\">Potpredsednik \u0110okovi\u0107 je posebno istakao da sve zemlje u okru\u017eenju AP Vojvodine mogu da donesu novu, dodatnu vrednost u pogledu investicija, turisti\u010dke i robne razmene, dok Subotica predstavlja jednu od gravitacionih ta\u010daka u kojoj se ostvaruje privredna saradnja i robna razmena. ,,U ukupnom izvozu region Subotice u\u010destvuje sa 850 miliona dolara, \u0161to predstavlja 6,4 odsto u ukupnom izvozu Republike Srbije, a na teritoriji Subotice ostvaren je suficit od oko 137 miliona dolara. Ta\u010dnije, sve op\u0161tine koje su u nadle\u017enosti RPK Subotica pokazale su u prethodnoj godini spoljno-trgovinski suficit\u201c.<\/p>\n<p>\u0110okovi\u0107 je u razgovorima sa suboti\u010dkim zvani\u010dnicima naglasio da se u budu\u0107em periodu planira podsticanje investicija, zapo\u0161ljavanja i prekvalifikovanja doma\u0107e radne snage, podsticanje preduzetni\u0161tva, prepoznavanje potencijala za kooperaciju kod velikih giganata, podsticanje kreativne industrije, umetni\u010dkih i starih zanata, kao i prepoznavanje sistemskih potreba privrede.<\/p>\n<p style=\"text-align: center;\"><img loading=\"lazy\" decoding=\"async\" class=\" size-full wp-image-1610\" src=\"http:\/\/spriv.vojvodina.gov.rs\/wp-content\/uploads\/2016\/07\/RPK2.jpg\" border=\"0\" alt=\"\" width=\"580\" height=\"387\" srcset=\"https:\/\/spriv.vojvodina.gov.rs\/wp-content\/uploads\/2016\/07\/RPK2.jpg 580w, https:\/\/spriv.vojvodina.gov.rs\/wp-content\/uploads\/2016\/07\/RPK2-300x200.jpg 300w\" sizes=\"auto, (max-width: 580px) 100vw, 580px\" \/><\/p>\n<p style=\"text-align: justify;\">Predsednik Regionalne privredne komore Subotica, Slobodan Vojinovi\u0107, istakao je da su pokrenute mnoge teme od strate\u0161kog zna\u010daja za unapre\u0111enje i razvoj privrede u regionu Subotica, kao i mogu\u0107nosti zajedni\u010dkog delovanja kako bi se planirani ciljevi ostvarili, po\u010dev od \u017eelezni\u010dkih infrastrukturnih projekata, industrijskih zona, zapo\u0161ljavanjam, kao i master plana Pali\u0107a. Vojinovi\u0107 je dodao da je, u pogledu turizma, zapostavljen lovni turizam, koji je svojevremeno bio veoma unosan, u okviru koga su po\u0161tovane sve zakonski propisane norme i standardi za\u0161tite \u017eivotne sredine. Pored toga, prema njegovim re\u010dima, zapostavljen je i zdravstveni turizam.<\/p>\n<p style=\"text-align: center;\"><img loading=\"lazy\" decoding=\"async\" class=\" size-full wp-image-1611\" src=\"http:\/\/spriv.vojvodina.gov.rs\/wp-content\/uploads\/2016\/07\/bogdanLaban.jpg\" border=\"0\" alt=\"\" width=\"580\" height=\"459\" srcset=\"https:\/\/spriv.vojvodina.gov.rs\/wp-content\/uploads\/2016\/07\/bogdanLaban.jpg 580w, https:\/\/spriv.vojvodina.gov.rs\/wp-content\/uploads\/2016\/07\/bogdanLaban-300x237.jpg 300w\" sizes=\"auto, (max-width: 580px) 100vw, 580px\" \/><\/p>\n<p style=\"text-align: center;\"><img loading=\"lazy\" decoding=\"async\" class=\" size-full wp-image-1612\" src=\"http:\/\/spriv.vojvodina.gov.rs\/wp-content\/uploads\/2016\/07\/MasterPlanPalic2.jpg\" border=\"0\" alt=\"\" width=\"580\" height=\"280\" srcset=\"https:\/\/spriv.vojvodina.gov.rs\/wp-content\/uploads\/2016\/07\/MasterPlanPalic2.jpg 580w, https:\/\/spriv.vojvodina.gov.rs\/wp-content\/uploads\/2016\/07\/MasterPlanPalic2-300x145.jpg 300w\" sizes=\"auto, (max-width: 580px) 100vw, 580px\" \/><\/p>\n","protected":false},"excerpt":{"rendered":"Novi Sad, 13. jul 2016. &#8211; Potpredsednik Pokrajinske vlade i pokrajinski sekretar za privredu i turizam, Ivan \u0110okovi\u0107, posetio je ju\u010de Regionalnu privrednu komoru Subotica, nakon \u010dega je u prisustvu predsednika Komore, Slobodana Vojinovi\u0107a i generalnog sekretara Komore, Ivana Vojni\u0107 Tuni\u0107a, posetio gradona\u010delnika Grada Subotice, Bogdana Labana. Razgovori su bili usmereni na regionalni privredni razvoj, sa posebnim akcentom na unapre\u0111enje i odr\u017eivost jedne od najefektivnijih privrednih grana \u2013 turizma &#8211; za koju su planirana zna\u010dajna ulaganja u predstoje\u0107em periodu.\n<a class=\"moretag\" href=\"https:\/\/spriv.vojvodina.gov.rs\/rs\/potpredsednik-ivan-dokovic-u-poseti-subotici-unapredenje-privrede-i-znacajna-ulaganja-u-turizam\/\"> [...]<\/a>","protected":false},"author":3,"featured_media":1607,"comment_status":"closed","ping_status":"closed","sticky":false,"template":"","format":"standard","meta":{"footnotes":""},"categories":[31],"tags":[],"class_list":["post-1614","post","type-post","status-publish","format-standard","has-post-thumbnail","hentry","category-vesti-latinica1"],"yoast_head":"<!-- This site is optimized with the Yoast SEO plugin v27.4 - https:\/\/yoast.com\/product\/yoast-seo-wordpress\/ -->\n<title>Potpredsednik Ivan \u0110okovi\u0107 u poseti Subotici: Unapre\u0111enje privrede i zna\u010dajna ulaganja u turizam - \u041f\u043e\u043a\u0440\u0430\u0458\u0438\u043d\u0441\u043a\u0438 \u0441\u0435\u043a\u0440\u0435\u0442\u0430\u0440\u0438\u0458\u0430\u0442 \u0437\u0430 \u043f\u0440\u0438\u0432\u0440\u0435\u0434\u0443 \u0438 \u0442\u0443\u0440\u0438\u0437\u0430\u043c<\/title>\n<meta name=\"robots\" content=\"index, follow, max-snippet:-1, max-image-preview:large, max-video-preview:-1\" \/>\n<link rel=\"canonical\" href=\"https:\/\/spriv.vojvodina.gov.rs\/rs\/potpredsednik-ivan-dokovic-u-poseti-subotici-unapredenje-privrede-i-znacajna-ulaganja-u-turizam\/\" \/>\n<meta property=\"og:locale\" content=\"sr_RS\" \/>\n<meta property=\"og:type\" content=\"article\" \/>\n<meta property=\"og:title\" content=\"Potpredsednik Ivan \u0110okovi\u0107 u poseti Subotici: Unapre\u0111enje privrede i zna\u010dajna ulaganja u turizam - \u041f\u043e\u043a\u0440\u0430\u0458\u0438\u043d\u0441\u043a\u0438 \u0441\u0435\u043a\u0440\u0435\u0442\u0430\u0440\u0438\u0458\u0430\u0442 \u0437\u0430 \u043f\u0440\u0438\u0432\u0440\u0435\u0434\u0443 \u0438 \u0442\u0443\u0440\u0438\u0437\u0430\u043c\" \/>\n<meta property=\"og:description\" content=\"Novi Sad, 13. jul 2016. - Potpredsednik Pokrajinske vlade i pokrajinski sekretar za privredu i turizam, Ivan \u0110okovi\u0107, posetio je ju\u010de Regionalnu privrednu komoru Subotica, nakon \u010dega je u prisustvu predsednika Komore, Slobodana Vojinovi\u0107a i generalnog sekretara Komore, Ivana Vojni\u0107 Tuni\u0107a, posetio gradona\u010delnika Grada Subotice, Bogdana Labana. Razgovori su bili usmereni na regionalni privredni razvoj, sa posebnim akcentom na unapre\u0111enje i odr\u017eivost jedne od najefektivnijih privrednih grana \u2013 turizma - za koju su planirana zna\u010dajna ulaganja u predstoje\u0107em periodu.\" \/>\n<meta property=\"og:url\" content=\"https:\/\/spriv.vojvodina.gov.rs\/rs\/potpredsednik-ivan-dokovic-u-poseti-subotici-unapredenje-privrede-i-znacajna-ulaganja-u-turizam\/\" \/>\n<meta property=\"og:site_name\" content=\"\u041f\u043e\u043a\u0440\u0430\u0458\u0438\u043d\u0441\u043a\u0438 \u0441\u0435\u043a\u0440\u0435\u0442\u0430\u0440\u0438\u0458\u0430\u0442 \u0437\u0430 \u043f\u0440\u0438\u0432\u0440\u0435\u0434\u0443 \u0438 \u0442\u0443\u0440\u0438\u0437\u0430\u043c\" \/>\n<meta property=\"article:published_time\" content=\"2016-07-13T11:52:38+00:00\" \/>\n<meta property=\"og:image\" content=\"https:\/\/spriv.vojvodina.gov.rs\/wp-content\/uploads\/2016\/07\/rpK_mala.jpg\" \/>\n\t<meta property=\"og:image:width\" content=\"120\" \/>\n\t<meta property=\"og:image:height\" content=\"78\" \/>\n\t<meta property=\"og:image:type\" content=\"image\/jpeg\" \/>\n<meta name=\"author\" content=\"Sonja Babi\u0107\" \/>\n<meta name=\"twitter:card\" content=\"summary_large_image\" \/>\n<meta name=\"twitter:label1\" content=\"\u041d\u0430\u043f\u0438\u0441\u0430\u043d\u043e \u043e\u0434\" \/>\n\t<meta name=\"twitter:data1\" content=\"Sonja Babi\u0107\" \/>\n\t<meta name=\"twitter:label2\" content=\"\u041f\u0440\u043e\u0446\u0435\u045a\u0435\u043d\u043e \u0432\u0440\u0435\u043c\u0435 \u0447\u0438\u0442\u0430\u045a\u0430\" \/>\n\t<meta name=\"twitter:data2\" content=\"2 \u043c\u0438\u043d\u0443\u0442\u0430\" \/>\n<script type=\"application\/ld+json\" class=\"yoast-schema-graph\">{\"@context\":\"https:\\\/\\\/schema.org\",\"@graph\":[{\"@type\":\"Article\",\"@id\":\"https:\\\/\\\/spriv.vojvodina.gov.rs\\\/rs\\\/potpredsednik-ivan-dokovic-u-poseti-subotici-unapredenje-privrede-i-znacajna-ulaganja-u-turizam\\\/#article\",\"isPartOf\":{\"@id\":\"https:\\\/\\\/spriv.vojvodina.gov.rs\\\/rs\\\/potpredsednik-ivan-dokovic-u-poseti-subotici-unapredenje-privrede-i-znacajna-ulaganja-u-turizam\\\/\"},\"author\":{\"name\":\"Sonja Babi\u0107\",\"@id\":\"https:\\\/\\\/spriv.vojvodina.gov.rs\\\/#\\\/schema\\\/person\\\/749ef4f57fbb458f1c759e7a4fa78485\"},\"headline\":\"Potpredsednik Ivan \u0110okovi\u0107 u poseti Subotici: Unapre\u0111enje privrede i zna\u010dajna ulaganja u turizam\",\"datePublished\":\"2016-07-13T11:52:38+00:00\",\"mainEntityOfPage\":{\"@id\":\"https:\\\/\\\/spriv.vojvodina.gov.rs\\\/rs\\\/potpredsednik-ivan-dokovic-u-poseti-subotici-unapredenje-privrede-i-znacajna-ulaganja-u-turizam\\\/\"},\"wordCount\":487,\"image\":{\"@id\":\"https:\\\/\\\/spriv.vojvodina.gov.rs\\\/rs\\\/potpredsednik-ivan-dokovic-u-poseti-subotici-unapredenje-privrede-i-znacajna-ulaganja-u-turizam\\\/#primaryimage\"},\"thumbnailUrl\":\"https:\\\/\\\/spriv.vojvodina.gov.rs\\\/wp-content\\\/uploads\\\/2016\\\/07\\\/rpK_mala.jpg\",\"articleSection\":[\"Vesti Latinica\"],\"inLanguage\":\"sr-RS\"},{\"@type\":\"WebPage\",\"@id\":\"https:\\\/\\\/spriv.vojvodina.gov.rs\\\/rs\\\/potpredsednik-ivan-dokovic-u-poseti-subotici-unapredenje-privrede-i-znacajna-ulaganja-u-turizam\\\/\",\"url\":\"https:\\\/\\\/spriv.vojvodina.gov.rs\\\/rs\\\/potpredsednik-ivan-dokovic-u-poseti-subotici-unapredenje-privrede-i-znacajna-ulaganja-u-turizam\\\/\",\"name\":\"Potpredsednik Ivan \u0110okovi\u0107 u poseti Subotici: Unapre\u0111enje privrede i zna\u010dajna ulaganja u turizam - \u041f\u043e\u043a\u0440\u0430\u0458\u0438\u043d\u0441\u043a\u0438 \u0441\u0435\u043a\u0440\u0435\u0442\u0430\u0440\u0438\u0458\u0430\u0442 \u0437\u0430 \u043f\u0440\u0438\u0432\u0440\u0435\u0434\u0443 \u0438 \u0442\u0443\u0440\u0438\u0437\u0430\u043c\",\"isPartOf\":{\"@id\":\"https:\\\/\\\/spriv.vojvodina.gov.rs\\\/#website\"},\"primaryImageOfPage\":{\"@id\":\"https:\\\/\\\/spriv.vojvodina.gov.rs\\\/rs\\\/potpredsednik-ivan-dokovic-u-poseti-subotici-unapredenje-privrede-i-znacajna-ulaganja-u-turizam\\\/#primaryimage\"},\"image\":{\"@id\":\"https:\\\/\\\/spriv.vojvodina.gov.rs\\\/rs\\\/potpredsednik-ivan-dokovic-u-poseti-subotici-unapredenje-privrede-i-znacajna-ulaganja-u-turizam\\\/#primaryimage\"},\"thumbnailUrl\":\"https:\\\/\\\/spriv.vojvodina.gov.rs\\\/wp-content\\\/uploads\\\/2016\\\/07\\\/rpK_mala.jpg\",\"datePublished\":\"2016-07-13T11:52:38+00:00\",\"author\":{\"@id\":\"https:\\\/\\\/spriv.vojvodina.gov.rs\\\/#\\\/schema\\\/person\\\/749ef4f57fbb458f1c759e7a4fa78485\"},\"breadcrumb\":{\"@id\":\"https:\\\/\\\/spriv.vojvodina.gov.rs\\\/rs\\\/potpredsednik-ivan-dokovic-u-poseti-subotici-unapredenje-privrede-i-znacajna-ulaganja-u-turizam\\\/#breadcrumb\"},\"inLanguage\":\"sr-RS\",\"potentialAction\":[{\"@type\":\"ReadAction\",\"target\":[\"https:\\\/\\\/spriv.vojvodina.gov.rs\\\/rs\\\/potpredsednik-ivan-dokovic-u-poseti-subotici-unapredenje-privrede-i-znacajna-ulaganja-u-turizam\\\/\"]}]},{\"@type\":\"ImageObject\",\"inLanguage\":\"sr-RS\",\"@id\":\"https:\\\/\\\/spriv.vojvodina.gov.rs\\\/rs\\\/potpredsednik-ivan-dokovic-u-poseti-subotici-unapredenje-privrede-i-znacajna-ulaganja-u-turizam\\\/#primaryimage\",\"url\":\"https:\\\/\\\/spriv.vojvodina.gov.rs\\\/wp-content\\\/uploads\\\/2016\\\/07\\\/rpK_mala.jpg\",\"contentUrl\":\"https:\\\/\\\/spriv.vojvodina.gov.rs\\\/wp-content\\\/uploads\\\/2016\\\/07\\\/rpK_mala.jpg\",\"width\":120,\"height\":78},{\"@type\":\"BreadcrumbList\",\"@id\":\"https:\\\/\\\/spriv.vojvodina.gov.rs\\\/rs\\\/potpredsednik-ivan-dokovic-u-poseti-subotici-unapredenje-privrede-i-znacajna-ulaganja-u-turizam\\\/#breadcrumb\",\"itemListElement\":[{\"@type\":\"ListItem\",\"position\":1,\"name\":\"Home\",\"item\":\"https:\\\/\\\/spriv.vojvodina.gov.rs\\\/\"},{\"@type\":\"ListItem\",\"position\":2,\"name\":\"Potpredsednik Ivan \u0110okovi\u0107 u poseti Subotici: Unapre\u0111enje privrede i zna\u010dajna ulaganja u turizam\"}]},{\"@type\":\"WebSite\",\"@id\":\"https:\\\/\\\/spriv.vojvodina.gov.rs\\\/#website\",\"url\":\"https:\\\/\\\/spriv.vojvodina.gov.rs\\\/\",\"name\":\"\u041f\u043e\u043a\u0440\u0430\u0458\u0438\u043d\u0441\u043a\u0438 \u0441\u0435\u043a\u0440\u0435\u0442\u0430\u0440\u0438\u0458\u0430\u0442 \u0437\u0430 \u043f\u0440\u0438\u0432\u0440\u0435\u0434\u0443 \u0438 \u0442\u0443\u0440\u0438\u0437\u0430\u043c\",\"description\":\"\u041f\u043e\u043a\u0440\u0430\u0458\u0438\u043d\u0441\u043a\u0438 \u0441\u0435\u043a\u0440\u0435\u0442\u0430\u0440\u0438\u0458\u0430\u0442 \u0437\u0430 \u043f\u0440\u0438\u0432\u0440\u0435\u0434\u0443 \u0438 \u0442\u0443\u0440\u0438\u0437\u0430\u043c\",\"potentialAction\":[{\"@type\":\"SearchAction\",\"target\":{\"@type\":\"EntryPoint\",\"urlTemplate\":\"https:\\\/\\\/spriv.vojvodina.gov.rs\\\/?s={search_term_string}\"},\"query-input\":{\"@type\":\"PropertyValueSpecification\",\"valueRequired\":true,\"valueName\":\"search_term_string\"}}],\"inLanguage\":\"sr-RS\"},{\"@type\":\"Person\",\"@id\":\"https:\\\/\\\/spriv.vojvodina.gov.rs\\\/#\\\/schema\\\/person\\\/749ef4f57fbb458f1c759e7a4fa78485\",\"name\":\"Sonja Babi\u0107\",\"image\":{\"@type\":\"ImageObject\",\"inLanguage\":\"sr-RS\",\"@id\":\"https:\\\/\\\/secure.gravatar.com\\\/avatar\\\/00a1d182a20a59067af1e7b1c31cbcc3be1a456ee4b27746580e120c2582e5bd?s=96&d=mm&r=g\",\"url\":\"https:\\\/\\\/secure.gravatar.com\\\/avatar\\\/00a1d182a20a59067af1e7b1c31cbcc3be1a456ee4b27746580e120c2582e5bd?s=96&d=mm&r=g\",\"contentUrl\":\"https:\\\/\\\/secure.gravatar.com\\\/avatar\\\/00a1d182a20a59067af1e7b1c31cbcc3be1a456ee4b27746580e120c2582e5bd?s=96&d=mm&r=g\",\"caption\":\"Sonja Babi\u0107\"},\"url\":\"https:\\\/\\\/spriv.vojvodina.gov.rs\\\/rs\\\/author\\\/sonja-babic\\\/\"}]}<\/script>\n<!-- \/ Yoast SEO plugin. -->","yoast_head_json":{"title":"Potpredsednik Ivan \u0110okovi\u0107 u poseti Subotici: Unapre\u0111enje privrede i zna\u010dajna ulaganja u turizam - \u041f\u043e\u043a\u0440\u0430\u0458\u0438\u043d\u0441\u043a\u0438 \u0441\u0435\u043a\u0440\u0435\u0442\u0430\u0440\u0438\u0458\u0430\u0442 \u0437\u0430 \u043f\u0440\u0438\u0432\u0440\u0435\u0434\u0443 \u0438 \u0442\u0443\u0440\u0438\u0437\u0430\u043c","robots":{"index":"index","follow":"follow","max-snippet":"max-snippet:-1","max-image-preview":"max-image-preview:large","max-video-preview":"max-video-preview:-1"},"canonical":"https:\/\/spriv.vojvodina.gov.rs\/rs\/potpredsednik-ivan-dokovic-u-poseti-subotici-unapredenje-privrede-i-znacajna-ulaganja-u-turizam\/","og_locale":"sr_RS","og_type":"article","og_title":"Potpredsednik Ivan \u0110okovi\u0107 u poseti Subotici: Unapre\u0111enje privrede i zna\u010dajna ulaganja u turizam - \u041f\u043e\u043a\u0440\u0430\u0458\u0438\u043d\u0441\u043a\u0438 \u0441\u0435\u043a\u0440\u0435\u0442\u0430\u0440\u0438\u0458\u0430\u0442 \u0437\u0430 \u043f\u0440\u0438\u0432\u0440\u0435\u0434\u0443 \u0438 \u0442\u0443\u0440\u0438\u0437\u0430\u043c","og_description":"Novi Sad, 13. jul 2016. - Potpredsednik Pokrajinske vlade i pokrajinski sekretar za privredu i turizam, Ivan \u0110okovi\u0107, posetio je ju\u010de Regionalnu privrednu komoru Subotica, nakon \u010dega je u prisustvu predsednika Komore, Slobodana Vojinovi\u0107a i generalnog sekretara Komore, Ivana Vojni\u0107 Tuni\u0107a, posetio gradona\u010delnika Grada Subotice, Bogdana Labana. Razgovori su bili usmereni na regionalni privredni razvoj, sa posebnim akcentom na unapre\u0111enje i odr\u017eivost jedne od najefektivnijih privrednih grana \u2013 turizma - za koju su planirana zna\u010dajna ulaganja u predstoje\u0107em periodu.","og_url":"https:\/\/spriv.vojvodina.gov.rs\/rs\/potpredsednik-ivan-dokovic-u-poseti-subotici-unapredenje-privrede-i-znacajna-ulaganja-u-turizam\/","og_site_name":"\u041f\u043e\u043a\u0440\u0430\u0458\u0438\u043d\u0441\u043a\u0438 \u0441\u0435\u043a\u0440\u0435\u0442\u0430\u0440\u0438\u0458\u0430\u0442 \u0437\u0430 \u043f\u0440\u0438\u0432\u0440\u0435\u0434\u0443 \u0438 \u0442\u0443\u0440\u0438\u0437\u0430\u043c","article_published_time":"2016-07-13T11:52:38+00:00","og_image":[{"width":120,"height":78,"url":"https:\/\/spriv.vojvodina.gov.rs\/wp-content\/uploads\/2016\/07\/rpK_mala.jpg","type":"image\/jpeg"}],"author":"Sonja Babi\u0107","twitter_card":"summary_large_image","twitter_misc":{"\u041d\u0430\u043f\u0438\u0441\u0430\u043d\u043e \u043e\u0434":"Sonja Babi\u0107","\u041f\u0440\u043e\u0446\u0435\u045a\u0435\u043d\u043e \u0432\u0440\u0435\u043c\u0435 \u0447\u0438\u0442\u0430\u045a\u0430":"2 \u043c\u0438\u043d\u0443\u0442\u0430"},"schema":{"@context":"https:\/\/schema.org","@graph":[{"@type":"Article","@id":"https:\/\/spriv.vojvodina.gov.rs\/rs\/potpredsednik-ivan-dokovic-u-poseti-subotici-unapredenje-privrede-i-znacajna-ulaganja-u-turizam\/#article","isPartOf":{"@id":"https:\/\/spriv.vojvodina.gov.rs\/rs\/potpredsednik-ivan-dokovic-u-poseti-subotici-unapredenje-privrede-i-znacajna-ulaganja-u-turizam\/"},"author":{"name":"Sonja Babi\u0107","@id":"https:\/\/spriv.vojvodina.gov.rs\/#\/schema\/person\/749ef4f57fbb458f1c759e7a4fa78485"},"headline":"Potpredsednik Ivan \u0110okovi\u0107 u poseti Subotici: Unapre\u0111enje privrede i zna\u010dajna ulaganja u turizam","datePublished":"2016-07-13T11:52:38+00:00","mainEntityOfPage":{"@id":"https:\/\/spriv.vojvodina.gov.rs\/rs\/potpredsednik-ivan-dokovic-u-poseti-subotici-unapredenje-privrede-i-znacajna-ulaganja-u-turizam\/"},"wordCount":487,"image":{"@id":"https:\/\/spriv.vojvodina.gov.rs\/rs\/potpredsednik-ivan-dokovic-u-poseti-subotici-unapredenje-privrede-i-znacajna-ulaganja-u-turizam\/#primaryimage"},"thumbnailUrl":"https:\/\/spriv.vojvodina.gov.rs\/wp-content\/uploads\/2016\/07\/rpK_mala.jpg","articleSection":["Vesti Latinica"],"inLanguage":"sr-RS"},{"@type":"WebPage","@id":"https:\/\/spriv.vojvodina.gov.rs\/rs\/potpredsednik-ivan-dokovic-u-poseti-subotici-unapredenje-privrede-i-znacajna-ulaganja-u-turizam\/","url":"https:\/\/spriv.vojvodina.gov.rs\/rs\/potpredsednik-ivan-dokovic-u-poseti-subotici-unapredenje-privrede-i-znacajna-ulaganja-u-turizam\/","name":"Potpredsednik Ivan \u0110okovi\u0107 u poseti Subotici: Unapre\u0111enje privrede i zna\u010dajna ulaganja u turizam - \u041f\u043e\u043a\u0440\u0430\u0458\u0438\u043d\u0441\u043a\u0438 \u0441\u0435\u043a\u0440\u0435\u0442\u0430\u0440\u0438\u0458\u0430\u0442 \u0437\u0430 \u043f\u0440\u0438\u0432\u0440\u0435\u0434\u0443 \u0438 \u0442\u0443\u0440\u0438\u0437\u0430\u043c","isPartOf":{"@id":"https:\/\/spriv.vojvodina.gov.rs\/#website"},"primaryImageOfPage":{"@id":"https:\/\/spriv.vojvodina.gov.rs\/rs\/potpredsednik-ivan-dokovic-u-poseti-subotici-unapredenje-privrede-i-znacajna-ulaganja-u-turizam\/#primaryimage"},"image":{"@id":"https:\/\/spriv.vojvodina.gov.rs\/rs\/potpredsednik-ivan-dokovic-u-poseti-subotici-unapredenje-privrede-i-znacajna-ulaganja-u-turizam\/#primaryimage"},"thumbnailUrl":"https:\/\/spriv.vojvodina.gov.rs\/wp-content\/uploads\/2016\/07\/rpK_mala.jpg","datePublished":"2016-07-13T11:52:38+00:00","author":{"@id":"https:\/\/spriv.vojvodina.gov.rs\/#\/schema\/person\/749ef4f57fbb458f1c759e7a4fa78485"},"breadcrumb":{"@id":"https:\/\/spriv.vojvodina.gov.rs\/rs\/potpredsednik-ivan-dokovic-u-poseti-subotici-unapredenje-privrede-i-znacajna-ulaganja-u-turizam\/#breadcrumb"},"inLanguage":"sr-RS","potentialAction":[{"@type":"ReadAction","target":["https:\/\/spriv.vojvodina.gov.rs\/rs\/potpredsednik-ivan-dokovic-u-poseti-subotici-unapredenje-privrede-i-znacajna-ulaganja-u-turizam\/"]}]},{"@type":"ImageObject","inLanguage":"sr-RS","@id":"https:\/\/spriv.vojvodina.gov.rs\/rs\/potpredsednik-ivan-dokovic-u-poseti-subotici-unapredenje-privrede-i-znacajna-ulaganja-u-turizam\/#primaryimage","url":"https:\/\/spriv.vojvodina.gov.rs\/wp-content\/uploads\/2016\/07\/rpK_mala.jpg","contentUrl":"https:\/\/spriv.vojvodina.gov.rs\/wp-content\/uploads\/2016\/07\/rpK_mala.jpg","width":120,"height":78},{"@type":"BreadcrumbList","@id":"https:\/\/spriv.vojvodina.gov.rs\/rs\/potpredsednik-ivan-dokovic-u-poseti-subotici-unapredenje-privrede-i-znacajna-ulaganja-u-turizam\/#breadcrumb","itemListElement":[{"@type":"ListItem","position":1,"name":"Home","item":"https:\/\/spriv.vojvodina.gov.rs\/"},{"@type":"ListItem","position":2,"name":"Potpredsednik Ivan \u0110okovi\u0107 u poseti Subotici: Unapre\u0111enje privrede i zna\u010dajna ulaganja u turizam"}]},{"@type":"WebSite","@id":"https:\/\/spriv.vojvodina.gov.rs\/#website","url":"https:\/\/spriv.vojvodina.gov.rs\/","name":"\u041f\u043e\u043a\u0440\u0430\u0458\u0438\u043d\u0441\u043a\u0438 \u0441\u0435\u043a\u0440\u0435\u0442\u0430\u0440\u0438\u0458\u0430\u0442 \u0437\u0430 \u043f\u0440\u0438\u0432\u0440\u0435\u0434\u0443 \u0438 \u0442\u0443\u0440\u0438\u0437\u0430\u043c","description":"\u041f\u043e\u043a\u0440\u0430\u0458\u0438\u043d\u0441\u043a\u0438 \u0441\u0435\u043a\u0440\u0435\u0442\u0430\u0440\u0438\u0458\u0430\u0442 \u0437\u0430 \u043f\u0440\u0438\u0432\u0440\u0435\u0434\u0443 \u0438 \u0442\u0443\u0440\u0438\u0437\u0430\u043c","potentialAction":[{"@type":"SearchAction","target":{"@type":"EntryPoint","urlTemplate":"https:\/\/spriv.vojvodina.gov.rs\/?s={search_term_string}"},"query-input":{"@type":"PropertyValueSpecification","valueRequired":true,"valueName":"search_term_string"}}],"inLanguage":"sr-RS"},{"@type":"Person","@id":"https:\/\/spriv.vojvodina.gov.rs\/#\/schema\/person\/749ef4f57fbb458f1c759e7a4fa78485","name":"Sonja Babi\u0107","image":{"@type":"ImageObject","inLanguage":"sr-RS","@id":"https:\/\/secure.gravatar.com\/avatar\/00a1d182a20a59067af1e7b1c31cbcc3be1a456ee4b27746580e120c2582e5bd?s=96&d=mm&r=g","url":"https:\/\/secure.gravatar.com\/avatar\/00a1d182a20a59067af1e7b1c31cbcc3be1a456ee4b27746580e120c2582e5bd?s=96&d=mm&r=g","contentUrl":"https:\/\/secure.gravatar.com\/avatar\/00a1d182a20a59067af1e7b1c31cbcc3be1a456ee4b27746580e120c2582e5bd?s=96&d=mm&r=g","caption":"Sonja Babi\u0107"},"url":"https:\/\/spriv.vojvodina.gov.rs\/rs\/author\/sonja-babic\/"}]}},"_links":{"self":[{"href":"https:\/\/spriv.vojvodina.gov.rs\/rs\/wp-json\/wp\/v2\/posts\/1614","targetHints":{"allow":["GET"]}}],"collection":[{"href":"https:\/\/spriv.vojvodina.gov.rs\/rs\/wp-json\/wp\/v2\/posts"}],"about":[{"href":"https:\/\/spriv.vojvodina.gov.rs\/rs\/wp-json\/wp\/v2\/types\/post"}],"author":[{"embeddable":true,"href":"https:\/\/spriv.vojvodina.gov.rs\/rs\/wp-json\/wp\/v2\/users\/3"}],"replies":[{"embeddable":true,"href":"https:\/\/spriv.vojvodina.gov.rs\/rs\/wp-json\/wp\/v2\/comments?post=1614"}],"version-history":[{"count":0,"href":"https:\/\/spriv.vojvodina.gov.rs\/rs\/wp-json\/wp\/v2\/posts\/1614\/revisions"}],"wp:featuredmedia":[{"embeddable":true,"href":"https:\/\/spriv.vojvodina.gov.rs\/rs\/wp-json\/wp\/v2\/media\/1607"}],"wp:attachment":[{"href":"https:\/\/spriv.vojvodina.gov.rs\/rs\/wp-json\/wp\/v2\/media?parent=1614"}],"wp:term":[{"taxonomy":"category","embeddable":true,"href":"https:\/\/spriv.vojvodina.gov.rs\/rs\/wp-json\/wp\/v2\/categories?post=1614"},{"taxonomy":"post_tag","embeddable":true,"href":"https:\/\/spriv.vojvodina.gov.rs\/rs\/wp-json\/wp\/v2\/tags?post=1614"}],"curies":[{"name":"wp","href":"https:\/\/api.w.org\/{rel}","templated":true}]}}