{"id":1528,"date":"2016-04-20T09:18:32","date_gmt":"2016-04-20T09:18:32","guid":{"rendered":"http:\/\/spriv.vojvodina.gov.rs\/2016\/04\/20\/dr-mirjana-kranjac-o-znacaju-vodnog-transporta-na-medunarodnoj-konferenciji-evropskog-pokreta-u-srbiji\/"},"modified":"2016-04-20T09:18:32","modified_gmt":"2016-04-20T09:18:32","slug":"dr-mirjana-kranjac-o-znacaju-vodnog-transporta-na-medunarodnoj-konferenciji-evropskog-pokreta-u-srbiji","status":"publish","type":"post","link":"https:\/\/spriv.vojvodina.gov.rs\/rs\/dr-mirjana-kranjac-o-znacaju-vodnog-transporta-na-medunarodnoj-konferenciji-evropskog-pokreta-u-srbiji\/","title":{"rendered":"Dr Mirjana Kranjac o zna\u010daju vodnog transporta na me\u0111unarodnoj konferenciji Evropskog pokreta u Srbiji"},"content":{"rendered":"<p style=\"text-align: justify;\"><strong><img loading=\"lazy\" decoding=\"async\" class=\" alignleft size-full wp-image-1004\" src=\"http:\/\/spriv.vojvodina.gov.rs\/wp-content\/uploads\/2015\/10\/logo_Vlade.jpg\" border=\"0\" alt=\"\" align=\"left\" width=\"90\" height=\"110\" \/>Novi Sad, 20. april 2016.<\/strong> &#8211; Pomo\u0107nica Pokrajinskog sekretara za privredu, zapo\u0161ljavanje i ravnopravnost polova dr Mirjana Kranjac u\u010destvovala je 19. aprila na me\u0111unarodnoj konferenciji \u201eDunav-Veza Srbije sa Transevropskom transportnom i energetskom mre\u017eom\u201c koju je organizovao Evropski pokret u Srbiji, kancelarija u Novom Sadu i koji je okupio grupu eminentnih stru\u010dnjaka iz ove oblasti.<\/p>\n<p style=\"text-align: justify;\">Svojim predavanjem na temu \u201eBudu\u0107i logisti\u010dki centri i luke du\u017e reke Dunav\u201c osvrnula se na zna\u010daj transporta Dunavom u kontekstu smanjenja transportnih tro\u0161kova i kori\u0161\u0107enja tzv. \u201ezelenog transporta\u201c. Ukazala je na zna\u010daj postojanja Regionalnog prostornog plana AP Vojvodine koji je definisao luke i logisti\u010dke centre u Vojvodini i koji je osnovni planski dokument za njihovu realizaciju. Problem koji se mora re\u0161iti je ubrzana izrada plansko-tehni\u010dke dokumentacije jer osim generalnih urbanisti\u010dkih planova ostale potrebne dokumentacije uglavnom nema. Najvi\u0161e je iskora\u010dila op\u0161tina Apatin koja je ovih dana u proceduri definisanja lu\u010dkog podru\u010dja za izgradnju nove luke Apatin, od velikog zna\u010daja za \u201ezeleni\u201c transport Vojvodine i za bolje pozicioniranje Vojvodine na logisti\u010dkoj mapi Evrope. Neophodno je da se intenzivira izrada projektne dokumentacije kako bi se moglo aplicirati za sredstva evropskih fondova namenjenih izgradnji infrastrukture.<\/p>\n<p>Dr Kranjac je predstavila i da je u okviru aktivnosti Pokrajinske vlade i saradnje sa studentima Fakulteta tehni\u010dkih nauka u Novom Sadu izra\u0111ena interaktivna mapa logisti\u010dkog potencijala Vojvodine koja omogu\u0107ava doma\u0107im i stranim investitorima uvid u logisti\u010dki potencijal Vojvodine. Tako\u0111e je istakla potrebu za intenzivnijim zapo\u0161ljavanjem stru\u010dnjaka iz logistike i obrazovanjem po najnovijim zahtevima i standardima Evropske unije.\u00a0 Pohvalila je rad Klastera za transport i logistiku Vojvodine kao primer dobre prakse u smislu okupljanja svih zainteresovanih aktera i intenzivnog rada sa lokalnim samoupravama koje moraju biti pokreta\u010di razvoja ove oblasti.<\/p>\n","protected":false},"excerpt":{"rendered":"Novi Sad, 20. april 2016. &#8211; Pomo\u0107nica Pokrajinskog sekretara za privredu, zapo\u0161ljavanje i ravnopravnost polova dr Mirjana Kranjac u\u010destvovala je 19. aprila na me\u0111unarodnoj konferenciji \u201eDunav-Veza Srbije sa Transevropskom transportnom i energetskom mre\u017eom\u201c koju je organizovao Evropski pokret u Srbiji, kancelarija u Novom Sadu i koji je okupio grupu eminentnih stru\u010dnjaka iz ove oblasti.\n<a class=\"moretag\" href=\"https:\/\/spriv.vojvodina.gov.rs\/rs\/dr-mirjana-kranjac-o-znacaju-vodnog-transporta-na-medunarodnoj-konferenciji-evropskog-pokreta-u-srbiji\/\"> [...]<\/a>","protected":false},"author":3,"featured_media":1004,"comment_status":"closed","ping_status":"closed","sticky":false,"template":"","format":"standard","meta":{"footnotes":""},"categories":[31],"tags":[],"class_list":["post-1528","post","type-post","status-publish","format-standard","has-post-thumbnail","hentry","category-vesti-latinica1"],"yoast_head":"<!-- This site is optimized with the Yoast SEO plugin v27.4 - https:\/\/yoast.com\/product\/yoast-seo-wordpress\/ -->\n<title>Dr Mirjana Kranjac o zna\u010daju vodnog transporta na me\u0111unarodnoj konferenciji Evropskog pokreta u Srbiji - \u041f\u043e\u043a\u0440\u0430\u0458\u0438\u043d\u0441\u043a\u0438 \u0441\u0435\u043a\u0440\u0435\u0442\u0430\u0440\u0438\u0458\u0430\u0442 \u0437\u0430 \u043f\u0440\u0438\u0432\u0440\u0435\u0434\u0443 \u0438 \u0442\u0443\u0440\u0438\u0437\u0430\u043c<\/title>\n<meta name=\"robots\" content=\"index, follow, max-snippet:-1, max-image-preview:large, max-video-preview:-1\" \/>\n<link rel=\"canonical\" href=\"https:\/\/spriv.vojvodina.gov.rs\/rs\/dr-mirjana-kranjac-o-znacaju-vodnog-transporta-na-medunarodnoj-konferenciji-evropskog-pokreta-u-srbiji\/\" \/>\n<meta property=\"og:locale\" content=\"sr_RS\" \/>\n<meta property=\"og:type\" content=\"article\" \/>\n<meta property=\"og:title\" content=\"Dr Mirjana Kranjac o zna\u010daju vodnog transporta na me\u0111unarodnoj konferenciji Evropskog pokreta u Srbiji - \u041f\u043e\u043a\u0440\u0430\u0458\u0438\u043d\u0441\u043a\u0438 \u0441\u0435\u043a\u0440\u0435\u0442\u0430\u0440\u0438\u0458\u0430\u0442 \u0437\u0430 \u043f\u0440\u0438\u0432\u0440\u0435\u0434\u0443 \u0438 \u0442\u0443\u0440\u0438\u0437\u0430\u043c\" \/>\n<meta property=\"og:description\" content=\"Novi Sad, 20. april 2016. - Pomo\u0107nica Pokrajinskog sekretara za privredu, zapo\u0161ljavanje i ravnopravnost polova dr Mirjana Kranjac u\u010destvovala je 19. aprila na me\u0111unarodnoj konferenciji \u201eDunav-Veza Srbije sa Transevropskom transportnom i energetskom mre\u017eom\u201c koju je organizovao Evropski pokret u Srbiji, kancelarija u Novom Sadu i koji je okupio grupu eminentnih stru\u010dnjaka iz ove oblasti.\" \/>\n<meta property=\"og:url\" content=\"https:\/\/spriv.vojvodina.gov.rs\/rs\/dr-mirjana-kranjac-o-znacaju-vodnog-transporta-na-medunarodnoj-konferenciji-evropskog-pokreta-u-srbiji\/\" \/>\n<meta property=\"og:site_name\" content=\"\u041f\u043e\u043a\u0440\u0430\u0458\u0438\u043d\u0441\u043a\u0438 \u0441\u0435\u043a\u0440\u0435\u0442\u0430\u0440\u0438\u0458\u0430\u0442 \u0437\u0430 \u043f\u0440\u0438\u0432\u0440\u0435\u0434\u0443 \u0438 \u0442\u0443\u0440\u0438\u0437\u0430\u043c\" \/>\n<meta property=\"article:published_time\" content=\"2016-04-20T09:18:32+00:00\" \/>\n<meta property=\"og:image\" content=\"https:\/\/spriv.vojvodina.gov.rs\/wp-content\/uploads\/2015\/10\/logo_Vlade.jpg\" \/>\n\t<meta property=\"og:image:width\" content=\"90\" \/>\n\t<meta property=\"og:image:height\" content=\"110\" \/>\n\t<meta property=\"og:image:type\" content=\"image\/jpeg\" \/>\n<meta name=\"author\" content=\"Sonja Babi\u0107\" \/>\n<meta name=\"twitter:card\" content=\"summary_large_image\" \/>\n<meta name=\"twitter:label1\" content=\"\u041d\u0430\u043f\u0438\u0441\u0430\u043d\u043e \u043e\u0434\" \/>\n\t<meta name=\"twitter:data1\" content=\"Sonja Babi\u0107\" \/>\n\t<meta name=\"twitter:label2\" content=\"\u041f\u0440\u043e\u0446\u0435\u045a\u0435\u043d\u043e \u0432\u0440\u0435\u043c\u0435 \u0447\u0438\u0442\u0430\u045a\u0430\" \/>\n\t<meta name=\"twitter:data2\" content=\"2 \u043c\u0438\u043d\u0443\u0442\u0430\" \/>\n<script type=\"application\/ld+json\" class=\"yoast-schema-graph\">{\"@context\":\"https:\\\/\\\/schema.org\",\"@graph\":[{\"@type\":\"Article\",\"@id\":\"https:\\\/\\\/spriv.vojvodina.gov.rs\\\/rs\\\/dr-mirjana-kranjac-o-znacaju-vodnog-transporta-na-medunarodnoj-konferenciji-evropskog-pokreta-u-srbiji\\\/#article\",\"isPartOf\":{\"@id\":\"https:\\\/\\\/spriv.vojvodina.gov.rs\\\/rs\\\/dr-mirjana-kranjac-o-znacaju-vodnog-transporta-na-medunarodnoj-konferenciji-evropskog-pokreta-u-srbiji\\\/\"},\"author\":{\"name\":\"Sonja Babi\u0107\",\"@id\":\"https:\\\/\\\/spriv.vojvodina.gov.rs\\\/#\\\/schema\\\/person\\\/749ef4f57fbb458f1c759e7a4fa78485\"},\"headline\":\"Dr Mirjana Kranjac o zna\u010daju vodnog transporta na me\u0111unarodnoj konferenciji Evropskog pokreta u Srbiji\",\"datePublished\":\"2016-04-20T09:18:32+00:00\",\"mainEntityOfPage\":{\"@id\":\"https:\\\/\\\/spriv.vojvodina.gov.rs\\\/rs\\\/dr-mirjana-kranjac-o-znacaju-vodnog-transporta-na-medunarodnoj-konferenciji-evropskog-pokreta-u-srbiji\\\/\"},\"wordCount\":321,\"image\":{\"@id\":\"https:\\\/\\\/spriv.vojvodina.gov.rs\\\/rs\\\/dr-mirjana-kranjac-o-znacaju-vodnog-transporta-na-medunarodnoj-konferenciji-evropskog-pokreta-u-srbiji\\\/#primaryimage\"},\"thumbnailUrl\":\"https:\\\/\\\/spriv.vojvodina.gov.rs\\\/wp-content\\\/uploads\\\/2015\\\/10\\\/logo_Vlade.jpg\",\"articleSection\":[\"Vesti Latinica\"],\"inLanguage\":\"sr-RS\"},{\"@type\":\"WebPage\",\"@id\":\"https:\\\/\\\/spriv.vojvodina.gov.rs\\\/rs\\\/dr-mirjana-kranjac-o-znacaju-vodnog-transporta-na-medunarodnoj-konferenciji-evropskog-pokreta-u-srbiji\\\/\",\"url\":\"https:\\\/\\\/spriv.vojvodina.gov.rs\\\/rs\\\/dr-mirjana-kranjac-o-znacaju-vodnog-transporta-na-medunarodnoj-konferenciji-evropskog-pokreta-u-srbiji\\\/\",\"name\":\"Dr Mirjana Kranjac o zna\u010daju vodnog transporta na me\u0111unarodnoj konferenciji Evropskog pokreta u Srbiji - \u041f\u043e\u043a\u0440\u0430\u0458\u0438\u043d\u0441\u043a\u0438 \u0441\u0435\u043a\u0440\u0435\u0442\u0430\u0440\u0438\u0458\u0430\u0442 \u0437\u0430 \u043f\u0440\u0438\u0432\u0440\u0435\u0434\u0443 \u0438 \u0442\u0443\u0440\u0438\u0437\u0430\u043c\",\"isPartOf\":{\"@id\":\"https:\\\/\\\/spriv.vojvodina.gov.rs\\\/#website\"},\"primaryImageOfPage\":{\"@id\":\"https:\\\/\\\/spriv.vojvodina.gov.rs\\\/rs\\\/dr-mirjana-kranjac-o-znacaju-vodnog-transporta-na-medunarodnoj-konferenciji-evropskog-pokreta-u-srbiji\\\/#primaryimage\"},\"image\":{\"@id\":\"https:\\\/\\\/spriv.vojvodina.gov.rs\\\/rs\\\/dr-mirjana-kranjac-o-znacaju-vodnog-transporta-na-medunarodnoj-konferenciji-evropskog-pokreta-u-srbiji\\\/#primaryimage\"},\"thumbnailUrl\":\"https:\\\/\\\/spriv.vojvodina.gov.rs\\\/wp-content\\\/uploads\\\/2015\\\/10\\\/logo_Vlade.jpg\",\"datePublished\":\"2016-04-20T09:18:32+00:00\",\"author\":{\"@id\":\"https:\\\/\\\/spriv.vojvodina.gov.rs\\\/#\\\/schema\\\/person\\\/749ef4f57fbb458f1c759e7a4fa78485\"},\"breadcrumb\":{\"@id\":\"https:\\\/\\\/spriv.vojvodina.gov.rs\\\/rs\\\/dr-mirjana-kranjac-o-znacaju-vodnog-transporta-na-medunarodnoj-konferenciji-evropskog-pokreta-u-srbiji\\\/#breadcrumb\"},\"inLanguage\":\"sr-RS\",\"potentialAction\":[{\"@type\":\"ReadAction\",\"target\":[\"https:\\\/\\\/spriv.vojvodina.gov.rs\\\/rs\\\/dr-mirjana-kranjac-o-znacaju-vodnog-transporta-na-medunarodnoj-konferenciji-evropskog-pokreta-u-srbiji\\\/\"]}]},{\"@type\":\"ImageObject\",\"inLanguage\":\"sr-RS\",\"@id\":\"https:\\\/\\\/spriv.vojvodina.gov.rs\\\/rs\\\/dr-mirjana-kranjac-o-znacaju-vodnog-transporta-na-medunarodnoj-konferenciji-evropskog-pokreta-u-srbiji\\\/#primaryimage\",\"url\":\"https:\\\/\\\/spriv.vojvodina.gov.rs\\\/wp-content\\\/uploads\\\/2015\\\/10\\\/logo_Vlade.jpg\",\"contentUrl\":\"https:\\\/\\\/spriv.vojvodina.gov.rs\\\/wp-content\\\/uploads\\\/2015\\\/10\\\/logo_Vlade.jpg\",\"width\":90,\"height\":110},{\"@type\":\"BreadcrumbList\",\"@id\":\"https:\\\/\\\/spriv.vojvodina.gov.rs\\\/rs\\\/dr-mirjana-kranjac-o-znacaju-vodnog-transporta-na-medunarodnoj-konferenciji-evropskog-pokreta-u-srbiji\\\/#breadcrumb\",\"itemListElement\":[{\"@type\":\"ListItem\",\"position\":1,\"name\":\"Home\",\"item\":\"https:\\\/\\\/spriv.vojvodina.gov.rs\\\/\"},{\"@type\":\"ListItem\",\"position\":2,\"name\":\"Dr Mirjana Kranjac o zna\u010daju vodnog transporta na me\u0111unarodnoj konferenciji Evropskog pokreta u Srbiji\"}]},{\"@type\":\"WebSite\",\"@id\":\"https:\\\/\\\/spriv.vojvodina.gov.rs\\\/#website\",\"url\":\"https:\\\/\\\/spriv.vojvodina.gov.rs\\\/\",\"name\":\"\u041f\u043e\u043a\u0440\u0430\u0458\u0438\u043d\u0441\u043a\u0438 \u0441\u0435\u043a\u0440\u0435\u0442\u0430\u0440\u0438\u0458\u0430\u0442 \u0437\u0430 \u043f\u0440\u0438\u0432\u0440\u0435\u0434\u0443 \u0438 \u0442\u0443\u0440\u0438\u0437\u0430\u043c\",\"description\":\"\u041f\u043e\u043a\u0440\u0430\u0458\u0438\u043d\u0441\u043a\u0438 \u0441\u0435\u043a\u0440\u0435\u0442\u0430\u0440\u0438\u0458\u0430\u0442 \u0437\u0430 \u043f\u0440\u0438\u0432\u0440\u0435\u0434\u0443 \u0438 \u0442\u0443\u0440\u0438\u0437\u0430\u043c\",\"potentialAction\":[{\"@type\":\"SearchAction\",\"target\":{\"@type\":\"EntryPoint\",\"urlTemplate\":\"https:\\\/\\\/spriv.vojvodina.gov.rs\\\/?s={search_term_string}\"},\"query-input\":{\"@type\":\"PropertyValueSpecification\",\"valueRequired\":true,\"valueName\":\"search_term_string\"}}],\"inLanguage\":\"sr-RS\"},{\"@type\":\"Person\",\"@id\":\"https:\\\/\\\/spriv.vojvodina.gov.rs\\\/#\\\/schema\\\/person\\\/749ef4f57fbb458f1c759e7a4fa78485\",\"name\":\"Sonja Babi\u0107\",\"image\":{\"@type\":\"ImageObject\",\"inLanguage\":\"sr-RS\",\"@id\":\"https:\\\/\\\/secure.gravatar.com\\\/avatar\\\/00a1d182a20a59067af1e7b1c31cbcc3be1a456ee4b27746580e120c2582e5bd?s=96&d=mm&r=g\",\"url\":\"https:\\\/\\\/secure.gravatar.com\\\/avatar\\\/00a1d182a20a59067af1e7b1c31cbcc3be1a456ee4b27746580e120c2582e5bd?s=96&d=mm&r=g\",\"contentUrl\":\"https:\\\/\\\/secure.gravatar.com\\\/avatar\\\/00a1d182a20a59067af1e7b1c31cbcc3be1a456ee4b27746580e120c2582e5bd?s=96&d=mm&r=g\",\"caption\":\"Sonja Babi\u0107\"},\"url\":\"https:\\\/\\\/spriv.vojvodina.gov.rs\\\/rs\\\/author\\\/sonja-babic\\\/\"}]}<\/script>\n<!-- \/ Yoast SEO plugin. -->","yoast_head_json":{"title":"Dr Mirjana Kranjac o zna\u010daju vodnog transporta na me\u0111unarodnoj konferenciji Evropskog pokreta u Srbiji - \u041f\u043e\u043a\u0440\u0430\u0458\u0438\u043d\u0441\u043a\u0438 \u0441\u0435\u043a\u0440\u0435\u0442\u0430\u0440\u0438\u0458\u0430\u0442 \u0437\u0430 \u043f\u0440\u0438\u0432\u0440\u0435\u0434\u0443 \u0438 \u0442\u0443\u0440\u0438\u0437\u0430\u043c","robots":{"index":"index","follow":"follow","max-snippet":"max-snippet:-1","max-image-preview":"max-image-preview:large","max-video-preview":"max-video-preview:-1"},"canonical":"https:\/\/spriv.vojvodina.gov.rs\/rs\/dr-mirjana-kranjac-o-znacaju-vodnog-transporta-na-medunarodnoj-konferenciji-evropskog-pokreta-u-srbiji\/","og_locale":"sr_RS","og_type":"article","og_title":"Dr Mirjana Kranjac o zna\u010daju vodnog transporta na me\u0111unarodnoj konferenciji Evropskog pokreta u Srbiji - \u041f\u043e\u043a\u0440\u0430\u0458\u0438\u043d\u0441\u043a\u0438 \u0441\u0435\u043a\u0440\u0435\u0442\u0430\u0440\u0438\u0458\u0430\u0442 \u0437\u0430 \u043f\u0440\u0438\u0432\u0440\u0435\u0434\u0443 \u0438 \u0442\u0443\u0440\u0438\u0437\u0430\u043c","og_description":"Novi Sad, 20. april 2016. - Pomo\u0107nica Pokrajinskog sekretara za privredu, zapo\u0161ljavanje i ravnopravnost polova dr Mirjana Kranjac u\u010destvovala je 19. aprila na me\u0111unarodnoj konferenciji \u201eDunav-Veza Srbije sa Transevropskom transportnom i energetskom mre\u017eom\u201c koju je organizovao Evropski pokret u Srbiji, kancelarija u Novom Sadu i koji je okupio grupu eminentnih stru\u010dnjaka iz ove oblasti.","og_url":"https:\/\/spriv.vojvodina.gov.rs\/rs\/dr-mirjana-kranjac-o-znacaju-vodnog-transporta-na-medunarodnoj-konferenciji-evropskog-pokreta-u-srbiji\/","og_site_name":"\u041f\u043e\u043a\u0440\u0430\u0458\u0438\u043d\u0441\u043a\u0438 \u0441\u0435\u043a\u0440\u0435\u0442\u0430\u0440\u0438\u0458\u0430\u0442 \u0437\u0430 \u043f\u0440\u0438\u0432\u0440\u0435\u0434\u0443 \u0438 \u0442\u0443\u0440\u0438\u0437\u0430\u043c","article_published_time":"2016-04-20T09:18:32+00:00","og_image":[{"width":90,"height":110,"url":"https:\/\/spriv.vojvodina.gov.rs\/wp-content\/uploads\/2015\/10\/logo_Vlade.jpg","type":"image\/jpeg"}],"author":"Sonja Babi\u0107","twitter_card":"summary_large_image","twitter_misc":{"\u041d\u0430\u043f\u0438\u0441\u0430\u043d\u043e \u043e\u0434":"Sonja Babi\u0107","\u041f\u0440\u043e\u0446\u0435\u045a\u0435\u043d\u043e \u0432\u0440\u0435\u043c\u0435 \u0447\u0438\u0442\u0430\u045a\u0430":"2 \u043c\u0438\u043d\u0443\u0442\u0430"},"schema":{"@context":"https:\/\/schema.org","@graph":[{"@type":"Article","@id":"https:\/\/spriv.vojvodina.gov.rs\/rs\/dr-mirjana-kranjac-o-znacaju-vodnog-transporta-na-medunarodnoj-konferenciji-evropskog-pokreta-u-srbiji\/#article","isPartOf":{"@id":"https:\/\/spriv.vojvodina.gov.rs\/rs\/dr-mirjana-kranjac-o-znacaju-vodnog-transporta-na-medunarodnoj-konferenciji-evropskog-pokreta-u-srbiji\/"},"author":{"name":"Sonja Babi\u0107","@id":"https:\/\/spriv.vojvodina.gov.rs\/#\/schema\/person\/749ef4f57fbb458f1c759e7a4fa78485"},"headline":"Dr Mirjana Kranjac o zna\u010daju vodnog transporta na me\u0111unarodnoj konferenciji Evropskog pokreta u Srbiji","datePublished":"2016-04-20T09:18:32+00:00","mainEntityOfPage":{"@id":"https:\/\/spriv.vojvodina.gov.rs\/rs\/dr-mirjana-kranjac-o-znacaju-vodnog-transporta-na-medunarodnoj-konferenciji-evropskog-pokreta-u-srbiji\/"},"wordCount":321,"image":{"@id":"https:\/\/spriv.vojvodina.gov.rs\/rs\/dr-mirjana-kranjac-o-znacaju-vodnog-transporta-na-medunarodnoj-konferenciji-evropskog-pokreta-u-srbiji\/#primaryimage"},"thumbnailUrl":"https:\/\/spriv.vojvodina.gov.rs\/wp-content\/uploads\/2015\/10\/logo_Vlade.jpg","articleSection":["Vesti Latinica"],"inLanguage":"sr-RS"},{"@type":"WebPage","@id":"https:\/\/spriv.vojvodina.gov.rs\/rs\/dr-mirjana-kranjac-o-znacaju-vodnog-transporta-na-medunarodnoj-konferenciji-evropskog-pokreta-u-srbiji\/","url":"https:\/\/spriv.vojvodina.gov.rs\/rs\/dr-mirjana-kranjac-o-znacaju-vodnog-transporta-na-medunarodnoj-konferenciji-evropskog-pokreta-u-srbiji\/","name":"Dr Mirjana Kranjac o zna\u010daju vodnog transporta na me\u0111unarodnoj konferenciji Evropskog pokreta u Srbiji - \u041f\u043e\u043a\u0440\u0430\u0458\u0438\u043d\u0441\u043a\u0438 \u0441\u0435\u043a\u0440\u0435\u0442\u0430\u0440\u0438\u0458\u0430\u0442 \u0437\u0430 \u043f\u0440\u0438\u0432\u0440\u0435\u0434\u0443 \u0438 \u0442\u0443\u0440\u0438\u0437\u0430\u043c","isPartOf":{"@id":"https:\/\/spriv.vojvodina.gov.rs\/#website"},"primaryImageOfPage":{"@id":"https:\/\/spriv.vojvodina.gov.rs\/rs\/dr-mirjana-kranjac-o-znacaju-vodnog-transporta-na-medunarodnoj-konferenciji-evropskog-pokreta-u-srbiji\/#primaryimage"},"image":{"@id":"https:\/\/spriv.vojvodina.gov.rs\/rs\/dr-mirjana-kranjac-o-znacaju-vodnog-transporta-na-medunarodnoj-konferenciji-evropskog-pokreta-u-srbiji\/#primaryimage"},"thumbnailUrl":"https:\/\/spriv.vojvodina.gov.rs\/wp-content\/uploads\/2015\/10\/logo_Vlade.jpg","datePublished":"2016-04-20T09:18:32+00:00","author":{"@id":"https:\/\/spriv.vojvodina.gov.rs\/#\/schema\/person\/749ef4f57fbb458f1c759e7a4fa78485"},"breadcrumb":{"@id":"https:\/\/spriv.vojvodina.gov.rs\/rs\/dr-mirjana-kranjac-o-znacaju-vodnog-transporta-na-medunarodnoj-konferenciji-evropskog-pokreta-u-srbiji\/#breadcrumb"},"inLanguage":"sr-RS","potentialAction":[{"@type":"ReadAction","target":["https:\/\/spriv.vojvodina.gov.rs\/rs\/dr-mirjana-kranjac-o-znacaju-vodnog-transporta-na-medunarodnoj-konferenciji-evropskog-pokreta-u-srbiji\/"]}]},{"@type":"ImageObject","inLanguage":"sr-RS","@id":"https:\/\/spriv.vojvodina.gov.rs\/rs\/dr-mirjana-kranjac-o-znacaju-vodnog-transporta-na-medunarodnoj-konferenciji-evropskog-pokreta-u-srbiji\/#primaryimage","url":"https:\/\/spriv.vojvodina.gov.rs\/wp-content\/uploads\/2015\/10\/logo_Vlade.jpg","contentUrl":"https:\/\/spriv.vojvodina.gov.rs\/wp-content\/uploads\/2015\/10\/logo_Vlade.jpg","width":90,"height":110},{"@type":"BreadcrumbList","@id":"https:\/\/spriv.vojvodina.gov.rs\/rs\/dr-mirjana-kranjac-o-znacaju-vodnog-transporta-na-medunarodnoj-konferenciji-evropskog-pokreta-u-srbiji\/#breadcrumb","itemListElement":[{"@type":"ListItem","position":1,"name":"Home","item":"https:\/\/spriv.vojvodina.gov.rs\/"},{"@type":"ListItem","position":2,"name":"Dr Mirjana Kranjac o zna\u010daju vodnog transporta na me\u0111unarodnoj konferenciji Evropskog pokreta u Srbiji"}]},{"@type":"WebSite","@id":"https:\/\/spriv.vojvodina.gov.rs\/#website","url":"https:\/\/spriv.vojvodina.gov.rs\/","name":"\u041f\u043e\u043a\u0440\u0430\u0458\u0438\u043d\u0441\u043a\u0438 \u0441\u0435\u043a\u0440\u0435\u0442\u0430\u0440\u0438\u0458\u0430\u0442 \u0437\u0430 \u043f\u0440\u0438\u0432\u0440\u0435\u0434\u0443 \u0438 \u0442\u0443\u0440\u0438\u0437\u0430\u043c","description":"\u041f\u043e\u043a\u0440\u0430\u0458\u0438\u043d\u0441\u043a\u0438 \u0441\u0435\u043a\u0440\u0435\u0442\u0430\u0440\u0438\u0458\u0430\u0442 \u0437\u0430 \u043f\u0440\u0438\u0432\u0440\u0435\u0434\u0443 \u0438 \u0442\u0443\u0440\u0438\u0437\u0430\u043c","potentialAction":[{"@type":"SearchAction","target":{"@type":"EntryPoint","urlTemplate":"https:\/\/spriv.vojvodina.gov.rs\/?s={search_term_string}"},"query-input":{"@type":"PropertyValueSpecification","valueRequired":true,"valueName":"search_term_string"}}],"inLanguage":"sr-RS"},{"@type":"Person","@id":"https:\/\/spriv.vojvodina.gov.rs\/#\/schema\/person\/749ef4f57fbb458f1c759e7a4fa78485","name":"Sonja Babi\u0107","image":{"@type":"ImageObject","inLanguage":"sr-RS","@id":"https:\/\/secure.gravatar.com\/avatar\/00a1d182a20a59067af1e7b1c31cbcc3be1a456ee4b27746580e120c2582e5bd?s=96&d=mm&r=g","url":"https:\/\/secure.gravatar.com\/avatar\/00a1d182a20a59067af1e7b1c31cbcc3be1a456ee4b27746580e120c2582e5bd?s=96&d=mm&r=g","contentUrl":"https:\/\/secure.gravatar.com\/avatar\/00a1d182a20a59067af1e7b1c31cbcc3be1a456ee4b27746580e120c2582e5bd?s=96&d=mm&r=g","caption":"Sonja Babi\u0107"},"url":"https:\/\/spriv.vojvodina.gov.rs\/rs\/author\/sonja-babic\/"}]}},"_links":{"self":[{"href":"https:\/\/spriv.vojvodina.gov.rs\/rs\/wp-json\/wp\/v2\/posts\/1528","targetHints":{"allow":["GET"]}}],"collection":[{"href":"https:\/\/spriv.vojvodina.gov.rs\/rs\/wp-json\/wp\/v2\/posts"}],"about":[{"href":"https:\/\/spriv.vojvodina.gov.rs\/rs\/wp-json\/wp\/v2\/types\/post"}],"author":[{"embeddable":true,"href":"https:\/\/spriv.vojvodina.gov.rs\/rs\/wp-json\/wp\/v2\/users\/3"}],"replies":[{"embeddable":true,"href":"https:\/\/spriv.vojvodina.gov.rs\/rs\/wp-json\/wp\/v2\/comments?post=1528"}],"version-history":[{"count":0,"href":"https:\/\/spriv.vojvodina.gov.rs\/rs\/wp-json\/wp\/v2\/posts\/1528\/revisions"}],"wp:featuredmedia":[{"embeddable":true,"href":"https:\/\/spriv.vojvodina.gov.rs\/rs\/wp-json\/wp\/v2\/media\/1004"}],"wp:attachment":[{"href":"https:\/\/spriv.vojvodina.gov.rs\/rs\/wp-json\/wp\/v2\/media?parent=1528"}],"wp:term":[{"taxonomy":"category","embeddable":true,"href":"https:\/\/spriv.vojvodina.gov.rs\/rs\/wp-json\/wp\/v2\/categories?post=1528"},{"taxonomy":"post_tag","embeddable":true,"href":"https:\/\/spriv.vojvodina.gov.rs\/rs\/wp-json\/wp\/v2\/tags?post=1528"}],"curies":[{"name":"wp","href":"https:\/\/api.w.org\/{rel}","templated":true}]}}