{"id":1526,"date":"2016-04-15T12:49:02","date_gmt":"2016-04-15T12:49:02","guid":{"rendered":"http:\/\/spriv.vojvodina.gov.rs\/2016\/04\/15\/podrska-nevladinom-sektoru-4-miliona-dinara-za-unapredenje-kapaciteta-romskih-organizacija-i-udruzenja\/"},"modified":"2016-04-15T12:49:02","modified_gmt":"2016-04-15T12:49:02","slug":"podrska-nevladinom-sektoru-4-miliona-dinara-za-unapredenje-kapaciteta-romskih-organizacija-i-udruzenja","status":"publish","type":"post","link":"https:\/\/spriv.vojvodina.gov.rs\/rs\/podrska-nevladinom-sektoru-4-miliona-dinara-za-unapredenje-kapaciteta-romskih-organizacija-i-udruzenja\/","title":{"rendered":"Podr\u0161ka nevladinom sektoru &#8211; 4 miliona dinara za unapre\u0111enje kapaciteta romskih organizacija i udru\u017eenja"},"content":{"rendered":"<p style=\"text-align: justify;\"><strong><img loading=\"lazy\" decoding=\"async\" class=\" alignleft size-full wp-image-1521\" src=\"http:\/\/spriv.vojvodina.gov.rs\/wp-content\/uploads\/2016\/04\/15042016_Inkluzija-mala.jpg\" border=\"0\" alt=\"\" align=\"left\" width=\"120\" height=\"80\" \/>Novi Sad, 15. april 2016.<\/strong> &#8211; Potpisivanje ugovora sa nevladinim organizacijama koje su dobile sredstva na konkursu za finansiranje projekata u oblasti unapre\u0111enja polo\u017eaja Roma i Romkinja, uprili\u010deno je danas u Pokrajinskoj vladi. Konkurs je raspisan od strane Pokrajinskog sekretarijata za privredu, zapo\u0161ljavanje i ravnopravnost polova. Ukupna vrednost konkursa je 4 miliona dinara, a sredstva su usmerena za projekte 29 organizacija.<\/p>\n<p style=\"text-align: justify;\">Potpisivanju ugovora prisustvovali su pomo\u0107nica pokrajinskog sekretara, za oblast unapre\u0111enja polo\u017eaja Roma, dr Slavica Deni\u0107, sa saradnicima iz resornog Sektora, i direktor Kancelarije za inkluziju Roma Du\u0161ko Jovanovi\u0107.<\/p>\n<p style=\"text-align: center;\"><img loading=\"lazy\" decoding=\"async\" class=\" size-full wp-image-1522\" src=\"http:\/\/spriv.vojvodina.gov.rs\/wp-content\/uploads\/2016\/04\/15042016_Inkluzija-02.jpg\" border=\"0\" alt=\"\" width=\"580\" height=\"387\" srcset=\"https:\/\/spriv.vojvodina.gov.rs\/wp-content\/uploads\/2016\/04\/15042016_Inkluzija-02.jpg 580w, https:\/\/spriv.vojvodina.gov.rs\/wp-content\/uploads\/2016\/04\/15042016_Inkluzija-02-300x200.jpg 300w\" sizes=\"auto, (max-width: 580px) 100vw, 580px\" \/><\/p>\n<p style=\"text-align: justify;\">Osvr\u0107u\u0107i se na iskustva Sekretarijata za privredu u okviru Sektora za unapre\u0111enje polo\u017eaja Roma, dr Slavica Deni\u0107 istakla je zna\u010daj i efekte pru\u017eanja institucionalne podr\u0161ke romskoj nacionalnoj zajednici u raznim sferama \u017eivota: ,,Saradnja sa nevladinim sektorom u proteklih nekoliko godina je izuzetna, pri \u010demu je postalo jasno da se skromnim sredstvima mogu posti\u0107i dobri rezultati, pre svega, na lokalnom nivou. Pored toga, Sekretarijat poslednjih godina sprovodi aktivnu politiku zapo\u0161ljavanja Roma, kroz subvencije za samozapo\u0161ljavanje i konkurse za javne radove. U saradnji sa op\u0161tinama u Pokrajini, dodeljena su sredstva za kupovinu ud\u017ebenika i \u0161kolskog pribora za romsku decu, izra\u0111eni su lokalni akcioni planovi u saradnji sa pojedinim lokalnim samoupravama. U pet op\u0161tina je finansiran rad koordinatora za romska pitanja. Od posebnog je zna\u010daja i \u010dinjenica da je ove godine potpisan ugovor sa tri op\u0161tine u Vojvodini za unapre\u0111enje uslova stanovanja Roma i Romkinja \u2013 In\u0111ija, Kovin i Od\u017eaci\u201c, istakla je pomo\u0107nica Deni\u0107.<\/p>\n<p>Du\u0161ko Jovanovi\u0107 je pomenuo da je zna\u010dajna \u010dinjenica velika zainteresovanost romske nacionalne zajednice za programe Pokrajinske vlade koji su im namenjeni, \u0161to jasno ukazuje na opredeljenje te zajednice da sprovedu konkretna dela za sopstvenu dobrobit. ,,Ovo je jedna u nizu aktivnosti koje sprovodi Pokrajinska vlada kada je re\u010d o merama za unapre\u0111enje polo\u017eaja Roma i Romkinja. Nevladin sektor je neizostavni partner nacionalnim i me\u0111unarodnim institucijama i organizacijama u sprovo\u0111enju svih strate\u0161kih dokumenata, programa i projekata finansiranih iz evropskih fondova. Dodeljena sredstva su skromna, ali postoji nada da \u0107e period pred nama imati prostor za uklju\u010divanje nevladinih organizacija\u201c, rekao je Jovanovi\u0107 i dodao da je Kancelarija sprovela niz edukativnih seminara kako bi osna\u017eila kapacitete nevladinih organizacija, jer je od velike va\u017enosti priprema ovog sektora za pisanje projekata po modelima EU.<\/p>\n<p style=\"text-align: center;\"><img loading=\"lazy\" decoding=\"async\" class=\" size-full wp-image-1523\" src=\"http:\/\/spriv.vojvodina.gov.rs\/wp-content\/uploads\/2016\/04\/15042016_Inkluzija-01.jpg\" border=\"0\" alt=\"\" width=\"580\" height=\"387\" srcset=\"https:\/\/spriv.vojvodina.gov.rs\/wp-content\/uploads\/2016\/04\/15042016_Inkluzija-01.jpg 580w, https:\/\/spriv.vojvodina.gov.rs\/wp-content\/uploads\/2016\/04\/15042016_Inkluzija-01-300x200.jpg 300w\" sizes=\"auto, (max-width: 580px) 100vw, 580px\" \/><\/p>\n<p style=\"text-align: justify;\">Pokrajinski sekretarijat za privredu, zapo\u0161ljavanje i ravnopravnost polova, konkursom koji je raspisan u februaru teku\u0107e godine, dodelio je bespovratna sredstva neprofitnim organizacijama i udru\u017eenjima gra\u0111anima u cilju unapre\u0111enja i za\u0161tite ljudskih i manjinskih prava i sloboda, a kroz realizaciju projekata iz oblasti unapre\u0111enja polo\u017eaja Roma i Romkinja.<\/p>\n<p>Sekretarijat na ovaj na\u010din nastoji da pru\u017ei podr\u0161ku aktivnostima kojima se afirmi\u0161e implementacija i primena Strategije za unapre\u0111ivanje polo\u017eaja Roma na teritoriji Vojvodine, kako bi Romi bili uklju\u010deni u dru\u0161tvene tokove. Podr\u017eavaju se i programi koji su od interesa za realizaciju prioritetnih oblasti ,,Dekade Roma\u201c kao \u0161to su obrazovanje, zapo\u0161ljavanje, stanovanje i zdravlje Roma, a fokus je stavljen i na osna\u017eivanje Roma i Romkinja, u smislu njihovog uklju\u010divanja u procese dono\u0161enja odluka, planiranje i sprovo\u0111enje strate\u0161kih planova, pre svega na lokalnom nivou.<\/p>\n<p>Konkurs je namenjen i projektima koji promovi\u0161u princip rodne ravnopravnosti u romskoj zajednici, kao i aktivnostima koje poma\u017eu pripadnicima romske zajednice da lak\u0161e do\u0111u do zaposlenja, steknu nova znanja i ve\u0161tine.<\/p>\n<p style=\"text-align: center;\"><img loading=\"lazy\" decoding=\"async\" class=\" size-full wp-image-1524\" src=\"http:\/\/spriv.vojvodina.gov.rs\/wp-content\/uploads\/2016\/04\/15042016_Inkluzija-04.jpg\" border=\"0\" alt=\"\" width=\"580\" height=\"387\" srcset=\"https:\/\/spriv.vojvodina.gov.rs\/wp-content\/uploads\/2016\/04\/15042016_Inkluzija-04.jpg 580w, https:\/\/spriv.vojvodina.gov.rs\/wp-content\/uploads\/2016\/04\/15042016_Inkluzija-04-300x200.jpg 300w\" sizes=\"auto, (max-width: 580px) 100vw, 580px\" \/><\/p>\n","protected":false},"excerpt":{"rendered":"Novi Sad, 15. april 2016. &#8211; Potpisivanje ugovora sa nevladinim organizacijama koje su dobile sredstva na konkursu za finansiranje projekata u oblasti unapre\u0111enja polo\u017eaja Roma i Romkinja, uprili\u010deno je danas u Pokrajinskoj vladi. Konkurs je raspisan od strane Pokrajinskog sekretarijata za privredu, zapo\u0161ljavanje i ravnopravnost polova. Ukupna vrednost konkursa je 4 miliona dinara, a sredstva su usmerena za projekte 29 organizacija.\n<a class=\"moretag\" href=\"https:\/\/spriv.vojvodina.gov.rs\/rs\/podrska-nevladinom-sektoru-4-miliona-dinara-za-unapredenje-kapaciteta-romskih-organizacija-i-udruzenja\/\"> [...]<\/a>","protected":false},"author":3,"featured_media":1521,"comment_status":"closed","ping_status":"closed","sticky":false,"template":"","format":"standard","meta":{"footnotes":""},"categories":[31],"tags":[],"class_list":["post-1526","post","type-post","status-publish","format-standard","has-post-thumbnail","hentry","category-vesti-latinica1"],"yoast_head":"<!-- This site is optimized with the Yoast SEO plugin v27.4 - https:\/\/yoast.com\/product\/yoast-seo-wordpress\/ -->\n<title>Podr\u0161ka nevladinom sektoru - 4 miliona dinara za unapre\u0111enje kapaciteta romskih organizacija i udru\u017eenja - \u041f\u043e\u043a\u0440\u0430\u0458\u0438\u043d\u0441\u043a\u0438 \u0441\u0435\u043a\u0440\u0435\u0442\u0430\u0440\u0438\u0458\u0430\u0442 \u0437\u0430 \u043f\u0440\u0438\u0432\u0440\u0435\u0434\u0443 \u0438 \u0442\u0443\u0440\u0438\u0437\u0430\u043c<\/title>\n<meta name=\"robots\" content=\"index, follow, max-snippet:-1, max-image-preview:large, max-video-preview:-1\" \/>\n<link rel=\"canonical\" href=\"https:\/\/spriv.vojvodina.gov.rs\/rs\/podrska-nevladinom-sektoru-4-miliona-dinara-za-unapredenje-kapaciteta-romskih-organizacija-i-udruzenja\/\" \/>\n<meta property=\"og:locale\" content=\"sr_RS\" \/>\n<meta property=\"og:type\" content=\"article\" \/>\n<meta property=\"og:title\" content=\"Podr\u0161ka nevladinom sektoru - 4 miliona dinara za unapre\u0111enje kapaciteta romskih organizacija i udru\u017eenja - \u041f\u043e\u043a\u0440\u0430\u0458\u0438\u043d\u0441\u043a\u0438 \u0441\u0435\u043a\u0440\u0435\u0442\u0430\u0440\u0438\u0458\u0430\u0442 \u0437\u0430 \u043f\u0440\u0438\u0432\u0440\u0435\u0434\u0443 \u0438 \u0442\u0443\u0440\u0438\u0437\u0430\u043c\" \/>\n<meta property=\"og:description\" content=\"Novi Sad, 15. april 2016. - Potpisivanje ugovora sa nevladinim organizacijama koje su dobile sredstva na konkursu za finansiranje projekata u oblasti unapre\u0111enja polo\u017eaja Roma i Romkinja, uprili\u010deno je danas u Pokrajinskoj vladi. Konkurs je raspisan od strane Pokrajinskog sekretarijata za privredu, zapo\u0161ljavanje i ravnopravnost polova. Ukupna vrednost konkursa je 4 miliona dinara, a sredstva su usmerena za projekte 29 organizacija.\" \/>\n<meta property=\"og:url\" content=\"https:\/\/spriv.vojvodina.gov.rs\/podrska-nevladinom-sektoru-4-miliona-dinara-za-unapredenje-kapaciteta-romskih-organizacija-i-udruzenja\/\" \/>\n<meta property=\"og:site_name\" content=\"\u041f\u043e\u043a\u0440\u0430\u0458\u0438\u043d\u0441\u043a\u0438 \u0441\u0435\u043a\u0440\u0435\u0442\u0430\u0440\u0438\u0458\u0430\u0442 \u0437\u0430 \u043f\u0440\u0438\u0432\u0440\u0435\u0434\u0443 \u0438 \u0442\u0443\u0440\u0438\u0437\u0430\u043c\" \/>\n<meta property=\"article:published_time\" content=\"2016-04-15T12:49:02+00:00\" \/>\n<meta property=\"og:image\" content=\"https:\/\/spriv.vojvodina.gov.rs\/wp-content\/uploads\/2016\/04\/15042016_Inkluzija-mala.jpg\" \/>\n\t<meta property=\"og:image:width\" content=\"120\" \/>\n\t<meta property=\"og:image:height\" content=\"80\" \/>\n\t<meta property=\"og:image:type\" content=\"image\/jpeg\" \/>\n<meta name=\"author\" content=\"Sonja Babi\u0107\" \/>\n<meta name=\"twitter:card\" content=\"summary_large_image\" \/>\n<meta name=\"twitter:label1\" content=\"\u041d\u0430\u043f\u0438\u0441\u0430\u043d\u043e \u043e\u0434\" \/>\n\t<meta name=\"twitter:data1\" content=\"Sonja Babi\u0107\" \/>\n\t<meta name=\"twitter:label2\" content=\"\u041f\u0440\u043e\u0446\u0435\u045a\u0435\u043d\u043e \u0432\u0440\u0435\u043c\u0435 \u0447\u0438\u0442\u0430\u045a\u0430\" \/>\n\t<meta name=\"twitter:data2\" content=\"3 \u043c\u0438\u043d\u0443\u0442\u0430\" \/>\n<script type=\"application\/ld+json\" class=\"yoast-schema-graph\">{\"@context\":\"https:\\\/\\\/schema.org\",\"@graph\":[{\"@type\":\"Article\",\"@id\":\"https:\\\/\\\/spriv.vojvodina.gov.rs\\\/podrska-nevladinom-sektoru-4-miliona-dinara-za-unapredenje-kapaciteta-romskih-organizacija-i-udruzenja\\\/#article\",\"isPartOf\":{\"@id\":\"https:\\\/\\\/spriv.vojvodina.gov.rs\\\/podrska-nevladinom-sektoru-4-miliona-dinara-za-unapredenje-kapaciteta-romskih-organizacija-i-udruzenja\\\/\"},\"author\":{\"name\":\"Sonja Babi\u0107\",\"@id\":\"https:\\\/\\\/spriv.vojvodina.gov.rs\\\/#\\\/schema\\\/person\\\/749ef4f57fbb458f1c759e7a4fa78485\"},\"headline\":\"Podr\u0161ka nevladinom sektoru &#8211; 4 miliona dinara za unapre\u0111enje kapaciteta romskih organizacija i udru\u017eenja\",\"datePublished\":\"2016-04-15T12:49:02+00:00\",\"mainEntityOfPage\":{\"@id\":\"https:\\\/\\\/spriv.vojvodina.gov.rs\\\/podrska-nevladinom-sektoru-4-miliona-dinara-za-unapredenje-kapaciteta-romskih-organizacija-i-udruzenja\\\/\"},\"wordCount\":606,\"image\":{\"@id\":\"https:\\\/\\\/spriv.vojvodina.gov.rs\\\/podrska-nevladinom-sektoru-4-miliona-dinara-za-unapredenje-kapaciteta-romskih-organizacija-i-udruzenja\\\/#primaryimage\"},\"thumbnailUrl\":\"https:\\\/\\\/spriv.vojvodina.gov.rs\\\/wp-content\\\/uploads\\\/2016\\\/04\\\/15042016_Inkluzija-mala.jpg\",\"articleSection\":[\"Vesti Latinica\"],\"inLanguage\":\"sr-RS\"},{\"@type\":\"WebPage\",\"@id\":\"https:\\\/\\\/spriv.vojvodina.gov.rs\\\/podrska-nevladinom-sektoru-4-miliona-dinara-za-unapredenje-kapaciteta-romskih-organizacija-i-udruzenja\\\/\",\"url\":\"https:\\\/\\\/spriv.vojvodina.gov.rs\\\/podrska-nevladinom-sektoru-4-miliona-dinara-za-unapredenje-kapaciteta-romskih-organizacija-i-udruzenja\\\/\",\"name\":\"Podr\u0161ka nevladinom sektoru - 4 miliona dinara za unapre\u0111enje kapaciteta romskih organizacija i udru\u017eenja - \u041f\u043e\u043a\u0440\u0430\u0458\u0438\u043d\u0441\u043a\u0438 \u0441\u0435\u043a\u0440\u0435\u0442\u0430\u0440\u0438\u0458\u0430\u0442 \u0437\u0430 \u043f\u0440\u0438\u0432\u0440\u0435\u0434\u0443 \u0438 \u0442\u0443\u0440\u0438\u0437\u0430\u043c\",\"isPartOf\":{\"@id\":\"https:\\\/\\\/spriv.vojvodina.gov.rs\\\/#website\"},\"primaryImageOfPage\":{\"@id\":\"https:\\\/\\\/spriv.vojvodina.gov.rs\\\/podrska-nevladinom-sektoru-4-miliona-dinara-za-unapredenje-kapaciteta-romskih-organizacija-i-udruzenja\\\/#primaryimage\"},\"image\":{\"@id\":\"https:\\\/\\\/spriv.vojvodina.gov.rs\\\/podrska-nevladinom-sektoru-4-miliona-dinara-za-unapredenje-kapaciteta-romskih-organizacija-i-udruzenja\\\/#primaryimage\"},\"thumbnailUrl\":\"https:\\\/\\\/spriv.vojvodina.gov.rs\\\/wp-content\\\/uploads\\\/2016\\\/04\\\/15042016_Inkluzija-mala.jpg\",\"datePublished\":\"2016-04-15T12:49:02+00:00\",\"author\":{\"@id\":\"https:\\\/\\\/spriv.vojvodina.gov.rs\\\/#\\\/schema\\\/person\\\/749ef4f57fbb458f1c759e7a4fa78485\"},\"breadcrumb\":{\"@id\":\"https:\\\/\\\/spriv.vojvodina.gov.rs\\\/podrska-nevladinom-sektoru-4-miliona-dinara-za-unapredenje-kapaciteta-romskih-organizacija-i-udruzenja\\\/#breadcrumb\"},\"inLanguage\":\"sr-RS\",\"potentialAction\":[{\"@type\":\"ReadAction\",\"target\":[\"https:\\\/\\\/spriv.vojvodina.gov.rs\\\/podrska-nevladinom-sektoru-4-miliona-dinara-za-unapredenje-kapaciteta-romskih-organizacija-i-udruzenja\\\/\"]}]},{\"@type\":\"ImageObject\",\"inLanguage\":\"sr-RS\",\"@id\":\"https:\\\/\\\/spriv.vojvodina.gov.rs\\\/podrska-nevladinom-sektoru-4-miliona-dinara-za-unapredenje-kapaciteta-romskih-organizacija-i-udruzenja\\\/#primaryimage\",\"url\":\"https:\\\/\\\/spriv.vojvodina.gov.rs\\\/wp-content\\\/uploads\\\/2016\\\/04\\\/15042016_Inkluzija-mala.jpg\",\"contentUrl\":\"https:\\\/\\\/spriv.vojvodina.gov.rs\\\/wp-content\\\/uploads\\\/2016\\\/04\\\/15042016_Inkluzija-mala.jpg\",\"width\":120,\"height\":80},{\"@type\":\"BreadcrumbList\",\"@id\":\"https:\\\/\\\/spriv.vojvodina.gov.rs\\\/podrska-nevladinom-sektoru-4-miliona-dinara-za-unapredenje-kapaciteta-romskih-organizacija-i-udruzenja\\\/#breadcrumb\",\"itemListElement\":[{\"@type\":\"ListItem\",\"position\":1,\"name\":\"Home\",\"item\":\"https:\\\/\\\/spriv.vojvodina.gov.rs\\\/\"},{\"@type\":\"ListItem\",\"position\":2,\"name\":\"Podr\u0161ka nevladinom sektoru &#8211; 4 miliona dinara za unapre\u0111enje kapaciteta romskih organizacija i udru\u017eenja\"}]},{\"@type\":\"WebSite\",\"@id\":\"https:\\\/\\\/spriv.vojvodina.gov.rs\\\/#website\",\"url\":\"https:\\\/\\\/spriv.vojvodina.gov.rs\\\/\",\"name\":\"\u041f\u043e\u043a\u0440\u0430\u0458\u0438\u043d\u0441\u043a\u0438 \u0441\u0435\u043a\u0440\u0435\u0442\u0430\u0440\u0438\u0458\u0430\u0442 \u0437\u0430 \u043f\u0440\u0438\u0432\u0440\u0435\u0434\u0443 \u0438 \u0442\u0443\u0440\u0438\u0437\u0430\u043c\",\"description\":\"\u041f\u043e\u043a\u0440\u0430\u0458\u0438\u043d\u0441\u043a\u0438 \u0441\u0435\u043a\u0440\u0435\u0442\u0430\u0440\u0438\u0458\u0430\u0442 \u0437\u0430 \u043f\u0440\u0438\u0432\u0440\u0435\u0434\u0443 \u0438 \u0442\u0443\u0440\u0438\u0437\u0430\u043c\",\"potentialAction\":[{\"@type\":\"SearchAction\",\"target\":{\"@type\":\"EntryPoint\",\"urlTemplate\":\"https:\\\/\\\/spriv.vojvodina.gov.rs\\\/?s={search_term_string}\"},\"query-input\":{\"@type\":\"PropertyValueSpecification\",\"valueRequired\":true,\"valueName\":\"search_term_string\"}}],\"inLanguage\":\"sr-RS\"},{\"@type\":\"Person\",\"@id\":\"https:\\\/\\\/spriv.vojvodina.gov.rs\\\/#\\\/schema\\\/person\\\/749ef4f57fbb458f1c759e7a4fa78485\",\"name\":\"Sonja Babi\u0107\",\"image\":{\"@type\":\"ImageObject\",\"inLanguage\":\"sr-RS\",\"@id\":\"https:\\\/\\\/secure.gravatar.com\\\/avatar\\\/00a1d182a20a59067af1e7b1c31cbcc3be1a456ee4b27746580e120c2582e5bd?s=96&d=mm&r=g\",\"url\":\"https:\\\/\\\/secure.gravatar.com\\\/avatar\\\/00a1d182a20a59067af1e7b1c31cbcc3be1a456ee4b27746580e120c2582e5bd?s=96&d=mm&r=g\",\"contentUrl\":\"https:\\\/\\\/secure.gravatar.com\\\/avatar\\\/00a1d182a20a59067af1e7b1c31cbcc3be1a456ee4b27746580e120c2582e5bd?s=96&d=mm&r=g\",\"caption\":\"Sonja Babi\u0107\"},\"url\":\"https:\\\/\\\/spriv.vojvodina.gov.rs\\\/rs\\\/author\\\/sonja-babic\\\/\"}]}<\/script>\n<!-- \/ Yoast SEO plugin. -->","yoast_head_json":{"title":"Podr\u0161ka nevladinom sektoru - 4 miliona dinara za unapre\u0111enje kapaciteta romskih organizacija i udru\u017eenja - \u041f\u043e\u043a\u0440\u0430\u0458\u0438\u043d\u0441\u043a\u0438 \u0441\u0435\u043a\u0440\u0435\u0442\u0430\u0440\u0438\u0458\u0430\u0442 \u0437\u0430 \u043f\u0440\u0438\u0432\u0440\u0435\u0434\u0443 \u0438 \u0442\u0443\u0440\u0438\u0437\u0430\u043c","robots":{"index":"index","follow":"follow","max-snippet":"max-snippet:-1","max-image-preview":"max-image-preview:large","max-video-preview":"max-video-preview:-1"},"canonical":"https:\/\/spriv.vojvodina.gov.rs\/rs\/podrska-nevladinom-sektoru-4-miliona-dinara-za-unapredenje-kapaciteta-romskih-organizacija-i-udruzenja\/","og_locale":"sr_RS","og_type":"article","og_title":"Podr\u0161ka nevladinom sektoru - 4 miliona dinara za unapre\u0111enje kapaciteta romskih organizacija i udru\u017eenja - \u041f\u043e\u043a\u0440\u0430\u0458\u0438\u043d\u0441\u043a\u0438 \u0441\u0435\u043a\u0440\u0435\u0442\u0430\u0440\u0438\u0458\u0430\u0442 \u0437\u0430 \u043f\u0440\u0438\u0432\u0440\u0435\u0434\u0443 \u0438 \u0442\u0443\u0440\u0438\u0437\u0430\u043c","og_description":"Novi Sad, 15. april 2016. - Potpisivanje ugovora sa nevladinim organizacijama koje su dobile sredstva na konkursu za finansiranje projekata u oblasti unapre\u0111enja polo\u017eaja Roma i Romkinja, uprili\u010deno je danas u Pokrajinskoj vladi. Konkurs je raspisan od strane Pokrajinskog sekretarijata za privredu, zapo\u0161ljavanje i ravnopravnost polova. Ukupna vrednost konkursa je 4 miliona dinara, a sredstva su usmerena za projekte 29 organizacija.","og_url":"https:\/\/spriv.vojvodina.gov.rs\/podrska-nevladinom-sektoru-4-miliona-dinara-za-unapredenje-kapaciteta-romskih-organizacija-i-udruzenja\/","og_site_name":"\u041f\u043e\u043a\u0440\u0430\u0458\u0438\u043d\u0441\u043a\u0438 \u0441\u0435\u043a\u0440\u0435\u0442\u0430\u0440\u0438\u0458\u0430\u0442 \u0437\u0430 \u043f\u0440\u0438\u0432\u0440\u0435\u0434\u0443 \u0438 \u0442\u0443\u0440\u0438\u0437\u0430\u043c","article_published_time":"2016-04-15T12:49:02+00:00","og_image":[{"width":120,"height":80,"url":"https:\/\/spriv.vojvodina.gov.rs\/wp-content\/uploads\/2016\/04\/15042016_Inkluzija-mala.jpg","type":"image\/jpeg"}],"author":"Sonja Babi\u0107","twitter_card":"summary_large_image","twitter_misc":{"\u041d\u0430\u043f\u0438\u0441\u0430\u043d\u043e \u043e\u0434":"Sonja Babi\u0107","\u041f\u0440\u043e\u0446\u0435\u045a\u0435\u043d\u043e \u0432\u0440\u0435\u043c\u0435 \u0447\u0438\u0442\u0430\u045a\u0430":"3 \u043c\u0438\u043d\u0443\u0442\u0430"},"schema":{"@context":"https:\/\/schema.org","@graph":[{"@type":"Article","@id":"https:\/\/spriv.vojvodina.gov.rs\/podrska-nevladinom-sektoru-4-miliona-dinara-za-unapredenje-kapaciteta-romskih-organizacija-i-udruzenja\/#article","isPartOf":{"@id":"https:\/\/spriv.vojvodina.gov.rs\/podrska-nevladinom-sektoru-4-miliona-dinara-za-unapredenje-kapaciteta-romskih-organizacija-i-udruzenja\/"},"author":{"name":"Sonja Babi\u0107","@id":"https:\/\/spriv.vojvodina.gov.rs\/#\/schema\/person\/749ef4f57fbb458f1c759e7a4fa78485"},"headline":"Podr\u0161ka nevladinom sektoru &#8211; 4 miliona dinara za unapre\u0111enje kapaciteta romskih organizacija i udru\u017eenja","datePublished":"2016-04-15T12:49:02+00:00","mainEntityOfPage":{"@id":"https:\/\/spriv.vojvodina.gov.rs\/podrska-nevladinom-sektoru-4-miliona-dinara-za-unapredenje-kapaciteta-romskih-organizacija-i-udruzenja\/"},"wordCount":606,"image":{"@id":"https:\/\/spriv.vojvodina.gov.rs\/podrska-nevladinom-sektoru-4-miliona-dinara-za-unapredenje-kapaciteta-romskih-organizacija-i-udruzenja\/#primaryimage"},"thumbnailUrl":"https:\/\/spriv.vojvodina.gov.rs\/wp-content\/uploads\/2016\/04\/15042016_Inkluzija-mala.jpg","articleSection":["Vesti Latinica"],"inLanguage":"sr-RS"},{"@type":"WebPage","@id":"https:\/\/spriv.vojvodina.gov.rs\/podrska-nevladinom-sektoru-4-miliona-dinara-za-unapredenje-kapaciteta-romskih-organizacija-i-udruzenja\/","url":"https:\/\/spriv.vojvodina.gov.rs\/podrska-nevladinom-sektoru-4-miliona-dinara-za-unapredenje-kapaciteta-romskih-organizacija-i-udruzenja\/","name":"Podr\u0161ka nevladinom sektoru - 4 miliona dinara za unapre\u0111enje kapaciteta romskih organizacija i udru\u017eenja - \u041f\u043e\u043a\u0440\u0430\u0458\u0438\u043d\u0441\u043a\u0438 \u0441\u0435\u043a\u0440\u0435\u0442\u0430\u0440\u0438\u0458\u0430\u0442 \u0437\u0430 \u043f\u0440\u0438\u0432\u0440\u0435\u0434\u0443 \u0438 \u0442\u0443\u0440\u0438\u0437\u0430\u043c","isPartOf":{"@id":"https:\/\/spriv.vojvodina.gov.rs\/#website"},"primaryImageOfPage":{"@id":"https:\/\/spriv.vojvodina.gov.rs\/podrska-nevladinom-sektoru-4-miliona-dinara-za-unapredenje-kapaciteta-romskih-organizacija-i-udruzenja\/#primaryimage"},"image":{"@id":"https:\/\/spriv.vojvodina.gov.rs\/podrska-nevladinom-sektoru-4-miliona-dinara-za-unapredenje-kapaciteta-romskih-organizacija-i-udruzenja\/#primaryimage"},"thumbnailUrl":"https:\/\/spriv.vojvodina.gov.rs\/wp-content\/uploads\/2016\/04\/15042016_Inkluzija-mala.jpg","datePublished":"2016-04-15T12:49:02+00:00","author":{"@id":"https:\/\/spriv.vojvodina.gov.rs\/#\/schema\/person\/749ef4f57fbb458f1c759e7a4fa78485"},"breadcrumb":{"@id":"https:\/\/spriv.vojvodina.gov.rs\/podrska-nevladinom-sektoru-4-miliona-dinara-za-unapredenje-kapaciteta-romskih-organizacija-i-udruzenja\/#breadcrumb"},"inLanguage":"sr-RS","potentialAction":[{"@type":"ReadAction","target":["https:\/\/spriv.vojvodina.gov.rs\/podrska-nevladinom-sektoru-4-miliona-dinara-za-unapredenje-kapaciteta-romskih-organizacija-i-udruzenja\/"]}]},{"@type":"ImageObject","inLanguage":"sr-RS","@id":"https:\/\/spriv.vojvodina.gov.rs\/podrska-nevladinom-sektoru-4-miliona-dinara-za-unapredenje-kapaciteta-romskih-organizacija-i-udruzenja\/#primaryimage","url":"https:\/\/spriv.vojvodina.gov.rs\/wp-content\/uploads\/2016\/04\/15042016_Inkluzija-mala.jpg","contentUrl":"https:\/\/spriv.vojvodina.gov.rs\/wp-content\/uploads\/2016\/04\/15042016_Inkluzija-mala.jpg","width":120,"height":80},{"@type":"BreadcrumbList","@id":"https:\/\/spriv.vojvodina.gov.rs\/podrska-nevladinom-sektoru-4-miliona-dinara-za-unapredenje-kapaciteta-romskih-organizacija-i-udruzenja\/#breadcrumb","itemListElement":[{"@type":"ListItem","position":1,"name":"Home","item":"https:\/\/spriv.vojvodina.gov.rs\/"},{"@type":"ListItem","position":2,"name":"Podr\u0161ka nevladinom sektoru &#8211; 4 miliona dinara za unapre\u0111enje kapaciteta romskih organizacija i udru\u017eenja"}]},{"@type":"WebSite","@id":"https:\/\/spriv.vojvodina.gov.rs\/#website","url":"https:\/\/spriv.vojvodina.gov.rs\/","name":"\u041f\u043e\u043a\u0440\u0430\u0458\u0438\u043d\u0441\u043a\u0438 \u0441\u0435\u043a\u0440\u0435\u0442\u0430\u0440\u0438\u0458\u0430\u0442 \u0437\u0430 \u043f\u0440\u0438\u0432\u0440\u0435\u0434\u0443 \u0438 \u0442\u0443\u0440\u0438\u0437\u0430\u043c","description":"\u041f\u043e\u043a\u0440\u0430\u0458\u0438\u043d\u0441\u043a\u0438 \u0441\u0435\u043a\u0440\u0435\u0442\u0430\u0440\u0438\u0458\u0430\u0442 \u0437\u0430 \u043f\u0440\u0438\u0432\u0440\u0435\u0434\u0443 \u0438 \u0442\u0443\u0440\u0438\u0437\u0430\u043c","potentialAction":[{"@type":"SearchAction","target":{"@type":"EntryPoint","urlTemplate":"https:\/\/spriv.vojvodina.gov.rs\/?s={search_term_string}"},"query-input":{"@type":"PropertyValueSpecification","valueRequired":true,"valueName":"search_term_string"}}],"inLanguage":"sr-RS"},{"@type":"Person","@id":"https:\/\/spriv.vojvodina.gov.rs\/#\/schema\/person\/749ef4f57fbb458f1c759e7a4fa78485","name":"Sonja Babi\u0107","image":{"@type":"ImageObject","inLanguage":"sr-RS","@id":"https:\/\/secure.gravatar.com\/avatar\/00a1d182a20a59067af1e7b1c31cbcc3be1a456ee4b27746580e120c2582e5bd?s=96&d=mm&r=g","url":"https:\/\/secure.gravatar.com\/avatar\/00a1d182a20a59067af1e7b1c31cbcc3be1a456ee4b27746580e120c2582e5bd?s=96&d=mm&r=g","contentUrl":"https:\/\/secure.gravatar.com\/avatar\/00a1d182a20a59067af1e7b1c31cbcc3be1a456ee4b27746580e120c2582e5bd?s=96&d=mm&r=g","caption":"Sonja Babi\u0107"},"url":"https:\/\/spriv.vojvodina.gov.rs\/rs\/author\/sonja-babic\/"}]}},"_links":{"self":[{"href":"https:\/\/spriv.vojvodina.gov.rs\/rs\/wp-json\/wp\/v2\/posts\/1526","targetHints":{"allow":["GET"]}}],"collection":[{"href":"https:\/\/spriv.vojvodina.gov.rs\/rs\/wp-json\/wp\/v2\/posts"}],"about":[{"href":"https:\/\/spriv.vojvodina.gov.rs\/rs\/wp-json\/wp\/v2\/types\/post"}],"author":[{"embeddable":true,"href":"https:\/\/spriv.vojvodina.gov.rs\/rs\/wp-json\/wp\/v2\/users\/3"}],"replies":[{"embeddable":true,"href":"https:\/\/spriv.vojvodina.gov.rs\/rs\/wp-json\/wp\/v2\/comments?post=1526"}],"version-history":[{"count":0,"href":"https:\/\/spriv.vojvodina.gov.rs\/rs\/wp-json\/wp\/v2\/posts\/1526\/revisions"}],"wp:featuredmedia":[{"embeddable":true,"href":"https:\/\/spriv.vojvodina.gov.rs\/rs\/wp-json\/wp\/v2\/media\/1521"}],"wp:attachment":[{"href":"https:\/\/spriv.vojvodina.gov.rs\/rs\/wp-json\/wp\/v2\/media?parent=1526"}],"wp:term":[{"taxonomy":"category","embeddable":true,"href":"https:\/\/spriv.vojvodina.gov.rs\/rs\/wp-json\/wp\/v2\/categories?post=1526"},{"taxonomy":"post_tag","embeddable":true,"href":"https:\/\/spriv.vojvodina.gov.rs\/rs\/wp-json\/wp\/v2\/tags?post=1526"}],"curies":[{"name":"wp","href":"https:\/\/api.w.org\/{rel}","templated":true}]}}