{"id":1417,"date":"2016-03-12T09:21:32","date_gmt":"2016-03-12T09:21:32","guid":{"rendered":"http:\/\/spriv.vojvodina.gov.rs\/2016\/03\/12\/miroslav-vasin-o-jacanju-veza-studentskih-organizacija-i-pokrajinske-vlade-na-studentskoj-konferenciji-na-andrevlju\/"},"modified":"2016-03-12T09:21:32","modified_gmt":"2016-03-12T09:21:32","slug":"miroslav-vasin-o-jacanju-veza-studentskih-organizacija-i-pokrajinske-vlade-na-studentskoj-konferenciji-na-andrevlju","status":"publish","type":"post","link":"https:\/\/spriv.vojvodina.gov.rs\/rs\/miroslav-vasin-o-jacanju-veza-studentskih-organizacija-i-pokrajinske-vlade-na-studentskoj-konferenciji-na-andrevlju\/","title":{"rendered":"Miroslav Vasin o ja\u010danju veza studentskih organizacija i Pokrajinske vlade na studentskoj konferenciji na Andrevlju"},"content":{"rendered":"<p style=\"text-align: center;\">\u00a0<img loading=\"lazy\" decoding=\"async\" class=\" size-full wp-image-1409\" src=\"http:\/\/spriv.vojvodina.gov.rs\/wp-content\/uploads\/2016\/03\/DSCF1456.JPG\" border=\"0\" alt=\"\" width=\"580\" height=\"387\" srcset=\"https:\/\/spriv.vojvodina.gov.rs\/wp-content\/uploads\/2016\/03\/DSCF1456.JPG 580w, https:\/\/spriv.vojvodina.gov.rs\/wp-content\/uploads\/2016\/03\/DSCF1456-300x200.jpg 300w\" sizes=\"auto, (max-width: 580px) 100vw, 580px\" \/><\/p>\n<p style=\"text-align: justify;\">Sve\u010dana sala ,,Atrijum\u201c Centra za privredno-tehnolo\u0161ki razvoj CEPTOR na Andrevlju, ovog vikenda okuplja sve relevantne studentske organizacije, udru\u017eenja i studentska glasila, kako bi u\u010destvovali na konferenciji pod nazivom ,,Podizanje kapaciteta studentskih udru\u017eenja i studentskih glasila na nivou UNS i APV\u201c.<\/p>\n<p style=\"text-align: center;\"><img loading=\"lazy\" decoding=\"async\" class=\" size-full wp-image-1410\" src=\"http:\/\/spriv.vojvodina.gov.rs\/wp-content\/uploads\/2016\/03\/DSCF1452.JPG\" border=\"0\" alt=\"\" width=\"580\" height=\"387\" srcset=\"https:\/\/spriv.vojvodina.gov.rs\/wp-content\/uploads\/2016\/03\/DSCF1452.JPG 580w, https:\/\/spriv.vojvodina.gov.rs\/wp-content\/uploads\/2016\/03\/DSCF1452-300x200.jpg 300w\" sizes=\"auto, (max-width: 580px) 100vw, 580px\" \/><\/p>\n<p style=\"text-align: justify;\">Organizatori tribine &#8211; Studentska unija Srbije, Unija studentskih organizacija Univerziteta u Novom Sadu, Savezom studenata UNS, u saradnji sa Udru\u017eenjem doktoranata, isti\u010du da je cilj konferencije, koja je samo jedan u nizu skupova studenata Univerziteta u Novom Sadu, prevashodno podizanje kapaciteta sindikalnih i strukovnih studentskih organizacija i studentskih glasila, zarad postizanja samoodr\u017eivog i funkcionalnog studentskog aktivizma na nivou Univerziteta i AP Vojvodine. Institucionalnu podr\u0161ku stidentskim organizacijama svesrdno je pru\u017eila Pokrajinska vlada.<\/p>\n<p>Potpredsednik Pokrajinske vlade i pokrajinski sekretar za privredu, zapo\u0161ljavanje i ravnopravnost polova Miroslav Vasin istakao je da su skupovi koji povezuju studente i na kojima se diskutuje o njihovim pravima i aktivizmu veoma zna\u010dajni, kako za same studentske organizacije, tako i za \u010ditavo dru\u0161tvo, jer su visokoobrazovani mladi katalizator dru\u0161tvenih procesa i kreatori dru\u0161tvenih vrednosti.<\/p>\n<p style=\"text-align: center;\"><img loading=\"lazy\" decoding=\"async\" class=\" size-full wp-image-1411\" src=\"http:\/\/spriv.vojvodina.gov.rs\/wp-content\/uploads\/2016\/03\/DSCF1463.JPG\" border=\"0\" alt=\"\" width=\"580\" height=\"387\" srcset=\"https:\/\/spriv.vojvodina.gov.rs\/wp-content\/uploads\/2016\/03\/DSCF1463.JPG 580w, https:\/\/spriv.vojvodina.gov.rs\/wp-content\/uploads\/2016\/03\/DSCF1463-300x200.jpg 300w\" sizes=\"auto, (max-width: 580px) 100vw, 580px\" \/><\/p>\n<p style=\"text-align: justify;\">,,Danas imamo priliku da na konferenciji razgovaramo sa predstavnicima studentskih udru\u017eenja i glasila o tome kakav je njihov polo\u017eaj, na koji na\u010din je tokom godina funkcionisala saradnja sa Pokrajinskom vladom, te na koji na\u010din bi ta saradnja mogla biti intenzivirana. Saradnja Univerziteta u Novom sadu i Pokrajinske vlade je izuzetna, u mnogim oblastima. U pogledu sprovo\u0111enja mnogih aktivnosti, Pokrajinska vlada se zna\u010dajno oslanja i na stru\u010dan kadar Univerziteta, dok sam Univerzitet u Pokrajinskoj vladi vidi klju\u010dnog strate\u0161kog institucionalnog partnera. Moglo bi se vi\u0161e u\u010diniti na motivisanju strudentskog udru\u017eivanja, kako bi studenti i pre zavr\u0161etka fakulteta bili uklju\u010deni u sve tokove dru\u0161tva, u kreiranju strategija i programa na nivou Pokrajine. Na ovaj na\u010din bi imali uvid u funkcionisanje institucija sistema. Studentske organizacije bi morale poku\u0161ati da uti\u010du na \u010dlanove i ostale studente kako bi se obezbedio radni anga\u017eman za diplomce, kako bi se spre\u010dio njihov odlazak iz zemlje\u201c, rekao je Vasin.<\/p>\n<p style=\"text-align: center;\"><img loading=\"lazy\" decoding=\"async\" class=\" size-full wp-image-1412\" src=\"http:\/\/spriv.vojvodina.gov.rs\/wp-content\/uploads\/2016\/03\/DSCF1477.JPG\" border=\"0\" alt=\"\" width=\"580\" height=\"387\" srcset=\"https:\/\/spriv.vojvodina.gov.rs\/wp-content\/uploads\/2016\/03\/DSCF1477.JPG 580w, https:\/\/spriv.vojvodina.gov.rs\/wp-content\/uploads\/2016\/03\/DSCF1477-300x200.jpg 300w\" sizes=\"auto, (max-width: 580px) 100vw, 580px\" \/><\/p>\n<p style=\"text-align: justify;\">Vasin se ovom prilikom osvrnuo i na ulogu Pokrajinske vlade i Sekretarijata u unapre\u0111enju uslova rada studentskih udru\u017eenja sa ciljem unapre\u0111enja preduzetni\u010dkih ve\u0161tina i unapre\u0111enja mogu\u0107nosti za sticanje prakti\u010dnog znanja. On je studente upoznao sa \u010dinjenicom da Pokrajinski sekretarijat za privredu, zapo\u0161ljavanje i ravnopravnost polova sprovodi zna\u010dajne programe zapo\u0161ljavanja, poput stru\u010dne prakse, pripravni\u0161tva, te da je anga\u017eovanje i putem javnih radova jedan od klju\u010dnih vidova prakti\u010dne primene ste\u010denih znanja i ve\u0161tina.<\/p>\n<p style=\"text-align: center;\"><img loading=\"lazy\" decoding=\"async\" class=\" size-full wp-image-1413\" src=\"http:\/\/spriv.vojvodina.gov.rs\/wp-content\/uploads\/2016\/03\/DSCF1482.JPG\" border=\"0\" alt=\"\" width=\"582\" height=\"387\" srcset=\"https:\/\/spriv.vojvodina.gov.rs\/wp-content\/uploads\/2016\/03\/DSCF1482.JPG 1024w, https:\/\/spriv.vojvodina.gov.rs\/wp-content\/uploads\/2016\/03\/DSCF1482-300x200.jpg 300w, https:\/\/spriv.vojvodina.gov.rs\/wp-content\/uploads\/2016\/03\/DSCF1482-768x512.jpg 768w\" sizes=\"auto, (max-width: 582px) 100vw, 582px\" \/><\/p>\n<p style=\"text-align: justify;\">S tim u vezi, Vasin je naglasio da su ciljevi kojima treba te\u017eiti aktivno u\u010de\u0161\u0107e studentskih organizacija u kreiranju strate\u0161kih dokumenata i akcionih planova Pokrajinske vlade, prevashodno iz oblasti obrazovanja i privrede, kao i \u0161to bolja povezanost studenata sa Edukativnim centrom za obuke u profesionalnim i radnim ve\u0161tinama u Novom Sadu, kako bi iskoristili sve kapacitete i neki od 48 programa obuke koje taj centar sprovodi.<\/p>\n<p style=\"text-align: center;\"><img loading=\"lazy\" decoding=\"async\" class=\" size-full wp-image-1414\" src=\"http:\/\/spriv.vojvodina.gov.rs\/wp-content\/uploads\/2016\/03\/DSCF1459.JPG\" border=\"0\" alt=\"\" width=\"580\" height=\"387\" srcset=\"https:\/\/spriv.vojvodina.gov.rs\/wp-content\/uploads\/2016\/03\/DSCF1459.JPG 580w, https:\/\/spriv.vojvodina.gov.rs\/wp-content\/uploads\/2016\/03\/DSCF1459-300x200.jpg 300w\" sizes=\"auto, (max-width: 580px) 100vw, 580px\" \/><\/p>\n<p style=\"text-align: center;\"><em>predsednik Studentske unije Srbije, Nikola Srdi\u0107<\/em><\/p>\n<p style=\"text-align: justify;\">Organizatori konferencije su stava da se adekvatnom motivacijom studenti, pa \u010dak i srednjo\u0161kolsci, kojima tek predstoji upis na studije, mogu kvalitetno i produktivno udru\u017eivati ili, pak, uklju\u010diti u postoje\u0107e asocijacije, kako bi se oja\u010dao zajedni\u010dki duh i intenzivirala borba za \u0161to efikasnije ostvarivanje prava studenata na univerzitetima.<\/p>\n<p style=\"text-align: center;\"><img loading=\"lazy\" decoding=\"async\" class=\" size-full wp-image-1415\" src=\"http:\/\/spriv.vojvodina.gov.rs\/wp-content\/uploads\/2016\/03\/DSCF1448.JPG\" border=\"0\" alt=\"\" width=\"580\" height=\"387\" srcset=\"https:\/\/spriv.vojvodina.gov.rs\/wp-content\/uploads\/2016\/03\/DSCF1448.JPG 580w, https:\/\/spriv.vojvodina.gov.rs\/wp-content\/uploads\/2016\/03\/DSCF1448-300x200.jpg 300w\" sizes=\"auto, (max-width: 580px) 100vw, 580px\" \/><\/p>\n<p style=\"text-align: center;\"><em>predsednik Saveza studenata UNS, Ivan Stani\u0107<\/em><\/p>\n<p style=\"text-align: justify;\">U okviru prvog dana konferencije, u\u010desnicima se obratio i pokrajinski sekretar za nauku i tehnolo\u0161ki razvoj Vladimir Pavlov.<\/p>\n<p>Prvog dana konferencije, u\u010desnici su se upoznali sa udru\u017eenjima i redakcijama studentskih glasila, a odr\u017eano je i nekoliko prakti\u010dnih predavanja i radionica.<\/p>\n","protected":false},"excerpt":{"rendered":"Novi Sad, 12. mart 2016. &#8211; Sve\u010dana sala ,,Atrijum\u201c Centra za privredno-tehnolo\u0161ki razvoj CEPTOR na Andrevlju, ovog vikenda okuplja sve relevantne studentske organizacije, udru\u017eenja i studentska glasila, kako bi u\u010destvovali na konferenciji pod nazivom ,,Podizanje kapaciteta studentskih udru\u017eenja i studentskih glasila na nivou UNS i APV\u201c. Organizatori tribine &#8211; Studentska unija Srbije, Unija studentskih organizacija Univerziteta u Novom Sadu, Savezom studenata UNS, u saradnji sa Udru\u017eenjem doktoranata, isti\u010du da je cilj konferencije, koja je samo jedan u nizu skupova studenata Univerziteta u Novom Sadu, prevashodno podizanje kapaciteta sindikalnih i strukovnih studentskih organizacija i studentskih glasila, zarad postizanja samoodr\u017eivog i funkcionalnog studentskog aktivizma na nivou Univerziteta i AP Vojvodine. Institucionalnu podr\u0161ku stidentskim organizacijama svesrdno je pru\u017eila Pokrajinska vlada.\n<a class=\"moretag\" href=\"https:\/\/spriv.vojvodina.gov.rs\/rs\/miroslav-vasin-o-jacanju-veza-studentskih-organizacija-i-pokrajinske-vlade-na-studentskoj-konferenciji-na-andrevlju\/\"> [...]<\/a>","protected":false},"author":3,"featured_media":1408,"comment_status":"closed","ping_status":"closed","sticky":false,"template":"","format":"standard","meta":{"footnotes":""},"categories":[31],"tags":[],"class_list":["post-1417","post","type-post","status-publish","format-standard","has-post-thumbnail","hentry","category-vesti-latinica1"],"yoast_head":"<!-- This site is optimized with the Yoast SEO plugin v27.4 - https:\/\/yoast.com\/product\/yoast-seo-wordpress\/ -->\n<title>Miroslav Vasin o ja\u010danju veza studentskih organizacija i Pokrajinske vlade na studentskoj konferenciji na Andrevlju - \u041f\u043e\u043a\u0440\u0430\u0458\u0438\u043d\u0441\u043a\u0438 \u0441\u0435\u043a\u0440\u0435\u0442\u0430\u0440\u0438\u0458\u0430\u0442 \u0437\u0430 \u043f\u0440\u0438\u0432\u0440\u0435\u0434\u0443 \u0438 \u0442\u0443\u0440\u0438\u0437\u0430\u043c<\/title>\n<meta name=\"robots\" content=\"index, follow, max-snippet:-1, max-image-preview:large, max-video-preview:-1\" \/>\n<link rel=\"canonical\" href=\"https:\/\/spriv.vojvodina.gov.rs\/rs\/miroslav-vasin-o-jacanju-veza-studentskih-organizacija-i-pokrajinske-vlade-na-studentskoj-konferenciji-na-andrevlju\/\" \/>\n<meta property=\"og:locale\" content=\"sr_RS\" \/>\n<meta property=\"og:type\" content=\"article\" \/>\n<meta property=\"og:title\" content=\"Miroslav Vasin o ja\u010danju veza studentskih organizacija i Pokrajinske vlade na studentskoj konferenciji na Andrevlju - \u041f\u043e\u043a\u0440\u0430\u0458\u0438\u043d\u0441\u043a\u0438 \u0441\u0435\u043a\u0440\u0435\u0442\u0430\u0440\u0438\u0458\u0430\u0442 \u0437\u0430 \u043f\u0440\u0438\u0432\u0440\u0435\u0434\u0443 \u0438 \u0442\u0443\u0440\u0438\u0437\u0430\u043c\" \/>\n<meta property=\"og:description\" content=\"Novi Sad, 12. mart 2016. - Sve\u010dana sala ,,Atrijum\u201c Centra za privredno-tehnolo\u0161ki razvoj CEPTOR na Andrevlju, ovog vikenda okuplja sve relevantne studentske organizacije, udru\u017eenja i studentska glasila, kako bi u\u010destvovali na konferenciji pod nazivom ,,Podizanje kapaciteta studentskih udru\u017eenja i studentskih glasila na nivou UNS i APV\u201c. Organizatori tribine - Studentska unija Srbije, Unija studentskih organizacija Univerziteta u Novom Sadu, Savezom studenata UNS, u saradnji sa Udru\u017eenjem doktoranata, isti\u010du da je cilj konferencije, koja je samo jedan u nizu skupova studenata Univerziteta u Novom Sadu, prevashodno podizanje kapaciteta sindikalnih i strukovnih studentskih organizacija i studentskih glasila, zarad postizanja samoodr\u017eivog i funkcionalnog studentskog aktivizma na nivou Univerziteta i AP Vojvodine. Institucionalnu podr\u0161ku stidentskim organizacijama svesrdno je pru\u017eila Pokrajinska vlada.\" \/>\n<meta property=\"og:url\" content=\"https:\/\/spriv.vojvodina.gov.rs\/rs\/miroslav-vasin-o-jacanju-veza-studentskih-organizacija-i-pokrajinske-vlade-na-studentskoj-konferenciji-na-andrevlju\/\" \/>\n<meta property=\"og:site_name\" content=\"\u041f\u043e\u043a\u0440\u0430\u0458\u0438\u043d\u0441\u043a\u0438 \u0441\u0435\u043a\u0440\u0435\u0442\u0430\u0440\u0438\u0458\u0430\u0442 \u0437\u0430 \u043f\u0440\u0438\u0432\u0440\u0435\u0434\u0443 \u0438 \u0442\u0443\u0440\u0438\u0437\u0430\u043c\" \/>\n<meta property=\"article:published_time\" content=\"2016-03-12T09:21:32+00:00\" \/>\n<meta property=\"og:image\" content=\"https:\/\/spriv.vojvodina.gov.rs\/wp-content\/uploads\/2016\/03\/DSCF1477_mala.JPG\" \/>\n\t<meta property=\"og:image:width\" content=\"120\" \/>\n\t<meta property=\"og:image:height\" content=\"80\" \/>\n\t<meta property=\"og:image:type\" content=\"image\/jpeg\" \/>\n<meta name=\"author\" content=\"Sonja Babi\u0107\" \/>\n<meta name=\"twitter:card\" content=\"summary_large_image\" \/>\n<meta name=\"twitter:label1\" content=\"\u041d\u0430\u043f\u0438\u0441\u0430\u043d\u043e \u043e\u0434\" \/>\n\t<meta name=\"twitter:data1\" content=\"Sonja Babi\u0107\" \/>\n\t<meta name=\"twitter:label2\" content=\"\u041f\u0440\u043e\u0446\u0435\u045a\u0435\u043d\u043e \u0432\u0440\u0435\u043c\u0435 \u0447\u0438\u0442\u0430\u045a\u0430\" \/>\n\t<meta name=\"twitter:data2\" content=\"3 \u043c\u0438\u043d\u0443\u0442\u0430\" \/>\n<script type=\"application\/ld+json\" class=\"yoast-schema-graph\">{\"@context\":\"https:\\\/\\\/schema.org\",\"@graph\":[{\"@type\":\"Article\",\"@id\":\"https:\\\/\\\/spriv.vojvodina.gov.rs\\\/rs\\\/miroslav-vasin-o-jacanju-veza-studentskih-organizacija-i-pokrajinske-vlade-na-studentskoj-konferenciji-na-andrevlju\\\/#article\",\"isPartOf\":{\"@id\":\"https:\\\/\\\/spriv.vojvodina.gov.rs\\\/rs\\\/miroslav-vasin-o-jacanju-veza-studentskih-organizacija-i-pokrajinske-vlade-na-studentskoj-konferenciji-na-andrevlju\\\/\"},\"author\":{\"name\":\"Sonja Babi\u0107\",\"@id\":\"https:\\\/\\\/spriv.vojvodina.gov.rs\\\/#\\\/schema\\\/person\\\/749ef4f57fbb458f1c759e7a4fa78485\"},\"headline\":\"Miroslav Vasin o ja\u010danju veza studentskih organizacija i Pokrajinske vlade na studentskoj konferenciji na Andrevlju\",\"datePublished\":\"2016-03-12T09:21:32+00:00\",\"mainEntityOfPage\":{\"@id\":\"https:\\\/\\\/spriv.vojvodina.gov.rs\\\/rs\\\/miroslav-vasin-o-jacanju-veza-studentskih-organizacija-i-pokrajinske-vlade-na-studentskoj-konferenciji-na-andrevlju\\\/\"},\"wordCount\":637,\"image\":{\"@id\":\"https:\\\/\\\/spriv.vojvodina.gov.rs\\\/rs\\\/miroslav-vasin-o-jacanju-veza-studentskih-organizacija-i-pokrajinske-vlade-na-studentskoj-konferenciji-na-andrevlju\\\/#primaryimage\"},\"thumbnailUrl\":\"https:\\\/\\\/spriv.vojvodina.gov.rs\\\/wp-content\\\/uploads\\\/2016\\\/03\\\/DSCF1477_mala.JPG\",\"articleSection\":[\"Vesti Latinica\"],\"inLanguage\":\"sr-RS\"},{\"@type\":\"WebPage\",\"@id\":\"https:\\\/\\\/spriv.vojvodina.gov.rs\\\/rs\\\/miroslav-vasin-o-jacanju-veza-studentskih-organizacija-i-pokrajinske-vlade-na-studentskoj-konferenciji-na-andrevlju\\\/\",\"url\":\"https:\\\/\\\/spriv.vojvodina.gov.rs\\\/rs\\\/miroslav-vasin-o-jacanju-veza-studentskih-organizacija-i-pokrajinske-vlade-na-studentskoj-konferenciji-na-andrevlju\\\/\",\"name\":\"Miroslav Vasin o ja\u010danju veza studentskih organizacija i Pokrajinske vlade na studentskoj konferenciji na Andrevlju - \u041f\u043e\u043a\u0440\u0430\u0458\u0438\u043d\u0441\u043a\u0438 \u0441\u0435\u043a\u0440\u0435\u0442\u0430\u0440\u0438\u0458\u0430\u0442 \u0437\u0430 \u043f\u0440\u0438\u0432\u0440\u0435\u0434\u0443 \u0438 \u0442\u0443\u0440\u0438\u0437\u0430\u043c\",\"isPartOf\":{\"@id\":\"https:\\\/\\\/spriv.vojvodina.gov.rs\\\/#website\"},\"primaryImageOfPage\":{\"@id\":\"https:\\\/\\\/spriv.vojvodina.gov.rs\\\/rs\\\/miroslav-vasin-o-jacanju-veza-studentskih-organizacija-i-pokrajinske-vlade-na-studentskoj-konferenciji-na-andrevlju\\\/#primaryimage\"},\"image\":{\"@id\":\"https:\\\/\\\/spriv.vojvodina.gov.rs\\\/rs\\\/miroslav-vasin-o-jacanju-veza-studentskih-organizacija-i-pokrajinske-vlade-na-studentskoj-konferenciji-na-andrevlju\\\/#primaryimage\"},\"thumbnailUrl\":\"https:\\\/\\\/spriv.vojvodina.gov.rs\\\/wp-content\\\/uploads\\\/2016\\\/03\\\/DSCF1477_mala.JPG\",\"datePublished\":\"2016-03-12T09:21:32+00:00\",\"author\":{\"@id\":\"https:\\\/\\\/spriv.vojvodina.gov.rs\\\/#\\\/schema\\\/person\\\/749ef4f57fbb458f1c759e7a4fa78485\"},\"breadcrumb\":{\"@id\":\"https:\\\/\\\/spriv.vojvodina.gov.rs\\\/rs\\\/miroslav-vasin-o-jacanju-veza-studentskih-organizacija-i-pokrajinske-vlade-na-studentskoj-konferenciji-na-andrevlju\\\/#breadcrumb\"},\"inLanguage\":\"sr-RS\",\"potentialAction\":[{\"@type\":\"ReadAction\",\"target\":[\"https:\\\/\\\/spriv.vojvodina.gov.rs\\\/rs\\\/miroslav-vasin-o-jacanju-veza-studentskih-organizacija-i-pokrajinske-vlade-na-studentskoj-konferenciji-na-andrevlju\\\/\"]}]},{\"@type\":\"ImageObject\",\"inLanguage\":\"sr-RS\",\"@id\":\"https:\\\/\\\/spriv.vojvodina.gov.rs\\\/rs\\\/miroslav-vasin-o-jacanju-veza-studentskih-organizacija-i-pokrajinske-vlade-na-studentskoj-konferenciji-na-andrevlju\\\/#primaryimage\",\"url\":\"https:\\\/\\\/spriv.vojvodina.gov.rs\\\/wp-content\\\/uploads\\\/2016\\\/03\\\/DSCF1477_mala.JPG\",\"contentUrl\":\"https:\\\/\\\/spriv.vojvodina.gov.rs\\\/wp-content\\\/uploads\\\/2016\\\/03\\\/DSCF1477_mala.JPG\",\"width\":120,\"height\":80},{\"@type\":\"BreadcrumbList\",\"@id\":\"https:\\\/\\\/spriv.vojvodina.gov.rs\\\/rs\\\/miroslav-vasin-o-jacanju-veza-studentskih-organizacija-i-pokrajinske-vlade-na-studentskoj-konferenciji-na-andrevlju\\\/#breadcrumb\",\"itemListElement\":[{\"@type\":\"ListItem\",\"position\":1,\"name\":\"Home\",\"item\":\"https:\\\/\\\/spriv.vojvodina.gov.rs\\\/\"},{\"@type\":\"ListItem\",\"position\":2,\"name\":\"Miroslav Vasin o ja\u010danju veza studentskih organizacija i Pokrajinske vlade na studentskoj konferenciji na Andrevlju\"}]},{\"@type\":\"WebSite\",\"@id\":\"https:\\\/\\\/spriv.vojvodina.gov.rs\\\/#website\",\"url\":\"https:\\\/\\\/spriv.vojvodina.gov.rs\\\/\",\"name\":\"\u041f\u043e\u043a\u0440\u0430\u0458\u0438\u043d\u0441\u043a\u0438 \u0441\u0435\u043a\u0440\u0435\u0442\u0430\u0440\u0438\u0458\u0430\u0442 \u0437\u0430 \u043f\u0440\u0438\u0432\u0440\u0435\u0434\u0443 \u0438 \u0442\u0443\u0440\u0438\u0437\u0430\u043c\",\"description\":\"\u041f\u043e\u043a\u0440\u0430\u0458\u0438\u043d\u0441\u043a\u0438 \u0441\u0435\u043a\u0440\u0435\u0442\u0430\u0440\u0438\u0458\u0430\u0442 \u0437\u0430 \u043f\u0440\u0438\u0432\u0440\u0435\u0434\u0443 \u0438 \u0442\u0443\u0440\u0438\u0437\u0430\u043c\",\"potentialAction\":[{\"@type\":\"SearchAction\",\"target\":{\"@type\":\"EntryPoint\",\"urlTemplate\":\"https:\\\/\\\/spriv.vojvodina.gov.rs\\\/?s={search_term_string}\"},\"query-input\":{\"@type\":\"PropertyValueSpecification\",\"valueRequired\":true,\"valueName\":\"search_term_string\"}}],\"inLanguage\":\"sr-RS\"},{\"@type\":\"Person\",\"@id\":\"https:\\\/\\\/spriv.vojvodina.gov.rs\\\/#\\\/schema\\\/person\\\/749ef4f57fbb458f1c759e7a4fa78485\",\"name\":\"Sonja Babi\u0107\",\"image\":{\"@type\":\"ImageObject\",\"inLanguage\":\"sr-RS\",\"@id\":\"https:\\\/\\\/secure.gravatar.com\\\/avatar\\\/00a1d182a20a59067af1e7b1c31cbcc3be1a456ee4b27746580e120c2582e5bd?s=96&d=mm&r=g\",\"url\":\"https:\\\/\\\/secure.gravatar.com\\\/avatar\\\/00a1d182a20a59067af1e7b1c31cbcc3be1a456ee4b27746580e120c2582e5bd?s=96&d=mm&r=g\",\"contentUrl\":\"https:\\\/\\\/secure.gravatar.com\\\/avatar\\\/00a1d182a20a59067af1e7b1c31cbcc3be1a456ee4b27746580e120c2582e5bd?s=96&d=mm&r=g\",\"caption\":\"Sonja Babi\u0107\"},\"url\":\"https:\\\/\\\/spriv.vojvodina.gov.rs\\\/rs\\\/author\\\/sonja-babic\\\/\"}]}<\/script>\n<!-- \/ Yoast SEO plugin. -->","yoast_head_json":{"title":"Miroslav Vasin o ja\u010danju veza studentskih organizacija i Pokrajinske vlade na studentskoj konferenciji na Andrevlju - \u041f\u043e\u043a\u0440\u0430\u0458\u0438\u043d\u0441\u043a\u0438 \u0441\u0435\u043a\u0440\u0435\u0442\u0430\u0440\u0438\u0458\u0430\u0442 \u0437\u0430 \u043f\u0440\u0438\u0432\u0440\u0435\u0434\u0443 \u0438 \u0442\u0443\u0440\u0438\u0437\u0430\u043c","robots":{"index":"index","follow":"follow","max-snippet":"max-snippet:-1","max-image-preview":"max-image-preview:large","max-video-preview":"max-video-preview:-1"},"canonical":"https:\/\/spriv.vojvodina.gov.rs\/rs\/miroslav-vasin-o-jacanju-veza-studentskih-organizacija-i-pokrajinske-vlade-na-studentskoj-konferenciji-na-andrevlju\/","og_locale":"sr_RS","og_type":"article","og_title":"Miroslav Vasin o ja\u010danju veza studentskih organizacija i Pokrajinske vlade na studentskoj konferenciji na Andrevlju - \u041f\u043e\u043a\u0440\u0430\u0458\u0438\u043d\u0441\u043a\u0438 \u0441\u0435\u043a\u0440\u0435\u0442\u0430\u0440\u0438\u0458\u0430\u0442 \u0437\u0430 \u043f\u0440\u0438\u0432\u0440\u0435\u0434\u0443 \u0438 \u0442\u0443\u0440\u0438\u0437\u0430\u043c","og_description":"Novi Sad, 12. mart 2016. - Sve\u010dana sala ,,Atrijum\u201c Centra za privredno-tehnolo\u0161ki razvoj CEPTOR na Andrevlju, ovog vikenda okuplja sve relevantne studentske organizacije, udru\u017eenja i studentska glasila, kako bi u\u010destvovali na konferenciji pod nazivom ,,Podizanje kapaciteta studentskih udru\u017eenja i studentskih glasila na nivou UNS i APV\u201c. Organizatori tribine - Studentska unija Srbije, Unija studentskih organizacija Univerziteta u Novom Sadu, Savezom studenata UNS, u saradnji sa Udru\u017eenjem doktoranata, isti\u010du da je cilj konferencije, koja je samo jedan u nizu skupova studenata Univerziteta u Novom Sadu, prevashodno podizanje kapaciteta sindikalnih i strukovnih studentskih organizacija i studentskih glasila, zarad postizanja samoodr\u017eivog i funkcionalnog studentskog aktivizma na nivou Univerziteta i AP Vojvodine. Institucionalnu podr\u0161ku stidentskim organizacijama svesrdno je pru\u017eila Pokrajinska vlada.","og_url":"https:\/\/spriv.vojvodina.gov.rs\/rs\/miroslav-vasin-o-jacanju-veza-studentskih-organizacija-i-pokrajinske-vlade-na-studentskoj-konferenciji-na-andrevlju\/","og_site_name":"\u041f\u043e\u043a\u0440\u0430\u0458\u0438\u043d\u0441\u043a\u0438 \u0441\u0435\u043a\u0440\u0435\u0442\u0430\u0440\u0438\u0458\u0430\u0442 \u0437\u0430 \u043f\u0440\u0438\u0432\u0440\u0435\u0434\u0443 \u0438 \u0442\u0443\u0440\u0438\u0437\u0430\u043c","article_published_time":"2016-03-12T09:21:32+00:00","og_image":[{"width":120,"height":80,"url":"https:\/\/spriv.vojvodina.gov.rs\/wp-content\/uploads\/2016\/03\/DSCF1477_mala.JPG","type":"image\/jpeg"}],"author":"Sonja Babi\u0107","twitter_card":"summary_large_image","twitter_misc":{"\u041d\u0430\u043f\u0438\u0441\u0430\u043d\u043e \u043e\u0434":"Sonja Babi\u0107","\u041f\u0440\u043e\u0446\u0435\u045a\u0435\u043d\u043e \u0432\u0440\u0435\u043c\u0435 \u0447\u0438\u0442\u0430\u045a\u0430":"3 \u043c\u0438\u043d\u0443\u0442\u0430"},"schema":{"@context":"https:\/\/schema.org","@graph":[{"@type":"Article","@id":"https:\/\/spriv.vojvodina.gov.rs\/rs\/miroslav-vasin-o-jacanju-veza-studentskih-organizacija-i-pokrajinske-vlade-na-studentskoj-konferenciji-na-andrevlju\/#article","isPartOf":{"@id":"https:\/\/spriv.vojvodina.gov.rs\/rs\/miroslav-vasin-o-jacanju-veza-studentskih-organizacija-i-pokrajinske-vlade-na-studentskoj-konferenciji-na-andrevlju\/"},"author":{"name":"Sonja Babi\u0107","@id":"https:\/\/spriv.vojvodina.gov.rs\/#\/schema\/person\/749ef4f57fbb458f1c759e7a4fa78485"},"headline":"Miroslav Vasin o ja\u010danju veza studentskih organizacija i Pokrajinske vlade na studentskoj konferenciji na Andrevlju","datePublished":"2016-03-12T09:21:32+00:00","mainEntityOfPage":{"@id":"https:\/\/spriv.vojvodina.gov.rs\/rs\/miroslav-vasin-o-jacanju-veza-studentskih-organizacija-i-pokrajinske-vlade-na-studentskoj-konferenciji-na-andrevlju\/"},"wordCount":637,"image":{"@id":"https:\/\/spriv.vojvodina.gov.rs\/rs\/miroslav-vasin-o-jacanju-veza-studentskih-organizacija-i-pokrajinske-vlade-na-studentskoj-konferenciji-na-andrevlju\/#primaryimage"},"thumbnailUrl":"https:\/\/spriv.vojvodina.gov.rs\/wp-content\/uploads\/2016\/03\/DSCF1477_mala.JPG","articleSection":["Vesti Latinica"],"inLanguage":"sr-RS"},{"@type":"WebPage","@id":"https:\/\/spriv.vojvodina.gov.rs\/rs\/miroslav-vasin-o-jacanju-veza-studentskih-organizacija-i-pokrajinske-vlade-na-studentskoj-konferenciji-na-andrevlju\/","url":"https:\/\/spriv.vojvodina.gov.rs\/rs\/miroslav-vasin-o-jacanju-veza-studentskih-organizacija-i-pokrajinske-vlade-na-studentskoj-konferenciji-na-andrevlju\/","name":"Miroslav Vasin o ja\u010danju veza studentskih organizacija i Pokrajinske vlade na studentskoj konferenciji na Andrevlju - \u041f\u043e\u043a\u0440\u0430\u0458\u0438\u043d\u0441\u043a\u0438 \u0441\u0435\u043a\u0440\u0435\u0442\u0430\u0440\u0438\u0458\u0430\u0442 \u0437\u0430 \u043f\u0440\u0438\u0432\u0440\u0435\u0434\u0443 \u0438 \u0442\u0443\u0440\u0438\u0437\u0430\u043c","isPartOf":{"@id":"https:\/\/spriv.vojvodina.gov.rs\/#website"},"primaryImageOfPage":{"@id":"https:\/\/spriv.vojvodina.gov.rs\/rs\/miroslav-vasin-o-jacanju-veza-studentskih-organizacija-i-pokrajinske-vlade-na-studentskoj-konferenciji-na-andrevlju\/#primaryimage"},"image":{"@id":"https:\/\/spriv.vojvodina.gov.rs\/rs\/miroslav-vasin-o-jacanju-veza-studentskih-organizacija-i-pokrajinske-vlade-na-studentskoj-konferenciji-na-andrevlju\/#primaryimage"},"thumbnailUrl":"https:\/\/spriv.vojvodina.gov.rs\/wp-content\/uploads\/2016\/03\/DSCF1477_mala.JPG","datePublished":"2016-03-12T09:21:32+00:00","author":{"@id":"https:\/\/spriv.vojvodina.gov.rs\/#\/schema\/person\/749ef4f57fbb458f1c759e7a4fa78485"},"breadcrumb":{"@id":"https:\/\/spriv.vojvodina.gov.rs\/rs\/miroslav-vasin-o-jacanju-veza-studentskih-organizacija-i-pokrajinske-vlade-na-studentskoj-konferenciji-na-andrevlju\/#breadcrumb"},"inLanguage":"sr-RS","potentialAction":[{"@type":"ReadAction","target":["https:\/\/spriv.vojvodina.gov.rs\/rs\/miroslav-vasin-o-jacanju-veza-studentskih-organizacija-i-pokrajinske-vlade-na-studentskoj-konferenciji-na-andrevlju\/"]}]},{"@type":"ImageObject","inLanguage":"sr-RS","@id":"https:\/\/spriv.vojvodina.gov.rs\/rs\/miroslav-vasin-o-jacanju-veza-studentskih-organizacija-i-pokrajinske-vlade-na-studentskoj-konferenciji-na-andrevlju\/#primaryimage","url":"https:\/\/spriv.vojvodina.gov.rs\/wp-content\/uploads\/2016\/03\/DSCF1477_mala.JPG","contentUrl":"https:\/\/spriv.vojvodina.gov.rs\/wp-content\/uploads\/2016\/03\/DSCF1477_mala.JPG","width":120,"height":80},{"@type":"BreadcrumbList","@id":"https:\/\/spriv.vojvodina.gov.rs\/rs\/miroslav-vasin-o-jacanju-veza-studentskih-organizacija-i-pokrajinske-vlade-na-studentskoj-konferenciji-na-andrevlju\/#breadcrumb","itemListElement":[{"@type":"ListItem","position":1,"name":"Home","item":"https:\/\/spriv.vojvodina.gov.rs\/"},{"@type":"ListItem","position":2,"name":"Miroslav Vasin o ja\u010danju veza studentskih organizacija i Pokrajinske vlade na studentskoj konferenciji na Andrevlju"}]},{"@type":"WebSite","@id":"https:\/\/spriv.vojvodina.gov.rs\/#website","url":"https:\/\/spriv.vojvodina.gov.rs\/","name":"\u041f\u043e\u043a\u0440\u0430\u0458\u0438\u043d\u0441\u043a\u0438 \u0441\u0435\u043a\u0440\u0435\u0442\u0430\u0440\u0438\u0458\u0430\u0442 \u0437\u0430 \u043f\u0440\u0438\u0432\u0440\u0435\u0434\u0443 \u0438 \u0442\u0443\u0440\u0438\u0437\u0430\u043c","description":"\u041f\u043e\u043a\u0440\u0430\u0458\u0438\u043d\u0441\u043a\u0438 \u0441\u0435\u043a\u0440\u0435\u0442\u0430\u0440\u0438\u0458\u0430\u0442 \u0437\u0430 \u043f\u0440\u0438\u0432\u0440\u0435\u0434\u0443 \u0438 \u0442\u0443\u0440\u0438\u0437\u0430\u043c","potentialAction":[{"@type":"SearchAction","target":{"@type":"EntryPoint","urlTemplate":"https:\/\/spriv.vojvodina.gov.rs\/?s={search_term_string}"},"query-input":{"@type":"PropertyValueSpecification","valueRequired":true,"valueName":"search_term_string"}}],"inLanguage":"sr-RS"},{"@type":"Person","@id":"https:\/\/spriv.vojvodina.gov.rs\/#\/schema\/person\/749ef4f57fbb458f1c759e7a4fa78485","name":"Sonja Babi\u0107","image":{"@type":"ImageObject","inLanguage":"sr-RS","@id":"https:\/\/secure.gravatar.com\/avatar\/00a1d182a20a59067af1e7b1c31cbcc3be1a456ee4b27746580e120c2582e5bd?s=96&d=mm&r=g","url":"https:\/\/secure.gravatar.com\/avatar\/00a1d182a20a59067af1e7b1c31cbcc3be1a456ee4b27746580e120c2582e5bd?s=96&d=mm&r=g","contentUrl":"https:\/\/secure.gravatar.com\/avatar\/00a1d182a20a59067af1e7b1c31cbcc3be1a456ee4b27746580e120c2582e5bd?s=96&d=mm&r=g","caption":"Sonja Babi\u0107"},"url":"https:\/\/spriv.vojvodina.gov.rs\/rs\/author\/sonja-babic\/"}]}},"_links":{"self":[{"href":"https:\/\/spriv.vojvodina.gov.rs\/rs\/wp-json\/wp\/v2\/posts\/1417","targetHints":{"allow":["GET"]}}],"collection":[{"href":"https:\/\/spriv.vojvodina.gov.rs\/rs\/wp-json\/wp\/v2\/posts"}],"about":[{"href":"https:\/\/spriv.vojvodina.gov.rs\/rs\/wp-json\/wp\/v2\/types\/post"}],"author":[{"embeddable":true,"href":"https:\/\/spriv.vojvodina.gov.rs\/rs\/wp-json\/wp\/v2\/users\/3"}],"replies":[{"embeddable":true,"href":"https:\/\/spriv.vojvodina.gov.rs\/rs\/wp-json\/wp\/v2\/comments?post=1417"}],"version-history":[{"count":0,"href":"https:\/\/spriv.vojvodina.gov.rs\/rs\/wp-json\/wp\/v2\/posts\/1417\/revisions"}],"wp:featuredmedia":[{"embeddable":true,"href":"https:\/\/spriv.vojvodina.gov.rs\/rs\/wp-json\/wp\/v2\/media\/1408"}],"wp:attachment":[{"href":"https:\/\/spriv.vojvodina.gov.rs\/rs\/wp-json\/wp\/v2\/media?parent=1417"}],"wp:term":[{"taxonomy":"category","embeddable":true,"href":"https:\/\/spriv.vojvodina.gov.rs\/rs\/wp-json\/wp\/v2\/categories?post=1417"},{"taxonomy":"post_tag","embeddable":true,"href":"https:\/\/spriv.vojvodina.gov.rs\/rs\/wp-json\/wp\/v2\/tags?post=1417"}],"curies":[{"name":"wp","href":"https:\/\/api.w.org\/{rel}","templated":true}]}}