{"id":1320,"date":"2016-02-03T13:41:57","date_gmt":"2016-02-03T13:41:57","guid":{"rendered":"http:\/\/spriv.vojvodina.gov.rs\/2016\/02\/03\/saradnja-pokrajinske-vlade-i-opstina-kovin-i-odzaci-na-unapredenju-polozaja-roma\/"},"modified":"2016-02-03T13:41:57","modified_gmt":"2016-02-03T13:41:57","slug":"saradnja-pokrajinske-vlade-i-opstina-kovin-i-odzaci-na-unapredenju-polozaja-roma","status":"publish","type":"post","link":"https:\/\/spriv.vojvodina.gov.rs\/rs\/saradnja-pokrajinske-vlade-i-opstina-kovin-i-odzaci-na-unapredenju-polozaja-roma\/","title":{"rendered":"Saradnja Pokrajinske vlade i op\u0161tina Kovin i Od\u017eaci na unapre\u0111enju polo\u017eaja Roma"},"content":{"rendered":"<p style=\"text-align: justify;\">Predstavnici op\u0161tina Kovin i Od\u017eaci, potpisali su ugovore sa Pokrajinskim sekretarijatom za privredu, zapo\u0161ljavanje i ravnopravnost polova za unapre\u0111enje polo\u017eaja Roma u oblasti stanovanja. Sve\u010danom potpisivanju su prisustvovali pomo\u0107nica pokrajinskog sekretara za privredu, zapo\u0161ljavanje i ravnopravnost polova, za oblast unapre\u0111enja polo\u017eaja Roma, Slavica Deni\u0107, koja je uru\u010dila ugovore, i direktor Kancelarije za inkluziju Roma AP Vojvodine Du\u0161ko Jovanovi\u0107.<\/p>\n<p style=\"text-align: justify;\"><img loading=\"lazy\" decoding=\"async\" class=\" size-full wp-image-1315\" src=\"http:\/\/spriv.vojvodina.gov.rs\/wp-content\/uploads\/2016\/02\/03022016_Privreda_ugovori_romi3.jpg\" border=\"0\" alt=\"\" style=\"display: block; margin-left: auto; margin-right: auto;\" width=\"580\" height=\"387\" srcset=\"https:\/\/spriv.vojvodina.gov.rs\/wp-content\/uploads\/2016\/02\/03022016_Privreda_ugovori_romi3.jpg 580w, https:\/\/spriv.vojvodina.gov.rs\/wp-content\/uploads\/2016\/02\/03022016_Privreda_ugovori_romi3-300x200.jpg 300w\" sizes=\"auto, (max-width: 580px) 100vw, 580px\" \/><br \/>Pokrajinski sekretarijat za privredu, zapo\u0161ljavanje i ravnopravnost polova, raspisao je pro\u0161le godine konkurs za dodelu bespovratnih sredstava gradovima i op\u0161tinama sa teritorije AP Vojvodine za sufinansiranje realizacije lokalnih akcionih planova za unapre\u0111enje polo\u017eaja Roma u oblasti stanovanja. Za tu namenu Sekretarijat je izdvojio ukupno 3 miliona dinara, dok su lokalne samouprave bile u obavezi da u\u010destvuju sa 50 odsto sopstvenih sredstva.<\/p>\n<p style=\"text-align: justify;\"><img loading=\"lazy\" decoding=\"async\" class=\" size-full wp-image-1316\" src=\"http:\/\/spriv.vojvodina.gov.rs\/wp-content\/uploads\/2016\/02\/03022016_Privreda_ugovori_romi4.jpg\" border=\"0\" alt=\"\" style=\"display: block; margin-left: auto; margin-right: auto;\" width=\"580\" height=\"387\" srcset=\"https:\/\/spriv.vojvodina.gov.rs\/wp-content\/uploads\/2016\/02\/03022016_Privreda_ugovori_romi4.jpg 580w, https:\/\/spriv.vojvodina.gov.rs\/wp-content\/uploads\/2016\/02\/03022016_Privreda_ugovori_romi4-300x200.jpg 300w\" sizes=\"auto, (max-width: 580px) 100vw, 580px\" \/><br \/>Na konkursu je op\u0161tina Od\u017eaci dobila milion dinara, op\u0161tina Kovin 600.000 dinara, dok je op\u0161tini In\u0111ija dobila bespovratno 1,4 miliona dinara.<\/p>\n<p>Ciljevi finansiranja su se zasnivali na primeni Strategije za unapre\u0111enje polo\u017eaja Roma i Romkinja na teritoriji AP Vojvodine, radi integracije u dru\u0161tvene tokove, a \u0161to bi, uz realizaciju lokalnih akcionih planova, znatno pobolj\u0161alo uslove stanovanja ove nacionalne zajednice.<\/p>\n<p>Pomo\u0107nica pokrajinskog sekretara Slavica Deni\u0107 je istakla da je od velike va\u017enosti \u010dinjenica da su lokalne samouprave uzele u\u010de\u0161\u0107e u aktivnostima i sprovo\u0111enju programa Sekretarijata, usmerenih na unapre\u0111enje polo\u017eaja Roma, \u010dime potvr\u0111uju svoju dru\u0161tveno odgovornu ulogu prema gra\u0111anima. Pored toga, zna\u010dajno je u\u010de\u0161\u0107e i romskog nevladinog sektora, koji sprovo\u0111enjem sopstvenih projekata znatno unapre\u0111uje polo\u017eaj pripadnika romske zajednice.<\/p>\n<p style=\"text-align: justify;\"><img loading=\"lazy\" decoding=\"async\" class=\" size-full wp-image-1317\" src=\"http:\/\/spriv.vojvodina.gov.rs\/wp-content\/uploads\/2016\/02\/03022016_Privreda_ugovori_romi2.jpg\" border=\"0\" alt=\"\" style=\"display: block; margin-left: auto; margin-right: auto;\" width=\"580\" height=\"387\" srcset=\"https:\/\/spriv.vojvodina.gov.rs\/wp-content\/uploads\/2016\/02\/03022016_Privreda_ugovori_romi2.jpg 580w, https:\/\/spriv.vojvodina.gov.rs\/wp-content\/uploads\/2016\/02\/03022016_Privreda_ugovori_romi2-300x200.jpg 300w\" sizes=\"auto, (max-width: 580px) 100vw, 580px\" \/><br \/>,,Na konkursu Sekretarijata \u010diji je osnovni cilj unapre\u0111enje polo\u017eaja Roma u oblasti stanovanja, sve op\u0161tine u\u010destvuju sa 50 odsto sopstvenih sredstava, ta\u010dnije oko 6 miliona dinara \u0107e u op\u0161tinama In\u0111ija, Kovin i Od\u017eaci biti upotrebljeno upravo za pobolj\u0161anje uslova stanovanja u romskim naseljima. Ostvarena je dobra saradnja Sekretarijata i op\u0161tina po pitanju sprovo\u0111enja i realizacije konkursa namenjenih unapre\u0111enju polo\u017eaja Roma. Uspe\u0161no su realizovani konkursi za kupovinu ud\u017ebenika za romsku decu uzrasta 5. do 8. razreda, kao i konkursi namenjeni izradi lokalnih akcionih planova. Konkurs za finansiranje rada koordinatora za Romska pitanja je polovi\u010dno realizovan, jer je na snazi bila zabrana zapo\u0161ljavanja\u201c, rekla je Deni\u0107.<\/p>\n<p style=\"text-align: center;\"><img loading=\"lazy\" decoding=\"async\" class=\" size-full wp-image-1318\" src=\"http:\/\/spriv.vojvodina.gov.rs\/wp-content\/uploads\/2016\/02\/03022016_Privreda_ugovori_romi1.jpg\" border=\"0\" alt=\"\" width=\"580\" height=\"387\" srcset=\"https:\/\/spriv.vojvodina.gov.rs\/wp-content\/uploads\/2016\/02\/03022016_Privreda_ugovori_romi1.jpg 580w, https:\/\/spriv.vojvodina.gov.rs\/wp-content\/uploads\/2016\/02\/03022016_Privreda_ugovori_romi1-300x200.jpg 300w\" sizes=\"auto, (max-width: 580px) 100vw, 580px\" \/><\/p>\n","protected":false},"excerpt":{"rendered":"Novi Sad, 3. februar 2016. &#8211; Predstavnici op\u0161tina Kovin i Od\u017eaci, potpisali su ugovore sa Pokrajinskim sekretarijatom za privredu, zapo\u0161ljavanje i ravnopravnost polova za unapre\u0111enje polo\u017eaja Roma u oblasti stanovanja. Sve\u010danom potpisivanju su prisustvovali pomo\u0107nica pokrajinskog sekretara za privredu, zapo\u0161ljavanje i ravnopravnost polova, za oblast unapre\u0111enja polo\u017eaja Roma, Slavica Deni\u0107, koja je uru\u010dila ugovore, i direktor Kancelarije za inkluziju Roma AP Vojvodine Du\u0161ko Jovanovi\u0107.\n<a class=\"moretag\" href=\"https:\/\/spriv.vojvodina.gov.rs\/rs\/saradnja-pokrajinske-vlade-i-opstina-kovin-i-odzaci-na-unapredenju-polozaja-roma\/\"> [...]<\/a>","protected":false},"author":3,"featured_media":1314,"comment_status":"closed","ping_status":"closed","sticky":false,"template":"","format":"standard","meta":{"footnotes":""},"categories":[31],"tags":[],"class_list":["post-1320","post","type-post","status-publish","format-standard","has-post-thumbnail","hentry","category-vesti-latinica1"],"yoast_head":"<!-- This site is optimized with the Yoast SEO plugin v27.4 - https:\/\/yoast.com\/product\/yoast-seo-wordpress\/ -->\n<title>Saradnja Pokrajinske vlade i op\u0161tina Kovin i Od\u017eaci na unapre\u0111enju polo\u017eaja Roma - \u041f\u043e\u043a\u0440\u0430\u0458\u0438\u043d\u0441\u043a\u0438 \u0441\u0435\u043a\u0440\u0435\u0442\u0430\u0440\u0438\u0458\u0430\u0442 \u0437\u0430 \u043f\u0440\u0438\u0432\u0440\u0435\u0434\u0443 \u0438 \u0442\u0443\u0440\u0438\u0437\u0430\u043c<\/title>\n<meta name=\"robots\" content=\"index, follow, max-snippet:-1, max-image-preview:large, max-video-preview:-1\" \/>\n<link rel=\"canonical\" href=\"https:\/\/spriv.vojvodina.gov.rs\/rs\/saradnja-pokrajinske-vlade-i-opstina-kovin-i-odzaci-na-unapredenju-polozaja-roma\/\" \/>\n<meta property=\"og:locale\" content=\"sr_RS\" \/>\n<meta property=\"og:type\" content=\"article\" \/>\n<meta property=\"og:title\" content=\"Saradnja Pokrajinske vlade i op\u0161tina Kovin i Od\u017eaci na unapre\u0111enju polo\u017eaja Roma - \u041f\u043e\u043a\u0440\u0430\u0458\u0438\u043d\u0441\u043a\u0438 \u0441\u0435\u043a\u0440\u0435\u0442\u0430\u0440\u0438\u0458\u0430\u0442 \u0437\u0430 \u043f\u0440\u0438\u0432\u0440\u0435\u0434\u0443 \u0438 \u0442\u0443\u0440\u0438\u0437\u0430\u043c\" \/>\n<meta property=\"og:description\" content=\"Novi Sad, 3. februar 2016. - Predstavnici op\u0161tina Kovin i Od\u017eaci, potpisali su ugovore sa Pokrajinskim sekretarijatom za privredu, zapo\u0161ljavanje i ravnopravnost polova za unapre\u0111enje polo\u017eaja Roma u oblasti stanovanja. Sve\u010danom potpisivanju su prisustvovali pomo\u0107nica pokrajinskog sekretara za privredu, zapo\u0161ljavanje i ravnopravnost polova, za oblast unapre\u0111enja polo\u017eaja Roma, Slavica Deni\u0107, koja je uru\u010dila ugovore, i direktor Kancelarije za inkluziju Roma AP Vojvodine Du\u0161ko Jovanovi\u0107.\" \/>\n<meta property=\"og:url\" content=\"https:\/\/spriv.vojvodina.gov.rs\/saradnja-pokrajinske-vlade-i-opstina-kovin-i-odzaci-na-unapredenju-polozaja-roma\/\" \/>\n<meta property=\"og:site_name\" content=\"\u041f\u043e\u043a\u0440\u0430\u0458\u0438\u043d\u0441\u043a\u0438 \u0441\u0435\u043a\u0440\u0435\u0442\u0430\u0440\u0438\u0458\u0430\u0442 \u0437\u0430 \u043f\u0440\u0438\u0432\u0440\u0435\u0434\u0443 \u0438 \u0442\u0443\u0440\u0438\u0437\u0430\u043c\" \/>\n<meta property=\"article:published_time\" content=\"2016-02-03T13:41:57+00:00\" \/>\n<meta property=\"og:image\" content=\"https:\/\/spriv.vojvodina.gov.rs\/wp-content\/uploads\/2016\/02\/03022016_Privreda_ugovori_romi_mala.jpg\" \/>\n\t<meta property=\"og:image:width\" content=\"120\" \/>\n\t<meta property=\"og:image:height\" content=\"80\" \/>\n\t<meta property=\"og:image:type\" content=\"image\/jpeg\" \/>\n<meta name=\"author\" content=\"Sonja Babi\u0107\" \/>\n<meta name=\"twitter:card\" content=\"summary_large_image\" \/>\n<meta name=\"twitter:label1\" content=\"\u041d\u0430\u043f\u0438\u0441\u0430\u043d\u043e \u043e\u0434\" \/>\n\t<meta name=\"twitter:data1\" content=\"Sonja Babi\u0107\" \/>\n\t<meta name=\"twitter:label2\" content=\"\u041f\u0440\u043e\u0446\u0435\u045a\u0435\u043d\u043e \u0432\u0440\u0435\u043c\u0435 \u0447\u0438\u0442\u0430\u045a\u0430\" \/>\n\t<meta name=\"twitter:data2\" content=\"2 \u043c\u0438\u043d\u0443\u0442\u0430\" \/>\n<script type=\"application\/ld+json\" class=\"yoast-schema-graph\">{\"@context\":\"https:\\\/\\\/schema.org\",\"@graph\":[{\"@type\":\"Article\",\"@id\":\"https:\\\/\\\/spriv.vojvodina.gov.rs\\\/saradnja-pokrajinske-vlade-i-opstina-kovin-i-odzaci-na-unapredenju-polozaja-roma\\\/#article\",\"isPartOf\":{\"@id\":\"https:\\\/\\\/spriv.vojvodina.gov.rs\\\/saradnja-pokrajinske-vlade-i-opstina-kovin-i-odzaci-na-unapredenju-polozaja-roma\\\/\"},\"author\":{\"name\":\"Sonja Babi\u0107\",\"@id\":\"https:\\\/\\\/spriv.vojvodina.gov.rs\\\/#\\\/schema\\\/person\\\/749ef4f57fbb458f1c759e7a4fa78485\"},\"headline\":\"Saradnja Pokrajinske vlade i op\u0161tina Kovin i Od\u017eaci na unapre\u0111enju polo\u017eaja Roma\",\"datePublished\":\"2016-02-03T13:41:57+00:00\",\"mainEntityOfPage\":{\"@id\":\"https:\\\/\\\/spriv.vojvodina.gov.rs\\\/saradnja-pokrajinske-vlade-i-opstina-kovin-i-odzaci-na-unapredenju-polozaja-roma\\\/\"},\"wordCount\":407,\"image\":{\"@id\":\"https:\\\/\\\/spriv.vojvodina.gov.rs\\\/saradnja-pokrajinske-vlade-i-opstina-kovin-i-odzaci-na-unapredenju-polozaja-roma\\\/#primaryimage\"},\"thumbnailUrl\":\"https:\\\/\\\/spriv.vojvodina.gov.rs\\\/wp-content\\\/uploads\\\/2016\\\/02\\\/03022016_Privreda_ugovori_romi_mala.jpg\",\"articleSection\":[\"Vesti Latinica\"],\"inLanguage\":\"sr-RS\"},{\"@type\":\"WebPage\",\"@id\":\"https:\\\/\\\/spriv.vojvodina.gov.rs\\\/saradnja-pokrajinske-vlade-i-opstina-kovin-i-odzaci-na-unapredenju-polozaja-roma\\\/\",\"url\":\"https:\\\/\\\/spriv.vojvodina.gov.rs\\\/saradnja-pokrajinske-vlade-i-opstina-kovin-i-odzaci-na-unapredenju-polozaja-roma\\\/\",\"name\":\"Saradnja Pokrajinske vlade i op\u0161tina Kovin i Od\u017eaci na unapre\u0111enju polo\u017eaja Roma - \u041f\u043e\u043a\u0440\u0430\u0458\u0438\u043d\u0441\u043a\u0438 \u0441\u0435\u043a\u0440\u0435\u0442\u0430\u0440\u0438\u0458\u0430\u0442 \u0437\u0430 \u043f\u0440\u0438\u0432\u0440\u0435\u0434\u0443 \u0438 \u0442\u0443\u0440\u0438\u0437\u0430\u043c\",\"isPartOf\":{\"@id\":\"https:\\\/\\\/spriv.vojvodina.gov.rs\\\/#website\"},\"primaryImageOfPage\":{\"@id\":\"https:\\\/\\\/spriv.vojvodina.gov.rs\\\/saradnja-pokrajinske-vlade-i-opstina-kovin-i-odzaci-na-unapredenju-polozaja-roma\\\/#primaryimage\"},\"image\":{\"@id\":\"https:\\\/\\\/spriv.vojvodina.gov.rs\\\/saradnja-pokrajinske-vlade-i-opstina-kovin-i-odzaci-na-unapredenju-polozaja-roma\\\/#primaryimage\"},\"thumbnailUrl\":\"https:\\\/\\\/spriv.vojvodina.gov.rs\\\/wp-content\\\/uploads\\\/2016\\\/02\\\/03022016_Privreda_ugovori_romi_mala.jpg\",\"datePublished\":\"2016-02-03T13:41:57+00:00\",\"author\":{\"@id\":\"https:\\\/\\\/spriv.vojvodina.gov.rs\\\/#\\\/schema\\\/person\\\/749ef4f57fbb458f1c759e7a4fa78485\"},\"breadcrumb\":{\"@id\":\"https:\\\/\\\/spriv.vojvodina.gov.rs\\\/saradnja-pokrajinske-vlade-i-opstina-kovin-i-odzaci-na-unapredenju-polozaja-roma\\\/#breadcrumb\"},\"inLanguage\":\"sr-RS\",\"potentialAction\":[{\"@type\":\"ReadAction\",\"target\":[\"https:\\\/\\\/spriv.vojvodina.gov.rs\\\/saradnja-pokrajinske-vlade-i-opstina-kovin-i-odzaci-na-unapredenju-polozaja-roma\\\/\"]}]},{\"@type\":\"ImageObject\",\"inLanguage\":\"sr-RS\",\"@id\":\"https:\\\/\\\/spriv.vojvodina.gov.rs\\\/saradnja-pokrajinske-vlade-i-opstina-kovin-i-odzaci-na-unapredenju-polozaja-roma\\\/#primaryimage\",\"url\":\"https:\\\/\\\/spriv.vojvodina.gov.rs\\\/wp-content\\\/uploads\\\/2016\\\/02\\\/03022016_Privreda_ugovori_romi_mala.jpg\",\"contentUrl\":\"https:\\\/\\\/spriv.vojvodina.gov.rs\\\/wp-content\\\/uploads\\\/2016\\\/02\\\/03022016_Privreda_ugovori_romi_mala.jpg\",\"width\":120,\"height\":80},{\"@type\":\"BreadcrumbList\",\"@id\":\"https:\\\/\\\/spriv.vojvodina.gov.rs\\\/saradnja-pokrajinske-vlade-i-opstina-kovin-i-odzaci-na-unapredenju-polozaja-roma\\\/#breadcrumb\",\"itemListElement\":[{\"@type\":\"ListItem\",\"position\":1,\"name\":\"Home\",\"item\":\"https:\\\/\\\/spriv.vojvodina.gov.rs\\\/\"},{\"@type\":\"ListItem\",\"position\":2,\"name\":\"Saradnja Pokrajinske vlade i op\u0161tina Kovin i Od\u017eaci na unapre\u0111enju polo\u017eaja Roma\"}]},{\"@type\":\"WebSite\",\"@id\":\"https:\\\/\\\/spriv.vojvodina.gov.rs\\\/#website\",\"url\":\"https:\\\/\\\/spriv.vojvodina.gov.rs\\\/\",\"name\":\"\u041f\u043e\u043a\u0440\u0430\u0458\u0438\u043d\u0441\u043a\u0438 \u0441\u0435\u043a\u0440\u0435\u0442\u0430\u0440\u0438\u0458\u0430\u0442 \u0437\u0430 \u043f\u0440\u0438\u0432\u0440\u0435\u0434\u0443 \u0438 \u0442\u0443\u0440\u0438\u0437\u0430\u043c\",\"description\":\"\u041f\u043e\u043a\u0440\u0430\u0458\u0438\u043d\u0441\u043a\u0438 \u0441\u0435\u043a\u0440\u0435\u0442\u0430\u0440\u0438\u0458\u0430\u0442 \u0437\u0430 \u043f\u0440\u0438\u0432\u0440\u0435\u0434\u0443 \u0438 \u0442\u0443\u0440\u0438\u0437\u0430\u043c\",\"potentialAction\":[{\"@type\":\"SearchAction\",\"target\":{\"@type\":\"EntryPoint\",\"urlTemplate\":\"https:\\\/\\\/spriv.vojvodina.gov.rs\\\/?s={search_term_string}\"},\"query-input\":{\"@type\":\"PropertyValueSpecification\",\"valueRequired\":true,\"valueName\":\"search_term_string\"}}],\"inLanguage\":\"sr-RS\"},{\"@type\":\"Person\",\"@id\":\"https:\\\/\\\/spriv.vojvodina.gov.rs\\\/#\\\/schema\\\/person\\\/749ef4f57fbb458f1c759e7a4fa78485\",\"name\":\"Sonja Babi\u0107\",\"image\":{\"@type\":\"ImageObject\",\"inLanguage\":\"sr-RS\",\"@id\":\"https:\\\/\\\/secure.gravatar.com\\\/avatar\\\/00a1d182a20a59067af1e7b1c31cbcc3be1a456ee4b27746580e120c2582e5bd?s=96&d=mm&r=g\",\"url\":\"https:\\\/\\\/secure.gravatar.com\\\/avatar\\\/00a1d182a20a59067af1e7b1c31cbcc3be1a456ee4b27746580e120c2582e5bd?s=96&d=mm&r=g\",\"contentUrl\":\"https:\\\/\\\/secure.gravatar.com\\\/avatar\\\/00a1d182a20a59067af1e7b1c31cbcc3be1a456ee4b27746580e120c2582e5bd?s=96&d=mm&r=g\",\"caption\":\"Sonja Babi\u0107\"},\"url\":\"https:\\\/\\\/spriv.vojvodina.gov.rs\\\/rs\\\/author\\\/sonja-babic\\\/\"}]}<\/script>\n<!-- \/ Yoast SEO plugin. -->","yoast_head_json":{"title":"Saradnja Pokrajinske vlade i op\u0161tina Kovin i Od\u017eaci na unapre\u0111enju polo\u017eaja Roma - \u041f\u043e\u043a\u0440\u0430\u0458\u0438\u043d\u0441\u043a\u0438 \u0441\u0435\u043a\u0440\u0435\u0442\u0430\u0440\u0438\u0458\u0430\u0442 \u0437\u0430 \u043f\u0440\u0438\u0432\u0440\u0435\u0434\u0443 \u0438 \u0442\u0443\u0440\u0438\u0437\u0430\u043c","robots":{"index":"index","follow":"follow","max-snippet":"max-snippet:-1","max-image-preview":"max-image-preview:large","max-video-preview":"max-video-preview:-1"},"canonical":"https:\/\/spriv.vojvodina.gov.rs\/rs\/saradnja-pokrajinske-vlade-i-opstina-kovin-i-odzaci-na-unapredenju-polozaja-roma\/","og_locale":"sr_RS","og_type":"article","og_title":"Saradnja Pokrajinske vlade i op\u0161tina Kovin i Od\u017eaci na unapre\u0111enju polo\u017eaja Roma - \u041f\u043e\u043a\u0440\u0430\u0458\u0438\u043d\u0441\u043a\u0438 \u0441\u0435\u043a\u0440\u0435\u0442\u0430\u0440\u0438\u0458\u0430\u0442 \u0437\u0430 \u043f\u0440\u0438\u0432\u0440\u0435\u0434\u0443 \u0438 \u0442\u0443\u0440\u0438\u0437\u0430\u043c","og_description":"Novi Sad, 3. februar 2016. - Predstavnici op\u0161tina Kovin i Od\u017eaci, potpisali su ugovore sa Pokrajinskim sekretarijatom za privredu, zapo\u0161ljavanje i ravnopravnost polova za unapre\u0111enje polo\u017eaja Roma u oblasti stanovanja. Sve\u010danom potpisivanju su prisustvovali pomo\u0107nica pokrajinskog sekretara za privredu, zapo\u0161ljavanje i ravnopravnost polova, za oblast unapre\u0111enja polo\u017eaja Roma, Slavica Deni\u0107, koja je uru\u010dila ugovore, i direktor Kancelarije za inkluziju Roma AP Vojvodine Du\u0161ko Jovanovi\u0107.","og_url":"https:\/\/spriv.vojvodina.gov.rs\/saradnja-pokrajinske-vlade-i-opstina-kovin-i-odzaci-na-unapredenju-polozaja-roma\/","og_site_name":"\u041f\u043e\u043a\u0440\u0430\u0458\u0438\u043d\u0441\u043a\u0438 \u0441\u0435\u043a\u0440\u0435\u0442\u0430\u0440\u0438\u0458\u0430\u0442 \u0437\u0430 \u043f\u0440\u0438\u0432\u0440\u0435\u0434\u0443 \u0438 \u0442\u0443\u0440\u0438\u0437\u0430\u043c","article_published_time":"2016-02-03T13:41:57+00:00","og_image":[{"width":120,"height":80,"url":"https:\/\/spriv.vojvodina.gov.rs\/wp-content\/uploads\/2016\/02\/03022016_Privreda_ugovori_romi_mala.jpg","type":"image\/jpeg"}],"author":"Sonja Babi\u0107","twitter_card":"summary_large_image","twitter_misc":{"\u041d\u0430\u043f\u0438\u0441\u0430\u043d\u043e \u043e\u0434":"Sonja Babi\u0107","\u041f\u0440\u043e\u0446\u0435\u045a\u0435\u043d\u043e \u0432\u0440\u0435\u043c\u0435 \u0447\u0438\u0442\u0430\u045a\u0430":"2 \u043c\u0438\u043d\u0443\u0442\u0430"},"schema":{"@context":"https:\/\/schema.org","@graph":[{"@type":"Article","@id":"https:\/\/spriv.vojvodina.gov.rs\/saradnja-pokrajinske-vlade-i-opstina-kovin-i-odzaci-na-unapredenju-polozaja-roma\/#article","isPartOf":{"@id":"https:\/\/spriv.vojvodina.gov.rs\/saradnja-pokrajinske-vlade-i-opstina-kovin-i-odzaci-na-unapredenju-polozaja-roma\/"},"author":{"name":"Sonja Babi\u0107","@id":"https:\/\/spriv.vojvodina.gov.rs\/#\/schema\/person\/749ef4f57fbb458f1c759e7a4fa78485"},"headline":"Saradnja Pokrajinske vlade i op\u0161tina Kovin i Od\u017eaci na unapre\u0111enju polo\u017eaja Roma","datePublished":"2016-02-03T13:41:57+00:00","mainEntityOfPage":{"@id":"https:\/\/spriv.vojvodina.gov.rs\/saradnja-pokrajinske-vlade-i-opstina-kovin-i-odzaci-na-unapredenju-polozaja-roma\/"},"wordCount":407,"image":{"@id":"https:\/\/spriv.vojvodina.gov.rs\/saradnja-pokrajinske-vlade-i-opstina-kovin-i-odzaci-na-unapredenju-polozaja-roma\/#primaryimage"},"thumbnailUrl":"https:\/\/spriv.vojvodina.gov.rs\/wp-content\/uploads\/2016\/02\/03022016_Privreda_ugovori_romi_mala.jpg","articleSection":["Vesti Latinica"],"inLanguage":"sr-RS"},{"@type":"WebPage","@id":"https:\/\/spriv.vojvodina.gov.rs\/saradnja-pokrajinske-vlade-i-opstina-kovin-i-odzaci-na-unapredenju-polozaja-roma\/","url":"https:\/\/spriv.vojvodina.gov.rs\/saradnja-pokrajinske-vlade-i-opstina-kovin-i-odzaci-na-unapredenju-polozaja-roma\/","name":"Saradnja Pokrajinske vlade i op\u0161tina Kovin i Od\u017eaci na unapre\u0111enju polo\u017eaja Roma - \u041f\u043e\u043a\u0440\u0430\u0458\u0438\u043d\u0441\u043a\u0438 \u0441\u0435\u043a\u0440\u0435\u0442\u0430\u0440\u0438\u0458\u0430\u0442 \u0437\u0430 \u043f\u0440\u0438\u0432\u0440\u0435\u0434\u0443 \u0438 \u0442\u0443\u0440\u0438\u0437\u0430\u043c","isPartOf":{"@id":"https:\/\/spriv.vojvodina.gov.rs\/#website"},"primaryImageOfPage":{"@id":"https:\/\/spriv.vojvodina.gov.rs\/saradnja-pokrajinske-vlade-i-opstina-kovin-i-odzaci-na-unapredenju-polozaja-roma\/#primaryimage"},"image":{"@id":"https:\/\/spriv.vojvodina.gov.rs\/saradnja-pokrajinske-vlade-i-opstina-kovin-i-odzaci-na-unapredenju-polozaja-roma\/#primaryimage"},"thumbnailUrl":"https:\/\/spriv.vojvodina.gov.rs\/wp-content\/uploads\/2016\/02\/03022016_Privreda_ugovori_romi_mala.jpg","datePublished":"2016-02-03T13:41:57+00:00","author":{"@id":"https:\/\/spriv.vojvodina.gov.rs\/#\/schema\/person\/749ef4f57fbb458f1c759e7a4fa78485"},"breadcrumb":{"@id":"https:\/\/spriv.vojvodina.gov.rs\/saradnja-pokrajinske-vlade-i-opstina-kovin-i-odzaci-na-unapredenju-polozaja-roma\/#breadcrumb"},"inLanguage":"sr-RS","potentialAction":[{"@type":"ReadAction","target":["https:\/\/spriv.vojvodina.gov.rs\/saradnja-pokrajinske-vlade-i-opstina-kovin-i-odzaci-na-unapredenju-polozaja-roma\/"]}]},{"@type":"ImageObject","inLanguage":"sr-RS","@id":"https:\/\/spriv.vojvodina.gov.rs\/saradnja-pokrajinske-vlade-i-opstina-kovin-i-odzaci-na-unapredenju-polozaja-roma\/#primaryimage","url":"https:\/\/spriv.vojvodina.gov.rs\/wp-content\/uploads\/2016\/02\/03022016_Privreda_ugovori_romi_mala.jpg","contentUrl":"https:\/\/spriv.vojvodina.gov.rs\/wp-content\/uploads\/2016\/02\/03022016_Privreda_ugovori_romi_mala.jpg","width":120,"height":80},{"@type":"BreadcrumbList","@id":"https:\/\/spriv.vojvodina.gov.rs\/saradnja-pokrajinske-vlade-i-opstina-kovin-i-odzaci-na-unapredenju-polozaja-roma\/#breadcrumb","itemListElement":[{"@type":"ListItem","position":1,"name":"Home","item":"https:\/\/spriv.vojvodina.gov.rs\/"},{"@type":"ListItem","position":2,"name":"Saradnja Pokrajinske vlade i op\u0161tina Kovin i Od\u017eaci na unapre\u0111enju polo\u017eaja Roma"}]},{"@type":"WebSite","@id":"https:\/\/spriv.vojvodina.gov.rs\/#website","url":"https:\/\/spriv.vojvodina.gov.rs\/","name":"\u041f\u043e\u043a\u0440\u0430\u0458\u0438\u043d\u0441\u043a\u0438 \u0441\u0435\u043a\u0440\u0435\u0442\u0430\u0440\u0438\u0458\u0430\u0442 \u0437\u0430 \u043f\u0440\u0438\u0432\u0440\u0435\u0434\u0443 \u0438 \u0442\u0443\u0440\u0438\u0437\u0430\u043c","description":"\u041f\u043e\u043a\u0440\u0430\u0458\u0438\u043d\u0441\u043a\u0438 \u0441\u0435\u043a\u0440\u0435\u0442\u0430\u0440\u0438\u0458\u0430\u0442 \u0437\u0430 \u043f\u0440\u0438\u0432\u0440\u0435\u0434\u0443 \u0438 \u0442\u0443\u0440\u0438\u0437\u0430\u043c","potentialAction":[{"@type":"SearchAction","target":{"@type":"EntryPoint","urlTemplate":"https:\/\/spriv.vojvodina.gov.rs\/?s={search_term_string}"},"query-input":{"@type":"PropertyValueSpecification","valueRequired":true,"valueName":"search_term_string"}}],"inLanguage":"sr-RS"},{"@type":"Person","@id":"https:\/\/spriv.vojvodina.gov.rs\/#\/schema\/person\/749ef4f57fbb458f1c759e7a4fa78485","name":"Sonja Babi\u0107","image":{"@type":"ImageObject","inLanguage":"sr-RS","@id":"https:\/\/secure.gravatar.com\/avatar\/00a1d182a20a59067af1e7b1c31cbcc3be1a456ee4b27746580e120c2582e5bd?s=96&d=mm&r=g","url":"https:\/\/secure.gravatar.com\/avatar\/00a1d182a20a59067af1e7b1c31cbcc3be1a456ee4b27746580e120c2582e5bd?s=96&d=mm&r=g","contentUrl":"https:\/\/secure.gravatar.com\/avatar\/00a1d182a20a59067af1e7b1c31cbcc3be1a456ee4b27746580e120c2582e5bd?s=96&d=mm&r=g","caption":"Sonja Babi\u0107"},"url":"https:\/\/spriv.vojvodina.gov.rs\/rs\/author\/sonja-babic\/"}]}},"_links":{"self":[{"href":"https:\/\/spriv.vojvodina.gov.rs\/rs\/wp-json\/wp\/v2\/posts\/1320","targetHints":{"allow":["GET"]}}],"collection":[{"href":"https:\/\/spriv.vojvodina.gov.rs\/rs\/wp-json\/wp\/v2\/posts"}],"about":[{"href":"https:\/\/spriv.vojvodina.gov.rs\/rs\/wp-json\/wp\/v2\/types\/post"}],"author":[{"embeddable":true,"href":"https:\/\/spriv.vojvodina.gov.rs\/rs\/wp-json\/wp\/v2\/users\/3"}],"replies":[{"embeddable":true,"href":"https:\/\/spriv.vojvodina.gov.rs\/rs\/wp-json\/wp\/v2\/comments?post=1320"}],"version-history":[{"count":0,"href":"https:\/\/spriv.vojvodina.gov.rs\/rs\/wp-json\/wp\/v2\/posts\/1320\/revisions"}],"wp:featuredmedia":[{"embeddable":true,"href":"https:\/\/spriv.vojvodina.gov.rs\/rs\/wp-json\/wp\/v2\/media\/1314"}],"wp:attachment":[{"href":"https:\/\/spriv.vojvodina.gov.rs\/rs\/wp-json\/wp\/v2\/media?parent=1320"}],"wp:term":[{"taxonomy":"category","embeddable":true,"href":"https:\/\/spriv.vojvodina.gov.rs\/rs\/wp-json\/wp\/v2\/categories?post=1320"},{"taxonomy":"post_tag","embeddable":true,"href":"https:\/\/spriv.vojvodina.gov.rs\/rs\/wp-json\/wp\/v2\/tags?post=1320"}],"curies":[{"name":"wp","href":"https:\/\/api.w.org\/{rel}","templated":true}]}}